{"id":258857,"date":"2024-11-06T18:28:17","date_gmt":"2024-11-06T16:28:17","guid":{"rendered":"https:\/\/www.monaco-tribune.com\/2024\/11\/la-principessa-charlene-nominata-presidente-della-federazione-monegasca-di-rugby\/"},"modified":"2024-11-06T18:28:24","modified_gmt":"2024-11-06T16:28:24","slug":"la-principessa-charlene-nominata-presidente-della-federazione-monegasca-di-rugby","status":"publish","type":"post","link":"https:\/\/www.monaco-tribune.com\/it\/2024\/11\/la-principessa-charlene-nominata-presidente-della-federazione-monegasca-di-rugby\/","title":{"rendered":"La Principessa Charl\u00e8ne nominata presidente della Federazione Monegasca di Rugby"},"content":{"rendered":"\n<p><strong>Con l&#8217;elezione della Principessa Charl\u00e8ne a Presidente della Federazione, il rugby monegasco entra in una nuova era. Una nomina che rientra in un percorso fatto di passione e di condivisione, in linea con il suo impegno per i giovani e per la promozione dei valori dello sport.<\/strong><\/p>\n\n<p>Marted\u00ec 29 ottobre, la Federazione Monegasca di Rugby ha eletto la Principessa Charl\u00e8ne presidente: un passo importante per l&#8217;ente sportivo e per il Principato. Questa elezione, considerata un decisivo passo avanti per il rugby monegasco, testimonia l&#8217;impegno costante della Principessa nei confronti dello sport in generale e del rugby in particolare.<\/p>\n\n<p>Da sempre appassionata di sport, la Principessa Charl\u00e8ne ha unito il suo amore per l&#8217;attivit\u00e0 a un profondo desiderio di promuovere quei valori che considera essenziali: disciplina, rispetto e inclusione. La sua nomina a capo della Federazione non \u00e8 quindi casuale, ma il frutto di un impegno costante a favore dei giovani e dell&#8217;educazione attraverso lo sport.<\/p>\n\n<h2 class=\"wp-block-heading\" id=\"h-un-parcours-deja-bien-marque-par-l-engagement\">Un percorso scandito dall&#8217;impegno<\/h2>\n\n<p>L&#8217;impegno della Principessa Charl\u00e8ne nello sport non \u00e8 una novit\u00e0. Nel 2012 ha fondato la Fondazione Principessa Charl\u00e8ne di Monaco, un&#8217;organizzazione benefica dedicata all&#8217;educazione attraverso lo sport. Uno dei suoi programmi di punta, \u201cSport ed educazione\u201d, mira a trasmettere alle nuove generazioni i benefici dell&#8217;attivit\u00e0 fisica, trasmettendo loro valori a livello umano e civico. Questo programma diffonde un messaggio di solidariet\u00e0 e rispetto reciproco e ha gi\u00e0 raggiunto migliaia di giovani in tutto il mondo.<\/p>\n\n<p>Nello stesso anno, la Principessa ha creato il <a href=\"https:\/\/www.monaco-tribune.com\/2024\/04\/les-images-du-12e-tournoi-sainte-devote-en-presence-du-couple-princier\/\">Torneo Sainte D\u00e9vote<\/a>, un torneo internazionale di rugby U12 che ogni anno accoglie a Monaco bambini provenienti da tutto il mondo. La competizione, che \u00e8 una vera e propria vetrina per il Principato, offre un&#8217;opportunit\u00e0 unica ai giovani rugbisti di ogni dove di incontrarsi, scambiare idee e coltivare la loro passione per il rugby in un contesto unico.<\/p>\n\n<p class=\"related\"><a href=\"https:\/\/www.monaco-tribune.com\/it\/2024\/09\/crossing-calvi-monaco-la-principessa-charlene-ha-accolto-le-squadre-dellevento-a-favore-della-sua-fondazione\/\">Crossing Calvi-Monaco: la Principessa Charl\u00e8ne ha accolto le squadre dell\u2019evento a favore della sua Fondazione<\/a><\/p>\n\n<h2 class=\"wp-block-heading\" id=\"h-une-impulsion-nouvelle-pour-le-rugby-monegasque\">Nuovo slancio per il rugby monegasco<\/h2>\n\n<p>Il coinvolgimento della Principessa Charl\u00e8ne nel rugby monegasco ha preso una nuova piega nel 2016, quando la moglie del Sovrano ha lanciato il programma \u201cRugby Exchange\u201d. Questo progetto ambizioso consente ai giovani giocatori di scoprire altre culture e di fare un&#8217;esperienza all&#8217;estero, rafforzando al contempo la pratica della disciplina. Il Rugby Exchange \u00e8 diventato uno strumento prezioso per promuovere il rugby su scala globale, incoraggiando la diversit\u00e0 e l&#8217;apertura verso il mondo.<\/p>\n\n<p>Ma non \u00e8 tutto: nel 2017, la Principessa Charl\u00e8ne ha preso una nuova direzione creando una squadra monegasca di rugby a 7, chiamata Impis. La squadra partecipa a prestigiose competizioni internazionali, come il <a href=\"https:\/\/www.monaco-tribune.com\/2023\/04\/rugby-a-7-les-impis-remportent-le-melrose-sevens-et-entrent-dans-lhistoire\/\">Melrose 7s<\/a> e l&#8217;<a href=\"https:\/\/www.monaco-tribune.com\/2023\/12\/les-impis-de-monaco-brillent-a-dubai-sous-les-yeux-du-prince-albert-ii\/\">Emirates Dubai 7s<\/a>, consolidando la presenza di Monaco sulla scena rugbistica mondiale.<\/p>\n\n<h2 class=\"wp-block-heading\" id=\"h-un-leadership-au-service-de-l-unite-et-de-l-avenir\">Una leadership al servizio dell&#8217;unit\u00e0 e del futuro<\/h2>\n\n<p>Con la sua presidenza della Federazione monegasca di rugby, la Principessa Charl\u00e8ne intende consolidare il rugby a Monaco e sostenere le iniziative locali, oltre che le squadre, gli allenatori e i volontari nei loro tentativi di far crescere questo sport nel Principato. Con la sua esperienza e le sue competenze, la Principessa Charl\u00e8ne si fa portavoce attivo del rugby monegasco, lavorando per il suo riconoscimento oltre i confini del Principato.<\/p>\n\n<p>Sotto la sua presidenza, la Federazione non solo sar\u00e0 in grado di strutturarsi ulteriormente, ma anche di raggiungere un pubblico pi\u00f9 ampio attraverso iniziative innovative ed eventi internazionali. L&#8217;obiettivo della Principessa \u00e8 chiaro: far brillare il rugby monegasco sulla scena mondiale, coltivando i valori di inclusione e rispetto che le sono tanto cari.<\/p>\n<div class=\"wp-block-image\">\n<figure class=\"aligncenter size-full\"><img loading=\"lazy\" decoding=\"async\" width=\"911\" height=\"607\" src=\"https:\/\/www.monaco-tribune.com\/wp-content\/uploads\/2024\/11\/la-princesse-charlene-nommee-a-la-tete-de-la-federation-monegasque-de-rugby2.jpg\" alt=\"\" class=\"wp-image-258618\" srcset=\"https:\/\/www.monaco-tribune.com\/wp-content\/uploads\/2024\/11\/la-princesse-charlene-nommee-a-la-tete-de-la-federation-monegasque-de-rugby2.jpg 911w, https:\/\/www.monaco-tribune.com\/wp-content\/uploads\/2024\/11\/la-princesse-charlene-nommee-a-la-tete-de-la-federation-monegasque-de-rugby2-450x300.jpg 450w\" sizes=\"auto, (max-width: 911px) 100vw, 911px\" \/><figcaption class=\"wp-element-caption\"><em>\u00a9 Eric Mathon \/ Palazzo del Principe<\/em><\/figcaption><\/figure>\n<\/div>\n<p class=\"related\"><a href=\"https:\/\/www.monaco-tribune.com\/it\/2024\/10\/la-principessa-charlene-offre-il-suo-prezioso-sostegno-al-rugby-monegasco\/\">La Principessa Charl\u00e8ne offre il suo prezioso sostegno al rugby monegasco<\/a><\/p>\n","protected":false},"excerpt":{"rendered":"<p>Con l&#8217;elezione della Principessa Charl\u00e8ne a Presidente della Federazione, il rugby monegasco entra in una nuova era. Una nomina che [&hellip;]<\/p>\n","protected":false},"author":77,"featured_media":258611,"comment_status":"closed","ping_status":"closed","sticky":false,"template":"","format":"standard","meta":{"_acf_changed":false,"footnotes":""},"categories":[1742,1826,1738],"tags":[2944],"post_sectags":[5190,5033],"post_format":[2486],"class_list":["post-258857","post","type-post","status-publish","format-standard","has-post-thumbnail","hentry","category-famiglia-principesca","category-la-nostra-scelta","category-notizie","tag-principessa-charlene","sectag-rugby-it","sectag-sport-it","format-servizio"],"acf":[],"yoast_head":"<!-- This site is optimized with the Yoast SEO Premium plugin v26.8 (Yoast SEO v27.5) - https:\/\/yoast.com\/product\/yoast-seo-premium-wordpress\/ -->\n<title>La Principessa Charl\u00e8ne nominata presidente della Federazione Monegasca di Rugby<\/title>\n<meta name=\"description\" content=\"Con l&#039;elezione della Principessa Charl\u00e8ne a Presidente della Federazione, il rugby monegasco entra in una nuova era. Una nomina che rientra in un percorso\" \/>\n<meta name=\"robots\" content=\"index, follow, max-snippet:-1, max-image-preview:large, max-video-preview:-1\" \/>\n<link rel=\"canonical\" href=\"https:\/\/www.monaco-tribune.com\/it\/2024\/11\/la-principessa-charlene-nominata-presidente-della-federazione-monegasca-di-rugby\/\" \/>\n<meta property=\"og:locale\" content=\"it_IT\" \/>\n<meta property=\"og:type\" content=\"article\" \/>\n<meta property=\"og:title\" content=\"La Principessa Charl\u00e8ne nominata presidente della Federazione Monegasca di Rugby - Monaco Tribune\" \/>\n<meta property=\"og:description\" content=\"Con l&#039;elezione della Principessa Charl\u00e8ne a Presidente della Federazione, il rugby monegasco entra in una nuova era. Una nomina che rientra in un percorso\" \/>\n<meta property=\"og:url\" content=\"https:\/\/www.monaco-tribune.com\/it\/2024\/11\/la-principessa-charlene-nominata-presidente-della-federazione-monegasca-di-rugby\/\" \/>\n<meta property=\"og:site_name\" content=\"Monaco Tribune\" \/>\n<meta property=\"article:publisher\" content=\"https:\/\/www.facebook.com\/MonacoTribune\" \/>\n<meta property=\"article:published_time\" content=\"2024-11-06T16:28:17+00:00\" \/>\n<meta property=\"article:modified_time\" content=\"2024-11-06T16:28:24+00:00\" \/>\n<meta property=\"og:image\" content=\"https:\/\/www.monaco-tribune.com\/wp-content\/uploads\/2024\/11\/la-princesse-charlene-nommee-a-la-tete-de-la-federation-monegasque-de-rugby-1.jpg\" \/>\n\t<meta property=\"og:image:width\" content=\"1092\" \/>\n\t<meta property=\"og:image:height\" content=\"655\" \/>\n\t<meta property=\"og:image:type\" content=\"image\/jpeg\" \/>\n<meta name=\"author\" content=\"Ana\u00efs Riu\" \/>\n<meta name=\"twitter:card\" content=\"summary_large_image\" \/>\n<meta name=\"twitter:creator\" content=\"@MonacoTribune\" \/>\n<meta name=\"twitter:site\" content=\"@MonacoTribune\" \/>\n<script type=\"application\/ld+json\" class=\"yoast-schema-graph\">{\"@context\":\"https:\\\/\\\/schema.org\",\"@graph\":[{\"@type\":\"NewsArticle\",\"@id\":\"https:\\\/\\\/www.monaco-tribune.com\\\/it\\\/2024\\\/11\\\/la-principessa-charlene-nominata-presidente-della-federazione-monegasca-di-rugby\\\/#article\",\"isPartOf\":{\"@id\":\"https:\\\/\\\/www.monaco-tribune.com\\\/it\\\/2024\\\/11\\\/la-principessa-charlene-nominata-presidente-della-federazione-monegasca-di-rugby\\\/\"},\"author\":{\"name\":\"Ana\u00efs Riu\",\"@id\":\"https:\\\/\\\/www.monaco-tribune.com\\\/it\\\/#\\\/schema\\\/person\\\/6db631c784f2f0eff54c3ca4d1da2d49\"},\"headline\":\"La Principessa Charl\u00e8ne nominata presidente della Federazione Monegasca di Rugby\",\"datePublished\":\"2024-11-06T16:28:17+00:00\",\"dateModified\":\"2024-11-06T16:28:24+00:00\",\"mainEntityOfPage\":{\"@id\":\"https:\\\/\\\/www.monaco-tribune.com\\\/it\\\/2024\\\/11\\\/la-principessa-charlene-nominata-presidente-della-federazione-monegasca-di-rugby\\\/\"},\"wordCount\":618,\"publisher\":{\"@id\":\"https:\\\/\\\/www.monaco-tribune.com\\\/it\\\/#organization\"},\"image\":{\"@id\":\"https:\\\/\\\/www.monaco-tribune.com\\\/it\\\/2024\\\/11\\\/la-principessa-charlene-nominata-presidente-della-federazione-monegasca-di-rugby\\\/#primaryimage\"},\"thumbnailUrl\":\"https:\\\/\\\/www.monaco-tribune.com\\\/wp-content\\\/uploads\\\/2024\\\/11\\\/la-princesse-charlene-nommee-a-la-tete-de-la-federation-monegasque-de-rugby-1.jpg\",\"keywords\":[\"Principessa Charl\u00e8ne\"],\"articleSection\":[\"Famiglia Principesca\",\"La nostra scelta\",\"Notizie\"],\"inLanguage\":\"it-IT\",\"copyrightYear\":\"2024\",\"copyrightHolder\":{\"@id\":\"https:\\\/\\\/www.monaco-tribune.com\\\/#organization\"}},{\"@type\":\"WebPage\",\"@id\":\"https:\\\/\\\/www.monaco-tribune.com\\\/it\\\/2024\\\/11\\\/la-principessa-charlene-nominata-presidente-della-federazione-monegasca-di-rugby\\\/\",\"url\":\"https:\\\/\\\/www.monaco-tribune.com\\\/it\\\/2024\\\/11\\\/la-principessa-charlene-nominata-presidente-della-federazione-monegasca-di-rugby\\\/\",\"name\":\"La Principessa Charl\u00e8ne nominata presidente della Federazione Monegasca di Rugby\",\"isPartOf\":{\"@id\":\"https:\\\/\\\/www.monaco-tribune.com\\\/it\\\/#website\"},\"primaryImageOfPage\":{\"@id\":\"https:\\\/\\\/www.monaco-tribune.com\\\/it\\\/2024\\\/11\\\/la-principessa-charlene-nominata-presidente-della-federazione-monegasca-di-rugby\\\/#primaryimage\"},\"image\":{\"@id\":\"https:\\\/\\\/www.monaco-tribune.com\\\/it\\\/2024\\\/11\\\/la-principessa-charlene-nominata-presidente-della-federazione-monegasca-di-rugby\\\/#primaryimage\"},\"thumbnailUrl\":\"https:\\\/\\\/www.monaco-tribune.com\\\/wp-content\\\/uploads\\\/2024\\\/11\\\/la-princesse-charlene-nommee-a-la-tete-de-la-federation-monegasque-de-rugby-1.jpg\",\"datePublished\":\"2024-11-06T16:28:17+00:00\",\"dateModified\":\"2024-11-06T16:28:24+00:00\",\"description\":\"Con l'elezione della Principessa Charl\u00e8ne a Presidente della Federazione, il rugby monegasco entra in una nuova era. Una nomina che rientra in un percorso\",\"breadcrumb\":{\"@id\":\"https:\\\/\\\/www.monaco-tribune.com\\\/it\\\/2024\\\/11\\\/la-principessa-charlene-nominata-presidente-della-federazione-monegasca-di-rugby\\\/#breadcrumb\"},\"inLanguage\":\"it-IT\",\"potentialAction\":[{\"@type\":\"ReadAction\",\"target\":[\"https:\\\/\\\/www.monaco-tribune.com\\\/it\\\/2024\\\/11\\\/la-principessa-charlene-nominata-presidente-della-federazione-monegasca-di-rugby\\\/\"]}]},{\"@type\":\"ImageObject\",\"inLanguage\":\"it-IT\",\"@id\":\"https:\\\/\\\/www.monaco-tribune.com\\\/it\\\/2024\\\/11\\\/la-principessa-charlene-nominata-presidente-della-federazione-monegasca-di-rugby\\\/#primaryimage\",\"url\":\"https:\\\/\\\/www.monaco-tribune.com\\\/wp-content\\\/uploads\\\/2024\\\/11\\\/la-princesse-charlene-nommee-a-la-tete-de-la-federation-monegasque-de-rugby-1.jpg\",\"contentUrl\":\"https:\\\/\\\/www.monaco-tribune.com\\\/wp-content\\\/uploads\\\/2024\\\/11\\\/la-princesse-charlene-nommee-a-la-tete-de-la-federation-monegasque-de-rugby-1.jpg\",\"width\":1092,\"height\":655,\"caption\":\"La Principessa Charl\u00e8ne alla 12a edizione del Torneo Sainte D\u00e9vote, organizzato dalla Federazione Monegasca di Rugby in collaborazione con la Fondazione Principessa Charl\u00e8ne di Monaco \u00a9 Eric Mathon \\\/ Palazzo del Principe\"},{\"@type\":\"BreadcrumbList\",\"@id\":\"https:\\\/\\\/www.monaco-tribune.com\\\/it\\\/2024\\\/11\\\/la-principessa-charlene-nominata-presidente-della-federazione-monegasca-di-rugby\\\/#breadcrumb\",\"itemListElement\":[{\"@type\":\"ListItem\",\"position\":1,\"name\":\"Accueil\",\"item\":\"https:\\\/\\\/www.monaco-tribune.com\\\/it\\\/\"},{\"@type\":\"ListItem\",\"position\":2,\"name\":\"La Principessa Charl\u00e8ne nominata presidente della Federazione Monegasca di Rugby\"}]},{\"@type\":\"WebSite\",\"@id\":\"https:\\\/\\\/www.monaco-tribune.com\\\/it\\\/#website\",\"url\":\"https:\\\/\\\/www.monaco-tribune.com\\\/it\\\/\",\"name\":\"Monaco Tribune\",\"description\":\"Monaco : actualit\u00e9s \u00e9conomiques, politiques, culturelles et sportives de Monaco et de la French Riviera.\",\"publisher\":{\"@id\":\"https:\\\/\\\/www.monaco-tribune.com\\\/it\\\/#organization\"},\"potentialAction\":[{\"@type\":\"SearchAction\",\"target\":{\"@type\":\"EntryPoint\",\"urlTemplate\":\"https:\\\/\\\/www.monaco-tribune.com\\\/it\\\/?s={search_term_string}\"},\"query-input\":{\"@type\":\"PropertyValueSpecification\",\"valueRequired\":true,\"valueName\":\"search_term_string\"}}],\"inLanguage\":\"it-IT\"},{\"@type\":\"Organization\",\"@id\":\"https:\\\/\\\/www.monaco-tribune.com\\\/it\\\/#organization\",\"name\":\"Monaco Tribune\",\"url\":\"https:\\\/\\\/www.monaco-tribune.com\\\/it\\\/\",\"logo\":{\"@type\":\"ImageObject\",\"inLanguage\":\"it-IT\",\"@id\":\"https:\\\/\\\/www.monaco-tribune.com\\\/it\\\/#\\\/schema\\\/logo\\\/image\\\/\",\"url\":\"https:\\\/\\\/www.monaco-tribune.com\\\/wp-content\\\/uploads\\\/2022\\\/11\\\/logo-monaco-tribune.png\",\"contentUrl\":\"https:\\\/\\\/www.monaco-tribune.com\\\/wp-content\\\/uploads\\\/2022\\\/11\\\/logo-monaco-tribune.png\",\"width\":1548,\"height\":600,\"caption\":\"Monaco Tribune\"},\"image\":{\"@id\":\"https:\\\/\\\/www.monaco-tribune.com\\\/it\\\/#\\\/schema\\\/logo\\\/image\\\/\"},\"sameAs\":[\"https:\\\/\\\/www.facebook.com\\\/MonacoTribune\",\"https:\\\/\\\/x.com\\\/MonacoTribune\",\"https:\\\/\\\/www.instagram.com\\\/monacotribune\\\/\",\"https:\\\/\\\/www.linkedin.com\\\/company\\\/monaco-tribune\",\"https:\\\/\\\/www.youtube.com\\\/channel\\\/UCHle1MnG6hw1y4lWKijVbMA\"]},{\"@type\":\"Person\",\"@id\":\"https:\\\/\\\/www.monaco-tribune.com\\\/it\\\/#\\\/schema\\\/person\\\/6db631c784f2f0eff54c3ca4d1da2d49\",\"name\":\"Ana\u00efs Riu\",\"image\":{\"@type\":\"ImageObject\",\"inLanguage\":\"it-IT\",\"@id\":\"https:\\\/\\\/secure.gravatar.com\\\/avatar\\\/9137eff67ff750f1997c171f45e5829ca4c8fa34729a8f8cd9dc85be7e50df7f?s=96&d=mm&r=g\",\"url\":\"https:\\\/\\\/secure.gravatar.com\\\/avatar\\\/9137eff67ff750f1997c171f45e5829ca4c8fa34729a8f8cd9dc85be7e50df7f?s=96&d=mm&r=g\",\"contentUrl\":\"https:\\\/\\\/secure.gravatar.com\\\/avatar\\\/9137eff67ff750f1997c171f45e5829ca4c8fa34729a8f8cd9dc85be7e50df7f?s=96&d=mm&r=g\",\"caption\":\"Ana\u00efs Riu\"},\"url\":\"https:\\\/\\\/www.monaco-tribune.com\\\/it\\\/author\\\/anaisriu\\\/\"}]}<\/script>\n<!-- \/ Yoast SEO Premium plugin. -->","yoast_head_json":{"title":"La Principessa Charl\u00e8ne nominata presidente della Federazione Monegasca di Rugby","description":"Con l'elezione della Principessa Charl\u00e8ne a Presidente della Federazione, il rugby monegasco entra in una nuova era. Una nomina che rientra in un percorso","robots":{"index":"index","follow":"follow","max-snippet":"max-snippet:-1","max-image-preview":"max-image-preview:large","max-video-preview":"max-video-preview:-1"},"canonical":"https:\/\/www.monaco-tribune.com\/it\/2024\/11\/la-principessa-charlene-nominata-presidente-della-federazione-monegasca-di-rugby\/","og_locale":"it_IT","og_type":"article","og_title":"La Principessa Charl\u00e8ne nominata presidente della Federazione Monegasca di Rugby - Monaco Tribune","og_description":"Con l'elezione della Principessa Charl\u00e8ne a Presidente della Federazione, il rugby monegasco entra in una nuova era. Una nomina che rientra in un percorso","og_url":"https:\/\/www.monaco-tribune.com\/it\/2024\/11\/la-principessa-charlene-nominata-presidente-della-federazione-monegasca-di-rugby\/","og_site_name":"Monaco Tribune","article_publisher":"https:\/\/www.facebook.com\/MonacoTribune","article_published_time":"2024-11-06T16:28:17+00:00","article_modified_time":"2024-11-06T16:28:24+00:00","og_image":[{"width":1092,"height":655,"url":"https:\/\/www.monaco-tribune.com\/wp-content\/uploads\/2024\/11\/la-princesse-charlene-nommee-a-la-tete-de-la-federation-monegasque-de-rugby-1.jpg","type":"image\/jpeg"}],"author":"Ana\u00efs Riu","twitter_card":"summary_large_image","twitter_creator":"@MonacoTribune","twitter_site":"@MonacoTribune","schema":{"@context":"https:\/\/schema.org","@graph":[{"@type":"NewsArticle","@id":"https:\/\/www.monaco-tribune.com\/it\/2024\/11\/la-principessa-charlene-nominata-presidente-della-federazione-monegasca-di-rugby\/#article","isPartOf":{"@id":"https:\/\/www.monaco-tribune.com\/it\/2024\/11\/la-principessa-charlene-nominata-presidente-della-federazione-monegasca-di-rugby\/"},"author":{"name":"Ana\u00efs Riu","@id":"https:\/\/www.monaco-tribune.com\/it\/#\/schema\/person\/6db631c784f2f0eff54c3ca4d1da2d49"},"headline":"La Principessa Charl\u00e8ne nominata presidente della Federazione Monegasca di Rugby","datePublished":"2024-11-06T16:28:17+00:00","dateModified":"2024-11-06T16:28:24+00:00","mainEntityOfPage":{"@id":"https:\/\/www.monaco-tribune.com\/it\/2024\/11\/la-principessa-charlene-nominata-presidente-della-federazione-monegasca-di-rugby\/"},"wordCount":618,"publisher":{"@id":"https:\/\/www.monaco-tribune.com\/it\/#organization"},"image":{"@id":"https:\/\/www.monaco-tribune.com\/it\/2024\/11\/la-principessa-charlene-nominata-presidente-della-federazione-monegasca-di-rugby\/#primaryimage"},"thumbnailUrl":"https:\/\/www.monaco-tribune.com\/wp-content\/uploads\/2024\/11\/la-princesse-charlene-nommee-a-la-tete-de-la-federation-monegasque-de-rugby-1.jpg","keywords":["Principessa Charl\u00e8ne"],"articleSection":["Famiglia Principesca","La nostra scelta","Notizie"],"inLanguage":"it-IT","copyrightYear":"2024","copyrightHolder":{"@id":"https:\/\/www.monaco-tribune.com\/#organization"}},{"@type":"WebPage","@id":"https:\/\/www.monaco-tribune.com\/it\/2024\/11\/la-principessa-charlene-nominata-presidente-della-federazione-monegasca-di-rugby\/","url":"https:\/\/www.monaco-tribune.com\/it\/2024\/11\/la-principessa-charlene-nominata-presidente-della-federazione-monegasca-di-rugby\/","name":"La Principessa Charl\u00e8ne nominata presidente della Federazione Monegasca di Rugby","isPartOf":{"@id":"https:\/\/www.monaco-tribune.com\/it\/#website"},"primaryImageOfPage":{"@id":"https:\/\/www.monaco-tribune.com\/it\/2024\/11\/la-principessa-charlene-nominata-presidente-della-federazione-monegasca-di-rugby\/#primaryimage"},"image":{"@id":"https:\/\/www.monaco-tribune.com\/it\/2024\/11\/la-principessa-charlene-nominata-presidente-della-federazione-monegasca-di-rugby\/#primaryimage"},"thumbnailUrl":"https:\/\/www.monaco-tribune.com\/wp-content\/uploads\/2024\/11\/la-princesse-charlene-nommee-a-la-tete-de-la-federation-monegasque-de-rugby-1.jpg","datePublished":"2024-11-06T16:28:17+00:00","dateModified":"2024-11-06T16:28:24+00:00","description":"Con l'elezione della Principessa Charl\u00e8ne a Presidente della Federazione, il rugby monegasco entra in una nuova era. Una nomina che rientra in un percorso","breadcrumb":{"@id":"https:\/\/www.monaco-tribune.com\/it\/2024\/11\/la-principessa-charlene-nominata-presidente-della-federazione-monegasca-di-rugby\/#breadcrumb"},"inLanguage":"it-IT","potentialAction":[{"@type":"ReadAction","target":["https:\/\/www.monaco-tribune.com\/it\/2024\/11\/la-principessa-charlene-nominata-presidente-della-federazione-monegasca-di-rugby\/"]}]},{"@type":"ImageObject","inLanguage":"it-IT","@id":"https:\/\/www.monaco-tribune.com\/it\/2024\/11\/la-principessa-charlene-nominata-presidente-della-federazione-monegasca-di-rugby\/#primaryimage","url":"https:\/\/www.monaco-tribune.com\/wp-content\/uploads\/2024\/11\/la-princesse-charlene-nommee-a-la-tete-de-la-federation-monegasque-de-rugby-1.jpg","contentUrl":"https:\/\/www.monaco-tribune.com\/wp-content\/uploads\/2024\/11\/la-princesse-charlene-nommee-a-la-tete-de-la-federation-monegasque-de-rugby-1.jpg","width":1092,"height":655,"caption":"La Principessa Charl\u00e8ne alla 12a edizione del Torneo Sainte D\u00e9vote, organizzato dalla Federazione Monegasca di Rugby in collaborazione con la Fondazione Principessa Charl\u00e8ne di Monaco \u00a9 Eric Mathon \/ Palazzo del Principe"},{"@type":"BreadcrumbList","@id":"https:\/\/www.monaco-tribune.com\/it\/2024\/11\/la-principessa-charlene-nominata-presidente-della-federazione-monegasca-di-rugby\/#breadcrumb","itemListElement":[{"@type":"ListItem","position":1,"name":"Accueil","item":"https:\/\/www.monaco-tribune.com\/it\/"},{"@type":"ListItem","position":2,"name":"La Principessa Charl\u00e8ne nominata presidente della Federazione Monegasca di Rugby"}]},{"@type":"WebSite","@id":"https:\/\/www.monaco-tribune.com\/it\/#website","url":"https:\/\/www.monaco-tribune.com\/it\/","name":"Monaco Tribune","description":"Monaco : actualit\u00e9s \u00e9conomiques, politiques, culturelles et sportives de Monaco et de la French Riviera.","publisher":{"@id":"https:\/\/www.monaco-tribune.com\/it\/#organization"},"potentialAction":[{"@type":"SearchAction","target":{"@type":"EntryPoint","urlTemplate":"https:\/\/www.monaco-tribune.com\/it\/?s={search_term_string}"},"query-input":{"@type":"PropertyValueSpecification","valueRequired":true,"valueName":"search_term_string"}}],"inLanguage":"it-IT"},{"@type":"Organization","@id":"https:\/\/www.monaco-tribune.com\/it\/#organization","name":"Monaco Tribune","url":"https:\/\/www.monaco-tribune.com\/it\/","logo":{"@type":"ImageObject","inLanguage":"it-IT","@id":"https:\/\/www.monaco-tribune.com\/it\/#\/schema\/logo\/image\/","url":"https:\/\/www.monaco-tribune.com\/wp-content\/uploads\/2022\/11\/logo-monaco-tribune.png","contentUrl":"https:\/\/www.monaco-tribune.com\/wp-content\/uploads\/2022\/11\/logo-monaco-tribune.png","width":1548,"height":600,"caption":"Monaco Tribune"},"image":{"@id":"https:\/\/www.monaco-tribune.com\/it\/#\/schema\/logo\/image\/"},"sameAs":["https:\/\/www.facebook.com\/MonacoTribune","https:\/\/x.com\/MonacoTribune","https:\/\/www.instagram.com\/monacotribune\/","https:\/\/www.linkedin.com\/company\/monaco-tribune","https:\/\/www.youtube.com\/channel\/UCHle1MnG6hw1y4lWKijVbMA"]},{"@type":"Person","@id":"https:\/\/www.monaco-tribune.com\/it\/#\/schema\/person\/6db631c784f2f0eff54c3ca4d1da2d49","name":"Ana\u00efs Riu","image":{"@type":"ImageObject","inLanguage":"it-IT","@id":"https:\/\/secure.gravatar.com\/avatar\/9137eff67ff750f1997c171f45e5829ca4c8fa34729a8f8cd9dc85be7e50df7f?s=96&d=mm&r=g","url":"https:\/\/secure.gravatar.com\/avatar\/9137eff67ff750f1997c171f45e5829ca4c8fa34729a8f8cd9dc85be7e50df7f?s=96&d=mm&r=g","contentUrl":"https:\/\/secure.gravatar.com\/avatar\/9137eff67ff750f1997c171f45e5829ca4c8fa34729a8f8cd9dc85be7e50df7f?s=96&d=mm&r=g","caption":"Ana\u00efs Riu"},"url":"https:\/\/www.monaco-tribune.com\/it\/author\/anaisriu\/"}]}},"_links":{"self":[{"href":"https:\/\/www.monaco-tribune.com\/it\/wp-json\/wp\/v2\/posts\/258857","targetHints":{"allow":["GET"]}}],"collection":[{"href":"https:\/\/www.monaco-tribune.com\/it\/wp-json\/wp\/v2\/posts"}],"about":[{"href":"https:\/\/www.monaco-tribune.com\/it\/wp-json\/wp\/v2\/types\/post"}],"author":[{"embeddable":true,"href":"https:\/\/www.monaco-tribune.com\/it\/wp-json\/wp\/v2\/users\/77"}],"replies":[{"embeddable":true,"href":"https:\/\/www.monaco-tribune.com\/it\/wp-json\/wp\/v2\/comments?post=258857"}],"version-history":[{"count":2,"href":"https:\/\/www.monaco-tribune.com\/it\/wp-json\/wp\/v2\/posts\/258857\/revisions"}],"predecessor-version":[{"id":258860,"href":"https:\/\/www.monaco-tribune.com\/it\/wp-json\/wp\/v2\/posts\/258857\/revisions\/258860"}],"wp:featuredmedia":[{"embeddable":true,"href":"https:\/\/www.monaco-tribune.com\/it\/wp-json\/wp\/v2\/media\/258611"}],"wp:attachment":[{"href":"https:\/\/www.monaco-tribune.com\/it\/wp-json\/wp\/v2\/media?parent=258857"}],"wp:term":[{"taxonomy":"category","embeddable":true,"href":"https:\/\/www.monaco-tribune.com\/it\/wp-json\/wp\/v2\/categories?post=258857"},{"taxonomy":"post_tag","embeddable":true,"href":"https:\/\/www.monaco-tribune.com\/it\/wp-json\/wp\/v2\/tags?post=258857"},{"taxonomy":"sectag","embeddable":true,"href":"https:\/\/www.monaco-tribune.com\/it\/wp-json\/wp\/v2\/post_sectags?post=258857"},{"taxonomy":"format","embeddable":true,"href":"https:\/\/www.monaco-tribune.com\/it\/wp-json\/wp\/v2\/post_format?post=258857"}],"curies":[{"name":"wp","href":"https:\/\/api.w.org\/{rel}","templated":true}]}}