{"id":259507,"date":"2024-11-08T19:14:02","date_gmt":"2024-11-08T17:14:02","guid":{"rendered":"https:\/\/www.monaco-tribune.com\/2024\/11\/guida-michelin-2024-provenza-alpi-costa-azzurra-3a-regione-piu-stellata-di-francia\/"},"modified":"2024-11-08T19:14:59","modified_gmt":"2024-11-08T17:14:59","slug":"guida-michelin-2024-provenza-alpi-costa-azzurra-3a-regione-piu-stellata-di-francia","status":"publish","type":"post","link":"https:\/\/www.monaco-tribune.com\/it\/2024\/11\/guida-michelin-2024-provenza-alpi-costa-azzurra-3a-regione-piu-stellata-di-francia\/","title":{"rendered":"Guida Michelin 2024: Provenza-Alpi-Costa Azzurra 3\u00aa regione pi\u00f9 stellata di Francia"},"content":{"rendered":"\n<p><strong>In vista della cerimonia della Guida Michelin 2025, che si terr\u00e0 a Metz il 31 marzo, una nuova classifica Preply delle regioni pi\u00f9 stellate di Francia rivela le aree di maggiore eccellenza gastronomica. Dall&#8217;\u00cele-de-France alla Provenza-Alpi-Costa Azzurra, scoprite la Top 3 delle regioni che attirano i palati raffinati grazie ai loro ristoranti stellati.<\/strong><\/p>\n\n<p>Una ricerca condotta da Preply rivela quali sono le regioni francesi che vantano centinaia di stelle Michelin. In cima alla lista, l&#8217;<strong>\u00cele-de-France<\/strong> \u00e8 senza dubbio la regione con il maggior numero di stelle Michelin in Francia, con 137 ristoranti stellati. <strong>Parigi<\/strong>, in particolare, detiene gran parte di questi riconoscimenti, ma la regione include anche citt\u00e0 come <strong>Versailles<\/strong>, dove la tradizione culinaria francese sta raggiungendo nuove vette.&#13;\n&#13;\nL&#8217;\u00cele-de-France \u00e8 subito seguito dalla regione <strong>Auvergne-Rh\u00f4ne-Alpes<\/strong>, con i suoi 110 ristoranti. La zona, famosa per le sue montagne, i formaggi e i prodotti locali, \u00e8 riuscita a coniugare tradizione e modernit\u00e0 ai fornelli. Chef come Pierre Orsi a <strong>Lione<\/strong> e Anne-Sophie Pic a <strong>Valence<\/strong> sono l&#8217;emblema di quest&#8217;area, dove i piatti coniugano sapori rustici e tecniche sofisticate.<\/p>\n\n<p>Infine, la regione <strong>Provenza-Alpi-Costa Azzurra<\/strong>, rinomata per la sua cucina baciata dal sole, completa il podio con 81 ristoranti stellati. Qui il clima soleggiato rinfrescato dal Mediterraneo ha una profonda influenza sulla cucina. Il <a href=\"https:\/\/www.monaco-tribune.com\/2019\/06\/menton-le-mirazur-nomme-meilleur-restaurant-du-monde\/\">Mirazur<\/a> di Mentone, con tre stelle Michelin, \u00e8 l&#8217;esempio per eccellenza di un locale che riesce a sublimare i prodotti locali &#8211; pesce, erbe aromatiche, olio d&#8217;oliva e agrumi &#8211; per offrire un&#8217;esperienza culinaria indimenticabile. Nel 2023, anche lo Ch\u00e8vre d&#8217;Or e lo <a href=\"https:\/\/www.monaco-tribune.com\/it\/2023\/08\/a-eze-justin-schmitt-conquista-la-sua-prima-stella-michelin-abbiamo-lottato-per-sei-mesi-e-siamo-stati-premiati\/\">Ch\u00e2teau Eza<\/a> a Eze, l&#8217;Hostellerie J\u00e9r\u00f4me a La Turbie e il Flaveur a Nizza hanno visto confermate le loro due stelle per un ulteriore anno.<\/p>\n\n<p class=\"related\"><a href=\"https:\/\/www.monaco-tribune.com\/it\/2022\/03\/dove-sono-i-ristoranti-stellati-della-costa-azzurra\/\">Dove sono i ristoranti stellati della Costa Azzurra?<\/a><\/p>\n\n<h2 class=\"wp-block-heading\" id=\"h-monaco-capitale-de-la-haute-gastronomie\">Monaco, capitale dell&#8217;alta cucina<\/h2>\n\n<p>Il Principato continua a brillare sulla scena culinaria mondiale, consolidando la sua reputazione di destinazione d&#8217;eccellenza per i palati pi\u00f9 fini. Anche quest&#8217;anno Monaco vanta nove stelle Michelin, assegnate a sei dei suoi ristoranti pi\u00f9 prestigiosi.<\/p>\n<div class=\"wp-block-image\">\n<figure class=\"aligncenter size-large\"><img loading=\"lazy\" decoding=\"async\" width=\"1024\" height=\"600\" src=\"https:\/\/www.monaco-tribune.com\/wp-content\/uploads\/2023\/03\/restaurant-monaco-1024x600.jpg\" alt=\"H&#xF4;tel de Paris - Restaurant le Grill\" class=\"wp-image-166431\" srcset=\"https:\/\/www.monaco-tribune.com\/wp-content\/uploads\/2023\/03\/restaurant-monaco-1024x600.jpg 1024w, https:\/\/www.monaco-tribune.com\/wp-content\/uploads\/2023\/03\/restaurant-monaco-512x300.jpg 512w, https:\/\/www.monaco-tribune.com\/wp-content\/uploads\/2023\/03\/restaurant-monaco.jpg 1200w\" sizes=\"auto, (max-width: 1024px) 100vw, 1024px\" \/><figcaption class=\"wp-element-caption\"><em>Le Grill, affacciato sul Mediterraneo \u00a9 Monte-Carlo Soci\u00e9t\u00e9 des Bains de Mer<\/em><\/figcaption><\/figure>\n<\/div>\n<p>Tra questi, il <a href=\"https:\/\/www.monaco-tribune.com\/2020\/06\/le-restaurant-etoile-le-louis-xv-alain-ducasse-annonce-sa-reouverture\/\"><strong>Louis XV &#8211; Alain Ducasse<\/strong><\/a> (***) all&#8217;H\u00f4tel de Paris, il <strong><a href=\"https:\/\/www.monaco-tribune.com\/2022\/03\/marcel-ravin-decroche-une-deuxieme-etoile-au-guide-michelin-2022\/\">Blue Bay<\/a><\/strong> (**) al Monte-Carlo Bay gestito da Marcel Ravin, il <strong><a href=\"https:\/\/www.monaco-tribune.com\/it\/2022\/04\/provato-per-voi-pavyllon-il-nuovo-ristorante-di-monaco-firmato-yannick-alleno\/\">Pavyllon Monte-Carlo<\/a><\/strong> (*) di Yannick All\u00e9no all&#8217;H\u00f4tel Hermitage, <strong><a href=\"https:\/\/www.monaco-tribune.com\/2019\/01\/le-grill-recoit-sa-premiere-etoile-michelin\/\">Le Grill<\/a><\/strong> (*) all&#8217;H\u00f4tel de Paris, <strong><a href=\"https:\/\/www.monaco-tribune.com\/2024\/04\/on-a-teste-pour-vous-elsa-le-restaurant-connecte-a-la-mediterranee-et-a-la-terre-azureenne\/\">Elsa<\/a> <\/strong>(*) di Marcel Ravin al Monte-Carlo Beach (il primo ristorante 100% biologico a ricevere una stella Michelin), <strong><a href=\"https:\/\/www.monaco-tribune.com\/it\/2021\/02\/antonio-salvatore-lo-chef-lucano-premiato-con-una-stella-michelin-a-monte-carlo\/\">La Table d&#8217;Antonio Salvatore<\/a><\/strong> (*) e <strong>Yoshi<\/strong> (*) (l&#8217;unico ristorante giapponese stellato della Costa Azzurra), entrambi all&#8217;H\u00f4tel M\u00e9tropole.<\/p>\n\n<p>Ma la vera sorpresa di quest&#8217;anno \u00e8 stata l&#8217;inaugurazione di <a href=\"https:\/\/www.monaco-tribune.com\/it\/2024\/03\/les-ambassadeurs-by-christophe-cussac-ha-gia-conquistato-due-stelle-michelin\/\"><strong>Les Ambassadeurs by Christophe Cussac<\/strong><\/a> all&#8217;H\u00f4tel M\u00e9tropole, che ha ottenuto due stelle a soli nove mesi dall&#8217;apertura. Lo chef Christophe Cussac, acclamato per la sua abilit\u00e0 di combinare piatti classici e moderni con il Mediterraneo come filo conduttore, \u00e8 riuscito a convincere gli ispettori.<\/p>\n<div class=\"wp-block-image\">\n<figure class=\"aligncenter size-large\"><img loading=\"lazy\" decoding=\"async\" width=\"1024\" height=\"659\" src=\"https:\/\/www.monaco-tribune.com\/wp-content\/uploads\/2024\/04\/salle-restaurant-les-ambassadeurs-by-christophe-cussac-1024x659.jpg\" alt=\"sala-ristorante-les-Ambassadeurs-by-Christophe-Cussac\" class=\"wp-image-229874\" srcset=\"https:\/\/www.monaco-tribune.com\/wp-content\/uploads\/2024\/04\/salle-restaurant-les-ambassadeurs-by-christophe-cussac-1024x659.jpg 1024w, https:\/\/www.monaco-tribune.com\/wp-content\/uploads\/2024\/04\/salle-restaurant-les-ambassadeurs-by-christophe-cussac-466x300.jpg 466w, https:\/\/www.monaco-tribune.com\/wp-content\/uploads\/2024\/04\/salle-restaurant-les-ambassadeurs-by-christophe-cussac.jpg 1250w\" sizes=\"auto, (max-width: 1024px) 100vw, 1024px\" \/><figcaption class=\"wp-element-caption\"><em>La sala del ristorante Les Ambassadeurs by Christophe Cussac \u00a9 Studio Phenix<\/em><\/figcaption><\/figure>\n<\/div>\n<p class=\"related\"><a href=\"https:\/\/www.monaco-tribune.com\/it\/2024\/07\/alternative-vegetariane-e-vegane-a-monaco-ecco-dove\/\">Alternative vegetariane e vegane a Monaco. Ecco dove<\/a><\/p>\n\n<h2 class=\"wp-block-heading\" id=\"h-la-gastronomie-francaise-un-veritable-moteur-economique\">La cucina francese, un vero e proprio motore economico<\/h2>\n\n<p>Le stelle Michelin sono tuttora sinonimo di prestigio nel mondo dell&#8217;alta cucina, e non solo. Riflettono anche la ricchezza della cucina francese, che varia da regione a regione, rendendo la Francia una destinazione imperdibile per gli amanti della gastronomia. Grazie a questo riconoscimento mondiale, la &#8216;cuisine&#8217; dell&#8217;Esagono rimane un pilastro fondamentale del turismo e dell&#8217;economia locale.<\/p>\n<div class=\"wp-block-image\">\n<figure class=\"aligncenter size-large\"><img loading=\"lazy\" decoding=\"async\" width=\"1024\" height=\"564\" src=\"https:\/\/www.monaco-tribune.com\/wp-content\/uploads\/2021\/01\/guide-michelin-france-monaco-1024x564.png\" alt=\"Guide-Michelin-France-Monaco\" class=\"wp-image-63642\" srcset=\"https:\/\/www.monaco-tribune.com\/wp-content\/uploads\/2021\/01\/guide-michelin-france-monaco-1024x564.png 1024w, https:\/\/www.monaco-tribune.com\/wp-content\/uploads\/2021\/01\/guide-michelin-france-monaco-545x300.png 545w, https:\/\/www.monaco-tribune.com\/wp-content\/uploads\/2021\/01\/guide-michelin-france-monaco.png 1200w\" sizes=\"auto, (max-width: 1024px) 100vw, 1024px\" \/><figcaption class=\"wp-element-caption\"><em>\u00a9 Guida Michelin<\/em><\/figcaption><\/figure>\n<\/div>\n<p class=\"related\"><a href=\"https:\/\/www.monaco-tribune.com\/it\/2023\/03\/guida-michelin-2023-quali-sono-i-vincitori-a-monaco-e-nella-costa-azzurra\/\">Guida Michelin 2023: quali sono i vincitori a Monaco e nella Costa Azzurra<\/a><\/p>\n","protected":false},"excerpt":{"rendered":"<p>In vista della cerimonia della Guida Michelin 2025, che si terr\u00e0 a Metz il 31 marzo, una nuova classifica Preply [&hellip;]<\/p>\n","protected":false},"author":77,"featured_media":166385,"comment_status":"closed","ping_status":"closed","sticky":false,"template":"","format":"standard","meta":{"_acf_changed":false,"footnotes":""},"categories":[1740,1738],"tags":[2872],"post_sectags":[4292,3487,4567,5254],"post_format":[2486],"class_list":["post-259507","post","type-post","status-publish","format-standard","has-post-thumbnail","hentry","category-cosa-fare","category-notizie","tag-gastronomia","sectag-guida-michelin","sectag-michelin-it","sectag-ristoranti","sectag-ristorazione","format-servizio"],"acf":[],"yoast_head":"<!-- This site is optimized with the Yoast SEO Premium plugin v26.8 (Yoast SEO v27.4) - https:\/\/yoast.com\/product\/yoast-seo-premium-wordpress\/ -->\n<title>Guida Michelin 2024: Provenza-Alpi-Costa Azzurra 3\u00aa regione pi\u00f9 stellata di Francia<\/title>\n<meta name=\"description\" content=\"In vista della cerimonia della Guida Michelin 2025, che si terr\u00e0 a Metz il 31 marzo, una nuova classifica Preply delle regioni pi\u00f9 stellate di Francia\" \/>\n<meta name=\"robots\" content=\"index, follow, max-snippet:-1, max-image-preview:large, max-video-preview:-1\" \/>\n<link rel=\"canonical\" href=\"https:\/\/www.monaco-tribune.com\/it\/2024\/11\/guida-michelin-2024-provenza-alpi-costa-azzurra-3a-regione-piu-stellata-di-francia\/\" \/>\n<meta property=\"og:locale\" content=\"it_IT\" \/>\n<meta property=\"og:type\" content=\"article\" \/>\n<meta property=\"og:title\" content=\"Guida Michelin 2024: Provenza-Alpi-Costa Azzurra 3\u00aa regione pi\u00f9 stellata di Francia - Monaco Tribune\" \/>\n<meta property=\"og:description\" content=\"In vista della cerimonia della Guida Michelin 2025, che si terr\u00e0 a Metz il 31 marzo, una nuova classifica Preply delle regioni pi\u00f9 stellate di Francia\" \/>\n<meta property=\"og:url\" content=\"https:\/\/www.monaco-tribune.com\/it\/2024\/11\/guida-michelin-2024-provenza-alpi-costa-azzurra-3a-regione-piu-stellata-di-francia\/\" \/>\n<meta property=\"og:site_name\" content=\"Monaco Tribune\" \/>\n<meta property=\"article:publisher\" content=\"https:\/\/www.facebook.com\/MonacoTribune\" \/>\n<meta property=\"article:published_time\" content=\"2024-11-08T17:14:02+00:00\" \/>\n<meta property=\"article:modified_time\" content=\"2024-11-08T17:14:59+00:00\" \/>\n<meta property=\"og:image\" content=\"https:\/\/www.monaco-tribune.com\/wp-content\/uploads\/2023\/03\/sbm_hp-restaurant-louis-xv-2018-0001.jpg\" \/>\n\t<meta property=\"og:image:width\" content=\"700\" \/>\n\t<meta property=\"og:image:height\" content=\"458\" \/>\n\t<meta property=\"og:image:type\" content=\"image\/jpeg\" \/>\n<meta name=\"author\" content=\"Ana\u00efs Riu\" \/>\n<meta name=\"twitter:card\" content=\"summary_large_image\" \/>\n<meta name=\"twitter:creator\" content=\"@MonacoTribune\" \/>\n<meta name=\"twitter:site\" content=\"@MonacoTribune\" \/>\n<script type=\"application\/ld+json\" class=\"yoast-schema-graph\">{\"@context\":\"https:\\\/\\\/schema.org\",\"@graph\":[{\"@type\":\"NewsArticle\",\"@id\":\"https:\\\/\\\/www.monaco-tribune.com\\\/it\\\/2024\\\/11\\\/guida-michelin-2024-provenza-alpi-costa-azzurra-3a-regione-piu-stellata-di-francia\\\/#article\",\"isPartOf\":{\"@id\":\"https:\\\/\\\/www.monaco-tribune.com\\\/it\\\/2024\\\/11\\\/guida-michelin-2024-provenza-alpi-costa-azzurra-3a-regione-piu-stellata-di-francia\\\/\"},\"author\":{\"name\":\"Ana\u00efs Riu\",\"@id\":\"https:\\\/\\\/www.monaco-tribune.com\\\/it\\\/#\\\/schema\\\/person\\\/6db631c784f2f0eff54c3ca4d1da2d49\"},\"headline\":\"Guida Michelin 2024: Provenza-Alpi-Costa Azzurra 3\u00aa regione pi\u00f9 stellata di Francia\",\"datePublished\":\"2024-11-08T17:14:02+00:00\",\"dateModified\":\"2024-11-08T17:14:59+00:00\",\"mainEntityOfPage\":{\"@id\":\"https:\\\/\\\/www.monaco-tribune.com\\\/it\\\/2024\\\/11\\\/guida-michelin-2024-provenza-alpi-costa-azzurra-3a-regione-piu-stellata-di-francia\\\/\"},\"wordCount\":592,\"publisher\":{\"@id\":\"https:\\\/\\\/www.monaco-tribune.com\\\/it\\\/#organization\"},\"image\":{\"@id\":\"https:\\\/\\\/www.monaco-tribune.com\\\/it\\\/2024\\\/11\\\/guida-michelin-2024-provenza-alpi-costa-azzurra-3a-regione-piu-stellata-di-francia\\\/#primaryimage\"},\"thumbnailUrl\":\"https:\\\/\\\/www.monaco-tribune.com\\\/wp-content\\\/uploads\\\/2023\\\/03\\\/sbm_hp-restaurant-louis-xv-2018-0001.jpg\",\"keywords\":[\"Gastronomia\"],\"articleSection\":[\"Cosa fare\",\"Notizie\"],\"inLanguage\":\"it-IT\",\"copyrightYear\":\"2024\",\"copyrightHolder\":{\"@id\":\"https:\\\/\\\/www.monaco-tribune.com\\\/#organization\"}},{\"@type\":\"WebPage\",\"@id\":\"https:\\\/\\\/www.monaco-tribune.com\\\/it\\\/2024\\\/11\\\/guida-michelin-2024-provenza-alpi-costa-azzurra-3a-regione-piu-stellata-di-francia\\\/\",\"url\":\"https:\\\/\\\/www.monaco-tribune.com\\\/it\\\/2024\\\/11\\\/guida-michelin-2024-provenza-alpi-costa-azzurra-3a-regione-piu-stellata-di-francia\\\/\",\"name\":\"Guida Michelin 2024: Provenza-Alpi-Costa Azzurra 3\u00aa regione pi\u00f9 stellata di Francia\",\"isPartOf\":{\"@id\":\"https:\\\/\\\/www.monaco-tribune.com\\\/it\\\/#website\"},\"primaryImageOfPage\":{\"@id\":\"https:\\\/\\\/www.monaco-tribune.com\\\/it\\\/2024\\\/11\\\/guida-michelin-2024-provenza-alpi-costa-azzurra-3a-regione-piu-stellata-di-francia\\\/#primaryimage\"},\"image\":{\"@id\":\"https:\\\/\\\/www.monaco-tribune.com\\\/it\\\/2024\\\/11\\\/guida-michelin-2024-provenza-alpi-costa-azzurra-3a-regione-piu-stellata-di-francia\\\/#primaryimage\"},\"thumbnailUrl\":\"https:\\\/\\\/www.monaco-tribune.com\\\/wp-content\\\/uploads\\\/2023\\\/03\\\/sbm_hp-restaurant-louis-xv-2018-0001.jpg\",\"datePublished\":\"2024-11-08T17:14:02+00:00\",\"dateModified\":\"2024-11-08T17:14:59+00:00\",\"description\":\"In vista della cerimonia della Guida Michelin 2025, che si terr\u00e0 a Metz il 31 marzo, una nuova classifica Preply delle regioni pi\u00f9 stellate di Francia\",\"breadcrumb\":{\"@id\":\"https:\\\/\\\/www.monaco-tribune.com\\\/it\\\/2024\\\/11\\\/guida-michelin-2024-provenza-alpi-costa-azzurra-3a-regione-piu-stellata-di-francia\\\/#breadcrumb\"},\"inLanguage\":\"it-IT\",\"potentialAction\":[{\"@type\":\"ReadAction\",\"target\":[\"https:\\\/\\\/www.monaco-tribune.com\\\/it\\\/2024\\\/11\\\/guida-michelin-2024-provenza-alpi-costa-azzurra-3a-regione-piu-stellata-di-francia\\\/\"]}]},{\"@type\":\"ImageObject\",\"inLanguage\":\"it-IT\",\"@id\":\"https:\\\/\\\/www.monaco-tribune.com\\\/it\\\/2024\\\/11\\\/guida-michelin-2024-provenza-alpi-costa-azzurra-3a-regione-piu-stellata-di-francia\\\/#primaryimage\",\"url\":\"https:\\\/\\\/www.monaco-tribune.com\\\/wp-content\\\/uploads\\\/2023\\\/03\\\/sbm_hp-restaurant-louis-xv-2018-0001.jpg\",\"contentUrl\":\"https:\\\/\\\/www.monaco-tribune.com\\\/wp-content\\\/uploads\\\/2023\\\/03\\\/sbm_hp-restaurant-louis-xv-2018-0001.jpg\",\"width\":700,\"height\":458,\"caption\":\"Il Louis XV di Alain Ducasse a Monaco \u00e8 stato eletto secondo miglior ristorante del mondo nel 2023 dalla Liste 1000 \u00a9 Monte-Carlo Soci\u00e9t\u00e9 des Bains de Mer\"},{\"@type\":\"BreadcrumbList\",\"@id\":\"https:\\\/\\\/www.monaco-tribune.com\\\/it\\\/2024\\\/11\\\/guida-michelin-2024-provenza-alpi-costa-azzurra-3a-regione-piu-stellata-di-francia\\\/#breadcrumb\",\"itemListElement\":[{\"@type\":\"ListItem\",\"position\":1,\"name\":\"Accueil\",\"item\":\"https:\\\/\\\/www.monaco-tribune.com\\\/it\\\/\"},{\"@type\":\"ListItem\",\"position\":2,\"name\":\"Guida Michelin 2024: Provenza-Alpi-Costa Azzurra 3\u00aa regione pi\u00f9 stellata di Francia\"}]},{\"@type\":\"WebSite\",\"@id\":\"https:\\\/\\\/www.monaco-tribune.com\\\/it\\\/#website\",\"url\":\"https:\\\/\\\/www.monaco-tribune.com\\\/it\\\/\",\"name\":\"Monaco Tribune\",\"description\":\"Monaco : actualit\u00e9s \u00e9conomiques, politiques, culturelles et sportives de Monaco et de la French Riviera.\",\"publisher\":{\"@id\":\"https:\\\/\\\/www.monaco-tribune.com\\\/it\\\/#organization\"},\"potentialAction\":[{\"@type\":\"SearchAction\",\"target\":{\"@type\":\"EntryPoint\",\"urlTemplate\":\"https:\\\/\\\/www.monaco-tribune.com\\\/it\\\/?s={search_term_string}\"},\"query-input\":{\"@type\":\"PropertyValueSpecification\",\"valueRequired\":true,\"valueName\":\"search_term_string\"}}],\"inLanguage\":\"it-IT\"},{\"@type\":\"Organization\",\"@id\":\"https:\\\/\\\/www.monaco-tribune.com\\\/it\\\/#organization\",\"name\":\"Monaco Tribune\",\"url\":\"https:\\\/\\\/www.monaco-tribune.com\\\/it\\\/\",\"logo\":{\"@type\":\"ImageObject\",\"inLanguage\":\"it-IT\",\"@id\":\"https:\\\/\\\/www.monaco-tribune.com\\\/it\\\/#\\\/schema\\\/logo\\\/image\\\/\",\"url\":\"https:\\\/\\\/www.monaco-tribune.com\\\/wp-content\\\/uploads\\\/2022\\\/11\\\/logo-monaco-tribune.png\",\"contentUrl\":\"https:\\\/\\\/www.monaco-tribune.com\\\/wp-content\\\/uploads\\\/2022\\\/11\\\/logo-monaco-tribune.png\",\"width\":1548,\"height\":600,\"caption\":\"Monaco Tribune\"},\"image\":{\"@id\":\"https:\\\/\\\/www.monaco-tribune.com\\\/it\\\/#\\\/schema\\\/logo\\\/image\\\/\"},\"sameAs\":[\"https:\\\/\\\/www.facebook.com\\\/MonacoTribune\",\"https:\\\/\\\/x.com\\\/MonacoTribune\",\"https:\\\/\\\/www.instagram.com\\\/monacotribune\\\/\",\"https:\\\/\\\/www.linkedin.com\\\/company\\\/monaco-tribune\",\"https:\\\/\\\/www.youtube.com\\\/channel\\\/UCHle1MnG6hw1y4lWKijVbMA\"]},{\"@type\":\"Person\",\"@id\":\"https:\\\/\\\/www.monaco-tribune.com\\\/it\\\/#\\\/schema\\\/person\\\/6db631c784f2f0eff54c3ca4d1da2d49\",\"name\":\"Ana\u00efs Riu\",\"image\":{\"@type\":\"ImageObject\",\"inLanguage\":\"it-IT\",\"@id\":\"https:\\\/\\\/secure.gravatar.com\\\/avatar\\\/9137eff67ff750f1997c171f45e5829ca4c8fa34729a8f8cd9dc85be7e50df7f?s=96&d=mm&r=g\",\"url\":\"https:\\\/\\\/secure.gravatar.com\\\/avatar\\\/9137eff67ff750f1997c171f45e5829ca4c8fa34729a8f8cd9dc85be7e50df7f?s=96&d=mm&r=g\",\"contentUrl\":\"https:\\\/\\\/secure.gravatar.com\\\/avatar\\\/9137eff67ff750f1997c171f45e5829ca4c8fa34729a8f8cd9dc85be7e50df7f?s=96&d=mm&r=g\",\"caption\":\"Ana\u00efs Riu\"},\"url\":\"https:\\\/\\\/www.monaco-tribune.com\\\/it\\\/author\\\/anaisriu\\\/\"}]}<\/script>\n<!-- \/ Yoast SEO Premium plugin. -->","yoast_head_json":{"title":"Guida Michelin 2024: Provenza-Alpi-Costa Azzurra 3\u00aa regione pi\u00f9 stellata di Francia","description":"In vista della cerimonia della Guida Michelin 2025, che si terr\u00e0 a Metz il 31 marzo, una nuova classifica Preply delle regioni pi\u00f9 stellate di Francia","robots":{"index":"index","follow":"follow","max-snippet":"max-snippet:-1","max-image-preview":"max-image-preview:large","max-video-preview":"max-video-preview:-1"},"canonical":"https:\/\/www.monaco-tribune.com\/it\/2024\/11\/guida-michelin-2024-provenza-alpi-costa-azzurra-3a-regione-piu-stellata-di-francia\/","og_locale":"it_IT","og_type":"article","og_title":"Guida Michelin 2024: Provenza-Alpi-Costa Azzurra 3\u00aa regione pi\u00f9 stellata di Francia - Monaco Tribune","og_description":"In vista della cerimonia della Guida Michelin 2025, che si terr\u00e0 a Metz il 31 marzo, una nuova classifica Preply delle regioni pi\u00f9 stellate di Francia","og_url":"https:\/\/www.monaco-tribune.com\/it\/2024\/11\/guida-michelin-2024-provenza-alpi-costa-azzurra-3a-regione-piu-stellata-di-francia\/","og_site_name":"Monaco Tribune","article_publisher":"https:\/\/www.facebook.com\/MonacoTribune","article_published_time":"2024-11-08T17:14:02+00:00","article_modified_time":"2024-11-08T17:14:59+00:00","og_image":[{"width":700,"height":458,"url":"https:\/\/www.monaco-tribune.com\/wp-content\/uploads\/2023\/03\/sbm_hp-restaurant-louis-xv-2018-0001.jpg","type":"image\/jpeg"}],"author":"Ana\u00efs Riu","twitter_card":"summary_large_image","twitter_creator":"@MonacoTribune","twitter_site":"@MonacoTribune","schema":{"@context":"https:\/\/schema.org","@graph":[{"@type":"NewsArticle","@id":"https:\/\/www.monaco-tribune.com\/it\/2024\/11\/guida-michelin-2024-provenza-alpi-costa-azzurra-3a-regione-piu-stellata-di-francia\/#article","isPartOf":{"@id":"https:\/\/www.monaco-tribune.com\/it\/2024\/11\/guida-michelin-2024-provenza-alpi-costa-azzurra-3a-regione-piu-stellata-di-francia\/"},"author":{"name":"Ana\u00efs Riu","@id":"https:\/\/www.monaco-tribune.com\/it\/#\/schema\/person\/6db631c784f2f0eff54c3ca4d1da2d49"},"headline":"Guida Michelin 2024: Provenza-Alpi-Costa Azzurra 3\u00aa regione pi\u00f9 stellata di Francia","datePublished":"2024-11-08T17:14:02+00:00","dateModified":"2024-11-08T17:14:59+00:00","mainEntityOfPage":{"@id":"https:\/\/www.monaco-tribune.com\/it\/2024\/11\/guida-michelin-2024-provenza-alpi-costa-azzurra-3a-regione-piu-stellata-di-francia\/"},"wordCount":592,"publisher":{"@id":"https:\/\/www.monaco-tribune.com\/it\/#organization"},"image":{"@id":"https:\/\/www.monaco-tribune.com\/it\/2024\/11\/guida-michelin-2024-provenza-alpi-costa-azzurra-3a-regione-piu-stellata-di-francia\/#primaryimage"},"thumbnailUrl":"https:\/\/www.monaco-tribune.com\/wp-content\/uploads\/2023\/03\/sbm_hp-restaurant-louis-xv-2018-0001.jpg","keywords":["Gastronomia"],"articleSection":["Cosa fare","Notizie"],"inLanguage":"it-IT","copyrightYear":"2024","copyrightHolder":{"@id":"https:\/\/www.monaco-tribune.com\/#organization"}},{"@type":"WebPage","@id":"https:\/\/www.monaco-tribune.com\/it\/2024\/11\/guida-michelin-2024-provenza-alpi-costa-azzurra-3a-regione-piu-stellata-di-francia\/","url":"https:\/\/www.monaco-tribune.com\/it\/2024\/11\/guida-michelin-2024-provenza-alpi-costa-azzurra-3a-regione-piu-stellata-di-francia\/","name":"Guida Michelin 2024: Provenza-Alpi-Costa Azzurra 3\u00aa regione pi\u00f9 stellata di Francia","isPartOf":{"@id":"https:\/\/www.monaco-tribune.com\/it\/#website"},"primaryImageOfPage":{"@id":"https:\/\/www.monaco-tribune.com\/it\/2024\/11\/guida-michelin-2024-provenza-alpi-costa-azzurra-3a-regione-piu-stellata-di-francia\/#primaryimage"},"image":{"@id":"https:\/\/www.monaco-tribune.com\/it\/2024\/11\/guida-michelin-2024-provenza-alpi-costa-azzurra-3a-regione-piu-stellata-di-francia\/#primaryimage"},"thumbnailUrl":"https:\/\/www.monaco-tribune.com\/wp-content\/uploads\/2023\/03\/sbm_hp-restaurant-louis-xv-2018-0001.jpg","datePublished":"2024-11-08T17:14:02+00:00","dateModified":"2024-11-08T17:14:59+00:00","description":"In vista della cerimonia della Guida Michelin 2025, che si terr\u00e0 a Metz il 31 marzo, una nuova classifica Preply delle regioni pi\u00f9 stellate di Francia","breadcrumb":{"@id":"https:\/\/www.monaco-tribune.com\/it\/2024\/11\/guida-michelin-2024-provenza-alpi-costa-azzurra-3a-regione-piu-stellata-di-francia\/#breadcrumb"},"inLanguage":"it-IT","potentialAction":[{"@type":"ReadAction","target":["https:\/\/www.monaco-tribune.com\/it\/2024\/11\/guida-michelin-2024-provenza-alpi-costa-azzurra-3a-regione-piu-stellata-di-francia\/"]}]},{"@type":"ImageObject","inLanguage":"it-IT","@id":"https:\/\/www.monaco-tribune.com\/it\/2024\/11\/guida-michelin-2024-provenza-alpi-costa-azzurra-3a-regione-piu-stellata-di-francia\/#primaryimage","url":"https:\/\/www.monaco-tribune.com\/wp-content\/uploads\/2023\/03\/sbm_hp-restaurant-louis-xv-2018-0001.jpg","contentUrl":"https:\/\/www.monaco-tribune.com\/wp-content\/uploads\/2023\/03\/sbm_hp-restaurant-louis-xv-2018-0001.jpg","width":700,"height":458,"caption":"Il Louis XV di Alain Ducasse a Monaco \u00e8 stato eletto secondo miglior ristorante del mondo nel 2023 dalla Liste 1000 \u00a9 Monte-Carlo Soci\u00e9t\u00e9 des Bains de Mer"},{"@type":"BreadcrumbList","@id":"https:\/\/www.monaco-tribune.com\/it\/2024\/11\/guida-michelin-2024-provenza-alpi-costa-azzurra-3a-regione-piu-stellata-di-francia\/#breadcrumb","itemListElement":[{"@type":"ListItem","position":1,"name":"Accueil","item":"https:\/\/www.monaco-tribune.com\/it\/"},{"@type":"ListItem","position":2,"name":"Guida Michelin 2024: Provenza-Alpi-Costa Azzurra 3\u00aa regione pi\u00f9 stellata di Francia"}]},{"@type":"WebSite","@id":"https:\/\/www.monaco-tribune.com\/it\/#website","url":"https:\/\/www.monaco-tribune.com\/it\/","name":"Monaco Tribune","description":"Monaco : actualit\u00e9s \u00e9conomiques, politiques, culturelles et sportives de Monaco et de la French Riviera.","publisher":{"@id":"https:\/\/www.monaco-tribune.com\/it\/#organization"},"potentialAction":[{"@type":"SearchAction","target":{"@type":"EntryPoint","urlTemplate":"https:\/\/www.monaco-tribune.com\/it\/?s={search_term_string}"},"query-input":{"@type":"PropertyValueSpecification","valueRequired":true,"valueName":"search_term_string"}}],"inLanguage":"it-IT"},{"@type":"Organization","@id":"https:\/\/www.monaco-tribune.com\/it\/#organization","name":"Monaco Tribune","url":"https:\/\/www.monaco-tribune.com\/it\/","logo":{"@type":"ImageObject","inLanguage":"it-IT","@id":"https:\/\/www.monaco-tribune.com\/it\/#\/schema\/logo\/image\/","url":"https:\/\/www.monaco-tribune.com\/wp-content\/uploads\/2022\/11\/logo-monaco-tribune.png","contentUrl":"https:\/\/www.monaco-tribune.com\/wp-content\/uploads\/2022\/11\/logo-monaco-tribune.png","width":1548,"height":600,"caption":"Monaco Tribune"},"image":{"@id":"https:\/\/www.monaco-tribune.com\/it\/#\/schema\/logo\/image\/"},"sameAs":["https:\/\/www.facebook.com\/MonacoTribune","https:\/\/x.com\/MonacoTribune","https:\/\/www.instagram.com\/monacotribune\/","https:\/\/www.linkedin.com\/company\/monaco-tribune","https:\/\/www.youtube.com\/channel\/UCHle1MnG6hw1y4lWKijVbMA"]},{"@type":"Person","@id":"https:\/\/www.monaco-tribune.com\/it\/#\/schema\/person\/6db631c784f2f0eff54c3ca4d1da2d49","name":"Ana\u00efs Riu","image":{"@type":"ImageObject","inLanguage":"it-IT","@id":"https:\/\/secure.gravatar.com\/avatar\/9137eff67ff750f1997c171f45e5829ca4c8fa34729a8f8cd9dc85be7e50df7f?s=96&d=mm&r=g","url":"https:\/\/secure.gravatar.com\/avatar\/9137eff67ff750f1997c171f45e5829ca4c8fa34729a8f8cd9dc85be7e50df7f?s=96&d=mm&r=g","contentUrl":"https:\/\/secure.gravatar.com\/avatar\/9137eff67ff750f1997c171f45e5829ca4c8fa34729a8f8cd9dc85be7e50df7f?s=96&d=mm&r=g","caption":"Ana\u00efs Riu"},"url":"https:\/\/www.monaco-tribune.com\/it\/author\/anaisriu\/"}]}},"_links":{"self":[{"href":"https:\/\/www.monaco-tribune.com\/it\/wp-json\/wp\/v2\/posts\/259507","targetHints":{"allow":["GET"]}}],"collection":[{"href":"https:\/\/www.monaco-tribune.com\/it\/wp-json\/wp\/v2\/posts"}],"about":[{"href":"https:\/\/www.monaco-tribune.com\/it\/wp-json\/wp\/v2\/types\/post"}],"author":[{"embeddable":true,"href":"https:\/\/www.monaco-tribune.com\/it\/wp-json\/wp\/v2\/users\/77"}],"replies":[{"embeddable":true,"href":"https:\/\/www.monaco-tribune.com\/it\/wp-json\/wp\/v2\/comments?post=259507"}],"version-history":[{"count":2,"href":"https:\/\/www.monaco-tribune.com\/it\/wp-json\/wp\/v2\/posts\/259507\/revisions"}],"predecessor-version":[{"id":259512,"href":"https:\/\/www.monaco-tribune.com\/it\/wp-json\/wp\/v2\/posts\/259507\/revisions\/259512"}],"wp:featuredmedia":[{"embeddable":true,"href":"https:\/\/www.monaco-tribune.com\/it\/wp-json\/wp\/v2\/media\/166385"}],"wp:attachment":[{"href":"https:\/\/www.monaco-tribune.com\/it\/wp-json\/wp\/v2\/media?parent=259507"}],"wp:term":[{"taxonomy":"category","embeddable":true,"href":"https:\/\/www.monaco-tribune.com\/it\/wp-json\/wp\/v2\/categories?post=259507"},{"taxonomy":"post_tag","embeddable":true,"href":"https:\/\/www.monaco-tribune.com\/it\/wp-json\/wp\/v2\/tags?post=259507"},{"taxonomy":"sectag","embeddable":true,"href":"https:\/\/www.monaco-tribune.com\/it\/wp-json\/wp\/v2\/post_sectags?post=259507"},{"taxonomy":"format","embeddable":true,"href":"https:\/\/www.monaco-tribune.com\/it\/wp-json\/wp\/v2\/post_format?post=259507"}],"curies":[{"name":"wp","href":"https:\/\/api.w.org\/{rel}","templated":true}]}}