{"id":259669,"date":"2024-11-11T14:47:01","date_gmt":"2024-11-11T12:47:01","guid":{"rendered":"https:\/\/www.monaco-tribune.com\/2024\/11\/e-fondamentale-quando-si-hanno-due-gemelli-charlene-di-monaco-parla-del-suo-modo-di-crescere-jacques-e-gabriella\/"},"modified":"2024-11-11T14:47:07","modified_gmt":"2024-11-11T12:47:07","slug":"e-fondamentale-quando-si-hanno-due-gemelli-charlene-di-monaco-parla-del-suo-modo-di-crescere-jacques-e-gabriella","status":"publish","type":"post","link":"https:\/\/www.monaco-tribune.com\/it\/2024\/11\/e-fondamentale-quando-si-hanno-due-gemelli-charlene-di-monaco-parla-del-suo-modo-di-crescere-jacques-e-gabriella\/","title":{"rendered":"&#8220;\u00c8 fondamentale quando si hanno due gemelli&#8221;: Charl\u00e8ne di Monaco parla del suo modo di crescere Jacques e Gabriella"},"content":{"rendered":"\n<p><strong>In un&#8217;intervista alla rivista Gala, pubblicata gioved\u00ec 7 novembre, la Principessa Charl\u00e8ne si \u00e8 confidata su diversi argomenti: il suo impegno per la causa animalista, il suo ruolo di madre e le sue battaglie.<\/strong><\/p>\n\n<p>In qualit\u00e0 di Presidente della SPA di Monaco, dal 2022 la Principessa Charl\u00e8ne ha fatto della protezione degli animali una priorit\u00e0. Il 16 settembre, in compagnia del marito il Principe Alberto, ha inaugurato <a href=\"https:\/\/www.monaco-tribune.com\/it\/2024\/09\/il-principe-alberto-ii-e-la-principessa-charlene-inaugurano-il-nuovo-rifugio-della-spa-di-monaco\/\">un nuovissimo rifugio a Peille<\/a>. \u201cCi sono voluti due anni dalla posa della prima pietra per costruire questo edificio ultramoderno su un terreno di 3.750 m2. Abbiamo incrementato la nostra capacit\u00e0 di accoglienza e ora possiamo ospitare quaranta cani e cinquanta gatti. Abbiamo anche uno spazio dedicato ai nuovi animali da compagnia (NAC) e agli uccelli\u201d, ha dichiarato la Principessa.<\/p>\n\n<p>In realt\u00e0, il suo amore per gli animali risale alla prima infanzia. &#8220;Quando ero bambina, la mia famiglia mi ha insegnato a salvaguardare il benessere degli animali e a lottare contro il loro maltrattamento. Abbiamo sempre amato e protetto gli animali\u201d, dice la Principessa, per poi ricordare i suoi primi cani, dei Rhodesian Ridgeback.<\/p>\n\n<h2 class=\"wp-block-heading\" id=\"h-elever-des-jumeaux-de-bientot-10-ans-nbsp\">Crescere due gemelli di quasi 10 anni<\/h2>\n\n<p>L&#8217;adolescenza di Jacques e Gabriella si avvicina sempre di pi\u00f9, visto che il 10 dicembre compiranno 10 anni. E come molti genitori, il Principe Alberto II e la Principessa Charl\u00e8ne nutrono qualche preoccupazione. \u201cPossiamo gi\u00e0 immaginare a cosa saranno esposti&#8230; Il mondo di oggi \u00e8 molto diverso da quello in cui siamo cresciuti noi. I bambini sono molto pi\u00f9 a contatto con i media e la tecnologia. Quello che vedono e il modo in cui elaborano le informazioni \u00e8 molto diverso da quello a cui eravamo abituati noi. Devo ammettere che c&#8217;\u00e8 molta pressione&#8221;.<\/p>\n\n<p>Alla domanda su come \u00e8 organizzata la sua vita di madre di due gemelli, Charl\u00e8ne di Monaco ammette che \u201c\u00e8 difficile trovare del tempo da trascorrere da sola con ognuno di loro, ma \u00e8 fondamentale quando si hanno due gemelli. Le conversazioni che ho con Jacques sono molto diverse da quelle che ho con Gabriella, cos\u00ec come il tempo che trascorro con loro&#8221;.<\/p>\n\n<p>A soli 9 anni, i due bambini sembrano gi\u00e0 aver sviluppato il proprio carattere. \u201cGabriella \u00e8 molto curiosa. \u00c8 molto affascinata dal mondo e dalla vita in generale. Fa molte domande e pretende molta attenzione. Quanto a Jacques, \u00e8 curioso e osservatore. Pi\u00f9 riservato e dalla natura pi\u00f9 calma\u201d, afferma. La dimostrazione di quanto si completino a vicenda!<\/p>\n\n<h2 class=\"wp-block-heading\" id=\"h-une-vision-sereine-du-temps-qui-passe\">Una visione serena del tempo che passa<\/h2>\n\n<p>Appassionata di sport, Charl\u00e8ne di Monaco continua ad allenarsi camminando, andando in bicicletta e nuotando. La differenza rispetto a quando era giovane sta nell&#8217;intensit\u00e0 dell&#8217;allenamento. \u201cQuando ero giovane, facevo un allenamento molto intenso, spingevo il mio corpo al limite. Oggi mi alleno con moderazione. Il che a volte \u00e8 piuttosto difficile, perch\u00e9 la mia natura \u00e8 quella di battere record, vincere medaglie, superare i miei limiti\u201d, spiega l&#8217;ex nuotatrice agonista.<\/p>\n\n<p>Sulla sua definizione di bellezza, la Principessa ha affermato senza esitare che \u201c\u00e8 qualcosa di imperfetto\u201d, per poi aggiungere: \u201cAl giorno d&#8217;oggi, ho l&#8217;impressione che ci sia una ricerca della perfezione fisica. Ma \u00e8 chiaramente irraggiungibile\u201d.<\/p>\n\n<p>Colei che ha trascorso l&#8217;adolescenza ad allenarsi per i Giochi Olimpici, come ha spiegato a Gala, ha anche rivelato di non aver paura di invecchiare. \u201cPenso che dobbiamo accettarlo. Inseguire l&#8217;eterna giovinezza \u00e8 un&#8217;illusione. Cerco solo di rimanere il pi\u00f9 giovane possibile nel cuore e nella mente\u201d. Parole da vera principessa&#8230;<\/p>\n\n<p class=\"related\"><a href=\"https:\/\/www.monaco-tribune.com\/it\/2024\/11\/la-principessa-charlene-nominata-presidente-della-federazione-monegasca-di-rugby\/\">La Principessa Charl\u00e8ne nominata presidente della Federazione Monegasca di Rugby<\/a><\/p>\n","protected":false},"excerpt":{"rendered":"<p>In un&#8217;intervista alla rivista Gala, pubblicata gioved\u00ec 7 novembre, la Principessa Charl\u00e8ne si \u00e8 confidata su diversi argomenti: il suo [&hellip;]<\/p>\n","protected":false},"author":47,"featured_media":235178,"comment_status":"closed","ping_status":"closed","sticky":false,"template":"","format":"standard","meta":{"_acf_changed":false,"footnotes":""},"categories":[1742,1826,1738],"tags":[2944],"post_sectags":[3574,3575],"post_format":[2476],"class_list":["post-259669","post","type-post","status-publish","format-standard","has-post-thumbnail","hentry","category-famiglia-principesca","category-la-nostra-scelta","category-notizie","tag-principessa-charlene","sectag-principe-ereditario-jacques","sectag-principessa-gabriella","format-intervista"],"acf":[],"yoast_head":"<!-- This site is optimized with the Yoast SEO Premium plugin v26.8 (Yoast SEO v27.5) - https:\/\/yoast.com\/product\/yoast-seo-premium-wordpress\/ -->\n<title>&quot;\u00c8 fondamentale quando si hanno due gemelli&quot;: Charl\u00e8ne di Monaco parla del suo modo di crescere Jacques e Gabriella<\/title>\n<meta name=\"description\" content=\"In un&#039;intervista alla rivista Gala, pubblicata gioved\u00ec 7 novembre, la Principessa Charl\u00e8ne si \u00e8 confidata su diversi argomenti: il suo impegno per la\" \/>\n<meta name=\"robots\" content=\"index, follow, max-snippet:-1, max-image-preview:large, max-video-preview:-1\" \/>\n<link rel=\"canonical\" href=\"https:\/\/www.monaco-tribune.com\/it\/2024\/11\/e-fondamentale-quando-si-hanno-due-gemelli-charlene-di-monaco-parla-del-suo-modo-di-crescere-jacques-e-gabriella\/\" \/>\n<meta property=\"og:locale\" content=\"it_IT\" \/>\n<meta property=\"og:type\" content=\"article\" \/>\n<meta property=\"og:title\" content=\"&quot;\u00c8 fondamentale quando si hanno due gemelli&quot;: Charl\u00e8ne di Monaco parla del suo modo di crescere Jacques e Gabriella - Monaco Tribune\" \/>\n<meta property=\"og:description\" content=\"In un&#039;intervista alla rivista Gala, pubblicata gioved\u00ec 7 novembre, la Principessa Charl\u00e8ne si \u00e8 confidata su diversi argomenti: il suo impegno per la\" \/>\n<meta property=\"og:url\" content=\"https:\/\/www.monaco-tribune.com\/it\/2024\/11\/e-fondamentale-quando-si-hanno-due-gemelli-charlene-di-monaco-parla-del-suo-modo-di-crescere-jacques-e-gabriella\/\" \/>\n<meta property=\"og:site_name\" content=\"Monaco Tribune\" \/>\n<meta property=\"article:publisher\" content=\"https:\/\/www.facebook.com\/MonacoTribune\" \/>\n<meta property=\"article:published_time\" content=\"2024-11-11T12:47:01+00:00\" \/>\n<meta property=\"article:modified_time\" content=\"2024-11-11T12:47:07+00:00\" \/>\n<meta property=\"og:image\" content=\"https:\/\/www.monaco-tribune.com\/wp-content\/uploads\/2024\/05\/442474344_970188631774737_970924311898428763_n.jpg\" \/>\n\t<meta property=\"og:image:width\" content=\"1200\" \/>\n\t<meta property=\"og:image:height\" content=\"800\" \/>\n\t<meta property=\"og:image:type\" content=\"image\/jpeg\" \/>\n<meta name=\"author\" content=\"Agathe Ch\u00e9reau\" \/>\n<meta name=\"twitter:card\" content=\"summary_large_image\" \/>\n<meta name=\"twitter:creator\" content=\"@MonacoTribune\" \/>\n<meta name=\"twitter:site\" content=\"@MonacoTribune\" \/>\n<script type=\"application\/ld+json\" class=\"yoast-schema-graph\">{\"@context\":\"https:\\\/\\\/schema.org\",\"@graph\":[{\"@type\":\"NewsArticle\",\"@id\":\"https:\\\/\\\/www.monaco-tribune.com\\\/it\\\/2024\\\/11\\\/e-fondamentale-quando-si-hanno-due-gemelli-charlene-di-monaco-parla-del-suo-modo-di-crescere-jacques-e-gabriella\\\/#article\",\"isPartOf\":{\"@id\":\"https:\\\/\\\/www.monaco-tribune.com\\\/it\\\/2024\\\/11\\\/e-fondamentale-quando-si-hanno-due-gemelli-charlene-di-monaco-parla-del-suo-modo-di-crescere-jacques-e-gabriella\\\/\"},\"author\":{\"name\":\"Agathe Ch\u00e9reau\",\"@id\":\"https:\\\/\\\/www.monaco-tribune.com\\\/it\\\/#\\\/schema\\\/person\\\/fba2f8d5a098d473c92e84cc43a8f730\"},\"headline\":\"&#8220;\u00c8 fondamentale quando si hanno due gemelli&#8221;: Charl\u00e8ne di Monaco parla del suo modo di crescere Jacques e Gabriella\",\"datePublished\":\"2024-11-11T12:47:01+00:00\",\"dateModified\":\"2024-11-11T12:47:07+00:00\",\"mainEntityOfPage\":{\"@id\":\"https:\\\/\\\/www.monaco-tribune.com\\\/it\\\/2024\\\/11\\\/e-fondamentale-quando-si-hanno-due-gemelli-charlene-di-monaco-parla-del-suo-modo-di-crescere-jacques-e-gabriella\\\/\"},\"wordCount\":590,\"publisher\":{\"@id\":\"https:\\\/\\\/www.monaco-tribune.com\\\/it\\\/#organization\"},\"image\":{\"@id\":\"https:\\\/\\\/www.monaco-tribune.com\\\/it\\\/2024\\\/11\\\/e-fondamentale-quando-si-hanno-due-gemelli-charlene-di-monaco-parla-del-suo-modo-di-crescere-jacques-e-gabriella\\\/#primaryimage\"},\"thumbnailUrl\":\"https:\\\/\\\/www.monaco-tribune.com\\\/wp-content\\\/uploads\\\/2024\\\/05\\\/442474344_970188631774737_970924311898428763_n.jpg\",\"keywords\":[\"Principessa Charl\u00e8ne\"],\"articleSection\":[\"Famiglia Principesca\",\"La nostra scelta\",\"Notizie\"],\"inLanguage\":\"it-IT\",\"copyrightYear\":\"2024\",\"copyrightHolder\":{\"@id\":\"https:\\\/\\\/www.monaco-tribune.com\\\/#organization\"}},{\"@type\":\"WebPage\",\"@id\":\"https:\\\/\\\/www.monaco-tribune.com\\\/it\\\/2024\\\/11\\\/e-fondamentale-quando-si-hanno-due-gemelli-charlene-di-monaco-parla-del-suo-modo-di-crescere-jacques-e-gabriella\\\/\",\"url\":\"https:\\\/\\\/www.monaco-tribune.com\\\/it\\\/2024\\\/11\\\/e-fondamentale-quando-si-hanno-due-gemelli-charlene-di-monaco-parla-del-suo-modo-di-crescere-jacques-e-gabriella\\\/\",\"name\":\"\\\"\u00c8 fondamentale quando si hanno due gemelli\\\": Charl\u00e8ne di Monaco parla del suo modo di crescere Jacques e Gabriella\",\"isPartOf\":{\"@id\":\"https:\\\/\\\/www.monaco-tribune.com\\\/it\\\/#website\"},\"primaryImageOfPage\":{\"@id\":\"https:\\\/\\\/www.monaco-tribune.com\\\/it\\\/2024\\\/11\\\/e-fondamentale-quando-si-hanno-due-gemelli-charlene-di-monaco-parla-del-suo-modo-di-crescere-jacques-e-gabriella\\\/#primaryimage\"},\"image\":{\"@id\":\"https:\\\/\\\/www.monaco-tribune.com\\\/it\\\/2024\\\/11\\\/e-fondamentale-quando-si-hanno-due-gemelli-charlene-di-monaco-parla-del-suo-modo-di-crescere-jacques-e-gabriella\\\/#primaryimage\"},\"thumbnailUrl\":\"https:\\\/\\\/www.monaco-tribune.com\\\/wp-content\\\/uploads\\\/2024\\\/05\\\/442474344_970188631774737_970924311898428763_n.jpg\",\"datePublished\":\"2024-11-11T12:47:01+00:00\",\"dateModified\":\"2024-11-11T12:47:07+00:00\",\"description\":\"In un'intervista alla rivista Gala, pubblicata gioved\u00ec 7 novembre, la Principessa Charl\u00e8ne si \u00e8 confidata su diversi argomenti: il suo impegno per la\",\"breadcrumb\":{\"@id\":\"https:\\\/\\\/www.monaco-tribune.com\\\/it\\\/2024\\\/11\\\/e-fondamentale-quando-si-hanno-due-gemelli-charlene-di-monaco-parla-del-suo-modo-di-crescere-jacques-e-gabriella\\\/#breadcrumb\"},\"inLanguage\":\"it-IT\",\"potentialAction\":[{\"@type\":\"ReadAction\",\"target\":[\"https:\\\/\\\/www.monaco-tribune.com\\\/it\\\/2024\\\/11\\\/e-fondamentale-quando-si-hanno-due-gemelli-charlene-di-monaco-parla-del-suo-modo-di-crescere-jacques-e-gabriella\\\/\"]}]},{\"@type\":\"ImageObject\",\"inLanguage\":\"it-IT\",\"@id\":\"https:\\\/\\\/www.monaco-tribune.com\\\/it\\\/2024\\\/11\\\/e-fondamentale-quando-si-hanno-due-gemelli-charlene-di-monaco-parla-del-suo-modo-di-crescere-jacques-e-gabriella\\\/#primaryimage\",\"url\":\"https:\\\/\\\/www.monaco-tribune.com\\\/wp-content\\\/uploads\\\/2024\\\/05\\\/442474344_970188631774737_970924311898428763_n.jpg\",\"contentUrl\":\"https:\\\/\\\/www.monaco-tribune.com\\\/wp-content\\\/uploads\\\/2024\\\/05\\\/442474344_970188631774737_970924311898428763_n.jpg\",\"width\":1200,\"height\":800,\"caption\":\"La Famiglia Principesca dal Palazzo per il Corpus Domini \u00a9 Direction de la communication \\\/ Manuel Vitali\"},{\"@type\":\"BreadcrumbList\",\"@id\":\"https:\\\/\\\/www.monaco-tribune.com\\\/it\\\/2024\\\/11\\\/e-fondamentale-quando-si-hanno-due-gemelli-charlene-di-monaco-parla-del-suo-modo-di-crescere-jacques-e-gabriella\\\/#breadcrumb\",\"itemListElement\":[{\"@type\":\"ListItem\",\"position\":1,\"name\":\"Accueil\",\"item\":\"https:\\\/\\\/www.monaco-tribune.com\\\/it\\\/\"},{\"@type\":\"ListItem\",\"position\":2,\"name\":\"&#8220;\u00c8 fondamentale quando si hanno due gemelli&#8221;: Charl\u00e8ne di Monaco parla del suo modo di crescere Jacques e Gabriella\"}]},{\"@type\":\"WebSite\",\"@id\":\"https:\\\/\\\/www.monaco-tribune.com\\\/it\\\/#website\",\"url\":\"https:\\\/\\\/www.monaco-tribune.com\\\/it\\\/\",\"name\":\"Monaco Tribune\",\"description\":\"Monaco : actualit\u00e9s \u00e9conomiques, politiques, culturelles et sportives de Monaco et de la French Riviera.\",\"publisher\":{\"@id\":\"https:\\\/\\\/www.monaco-tribune.com\\\/it\\\/#organization\"},\"potentialAction\":[{\"@type\":\"SearchAction\",\"target\":{\"@type\":\"EntryPoint\",\"urlTemplate\":\"https:\\\/\\\/www.monaco-tribune.com\\\/it\\\/?s={search_term_string}\"},\"query-input\":{\"@type\":\"PropertyValueSpecification\",\"valueRequired\":true,\"valueName\":\"search_term_string\"}}],\"inLanguage\":\"it-IT\"},{\"@type\":\"Organization\",\"@id\":\"https:\\\/\\\/www.monaco-tribune.com\\\/it\\\/#organization\",\"name\":\"Monaco Tribune\",\"url\":\"https:\\\/\\\/www.monaco-tribune.com\\\/it\\\/\",\"logo\":{\"@type\":\"ImageObject\",\"inLanguage\":\"it-IT\",\"@id\":\"https:\\\/\\\/www.monaco-tribune.com\\\/it\\\/#\\\/schema\\\/logo\\\/image\\\/\",\"url\":\"https:\\\/\\\/www.monaco-tribune.com\\\/wp-content\\\/uploads\\\/2022\\\/11\\\/logo-monaco-tribune.png\",\"contentUrl\":\"https:\\\/\\\/www.monaco-tribune.com\\\/wp-content\\\/uploads\\\/2022\\\/11\\\/logo-monaco-tribune.png\",\"width\":1548,\"height\":600,\"caption\":\"Monaco Tribune\"},\"image\":{\"@id\":\"https:\\\/\\\/www.monaco-tribune.com\\\/it\\\/#\\\/schema\\\/logo\\\/image\\\/\"},\"sameAs\":[\"https:\\\/\\\/www.facebook.com\\\/MonacoTribune\",\"https:\\\/\\\/x.com\\\/MonacoTribune\",\"https:\\\/\\\/www.instagram.com\\\/monacotribune\\\/\",\"https:\\\/\\\/www.linkedin.com\\\/company\\\/monaco-tribune\",\"https:\\\/\\\/www.youtube.com\\\/channel\\\/UCHle1MnG6hw1y4lWKijVbMA\"]},{\"@type\":\"Person\",\"@id\":\"https:\\\/\\\/www.monaco-tribune.com\\\/it\\\/#\\\/schema\\\/person\\\/fba2f8d5a098d473c92e84cc43a8f730\",\"name\":\"Agathe Ch\u00e9reau\",\"image\":{\"@type\":\"ImageObject\",\"inLanguage\":\"it-IT\",\"@id\":\"https:\\\/\\\/secure.gravatar.com\\\/avatar\\\/884b20ed9d4430c24d77a3ad560b1c21da67bd6992531a1971822779f9988ea5?s=96&d=mm&r=g\",\"url\":\"https:\\\/\\\/secure.gravatar.com\\\/avatar\\\/884b20ed9d4430c24d77a3ad560b1c21da67bd6992531a1971822779f9988ea5?s=96&d=mm&r=g\",\"contentUrl\":\"https:\\\/\\\/secure.gravatar.com\\\/avatar\\\/884b20ed9d4430c24d77a3ad560b1c21da67bd6992531a1971822779f9988ea5?s=96&d=mm&r=g\",\"caption\":\"Agathe Ch\u00e9reau\"},\"url\":\"https:\\\/\\\/www.monaco-tribune.com\\\/it\\\/author\\\/agathechereau\\\/\"}]}<\/script>\n<!-- \/ Yoast SEO Premium plugin. -->","yoast_head_json":{"title":"\"\u00c8 fondamentale quando si hanno due gemelli\": Charl\u00e8ne di Monaco parla del suo modo di crescere Jacques e Gabriella","description":"In un'intervista alla rivista Gala, pubblicata gioved\u00ec 7 novembre, la Principessa Charl\u00e8ne si \u00e8 confidata su diversi argomenti: il suo impegno per la","robots":{"index":"index","follow":"follow","max-snippet":"max-snippet:-1","max-image-preview":"max-image-preview:large","max-video-preview":"max-video-preview:-1"},"canonical":"https:\/\/www.monaco-tribune.com\/it\/2024\/11\/e-fondamentale-quando-si-hanno-due-gemelli-charlene-di-monaco-parla-del-suo-modo-di-crescere-jacques-e-gabriella\/","og_locale":"it_IT","og_type":"article","og_title":"\"\u00c8 fondamentale quando si hanno due gemelli\": Charl\u00e8ne di Monaco parla del suo modo di crescere Jacques e Gabriella - Monaco Tribune","og_description":"In un'intervista alla rivista Gala, pubblicata gioved\u00ec 7 novembre, la Principessa Charl\u00e8ne si \u00e8 confidata su diversi argomenti: il suo impegno per la","og_url":"https:\/\/www.monaco-tribune.com\/it\/2024\/11\/e-fondamentale-quando-si-hanno-due-gemelli-charlene-di-monaco-parla-del-suo-modo-di-crescere-jacques-e-gabriella\/","og_site_name":"Monaco Tribune","article_publisher":"https:\/\/www.facebook.com\/MonacoTribune","article_published_time":"2024-11-11T12:47:01+00:00","article_modified_time":"2024-11-11T12:47:07+00:00","og_image":[{"width":1200,"height":800,"url":"https:\/\/www.monaco-tribune.com\/wp-content\/uploads\/2024\/05\/442474344_970188631774737_970924311898428763_n.jpg","type":"image\/jpeg"}],"author":"Agathe Ch\u00e9reau","twitter_card":"summary_large_image","twitter_creator":"@MonacoTribune","twitter_site":"@MonacoTribune","schema":{"@context":"https:\/\/schema.org","@graph":[{"@type":"NewsArticle","@id":"https:\/\/www.monaco-tribune.com\/it\/2024\/11\/e-fondamentale-quando-si-hanno-due-gemelli-charlene-di-monaco-parla-del-suo-modo-di-crescere-jacques-e-gabriella\/#article","isPartOf":{"@id":"https:\/\/www.monaco-tribune.com\/it\/2024\/11\/e-fondamentale-quando-si-hanno-due-gemelli-charlene-di-monaco-parla-del-suo-modo-di-crescere-jacques-e-gabriella\/"},"author":{"name":"Agathe Ch\u00e9reau","@id":"https:\/\/www.monaco-tribune.com\/it\/#\/schema\/person\/fba2f8d5a098d473c92e84cc43a8f730"},"headline":"&#8220;\u00c8 fondamentale quando si hanno due gemelli&#8221;: Charl\u00e8ne di Monaco parla del suo modo di crescere Jacques e Gabriella","datePublished":"2024-11-11T12:47:01+00:00","dateModified":"2024-11-11T12:47:07+00:00","mainEntityOfPage":{"@id":"https:\/\/www.monaco-tribune.com\/it\/2024\/11\/e-fondamentale-quando-si-hanno-due-gemelli-charlene-di-monaco-parla-del-suo-modo-di-crescere-jacques-e-gabriella\/"},"wordCount":590,"publisher":{"@id":"https:\/\/www.monaco-tribune.com\/it\/#organization"},"image":{"@id":"https:\/\/www.monaco-tribune.com\/it\/2024\/11\/e-fondamentale-quando-si-hanno-due-gemelli-charlene-di-monaco-parla-del-suo-modo-di-crescere-jacques-e-gabriella\/#primaryimage"},"thumbnailUrl":"https:\/\/www.monaco-tribune.com\/wp-content\/uploads\/2024\/05\/442474344_970188631774737_970924311898428763_n.jpg","keywords":["Principessa Charl\u00e8ne"],"articleSection":["Famiglia Principesca","La nostra scelta","Notizie"],"inLanguage":"it-IT","copyrightYear":"2024","copyrightHolder":{"@id":"https:\/\/www.monaco-tribune.com\/#organization"}},{"@type":"WebPage","@id":"https:\/\/www.monaco-tribune.com\/it\/2024\/11\/e-fondamentale-quando-si-hanno-due-gemelli-charlene-di-monaco-parla-del-suo-modo-di-crescere-jacques-e-gabriella\/","url":"https:\/\/www.monaco-tribune.com\/it\/2024\/11\/e-fondamentale-quando-si-hanno-due-gemelli-charlene-di-monaco-parla-del-suo-modo-di-crescere-jacques-e-gabriella\/","name":"\"\u00c8 fondamentale quando si hanno due gemelli\": Charl\u00e8ne di Monaco parla del suo modo di crescere Jacques e Gabriella","isPartOf":{"@id":"https:\/\/www.monaco-tribune.com\/it\/#website"},"primaryImageOfPage":{"@id":"https:\/\/www.monaco-tribune.com\/it\/2024\/11\/e-fondamentale-quando-si-hanno-due-gemelli-charlene-di-monaco-parla-del-suo-modo-di-crescere-jacques-e-gabriella\/#primaryimage"},"image":{"@id":"https:\/\/www.monaco-tribune.com\/it\/2024\/11\/e-fondamentale-quando-si-hanno-due-gemelli-charlene-di-monaco-parla-del-suo-modo-di-crescere-jacques-e-gabriella\/#primaryimage"},"thumbnailUrl":"https:\/\/www.monaco-tribune.com\/wp-content\/uploads\/2024\/05\/442474344_970188631774737_970924311898428763_n.jpg","datePublished":"2024-11-11T12:47:01+00:00","dateModified":"2024-11-11T12:47:07+00:00","description":"In un'intervista alla rivista Gala, pubblicata gioved\u00ec 7 novembre, la Principessa Charl\u00e8ne si \u00e8 confidata su diversi argomenti: il suo impegno per la","breadcrumb":{"@id":"https:\/\/www.monaco-tribune.com\/it\/2024\/11\/e-fondamentale-quando-si-hanno-due-gemelli-charlene-di-monaco-parla-del-suo-modo-di-crescere-jacques-e-gabriella\/#breadcrumb"},"inLanguage":"it-IT","potentialAction":[{"@type":"ReadAction","target":["https:\/\/www.monaco-tribune.com\/it\/2024\/11\/e-fondamentale-quando-si-hanno-due-gemelli-charlene-di-monaco-parla-del-suo-modo-di-crescere-jacques-e-gabriella\/"]}]},{"@type":"ImageObject","inLanguage":"it-IT","@id":"https:\/\/www.monaco-tribune.com\/it\/2024\/11\/e-fondamentale-quando-si-hanno-due-gemelli-charlene-di-monaco-parla-del-suo-modo-di-crescere-jacques-e-gabriella\/#primaryimage","url":"https:\/\/www.monaco-tribune.com\/wp-content\/uploads\/2024\/05\/442474344_970188631774737_970924311898428763_n.jpg","contentUrl":"https:\/\/www.monaco-tribune.com\/wp-content\/uploads\/2024\/05\/442474344_970188631774737_970924311898428763_n.jpg","width":1200,"height":800,"caption":"La Famiglia Principesca dal Palazzo per il Corpus Domini \u00a9 Direction de la communication \/ Manuel Vitali"},{"@type":"BreadcrumbList","@id":"https:\/\/www.monaco-tribune.com\/it\/2024\/11\/e-fondamentale-quando-si-hanno-due-gemelli-charlene-di-monaco-parla-del-suo-modo-di-crescere-jacques-e-gabriella\/#breadcrumb","itemListElement":[{"@type":"ListItem","position":1,"name":"Accueil","item":"https:\/\/www.monaco-tribune.com\/it\/"},{"@type":"ListItem","position":2,"name":"&#8220;\u00c8 fondamentale quando si hanno due gemelli&#8221;: Charl\u00e8ne di Monaco parla del suo modo di crescere Jacques e Gabriella"}]},{"@type":"WebSite","@id":"https:\/\/www.monaco-tribune.com\/it\/#website","url":"https:\/\/www.monaco-tribune.com\/it\/","name":"Monaco Tribune","description":"Monaco : actualit\u00e9s \u00e9conomiques, politiques, culturelles et sportives de Monaco et de la French Riviera.","publisher":{"@id":"https:\/\/www.monaco-tribune.com\/it\/#organization"},"potentialAction":[{"@type":"SearchAction","target":{"@type":"EntryPoint","urlTemplate":"https:\/\/www.monaco-tribune.com\/it\/?s={search_term_string}"},"query-input":{"@type":"PropertyValueSpecification","valueRequired":true,"valueName":"search_term_string"}}],"inLanguage":"it-IT"},{"@type":"Organization","@id":"https:\/\/www.monaco-tribune.com\/it\/#organization","name":"Monaco Tribune","url":"https:\/\/www.monaco-tribune.com\/it\/","logo":{"@type":"ImageObject","inLanguage":"it-IT","@id":"https:\/\/www.monaco-tribune.com\/it\/#\/schema\/logo\/image\/","url":"https:\/\/www.monaco-tribune.com\/wp-content\/uploads\/2022\/11\/logo-monaco-tribune.png","contentUrl":"https:\/\/www.monaco-tribune.com\/wp-content\/uploads\/2022\/11\/logo-monaco-tribune.png","width":1548,"height":600,"caption":"Monaco Tribune"},"image":{"@id":"https:\/\/www.monaco-tribune.com\/it\/#\/schema\/logo\/image\/"},"sameAs":["https:\/\/www.facebook.com\/MonacoTribune","https:\/\/x.com\/MonacoTribune","https:\/\/www.instagram.com\/monacotribune\/","https:\/\/www.linkedin.com\/company\/monaco-tribune","https:\/\/www.youtube.com\/channel\/UCHle1MnG6hw1y4lWKijVbMA"]},{"@type":"Person","@id":"https:\/\/www.monaco-tribune.com\/it\/#\/schema\/person\/fba2f8d5a098d473c92e84cc43a8f730","name":"Agathe Ch\u00e9reau","image":{"@type":"ImageObject","inLanguage":"it-IT","@id":"https:\/\/secure.gravatar.com\/avatar\/884b20ed9d4430c24d77a3ad560b1c21da67bd6992531a1971822779f9988ea5?s=96&d=mm&r=g","url":"https:\/\/secure.gravatar.com\/avatar\/884b20ed9d4430c24d77a3ad560b1c21da67bd6992531a1971822779f9988ea5?s=96&d=mm&r=g","contentUrl":"https:\/\/secure.gravatar.com\/avatar\/884b20ed9d4430c24d77a3ad560b1c21da67bd6992531a1971822779f9988ea5?s=96&d=mm&r=g","caption":"Agathe Ch\u00e9reau"},"url":"https:\/\/www.monaco-tribune.com\/it\/author\/agathechereau\/"}]}},"_links":{"self":[{"href":"https:\/\/www.monaco-tribune.com\/it\/wp-json\/wp\/v2\/posts\/259669","targetHints":{"allow":["GET"]}}],"collection":[{"href":"https:\/\/www.monaco-tribune.com\/it\/wp-json\/wp\/v2\/posts"}],"about":[{"href":"https:\/\/www.monaco-tribune.com\/it\/wp-json\/wp\/v2\/types\/post"}],"author":[{"embeddable":true,"href":"https:\/\/www.monaco-tribune.com\/it\/wp-json\/wp\/v2\/users\/47"}],"replies":[{"embeddable":true,"href":"https:\/\/www.monaco-tribune.com\/it\/wp-json\/wp\/v2\/comments?post=259669"}],"version-history":[{"count":2,"href":"https:\/\/www.monaco-tribune.com\/it\/wp-json\/wp\/v2\/posts\/259669\/revisions"}],"predecessor-version":[{"id":259672,"href":"https:\/\/www.monaco-tribune.com\/it\/wp-json\/wp\/v2\/posts\/259669\/revisions\/259672"}],"wp:featuredmedia":[{"embeddable":true,"href":"https:\/\/www.monaco-tribune.com\/it\/wp-json\/wp\/v2\/media\/235178"}],"wp:attachment":[{"href":"https:\/\/www.monaco-tribune.com\/it\/wp-json\/wp\/v2\/media?parent=259669"}],"wp:term":[{"taxonomy":"category","embeddable":true,"href":"https:\/\/www.monaco-tribune.com\/it\/wp-json\/wp\/v2\/categories?post=259669"},{"taxonomy":"post_tag","embeddable":true,"href":"https:\/\/www.monaco-tribune.com\/it\/wp-json\/wp\/v2\/tags?post=259669"},{"taxonomy":"sectag","embeddable":true,"href":"https:\/\/www.monaco-tribune.com\/it\/wp-json\/wp\/v2\/post_sectags?post=259669"},{"taxonomy":"format","embeddable":true,"href":"https:\/\/www.monaco-tribune.com\/it\/wp-json\/wp\/v2\/post_format?post=259669"}],"curies":[{"name":"wp","href":"https:\/\/api.w.org\/{rel}","templated":true}]}}