{"id":25978,"date":"2020-04-14T18:18:10","date_gmt":"2020-04-14T16:18:10","guid":{"rendered":"https:\/\/www.monaco-tribune.com\/2020\/04\/come-creare-un-autosalone-di-successo-intervista-a-nicolas-hesse\/"},"modified":"2020-11-22T22:24:58","modified_gmt":"2020-11-22T21:24:58","slug":"come-creare-un-autosalone-di-successo-intervista-a-nicolas-hesse","status":"publish","type":"post","link":"https:\/\/www.monaco-tribune.com\/it\/2020\/04\/come-creare-un-autosalone-di-successo-intervista-a-nicolas-hesse\/","title":{"rendered":"Come creare un autosalone di successo? Intervista a Nicolas Hesse"},"content":{"rendered":"<p><strong>Nicolas Hesse ha creato il primo grande salone dell&#8217;auto del Principato di Monaco \u2013 il SIAM (Salone Internazionale dell\u2019Automobile di Monaco), che si \u00e8 gi\u00e0 tenuto quattro volte a Montecarlo. Abbiamo parlato con l&#8217;ambizioso co-fondatore del SIAM per sapere come creare autosalone di successo partendo da zero.<\/strong><\/p>\n<p>&nbsp;<\/p>\n<p><strong>Perch\u00e9 ha deciso di entrare nel settore dell&#8217;auto?<\/strong><br \/>\nMio padre era presidente del Salone dell&#8217;automobile di Parigi (in francese Mondial de l&#8217;Automobile). Mi ha insegnato molte cose su questo settore. Dopo alcuni anni passati a suonare in una rock band negli Stati Uniti, ho deciso di lavorare con lui e di lavorare alla creazione di un nuovo tipo di salone dell&#8217;auto qui nel Principato.<\/p>\n<p><strong>Come Le \u00e8 venuta l&#8217;idea di creare un autosalone per Montecarlo?<\/strong><br \/>\nL&#8217;idea \u00e8 stata abbastanza spontanea. Durante una visita ufficiale del Principe Alberto II di Monaco al Salone dell&#8217;automobile di Parigi, gli abbiamo parlato dell&#8217;opportunit\u00e0 di creare un evento speciale a Montecarlo, dato che a questo punto non esisteva nulla di simile. L&#8217;idea gli \u00e8 piaciuta, ci ha dato il suo Alto Patronato e ci abbiamo lavorato per un anno.<br \/>\nLa difficolt\u00e0 principale quando si crea un nuovo evento \u00e8 che bisogna convincere gli operatori del settore a partecipare a qualcosa che non avevano pianificato n\u00e9 preventivato in breve tempo.<br \/>\nDopo questo, si tratta di creare un evento di successo che attragga abbastanza visitatori, compratori, media, funzionari, influenti da renderlo utile, soprattutto se si considera che \u00e8 stata la prima edizione per gli espositori e i partner.<\/p>\n<blockquote>\n<p style=\"text-align: center;\">Montecarlo \u00e8 stata infatti l&#8217;ispirazione per questo evento<\/p>\n<\/blockquote>\n<p><strong>Perch\u00e9 hai scelto Montecarlo?<\/strong><br \/>\nMontecarlo \u00e8 stata infatti l&#8217;ispirazione per questo evento. Ci sono altri paesi che vogliono avere questo autosalone, ma \u00e8 stato fatto su misura per il Principato. Per la prima edizione, l&#8217;esposizione \u00e8 stata diffusa in diverse aree del Principato (Quai Albert Ier, Place du Palais Princier, Place du Palais Princier, Place du Casino, Grimaldi Forum). \u00c8 stata una grande idea, ma difficile per la logistica, cos\u00ec a partire dalla seconda edizione l&#8217;evento si \u00e8 svolto sul Quai Albert Ier.<\/p>\n<p><strong>Perch\u00e9 questo evento \u00e8 importante per il Principato?<\/strong><br \/>\nIl SIAM ha l&#8217;Alto Patronato di S.A.S. il Principe Alberto II e l&#8217;appoggio della Direzione del Turismo e dei Congressi. L&#8217;esposizione \u00e8 importante per Monaco in tre modi. In primo luogo, si tratta di un grande evento pubblico, quindi non \u00e8 solo un incontro annuale per i cittadini e i residenti del Principato, ma anche per i turisti. In secondo luogo, riunisce la grande maggioranza dell&#8217;industria automobilistica monegasca per alcuni giorni. Infine, poich\u00e9 il temi principali del salone sono sempre stati l&#8217;ecologia, l&#8217;innovazione, il prestigio, presentarli nel contesto dell&#8217;automobile \u00e8 un punto importante per Montecarlo.<\/p>\n<blockquote class=\"instagram-media\" style=\"background: #FFF; border: 0; border-radius: 3px; box-shadow: 0 0 1px 0 rgba(0,0,0,0.5),0 1px 10px 0 rgba(0,0,0,0.15); margin: 1px; max-width: 540px; min-width: 326px; padding: 0; width: calc(100% - 2px);\" data-instgrm-captioned=\"\" data-instgrm-permalink=\"https:\/\/www.instagram.com\/p\/BgTH6uAl4if\/?utm_source=ig_embed&amp;utm_campaign=loading\" data-instgrm-version=\"12\">\n<div style=\"padding: 16px;\">\n<p>&nbsp;<\/p>\n<div style=\"display: flex; flex-direction: row; align-items: center;\">\n<div style=\"background-color: #f4f4f4; border-radius: 50%; flex-grow: 0; height: 40px; margin-right: 14px; width: 40px;\"><\/div>\n<div style=\"display: flex; flex-direction: column; flex-grow: 1; justify-content: center;\">\n<div style=\"background-color: #f4f4f4; border-radius: 4px; flex-grow: 0; height: 14px; margin-bottom: 6px; width: 100px;\"><\/div>\n<div style=\"background-color: #f4f4f4; border-radius: 4px; flex-grow: 0; height: 14px; width: 60px;\"><\/div>\n<\/div>\n<\/div>\n<div style=\"padding: 19% 0;\"><\/div>\n<div style=\"display: block; height: 50px; margin: 0 auto 12px; width: 50px;\"><\/div>\n<div style=\"padding-top: 8px;\">\n<div style=\"color: #3897f0; font-family: Arial,sans-serif; font-size: 14px; font-style: normal; font-weight: 550; line-height: 18px;\">View this post on Instagram<\/div>\n<\/div>\n<div style=\"padding: 12.5% 0;\"><\/div>\n<div style=\"display: flex; flex-direction: row; margin-bottom: 14px; align-items: center;\">\n<div>\n<div style=\"background-color: #f4f4f4; border-radius: 50%; height: 12.5px; width: 12.5px; transform: translateX(0px) translateY(7px);\"><\/div>\n<div style=\"background-color: #f4f4f4; height: 12.5px; transform: rotate(-45deg) translateX(3px) translateY(1px); width: 12.5px; flex-grow: 0; margin-right: 14px; margin-left: 2px;\"><\/div>\n<div style=\"background-color: #f4f4f4; border-radius: 50%; height: 12.5px; width: 12.5px; transform: translateX(9px) translateY(-18px);\"><\/div>\n<\/div>\n<div style=\"margin-left: 8px;\">\n<div style=\"background-color: #f4f4f4; border-radius: 50%; flex-grow: 0; height: 20px; width: 20px;\"><\/div>\n<div style=\"width: 0; height: 0; border-top: 2px solid transparent; border-left: 6px solid #f4f4f4; border-bottom: 2px solid transparent; transform: translateX(16px) translateY(-4px) rotate(30deg);\"><\/div>\n<\/div>\n<div style=\"margin-left: auto;\">\n<div style=\"width: 0px; border-top: 8px solid #F4F4F4; border-right: 8px solid transparent; transform: translateY(16px);\"><\/div>\n<div style=\"background-color: #f4f4f4; flex-grow: 0; height: 12px; width: 16px; transform: translateY(-4px);\"><\/div>\n<div style=\"width: 0; height: 0; border-top: 8px solid #F4F4F4; border-left: 8px solid transparent; transform: translateY(-4px) translateX(8px);\"><\/div>\n<\/div>\n<\/div>\n<p>&nbsp;<\/p>\n<p style=\"margin: 8px 0 0 0; padding: 0 4px;\"><a style=\"color: #000; font-family: Arial,sans-serif; font-size: 14px; font-style: normal; font-weight: normal; line-height: 17px; text-decoration: none; word-wrap: break-word;\" href=\"https:\/\/www.instagram.com\/p\/BgTH6uAl4if\/?utm_source=ig_embed&amp;utm_campaign=loading\" target=\"_blank\" rel=\"noopener noreferrer\">Nous souhaitons un bon anniversaire \u00e0 Son Altesse S\u00e9r\u00e9nissime le Prince Albert II de Monaco \ud83c\uddf2\ud83c\udde8 \ud83c\udf82 Ici en photo avec Thierry et Nicolas Hesse, organisateurs du SIAM &#8211; Salon International de l\u2019Automobile de Monaco #princealbert #monaco #montecarlo #munegu #principautedemonaco #principatodimonaco #salonautomonaco #siam #siam2018 #siam2017<\/a><\/p>\n<p style=\"color: #c9c8cd; font-family: Arial,sans-serif; font-size: 14px; line-height: 17px; margin-bottom: 0; margin-top: 8px; overflow: hidden; padding: 8px 0 7px; text-align: center; text-overflow: ellipsis; white-space: nowrap;\">A post shared by <a style=\"color: #c9c8cd; font-family: Arial,sans-serif; font-size: 14px; font-style: normal; font-weight: normal; line-height: 17px;\" href=\"https:\/\/www.instagram.com\/monacosiam\/?utm_source=ig_embed&amp;utm_campaign=loading\" target=\"_blank\" rel=\"noopener noreferrer\"> Monaco SIAM<\/a> (@monacosiam) on <time style=\"font-family: Arial,sans-serif; font-size: 14px; line-height: 17px;\" datetime=\"2018-03-14T09:35:37+00:00\">Mar 14, 2018 at 2:35am PDT<\/time><\/p>\n<\/div>\n<\/blockquote>\n<p><script async src=\"\/\/www.instagram.com\/embed.js\"><\/script><\/p>\n<p><strong>Perch\u00e9 avete scelto il tema delle auto ibride ed elettriche quest&#8217;anno?<\/strong><br \/>\nIl salone \u00e8 sempre stato incentrato sull&#8217;ecologia e l&#8217;innovazione, ma quest&#8217;anno abbiamo voluto fare un vero passo avanti e metterlo in primo piano. Tutti i marchi sono stati coinvolti e hanno proposto le loro auto elettriche e ibride. Penso che sia stato il momento giusto per quanto riguarda l&#8217;evoluzione del settore. Quest&#8217;anno il mercato \u00e8 stato pi\u00f9 sviluppato per potersi concentrare su questi temi.<\/p>\n<p><strong>Se la Sua passione in passato era la musica, ha pensato di invitare un musicista all&#8217;evento o di collaborare in qualche modo con l&#8217;industria musicale?<\/strong><br \/>\nAvevamo molte idee per collaborare con grandi artisti, organizzare concerti, per esempio, ma sono sempre rimaste idee. Penso che in futuro organizzeremo dei concerti. Mi piacciono molto i gruppi rock come i Guns N&#8217; Roses o i Rolling Stones, per esempio, ma gruppi come questo porterebbero troppa gente, non avremmo il posto!<\/p>\n<p><strong>Quali sono i Suoi piani ora?<\/strong><br \/>\nPer il momento stiamo valutando i problemi che il coronavirus ha portato all&#8217;ultima edizione. Penso che abbiamo gi\u00e0 trovato il modello giusto, quindi ora dobbiamo aggiungere altre attivit\u00e0 in loco, portare ancora pi\u00f9 espositori e valorizzare la bellezza dell&#8217;evento.<\/p>\n<p><a href=\"https:\/\/www.monaco-tribune.com\/it\/2020\/03\/video-il-salone-del-mobile-a-montecarlo-2020\/\"><strong>Il Salone dell\u2019Automobile a Montecarlo 2020<\/strong><\/a><\/p>\n<p><iframe src=\"https:\/\/www.youtube.com\/embed\/mMzBeLOfwrc\" width=\"560\" height=\"315\" frameborder=\"0\" allowfullscreen=\"allowfullscreen\"><\/iframe><\/p>\n<p>&nbsp;<\/p>\n","protected":false},"excerpt":{"rendered":"<p>Nicolas Hesse ha creato il primo grande salone dell&#8217;auto del Principato di Monaco \u2013 il SIAM (Salone Internazionale dell\u2019Automobile di [&hellip;]<\/p>\n","protected":false},"author":21,"featured_media":25944,"comment_status":"closed","ping_status":"open","sticky":false,"template":"","format":"standard","meta":{"_acf_changed":false,"footnotes":""},"categories":[1739],"tags":[],"post_sectags":[],"post_format":[],"class_list":["post-25978","post","type-post","status-publish","format-standard","has-post-thumbnail","hentry","category-business-it"],"acf":[],"yoast_head":"<!-- This site is optimized with the Yoast SEO Premium plugin v26.8 (Yoast SEO v27.5) - https:\/\/yoast.com\/product\/yoast-seo-premium-wordpress\/ -->\n<title>Come creare un autosalone di successo? Intervista a Nicolas Hesse<\/title>\n<meta name=\"description\" content=\"Nicolas Hesse ha creato il primo grande salone dell&#039;auto del Principato di Monaco \u2013 il SIAM (Salone Internazionale dell\u2019Automobile di Monaco), che si \u00e8\" \/>\n<meta name=\"robots\" content=\"index, follow, max-snippet:-1, max-image-preview:large, max-video-preview:-1\" \/>\n<link rel=\"canonical\" href=\"https:\/\/www.monaco-tribune.com\/it\/2020\/04\/come-creare-un-autosalone-di-successo-intervista-a-nicolas-hesse\/\" \/>\n<meta property=\"og:locale\" content=\"it_IT\" \/>\n<meta property=\"og:type\" content=\"article\" \/>\n<meta property=\"og:title\" content=\"Come creare un autosalone di successo? Intervista a Nicolas Hesse - Monaco Tribune\" \/>\n<meta property=\"og:description\" content=\"Nicolas Hesse ha creato il primo grande salone dell&#039;auto del Principato di Monaco \u2013 il SIAM (Salone Internazionale dell\u2019Automobile di Monaco), che si \u00e8\" \/>\n<meta property=\"og:url\" content=\"https:\/\/www.monaco-tribune.com\/it\/2020\/04\/come-creare-un-autosalone-di-successo-intervista-a-nicolas-hesse\/\" \/>\n<meta property=\"og:site_name\" content=\"Monaco Tribune\" \/>\n<meta property=\"article:publisher\" content=\"https:\/\/www.facebook.com\/MonacoTribune\" \/>\n<meta property=\"article:published_time\" content=\"2020-04-14T16:18:10+00:00\" \/>\n<meta property=\"article:modified_time\" content=\"2020-11-22T21:24:58+00:00\" \/>\n<meta property=\"og:image\" content=\"https:\/\/www.monaco-tribune.com\/wp-content\/uploads\/2020\/04\/Nicolas-Hesse.jpg\" \/>\n\t<meta property=\"og:image:width\" content=\"2238\" \/>\n\t<meta property=\"og:image:height\" content=\"1242\" \/>\n\t<meta property=\"og:image:type\" content=\"image\/jpeg\" \/>\n<meta name=\"author\" content=\"Monaco Tribune\" \/>\n<meta name=\"twitter:card\" content=\"summary_large_image\" \/>\n<meta name=\"twitter:creator\" content=\"@MonacoTribune\" \/>\n<meta name=\"twitter:site\" content=\"@MonacoTribune\" \/>\n<script type=\"application\/ld+json\" class=\"yoast-schema-graph\">{\"@context\":\"https:\\\/\\\/schema.org\",\"@graph\":[{\"@type\":\"NewsArticle\",\"@id\":\"https:\\\/\\\/www.monaco-tribune.com\\\/it\\\/2020\\\/04\\\/come-creare-un-autosalone-di-successo-intervista-a-nicolas-hesse\\\/#article\",\"isPartOf\":{\"@id\":\"https:\\\/\\\/www.monaco-tribune.com\\\/it\\\/2020\\\/04\\\/come-creare-un-autosalone-di-successo-intervista-a-nicolas-hesse\\\/\"},\"author\":{\"name\":\"Monaco Tribune\",\"@id\":\"https:\\\/\\\/www.monaco-tribune.com\\\/it\\\/#\\\/schema\\\/person\\\/8f6ed8c063276e2397589eda5b7a2f2d\"},\"headline\":\"Come creare un autosalone di successo? Intervista a Nicolas Hesse\",\"datePublished\":\"2020-04-14T16:18:10+00:00\",\"dateModified\":\"2020-11-22T21:24:58+00:00\",\"mainEntityOfPage\":{\"@id\":\"https:\\\/\\\/www.monaco-tribune.com\\\/it\\\/2020\\\/04\\\/come-creare-un-autosalone-di-successo-intervista-a-nicolas-hesse\\\/\"},\"wordCount\":737,\"publisher\":{\"@id\":\"https:\\\/\\\/www.monaco-tribune.com\\\/it\\\/#organization\"},\"image\":{\"@id\":\"https:\\\/\\\/www.monaco-tribune.com\\\/it\\\/2020\\\/04\\\/come-creare-un-autosalone-di-successo-intervista-a-nicolas-hesse\\\/#primaryimage\"},\"thumbnailUrl\":\"https:\\\/\\\/www.monaco-tribune.com\\\/wp-content\\\/uploads\\\/2020\\\/04\\\/Nicolas-Hesse.jpg\",\"articleSection\":[\"Business\"],\"inLanguage\":\"it-IT\",\"copyrightYear\":\"2020\",\"copyrightHolder\":{\"@id\":\"https:\\\/\\\/www.monaco-tribune.com\\\/#organization\"}},{\"@type\":\"WebPage\",\"@id\":\"https:\\\/\\\/www.monaco-tribune.com\\\/it\\\/2020\\\/04\\\/come-creare-un-autosalone-di-successo-intervista-a-nicolas-hesse\\\/\",\"url\":\"https:\\\/\\\/www.monaco-tribune.com\\\/it\\\/2020\\\/04\\\/come-creare-un-autosalone-di-successo-intervista-a-nicolas-hesse\\\/\",\"name\":\"Come creare un autosalone di successo? Intervista a Nicolas Hesse\",\"isPartOf\":{\"@id\":\"https:\\\/\\\/www.monaco-tribune.com\\\/it\\\/#website\"},\"primaryImageOfPage\":{\"@id\":\"https:\\\/\\\/www.monaco-tribune.com\\\/it\\\/2020\\\/04\\\/come-creare-un-autosalone-di-successo-intervista-a-nicolas-hesse\\\/#primaryimage\"},\"image\":{\"@id\":\"https:\\\/\\\/www.monaco-tribune.com\\\/it\\\/2020\\\/04\\\/come-creare-un-autosalone-di-successo-intervista-a-nicolas-hesse\\\/#primaryimage\"},\"thumbnailUrl\":\"https:\\\/\\\/www.monaco-tribune.com\\\/wp-content\\\/uploads\\\/2020\\\/04\\\/Nicolas-Hesse.jpg\",\"datePublished\":\"2020-04-14T16:18:10+00:00\",\"dateModified\":\"2020-11-22T21:24:58+00:00\",\"description\":\"Nicolas Hesse ha creato il primo grande salone dell'auto del Principato di Monaco \u2013 il SIAM (Salone Internazionale dell\u2019Automobile di Monaco), che si \u00e8\",\"breadcrumb\":{\"@id\":\"https:\\\/\\\/www.monaco-tribune.com\\\/it\\\/2020\\\/04\\\/come-creare-un-autosalone-di-successo-intervista-a-nicolas-hesse\\\/#breadcrumb\"},\"inLanguage\":\"it-IT\",\"potentialAction\":[{\"@type\":\"ReadAction\",\"target\":[\"https:\\\/\\\/www.monaco-tribune.com\\\/it\\\/2020\\\/04\\\/come-creare-un-autosalone-di-successo-intervista-a-nicolas-hesse\\\/\"]}]},{\"@type\":\"ImageObject\",\"inLanguage\":\"it-IT\",\"@id\":\"https:\\\/\\\/www.monaco-tribune.com\\\/it\\\/2020\\\/04\\\/come-creare-un-autosalone-di-successo-intervista-a-nicolas-hesse\\\/#primaryimage\",\"url\":\"https:\\\/\\\/www.monaco-tribune.com\\\/wp-content\\\/uploads\\\/2020\\\/04\\\/Nicolas-Hesse.jpg\",\"contentUrl\":\"https:\\\/\\\/www.monaco-tribune.com\\\/wp-content\\\/uploads\\\/2020\\\/04\\\/Nicolas-Hesse.jpg\",\"width\":2238,\"height\":1242,\"caption\":\"Nicolas Hesse\"},{\"@type\":\"BreadcrumbList\",\"@id\":\"https:\\\/\\\/www.monaco-tribune.com\\\/it\\\/2020\\\/04\\\/come-creare-un-autosalone-di-successo-intervista-a-nicolas-hesse\\\/#breadcrumb\",\"itemListElement\":[{\"@type\":\"ListItem\",\"position\":1,\"name\":\"Accueil\",\"item\":\"https:\\\/\\\/www.monaco-tribune.com\\\/it\\\/\"},{\"@type\":\"ListItem\",\"position\":2,\"name\":\"Come creare un autosalone di successo? Intervista a Nicolas Hesse\"}]},{\"@type\":\"WebSite\",\"@id\":\"https:\\\/\\\/www.monaco-tribune.com\\\/it\\\/#website\",\"url\":\"https:\\\/\\\/www.monaco-tribune.com\\\/it\\\/\",\"name\":\"Monaco Tribune\",\"description\":\"Monaco : actualit\u00e9s \u00e9conomiques, politiques, culturelles et sportives de Monaco et de la French Riviera.\",\"publisher\":{\"@id\":\"https:\\\/\\\/www.monaco-tribune.com\\\/it\\\/#organization\"},\"potentialAction\":[{\"@type\":\"SearchAction\",\"target\":{\"@type\":\"EntryPoint\",\"urlTemplate\":\"https:\\\/\\\/www.monaco-tribune.com\\\/it\\\/?s={search_term_string}\"},\"query-input\":{\"@type\":\"PropertyValueSpecification\",\"valueRequired\":true,\"valueName\":\"search_term_string\"}}],\"inLanguage\":\"it-IT\"},{\"@type\":\"Organization\",\"@id\":\"https:\\\/\\\/www.monaco-tribune.com\\\/it\\\/#organization\",\"name\":\"Monaco Tribune\",\"url\":\"https:\\\/\\\/www.monaco-tribune.com\\\/it\\\/\",\"logo\":{\"@type\":\"ImageObject\",\"inLanguage\":\"it-IT\",\"@id\":\"https:\\\/\\\/www.monaco-tribune.com\\\/it\\\/#\\\/schema\\\/logo\\\/image\\\/\",\"url\":\"https:\\\/\\\/www.monaco-tribune.com\\\/wp-content\\\/uploads\\\/2022\\\/11\\\/logo-monaco-tribune.png\",\"contentUrl\":\"https:\\\/\\\/www.monaco-tribune.com\\\/wp-content\\\/uploads\\\/2022\\\/11\\\/logo-monaco-tribune.png\",\"width\":1548,\"height\":600,\"caption\":\"Monaco Tribune\"},\"image\":{\"@id\":\"https:\\\/\\\/www.monaco-tribune.com\\\/it\\\/#\\\/schema\\\/logo\\\/image\\\/\"},\"sameAs\":[\"https:\\\/\\\/www.facebook.com\\\/MonacoTribune\",\"https:\\\/\\\/x.com\\\/MonacoTribune\",\"https:\\\/\\\/www.instagram.com\\\/monacotribune\\\/\",\"https:\\\/\\\/www.linkedin.com\\\/company\\\/monaco-tribune\",\"https:\\\/\\\/www.youtube.com\\\/channel\\\/UCHle1MnG6hw1y4lWKijVbMA\"]},{\"@type\":\"Person\",\"@id\":\"https:\\\/\\\/www.monaco-tribune.com\\\/it\\\/#\\\/schema\\\/person\\\/8f6ed8c063276e2397589eda5b7a2f2d\",\"name\":\"Monaco Tribune\",\"image\":{\"@type\":\"ImageObject\",\"inLanguage\":\"it-IT\",\"@id\":\"https:\\\/\\\/secure.gravatar.com\\\/avatar\\\/3010e6c5d6c8056ec1c25228fe68ea089879e5ae0de884e0247744ee988aaf6a?s=96&d=mm&r=g\",\"url\":\"https:\\\/\\\/secure.gravatar.com\\\/avatar\\\/3010e6c5d6c8056ec1c25228fe68ea089879e5ae0de884e0247744ee988aaf6a?s=96&d=mm&r=g\",\"contentUrl\":\"https:\\\/\\\/secure.gravatar.com\\\/avatar\\\/3010e6c5d6c8056ec1c25228fe68ea089879e5ae0de884e0247744ee988aaf6a?s=96&d=mm&r=g\",\"caption\":\"Monaco Tribune\"},\"url\":\"https:\\\/\\\/www.monaco-tribune.com\\\/it\\\/author\\\/monaco-tribune\\\/\"}]}<\/script>\n<!-- \/ Yoast SEO Premium plugin. -->","yoast_head_json":{"title":"Come creare un autosalone di successo? Intervista a Nicolas Hesse","description":"Nicolas Hesse ha creato il primo grande salone dell'auto del Principato di Monaco \u2013 il SIAM (Salone Internazionale dell\u2019Automobile di Monaco), che si \u00e8","robots":{"index":"index","follow":"follow","max-snippet":"max-snippet:-1","max-image-preview":"max-image-preview:large","max-video-preview":"max-video-preview:-1"},"canonical":"https:\/\/www.monaco-tribune.com\/it\/2020\/04\/come-creare-un-autosalone-di-successo-intervista-a-nicolas-hesse\/","og_locale":"it_IT","og_type":"article","og_title":"Come creare un autosalone di successo? Intervista a Nicolas Hesse - Monaco Tribune","og_description":"Nicolas Hesse ha creato il primo grande salone dell'auto del Principato di Monaco \u2013 il SIAM (Salone Internazionale dell\u2019Automobile di Monaco), che si \u00e8","og_url":"https:\/\/www.monaco-tribune.com\/it\/2020\/04\/come-creare-un-autosalone-di-successo-intervista-a-nicolas-hesse\/","og_site_name":"Monaco Tribune","article_publisher":"https:\/\/www.facebook.com\/MonacoTribune","article_published_time":"2020-04-14T16:18:10+00:00","article_modified_time":"2020-11-22T21:24:58+00:00","og_image":[{"width":2238,"height":1242,"url":"https:\/\/www.monaco-tribune.com\/wp-content\/uploads\/2020\/04\/Nicolas-Hesse.jpg","type":"image\/jpeg"}],"author":"Monaco Tribune","twitter_card":"summary_large_image","twitter_creator":"@MonacoTribune","twitter_site":"@MonacoTribune","schema":{"@context":"https:\/\/schema.org","@graph":[{"@type":"NewsArticle","@id":"https:\/\/www.monaco-tribune.com\/it\/2020\/04\/come-creare-un-autosalone-di-successo-intervista-a-nicolas-hesse\/#article","isPartOf":{"@id":"https:\/\/www.monaco-tribune.com\/it\/2020\/04\/come-creare-un-autosalone-di-successo-intervista-a-nicolas-hesse\/"},"author":{"name":"Monaco Tribune","@id":"https:\/\/www.monaco-tribune.com\/it\/#\/schema\/person\/8f6ed8c063276e2397589eda5b7a2f2d"},"headline":"Come creare un autosalone di successo? Intervista a Nicolas Hesse","datePublished":"2020-04-14T16:18:10+00:00","dateModified":"2020-11-22T21:24:58+00:00","mainEntityOfPage":{"@id":"https:\/\/www.monaco-tribune.com\/it\/2020\/04\/come-creare-un-autosalone-di-successo-intervista-a-nicolas-hesse\/"},"wordCount":737,"publisher":{"@id":"https:\/\/www.monaco-tribune.com\/it\/#organization"},"image":{"@id":"https:\/\/www.monaco-tribune.com\/it\/2020\/04\/come-creare-un-autosalone-di-successo-intervista-a-nicolas-hesse\/#primaryimage"},"thumbnailUrl":"https:\/\/www.monaco-tribune.com\/wp-content\/uploads\/2020\/04\/Nicolas-Hesse.jpg","articleSection":["Business"],"inLanguage":"it-IT","copyrightYear":"2020","copyrightHolder":{"@id":"https:\/\/www.monaco-tribune.com\/#organization"}},{"@type":"WebPage","@id":"https:\/\/www.monaco-tribune.com\/it\/2020\/04\/come-creare-un-autosalone-di-successo-intervista-a-nicolas-hesse\/","url":"https:\/\/www.monaco-tribune.com\/it\/2020\/04\/come-creare-un-autosalone-di-successo-intervista-a-nicolas-hesse\/","name":"Come creare un autosalone di successo? Intervista a Nicolas Hesse","isPartOf":{"@id":"https:\/\/www.monaco-tribune.com\/it\/#website"},"primaryImageOfPage":{"@id":"https:\/\/www.monaco-tribune.com\/it\/2020\/04\/come-creare-un-autosalone-di-successo-intervista-a-nicolas-hesse\/#primaryimage"},"image":{"@id":"https:\/\/www.monaco-tribune.com\/it\/2020\/04\/come-creare-un-autosalone-di-successo-intervista-a-nicolas-hesse\/#primaryimage"},"thumbnailUrl":"https:\/\/www.monaco-tribune.com\/wp-content\/uploads\/2020\/04\/Nicolas-Hesse.jpg","datePublished":"2020-04-14T16:18:10+00:00","dateModified":"2020-11-22T21:24:58+00:00","description":"Nicolas Hesse ha creato il primo grande salone dell'auto del Principato di Monaco \u2013 il SIAM (Salone Internazionale dell\u2019Automobile di Monaco), che si \u00e8","breadcrumb":{"@id":"https:\/\/www.monaco-tribune.com\/it\/2020\/04\/come-creare-un-autosalone-di-successo-intervista-a-nicolas-hesse\/#breadcrumb"},"inLanguage":"it-IT","potentialAction":[{"@type":"ReadAction","target":["https:\/\/www.monaco-tribune.com\/it\/2020\/04\/come-creare-un-autosalone-di-successo-intervista-a-nicolas-hesse\/"]}]},{"@type":"ImageObject","inLanguage":"it-IT","@id":"https:\/\/www.monaco-tribune.com\/it\/2020\/04\/come-creare-un-autosalone-di-successo-intervista-a-nicolas-hesse\/#primaryimage","url":"https:\/\/www.monaco-tribune.com\/wp-content\/uploads\/2020\/04\/Nicolas-Hesse.jpg","contentUrl":"https:\/\/www.monaco-tribune.com\/wp-content\/uploads\/2020\/04\/Nicolas-Hesse.jpg","width":2238,"height":1242,"caption":"Nicolas Hesse"},{"@type":"BreadcrumbList","@id":"https:\/\/www.monaco-tribune.com\/it\/2020\/04\/come-creare-un-autosalone-di-successo-intervista-a-nicolas-hesse\/#breadcrumb","itemListElement":[{"@type":"ListItem","position":1,"name":"Accueil","item":"https:\/\/www.monaco-tribune.com\/it\/"},{"@type":"ListItem","position":2,"name":"Come creare un autosalone di successo? Intervista a Nicolas Hesse"}]},{"@type":"WebSite","@id":"https:\/\/www.monaco-tribune.com\/it\/#website","url":"https:\/\/www.monaco-tribune.com\/it\/","name":"Monaco Tribune","description":"Monaco : actualit\u00e9s \u00e9conomiques, politiques, culturelles et sportives de Monaco et de la French Riviera.","publisher":{"@id":"https:\/\/www.monaco-tribune.com\/it\/#organization"},"potentialAction":[{"@type":"SearchAction","target":{"@type":"EntryPoint","urlTemplate":"https:\/\/www.monaco-tribune.com\/it\/?s={search_term_string}"},"query-input":{"@type":"PropertyValueSpecification","valueRequired":true,"valueName":"search_term_string"}}],"inLanguage":"it-IT"},{"@type":"Organization","@id":"https:\/\/www.monaco-tribune.com\/it\/#organization","name":"Monaco Tribune","url":"https:\/\/www.monaco-tribune.com\/it\/","logo":{"@type":"ImageObject","inLanguage":"it-IT","@id":"https:\/\/www.monaco-tribune.com\/it\/#\/schema\/logo\/image\/","url":"https:\/\/www.monaco-tribune.com\/wp-content\/uploads\/2022\/11\/logo-monaco-tribune.png","contentUrl":"https:\/\/www.monaco-tribune.com\/wp-content\/uploads\/2022\/11\/logo-monaco-tribune.png","width":1548,"height":600,"caption":"Monaco Tribune"},"image":{"@id":"https:\/\/www.monaco-tribune.com\/it\/#\/schema\/logo\/image\/"},"sameAs":["https:\/\/www.facebook.com\/MonacoTribune","https:\/\/x.com\/MonacoTribune","https:\/\/www.instagram.com\/monacotribune\/","https:\/\/www.linkedin.com\/company\/monaco-tribune","https:\/\/www.youtube.com\/channel\/UCHle1MnG6hw1y4lWKijVbMA"]},{"@type":"Person","@id":"https:\/\/www.monaco-tribune.com\/it\/#\/schema\/person\/8f6ed8c063276e2397589eda5b7a2f2d","name":"Monaco Tribune","image":{"@type":"ImageObject","inLanguage":"it-IT","@id":"https:\/\/secure.gravatar.com\/avatar\/3010e6c5d6c8056ec1c25228fe68ea089879e5ae0de884e0247744ee988aaf6a?s=96&d=mm&r=g","url":"https:\/\/secure.gravatar.com\/avatar\/3010e6c5d6c8056ec1c25228fe68ea089879e5ae0de884e0247744ee988aaf6a?s=96&d=mm&r=g","contentUrl":"https:\/\/secure.gravatar.com\/avatar\/3010e6c5d6c8056ec1c25228fe68ea089879e5ae0de884e0247744ee988aaf6a?s=96&d=mm&r=g","caption":"Monaco Tribune"},"url":"https:\/\/www.monaco-tribune.com\/it\/author\/monaco-tribune\/"}]}},"_links":{"self":[{"href":"https:\/\/www.monaco-tribune.com\/it\/wp-json\/wp\/v2\/posts\/25978","targetHints":{"allow":["GET"]}}],"collection":[{"href":"https:\/\/www.monaco-tribune.com\/it\/wp-json\/wp\/v2\/posts"}],"about":[{"href":"https:\/\/www.monaco-tribune.com\/it\/wp-json\/wp\/v2\/types\/post"}],"author":[{"embeddable":true,"href":"https:\/\/www.monaco-tribune.com\/it\/wp-json\/wp\/v2\/users\/21"}],"replies":[{"embeddable":true,"href":"https:\/\/www.monaco-tribune.com\/it\/wp-json\/wp\/v2\/comments?post=25978"}],"version-history":[{"count":0,"href":"https:\/\/www.monaco-tribune.com\/it\/wp-json\/wp\/v2\/posts\/25978\/revisions"}],"wp:featuredmedia":[{"embeddable":true,"href":"https:\/\/www.monaco-tribune.com\/it\/wp-json\/wp\/v2\/media\/25944"}],"wp:attachment":[{"href":"https:\/\/www.monaco-tribune.com\/it\/wp-json\/wp\/v2\/media?parent=25978"}],"wp:term":[{"taxonomy":"category","embeddable":true,"href":"https:\/\/www.monaco-tribune.com\/it\/wp-json\/wp\/v2\/categories?post=25978"},{"taxonomy":"post_tag","embeddable":true,"href":"https:\/\/www.monaco-tribune.com\/it\/wp-json\/wp\/v2\/tags?post=25978"},{"taxonomy":"sectag","embeddable":true,"href":"https:\/\/www.monaco-tribune.com\/it\/wp-json\/wp\/v2\/post_sectags?post=25978"},{"taxonomy":"format","embeddable":true,"href":"https:\/\/www.monaco-tribune.com\/it\/wp-json\/wp\/v2\/post_format?post=25978"}],"curies":[{"name":"wp","href":"https:\/\/api.w.org\/{rel}","templated":true}]}}