{"id":260332,"date":"2024-11-13T19:19:15","date_gmt":"2024-11-13T17:19:15","guid":{"rendered":"https:\/\/www.monaco-tribune.com\/2024\/11\/il-principe-alberto-ii-rende-omaggio-alle-vittime-della-grande-guerra\/"},"modified":"2024-11-13T19:19:30","modified_gmt":"2024-11-13T17:19:30","slug":"il-principe-alberto-ii-rende-omaggio-alle-vittime-della-grande-guerra","status":"publish","type":"post","link":"https:\/\/www.monaco-tribune.com\/it\/2024\/11\/il-principe-alberto-ii-rende-omaggio-alle-vittime-della-grande-guerra\/","title":{"rendered":"Il Principe Alberto II rende omaggio alle vittime della Grande Guerra"},"content":{"rendered":"\n<p><strong>Il Sovrano monegasco \u00e8 intervenuto nelle cerimonie per il 106\u00b0 anniversario dell&#8217;Armistizio dell&#8217;11 novembre 1918 a Compi\u00e8gne, nell&#8217;Oise, rendendo omaggio ai soldati e alle vittime della Prima Guerra Mondiale. Accompagnato dal nipote Pierre Casiraghi, ha partecipato a diversi eventi commemorativi, sottolineando l&#8217;importanza della memoria e dell&#8217;eredit\u00e0 familiare.<\/strong><\/p>\n\n<p>Luned\u00ec 11 novembre, in occasione dell&#8217;Armistizio, il Principe Alberto II si \u00e8 recato a Compi\u00e8gne in compagnia di alcune personalit\u00e0 di spicco, tra cui Philippe Marini, sindaco della citt\u00e0, e Marie-Claire Carr\u00e8re-G\u00e9e, Ministro delegato per il coordinamento del Governo. In questa giornata speciale, il Principe Sovrano ha partecipato alla cerimonia ufficiale presso la Clairi\u00e8re de l&#8217;Armistice, un sito storico nella foresta di Compi\u00e8gne.<\/p>\n\n<p>Insieme al nipote Pierre Casiraghi, il Principe ha reso omaggio ai soldati caduti nella Prima Guerra Mondiale, alla presenza del Prefetto dell&#8217;Oise, Catherine S\u00e9guin, e del giornalista geopolitico Renaud Girard, ospite d&#8217;onore della cerimonia.<\/p>\n\n<iframe src=\"https:\/\/www.facebook.com\/plugins\/video.php?height=476&#038;href=https%3A%2F%2Fwww.facebook.com%2Freel%2F1106709621460565%2F&#038;show_text=false&#038;width=267&#038;t=0\" width=\"267\" height=\"476\" style=\"border:none;overflow:hidden\" scrolling=\"no\" frameborder=\"0\" allowfullscreen=\"true\" allow=\"autoplay; clipboard-write; encrypted-media; picture-in-picture; web-share\"><\/iframe>\r\n\n<h2 class=\"wp-block-heading\" id=\"h-visite-du-memorial-de-l-armistice-un-acte-de-memoire\">Visita al Memoriale dell&#8217;Armistizio: un omaggio alla memoria<\/h2>\n\n<p>Il bisnonno del Sovrano, il Principe Luigi II di Monaco, combatt\u00e9 in prima persona nella Prima Guerra Mondiale, arruolandosi volontariamente nell&#8217;esercito francese. Si distinse particolarmente durante la battaglia dello Chemin des Dames, un episodio tragico e funesto della guerra. Questa storia di famiglia lega ancor di pi\u00f9 il Principe Alberto II agli eventi del 1914-1918.<\/p>\n\n<p>Dopo la cerimonia, il Principe si \u00e8 recato al Memoriale dell&#8217;Armistizio, dove ha firmato il Libro dei visitatori della citt\u00e0 e del Memoriale, nella famosa carrozza dove fu firmato l&#8217;armistizio dell&#8217;11 novembre 1918. Nel 1973, anche la Principessa Grace firm\u00f2 lo stesso libro. Oggi il Sovrano testimonia come la Famiglia Principesca si impegni costantemente nel preservare la memoria della Grande Guerra.<\/p>\n\n<h2 class=\"wp-block-heading\" id=\"h-des-temoignages-forts-dans-les-livres-d-or\">Testimonianze forti nel Libro dei visitatori<\/h2>\n\n<p>In questi Libri, il Principe Alberto II ha lasciato parole forti e simboliche. Per la citt\u00e0 di Compi\u00e8gne ha scritto: \u201cAlla citt\u00e0 di Compi\u00e8gne, che la storia ha trasformato in uno dei grandi simboli della Francia, dai Reali alla Repubblica, passando per il Secondo Impero. Con la mia gratitudine per la sua rinnovata accoglienza, che ci consente di ricordare la comunit\u00e0 dal destino secolare che lega il Principato di Monaco al vostro paese\u201d.<\/p>\n\n<p>Al Memoriale di Rethondes, il Sovrano ha scritto: \u201cSulla scia della mia visita nell&#8217;anno del centenario, il 6 dicembre 2018, e in segno di fedelt\u00e0 familiare e di attaccamento personale alla memoria della Grande Guerra, matrice del XX secolo, ho voluto partecipare alla commemorazione dell&#8217;11 novembre nella radura di Rethondes. La potenza della data si unisce indubbiamente al simbolismo del luogo della memoria&#8221;.<\/p>\n\n<figure class=\"wp-block-gallery has-nested-images columns-default is-cropped wp-block-gallery-1 is-layout-flex wp-block-gallery-is-layout-flex\"><div class=\"wp-block-image\">\n<figure class=\"aligncenter size-large\"><img loading=\"lazy\" decoding=\"async\" width=\"1024\" height=\"683\" data-id=\"260023\" src=\"https:\/\/www.monaco-tribune.com\/wp-content\/uploads\/2024\/11\/ma-commemoration-11-novembre-compiegne-7-2.jpg.ocee75pqmq1jhdvjgbka.wsxa_sqruw-2-1024x683.jpg\" alt=\"\" class=\"wp-image-260023\" srcset=\"https:\/\/www.monaco-tribune.com\/wp-content\/uploads\/2024\/11\/ma-commemoration-11-novembre-compiegne-7-2.jpg.ocee75pqmq1jhdvjgbka.wsxa_sqruw-2-1024x683.jpg 1024w, https:\/\/www.monaco-tribune.com\/wp-content\/uploads\/2024\/11\/ma-commemoration-11-novembre-compiegne-7-2.jpg.ocee75pqmq1jhdvjgbka.wsxa_sqruw-2-450x300.jpg 450w, https:\/\/www.monaco-tribune.com\/wp-content\/uploads\/2024\/11\/ma-commemoration-11-novembre-compiegne-7-2.jpg.ocee75pqmq1jhdvjgbka.wsxa_sqruw-2.jpg 1199w\" sizes=\"auto, (max-width: 1024px) 100vw, 1024px\" \/><\/figure>\n<\/div>\n\n<div class=\"wp-block-image\">\n<figure class=\"aligncenter size-large\"><img loading=\"lazy\" decoding=\"async\" width=\"1024\" height=\"683\" data-id=\"260014\" src=\"https:\/\/www.monaco-tribune.com\/wp-content\/uploads\/2024\/11\/ma-commemoration-11-novembre-compiegne-10-2.jpg.ocecu5dqmflhhdvjgbka.zqrih4n3ph-2-1024x683.jpg\" alt=\"\" class=\"wp-image-260014\" srcset=\"https:\/\/www.monaco-tribune.com\/wp-content\/uploads\/2024\/11\/ma-commemoration-11-novembre-compiegne-10-2.jpg.ocecu5dqmflhhdvjgbka.zqrih4n3ph-2-1024x683.jpg 1024w, https:\/\/www.monaco-tribune.com\/wp-content\/uploads\/2024\/11\/ma-commemoration-11-novembre-compiegne-10-2.jpg.ocecu5dqmflhhdvjgbka.zqrih4n3ph-2-450x300.jpg 450w, https:\/\/www.monaco-tribune.com\/wp-content\/uploads\/2024\/11\/ma-commemoration-11-novembre-compiegne-10-2.jpg.ocecu5dqmflhhdvjgbka.zqrih4n3ph-2.jpg 1199w\" sizes=\"auto, (max-width: 1024px) 100vw, 1024px\" \/><\/figure>\n<\/div>\n\n<div class=\"wp-block-image\">\n<figure class=\"aligncenter size-large\"><img loading=\"lazy\" decoding=\"async\" width=\"1024\" height=\"683\" data-id=\"260033\" src=\"https:\/\/www.monaco-tribune.com\/wp-content\/uploads\/2024\/11\/ma-commemoration-11-novembre-compiegne-11-1.jpg.ocelippqmqnjhdvjgbka.csdptx5tn7-1-1024x683.jpg\" alt=\"\" class=\"wp-image-260033\" srcset=\"https:\/\/www.monaco-tribune.com\/wp-content\/uploads\/2024\/11\/ma-commemoration-11-novembre-compiegne-11-1.jpg.ocelippqmqnjhdvjgbka.csdptx5tn7-1-1024x683.jpg 1024w, https:\/\/www.monaco-tribune.com\/wp-content\/uploads\/2024\/11\/ma-commemoration-11-novembre-compiegne-11-1.jpg.ocelippqmqnjhdvjgbka.csdptx5tn7-1-450x300.jpg 450w, https:\/\/www.monaco-tribune.com\/wp-content\/uploads\/2024\/11\/ma-commemoration-11-novembre-compiegne-11-1.jpg.ocelippqmqnjhdvjgbka.csdptx5tn7-1.jpg 1049w\" sizes=\"auto, (max-width: 1024px) 100vw, 1024px\" \/><\/figure>\n<\/div>\n\n<div class=\"wp-block-image\">\n<figure class=\"aligncenter size-large\"><img loading=\"lazy\" decoding=\"async\" width=\"1024\" height=\"683\" data-id=\"260036\" src=\"https:\/\/www.monaco-tribune.com\/wp-content\/uploads\/2024\/11\/ma-commemoration-11-novembre-compiegne-14-2.jpg.ocfq-ztqmethhdvjgbka.ghnup8-9br-2-1024x683.jpg\" alt=\"\" class=\"wp-image-260036\" srcset=\"https:\/\/www.monaco-tribune.com\/wp-content\/uploads\/2024\/11\/ma-commemoration-11-novembre-compiegne-14-2.jpg.ocfq-ztqmethhdvjgbka.ghnup8-9br-2-1024x683.jpg 1024w, https:\/\/www.monaco-tribune.com\/wp-content\/uploads\/2024\/11\/ma-commemoration-11-novembre-compiegne-14-2.jpg.ocfq-ztqmethhdvjgbka.ghnup8-9br-2-450x300.jpg 450w, https:\/\/www.monaco-tribune.com\/wp-content\/uploads\/2024\/11\/ma-commemoration-11-novembre-compiegne-14-2.jpg.ocfq-ztqmethhdvjgbka.ghnup8-9br-2.jpg 1199w\" sizes=\"auto, (max-width: 1024px) 100vw, 1024px\" \/><\/figure>\n<\/div>\n\n<div class=\"wp-block-image\">\n<figure class=\"aligncenter size-large\"><img loading=\"lazy\" decoding=\"async\" width=\"1024\" height=\"683\" data-id=\"260034\" src=\"https:\/\/www.monaco-tribune.com\/wp-content\/uploads\/2024\/11\/ma-commemoration-11-novembre-compiegne-15-2.jpg.ocfk95vqmdlhhdvjgbka.srfmml_jo8-2-1024x683.jpg\" alt=\"\" class=\"wp-image-260034\" srcset=\"https:\/\/www.monaco-tribune.com\/wp-content\/uploads\/2024\/11\/ma-commemoration-11-novembre-compiegne-15-2.jpg.ocfk95vqmdlhhdvjgbka.srfmml_jo8-2-1024x683.jpg 1024w, https:\/\/www.monaco-tribune.com\/wp-content\/uploads\/2024\/11\/ma-commemoration-11-novembre-compiegne-15-2.jpg.ocfk95vqmdlhhdvjgbka.srfmml_jo8-2-450x300.jpg 450w, https:\/\/www.monaco-tribune.com\/wp-content\/uploads\/2024\/11\/ma-commemoration-11-novembre-compiegne-15-2.jpg.ocfk95vqmdlhhdvjgbka.srfmml_jo8-2.jpg 1049w\" sizes=\"auto, (max-width: 1024px) 100vw, 1024px\" \/><\/figure>\n<\/div>\n\n<div class=\"wp-block-image\">\n<figure class=\"aligncenter size-large\"><img loading=\"lazy\" decoding=\"async\" width=\"1024\" height=\"683\" data-id=\"260018\" src=\"https:\/\/www.monaco-tribune.com\/wp-content\/uploads\/2024\/11\/ma-commemoration-11-novembre-compiegne-16-2.jpg.ocfwy5xqmc1hhdvjgbka.yvnsa0p6vn-2-1024x683.jpg\" alt=\"\" class=\"wp-image-260018\" srcset=\"https:\/\/www.monaco-tribune.com\/wp-content\/uploads\/2024\/11\/ma-commemoration-11-novembre-compiegne-16-2.jpg.ocfwy5xqmc1hhdvjgbka.yvnsa0p6vn-2-1024x683.jpg 1024w, https:\/\/www.monaco-tribune.com\/wp-content\/uploads\/2024\/11\/ma-commemoration-11-novembre-compiegne-16-2.jpg.ocfwy5xqmc1hhdvjgbka.yvnsa0p6vn-2-450x300.jpg 450w, https:\/\/www.monaco-tribune.com\/wp-content\/uploads\/2024\/11\/ma-commemoration-11-novembre-compiegne-16-2.jpg.ocfwy5xqmc1hhdvjgbka.yvnsa0p6vn-2.jpg 1199w\" sizes=\"auto, (max-width: 1024px) 100vw, 1024px\" \/><\/figure>\n<\/div>\n\n<div class=\"wp-block-image\">\n<figure class=\"aligncenter size-large\"><img loading=\"lazy\" decoding=\"async\" width=\"1024\" height=\"683\" data-id=\"260022\" src=\"https:\/\/www.monaco-tribune.com\/wp-content\/uploads\/2024\/11\/ma-commemoration-11-novembre-compiegne-19-2.jpg.ocekpjrqmd1hhdvjgbka.rcvu0kychs-2-1024x683.jpg\" alt=\"\" class=\"wp-image-260022\" srcset=\"https:\/\/www.monaco-tribune.com\/wp-content\/uploads\/2024\/11\/ma-commemoration-11-novembre-compiegne-19-2.jpg.ocekpjrqmd1hhdvjgbka.rcvu0kychs-2-1024x683.jpg 1024w, https:\/\/www.monaco-tribune.com\/wp-content\/uploads\/2024\/11\/ma-commemoration-11-novembre-compiegne-19-2.jpg.ocekpjrqmd1hhdvjgbka.rcvu0kychs-2-450x300.jpg 450w, https:\/\/www.monaco-tribune.com\/wp-content\/uploads\/2024\/11\/ma-commemoration-11-novembre-compiegne-19-2.jpg.ocekpjrqmd1hhdvjgbka.rcvu0kychs-2.jpg 1199w\" sizes=\"auto, (max-width: 1024px) 100vw, 1024px\" \/><\/figure>\n<\/div>\n\n<div class=\"wp-block-image\">\n<figure class=\"aligncenter size-large\"><img loading=\"lazy\" decoding=\"async\" width=\"1024\" height=\"683\" data-id=\"260049\" src=\"https:\/\/www.monaco-tribune.com\/wp-content\/uploads\/2024\/11\/ma-commemoration-11-novembre-compiegne-22-1.jpg.ocfyjjbqmbthhdvjgbka.ttr46i2e6u-1-1024x683.jpg\" alt=\"\" class=\"wp-image-260049\" srcset=\"https:\/\/www.monaco-tribune.com\/wp-content\/uploads\/2024\/11\/ma-commemoration-11-novembre-compiegne-22-1.jpg.ocfyjjbqmbthhdvjgbka.ttr46i2e6u-1-1024x683.jpg 1024w, https:\/\/www.monaco-tribune.com\/wp-content\/uploads\/2024\/11\/ma-commemoration-11-novembre-compiegne-22-1.jpg.ocfyjjbqmbthhdvjgbka.ttr46i2e6u-1-450x300.jpg 450w, https:\/\/www.monaco-tribune.com\/wp-content\/uploads\/2024\/11\/ma-commemoration-11-novembre-compiegne-22-1.jpg.ocfyjjbqmbthhdvjgbka.ttr46i2e6u-1.jpg 1049w\" sizes=\"auto, (max-width: 1024px) 100vw, 1024px\" \/><\/figure>\n<\/div>\n\n<div class=\"wp-block-image\">\n<figure class=\"aligncenter size-large\"><img loading=\"lazy\" decoding=\"async\" width=\"1024\" height=\"683\" data-id=\"260024\" src=\"https:\/\/www.monaco-tribune.com\/wp-content\/uploads\/2024\/11\/ma-commemoration-11-novembre-compiegne-3-2.jpg.ocf5kjbqmsljhdvjgbka.1huions7xq-2-1024x683.jpg\" alt=\"\" class=\"wp-image-260024\" srcset=\"https:\/\/www.monaco-tribune.com\/wp-content\/uploads\/2024\/11\/ma-commemoration-11-novembre-compiegne-3-2.jpg.ocf5kjbqmsljhdvjgbka.1huions7xq-2-1024x683.jpg 1024w, https:\/\/www.monaco-tribune.com\/wp-content\/uploads\/2024\/11\/ma-commemoration-11-novembre-compiegne-3-2.jpg.ocf5kjbqmsljhdvjgbka.1huions7xq-2-450x300.jpg 450w, https:\/\/www.monaco-tribune.com\/wp-content\/uploads\/2024\/11\/ma-commemoration-11-novembre-compiegne-3-2.jpg.ocf5kjbqmsljhdvjgbka.1huions7xq-2.jpg 1199w\" sizes=\"auto, (max-width: 1024px) 100vw, 1024px\" \/><\/figure>\n<\/div>\n\n<div class=\"wp-block-image\">\n<figure class=\"aligncenter size-large\"><img loading=\"lazy\" decoding=\"async\" width=\"1024\" height=\"754\" data-id=\"260048\" src=\"https:\/\/www.monaco-tribune.com\/wp-content\/uploads\/2024\/11\/ma-commemoration-11-novembre-compiegne-25-2.jpg.oce2j5dqmbthhdvjgbka.r1mbvrouxe-2-1024x754.jpg\" alt=\"\" class=\"wp-image-260048\" srcset=\"https:\/\/www.monaco-tribune.com\/wp-content\/uploads\/2024\/11\/ma-commemoration-11-novembre-compiegne-25-2.jpg.oce2j5dqmbthhdvjgbka.r1mbvrouxe-2-1024x754.jpg 1024w, https:\/\/www.monaco-tribune.com\/wp-content\/uploads\/2024\/11\/ma-commemoration-11-novembre-compiegne-25-2.jpg.oce2j5dqmbthhdvjgbka.r1mbvrouxe-2-407x300.jpg 407w, https:\/\/www.monaco-tribune.com\/wp-content\/uploads\/2024\/11\/ma-commemoration-11-novembre-compiegne-25-2.jpg.oce2j5dqmbthhdvjgbka.r1mbvrouxe-2.jpg 1086w\" sizes=\"auto, (max-width: 1024px) 100vw, 1024px\" \/><figcaption class=\"wp-element-caption\"><em>Alla cerimonia hanno partecipato anche pi\u00f9 di 400 bambini della regione.<\/em><\/figcaption><\/figure>\n<\/div>\n\n<div class=\"wp-block-image\">\n<figure class=\"aligncenter size-large\"><img loading=\"lazy\" decoding=\"async\" width=\"1024\" height=\"683\" data-id=\"260051\" src=\"https:\/\/www.monaco-tribune.com\/wp-content\/uploads\/2024\/11\/ma-commemoration-11-novembre-compiegne-30-2.jpg.ocfcippqmz1hhdvjgbka.ej8cgxbizc-2-1024x683.jpg\" alt=\"\" class=\"wp-image-260051\" srcset=\"https:\/\/www.monaco-tribune.com\/wp-content\/uploads\/2024\/11\/ma-commemoration-11-novembre-compiegne-30-2.jpg.ocfcippqmz1hhdvjgbka.ej8cgxbizc-2-1024x683.jpg 1024w, https:\/\/www.monaco-tribune.com\/wp-content\/uploads\/2024\/11\/ma-commemoration-11-novembre-compiegne-30-2.jpg.ocfcippqmz1hhdvjgbka.ej8cgxbizc-2-450x300.jpg 450w, https:\/\/www.monaco-tribune.com\/wp-content\/uploads\/2024\/11\/ma-commemoration-11-novembre-compiegne-30-2.jpg.ocfcippqmz1hhdvjgbka.ej8cgxbizc-2.jpg 1199w\" sizes=\"auto, (max-width: 1024px) 100vw, 1024px\" \/><\/figure>\n<\/div>\n\n<div class=\"wp-block-image\">\n<figure class=\"aligncenter size-large\"><img loading=\"lazy\" decoding=\"async\" width=\"1024\" height=\"683\" data-id=\"260047\" src=\"https:\/\/www.monaco-tribune.com\/wp-content\/uploads\/2024\/11\/ma-commemoration-11-novembre-compiegne-26-2.jpg.ocflmzxqmblhhdvjgbka.bghclvyalh-2-1024x683.jpg\" alt=\"\" class=\"wp-image-260047\" srcset=\"https:\/\/www.monaco-tribune.com\/wp-content\/uploads\/2024\/11\/ma-commemoration-11-novembre-compiegne-26-2.jpg.ocflmzxqmblhhdvjgbka.bghclvyalh-2-1024x683.jpg 1024w, https:\/\/www.monaco-tribune.com\/wp-content\/uploads\/2024\/11\/ma-commemoration-11-novembre-compiegne-26-2.jpg.ocflmzxqmblhhdvjgbka.bghclvyalh-2-450x300.jpg 450w, https:\/\/www.monaco-tribune.com\/wp-content\/uploads\/2024\/11\/ma-commemoration-11-novembre-compiegne-26-2.jpg.ocflmzxqmblhhdvjgbka.bghclvyalh-2.jpg 1199w\" sizes=\"auto, (max-width: 1024px) 100vw, 1024px\" \/><\/figure>\n<\/div>\n\n<div class=\"wp-block-image\">\n<figure class=\"aligncenter size-large\"><img loading=\"lazy\" decoding=\"async\" width=\"1024\" height=\"683\" data-id=\"260054\" src=\"https:\/\/www.monaco-tribune.com\/wp-content\/uploads\/2024\/11\/ma-commemoration-11-novembre-compiegne-27-2.jpg.oce2qjzqmb9hhdvjgbka.4l4nnsbanv-2-1024x683.jpg\" alt=\"\" class=\"wp-image-260054\" srcset=\"https:\/\/www.monaco-tribune.com\/wp-content\/uploads\/2024\/11\/ma-commemoration-11-novembre-compiegne-27-2.jpg.oce2qjzqmb9hhdvjgbka.4l4nnsbanv-2-1024x683.jpg 1024w, https:\/\/www.monaco-tribune.com\/wp-content\/uploads\/2024\/11\/ma-commemoration-11-novembre-compiegne-27-2.jpg.oce2qjzqmb9hhdvjgbka.4l4nnsbanv-2-450x300.jpg 450w, https:\/\/www.monaco-tribune.com\/wp-content\/uploads\/2024\/11\/ma-commemoration-11-novembre-compiegne-27-2.jpg.oce2qjzqmb9hhdvjgbka.4l4nnsbanv-2.jpg 1199w\" sizes=\"auto, (max-width: 1024px) 100vw, 1024px\" \/><\/figure>\n<\/div>\n\n<div class=\"wp-block-image\">\n<figure class=\"aligncenter size-large\"><img loading=\"lazy\" decoding=\"async\" width=\"1024\" height=\"683\" data-id=\"260044\" src=\"https:\/\/www.monaco-tribune.com\/wp-content\/uploads\/2024\/11\/ma-commemoration-11-novembre-compiegne-28-2.jpg.ocfu9jzqmalhhdvjgbka.536baynjsf-2-1024x683.jpg\" alt=\"\" class=\"wp-image-260044\" srcset=\"https:\/\/www.monaco-tribune.com\/wp-content\/uploads\/2024\/11\/ma-commemoration-11-novembre-compiegne-28-2.jpg.ocfu9jzqmalhhdvjgbka.536baynjsf-2-1024x683.jpg 1024w, https:\/\/www.monaco-tribune.com\/wp-content\/uploads\/2024\/11\/ma-commemoration-11-novembre-compiegne-28-2.jpg.ocfu9jzqmalhhdvjgbka.536baynjsf-2-450x300.jpg 450w, https:\/\/www.monaco-tribune.com\/wp-content\/uploads\/2024\/11\/ma-commemoration-11-novembre-compiegne-28-2.jpg.ocfu9jzqmalhhdvjgbka.536baynjsf-2.jpg 1199w\" sizes=\"auto, (max-width: 1024px) 100vw, 1024px\" \/><\/figure>\n<\/div>\n\n<div class=\"wp-block-image\">\n<figure class=\"aligncenter size-large\"><img loading=\"lazy\" decoding=\"async\" width=\"1024\" height=\"683\" data-id=\"260050\" src=\"https:\/\/www.monaco-tribune.com\/wp-content\/uploads\/2024\/11\/ma-commemoration-11-novembre-compiegne-31-2.jpg.ocf9xpjqmafhhdvjgbka.1pfamitbb_-2-1024x683.jpg\" alt=\"\" class=\"wp-image-260050\" srcset=\"https:\/\/www.monaco-tribune.com\/wp-content\/uploads\/2024\/11\/ma-commemoration-11-novembre-compiegne-31-2.jpg.ocf9xpjqmafhhdvjgbka.1pfamitbb_-2-1024x683.jpg 1024w, https:\/\/www.monaco-tribune.com\/wp-content\/uploads\/2024\/11\/ma-commemoration-11-novembre-compiegne-31-2.jpg.ocf9xpjqmafhhdvjgbka.1pfamitbb_-2-450x300.jpg 450w, https:\/\/www.monaco-tribune.com\/wp-content\/uploads\/2024\/11\/ma-commemoration-11-novembre-compiegne-31-2.jpg.ocf9xpjqmafhhdvjgbka.1pfamitbb_-2.jpg 1199w\" sizes=\"auto, (max-width: 1024px) 100vw, 1024px\" \/><\/figure>\n<\/div>\n\n<div class=\"wp-block-image\">\n<figure class=\"aligncenter size-large\"><img loading=\"lazy\" decoding=\"async\" width=\"1024\" height=\"683\" data-id=\"260052\" src=\"https:\/\/www.monaco-tribune.com\/wp-content\/uploads\/2024\/11\/ma-commemoration-11-novembre-compiegne-33-2.jpg.oceezpnqmylhhdvjgbka.11hyfijlw6-2-1024x683.jpg\" alt=\"\" class=\"wp-image-260052\" srcset=\"https:\/\/www.monaco-tribune.com\/wp-content\/uploads\/2024\/11\/ma-commemoration-11-novembre-compiegne-33-2.jpg.oceezpnqmylhhdvjgbka.11hyfijlw6-2-1024x683.jpg 1024w, https:\/\/www.monaco-tribune.com\/wp-content\/uploads\/2024\/11\/ma-commemoration-11-novembre-compiegne-33-2.jpg.oceezpnqmylhhdvjgbka.11hyfijlw6-2-450x300.jpg 450w, https:\/\/www.monaco-tribune.com\/wp-content\/uploads\/2024\/11\/ma-commemoration-11-novembre-compiegne-33-2.jpg.oceezpnqmylhhdvjgbka.11hyfijlw6-2.jpg 1199w\" sizes=\"auto, (max-width: 1024px) 100vw, 1024px\" \/><\/figure>\n<\/div><\/figure>\n\n<p><em>Crediti fotografici: Micha\u00ebl Alesi \/ Palazzo del Principe.<\/em><\/p>\n\n<p class=\"related\"><a href=\"https:\/\/www.monaco-tribune.com\/it\/2024\/11\/tempesta-alex-il-principe-alberto-ii-inaugura-i-monumenti-restaurati-delle-valli-francesi-colpite\/\">Tempesta Alex: il Principe Alberto II inaugura i monumenti restaurati delle valli francesi colpite<\/a><\/p>\n","protected":false},"excerpt":{"rendered":"<p>Il Sovrano monegasco \u00e8 intervenuto nelle cerimonie per il 106\u00b0 anniversario dell&#8217;Armistizio dell&#8217;11 novembre 1918 a Compi\u00e8gne, nell&#8217;Oise, rendendo omaggio [&hellip;]<\/p>\n","protected":false},"author":77,"featured_media":259889,"comment_status":"closed","ping_status":"closed","sticky":false,"template":"","format":"standard","meta":{"_acf_changed":false,"footnotes":""},"categories":[1742,1826,1738],"tags":[2986],"post_sectags":[5258,5253],"post_format":[2474],"class_list":["post-260332","post","type-post","status-publish","format-standard","has-post-thumbnail","hentry","category-famiglia-principesca","category-la-nostra-scelta","category-notizie","tag-principe-alberto-ii","sectag-commemorazione","sectag-francia","format-foto"],"acf":[],"yoast_head":"<!-- This site is optimized with the Yoast SEO Premium plugin v26.8 (Yoast SEO v27.4) - https:\/\/yoast.com\/product\/yoast-seo-premium-wordpress\/ -->\n<title>Il Principe Alberto II rende omaggio alle vittime della Grande Guerra<\/title>\n<meta name=\"description\" content=\"Il Sovrano monegasco \u00e8 intervenuto nelle cerimonie per il 106\u00b0 anniversario dell&#039;Armistizio dell&#039;11 novembre 1918 a Compi\u00e8gne, nell&#039;Oise, rendendo omaggio\" \/>\n<meta name=\"robots\" content=\"index, follow, max-snippet:-1, max-image-preview:large, max-video-preview:-1\" \/>\n<link rel=\"canonical\" href=\"https:\/\/www.monaco-tribune.com\/it\/2024\/11\/il-principe-alberto-ii-rende-omaggio-alle-vittime-della-grande-guerra\/\" \/>\n<meta property=\"og:locale\" content=\"it_IT\" \/>\n<meta property=\"og:type\" content=\"article\" \/>\n<meta property=\"og:title\" content=\"Il Principe Alberto II rende omaggio alle vittime della Grande Guerra - Monaco Tribune\" \/>\n<meta property=\"og:description\" content=\"Il Sovrano monegasco \u00e8 intervenuto nelle cerimonie per il 106\u00b0 anniversario dell&#039;Armistizio dell&#039;11 novembre 1918 a Compi\u00e8gne, nell&#039;Oise, rendendo omaggio\" \/>\n<meta property=\"og:url\" content=\"https:\/\/www.monaco-tribune.com\/it\/2024\/11\/il-principe-alberto-ii-rende-omaggio-alle-vittime-della-grande-guerra\/\" \/>\n<meta property=\"og:site_name\" content=\"Monaco Tribune\" \/>\n<meta property=\"article:publisher\" content=\"https:\/\/www.facebook.com\/MonacoTribune\" \/>\n<meta property=\"article:published_time\" content=\"2024-11-13T17:19:15+00:00\" \/>\n<meta property=\"article:modified_time\" content=\"2024-11-13T17:19:30+00:00\" \/>\n<meta property=\"og:image\" content=\"https:\/\/www.monaco-tribune.com\/wp-content\/uploads\/2024\/11\/ma-commemoration-11-novembre-compiegne-2.jpg.ocfcw5nqmr1jhdvjgbka.tmg5mtjcf1.jpg\" \/>\n\t<meta property=\"og:image:width\" content=\"1199\" \/>\n\t<meta property=\"og:image:height\" content=\"800\" \/>\n\t<meta property=\"og:image:type\" content=\"image\/jpeg\" \/>\n<meta name=\"author\" content=\"Ana\u00efs Riu\" \/>\n<meta name=\"twitter:card\" content=\"summary_large_image\" \/>\n<meta name=\"twitter:creator\" content=\"@MonacoTribune\" \/>\n<meta name=\"twitter:site\" content=\"@MonacoTribune\" \/>\n<script type=\"application\/ld+json\" class=\"yoast-schema-graph\">{\"@context\":\"https:\\\/\\\/schema.org\",\"@graph\":[{\"@type\":\"NewsArticle\",\"@id\":\"https:\\\/\\\/www.monaco-tribune.com\\\/it\\\/2024\\\/11\\\/il-principe-alberto-ii-rende-omaggio-alle-vittime-della-grande-guerra\\\/#article\",\"isPartOf\":{\"@id\":\"https:\\\/\\\/www.monaco-tribune.com\\\/it\\\/2024\\\/11\\\/il-principe-alberto-ii-rende-omaggio-alle-vittime-della-grande-guerra\\\/\"},\"author\":{\"name\":\"Ana\u00efs Riu\",\"@id\":\"https:\\\/\\\/www.monaco-tribune.com\\\/it\\\/#\\\/schema\\\/person\\\/6db631c784f2f0eff54c3ca4d1da2d49\"},\"headline\":\"Il Principe Alberto II rende omaggio alle vittime della Grande Guerra\",\"datePublished\":\"2024-11-13T17:19:15+00:00\",\"dateModified\":\"2024-11-13T17:19:30+00:00\",\"mainEntityOfPage\":{\"@id\":\"https:\\\/\\\/www.monaco-tribune.com\\\/it\\\/2024\\\/11\\\/il-principe-alberto-ii-rende-omaggio-alle-vittime-della-grande-guerra\\\/\"},\"wordCount\":465,\"publisher\":{\"@id\":\"https:\\\/\\\/www.monaco-tribune.com\\\/it\\\/#organization\"},\"image\":{\"@id\":\"https:\\\/\\\/www.monaco-tribune.com\\\/it\\\/2024\\\/11\\\/il-principe-alberto-ii-rende-omaggio-alle-vittime-della-grande-guerra\\\/#primaryimage\"},\"thumbnailUrl\":\"https:\\\/\\\/www.monaco-tribune.com\\\/wp-content\\\/uploads\\\/2024\\\/11\\\/ma-commemoration-11-novembre-compiegne-2.jpg.ocfcw5nqmr1jhdvjgbka.tmg5mtjcf1.jpg\",\"keywords\":[\"Principe Alberto II\"],\"articleSection\":[\"Famiglia Principesca\",\"La nostra scelta\",\"Notizie\"],\"inLanguage\":\"it-IT\",\"copyrightYear\":\"2024\",\"copyrightHolder\":{\"@id\":\"https:\\\/\\\/www.monaco-tribune.com\\\/#organization\"}},{\"@type\":\"WebPage\",\"@id\":\"https:\\\/\\\/www.monaco-tribune.com\\\/it\\\/2024\\\/11\\\/il-principe-alberto-ii-rende-omaggio-alle-vittime-della-grande-guerra\\\/\",\"url\":\"https:\\\/\\\/www.monaco-tribune.com\\\/it\\\/2024\\\/11\\\/il-principe-alberto-ii-rende-omaggio-alle-vittime-della-grande-guerra\\\/\",\"name\":\"Il Principe Alberto II rende omaggio alle vittime della Grande Guerra\",\"isPartOf\":{\"@id\":\"https:\\\/\\\/www.monaco-tribune.com\\\/it\\\/#website\"},\"primaryImageOfPage\":{\"@id\":\"https:\\\/\\\/www.monaco-tribune.com\\\/it\\\/2024\\\/11\\\/il-principe-alberto-ii-rende-omaggio-alle-vittime-della-grande-guerra\\\/#primaryimage\"},\"image\":{\"@id\":\"https:\\\/\\\/www.monaco-tribune.com\\\/it\\\/2024\\\/11\\\/il-principe-alberto-ii-rende-omaggio-alle-vittime-della-grande-guerra\\\/#primaryimage\"},\"thumbnailUrl\":\"https:\\\/\\\/www.monaco-tribune.com\\\/wp-content\\\/uploads\\\/2024\\\/11\\\/ma-commemoration-11-novembre-compiegne-2.jpg.ocfcw5nqmr1jhdvjgbka.tmg5mtjcf1.jpg\",\"datePublished\":\"2024-11-13T17:19:15+00:00\",\"dateModified\":\"2024-11-13T17:19:30+00:00\",\"description\":\"Il Sovrano monegasco \u00e8 intervenuto nelle cerimonie per il 106\u00b0 anniversario dell'Armistizio dell'11 novembre 1918 a Compi\u00e8gne, nell'Oise, rendendo omaggio\",\"breadcrumb\":{\"@id\":\"https:\\\/\\\/www.monaco-tribune.com\\\/it\\\/2024\\\/11\\\/il-principe-alberto-ii-rende-omaggio-alle-vittime-della-grande-guerra\\\/#breadcrumb\"},\"inLanguage\":\"it-IT\",\"potentialAction\":[{\"@type\":\"ReadAction\",\"target\":[\"https:\\\/\\\/www.monaco-tribune.com\\\/it\\\/2024\\\/11\\\/il-principe-alberto-ii-rende-omaggio-alle-vittime-della-grande-guerra\\\/\"]}]},{\"@type\":\"ImageObject\",\"inLanguage\":\"it-IT\",\"@id\":\"https:\\\/\\\/www.monaco-tribune.com\\\/it\\\/2024\\\/11\\\/il-principe-alberto-ii-rende-omaggio-alle-vittime-della-grande-guerra\\\/#primaryimage\",\"url\":\"https:\\\/\\\/www.monaco-tribune.com\\\/wp-content\\\/uploads\\\/2024\\\/11\\\/ma-commemoration-11-novembre-compiegne-2.jpg.ocfcw5nqmr1jhdvjgbka.tmg5mtjcf1.jpg\",\"contentUrl\":\"https:\\\/\\\/www.monaco-tribune.com\\\/wp-content\\\/uploads\\\/2024\\\/11\\\/ma-commemoration-11-novembre-compiegne-2.jpg.ocfcw5nqmr1jhdvjgbka.tmg5mtjcf1.jpg\",\"width\":1199,\"height\":800,\"caption\":\"\u00a9 Micha\u00ebl Alesi \\\/ Palazzo del Principe\"},{\"@type\":\"BreadcrumbList\",\"@id\":\"https:\\\/\\\/www.monaco-tribune.com\\\/it\\\/2024\\\/11\\\/il-principe-alberto-ii-rende-omaggio-alle-vittime-della-grande-guerra\\\/#breadcrumb\",\"itemListElement\":[{\"@type\":\"ListItem\",\"position\":1,\"name\":\"Accueil\",\"item\":\"https:\\\/\\\/www.monaco-tribune.com\\\/it\\\/\"},{\"@type\":\"ListItem\",\"position\":2,\"name\":\"Il Principe Alberto II rende omaggio alle vittime della Grande Guerra\"}]},{\"@type\":\"WebSite\",\"@id\":\"https:\\\/\\\/www.monaco-tribune.com\\\/it\\\/#website\",\"url\":\"https:\\\/\\\/www.monaco-tribune.com\\\/it\\\/\",\"name\":\"Monaco Tribune\",\"description\":\"Monaco : actualit\u00e9s \u00e9conomiques, politiques, culturelles et sportives de Monaco et de la French Riviera.\",\"publisher\":{\"@id\":\"https:\\\/\\\/www.monaco-tribune.com\\\/it\\\/#organization\"},\"potentialAction\":[{\"@type\":\"SearchAction\",\"target\":{\"@type\":\"EntryPoint\",\"urlTemplate\":\"https:\\\/\\\/www.monaco-tribune.com\\\/it\\\/?s={search_term_string}\"},\"query-input\":{\"@type\":\"PropertyValueSpecification\",\"valueRequired\":true,\"valueName\":\"search_term_string\"}}],\"inLanguage\":\"it-IT\"},{\"@type\":\"Organization\",\"@id\":\"https:\\\/\\\/www.monaco-tribune.com\\\/it\\\/#organization\",\"name\":\"Monaco Tribune\",\"url\":\"https:\\\/\\\/www.monaco-tribune.com\\\/it\\\/\",\"logo\":{\"@type\":\"ImageObject\",\"inLanguage\":\"it-IT\",\"@id\":\"https:\\\/\\\/www.monaco-tribune.com\\\/it\\\/#\\\/schema\\\/logo\\\/image\\\/\",\"url\":\"https:\\\/\\\/www.monaco-tribune.com\\\/wp-content\\\/uploads\\\/2022\\\/11\\\/logo-monaco-tribune.png\",\"contentUrl\":\"https:\\\/\\\/www.monaco-tribune.com\\\/wp-content\\\/uploads\\\/2022\\\/11\\\/logo-monaco-tribune.png\",\"width\":1548,\"height\":600,\"caption\":\"Monaco Tribune\"},\"image\":{\"@id\":\"https:\\\/\\\/www.monaco-tribune.com\\\/it\\\/#\\\/schema\\\/logo\\\/image\\\/\"},\"sameAs\":[\"https:\\\/\\\/www.facebook.com\\\/MonacoTribune\",\"https:\\\/\\\/x.com\\\/MonacoTribune\",\"https:\\\/\\\/www.instagram.com\\\/monacotribune\\\/\",\"https:\\\/\\\/www.linkedin.com\\\/company\\\/monaco-tribune\",\"https:\\\/\\\/www.youtube.com\\\/channel\\\/UCHle1MnG6hw1y4lWKijVbMA\"]},{\"@type\":\"Person\",\"@id\":\"https:\\\/\\\/www.monaco-tribune.com\\\/it\\\/#\\\/schema\\\/person\\\/6db631c784f2f0eff54c3ca4d1da2d49\",\"name\":\"Ana\u00efs Riu\",\"image\":{\"@type\":\"ImageObject\",\"inLanguage\":\"it-IT\",\"@id\":\"https:\\\/\\\/secure.gravatar.com\\\/avatar\\\/9137eff67ff750f1997c171f45e5829ca4c8fa34729a8f8cd9dc85be7e50df7f?s=96&d=mm&r=g\",\"url\":\"https:\\\/\\\/secure.gravatar.com\\\/avatar\\\/9137eff67ff750f1997c171f45e5829ca4c8fa34729a8f8cd9dc85be7e50df7f?s=96&d=mm&r=g\",\"contentUrl\":\"https:\\\/\\\/secure.gravatar.com\\\/avatar\\\/9137eff67ff750f1997c171f45e5829ca4c8fa34729a8f8cd9dc85be7e50df7f?s=96&d=mm&r=g\",\"caption\":\"Ana\u00efs Riu\"},\"url\":\"https:\\\/\\\/www.monaco-tribune.com\\\/it\\\/author\\\/anaisriu\\\/\"}]}<\/script>\n<!-- \/ Yoast SEO Premium plugin. -->","yoast_head_json":{"title":"Il Principe Alberto II rende omaggio alle vittime della Grande Guerra","description":"Il Sovrano monegasco \u00e8 intervenuto nelle cerimonie per il 106\u00b0 anniversario dell'Armistizio dell'11 novembre 1918 a Compi\u00e8gne, nell'Oise, rendendo omaggio","robots":{"index":"index","follow":"follow","max-snippet":"max-snippet:-1","max-image-preview":"max-image-preview:large","max-video-preview":"max-video-preview:-1"},"canonical":"https:\/\/www.monaco-tribune.com\/it\/2024\/11\/il-principe-alberto-ii-rende-omaggio-alle-vittime-della-grande-guerra\/","og_locale":"it_IT","og_type":"article","og_title":"Il Principe Alberto II rende omaggio alle vittime della Grande Guerra - Monaco Tribune","og_description":"Il Sovrano monegasco \u00e8 intervenuto nelle cerimonie per il 106\u00b0 anniversario dell'Armistizio dell'11 novembre 1918 a Compi\u00e8gne, nell'Oise, rendendo omaggio","og_url":"https:\/\/www.monaco-tribune.com\/it\/2024\/11\/il-principe-alberto-ii-rende-omaggio-alle-vittime-della-grande-guerra\/","og_site_name":"Monaco Tribune","article_publisher":"https:\/\/www.facebook.com\/MonacoTribune","article_published_time":"2024-11-13T17:19:15+00:00","article_modified_time":"2024-11-13T17:19:30+00:00","og_image":[{"width":1199,"height":800,"url":"https:\/\/www.monaco-tribune.com\/wp-content\/uploads\/2024\/11\/ma-commemoration-11-novembre-compiegne-2.jpg.ocfcw5nqmr1jhdvjgbka.tmg5mtjcf1.jpg","type":"image\/jpeg"}],"author":"Ana\u00efs Riu","twitter_card":"summary_large_image","twitter_creator":"@MonacoTribune","twitter_site":"@MonacoTribune","schema":{"@context":"https:\/\/schema.org","@graph":[{"@type":"NewsArticle","@id":"https:\/\/www.monaco-tribune.com\/it\/2024\/11\/il-principe-alberto-ii-rende-omaggio-alle-vittime-della-grande-guerra\/#article","isPartOf":{"@id":"https:\/\/www.monaco-tribune.com\/it\/2024\/11\/il-principe-alberto-ii-rende-omaggio-alle-vittime-della-grande-guerra\/"},"author":{"name":"Ana\u00efs Riu","@id":"https:\/\/www.monaco-tribune.com\/it\/#\/schema\/person\/6db631c784f2f0eff54c3ca4d1da2d49"},"headline":"Il Principe Alberto II rende omaggio alle vittime della Grande Guerra","datePublished":"2024-11-13T17:19:15+00:00","dateModified":"2024-11-13T17:19:30+00:00","mainEntityOfPage":{"@id":"https:\/\/www.monaco-tribune.com\/it\/2024\/11\/il-principe-alberto-ii-rende-omaggio-alle-vittime-della-grande-guerra\/"},"wordCount":465,"publisher":{"@id":"https:\/\/www.monaco-tribune.com\/it\/#organization"},"image":{"@id":"https:\/\/www.monaco-tribune.com\/it\/2024\/11\/il-principe-alberto-ii-rende-omaggio-alle-vittime-della-grande-guerra\/#primaryimage"},"thumbnailUrl":"https:\/\/www.monaco-tribune.com\/wp-content\/uploads\/2024\/11\/ma-commemoration-11-novembre-compiegne-2.jpg.ocfcw5nqmr1jhdvjgbka.tmg5mtjcf1.jpg","keywords":["Principe Alberto II"],"articleSection":["Famiglia Principesca","La nostra scelta","Notizie"],"inLanguage":"it-IT","copyrightYear":"2024","copyrightHolder":{"@id":"https:\/\/www.monaco-tribune.com\/#organization"}},{"@type":"WebPage","@id":"https:\/\/www.monaco-tribune.com\/it\/2024\/11\/il-principe-alberto-ii-rende-omaggio-alle-vittime-della-grande-guerra\/","url":"https:\/\/www.monaco-tribune.com\/it\/2024\/11\/il-principe-alberto-ii-rende-omaggio-alle-vittime-della-grande-guerra\/","name":"Il Principe Alberto II rende omaggio alle vittime della Grande Guerra","isPartOf":{"@id":"https:\/\/www.monaco-tribune.com\/it\/#website"},"primaryImageOfPage":{"@id":"https:\/\/www.monaco-tribune.com\/it\/2024\/11\/il-principe-alberto-ii-rende-omaggio-alle-vittime-della-grande-guerra\/#primaryimage"},"image":{"@id":"https:\/\/www.monaco-tribune.com\/it\/2024\/11\/il-principe-alberto-ii-rende-omaggio-alle-vittime-della-grande-guerra\/#primaryimage"},"thumbnailUrl":"https:\/\/www.monaco-tribune.com\/wp-content\/uploads\/2024\/11\/ma-commemoration-11-novembre-compiegne-2.jpg.ocfcw5nqmr1jhdvjgbka.tmg5mtjcf1.jpg","datePublished":"2024-11-13T17:19:15+00:00","dateModified":"2024-11-13T17:19:30+00:00","description":"Il Sovrano monegasco \u00e8 intervenuto nelle cerimonie per il 106\u00b0 anniversario dell'Armistizio dell'11 novembre 1918 a Compi\u00e8gne, nell'Oise, rendendo omaggio","breadcrumb":{"@id":"https:\/\/www.monaco-tribune.com\/it\/2024\/11\/il-principe-alberto-ii-rende-omaggio-alle-vittime-della-grande-guerra\/#breadcrumb"},"inLanguage":"it-IT","potentialAction":[{"@type":"ReadAction","target":["https:\/\/www.monaco-tribune.com\/it\/2024\/11\/il-principe-alberto-ii-rende-omaggio-alle-vittime-della-grande-guerra\/"]}]},{"@type":"ImageObject","inLanguage":"it-IT","@id":"https:\/\/www.monaco-tribune.com\/it\/2024\/11\/il-principe-alberto-ii-rende-omaggio-alle-vittime-della-grande-guerra\/#primaryimage","url":"https:\/\/www.monaco-tribune.com\/wp-content\/uploads\/2024\/11\/ma-commemoration-11-novembre-compiegne-2.jpg.ocfcw5nqmr1jhdvjgbka.tmg5mtjcf1.jpg","contentUrl":"https:\/\/www.monaco-tribune.com\/wp-content\/uploads\/2024\/11\/ma-commemoration-11-novembre-compiegne-2.jpg.ocfcw5nqmr1jhdvjgbka.tmg5mtjcf1.jpg","width":1199,"height":800,"caption":"\u00a9 Micha\u00ebl Alesi \/ Palazzo del Principe"},{"@type":"BreadcrumbList","@id":"https:\/\/www.monaco-tribune.com\/it\/2024\/11\/il-principe-alberto-ii-rende-omaggio-alle-vittime-della-grande-guerra\/#breadcrumb","itemListElement":[{"@type":"ListItem","position":1,"name":"Accueil","item":"https:\/\/www.monaco-tribune.com\/it\/"},{"@type":"ListItem","position":2,"name":"Il Principe Alberto II rende omaggio alle vittime della Grande Guerra"}]},{"@type":"WebSite","@id":"https:\/\/www.monaco-tribune.com\/it\/#website","url":"https:\/\/www.monaco-tribune.com\/it\/","name":"Monaco Tribune","description":"Monaco : actualit\u00e9s \u00e9conomiques, politiques, culturelles et sportives de Monaco et de la French Riviera.","publisher":{"@id":"https:\/\/www.monaco-tribune.com\/it\/#organization"},"potentialAction":[{"@type":"SearchAction","target":{"@type":"EntryPoint","urlTemplate":"https:\/\/www.monaco-tribune.com\/it\/?s={search_term_string}"},"query-input":{"@type":"PropertyValueSpecification","valueRequired":true,"valueName":"search_term_string"}}],"inLanguage":"it-IT"},{"@type":"Organization","@id":"https:\/\/www.monaco-tribune.com\/it\/#organization","name":"Monaco Tribune","url":"https:\/\/www.monaco-tribune.com\/it\/","logo":{"@type":"ImageObject","inLanguage":"it-IT","@id":"https:\/\/www.monaco-tribune.com\/it\/#\/schema\/logo\/image\/","url":"https:\/\/www.monaco-tribune.com\/wp-content\/uploads\/2022\/11\/logo-monaco-tribune.png","contentUrl":"https:\/\/www.monaco-tribune.com\/wp-content\/uploads\/2022\/11\/logo-monaco-tribune.png","width":1548,"height":600,"caption":"Monaco Tribune"},"image":{"@id":"https:\/\/www.monaco-tribune.com\/it\/#\/schema\/logo\/image\/"},"sameAs":["https:\/\/www.facebook.com\/MonacoTribune","https:\/\/x.com\/MonacoTribune","https:\/\/www.instagram.com\/monacotribune\/","https:\/\/www.linkedin.com\/company\/monaco-tribune","https:\/\/www.youtube.com\/channel\/UCHle1MnG6hw1y4lWKijVbMA"]},{"@type":"Person","@id":"https:\/\/www.monaco-tribune.com\/it\/#\/schema\/person\/6db631c784f2f0eff54c3ca4d1da2d49","name":"Ana\u00efs Riu","image":{"@type":"ImageObject","inLanguage":"it-IT","@id":"https:\/\/secure.gravatar.com\/avatar\/9137eff67ff750f1997c171f45e5829ca4c8fa34729a8f8cd9dc85be7e50df7f?s=96&d=mm&r=g","url":"https:\/\/secure.gravatar.com\/avatar\/9137eff67ff750f1997c171f45e5829ca4c8fa34729a8f8cd9dc85be7e50df7f?s=96&d=mm&r=g","contentUrl":"https:\/\/secure.gravatar.com\/avatar\/9137eff67ff750f1997c171f45e5829ca4c8fa34729a8f8cd9dc85be7e50df7f?s=96&d=mm&r=g","caption":"Ana\u00efs Riu"},"url":"https:\/\/www.monaco-tribune.com\/it\/author\/anaisriu\/"}]}},"_links":{"self":[{"href":"https:\/\/www.monaco-tribune.com\/it\/wp-json\/wp\/v2\/posts\/260332","targetHints":{"allow":["GET"]}}],"collection":[{"href":"https:\/\/www.monaco-tribune.com\/it\/wp-json\/wp\/v2\/posts"}],"about":[{"href":"https:\/\/www.monaco-tribune.com\/it\/wp-json\/wp\/v2\/types\/post"}],"author":[{"embeddable":true,"href":"https:\/\/www.monaco-tribune.com\/it\/wp-json\/wp\/v2\/users\/77"}],"replies":[{"embeddable":true,"href":"https:\/\/www.monaco-tribune.com\/it\/wp-json\/wp\/v2\/comments?post=260332"}],"version-history":[{"count":2,"href":"https:\/\/www.monaco-tribune.com\/it\/wp-json\/wp\/v2\/posts\/260332\/revisions"}],"predecessor-version":[{"id":260343,"href":"https:\/\/www.monaco-tribune.com\/it\/wp-json\/wp\/v2\/posts\/260332\/revisions\/260343"}],"wp:featuredmedia":[{"embeddable":true,"href":"https:\/\/www.monaco-tribune.com\/it\/wp-json\/wp\/v2\/media\/259889"}],"wp:attachment":[{"href":"https:\/\/www.monaco-tribune.com\/it\/wp-json\/wp\/v2\/media?parent=260332"}],"wp:term":[{"taxonomy":"category","embeddable":true,"href":"https:\/\/www.monaco-tribune.com\/it\/wp-json\/wp\/v2\/categories?post=260332"},{"taxonomy":"post_tag","embeddable":true,"href":"https:\/\/www.monaco-tribune.com\/it\/wp-json\/wp\/v2\/tags?post=260332"},{"taxonomy":"sectag","embeddable":true,"href":"https:\/\/www.monaco-tribune.com\/it\/wp-json\/wp\/v2\/post_sectags?post=260332"},{"taxonomy":"format","embeddable":true,"href":"https:\/\/www.monaco-tribune.com\/it\/wp-json\/wp\/v2\/post_format?post=260332"}],"curies":[{"name":"wp","href":"https:\/\/api.w.org\/{rel}","templated":true}]}}