{"id":260507,"date":"2024-11-14T19:29:20","date_gmt":"2024-11-14T17:29:20","guid":{"rendered":"https:\/\/www.monaco-tribune.com\/2024\/11\/infrastrutture-mobilita-e-ambiente-i-5-punti-salienti-della-conferenza-stampa-di-celine-caron-dagioni\/"},"modified":"2024-11-14T19:29:30","modified_gmt":"2024-11-14T17:29:30","slug":"infrastrutture-mobilita-e-ambiente-i-5-punti-salienti-della-conferenza-stampa-di-celine-caron-dagioni","status":"publish","type":"post","link":"https:\/\/www.monaco-tribune.com\/it\/2024\/11\/infrastrutture-mobilita-e-ambiente-i-5-punti-salienti-della-conferenza-stampa-di-celine-caron-dagioni\/","title":{"rendered":"Infrastrutture, mobilit\u00e0 e ambiente: i 5 punti salienti della conferenza stampa di C\u00e9line Caron-Dagioni"},"content":{"rendered":"\n<p><strong>La Ministra delle Infrastrutture, dell&#8217;Ambiente e dell&#8217;Urbanistica ha presentato gli ultimi sviluppi del suo dipartimento.<\/strong><\/p>\n\n<p>C\u00e9line Caron-Dagioni, Consigliere di Governo e Ministra delle Infrastrutture, dell&#8217;Ambiente e dell&#8217;Urbanistica, ha tenuto oggi una conferenza stampa per fare il punto sui progetti di sviluppo e sulle iniziative ambientali nel Principato. Dalle infrastrutture alla pianificazione urbana, passando per gli interventi per la transizione ecologica, ecco i cinque punti salienti della conferenza.<\/p>\n\n<h2 class=\"wp-block-heading\" id=\"h-1-un-rythme-soutenu-de-livraisons-de-projets\">1. Consegna dei progetti a un ritmo sostenuto<\/h2>\n\n<p>Negli ultimi tempi, nel Principato sono stati portati a termine grandi progetti e Monaco ha recentemente inaugurato diverse importanti infrastrutture, tra cui il Collegio Carlo III e la Soci\u00e9t\u00e9 Protectrice des Animaux (SPA). Secondo la Ministra \u00e8 una continua inaugurazione: \u201cHo l&#8217;impressione di passare il mio tempo a fare inaugurazioni, ed \u00e8 una buona notizia&#8221;.<\/p>\n\n<p><a href=\"https:\/\/www.monaco-tribune.com\/2022\/07\/villa-carmelha-batiment-modele-pour-des-logements-plus-durables\/\">Villa Carmelha<\/a> sar\u00e0 inaugurata questa settimana. Mareterra dovrebbe seguire a breve con una prima, poich\u00e9 gli spazi verdi del quartiere sono stati piantati direttamente dal Dipartimento dello Sviluppo Urbano (DAU) in primavera e a orari scaglionati.<\/p>\n\n<p>Il cantiere di <a href=\"https:\/\/www.monaco-tribune.com\/2022\/09\/loperation-du-bel-air-ce-quil-faut-savoir-sur-les-nouveaux-logements\/\">Bel Air<\/a> sta procedendo senza intoppi e la demolizione \u00e8 stata effettuata rapidamente. \u201cTutte le precauzioni che abbiamo preso all&#8217;inizio [hanno portato a] un risultato positivo\u201d, ha dichiarato C\u00e9line Caron-Dagioni, congratulandosi per l&#8217;efficienza dei lavori.<\/p>\n\n<p>Anche il progetto del nuovo ospedale ha fatto progressi. L&#8217;involucro dell&#8217;edificio \u00e8 stato completato a ritmo serrato: due piani al mese.<\/p>\n\n<h2 class=\"wp-block-heading\" id=\"h-2-projets-a-venir-parking-wurtemberg-passerelle-mediatheque-espace-leo-ferre\">2. Prossimi progetti: parcheggio Wurtemberg, passerella pedonale, mediateca, spazio L\u00e9o Ferr\u00e9<\/h2>\n\n<p>La consegna del parcheggio Wurtemberg \u00e8 prevista per la prima met\u00e0 del 2025, con una capacit\u00e0 iniziale di 565 posti, che saliranno a 863 al termine dei lavori. Avr\u00e0 100 punti di ricarica per i veicoli elettrici \u201cMonaco On\u201d, oltre a 193 posti per i due ruote, rispondendo alle crescenti esigenze degli utenti in termini di mobilit\u00e0 sostenibile.<\/p>\n\n<p>Anche altri progetti sono in fase di completamento: nel febbraio 2025, una passerella collegher\u00e0 l&#8217;\u00eelot Pasteur alla sede centrale della SMEG, dove lo Stato disporr\u00e0 di quattro piani. Tra marzo e giugno 2025 saranno completate infrastrutture come &#8220;l&#8217;ufficio di smistamento postale, la mediateca e lo spazio L\u00e9o Ferr\u00e9&#8221;.<\/p>\n\n<p class=\"related\"><a href=\"https:\/\/www.monaco-tribune.com\/it\/2024\/04\/quanti-abitanti-conta-monaco\/\">Quanti abitanti ha Monaco?<\/a><\/p>\n\n<h2 class=\"wp-block-heading\" id=\"h-3-la-transition-energetique-et-le-defi-de-la-neutralite-carbone\">3. La transizione energetica e la sfida della neutralit\u00e0 carbonica<\/h2>\n\n<p>Impegnato a raggiungere la neutralit\u00e0 carbonica entro il 2050, il Principato di Monaco \u00e8 concentrato sulla riduzione delle emissioni e sulla promozione delle nuove energie. C\u00e9line Caron-Dagioni ha ribadito la necessit\u00e0 di intraprendere azioni concrete da subito: \u201cDobbiamo piantare il seme oggi se vogliamo raccogliere i benefici tra cinque anni&#8221;.<\/p>\n\n<h2 class=\"wp-block-heading\" id=\"h-4-un-plan-de-mobilite-en-pleine-expansion\">4. Un piano di mobilit\u00e0 in piena espansione<\/h2>\n\n<p>Monaco prosegue nel miglioramento delle infrastrutture di trasporto per incoraggiare la mobilit\u00e0 dolce. Il servizio Clic-Bus ha riscosso un grande successo, cos\u00ec come i nuovi collegamenti rapidi, che facilitano gli spostamenti di residenti e visitatori. Il parcheggio Salines continua a essere sempre pieno, con oltre 600 abbonati.<\/p>\n\n<p class=\"related\"><a href=\"https:\/\/www.monaco-tribune.com\/it\/2024\/02\/treni-autobus-parcheggi-trasporto-su-richiesta-ecco-i-principali-progetti-di-mobilita-del-principato-di-monaco\/\">Treni, autobus, parcheggi, \u201ctrasporto su richiesta\u201d\u2026 Ecco i principali progetti di mobilit\u00e0 del Principato di Monaco<\/a><\/p>\n\n<p>Entro il 2027, la ristrutturazione dello stadio Louis-II in vista dei Giochi dei piccoli stati d&#8217;Europa porter\u00e0 alla perdita di 400 posti auto. &#8220;Non possiamo premere un pulsante un mese e dire&#8230; li trasferiamo tutti in una volta \u201d, ha spiegato C\u00e9line Caron-Dagioni, aggiungendo che i trasferimenti al parcheggio di Salines avverranno a scaglioni.<\/p>\n\n<p>Il numero di corse con MonaBike continua a crescere: nel 2023 sono stati registrati circa 600.000 tragitti, una cifra che \u00e8 aumentata di circa il 20% nel 2024. In risposta a questa domanda, il governo sta gradualmente rinnovando la flotta di biciclette con nuovi modelli dotati di marce per facilitare gli spostamenti sui terreni in pendenza di Monaco.<\/p>\n\n<h2 class=\"wp-block-heading\" id=\"h-5-partenariat-renforce-avec-la-sncf-et-nouveaux-investissements-pour-le-transport-ferroviaire\">5. Partnership consolidata con SNCF e nuovi investimenti nel trasporto ferroviario<\/h2>\n\n<p><a href=\"https:\/\/www.monaco-tribune.com\/it\/2024\/09\/lavori-sncf-posticipati-di-unora-un-po-di-tregua-per-chi-viaggia-tra-nizza-e-ventimiglia\/\">Le recenti difficolt\u00e0 riscontrate con SNCF<\/a> hanno portato a una pi\u00f9 stretta collaborazione tra Monaco e la regione PACA. Grazie a un dialogo serrato, \u00e8 stato messo a punto un piano previsionale di due anni per anticipare i lavori e limitare l&#8217;impatto sui lavoratori transfrontalieri. \u201cQuesto ci ha permesso di intensificare i legami con la regione\u201d, ha dichiarato la Ministra-Consigliere.<\/p>\n\n<p>Monaco prevede inoltre di acquistare due nuovi treni, che dovrebbero entrare in servizio nel 2027. Una spinta positiva per soddisfare la domanda dei passeggeri.<\/p>\n","protected":false},"excerpt":{"rendered":"<p>La Ministra delle Infrastrutture, dell&#8217;Ambiente e dell&#8217;Urbanistica ha presentato gli ultimi sviluppi del suo dipartimento. C\u00e9line Caron-Dagioni, Consigliere di Governo [&hellip;]<\/p>\n","protected":false},"author":66,"featured_media":260176,"comment_status":"closed","ping_status":"closed","sticky":false,"template":"","format":"standard","meta":{"_acf_changed":false,"footnotes":""},"categories":[1826,1738,1752],"tags":[3220],"post_sectags":[],"post_format":[2486],"class_list":["post-260507","post","type-post","status-publish","format-standard","has-post-thumbnail","hentry","category-la-nostra-scelta","category-notizie","category-societa","tag-politica","format-servizio"],"acf":[],"yoast_head":"<!-- This site is optimized with the Yoast SEO Premium plugin v26.8 (Yoast SEO v27.5) - https:\/\/yoast.com\/product\/yoast-seo-premium-wordpress\/ -->\n<title>Infrastrutture, mobilit\u00e0 e ambiente: i 5 punti salienti della conferenza stampa di C\u00e9line Caron-Dagioni<\/title>\n<meta name=\"description\" content=\"La Ministra delle Infrastrutture, dell&#039;Ambiente e dell&#039;Urbanistica ha presentato gli ultimi sviluppi del suo dipartimento. C\u00e9line Caron-Dagioni,\" \/>\n<meta name=\"robots\" content=\"index, follow, max-snippet:-1, max-image-preview:large, max-video-preview:-1\" \/>\n<link rel=\"canonical\" href=\"https:\/\/www.monaco-tribune.com\/it\/2024\/11\/infrastrutture-mobilita-e-ambiente-i-5-punti-salienti-della-conferenza-stampa-di-celine-caron-dagioni\/\" \/>\n<meta property=\"og:locale\" content=\"it_IT\" \/>\n<meta property=\"og:type\" content=\"article\" \/>\n<meta property=\"og:title\" content=\"Infrastrutture, mobilit\u00e0 e ambiente: i 5 punti salienti della conferenza stampa di C\u00e9line Caron-Dagioni - Monaco Tribune\" \/>\n<meta property=\"og:description\" content=\"La Ministra delle Infrastrutture, dell&#039;Ambiente e dell&#039;Urbanistica ha presentato gli ultimi sviluppi del suo dipartimento. C\u00e9line Caron-Dagioni,\" \/>\n<meta property=\"og:url\" content=\"https:\/\/www.monaco-tribune.com\/it\/2024\/11\/infrastrutture-mobilita-e-ambiente-i-5-punti-salienti-della-conferenza-stampa-di-celine-caron-dagioni\/\" \/>\n<meta property=\"og:site_name\" content=\"Monaco Tribune\" \/>\n<meta property=\"article:publisher\" content=\"https:\/\/www.facebook.com\/MonacoTribune\" \/>\n<meta property=\"article:published_time\" content=\"2024-11-14T17:29:20+00:00\" \/>\n<meta property=\"article:modified_time\" content=\"2024-11-14T17:29:30+00:00\" \/>\n<meta property=\"og:image\" content=\"https:\/\/www.monaco-tribune.com\/wp-content\/uploads\/2024\/11\/celine-caron-dagioni-conseiller-de-gouvernement-ministre-de-lequipement-de-lenvironnement-et-de-lurbanisme.jpg\" \/>\n\t<meta property=\"og:image:width\" content=\"1200\" \/>\n\t<meta property=\"og:image:height\" content=\"800\" \/>\n\t<meta property=\"og:image:type\" content=\"image\/jpeg\" \/>\n<meta name=\"author\" content=\"Th\u00e9o Briand\" \/>\n<meta name=\"twitter:card\" content=\"summary_large_image\" \/>\n<meta name=\"twitter:creator\" content=\"@MonacoTribune\" \/>\n<meta name=\"twitter:site\" content=\"@MonacoTribune\" \/>\n<script type=\"application\/ld+json\" class=\"yoast-schema-graph\">{\"@context\":\"https:\\\/\\\/schema.org\",\"@graph\":[{\"@type\":\"NewsArticle\",\"@id\":\"https:\\\/\\\/www.monaco-tribune.com\\\/it\\\/2024\\\/11\\\/infrastrutture-mobilita-e-ambiente-i-5-punti-salienti-della-conferenza-stampa-di-celine-caron-dagioni\\\/#article\",\"isPartOf\":{\"@id\":\"https:\\\/\\\/www.monaco-tribune.com\\\/it\\\/2024\\\/11\\\/infrastrutture-mobilita-e-ambiente-i-5-punti-salienti-della-conferenza-stampa-di-celine-caron-dagioni\\\/\"},\"author\":{\"name\":\"Th\u00e9o Briand\",\"@id\":\"https:\\\/\\\/www.monaco-tribune.com\\\/it\\\/#\\\/schema\\\/person\\\/94fb5723547bd83dea1eed97e25145aa\"},\"headline\":\"Infrastrutture, mobilit\u00e0 e ambiente: i 5 punti salienti della conferenza stampa di C\u00e9line Caron-Dagioni\",\"datePublished\":\"2024-11-14T17:29:20+00:00\",\"dateModified\":\"2024-11-14T17:29:30+00:00\",\"mainEntityOfPage\":{\"@id\":\"https:\\\/\\\/www.monaco-tribune.com\\\/it\\\/2024\\\/11\\\/infrastrutture-mobilita-e-ambiente-i-5-punti-salienti-della-conferenza-stampa-di-celine-caron-dagioni\\\/\"},\"wordCount\":688,\"publisher\":{\"@id\":\"https:\\\/\\\/www.monaco-tribune.com\\\/it\\\/#organization\"},\"image\":{\"@id\":\"https:\\\/\\\/www.monaco-tribune.com\\\/it\\\/2024\\\/11\\\/infrastrutture-mobilita-e-ambiente-i-5-punti-salienti-della-conferenza-stampa-di-celine-caron-dagioni\\\/#primaryimage\"},\"thumbnailUrl\":\"https:\\\/\\\/www.monaco-tribune.com\\\/wp-content\\\/uploads\\\/2024\\\/11\\\/celine-caron-dagioni-conseiller-de-gouvernement-ministre-de-lequipement-de-lenvironnement-et-de-lurbanisme.jpg\",\"keywords\":[\"Politica\"],\"articleSection\":[\"La nostra scelta\",\"Notizie\",\"Societ\u00e0\"],\"inLanguage\":\"it-IT\",\"copyrightYear\":\"2024\",\"copyrightHolder\":{\"@id\":\"https:\\\/\\\/www.monaco-tribune.com\\\/#organization\"}},{\"@type\":\"WebPage\",\"@id\":\"https:\\\/\\\/www.monaco-tribune.com\\\/it\\\/2024\\\/11\\\/infrastrutture-mobilita-e-ambiente-i-5-punti-salienti-della-conferenza-stampa-di-celine-caron-dagioni\\\/\",\"url\":\"https:\\\/\\\/www.monaco-tribune.com\\\/it\\\/2024\\\/11\\\/infrastrutture-mobilita-e-ambiente-i-5-punti-salienti-della-conferenza-stampa-di-celine-caron-dagioni\\\/\",\"name\":\"Infrastrutture, mobilit\u00e0 e ambiente: i 5 punti salienti della conferenza stampa di C\u00e9line Caron-Dagioni\",\"isPartOf\":{\"@id\":\"https:\\\/\\\/www.monaco-tribune.com\\\/it\\\/#website\"},\"primaryImageOfPage\":{\"@id\":\"https:\\\/\\\/www.monaco-tribune.com\\\/it\\\/2024\\\/11\\\/infrastrutture-mobilita-e-ambiente-i-5-punti-salienti-della-conferenza-stampa-di-celine-caron-dagioni\\\/#primaryimage\"},\"image\":{\"@id\":\"https:\\\/\\\/www.monaco-tribune.com\\\/it\\\/2024\\\/11\\\/infrastrutture-mobilita-e-ambiente-i-5-punti-salienti-della-conferenza-stampa-di-celine-caron-dagioni\\\/#primaryimage\"},\"thumbnailUrl\":\"https:\\\/\\\/www.monaco-tribune.com\\\/wp-content\\\/uploads\\\/2024\\\/11\\\/celine-caron-dagioni-conseiller-de-gouvernement-ministre-de-lequipement-de-lenvironnement-et-de-lurbanisme.jpg\",\"datePublished\":\"2024-11-14T17:29:20+00:00\",\"dateModified\":\"2024-11-14T17:29:30+00:00\",\"description\":\"La Ministra delle Infrastrutture, dell'Ambiente e dell'Urbanistica ha presentato gli ultimi sviluppi del suo dipartimento. C\u00e9line Caron-Dagioni,\",\"breadcrumb\":{\"@id\":\"https:\\\/\\\/www.monaco-tribune.com\\\/it\\\/2024\\\/11\\\/infrastrutture-mobilita-e-ambiente-i-5-punti-salienti-della-conferenza-stampa-di-celine-caron-dagioni\\\/#breadcrumb\"},\"inLanguage\":\"it-IT\",\"potentialAction\":[{\"@type\":\"ReadAction\",\"target\":[\"https:\\\/\\\/www.monaco-tribune.com\\\/it\\\/2024\\\/11\\\/infrastrutture-mobilita-e-ambiente-i-5-punti-salienti-della-conferenza-stampa-di-celine-caron-dagioni\\\/\"]}]},{\"@type\":\"ImageObject\",\"inLanguage\":\"it-IT\",\"@id\":\"https:\\\/\\\/www.monaco-tribune.com\\\/it\\\/2024\\\/11\\\/infrastrutture-mobilita-e-ambiente-i-5-punti-salienti-della-conferenza-stampa-di-celine-caron-dagioni\\\/#primaryimage\",\"url\":\"https:\\\/\\\/www.monaco-tribune.com\\\/wp-content\\\/uploads\\\/2024\\\/11\\\/celine-caron-dagioni-conseiller-de-gouvernement-ministre-de-lequipement-de-lenvironnement-et-de-lurbanisme.jpg\",\"contentUrl\":\"https:\\\/\\\/www.monaco-tribune.com\\\/wp-content\\\/uploads\\\/2024\\\/11\\\/celine-caron-dagioni-conseiller-de-gouvernement-ministre-de-lequipement-de-lenvironnement-et-de-lurbanisme.jpg\",\"width\":1200,\"height\":800,\"caption\":\"La Ministra-Consigliere ha parlato di mobilit\u00e0, una delle maggiori sfide del Principato \u00a9 Foto Manuel Vitali \\\/ Direzione della Comunicazione\"},{\"@type\":\"BreadcrumbList\",\"@id\":\"https:\\\/\\\/www.monaco-tribune.com\\\/it\\\/2024\\\/11\\\/infrastrutture-mobilita-e-ambiente-i-5-punti-salienti-della-conferenza-stampa-di-celine-caron-dagioni\\\/#breadcrumb\",\"itemListElement\":[{\"@type\":\"ListItem\",\"position\":1,\"name\":\"Accueil\",\"item\":\"https:\\\/\\\/www.monaco-tribune.com\\\/it\\\/\"},{\"@type\":\"ListItem\",\"position\":2,\"name\":\"Infrastrutture, mobilit\u00e0 e ambiente: i 5 punti salienti della conferenza stampa di C\u00e9line Caron-Dagioni\"}]},{\"@type\":\"WebSite\",\"@id\":\"https:\\\/\\\/www.monaco-tribune.com\\\/it\\\/#website\",\"url\":\"https:\\\/\\\/www.monaco-tribune.com\\\/it\\\/\",\"name\":\"Monaco Tribune\",\"description\":\"Monaco : actualit\u00e9s \u00e9conomiques, politiques, culturelles et sportives de Monaco et de la French Riviera.\",\"publisher\":{\"@id\":\"https:\\\/\\\/www.monaco-tribune.com\\\/it\\\/#organization\"},\"potentialAction\":[{\"@type\":\"SearchAction\",\"target\":{\"@type\":\"EntryPoint\",\"urlTemplate\":\"https:\\\/\\\/www.monaco-tribune.com\\\/it\\\/?s={search_term_string}\"},\"query-input\":{\"@type\":\"PropertyValueSpecification\",\"valueRequired\":true,\"valueName\":\"search_term_string\"}}],\"inLanguage\":\"it-IT\"},{\"@type\":\"Organization\",\"@id\":\"https:\\\/\\\/www.monaco-tribune.com\\\/it\\\/#organization\",\"name\":\"Monaco Tribune\",\"url\":\"https:\\\/\\\/www.monaco-tribune.com\\\/it\\\/\",\"logo\":{\"@type\":\"ImageObject\",\"inLanguage\":\"it-IT\",\"@id\":\"https:\\\/\\\/www.monaco-tribune.com\\\/it\\\/#\\\/schema\\\/logo\\\/image\\\/\",\"url\":\"https:\\\/\\\/www.monaco-tribune.com\\\/wp-content\\\/uploads\\\/2022\\\/11\\\/logo-monaco-tribune.png\",\"contentUrl\":\"https:\\\/\\\/www.monaco-tribune.com\\\/wp-content\\\/uploads\\\/2022\\\/11\\\/logo-monaco-tribune.png\",\"width\":1548,\"height\":600,\"caption\":\"Monaco Tribune\"},\"image\":{\"@id\":\"https:\\\/\\\/www.monaco-tribune.com\\\/it\\\/#\\\/schema\\\/logo\\\/image\\\/\"},\"sameAs\":[\"https:\\\/\\\/www.facebook.com\\\/MonacoTribune\",\"https:\\\/\\\/x.com\\\/MonacoTribune\",\"https:\\\/\\\/www.instagram.com\\\/monacotribune\\\/\",\"https:\\\/\\\/www.linkedin.com\\\/company\\\/monaco-tribune\",\"https:\\\/\\\/www.youtube.com\\\/channel\\\/UCHle1MnG6hw1y4lWKijVbMA\"]},{\"@type\":\"Person\",\"@id\":\"https:\\\/\\\/www.monaco-tribune.com\\\/it\\\/#\\\/schema\\\/person\\\/94fb5723547bd83dea1eed97e25145aa\",\"name\":\"Th\u00e9o Briand\",\"image\":{\"@type\":\"ImageObject\",\"inLanguage\":\"it-IT\",\"@id\":\"https:\\\/\\\/secure.gravatar.com\\\/avatar\\\/1c02cfd8b8054d8c376f9a942a1dc4dbacfd8ba5e6f8dbb5e16f4aa3d281972a?s=96&d=mm&r=g\",\"url\":\"https:\\\/\\\/secure.gravatar.com\\\/avatar\\\/1c02cfd8b8054d8c376f9a942a1dc4dbacfd8ba5e6f8dbb5e16f4aa3d281972a?s=96&d=mm&r=g\",\"contentUrl\":\"https:\\\/\\\/secure.gravatar.com\\\/avatar\\\/1c02cfd8b8054d8c376f9a942a1dc4dbacfd8ba5e6f8dbb5e16f4aa3d281972a?s=96&d=mm&r=g\",\"caption\":\"Th\u00e9o Briand\"},\"url\":\"https:\\\/\\\/www.monaco-tribune.com\\\/it\\\/author\\\/theobriand\\\/\"}]}<\/script>\n<!-- \/ Yoast SEO Premium plugin. -->","yoast_head_json":{"title":"Infrastrutture, mobilit\u00e0 e ambiente: i 5 punti salienti della conferenza stampa di C\u00e9line Caron-Dagioni","description":"La Ministra delle Infrastrutture, dell'Ambiente e dell'Urbanistica ha presentato gli ultimi sviluppi del suo dipartimento. C\u00e9line Caron-Dagioni,","robots":{"index":"index","follow":"follow","max-snippet":"max-snippet:-1","max-image-preview":"max-image-preview:large","max-video-preview":"max-video-preview:-1"},"canonical":"https:\/\/www.monaco-tribune.com\/it\/2024\/11\/infrastrutture-mobilita-e-ambiente-i-5-punti-salienti-della-conferenza-stampa-di-celine-caron-dagioni\/","og_locale":"it_IT","og_type":"article","og_title":"Infrastrutture, mobilit\u00e0 e ambiente: i 5 punti salienti della conferenza stampa di C\u00e9line Caron-Dagioni - Monaco Tribune","og_description":"La Ministra delle Infrastrutture, dell'Ambiente e dell'Urbanistica ha presentato gli ultimi sviluppi del suo dipartimento. C\u00e9line Caron-Dagioni,","og_url":"https:\/\/www.monaco-tribune.com\/it\/2024\/11\/infrastrutture-mobilita-e-ambiente-i-5-punti-salienti-della-conferenza-stampa-di-celine-caron-dagioni\/","og_site_name":"Monaco Tribune","article_publisher":"https:\/\/www.facebook.com\/MonacoTribune","article_published_time":"2024-11-14T17:29:20+00:00","article_modified_time":"2024-11-14T17:29:30+00:00","og_image":[{"width":1200,"height":800,"url":"https:\/\/www.monaco-tribune.com\/wp-content\/uploads\/2024\/11\/celine-caron-dagioni-conseiller-de-gouvernement-ministre-de-lequipement-de-lenvironnement-et-de-lurbanisme.jpg","type":"image\/jpeg"}],"author":"Th\u00e9o Briand","twitter_card":"summary_large_image","twitter_creator":"@MonacoTribune","twitter_site":"@MonacoTribune","schema":{"@context":"https:\/\/schema.org","@graph":[{"@type":"NewsArticle","@id":"https:\/\/www.monaco-tribune.com\/it\/2024\/11\/infrastrutture-mobilita-e-ambiente-i-5-punti-salienti-della-conferenza-stampa-di-celine-caron-dagioni\/#article","isPartOf":{"@id":"https:\/\/www.monaco-tribune.com\/it\/2024\/11\/infrastrutture-mobilita-e-ambiente-i-5-punti-salienti-della-conferenza-stampa-di-celine-caron-dagioni\/"},"author":{"name":"Th\u00e9o Briand","@id":"https:\/\/www.monaco-tribune.com\/it\/#\/schema\/person\/94fb5723547bd83dea1eed97e25145aa"},"headline":"Infrastrutture, mobilit\u00e0 e ambiente: i 5 punti salienti della conferenza stampa di C\u00e9line Caron-Dagioni","datePublished":"2024-11-14T17:29:20+00:00","dateModified":"2024-11-14T17:29:30+00:00","mainEntityOfPage":{"@id":"https:\/\/www.monaco-tribune.com\/it\/2024\/11\/infrastrutture-mobilita-e-ambiente-i-5-punti-salienti-della-conferenza-stampa-di-celine-caron-dagioni\/"},"wordCount":688,"publisher":{"@id":"https:\/\/www.monaco-tribune.com\/it\/#organization"},"image":{"@id":"https:\/\/www.monaco-tribune.com\/it\/2024\/11\/infrastrutture-mobilita-e-ambiente-i-5-punti-salienti-della-conferenza-stampa-di-celine-caron-dagioni\/#primaryimage"},"thumbnailUrl":"https:\/\/www.monaco-tribune.com\/wp-content\/uploads\/2024\/11\/celine-caron-dagioni-conseiller-de-gouvernement-ministre-de-lequipement-de-lenvironnement-et-de-lurbanisme.jpg","keywords":["Politica"],"articleSection":["La nostra scelta","Notizie","Societ\u00e0"],"inLanguage":"it-IT","copyrightYear":"2024","copyrightHolder":{"@id":"https:\/\/www.monaco-tribune.com\/#organization"}},{"@type":"WebPage","@id":"https:\/\/www.monaco-tribune.com\/it\/2024\/11\/infrastrutture-mobilita-e-ambiente-i-5-punti-salienti-della-conferenza-stampa-di-celine-caron-dagioni\/","url":"https:\/\/www.monaco-tribune.com\/it\/2024\/11\/infrastrutture-mobilita-e-ambiente-i-5-punti-salienti-della-conferenza-stampa-di-celine-caron-dagioni\/","name":"Infrastrutture, mobilit\u00e0 e ambiente: i 5 punti salienti della conferenza stampa di C\u00e9line Caron-Dagioni","isPartOf":{"@id":"https:\/\/www.monaco-tribune.com\/it\/#website"},"primaryImageOfPage":{"@id":"https:\/\/www.monaco-tribune.com\/it\/2024\/11\/infrastrutture-mobilita-e-ambiente-i-5-punti-salienti-della-conferenza-stampa-di-celine-caron-dagioni\/#primaryimage"},"image":{"@id":"https:\/\/www.monaco-tribune.com\/it\/2024\/11\/infrastrutture-mobilita-e-ambiente-i-5-punti-salienti-della-conferenza-stampa-di-celine-caron-dagioni\/#primaryimage"},"thumbnailUrl":"https:\/\/www.monaco-tribune.com\/wp-content\/uploads\/2024\/11\/celine-caron-dagioni-conseiller-de-gouvernement-ministre-de-lequipement-de-lenvironnement-et-de-lurbanisme.jpg","datePublished":"2024-11-14T17:29:20+00:00","dateModified":"2024-11-14T17:29:30+00:00","description":"La Ministra delle Infrastrutture, dell'Ambiente e dell'Urbanistica ha presentato gli ultimi sviluppi del suo dipartimento. C\u00e9line Caron-Dagioni,","breadcrumb":{"@id":"https:\/\/www.monaco-tribune.com\/it\/2024\/11\/infrastrutture-mobilita-e-ambiente-i-5-punti-salienti-della-conferenza-stampa-di-celine-caron-dagioni\/#breadcrumb"},"inLanguage":"it-IT","potentialAction":[{"@type":"ReadAction","target":["https:\/\/www.monaco-tribune.com\/it\/2024\/11\/infrastrutture-mobilita-e-ambiente-i-5-punti-salienti-della-conferenza-stampa-di-celine-caron-dagioni\/"]}]},{"@type":"ImageObject","inLanguage":"it-IT","@id":"https:\/\/www.monaco-tribune.com\/it\/2024\/11\/infrastrutture-mobilita-e-ambiente-i-5-punti-salienti-della-conferenza-stampa-di-celine-caron-dagioni\/#primaryimage","url":"https:\/\/www.monaco-tribune.com\/wp-content\/uploads\/2024\/11\/celine-caron-dagioni-conseiller-de-gouvernement-ministre-de-lequipement-de-lenvironnement-et-de-lurbanisme.jpg","contentUrl":"https:\/\/www.monaco-tribune.com\/wp-content\/uploads\/2024\/11\/celine-caron-dagioni-conseiller-de-gouvernement-ministre-de-lequipement-de-lenvironnement-et-de-lurbanisme.jpg","width":1200,"height":800,"caption":"La Ministra-Consigliere ha parlato di mobilit\u00e0, una delle maggiori sfide del Principato \u00a9 Foto Manuel Vitali \/ Direzione della Comunicazione"},{"@type":"BreadcrumbList","@id":"https:\/\/www.monaco-tribune.com\/it\/2024\/11\/infrastrutture-mobilita-e-ambiente-i-5-punti-salienti-della-conferenza-stampa-di-celine-caron-dagioni\/#breadcrumb","itemListElement":[{"@type":"ListItem","position":1,"name":"Accueil","item":"https:\/\/www.monaco-tribune.com\/it\/"},{"@type":"ListItem","position":2,"name":"Infrastrutture, mobilit\u00e0 e ambiente: i 5 punti salienti della conferenza stampa di C\u00e9line Caron-Dagioni"}]},{"@type":"WebSite","@id":"https:\/\/www.monaco-tribune.com\/it\/#website","url":"https:\/\/www.monaco-tribune.com\/it\/","name":"Monaco Tribune","description":"Monaco : actualit\u00e9s \u00e9conomiques, politiques, culturelles et sportives de Monaco et de la French Riviera.","publisher":{"@id":"https:\/\/www.monaco-tribune.com\/it\/#organization"},"potentialAction":[{"@type":"SearchAction","target":{"@type":"EntryPoint","urlTemplate":"https:\/\/www.monaco-tribune.com\/it\/?s={search_term_string}"},"query-input":{"@type":"PropertyValueSpecification","valueRequired":true,"valueName":"search_term_string"}}],"inLanguage":"it-IT"},{"@type":"Organization","@id":"https:\/\/www.monaco-tribune.com\/it\/#organization","name":"Monaco Tribune","url":"https:\/\/www.monaco-tribune.com\/it\/","logo":{"@type":"ImageObject","inLanguage":"it-IT","@id":"https:\/\/www.monaco-tribune.com\/it\/#\/schema\/logo\/image\/","url":"https:\/\/www.monaco-tribune.com\/wp-content\/uploads\/2022\/11\/logo-monaco-tribune.png","contentUrl":"https:\/\/www.monaco-tribune.com\/wp-content\/uploads\/2022\/11\/logo-monaco-tribune.png","width":1548,"height":600,"caption":"Monaco Tribune"},"image":{"@id":"https:\/\/www.monaco-tribune.com\/it\/#\/schema\/logo\/image\/"},"sameAs":["https:\/\/www.facebook.com\/MonacoTribune","https:\/\/x.com\/MonacoTribune","https:\/\/www.instagram.com\/monacotribune\/","https:\/\/www.linkedin.com\/company\/monaco-tribune","https:\/\/www.youtube.com\/channel\/UCHle1MnG6hw1y4lWKijVbMA"]},{"@type":"Person","@id":"https:\/\/www.monaco-tribune.com\/it\/#\/schema\/person\/94fb5723547bd83dea1eed97e25145aa","name":"Th\u00e9o Briand","image":{"@type":"ImageObject","inLanguage":"it-IT","@id":"https:\/\/secure.gravatar.com\/avatar\/1c02cfd8b8054d8c376f9a942a1dc4dbacfd8ba5e6f8dbb5e16f4aa3d281972a?s=96&d=mm&r=g","url":"https:\/\/secure.gravatar.com\/avatar\/1c02cfd8b8054d8c376f9a942a1dc4dbacfd8ba5e6f8dbb5e16f4aa3d281972a?s=96&d=mm&r=g","contentUrl":"https:\/\/secure.gravatar.com\/avatar\/1c02cfd8b8054d8c376f9a942a1dc4dbacfd8ba5e6f8dbb5e16f4aa3d281972a?s=96&d=mm&r=g","caption":"Th\u00e9o Briand"},"url":"https:\/\/www.monaco-tribune.com\/it\/author\/theobriand\/"}]}},"_links":{"self":[{"href":"https:\/\/www.monaco-tribune.com\/it\/wp-json\/wp\/v2\/posts\/260507","targetHints":{"allow":["GET"]}}],"collection":[{"href":"https:\/\/www.monaco-tribune.com\/it\/wp-json\/wp\/v2\/posts"}],"about":[{"href":"https:\/\/www.monaco-tribune.com\/it\/wp-json\/wp\/v2\/types\/post"}],"author":[{"embeddable":true,"href":"https:\/\/www.monaco-tribune.com\/it\/wp-json\/wp\/v2\/users\/66"}],"replies":[{"embeddable":true,"href":"https:\/\/www.monaco-tribune.com\/it\/wp-json\/wp\/v2\/comments?post=260507"}],"version-history":[{"count":2,"href":"https:\/\/www.monaco-tribune.com\/it\/wp-json\/wp\/v2\/posts\/260507\/revisions"}],"predecessor-version":[{"id":260510,"href":"https:\/\/www.monaco-tribune.com\/it\/wp-json\/wp\/v2\/posts\/260507\/revisions\/260510"}],"wp:featuredmedia":[{"embeddable":true,"href":"https:\/\/www.monaco-tribune.com\/it\/wp-json\/wp\/v2\/media\/260176"}],"wp:attachment":[{"href":"https:\/\/www.monaco-tribune.com\/it\/wp-json\/wp\/v2\/media?parent=260507"}],"wp:term":[{"taxonomy":"category","embeddable":true,"href":"https:\/\/www.monaco-tribune.com\/it\/wp-json\/wp\/v2\/categories?post=260507"},{"taxonomy":"post_tag","embeddable":true,"href":"https:\/\/www.monaco-tribune.com\/it\/wp-json\/wp\/v2\/tags?post=260507"},{"taxonomy":"sectag","embeddable":true,"href":"https:\/\/www.monaco-tribune.com\/it\/wp-json\/wp\/v2\/post_sectags?post=260507"},{"taxonomy":"format","embeddable":true,"href":"https:\/\/www.monaco-tribune.com\/it\/wp-json\/wp\/v2\/post_format?post=260507"}],"curies":[{"name":"wp","href":"https:\/\/api.w.org\/{rel}","templated":true}]}}