{"id":261402,"date":"2024-11-19T18:54:15","date_gmt":"2024-11-19T16:54:15","guid":{"rendered":"https:\/\/www.monaco-tribune.com\/2024\/11\/dmitri-rybolovlev-seguo-las-monaco-sempre-e-ovunque\/"},"modified":"2024-11-19T18:54:24","modified_gmt":"2024-11-19T16:54:24","slug":"dmitri-rybolovlev-seguo-las-monaco-sempre-e-ovunque","status":"publish","type":"post","link":"https:\/\/www.monaco-tribune.com\/it\/2024\/11\/dmitri-rybolovlev-seguo-las-monaco-sempre-e-ovunque\/","title":{"rendered":"Dmitri Rybolovlev: &#8220;Seguo l&#8217;AS Monaco sempre e ovunque&#8221;"},"content":{"rendered":"\n<p><strong>In un&#8217;intervista esclusiva concessa all&#8217;AS Monaco, il presidente Dmitri Rybolovlev ripercorre i suoi 13 anni di presidenza in occasione del Centenario del club. Parla dell&#8217;eredit\u00e0 del club, dei suoi momenti di gloria, ma anche degli obiettivi dell&#8217;AS Monaco.\u00a0<\/strong><\/p>\n\n<p>Il 2024 \u00e8 un anno speciale per l&#8217;AS Monaco, segna infatti il <a href=\"https:\/\/www.monaco-tribune.com\/2024\/10\/las-monaco-celebre-son-centenaire-100-ans-dhistoire-de-passion-et-de-succes\/\">Centenario del club<\/a>. Fondata nel 1924, la squadra monegasca \u00e8 arrivata fino ai giorni nostri iscrivendo il suo nome negli annali del calcio francese ed europeo. Dmitri Rybolovlev \u00e8 al timone da quasi 13 anni, durante i quali il Monaco \u00e8 diventato uno dei club pi\u00f9 prestigiosi del panorama europeo.<\/p>\n\n<p>Per questa occasione speciale, il Presidente ha accettato di parlare del suo attaccamento al club, che considera un vero e proprio patrimonio, non solo dal punto di vista sportivo ma anche culturale e sociale.<\/p>\n\n<p><em>&#8220;<\/em>L&#8217;AS Monaco \u00e8 un club con una grande storia. Pi\u00f9 che un club, \u00e8 una squadra che rappresenta un Paese&#8221;, confida Dmitri Rybolovlev, con lo sguardo rivolto al futuro, senza nasconde l&#8217;emozione che prova quando pensa al legame tra il club e alla Famiglia Principesca. &#8220;La storia dell&#8217;AS Monaco non \u00e8 quella di un semplice club, ma \u00e8 legata alla storia della Famiglia Principesca, perch\u00e9 da diverse generazioni la Famiglia Principesca sostiene il nostro club&#8221;.<\/p>\n\n<p>L&#8217;immancabile sostegno del Principe Alberto II all&#8217;AS Monaco \u00e8 una costante che il Presidente del club non manca mai di sottolineare: &#8220;In diverse occasioni ho visto il Sovrano incoraggiare la squadra e sostenerla con grande sincerit\u00e0. Il suo appoggio \u00e8 molto importante per noi. Lo sentiamo sempre e possiamo sempre contare sull&#8217;aiuto di Sua Altezza Serenissima&#8221;.<\/p>\n\n<h2 class=\"wp-block-heading\" id=\"h-une-veritable-passion-pour-le-club\">Una vera passione per il club<\/h2>\n\n<p>Il Presidente Rybolovlev \u00e8 un uomo concreto, con un evidente coinvolgimento nella gestione del club e un palese attaccamento ai giocatori e ai tifosi. <em>&#8220;<\/em>Seguo assiduamente l&#8217;AS Monaco. Come dicono i nostri tifosi: &#8216;Sempre, ovunque!&#8217;. E in effetti, guardo tutte le partite, ovunque mi trovi. In viaggio, a casa, allo stadio. Non mi importa neanche del fuso orario&#8221;.<\/p>\n\n<p>Questo coinvolgimento personale \u00e8 la dimostrazione di quanto la squadra sia importante per lui. Non perdendosi mai una partita, Dmitri Rybolovlev \u00e8 diventato uno spettatore appassionato, un presidente che vive appieno ogni momento della vita del club, proprio come qualsiasi altro tifoso.<\/p>\n\n<h2 class=\"wp-block-heading\" id=\"h-les-moments-inoubliables-du-president\">I suoi momenti indimenticabili<\/h2>\n\n<p>Tra i tanti ricordi che Dmitri Rybolovlev ha dei suoi anni alla guida del club, ci sono alcune partite che sono rimaste impresse nella sua mente. L\u2019incontro con l&#8217;Arsenal del 2015, quando l&#8217;AS Monaco stup\u00ec tutti eliminando i Gunners dalla Champions League, \u00e8 uno di quei momenti memorabili: &#8220;Soprattutto gli ultimi 20 minuti, quando la tensione era cos\u00ec forte che ho dovuto lasciare la tribuna. Non potevo continuare a guardare la partita perch\u00e9 ero troppo emozionato&#8221;. \u00c8 stato un momento di forte stress che alla fine ha permesso al Monaco di qualificarsi per i quarti di finale della Champions League.<\/p>\n\n<p>Un altro ricordo indelebile che Rybolovlev conserva preziosamente \u00e8 la stagione 2016-2017: &#8220;L&#8217;emozione di vincere il titolo di Campioni di Francia nel 2017 e la corsa alle semifinali di Champions League&#8221;.<\/p>\n\n<p>Il Presidente non dimentica nemmeno l&#8217;atmosfera accesa delle partite giocate in Campionato, come quella contro l&#8217;OGC Nice nella stagione 2023-2024: &#8220;\u00c8 stata una partita molto tesa, piena di emozioni e decisiva per la fine della stagione&#8221;.<\/p>\n\n<h2 class=\"wp-block-heading\" id=\"h-l-academy-fierte-du-club-et-de-sa-direction\">L&#8217;Academy: fiore all&#8217;occhiello del club e della sua dirigenza<\/h2>\n\n<p>L&#8217;AS Monaco \u00e8 sempre stato famoso per la qualit\u00e0 della formazione che offre e l&#8217;Academy continua a sfornare talenti di fama mondiale. Per Dmitri Rybolovlev, la struttura \u00e8 una parte fondamentale del progetto monegasco: &#8220;L&#8217;AS Monaco \u00e8 un club di cui vado fiero, con molti trofei vinti e un&#8217;eccellente Academy che ha formato molti giocatori famosi in tutto il mondo&#8221;.<\/p>\n\n<p>Un vero e proprio vivaio di talenti che alimenta l&#8217;ambizione del club di contribuire allo sviluppo del calcio mondiale, oltre che di mantenere un alto livello di prestazioni.<\/p>\n\n<h2 class=\"wp-block-heading\" id=\"h-un-mot-pour-tous-les-supporters-rouge-et-blanc\">Una parola per tutti i tifosi Rouge-et-Blanc<\/h2>\n\n<p>Dmitri Rybolovlev sottolinea che l&#8217;AS Monaco ha \u201cuna grande famiglia di tifosi\u201d che \u201cci sostengono non solo a Monaco, ma anche in tutto il mondo. Sono i migliori!&#8221;&#13;\n&#13;\n\u00a0<\/p>\n\n<p>&#8220;In occasione dell&#8217;anno del Centenario, vorrei augurare a tutti quelli che seguono l&#8217;AS Monaco tante nuove meravigliose emozioni grazie alle nostre future vittorie. Daghe Munegu!&#8221;, conclude orgoglioso il Presidente.<\/p>\n\n<figure class=\"wp-block-embed aligncenter is-type-video is-provider-youtube wp-block-embed-youtube wp-embed-aspect-16-9 wp-has-aspect-ratio\"><div class=\"wp-block-embed__wrapper\">\r\n<iframe title=\"Centenaire : L&#039;interview du Pr\u00e9sident Dmitry Rybolovlev\" width=\"500\" height=\"281\" src=\"https:\/\/www.youtube.com\/embed\/S9JCwwMm_nA?feature=oembed\" frameborder=\"0\" allow=\"accelerometer; autoplay; clipboard-write; encrypted-media; gyroscope; picture-in-picture; web-share\" referrerpolicy=\"strict-origin-when-cross-origin\" allowfullscreen><\/iframe>\r\n<\/div><\/figure>\r\n\n<p class=\"related\"><a href=\"https:\/\/www.monaco-tribune.com\/it\/2024\/10\/il-principe-alberto-ii-partecipa-alla-speciale-cena-di-gala-per-il-centenario-dellas-monaco\/\">Il Principe Alberto II partecipa alla speciale cena di gala per il centenario dell\u2019AS Monaco<\/a><\/p>\n","protected":false},"excerpt":{"rendered":"<p>In un&#8217;intervista esclusiva concessa all&#8217;AS Monaco, il presidente Dmitri Rybolovlev ripercorre i suoi 13 anni di presidenza in occasione del [&hellip;]<\/p>\n","protected":false},"author":77,"featured_media":261191,"comment_status":"closed","ping_status":"closed","sticky":false,"template":"","format":"standard","meta":{"_acf_changed":false,"footnotes":""},"categories":[1826,1738,1743],"tags":[2846],"post_sectags":[3240],"post_format":[2476],"class_list":["post-261402","post","type-post","status-publish","format-standard","has-post-thumbnail","hentry","category-la-nostra-scelta","category-notizie","category-sport-it","tag-as-monaco-it-2","sectag-calcio-it","format-intervista"],"acf":[],"yoast_head":"<!-- This site is optimized with the Yoast SEO Premium plugin v26.8 (Yoast SEO v27.4) - https:\/\/yoast.com\/product\/yoast-seo-premium-wordpress\/ -->\n<title>Dmitri Rybolovlev: &quot;Seguo l&#039;AS Monaco sempre e ovunque&quot;<\/title>\n<meta name=\"description\" content=\"In un&#039;intervista esclusiva concessa all&#039;AS Monaco, il presidente Dmitri Rybolovlev ripercorre i suoi 13 anni di presidenza in occasione del Centenario del\" \/>\n<meta name=\"robots\" content=\"index, follow, max-snippet:-1, max-image-preview:large, max-video-preview:-1\" \/>\n<link rel=\"canonical\" href=\"https:\/\/www.monaco-tribune.com\/it\/2024\/11\/dmitri-rybolovlev-seguo-las-monaco-sempre-e-ovunque\/\" \/>\n<meta property=\"og:locale\" content=\"it_IT\" \/>\n<meta property=\"og:type\" content=\"article\" \/>\n<meta property=\"og:title\" content=\"Dmitri Rybolovlev: &quot;Seguo l&#039;AS Monaco sempre e ovunque&quot; - Monaco Tribune\" \/>\n<meta property=\"og:description\" content=\"In un&#039;intervista esclusiva concessa all&#039;AS Monaco, il presidente Dmitri Rybolovlev ripercorre i suoi 13 anni di presidenza in occasione del Centenario del\" \/>\n<meta property=\"og:url\" content=\"https:\/\/www.monaco-tribune.com\/it\/2024\/11\/dmitri-rybolovlev-seguo-las-monaco-sempre-e-ovunque\/\" \/>\n<meta property=\"og:site_name\" content=\"Monaco Tribune\" \/>\n<meta property=\"article:publisher\" content=\"https:\/\/www.facebook.com\/MonacoTribune\" \/>\n<meta property=\"article:published_time\" content=\"2024-11-19T16:54:15+00:00\" \/>\n<meta property=\"article:modified_time\" content=\"2024-11-19T16:54:24+00:00\" \/>\n<meta property=\"og:image\" content=\"https:\/\/www.monaco-tribune.com\/wp-content\/uploads\/2024\/11\/dmitry-rybolovlev-interview.jpg\" \/>\n\t<meta property=\"og:image:width\" content=\"1160\" \/>\n\t<meta property=\"og:image:height\" content=\"650\" \/>\n\t<meta property=\"og:image:type\" content=\"image\/jpeg\" \/>\n<meta name=\"author\" content=\"Ana\u00efs Riu\" \/>\n<meta name=\"twitter:card\" content=\"summary_large_image\" \/>\n<meta name=\"twitter:creator\" content=\"@MonacoTribune\" \/>\n<meta name=\"twitter:site\" content=\"@MonacoTribune\" \/>\n<script type=\"application\/ld+json\" class=\"yoast-schema-graph\">{\"@context\":\"https:\\\/\\\/schema.org\",\"@graph\":[{\"@type\":\"NewsArticle\",\"@id\":\"https:\\\/\\\/www.monaco-tribune.com\\\/it\\\/2024\\\/11\\\/dmitri-rybolovlev-seguo-las-monaco-sempre-e-ovunque\\\/#article\",\"isPartOf\":{\"@id\":\"https:\\\/\\\/www.monaco-tribune.com\\\/it\\\/2024\\\/11\\\/dmitri-rybolovlev-seguo-las-monaco-sempre-e-ovunque\\\/\"},\"author\":{\"name\":\"Ana\u00efs Riu\",\"@id\":\"https:\\\/\\\/www.monaco-tribune.com\\\/it\\\/#\\\/schema\\\/person\\\/6db631c784f2f0eff54c3ca4d1da2d49\"},\"headline\":\"Dmitri Rybolovlev: &#8220;Seguo l&#8217;AS Monaco sempre e ovunque&#8221;\",\"datePublished\":\"2024-11-19T16:54:15+00:00\",\"dateModified\":\"2024-11-19T16:54:24+00:00\",\"mainEntityOfPage\":{\"@id\":\"https:\\\/\\\/www.monaco-tribune.com\\\/it\\\/2024\\\/11\\\/dmitri-rybolovlev-seguo-las-monaco-sempre-e-ovunque\\\/\"},\"wordCount\":737,\"publisher\":{\"@id\":\"https:\\\/\\\/www.monaco-tribune.com\\\/it\\\/#organization\"},\"image\":{\"@id\":\"https:\\\/\\\/www.monaco-tribune.com\\\/it\\\/2024\\\/11\\\/dmitri-rybolovlev-seguo-las-monaco-sempre-e-ovunque\\\/#primaryimage\"},\"thumbnailUrl\":\"https:\\\/\\\/www.monaco-tribune.com\\\/wp-content\\\/uploads\\\/2024\\\/11\\\/dmitry-rybolovlev-interview.jpg\",\"keywords\":[\"AS Monaco\"],\"articleSection\":[\"La nostra scelta\",\"Notizie\",\"Sport\"],\"inLanguage\":\"it-IT\",\"copyrightYear\":\"2024\",\"copyrightHolder\":{\"@id\":\"https:\\\/\\\/www.monaco-tribune.com\\\/#organization\"}},{\"@type\":\"WebPage\",\"@id\":\"https:\\\/\\\/www.monaco-tribune.com\\\/it\\\/2024\\\/11\\\/dmitri-rybolovlev-seguo-las-monaco-sempre-e-ovunque\\\/\",\"url\":\"https:\\\/\\\/www.monaco-tribune.com\\\/it\\\/2024\\\/11\\\/dmitri-rybolovlev-seguo-las-monaco-sempre-e-ovunque\\\/\",\"name\":\"Dmitri Rybolovlev: \\\"Seguo l'AS Monaco sempre e ovunque\\\"\",\"isPartOf\":{\"@id\":\"https:\\\/\\\/www.monaco-tribune.com\\\/it\\\/#website\"},\"primaryImageOfPage\":{\"@id\":\"https:\\\/\\\/www.monaco-tribune.com\\\/it\\\/2024\\\/11\\\/dmitri-rybolovlev-seguo-las-monaco-sempre-e-ovunque\\\/#primaryimage\"},\"image\":{\"@id\":\"https:\\\/\\\/www.monaco-tribune.com\\\/it\\\/2024\\\/11\\\/dmitri-rybolovlev-seguo-las-monaco-sempre-e-ovunque\\\/#primaryimage\"},\"thumbnailUrl\":\"https:\\\/\\\/www.monaco-tribune.com\\\/wp-content\\\/uploads\\\/2024\\\/11\\\/dmitry-rybolovlev-interview.jpg\",\"datePublished\":\"2024-11-19T16:54:15+00:00\",\"dateModified\":\"2024-11-19T16:54:24+00:00\",\"description\":\"In un'intervista esclusiva concessa all'AS Monaco, il presidente Dmitri Rybolovlev ripercorre i suoi 13 anni di presidenza in occasione del Centenario del\",\"breadcrumb\":{\"@id\":\"https:\\\/\\\/www.monaco-tribune.com\\\/it\\\/2024\\\/11\\\/dmitri-rybolovlev-seguo-las-monaco-sempre-e-ovunque\\\/#breadcrumb\"},\"inLanguage\":\"it-IT\",\"potentialAction\":[{\"@type\":\"ReadAction\",\"target\":[\"https:\\\/\\\/www.monaco-tribune.com\\\/it\\\/2024\\\/11\\\/dmitri-rybolovlev-seguo-las-monaco-sempre-e-ovunque\\\/\"]}]},{\"@type\":\"ImageObject\",\"inLanguage\":\"it-IT\",\"@id\":\"https:\\\/\\\/www.monaco-tribune.com\\\/it\\\/2024\\\/11\\\/dmitri-rybolovlev-seguo-las-monaco-sempre-e-ovunque\\\/#primaryimage\",\"url\":\"https:\\\/\\\/www.monaco-tribune.com\\\/wp-content\\\/uploads\\\/2024\\\/11\\\/dmitry-rybolovlev-interview.jpg\",\"contentUrl\":\"https:\\\/\\\/www.monaco-tribune.com\\\/wp-content\\\/uploads\\\/2024\\\/11\\\/dmitry-rybolovlev-interview.jpg\",\"width\":1160,\"height\":650,\"caption\":\"Dmitri Rybolovlev, un presidente orgoglioso del suo club \u00a9 AS Monaco\"},{\"@type\":\"BreadcrumbList\",\"@id\":\"https:\\\/\\\/www.monaco-tribune.com\\\/it\\\/2024\\\/11\\\/dmitri-rybolovlev-seguo-las-monaco-sempre-e-ovunque\\\/#breadcrumb\",\"itemListElement\":[{\"@type\":\"ListItem\",\"position\":1,\"name\":\"Accueil\",\"item\":\"https:\\\/\\\/www.monaco-tribune.com\\\/it\\\/\"},{\"@type\":\"ListItem\",\"position\":2,\"name\":\"Dmitri Rybolovlev: &#8220;Seguo l&#8217;AS Monaco sempre e ovunque&#8221;\"}]},{\"@type\":\"WebSite\",\"@id\":\"https:\\\/\\\/www.monaco-tribune.com\\\/it\\\/#website\",\"url\":\"https:\\\/\\\/www.monaco-tribune.com\\\/it\\\/\",\"name\":\"Monaco Tribune\",\"description\":\"Monaco : actualit\u00e9s \u00e9conomiques, politiques, culturelles et sportives de Monaco et de la French Riviera.\",\"publisher\":{\"@id\":\"https:\\\/\\\/www.monaco-tribune.com\\\/it\\\/#organization\"},\"potentialAction\":[{\"@type\":\"SearchAction\",\"target\":{\"@type\":\"EntryPoint\",\"urlTemplate\":\"https:\\\/\\\/www.monaco-tribune.com\\\/it\\\/?s={search_term_string}\"},\"query-input\":{\"@type\":\"PropertyValueSpecification\",\"valueRequired\":true,\"valueName\":\"search_term_string\"}}],\"inLanguage\":\"it-IT\"},{\"@type\":\"Organization\",\"@id\":\"https:\\\/\\\/www.monaco-tribune.com\\\/it\\\/#organization\",\"name\":\"Monaco Tribune\",\"url\":\"https:\\\/\\\/www.monaco-tribune.com\\\/it\\\/\",\"logo\":{\"@type\":\"ImageObject\",\"inLanguage\":\"it-IT\",\"@id\":\"https:\\\/\\\/www.monaco-tribune.com\\\/it\\\/#\\\/schema\\\/logo\\\/image\\\/\",\"url\":\"https:\\\/\\\/www.monaco-tribune.com\\\/wp-content\\\/uploads\\\/2022\\\/11\\\/logo-monaco-tribune.png\",\"contentUrl\":\"https:\\\/\\\/www.monaco-tribune.com\\\/wp-content\\\/uploads\\\/2022\\\/11\\\/logo-monaco-tribune.png\",\"width\":1548,\"height\":600,\"caption\":\"Monaco Tribune\"},\"image\":{\"@id\":\"https:\\\/\\\/www.monaco-tribune.com\\\/it\\\/#\\\/schema\\\/logo\\\/image\\\/\"},\"sameAs\":[\"https:\\\/\\\/www.facebook.com\\\/MonacoTribune\",\"https:\\\/\\\/x.com\\\/MonacoTribune\",\"https:\\\/\\\/www.instagram.com\\\/monacotribune\\\/\",\"https:\\\/\\\/www.linkedin.com\\\/company\\\/monaco-tribune\",\"https:\\\/\\\/www.youtube.com\\\/channel\\\/UCHle1MnG6hw1y4lWKijVbMA\"]},{\"@type\":\"Person\",\"@id\":\"https:\\\/\\\/www.monaco-tribune.com\\\/it\\\/#\\\/schema\\\/person\\\/6db631c784f2f0eff54c3ca4d1da2d49\",\"name\":\"Ana\u00efs Riu\",\"image\":{\"@type\":\"ImageObject\",\"inLanguage\":\"it-IT\",\"@id\":\"https:\\\/\\\/secure.gravatar.com\\\/avatar\\\/9137eff67ff750f1997c171f45e5829ca4c8fa34729a8f8cd9dc85be7e50df7f?s=96&d=mm&r=g\",\"url\":\"https:\\\/\\\/secure.gravatar.com\\\/avatar\\\/9137eff67ff750f1997c171f45e5829ca4c8fa34729a8f8cd9dc85be7e50df7f?s=96&d=mm&r=g\",\"contentUrl\":\"https:\\\/\\\/secure.gravatar.com\\\/avatar\\\/9137eff67ff750f1997c171f45e5829ca4c8fa34729a8f8cd9dc85be7e50df7f?s=96&d=mm&r=g\",\"caption\":\"Ana\u00efs Riu\"},\"url\":\"https:\\\/\\\/www.monaco-tribune.com\\\/it\\\/author\\\/anaisriu\\\/\"}]}<\/script>\n<!-- \/ Yoast SEO Premium plugin. -->","yoast_head_json":{"title":"Dmitri Rybolovlev: \"Seguo l'AS Monaco sempre e ovunque\"","description":"In un'intervista esclusiva concessa all'AS Monaco, il presidente Dmitri Rybolovlev ripercorre i suoi 13 anni di presidenza in occasione del Centenario del","robots":{"index":"index","follow":"follow","max-snippet":"max-snippet:-1","max-image-preview":"max-image-preview:large","max-video-preview":"max-video-preview:-1"},"canonical":"https:\/\/www.monaco-tribune.com\/it\/2024\/11\/dmitri-rybolovlev-seguo-las-monaco-sempre-e-ovunque\/","og_locale":"it_IT","og_type":"article","og_title":"Dmitri Rybolovlev: \"Seguo l'AS Monaco sempre e ovunque\" - Monaco Tribune","og_description":"In un'intervista esclusiva concessa all'AS Monaco, il presidente Dmitri Rybolovlev ripercorre i suoi 13 anni di presidenza in occasione del Centenario del","og_url":"https:\/\/www.monaco-tribune.com\/it\/2024\/11\/dmitri-rybolovlev-seguo-las-monaco-sempre-e-ovunque\/","og_site_name":"Monaco Tribune","article_publisher":"https:\/\/www.facebook.com\/MonacoTribune","article_published_time":"2024-11-19T16:54:15+00:00","article_modified_time":"2024-11-19T16:54:24+00:00","og_image":[{"width":1160,"height":650,"url":"https:\/\/www.monaco-tribune.com\/wp-content\/uploads\/2024\/11\/dmitry-rybolovlev-interview.jpg","type":"image\/jpeg"}],"author":"Ana\u00efs Riu","twitter_card":"summary_large_image","twitter_creator":"@MonacoTribune","twitter_site":"@MonacoTribune","schema":{"@context":"https:\/\/schema.org","@graph":[{"@type":"NewsArticle","@id":"https:\/\/www.monaco-tribune.com\/it\/2024\/11\/dmitri-rybolovlev-seguo-las-monaco-sempre-e-ovunque\/#article","isPartOf":{"@id":"https:\/\/www.monaco-tribune.com\/it\/2024\/11\/dmitri-rybolovlev-seguo-las-monaco-sempre-e-ovunque\/"},"author":{"name":"Ana\u00efs Riu","@id":"https:\/\/www.monaco-tribune.com\/it\/#\/schema\/person\/6db631c784f2f0eff54c3ca4d1da2d49"},"headline":"Dmitri Rybolovlev: &#8220;Seguo l&#8217;AS Monaco sempre e ovunque&#8221;","datePublished":"2024-11-19T16:54:15+00:00","dateModified":"2024-11-19T16:54:24+00:00","mainEntityOfPage":{"@id":"https:\/\/www.monaco-tribune.com\/it\/2024\/11\/dmitri-rybolovlev-seguo-las-monaco-sempre-e-ovunque\/"},"wordCount":737,"publisher":{"@id":"https:\/\/www.monaco-tribune.com\/it\/#organization"},"image":{"@id":"https:\/\/www.monaco-tribune.com\/it\/2024\/11\/dmitri-rybolovlev-seguo-las-monaco-sempre-e-ovunque\/#primaryimage"},"thumbnailUrl":"https:\/\/www.monaco-tribune.com\/wp-content\/uploads\/2024\/11\/dmitry-rybolovlev-interview.jpg","keywords":["AS Monaco"],"articleSection":["La nostra scelta","Notizie","Sport"],"inLanguage":"it-IT","copyrightYear":"2024","copyrightHolder":{"@id":"https:\/\/www.monaco-tribune.com\/#organization"}},{"@type":"WebPage","@id":"https:\/\/www.monaco-tribune.com\/it\/2024\/11\/dmitri-rybolovlev-seguo-las-monaco-sempre-e-ovunque\/","url":"https:\/\/www.monaco-tribune.com\/it\/2024\/11\/dmitri-rybolovlev-seguo-las-monaco-sempre-e-ovunque\/","name":"Dmitri Rybolovlev: \"Seguo l'AS Monaco sempre e ovunque\"","isPartOf":{"@id":"https:\/\/www.monaco-tribune.com\/it\/#website"},"primaryImageOfPage":{"@id":"https:\/\/www.monaco-tribune.com\/it\/2024\/11\/dmitri-rybolovlev-seguo-las-monaco-sempre-e-ovunque\/#primaryimage"},"image":{"@id":"https:\/\/www.monaco-tribune.com\/it\/2024\/11\/dmitri-rybolovlev-seguo-las-monaco-sempre-e-ovunque\/#primaryimage"},"thumbnailUrl":"https:\/\/www.monaco-tribune.com\/wp-content\/uploads\/2024\/11\/dmitry-rybolovlev-interview.jpg","datePublished":"2024-11-19T16:54:15+00:00","dateModified":"2024-11-19T16:54:24+00:00","description":"In un'intervista esclusiva concessa all'AS Monaco, il presidente Dmitri Rybolovlev ripercorre i suoi 13 anni di presidenza in occasione del Centenario del","breadcrumb":{"@id":"https:\/\/www.monaco-tribune.com\/it\/2024\/11\/dmitri-rybolovlev-seguo-las-monaco-sempre-e-ovunque\/#breadcrumb"},"inLanguage":"it-IT","potentialAction":[{"@type":"ReadAction","target":["https:\/\/www.monaco-tribune.com\/it\/2024\/11\/dmitri-rybolovlev-seguo-las-monaco-sempre-e-ovunque\/"]}]},{"@type":"ImageObject","inLanguage":"it-IT","@id":"https:\/\/www.monaco-tribune.com\/it\/2024\/11\/dmitri-rybolovlev-seguo-las-monaco-sempre-e-ovunque\/#primaryimage","url":"https:\/\/www.monaco-tribune.com\/wp-content\/uploads\/2024\/11\/dmitry-rybolovlev-interview.jpg","contentUrl":"https:\/\/www.monaco-tribune.com\/wp-content\/uploads\/2024\/11\/dmitry-rybolovlev-interview.jpg","width":1160,"height":650,"caption":"Dmitri Rybolovlev, un presidente orgoglioso del suo club \u00a9 AS Monaco"},{"@type":"BreadcrumbList","@id":"https:\/\/www.monaco-tribune.com\/it\/2024\/11\/dmitri-rybolovlev-seguo-las-monaco-sempre-e-ovunque\/#breadcrumb","itemListElement":[{"@type":"ListItem","position":1,"name":"Accueil","item":"https:\/\/www.monaco-tribune.com\/it\/"},{"@type":"ListItem","position":2,"name":"Dmitri Rybolovlev: &#8220;Seguo l&#8217;AS Monaco sempre e ovunque&#8221;"}]},{"@type":"WebSite","@id":"https:\/\/www.monaco-tribune.com\/it\/#website","url":"https:\/\/www.monaco-tribune.com\/it\/","name":"Monaco Tribune","description":"Monaco : actualit\u00e9s \u00e9conomiques, politiques, culturelles et sportives de Monaco et de la French Riviera.","publisher":{"@id":"https:\/\/www.monaco-tribune.com\/it\/#organization"},"potentialAction":[{"@type":"SearchAction","target":{"@type":"EntryPoint","urlTemplate":"https:\/\/www.monaco-tribune.com\/it\/?s={search_term_string}"},"query-input":{"@type":"PropertyValueSpecification","valueRequired":true,"valueName":"search_term_string"}}],"inLanguage":"it-IT"},{"@type":"Organization","@id":"https:\/\/www.monaco-tribune.com\/it\/#organization","name":"Monaco Tribune","url":"https:\/\/www.monaco-tribune.com\/it\/","logo":{"@type":"ImageObject","inLanguage":"it-IT","@id":"https:\/\/www.monaco-tribune.com\/it\/#\/schema\/logo\/image\/","url":"https:\/\/www.monaco-tribune.com\/wp-content\/uploads\/2022\/11\/logo-monaco-tribune.png","contentUrl":"https:\/\/www.monaco-tribune.com\/wp-content\/uploads\/2022\/11\/logo-monaco-tribune.png","width":1548,"height":600,"caption":"Monaco Tribune"},"image":{"@id":"https:\/\/www.monaco-tribune.com\/it\/#\/schema\/logo\/image\/"},"sameAs":["https:\/\/www.facebook.com\/MonacoTribune","https:\/\/x.com\/MonacoTribune","https:\/\/www.instagram.com\/monacotribune\/","https:\/\/www.linkedin.com\/company\/monaco-tribune","https:\/\/www.youtube.com\/channel\/UCHle1MnG6hw1y4lWKijVbMA"]},{"@type":"Person","@id":"https:\/\/www.monaco-tribune.com\/it\/#\/schema\/person\/6db631c784f2f0eff54c3ca4d1da2d49","name":"Ana\u00efs Riu","image":{"@type":"ImageObject","inLanguage":"it-IT","@id":"https:\/\/secure.gravatar.com\/avatar\/9137eff67ff750f1997c171f45e5829ca4c8fa34729a8f8cd9dc85be7e50df7f?s=96&d=mm&r=g","url":"https:\/\/secure.gravatar.com\/avatar\/9137eff67ff750f1997c171f45e5829ca4c8fa34729a8f8cd9dc85be7e50df7f?s=96&d=mm&r=g","contentUrl":"https:\/\/secure.gravatar.com\/avatar\/9137eff67ff750f1997c171f45e5829ca4c8fa34729a8f8cd9dc85be7e50df7f?s=96&d=mm&r=g","caption":"Ana\u00efs Riu"},"url":"https:\/\/www.monaco-tribune.com\/it\/author\/anaisriu\/"}]}},"_links":{"self":[{"href":"https:\/\/www.monaco-tribune.com\/it\/wp-json\/wp\/v2\/posts\/261402","targetHints":{"allow":["GET"]}}],"collection":[{"href":"https:\/\/www.monaco-tribune.com\/it\/wp-json\/wp\/v2\/posts"}],"about":[{"href":"https:\/\/www.monaco-tribune.com\/it\/wp-json\/wp\/v2\/types\/post"}],"author":[{"embeddable":true,"href":"https:\/\/www.monaco-tribune.com\/it\/wp-json\/wp\/v2\/users\/77"}],"replies":[{"embeddable":true,"href":"https:\/\/www.monaco-tribune.com\/it\/wp-json\/wp\/v2\/comments?post=261402"}],"version-history":[{"count":2,"href":"https:\/\/www.monaco-tribune.com\/it\/wp-json\/wp\/v2\/posts\/261402\/revisions"}],"predecessor-version":[{"id":261405,"href":"https:\/\/www.monaco-tribune.com\/it\/wp-json\/wp\/v2\/posts\/261402\/revisions\/261405"}],"wp:featuredmedia":[{"embeddable":true,"href":"https:\/\/www.monaco-tribune.com\/it\/wp-json\/wp\/v2\/media\/261191"}],"wp:attachment":[{"href":"https:\/\/www.monaco-tribune.com\/it\/wp-json\/wp\/v2\/media?parent=261402"}],"wp:term":[{"taxonomy":"category","embeddable":true,"href":"https:\/\/www.monaco-tribune.com\/it\/wp-json\/wp\/v2\/categories?post=261402"},{"taxonomy":"post_tag","embeddable":true,"href":"https:\/\/www.monaco-tribune.com\/it\/wp-json\/wp\/v2\/tags?post=261402"},{"taxonomy":"sectag","embeddable":true,"href":"https:\/\/www.monaco-tribune.com\/it\/wp-json\/wp\/v2\/post_sectags?post=261402"},{"taxonomy":"format","embeddable":true,"href":"https:\/\/www.monaco-tribune.com\/it\/wp-json\/wp\/v2\/post_format?post=261402"}],"curies":[{"name":"wp","href":"https:\/\/api.w.org\/{rel}","templated":true}]}}