{"id":261793,"date":"2024-11-20T18:54:38","date_gmt":"2024-11-20T16:54:38","guid":{"rendered":"https:\/\/www.monaco-tribune.com\/2024\/11\/cerimonie-e-sfilate-monaco-celebra-la-fete-du-prince-in-grande-stile\/"},"modified":"2024-11-20T18:55:59","modified_gmt":"2024-11-20T16:55:59","slug":"cerimonie-e-sfilate-monaco-celebra-la-fete-du-prince-in-grande-stile","status":"publish","type":"post","link":"https:\/\/www.monaco-tribune.com\/it\/2024\/11\/cerimonie-e-sfilate-monaco-celebra-la-fete-du-prince-in-grande-stile\/","title":{"rendered":"Cerimonie e sfilate: Monaco celebra la F\u00eate du Prince in grande stile"},"content":{"rendered":"\n<p><strong>In questo giorno speciale, con la Guardia Repubblicana francese come ospite d&#8217;onore, la Principessa Charl\u00e8ne ha catturato l&#8217;attenzione in un elegante abito lilla.<\/strong><\/p>\n\n<p>Sotto un bel cielo azzurro, i festeggiamenti per la F\u00eate du Prince si sono svolti senza intoppi. Una celebrazione speciale che riunisce monegaschi, residenti e tutti gli invitati intorno al loro Principe e alla Famiglia Principesca.<\/p>\n\n<p>I festeggiamenti sono iniziati alle 9.30 con una messa di ringraziamento nella Cattedrale di Monaco, presieduta dall&#8217;arcivescovo Dominique-Marie David. Gli invitati si sono riuniti nella cattedrale prima che il Principe Alberto II, la Principessa Charl\u00e8ne e i membri della Famiglia Principesca, come le Principesse Carolina e St\u00e9phanie, partecipassero alla cerimonia del Te Deum.<\/p>\n<div class=\"wp-block-image\">\n<figure class=\"aligncenter size-large\"><img loading=\"lazy\" decoding=\"async\" width=\"1024\" height=\"684\" src=\"https:\/\/www.monaco-tribune.com\/wp-content\/uploads\/2024\/11\/invites-messe-te-deum-1024x684.jpg\" alt=\"invit&#xE9;s-messe-te-deum\" class=\"wp-image-261416\" srcset=\"https:\/\/www.monaco-tribune.com\/wp-content\/uploads\/2024\/11\/invites-messe-te-deum-1024x684.jpg 1024w, https:\/\/www.monaco-tribune.com\/wp-content\/uploads\/2024\/11\/invites-messe-te-deum-449x300.jpg 449w, https:\/\/www.monaco-tribune.com\/wp-content\/uploads\/2024\/11\/invites-messe-te-deum.jpg 1200w\" sizes=\"auto, (max-width: 1024px) 100vw, 1024px\" \/><\/figure>\n<\/div>\n<p><\/p>\n<div class=\"wp-block-image\">\n<figure class=\"aligncenter size-large\"><img loading=\"lazy\" decoding=\"async\" width=\"1024\" height=\"684\" src=\"https:\/\/www.monaco-tribune.com\/wp-content\/uploads\/2024\/11\/invites-parvis-cathedrale-1024x684.jpg\" alt=\"invit&#xE9;s-parvis-cath&#xE9;drale\" class=\"wp-image-261420\" srcset=\"https:\/\/www.monaco-tribune.com\/wp-content\/uploads\/2024\/11\/invites-parvis-cathedrale-1024x684.jpg 1024w, https:\/\/www.monaco-tribune.com\/wp-content\/uploads\/2024\/11\/invites-parvis-cathedrale-449x300.jpg 449w, https:\/\/www.monaco-tribune.com\/wp-content\/uploads\/2024\/11\/invites-parvis-cathedrale.jpg 1200w\" sizes=\"auto, (max-width: 1024px) 100vw, 1024px\" \/><figcaption class=\"wp-element-caption\"><em>\u00a9 Monaco Tribune \/ Th\u00e9o Briand<\/em><\/figcaption><\/figure>\n<\/div>\n<p>La messa, che ha segnato l&#8217;inizio di questa grande celebrazione, \u00e8 stata accompagnata dalle voci sublimi dei Petits Chanteurs de Monaco e dall&#8217;Orchestra Filarmonica, diretta da Pierre Debat.<\/p>\n<div class=\"wp-block-image\">\n<figure class=\"aligncenter size-large\"><img loading=\"lazy\" decoding=\"async\" width=\"1024\" height=\"684\" src=\"https:\/\/www.monaco-tribune.com\/wp-content\/uploads\/2024\/11\/sortie-te-deum-princesse-charlene-prince-albert-ii-1024x684.jpg\" alt=\"sortie-te-deum-princesse-charlene-prince-albert-ii\" class=\"wp-image-261408\" srcset=\"https:\/\/www.monaco-tribune.com\/wp-content\/uploads\/2024\/11\/sortie-te-deum-princesse-charlene-prince-albert-ii-1024x684.jpg 1024w, https:\/\/www.monaco-tribune.com\/wp-content\/uploads\/2024\/11\/sortie-te-deum-princesse-charlene-prince-albert-ii-449x300.jpg 449w, https:\/\/www.monaco-tribune.com\/wp-content\/uploads\/2024\/11\/sortie-te-deum-princesse-charlene-prince-albert-ii.jpg 1200w\" sizes=\"auto, (max-width: 1024px) 100vw, 1024px\" \/><figcaption class=\"wp-element-caption\"><em>\u00a9 Monaco Tribune \/ Th\u00e9o Briand<\/em><\/figcaption><\/figure>\n<\/div>\n<p>La Principessa ha indossato un magnifico abito color lilla, un&#8217;incantevole e delicata combinazione dei colori bianco e rosso che caratterizzano il Principato.<\/p>\n<div class=\"wp-block-image\">\n<figure class=\"aligncenter size-large\"><img loading=\"lazy\" decoding=\"async\" width=\"1024\" height=\"683\" src=\"https:\/\/www.monaco-tribune.com\/wp-content\/uploads\/2024\/11\/princesse-charlene-prince-albert-ii-1024x683.jpg\" alt=\"princesse charl&#xE8;ne-prince-albert-II\" class=\"wp-image-261412\" srcset=\"https:\/\/www.monaco-tribune.com\/wp-content\/uploads\/2024\/11\/princesse-charlene-prince-albert-ii-1024x683.jpg 1024w, https:\/\/www.monaco-tribune.com\/wp-content\/uploads\/2024\/11\/princesse-charlene-prince-albert-ii-450x300.jpg 450w, https:\/\/www.monaco-tribune.com\/wp-content\/uploads\/2024\/11\/princesse-charlene-prince-albert-ii.jpg 1200w\" sizes=\"auto, (max-width: 1024px) 100vw, 1024px\" \/><figcaption class=\"wp-element-caption\"><em>\u00a9 Monaco Tribune \/ Th\u00e9o Briand<\/em><\/figcaption><\/figure>\n<\/div>\n<p>Alle 11, la Corte d&#8217;Onore del Palazzo del Principe ha fatto da cornice alla sfilata in cui sono stati insigniti 22 membri delle Forces Publiques, tra cui i Carabiniers du Prince e i Sapeurs-Pompiers. Tra questi, il brigadiere Micha\u00ebl Denhez \u00e8 stato promosso al grado di &#8220;Mar\u00e9chal des logis&#8221;, mentre il capitano Herv\u00e9 Matu e il maresciallo St\u00e9phan Combaluzier hanno ricevuto l&#8217;Ordine di Saint-Charles. Le M\u00e9dailles du Travail sono state assegnate anche a diversi dipendenti del Palazzo, tra cui Emmanuel Alleaume e Simone Gomes Figueiredo, come riconoscimento per il loro impegno di lunga data.<\/p>\n<blockquote class=\"instagram-media\" data-instgrm-permalink=\"https:\/\/www.instagram.com\/reel\/DCj1q1ao3P1\/?utm_source=ig_embed&amp;utm_campaign=loading\" data-instgrm-version=\"14\" style=\" background:#FFF; border:0; border-radius:3px; box-shadow:0 0 1px 0 rgba(0,0,0,0.5),0 1px 10px 0 rgba(0,0,0,0.15); margin: 1px; max-width:540px; min-width:326px; padding:0; width:99.375%; width:-webkit-calc(100% - 2px); width:calc(100% - 2px);\">\n<div style=\"padding:16px;\"> <a href=\"https:\/\/www.instagram.com\/reel\/DCj1q1ao3P1\/?utm_source=ig_embed&amp;utm_campaign=loading\" style=\" background:#FFFFFF; line-height:0; padding:0 0; text-align:center; text-decoration:none; width:100%;\" target=\"_blank\"> <\/p>\n<div style=\" display: flex; flex-direction: row; align-items: center;\">\n<div style=\"background-color: #F4F4F4; border-radius: 50%; flex-grow: 0; height: 40px; margin-right: 14px; width: 40px;\"><\/div>\n<div style=\"display: flex; flex-direction: column; flex-grow: 1; justify-content: center;\">\n<div style=\" background-color: #F4F4F4; border-radius: 4px; flex-grow: 0; height: 14px; margin-bottom: 6px; width: 100px;\"><\/div>\n<div style=\" background-color: #F4F4F4; border-radius: 4px; flex-grow: 0; height: 14px; width: 60px;\"><\/div>\n<\/div>\n<\/div>\n<div style=\"padding: 19% 0;\"><\/div>\n<div style=\"display:block; height:50px; margin:0 auto 12px; width:50px;\"><svg width=\"50px\" height=\"50px\" viewBox=\"0 0 60 60\" version=\"1.1\" xmlns=\"https:\/\/www.w3.org\/2000\/svg\" xmlns:xlink=\"https:\/\/www.w3.org\/1999\/xlink\"><g stroke=\"none\" stroke-width=\"1\" fill=\"none\" fill-rule=\"evenodd\"><g transform=\"translate(-511.000000, -20.000000)\" fill=\"#000000\"><g><path d=\"M556.869,30.41 C554.814,30.41 553.148,32.076 553.148,34.131 C553.148,36.186 554.814,37.852 556.869,37.852 C558.924,37.852 560.59,36.186 560.59,34.131 C560.59,32.076 558.924,30.41 556.869,30.41 M541,60.657 C535.114,60.657 530.342,55.887 530.342,50 C530.342,44.114 535.114,39.342 541,39.342 C546.887,39.342 551.658,44.114 551.658,50 C551.658,55.887 546.887,60.657 541,60.657 M541,33.886 C532.1,33.886 524.886,41.1 524.886,50 C524.886,58.899 532.1,66.113 541,66.113 C549.9,66.113 557.115,58.899 557.115,50 C557.115,41.1 549.9,33.886 541,33.886 M565.378,62.101 C565.244,65.022 564.756,66.606 564.346,67.663 C563.803,69.06 563.154,70.057 562.106,71.106 C561.058,72.155 560.06,72.803 558.662,73.347 C557.607,73.757 556.021,74.244 553.102,74.378 C549.944,74.521 548.997,74.552 541,74.552 C533.003,74.552 532.056,74.521 528.898,74.378 C525.979,74.244 524.393,73.757 523.338,73.347 C521.94,72.803 520.942,72.155 519.894,71.106 C518.846,70.057 518.197,69.06 517.654,67.663 C517.244,66.606 516.755,65.022 516.623,62.101 C516.479,58.943 516.448,57.996 516.448,50 C516.448,42.003 516.479,41.056 516.623,37.899 C516.755,34.978 517.244,33.391 517.654,32.338 C518.197,30.938 518.846,29.942 519.894,28.894 C520.942,27.846 521.94,27.196 523.338,26.654 C524.393,26.244 525.979,25.756 528.898,25.623 C532.057,25.479 533.004,25.448 541,25.448 C548.997,25.448 549.943,25.479 553.102,25.623 C556.021,25.756 557.607,26.244 558.662,26.654 C560.06,27.196 561.058,27.846 562.106,28.894 C563.154,29.942 563.803,30.938 564.346,32.338 C564.756,33.391 565.244,34.978 565.378,37.899 C565.522,41.056 565.552,42.003 565.552,50 C565.552,57.996 565.522,58.943 565.378,62.101 M570.82,37.631 C570.674,34.438 570.167,32.258 569.425,30.349 C568.659,28.377 567.633,26.702 565.965,25.035 C564.297,23.368 562.623,22.342 560.652,21.575 C558.743,20.834 556.562,20.326 553.369,20.18 C550.169,20.033 549.148,20 541,20 C532.853,20 531.831,20.033 528.631,20.18 C525.438,20.326 523.257,20.834 521.349,21.575 C519.376,22.342 517.703,23.368 516.035,25.035 C514.368,26.702 513.342,28.377 512.574,30.349 C511.834,32.258 511.326,34.438 511.181,37.631 C511.035,40.831 511,41.851 511,50 C511,58.147 511.035,59.17 511.181,62.369 C511.326,65.562 511.834,67.743 512.574,69.651 C513.342,71.625 514.368,73.296 516.035,74.965 C517.703,76.634 519.376,77.658 521.349,78.425 C523.257,79.167 525.438,79.673 528.631,79.82 C531.831,79.965 532.853,80.001 541,80.001 C549.148,80.001 550.169,79.965 553.369,79.82 C556.562,79.673 558.743,79.167 560.652,78.425 C562.623,77.658 564.297,76.634 565.965,74.965 C567.633,73.296 568.659,71.625 569.425,69.651 C570.167,67.743 570.674,65.562 570.82,62.369 C570.966,59.17 571,58.147 571,50 C571,41.851 570.966,40.831 570.82,37.631\"><\/path><\/g><\/g><\/g><\/svg><\/div>\n<div style=\"padding-top: 8px;\">\n<div style=\" color:#3897f0; font-family:Arial,sans-serif; font-size:14px; font-style:normal; font-weight:550; line-height:18px;\">Voir cette publication sur Instagram<\/div>\n<\/div>\n<div style=\"padding: 12.5% 0;\"><\/div>\n<div style=\"display: flex; flex-direction: row; margin-bottom: 14px; align-items: center;\">\n<div>\n<div style=\"background-color: #F4F4F4; border-radius: 50%; height: 12.5px; width: 12.5px; transform: translateX(0px) translateY(7px);\"><\/div>\n<div style=\"background-color: #F4F4F4; height: 12.5px; transform: rotate(-45deg) translateX(3px) translateY(1px); width: 12.5px; flex-grow: 0; margin-right: 14px; margin-left: 2px;\"><\/div>\n<div style=\"background-color: #F4F4F4; border-radius: 50%; height: 12.5px; width: 12.5px; transform: translateX(9px) translateY(-18px);\"><\/div>\n<\/div>\n<div style=\"margin-left: 8px;\">\n<div style=\" background-color: #F4F4F4; border-radius: 50%; flex-grow: 0; height: 20px; width: 20px;\"><\/div>\n<div style=\" width: 0; height: 0; border-top: 2px solid transparent; border-left: 6px solid #f4f4f4; border-bottom: 2px solid transparent; transform: translateX(16px) translateY(-4px) rotate(30deg)\"><\/div>\n<\/div>\n<div style=\"margin-left: auto;\">\n<div style=\" width: 0px; border-top: 8px solid #F4F4F4; border-right: 8px solid transparent; transform: translateY(16px);\"><\/div>\n<div style=\" background-color: #F4F4F4; flex-grow: 0; height: 12px; width: 16px; transform: translateY(-4px);\"><\/div>\n<div style=\" width: 0; height: 0; border-top: 8px solid #F4F4F4; border-left: 8px solid transparent; transform: translateY(-4px) translateX(8px);\"><\/div>\n<\/div>\n<\/div>\n<div style=\"display: flex; flex-direction: column; flex-grow: 1; justify-content: center; margin-bottom: 24px;\">\n<div style=\" background-color: #F4F4F4; border-radius: 4px; flex-grow: 0; height: 14px; margin-bottom: 6px; width: 224px;\"><\/div>\n<div style=\" background-color: #F4F4F4; border-radius: 4px; flex-grow: 0; height: 14px; width: 144px;\"><\/div>\n<\/div>\n<p><\/a><\/p>\n<p style=\" color:#c9c8cd; font-family:Arial,sans-serif; font-size:14px; line-height:17px; margin-bottom:0; margin-top:8px; overflow:hidden; padding:8px 0 7px; text-align:center; text-overflow:ellipsis; white-space:nowrap;\"><a href=\"https:\/\/www.instagram.com\/reel\/DCj1q1ao3P1\/?utm_source=ig_embed&amp;utm_campaign=loading\" style=\" color:#c9c8cd; font-family:Arial,sans-serif; font-size:14px; font-style:normal; font-weight:normal; line-height:17px; text-decoration:none;\" target=\"_blank\">Une publication partag\u00e9e par Monaco Tribune (@monacotribune)<\/a><\/p>\n<\/div>\n<\/blockquote>\n<p><script async src=\"\/\/www.instagram.com\/embed.js\"><\/script><\/p>\n\n<h2 class=\"wp-block-heading\" id=\"h-un-defile-exceptionnel-sur-la-place-du-palais\">Una sfilata d&#8217;eccezione sulla Place du Palais<\/h2>\n\n<p>La mattinata si \u00e8 conclusa sulla Place du Palais con una sfilata militare, tradizionale momento culminante della manifestazione, sotto un piacevole sole caldo e gli occhi della famiglia Principesca affacciata dai balconi del Palazzo.<\/p>\n<div class=\"wp-block-image\">\n<figure class=\"aligncenter size-large\"><img loading=\"lazy\" decoding=\"async\" width=\"1024\" height=\"684\" src=\"https:\/\/www.monaco-tribune.com\/wp-content\/uploads\/2024\/11\/garde-republicaine-fete-prince-monaco-1024x684.jpg\" alt=\"garde-republicaine-fete-prince-monaco\" class=\"wp-image-261424\" srcset=\"https:\/\/www.monaco-tribune.com\/wp-content\/uploads\/2024\/11\/garde-republicaine-fete-prince-monaco-1024x684.jpg 1024w, https:\/\/www.monaco-tribune.com\/wp-content\/uploads\/2024\/11\/garde-republicaine-fete-prince-monaco-449x300.jpg 449w, https:\/\/www.monaco-tribune.com\/wp-content\/uploads\/2024\/11\/garde-republicaine-fete-prince-monaco.jpg 1200w\" sizes=\"auto, (max-width: 1024px) 100vw, 1024px\" \/><figcaption class=\"wp-element-caption\"><em>Il cavalli della Garde R\u00e9publicaine \u00a9 Monaco Tribune \/ Th\u00e9o Briand<\/em><\/figcaption><\/figure>\n<\/div><div class=\"wp-block-image\">\n<figure class=\"aligncenter size-large\"><img loading=\"lazy\" decoding=\"async\" width=\"1024\" height=\"684\" src=\"https:\/\/www.monaco-tribune.com\/wp-content\/uploads\/2024\/11\/princesse-caroline-pierre-casiraghi-beatrice-borromeo-1024x684.jpg\" alt=\"princesse-caroline-pierre-casiraghi-Beatrice Borromeo\" class=\"wp-image-261433\"\/><figcaption class=\"wp-element-caption\"><em>La Principessa Carolina, suo figlio Pierre Casiraghi e la moglie Beatrice Borromeo \u00a9 Monaco Tribune \/ Th\u00e9o Briand<\/em><\/figcaption><\/figure>\n<\/div>\n<p class=\"related\"><a href=\"https:\/\/www.monaco-tribune.com\/it\/2024\/11\/il-principe-alberto-ii-e-la-principessa-charlene-presenti-per-la-tradizionale-consegna-dei-pacchi-della-croce-rossa\/\">Il Principe Alberto II e la Principessa Charl\u00e8ne presenti per la tradizionale consegna dei pacchi della Croce Rossa<\/a><\/p>\n<div class=\"wp-block-image\">\n<figure class=\"aligncenter size-large\"><img loading=\"lazy\" decoding=\"async\" width=\"1024\" height=\"684\" src=\"https:\/\/www.monaco-tribune.com\/wp-content\/uploads\/2024\/11\/famille-princiere-andrea-casiraghi-alexandra-de-hanovre-1024x684.jpg\" alt=\"famille-princi&#xE8;re-andrea-casiraghi-Alexandra de Hanovre\" class=\"wp-image-261429\" srcset=\"https:\/\/www.monaco-tribune.com\/wp-content\/uploads\/2024\/11\/famille-princiere-andrea-casiraghi-alexandra-de-hanovre-1024x684.jpg 1024w, https:\/\/www.monaco-tribune.com\/wp-content\/uploads\/2024\/11\/famille-princiere-andrea-casiraghi-alexandra-de-hanovre-449x300.jpg 449w, https:\/\/www.monaco-tribune.com\/wp-content\/uploads\/2024\/11\/famille-princiere-andrea-casiraghi-alexandra-de-hanovre.jpg 1200w\" sizes=\"auto, (max-width: 1024px) 100vw, 1024px\" \/><figcaption class=\"wp-element-caption\"><em>Alexandra di Hannover e suo fratello Andrea Casiraghi \u00a9 Monaco Tribune \/ Th\u00e9o Briand<\/em><\/figcaption><\/figure>\n<\/div><div class=\"wp-block-image\">\n<figure class=\"aligncenter size-large\"><img loading=\"lazy\" decoding=\"async\" width=\"1024\" height=\"684\" src=\"https:\/\/www.monaco-tribune.com\/wp-content\/uploads\/2024\/11\/princesse-stephanie-camille-goetlib-pauline-louis-ducruet-1024x684.jpg\" alt=\"princesse-stephanie-camille-goetlib-pauline-louis-ducruet\" class=\"wp-image-261441\" srcset=\"https:\/\/www.monaco-tribune.com\/wp-content\/uploads\/2024\/11\/princesse-stephanie-camille-goetlib-pauline-louis-ducruet-1024x684.jpg 1024w, https:\/\/www.monaco-tribune.com\/wp-content\/uploads\/2024\/11\/princesse-stephanie-camille-goetlib-pauline-louis-ducruet-449x300.jpg 449w, https:\/\/www.monaco-tribune.com\/wp-content\/uploads\/2024\/11\/princesse-stephanie-camille-goetlib-pauline-louis-ducruet.jpg 1200w\" sizes=\"auto, (max-width: 1024px) 100vw, 1024px\" \/><figcaption class=\"wp-element-caption\"><em>La Principessa Staphanie con i figli Camille Gottlieb, Pauline e Louis Ducruet \u00a9 Monaco Tribune \/ Th\u00e9o Briand<\/em><\/figcaption><\/figure>\n<\/div>\n<p>Quest&#8217;anno, la Guardia Repubblicana francese \u00e8 stata l&#8217;ospite d&#8217;onore. Una sezione del 1\u00b0 reggimento di fanteria, guidata dal tenente Hugo Leray, si \u00e8 distinta accanto ai cavallerizzi comandati dal colonnello Marie-Audrey Leheup. Il plotone di motociclisti, guidato dal caposquadra Karim Alioui, e i 17 cantori dei Cori dell&#8217;Arma Francese hanno aggiunto un contributo musicale sublime. \u00c8 stata anche l&#8217;occasione per rendere omaggio all&#8217;80\u00b0 anniversario della Liberazione di Monaco, con opere emblematiche come <em>Le Jour le plus long<\/em> e <em>Chant des Marais<\/em>.<\/p>\n\n<p class=\"related\"><a href=\"https:\/\/www.monaco-tribune.com\/it\/2024\/11\/la-principessa-charlene-da-il-via-alla-no-finish-line-monaco-2024\/\">La Principessa Charl\u00e8ne d\u00e0 il via alla No Finish Line Monaco 2024<\/a><\/p>\n\n<p>Dalle balconate, il Principe e la Famiglia Principesca hanno assistito al tradizionale \u201cUrr\u00e0!\u201d della folla, che ha potuto avvicinarsi al palazzo per ammirare il Principe e la sua famiglia.<\/p>\n<div class=\"wp-block-image\">\n<figure class=\"aligncenter size-large\"><img loading=\"lazy\" decoding=\"async\" width=\"1024\" height=\"684\" src=\"https:\/\/www.monaco-tribune.com\/wp-content\/uploads\/2024\/11\/famille-princiere-balcon-fete-nationale-1024x684.jpg\" alt=\"famille-princiere-balcon-fete-nationale\" class=\"wp-image-261449\" srcset=\"https:\/\/www.monaco-tribune.com\/wp-content\/uploads\/2024\/11\/famille-princiere-balcon-fete-nationale-1024x684.jpg 1024w, https:\/\/www.monaco-tribune.com\/wp-content\/uploads\/2024\/11\/famille-princiere-balcon-fete-nationale-449x300.jpg 449w, https:\/\/www.monaco-tribune.com\/wp-content\/uploads\/2024\/11\/famille-princiere-balcon-fete-nationale.jpg 1200w\" sizes=\"auto, (max-width: 1024px) 100vw, 1024px\" \/><\/figure>\n<\/div>\n<p><\/p>\n<div class=\"wp-block-image\">\n<figure class=\"aligncenter size-large\"><img loading=\"lazy\" decoding=\"async\" width=\"1024\" height=\"684\" src=\"https:\/\/www.monaco-tribune.com\/wp-content\/uploads\/2024\/11\/enfants-princiers-1024x684.jpg\" alt=\"enfants-princiers\" class=\"wp-image-261445\" srcset=\"https:\/\/www.monaco-tribune.com\/wp-content\/uploads\/2024\/11\/enfants-princiers-1024x684.jpg 1024w, https:\/\/www.monaco-tribune.com\/wp-content\/uploads\/2024\/11\/enfants-princiers-449x300.jpg 449w, https:\/\/www.monaco-tribune.com\/wp-content\/uploads\/2024\/11\/enfants-princiers.jpg 1200w\" sizes=\"auto, (max-width: 1024px) 100vw, 1024px\" \/><figcaption class=\"wp-element-caption\"><em>Il Principe Ereditario Jacques e la Principessa Gabriella \u00a9 Monaco Tribune \/ Th\u00e9o Briand<\/em><\/figcaption><\/figure>\n<\/div>","protected":false},"excerpt":{"rendered":"<p>In questo giorno speciale, con la Guardia Repubblicana francese come ospite d&#8217;onore, la Principessa Charl\u00e8ne ha catturato l&#8217;attenzione in un [&hellip;]<\/p>\n","protected":false},"author":66,"featured_media":261439,"comment_status":"closed","ping_status":"closed","sticky":false,"template":"","format":"standard","meta":{"_acf_changed":false,"footnotes":""},"categories":[1742,1826,1738],"tags":[4570],"post_sectags":[],"post_format":[2474],"class_list":["post-261793","post","type-post","status-publish","format-standard","has-post-thumbnail","hentry","category-famiglia-principesca","category-la-nostra-scelta","category-notizie","tag-festa-del-principe","format-foto"],"acf":[],"yoast_head":"<!-- This site is optimized with the Yoast SEO Premium plugin v26.8 (Yoast SEO v27.4) - https:\/\/yoast.com\/product\/yoast-seo-premium-wordpress\/ -->\n<title>Cerimonie e sfilate: Monaco celebra la F\u00eate du Prince in grande stile<\/title>\n<meta name=\"description\" content=\"In questo giorno speciale, con la Guardia Repubblicana francese come ospite d&#039;onore, la Principessa Charl\u00e8ne ha catturato l&#039;attenzione in un elegante\" \/>\n<meta name=\"robots\" content=\"index, follow, max-snippet:-1, max-image-preview:large, max-video-preview:-1\" \/>\n<link rel=\"canonical\" href=\"https:\/\/www.monaco-tribune.com\/it\/2024\/11\/cerimonie-e-sfilate-monaco-celebra-la-fete-du-prince-in-grande-stile\/\" \/>\n<meta property=\"og:locale\" content=\"it_IT\" \/>\n<meta property=\"og:type\" content=\"article\" \/>\n<meta property=\"og:title\" content=\"Cerimonie e sfilate: Monaco celebra la F\u00eate du Prince in grande stile - Monaco Tribune\" \/>\n<meta property=\"og:description\" content=\"In questo giorno speciale, con la Guardia Repubblicana francese come ospite d&#039;onore, la Principessa Charl\u00e8ne ha catturato l&#039;attenzione in un elegante\" \/>\n<meta property=\"og:url\" content=\"https:\/\/www.monaco-tribune.com\/it\/2024\/11\/cerimonie-e-sfilate-monaco-celebra-la-fete-du-prince-in-grande-stile\/\" \/>\n<meta property=\"og:site_name\" content=\"Monaco Tribune\" \/>\n<meta property=\"article:publisher\" content=\"https:\/\/www.facebook.com\/MonacoTribune\" \/>\n<meta property=\"article:published_time\" content=\"2024-11-20T16:54:38+00:00\" \/>\n<meta property=\"article:modified_time\" content=\"2024-11-20T16:55:59+00:00\" \/>\n<meta property=\"og:image\" content=\"https:\/\/www.monaco-tribune.com\/wp-content\/uploads\/2024\/11\/famille-princiere-1.jpg\" \/>\n\t<meta property=\"og:image:width\" content=\"1200\" \/>\n\t<meta property=\"og:image:height\" content=\"800\" \/>\n\t<meta property=\"og:image:type\" content=\"image\/jpeg\" \/>\n<meta name=\"author\" content=\"Th\u00e9o Briand\" \/>\n<meta name=\"twitter:card\" content=\"summary_large_image\" \/>\n<meta name=\"twitter:creator\" content=\"@MonacoTribune\" \/>\n<meta name=\"twitter:site\" content=\"@MonacoTribune\" \/>\n<script type=\"application\/ld+json\" class=\"yoast-schema-graph\">{\"@context\":\"https:\\\/\\\/schema.org\",\"@graph\":[{\"@type\":\"NewsArticle\",\"@id\":\"https:\\\/\\\/www.monaco-tribune.com\\\/it\\\/2024\\\/11\\\/cerimonie-e-sfilate-monaco-celebra-la-fete-du-prince-in-grande-stile\\\/#article\",\"isPartOf\":{\"@id\":\"https:\\\/\\\/www.monaco-tribune.com\\\/it\\\/2024\\\/11\\\/cerimonie-e-sfilate-monaco-celebra-la-fete-du-prince-in-grande-stile\\\/\"},\"author\":{\"name\":\"Th\u00e9o Briand\",\"@id\":\"https:\\\/\\\/www.monaco-tribune.com\\\/it\\\/#\\\/schema\\\/person\\\/94fb5723547bd83dea1eed97e25145aa\"},\"headline\":\"Cerimonie e sfilate: Monaco celebra la F\u00eate du Prince in grande stile\",\"datePublished\":\"2024-11-20T16:54:38+00:00\",\"dateModified\":\"2024-11-20T16:55:59+00:00\",\"mainEntityOfPage\":{\"@id\":\"https:\\\/\\\/www.monaco-tribune.com\\\/it\\\/2024\\\/11\\\/cerimonie-e-sfilate-monaco-celebra-la-fete-du-prince-in-grande-stile\\\/\"},\"wordCount\":561,\"publisher\":{\"@id\":\"https:\\\/\\\/www.monaco-tribune.com\\\/it\\\/#organization\"},\"image\":{\"@id\":\"https:\\\/\\\/www.monaco-tribune.com\\\/it\\\/2024\\\/11\\\/cerimonie-e-sfilate-monaco-celebra-la-fete-du-prince-in-grande-stile\\\/#primaryimage\"},\"thumbnailUrl\":\"https:\\\/\\\/www.monaco-tribune.com\\\/wp-content\\\/uploads\\\/2024\\\/11\\\/famille-princiere-1.jpg\",\"keywords\":[\"Festa del Principe\"],\"articleSection\":[\"Famiglia Principesca\",\"La nostra scelta\",\"Notizie\"],\"inLanguage\":\"it-IT\",\"copyrightYear\":\"2024\",\"copyrightHolder\":{\"@id\":\"https:\\\/\\\/www.monaco-tribune.com\\\/#organization\"}},{\"@type\":\"WebPage\",\"@id\":\"https:\\\/\\\/www.monaco-tribune.com\\\/it\\\/2024\\\/11\\\/cerimonie-e-sfilate-monaco-celebra-la-fete-du-prince-in-grande-stile\\\/\",\"url\":\"https:\\\/\\\/www.monaco-tribune.com\\\/it\\\/2024\\\/11\\\/cerimonie-e-sfilate-monaco-celebra-la-fete-du-prince-in-grande-stile\\\/\",\"name\":\"Cerimonie e sfilate: Monaco celebra la F\u00eate du Prince in grande stile\",\"isPartOf\":{\"@id\":\"https:\\\/\\\/www.monaco-tribune.com\\\/it\\\/#website\"},\"primaryImageOfPage\":{\"@id\":\"https:\\\/\\\/www.monaco-tribune.com\\\/it\\\/2024\\\/11\\\/cerimonie-e-sfilate-monaco-celebra-la-fete-du-prince-in-grande-stile\\\/#primaryimage\"},\"image\":{\"@id\":\"https:\\\/\\\/www.monaco-tribune.com\\\/it\\\/2024\\\/11\\\/cerimonie-e-sfilate-monaco-celebra-la-fete-du-prince-in-grande-stile\\\/#primaryimage\"},\"thumbnailUrl\":\"https:\\\/\\\/www.monaco-tribune.com\\\/wp-content\\\/uploads\\\/2024\\\/11\\\/famille-princiere-1.jpg\",\"datePublished\":\"2024-11-20T16:54:38+00:00\",\"dateModified\":\"2024-11-20T16:55:59+00:00\",\"description\":\"In questo giorno speciale, con la Guardia Repubblicana francese come ospite d'onore, la Principessa Charl\u00e8ne ha catturato l'attenzione in un elegante\",\"breadcrumb\":{\"@id\":\"https:\\\/\\\/www.monaco-tribune.com\\\/it\\\/2024\\\/11\\\/cerimonie-e-sfilate-monaco-celebra-la-fete-du-prince-in-grande-stile\\\/#breadcrumb\"},\"inLanguage\":\"it-IT\",\"potentialAction\":[{\"@type\":\"ReadAction\",\"target\":[\"https:\\\/\\\/www.monaco-tribune.com\\\/it\\\/2024\\\/11\\\/cerimonie-e-sfilate-monaco-celebra-la-fete-du-prince-in-grande-stile\\\/\"]}]},{\"@type\":\"ImageObject\",\"inLanguage\":\"it-IT\",\"@id\":\"https:\\\/\\\/www.monaco-tribune.com\\\/it\\\/2024\\\/11\\\/cerimonie-e-sfilate-monaco-celebra-la-fete-du-prince-in-grande-stile\\\/#primaryimage\",\"url\":\"https:\\\/\\\/www.monaco-tribune.com\\\/wp-content\\\/uploads\\\/2024\\\/11\\\/famille-princiere-1.jpg\",\"contentUrl\":\"https:\\\/\\\/www.monaco-tribune.com\\\/wp-content\\\/uploads\\\/2024\\\/11\\\/famille-princiere-1.jpg\",\"width\":1200,\"height\":800,\"caption\":\"\u00a9 Monaco Tribune \\\/ Th\u00e9o Briand\"},{\"@type\":\"BreadcrumbList\",\"@id\":\"https:\\\/\\\/www.monaco-tribune.com\\\/it\\\/2024\\\/11\\\/cerimonie-e-sfilate-monaco-celebra-la-fete-du-prince-in-grande-stile\\\/#breadcrumb\",\"itemListElement\":[{\"@type\":\"ListItem\",\"position\":1,\"name\":\"Accueil\",\"item\":\"https:\\\/\\\/www.monaco-tribune.com\\\/it\\\/\"},{\"@type\":\"ListItem\",\"position\":2,\"name\":\"Cerimonie e sfilate: Monaco celebra la F\u00eate du Prince in grande stile\"}]},{\"@type\":\"WebSite\",\"@id\":\"https:\\\/\\\/www.monaco-tribune.com\\\/it\\\/#website\",\"url\":\"https:\\\/\\\/www.monaco-tribune.com\\\/it\\\/\",\"name\":\"Monaco Tribune\",\"description\":\"Monaco : actualit\u00e9s \u00e9conomiques, politiques, culturelles et sportives de Monaco et de la French Riviera.\",\"publisher\":{\"@id\":\"https:\\\/\\\/www.monaco-tribune.com\\\/it\\\/#organization\"},\"potentialAction\":[{\"@type\":\"SearchAction\",\"target\":{\"@type\":\"EntryPoint\",\"urlTemplate\":\"https:\\\/\\\/www.monaco-tribune.com\\\/it\\\/?s={search_term_string}\"},\"query-input\":{\"@type\":\"PropertyValueSpecification\",\"valueRequired\":true,\"valueName\":\"search_term_string\"}}],\"inLanguage\":\"it-IT\"},{\"@type\":\"Organization\",\"@id\":\"https:\\\/\\\/www.monaco-tribune.com\\\/it\\\/#organization\",\"name\":\"Monaco Tribune\",\"url\":\"https:\\\/\\\/www.monaco-tribune.com\\\/it\\\/\",\"logo\":{\"@type\":\"ImageObject\",\"inLanguage\":\"it-IT\",\"@id\":\"https:\\\/\\\/www.monaco-tribune.com\\\/it\\\/#\\\/schema\\\/logo\\\/image\\\/\",\"url\":\"https:\\\/\\\/www.monaco-tribune.com\\\/wp-content\\\/uploads\\\/2022\\\/11\\\/logo-monaco-tribune.png\",\"contentUrl\":\"https:\\\/\\\/www.monaco-tribune.com\\\/wp-content\\\/uploads\\\/2022\\\/11\\\/logo-monaco-tribune.png\",\"width\":1548,\"height\":600,\"caption\":\"Monaco Tribune\"},\"image\":{\"@id\":\"https:\\\/\\\/www.monaco-tribune.com\\\/it\\\/#\\\/schema\\\/logo\\\/image\\\/\"},\"sameAs\":[\"https:\\\/\\\/www.facebook.com\\\/MonacoTribune\",\"https:\\\/\\\/x.com\\\/MonacoTribune\",\"https:\\\/\\\/www.instagram.com\\\/monacotribune\\\/\",\"https:\\\/\\\/www.linkedin.com\\\/company\\\/monaco-tribune\",\"https:\\\/\\\/www.youtube.com\\\/channel\\\/UCHle1MnG6hw1y4lWKijVbMA\"]},{\"@type\":\"Person\",\"@id\":\"https:\\\/\\\/www.monaco-tribune.com\\\/it\\\/#\\\/schema\\\/person\\\/94fb5723547bd83dea1eed97e25145aa\",\"name\":\"Th\u00e9o Briand\",\"image\":{\"@type\":\"ImageObject\",\"inLanguage\":\"it-IT\",\"@id\":\"https:\\\/\\\/secure.gravatar.com\\\/avatar\\\/1c02cfd8b8054d8c376f9a942a1dc4dbacfd8ba5e6f8dbb5e16f4aa3d281972a?s=96&d=mm&r=g\",\"url\":\"https:\\\/\\\/secure.gravatar.com\\\/avatar\\\/1c02cfd8b8054d8c376f9a942a1dc4dbacfd8ba5e6f8dbb5e16f4aa3d281972a?s=96&d=mm&r=g\",\"contentUrl\":\"https:\\\/\\\/secure.gravatar.com\\\/avatar\\\/1c02cfd8b8054d8c376f9a942a1dc4dbacfd8ba5e6f8dbb5e16f4aa3d281972a?s=96&d=mm&r=g\",\"caption\":\"Th\u00e9o Briand\"},\"url\":\"https:\\\/\\\/www.monaco-tribune.com\\\/it\\\/author\\\/theobriand\\\/\"}]}<\/script>\n<!-- \/ Yoast SEO Premium plugin. -->","yoast_head_json":{"title":"Cerimonie e sfilate: Monaco celebra la F\u00eate du Prince in grande stile","description":"In questo giorno speciale, con la Guardia Repubblicana francese come ospite d'onore, la Principessa Charl\u00e8ne ha catturato l'attenzione in un elegante","robots":{"index":"index","follow":"follow","max-snippet":"max-snippet:-1","max-image-preview":"max-image-preview:large","max-video-preview":"max-video-preview:-1"},"canonical":"https:\/\/www.monaco-tribune.com\/it\/2024\/11\/cerimonie-e-sfilate-monaco-celebra-la-fete-du-prince-in-grande-stile\/","og_locale":"it_IT","og_type":"article","og_title":"Cerimonie e sfilate: Monaco celebra la F\u00eate du Prince in grande stile - Monaco Tribune","og_description":"In questo giorno speciale, con la Guardia Repubblicana francese come ospite d'onore, la Principessa Charl\u00e8ne ha catturato l'attenzione in un elegante","og_url":"https:\/\/www.monaco-tribune.com\/it\/2024\/11\/cerimonie-e-sfilate-monaco-celebra-la-fete-du-prince-in-grande-stile\/","og_site_name":"Monaco Tribune","article_publisher":"https:\/\/www.facebook.com\/MonacoTribune","article_published_time":"2024-11-20T16:54:38+00:00","article_modified_time":"2024-11-20T16:55:59+00:00","og_image":[{"width":1200,"height":800,"url":"https:\/\/www.monaco-tribune.com\/wp-content\/uploads\/2024\/11\/famille-princiere-1.jpg","type":"image\/jpeg"}],"author":"Th\u00e9o Briand","twitter_card":"summary_large_image","twitter_creator":"@MonacoTribune","twitter_site":"@MonacoTribune","schema":{"@context":"https:\/\/schema.org","@graph":[{"@type":"NewsArticle","@id":"https:\/\/www.monaco-tribune.com\/it\/2024\/11\/cerimonie-e-sfilate-monaco-celebra-la-fete-du-prince-in-grande-stile\/#article","isPartOf":{"@id":"https:\/\/www.monaco-tribune.com\/it\/2024\/11\/cerimonie-e-sfilate-monaco-celebra-la-fete-du-prince-in-grande-stile\/"},"author":{"name":"Th\u00e9o Briand","@id":"https:\/\/www.monaco-tribune.com\/it\/#\/schema\/person\/94fb5723547bd83dea1eed97e25145aa"},"headline":"Cerimonie e sfilate: Monaco celebra la F\u00eate du Prince in grande stile","datePublished":"2024-11-20T16:54:38+00:00","dateModified":"2024-11-20T16:55:59+00:00","mainEntityOfPage":{"@id":"https:\/\/www.monaco-tribune.com\/it\/2024\/11\/cerimonie-e-sfilate-monaco-celebra-la-fete-du-prince-in-grande-stile\/"},"wordCount":561,"publisher":{"@id":"https:\/\/www.monaco-tribune.com\/it\/#organization"},"image":{"@id":"https:\/\/www.monaco-tribune.com\/it\/2024\/11\/cerimonie-e-sfilate-monaco-celebra-la-fete-du-prince-in-grande-stile\/#primaryimage"},"thumbnailUrl":"https:\/\/www.monaco-tribune.com\/wp-content\/uploads\/2024\/11\/famille-princiere-1.jpg","keywords":["Festa del Principe"],"articleSection":["Famiglia Principesca","La nostra scelta","Notizie"],"inLanguage":"it-IT","copyrightYear":"2024","copyrightHolder":{"@id":"https:\/\/www.monaco-tribune.com\/#organization"}},{"@type":"WebPage","@id":"https:\/\/www.monaco-tribune.com\/it\/2024\/11\/cerimonie-e-sfilate-monaco-celebra-la-fete-du-prince-in-grande-stile\/","url":"https:\/\/www.monaco-tribune.com\/it\/2024\/11\/cerimonie-e-sfilate-monaco-celebra-la-fete-du-prince-in-grande-stile\/","name":"Cerimonie e sfilate: Monaco celebra la F\u00eate du Prince in grande stile","isPartOf":{"@id":"https:\/\/www.monaco-tribune.com\/it\/#website"},"primaryImageOfPage":{"@id":"https:\/\/www.monaco-tribune.com\/it\/2024\/11\/cerimonie-e-sfilate-monaco-celebra-la-fete-du-prince-in-grande-stile\/#primaryimage"},"image":{"@id":"https:\/\/www.monaco-tribune.com\/it\/2024\/11\/cerimonie-e-sfilate-monaco-celebra-la-fete-du-prince-in-grande-stile\/#primaryimage"},"thumbnailUrl":"https:\/\/www.monaco-tribune.com\/wp-content\/uploads\/2024\/11\/famille-princiere-1.jpg","datePublished":"2024-11-20T16:54:38+00:00","dateModified":"2024-11-20T16:55:59+00:00","description":"In questo giorno speciale, con la Guardia Repubblicana francese come ospite d'onore, la Principessa Charl\u00e8ne ha catturato l'attenzione in un elegante","breadcrumb":{"@id":"https:\/\/www.monaco-tribune.com\/it\/2024\/11\/cerimonie-e-sfilate-monaco-celebra-la-fete-du-prince-in-grande-stile\/#breadcrumb"},"inLanguage":"it-IT","potentialAction":[{"@type":"ReadAction","target":["https:\/\/www.monaco-tribune.com\/it\/2024\/11\/cerimonie-e-sfilate-monaco-celebra-la-fete-du-prince-in-grande-stile\/"]}]},{"@type":"ImageObject","inLanguage":"it-IT","@id":"https:\/\/www.monaco-tribune.com\/it\/2024\/11\/cerimonie-e-sfilate-monaco-celebra-la-fete-du-prince-in-grande-stile\/#primaryimage","url":"https:\/\/www.monaco-tribune.com\/wp-content\/uploads\/2024\/11\/famille-princiere-1.jpg","contentUrl":"https:\/\/www.monaco-tribune.com\/wp-content\/uploads\/2024\/11\/famille-princiere-1.jpg","width":1200,"height":800,"caption":"\u00a9 Monaco Tribune \/ Th\u00e9o Briand"},{"@type":"BreadcrumbList","@id":"https:\/\/www.monaco-tribune.com\/it\/2024\/11\/cerimonie-e-sfilate-monaco-celebra-la-fete-du-prince-in-grande-stile\/#breadcrumb","itemListElement":[{"@type":"ListItem","position":1,"name":"Accueil","item":"https:\/\/www.monaco-tribune.com\/it\/"},{"@type":"ListItem","position":2,"name":"Cerimonie e sfilate: Monaco celebra la F\u00eate du Prince in grande stile"}]},{"@type":"WebSite","@id":"https:\/\/www.monaco-tribune.com\/it\/#website","url":"https:\/\/www.monaco-tribune.com\/it\/","name":"Monaco Tribune","description":"Monaco : actualit\u00e9s \u00e9conomiques, politiques, culturelles et sportives de Monaco et de la French Riviera.","publisher":{"@id":"https:\/\/www.monaco-tribune.com\/it\/#organization"},"potentialAction":[{"@type":"SearchAction","target":{"@type":"EntryPoint","urlTemplate":"https:\/\/www.monaco-tribune.com\/it\/?s={search_term_string}"},"query-input":{"@type":"PropertyValueSpecification","valueRequired":true,"valueName":"search_term_string"}}],"inLanguage":"it-IT"},{"@type":"Organization","@id":"https:\/\/www.monaco-tribune.com\/it\/#organization","name":"Monaco Tribune","url":"https:\/\/www.monaco-tribune.com\/it\/","logo":{"@type":"ImageObject","inLanguage":"it-IT","@id":"https:\/\/www.monaco-tribune.com\/it\/#\/schema\/logo\/image\/","url":"https:\/\/www.monaco-tribune.com\/wp-content\/uploads\/2022\/11\/logo-monaco-tribune.png","contentUrl":"https:\/\/www.monaco-tribune.com\/wp-content\/uploads\/2022\/11\/logo-monaco-tribune.png","width":1548,"height":600,"caption":"Monaco Tribune"},"image":{"@id":"https:\/\/www.monaco-tribune.com\/it\/#\/schema\/logo\/image\/"},"sameAs":["https:\/\/www.facebook.com\/MonacoTribune","https:\/\/x.com\/MonacoTribune","https:\/\/www.instagram.com\/monacotribune\/","https:\/\/www.linkedin.com\/company\/monaco-tribune","https:\/\/www.youtube.com\/channel\/UCHle1MnG6hw1y4lWKijVbMA"]},{"@type":"Person","@id":"https:\/\/www.monaco-tribune.com\/it\/#\/schema\/person\/94fb5723547bd83dea1eed97e25145aa","name":"Th\u00e9o Briand","image":{"@type":"ImageObject","inLanguage":"it-IT","@id":"https:\/\/secure.gravatar.com\/avatar\/1c02cfd8b8054d8c376f9a942a1dc4dbacfd8ba5e6f8dbb5e16f4aa3d281972a?s=96&d=mm&r=g","url":"https:\/\/secure.gravatar.com\/avatar\/1c02cfd8b8054d8c376f9a942a1dc4dbacfd8ba5e6f8dbb5e16f4aa3d281972a?s=96&d=mm&r=g","contentUrl":"https:\/\/secure.gravatar.com\/avatar\/1c02cfd8b8054d8c376f9a942a1dc4dbacfd8ba5e6f8dbb5e16f4aa3d281972a?s=96&d=mm&r=g","caption":"Th\u00e9o Briand"},"url":"https:\/\/www.monaco-tribune.com\/it\/author\/theobriand\/"}]}},"_links":{"self":[{"href":"https:\/\/www.monaco-tribune.com\/it\/wp-json\/wp\/v2\/posts\/261793","targetHints":{"allow":["GET"]}}],"collection":[{"href":"https:\/\/www.monaco-tribune.com\/it\/wp-json\/wp\/v2\/posts"}],"about":[{"href":"https:\/\/www.monaco-tribune.com\/it\/wp-json\/wp\/v2\/types\/post"}],"author":[{"embeddable":true,"href":"https:\/\/www.monaco-tribune.com\/it\/wp-json\/wp\/v2\/users\/66"}],"replies":[{"embeddable":true,"href":"https:\/\/www.monaco-tribune.com\/it\/wp-json\/wp\/v2\/comments?post=261793"}],"version-history":[{"count":2,"href":"https:\/\/www.monaco-tribune.com\/it\/wp-json\/wp\/v2\/posts\/261793\/revisions"}],"predecessor-version":[{"id":261796,"href":"https:\/\/www.monaco-tribune.com\/it\/wp-json\/wp\/v2\/posts\/261793\/revisions\/261796"}],"wp:featuredmedia":[{"embeddable":true,"href":"https:\/\/www.monaco-tribune.com\/it\/wp-json\/wp\/v2\/media\/261439"}],"wp:attachment":[{"href":"https:\/\/www.monaco-tribune.com\/it\/wp-json\/wp\/v2\/media?parent=261793"}],"wp:term":[{"taxonomy":"category","embeddable":true,"href":"https:\/\/www.monaco-tribune.com\/it\/wp-json\/wp\/v2\/categories?post=261793"},{"taxonomy":"post_tag","embeddable":true,"href":"https:\/\/www.monaco-tribune.com\/it\/wp-json\/wp\/v2\/tags?post=261793"},{"taxonomy":"sectag","embeddable":true,"href":"https:\/\/www.monaco-tribune.com\/it\/wp-json\/wp\/v2\/post_sectags?post=261793"},{"taxonomy":"format","embeddable":true,"href":"https:\/\/www.monaco-tribune.com\/it\/wp-json\/wp\/v2\/post_format?post=261793"}],"curies":[{"name":"wp","href":"https:\/\/api.w.org\/{rel}","templated":true}]}}