{"id":262315,"date":"2024-11-22T18:18:16","date_gmt":"2024-11-22T16:18:16","guid":{"rendered":"https:\/\/www.monaco-tribune.com\/2024\/11\/il-venturi-space-ha-accolto-il-principe-alberto-ii-per-una-visita-deccezione\/"},"modified":"2024-11-22T18:18:25","modified_gmt":"2024-11-22T16:18:25","slug":"il-venturi-space-ha-accolto-il-principe-alberto-ii-per-una-visita-deccezione","status":"publish","type":"post","link":"https:\/\/www.monaco-tribune.com\/it\/2024\/11\/il-venturi-space-ha-accolto-il-principe-alberto-ii-per-una-visita-deccezione\/","title":{"rendered":"Il Venturi Space ha accolto il Principe Alberto II per una visita d&#8217;eccezione"},"content":{"rendered":"\n<p><strong>Il Principe Alberto II, il generale David Scott e l&#8217;astronauta Jean-Fran\u00e7ois Clervoy hanno ammirato gli ultimi progetti spaziali dell&#8217;azienda monegasca Venturi Space.<\/strong><\/p>\n\n<p>Luned\u00ec 18 novembre, il Principe Alberto II di Monaco ha visitato la sede di Venturi Space in compagnia del comandante della missione Apollo 15, David Scott, e dell&#8217;astronauta Jean-Fran\u00e7ois Clervoy. Accolti da <a href=\"https:\/\/www.monaco-tribune.com\/it\/2024\/10\/gildo-pallanca-pastor-trasformare-un-sogno-impossibile-in-realta\/\">Gildo Pastor<\/a>, presidente dell&#8217;azienda, hanno scoperto le tecnologie innovative sviluppate per <a href=\"https:\/\/www.monaco-tribune.com\/it\/2023\/04\/il-gruppo-venturi-andra-sulla-luna-nel-2026\/\">le future missioni lunari di Venturi Space<\/a>.<\/p>\n<div class=\"wp-block-image\">\n<figure class=\"aligncenter size-large\"><img loading=\"lazy\" decoding=\"async\" width=\"1024\" height=\"683\" src=\"https:\/\/www.monaco-tribune.com\/wp-content\/uploads\/2024\/11\/739dd55b-9550-ac94-dc39-515a2b45e4bd-1024x683.jpg\" alt=\"Il Principe Alberto II di Monaco, il Comandante dell'Apollo 15 David Scott e l'astronauta Jean-Fran&#xE7;ois Clervoy in visita allo Spazio Venturi @Venturi\" class=\"wp-image-261209\" srcset=\"https:\/\/www.monaco-tribune.com\/wp-content\/uploads\/2024\/11\/739dd55b-9550-ac94-dc39-515a2b45e4bd-1024x683.jpg 1024w, https:\/\/www.monaco-tribune.com\/wp-content\/uploads\/2024\/11\/739dd55b-9550-ac94-dc39-515a2b45e4bd-450x300.jpg 450w, https:\/\/www.monaco-tribune.com\/wp-content\/uploads\/2024\/11\/739dd55b-9550-ac94-dc39-515a2b45e4bd.jpg 1200w\" sizes=\"auto, (max-width: 1024px) 100vw, 1024px\" \/><figcaption class=\"wp-element-caption\"><em>Il Principe Alberto II di Monaco, David Scott e Gildo Pastor allo Spazio Venturi @Venturi<\/em><\/figcaption><\/figure>\n<\/div>\n<p class=\"related\"><a href=\"https:\/\/www.monaco-tribune.com\/it\/2024\/10\/flip-il-nuovo-rover-lunare-di-venturi\/\">FLIP: il nuovo rover lunare di Venturi<\/a><\/p>\n\n<h2 class=\"wp-block-heading related\" id=\"h-des-innovations-au-service-de-la-conquete-lunaire\">Innovazioni per la conquista lunare<\/h2>\n\n<p>La visita comprendeva la presentazione dei rover FLIP e FLEX, uno sguardo alle tecnologie e alle tecniche di produzione delle batterie lunari di Venturi Space e una presentazione delle prossime missioni Venturi Astrolab. Il gruppo Venturi Space ha inoltre esposto la sua ruota lunare iper-deformabile e una mostra dedicata alla storia aerospaziale.<\/p>\n\n<p>\u201cIl rover FLEX \u00e8 molto diverso da quello che ho guidato io, \u00e8 molto pi\u00f9 grande e avr\u00e0 una durata operativa immensa\u201d, ha dichiarato David Scott, il primo uomo a guidare un rover sulla Luna. L&#8217;imprenditore monegasco Gildo Pastor \u00e8 stato orgoglioso di poter accogliere queste personalit\u00e0 del mondo dell&#8217;esplorazione spaziale: \u201cAccogliere, alla presenza del Sovrano e di Jean-Fran\u00e7ois Clervoy, il primo uomo ad aver guidato un rover sulla Luna, mi d\u00e0 una gioia immensa&#8221;.<\/p>\n<div class=\"wp-block-image\">\n<figure class=\"aligncenter size-large\"><img loading=\"lazy\" decoding=\"async\" width=\"1024\" height=\"683\" src=\"https:\/\/www.monaco-tribune.com\/wp-content\/uploads\/2024\/11\/28180e3e-f70d-34eb-85f6-4fa1ddfd8af8-1024x683.jpg\" alt=\"Il Principe Alberto II di Monaco in visita al Venturi Space @Venturi\" class=\"wp-image-261236\" srcset=\"https:\/\/www.monaco-tribune.com\/wp-content\/uploads\/2024\/11\/28180e3e-f70d-34eb-85f6-4fa1ddfd8af8-1024x683.jpg 1024w, https:\/\/www.monaco-tribune.com\/wp-content\/uploads\/2024\/11\/28180e3e-f70d-34eb-85f6-4fa1ddfd8af8-450x300.jpg 450w, https:\/\/www.monaco-tribune.com\/wp-content\/uploads\/2024\/11\/28180e3e-f70d-34eb-85f6-4fa1ddfd8af8.jpg 1200w\" sizes=\"auto, (max-width: 1024px) 100vw, 1024px\" \/><figcaption class=\"wp-element-caption\"><em>Il Principe Alberto II di Monaco in visita al Venturi Space @Venturi<\/em><\/figcaption><\/figure>\n<\/div><div class=\"wp-block-image\">\n<figure class=\"aligncenter size-large\"><img loading=\"lazy\" decoding=\"async\" width=\"1024\" height=\"683\" src=\"https:\/\/www.monaco-tribune.com\/wp-content\/uploads\/2024\/11\/94c5cf86-5d2e-6b23-a759-2937114a4f90-1-1024x683.jpg\" alt=\"David Scott in visita al Venturi Space @Venturi\" class=\"wp-image-261227\" srcset=\"https:\/\/www.monaco-tribune.com\/wp-content\/uploads\/2024\/11\/94c5cf86-5d2e-6b23-a759-2937114a4f90-1-1024x683.jpg 1024w, https:\/\/www.monaco-tribune.com\/wp-content\/uploads\/2024\/11\/94c5cf86-5d2e-6b23-a759-2937114a4f90-1-450x300.jpg 450w, https:\/\/www.monaco-tribune.com\/wp-content\/uploads\/2024\/11\/94c5cf86-5d2e-6b23-a759-2937114a4f90-1.jpg 1200w\" sizes=\"auto, (max-width: 1024px) 100vw, 1024px\" \/><figcaption class=\"wp-element-caption\"><em>David Scott in visita al Venturi Space @Venturi<\/em><\/figcaption><\/figure>\n<\/div><div class=\"wp-block-image\">\n<figure class=\"aligncenter size-large\"><img loading=\"lazy\" decoding=\"async\" width=\"1024\" height=\"683\" src=\"https:\/\/www.monaco-tribune.com\/wp-content\/uploads\/2024\/11\/pf1-7520-scaled-1-1024x683.jpg\" alt=\"Il Principe Alberto II di Monaco, David Scott, Jean-Fran&#xE7;ois Clervoy e Gildo Pastor al Venturi Space @Venturi\" class=\"wp-image-261231\" srcset=\"https:\/\/www.monaco-tribune.com\/wp-content\/uploads\/2024\/11\/pf1-7520-scaled-1-1024x683.jpg 1024w, https:\/\/www.monaco-tribune.com\/wp-content\/uploads\/2024\/11\/pf1-7520-scaled-1-450x300.jpg 450w, https:\/\/www.monaco-tribune.com\/wp-content\/uploads\/2024\/11\/pf1-7520-scaled-1.jpg 1200w\" sizes=\"auto, (max-width: 1024px) 100vw, 1024px\" \/><figcaption class=\"wp-element-caption\">\u00a0&#13;\n&#13;\n<em>Il Principe Alberto II di Monaco, David Scott, Jean-Fran\u00e7ois Clervoy e Gildo Pastor al Venturi Space @Venturi<\/em><\/figcaption><\/figure>\n<\/div>\n<p>Entro la fine del 2026, i rover di Venturi Space, in collaborazione con Venturi Astrolab, calcheranno il suolo lunare.<\/p>\n\n<p class=\"related\"><a href=\"https:\/\/www.monaco-tribune.com\/it\/2023\/06\/venturi-svela-la-sua-ruota-lunare-e-una-prima-mondiale\/\">Venturi svela la sua ruota lunare: \u00e8 una prima mondiale<\/a><\/p>\n","protected":false},"excerpt":{"rendered":"<p>Il Principe Alberto II, il generale David Scott e l&#8217;astronauta Jean-Fran\u00e7ois Clervoy hanno ammirato gli ultimi progetti spaziali dell&#8217;azienda monegasca [&hellip;]<\/p>\n","protected":false},"author":80,"featured_media":261204,"comment_status":"closed","ping_status":"closed","sticky":false,"template":"","format":"standard","meta":{"_acf_changed":false,"footnotes":""},"categories":[1742,1738],"tags":[2986],"post_sectags":[5273],"post_format":[2474],"class_list":["post-262315","post","type-post","status-publish","format-standard","has-post-thumbnail","hentry","category-famiglia-principesca","category-notizie","tag-principe-alberto-ii","sectag-tecnologia","format-foto"],"acf":[],"yoast_head":"<!-- This site is optimized with the Yoast SEO Premium plugin v26.8 (Yoast SEO v27.4) - https:\/\/yoast.com\/product\/yoast-seo-premium-wordpress\/ -->\n<title>Il Venturi Space ha accolto il Principe Alberto II per una visita d&#039;eccezione<\/title>\n<meta name=\"description\" content=\"Il Principe Alberto II, il generale David Scott e l&#039;astronauta Jean-Fran\u00e7ois Clervoy hanno ammirato gli ultimi progetti spaziali dell&#039;azienda monegasca\" \/>\n<meta name=\"robots\" content=\"index, follow, max-snippet:-1, max-image-preview:large, max-video-preview:-1\" \/>\n<link rel=\"canonical\" href=\"https:\/\/www.monaco-tribune.com\/it\/2024\/11\/il-venturi-space-ha-accolto-il-principe-alberto-ii-per-una-visita-deccezione\/\" \/>\n<meta property=\"og:locale\" content=\"it_IT\" \/>\n<meta property=\"og:type\" content=\"article\" \/>\n<meta property=\"og:title\" content=\"Il Venturi Space ha accolto il Principe Alberto II per una visita d&#039;eccezione - Monaco Tribune\" \/>\n<meta property=\"og:description\" content=\"Il Principe Alberto II, il generale David Scott e l&#039;astronauta Jean-Fran\u00e7ois Clervoy hanno ammirato gli ultimi progetti spaziali dell&#039;azienda monegasca\" \/>\n<meta property=\"og:url\" content=\"https:\/\/www.monaco-tribune.com\/it\/2024\/11\/il-venturi-space-ha-accolto-il-principe-alberto-ii-per-una-visita-deccezione\/\" \/>\n<meta property=\"og:site_name\" content=\"Monaco Tribune\" \/>\n<meta property=\"article:publisher\" content=\"https:\/\/www.facebook.com\/MonacoTribune\" \/>\n<meta property=\"article:published_time\" content=\"2024-11-22T16:18:16+00:00\" \/>\n<meta property=\"article:modified_time\" content=\"2024-11-22T16:18:25+00:00\" \/>\n<meta property=\"og:image\" content=\"https:\/\/www.monaco-tribune.com\/wp-content\/uploads\/2024\/11\/le-prince-albert-ii-de-monaco-david-scott-et-jean-francois-clervoy.jpg\" \/>\n\t<meta property=\"og:image:width\" content=\"1200\" \/>\n\t<meta property=\"og:image:height\" content=\"800\" \/>\n\t<meta property=\"og:image:type\" content=\"image\/jpeg\" \/>\n<meta name=\"author\" content=\"Estelle Imbert\" \/>\n<meta name=\"twitter:card\" content=\"summary_large_image\" \/>\n<meta name=\"twitter:creator\" content=\"@MonacoTribune\" \/>\n<meta name=\"twitter:site\" content=\"@MonacoTribune\" \/>\n<script type=\"application\/ld+json\" class=\"yoast-schema-graph\">{\"@context\":\"https:\\\/\\\/schema.org\",\"@graph\":[{\"@type\":\"NewsArticle\",\"@id\":\"https:\\\/\\\/www.monaco-tribune.com\\\/it\\\/2024\\\/11\\\/il-venturi-space-ha-accolto-il-principe-alberto-ii-per-una-visita-deccezione\\\/#article\",\"isPartOf\":{\"@id\":\"https:\\\/\\\/www.monaco-tribune.com\\\/it\\\/2024\\\/11\\\/il-venturi-space-ha-accolto-il-principe-alberto-ii-per-una-visita-deccezione\\\/\"},\"author\":{\"name\":\"Estelle Imbert\",\"@id\":\"https:\\\/\\\/www.monaco-tribune.com\\\/it\\\/#\\\/schema\\\/person\\\/55ce91a070ff78e15ec1817376669bf4\"},\"headline\":\"Il Venturi Space ha accolto il Principe Alberto II per una visita d&#8217;eccezione\",\"datePublished\":\"2024-11-22T16:18:16+00:00\",\"dateModified\":\"2024-11-22T16:18:25+00:00\",\"mainEntityOfPage\":{\"@id\":\"https:\\\/\\\/www.monaco-tribune.com\\\/it\\\/2024\\\/11\\\/il-venturi-space-ha-accolto-il-principe-alberto-ii-per-una-visita-deccezione\\\/\"},\"wordCount\":309,\"publisher\":{\"@id\":\"https:\\\/\\\/www.monaco-tribune.com\\\/it\\\/#organization\"},\"image\":{\"@id\":\"https:\\\/\\\/www.monaco-tribune.com\\\/it\\\/2024\\\/11\\\/il-venturi-space-ha-accolto-il-principe-alberto-ii-per-una-visita-deccezione\\\/#primaryimage\"},\"thumbnailUrl\":\"https:\\\/\\\/www.monaco-tribune.com\\\/wp-content\\\/uploads\\\/2024\\\/11\\\/le-prince-albert-ii-de-monaco-david-scott-et-jean-francois-clervoy.jpg\",\"keywords\":[\"Principe Alberto II\"],\"articleSection\":[\"Famiglia Principesca\",\"Notizie\"],\"inLanguage\":\"it-IT\",\"copyrightYear\":\"2024\",\"copyrightHolder\":{\"@id\":\"https:\\\/\\\/www.monaco-tribune.com\\\/#organization\"}},{\"@type\":\"WebPage\",\"@id\":\"https:\\\/\\\/www.monaco-tribune.com\\\/it\\\/2024\\\/11\\\/il-venturi-space-ha-accolto-il-principe-alberto-ii-per-una-visita-deccezione\\\/\",\"url\":\"https:\\\/\\\/www.monaco-tribune.com\\\/it\\\/2024\\\/11\\\/il-venturi-space-ha-accolto-il-principe-alberto-ii-per-una-visita-deccezione\\\/\",\"name\":\"Il Venturi Space ha accolto il Principe Alberto II per una visita d'eccezione\",\"isPartOf\":{\"@id\":\"https:\\\/\\\/www.monaco-tribune.com\\\/it\\\/#website\"},\"primaryImageOfPage\":{\"@id\":\"https:\\\/\\\/www.monaco-tribune.com\\\/it\\\/2024\\\/11\\\/il-venturi-space-ha-accolto-il-principe-alberto-ii-per-una-visita-deccezione\\\/#primaryimage\"},\"image\":{\"@id\":\"https:\\\/\\\/www.monaco-tribune.com\\\/it\\\/2024\\\/11\\\/il-venturi-space-ha-accolto-il-principe-alberto-ii-per-una-visita-deccezione\\\/#primaryimage\"},\"thumbnailUrl\":\"https:\\\/\\\/www.monaco-tribune.com\\\/wp-content\\\/uploads\\\/2024\\\/11\\\/le-prince-albert-ii-de-monaco-david-scott-et-jean-francois-clervoy.jpg\",\"datePublished\":\"2024-11-22T16:18:16+00:00\",\"dateModified\":\"2024-11-22T16:18:25+00:00\",\"description\":\"Il Principe Alberto II, il generale David Scott e l'astronauta Jean-Fran\u00e7ois Clervoy hanno ammirato gli ultimi progetti spaziali dell'azienda monegasca\",\"breadcrumb\":{\"@id\":\"https:\\\/\\\/www.monaco-tribune.com\\\/it\\\/2024\\\/11\\\/il-venturi-space-ha-accolto-il-principe-alberto-ii-per-una-visita-deccezione\\\/#breadcrumb\"},\"inLanguage\":\"it-IT\",\"potentialAction\":[{\"@type\":\"ReadAction\",\"target\":[\"https:\\\/\\\/www.monaco-tribune.com\\\/it\\\/2024\\\/11\\\/il-venturi-space-ha-accolto-il-principe-alberto-ii-per-una-visita-deccezione\\\/\"]}]},{\"@type\":\"ImageObject\",\"inLanguage\":\"it-IT\",\"@id\":\"https:\\\/\\\/www.monaco-tribune.com\\\/it\\\/2024\\\/11\\\/il-venturi-space-ha-accolto-il-principe-alberto-ii-per-una-visita-deccezione\\\/#primaryimage\",\"url\":\"https:\\\/\\\/www.monaco-tribune.com\\\/wp-content\\\/uploads\\\/2024\\\/11\\\/le-prince-albert-ii-de-monaco-david-scott-et-jean-francois-clervoy.jpg\",\"contentUrl\":\"https:\\\/\\\/www.monaco-tribune.com\\\/wp-content\\\/uploads\\\/2024\\\/11\\\/le-prince-albert-ii-de-monaco-david-scott-et-jean-francois-clervoy.jpg\",\"width\":1200,\"height\":800,\"caption\":\"Il Principe Alberto II di Monaco, il comandante dell'Apollo 15 David Scott e l'astronauta Jean-Fran\u00e7ois Clervoy in visita al Venturi Space @Venturi\"},{\"@type\":\"BreadcrumbList\",\"@id\":\"https:\\\/\\\/www.monaco-tribune.com\\\/it\\\/2024\\\/11\\\/il-venturi-space-ha-accolto-il-principe-alberto-ii-per-una-visita-deccezione\\\/#breadcrumb\",\"itemListElement\":[{\"@type\":\"ListItem\",\"position\":1,\"name\":\"Accueil\",\"item\":\"https:\\\/\\\/www.monaco-tribune.com\\\/it\\\/\"},{\"@type\":\"ListItem\",\"position\":2,\"name\":\"Il Venturi Space ha accolto il Principe Alberto II per una visita d&#8217;eccezione\"}]},{\"@type\":\"WebSite\",\"@id\":\"https:\\\/\\\/www.monaco-tribune.com\\\/it\\\/#website\",\"url\":\"https:\\\/\\\/www.monaco-tribune.com\\\/it\\\/\",\"name\":\"Monaco Tribune\",\"description\":\"Monaco : actualit\u00e9s \u00e9conomiques, politiques, culturelles et sportives de Monaco et de la French Riviera.\",\"publisher\":{\"@id\":\"https:\\\/\\\/www.monaco-tribune.com\\\/it\\\/#organization\"},\"potentialAction\":[{\"@type\":\"SearchAction\",\"target\":{\"@type\":\"EntryPoint\",\"urlTemplate\":\"https:\\\/\\\/www.monaco-tribune.com\\\/it\\\/?s={search_term_string}\"},\"query-input\":{\"@type\":\"PropertyValueSpecification\",\"valueRequired\":true,\"valueName\":\"search_term_string\"}}],\"inLanguage\":\"it-IT\"},{\"@type\":\"Organization\",\"@id\":\"https:\\\/\\\/www.monaco-tribune.com\\\/it\\\/#organization\",\"name\":\"Monaco Tribune\",\"url\":\"https:\\\/\\\/www.monaco-tribune.com\\\/it\\\/\",\"logo\":{\"@type\":\"ImageObject\",\"inLanguage\":\"it-IT\",\"@id\":\"https:\\\/\\\/www.monaco-tribune.com\\\/it\\\/#\\\/schema\\\/logo\\\/image\\\/\",\"url\":\"https:\\\/\\\/www.monaco-tribune.com\\\/wp-content\\\/uploads\\\/2022\\\/11\\\/logo-monaco-tribune.png\",\"contentUrl\":\"https:\\\/\\\/www.monaco-tribune.com\\\/wp-content\\\/uploads\\\/2022\\\/11\\\/logo-monaco-tribune.png\",\"width\":1548,\"height\":600,\"caption\":\"Monaco Tribune\"},\"image\":{\"@id\":\"https:\\\/\\\/www.monaco-tribune.com\\\/it\\\/#\\\/schema\\\/logo\\\/image\\\/\"},\"sameAs\":[\"https:\\\/\\\/www.facebook.com\\\/MonacoTribune\",\"https:\\\/\\\/x.com\\\/MonacoTribune\",\"https:\\\/\\\/www.instagram.com\\\/monacotribune\\\/\",\"https:\\\/\\\/www.linkedin.com\\\/company\\\/monaco-tribune\",\"https:\\\/\\\/www.youtube.com\\\/channel\\\/UCHle1MnG6hw1y4lWKijVbMA\"]},{\"@type\":\"Person\",\"@id\":\"https:\\\/\\\/www.monaco-tribune.com\\\/it\\\/#\\\/schema\\\/person\\\/55ce91a070ff78e15ec1817376669bf4\",\"name\":\"Estelle Imbert\",\"image\":{\"@type\":\"ImageObject\",\"inLanguage\":\"it-IT\",\"@id\":\"https:\\\/\\\/secure.gravatar.com\\\/avatar\\\/d2e1a3840b1138a669d04f6292bbd810f7f730844d7a28a8e8c4c6da40e79852?s=96&d=mm&r=g\",\"url\":\"https:\\\/\\\/secure.gravatar.com\\\/avatar\\\/d2e1a3840b1138a669d04f6292bbd810f7f730844d7a28a8e8c4c6da40e79852?s=96&d=mm&r=g\",\"contentUrl\":\"https:\\\/\\\/secure.gravatar.com\\\/avatar\\\/d2e1a3840b1138a669d04f6292bbd810f7f730844d7a28a8e8c4c6da40e79852?s=96&d=mm&r=g\",\"caption\":\"Estelle Imbert\"},\"url\":\"https:\\\/\\\/www.monaco-tribune.com\\\/it\\\/author\\\/estelleimbert\\\/\"}]}<\/script>\n<!-- \/ Yoast SEO Premium plugin. -->","yoast_head_json":{"title":"Il Venturi Space ha accolto il Principe Alberto II per una visita d'eccezione","description":"Il Principe Alberto II, il generale David Scott e l'astronauta Jean-Fran\u00e7ois Clervoy hanno ammirato gli ultimi progetti spaziali dell'azienda monegasca","robots":{"index":"index","follow":"follow","max-snippet":"max-snippet:-1","max-image-preview":"max-image-preview:large","max-video-preview":"max-video-preview:-1"},"canonical":"https:\/\/www.monaco-tribune.com\/it\/2024\/11\/il-venturi-space-ha-accolto-il-principe-alberto-ii-per-una-visita-deccezione\/","og_locale":"it_IT","og_type":"article","og_title":"Il Venturi Space ha accolto il Principe Alberto II per una visita d'eccezione - Monaco Tribune","og_description":"Il Principe Alberto II, il generale David Scott e l'astronauta Jean-Fran\u00e7ois Clervoy hanno ammirato gli ultimi progetti spaziali dell'azienda monegasca","og_url":"https:\/\/www.monaco-tribune.com\/it\/2024\/11\/il-venturi-space-ha-accolto-il-principe-alberto-ii-per-una-visita-deccezione\/","og_site_name":"Monaco Tribune","article_publisher":"https:\/\/www.facebook.com\/MonacoTribune","article_published_time":"2024-11-22T16:18:16+00:00","article_modified_time":"2024-11-22T16:18:25+00:00","og_image":[{"width":1200,"height":800,"url":"https:\/\/www.monaco-tribune.com\/wp-content\/uploads\/2024\/11\/le-prince-albert-ii-de-monaco-david-scott-et-jean-francois-clervoy.jpg","type":"image\/jpeg"}],"author":"Estelle Imbert","twitter_card":"summary_large_image","twitter_creator":"@MonacoTribune","twitter_site":"@MonacoTribune","schema":{"@context":"https:\/\/schema.org","@graph":[{"@type":"NewsArticle","@id":"https:\/\/www.monaco-tribune.com\/it\/2024\/11\/il-venturi-space-ha-accolto-il-principe-alberto-ii-per-una-visita-deccezione\/#article","isPartOf":{"@id":"https:\/\/www.monaco-tribune.com\/it\/2024\/11\/il-venturi-space-ha-accolto-il-principe-alberto-ii-per-una-visita-deccezione\/"},"author":{"name":"Estelle Imbert","@id":"https:\/\/www.monaco-tribune.com\/it\/#\/schema\/person\/55ce91a070ff78e15ec1817376669bf4"},"headline":"Il Venturi Space ha accolto il Principe Alberto II per una visita d&#8217;eccezione","datePublished":"2024-11-22T16:18:16+00:00","dateModified":"2024-11-22T16:18:25+00:00","mainEntityOfPage":{"@id":"https:\/\/www.monaco-tribune.com\/it\/2024\/11\/il-venturi-space-ha-accolto-il-principe-alberto-ii-per-una-visita-deccezione\/"},"wordCount":309,"publisher":{"@id":"https:\/\/www.monaco-tribune.com\/it\/#organization"},"image":{"@id":"https:\/\/www.monaco-tribune.com\/it\/2024\/11\/il-venturi-space-ha-accolto-il-principe-alberto-ii-per-una-visita-deccezione\/#primaryimage"},"thumbnailUrl":"https:\/\/www.monaco-tribune.com\/wp-content\/uploads\/2024\/11\/le-prince-albert-ii-de-monaco-david-scott-et-jean-francois-clervoy.jpg","keywords":["Principe Alberto II"],"articleSection":["Famiglia Principesca","Notizie"],"inLanguage":"it-IT","copyrightYear":"2024","copyrightHolder":{"@id":"https:\/\/www.monaco-tribune.com\/#organization"}},{"@type":"WebPage","@id":"https:\/\/www.monaco-tribune.com\/it\/2024\/11\/il-venturi-space-ha-accolto-il-principe-alberto-ii-per-una-visita-deccezione\/","url":"https:\/\/www.monaco-tribune.com\/it\/2024\/11\/il-venturi-space-ha-accolto-il-principe-alberto-ii-per-una-visita-deccezione\/","name":"Il Venturi Space ha accolto il Principe Alberto II per una visita d'eccezione","isPartOf":{"@id":"https:\/\/www.monaco-tribune.com\/it\/#website"},"primaryImageOfPage":{"@id":"https:\/\/www.monaco-tribune.com\/it\/2024\/11\/il-venturi-space-ha-accolto-il-principe-alberto-ii-per-una-visita-deccezione\/#primaryimage"},"image":{"@id":"https:\/\/www.monaco-tribune.com\/it\/2024\/11\/il-venturi-space-ha-accolto-il-principe-alberto-ii-per-una-visita-deccezione\/#primaryimage"},"thumbnailUrl":"https:\/\/www.monaco-tribune.com\/wp-content\/uploads\/2024\/11\/le-prince-albert-ii-de-monaco-david-scott-et-jean-francois-clervoy.jpg","datePublished":"2024-11-22T16:18:16+00:00","dateModified":"2024-11-22T16:18:25+00:00","description":"Il Principe Alberto II, il generale David Scott e l'astronauta Jean-Fran\u00e7ois Clervoy hanno ammirato gli ultimi progetti spaziali dell'azienda monegasca","breadcrumb":{"@id":"https:\/\/www.monaco-tribune.com\/it\/2024\/11\/il-venturi-space-ha-accolto-il-principe-alberto-ii-per-una-visita-deccezione\/#breadcrumb"},"inLanguage":"it-IT","potentialAction":[{"@type":"ReadAction","target":["https:\/\/www.monaco-tribune.com\/it\/2024\/11\/il-venturi-space-ha-accolto-il-principe-alberto-ii-per-una-visita-deccezione\/"]}]},{"@type":"ImageObject","inLanguage":"it-IT","@id":"https:\/\/www.monaco-tribune.com\/it\/2024\/11\/il-venturi-space-ha-accolto-il-principe-alberto-ii-per-una-visita-deccezione\/#primaryimage","url":"https:\/\/www.monaco-tribune.com\/wp-content\/uploads\/2024\/11\/le-prince-albert-ii-de-monaco-david-scott-et-jean-francois-clervoy.jpg","contentUrl":"https:\/\/www.monaco-tribune.com\/wp-content\/uploads\/2024\/11\/le-prince-albert-ii-de-monaco-david-scott-et-jean-francois-clervoy.jpg","width":1200,"height":800,"caption":"Il Principe Alberto II di Monaco, il comandante dell'Apollo 15 David Scott e l'astronauta Jean-Fran\u00e7ois Clervoy in visita al Venturi Space @Venturi"},{"@type":"BreadcrumbList","@id":"https:\/\/www.monaco-tribune.com\/it\/2024\/11\/il-venturi-space-ha-accolto-il-principe-alberto-ii-per-una-visita-deccezione\/#breadcrumb","itemListElement":[{"@type":"ListItem","position":1,"name":"Accueil","item":"https:\/\/www.monaco-tribune.com\/it\/"},{"@type":"ListItem","position":2,"name":"Il Venturi Space ha accolto il Principe Alberto II per una visita d&#8217;eccezione"}]},{"@type":"WebSite","@id":"https:\/\/www.monaco-tribune.com\/it\/#website","url":"https:\/\/www.monaco-tribune.com\/it\/","name":"Monaco Tribune","description":"Monaco : actualit\u00e9s \u00e9conomiques, politiques, culturelles et sportives de Monaco et de la French Riviera.","publisher":{"@id":"https:\/\/www.monaco-tribune.com\/it\/#organization"},"potentialAction":[{"@type":"SearchAction","target":{"@type":"EntryPoint","urlTemplate":"https:\/\/www.monaco-tribune.com\/it\/?s={search_term_string}"},"query-input":{"@type":"PropertyValueSpecification","valueRequired":true,"valueName":"search_term_string"}}],"inLanguage":"it-IT"},{"@type":"Organization","@id":"https:\/\/www.monaco-tribune.com\/it\/#organization","name":"Monaco Tribune","url":"https:\/\/www.monaco-tribune.com\/it\/","logo":{"@type":"ImageObject","inLanguage":"it-IT","@id":"https:\/\/www.monaco-tribune.com\/it\/#\/schema\/logo\/image\/","url":"https:\/\/www.monaco-tribune.com\/wp-content\/uploads\/2022\/11\/logo-monaco-tribune.png","contentUrl":"https:\/\/www.monaco-tribune.com\/wp-content\/uploads\/2022\/11\/logo-monaco-tribune.png","width":1548,"height":600,"caption":"Monaco Tribune"},"image":{"@id":"https:\/\/www.monaco-tribune.com\/it\/#\/schema\/logo\/image\/"},"sameAs":["https:\/\/www.facebook.com\/MonacoTribune","https:\/\/x.com\/MonacoTribune","https:\/\/www.instagram.com\/monacotribune\/","https:\/\/www.linkedin.com\/company\/monaco-tribune","https:\/\/www.youtube.com\/channel\/UCHle1MnG6hw1y4lWKijVbMA"]},{"@type":"Person","@id":"https:\/\/www.monaco-tribune.com\/it\/#\/schema\/person\/55ce91a070ff78e15ec1817376669bf4","name":"Estelle Imbert","image":{"@type":"ImageObject","inLanguage":"it-IT","@id":"https:\/\/secure.gravatar.com\/avatar\/d2e1a3840b1138a669d04f6292bbd810f7f730844d7a28a8e8c4c6da40e79852?s=96&d=mm&r=g","url":"https:\/\/secure.gravatar.com\/avatar\/d2e1a3840b1138a669d04f6292bbd810f7f730844d7a28a8e8c4c6da40e79852?s=96&d=mm&r=g","contentUrl":"https:\/\/secure.gravatar.com\/avatar\/d2e1a3840b1138a669d04f6292bbd810f7f730844d7a28a8e8c4c6da40e79852?s=96&d=mm&r=g","caption":"Estelle Imbert"},"url":"https:\/\/www.monaco-tribune.com\/it\/author\/estelleimbert\/"}]}},"_links":{"self":[{"href":"https:\/\/www.monaco-tribune.com\/it\/wp-json\/wp\/v2\/posts\/262315","targetHints":{"allow":["GET"]}}],"collection":[{"href":"https:\/\/www.monaco-tribune.com\/it\/wp-json\/wp\/v2\/posts"}],"about":[{"href":"https:\/\/www.monaco-tribune.com\/it\/wp-json\/wp\/v2\/types\/post"}],"author":[{"embeddable":true,"href":"https:\/\/www.monaco-tribune.com\/it\/wp-json\/wp\/v2\/users\/80"}],"replies":[{"embeddable":true,"href":"https:\/\/www.monaco-tribune.com\/it\/wp-json\/wp\/v2\/comments?post=262315"}],"version-history":[{"count":2,"href":"https:\/\/www.monaco-tribune.com\/it\/wp-json\/wp\/v2\/posts\/262315\/revisions"}],"predecessor-version":[{"id":262318,"href":"https:\/\/www.monaco-tribune.com\/it\/wp-json\/wp\/v2\/posts\/262315\/revisions\/262318"}],"wp:featuredmedia":[{"embeddable":true,"href":"https:\/\/www.monaco-tribune.com\/it\/wp-json\/wp\/v2\/media\/261204"}],"wp:attachment":[{"href":"https:\/\/www.monaco-tribune.com\/it\/wp-json\/wp\/v2\/media?parent=262315"}],"wp:term":[{"taxonomy":"category","embeddable":true,"href":"https:\/\/www.monaco-tribune.com\/it\/wp-json\/wp\/v2\/categories?post=262315"},{"taxonomy":"post_tag","embeddable":true,"href":"https:\/\/www.monaco-tribune.com\/it\/wp-json\/wp\/v2\/tags?post=262315"},{"taxonomy":"sectag","embeddable":true,"href":"https:\/\/www.monaco-tribune.com\/it\/wp-json\/wp\/v2\/post_sectags?post=262315"},{"taxonomy":"format","embeddable":true,"href":"https:\/\/www.monaco-tribune.com\/it\/wp-json\/wp\/v2\/post_format?post=262315"}],"curies":[{"name":"wp","href":"https:\/\/api.w.org\/{rel}","templated":true}]}}