{"id":262850,"date":"2024-11-26T17:13:44","date_gmt":"2024-11-26T15:13:44","guid":{"rendered":"https:\/\/www.monaco-tribune.com\/2024\/11\/i-boustany-una-famiglia-tanto-potente-quanto-discreta-simbolo-delle-relazioni-tra-monaco-e-il-libano\/"},"modified":"2024-11-26T17:14:06","modified_gmt":"2024-11-26T15:14:06","slug":"i-boustany-una-famiglia-tanto-potente-quanto-discreta-simbolo-delle-relazioni-tra-monaco-e-il-libano","status":"publish","type":"post","link":"https:\/\/www.monaco-tribune.com\/it\/2024\/11\/i-boustany-una-famiglia-tanto-potente-quanto-discreta-simbolo-delle-relazioni-tra-monaco-e-il-libano\/","title":{"rendered":"I Boustany: una famiglia tanto potente quanto discreta, simbolo delle relazioni tra Monaco e il Libano"},"content":{"rendered":"\n<p><p><strong>Dal patriarca Nabil Boustany, artefice della rinascita dell&#8217;H\u00f4tel M\u00e9tropole Monte-Carlo, al figlio collezionista Majid, grande ammiratore del lavoro di Francis Bacon, e al fratello Fadi, che porta avanti l&#8217;eredit\u00e0 alberghiera del padre, la famiglia Boustany \u00e8 tanto discreta quanto profondamente legata al Principato e alla Famiglia Principesca.<\/strong><\/p><\/p>\n\n<p><p><span lang=\"IT\"><a href=\"https:\/\/www.babelio.com\/auteur\/Francis-Bacon-II\/233394\/citationsa\" data-mce-href=\"https:\/\/www.babelio.com\/auteur\/Francis-Bacon-II\/233394\/citationsa\">Secondo Francis Bacon<\/a>, \u201c<i>la cosa pi\u00f9 importante (era) ammirare dipinti, leggere poesie o ascoltare musica.<\/i> <i>Non per comprendere o conoscere, ma per provare qualcosa<\/i>\u201d.<\/span><\/p><\/p>\n\n<p><p><span lang=\"IT\">Il 28 ottobre, anniversario della nascita del pittore britannico e amante del Principato di Monaco, la Francis Bacon MB Art Foundation ha festeggiato il suo decimo compleanno: un&#8217;occasione per \u201cprovare\u201d ancora una volta tutta la potenza dell&#8217;opera di uno dei pi\u00f9 grandi artisti del XX secolo, grazie a una serie di eventi organizzati per l&#8217;occasione.<\/span><\/p><\/p>\n\n<p><p><span lang=\"IT\">Fondata nel 2014 da Majid Boustany, la Fondazione dedicata a Francis Bacon \u00e8 diventata in breve tempo una vera e propria istituzione nel Principato, paragonabile solo a una serata di antologia all&#8217;H\u00f4tel M\u00e9tropole Monte-Carlo. Albergo iconico, il M\u00e9tropole ha iniziato quest&#8217;anno <a href=\"https:\/\/lagazettedemonaco.com\/actualites\/art-de-vivre\/guide-michelin-apres-deux-etoiles-lhotel-metropole-savoure-ses-deux-clefs\" data-mce-href=\"https:\/\/lagazettedemonaco.com\/actualites\/art-de-vivre\/guide-michelin-apres-deux-etoiles-lhotel-metropole-savoure-ses-deux-clefs\">un&#8217;importante serie di lavori<\/a>, dopo aver ricevuto due \u201cchiavi\u201d dalla celebre Guida Michelin &#8211; un riconoscimento che si aggiunge alle due \u201cstelle\u201d gi\u00e0 assegnate al ristorante dell&#8217;hotel, <a href=\"\/?p=223357\" data-mce-href=\"https:\/\/www.monaco-tribune.com\/it\/2024\/03\/les-ambassadeurs-by-christophe-cussac-ha-gia-conquistato-due-stelle-michelin\/\">Les Ambassadeurs di Christophe Cussac<\/a>.<\/span><\/p><\/p>\n\n<p>Un altro successo per la famiglia Boustany, visto che l&#8217;hotel \u00e8 di propriet\u00e0 di Majid e di suo fratello Fadi. Una famiglia tanto discreta quanto potente a Monaco, da quando il suo patriarca, Nabil Boustany, si \u00e8 stabilito nel Principato negli anni Settanta.<\/p>\n\n<h2 class=\"wp-block-heading\" id=\"h-nabil-boustany-le-fondateur-de-la-dynastie\">Nabil Boustany, il capostipite della dinastia<\/h2>\n\n<p><p><span lang=\"IT\">Nato in Libano nel 1924, Nabil Boustany proviene da una lunga stirpe di statisti, ecclesiastici e studiosi libanesi: tra gli antenati della famiglia Boustany spicca Boutrous al-Boustany, eroe del rinascimento arabo. Dopo essersi lanciato nella politica libanese, l&#8217;immobiliarista ha messo gli occhi su Ginevra e poi su Monte Carlo: \u201cl&#8217;H\u00f4tel M\u00e9tropole era in vendita (&#8230;). L&#8217;affare fu concluso in tempi brevi\u201d, <a href=\"https:\/\/www.lexpress.fr\/informations\/vie-economique_654033.html\" data-mce-href=\"https:\/\/www.lexpress.fr\/informations\/vie-economique_654033.html\">ha ricordato<\/a> negli ultimi giorni della sua vita.<\/span><\/p><\/p>\n\n<p>Dopo l&#8217;acquisto, l&#8217;imprenditore avvi\u00f2 una ristrutturazione durata diversi anni, al termine dei quali il M\u00e9tropole fu inaugurato in pompa magna anche alla presenza del Principe Ranieri III. L&#8217;hotel si afferm\u00f2 rapidamente come struttura di fama internazionale, attirando l&#8217;\u00e9lite di tutto il mondo.<\/p>\n\n<p>Legato alla famiglia principesca e amico intimo di Ranieri III, che lo andava a trovare ogni anno nella sua propriet\u00e0 libanese di Debbiyeh, Nabil Boustany fu eletto deputato in Libano nel 1992, anno in cui trascorse la maggior parte dei suoi giorni in patria. Dall&#8217;anno successivo, deleg\u00f2 la gestione operativa dei suoi affari monegaschi ai due figli, Fadi e Majid.<\/p>\n<div class=\"wp-block-image\">\n<figure class=\"aligncenter size-full\"><img loading=\"lazy\" decoding=\"async\" width=\"561\" height=\"373\" src=\"https:\/\/www.monaco-tribune.com\/wp-content\/uploads\/2024\/11\/famille-boustany.jpeg\" alt=\"\" class=\"wp-image-262071\" srcset=\"https:\/\/www.monaco-tribune.com\/wp-content\/uploads\/2024\/11\/famille-boustany.jpeg 561w, https:\/\/www.monaco-tribune.com\/wp-content\/uploads\/2024\/11\/famille-boustany-451x300.jpeg 451w\" sizes=\"auto, (max-width: 561px) 100vw, 561px\" \/><figcaption class=\"wp-element-caption\"><p><i><span lang=\"IT\">Fadi Boustany (a sinistra), suo padre Nabil e suo fratello Majid negli anni &#8217;90 &#8211; via Hotels Magazine<\/span><\/i><\/p><\/figcaption><\/figure>\n<\/div>\n<p>A Beirut, dove viveva in quel periodo, l&#8217;imprenditore si dedicava alla ricostruzione della capitale libanese e all&#8217; attivit\u00e0 umanitaria. La Nabil Boustany Foundation, creata nel 2006 insieme al figlio Fadi, si occupa di salvare e ristrutturare diverse centinaia di chiese in Libano.<\/p>\n\n<p>Alla sua morte, nel 2009, Nabil Boustany ha lasciato in eredit\u00e0 ai figli un vero e proprio impero commerciale e turistico da diversi miliardi di dollari: tra questi, l&#8217;H\u00f4tel M\u00e9tropole Monte-Carlo, che con il suo stile Belle-\u00c9poque e le sue splendide suite progettate dall&#8217;architetto d&#8217;interni Jacques Garcia \u00e8 uno dei fiori all&#8217;occhiello dell&#8217;industria alberghiera monegasca.<\/p>\n\n<p>Senza dimenticare la spa Givenchy, l&#8217;area piscina progettata da Karl Lagerfeld e il ristorante Yoshi, l&#8217;unico giapponese stellato della Costa Azzurra; per non parlare del centro commerciale Metropole e delle sue 80 boutique di moda, lusso, alta tecnologia e gioielleria. Sono tutti luoghi simbolo della vita monegasca, che contribuiscono ad accrescere l&#8217;attrattiva del Principato oltre i suoi confini.<\/p>\n\n<h2 class=\"wp-block-heading\" id=\"h-fadi-boustany-l-hotellerie-dans-le-sang\">Fadi Boustany, l\u2019h\u00f4tellerie nel sangue<\/h2>\n\n<p><span lang=\"IT\">Le propriet\u00e0 della famiglia Boustany eccellono nel Principato di Monaco e non solo, anche se i membri della famiglia sono noti per la loro discrezione. <i>\u201c<\/i>Sono una famiglia molto discreta, estremamente intelligente e saggia, con una visione chiara di ci\u00f2 che vogliono realizzare\u201d, afferma Serge Ethuin, direttore generale del M\u00e9tropole, in un\u2019intervista a <a href=\"https:\/\/hotelsmag.com\/news\/the-monaco-luxury-hotelier-youve-never-heard-of\/\"><i>Hotels Magazine<\/i><\/a>.<\/span><\/p>\n\n<p><i><span lang=\"IT\">\u201c<\/span><\/i><span lang=\"IT\">\u00c8 tutto intenzionale\u201d, aggiunge nello stesso articolo il consulente del lusso David Richey, secondo il quale \u201cl&#8217;hotel, cos\u00ec come \u00e8 oggi, \u00e8 interamente opera di Fadi\u201d Boustany. Nato nel 1967 nel villaggio di Dibbiyeh, il residente monegasco ha la nazionalit\u00e0 svizzera e libanese. All&#8217;inizio degli anni &#8217;90, Fadi studia presso la prestigiosa Universit\u00e0 di Cambridge, dove \u00e8 uno dei primi studenti a partecipare al programma MBA del campus britannico.<\/span><\/p>\n\n<p>Questa sua esperienza universitaria, lo porter\u00e0, nel 2018, a finanziare la costruzione di un nuovo edificio della Business School di Cambridge, che in cambio ha intitolato un&#8217;aula al suo benefattore.<\/p>\n<div class=\"wp-block-image\">\n<figure class=\"aligncenter size-full\"><img loading=\"lazy\" decoding=\"async\" width=\"560\" height=\"373\" src=\"https:\/\/www.monaco-tribune.com\/wp-content\/uploads\/2024\/11\/fadi-boustany.jpg\" alt=\"\" class=\"wp-image-262075\" srcset=\"https:\/\/www.monaco-tribune.com\/wp-content\/uploads\/2024\/11\/fadi-boustany.jpg 560w, https:\/\/www.monaco-tribune.com\/wp-content\/uploads\/2024\/11\/fadi-boustany-450x300.jpg 450w\" sizes=\"auto, (max-width: 560px) 100vw, 560px\" \/><figcaption class=\"wp-element-caption\"><i><span lang=\"IT\">Fadi Boustany &#8211; via Hotels Magazine<\/span><\/i><\/figcaption><\/figure>\n<\/div>\n<p><i><span lang=\"IT\">\u201c<\/span><\/i><span lang=\"IT\">Fadi \u00e8 stato un brillante membro del nostro gruppo quando eravamo tutti insieme a Cambridge\u201d, <a href=\"https:\/\/www.jbs.cam.ac.uk\/2018\/cambridge-mba-alumnus-contributes-to-the-simon-sainsbury-centre\/\">ricorda<\/a> uno dei suoi compagni di corso, \u201ce da allora \u00e8 rimasto un amico generoso e illuminante. La sua generosa donazione \u00e8 un esempio per tutti noi\u201d. Fadi Boustany intende portare avanti il lavoro del padre, mantenendo la sua stessa discrezione e la stessa attenzione per le persone.<\/span><\/p>\n\n<p><span lang=\"IT\">Descritto da Jean-Claude Messant, del Royal Mansour Marrakech, come \u201ccordiale e amichevole, privo di egocentrismo, (e come) un manager intelligente\u201d, Fadi preferisce, per sua stessa ammissione, \u201cinvestire il (suo) denaro nella realizzazione di qualcosa di straordinario e lasciare che siano gli altri a promuoverlo. Ci vuole un po&#8217; pi\u00f9 di tempo, ma quando funziona, funziona\u201d, ha dichiarato in una rarissima intervista del 2018 rilasciata a <i>Hotels Magazine<\/i>.<\/span><\/p>\n\n<p>Vivere felicemente vuol dire vivere in modo discreto&#8230;<\/p>\n\n<h2 class=\"wp-block-heading\" id=\"h-majid-boustany-l-art-en-heritage\">Majid Boustany, un&#8217;eredit\u00e0 artistica<\/h2>\n\n<p>Una filosofia di vita a cui sembra ispirarsi anche il fratello di Fadi, Majid. Nato nel 1966 anche lui nel villaggio di Dibbiyeh e comproprietario, insieme al fratello, dell&#8217;H\u00f4tel M\u00e9tropole Monte-Carlo, Majid Boustany ha scelto di dedicare la sua vita all&#8217;arte. E pi\u00f9 precisamente all&#8217;arte di Francis Bacon.<\/p>\n\n<p><span lang=\"IT\">Una passione nata dall&#8217;incontro con le opere del pittore durante una visita alla famosa Tate Gallery di Londra: \u201cquando Bacon ha fatto irruzione nella mia vita, sono rimasto affascinato da questo gigante singolare, inclassificabile, autodidatta e intransigente, le cui tele sollevano interrogativi brucianti\u201d, <a href=\"https:\/\/www.monaco-tribune.com\/it\/2022\/05\/majid-boustany-quando-bacon-ha-fatto-irruzione-nella-mia-vita-sono-rimasto-affascinato-da-questo-gigante-singolare\/\">ha confidato<\/a> l&#8217;instancabile collezionista alla redazione di <i>Monaco Tribune<\/i> nell&#8217;aprile 2022.<\/span><\/p>\n<div class=\"wp-block-image\">\n<figure class=\"aligncenter size-full\"><img loading=\"lazy\" decoding=\"async\" width=\"1020\" height=\"666\" src=\"https:\/\/www.monaco-tribune.com\/wp-content\/uploads\/2022\/04\/majid-boustany.jpg\" alt=\"majid-boustany\" class=\"wp-image-119786\" srcset=\"https:\/\/www.monaco-tribune.com\/wp-content\/uploads\/2022\/04\/majid-boustany.jpg 1020w, https:\/\/www.monaco-tribune.com\/wp-content\/uploads\/2022\/04\/majid-boustany-459x300.jpg 459w\" sizes=\"auto, (max-width: 1020px) 100vw, 1020px\" \/><figcaption class=\"wp-element-caption\"><em>Majid Boustany &#8211; \u00a9 Francis Bacon MB Art Foundation<\/em><\/figcaption><\/figure>\n<\/div>\n<p>Non sorprende, quindi, che nel 2014 Majid Boustany abbia scelto di dedicare la maggior parte dei suoi investimenti alla promozione dell&#8217;opera dell&#8217;artista britannico. Alla presenza del Principe Alberto II, ha inaugurato proprio a Monaco, presso Villa Elise, la sola e unica fondazione interamente dedicata al lavoro di Francis Bacon.<\/p>\n\n<p><span lang=\"IT\">\u201c<a href=\"https:\/\/www.monacomatin.mc\/faits-divers\/albert-ii-inaugure-la-fondation-francis-bacon-de-monaco-352442\">Il progetto di una vita<\/a>\u201d, per Majid Boustany, secondo cui<i> &#8220;<\/i>l&#8217;idea di creare a Monaco l&#8217;unica fondazione al mondo dedicata all&#8217;opera di Francis Bacon \u00e8 sembrata ovvia, visto che l&#8217;artista ha vissuto nel Principato alla fine degli anni &#8217;40 e ha continuato a tornarvi per lunghi soggiorni nel corso della sua vita<i>&#8220;.<\/i><\/span><\/p>\n\n<p><i><span lang=\"IT\">\u201c<\/span><\/i><span lang=\"IT\">Questa istituzione privata senza scopo di lucro rappresenter\u00e0 una nuova realt\u00e0 culturale sulla scena monegasca\u201d, ha dichiarato il collezionista nel 2014. E aveva assolutamente ragione: con una collezione di oltre 3.500 opere, la Francis Bacon MB Art Foundation si \u00e8 affermata, nei dieci anni della sua esistenza, come punto di riferimento per la ricerca, lo studio e la divulgazione dell&#8217;opera del pittore.<\/span><\/p>\n\n<p><i><span lang=\"IT\">\u201c<\/span><\/i><span lang=\"IT\">La divulgazione dell&#8217;opera di Francis Bacon \u00e8, e sar\u00e0 sempre, una delle mie massime priorit\u00e0\u201d, <a href=\"https:\/\/www.mbartfoundation.com\/fr\/le-28-octobre-une-date-particuliere-elle-a-vu-naitre-francis-bacon-lun-des-plus-grands-peintres-du-xxe-siecle-mais-elle-est-aussi-la-date-inaugurale-de-la-francis-bacon-mb-art-foundation\/\">afferma<\/a> Majid Boustany, che \u201csi augura anche che le future ricerche e il sostegno a progetti legati a Bacon possano rivelare aspetti ancora poco conosciuti di questo artista unico\u201d.<\/span><\/p>\n<div class=\"wp-block-image\">\n<figure class=\"aligncenter size-large\"><img loading=\"lazy\" decoding=\"async\" width=\"1024\" height=\"576\" src=\"https:\/\/www.monaco-tribune.com\/wp-content\/uploads\/2023\/05\/dominic-moross-francisco-diaz-olivier-wenden-et-majid-boustany-ok-c-fpa2-1024x576.jpg\" alt=\"dominic-moross-francisco-diaz-olivier-wenden-et-majid-boustany-ok-c-fpa2\" class=\"wp-image-178899\" srcset=\"https:\/\/www.monaco-tribune.com\/wp-content\/uploads\/2023\/05\/dominic-moross-francisco-diaz-olivier-wenden-et-majid-boustany-ok-c-fpa2-1024x576.jpg 1024w, https:\/\/www.monaco-tribune.com\/wp-content\/uploads\/2023\/05\/dominic-moross-francisco-diaz-olivier-wenden-et-majid-boustany-ok-c-fpa2-533x300.jpg 533w, https:\/\/www.monaco-tribune.com\/wp-content\/uploads\/2023\/05\/dominic-moross-francisco-diaz-olivier-wenden-et-majid-boustany-ok-c-fpa2.jpg 1200w\" sizes=\"auto, (max-width: 1024px) 100vw, 1024px\" \/><figcaption class=\"wp-element-caption\"><em>Dominic Moross, finanziatore privato; Francisco Diaz, amministratore delegato della Fondazione Cuomo; Olivier Wenden, vicepresidente e amministratore delegato della FPA2 e Majid Boustany per la Fondazione Boustany, hanno formalizzato il loro sostegno al programma Re.Generation firmando un accordo di partenariato luned\u00ec 15 maggio 2023 &#8211; \u00a9 FPA2<\/em><\/figcaption><\/figure>\n<\/div>\n<p><span lang=\"IT\">Oltre alla sua passione per Bacon, il maggiore dei fratelli Boustany si \u00e8 dimostrato anche un eccezionale mecenate. Nel 2020, Majid Boustany ha donato oltre due milioni di euro all&#8217;Ecole du Louvre. Un&#8217;iniziativa <a href=\"https:\/\/www.lequotidiendelart.com\/articles\/17948-2-millions.html\">definita<\/a> dall&#8217;ex ministro francese della Cultura, Franck Riester, come \u201cla pi\u00f9 grande mai realizzata per un istituto di istruzione superiore gestito dal ministero della Cultura\u201d.<\/span><\/p>\n\n<a id=\"xQqo19IzSEhjdrzi9-1A5A\" class=\"gie-single\" href=\"http:\/\/www.gettyimages.com\/detail\/1384343787\" target=\"_blank\" style=\"color:#a7a7a7;text-decoration:none;font-weight:normal !important;border:none;display:inline-block;\">Embed from Getty Images<\/a><script>window.gie=window.gie||function(c){(gie.q=gie.q||[]).push(c)};gie(function(){gie.widgets.load({id:'xQqo19IzSEhjdrzi9-1A5A',sig:'60J_eIe-ym5MfF7ystSmJdro_Gcj-4Ft9sXe_hakvPM=',w:'594px',h:'396px',items:'1384343787',caption: true ,tld:'com',is360: false })});<\/script><script src=\"\/\/embed-cdn.gettyimages.com\/widgets.js\" charset=\"utf-8\" async=\"\"><\/script>\r\n\n<p>Noto per la sua discrezione, qualit\u00e0 rara per un mecenate, e per i suoi investimenti personali nel campo della ricerca e della tutela del patrimonio artistico, Majid Boustany ha anche lanciato la creazione di una borsa di ricerca al Louvre e del Premio Denon.<\/p>\n\n<p>Infine, nel 2020 il mecenate ha creato un fondo omonimo all&#8217;interno del Fondo di dotazione del Museo del Louvre, dedicato alla tutela e alla promozione delle collezioni dell&#8217;istituzione parigina.<\/p>\n\n<h2 class=\"wp-block-heading\" id=\"h-monaco-liban-nbsp-un-lien-qui-ne-se-dement-pas\">Monaco-Libano: un legame indissolubile<\/h2>\n\n<p><span lang=\"IT\">Ormai residente monegasco, Majid Boustany non manca mai di condividere la sua generosit\u00e0 con il Principato. Nel 2021, il collezionista ha donato un dipinto di Francis Bacon alla mediateca di Monaco; qualche anno prima, nel 2016, ha contribuito all&#8217;allestimento <a href=\"https:\/\/france3-regions.francetvinfo.fr\/provence-alpes-cote-d-azur\/francis-bacon-francophile-expose-monaco-pour-l-ete-1041229.html\">di una mostra dedicata all&#8217;artista figurativo al Grimaldi Forum.<\/a><\/span><\/p>\n<div class=\"wp-block-image\">\n<figure class=\"aligncenter size-full\"><img loading=\"lazy\" decoding=\"async\" width=\"480\" height=\"349\" src=\"https:\/\/www.monaco-tribune.com\/wp-content\/uploads\/2024\/11\/majid-boustany-with-hsh-prince-albert-ii-of-monaco.jpg\" alt=\"\" class=\"wp-image-262067\" srcset=\"https:\/\/www.monaco-tribune.com\/wp-content\/uploads\/2024\/11\/majid-boustany-with-hsh-prince-albert-ii-of-monaco.jpg 480w, https:\/\/www.monaco-tribune.com\/wp-content\/uploads\/2024\/11\/majid-boustany-with-hsh-prince-albert-ii-of-monaco-413x300.jpg 413w\" sizes=\"auto, (max-width: 480px) 100vw, 480px\" \/><figcaption class=\"wp-element-caption\"><em>Majid Boustany con il Principe Alberto II<\/em> &#8211;<em> \u00a9 Francis Bacon MB Art Foundation<\/em><\/figcaption><\/figure>\n<\/div>\n<p><span lang=\"IT\">Iniziative del tutto naturali per colui che nel 2015 \u00e8 stato nominato Ufficiale dell&#8217;Ordine al Merito Culturale dal Principe Alberto II in persona. Nelle nostre pagine, <a href=\"https:\/\/www.monaco-tribune.com\/it\/2022\/05\/majid-boustany-quando-bacon-ha-fatto-irruzione-nella-mia-vita-sono-rimasto-affascinato-da-questo-gigante-singolare\/\">ha descritto<\/a> il rapporto tra la sua famiglia e Monaco come \u201cun legame estremamente forte. La mia famiglia vive qui da oltre quarant&#8217;anni e sono profondamente legato al Principato e alla Famiglia Principesca\u201d.<\/span><\/p>\n\n<p><span lang=\"IT\">Questo legame singolare riflette quello del Principato e dei suoi abitanti con il Libano, patria della famiglia Boustany. Che si tratti di semplici <a href=\"https:\/\/www.monaco-tribune.com\/2019\/06\/cooperation-monegasque-une-delegation-monegasque-se-rend-au-liban\/\">visite in Libano di funzionari monegaschi<\/a> nell&#8217;ambito della cooperazione bilaterale tra i due Paesi, del <a href=\"https:\/\/www.monaco-tribune.com\/2020\/08\/explosions-au-liban-le-prince-albert-sexprime-les-associations-reagissent\/\">sostegno morale<\/a>, <a href=\"https:\/\/www.monaco-tribune.com\/2020\/08\/lamade-expedie-deux-containers-de-produits-de-premiere-necessite-pour-le-liban\/\">materiale<\/a> o <a href=\"https:\/\/www.monaco-tribune.com\/2020\/08\/explosions-au-liban-les-dons-affluent-en-principaute\/\">finanziario<\/a> in seguito alla terribile esplosione nel porto di Beirut nell&#8217;agosto 2020 &#8211; grazie in particolare all&#8217;<a href=\"https:\/\/www.monaco-tribune.com\/it\/2021\/08\/ritratto-bouran-bouery-e-lassociazione-les-amis-du-liban-in-aiuto-di-un-popolo-traumatizzato\/\">associazione Les Amis du Liban Monaco<\/a> &#8211; o, pi\u00f9 recentemente, degli <a href=\"https:\/\/www.monaco-tribune.com\/2024\/11\/le-gouvernement-princier-debloque-100-000-euros-pour-le-liban\/\">aiuti d&#8217;emergenza<\/a> alla popolazione libanese colpita dalla guerra in Medio Oriente, il legame tra il Principato e la terra dei cedri ha resistito e si \u00e8 rafforzato nel corso degli anni. Un legame tanto potente quanto discreto, proprio come la famiglia Boustany.<\/span><\/p>\n","protected":false},"excerpt":{"rendered":"<p>Dal patriarca Nabil Boustany, artefice della rinascita dell&#8217;H\u00f4tel M\u00e9tropole Monte-Carlo, al figlio collezionista Majid, grande ammiratore del lavoro di Francis [&hellip;]<\/p>\n","protected":false},"author":78,"featured_media":186690,"comment_status":"closed","ping_status":"closed","sticky":false,"template":"","format":"standard","meta":{"_acf_changed":false,"footnotes":""},"categories":[1739,1826,1738],"tags":[4934],"post_sectags":[],"post_format":[2480],"class_list":["post-262850","post","type-post","status-publish","format-standard","has-post-thumbnail","hentry","category-business-it","category-la-nostra-scelta","category-notizie","tag-personalita","format-profilo"],"acf":[],"yoast_head":"<!-- This site is optimized with the Yoast SEO Premium plugin v26.8 (Yoast SEO v27.4) - https:\/\/yoast.com\/product\/yoast-seo-premium-wordpress\/ -->\n<title>I Boustany: una famiglia tanto potente quanto discreta, simbolo delle relazioni tra Monaco e il Libano<\/title>\n<meta name=\"description\" content=\"Dal patriarca Nabil Boustany, artefice della rinascita dell&#039;H\u00f4tel M\u00e9tropole Monte-Carlo, al figlio collezionista Majid, grande ammiratore del lavoro di\" \/>\n<meta name=\"robots\" content=\"index, follow, max-snippet:-1, max-image-preview:large, max-video-preview:-1\" \/>\n<link rel=\"canonical\" href=\"https:\/\/www.monaco-tribune.com\/it\/2024\/11\/i-boustany-una-famiglia-tanto-potente-quanto-discreta-simbolo-delle-relazioni-tra-monaco-e-il-libano\/\" \/>\n<meta property=\"og:locale\" content=\"it_IT\" \/>\n<meta property=\"og:type\" content=\"article\" \/>\n<meta property=\"og:title\" content=\"I Boustany: una famiglia tanto potente quanto discreta, simbolo delle relazioni tra Monaco e il Libano - Monaco Tribune\" \/>\n<meta property=\"og:description\" content=\"Dal patriarca Nabil Boustany, artefice della rinascita dell&#039;H\u00f4tel M\u00e9tropole Monte-Carlo, al figlio collezionista Majid, grande ammiratore del lavoro di\" \/>\n<meta property=\"og:url\" content=\"https:\/\/www.monaco-tribune.com\/it\/2024\/11\/i-boustany-una-famiglia-tanto-potente-quanto-discreta-simbolo-delle-relazioni-tra-monaco-e-il-libano\/\" \/>\n<meta property=\"og:site_name\" content=\"Monaco Tribune\" \/>\n<meta property=\"article:publisher\" content=\"https:\/\/www.facebook.com\/MonacoTribune\" \/>\n<meta property=\"article:published_time\" content=\"2024-11-26T15:13:44+00:00\" \/>\n<meta property=\"article:modified_time\" content=\"2024-11-26T15:14:06+00:00\" \/>\n<meta property=\"og:image\" content=\"https:\/\/www.monaco-tribune.com\/wp-content\/uploads\/2023\/07\/hotel-metropole-monte-carlo.jpg\" \/>\n\t<meta property=\"og:image:width\" content=\"1020\" \/>\n\t<meta property=\"og:image:height\" content=\"775\" \/>\n\t<meta property=\"og:image:type\" content=\"image\/jpeg\" \/>\n<meta name=\"author\" content=\"Mark Linden\" \/>\n<meta name=\"twitter:card\" content=\"summary_large_image\" \/>\n<meta name=\"twitter:creator\" content=\"@MonacoTribune\" \/>\n<meta name=\"twitter:site\" content=\"@MonacoTribune\" \/>\n<script type=\"application\/ld+json\" class=\"yoast-schema-graph\">{\"@context\":\"https:\\\/\\\/schema.org\",\"@graph\":[{\"@type\":\"NewsArticle\",\"@id\":\"https:\\\/\\\/www.monaco-tribune.com\\\/it\\\/2024\\\/11\\\/i-boustany-una-famiglia-tanto-potente-quanto-discreta-simbolo-delle-relazioni-tra-monaco-e-il-libano\\\/#article\",\"isPartOf\":{\"@id\":\"https:\\\/\\\/www.monaco-tribune.com\\\/it\\\/2024\\\/11\\\/i-boustany-una-famiglia-tanto-potente-quanto-discreta-simbolo-delle-relazioni-tra-monaco-e-il-libano\\\/\"},\"author\":{\"name\":\"Mark Linden\",\"@id\":\"https:\\\/\\\/www.monaco-tribune.com\\\/it\\\/#\\\/schema\\\/person\\\/3796f08c04a1ae0bf5db7629e63acc06\"},\"headline\":\"I Boustany: una famiglia tanto potente quanto discreta, simbolo delle relazioni tra Monaco e il Libano\",\"datePublished\":\"2024-11-26T15:13:44+00:00\",\"dateModified\":\"2024-11-26T15:14:06+00:00\",\"mainEntityOfPage\":{\"@id\":\"https:\\\/\\\/www.monaco-tribune.com\\\/it\\\/2024\\\/11\\\/i-boustany-una-famiglia-tanto-potente-quanto-discreta-simbolo-delle-relazioni-tra-monaco-e-il-libano\\\/\"},\"wordCount\":1678,\"publisher\":{\"@id\":\"https:\\\/\\\/www.monaco-tribune.com\\\/it\\\/#organization\"},\"image\":{\"@id\":\"https:\\\/\\\/www.monaco-tribune.com\\\/it\\\/2024\\\/11\\\/i-boustany-una-famiglia-tanto-potente-quanto-discreta-simbolo-delle-relazioni-tra-monaco-e-il-libano\\\/#primaryimage\"},\"thumbnailUrl\":\"https:\\\/\\\/www.monaco-tribune.com\\\/wp-content\\\/uploads\\\/2023\\\/07\\\/hotel-metropole-monte-carlo.jpg\",\"keywords\":[\"Personalit\u00e0\"],\"articleSection\":[\"Business\",\"La nostra scelta\",\"Notizie\"],\"inLanguage\":\"it-IT\",\"copyrightYear\":\"2024\",\"copyrightHolder\":{\"@id\":\"https:\\\/\\\/www.monaco-tribune.com\\\/#organization\"}},{\"@type\":\"WebPage\",\"@id\":\"https:\\\/\\\/www.monaco-tribune.com\\\/it\\\/2024\\\/11\\\/i-boustany-una-famiglia-tanto-potente-quanto-discreta-simbolo-delle-relazioni-tra-monaco-e-il-libano\\\/\",\"url\":\"https:\\\/\\\/www.monaco-tribune.com\\\/it\\\/2024\\\/11\\\/i-boustany-una-famiglia-tanto-potente-quanto-discreta-simbolo-delle-relazioni-tra-monaco-e-il-libano\\\/\",\"name\":\"I Boustany: una famiglia tanto potente quanto discreta, simbolo delle relazioni tra Monaco e il Libano\",\"isPartOf\":{\"@id\":\"https:\\\/\\\/www.monaco-tribune.com\\\/it\\\/#website\"},\"primaryImageOfPage\":{\"@id\":\"https:\\\/\\\/www.monaco-tribune.com\\\/it\\\/2024\\\/11\\\/i-boustany-una-famiglia-tanto-potente-quanto-discreta-simbolo-delle-relazioni-tra-monaco-e-il-libano\\\/#primaryimage\"},\"image\":{\"@id\":\"https:\\\/\\\/www.monaco-tribune.com\\\/it\\\/2024\\\/11\\\/i-boustany-una-famiglia-tanto-potente-quanto-discreta-simbolo-delle-relazioni-tra-monaco-e-il-libano\\\/#primaryimage\"},\"thumbnailUrl\":\"https:\\\/\\\/www.monaco-tribune.com\\\/wp-content\\\/uploads\\\/2023\\\/07\\\/hotel-metropole-monte-carlo.jpg\",\"datePublished\":\"2024-11-26T15:13:44+00:00\",\"dateModified\":\"2024-11-26T15:14:06+00:00\",\"description\":\"Dal patriarca Nabil Boustany, artefice della rinascita dell'H\u00f4tel M\u00e9tropole Monte-Carlo, al figlio collezionista Majid, grande ammiratore del lavoro di\",\"breadcrumb\":{\"@id\":\"https:\\\/\\\/www.monaco-tribune.com\\\/it\\\/2024\\\/11\\\/i-boustany-una-famiglia-tanto-potente-quanto-discreta-simbolo-delle-relazioni-tra-monaco-e-il-libano\\\/#breadcrumb\"},\"inLanguage\":\"it-IT\",\"potentialAction\":[{\"@type\":\"ReadAction\",\"target\":[\"https:\\\/\\\/www.monaco-tribune.com\\\/it\\\/2024\\\/11\\\/i-boustany-una-famiglia-tanto-potente-quanto-discreta-simbolo-delle-relazioni-tra-monaco-e-il-libano\\\/\"]}]},{\"@type\":\"ImageObject\",\"inLanguage\":\"it-IT\",\"@id\":\"https:\\\/\\\/www.monaco-tribune.com\\\/it\\\/2024\\\/11\\\/i-boustany-una-famiglia-tanto-potente-quanto-discreta-simbolo-delle-relazioni-tra-monaco-e-il-libano\\\/#primaryimage\",\"url\":\"https:\\\/\\\/www.monaco-tribune.com\\\/wp-content\\\/uploads\\\/2023\\\/07\\\/hotel-metropole-monte-carlo.jpg\",\"contentUrl\":\"https:\\\/\\\/www.monaco-tribune.com\\\/wp-content\\\/uploads\\\/2023\\\/07\\\/hotel-metropole-monte-carlo.jpg\",\"width\":1020,\"height\":775,\"caption\":\"Il settore alberghiero e la vena artistica sono nel sangue della famiglia Boustany \u00a9 H\u00f4tel M\u00e9tropole Monte-Carlo\"},{\"@type\":\"BreadcrumbList\",\"@id\":\"https:\\\/\\\/www.monaco-tribune.com\\\/it\\\/2024\\\/11\\\/i-boustany-una-famiglia-tanto-potente-quanto-discreta-simbolo-delle-relazioni-tra-monaco-e-il-libano\\\/#breadcrumb\",\"itemListElement\":[{\"@type\":\"ListItem\",\"position\":1,\"name\":\"Accueil\",\"item\":\"https:\\\/\\\/www.monaco-tribune.com\\\/it\\\/\"},{\"@type\":\"ListItem\",\"position\":2,\"name\":\"I Boustany: una famiglia tanto potente quanto discreta, simbolo delle relazioni tra Monaco e il Libano\"}]},{\"@type\":\"WebSite\",\"@id\":\"https:\\\/\\\/www.monaco-tribune.com\\\/it\\\/#website\",\"url\":\"https:\\\/\\\/www.monaco-tribune.com\\\/it\\\/\",\"name\":\"Monaco Tribune\",\"description\":\"Monaco : actualit\u00e9s \u00e9conomiques, politiques, culturelles et sportives de Monaco et de la French Riviera.\",\"publisher\":{\"@id\":\"https:\\\/\\\/www.monaco-tribune.com\\\/it\\\/#organization\"},\"potentialAction\":[{\"@type\":\"SearchAction\",\"target\":{\"@type\":\"EntryPoint\",\"urlTemplate\":\"https:\\\/\\\/www.monaco-tribune.com\\\/it\\\/?s={search_term_string}\"},\"query-input\":{\"@type\":\"PropertyValueSpecification\",\"valueRequired\":true,\"valueName\":\"search_term_string\"}}],\"inLanguage\":\"it-IT\"},{\"@type\":\"Organization\",\"@id\":\"https:\\\/\\\/www.monaco-tribune.com\\\/it\\\/#organization\",\"name\":\"Monaco Tribune\",\"url\":\"https:\\\/\\\/www.monaco-tribune.com\\\/it\\\/\",\"logo\":{\"@type\":\"ImageObject\",\"inLanguage\":\"it-IT\",\"@id\":\"https:\\\/\\\/www.monaco-tribune.com\\\/it\\\/#\\\/schema\\\/logo\\\/image\\\/\",\"url\":\"https:\\\/\\\/www.monaco-tribune.com\\\/wp-content\\\/uploads\\\/2022\\\/11\\\/logo-monaco-tribune.png\",\"contentUrl\":\"https:\\\/\\\/www.monaco-tribune.com\\\/wp-content\\\/uploads\\\/2022\\\/11\\\/logo-monaco-tribune.png\",\"width\":1548,\"height\":600,\"caption\":\"Monaco Tribune\"},\"image\":{\"@id\":\"https:\\\/\\\/www.monaco-tribune.com\\\/it\\\/#\\\/schema\\\/logo\\\/image\\\/\"},\"sameAs\":[\"https:\\\/\\\/www.facebook.com\\\/MonacoTribune\",\"https:\\\/\\\/x.com\\\/MonacoTribune\",\"https:\\\/\\\/www.instagram.com\\\/monacotribune\\\/\",\"https:\\\/\\\/www.linkedin.com\\\/company\\\/monaco-tribune\",\"https:\\\/\\\/www.youtube.com\\\/channel\\\/UCHle1MnG6hw1y4lWKijVbMA\"]},{\"@type\":\"Person\",\"@id\":\"https:\\\/\\\/www.monaco-tribune.com\\\/it\\\/#\\\/schema\\\/person\\\/3796f08c04a1ae0bf5db7629e63acc06\",\"name\":\"Mark Linden\",\"image\":{\"@type\":\"ImageObject\",\"inLanguage\":\"it-IT\",\"@id\":\"https:\\\/\\\/secure.gravatar.com\\\/avatar\\\/d0130c037315ebbab849176573fa4be49bb085b56b56eef40dfdebd8b0dab200?s=96&d=mm&r=g\",\"url\":\"https:\\\/\\\/secure.gravatar.com\\\/avatar\\\/d0130c037315ebbab849176573fa4be49bb085b56b56eef40dfdebd8b0dab200?s=96&d=mm&r=g\",\"contentUrl\":\"https:\\\/\\\/secure.gravatar.com\\\/avatar\\\/d0130c037315ebbab849176573fa4be49bb085b56b56eef40dfdebd8b0dab200?s=96&d=mm&r=g\",\"caption\":\"Mark Linden\"},\"url\":\"https:\\\/\\\/www.monaco-tribune.com\\\/it\\\/author\\\/nielslinden\\\/\"}]}<\/script>\n<!-- \/ Yoast SEO Premium plugin. -->","yoast_head_json":{"title":"I Boustany: una famiglia tanto potente quanto discreta, simbolo delle relazioni tra Monaco e il Libano","description":"Dal patriarca Nabil Boustany, artefice della rinascita dell'H\u00f4tel M\u00e9tropole Monte-Carlo, al figlio collezionista Majid, grande ammiratore del lavoro di","robots":{"index":"index","follow":"follow","max-snippet":"max-snippet:-1","max-image-preview":"max-image-preview:large","max-video-preview":"max-video-preview:-1"},"canonical":"https:\/\/www.monaco-tribune.com\/it\/2024\/11\/i-boustany-una-famiglia-tanto-potente-quanto-discreta-simbolo-delle-relazioni-tra-monaco-e-il-libano\/","og_locale":"it_IT","og_type":"article","og_title":"I Boustany: una famiglia tanto potente quanto discreta, simbolo delle relazioni tra Monaco e il Libano - Monaco Tribune","og_description":"Dal patriarca Nabil Boustany, artefice della rinascita dell'H\u00f4tel M\u00e9tropole Monte-Carlo, al figlio collezionista Majid, grande ammiratore del lavoro di","og_url":"https:\/\/www.monaco-tribune.com\/it\/2024\/11\/i-boustany-una-famiglia-tanto-potente-quanto-discreta-simbolo-delle-relazioni-tra-monaco-e-il-libano\/","og_site_name":"Monaco Tribune","article_publisher":"https:\/\/www.facebook.com\/MonacoTribune","article_published_time":"2024-11-26T15:13:44+00:00","article_modified_time":"2024-11-26T15:14:06+00:00","og_image":[{"width":1020,"height":775,"url":"https:\/\/www.monaco-tribune.com\/wp-content\/uploads\/2023\/07\/hotel-metropole-monte-carlo.jpg","type":"image\/jpeg"}],"author":"Mark Linden","twitter_card":"summary_large_image","twitter_creator":"@MonacoTribune","twitter_site":"@MonacoTribune","schema":{"@context":"https:\/\/schema.org","@graph":[{"@type":"NewsArticle","@id":"https:\/\/www.monaco-tribune.com\/it\/2024\/11\/i-boustany-una-famiglia-tanto-potente-quanto-discreta-simbolo-delle-relazioni-tra-monaco-e-il-libano\/#article","isPartOf":{"@id":"https:\/\/www.monaco-tribune.com\/it\/2024\/11\/i-boustany-una-famiglia-tanto-potente-quanto-discreta-simbolo-delle-relazioni-tra-monaco-e-il-libano\/"},"author":{"name":"Mark Linden","@id":"https:\/\/www.monaco-tribune.com\/it\/#\/schema\/person\/3796f08c04a1ae0bf5db7629e63acc06"},"headline":"I Boustany: una famiglia tanto potente quanto discreta, simbolo delle relazioni tra Monaco e il Libano","datePublished":"2024-11-26T15:13:44+00:00","dateModified":"2024-11-26T15:14:06+00:00","mainEntityOfPage":{"@id":"https:\/\/www.monaco-tribune.com\/it\/2024\/11\/i-boustany-una-famiglia-tanto-potente-quanto-discreta-simbolo-delle-relazioni-tra-monaco-e-il-libano\/"},"wordCount":1678,"publisher":{"@id":"https:\/\/www.monaco-tribune.com\/it\/#organization"},"image":{"@id":"https:\/\/www.monaco-tribune.com\/it\/2024\/11\/i-boustany-una-famiglia-tanto-potente-quanto-discreta-simbolo-delle-relazioni-tra-monaco-e-il-libano\/#primaryimage"},"thumbnailUrl":"https:\/\/www.monaco-tribune.com\/wp-content\/uploads\/2023\/07\/hotel-metropole-monte-carlo.jpg","keywords":["Personalit\u00e0"],"articleSection":["Business","La nostra scelta","Notizie"],"inLanguage":"it-IT","copyrightYear":"2024","copyrightHolder":{"@id":"https:\/\/www.monaco-tribune.com\/#organization"}},{"@type":"WebPage","@id":"https:\/\/www.monaco-tribune.com\/it\/2024\/11\/i-boustany-una-famiglia-tanto-potente-quanto-discreta-simbolo-delle-relazioni-tra-monaco-e-il-libano\/","url":"https:\/\/www.monaco-tribune.com\/it\/2024\/11\/i-boustany-una-famiglia-tanto-potente-quanto-discreta-simbolo-delle-relazioni-tra-monaco-e-il-libano\/","name":"I Boustany: una famiglia tanto potente quanto discreta, simbolo delle relazioni tra Monaco e il Libano","isPartOf":{"@id":"https:\/\/www.monaco-tribune.com\/it\/#website"},"primaryImageOfPage":{"@id":"https:\/\/www.monaco-tribune.com\/it\/2024\/11\/i-boustany-una-famiglia-tanto-potente-quanto-discreta-simbolo-delle-relazioni-tra-monaco-e-il-libano\/#primaryimage"},"image":{"@id":"https:\/\/www.monaco-tribune.com\/it\/2024\/11\/i-boustany-una-famiglia-tanto-potente-quanto-discreta-simbolo-delle-relazioni-tra-monaco-e-il-libano\/#primaryimage"},"thumbnailUrl":"https:\/\/www.monaco-tribune.com\/wp-content\/uploads\/2023\/07\/hotel-metropole-monte-carlo.jpg","datePublished":"2024-11-26T15:13:44+00:00","dateModified":"2024-11-26T15:14:06+00:00","description":"Dal patriarca Nabil Boustany, artefice della rinascita dell'H\u00f4tel M\u00e9tropole Monte-Carlo, al figlio collezionista Majid, grande ammiratore del lavoro di","breadcrumb":{"@id":"https:\/\/www.monaco-tribune.com\/it\/2024\/11\/i-boustany-una-famiglia-tanto-potente-quanto-discreta-simbolo-delle-relazioni-tra-monaco-e-il-libano\/#breadcrumb"},"inLanguage":"it-IT","potentialAction":[{"@type":"ReadAction","target":["https:\/\/www.monaco-tribune.com\/it\/2024\/11\/i-boustany-una-famiglia-tanto-potente-quanto-discreta-simbolo-delle-relazioni-tra-monaco-e-il-libano\/"]}]},{"@type":"ImageObject","inLanguage":"it-IT","@id":"https:\/\/www.monaco-tribune.com\/it\/2024\/11\/i-boustany-una-famiglia-tanto-potente-quanto-discreta-simbolo-delle-relazioni-tra-monaco-e-il-libano\/#primaryimage","url":"https:\/\/www.monaco-tribune.com\/wp-content\/uploads\/2023\/07\/hotel-metropole-monte-carlo.jpg","contentUrl":"https:\/\/www.monaco-tribune.com\/wp-content\/uploads\/2023\/07\/hotel-metropole-monte-carlo.jpg","width":1020,"height":775,"caption":"Il settore alberghiero e la vena artistica sono nel sangue della famiglia Boustany \u00a9 H\u00f4tel M\u00e9tropole Monte-Carlo"},{"@type":"BreadcrumbList","@id":"https:\/\/www.monaco-tribune.com\/it\/2024\/11\/i-boustany-una-famiglia-tanto-potente-quanto-discreta-simbolo-delle-relazioni-tra-monaco-e-il-libano\/#breadcrumb","itemListElement":[{"@type":"ListItem","position":1,"name":"Accueil","item":"https:\/\/www.monaco-tribune.com\/it\/"},{"@type":"ListItem","position":2,"name":"I Boustany: una famiglia tanto potente quanto discreta, simbolo delle relazioni tra Monaco e il Libano"}]},{"@type":"WebSite","@id":"https:\/\/www.monaco-tribune.com\/it\/#website","url":"https:\/\/www.monaco-tribune.com\/it\/","name":"Monaco Tribune","description":"Monaco : actualit\u00e9s \u00e9conomiques, politiques, culturelles et sportives de Monaco et de la French Riviera.","publisher":{"@id":"https:\/\/www.monaco-tribune.com\/it\/#organization"},"potentialAction":[{"@type":"SearchAction","target":{"@type":"EntryPoint","urlTemplate":"https:\/\/www.monaco-tribune.com\/it\/?s={search_term_string}"},"query-input":{"@type":"PropertyValueSpecification","valueRequired":true,"valueName":"search_term_string"}}],"inLanguage":"it-IT"},{"@type":"Organization","@id":"https:\/\/www.monaco-tribune.com\/it\/#organization","name":"Monaco Tribune","url":"https:\/\/www.monaco-tribune.com\/it\/","logo":{"@type":"ImageObject","inLanguage":"it-IT","@id":"https:\/\/www.monaco-tribune.com\/it\/#\/schema\/logo\/image\/","url":"https:\/\/www.monaco-tribune.com\/wp-content\/uploads\/2022\/11\/logo-monaco-tribune.png","contentUrl":"https:\/\/www.monaco-tribune.com\/wp-content\/uploads\/2022\/11\/logo-monaco-tribune.png","width":1548,"height":600,"caption":"Monaco Tribune"},"image":{"@id":"https:\/\/www.monaco-tribune.com\/it\/#\/schema\/logo\/image\/"},"sameAs":["https:\/\/www.facebook.com\/MonacoTribune","https:\/\/x.com\/MonacoTribune","https:\/\/www.instagram.com\/monacotribune\/","https:\/\/www.linkedin.com\/company\/monaco-tribune","https:\/\/www.youtube.com\/channel\/UCHle1MnG6hw1y4lWKijVbMA"]},{"@type":"Person","@id":"https:\/\/www.monaco-tribune.com\/it\/#\/schema\/person\/3796f08c04a1ae0bf5db7629e63acc06","name":"Mark Linden","image":{"@type":"ImageObject","inLanguage":"it-IT","@id":"https:\/\/secure.gravatar.com\/avatar\/d0130c037315ebbab849176573fa4be49bb085b56b56eef40dfdebd8b0dab200?s=96&d=mm&r=g","url":"https:\/\/secure.gravatar.com\/avatar\/d0130c037315ebbab849176573fa4be49bb085b56b56eef40dfdebd8b0dab200?s=96&d=mm&r=g","contentUrl":"https:\/\/secure.gravatar.com\/avatar\/d0130c037315ebbab849176573fa4be49bb085b56b56eef40dfdebd8b0dab200?s=96&d=mm&r=g","caption":"Mark Linden"},"url":"https:\/\/www.monaco-tribune.com\/it\/author\/nielslinden\/"}]}},"_links":{"self":[{"href":"https:\/\/www.monaco-tribune.com\/it\/wp-json\/wp\/v2\/posts\/262850","targetHints":{"allow":["GET"]}}],"collection":[{"href":"https:\/\/www.monaco-tribune.com\/it\/wp-json\/wp\/v2\/posts"}],"about":[{"href":"https:\/\/www.monaco-tribune.com\/it\/wp-json\/wp\/v2\/types\/post"}],"author":[{"embeddable":true,"href":"https:\/\/www.monaco-tribune.com\/it\/wp-json\/wp\/v2\/users\/78"}],"replies":[{"embeddable":true,"href":"https:\/\/www.monaco-tribune.com\/it\/wp-json\/wp\/v2\/comments?post=262850"}],"version-history":[{"count":2,"href":"https:\/\/www.monaco-tribune.com\/it\/wp-json\/wp\/v2\/posts\/262850\/revisions"}],"predecessor-version":[{"id":262853,"href":"https:\/\/www.monaco-tribune.com\/it\/wp-json\/wp\/v2\/posts\/262850\/revisions\/262853"}],"wp:featuredmedia":[{"embeddable":true,"href":"https:\/\/www.monaco-tribune.com\/it\/wp-json\/wp\/v2\/media\/186690"}],"wp:attachment":[{"href":"https:\/\/www.monaco-tribune.com\/it\/wp-json\/wp\/v2\/media?parent=262850"}],"wp:term":[{"taxonomy":"category","embeddable":true,"href":"https:\/\/www.monaco-tribune.com\/it\/wp-json\/wp\/v2\/categories?post=262850"},{"taxonomy":"post_tag","embeddable":true,"href":"https:\/\/www.monaco-tribune.com\/it\/wp-json\/wp\/v2\/tags?post=262850"},{"taxonomy":"sectag","embeddable":true,"href":"https:\/\/www.monaco-tribune.com\/it\/wp-json\/wp\/v2\/post_sectags?post=262850"},{"taxonomy":"format","embeddable":true,"href":"https:\/\/www.monaco-tribune.com\/it\/wp-json\/wp\/v2\/post_format?post=262850"}],"curies":[{"name":"wp","href":"https:\/\/api.w.org\/{rel}","templated":true}]}}