{"id":264173,"date":"2024-12-03T18:01:22","date_gmt":"2024-12-03T16:01:22","guid":{"rendered":"https:\/\/www.monaco-tribune.com\/2024\/12\/la-famiglia-principesca-di-monaco-svela-la-sua-tradizionale-foto-di-natale-carica-di-dolcezza-e-complicita\/"},"modified":"2024-12-03T18:01:28","modified_gmt":"2024-12-03T16:01:28","slug":"la-famiglia-principesca-di-monaco-svela-la-sua-tradizionale-foto-di-natale-carica-di-dolcezza-e-complicita","status":"publish","type":"post","link":"https:\/\/www.monaco-tribune.com\/it\/2024\/12\/la-famiglia-principesca-di-monaco-svela-la-sua-tradizionale-foto-di-natale-carica-di-dolcezza-e-complicita\/","title":{"rendered":"La Famiglia Principesca di Monaco svela la sua tradizionale foto di Natale carica di dolcezza e complicit\u00e0"},"content":{"rendered":"\n<p><strong>In una calda tonalit\u00e0 di beige e marrone, il Principe Alberto II, la Principessa Charl\u00e8ne e i gemelli Jacques e Gabriella posano ai piedi dell&#8217;albero di Natale. Luned\u00ec 2 dicembre, il Palazzo del Principe ha presentato l&#8217;annuale foto di famiglia per le festivit\u00e0.<\/strong><\/p>\n\n<p>Cordiale e sorridente, la Famiglia Principesca posa davanti a un magnifico camino in pietra e a un incantevole abete decorato con sobriet\u00e0 ed eleganza. <a href=\"https:\/\/www.monaco-tribune.com\/it\/2024\/12\/i-gemelli-jacques-e-gabriella-danno-il-via-alla-magia-del-natale-nel-principato\/\">Dopo aver dato il via alle luci e ai festeggiamenti natalizi nel Principato<\/a> questo fine settimana, la Coppia Principesca e i gemelli svelano questo dolce ritratto di famiglia come biglietto d&#8217;auguri.<\/p>\n\n<p>Quest&#8217;anno, la Famiglia ha optato per outfit pi\u00f9 comodi, indossando un paio di pantaloni e un bel maglione.<\/p>\n\n<p>Sui suoi social, il Palazzo del Principe ha scritto: \u201cIl Palazzo del Principe \u00e8 lieto di condividere con voi la foto del biglietto di auguri della Famiglia Principesca\u201d.<\/p>\n\n<p>Una foto che anticipa il compleanno del <a href=\"https:\/\/www.monaco-tribune.com\/listing\/prince-hereditaire-jacques\/\">Principe ereditario Jacques<\/a> e della sorella gemella la <a href=\"https:\/\/www.monaco-tribune.com\/listing\/princesse-gabriella\/\">Principessa Gabriella<\/a>, che compiranno 10 anni il 10 dicembre.<\/p>\n<div class=\"wp-block-image\">\n<figure class=\"aligncenter size-large\"><img loading=\"lazy\" decoding=\"async\" width=\"683\" height=\"1024\" src=\"https:\/\/www.monaco-tribune.com\/wp-content\/uploads\/2024\/12\/la-famille-princiere-de-monaco-devoile-sa-traditionnelle-carte-de-voeux-de-noel-pleine-de-douceur-et-de-complicite-683x1024.jpg\" alt=\"\" class=\"wp-image-264082\" srcset=\"https:\/\/www.monaco-tribune.com\/wp-content\/uploads\/2024\/12\/la-famille-princiere-de-monaco-devoile-sa-traditionnelle-carte-de-voeux-de-noel-pleine-de-douceur-et-de-complicite-683x1024.jpg 683w, https:\/\/www.monaco-tribune.com\/wp-content\/uploads\/2024\/12\/la-famille-princiere-de-monaco-devoile-sa-traditionnelle-carte-de-voeux-de-noel-pleine-de-douceur-et-de-complicite-200x300.jpg 200w, https:\/\/www.monaco-tribune.com\/wp-content\/uploads\/2024\/12\/la-famille-princiere-de-monaco-devoile-sa-traditionnelle-carte-de-voeux-de-noel-pleine-de-douceur-et-de-complicite.jpg 1366w\" sizes=\"auto, (max-width: 683px) 100vw, 683px\" \/><figcaption class=\"wp-element-caption\"><em>\u00a9 Eric Mathon \u2013 Palazzo del Principe<\/em><\/figcaption><\/figure>\n<\/div>\n<p class=\"related\"><a href=\"https:\/\/www.monaco-tribune.com\/it\/2023\/12\/scoprite-la-splendida-foto-di-natale-della-famiglia-principesca\/\">Scoprite la splendida foto di Natale della Famiglia Principesca<\/a><\/p>\n","protected":false},"excerpt":{"rendered":"<p>In una calda tonalit\u00e0 di beige e marrone, il Principe Alberto II, la Principessa Charl\u00e8ne e i gemelli Jacques e [&hellip;]<\/p>\n","protected":false},"author":77,"featured_media":264080,"comment_status":"closed","ping_status":"closed","sticky":false,"template":"","format":"standard","meta":{"_acf_changed":false,"footnotes":""},"categories":[1742,1826,1738],"tags":[2969],"post_sectags":[3757,3574,3304,3575],"post_format":[2474],"class_list":["post-264173","post","type-post","status-publish","format-standard","has-post-thumbnail","hentry","category-famiglia-principesca","category-la-nostra-scelta","category-notizie","tag-natale-it","sectag-principe-alberto-ii","sectag-principe-ereditario-jacques","sectag-principessa-charlene","sectag-principessa-gabriella","format-foto"],"acf":[],"yoast_head":"<!-- This site is optimized with the Yoast SEO Premium plugin v26.8 (Yoast SEO v27.4) - https:\/\/yoast.com\/product\/yoast-seo-premium-wordpress\/ -->\n<title>La Famiglia Principesca di Monaco svela la sua tradizionale foto di Natale carica di dolcezza e complicit\u00e0<\/title>\n<meta name=\"description\" content=\"In una calda tonalit\u00e0 di beige e marrone, il Principe Alberto II, la Principessa Charl\u00e8ne e i gemelli Jacques e Gabriella posano ai piedi dell&#039;albero di\" \/>\n<meta name=\"robots\" content=\"index, follow, max-snippet:-1, max-image-preview:large, max-video-preview:-1\" \/>\n<link rel=\"canonical\" href=\"https:\/\/www.monaco-tribune.com\/it\/2024\/12\/la-famiglia-principesca-di-monaco-svela-la-sua-tradizionale-foto-di-natale-carica-di-dolcezza-e-complicita\/\" \/>\n<meta property=\"og:locale\" content=\"it_IT\" \/>\n<meta property=\"og:type\" content=\"article\" \/>\n<meta property=\"og:title\" content=\"La Famiglia Principesca di Monaco svela la sua tradizionale foto di Natale carica di dolcezza e complicit\u00e0 - Monaco Tribune\" \/>\n<meta property=\"og:description\" content=\"In una calda tonalit\u00e0 di beige e marrone, il Principe Alberto II, la Principessa Charl\u00e8ne e i gemelli Jacques e Gabriella posano ai piedi dell&#039;albero di\" \/>\n<meta property=\"og:url\" content=\"https:\/\/www.monaco-tribune.com\/it\/2024\/12\/la-famiglia-principesca-di-monaco-svela-la-sua-tradizionale-foto-di-natale-carica-di-dolcezza-e-complicita\/\" \/>\n<meta property=\"og:site_name\" content=\"Monaco Tribune\" \/>\n<meta property=\"article:publisher\" content=\"https:\/\/www.facebook.com\/MonacoTribune\" \/>\n<meta property=\"article:published_time\" content=\"2024-12-03T16:01:22+00:00\" \/>\n<meta property=\"article:modified_time\" content=\"2024-12-03T16:01:28+00:00\" \/>\n<meta property=\"og:image\" content=\"https:\/\/www.monaco-tribune.com\/wp-content\/uploads\/2024\/12\/la-famille-princiere-de-monaco-devoile-sa-traditionnelle-carte-de-voeux-de-noel-pleine-de-douceur-et-de-complicite-2.jpg\" \/>\n\t<meta property=\"og:image:width\" content=\"1366\" \/>\n\t<meta property=\"og:image:height\" content=\"820\" \/>\n\t<meta property=\"og:image:type\" content=\"image\/jpeg\" \/>\n<meta name=\"author\" content=\"Ana\u00efs Riu\" \/>\n<meta name=\"twitter:card\" content=\"summary_large_image\" \/>\n<meta name=\"twitter:creator\" content=\"@MonacoTribune\" \/>\n<meta name=\"twitter:site\" content=\"@MonacoTribune\" \/>\n<script type=\"application\/ld+json\" class=\"yoast-schema-graph\">{\"@context\":\"https:\\\/\\\/schema.org\",\"@graph\":[{\"@type\":\"NewsArticle\",\"@id\":\"https:\\\/\\\/www.monaco-tribune.com\\\/it\\\/2024\\\/12\\\/la-famiglia-principesca-di-monaco-svela-la-sua-tradizionale-foto-di-natale-carica-di-dolcezza-e-complicita\\\/#article\",\"isPartOf\":{\"@id\":\"https:\\\/\\\/www.monaco-tribune.com\\\/it\\\/2024\\\/12\\\/la-famiglia-principesca-di-monaco-svela-la-sua-tradizionale-foto-di-natale-carica-di-dolcezza-e-complicita\\\/\"},\"author\":{\"name\":\"Ana\u00efs Riu\",\"@id\":\"https:\\\/\\\/www.monaco-tribune.com\\\/it\\\/#\\\/schema\\\/person\\\/6db631c784f2f0eff54c3ca4d1da2d49\"},\"headline\":\"La Famiglia Principesca di Monaco svela la sua tradizionale foto di Natale carica di dolcezza e complicit\u00e0\",\"datePublished\":\"2024-12-03T16:01:22+00:00\",\"dateModified\":\"2024-12-03T16:01:28+00:00\",\"mainEntityOfPage\":{\"@id\":\"https:\\\/\\\/www.monaco-tribune.com\\\/it\\\/2024\\\/12\\\/la-famiglia-principesca-di-monaco-svela-la-sua-tradizionale-foto-di-natale-carica-di-dolcezza-e-complicita\\\/\"},\"wordCount\":200,\"publisher\":{\"@id\":\"https:\\\/\\\/www.monaco-tribune.com\\\/it\\\/#organization\"},\"image\":{\"@id\":\"https:\\\/\\\/www.monaco-tribune.com\\\/it\\\/2024\\\/12\\\/la-famiglia-principesca-di-monaco-svela-la-sua-tradizionale-foto-di-natale-carica-di-dolcezza-e-complicita\\\/#primaryimage\"},\"thumbnailUrl\":\"https:\\\/\\\/www.monaco-tribune.com\\\/wp-content\\\/uploads\\\/2024\\\/12\\\/la-famille-princiere-de-monaco-devoile-sa-traditionnelle-carte-de-voeux-de-noel-pleine-de-douceur-et-de-complicite-2.jpg\",\"keywords\":[\"Natale\"],\"articleSection\":[\"Famiglia Principesca\",\"La nostra scelta\",\"Notizie\"],\"inLanguage\":\"it-IT\",\"copyrightYear\":\"2024\",\"copyrightHolder\":{\"@id\":\"https:\\\/\\\/www.monaco-tribune.com\\\/#organization\"}},{\"@type\":\"WebPage\",\"@id\":\"https:\\\/\\\/www.monaco-tribune.com\\\/it\\\/2024\\\/12\\\/la-famiglia-principesca-di-monaco-svela-la-sua-tradizionale-foto-di-natale-carica-di-dolcezza-e-complicita\\\/\",\"url\":\"https:\\\/\\\/www.monaco-tribune.com\\\/it\\\/2024\\\/12\\\/la-famiglia-principesca-di-monaco-svela-la-sua-tradizionale-foto-di-natale-carica-di-dolcezza-e-complicita\\\/\",\"name\":\"La Famiglia Principesca di Monaco svela la sua tradizionale foto di Natale carica di dolcezza e complicit\u00e0\",\"isPartOf\":{\"@id\":\"https:\\\/\\\/www.monaco-tribune.com\\\/it\\\/#website\"},\"primaryImageOfPage\":{\"@id\":\"https:\\\/\\\/www.monaco-tribune.com\\\/it\\\/2024\\\/12\\\/la-famiglia-principesca-di-monaco-svela-la-sua-tradizionale-foto-di-natale-carica-di-dolcezza-e-complicita\\\/#primaryimage\"},\"image\":{\"@id\":\"https:\\\/\\\/www.monaco-tribune.com\\\/it\\\/2024\\\/12\\\/la-famiglia-principesca-di-monaco-svela-la-sua-tradizionale-foto-di-natale-carica-di-dolcezza-e-complicita\\\/#primaryimage\"},\"thumbnailUrl\":\"https:\\\/\\\/www.monaco-tribune.com\\\/wp-content\\\/uploads\\\/2024\\\/12\\\/la-famille-princiere-de-monaco-devoile-sa-traditionnelle-carte-de-voeux-de-noel-pleine-de-douceur-et-de-complicite-2.jpg\",\"datePublished\":\"2024-12-03T16:01:22+00:00\",\"dateModified\":\"2024-12-03T16:01:28+00:00\",\"description\":\"In una calda tonalit\u00e0 di beige e marrone, il Principe Alberto II, la Principessa Charl\u00e8ne e i gemelli Jacques e Gabriella posano ai piedi dell'albero di\",\"breadcrumb\":{\"@id\":\"https:\\\/\\\/www.monaco-tribune.com\\\/it\\\/2024\\\/12\\\/la-famiglia-principesca-di-monaco-svela-la-sua-tradizionale-foto-di-natale-carica-di-dolcezza-e-complicita\\\/#breadcrumb\"},\"inLanguage\":\"it-IT\",\"potentialAction\":[{\"@type\":\"ReadAction\",\"target\":[\"https:\\\/\\\/www.monaco-tribune.com\\\/it\\\/2024\\\/12\\\/la-famiglia-principesca-di-monaco-svela-la-sua-tradizionale-foto-di-natale-carica-di-dolcezza-e-complicita\\\/\"]}]},{\"@type\":\"ImageObject\",\"inLanguage\":\"it-IT\",\"@id\":\"https:\\\/\\\/www.monaco-tribune.com\\\/it\\\/2024\\\/12\\\/la-famiglia-principesca-di-monaco-svela-la-sua-tradizionale-foto-di-natale-carica-di-dolcezza-e-complicita\\\/#primaryimage\",\"url\":\"https:\\\/\\\/www.monaco-tribune.com\\\/wp-content\\\/uploads\\\/2024\\\/12\\\/la-famille-princiere-de-monaco-devoile-sa-traditionnelle-carte-de-voeux-de-noel-pleine-de-douceur-et-de-complicite-2.jpg\",\"contentUrl\":\"https:\\\/\\\/www.monaco-tribune.com\\\/wp-content\\\/uploads\\\/2024\\\/12\\\/la-famille-princiere-de-monaco-devoile-sa-traditionnelle-carte-de-voeux-de-noel-pleine-de-douceur-et-de-complicite-2.jpg\",\"width\":1366,\"height\":820,\"caption\":\"La tradizionale foto di Natale della Famiglia Principesca \u00a9 Eric Mathon - Palazzo del Principe\"},{\"@type\":\"BreadcrumbList\",\"@id\":\"https:\\\/\\\/www.monaco-tribune.com\\\/it\\\/2024\\\/12\\\/la-famiglia-principesca-di-monaco-svela-la-sua-tradizionale-foto-di-natale-carica-di-dolcezza-e-complicita\\\/#breadcrumb\",\"itemListElement\":[{\"@type\":\"ListItem\",\"position\":1,\"name\":\"Accueil\",\"item\":\"https:\\\/\\\/www.monaco-tribune.com\\\/it\\\/\"},{\"@type\":\"ListItem\",\"position\":2,\"name\":\"La Famiglia Principesca di Monaco svela la sua tradizionale foto di Natale carica di dolcezza e complicit\u00e0\"}]},{\"@type\":\"WebSite\",\"@id\":\"https:\\\/\\\/www.monaco-tribune.com\\\/it\\\/#website\",\"url\":\"https:\\\/\\\/www.monaco-tribune.com\\\/it\\\/\",\"name\":\"Monaco Tribune\",\"description\":\"Monaco : actualit\u00e9s \u00e9conomiques, politiques, culturelles et sportives de Monaco et de la French Riviera.\",\"publisher\":{\"@id\":\"https:\\\/\\\/www.monaco-tribune.com\\\/it\\\/#organization\"},\"potentialAction\":[{\"@type\":\"SearchAction\",\"target\":{\"@type\":\"EntryPoint\",\"urlTemplate\":\"https:\\\/\\\/www.monaco-tribune.com\\\/it\\\/?s={search_term_string}\"},\"query-input\":{\"@type\":\"PropertyValueSpecification\",\"valueRequired\":true,\"valueName\":\"search_term_string\"}}],\"inLanguage\":\"it-IT\"},{\"@type\":\"Organization\",\"@id\":\"https:\\\/\\\/www.monaco-tribune.com\\\/it\\\/#organization\",\"name\":\"Monaco Tribune\",\"url\":\"https:\\\/\\\/www.monaco-tribune.com\\\/it\\\/\",\"logo\":{\"@type\":\"ImageObject\",\"inLanguage\":\"it-IT\",\"@id\":\"https:\\\/\\\/www.monaco-tribune.com\\\/it\\\/#\\\/schema\\\/logo\\\/image\\\/\",\"url\":\"https:\\\/\\\/www.monaco-tribune.com\\\/wp-content\\\/uploads\\\/2022\\\/11\\\/logo-monaco-tribune.png\",\"contentUrl\":\"https:\\\/\\\/www.monaco-tribune.com\\\/wp-content\\\/uploads\\\/2022\\\/11\\\/logo-monaco-tribune.png\",\"width\":1548,\"height\":600,\"caption\":\"Monaco Tribune\"},\"image\":{\"@id\":\"https:\\\/\\\/www.monaco-tribune.com\\\/it\\\/#\\\/schema\\\/logo\\\/image\\\/\"},\"sameAs\":[\"https:\\\/\\\/www.facebook.com\\\/MonacoTribune\",\"https:\\\/\\\/x.com\\\/MonacoTribune\",\"https:\\\/\\\/www.instagram.com\\\/monacotribune\\\/\",\"https:\\\/\\\/www.linkedin.com\\\/company\\\/monaco-tribune\",\"https:\\\/\\\/www.youtube.com\\\/channel\\\/UCHle1MnG6hw1y4lWKijVbMA\"]},{\"@type\":\"Person\",\"@id\":\"https:\\\/\\\/www.monaco-tribune.com\\\/it\\\/#\\\/schema\\\/person\\\/6db631c784f2f0eff54c3ca4d1da2d49\",\"name\":\"Ana\u00efs Riu\",\"image\":{\"@type\":\"ImageObject\",\"inLanguage\":\"it-IT\",\"@id\":\"https:\\\/\\\/secure.gravatar.com\\\/avatar\\\/9137eff67ff750f1997c171f45e5829ca4c8fa34729a8f8cd9dc85be7e50df7f?s=96&d=mm&r=g\",\"url\":\"https:\\\/\\\/secure.gravatar.com\\\/avatar\\\/9137eff67ff750f1997c171f45e5829ca4c8fa34729a8f8cd9dc85be7e50df7f?s=96&d=mm&r=g\",\"contentUrl\":\"https:\\\/\\\/secure.gravatar.com\\\/avatar\\\/9137eff67ff750f1997c171f45e5829ca4c8fa34729a8f8cd9dc85be7e50df7f?s=96&d=mm&r=g\",\"caption\":\"Ana\u00efs Riu\"},\"url\":\"https:\\\/\\\/www.monaco-tribune.com\\\/it\\\/author\\\/anaisriu\\\/\"}]}<\/script>\n<!-- \/ Yoast SEO Premium plugin. -->","yoast_head_json":{"title":"La Famiglia Principesca di Monaco svela la sua tradizionale foto di Natale carica di dolcezza e complicit\u00e0","description":"In una calda tonalit\u00e0 di beige e marrone, il Principe Alberto II, la Principessa Charl\u00e8ne e i gemelli Jacques e Gabriella posano ai piedi dell'albero di","robots":{"index":"index","follow":"follow","max-snippet":"max-snippet:-1","max-image-preview":"max-image-preview:large","max-video-preview":"max-video-preview:-1"},"canonical":"https:\/\/www.monaco-tribune.com\/it\/2024\/12\/la-famiglia-principesca-di-monaco-svela-la-sua-tradizionale-foto-di-natale-carica-di-dolcezza-e-complicita\/","og_locale":"it_IT","og_type":"article","og_title":"La Famiglia Principesca di Monaco svela la sua tradizionale foto di Natale carica di dolcezza e complicit\u00e0 - Monaco Tribune","og_description":"In una calda tonalit\u00e0 di beige e marrone, il Principe Alberto II, la Principessa Charl\u00e8ne e i gemelli Jacques e Gabriella posano ai piedi dell'albero di","og_url":"https:\/\/www.monaco-tribune.com\/it\/2024\/12\/la-famiglia-principesca-di-monaco-svela-la-sua-tradizionale-foto-di-natale-carica-di-dolcezza-e-complicita\/","og_site_name":"Monaco Tribune","article_publisher":"https:\/\/www.facebook.com\/MonacoTribune","article_published_time":"2024-12-03T16:01:22+00:00","article_modified_time":"2024-12-03T16:01:28+00:00","og_image":[{"width":1366,"height":820,"url":"https:\/\/www.monaco-tribune.com\/wp-content\/uploads\/2024\/12\/la-famille-princiere-de-monaco-devoile-sa-traditionnelle-carte-de-voeux-de-noel-pleine-de-douceur-et-de-complicite-2.jpg","type":"image\/jpeg"}],"author":"Ana\u00efs Riu","twitter_card":"summary_large_image","twitter_creator":"@MonacoTribune","twitter_site":"@MonacoTribune","schema":{"@context":"https:\/\/schema.org","@graph":[{"@type":"NewsArticle","@id":"https:\/\/www.monaco-tribune.com\/it\/2024\/12\/la-famiglia-principesca-di-monaco-svela-la-sua-tradizionale-foto-di-natale-carica-di-dolcezza-e-complicita\/#article","isPartOf":{"@id":"https:\/\/www.monaco-tribune.com\/it\/2024\/12\/la-famiglia-principesca-di-monaco-svela-la-sua-tradizionale-foto-di-natale-carica-di-dolcezza-e-complicita\/"},"author":{"name":"Ana\u00efs Riu","@id":"https:\/\/www.monaco-tribune.com\/it\/#\/schema\/person\/6db631c784f2f0eff54c3ca4d1da2d49"},"headline":"La Famiglia Principesca di Monaco svela la sua tradizionale foto di Natale carica di dolcezza e complicit\u00e0","datePublished":"2024-12-03T16:01:22+00:00","dateModified":"2024-12-03T16:01:28+00:00","mainEntityOfPage":{"@id":"https:\/\/www.monaco-tribune.com\/it\/2024\/12\/la-famiglia-principesca-di-monaco-svela-la-sua-tradizionale-foto-di-natale-carica-di-dolcezza-e-complicita\/"},"wordCount":200,"publisher":{"@id":"https:\/\/www.monaco-tribune.com\/it\/#organization"},"image":{"@id":"https:\/\/www.monaco-tribune.com\/it\/2024\/12\/la-famiglia-principesca-di-monaco-svela-la-sua-tradizionale-foto-di-natale-carica-di-dolcezza-e-complicita\/#primaryimage"},"thumbnailUrl":"https:\/\/www.monaco-tribune.com\/wp-content\/uploads\/2024\/12\/la-famille-princiere-de-monaco-devoile-sa-traditionnelle-carte-de-voeux-de-noel-pleine-de-douceur-et-de-complicite-2.jpg","keywords":["Natale"],"articleSection":["Famiglia Principesca","La nostra scelta","Notizie"],"inLanguage":"it-IT","copyrightYear":"2024","copyrightHolder":{"@id":"https:\/\/www.monaco-tribune.com\/#organization"}},{"@type":"WebPage","@id":"https:\/\/www.monaco-tribune.com\/it\/2024\/12\/la-famiglia-principesca-di-monaco-svela-la-sua-tradizionale-foto-di-natale-carica-di-dolcezza-e-complicita\/","url":"https:\/\/www.monaco-tribune.com\/it\/2024\/12\/la-famiglia-principesca-di-monaco-svela-la-sua-tradizionale-foto-di-natale-carica-di-dolcezza-e-complicita\/","name":"La Famiglia Principesca di Monaco svela la sua tradizionale foto di Natale carica di dolcezza e complicit\u00e0","isPartOf":{"@id":"https:\/\/www.monaco-tribune.com\/it\/#website"},"primaryImageOfPage":{"@id":"https:\/\/www.monaco-tribune.com\/it\/2024\/12\/la-famiglia-principesca-di-monaco-svela-la-sua-tradizionale-foto-di-natale-carica-di-dolcezza-e-complicita\/#primaryimage"},"image":{"@id":"https:\/\/www.monaco-tribune.com\/it\/2024\/12\/la-famiglia-principesca-di-monaco-svela-la-sua-tradizionale-foto-di-natale-carica-di-dolcezza-e-complicita\/#primaryimage"},"thumbnailUrl":"https:\/\/www.monaco-tribune.com\/wp-content\/uploads\/2024\/12\/la-famille-princiere-de-monaco-devoile-sa-traditionnelle-carte-de-voeux-de-noel-pleine-de-douceur-et-de-complicite-2.jpg","datePublished":"2024-12-03T16:01:22+00:00","dateModified":"2024-12-03T16:01:28+00:00","description":"In una calda tonalit\u00e0 di beige e marrone, il Principe Alberto II, la Principessa Charl\u00e8ne e i gemelli Jacques e Gabriella posano ai piedi dell'albero di","breadcrumb":{"@id":"https:\/\/www.monaco-tribune.com\/it\/2024\/12\/la-famiglia-principesca-di-monaco-svela-la-sua-tradizionale-foto-di-natale-carica-di-dolcezza-e-complicita\/#breadcrumb"},"inLanguage":"it-IT","potentialAction":[{"@type":"ReadAction","target":["https:\/\/www.monaco-tribune.com\/it\/2024\/12\/la-famiglia-principesca-di-monaco-svela-la-sua-tradizionale-foto-di-natale-carica-di-dolcezza-e-complicita\/"]}]},{"@type":"ImageObject","inLanguage":"it-IT","@id":"https:\/\/www.monaco-tribune.com\/it\/2024\/12\/la-famiglia-principesca-di-monaco-svela-la-sua-tradizionale-foto-di-natale-carica-di-dolcezza-e-complicita\/#primaryimage","url":"https:\/\/www.monaco-tribune.com\/wp-content\/uploads\/2024\/12\/la-famille-princiere-de-monaco-devoile-sa-traditionnelle-carte-de-voeux-de-noel-pleine-de-douceur-et-de-complicite-2.jpg","contentUrl":"https:\/\/www.monaco-tribune.com\/wp-content\/uploads\/2024\/12\/la-famille-princiere-de-monaco-devoile-sa-traditionnelle-carte-de-voeux-de-noel-pleine-de-douceur-et-de-complicite-2.jpg","width":1366,"height":820,"caption":"La tradizionale foto di Natale della Famiglia Principesca \u00a9 Eric Mathon - Palazzo del Principe"},{"@type":"BreadcrumbList","@id":"https:\/\/www.monaco-tribune.com\/it\/2024\/12\/la-famiglia-principesca-di-monaco-svela-la-sua-tradizionale-foto-di-natale-carica-di-dolcezza-e-complicita\/#breadcrumb","itemListElement":[{"@type":"ListItem","position":1,"name":"Accueil","item":"https:\/\/www.monaco-tribune.com\/it\/"},{"@type":"ListItem","position":2,"name":"La Famiglia Principesca di Monaco svela la sua tradizionale foto di Natale carica di dolcezza e complicit\u00e0"}]},{"@type":"WebSite","@id":"https:\/\/www.monaco-tribune.com\/it\/#website","url":"https:\/\/www.monaco-tribune.com\/it\/","name":"Monaco Tribune","description":"Monaco : actualit\u00e9s \u00e9conomiques, politiques, culturelles et sportives de Monaco et de la French Riviera.","publisher":{"@id":"https:\/\/www.monaco-tribune.com\/it\/#organization"},"potentialAction":[{"@type":"SearchAction","target":{"@type":"EntryPoint","urlTemplate":"https:\/\/www.monaco-tribune.com\/it\/?s={search_term_string}"},"query-input":{"@type":"PropertyValueSpecification","valueRequired":true,"valueName":"search_term_string"}}],"inLanguage":"it-IT"},{"@type":"Organization","@id":"https:\/\/www.monaco-tribune.com\/it\/#organization","name":"Monaco Tribune","url":"https:\/\/www.monaco-tribune.com\/it\/","logo":{"@type":"ImageObject","inLanguage":"it-IT","@id":"https:\/\/www.monaco-tribune.com\/it\/#\/schema\/logo\/image\/","url":"https:\/\/www.monaco-tribune.com\/wp-content\/uploads\/2022\/11\/logo-monaco-tribune.png","contentUrl":"https:\/\/www.monaco-tribune.com\/wp-content\/uploads\/2022\/11\/logo-monaco-tribune.png","width":1548,"height":600,"caption":"Monaco Tribune"},"image":{"@id":"https:\/\/www.monaco-tribune.com\/it\/#\/schema\/logo\/image\/"},"sameAs":["https:\/\/www.facebook.com\/MonacoTribune","https:\/\/x.com\/MonacoTribune","https:\/\/www.instagram.com\/monacotribune\/","https:\/\/www.linkedin.com\/company\/monaco-tribune","https:\/\/www.youtube.com\/channel\/UCHle1MnG6hw1y4lWKijVbMA"]},{"@type":"Person","@id":"https:\/\/www.monaco-tribune.com\/it\/#\/schema\/person\/6db631c784f2f0eff54c3ca4d1da2d49","name":"Ana\u00efs Riu","image":{"@type":"ImageObject","inLanguage":"it-IT","@id":"https:\/\/secure.gravatar.com\/avatar\/9137eff67ff750f1997c171f45e5829ca4c8fa34729a8f8cd9dc85be7e50df7f?s=96&d=mm&r=g","url":"https:\/\/secure.gravatar.com\/avatar\/9137eff67ff750f1997c171f45e5829ca4c8fa34729a8f8cd9dc85be7e50df7f?s=96&d=mm&r=g","contentUrl":"https:\/\/secure.gravatar.com\/avatar\/9137eff67ff750f1997c171f45e5829ca4c8fa34729a8f8cd9dc85be7e50df7f?s=96&d=mm&r=g","caption":"Ana\u00efs Riu"},"url":"https:\/\/www.monaco-tribune.com\/it\/author\/anaisriu\/"}]}},"_links":{"self":[{"href":"https:\/\/www.monaco-tribune.com\/it\/wp-json\/wp\/v2\/posts\/264173","targetHints":{"allow":["GET"]}}],"collection":[{"href":"https:\/\/www.monaco-tribune.com\/it\/wp-json\/wp\/v2\/posts"}],"about":[{"href":"https:\/\/www.monaco-tribune.com\/it\/wp-json\/wp\/v2\/types\/post"}],"author":[{"embeddable":true,"href":"https:\/\/www.monaco-tribune.com\/it\/wp-json\/wp\/v2\/users\/77"}],"replies":[{"embeddable":true,"href":"https:\/\/www.monaco-tribune.com\/it\/wp-json\/wp\/v2\/comments?post=264173"}],"version-history":[{"count":2,"href":"https:\/\/www.monaco-tribune.com\/it\/wp-json\/wp\/v2\/posts\/264173\/revisions"}],"predecessor-version":[{"id":264176,"href":"https:\/\/www.monaco-tribune.com\/it\/wp-json\/wp\/v2\/posts\/264173\/revisions\/264176"}],"wp:featuredmedia":[{"embeddable":true,"href":"https:\/\/www.monaco-tribune.com\/it\/wp-json\/wp\/v2\/media\/264080"}],"wp:attachment":[{"href":"https:\/\/www.monaco-tribune.com\/it\/wp-json\/wp\/v2\/media?parent=264173"}],"wp:term":[{"taxonomy":"category","embeddable":true,"href":"https:\/\/www.monaco-tribune.com\/it\/wp-json\/wp\/v2\/categories?post=264173"},{"taxonomy":"post_tag","embeddable":true,"href":"https:\/\/www.monaco-tribune.com\/it\/wp-json\/wp\/v2\/tags?post=264173"},{"taxonomy":"sectag","embeddable":true,"href":"https:\/\/www.monaco-tribune.com\/it\/wp-json\/wp\/v2\/post_sectags?post=264173"},{"taxonomy":"format","embeddable":true,"href":"https:\/\/www.monaco-tribune.com\/it\/wp-json\/wp\/v2\/post_format?post=264173"}],"curies":[{"name":"wp","href":"https:\/\/api.w.org\/{rel}","templated":true}]}}