{"id":264188,"date":"2024-12-03T18:25:44","date_gmt":"2024-12-03T16:25:44","guid":{"rendered":"https:\/\/www.monaco-tribune.com\/2024\/12\/tentato-omicidio-a-monaco-un-uomo-accoltellato-il-sospettato-e-stato-arrestato\/"},"modified":"2024-12-03T18:25:50","modified_gmt":"2024-12-03T16:25:50","slug":"tentato-omicidio-a-monaco-un-uomo-accoltellato-il-sospettato-e-stato-arrestato","status":"publish","type":"post","link":"https:\/\/www.monaco-tribune.com\/it\/2024\/12\/tentato-omicidio-a-monaco-un-uomo-accoltellato-il-sospettato-e-stato-arrestato\/","title":{"rendered":"Tentato omicidio a Monaco: un uomo accoltellato, il sospettato \u00e8 stato arrestato"},"content":{"rendered":"\n<p><strong>Domenica 1\u00b0 dicembre, un uomo \u00e8 stato ritrovato nel quartiere Moneghetti di Monaco con gravi ferite da taglio. Un sospettato \u00e8 stato subito arrestato. Ecco cosa sappiamo al momento.<\/strong><\/p>\n\n<p>La sera del 1\u00b0 dicembre, intorno alle 21:30, la S\u00fbret\u00e9 Publique di Monaco \u00e8 stata chiamata a intervenire in seguito a una telefonata: un uomo \u201cinsanguinato, steso a terra, ma cosciente&#8221; era stato trovato in strada nei pressi di Square Lamarck. \u00c8 quanto ha rivelato <a href=\"https:\/\/www.monacomatin.mc\/faits-divers\/un-homme-poignarde-retrouve-dans-la-rue-dimanche-soir-a-monac0-un-suspect-interpelle-pour-tentative-de-meurtre-960362\">Monaco-Matin<\/a> e confermato Morgan Raymond, procuratore aggiunto di Monaco.<\/p>\n\n<p>Secondo Raymond, la vittima, un dipendente del Principato residente a Beausoleil (Francia), ha riportato ferite da taglio all&#8217;addome e alla coscia.<\/p>\n\n<h2 class=\"wp-block-heading\" id=\"h-soins-d-urgence-et-etat-stabilise\">Intervento d&#8217;urgenza e condizioni stabili<\/h2>\n\n<p>Prontamente soccorsa dai servizi di emergenza, la vittima, di circa quarant&#8217;anni, \u00e8 stata trasportata all&#8217;ospedale Pasteur di Nizza, dove \u00e8 stata sottoposta a un intervento chirurgico d&#8217;urgenza. \u201cLe sue condizioni sono ora stabili ed \u00e8 fuori pericolo\u201d, ha confermato il procuratore aggiunto.<\/p>\n\n<h2 class=\"wp-block-heading\" id=\"h-arrestation-rapide-du-suspect\">Arresto tempestivo di un sospettato<\/h2>\n\n<p>La polizia ha rapidamente identificato un \u201cresidente francese\u201d, che \u00e8 stato arrestato poco dopo in territorio monegasco. Preso in custodia per tentato omicidio, \u00e8 oggetto di un&#8217;indagine.<\/p>\n\n<p>L&#8217;indagine, condotta dalla polizia giudiziaria, \u00e8 ancora in corso. Le autorit\u00e0 stanno cercando di determinare le circostanze esatte di questo atto di violenza .<\/p>\n\n<p class=\"related\"><a href=\"https:\/\/www.monaco-tribune.com\/it\/2024\/11\/rapina-a-monaco-recuperati-i-quattro-orologi-di-lusso-per-un-valore-di-quasi-40-000-euro\/\">Rapina a Monaco: recuperati i quattro orologi di lusso per un valore di quasi 40.000 euro<\/a><\/p>\n","protected":false},"excerpt":{"rendered":"<p>Domenica 1\u00b0 dicembre, un uomo \u00e8 stato ritrovato nel quartiere Moneghetti di Monaco con gravi ferite da taglio. Un sospettato [&hellip;]<\/p>\n","protected":false},"author":77,"featured_media":232636,"comment_status":"closed","ping_status":"closed","sticky":false,"template":"","format":"standard","meta":{"_acf_changed":false,"footnotes":""},"categories":[1738,1752],"tags":[3415],"post_sectags":[],"post_format":[2478],"class_list":["post-264188","post","type-post","status-publish","format-standard","has-post-thumbnail","hentry","category-notizie","category-societa","tag-giustizia","format-notizia"],"acf":[],"yoast_head":"<!-- This site is optimized with the Yoast SEO Premium plugin v26.8 (Yoast SEO v27.4) - https:\/\/yoast.com\/product\/yoast-seo-premium-wordpress\/ -->\n<title>Tentato omicidio a Monaco: un uomo accoltellato, il sospettato \u00e8 stato arrestato<\/title>\n<meta name=\"description\" content=\"Domenica 1\u00b0 dicembre, un uomo \u00e8 stato ritrovato nel quartiere Moneghetti di Monaco con gravi ferite da taglio. Un sospettato \u00e8 stato subito arrestato.\" \/>\n<meta name=\"robots\" content=\"index, follow, max-snippet:-1, max-image-preview:large, max-video-preview:-1\" \/>\n<link rel=\"canonical\" href=\"https:\/\/www.monaco-tribune.com\/it\/2024\/12\/tentato-omicidio-a-monaco-un-uomo-accoltellato-il-sospettato-e-stato-arrestato\/\" \/>\n<meta property=\"og:locale\" content=\"it_IT\" \/>\n<meta property=\"og:type\" content=\"article\" \/>\n<meta property=\"og:title\" content=\"Tentato omicidio a Monaco: un uomo accoltellato, il sospettato \u00e8 stato arrestato - Monaco Tribune\" \/>\n<meta property=\"og:description\" content=\"Domenica 1\u00b0 dicembre, un uomo \u00e8 stato ritrovato nel quartiere Moneghetti di Monaco con gravi ferite da taglio. Un sospettato \u00e8 stato subito arrestato.\" \/>\n<meta property=\"og:url\" content=\"https:\/\/www.monaco-tribune.com\/it\/2024\/12\/tentato-omicidio-a-monaco-un-uomo-accoltellato-il-sospettato-e-stato-arrestato\/\" \/>\n<meta property=\"og:site_name\" content=\"Monaco Tribune\" \/>\n<meta property=\"article:publisher\" content=\"https:\/\/www.facebook.com\/MonacoTribune\" \/>\n<meta property=\"article:published_time\" content=\"2024-12-03T16:25:44+00:00\" \/>\n<meta property=\"article:modified_time\" content=\"2024-12-03T16:25:50+00:00\" \/>\n<meta property=\"og:image\" content=\"https:\/\/www.monaco-tribune.com\/wp-content\/uploads\/2024\/05\/police-immobilisation-evenements-monaco.jpg\" \/>\n\t<meta property=\"og:image:width\" content=\"1200\" \/>\n\t<meta property=\"og:image:height\" content=\"800\" \/>\n\t<meta property=\"og:image:type\" content=\"image\/jpeg\" \/>\n<meta name=\"author\" content=\"Ana\u00efs Riu\" \/>\n<meta name=\"twitter:card\" content=\"summary_large_image\" \/>\n<meta name=\"twitter:creator\" content=\"@MonacoTribune\" \/>\n<meta name=\"twitter:site\" content=\"@MonacoTribune\" \/>\n<script type=\"application\/ld+json\" class=\"yoast-schema-graph\">{\"@context\":\"https:\\\/\\\/schema.org\",\"@graph\":[{\"@type\":\"NewsArticle\",\"@id\":\"https:\\\/\\\/www.monaco-tribune.com\\\/it\\\/2024\\\/12\\\/tentato-omicidio-a-monaco-un-uomo-accoltellato-il-sospettato-e-stato-arrestato\\\/#article\",\"isPartOf\":{\"@id\":\"https:\\\/\\\/www.monaco-tribune.com\\\/it\\\/2024\\\/12\\\/tentato-omicidio-a-monaco-un-uomo-accoltellato-il-sospettato-e-stato-arrestato\\\/\"},\"author\":{\"name\":\"Ana\u00efs Riu\",\"@id\":\"https:\\\/\\\/www.monaco-tribune.com\\\/it\\\/#\\\/schema\\\/person\\\/6db631c784f2f0eff54c3ca4d1da2d49\"},\"headline\":\"Tentato omicidio a Monaco: un uomo accoltellato, il sospettato \u00e8 stato arrestato\",\"datePublished\":\"2024-12-03T16:25:44+00:00\",\"dateModified\":\"2024-12-03T16:25:50+00:00\",\"mainEntityOfPage\":{\"@id\":\"https:\\\/\\\/www.monaco-tribune.com\\\/it\\\/2024\\\/12\\\/tentato-omicidio-a-monaco-un-uomo-accoltellato-il-sospettato-e-stato-arrestato\\\/\"},\"wordCount\":227,\"publisher\":{\"@id\":\"https:\\\/\\\/www.monaco-tribune.com\\\/it\\\/#organization\"},\"image\":{\"@id\":\"https:\\\/\\\/www.monaco-tribune.com\\\/it\\\/2024\\\/12\\\/tentato-omicidio-a-monaco-un-uomo-accoltellato-il-sospettato-e-stato-arrestato\\\/#primaryimage\"},\"thumbnailUrl\":\"https:\\\/\\\/www.monaco-tribune.com\\\/wp-content\\\/uploads\\\/2024\\\/05\\\/police-immobilisation-evenements-monaco.jpg\",\"keywords\":[\"Giustizia\"],\"articleSection\":[\"Notizie\",\"Societ\u00e0\"],\"inLanguage\":\"it-IT\",\"copyrightYear\":\"2024\",\"copyrightHolder\":{\"@id\":\"https:\\\/\\\/www.monaco-tribune.com\\\/#organization\"}},{\"@type\":\"WebPage\",\"@id\":\"https:\\\/\\\/www.monaco-tribune.com\\\/it\\\/2024\\\/12\\\/tentato-omicidio-a-monaco-un-uomo-accoltellato-il-sospettato-e-stato-arrestato\\\/\",\"url\":\"https:\\\/\\\/www.monaco-tribune.com\\\/it\\\/2024\\\/12\\\/tentato-omicidio-a-monaco-un-uomo-accoltellato-il-sospettato-e-stato-arrestato\\\/\",\"name\":\"Tentato omicidio a Monaco: un uomo accoltellato, il sospettato \u00e8 stato arrestato\",\"isPartOf\":{\"@id\":\"https:\\\/\\\/www.monaco-tribune.com\\\/it\\\/#website\"},\"primaryImageOfPage\":{\"@id\":\"https:\\\/\\\/www.monaco-tribune.com\\\/it\\\/2024\\\/12\\\/tentato-omicidio-a-monaco-un-uomo-accoltellato-il-sospettato-e-stato-arrestato\\\/#primaryimage\"},\"image\":{\"@id\":\"https:\\\/\\\/www.monaco-tribune.com\\\/it\\\/2024\\\/12\\\/tentato-omicidio-a-monaco-un-uomo-accoltellato-il-sospettato-e-stato-arrestato\\\/#primaryimage\"},\"thumbnailUrl\":\"https:\\\/\\\/www.monaco-tribune.com\\\/wp-content\\\/uploads\\\/2024\\\/05\\\/police-immobilisation-evenements-monaco.jpg\",\"datePublished\":\"2024-12-03T16:25:44+00:00\",\"dateModified\":\"2024-12-03T16:25:50+00:00\",\"description\":\"Domenica 1\u00b0 dicembre, un uomo \u00e8 stato ritrovato nel quartiere Moneghetti di Monaco con gravi ferite da taglio. Un sospettato \u00e8 stato subito arrestato.\",\"breadcrumb\":{\"@id\":\"https:\\\/\\\/www.monaco-tribune.com\\\/it\\\/2024\\\/12\\\/tentato-omicidio-a-monaco-un-uomo-accoltellato-il-sospettato-e-stato-arrestato\\\/#breadcrumb\"},\"inLanguage\":\"it-IT\",\"potentialAction\":[{\"@type\":\"ReadAction\",\"target\":[\"https:\\\/\\\/www.monaco-tribune.com\\\/it\\\/2024\\\/12\\\/tentato-omicidio-a-monaco-un-uomo-accoltellato-il-sospettato-e-stato-arrestato\\\/\"]}]},{\"@type\":\"ImageObject\",\"inLanguage\":\"it-IT\",\"@id\":\"https:\\\/\\\/www.monaco-tribune.com\\\/it\\\/2024\\\/12\\\/tentato-omicidio-a-monaco-un-uomo-accoltellato-il-sospettato-e-stato-arrestato\\\/#primaryimage\",\"url\":\"https:\\\/\\\/www.monaco-tribune.com\\\/wp-content\\\/uploads\\\/2024\\\/05\\\/police-immobilisation-evenements-monaco.jpg\",\"contentUrl\":\"https:\\\/\\\/www.monaco-tribune.com\\\/wp-content\\\/uploads\\\/2024\\\/05\\\/police-immobilisation-evenements-monaco.jpg\",\"width\":1200,\"height\":800,\"caption\":\"Oltre 500 agenti di polizia assicurano quotidianamente la sicurezza del Principato \u00a9 Direzione della Comunicazione \\\/ Manuel Vitali\"},{\"@type\":\"BreadcrumbList\",\"@id\":\"https:\\\/\\\/www.monaco-tribune.com\\\/it\\\/2024\\\/12\\\/tentato-omicidio-a-monaco-un-uomo-accoltellato-il-sospettato-e-stato-arrestato\\\/#breadcrumb\",\"itemListElement\":[{\"@type\":\"ListItem\",\"position\":1,\"name\":\"Accueil\",\"item\":\"https:\\\/\\\/www.monaco-tribune.com\\\/it\\\/\"},{\"@type\":\"ListItem\",\"position\":2,\"name\":\"Tentato omicidio a Monaco: un uomo accoltellato, il sospettato \u00e8 stato arrestato\"}]},{\"@type\":\"WebSite\",\"@id\":\"https:\\\/\\\/www.monaco-tribune.com\\\/it\\\/#website\",\"url\":\"https:\\\/\\\/www.monaco-tribune.com\\\/it\\\/\",\"name\":\"Monaco Tribune\",\"description\":\"Monaco : actualit\u00e9s \u00e9conomiques, politiques, culturelles et sportives de Monaco et de la French Riviera.\",\"publisher\":{\"@id\":\"https:\\\/\\\/www.monaco-tribune.com\\\/it\\\/#organization\"},\"potentialAction\":[{\"@type\":\"SearchAction\",\"target\":{\"@type\":\"EntryPoint\",\"urlTemplate\":\"https:\\\/\\\/www.monaco-tribune.com\\\/it\\\/?s={search_term_string}\"},\"query-input\":{\"@type\":\"PropertyValueSpecification\",\"valueRequired\":true,\"valueName\":\"search_term_string\"}}],\"inLanguage\":\"it-IT\"},{\"@type\":\"Organization\",\"@id\":\"https:\\\/\\\/www.monaco-tribune.com\\\/it\\\/#organization\",\"name\":\"Monaco Tribune\",\"url\":\"https:\\\/\\\/www.monaco-tribune.com\\\/it\\\/\",\"logo\":{\"@type\":\"ImageObject\",\"inLanguage\":\"it-IT\",\"@id\":\"https:\\\/\\\/www.monaco-tribune.com\\\/it\\\/#\\\/schema\\\/logo\\\/image\\\/\",\"url\":\"https:\\\/\\\/www.monaco-tribune.com\\\/wp-content\\\/uploads\\\/2022\\\/11\\\/logo-monaco-tribune.png\",\"contentUrl\":\"https:\\\/\\\/www.monaco-tribune.com\\\/wp-content\\\/uploads\\\/2022\\\/11\\\/logo-monaco-tribune.png\",\"width\":1548,\"height\":600,\"caption\":\"Monaco Tribune\"},\"image\":{\"@id\":\"https:\\\/\\\/www.monaco-tribune.com\\\/it\\\/#\\\/schema\\\/logo\\\/image\\\/\"},\"sameAs\":[\"https:\\\/\\\/www.facebook.com\\\/MonacoTribune\",\"https:\\\/\\\/x.com\\\/MonacoTribune\",\"https:\\\/\\\/www.instagram.com\\\/monacotribune\\\/\",\"https:\\\/\\\/www.linkedin.com\\\/company\\\/monaco-tribune\",\"https:\\\/\\\/www.youtube.com\\\/channel\\\/UCHle1MnG6hw1y4lWKijVbMA\"]},{\"@type\":\"Person\",\"@id\":\"https:\\\/\\\/www.monaco-tribune.com\\\/it\\\/#\\\/schema\\\/person\\\/6db631c784f2f0eff54c3ca4d1da2d49\",\"name\":\"Ana\u00efs Riu\",\"image\":{\"@type\":\"ImageObject\",\"inLanguage\":\"it-IT\",\"@id\":\"https:\\\/\\\/secure.gravatar.com\\\/avatar\\\/9137eff67ff750f1997c171f45e5829ca4c8fa34729a8f8cd9dc85be7e50df7f?s=96&d=mm&r=g\",\"url\":\"https:\\\/\\\/secure.gravatar.com\\\/avatar\\\/9137eff67ff750f1997c171f45e5829ca4c8fa34729a8f8cd9dc85be7e50df7f?s=96&d=mm&r=g\",\"contentUrl\":\"https:\\\/\\\/secure.gravatar.com\\\/avatar\\\/9137eff67ff750f1997c171f45e5829ca4c8fa34729a8f8cd9dc85be7e50df7f?s=96&d=mm&r=g\",\"caption\":\"Ana\u00efs Riu\"},\"url\":\"https:\\\/\\\/www.monaco-tribune.com\\\/it\\\/author\\\/anaisriu\\\/\"}]}<\/script>\n<!-- \/ Yoast SEO Premium plugin. -->","yoast_head_json":{"title":"Tentato omicidio a Monaco: un uomo accoltellato, il sospettato \u00e8 stato arrestato","description":"Domenica 1\u00b0 dicembre, un uomo \u00e8 stato ritrovato nel quartiere Moneghetti di Monaco con gravi ferite da taglio. Un sospettato \u00e8 stato subito arrestato.","robots":{"index":"index","follow":"follow","max-snippet":"max-snippet:-1","max-image-preview":"max-image-preview:large","max-video-preview":"max-video-preview:-1"},"canonical":"https:\/\/www.monaco-tribune.com\/it\/2024\/12\/tentato-omicidio-a-monaco-un-uomo-accoltellato-il-sospettato-e-stato-arrestato\/","og_locale":"it_IT","og_type":"article","og_title":"Tentato omicidio a Monaco: un uomo accoltellato, il sospettato \u00e8 stato arrestato - Monaco Tribune","og_description":"Domenica 1\u00b0 dicembre, un uomo \u00e8 stato ritrovato nel quartiere Moneghetti di Monaco con gravi ferite da taglio. Un sospettato \u00e8 stato subito arrestato.","og_url":"https:\/\/www.monaco-tribune.com\/it\/2024\/12\/tentato-omicidio-a-monaco-un-uomo-accoltellato-il-sospettato-e-stato-arrestato\/","og_site_name":"Monaco Tribune","article_publisher":"https:\/\/www.facebook.com\/MonacoTribune","article_published_time":"2024-12-03T16:25:44+00:00","article_modified_time":"2024-12-03T16:25:50+00:00","og_image":[{"width":1200,"height":800,"url":"https:\/\/www.monaco-tribune.com\/wp-content\/uploads\/2024\/05\/police-immobilisation-evenements-monaco.jpg","type":"image\/jpeg"}],"author":"Ana\u00efs Riu","twitter_card":"summary_large_image","twitter_creator":"@MonacoTribune","twitter_site":"@MonacoTribune","schema":{"@context":"https:\/\/schema.org","@graph":[{"@type":"NewsArticle","@id":"https:\/\/www.monaco-tribune.com\/it\/2024\/12\/tentato-omicidio-a-monaco-un-uomo-accoltellato-il-sospettato-e-stato-arrestato\/#article","isPartOf":{"@id":"https:\/\/www.monaco-tribune.com\/it\/2024\/12\/tentato-omicidio-a-monaco-un-uomo-accoltellato-il-sospettato-e-stato-arrestato\/"},"author":{"name":"Ana\u00efs Riu","@id":"https:\/\/www.monaco-tribune.com\/it\/#\/schema\/person\/6db631c784f2f0eff54c3ca4d1da2d49"},"headline":"Tentato omicidio a Monaco: un uomo accoltellato, il sospettato \u00e8 stato arrestato","datePublished":"2024-12-03T16:25:44+00:00","dateModified":"2024-12-03T16:25:50+00:00","mainEntityOfPage":{"@id":"https:\/\/www.monaco-tribune.com\/it\/2024\/12\/tentato-omicidio-a-monaco-un-uomo-accoltellato-il-sospettato-e-stato-arrestato\/"},"wordCount":227,"publisher":{"@id":"https:\/\/www.monaco-tribune.com\/it\/#organization"},"image":{"@id":"https:\/\/www.monaco-tribune.com\/it\/2024\/12\/tentato-omicidio-a-monaco-un-uomo-accoltellato-il-sospettato-e-stato-arrestato\/#primaryimage"},"thumbnailUrl":"https:\/\/www.monaco-tribune.com\/wp-content\/uploads\/2024\/05\/police-immobilisation-evenements-monaco.jpg","keywords":["Giustizia"],"articleSection":["Notizie","Societ\u00e0"],"inLanguage":"it-IT","copyrightYear":"2024","copyrightHolder":{"@id":"https:\/\/www.monaco-tribune.com\/#organization"}},{"@type":"WebPage","@id":"https:\/\/www.monaco-tribune.com\/it\/2024\/12\/tentato-omicidio-a-monaco-un-uomo-accoltellato-il-sospettato-e-stato-arrestato\/","url":"https:\/\/www.monaco-tribune.com\/it\/2024\/12\/tentato-omicidio-a-monaco-un-uomo-accoltellato-il-sospettato-e-stato-arrestato\/","name":"Tentato omicidio a Monaco: un uomo accoltellato, il sospettato \u00e8 stato arrestato","isPartOf":{"@id":"https:\/\/www.monaco-tribune.com\/it\/#website"},"primaryImageOfPage":{"@id":"https:\/\/www.monaco-tribune.com\/it\/2024\/12\/tentato-omicidio-a-monaco-un-uomo-accoltellato-il-sospettato-e-stato-arrestato\/#primaryimage"},"image":{"@id":"https:\/\/www.monaco-tribune.com\/it\/2024\/12\/tentato-omicidio-a-monaco-un-uomo-accoltellato-il-sospettato-e-stato-arrestato\/#primaryimage"},"thumbnailUrl":"https:\/\/www.monaco-tribune.com\/wp-content\/uploads\/2024\/05\/police-immobilisation-evenements-monaco.jpg","datePublished":"2024-12-03T16:25:44+00:00","dateModified":"2024-12-03T16:25:50+00:00","description":"Domenica 1\u00b0 dicembre, un uomo \u00e8 stato ritrovato nel quartiere Moneghetti di Monaco con gravi ferite da taglio. Un sospettato \u00e8 stato subito arrestato.","breadcrumb":{"@id":"https:\/\/www.monaco-tribune.com\/it\/2024\/12\/tentato-omicidio-a-monaco-un-uomo-accoltellato-il-sospettato-e-stato-arrestato\/#breadcrumb"},"inLanguage":"it-IT","potentialAction":[{"@type":"ReadAction","target":["https:\/\/www.monaco-tribune.com\/it\/2024\/12\/tentato-omicidio-a-monaco-un-uomo-accoltellato-il-sospettato-e-stato-arrestato\/"]}]},{"@type":"ImageObject","inLanguage":"it-IT","@id":"https:\/\/www.monaco-tribune.com\/it\/2024\/12\/tentato-omicidio-a-monaco-un-uomo-accoltellato-il-sospettato-e-stato-arrestato\/#primaryimage","url":"https:\/\/www.monaco-tribune.com\/wp-content\/uploads\/2024\/05\/police-immobilisation-evenements-monaco.jpg","contentUrl":"https:\/\/www.monaco-tribune.com\/wp-content\/uploads\/2024\/05\/police-immobilisation-evenements-monaco.jpg","width":1200,"height":800,"caption":"Oltre 500 agenti di polizia assicurano quotidianamente la sicurezza del Principato \u00a9 Direzione della Comunicazione \/ Manuel Vitali"},{"@type":"BreadcrumbList","@id":"https:\/\/www.monaco-tribune.com\/it\/2024\/12\/tentato-omicidio-a-monaco-un-uomo-accoltellato-il-sospettato-e-stato-arrestato\/#breadcrumb","itemListElement":[{"@type":"ListItem","position":1,"name":"Accueil","item":"https:\/\/www.monaco-tribune.com\/it\/"},{"@type":"ListItem","position":2,"name":"Tentato omicidio a Monaco: un uomo accoltellato, il sospettato \u00e8 stato arrestato"}]},{"@type":"WebSite","@id":"https:\/\/www.monaco-tribune.com\/it\/#website","url":"https:\/\/www.monaco-tribune.com\/it\/","name":"Monaco Tribune","description":"Monaco : actualit\u00e9s \u00e9conomiques, politiques, culturelles et sportives de Monaco et de la French Riviera.","publisher":{"@id":"https:\/\/www.monaco-tribune.com\/it\/#organization"},"potentialAction":[{"@type":"SearchAction","target":{"@type":"EntryPoint","urlTemplate":"https:\/\/www.monaco-tribune.com\/it\/?s={search_term_string}"},"query-input":{"@type":"PropertyValueSpecification","valueRequired":true,"valueName":"search_term_string"}}],"inLanguage":"it-IT"},{"@type":"Organization","@id":"https:\/\/www.monaco-tribune.com\/it\/#organization","name":"Monaco Tribune","url":"https:\/\/www.monaco-tribune.com\/it\/","logo":{"@type":"ImageObject","inLanguage":"it-IT","@id":"https:\/\/www.monaco-tribune.com\/it\/#\/schema\/logo\/image\/","url":"https:\/\/www.monaco-tribune.com\/wp-content\/uploads\/2022\/11\/logo-monaco-tribune.png","contentUrl":"https:\/\/www.monaco-tribune.com\/wp-content\/uploads\/2022\/11\/logo-monaco-tribune.png","width":1548,"height":600,"caption":"Monaco Tribune"},"image":{"@id":"https:\/\/www.monaco-tribune.com\/it\/#\/schema\/logo\/image\/"},"sameAs":["https:\/\/www.facebook.com\/MonacoTribune","https:\/\/x.com\/MonacoTribune","https:\/\/www.instagram.com\/monacotribune\/","https:\/\/www.linkedin.com\/company\/monaco-tribune","https:\/\/www.youtube.com\/channel\/UCHle1MnG6hw1y4lWKijVbMA"]},{"@type":"Person","@id":"https:\/\/www.monaco-tribune.com\/it\/#\/schema\/person\/6db631c784f2f0eff54c3ca4d1da2d49","name":"Ana\u00efs Riu","image":{"@type":"ImageObject","inLanguage":"it-IT","@id":"https:\/\/secure.gravatar.com\/avatar\/9137eff67ff750f1997c171f45e5829ca4c8fa34729a8f8cd9dc85be7e50df7f?s=96&d=mm&r=g","url":"https:\/\/secure.gravatar.com\/avatar\/9137eff67ff750f1997c171f45e5829ca4c8fa34729a8f8cd9dc85be7e50df7f?s=96&d=mm&r=g","contentUrl":"https:\/\/secure.gravatar.com\/avatar\/9137eff67ff750f1997c171f45e5829ca4c8fa34729a8f8cd9dc85be7e50df7f?s=96&d=mm&r=g","caption":"Ana\u00efs Riu"},"url":"https:\/\/www.monaco-tribune.com\/it\/author\/anaisriu\/"}]}},"_links":{"self":[{"href":"https:\/\/www.monaco-tribune.com\/it\/wp-json\/wp\/v2\/posts\/264188","targetHints":{"allow":["GET"]}}],"collection":[{"href":"https:\/\/www.monaco-tribune.com\/it\/wp-json\/wp\/v2\/posts"}],"about":[{"href":"https:\/\/www.monaco-tribune.com\/it\/wp-json\/wp\/v2\/types\/post"}],"author":[{"embeddable":true,"href":"https:\/\/www.monaco-tribune.com\/it\/wp-json\/wp\/v2\/users\/77"}],"replies":[{"embeddable":true,"href":"https:\/\/www.monaco-tribune.com\/it\/wp-json\/wp\/v2\/comments?post=264188"}],"version-history":[{"count":2,"href":"https:\/\/www.monaco-tribune.com\/it\/wp-json\/wp\/v2\/posts\/264188\/revisions"}],"predecessor-version":[{"id":264191,"href":"https:\/\/www.monaco-tribune.com\/it\/wp-json\/wp\/v2\/posts\/264188\/revisions\/264191"}],"wp:featuredmedia":[{"embeddable":true,"href":"https:\/\/www.monaco-tribune.com\/it\/wp-json\/wp\/v2\/media\/232636"}],"wp:attachment":[{"href":"https:\/\/www.monaco-tribune.com\/it\/wp-json\/wp\/v2\/media?parent=264188"}],"wp:term":[{"taxonomy":"category","embeddable":true,"href":"https:\/\/www.monaco-tribune.com\/it\/wp-json\/wp\/v2\/categories?post=264188"},{"taxonomy":"post_tag","embeddable":true,"href":"https:\/\/www.monaco-tribune.com\/it\/wp-json\/wp\/v2\/tags?post=264188"},{"taxonomy":"sectag","embeddable":true,"href":"https:\/\/www.monaco-tribune.com\/it\/wp-json\/wp\/v2\/post_sectags?post=264188"},{"taxonomy":"format","embeddable":true,"href":"https:\/\/www.monaco-tribune.com\/it\/wp-json\/wp\/v2\/post_format?post=264188"}],"curies":[{"name":"wp","href":"https:\/\/api.w.org\/{rel}","templated":true}]}}