{"id":266573,"date":"2024-12-11T19:17:54","date_gmt":"2024-12-11T17:17:54","guid":{"rendered":"https:\/\/www.monaco-tribune.com\/2024\/12\/decesso-di-fernanda-casiraghi-la-principessa-carolina-in-lutto\/"},"modified":"2024-12-11T19:36:36","modified_gmt":"2024-12-11T17:36:36","slug":"decesso-di-fernanda-casiraghi-la-principessa-carolina-in-lutto","status":"publish","type":"post","link":"https:\/\/www.monaco-tribune.com\/it\/2024\/12\/decesso-di-fernanda-casiraghi-la-principessa-carolina-in-lutto\/","title":{"rendered":"Morta Fernanda Casiraghi, la Principessa Carolina in lutto"},"content":{"rendered":"\n<p><strong>Fernanda Biffi Casiraghi, suocera della Principessa Carolina, \u00e8 deceduta all&#8217;et\u00e0 di 99 anni.<\/strong><\/p>\n\n<p>Fernanda Biffi Casiraghi \u00e8 deceduta lo scorso fine settimana all&#8217;et\u00e0 di 99 anni. La suocera della Principessa Carolina si \u00e8 spenta nella villa di famiglia a Fino Mornasco, in Lombardia.<\/p>\n\n<p>La triste notizia \u00e8 stata annunciata dal figlio Marco Casiraghi al <a href=\"https:\/\/milano.corriere.it\/notizie\/cronaca\/24_dicembre_08\/fernanda-casiraghi-e-morta-era-la-mamma-di-stefano-che-sposo-carolina-di-monaco-in-quasi-un-secolo-ha-vissuto-grandi-gioie-e-1d3ebe63-41fa-4522-8171-720260c27xlk.shtml\">Corriere della Sera<\/a>. \u00ab Mamma Fernanda ha lasciato questa vita, una vita attraversata con intensit\u00e0 e incredibile energia<em>. <\/em>Mamma ha avuto grandi gioie e grandi dolori, ma era una donna cresciuta in tempo di guerra capace di affrontare la vita con le sue spine con coraggio&#8221;<em>.<\/em> Fernanda Biffi Casiraghi era la madre di Stefano Casiraghi, tragicamente scomparso nel 1990 in un incidente in barca all&#8217;et\u00e0 di 30 anni. Lascia altri tre figli Marco, Daniele e Rosalba.<\/p>\n\n<p>Ha giocato un ruolo importante nel tessuto economico monegasco. Fondatrice e prima presidente dell&#8217;Associazione degli imprenditori italiani a Monaco, \u00e8 stata ambasciatrice delle relazioni tra l&#8217;Italia e il Principato.<\/p>\n\n<p class=\"related\"><a href=\"https:\/\/www.monaco-tribune.com\/it\/2024\/11\/ordine-al-merito-culturale-la-principessa-carolina-conferisce-lonorificenza-alla-figlia-charlotte-casiraghi\/\">Ordine al Merito Culturale: la Principessa Carolina conferisce l\u2019onorificenza alla figlia Charlotte Casiraghi<\/a><\/p>\n\n<h2 class=\"wp-block-heading\" id=\"h-la-famille-princiere-assiste-aux-obseques\">La famiglia Princi\u00e8re partecipa al funerale<\/h2>\n\n<p>Nonostante la morte del figlio Stefano, \u00e8 rimasta molto legata alla Principessa Carolina. Fernanda Biffi Casiraghi e la Principessa di Hannover hanno mantenuto a lungo un legame molto stretto e sono apparse insieme in numerose occasioni a diversi eventi di famiglia.<\/p>\n\n<p>I funerali si sono svolti luned\u00ec 9 dicembre a Fino Mornasco, in Lombardia, nella massima riservatezza. Era presente la Principessa Carolina, accompagnata dai tre figli Charlotte, Pierre e Andrea Casiraghi. Un Pierre Casiraghi commosso ha potuto contare sul sostegno della moglie Beatrice Borromeo.<\/p>\n\n<p>Fernanda Biffi Casiraghi riposa nella tomba di famiglia, insieme al marito Giancarlo Casiraghi e al figlio Stefano.<\/p>\n\n<p><\/p>\n","protected":false},"excerpt":{"rendered":"<p>Fernanda Biffi Casiraghi, suocera della Principessa Carolina, \u00e8 deceduta all&#8217;et\u00e0 di 99 anni. Fernanda Biffi Casiraghi \u00e8 deceduta lo scorso [&hellip;]<\/p>\n","protected":false},"author":80,"featured_media":266001,"comment_status":"closed","ping_status":"closed","sticky":false,"template":"","format":"standard","meta":{"_acf_changed":false,"footnotes":""},"categories":[1742,1738],"tags":[2870],"post_sectags":[3750],"post_format":[2478],"class_list":["post-266573","post","type-post","status-publish","format-standard","has-post-thumbnail","hentry","category-famiglia-principesca","category-notizie","tag-principessa-carolina","sectag-italia","format-notizia"],"acf":[],"yoast_head":"<!-- This site is optimized with the Yoast SEO Premium plugin v26.8 (Yoast SEO v27.4) - https:\/\/yoast.com\/product\/yoast-seo-premium-wordpress\/ -->\n<title>Morta Fernanda Casiraghi, la Principessa Carolina in lutto<\/title>\n<meta name=\"description\" content=\"Fernanda Biffi Casiraghi, suocera della Principessa Carolina, \u00e8 deceduta all&#039;et\u00e0 di 99 anni. Fernanda Biffi Casiraghi \u00e8 deceduta lo scorso fine settimana\" \/>\n<meta name=\"robots\" content=\"index, follow, max-snippet:-1, max-image-preview:large, max-video-preview:-1\" \/>\n<link rel=\"canonical\" href=\"https:\/\/www.monaco-tribune.com\/it\/2024\/12\/decesso-di-fernanda-casiraghi-la-principessa-carolina-in-lutto\/\" \/>\n<meta property=\"og:locale\" content=\"it_IT\" \/>\n<meta property=\"og:type\" content=\"article\" \/>\n<meta property=\"og:title\" content=\"Morta Fernanda Casiraghi, la Principessa Carolina in lutto - Monaco Tribune\" \/>\n<meta property=\"og:description\" content=\"Fernanda Biffi Casiraghi, suocera della Principessa Carolina, \u00e8 deceduta all&#039;et\u00e0 di 99 anni. Fernanda Biffi Casiraghi \u00e8 deceduta lo scorso fine settimana\" \/>\n<meta property=\"og:url\" content=\"https:\/\/www.monaco-tribune.com\/it\/2024\/12\/decesso-di-fernanda-casiraghi-la-principessa-carolina-in-lutto\/\" \/>\n<meta property=\"og:site_name\" content=\"Monaco Tribune\" \/>\n<meta property=\"article:publisher\" content=\"https:\/\/www.facebook.com\/MonacoTribune\" \/>\n<meta property=\"article:published_time\" content=\"2024-12-11T17:17:54+00:00\" \/>\n<meta property=\"article:modified_time\" content=\"2024-12-11T17:36:36+00:00\" \/>\n<meta property=\"og:image\" content=\"https:\/\/www.monaco-tribune.com\/wp-content\/uploads\/2024\/12\/fernanda-biffi-casiraghi.jpg\" \/>\n\t<meta property=\"og:image:width\" content=\"1200\" \/>\n\t<meta property=\"og:image:height\" content=\"800\" \/>\n\t<meta property=\"og:image:type\" content=\"image\/jpeg\" \/>\n<meta name=\"author\" content=\"Estelle Imbert\" \/>\n<meta name=\"twitter:card\" content=\"summary_large_image\" \/>\n<meta name=\"twitter:creator\" content=\"@MonacoTribune\" \/>\n<meta name=\"twitter:site\" content=\"@MonacoTribune\" \/>\n<script type=\"application\/ld+json\" class=\"yoast-schema-graph\">{\"@context\":\"https:\\\/\\\/schema.org\",\"@graph\":[{\"@type\":\"NewsArticle\",\"@id\":\"https:\\\/\\\/www.monaco-tribune.com\\\/it\\\/2024\\\/12\\\/decesso-di-fernanda-casiraghi-la-principessa-carolina-in-lutto\\\/#article\",\"isPartOf\":{\"@id\":\"https:\\\/\\\/www.monaco-tribune.com\\\/it\\\/2024\\\/12\\\/decesso-di-fernanda-casiraghi-la-principessa-carolina-in-lutto\\\/\"},\"author\":{\"name\":\"Estelle Imbert\",\"@id\":\"https:\\\/\\\/www.monaco-tribune.com\\\/it\\\/#\\\/schema\\\/person\\\/55ce91a070ff78e15ec1817376669bf4\"},\"headline\":\"Morta Fernanda Casiraghi, la Principessa Carolina in lutto\",\"datePublished\":\"2024-12-11T17:17:54+00:00\",\"dateModified\":\"2024-12-11T17:36:36+00:00\",\"mainEntityOfPage\":{\"@id\":\"https:\\\/\\\/www.monaco-tribune.com\\\/it\\\/2024\\\/12\\\/decesso-di-fernanda-casiraghi-la-principessa-carolina-in-lutto\\\/\"},\"wordCount\":282,\"publisher\":{\"@id\":\"https:\\\/\\\/www.monaco-tribune.com\\\/it\\\/#organization\"},\"image\":{\"@id\":\"https:\\\/\\\/www.monaco-tribune.com\\\/it\\\/2024\\\/12\\\/decesso-di-fernanda-casiraghi-la-principessa-carolina-in-lutto\\\/#primaryimage\"},\"thumbnailUrl\":\"https:\\\/\\\/www.monaco-tribune.com\\\/wp-content\\\/uploads\\\/2024\\\/12\\\/fernanda-biffi-casiraghi.jpg\",\"keywords\":[\"Principessa Carolina\"],\"articleSection\":[\"Famiglia Principesca\",\"Notizie\"],\"inLanguage\":\"it-IT\",\"copyrightYear\":\"2024\",\"copyrightHolder\":{\"@id\":\"https:\\\/\\\/www.monaco-tribune.com\\\/#organization\"}},{\"@type\":\"WebPage\",\"@id\":\"https:\\\/\\\/www.monaco-tribune.com\\\/it\\\/2024\\\/12\\\/decesso-di-fernanda-casiraghi-la-principessa-carolina-in-lutto\\\/\",\"url\":\"https:\\\/\\\/www.monaco-tribune.com\\\/it\\\/2024\\\/12\\\/decesso-di-fernanda-casiraghi-la-principessa-carolina-in-lutto\\\/\",\"name\":\"Morta Fernanda Casiraghi, la Principessa Carolina in lutto\",\"isPartOf\":{\"@id\":\"https:\\\/\\\/www.monaco-tribune.com\\\/it\\\/#website\"},\"primaryImageOfPage\":{\"@id\":\"https:\\\/\\\/www.monaco-tribune.com\\\/it\\\/2024\\\/12\\\/decesso-di-fernanda-casiraghi-la-principessa-carolina-in-lutto\\\/#primaryimage\"},\"image\":{\"@id\":\"https:\\\/\\\/www.monaco-tribune.com\\\/it\\\/2024\\\/12\\\/decesso-di-fernanda-casiraghi-la-principessa-carolina-in-lutto\\\/#primaryimage\"},\"thumbnailUrl\":\"https:\\\/\\\/www.monaco-tribune.com\\\/wp-content\\\/uploads\\\/2024\\\/12\\\/fernanda-biffi-casiraghi.jpg\",\"datePublished\":\"2024-12-11T17:17:54+00:00\",\"dateModified\":\"2024-12-11T17:36:36+00:00\",\"description\":\"Fernanda Biffi Casiraghi, suocera della Principessa Carolina, \u00e8 deceduta all'et\u00e0 di 99 anni. Fernanda Biffi Casiraghi \u00e8 deceduta lo scorso fine settimana\",\"breadcrumb\":{\"@id\":\"https:\\\/\\\/www.monaco-tribune.com\\\/it\\\/2024\\\/12\\\/decesso-di-fernanda-casiraghi-la-principessa-carolina-in-lutto\\\/#breadcrumb\"},\"inLanguage\":\"it-IT\",\"potentialAction\":[{\"@type\":\"ReadAction\",\"target\":[\"https:\\\/\\\/www.monaco-tribune.com\\\/it\\\/2024\\\/12\\\/decesso-di-fernanda-casiraghi-la-principessa-carolina-in-lutto\\\/\"]}]},{\"@type\":\"ImageObject\",\"inLanguage\":\"it-IT\",\"@id\":\"https:\\\/\\\/www.monaco-tribune.com\\\/it\\\/2024\\\/12\\\/decesso-di-fernanda-casiraghi-la-principessa-carolina-in-lutto\\\/#primaryimage\",\"url\":\"https:\\\/\\\/www.monaco-tribune.com\\\/wp-content\\\/uploads\\\/2024\\\/12\\\/fernanda-biffi-casiraghi.jpg\",\"contentUrl\":\"https:\\\/\\\/www.monaco-tribune.com\\\/wp-content\\\/uploads\\\/2024\\\/12\\\/fernanda-biffi-casiraghi.jpg\",\"width\":1200,\"height\":800,\"caption\":\"Fernanda Biffi Casiraghi avrebbe compiuto 100 anni a luglio \u00a9 Matteo Rossetti\"},{\"@type\":\"BreadcrumbList\",\"@id\":\"https:\\\/\\\/www.monaco-tribune.com\\\/it\\\/2024\\\/12\\\/decesso-di-fernanda-casiraghi-la-principessa-carolina-in-lutto\\\/#breadcrumb\",\"itemListElement\":[{\"@type\":\"ListItem\",\"position\":1,\"name\":\"Accueil\",\"item\":\"https:\\\/\\\/www.monaco-tribune.com\\\/it\\\/\"},{\"@type\":\"ListItem\",\"position\":2,\"name\":\"Morta Fernanda Casiraghi, la Principessa Carolina in lutto\"}]},{\"@type\":\"WebSite\",\"@id\":\"https:\\\/\\\/www.monaco-tribune.com\\\/it\\\/#website\",\"url\":\"https:\\\/\\\/www.monaco-tribune.com\\\/it\\\/\",\"name\":\"Monaco Tribune\",\"description\":\"Monaco : actualit\u00e9s \u00e9conomiques, politiques, culturelles et sportives de Monaco et de la French Riviera.\",\"publisher\":{\"@id\":\"https:\\\/\\\/www.monaco-tribune.com\\\/it\\\/#organization\"},\"potentialAction\":[{\"@type\":\"SearchAction\",\"target\":{\"@type\":\"EntryPoint\",\"urlTemplate\":\"https:\\\/\\\/www.monaco-tribune.com\\\/it\\\/?s={search_term_string}\"},\"query-input\":{\"@type\":\"PropertyValueSpecification\",\"valueRequired\":true,\"valueName\":\"search_term_string\"}}],\"inLanguage\":\"it-IT\"},{\"@type\":\"Organization\",\"@id\":\"https:\\\/\\\/www.monaco-tribune.com\\\/it\\\/#organization\",\"name\":\"Monaco Tribune\",\"url\":\"https:\\\/\\\/www.monaco-tribune.com\\\/it\\\/\",\"logo\":{\"@type\":\"ImageObject\",\"inLanguage\":\"it-IT\",\"@id\":\"https:\\\/\\\/www.monaco-tribune.com\\\/it\\\/#\\\/schema\\\/logo\\\/image\\\/\",\"url\":\"https:\\\/\\\/www.monaco-tribune.com\\\/wp-content\\\/uploads\\\/2022\\\/11\\\/logo-monaco-tribune.png\",\"contentUrl\":\"https:\\\/\\\/www.monaco-tribune.com\\\/wp-content\\\/uploads\\\/2022\\\/11\\\/logo-monaco-tribune.png\",\"width\":1548,\"height\":600,\"caption\":\"Monaco Tribune\"},\"image\":{\"@id\":\"https:\\\/\\\/www.monaco-tribune.com\\\/it\\\/#\\\/schema\\\/logo\\\/image\\\/\"},\"sameAs\":[\"https:\\\/\\\/www.facebook.com\\\/MonacoTribune\",\"https:\\\/\\\/x.com\\\/MonacoTribune\",\"https:\\\/\\\/www.instagram.com\\\/monacotribune\\\/\",\"https:\\\/\\\/www.linkedin.com\\\/company\\\/monaco-tribune\",\"https:\\\/\\\/www.youtube.com\\\/channel\\\/UCHle1MnG6hw1y4lWKijVbMA\"]},{\"@type\":\"Person\",\"@id\":\"https:\\\/\\\/www.monaco-tribune.com\\\/it\\\/#\\\/schema\\\/person\\\/55ce91a070ff78e15ec1817376669bf4\",\"name\":\"Estelle Imbert\",\"image\":{\"@type\":\"ImageObject\",\"inLanguage\":\"it-IT\",\"@id\":\"https:\\\/\\\/secure.gravatar.com\\\/avatar\\\/d2e1a3840b1138a669d04f6292bbd810f7f730844d7a28a8e8c4c6da40e79852?s=96&d=mm&r=g\",\"url\":\"https:\\\/\\\/secure.gravatar.com\\\/avatar\\\/d2e1a3840b1138a669d04f6292bbd810f7f730844d7a28a8e8c4c6da40e79852?s=96&d=mm&r=g\",\"contentUrl\":\"https:\\\/\\\/secure.gravatar.com\\\/avatar\\\/d2e1a3840b1138a669d04f6292bbd810f7f730844d7a28a8e8c4c6da40e79852?s=96&d=mm&r=g\",\"caption\":\"Estelle Imbert\"},\"url\":\"https:\\\/\\\/www.monaco-tribune.com\\\/it\\\/author\\\/estelleimbert\\\/\"}]}<\/script>\n<!-- \/ Yoast SEO Premium plugin. -->","yoast_head_json":{"title":"Morta Fernanda Casiraghi, la Principessa Carolina in lutto","description":"Fernanda Biffi Casiraghi, suocera della Principessa Carolina, \u00e8 deceduta all'et\u00e0 di 99 anni. Fernanda Biffi Casiraghi \u00e8 deceduta lo scorso fine settimana","robots":{"index":"index","follow":"follow","max-snippet":"max-snippet:-1","max-image-preview":"max-image-preview:large","max-video-preview":"max-video-preview:-1"},"canonical":"https:\/\/www.monaco-tribune.com\/it\/2024\/12\/decesso-di-fernanda-casiraghi-la-principessa-carolina-in-lutto\/","og_locale":"it_IT","og_type":"article","og_title":"Morta Fernanda Casiraghi, la Principessa Carolina in lutto - Monaco Tribune","og_description":"Fernanda Biffi Casiraghi, suocera della Principessa Carolina, \u00e8 deceduta all'et\u00e0 di 99 anni. Fernanda Biffi Casiraghi \u00e8 deceduta lo scorso fine settimana","og_url":"https:\/\/www.monaco-tribune.com\/it\/2024\/12\/decesso-di-fernanda-casiraghi-la-principessa-carolina-in-lutto\/","og_site_name":"Monaco Tribune","article_publisher":"https:\/\/www.facebook.com\/MonacoTribune","article_published_time":"2024-12-11T17:17:54+00:00","article_modified_time":"2024-12-11T17:36:36+00:00","og_image":[{"width":1200,"height":800,"url":"https:\/\/www.monaco-tribune.com\/wp-content\/uploads\/2024\/12\/fernanda-biffi-casiraghi.jpg","type":"image\/jpeg"}],"author":"Estelle Imbert","twitter_card":"summary_large_image","twitter_creator":"@MonacoTribune","twitter_site":"@MonacoTribune","schema":{"@context":"https:\/\/schema.org","@graph":[{"@type":"NewsArticle","@id":"https:\/\/www.monaco-tribune.com\/it\/2024\/12\/decesso-di-fernanda-casiraghi-la-principessa-carolina-in-lutto\/#article","isPartOf":{"@id":"https:\/\/www.monaco-tribune.com\/it\/2024\/12\/decesso-di-fernanda-casiraghi-la-principessa-carolina-in-lutto\/"},"author":{"name":"Estelle Imbert","@id":"https:\/\/www.monaco-tribune.com\/it\/#\/schema\/person\/55ce91a070ff78e15ec1817376669bf4"},"headline":"Morta Fernanda Casiraghi, la Principessa Carolina in lutto","datePublished":"2024-12-11T17:17:54+00:00","dateModified":"2024-12-11T17:36:36+00:00","mainEntityOfPage":{"@id":"https:\/\/www.monaco-tribune.com\/it\/2024\/12\/decesso-di-fernanda-casiraghi-la-principessa-carolina-in-lutto\/"},"wordCount":282,"publisher":{"@id":"https:\/\/www.monaco-tribune.com\/it\/#organization"},"image":{"@id":"https:\/\/www.monaco-tribune.com\/it\/2024\/12\/decesso-di-fernanda-casiraghi-la-principessa-carolina-in-lutto\/#primaryimage"},"thumbnailUrl":"https:\/\/www.monaco-tribune.com\/wp-content\/uploads\/2024\/12\/fernanda-biffi-casiraghi.jpg","keywords":["Principessa Carolina"],"articleSection":["Famiglia Principesca","Notizie"],"inLanguage":"it-IT","copyrightYear":"2024","copyrightHolder":{"@id":"https:\/\/www.monaco-tribune.com\/#organization"}},{"@type":"WebPage","@id":"https:\/\/www.monaco-tribune.com\/it\/2024\/12\/decesso-di-fernanda-casiraghi-la-principessa-carolina-in-lutto\/","url":"https:\/\/www.monaco-tribune.com\/it\/2024\/12\/decesso-di-fernanda-casiraghi-la-principessa-carolina-in-lutto\/","name":"Morta Fernanda Casiraghi, la Principessa Carolina in lutto","isPartOf":{"@id":"https:\/\/www.monaco-tribune.com\/it\/#website"},"primaryImageOfPage":{"@id":"https:\/\/www.monaco-tribune.com\/it\/2024\/12\/decesso-di-fernanda-casiraghi-la-principessa-carolina-in-lutto\/#primaryimage"},"image":{"@id":"https:\/\/www.monaco-tribune.com\/it\/2024\/12\/decesso-di-fernanda-casiraghi-la-principessa-carolina-in-lutto\/#primaryimage"},"thumbnailUrl":"https:\/\/www.monaco-tribune.com\/wp-content\/uploads\/2024\/12\/fernanda-biffi-casiraghi.jpg","datePublished":"2024-12-11T17:17:54+00:00","dateModified":"2024-12-11T17:36:36+00:00","description":"Fernanda Biffi Casiraghi, suocera della Principessa Carolina, \u00e8 deceduta all'et\u00e0 di 99 anni. Fernanda Biffi Casiraghi \u00e8 deceduta lo scorso fine settimana","breadcrumb":{"@id":"https:\/\/www.monaco-tribune.com\/it\/2024\/12\/decesso-di-fernanda-casiraghi-la-principessa-carolina-in-lutto\/#breadcrumb"},"inLanguage":"it-IT","potentialAction":[{"@type":"ReadAction","target":["https:\/\/www.monaco-tribune.com\/it\/2024\/12\/decesso-di-fernanda-casiraghi-la-principessa-carolina-in-lutto\/"]}]},{"@type":"ImageObject","inLanguage":"it-IT","@id":"https:\/\/www.monaco-tribune.com\/it\/2024\/12\/decesso-di-fernanda-casiraghi-la-principessa-carolina-in-lutto\/#primaryimage","url":"https:\/\/www.monaco-tribune.com\/wp-content\/uploads\/2024\/12\/fernanda-biffi-casiraghi.jpg","contentUrl":"https:\/\/www.monaco-tribune.com\/wp-content\/uploads\/2024\/12\/fernanda-biffi-casiraghi.jpg","width":1200,"height":800,"caption":"Fernanda Biffi Casiraghi avrebbe compiuto 100 anni a luglio \u00a9 Matteo Rossetti"},{"@type":"BreadcrumbList","@id":"https:\/\/www.monaco-tribune.com\/it\/2024\/12\/decesso-di-fernanda-casiraghi-la-principessa-carolina-in-lutto\/#breadcrumb","itemListElement":[{"@type":"ListItem","position":1,"name":"Accueil","item":"https:\/\/www.monaco-tribune.com\/it\/"},{"@type":"ListItem","position":2,"name":"Morta Fernanda Casiraghi, la Principessa Carolina in lutto"}]},{"@type":"WebSite","@id":"https:\/\/www.monaco-tribune.com\/it\/#website","url":"https:\/\/www.monaco-tribune.com\/it\/","name":"Monaco Tribune","description":"Monaco : actualit\u00e9s \u00e9conomiques, politiques, culturelles et sportives de Monaco et de la French Riviera.","publisher":{"@id":"https:\/\/www.monaco-tribune.com\/it\/#organization"},"potentialAction":[{"@type":"SearchAction","target":{"@type":"EntryPoint","urlTemplate":"https:\/\/www.monaco-tribune.com\/it\/?s={search_term_string}"},"query-input":{"@type":"PropertyValueSpecification","valueRequired":true,"valueName":"search_term_string"}}],"inLanguage":"it-IT"},{"@type":"Organization","@id":"https:\/\/www.monaco-tribune.com\/it\/#organization","name":"Monaco Tribune","url":"https:\/\/www.monaco-tribune.com\/it\/","logo":{"@type":"ImageObject","inLanguage":"it-IT","@id":"https:\/\/www.monaco-tribune.com\/it\/#\/schema\/logo\/image\/","url":"https:\/\/www.monaco-tribune.com\/wp-content\/uploads\/2022\/11\/logo-monaco-tribune.png","contentUrl":"https:\/\/www.monaco-tribune.com\/wp-content\/uploads\/2022\/11\/logo-monaco-tribune.png","width":1548,"height":600,"caption":"Monaco Tribune"},"image":{"@id":"https:\/\/www.monaco-tribune.com\/it\/#\/schema\/logo\/image\/"},"sameAs":["https:\/\/www.facebook.com\/MonacoTribune","https:\/\/x.com\/MonacoTribune","https:\/\/www.instagram.com\/monacotribune\/","https:\/\/www.linkedin.com\/company\/monaco-tribune","https:\/\/www.youtube.com\/channel\/UCHle1MnG6hw1y4lWKijVbMA"]},{"@type":"Person","@id":"https:\/\/www.monaco-tribune.com\/it\/#\/schema\/person\/55ce91a070ff78e15ec1817376669bf4","name":"Estelle Imbert","image":{"@type":"ImageObject","inLanguage":"it-IT","@id":"https:\/\/secure.gravatar.com\/avatar\/d2e1a3840b1138a669d04f6292bbd810f7f730844d7a28a8e8c4c6da40e79852?s=96&d=mm&r=g","url":"https:\/\/secure.gravatar.com\/avatar\/d2e1a3840b1138a669d04f6292bbd810f7f730844d7a28a8e8c4c6da40e79852?s=96&d=mm&r=g","contentUrl":"https:\/\/secure.gravatar.com\/avatar\/d2e1a3840b1138a669d04f6292bbd810f7f730844d7a28a8e8c4c6da40e79852?s=96&d=mm&r=g","caption":"Estelle Imbert"},"url":"https:\/\/www.monaco-tribune.com\/it\/author\/estelleimbert\/"}]}},"_links":{"self":[{"href":"https:\/\/www.monaco-tribune.com\/it\/wp-json\/wp\/v2\/posts\/266573","targetHints":{"allow":["GET"]}}],"collection":[{"href":"https:\/\/www.monaco-tribune.com\/it\/wp-json\/wp\/v2\/posts"}],"about":[{"href":"https:\/\/www.monaco-tribune.com\/it\/wp-json\/wp\/v2\/types\/post"}],"author":[{"embeddable":true,"href":"https:\/\/www.monaco-tribune.com\/it\/wp-json\/wp\/v2\/users\/80"}],"replies":[{"embeddable":true,"href":"https:\/\/www.monaco-tribune.com\/it\/wp-json\/wp\/v2\/comments?post=266573"}],"version-history":[{"count":2,"href":"https:\/\/www.monaco-tribune.com\/it\/wp-json\/wp\/v2\/posts\/266573\/revisions"}],"predecessor-version":[{"id":266586,"href":"https:\/\/www.monaco-tribune.com\/it\/wp-json\/wp\/v2\/posts\/266573\/revisions\/266586"}],"wp:featuredmedia":[{"embeddable":true,"href":"https:\/\/www.monaco-tribune.com\/it\/wp-json\/wp\/v2\/media\/266001"}],"wp:attachment":[{"href":"https:\/\/www.monaco-tribune.com\/it\/wp-json\/wp\/v2\/media?parent=266573"}],"wp:term":[{"taxonomy":"category","embeddable":true,"href":"https:\/\/www.monaco-tribune.com\/it\/wp-json\/wp\/v2\/categories?post=266573"},{"taxonomy":"post_tag","embeddable":true,"href":"https:\/\/www.monaco-tribune.com\/it\/wp-json\/wp\/v2\/tags?post=266573"},{"taxonomy":"sectag","embeddable":true,"href":"https:\/\/www.monaco-tribune.com\/it\/wp-json\/wp\/v2\/post_sectags?post=266573"},{"taxonomy":"format","embeddable":true,"href":"https:\/\/www.monaco-tribune.com\/it\/wp-json\/wp\/v2\/post_format?post=266573"}],"curies":[{"name":"wp","href":"https:\/\/api.w.org\/{rel}","templated":true}]}}