{"id":266878,"date":"2024-12-12T18:37:58","date_gmt":"2024-12-12T16:37:58","guid":{"rendered":"https:\/\/www.monaco-tribune.com\/2024\/12\/flavio-briatore-cede-il-twiga-a-lmdv-capital\/"},"modified":"2024-12-12T18:38:04","modified_gmt":"2024-12-12T16:38:04","slug":"flavio-briatore-cede-il-twiga-a-lmdv-capital","status":"publish","type":"post","link":"https:\/\/www.monaco-tribune.com\/it\/2024\/12\/flavio-briatore-cede-il-twiga-a-lmdv-capital\/","title":{"rendered":"Flavio Briatore cede il Twiga a LMDV Capital"},"content":{"rendered":"\n<p><strong>L&#8217;acquisizione di Twiga da parte di LMDV Capital dovrebbe concludersi nel primo trimestre del 2025.<\/strong><\/p>\n\n<p>Secondo il <a href=\"https:\/\/www.corriere.it\/economia\/life\/24_dicembre_07\/leonardo-maria-del-vecchio-compra-il-twiga-da-briatore-investimento-di-circa-50-milioni-a04e1b33-878a-420b-afff-0cfb0213dxlk.shtml\">Corriere della Sera<\/a> e <a href=\"https:\/\/www.ilmattino.it\/lifestyle\/persone\/twiga_briatore_locale_venduto_del_vecchio_cifra-8525149.html\">Il Mattino<\/a>, Leonardo Maria Del Vecchio, a capo del gruppo LMDV Capital, ha annunciato l&#8217;acquisto del Twiga, gestito dall&#8217;imprenditore e residente monegasco Flavio Briatore.<\/p>\n\n<p>L&#8217;acquisizione, che sar\u00e0 completata all&#8217;inizio del 2025, riguarda quattro prestigiosi locali di propriet\u00e0 del gruppo Majestas di Flavio Briatore: Twiga Forte dei Marmi, Twiga Monte Carlo, Twiga Baia Beniamin e il ristorante Billionaire di Porto Cervo, che diventer\u00e0 un Twiga il prossimo anno.<\/p>\n\n<p>Triple Sea Food, filiale di LMDV Capital, gestisce gi\u00e0 locali noti come Vesta Milano e Casa Fiori Chiari. Con l&#8217;aggiunta dei locali Twiga, il gruppo assumer\u00e0 pi\u00f9 di 600 persone e prevede un fatturato di 50 milioni di euro entro la fine del 2024.<\/p>\n\n<p>Il gruppo intende diventare uno dei principali protagonisti del settore alberghiero e della ristorazione di lusso in Italia. In un comunicato stampa, Leonardo Maria Del Vecchio ha spiegato: \u201cQuesta acquisizione conferma il nostro impegno per lo sviluppo del settore dell\u2019hospitality italiana, un comparto che riteniamo fondamentale per il futuro del Paese\u201d.<\/p>\n\n<p class=\"related\"><a href=\"https:\/\/www.monaco-tribune.com\/it\/2024\/05\/flavio-briatore-dalla-f1-alle-notti-monegasche-una-vera-storia-di-successo\/\">Flavio Briatore: dalla F1 alle notti monegasche, una vera storia di successo<\/a><\/p>\n\n<h2 class=\"wp-block-heading\" id=\"h-flavio-briatore-passe-le-relais-pour-se-consacrer-a-la-f1\">Flavio Briatore cede il timone per dedicarsi alla F1<\/h2>\n\n<p>Flavio Briatore, che ha fondato Twiga nel 2000, ha deciso di vendere il brand per concentrarsi sui suoi progetti di Formula 1: \u201cIl mio impegno come capo di Alpine Formula One Team, richiede la mia massima attenzione, rendendo necessario un minore coinvolgimento nell&#8217; operativit\u00e0 del gruppo. [&#8230;] Sono sicuro che Triple Sea Food sapr\u00e0 portare avanti progetti ambiziosi per Twiga, proseguendo il percorso di crescita di un marchio iconico che \u00e8 parte della mia storia personale e professionale. [&#8230;] Auguro buon lavoro a Leonardo Maria e al suo team\u201d, ha dichiarato in un comunicato.<\/p>\n\n<p>Majestas, il gruppo diretto da Flavio Briatore, continuer\u00e0 comunque a far crescere i brand Billionaire e Crazy Pizza, con ambizioni crescenti sulla scena internazionale.<\/p>\n\n<p>LMDV Capital prevede dei cambiamenti importanti, specialmente l&#8217;apertura di un ristorante Vesta a Monaco e l&#8217;aggiunta di nuovi spazi interessanti a Porto Cervo.<\/p>\n","protected":false},"excerpt":{"rendered":"<p>L&#8217;acquisizione di Twiga da parte di LMDV Capital dovrebbe concludersi nel primo trimestre del 2025. Secondo il Corriere della Sera [&hellip;]<\/p>\n","protected":false},"author":80,"featured_media":201832,"comment_status":"closed","ping_status":"closed","sticky":false,"template":"","format":"standard","meta":{"_acf_changed":false,"footnotes":""},"categories":[1739,1826,1738],"tags":[3068],"post_sectags":[],"post_format":[2478],"class_list":["post-266878","post","type-post","status-publish","format-standard","has-post-thumbnail","hentry","category-business-it","category-la-nostra-scelta","category-notizie","tag-flavio-briatore-it","format-notizia"],"acf":[],"yoast_head":"<!-- This site is optimized with the Yoast SEO Premium plugin v27.5 (Yoast SEO v27.5) - https:\/\/yoast.com\/product\/yoast-seo-premium-wordpress\/ -->\n<title>Flavio Briatore cede il Twiga a LMDV Capital<\/title>\n<meta name=\"description\" content=\"L&#039;acquisizione di Twiga da parte di LMDV Capital dovrebbe concludersi nel primo trimestre del 2025. Secondo il Corriere della Sera e Il Mattino, Leonardo\" \/>\n<meta name=\"robots\" content=\"index, follow, max-snippet:-1, max-image-preview:large, max-video-preview:-1\" \/>\n<link rel=\"canonical\" href=\"https:\/\/www.monaco-tribune.com\/it\/2024\/12\/flavio-briatore-cede-il-twiga-a-lmdv-capital\/\" \/>\n<meta property=\"og:locale\" content=\"it_IT\" \/>\n<meta property=\"og:type\" content=\"article\" \/>\n<meta property=\"og:title\" content=\"Flavio Briatore cede il Twiga a LMDV Capital - Monaco Tribune\" \/>\n<meta property=\"og:description\" content=\"L&#039;acquisizione di Twiga da parte di LMDV Capital dovrebbe concludersi nel primo trimestre del 2025. Secondo il Corriere della Sera e Il Mattino, Leonardo\" \/>\n<meta property=\"og:url\" content=\"https:\/\/www.monaco-tribune.com\/it\/2024\/12\/flavio-briatore-cede-il-twiga-a-lmdv-capital\/\" \/>\n<meta property=\"og:site_name\" content=\"Monaco Tribune\" \/>\n<meta property=\"article:publisher\" content=\"https:\/\/www.facebook.com\/MonacoTribune\" \/>\n<meta property=\"article:published_time\" content=\"2024-12-12T16:37:58+00:00\" \/>\n<meta property=\"article:modified_time\" content=\"2024-12-12T16:38:04+00:00\" \/>\n<meta property=\"og:image\" content=\"https:\/\/www.monaco-tribune.com\/wp-content\/uploads\/2023\/11\/twiga.jpg\" \/>\n\t<meta property=\"og:image:width\" content=\"1200\" \/>\n\t<meta property=\"og:image:height\" content=\"777\" \/>\n\t<meta property=\"og:image:type\" content=\"image\/jpeg\" \/>\n<meta name=\"author\" content=\"Estelle Imbert\" \/>\n<meta name=\"twitter:card\" content=\"summary_large_image\" \/>\n<meta name=\"twitter:creator\" content=\"@MonacoTribune\" \/>\n<meta name=\"twitter:site\" content=\"@MonacoTribune\" \/>\n<script type=\"application\/ld+json\" class=\"yoast-schema-graph\">{\"@context\":\"https:\\\/\\\/schema.org\",\"@graph\":[{\"@type\":\"NewsArticle\",\"@id\":\"https:\\\/\\\/www.monaco-tribune.com\\\/it\\\/2024\\\/12\\\/flavio-briatore-cede-il-twiga-a-lmdv-capital\\\/#article\",\"isPartOf\":{\"@id\":\"https:\\\/\\\/www.monaco-tribune.com\\\/it\\\/2024\\\/12\\\/flavio-briatore-cede-il-twiga-a-lmdv-capital\\\/\"},\"author\":{\"name\":\"Estelle Imbert\",\"@id\":\"https:\\\/\\\/www.monaco-tribune.com\\\/it\\\/#\\\/schema\\\/person\\\/55ce91a070ff78e15ec1817376669bf4\"},\"headline\":\"Flavio Briatore cede il Twiga a LMDV Capital\",\"datePublished\":\"2024-12-12T16:37:58+00:00\",\"dateModified\":\"2024-12-12T16:38:04+00:00\",\"mainEntityOfPage\":{\"@id\":\"https:\\\/\\\/www.monaco-tribune.com\\\/it\\\/2024\\\/12\\\/flavio-briatore-cede-il-twiga-a-lmdv-capital\\\/\"},\"wordCount\":352,\"publisher\":{\"@id\":\"https:\\\/\\\/www.monaco-tribune.com\\\/it\\\/#organization\"},\"image\":{\"@id\":\"https:\\\/\\\/www.monaco-tribune.com\\\/it\\\/2024\\\/12\\\/flavio-briatore-cede-il-twiga-a-lmdv-capital\\\/#primaryimage\"},\"thumbnailUrl\":\"https:\\\/\\\/www.monaco-tribune.com\\\/wp-content\\\/uploads\\\/2023\\\/11\\\/twiga.jpg\",\"keywords\":[\"Flavio Briatore\"],\"articleSection\":[\"Business\",\"La nostra scelta\",\"Notizie\"],\"inLanguage\":\"it-IT\",\"copyrightYear\":\"2024\",\"copyrightHolder\":{\"@id\":\"https:\\\/\\\/www.monaco-tribune.com\\\/#organization\"}},{\"@type\":\"WebPage\",\"@id\":\"https:\\\/\\\/www.monaco-tribune.com\\\/it\\\/2024\\\/12\\\/flavio-briatore-cede-il-twiga-a-lmdv-capital\\\/\",\"url\":\"https:\\\/\\\/www.monaco-tribune.com\\\/it\\\/2024\\\/12\\\/flavio-briatore-cede-il-twiga-a-lmdv-capital\\\/\",\"name\":\"Flavio Briatore cede il Twiga a LMDV Capital\",\"isPartOf\":{\"@id\":\"https:\\\/\\\/www.monaco-tribune.com\\\/it\\\/#website\"},\"primaryImageOfPage\":{\"@id\":\"https:\\\/\\\/www.monaco-tribune.com\\\/it\\\/2024\\\/12\\\/flavio-briatore-cede-il-twiga-a-lmdv-capital\\\/#primaryimage\"},\"image\":{\"@id\":\"https:\\\/\\\/www.monaco-tribune.com\\\/it\\\/2024\\\/12\\\/flavio-briatore-cede-il-twiga-a-lmdv-capital\\\/#primaryimage\"},\"thumbnailUrl\":\"https:\\\/\\\/www.monaco-tribune.com\\\/wp-content\\\/uploads\\\/2023\\\/11\\\/twiga.jpg\",\"datePublished\":\"2024-12-12T16:37:58+00:00\",\"dateModified\":\"2024-12-12T16:38:04+00:00\",\"description\":\"L'acquisizione di Twiga da parte di LMDV Capital dovrebbe concludersi nel primo trimestre del 2025. Secondo il Corriere della Sera e Il Mattino, Leonardo\",\"breadcrumb\":{\"@id\":\"https:\\\/\\\/www.monaco-tribune.com\\\/it\\\/2024\\\/12\\\/flavio-briatore-cede-il-twiga-a-lmdv-capital\\\/#breadcrumb\"},\"inLanguage\":\"it-IT\",\"potentialAction\":[{\"@type\":\"ReadAction\",\"target\":[\"https:\\\/\\\/www.monaco-tribune.com\\\/it\\\/2024\\\/12\\\/flavio-briatore-cede-il-twiga-a-lmdv-capital\\\/\"]}]},{\"@type\":\"ImageObject\",\"inLanguage\":\"it-IT\",\"@id\":\"https:\\\/\\\/www.monaco-tribune.com\\\/it\\\/2024\\\/12\\\/flavio-briatore-cede-il-twiga-a-lmdv-capital\\\/#primaryimage\",\"url\":\"https:\\\/\\\/www.monaco-tribune.com\\\/wp-content\\\/uploads\\\/2023\\\/11\\\/twiga.jpg\",\"contentUrl\":\"https:\\\/\\\/www.monaco-tribune.com\\\/wp-content\\\/uploads\\\/2023\\\/11\\\/twiga.jpg\",\"width\":1200,\"height\":777,\"caption\":\"Lmdv Capital ha firmato un accordo per l'acquisizione del marchio Twiga e di 4 strutture del gruppo Majestas \u00a9 Twiga Monte-Carlo\"},{\"@type\":\"BreadcrumbList\",\"@id\":\"https:\\\/\\\/www.monaco-tribune.com\\\/it\\\/2024\\\/12\\\/flavio-briatore-cede-il-twiga-a-lmdv-capital\\\/#breadcrumb\",\"itemListElement\":[{\"@type\":\"ListItem\",\"position\":1,\"name\":\"Accueil\",\"item\":\"https:\\\/\\\/www.monaco-tribune.com\\\/it\\\/\"},{\"@type\":\"ListItem\",\"position\":2,\"name\":\"Flavio Briatore cede il Twiga a LMDV Capital\"}]},{\"@type\":\"WebSite\",\"@id\":\"https:\\\/\\\/www.monaco-tribune.com\\\/it\\\/#website\",\"url\":\"https:\\\/\\\/www.monaco-tribune.com\\\/it\\\/\",\"name\":\"Monaco Tribune\",\"description\":\"Monaco : actualit\u00e9s \u00e9conomiques, politiques, culturelles et sportives de Monaco et de la French Riviera.\",\"publisher\":{\"@id\":\"https:\\\/\\\/www.monaco-tribune.com\\\/it\\\/#organization\"},\"potentialAction\":[{\"@type\":\"SearchAction\",\"target\":{\"@type\":\"EntryPoint\",\"urlTemplate\":\"https:\\\/\\\/www.monaco-tribune.com\\\/it\\\/?s={search_term_string}\"},\"query-input\":{\"@type\":\"PropertyValueSpecification\",\"valueRequired\":true,\"valueName\":\"search_term_string\"}}],\"inLanguage\":\"it-IT\"},{\"@type\":\"Organization\",\"@id\":\"https:\\\/\\\/www.monaco-tribune.com\\\/it\\\/#organization\",\"name\":\"Monaco Tribune\",\"url\":\"https:\\\/\\\/www.monaco-tribune.com\\\/it\\\/\",\"logo\":{\"@type\":\"ImageObject\",\"inLanguage\":\"it-IT\",\"@id\":\"https:\\\/\\\/www.monaco-tribune.com\\\/it\\\/#\\\/schema\\\/logo\\\/image\\\/\",\"url\":\"https:\\\/\\\/www.monaco-tribune.com\\\/wp-content\\\/uploads\\\/2022\\\/11\\\/logo-monaco-tribune.png\",\"contentUrl\":\"https:\\\/\\\/www.monaco-tribune.com\\\/wp-content\\\/uploads\\\/2022\\\/11\\\/logo-monaco-tribune.png\",\"width\":1548,\"height\":600,\"caption\":\"Monaco Tribune\"},\"image\":{\"@id\":\"https:\\\/\\\/www.monaco-tribune.com\\\/it\\\/#\\\/schema\\\/logo\\\/image\\\/\"},\"sameAs\":[\"https:\\\/\\\/www.facebook.com\\\/MonacoTribune\",\"https:\\\/\\\/x.com\\\/MonacoTribune\",\"https:\\\/\\\/www.instagram.com\\\/monacotribune\\\/\",\"https:\\\/\\\/www.linkedin.com\\\/company\\\/monaco-tribune\",\"https:\\\/\\\/www.youtube.com\\\/channel\\\/UCHle1MnG6hw1y4lWKijVbMA\"]},{\"@type\":\"Person\",\"@id\":\"https:\\\/\\\/www.monaco-tribune.com\\\/it\\\/#\\\/schema\\\/person\\\/55ce91a070ff78e15ec1817376669bf4\",\"name\":\"Estelle Imbert\",\"image\":{\"@type\":\"ImageObject\",\"inLanguage\":\"it-IT\",\"@id\":\"https:\\\/\\\/secure.gravatar.com\\\/avatar\\\/d2e1a3840b1138a669d04f6292bbd810f7f730844d7a28a8e8c4c6da40e79852?s=96&d=mm&r=g\",\"url\":\"https:\\\/\\\/secure.gravatar.com\\\/avatar\\\/d2e1a3840b1138a669d04f6292bbd810f7f730844d7a28a8e8c4c6da40e79852?s=96&d=mm&r=g\",\"contentUrl\":\"https:\\\/\\\/secure.gravatar.com\\\/avatar\\\/d2e1a3840b1138a669d04f6292bbd810f7f730844d7a28a8e8c4c6da40e79852?s=96&d=mm&r=g\",\"caption\":\"Estelle Imbert\"},\"url\":\"https:\\\/\\\/www.monaco-tribune.com\\\/it\\\/author\\\/estelleimbert\\\/\"}]}<\/script>\n<!-- \/ Yoast SEO Premium plugin. -->","yoast_head_json":{"title":"Flavio Briatore cede il Twiga a LMDV Capital","description":"L'acquisizione di Twiga da parte di LMDV Capital dovrebbe concludersi nel primo trimestre del 2025. Secondo il Corriere della Sera e Il Mattino, Leonardo","robots":{"index":"index","follow":"follow","max-snippet":"max-snippet:-1","max-image-preview":"max-image-preview:large","max-video-preview":"max-video-preview:-1"},"canonical":"https:\/\/www.monaco-tribune.com\/it\/2024\/12\/flavio-briatore-cede-il-twiga-a-lmdv-capital\/","og_locale":"it_IT","og_type":"article","og_title":"Flavio Briatore cede il Twiga a LMDV Capital - Monaco Tribune","og_description":"L'acquisizione di Twiga da parte di LMDV Capital dovrebbe concludersi nel primo trimestre del 2025. Secondo il Corriere della Sera e Il Mattino, Leonardo","og_url":"https:\/\/www.monaco-tribune.com\/it\/2024\/12\/flavio-briatore-cede-il-twiga-a-lmdv-capital\/","og_site_name":"Monaco Tribune","article_publisher":"https:\/\/www.facebook.com\/MonacoTribune","article_published_time":"2024-12-12T16:37:58+00:00","article_modified_time":"2024-12-12T16:38:04+00:00","og_image":[{"width":1200,"height":777,"url":"https:\/\/www.monaco-tribune.com\/wp-content\/uploads\/2023\/11\/twiga.jpg","type":"image\/jpeg"}],"author":"Estelle Imbert","twitter_card":"summary_large_image","twitter_creator":"@MonacoTribune","twitter_site":"@MonacoTribune","schema":{"@context":"https:\/\/schema.org","@graph":[{"@type":"NewsArticle","@id":"https:\/\/www.monaco-tribune.com\/it\/2024\/12\/flavio-briatore-cede-il-twiga-a-lmdv-capital\/#article","isPartOf":{"@id":"https:\/\/www.monaco-tribune.com\/it\/2024\/12\/flavio-briatore-cede-il-twiga-a-lmdv-capital\/"},"author":{"name":"Estelle Imbert","@id":"https:\/\/www.monaco-tribune.com\/it\/#\/schema\/person\/55ce91a070ff78e15ec1817376669bf4"},"headline":"Flavio Briatore cede il Twiga a LMDV Capital","datePublished":"2024-12-12T16:37:58+00:00","dateModified":"2024-12-12T16:38:04+00:00","mainEntityOfPage":{"@id":"https:\/\/www.monaco-tribune.com\/it\/2024\/12\/flavio-briatore-cede-il-twiga-a-lmdv-capital\/"},"wordCount":352,"publisher":{"@id":"https:\/\/www.monaco-tribune.com\/it\/#organization"},"image":{"@id":"https:\/\/www.monaco-tribune.com\/it\/2024\/12\/flavio-briatore-cede-il-twiga-a-lmdv-capital\/#primaryimage"},"thumbnailUrl":"https:\/\/www.monaco-tribune.com\/wp-content\/uploads\/2023\/11\/twiga.jpg","keywords":["Flavio Briatore"],"articleSection":["Business","La nostra scelta","Notizie"],"inLanguage":"it-IT","copyrightYear":"2024","copyrightHolder":{"@id":"https:\/\/www.monaco-tribune.com\/#organization"}},{"@type":"WebPage","@id":"https:\/\/www.monaco-tribune.com\/it\/2024\/12\/flavio-briatore-cede-il-twiga-a-lmdv-capital\/","url":"https:\/\/www.monaco-tribune.com\/it\/2024\/12\/flavio-briatore-cede-il-twiga-a-lmdv-capital\/","name":"Flavio Briatore cede il Twiga a LMDV Capital","isPartOf":{"@id":"https:\/\/www.monaco-tribune.com\/it\/#website"},"primaryImageOfPage":{"@id":"https:\/\/www.monaco-tribune.com\/it\/2024\/12\/flavio-briatore-cede-il-twiga-a-lmdv-capital\/#primaryimage"},"image":{"@id":"https:\/\/www.monaco-tribune.com\/it\/2024\/12\/flavio-briatore-cede-il-twiga-a-lmdv-capital\/#primaryimage"},"thumbnailUrl":"https:\/\/www.monaco-tribune.com\/wp-content\/uploads\/2023\/11\/twiga.jpg","datePublished":"2024-12-12T16:37:58+00:00","dateModified":"2024-12-12T16:38:04+00:00","description":"L'acquisizione di Twiga da parte di LMDV Capital dovrebbe concludersi nel primo trimestre del 2025. Secondo il Corriere della Sera e Il Mattino, Leonardo","breadcrumb":{"@id":"https:\/\/www.monaco-tribune.com\/it\/2024\/12\/flavio-briatore-cede-il-twiga-a-lmdv-capital\/#breadcrumb"},"inLanguage":"it-IT","potentialAction":[{"@type":"ReadAction","target":["https:\/\/www.monaco-tribune.com\/it\/2024\/12\/flavio-briatore-cede-il-twiga-a-lmdv-capital\/"]}]},{"@type":"ImageObject","inLanguage":"it-IT","@id":"https:\/\/www.monaco-tribune.com\/it\/2024\/12\/flavio-briatore-cede-il-twiga-a-lmdv-capital\/#primaryimage","url":"https:\/\/www.monaco-tribune.com\/wp-content\/uploads\/2023\/11\/twiga.jpg","contentUrl":"https:\/\/www.monaco-tribune.com\/wp-content\/uploads\/2023\/11\/twiga.jpg","width":1200,"height":777,"caption":"Lmdv Capital ha firmato un accordo per l'acquisizione del marchio Twiga e di 4 strutture del gruppo Majestas \u00a9 Twiga Monte-Carlo"},{"@type":"BreadcrumbList","@id":"https:\/\/www.monaco-tribune.com\/it\/2024\/12\/flavio-briatore-cede-il-twiga-a-lmdv-capital\/#breadcrumb","itemListElement":[{"@type":"ListItem","position":1,"name":"Accueil","item":"https:\/\/www.monaco-tribune.com\/it\/"},{"@type":"ListItem","position":2,"name":"Flavio Briatore cede il Twiga a LMDV Capital"}]},{"@type":"WebSite","@id":"https:\/\/www.monaco-tribune.com\/it\/#website","url":"https:\/\/www.monaco-tribune.com\/it\/","name":"Monaco Tribune","description":"Monaco : actualit\u00e9s \u00e9conomiques, politiques, culturelles et sportives de Monaco et de la French Riviera.","publisher":{"@id":"https:\/\/www.monaco-tribune.com\/it\/#organization"},"potentialAction":[{"@type":"SearchAction","target":{"@type":"EntryPoint","urlTemplate":"https:\/\/www.monaco-tribune.com\/it\/?s={search_term_string}"},"query-input":{"@type":"PropertyValueSpecification","valueRequired":true,"valueName":"search_term_string"}}],"inLanguage":"it-IT"},{"@type":"Organization","@id":"https:\/\/www.monaco-tribune.com\/it\/#organization","name":"Monaco Tribune","url":"https:\/\/www.monaco-tribune.com\/it\/","logo":{"@type":"ImageObject","inLanguage":"it-IT","@id":"https:\/\/www.monaco-tribune.com\/it\/#\/schema\/logo\/image\/","url":"https:\/\/www.monaco-tribune.com\/wp-content\/uploads\/2022\/11\/logo-monaco-tribune.png","contentUrl":"https:\/\/www.monaco-tribune.com\/wp-content\/uploads\/2022\/11\/logo-monaco-tribune.png","width":1548,"height":600,"caption":"Monaco Tribune"},"image":{"@id":"https:\/\/www.monaco-tribune.com\/it\/#\/schema\/logo\/image\/"},"sameAs":["https:\/\/www.facebook.com\/MonacoTribune","https:\/\/x.com\/MonacoTribune","https:\/\/www.instagram.com\/monacotribune\/","https:\/\/www.linkedin.com\/company\/monaco-tribune","https:\/\/www.youtube.com\/channel\/UCHle1MnG6hw1y4lWKijVbMA"]},{"@type":"Person","@id":"https:\/\/www.monaco-tribune.com\/it\/#\/schema\/person\/55ce91a070ff78e15ec1817376669bf4","name":"Estelle Imbert","image":{"@type":"ImageObject","inLanguage":"it-IT","@id":"https:\/\/secure.gravatar.com\/avatar\/d2e1a3840b1138a669d04f6292bbd810f7f730844d7a28a8e8c4c6da40e79852?s=96&d=mm&r=g","url":"https:\/\/secure.gravatar.com\/avatar\/d2e1a3840b1138a669d04f6292bbd810f7f730844d7a28a8e8c4c6da40e79852?s=96&d=mm&r=g","contentUrl":"https:\/\/secure.gravatar.com\/avatar\/d2e1a3840b1138a669d04f6292bbd810f7f730844d7a28a8e8c4c6da40e79852?s=96&d=mm&r=g","caption":"Estelle Imbert"},"url":"https:\/\/www.monaco-tribune.com\/it\/author\/estelleimbert\/"}]}},"_links":{"self":[{"href":"https:\/\/www.monaco-tribune.com\/it\/wp-json\/wp\/v2\/posts\/266878","targetHints":{"allow":["GET"]}}],"collection":[{"href":"https:\/\/www.monaco-tribune.com\/it\/wp-json\/wp\/v2\/posts"}],"about":[{"href":"https:\/\/www.monaco-tribune.com\/it\/wp-json\/wp\/v2\/types\/post"}],"author":[{"embeddable":true,"href":"https:\/\/www.monaco-tribune.com\/it\/wp-json\/wp\/v2\/users\/80"}],"replies":[{"embeddable":true,"href":"https:\/\/www.monaco-tribune.com\/it\/wp-json\/wp\/v2\/comments?post=266878"}],"version-history":[{"count":2,"href":"https:\/\/www.monaco-tribune.com\/it\/wp-json\/wp\/v2\/posts\/266878\/revisions"}],"predecessor-version":[{"id":266881,"href":"https:\/\/www.monaco-tribune.com\/it\/wp-json\/wp\/v2\/posts\/266878\/revisions\/266881"}],"wp:featuredmedia":[{"embeddable":true,"href":"https:\/\/www.monaco-tribune.com\/it\/wp-json\/wp\/v2\/media\/201832"}],"wp:attachment":[{"href":"https:\/\/www.monaco-tribune.com\/it\/wp-json\/wp\/v2\/media?parent=266878"}],"wp:term":[{"taxonomy":"category","embeddable":true,"href":"https:\/\/www.monaco-tribune.com\/it\/wp-json\/wp\/v2\/categories?post=266878"},{"taxonomy":"post_tag","embeddable":true,"href":"https:\/\/www.monaco-tribune.com\/it\/wp-json\/wp\/v2\/tags?post=266878"},{"taxonomy":"sectag","embeddable":true,"href":"https:\/\/www.monaco-tribune.com\/it\/wp-json\/wp\/v2\/post_sectags?post=266878"},{"taxonomy":"format","embeddable":true,"href":"https:\/\/www.monaco-tribune.com\/it\/wp-json\/wp\/v2\/post_format?post=266878"}],"curies":[{"name":"wp","href":"https:\/\/api.w.org\/{rel}","templated":true}]}}