{"id":26712,"date":"2020-04-27T12:33:39","date_gmt":"2020-04-27T10:33:39","guid":{"rendered":"https:\/\/www.monaco-tribune.com\/2020\/04\/guillaume-rose-meb-lo-spettro-della-crisi-del-29\/"},"modified":"2020-04-27T12:40:34","modified_gmt":"2020-04-27T10:40:34","slug":"guillaume-rose-meb-lo-spettro-della-crisi-del-29","status":"publish","type":"post","link":"https:\/\/www.monaco-tribune.com\/it\/2020\/04\/guillaume-rose-meb-lo-spettro-della-crisi-del-29\/","title":{"rendered":"Guillaume Rose, Monaco Economic Board: \u201cLo spettro della crisi del \u201929\u2026\u201d"},"content":{"rendered":"<p><strong>Monaco sembra dirigersi verso una ripresa delle attivit\u00e0 a partire dal 4 maggio. Un sollievo per pi\u00f9 di 5.000 aziende presenti nel Principato, che stanno affrontando numerose difficolt\u00e0. Anche se il governo del Principato e il Municipio di Monaco hanno adottato provvedimenti, l\u2019economia monegasca soffrir\u00e0 sicuramente di questa situazione per molti mesi. Le delucidazioni di Guillaume Rose, direttore generale esecutivo del <a href=\"https:\/\/www.meb.mc\/\">Monaco Economic Board<\/a> (Consiglio Economico di Monaco) (MEB), che riunisce 500 aziende.<\/strong><\/p>\n<p>&nbsp;<\/p>\n<p><strong>In questo periodo di crisi dovuta alla pandemia del Covid-19, qual \u00e8 il ruolo del Monaco Economic Board?<\/strong><\/p>\n<p>Il nostro ruolo \u00e8 di raccogliere le opinioni e i rendiconti dei nostri membri. Continuiamo a lavorare. Chiediamo loro di prendere posizione di fronte ai diversi aspetti della situazione, le loro perdite di mercato, i loro bisogni\u2026 Inoltreremo poi le opinioni al Governo del Principato.<\/p>\n<p><strong>L\u2019economia ha gi\u00e0 affrontato una crisi di questa portata in passato?<\/strong><\/p>\n<p>\u00c8 la prima volta che si verifica una situazione del genere. Questo non era mai successo, nemmeno durante la crisi del 2008. Siamo in un periodo in cui le aziende non sanno cosa porter\u00e0 il domani. L\u2019economia \u00e8 soffocata e pi\u00f9 passa il tempo, pi\u00f9 ci avviciniamo allo spettro della crisi del 1929\u2026 Tutto questo \u00e8 molto nocivo per l\u2019economia.<\/p>\n<p><strong>Quali aziende monegasche sono particolarmente colpite?<\/strong><\/p>\n<p>Abbiamo effettuato un\u2019indagine su 36 aziende e le difficolt\u00e0 variano. Ad esempio, il settore agro-alimentare sembra esser stato risparmiato dalla crisi. Ci sono sicuramente delle difficolt\u00e0 ma se la sta cavando bene. Al contrario, i settori degli eventi e del turismo sono i pi\u00f9 colpiti. Non \u00e8 la dimensione dell\u2019azienda che conta, ma il suo settore di attivit\u00e0.<\/p>\n<p><strong>Il Governo del Principato ha attuato dei provvedimenti per aiutare le aziende. Come considera questi aiuti?<\/strong><\/p>\n<p>Sono coerenti, generosi e secondo me adatti. Sono utili per salvare l\u2019economia. Lo Stato \u00e8 davvero prospero ma piccolo. Monaco non fa parte dell\u2019Unione Europea, non beneficiamo del fondo di garanzia europeo. Ma c\u2019\u00e8 molta resistenza in questo momento di crisi. \u00c8 un sistema stabile, chiaro e netto che \u00e8 vantaggioso per le aziende e garantisce un minimo di benefici per i dipendenti.<\/p>\n<p><strong>Come considera la fine della quarantena?<\/strong><\/p>\n<p>Monaco ha un vantaggio rispetto alla Francia, ovvero la fine della quarantena una settimana prima, il 4 maggio. Questo ci permetter\u00e0 di mettere in atto strategie, riaprire i negozi, far tornare i lavoratori, applicare una serie di misure. In ogni caso c\u2019\u00e8 volont\u00e0 di andare avanti. Ma penso che non torneremo alla vita normale prima della fine dell\u2019anno. Le cose torneranno alla normalit\u00e0 pian piano. Se la stagione turistica \u00e8 morta, tutto sar\u00e0 pi\u00f9 complicato. Ma pi\u00f9 del 60% del turismo monegasco proviene dall\u2019Unione Europea. Se l\u2019epidemia viene contenuta e il 4 maggio poniamo fine alla quarantena, sicuramente ripartiremo.<\/p>\n<p><strong>Si aspetta delle conseguenze a lungo termine?<\/strong><\/p>\n<p>\u00c8 difficile prevederlo. Monaco esporta molto, in particolare in Africa. Se questo continente \u00e8 fortemente colpito, ci sono ancora conseguenze da temere per il Principato. Si tratta di una situazione di incertezza pressoch\u00e9 totale. Secondo gli economisti, per ogni mese chiusi in casa, si stima che ci vorranno 6 mesi per riprendersi\u2026La crisi sanitaria \u00e8 stata evitata a Monaco. Cosa ne sar\u00e0 della crisi economica? A mio avviso, abbiamo molto da temere dalle conseguenze economiche di questa quarantena.<\/p>\n<blockquote class=\"twitter-tweet\">\n<p dir=\"ltr\" lang=\"fr\">[COVID19]<br \/>\nNouvelle newsletter mettant en avant nos entreprises membres proposant de vraies solutions face \u00e0 cette crise sanitaire.\ud83d\udca1\ud83c\uddf2\ud83c\udde8<\/p>\n<p>Merci \u00e0 elles! <a href=\"https:\/\/twitter.com\/hashtag\/strongtogether?src=hash&amp;ref_src=twsrc%5Etfw\">#strongtogether<\/a> \ud83d\udcaa<a href=\"https:\/\/t.co\/uRhHG0js0r\">https:\/\/t.co\/uRhHG0js0r<\/a><a href=\"https:\/\/twitter.com\/hashtag\/azurtex?src=hash&amp;ref_src=twsrc%5Etfw\">#azurtex<\/a> &#8211; <a href=\"https:\/\/twitter.com\/hashtag\/monaclean?src=hash&amp;ref_src=twsrc%5Etfw\">#monaclean<\/a> &#8211; <a href=\"https:\/\/twitter.com\/ActisMonaco?ref_src=twsrc%5Etfw\">@ActisMonaco<\/a> &#8211; <a href=\"https:\/\/twitter.com\/hashtag\/rosemontmc?src=hash&amp;ref_src=twsrc%5Etfw\">#rosemontmc<\/a> &#8211; <a href=\"https:\/\/twitter.com\/AlbanuMonaco?ref_src=twsrc%5Etfw\">@AlbanuMonaco<\/a><\/p>\n<p>\u2014 MonacoEconomicBoard (@MEB_Monaco) <a href=\"https:\/\/twitter.com\/MEB_Monaco\/status\/1253320588384325639?ref_src=twsrc%5Etfw\">April 23, 2020<\/a><\/p><\/blockquote>\n<p><script async src=\"https:\/\/platform.twitter.com\/widgets.js\" charset=\"utf-8\"><\/script><\/p>\n","protected":false},"excerpt":{"rendered":"<p>Monaco sembra dirigersi verso una ripresa delle attivit\u00e0 a partire dal 4 maggio. Un sollievo per pi\u00f9 di 5.000 aziende [&hellip;]<\/p>\n","protected":false},"author":21,"featured_media":26550,"comment_status":"closed","ping_status":"open","sticky":false,"template":"","format":"standard","meta":{"_acf_changed":false,"footnotes":""},"categories":[1739,1738],"tags":[2886],"post_sectags":[],"post_format":[2476],"class_list":["post-26712","post","type-post","status-publish","format-standard","has-post-thumbnail","hentry","category-business-it","category-notizie","tag-covid-19-it","format-intervista"],"acf":[],"yoast_head":"<!-- This site is optimized with the Yoast SEO Premium plugin v26.8 (Yoast SEO v27.5) - https:\/\/yoast.com\/product\/yoast-seo-premium-wordpress\/ -->\n<title>Guillaume Rose, Monaco Economic Board: \u201cLo spettro della crisi del \u201929\u2026\u201d<\/title>\n<meta name=\"description\" content=\"Monaco sembra dirigersi verso una ripresa delle attivit\u00e0 a partire dal 4 maggio. Un sollievo per pi\u00f9 di 5.000 aziende presenti nel Principato, che stanno\" \/>\n<meta name=\"robots\" content=\"index, follow, max-snippet:-1, max-image-preview:large, max-video-preview:-1\" \/>\n<link rel=\"canonical\" href=\"https:\/\/www.monaco-tribune.com\/it\/2020\/04\/guillaume-rose-meb-lo-spettro-della-crisi-del-29\/\" \/>\n<meta property=\"og:locale\" content=\"it_IT\" \/>\n<meta property=\"og:type\" content=\"article\" \/>\n<meta property=\"og:title\" content=\"Guillaume Rose, Monaco Economic Board: \u201cLo spettro della crisi del \u201929\u2026\u201d - Monaco Tribune\" \/>\n<meta property=\"og:description\" content=\"Monaco sembra dirigersi verso una ripresa delle attivit\u00e0 a partire dal 4 maggio. Un sollievo per pi\u00f9 di 5.000 aziende presenti nel Principato, che stanno\" \/>\n<meta property=\"og:url\" content=\"https:\/\/www.monaco-tribune.com\/it\/2020\/04\/guillaume-rose-meb-lo-spettro-della-crisi-del-29\/\" \/>\n<meta property=\"og:site_name\" content=\"Monaco Tribune\" \/>\n<meta property=\"article:publisher\" content=\"https:\/\/www.facebook.com\/MonacoTribune\" \/>\n<meta property=\"article:published_time\" content=\"2020-04-27T10:33:39+00:00\" \/>\n<meta property=\"article:modified_time\" content=\"2020-04-27T10:40:34+00:00\" \/>\n<meta property=\"og:image\" content=\"https:\/\/www.monaco-tribune.com\/wp-content\/uploads\/2020\/04\/Monaco-Economic-Board-Guillaume-Rose.png\" \/>\n\t<meta property=\"og:image:width\" content=\"1842\" \/>\n\t<meta property=\"og:image:height\" content=\"1228\" \/>\n\t<meta property=\"og:image:type\" content=\"image\/png\" \/>\n<meta name=\"author\" content=\"Monaco Tribune\" \/>\n<meta name=\"twitter:card\" content=\"summary_large_image\" \/>\n<meta name=\"twitter:creator\" content=\"@MonacoTribune\" \/>\n<meta name=\"twitter:site\" content=\"@MonacoTribune\" \/>\n<script type=\"application\/ld+json\" class=\"yoast-schema-graph\">{\"@context\":\"https:\\\/\\\/schema.org\",\"@graph\":[{\"@type\":\"NewsArticle\",\"@id\":\"https:\\\/\\\/www.monaco-tribune.com\\\/it\\\/2020\\\/04\\\/guillaume-rose-meb-lo-spettro-della-crisi-del-29\\\/#article\",\"isPartOf\":{\"@id\":\"https:\\\/\\\/www.monaco-tribune.com\\\/it\\\/2020\\\/04\\\/guillaume-rose-meb-lo-spettro-della-crisi-del-29\\\/\"},\"author\":{\"name\":\"Monaco Tribune\",\"@id\":\"https:\\\/\\\/www.monaco-tribune.com\\\/it\\\/#\\\/schema\\\/person\\\/8f6ed8c063276e2397589eda5b7a2f2d\"},\"headline\":\"Guillaume Rose, Monaco Economic Board: \u201cLo spettro della crisi del \u201929\u2026\u201d\",\"datePublished\":\"2020-04-27T10:33:39+00:00\",\"dateModified\":\"2020-04-27T10:40:34+00:00\",\"mainEntityOfPage\":{\"@id\":\"https:\\\/\\\/www.monaco-tribune.com\\\/it\\\/2020\\\/04\\\/guillaume-rose-meb-lo-spettro-della-crisi-del-29\\\/\"},\"wordCount\":579,\"publisher\":{\"@id\":\"https:\\\/\\\/www.monaco-tribune.com\\\/it\\\/#organization\"},\"image\":{\"@id\":\"https:\\\/\\\/www.monaco-tribune.com\\\/it\\\/2020\\\/04\\\/guillaume-rose-meb-lo-spettro-della-crisi-del-29\\\/#primaryimage\"},\"thumbnailUrl\":\"https:\\\/\\\/www.monaco-tribune.com\\\/wp-content\\\/uploads\\\/2020\\\/04\\\/Monaco-Economic-Board-Guillaume-Rose.png\",\"keywords\":[\"Covid-19\"],\"articleSection\":[\"Business\",\"Notizie\"],\"inLanguage\":\"it-IT\",\"copyrightYear\":\"2020\",\"copyrightHolder\":{\"@id\":\"https:\\\/\\\/www.monaco-tribune.com\\\/#organization\"}},{\"@type\":\"WebPage\",\"@id\":\"https:\\\/\\\/www.monaco-tribune.com\\\/it\\\/2020\\\/04\\\/guillaume-rose-meb-lo-spettro-della-crisi-del-29\\\/\",\"url\":\"https:\\\/\\\/www.monaco-tribune.com\\\/it\\\/2020\\\/04\\\/guillaume-rose-meb-lo-spettro-della-crisi-del-29\\\/\",\"name\":\"Guillaume Rose, Monaco Economic Board: \u201cLo spettro della crisi del \u201929\u2026\u201d\",\"isPartOf\":{\"@id\":\"https:\\\/\\\/www.monaco-tribune.com\\\/it\\\/#website\"},\"primaryImageOfPage\":{\"@id\":\"https:\\\/\\\/www.monaco-tribune.com\\\/it\\\/2020\\\/04\\\/guillaume-rose-meb-lo-spettro-della-crisi-del-29\\\/#primaryimage\"},\"image\":{\"@id\":\"https:\\\/\\\/www.monaco-tribune.com\\\/it\\\/2020\\\/04\\\/guillaume-rose-meb-lo-spettro-della-crisi-del-29\\\/#primaryimage\"},\"thumbnailUrl\":\"https:\\\/\\\/www.monaco-tribune.com\\\/wp-content\\\/uploads\\\/2020\\\/04\\\/Monaco-Economic-Board-Guillaume-Rose.png\",\"datePublished\":\"2020-04-27T10:33:39+00:00\",\"dateModified\":\"2020-04-27T10:40:34+00:00\",\"description\":\"Monaco sembra dirigersi verso una ripresa delle attivit\u00e0 a partire dal 4 maggio. Un sollievo per pi\u00f9 di 5.000 aziende presenti nel Principato, che stanno\",\"breadcrumb\":{\"@id\":\"https:\\\/\\\/www.monaco-tribune.com\\\/it\\\/2020\\\/04\\\/guillaume-rose-meb-lo-spettro-della-crisi-del-29\\\/#breadcrumb\"},\"inLanguage\":\"it-IT\",\"potentialAction\":[{\"@type\":\"ReadAction\",\"target\":[\"https:\\\/\\\/www.monaco-tribune.com\\\/it\\\/2020\\\/04\\\/guillaume-rose-meb-lo-spettro-della-crisi-del-29\\\/\"]}]},{\"@type\":\"ImageObject\",\"inLanguage\":\"it-IT\",\"@id\":\"https:\\\/\\\/www.monaco-tribune.com\\\/it\\\/2020\\\/04\\\/guillaume-rose-meb-lo-spettro-della-crisi-del-29\\\/#primaryimage\",\"url\":\"https:\\\/\\\/www.monaco-tribune.com\\\/wp-content\\\/uploads\\\/2020\\\/04\\\/Monaco-Economic-Board-Guillaume-Rose.png\",\"contentUrl\":\"https:\\\/\\\/www.monaco-tribune.com\\\/wp-content\\\/uploads\\\/2020\\\/04\\\/Monaco-Economic-Board-Guillaume-Rose.png\",\"width\":1842,\"height\":1228,\"caption\":\"Monaco Economic Board\"},{\"@type\":\"BreadcrumbList\",\"@id\":\"https:\\\/\\\/www.monaco-tribune.com\\\/it\\\/2020\\\/04\\\/guillaume-rose-meb-lo-spettro-della-crisi-del-29\\\/#breadcrumb\",\"itemListElement\":[{\"@type\":\"ListItem\",\"position\":1,\"name\":\"Accueil\",\"item\":\"https:\\\/\\\/www.monaco-tribune.com\\\/it\\\/\"},{\"@type\":\"ListItem\",\"position\":2,\"name\":\"Guillaume Rose, Monaco Economic Board: \u201cLo spettro della crisi del \u201929\u2026\u201d\"}]},{\"@type\":\"WebSite\",\"@id\":\"https:\\\/\\\/www.monaco-tribune.com\\\/it\\\/#website\",\"url\":\"https:\\\/\\\/www.monaco-tribune.com\\\/it\\\/\",\"name\":\"Monaco Tribune\",\"description\":\"Monaco : actualit\u00e9s \u00e9conomiques, politiques, culturelles et sportives de Monaco et de la French Riviera.\",\"publisher\":{\"@id\":\"https:\\\/\\\/www.monaco-tribune.com\\\/it\\\/#organization\"},\"potentialAction\":[{\"@type\":\"SearchAction\",\"target\":{\"@type\":\"EntryPoint\",\"urlTemplate\":\"https:\\\/\\\/www.monaco-tribune.com\\\/it\\\/?s={search_term_string}\"},\"query-input\":{\"@type\":\"PropertyValueSpecification\",\"valueRequired\":true,\"valueName\":\"search_term_string\"}}],\"inLanguage\":\"it-IT\"},{\"@type\":\"Organization\",\"@id\":\"https:\\\/\\\/www.monaco-tribune.com\\\/it\\\/#organization\",\"name\":\"Monaco Tribune\",\"url\":\"https:\\\/\\\/www.monaco-tribune.com\\\/it\\\/\",\"logo\":{\"@type\":\"ImageObject\",\"inLanguage\":\"it-IT\",\"@id\":\"https:\\\/\\\/www.monaco-tribune.com\\\/it\\\/#\\\/schema\\\/logo\\\/image\\\/\",\"url\":\"https:\\\/\\\/www.monaco-tribune.com\\\/wp-content\\\/uploads\\\/2022\\\/11\\\/logo-monaco-tribune.png\",\"contentUrl\":\"https:\\\/\\\/www.monaco-tribune.com\\\/wp-content\\\/uploads\\\/2022\\\/11\\\/logo-monaco-tribune.png\",\"width\":1548,\"height\":600,\"caption\":\"Monaco Tribune\"},\"image\":{\"@id\":\"https:\\\/\\\/www.monaco-tribune.com\\\/it\\\/#\\\/schema\\\/logo\\\/image\\\/\"},\"sameAs\":[\"https:\\\/\\\/www.facebook.com\\\/MonacoTribune\",\"https:\\\/\\\/x.com\\\/MonacoTribune\",\"https:\\\/\\\/www.instagram.com\\\/monacotribune\\\/\",\"https:\\\/\\\/www.linkedin.com\\\/company\\\/monaco-tribune\",\"https:\\\/\\\/www.youtube.com\\\/channel\\\/UCHle1MnG6hw1y4lWKijVbMA\"]},{\"@type\":\"Person\",\"@id\":\"https:\\\/\\\/www.monaco-tribune.com\\\/it\\\/#\\\/schema\\\/person\\\/8f6ed8c063276e2397589eda5b7a2f2d\",\"name\":\"Monaco Tribune\",\"image\":{\"@type\":\"ImageObject\",\"inLanguage\":\"it-IT\",\"@id\":\"https:\\\/\\\/secure.gravatar.com\\\/avatar\\\/3010e6c5d6c8056ec1c25228fe68ea089879e5ae0de884e0247744ee988aaf6a?s=96&d=mm&r=g\",\"url\":\"https:\\\/\\\/secure.gravatar.com\\\/avatar\\\/3010e6c5d6c8056ec1c25228fe68ea089879e5ae0de884e0247744ee988aaf6a?s=96&d=mm&r=g\",\"contentUrl\":\"https:\\\/\\\/secure.gravatar.com\\\/avatar\\\/3010e6c5d6c8056ec1c25228fe68ea089879e5ae0de884e0247744ee988aaf6a?s=96&d=mm&r=g\",\"caption\":\"Monaco Tribune\"},\"url\":\"https:\\\/\\\/www.monaco-tribune.com\\\/it\\\/author\\\/monaco-tribune\\\/\"}]}<\/script>\n<!-- \/ Yoast SEO Premium plugin. -->","yoast_head_json":{"title":"Guillaume Rose, Monaco Economic Board: \u201cLo spettro della crisi del \u201929\u2026\u201d","description":"Monaco sembra dirigersi verso una ripresa delle attivit\u00e0 a partire dal 4 maggio. Un sollievo per pi\u00f9 di 5.000 aziende presenti nel Principato, che stanno","robots":{"index":"index","follow":"follow","max-snippet":"max-snippet:-1","max-image-preview":"max-image-preview:large","max-video-preview":"max-video-preview:-1"},"canonical":"https:\/\/www.monaco-tribune.com\/it\/2020\/04\/guillaume-rose-meb-lo-spettro-della-crisi-del-29\/","og_locale":"it_IT","og_type":"article","og_title":"Guillaume Rose, Monaco Economic Board: \u201cLo spettro della crisi del \u201929\u2026\u201d - Monaco Tribune","og_description":"Monaco sembra dirigersi verso una ripresa delle attivit\u00e0 a partire dal 4 maggio. Un sollievo per pi\u00f9 di 5.000 aziende presenti nel Principato, che stanno","og_url":"https:\/\/www.monaco-tribune.com\/it\/2020\/04\/guillaume-rose-meb-lo-spettro-della-crisi-del-29\/","og_site_name":"Monaco Tribune","article_publisher":"https:\/\/www.facebook.com\/MonacoTribune","article_published_time":"2020-04-27T10:33:39+00:00","article_modified_time":"2020-04-27T10:40:34+00:00","og_image":[{"width":1842,"height":1228,"url":"https:\/\/www.monaco-tribune.com\/wp-content\/uploads\/2020\/04\/Monaco-Economic-Board-Guillaume-Rose.png","type":"image\/png"}],"author":"Monaco Tribune","twitter_card":"summary_large_image","twitter_creator":"@MonacoTribune","twitter_site":"@MonacoTribune","schema":{"@context":"https:\/\/schema.org","@graph":[{"@type":"NewsArticle","@id":"https:\/\/www.monaco-tribune.com\/it\/2020\/04\/guillaume-rose-meb-lo-spettro-della-crisi-del-29\/#article","isPartOf":{"@id":"https:\/\/www.monaco-tribune.com\/it\/2020\/04\/guillaume-rose-meb-lo-spettro-della-crisi-del-29\/"},"author":{"name":"Monaco Tribune","@id":"https:\/\/www.monaco-tribune.com\/it\/#\/schema\/person\/8f6ed8c063276e2397589eda5b7a2f2d"},"headline":"Guillaume Rose, Monaco Economic Board: \u201cLo spettro della crisi del \u201929\u2026\u201d","datePublished":"2020-04-27T10:33:39+00:00","dateModified":"2020-04-27T10:40:34+00:00","mainEntityOfPage":{"@id":"https:\/\/www.monaco-tribune.com\/it\/2020\/04\/guillaume-rose-meb-lo-spettro-della-crisi-del-29\/"},"wordCount":579,"publisher":{"@id":"https:\/\/www.monaco-tribune.com\/it\/#organization"},"image":{"@id":"https:\/\/www.monaco-tribune.com\/it\/2020\/04\/guillaume-rose-meb-lo-spettro-della-crisi-del-29\/#primaryimage"},"thumbnailUrl":"https:\/\/www.monaco-tribune.com\/wp-content\/uploads\/2020\/04\/Monaco-Economic-Board-Guillaume-Rose.png","keywords":["Covid-19"],"articleSection":["Business","Notizie"],"inLanguage":"it-IT","copyrightYear":"2020","copyrightHolder":{"@id":"https:\/\/www.monaco-tribune.com\/#organization"}},{"@type":"WebPage","@id":"https:\/\/www.monaco-tribune.com\/it\/2020\/04\/guillaume-rose-meb-lo-spettro-della-crisi-del-29\/","url":"https:\/\/www.monaco-tribune.com\/it\/2020\/04\/guillaume-rose-meb-lo-spettro-della-crisi-del-29\/","name":"Guillaume Rose, Monaco Economic Board: \u201cLo spettro della crisi del \u201929\u2026\u201d","isPartOf":{"@id":"https:\/\/www.monaco-tribune.com\/it\/#website"},"primaryImageOfPage":{"@id":"https:\/\/www.monaco-tribune.com\/it\/2020\/04\/guillaume-rose-meb-lo-spettro-della-crisi-del-29\/#primaryimage"},"image":{"@id":"https:\/\/www.monaco-tribune.com\/it\/2020\/04\/guillaume-rose-meb-lo-spettro-della-crisi-del-29\/#primaryimage"},"thumbnailUrl":"https:\/\/www.monaco-tribune.com\/wp-content\/uploads\/2020\/04\/Monaco-Economic-Board-Guillaume-Rose.png","datePublished":"2020-04-27T10:33:39+00:00","dateModified":"2020-04-27T10:40:34+00:00","description":"Monaco sembra dirigersi verso una ripresa delle attivit\u00e0 a partire dal 4 maggio. Un sollievo per pi\u00f9 di 5.000 aziende presenti nel Principato, che stanno","breadcrumb":{"@id":"https:\/\/www.monaco-tribune.com\/it\/2020\/04\/guillaume-rose-meb-lo-spettro-della-crisi-del-29\/#breadcrumb"},"inLanguage":"it-IT","potentialAction":[{"@type":"ReadAction","target":["https:\/\/www.monaco-tribune.com\/it\/2020\/04\/guillaume-rose-meb-lo-spettro-della-crisi-del-29\/"]}]},{"@type":"ImageObject","inLanguage":"it-IT","@id":"https:\/\/www.monaco-tribune.com\/it\/2020\/04\/guillaume-rose-meb-lo-spettro-della-crisi-del-29\/#primaryimage","url":"https:\/\/www.monaco-tribune.com\/wp-content\/uploads\/2020\/04\/Monaco-Economic-Board-Guillaume-Rose.png","contentUrl":"https:\/\/www.monaco-tribune.com\/wp-content\/uploads\/2020\/04\/Monaco-Economic-Board-Guillaume-Rose.png","width":1842,"height":1228,"caption":"Monaco Economic Board"},{"@type":"BreadcrumbList","@id":"https:\/\/www.monaco-tribune.com\/it\/2020\/04\/guillaume-rose-meb-lo-spettro-della-crisi-del-29\/#breadcrumb","itemListElement":[{"@type":"ListItem","position":1,"name":"Accueil","item":"https:\/\/www.monaco-tribune.com\/it\/"},{"@type":"ListItem","position":2,"name":"Guillaume Rose, Monaco Economic Board: \u201cLo spettro della crisi del \u201929\u2026\u201d"}]},{"@type":"WebSite","@id":"https:\/\/www.monaco-tribune.com\/it\/#website","url":"https:\/\/www.monaco-tribune.com\/it\/","name":"Monaco Tribune","description":"Monaco : actualit\u00e9s \u00e9conomiques, politiques, culturelles et sportives de Monaco et de la French Riviera.","publisher":{"@id":"https:\/\/www.monaco-tribune.com\/it\/#organization"},"potentialAction":[{"@type":"SearchAction","target":{"@type":"EntryPoint","urlTemplate":"https:\/\/www.monaco-tribune.com\/it\/?s={search_term_string}"},"query-input":{"@type":"PropertyValueSpecification","valueRequired":true,"valueName":"search_term_string"}}],"inLanguage":"it-IT"},{"@type":"Organization","@id":"https:\/\/www.monaco-tribune.com\/it\/#organization","name":"Monaco Tribune","url":"https:\/\/www.monaco-tribune.com\/it\/","logo":{"@type":"ImageObject","inLanguage":"it-IT","@id":"https:\/\/www.monaco-tribune.com\/it\/#\/schema\/logo\/image\/","url":"https:\/\/www.monaco-tribune.com\/wp-content\/uploads\/2022\/11\/logo-monaco-tribune.png","contentUrl":"https:\/\/www.monaco-tribune.com\/wp-content\/uploads\/2022\/11\/logo-monaco-tribune.png","width":1548,"height":600,"caption":"Monaco Tribune"},"image":{"@id":"https:\/\/www.monaco-tribune.com\/it\/#\/schema\/logo\/image\/"},"sameAs":["https:\/\/www.facebook.com\/MonacoTribune","https:\/\/x.com\/MonacoTribune","https:\/\/www.instagram.com\/monacotribune\/","https:\/\/www.linkedin.com\/company\/monaco-tribune","https:\/\/www.youtube.com\/channel\/UCHle1MnG6hw1y4lWKijVbMA"]},{"@type":"Person","@id":"https:\/\/www.monaco-tribune.com\/it\/#\/schema\/person\/8f6ed8c063276e2397589eda5b7a2f2d","name":"Monaco Tribune","image":{"@type":"ImageObject","inLanguage":"it-IT","@id":"https:\/\/secure.gravatar.com\/avatar\/3010e6c5d6c8056ec1c25228fe68ea089879e5ae0de884e0247744ee988aaf6a?s=96&d=mm&r=g","url":"https:\/\/secure.gravatar.com\/avatar\/3010e6c5d6c8056ec1c25228fe68ea089879e5ae0de884e0247744ee988aaf6a?s=96&d=mm&r=g","contentUrl":"https:\/\/secure.gravatar.com\/avatar\/3010e6c5d6c8056ec1c25228fe68ea089879e5ae0de884e0247744ee988aaf6a?s=96&d=mm&r=g","caption":"Monaco Tribune"},"url":"https:\/\/www.monaco-tribune.com\/it\/author\/monaco-tribune\/"}]}},"_links":{"self":[{"href":"https:\/\/www.monaco-tribune.com\/it\/wp-json\/wp\/v2\/posts\/26712","targetHints":{"allow":["GET"]}}],"collection":[{"href":"https:\/\/www.monaco-tribune.com\/it\/wp-json\/wp\/v2\/posts"}],"about":[{"href":"https:\/\/www.monaco-tribune.com\/it\/wp-json\/wp\/v2\/types\/post"}],"author":[{"embeddable":true,"href":"https:\/\/www.monaco-tribune.com\/it\/wp-json\/wp\/v2\/users\/21"}],"replies":[{"embeddable":true,"href":"https:\/\/www.monaco-tribune.com\/it\/wp-json\/wp\/v2\/comments?post=26712"}],"version-history":[{"count":0,"href":"https:\/\/www.monaco-tribune.com\/it\/wp-json\/wp\/v2\/posts\/26712\/revisions"}],"wp:featuredmedia":[{"embeddable":true,"href":"https:\/\/www.monaco-tribune.com\/it\/wp-json\/wp\/v2\/media\/26550"}],"wp:attachment":[{"href":"https:\/\/www.monaco-tribune.com\/it\/wp-json\/wp\/v2\/media?parent=26712"}],"wp:term":[{"taxonomy":"category","embeddable":true,"href":"https:\/\/www.monaco-tribune.com\/it\/wp-json\/wp\/v2\/categories?post=26712"},{"taxonomy":"post_tag","embeddable":true,"href":"https:\/\/www.monaco-tribune.com\/it\/wp-json\/wp\/v2\/tags?post=26712"},{"taxonomy":"sectag","embeddable":true,"href":"https:\/\/www.monaco-tribune.com\/it\/wp-json\/wp\/v2\/post_sectags?post=26712"},{"taxonomy":"format","embeddable":true,"href":"https:\/\/www.monaco-tribune.com\/it\/wp-json\/wp\/v2\/post_format?post=26712"}],"curies":[{"name":"wp","href":"https:\/\/api.w.org\/{rel}","templated":true}]}}