{"id":269290,"date":"2024-12-30T16:07:02","date_gmt":"2024-12-30T14:07:02","guid":{"rendered":"https:\/\/www.monaco-tribune.com\/2024\/12\/parziale-divieto-di-balneazione-al-larvotto-fino-ad-aprile-2025\/"},"modified":"2024-12-30T16:07:07","modified_gmt":"2024-12-30T14:07:07","slug":"parziale-divieto-di-balneazione-al-larvotto-fino-ad-aprile-2025","status":"publish","type":"post","link":"https:\/\/www.monaco-tribune.com\/it\/2024\/12\/parziale-divieto-di-balneazione-al-larvotto-fino-ad-aprile-2025\/","title":{"rendered":"Parziale divieto di balneazione al Larvotto fino ad aprile 2025"},"content":{"rendered":"\n<p><strong>Il governo ha avviato un importante progetto in due fasi per consolidare la spiaggia del Larvotto.<\/strong><\/p>\n\n<p>Dal 2 gennaio al 30 aprile 2025 sono previsti lavori nella parte orientale del Larvotto. Le limitazioni temporanee alla balneazione sono necessarie per la stabilizzazione della costa. Gli interventi interesseranno lo sperone centrale e i geotubi situati tra le calette della zona orientale. Queste strutture attuali saranno rimosse.<\/p>\n\n<p>Al loro posto, verranno installati degli isolotti di massi progettati in modo sostenibile che serviranno per proteggere la spiaggia a lungo termine e per limitare l&#8217;accumulo di sabbia che si \u00e8 verificato negli ultimi anni.<\/p>\n\n<p>I lavori si svolgeranno direttamente in acqua. Per garantire la sicurezza dei bagnanti, sar\u00e0 quindi prevista una zona di divieto di balneazione. Verranno inoltre installate reti di ritenzione per limitare la dispersione dei sedimenti.<\/p>\n\n<p>Questa misura mira a <a href=\"https:\/\/www.monaco-tribune.com\/it\/2024\/10\/monaco-pioniera-delle-aree-marine-protette-amp-urbane\/\">preservare la biodiversit\u00e0 marina<\/a> e la riserva sottomarina adiacente.<\/p>\n\n<p>Nonostante l&#8217;entit\u00e0 dei lavori, la spiaggia rimarr\u00e0 comunque accessibile. I ristoranti e i negozi del complesso resteranno aperti senza limitazioni.<\/p>\n\n<p class=\"related\"><a href=\"https:\/\/www.monaco-tribune.com\/it\/2024\/10\/miracolo-250-piccoli-coralli-rossi-sono-nati-a-monaco-grazie-alla-collaborazione-con-la-maison-chanel\/\">Miracolo! 250 coralli rossi nati a Monaco grazie alla collaborazione con la Maison Chanel<\/a><\/p>\n\n<h2 class=\"wp-block-heading\" id=\"h-une-seconde-phase-d-intervention-prevue-pour-2026\">Una seconda fase prevista per il 2026<\/h2>\n\n<p>Un&#8217;operazione simile \u00e8 gi\u00e0 in programma per il 2026. Questa volta riguarder\u00e0 la parte occidentale della spiaggia. L&#8217;obiettivo di questi interventi \u00e8 quello di prepararsi alla stagione estiva 2025, garantendo al contempo la sicurezza a lungo termine del litorale. Con queste nuove misure, Monaco intende proteggere il suo patrimonio naturale e affrontare le sfide ambientali.<\/p>\n\n<p><strong><br\/><\/strong><\/p>\n","protected":false},"excerpt":{"rendered":"<p>Il governo ha avviato un importante progetto in due fasi per consolidare la spiaggia del Larvotto. Dal 2 gennaio al [&hellip;]<\/p>\n","protected":false},"author":80,"featured_media":269072,"comment_status":"closed","ping_status":"closed","sticky":false,"template":"","format":"standard","meta":{"_acf_changed":false,"footnotes":""},"categories":[1826,1738,1752],"tags":[3640],"post_sectags":[],"post_format":[2478],"class_list":["post-269290","post","type-post","status-publish","format-standard","has-post-thumbnail","hentry","category-la-nostra-scelta","category-notizie","category-societa","tag-info-locali","format-notizia"],"acf":[],"yoast_head":"<!-- This site is optimized with the Yoast SEO Premium plugin v26.8 (Yoast SEO v27.5) - https:\/\/yoast.com\/product\/yoast-seo-premium-wordpress\/ -->\n<title>Parziale divieto di balneazione al Larvotto fino ad aprile 2025<\/title>\n<meta name=\"description\" content=\"Il governo ha avviato un importante progetto in due fasi per consolidare la spiaggia del Larvotto. Dal 2 gennaio al 30 aprile 2025 sono previsti lavori\" \/>\n<meta name=\"robots\" content=\"index, follow, max-snippet:-1, max-image-preview:large, max-video-preview:-1\" \/>\n<link rel=\"canonical\" href=\"https:\/\/www.monaco-tribune.com\/it\/2024\/12\/parziale-divieto-di-balneazione-al-larvotto-fino-ad-aprile-2025\/\" \/>\n<meta property=\"og:locale\" content=\"it_IT\" \/>\n<meta property=\"og:type\" content=\"article\" \/>\n<meta property=\"og:title\" content=\"Parziale divieto di balneazione al Larvotto fino ad aprile 2025 - Monaco Tribune\" \/>\n<meta property=\"og:description\" content=\"Il governo ha avviato un importante progetto in due fasi per consolidare la spiaggia del Larvotto. Dal 2 gennaio al 30 aprile 2025 sono previsti lavori\" \/>\n<meta property=\"og:url\" content=\"https:\/\/www.monaco-tribune.com\/it\/2024\/12\/parziale-divieto-di-balneazione-al-larvotto-fino-ad-aprile-2025\/\" \/>\n<meta property=\"og:site_name\" content=\"Monaco Tribune\" \/>\n<meta property=\"article:publisher\" content=\"https:\/\/www.facebook.com\/MonacoTribune\" \/>\n<meta property=\"article:published_time\" content=\"2024-12-30T14:07:02+00:00\" \/>\n<meta property=\"article:modified_time\" content=\"2024-12-30T14:07:07+00:00\" \/>\n<meta property=\"og:image\" content=\"https:\/\/www.monaco-tribune.com\/wp-content\/uploads\/2024\/12\/plage-du-larvotto.jpg\" \/>\n\t<meta property=\"og:image:width\" content=\"1200\" \/>\n\t<meta property=\"og:image:height\" content=\"800\" \/>\n\t<meta property=\"og:image:type\" content=\"image\/jpeg\" \/>\n<meta name=\"author\" content=\"Estelle Imbert\" \/>\n<meta name=\"twitter:card\" content=\"summary_large_image\" \/>\n<meta name=\"twitter:creator\" content=\"@MonacoTribune\" \/>\n<meta name=\"twitter:site\" content=\"@MonacoTribune\" \/>\n<script type=\"application\/ld+json\" class=\"yoast-schema-graph\">{\"@context\":\"https:\\\/\\\/schema.org\",\"@graph\":[{\"@type\":\"NewsArticle\",\"@id\":\"https:\\\/\\\/www.monaco-tribune.com\\\/it\\\/2024\\\/12\\\/parziale-divieto-di-balneazione-al-larvotto-fino-ad-aprile-2025\\\/#article\",\"isPartOf\":{\"@id\":\"https:\\\/\\\/www.monaco-tribune.com\\\/it\\\/2024\\\/12\\\/parziale-divieto-di-balneazione-al-larvotto-fino-ad-aprile-2025\\\/\"},\"author\":{\"name\":\"Estelle Imbert\",\"@id\":\"https:\\\/\\\/www.monaco-tribune.com\\\/it\\\/#\\\/schema\\\/person\\\/55ce91a070ff78e15ec1817376669bf4\"},\"headline\":\"Parziale divieto di balneazione al Larvotto fino ad aprile 2025\",\"datePublished\":\"2024-12-30T14:07:02+00:00\",\"dateModified\":\"2024-12-30T14:07:07+00:00\",\"mainEntityOfPage\":{\"@id\":\"https:\\\/\\\/www.monaco-tribune.com\\\/it\\\/2024\\\/12\\\/parziale-divieto-di-balneazione-al-larvotto-fino-ad-aprile-2025\\\/\"},\"wordCount\":245,\"publisher\":{\"@id\":\"https:\\\/\\\/www.monaco-tribune.com\\\/it\\\/#organization\"},\"image\":{\"@id\":\"https:\\\/\\\/www.monaco-tribune.com\\\/it\\\/2024\\\/12\\\/parziale-divieto-di-balneazione-al-larvotto-fino-ad-aprile-2025\\\/#primaryimage\"},\"thumbnailUrl\":\"https:\\\/\\\/www.monaco-tribune.com\\\/wp-content\\\/uploads\\\/2024\\\/12\\\/plage-du-larvotto.jpg\",\"keywords\":[\"Info locali\"],\"articleSection\":[\"La nostra scelta\",\"Notizie\",\"Societ\u00e0\"],\"inLanguage\":\"it-IT\",\"copyrightYear\":\"2024\",\"copyrightHolder\":{\"@id\":\"https:\\\/\\\/www.monaco-tribune.com\\\/#organization\"}},{\"@type\":\"WebPage\",\"@id\":\"https:\\\/\\\/www.monaco-tribune.com\\\/it\\\/2024\\\/12\\\/parziale-divieto-di-balneazione-al-larvotto-fino-ad-aprile-2025\\\/\",\"url\":\"https:\\\/\\\/www.monaco-tribune.com\\\/it\\\/2024\\\/12\\\/parziale-divieto-di-balneazione-al-larvotto-fino-ad-aprile-2025\\\/\",\"name\":\"Parziale divieto di balneazione al Larvotto fino ad aprile 2025\",\"isPartOf\":{\"@id\":\"https:\\\/\\\/www.monaco-tribune.com\\\/it\\\/#website\"},\"primaryImageOfPage\":{\"@id\":\"https:\\\/\\\/www.monaco-tribune.com\\\/it\\\/2024\\\/12\\\/parziale-divieto-di-balneazione-al-larvotto-fino-ad-aprile-2025\\\/#primaryimage\"},\"image\":{\"@id\":\"https:\\\/\\\/www.monaco-tribune.com\\\/it\\\/2024\\\/12\\\/parziale-divieto-di-balneazione-al-larvotto-fino-ad-aprile-2025\\\/#primaryimage\"},\"thumbnailUrl\":\"https:\\\/\\\/www.monaco-tribune.com\\\/wp-content\\\/uploads\\\/2024\\\/12\\\/plage-du-larvotto.jpg\",\"datePublished\":\"2024-12-30T14:07:02+00:00\",\"dateModified\":\"2024-12-30T14:07:07+00:00\",\"description\":\"Il governo ha avviato un importante progetto in due fasi per consolidare la spiaggia del Larvotto. Dal 2 gennaio al 30 aprile 2025 sono previsti lavori\",\"breadcrumb\":{\"@id\":\"https:\\\/\\\/www.monaco-tribune.com\\\/it\\\/2024\\\/12\\\/parziale-divieto-di-balneazione-al-larvotto-fino-ad-aprile-2025\\\/#breadcrumb\"},\"inLanguage\":\"it-IT\",\"potentialAction\":[{\"@type\":\"ReadAction\",\"target\":[\"https:\\\/\\\/www.monaco-tribune.com\\\/it\\\/2024\\\/12\\\/parziale-divieto-di-balneazione-al-larvotto-fino-ad-aprile-2025\\\/\"]}]},{\"@type\":\"ImageObject\",\"inLanguage\":\"it-IT\",\"@id\":\"https:\\\/\\\/www.monaco-tribune.com\\\/it\\\/2024\\\/12\\\/parziale-divieto-di-balneazione-al-larvotto-fino-ad-aprile-2025\\\/#primaryimage\",\"url\":\"https:\\\/\\\/www.monaco-tribune.com\\\/wp-content\\\/uploads\\\/2024\\\/12\\\/plage-du-larvotto.jpg\",\"contentUrl\":\"https:\\\/\\\/www.monaco-tribune.com\\\/wp-content\\\/uploads\\\/2024\\\/12\\\/plage-du-larvotto.jpg\",\"width\":1200,\"height\":800,\"caption\":\"Il governo monegasco ha annunciato due fasi di lavori per il consolidamento del litorale del Larvotto \u00a9 Direzione della Comunicazione\"},{\"@type\":\"BreadcrumbList\",\"@id\":\"https:\\\/\\\/www.monaco-tribune.com\\\/it\\\/2024\\\/12\\\/parziale-divieto-di-balneazione-al-larvotto-fino-ad-aprile-2025\\\/#breadcrumb\",\"itemListElement\":[{\"@type\":\"ListItem\",\"position\":1,\"name\":\"Accueil\",\"item\":\"https:\\\/\\\/www.monaco-tribune.com\\\/it\\\/\"},{\"@type\":\"ListItem\",\"position\":2,\"name\":\"Parziale divieto di balneazione al Larvotto fino ad aprile 2025\"}]},{\"@type\":\"WebSite\",\"@id\":\"https:\\\/\\\/www.monaco-tribune.com\\\/it\\\/#website\",\"url\":\"https:\\\/\\\/www.monaco-tribune.com\\\/it\\\/\",\"name\":\"Monaco Tribune\",\"description\":\"Monaco : actualit\u00e9s \u00e9conomiques, politiques, culturelles et sportives de Monaco et de la French Riviera.\",\"publisher\":{\"@id\":\"https:\\\/\\\/www.monaco-tribune.com\\\/it\\\/#organization\"},\"potentialAction\":[{\"@type\":\"SearchAction\",\"target\":{\"@type\":\"EntryPoint\",\"urlTemplate\":\"https:\\\/\\\/www.monaco-tribune.com\\\/it\\\/?s={search_term_string}\"},\"query-input\":{\"@type\":\"PropertyValueSpecification\",\"valueRequired\":true,\"valueName\":\"search_term_string\"}}],\"inLanguage\":\"it-IT\"},{\"@type\":\"Organization\",\"@id\":\"https:\\\/\\\/www.monaco-tribune.com\\\/it\\\/#organization\",\"name\":\"Monaco Tribune\",\"url\":\"https:\\\/\\\/www.monaco-tribune.com\\\/it\\\/\",\"logo\":{\"@type\":\"ImageObject\",\"inLanguage\":\"it-IT\",\"@id\":\"https:\\\/\\\/www.monaco-tribune.com\\\/it\\\/#\\\/schema\\\/logo\\\/image\\\/\",\"url\":\"https:\\\/\\\/www.monaco-tribune.com\\\/wp-content\\\/uploads\\\/2022\\\/11\\\/logo-monaco-tribune.png\",\"contentUrl\":\"https:\\\/\\\/www.monaco-tribune.com\\\/wp-content\\\/uploads\\\/2022\\\/11\\\/logo-monaco-tribune.png\",\"width\":1548,\"height\":600,\"caption\":\"Monaco Tribune\"},\"image\":{\"@id\":\"https:\\\/\\\/www.monaco-tribune.com\\\/it\\\/#\\\/schema\\\/logo\\\/image\\\/\"},\"sameAs\":[\"https:\\\/\\\/www.facebook.com\\\/MonacoTribune\",\"https:\\\/\\\/x.com\\\/MonacoTribune\",\"https:\\\/\\\/www.instagram.com\\\/monacotribune\\\/\",\"https:\\\/\\\/www.linkedin.com\\\/company\\\/monaco-tribune\",\"https:\\\/\\\/www.youtube.com\\\/channel\\\/UCHle1MnG6hw1y4lWKijVbMA\"]},{\"@type\":\"Person\",\"@id\":\"https:\\\/\\\/www.monaco-tribune.com\\\/it\\\/#\\\/schema\\\/person\\\/55ce91a070ff78e15ec1817376669bf4\",\"name\":\"Estelle Imbert\",\"image\":{\"@type\":\"ImageObject\",\"inLanguage\":\"it-IT\",\"@id\":\"https:\\\/\\\/secure.gravatar.com\\\/avatar\\\/d2e1a3840b1138a669d04f6292bbd810f7f730844d7a28a8e8c4c6da40e79852?s=96&d=mm&r=g\",\"url\":\"https:\\\/\\\/secure.gravatar.com\\\/avatar\\\/d2e1a3840b1138a669d04f6292bbd810f7f730844d7a28a8e8c4c6da40e79852?s=96&d=mm&r=g\",\"contentUrl\":\"https:\\\/\\\/secure.gravatar.com\\\/avatar\\\/d2e1a3840b1138a669d04f6292bbd810f7f730844d7a28a8e8c4c6da40e79852?s=96&d=mm&r=g\",\"caption\":\"Estelle Imbert\"},\"url\":\"https:\\\/\\\/www.monaco-tribune.com\\\/it\\\/author\\\/estelleimbert\\\/\"}]}<\/script>\n<!-- \/ Yoast SEO Premium plugin. -->","yoast_head_json":{"title":"Parziale divieto di balneazione al Larvotto fino ad aprile 2025","description":"Il governo ha avviato un importante progetto in due fasi per consolidare la spiaggia del Larvotto. Dal 2 gennaio al 30 aprile 2025 sono previsti lavori","robots":{"index":"index","follow":"follow","max-snippet":"max-snippet:-1","max-image-preview":"max-image-preview:large","max-video-preview":"max-video-preview:-1"},"canonical":"https:\/\/www.monaco-tribune.com\/it\/2024\/12\/parziale-divieto-di-balneazione-al-larvotto-fino-ad-aprile-2025\/","og_locale":"it_IT","og_type":"article","og_title":"Parziale divieto di balneazione al Larvotto fino ad aprile 2025 - Monaco Tribune","og_description":"Il governo ha avviato un importante progetto in due fasi per consolidare la spiaggia del Larvotto. Dal 2 gennaio al 30 aprile 2025 sono previsti lavori","og_url":"https:\/\/www.monaco-tribune.com\/it\/2024\/12\/parziale-divieto-di-balneazione-al-larvotto-fino-ad-aprile-2025\/","og_site_name":"Monaco Tribune","article_publisher":"https:\/\/www.facebook.com\/MonacoTribune","article_published_time":"2024-12-30T14:07:02+00:00","article_modified_time":"2024-12-30T14:07:07+00:00","og_image":[{"width":1200,"height":800,"url":"https:\/\/www.monaco-tribune.com\/wp-content\/uploads\/2024\/12\/plage-du-larvotto.jpg","type":"image\/jpeg"}],"author":"Estelle Imbert","twitter_card":"summary_large_image","twitter_creator":"@MonacoTribune","twitter_site":"@MonacoTribune","schema":{"@context":"https:\/\/schema.org","@graph":[{"@type":"NewsArticle","@id":"https:\/\/www.monaco-tribune.com\/it\/2024\/12\/parziale-divieto-di-balneazione-al-larvotto-fino-ad-aprile-2025\/#article","isPartOf":{"@id":"https:\/\/www.monaco-tribune.com\/it\/2024\/12\/parziale-divieto-di-balneazione-al-larvotto-fino-ad-aprile-2025\/"},"author":{"name":"Estelle Imbert","@id":"https:\/\/www.monaco-tribune.com\/it\/#\/schema\/person\/55ce91a070ff78e15ec1817376669bf4"},"headline":"Parziale divieto di balneazione al Larvotto fino ad aprile 2025","datePublished":"2024-12-30T14:07:02+00:00","dateModified":"2024-12-30T14:07:07+00:00","mainEntityOfPage":{"@id":"https:\/\/www.monaco-tribune.com\/it\/2024\/12\/parziale-divieto-di-balneazione-al-larvotto-fino-ad-aprile-2025\/"},"wordCount":245,"publisher":{"@id":"https:\/\/www.monaco-tribune.com\/it\/#organization"},"image":{"@id":"https:\/\/www.monaco-tribune.com\/it\/2024\/12\/parziale-divieto-di-balneazione-al-larvotto-fino-ad-aprile-2025\/#primaryimage"},"thumbnailUrl":"https:\/\/www.monaco-tribune.com\/wp-content\/uploads\/2024\/12\/plage-du-larvotto.jpg","keywords":["Info locali"],"articleSection":["La nostra scelta","Notizie","Societ\u00e0"],"inLanguage":"it-IT","copyrightYear":"2024","copyrightHolder":{"@id":"https:\/\/www.monaco-tribune.com\/#organization"}},{"@type":"WebPage","@id":"https:\/\/www.monaco-tribune.com\/it\/2024\/12\/parziale-divieto-di-balneazione-al-larvotto-fino-ad-aprile-2025\/","url":"https:\/\/www.monaco-tribune.com\/it\/2024\/12\/parziale-divieto-di-balneazione-al-larvotto-fino-ad-aprile-2025\/","name":"Parziale divieto di balneazione al Larvotto fino ad aprile 2025","isPartOf":{"@id":"https:\/\/www.monaco-tribune.com\/it\/#website"},"primaryImageOfPage":{"@id":"https:\/\/www.monaco-tribune.com\/it\/2024\/12\/parziale-divieto-di-balneazione-al-larvotto-fino-ad-aprile-2025\/#primaryimage"},"image":{"@id":"https:\/\/www.monaco-tribune.com\/it\/2024\/12\/parziale-divieto-di-balneazione-al-larvotto-fino-ad-aprile-2025\/#primaryimage"},"thumbnailUrl":"https:\/\/www.monaco-tribune.com\/wp-content\/uploads\/2024\/12\/plage-du-larvotto.jpg","datePublished":"2024-12-30T14:07:02+00:00","dateModified":"2024-12-30T14:07:07+00:00","description":"Il governo ha avviato un importante progetto in due fasi per consolidare la spiaggia del Larvotto. Dal 2 gennaio al 30 aprile 2025 sono previsti lavori","breadcrumb":{"@id":"https:\/\/www.monaco-tribune.com\/it\/2024\/12\/parziale-divieto-di-balneazione-al-larvotto-fino-ad-aprile-2025\/#breadcrumb"},"inLanguage":"it-IT","potentialAction":[{"@type":"ReadAction","target":["https:\/\/www.monaco-tribune.com\/it\/2024\/12\/parziale-divieto-di-balneazione-al-larvotto-fino-ad-aprile-2025\/"]}]},{"@type":"ImageObject","inLanguage":"it-IT","@id":"https:\/\/www.monaco-tribune.com\/it\/2024\/12\/parziale-divieto-di-balneazione-al-larvotto-fino-ad-aprile-2025\/#primaryimage","url":"https:\/\/www.monaco-tribune.com\/wp-content\/uploads\/2024\/12\/plage-du-larvotto.jpg","contentUrl":"https:\/\/www.monaco-tribune.com\/wp-content\/uploads\/2024\/12\/plage-du-larvotto.jpg","width":1200,"height":800,"caption":"Il governo monegasco ha annunciato due fasi di lavori per il consolidamento del litorale del Larvotto \u00a9 Direzione della Comunicazione"},{"@type":"BreadcrumbList","@id":"https:\/\/www.monaco-tribune.com\/it\/2024\/12\/parziale-divieto-di-balneazione-al-larvotto-fino-ad-aprile-2025\/#breadcrumb","itemListElement":[{"@type":"ListItem","position":1,"name":"Accueil","item":"https:\/\/www.monaco-tribune.com\/it\/"},{"@type":"ListItem","position":2,"name":"Parziale divieto di balneazione al Larvotto fino ad aprile 2025"}]},{"@type":"WebSite","@id":"https:\/\/www.monaco-tribune.com\/it\/#website","url":"https:\/\/www.monaco-tribune.com\/it\/","name":"Monaco Tribune","description":"Monaco : actualit\u00e9s \u00e9conomiques, politiques, culturelles et sportives de Monaco et de la French Riviera.","publisher":{"@id":"https:\/\/www.monaco-tribune.com\/it\/#organization"},"potentialAction":[{"@type":"SearchAction","target":{"@type":"EntryPoint","urlTemplate":"https:\/\/www.monaco-tribune.com\/it\/?s={search_term_string}"},"query-input":{"@type":"PropertyValueSpecification","valueRequired":true,"valueName":"search_term_string"}}],"inLanguage":"it-IT"},{"@type":"Organization","@id":"https:\/\/www.monaco-tribune.com\/it\/#organization","name":"Monaco Tribune","url":"https:\/\/www.monaco-tribune.com\/it\/","logo":{"@type":"ImageObject","inLanguage":"it-IT","@id":"https:\/\/www.monaco-tribune.com\/it\/#\/schema\/logo\/image\/","url":"https:\/\/www.monaco-tribune.com\/wp-content\/uploads\/2022\/11\/logo-monaco-tribune.png","contentUrl":"https:\/\/www.monaco-tribune.com\/wp-content\/uploads\/2022\/11\/logo-monaco-tribune.png","width":1548,"height":600,"caption":"Monaco Tribune"},"image":{"@id":"https:\/\/www.monaco-tribune.com\/it\/#\/schema\/logo\/image\/"},"sameAs":["https:\/\/www.facebook.com\/MonacoTribune","https:\/\/x.com\/MonacoTribune","https:\/\/www.instagram.com\/monacotribune\/","https:\/\/www.linkedin.com\/company\/monaco-tribune","https:\/\/www.youtube.com\/channel\/UCHle1MnG6hw1y4lWKijVbMA"]},{"@type":"Person","@id":"https:\/\/www.monaco-tribune.com\/it\/#\/schema\/person\/55ce91a070ff78e15ec1817376669bf4","name":"Estelle Imbert","image":{"@type":"ImageObject","inLanguage":"it-IT","@id":"https:\/\/secure.gravatar.com\/avatar\/d2e1a3840b1138a669d04f6292bbd810f7f730844d7a28a8e8c4c6da40e79852?s=96&d=mm&r=g","url":"https:\/\/secure.gravatar.com\/avatar\/d2e1a3840b1138a669d04f6292bbd810f7f730844d7a28a8e8c4c6da40e79852?s=96&d=mm&r=g","contentUrl":"https:\/\/secure.gravatar.com\/avatar\/d2e1a3840b1138a669d04f6292bbd810f7f730844d7a28a8e8c4c6da40e79852?s=96&d=mm&r=g","caption":"Estelle Imbert"},"url":"https:\/\/www.monaco-tribune.com\/it\/author\/estelleimbert\/"}]}},"_links":{"self":[{"href":"https:\/\/www.monaco-tribune.com\/it\/wp-json\/wp\/v2\/posts\/269290","targetHints":{"allow":["GET"]}}],"collection":[{"href":"https:\/\/www.monaco-tribune.com\/it\/wp-json\/wp\/v2\/posts"}],"about":[{"href":"https:\/\/www.monaco-tribune.com\/it\/wp-json\/wp\/v2\/types\/post"}],"author":[{"embeddable":true,"href":"https:\/\/www.monaco-tribune.com\/it\/wp-json\/wp\/v2\/users\/80"}],"replies":[{"embeddable":true,"href":"https:\/\/www.monaco-tribune.com\/it\/wp-json\/wp\/v2\/comments?post=269290"}],"version-history":[{"count":2,"href":"https:\/\/www.monaco-tribune.com\/it\/wp-json\/wp\/v2\/posts\/269290\/revisions"}],"predecessor-version":[{"id":269293,"href":"https:\/\/www.monaco-tribune.com\/it\/wp-json\/wp\/v2\/posts\/269290\/revisions\/269293"}],"wp:featuredmedia":[{"embeddable":true,"href":"https:\/\/www.monaco-tribune.com\/it\/wp-json\/wp\/v2\/media\/269072"}],"wp:attachment":[{"href":"https:\/\/www.monaco-tribune.com\/it\/wp-json\/wp\/v2\/media?parent=269290"}],"wp:term":[{"taxonomy":"category","embeddable":true,"href":"https:\/\/www.monaco-tribune.com\/it\/wp-json\/wp\/v2\/categories?post=269290"},{"taxonomy":"post_tag","embeddable":true,"href":"https:\/\/www.monaco-tribune.com\/it\/wp-json\/wp\/v2\/tags?post=269290"},{"taxonomy":"sectag","embeddable":true,"href":"https:\/\/www.monaco-tribune.com\/it\/wp-json\/wp\/v2\/post_sectags?post=269290"},{"taxonomy":"format","embeddable":true,"href":"https:\/\/www.monaco-tribune.com\/it\/wp-json\/wp\/v2\/post_format?post=269290"}],"curies":[{"name":"wp","href":"https:\/\/api.w.org\/{rel}","templated":true}]}}