{"id":269869,"date":"2025-01-03T15:38:50","date_gmt":"2025-01-03T13:38:50","guid":{"rendered":"https:\/\/www.monaco-tribune.com\/2025\/01\/la-stagione-del-carnevale-sulla-costa-azzurra-si-avvicina\/"},"modified":"2025-01-03T15:38:56","modified_gmt":"2025-01-03T13:38:56","slug":"la-stagione-del-carnevale-sulla-costa-azzurra-si-avvicina","status":"publish","type":"post","link":"https:\/\/www.monaco-tribune.com\/it\/2025\/01\/la-stagione-del-carnevale-sulla-costa-azzurra-si-avvicina\/","title":{"rendered":"La stagione del carnevale sulla Costa Azzurra si avvicina"},"content":{"rendered":"\n<p><strong>Costumi, feste, travestimenti&#8230; L&#8217;inizio dell&#8217;anno in Costa Azzurra \u00e8 spesso scandito da una serie di feste invernali. Tra tradizione e cultura, c&#8217;\u00e8 l&#8217;imbarazzo della scelta.<\/strong><\/p>\n\n<h2 class=\"wp-block-heading\" id=\"h-la-fete-du-mimosa\">La festa della mimosa<\/h2>\n\n<p>Considerata la \u201cCapitale della Mimosa\u201d, la citt\u00e0 di Mandelieu-la-Napoule ha deciso di celebrare questo fiore ogni anno. Questa edizione si svolger\u00e0 dal 12 al 16 febbraio, con il tema \u201cLa grande vadrouille des r\u00e9gions\u201d (la grande scampagnata delle regioni). \u00c8 un&#8217;occasione per scoprire le tradizioni carnevalesche e le sfilate che scandiscono il calendario delle regioni francesi. La collina di Tanneron, considerata la pi\u00f9 grande foresta di mimose d&#8217;Europa, si vestir\u00e0 di giallo per l&#8217;occasione.<\/p>\n\n<p><em>Informazioni utili:<\/em><\/p>\n\n<ul class=\"wp-block-list\">\n<li>Dal 12 al 16 febbraio 2025<\/li>\n\n\n\n<li>Biglietti Corso: Intero: 19 euro &#8211; Ridotto : 16 euro (bambini da 3 a 17 anni, PRM, gruppi di almeno 20 persone) &#8211; Passeggiate gratuite<\/li>\n\n\n\n<li>Prenotazione obbligatoria &#8211; 04 93 93 64 64 &#8211; tourisme@mandelieu.com<\/li>\n<\/ul>\n<div class=\"wp-block-image\">\n<figure class=\"aligncenter size-full is-resized\"><img loading=\"lazy\" decoding=\"async\" width=\"683\" height=\"1024\" src=\"https:\/\/www.monaco-tribune.com\/wp-content\/uploads\/2025\/01\/72360584_2759204807457492_7482387844917362688_n.jpg\" alt=\"\" class=\"wp-image-269626\" style=\"width:522px;height:auto\" srcset=\"https:\/\/www.monaco-tribune.com\/wp-content\/uploads\/2025\/01\/72360584_2759204807457492_7482387844917362688_n.jpg 683w, https:\/\/www.monaco-tribune.com\/wp-content\/uploads\/2025\/01\/72360584_2759204807457492_7482387844917362688_n-200x300.jpg 200w\" sizes=\"auto, (max-width: 683px) 100vw, 683px\" \/><figcaption class=\"wp-element-caption\"><em>La collina di Tanneron \u00e8 la pi\u00f9 grande foresta di mimose d&#8217;Europa \u00a9 DR<\/em><\/figcaption><\/figure>\n<\/div>\n<p>La Festa della Mimosa di Mandelieu aprir\u00e0 il calendario delle principali manifestazioni invernali della Costa Azzurra, seguita dal Carnevale di Nizza e dalla Festa del Limone di Mentone.<\/p>\n\n<h2 class=\"wp-block-heading\" id=\"h-le-carnaval-de-nice\">Il carnevale di Nizza<\/h2>\n\n<p>Dal 15 febbraio al 2 marzo 2025, il \u201cRe degli Oceani\u201d conquister\u00e0 la citt\u00e0 di Nizza per 2 settimane! In programma ci sono tantissime sfilate e una ventina di carri decorati e animati sul tema del mare. Vi consigliamo di non perdervi una delle 4 \u201cBattaglie dei Fiori\u201d, anche se vi servir\u00e0 una buona dose di coraggio per partecipare! Il 1\u00b0 marzo si terr\u00e0 la tradizionale cerimonia di incenerimento del Re, accompagnata da uno spettacolo pirotecnico. Per tutta la durata delle festivit\u00e0, troverete un \u201cvillaggio di carnevale\u201d aperto dalle 11 alle 18. Ci saranno bancarelle di cibo, laboratori creativi, mostre e attivit\u00e0 artistiche, tutto gratis!<\/p>\n\n<p><em>Informazioni utili:<\/em><\/p>\n\n<ul class=\"wp-block-list\">\n<li>Dal 15 febbraio al 2 marzo 2025<\/li>\n\n\n\n<li>Gratuito per i bambini fino a 5 anni \/ Tariffe ridotte per i bambini da 6 a 12 anni<\/li>\n\n\n\n<li>Costi e prenotazioni sul <a href=\"https:\/\/www.nicecarnaval.com\/it\/edizione-2025\/programma-ufficiale\/\">sito del Carnevale<\/a><\/li>\n<\/ul>\n<div class=\"wp-block-image\">\n<figure class=\"aligncenter size-large\"><img loading=\"lazy\" decoding=\"async\" width=\"1024\" height=\"683\" src=\"https:\/\/www.monaco-tribune.com\/wp-content\/uploads\/2025\/01\/419018259_788086593364280_8963704274891277329_n-1024x683.jpg\" alt=\"\" class=\"wp-image-269630\" srcset=\"https:\/\/www.monaco-tribune.com\/wp-content\/uploads\/2025\/01\/419018259_788086593364280_8963704274891277329_n-1024x683.jpg 1024w, https:\/\/www.monaco-tribune.com\/wp-content\/uploads\/2025\/01\/419018259_788086593364280_8963704274891277329_n-450x300.jpg 450w, https:\/\/www.monaco-tribune.com\/wp-content\/uploads\/2025\/01\/419018259_788086593364280_8963704274891277329_n.jpg 1600w\" sizes=\"auto, (max-width: 1024px) 100vw, 1024px\" \/><figcaption class=\"wp-element-caption\"><em>Il Re del Carnevale di Nizza 2024 a tema &#8220;Cultura pop&#8221; \u00a9 Carnaval de Nice<\/em><\/figcaption><\/figure>\n<\/div>\n<h2 class=\"wp-block-heading\" id=\"h-la-fete-du-citron-a-menton\">La Festa del Limone a Mentone<\/h2>\n\n<p>Quest&#8217;anno la citt\u00e0 di Mentone vi invita per un viaggio intergalattico. Il tema della 91\u00aa Festa del Limone sar\u00e0 \u201cViaggio nelle stelle\u201d e si svolger\u00e0 dal 15 febbraio al 2 marzo 2025, in contemporanea con il Carnevale di Nizza. I carri decorati con migliaia di agrumi sfileranno per le strade, accompagnati dalla banda, dai ballerini e dagli artisti di strada. Il clou della festa saranno le due sfilate notturne del 20 e 27 febbraio.<\/p>\n\n<p class=\"related\"><a href=\"https:\/\/www.monaco-tribune.com\/it\/2020\/02\/la-storia-festa-del-limone-a-mentone\/\">La storia della Festa del limone a Mentone<\/a><\/p>\n\n<p class=\"related\"><em>Informazioni utili:<\/em><\/p>\n\n<ul class=\"wp-block-list\">\n<li>Dal 15 febbraio al 2 marzo 2025<\/li>\n\n\n\n<li>Biglietteria e programma sul <a href=\"https:\/\/www.fete-du-citron.com\/?lang=it\">sito della Festa del Limone<\/a><\/li>\n\n\n\n<li>Gratuito fino a 6 anni e tariffa ridotta dai 6 ai 12 anni<\/li>\n<\/ul>\n\n<h2 class=\"wp-block-heading\" id=\"h-le-combat-naval-fleuri\">La battaglia navale fiorita<\/h2>\n\n<p>Un&#8217;altra festa tradizionale \u00e8 la battaglia navale fiorita di Villefranche-sur-Mer, che quest&#8217;anno si svolger\u00e0 luned\u00ec 17 febbraio 2025. Questa festa celebra l&#8217;identit\u00e0 marittima di Villefranche-sur-Mer e valorizza la ricchezza floreale della regione, con i famosi fiori della Costa Azzurra come le mimose e i garofani. Alle 13:30, lungo le banchine si terr\u00e0 una sfilata di carnevale, poi,  alle 14:00, le barche dette &#8220;pointus&#8221; daranno il via a questa gigantesca battaglia di fiori. Sono attesi migliaia di spettatori.<\/p>\n\n<p><em>Informazioni utili:<\/em><\/p>\n\n<ul class=\"wp-block-list\">\n<li>Luned\u00ec 17 febbraio 2025<\/li>\n\n\n\n<li>Consigliamo di arrivare con i mezzi pubblici (autobus\/treno) o le due ruote.<\/li>\n\n\n\n<li>Evento gratuito, informazioni presso l&#8217;<a href=\"https:\/\/www.explorenicecotedazur.com\/it\/villefranche-sur-mer\/\">Ufficio del Turismo<\/a> o allo 04 93 01 73 68<\/li>\n<\/ul>\n<div class=\"wp-block-image\">\n<figure class=\"aligncenter size-large\"><img loading=\"lazy\" decoding=\"async\" width=\"1024\" height=\"684\" src=\"https:\/\/www.monaco-tribune.com\/wp-content\/uploads\/2025\/01\/274121892_5063954887031618_3428072553847009403_n-1024x684.jpg\" alt=\"\" class=\"wp-image-269634\" srcset=\"https:\/\/www.monaco-tribune.com\/wp-content\/uploads\/2025\/01\/274121892_5063954887031618_3428072553847009403_n-1024x684.jpg 1024w, https:\/\/www.monaco-tribune.com\/wp-content\/uploads\/2025\/01\/274121892_5063954887031618_3428072553847009403_n-449x300.jpg 449w, https:\/\/www.monaco-tribune.com\/wp-content\/uploads\/2025\/01\/274121892_5063954887031618_3428072553847009403_n.jpg 1618w\" sizes=\"auto, (max-width: 1024px) 100vw, 1024px\" \/><figcaption class=\"wp-element-caption\"><em>Le barche chiamate &#8220;pointus&#8221; decorate con mimose e garofani \u00a9 Citt\u00e0 di Villefranche-sur-Mer<\/em><\/figcaption><\/figure>\n<\/div>","protected":false},"excerpt":{"rendered":"<p>Costumi, feste, travestimenti&#8230; L&#8217;inizio dell&#8217;anno in Costa Azzurra \u00e8 spesso scandito da una serie di feste invernali. Tra tradizione e [&hellip;]<\/p>\n","protected":false},"author":81,"featured_media":164515,"comment_status":"closed","ping_status":"closed","sticky":false,"template":"","format":"standard","meta":{"_acf_changed":false,"footnotes":""},"categories":[1740,1826,1738],"tags":[2890],"post_sectags":[],"post_format":[2471],"class_list":["post-269869","post","type-post","status-publish","format-standard","has-post-thumbnail","hentry","category-cosa-fare","category-la-nostra-scelta","category-notizie","tag-eventi","format-evento"],"acf":[],"yoast_head":"<!-- This site is optimized with the Yoast SEO Premium plugin v26.8 (Yoast SEO v27.4) - https:\/\/yoast.com\/product\/yoast-seo-premium-wordpress\/ -->\n<title>La stagione del carnevale sulla Costa Azzurra si avvicina<\/title>\n<meta name=\"description\" content=\"Costumi, feste, travestimenti... L&#039;inizio dell&#039;anno in Costa Azzurra \u00e8 spesso scandito da una serie di feste invernali. Tra tradizione e cultura, c&#039;\u00e8\" \/>\n<meta name=\"robots\" content=\"index, follow, max-snippet:-1, max-image-preview:large, max-video-preview:-1\" \/>\n<link rel=\"canonical\" href=\"https:\/\/www.monaco-tribune.com\/it\/2025\/01\/la-stagione-del-carnevale-sulla-costa-azzurra-si-avvicina\/\" \/>\n<meta property=\"og:locale\" content=\"it_IT\" \/>\n<meta property=\"og:type\" content=\"article\" \/>\n<meta property=\"og:title\" content=\"La stagione del carnevale sulla Costa Azzurra si avvicina - Monaco Tribune\" \/>\n<meta property=\"og:description\" content=\"Costumi, feste, travestimenti... L&#039;inizio dell&#039;anno in Costa Azzurra \u00e8 spesso scandito da una serie di feste invernali. Tra tradizione e cultura, c&#039;\u00e8\" \/>\n<meta property=\"og:url\" content=\"https:\/\/www.monaco-tribune.com\/it\/2025\/01\/la-stagione-del-carnevale-sulla-costa-azzurra-si-avvicina\/\" \/>\n<meta property=\"og:site_name\" content=\"Monaco Tribune\" \/>\n<meta property=\"article:publisher\" content=\"https:\/\/www.facebook.com\/MonacoTribune\" \/>\n<meta property=\"article:published_time\" content=\"2025-01-03T13:38:50+00:00\" \/>\n<meta property=\"article:modified_time\" content=\"2025-01-03T13:38:56+00:00\" \/>\n<meta property=\"og:image\" content=\"https:\/\/www.monaco-tribune.com\/wp-content\/uploads\/2023\/02\/fete-du-citron-menton-c2a9-ville-de-menton-32-compressed-1-scaled.jpg\" \/>\n\t<meta property=\"og:image:width\" content=\"2048\" \/>\n\t<meta property=\"og:image:height\" content=\"1365\" \/>\n\t<meta property=\"og:image:type\" content=\"image\/jpeg\" \/>\n<meta name=\"author\" content=\"Lo\u00efc Savaresse\" \/>\n<meta name=\"twitter:card\" content=\"summary_large_image\" \/>\n<meta name=\"twitter:creator\" content=\"@MonacoTribune\" \/>\n<meta name=\"twitter:site\" content=\"@MonacoTribune\" \/>\n<script type=\"application\/ld+json\" class=\"yoast-schema-graph\">{\"@context\":\"https:\\\/\\\/schema.org\",\"@graph\":[{\"@type\":\"NewsArticle\",\"@id\":\"https:\\\/\\\/www.monaco-tribune.com\\\/it\\\/2025\\\/01\\\/la-stagione-del-carnevale-sulla-costa-azzurra-si-avvicina\\\/#article\",\"isPartOf\":{\"@id\":\"https:\\\/\\\/www.monaco-tribune.com\\\/it\\\/2025\\\/01\\\/la-stagione-del-carnevale-sulla-costa-azzurra-si-avvicina\\\/\"},\"author\":{\"name\":\"Lo\u00efc Savaresse\",\"@id\":\"https:\\\/\\\/www.monaco-tribune.com\\\/it\\\/#\\\/schema\\\/person\\\/038be413d70c68969e8c6013f2520a39\"},\"headline\":\"La stagione del carnevale sulla Costa Azzurra si avvicina\",\"datePublished\":\"2025-01-03T13:38:50+00:00\",\"dateModified\":\"2025-01-03T13:38:56+00:00\",\"mainEntityOfPage\":{\"@id\":\"https:\\\/\\\/www.monaco-tribune.com\\\/it\\\/2025\\\/01\\\/la-stagione-del-carnevale-sulla-costa-azzurra-si-avvicina\\\/\"},\"wordCount\":555,\"publisher\":{\"@id\":\"https:\\\/\\\/www.monaco-tribune.com\\\/it\\\/#organization\"},\"image\":{\"@id\":\"https:\\\/\\\/www.monaco-tribune.com\\\/it\\\/2025\\\/01\\\/la-stagione-del-carnevale-sulla-costa-azzurra-si-avvicina\\\/#primaryimage\"},\"thumbnailUrl\":\"https:\\\/\\\/www.monaco-tribune.com\\\/wp-content\\\/uploads\\\/2023\\\/02\\\/fete-du-citron-menton-c2a9-ville-de-menton-32-compressed-1-scaled.jpg\",\"keywords\":[\"Eventi\"],\"articleSection\":[\"Cosa fare\",\"La nostra scelta\",\"Notizie\"],\"inLanguage\":\"it-IT\",\"copyrightYear\":\"2025\",\"copyrightHolder\":{\"@id\":\"https:\\\/\\\/www.monaco-tribune.com\\\/#organization\"}},{\"@type\":\"WebPage\",\"@id\":\"https:\\\/\\\/www.monaco-tribune.com\\\/it\\\/2025\\\/01\\\/la-stagione-del-carnevale-sulla-costa-azzurra-si-avvicina\\\/\",\"url\":\"https:\\\/\\\/www.monaco-tribune.com\\\/it\\\/2025\\\/01\\\/la-stagione-del-carnevale-sulla-costa-azzurra-si-avvicina\\\/\",\"name\":\"La stagione del carnevale sulla Costa Azzurra si avvicina\",\"isPartOf\":{\"@id\":\"https:\\\/\\\/www.monaco-tribune.com\\\/it\\\/#website\"},\"primaryImageOfPage\":{\"@id\":\"https:\\\/\\\/www.monaco-tribune.com\\\/it\\\/2025\\\/01\\\/la-stagione-del-carnevale-sulla-costa-azzurra-si-avvicina\\\/#primaryimage\"},\"image\":{\"@id\":\"https:\\\/\\\/www.monaco-tribune.com\\\/it\\\/2025\\\/01\\\/la-stagione-del-carnevale-sulla-costa-azzurra-si-avvicina\\\/#primaryimage\"},\"thumbnailUrl\":\"https:\\\/\\\/www.monaco-tribune.com\\\/wp-content\\\/uploads\\\/2023\\\/02\\\/fete-du-citron-menton-c2a9-ville-de-menton-32-compressed-1-scaled.jpg\",\"datePublished\":\"2025-01-03T13:38:50+00:00\",\"dateModified\":\"2025-01-03T13:38:56+00:00\",\"description\":\"Costumi, feste, travestimenti... L'inizio dell'anno in Costa Azzurra \u00e8 spesso scandito da una serie di feste invernali. Tra tradizione e cultura, c'\u00e8\",\"breadcrumb\":{\"@id\":\"https:\\\/\\\/www.monaco-tribune.com\\\/it\\\/2025\\\/01\\\/la-stagione-del-carnevale-sulla-costa-azzurra-si-avvicina\\\/#breadcrumb\"},\"inLanguage\":\"it-IT\",\"potentialAction\":[{\"@type\":\"ReadAction\",\"target\":[\"https:\\\/\\\/www.monaco-tribune.com\\\/it\\\/2025\\\/01\\\/la-stagione-del-carnevale-sulla-costa-azzurra-si-avvicina\\\/\"]}]},{\"@type\":\"ImageObject\",\"inLanguage\":\"it-IT\",\"@id\":\"https:\\\/\\\/www.monaco-tribune.com\\\/it\\\/2025\\\/01\\\/la-stagione-del-carnevale-sulla-costa-azzurra-si-avvicina\\\/#primaryimage\",\"url\":\"https:\\\/\\\/www.monaco-tribune.com\\\/wp-content\\\/uploads\\\/2023\\\/02\\\/fete-du-citron-menton-c2a9-ville-de-menton-32-compressed-1-scaled.jpg\",\"contentUrl\":\"https:\\\/\\\/www.monaco-tribune.com\\\/wp-content\\\/uploads\\\/2023\\\/02\\\/fete-du-citron-menton-c2a9-ville-de-menton-32-compressed-1-scaled.jpg\",\"width\":2048,\"height\":1365,\"caption\":\"Le sfilate notturne sono uno dei momenti salienti della Festa del Limone \u00a9 F\u00eate du Citron Menton\"},{\"@type\":\"BreadcrumbList\",\"@id\":\"https:\\\/\\\/www.monaco-tribune.com\\\/it\\\/2025\\\/01\\\/la-stagione-del-carnevale-sulla-costa-azzurra-si-avvicina\\\/#breadcrumb\",\"itemListElement\":[{\"@type\":\"ListItem\",\"position\":1,\"name\":\"Accueil\",\"item\":\"https:\\\/\\\/www.monaco-tribune.com\\\/it\\\/\"},{\"@type\":\"ListItem\",\"position\":2,\"name\":\"La stagione del carnevale sulla Costa Azzurra si avvicina\"}]},{\"@type\":\"WebSite\",\"@id\":\"https:\\\/\\\/www.monaco-tribune.com\\\/it\\\/#website\",\"url\":\"https:\\\/\\\/www.monaco-tribune.com\\\/it\\\/\",\"name\":\"Monaco Tribune\",\"description\":\"Monaco : actualit\u00e9s \u00e9conomiques, politiques, culturelles et sportives de Monaco et de la French Riviera.\",\"publisher\":{\"@id\":\"https:\\\/\\\/www.monaco-tribune.com\\\/it\\\/#organization\"},\"potentialAction\":[{\"@type\":\"SearchAction\",\"target\":{\"@type\":\"EntryPoint\",\"urlTemplate\":\"https:\\\/\\\/www.monaco-tribune.com\\\/it\\\/?s={search_term_string}\"},\"query-input\":{\"@type\":\"PropertyValueSpecification\",\"valueRequired\":true,\"valueName\":\"search_term_string\"}}],\"inLanguage\":\"it-IT\"},{\"@type\":\"Organization\",\"@id\":\"https:\\\/\\\/www.monaco-tribune.com\\\/it\\\/#organization\",\"name\":\"Monaco Tribune\",\"url\":\"https:\\\/\\\/www.monaco-tribune.com\\\/it\\\/\",\"logo\":{\"@type\":\"ImageObject\",\"inLanguage\":\"it-IT\",\"@id\":\"https:\\\/\\\/www.monaco-tribune.com\\\/it\\\/#\\\/schema\\\/logo\\\/image\\\/\",\"url\":\"https:\\\/\\\/www.monaco-tribune.com\\\/wp-content\\\/uploads\\\/2022\\\/11\\\/logo-monaco-tribune.png\",\"contentUrl\":\"https:\\\/\\\/www.monaco-tribune.com\\\/wp-content\\\/uploads\\\/2022\\\/11\\\/logo-monaco-tribune.png\",\"width\":1548,\"height\":600,\"caption\":\"Monaco Tribune\"},\"image\":{\"@id\":\"https:\\\/\\\/www.monaco-tribune.com\\\/it\\\/#\\\/schema\\\/logo\\\/image\\\/\"},\"sameAs\":[\"https:\\\/\\\/www.facebook.com\\\/MonacoTribune\",\"https:\\\/\\\/x.com\\\/MonacoTribune\",\"https:\\\/\\\/www.instagram.com\\\/monacotribune\\\/\",\"https:\\\/\\\/www.linkedin.com\\\/company\\\/monaco-tribune\",\"https:\\\/\\\/www.youtube.com\\\/channel\\\/UCHle1MnG6hw1y4lWKijVbMA\"]},{\"@type\":\"Person\",\"@id\":\"https:\\\/\\\/www.monaco-tribune.com\\\/it\\\/#\\\/schema\\\/person\\\/038be413d70c68969e8c6013f2520a39\",\"name\":\"Lo\u00efc Savaresse\",\"image\":{\"@type\":\"ImageObject\",\"inLanguage\":\"it-IT\",\"@id\":\"https:\\\/\\\/secure.gravatar.com\\\/avatar\\\/f6455af3179531c6fa982f7fbf5b31fba068c938a5ce7786e5fb7d84a2393df0?s=96&d=mm&r=g\",\"url\":\"https:\\\/\\\/secure.gravatar.com\\\/avatar\\\/f6455af3179531c6fa982f7fbf5b31fba068c938a5ce7786e5fb7d84a2393df0?s=96&d=mm&r=g\",\"contentUrl\":\"https:\\\/\\\/secure.gravatar.com\\\/avatar\\\/f6455af3179531c6fa982f7fbf5b31fba068c938a5ce7786e5fb7d84a2393df0?s=96&d=mm&r=g\",\"caption\":\"Lo\u00efc Savaresse\"},\"url\":\"https:\\\/\\\/www.monaco-tribune.com\\\/it\\\/author\\\/loicsavaresse\\\/\"}]}<\/script>\n<!-- \/ Yoast SEO Premium plugin. -->","yoast_head_json":{"title":"La stagione del carnevale sulla Costa Azzurra si avvicina","description":"Costumi, feste, travestimenti... L'inizio dell'anno in Costa Azzurra \u00e8 spesso scandito da una serie di feste invernali. Tra tradizione e cultura, c'\u00e8","robots":{"index":"index","follow":"follow","max-snippet":"max-snippet:-1","max-image-preview":"max-image-preview:large","max-video-preview":"max-video-preview:-1"},"canonical":"https:\/\/www.monaco-tribune.com\/it\/2025\/01\/la-stagione-del-carnevale-sulla-costa-azzurra-si-avvicina\/","og_locale":"it_IT","og_type":"article","og_title":"La stagione del carnevale sulla Costa Azzurra si avvicina - Monaco Tribune","og_description":"Costumi, feste, travestimenti... L'inizio dell'anno in Costa Azzurra \u00e8 spesso scandito da una serie di feste invernali. Tra tradizione e cultura, c'\u00e8","og_url":"https:\/\/www.monaco-tribune.com\/it\/2025\/01\/la-stagione-del-carnevale-sulla-costa-azzurra-si-avvicina\/","og_site_name":"Monaco Tribune","article_publisher":"https:\/\/www.facebook.com\/MonacoTribune","article_published_time":"2025-01-03T13:38:50+00:00","article_modified_time":"2025-01-03T13:38:56+00:00","og_image":[{"width":2048,"height":1365,"url":"https:\/\/www.monaco-tribune.com\/wp-content\/uploads\/2023\/02\/fete-du-citron-menton-c2a9-ville-de-menton-32-compressed-1-scaled.jpg","type":"image\/jpeg"}],"author":"Lo\u00efc Savaresse","twitter_card":"summary_large_image","twitter_creator":"@MonacoTribune","twitter_site":"@MonacoTribune","schema":{"@context":"https:\/\/schema.org","@graph":[{"@type":"NewsArticle","@id":"https:\/\/www.monaco-tribune.com\/it\/2025\/01\/la-stagione-del-carnevale-sulla-costa-azzurra-si-avvicina\/#article","isPartOf":{"@id":"https:\/\/www.monaco-tribune.com\/it\/2025\/01\/la-stagione-del-carnevale-sulla-costa-azzurra-si-avvicina\/"},"author":{"name":"Lo\u00efc Savaresse","@id":"https:\/\/www.monaco-tribune.com\/it\/#\/schema\/person\/038be413d70c68969e8c6013f2520a39"},"headline":"La stagione del carnevale sulla Costa Azzurra si avvicina","datePublished":"2025-01-03T13:38:50+00:00","dateModified":"2025-01-03T13:38:56+00:00","mainEntityOfPage":{"@id":"https:\/\/www.monaco-tribune.com\/it\/2025\/01\/la-stagione-del-carnevale-sulla-costa-azzurra-si-avvicina\/"},"wordCount":555,"publisher":{"@id":"https:\/\/www.monaco-tribune.com\/it\/#organization"},"image":{"@id":"https:\/\/www.monaco-tribune.com\/it\/2025\/01\/la-stagione-del-carnevale-sulla-costa-azzurra-si-avvicina\/#primaryimage"},"thumbnailUrl":"https:\/\/www.monaco-tribune.com\/wp-content\/uploads\/2023\/02\/fete-du-citron-menton-c2a9-ville-de-menton-32-compressed-1-scaled.jpg","keywords":["Eventi"],"articleSection":["Cosa fare","La nostra scelta","Notizie"],"inLanguage":"it-IT","copyrightYear":"2025","copyrightHolder":{"@id":"https:\/\/www.monaco-tribune.com\/#organization"}},{"@type":"WebPage","@id":"https:\/\/www.monaco-tribune.com\/it\/2025\/01\/la-stagione-del-carnevale-sulla-costa-azzurra-si-avvicina\/","url":"https:\/\/www.monaco-tribune.com\/it\/2025\/01\/la-stagione-del-carnevale-sulla-costa-azzurra-si-avvicina\/","name":"La stagione del carnevale sulla Costa Azzurra si avvicina","isPartOf":{"@id":"https:\/\/www.monaco-tribune.com\/it\/#website"},"primaryImageOfPage":{"@id":"https:\/\/www.monaco-tribune.com\/it\/2025\/01\/la-stagione-del-carnevale-sulla-costa-azzurra-si-avvicina\/#primaryimage"},"image":{"@id":"https:\/\/www.monaco-tribune.com\/it\/2025\/01\/la-stagione-del-carnevale-sulla-costa-azzurra-si-avvicina\/#primaryimage"},"thumbnailUrl":"https:\/\/www.monaco-tribune.com\/wp-content\/uploads\/2023\/02\/fete-du-citron-menton-c2a9-ville-de-menton-32-compressed-1-scaled.jpg","datePublished":"2025-01-03T13:38:50+00:00","dateModified":"2025-01-03T13:38:56+00:00","description":"Costumi, feste, travestimenti... L'inizio dell'anno in Costa Azzurra \u00e8 spesso scandito da una serie di feste invernali. Tra tradizione e cultura, c'\u00e8","breadcrumb":{"@id":"https:\/\/www.monaco-tribune.com\/it\/2025\/01\/la-stagione-del-carnevale-sulla-costa-azzurra-si-avvicina\/#breadcrumb"},"inLanguage":"it-IT","potentialAction":[{"@type":"ReadAction","target":["https:\/\/www.monaco-tribune.com\/it\/2025\/01\/la-stagione-del-carnevale-sulla-costa-azzurra-si-avvicina\/"]}]},{"@type":"ImageObject","inLanguage":"it-IT","@id":"https:\/\/www.monaco-tribune.com\/it\/2025\/01\/la-stagione-del-carnevale-sulla-costa-azzurra-si-avvicina\/#primaryimage","url":"https:\/\/www.monaco-tribune.com\/wp-content\/uploads\/2023\/02\/fete-du-citron-menton-c2a9-ville-de-menton-32-compressed-1-scaled.jpg","contentUrl":"https:\/\/www.monaco-tribune.com\/wp-content\/uploads\/2023\/02\/fete-du-citron-menton-c2a9-ville-de-menton-32-compressed-1-scaled.jpg","width":2048,"height":1365,"caption":"Le sfilate notturne sono uno dei momenti salienti della Festa del Limone \u00a9 F\u00eate du Citron Menton"},{"@type":"BreadcrumbList","@id":"https:\/\/www.monaco-tribune.com\/it\/2025\/01\/la-stagione-del-carnevale-sulla-costa-azzurra-si-avvicina\/#breadcrumb","itemListElement":[{"@type":"ListItem","position":1,"name":"Accueil","item":"https:\/\/www.monaco-tribune.com\/it\/"},{"@type":"ListItem","position":2,"name":"La stagione del carnevale sulla Costa Azzurra si avvicina"}]},{"@type":"WebSite","@id":"https:\/\/www.monaco-tribune.com\/it\/#website","url":"https:\/\/www.monaco-tribune.com\/it\/","name":"Monaco Tribune","description":"Monaco : actualit\u00e9s \u00e9conomiques, politiques, culturelles et sportives de Monaco et de la French Riviera.","publisher":{"@id":"https:\/\/www.monaco-tribune.com\/it\/#organization"},"potentialAction":[{"@type":"SearchAction","target":{"@type":"EntryPoint","urlTemplate":"https:\/\/www.monaco-tribune.com\/it\/?s={search_term_string}"},"query-input":{"@type":"PropertyValueSpecification","valueRequired":true,"valueName":"search_term_string"}}],"inLanguage":"it-IT"},{"@type":"Organization","@id":"https:\/\/www.monaco-tribune.com\/it\/#organization","name":"Monaco Tribune","url":"https:\/\/www.monaco-tribune.com\/it\/","logo":{"@type":"ImageObject","inLanguage":"it-IT","@id":"https:\/\/www.monaco-tribune.com\/it\/#\/schema\/logo\/image\/","url":"https:\/\/www.monaco-tribune.com\/wp-content\/uploads\/2022\/11\/logo-monaco-tribune.png","contentUrl":"https:\/\/www.monaco-tribune.com\/wp-content\/uploads\/2022\/11\/logo-monaco-tribune.png","width":1548,"height":600,"caption":"Monaco Tribune"},"image":{"@id":"https:\/\/www.monaco-tribune.com\/it\/#\/schema\/logo\/image\/"},"sameAs":["https:\/\/www.facebook.com\/MonacoTribune","https:\/\/x.com\/MonacoTribune","https:\/\/www.instagram.com\/monacotribune\/","https:\/\/www.linkedin.com\/company\/monaco-tribune","https:\/\/www.youtube.com\/channel\/UCHle1MnG6hw1y4lWKijVbMA"]},{"@type":"Person","@id":"https:\/\/www.monaco-tribune.com\/it\/#\/schema\/person\/038be413d70c68969e8c6013f2520a39","name":"Lo\u00efc Savaresse","image":{"@type":"ImageObject","inLanguage":"it-IT","@id":"https:\/\/secure.gravatar.com\/avatar\/f6455af3179531c6fa982f7fbf5b31fba068c938a5ce7786e5fb7d84a2393df0?s=96&d=mm&r=g","url":"https:\/\/secure.gravatar.com\/avatar\/f6455af3179531c6fa982f7fbf5b31fba068c938a5ce7786e5fb7d84a2393df0?s=96&d=mm&r=g","contentUrl":"https:\/\/secure.gravatar.com\/avatar\/f6455af3179531c6fa982f7fbf5b31fba068c938a5ce7786e5fb7d84a2393df0?s=96&d=mm&r=g","caption":"Lo\u00efc Savaresse"},"url":"https:\/\/www.monaco-tribune.com\/it\/author\/loicsavaresse\/"}]}},"_links":{"self":[{"href":"https:\/\/www.monaco-tribune.com\/it\/wp-json\/wp\/v2\/posts\/269869","targetHints":{"allow":["GET"]}}],"collection":[{"href":"https:\/\/www.monaco-tribune.com\/it\/wp-json\/wp\/v2\/posts"}],"about":[{"href":"https:\/\/www.monaco-tribune.com\/it\/wp-json\/wp\/v2\/types\/post"}],"author":[{"embeddable":true,"href":"https:\/\/www.monaco-tribune.com\/it\/wp-json\/wp\/v2\/users\/81"}],"replies":[{"embeddable":true,"href":"https:\/\/www.monaco-tribune.com\/it\/wp-json\/wp\/v2\/comments?post=269869"}],"version-history":[{"count":2,"href":"https:\/\/www.monaco-tribune.com\/it\/wp-json\/wp\/v2\/posts\/269869\/revisions"}],"predecessor-version":[{"id":269872,"href":"https:\/\/www.monaco-tribune.com\/it\/wp-json\/wp\/v2\/posts\/269869\/revisions\/269872"}],"wp:featuredmedia":[{"embeddable":true,"href":"https:\/\/www.monaco-tribune.com\/it\/wp-json\/wp\/v2\/media\/164515"}],"wp:attachment":[{"href":"https:\/\/www.monaco-tribune.com\/it\/wp-json\/wp\/v2\/media?parent=269869"}],"wp:term":[{"taxonomy":"category","embeddable":true,"href":"https:\/\/www.monaco-tribune.com\/it\/wp-json\/wp\/v2\/categories?post=269869"},{"taxonomy":"post_tag","embeddable":true,"href":"https:\/\/www.monaco-tribune.com\/it\/wp-json\/wp\/v2\/tags?post=269869"},{"taxonomy":"sectag","embeddable":true,"href":"https:\/\/www.monaco-tribune.com\/it\/wp-json\/wp\/v2\/post_sectags?post=269869"},{"taxonomy":"format","embeddable":true,"href":"https:\/\/www.monaco-tribune.com\/it\/wp-json\/wp\/v2\/post_format?post=269869"}],"curies":[{"name":"wp","href":"https:\/\/api.w.org\/{rel}","templated":true}]}}