{"id":270073,"date":"2025-01-06T16:10:28","date_gmt":"2025-01-06T14:10:28","guid":{"rendered":"https:\/\/www.monaco-tribune.com\/2025\/01\/la-principessa-carolina-una-vita-dedicata-allinfluenza-culturale-di-monaco\/"},"modified":"2025-01-06T16:10:38","modified_gmt":"2025-01-06T14:10:38","slug":"la-principessa-carolina-una-vita-dedicata-allinfluenza-culturale-di-monaco","status":"publish","type":"post","link":"https:\/\/www.monaco-tribune.com\/it\/2025\/01\/la-principessa-carolina-una-vita-dedicata-allinfluenza-culturale-di-monaco\/","title":{"rendered":"La Principessa Carolina: una vita dedicata all&#8217;influenza culturale di Monaco"},"content":{"rendered":"\n<p><strong>Nel corso degli anni, la Principessa di Hannover \u00e8 diventata, in modo del tutto naturale, ambasciatrice delle arti e della cultura nel Principato.<\/strong><\/p>\n\n<p>Dalla creazione dei Ballets de Monte-Carlo alla presidenza di istituzioni emblematiche come la Fondazione Prince-Pierre e l&#8217;Orchestra Filarmonica di Monte-Carlo, la Principessa Carolina \u00e8 stata protagonista di numerose iniziative per promuovere l&#8217;arte, la musica e la letteratura. Presente a serate di gala, concerti e inaugurazioni, partecipa attivamente alla promozione degli artisti e degli eventi che arricchiscono la vita culturale di Monaco.<\/p>\n\n<h2 class=\"wp-block-heading\" id=\"h-ses-actions-en-faveur-de-la-culture\">Le sue iniziative per promuovere la cultura<\/h2>\n\n<p>Nel 1985, per esempio, \u00e8 la Principessa Carolina a volere la nascita dei Ballets de Monte-Carlo, realizzando un sogno tanto caro alla Principessa Grace e riportando in auge l&#8217;eredit\u00e0 dei Balletti Russi che segnarono il Principato all&#8217;inizio del XX secolo.<\/p>\n\n<p>Grazie a questa iniziativa, Monaco \u00e8 diventata un importante centro di produzione coreografica. \u201cQuando abbiamo lanciato Les Ballets de Monte-Carlo con Jean-Christophe Maillot, il nostro obiettivo era quello di regalare emozioni senza cercare di compiacere\u201d, ha dichiarato la Principessa Carolina a Madame Figaro nel 2020. Oggi la compagnia \u00e8 famosa in tutto il mondo.<\/p>\n\n<p>Ma la sua passione per la danza non si \u00e8 fermata qui. Nel marzo 2023, la Principessa Carolina ha aperto lo \u201cStudio Caroline\u201d, una nuova scuola di danza presso l&#8217;Acad\u00e9mie Princesse Grace. Ex allieva di Marika Besobrasova, la Principessa Carolina si \u00e8 allenata duramente nelle sale da ballo durante l&#8217;infanzia e l&#8217;adolescenza. Pur non avendo realizzato il sogno di diventare un&#8217;\u00e9toile, ha trasformato la sua passione in un impegno che \u00e8 durato nel tempo. Alla guida dell&#8217;Accademia, porta avanti la visione dei suoi genitori, offrendo ai giovani talenti un ambiente che favorisce l&#8217;eccellenza e la realizzazione artistica. &#8220;La mia fortuna qui a Monaco \u00e8 quella di poter smussare, ammorbidire e facilitare la creativit\u00e0 degli altri. E di difendere la libert\u00e0 degli artisti. \u00c8 essenziale, \u00e8 sempre stato il mio obiettivo principale, e la battaglia non \u00e8 mai vinta\u201d, spiega la Principessa.<\/p>\n\n<p>Nel 1988, la Principessa Carolina \u00e8 stata nominata Presidente del Consiglio di amministrazione della Fondazione Principe Pierre di Monaco. Creata nel 1966 dal Principe Ranieri III, la Fondazione Principe Pierre di Monaco \u00e8 impegnata nella promozione delle arti e della cultura.<\/p>\n\n<p>Sotto la sua presidenza, la Fondazione continua a ispirare e sostenere nuovi talenti e ogni anno assegna premi letterari, musicali e artistici. <\/p>\n\n<p>In occasione della cerimonia del 2019, la Principessa Carolina ha voluto onorare la memoria di suo nonno, il Principe Pierre di Monaco, grande mecenate della letteratura e delle arti, la cui Fondazione \u00e8 stata creata dopo la sua morte dal figlio, il Principe Ranieri III: \u201c\u00c8 sempre una grande gioia e un motivo di orgoglio. Penso alla magnifica e alquanto imponente eredit\u00e0 di mio nonno, di cui ho la fortuna di avere un ricordo molto bello e che spesso mi ha aiutata e influenzata. Penso che sarebbe stato contento della vincitrice di stasera&#8221;, ha dichiarato sul palco, secondo quanto riportato da Point de Vue.<\/p>\n\n<p>Nel 2024, <a href=\"https:\/\/www.monaco-tribune.com\/it\/2024\/10\/la-principessa-carolina-e-le-sue-due-figlie-charlotte-casiraghi-e-alexandra-di-hannover-risplendono-allopera-garnier-di-monaco\/\">la Principessa Carolina ha assegnato il <\/a><em><a href=\"https:\/\/www.monaco-tribune.com\/it\/2024\/10\/la-principessa-carolina-e-le-sue-due-figlie-charlotte-casiraghi-e-alexandra-di-hannover-risplendono-allopera-garnier-di-monaco\/\">Prix Litt\u00e9raire<\/a> (<\/em>Premio Letteratura) allo scrittore Mathieu Belezi.<\/p>\n<blockquote class=\"instagram-media\" data-instgrm-permalink=\"https:\/\/www.instagram.com\/p\/DBS1BXEIVzs\/?utm_source=ig_embed&amp;utm_campaign=loading\" data-instgrm-version=\"14\" style=\" background:#FFF; border:0; border-radius:3px; box-shadow:0 0 1px 0 rgba(0,0,0,0.5),0 1px 10px 0 rgba(0,0,0,0.15); margin: 1px; max-width:540px; min-width:326px; padding:0; width:99.375%; width:-webkit-calc(100% - 2px); width:calc(100% - 2px);\">\n<div style=\"padding:16px;\"> <a href=\"https:\/\/www.instagram.com\/p\/DBS1BXEIVzs\/?utm_source=ig_embed&amp;utm_campaign=loading\" style=\" background:#FFFFFF; line-height:0; padding:0 0; text-align:center; text-decoration:none; width:100%;\" target=\"_blank\"> <\/p>\n<div style=\" display: flex; flex-direction: row; align-items: center;\">\n<div style=\"background-color: #F4F4F4; border-radius: 50%; flex-grow: 0; height: 40px; margin-right: 14px; width: 40px;\"><\/div>\n<div style=\"display: flex; flex-direction: column; flex-grow: 1; justify-content: center;\">\n<div style=\" background-color: #F4F4F4; border-radius: 4px; flex-grow: 0; height: 14px; margin-bottom: 6px; width: 100px;\"><\/div>\n<div style=\" background-color: #F4F4F4; border-radius: 4px; flex-grow: 0; height: 14px; width: 60px;\"><\/div>\n<\/div>\n<\/div>\n<div style=\"padding: 19% 0;\"><\/div>\n<div style=\"display:block; height:50px; margin:0 auto 12px; width:50px;\"><svg width=\"50px\" height=\"50px\" viewBox=\"0 0 60 60\" version=\"1.1\" xmlns=\"https:\/\/www.w3.org\/2000\/svg\" xmlns:xlink=\"https:\/\/www.w3.org\/1999\/xlink\"><g stroke=\"none\" stroke-width=\"1\" fill=\"none\" fill-rule=\"evenodd\"><g transform=\"translate(-511.000000, -20.000000)\" fill=\"#000000\"><g><path d=\"M556.869,30.41 C554.814,30.41 553.148,32.076 553.148,34.131 C553.148,36.186 554.814,37.852 556.869,37.852 C558.924,37.852 560.59,36.186 560.59,34.131 C560.59,32.076 558.924,30.41 556.869,30.41 M541,60.657 C535.114,60.657 530.342,55.887 530.342,50 C530.342,44.114 535.114,39.342 541,39.342 C546.887,39.342 551.658,44.114 551.658,50 C551.658,55.887 546.887,60.657 541,60.657 M541,33.886 C532.1,33.886 524.886,41.1 524.886,50 C524.886,58.899 532.1,66.113 541,66.113 C549.9,66.113 557.115,58.899 557.115,50 C557.115,41.1 549.9,33.886 541,33.886 M565.378,62.101 C565.244,65.022 564.756,66.606 564.346,67.663 C563.803,69.06 563.154,70.057 562.106,71.106 C561.058,72.155 560.06,72.803 558.662,73.347 C557.607,73.757 556.021,74.244 553.102,74.378 C549.944,74.521 548.997,74.552 541,74.552 C533.003,74.552 532.056,74.521 528.898,74.378 C525.979,74.244 524.393,73.757 523.338,73.347 C521.94,72.803 520.942,72.155 519.894,71.106 C518.846,70.057 518.197,69.06 517.654,67.663 C517.244,66.606 516.755,65.022 516.623,62.101 C516.479,58.943 516.448,57.996 516.448,50 C516.448,42.003 516.479,41.056 516.623,37.899 C516.755,34.978 517.244,33.391 517.654,32.338 C518.197,30.938 518.846,29.942 519.894,28.894 C520.942,27.846 521.94,27.196 523.338,26.654 C524.393,26.244 525.979,25.756 528.898,25.623 C532.057,25.479 533.004,25.448 541,25.448 C548.997,25.448 549.943,25.479 553.102,25.623 C556.021,25.756 557.607,26.244 558.662,26.654 C560.06,27.196 561.058,27.846 562.106,28.894 C563.154,29.942 563.803,30.938 564.346,32.338 C564.756,33.391 565.244,34.978 565.378,37.899 C565.522,41.056 565.552,42.003 565.552,50 C565.552,57.996 565.522,58.943 565.378,62.101 M570.82,37.631 C570.674,34.438 570.167,32.258 569.425,30.349 C568.659,28.377 567.633,26.702 565.965,25.035 C564.297,23.368 562.623,22.342 560.652,21.575 C558.743,20.834 556.562,20.326 553.369,20.18 C550.169,20.033 549.148,20 541,20 C532.853,20 531.831,20.033 528.631,20.18 C525.438,20.326 523.257,20.834 521.349,21.575 C519.376,22.342 517.703,23.368 516.035,25.035 C514.368,26.702 513.342,28.377 512.574,30.349 C511.834,32.258 511.326,34.438 511.181,37.631 C511.035,40.831 511,41.851 511,50 C511,58.147 511.035,59.17 511.181,62.369 C511.326,65.562 511.834,67.743 512.574,69.651 C513.342,71.625 514.368,73.296 516.035,74.965 C517.703,76.634 519.376,77.658 521.349,78.425 C523.257,79.167 525.438,79.673 528.631,79.82 C531.831,79.965 532.853,80.001 541,80.001 C549.148,80.001 550.169,79.965 553.369,79.82 C556.562,79.673 558.743,79.167 560.652,78.425 C562.623,77.658 564.297,76.634 565.965,74.965 C567.633,73.296 568.659,71.625 569.425,69.651 C570.167,67.743 570.674,65.562 570.82,62.369 C570.966,59.17 571,58.147 571,50 C571,41.851 570.966,40.831 570.82,37.631\"><\/path><\/g><\/g><\/g><\/svg><\/div>\n<div style=\"padding-top: 8px;\">\n<div style=\" color:#3897f0; font-family:Arial,sans-serif; font-size:14px; font-style:normal; font-weight:550; line-height:18px;\">Voir cette publication sur Instagram<\/div>\n<\/div>\n<div style=\"padding: 12.5% 0;\"><\/div>\n<div style=\"display: flex; flex-direction: row; margin-bottom: 14px; align-items: center;\">\n<div>\n<div style=\"background-color: #F4F4F4; border-radius: 50%; height: 12.5px; width: 12.5px; transform: translateX(0px) translateY(7px);\"><\/div>\n<div style=\"background-color: #F4F4F4; height: 12.5px; transform: rotate(-45deg) translateX(3px) translateY(1px); width: 12.5px; flex-grow: 0; margin-right: 14px; margin-left: 2px;\"><\/div>\n<div style=\"background-color: #F4F4F4; border-radius: 50%; height: 12.5px; width: 12.5px; transform: translateX(9px) translateY(-18px);\"><\/div>\n<\/div>\n<div style=\"margin-left: 8px;\">\n<div style=\" background-color: #F4F4F4; border-radius: 50%; flex-grow: 0; height: 20px; width: 20px;\"><\/div>\n<div style=\" width: 0; height: 0; border-top: 2px solid transparent; border-left: 6px solid #f4f4f4; border-bottom: 2px solid transparent; transform: translateX(16px) translateY(-4px) rotate(30deg)\"><\/div>\n<\/div>\n<div style=\"margin-left: auto;\">\n<div style=\" width: 0px; border-top: 8px solid #F4F4F4; border-right: 8px solid transparent; transform: translateY(16px);\"><\/div>\n<div style=\" background-color: #F4F4F4; flex-grow: 0; height: 12px; width: 16px; transform: translateY(-4px);\"><\/div>\n<div style=\" width: 0; height: 0; border-top: 8px solid #F4F4F4; border-left: 8px solid transparent; transform: translateY(-4px) translateX(8px);\"><\/div>\n<\/div>\n<\/div>\n<div style=\"display: flex; flex-direction: column; flex-grow: 1; justify-content: center; margin-bottom: 24px;\">\n<div style=\" background-color: #F4F4F4; border-radius: 4px; flex-grow: 0; height: 14px; margin-bottom: 6px; width: 224px;\"><\/div>\n<div style=\" background-color: #F4F4F4; border-radius: 4px; flex-grow: 0; height: 14px; width: 144px;\"><\/div>\n<\/div>\n<p><\/a><\/p>\n<p style=\" color:#c9c8cd; font-family:Arial,sans-serif; font-size:14px; line-height:17px; margin-bottom:0; margin-top:8px; overflow:hidden; padding:8px 0 7px; text-align:center; text-overflow:ellipsis; white-space:nowrap;\"><a href=\"https:\/\/www.instagram.com\/p\/DBS1BXEIVzs\/?utm_source=ig_embed&amp;utm_campaign=loading\" style=\" color:#c9c8cd; font-family:Arial,sans-serif; font-size:14px; font-style:normal; font-weight:normal; line-height:17px; text-decoration:none;\" target=\"_blank\">Une publication partag\u00e9e par Palais Princier de Monaco (@palaisprincierdemonaco)<\/a><\/p>\n<\/div>\n<\/blockquote>\n<p><script async src=\"\/\/www.instagram.com\/embed.js\"><\/script><\/p>\n\n<p class=\"related\"><a href=\"https:\/\/www.monaco-tribune.com\/it\/2024\/12\/decesso-di-fernanda-casiraghi-la-principessa-carolina-in-lutto\/\">Morta Fernanda Casiraghi, la Principessa Carolina in lutto<\/a><\/p>\n<div class=\"wp-block-image\">\n<figure class=\"aligncenter size-large\"><img loading=\"lazy\" decoding=\"async\" width=\"1024\" height=\"683\" src=\"https:\/\/www.monaco-tribune.com\/wp-content\/uploads\/2024\/06\/princesse-caroline-gala-academie-rainier-iii-1024x683.jpg\" alt=\"princesse-caroline-gala-academie-rainier-iii\" class=\"wp-image-238587\" srcset=\"https:\/\/www.monaco-tribune.com\/wp-content\/uploads\/2024\/06\/princesse-caroline-gala-academie-rainier-iii-1024x683.jpg 1024w, https:\/\/www.monaco-tribune.com\/wp-content\/uploads\/2024\/06\/princesse-caroline-gala-academie-rainier-iii-450x300.jpg 450w, https:\/\/www.monaco-tribune.com\/wp-content\/uploads\/2024\/06\/princesse-caroline-gala-academie-rainier-iii.jpg 2048w\" sizes=\"auto, (max-width: 1024px) 100vw, 1024px\" \/><figcaption class=\"wp-element-caption\"><em>La Principessa Carolina e M\u00e9lanie-Antoinette de Massy, 12 giugno 2024 \u00a9 Charlie Gallo \/ Comune di Monaco<\/em><\/figcaption><\/figure>\n<\/div>\n<p>Il 12 giugno 2024, la Principessa Carolina ha partecipato al Gala dell&#8217;Accademia Ranieri III presso l&#8217;Auditorium Rainier III. Accompagnata da personaggi di spicco come M\u00e9lanie-Antoinette de Massy e Fran\u00e7oise Gamerdinger, ha dato il suo contributo a questo evento dedicato alla musica. Gli studenti migliori dell&#8217;Accademia, accompagnati dall&#8217;Orchestra Filarmonica di Monte-Carlo diretta da Thibaut Ponsin, hanno presentato un programma variegato che ha messo in risalto la qualit\u00e0 della formazione artistica nel Principato.<\/p>\n\n<h2 class=\"wp-block-heading\" id=\"h-des-evenements-sous-sa-presidence-devenus-incontournables\">Sotto la sua presidenza, gli eventi sono diventati un appuntamento irrinunciabile<\/h2>\n\n<p>\u00c8 impossibile parlare di cultura monegasca senza menzionare il Festival du Printemps des Arts de Monte-Carlo, un grande evento che accende il Principato ogni anno da marzo ad aprile.<\/p>\n\n<p>Inaugurato negli anni Settanta dalla Principessa Grace, questo importante festival \u00e8 presieduto dal 1984 dalla Principessa Carolina. Vetrina della musica classica e contemporanea, il festival offre ogni anno un programma ricco e variegato, rendendo omaggio a capolavori e opere contemporanee.<\/p>\n\n<p>La Principessa Carolina ha voluto che questo evento fosse aperto al grande pubblico, in modo che tutti potessero scoprire la bellezza di queste opere, sia del passato che dei giorni nostri. Quest&#8217;anno <a href=\"https:\/\/www.monaco-tribune.com\/2024\/12\/le-festival-printemps-des-arts-de-monte-carlo-2025-rendra-hommage-au-compositeur-pierre-boulez\/\">il festival render\u00e0 omaggio al compositore e direttore d&#8217;orchestra Pierre Boulez<\/a>.<\/p>\n<div class=\"wp-block-image\">\n<figure class=\"aligncenter size-large\"><img loading=\"lazy\" decoding=\"async\" width=\"1024\" height=\"682\" src=\"https:\/\/www.monaco-tribune.com\/wp-content\/uploads\/2024\/03\/2016-bal-de-la-rose-compressed-1024x682.jpg\" alt=\"\" class=\"wp-image-224013\" srcset=\"https:\/\/www.monaco-tribune.com\/wp-content\/uploads\/2024\/03\/2016-bal-de-la-rose-compressed-1024x682.jpg 1024w, https:\/\/www.monaco-tribune.com\/wp-content\/uploads\/2024\/03\/2016-bal-de-la-rose-compressed-451x300.jpg 451w, https:\/\/www.monaco-tribune.com\/wp-content\/uploads\/2024\/03\/2016-bal-de-la-rose-compressed.jpg 1200w\" sizes=\"auto, (max-width: 1024px) 100vw, 1024px\" \/><figcaption class=\"wp-element-caption\"><em>Il Principe Alberto II, la Principessa Carolina e Karl<\/em> <em>Lagerfeld al Ballo della Rosa &#8220;Cuba&#8221; nel 2016\u00a0\u00a9Pierre Villard<\/em><\/figcaption><\/figure>\n<\/div>\n<p>Infine, la Principessa Carolina presiede ogni anno l&#8217;emblematico Ballo della Rosa. Nel 1954, la Soci\u00e9t\u00e9 des Bains de Mer organizz\u00f2 il primo Ballo della Rosa allo Sporting d&#8217;Hiver, sotto la direzione artistica di Henry Astric, per segnare l&#8217;inizio della stagione natalizia a Monaco. Grazie alla spinta della Principessa Grace, questo evento di beneficenza assunse ben presto una portata internazionale.<\/p>\n\n<p>Dal 1983, la Principessa Carolina ha portato avanti questa tradizione aggiungendo un tocco moderno e raffinato, con l&#8217;aiuto di figure di spicco del mondo della moda come Karl Lagerfeld, in passato, e Christian Louboutin, pi\u00f9 di recente. <\/p>\n\n<p>Ogni anno, l&#8217;evento attira celebrit\u00e0 di tutto il mondo e ha un tema unico e originale.<\/p>\n\n<h2 class=\"wp-block-heading\" id=\"h-de-hautes-distinctions\">Riconoscimenti importanti<\/h2>\n\n<p>Nel 2005, la Principessa Carolina ha ricevuto uno splendido omaggio per il suo contributo alla scena culturale monegasca.<\/p>\n\n<p>La sorella maggiore del Sovrano \u00e8 stata insignita del grado di Commandeur du M\u00e9rite Culturel (Comandante al merito culturale) per il suo costante impegno nella Fondazione Prince-Pierre, nei Ballets de Monte-Carlo, nell&#8217;Orchestra Filarmonica di Monte-Carlo, nell&#8217;Opera e nel Festival Printemps des Arts de Monte-Carlo. <\/p>\n\n<p>Inoltre, nel 2015, il Ministro francese della Cultura e della Comunicazione, Fleur Pellerin, ha conferito alla Principessa Carolina di Monaco le onorificenze di Commandeur de l&#8217;Ordre des Arts et des Lettres (Comandante dell&#8217;Ordine delle Arti e delle Lettere). Un omaggio al suo costante impegno in numerose iniziative benefiche, umanitarie e culturali.<\/p>\n<div class=\"wp-block-image\">\n<figure class=\"aligncenter size-large\"><img loading=\"lazy\" decoding=\"async\" width=\"1024\" height=\"683\" src=\"https:\/\/www.monaco-tribune.com\/wp-content\/uploads\/2025\/01\/caroline-de-hanovre-distinction--1024x683.jpg\" alt=\"Princesse Caroline de Hanovre Distinction\" class=\"wp-image-269756\" srcset=\"https:\/\/www.monaco-tribune.com\/wp-content\/uploads\/2025\/01\/caroline-de-hanovre-distinction--1024x683.jpg 1024w, https:\/\/www.monaco-tribune.com\/wp-content\/uploads\/2025\/01\/caroline-de-hanovre-distinction--450x300.jpg 450w, https:\/\/www.monaco-tribune.com\/wp-content\/uploads\/2025\/01\/caroline-de-hanovre-distinction-.jpg 1200w\" sizes=\"auto, (max-width: 1024px) 100vw, 1024px\" \/><figcaption class=\"wp-element-caption\"><em>La Principessa Carolina e Fleur Pellerin, il 21 gennaio 2015\u00a9 Eric Mathon \/ Palazzo del Principe<\/em><\/figcaption><\/figure>\n<\/div>\n<p>Nel novembre 2024, la Principessa ha partecipato al lancio di <a href=\"https:\/\/culture.mc\/\">culture.mc<\/a>, un sito web dedicato alla vita culturale monegasca. Il portale, disponibile in francese e inglese, \u00e8 il risultato della collaborazione tra il Dipartimento degli Affari Culturali e la Delegazione Interministeriale per la Transizione Digitale. \u00c8 utile per consultare il calendario di concerti, mostre e altri eventi culturali nel Principato.<\/p>\n<div class=\"wp-block-image\">\n<figure class=\"aligncenter size-large\"><img loading=\"lazy\" decoding=\"async\" width=\"1024\" height=\"683\" src=\"https:\/\/www.monaco-tribune.com\/wp-content\/uploads\/2024\/12\/culture-mc-lancement-site-1024x683.jpg\" alt=\"culture-mc-lancement-site\" class=\"wp-image-269517\" srcset=\"https:\/\/www.monaco-tribune.com\/wp-content\/uploads\/2024\/12\/culture-mc-lancement-site-1024x683.jpg 1024w, https:\/\/www.monaco-tribune.com\/wp-content\/uploads\/2024\/12\/culture-mc-lancement-site-450x300.jpg 450w, https:\/\/www.monaco-tribune.com\/wp-content\/uploads\/2024\/12\/culture-mc-lancement-site.jpg 1200w\" sizes=\"auto, (max-width: 1024px) 100vw, 1024px\" \/><figcaption class=\"wp-element-caption\"><em>Il 7 novembre 2024, la Principessa Carolina assiste al lancio del sito web culture.mc \u00a9St\u00e9phane Danna \/ Direzione della Comunicazione<\/em><\/figcaption><\/figure>\n<\/div>\n<h2 class=\"wp-block-heading\" id=\"h-la-traditionnelle-remise-de-l-ordre-du-merite-nbsp-culturel-nbsp\">La tradizionale consegna dell&#8217;Ordine al Merito Culturale<\/h2>\n\n<p>Ogni 19 novembre, alla vigilia della <a href=\"https:\/\/www.monaco-tribune.com\/it\/2024\/11\/i-momenti-salienti-del-principe-alberto-ii-e-della-principessa-charlene-durante-la-festa-nazionale\/\">Festa Nazionale<\/a>, la Principessa Carolina presiede alla consegna dell&#8217;Ordine al Merito Culturale, la terza onorificenza pi\u00f9 prestigiosa del Principato. L&#8217;Ordine \u00e8 stato creato per Ordinanza Sovrana firmata il 31 dicembre 1952 dal Principe Ranieri III. Il suo scopo \u00e8 quello di \u201cdistinguere e ricompensare coloro che, con il loro operato o i loro insegnamenti, hanno contribuito allo sviluppo delle arti, delle lettere e delle scienze a Monaco o che, anche all&#8217;estero, hanno contribuito in questi campi all&#8217;influenza intellettuale del Principato\u201d.<\/p>\n\n<p>Nel 2024, la figlia <a href=\"https:\/\/www.monaco-tribune.com\/it\/2024\/11\/ordine-al-merito-culturale-la-principessa-carolina-conferisce-lonorificenza-alla-figlia-charlotte-casiraghi\/\">Charlotte Casiraghi \u00e8 stata nominata Cavaliere<\/a> per il suo lavoro con i Rencontres philosophiques de Monaco (Incontri filosofici di Monaco), che contribuiscono ad arricchire la vita intellettuale del Principato. Come sua madre, Charlotte Casiraghi si impegna attivamente per rendere Monaco un centro nevralgico della cultura.<\/p>\n<div class=\"wp-block-image\">\n<figure class=\"aligncenter size-large\"><img loading=\"lazy\" decoding=\"async\" width=\"1024\" height=\"683\" src=\"https:\/\/www.monaco-tribune.com\/wp-content\/uploads\/2024\/12\/distinction-de-chevalier-de-lordre-du-merite-1024x683.jpg\" alt=\"Distinction de chevalier de l&#x2019;Ordre du Me&#x301;rite\" class=\"wp-image-269498\" srcset=\"https:\/\/www.monaco-tribune.com\/wp-content\/uploads\/2024\/12\/distinction-de-chevalier-de-lordre-du-merite-1024x683.jpg 1024w, https:\/\/www.monaco-tribune.com\/wp-content\/uploads\/2024\/12\/distinction-de-chevalier-de-lordre-du-merite-450x300.jpg 450w, https:\/\/www.monaco-tribune.com\/wp-content\/uploads\/2024\/12\/distinction-de-chevalier-de-lordre-du-merite.jpg 1200w\" sizes=\"auto, (max-width: 1024px) 100vw, 1024px\" \/><figcaption class=\"wp-element-caption\"><em>La Principessa Carolina conferisce l&#8217;Ordine al Merito Culturale il 18 novembre 2024 \u00a9Michael Alesi \/ Palazzo del Principe<\/em><\/figcaption><\/figure>\n<\/div>\n<p>Nel corso delle generazioni, la Famiglia Principesca ha sempre avuto un profondo legame con le arti e la cultura. La Principessa Carolina, descritta da Point de Vue come \u201cla pi\u00f9 elegante di tutte, regale e romantica, altruista e boh\u00e9mien\u201d, si \u00e8 affermata con la massima naturalezza come figura di spicco in questo campo. Grazie al suo impegno, il Principato \u00e8 oggi rinomato per i suoi eventi culturali quanto per i suoi prestigiosi tornei sportivi.<\/p>\n\n<p class=\"related\"><a href=\"https:\/\/www.monaco-tribune.com\/it\/2024\/11\/il-principe-alberto-ii-e-la-principessa-carolina-partecipano-al-concerto-privato-per-il-40-anniversario-della-biblioteca-irlandese-principessa-grace\/\">Il Principe Alberto II e la Principessa Carolina partecipano al concerto privato per il 40\u00b0 anniversario della Biblioteca Irlandese Principessa Grace<\/a><\/p>\n","protected":false},"excerpt":{"rendered":"<p>Nel corso degli anni, la Principessa di Hannover \u00e8 diventata, in modo del tutto naturale, ambasciatrice delle arti e della [&hellip;]<\/p>\n","protected":false},"author":80,"featured_media":269509,"comment_status":"closed","ping_status":"closed","sticky":false,"template":"","format":"standard","meta":{"_acf_changed":false,"footnotes":""},"categories":[1742,1826,1738],"tags":[2870],"post_sectags":[5379],"post_format":[2486],"class_list":["post-270073","post","type-post","status-publish","format-standard","has-post-thumbnail","hentry","category-famiglia-principesca","category-la-nostra-scelta","category-notizie","tag-principessa-carolina","sectag-cultura","format-servizio"],"acf":[],"yoast_head":"<!-- This site is optimized with the Yoast SEO Premium plugin v26.8 (Yoast SEO v27.4) - https:\/\/yoast.com\/product\/yoast-seo-premium-wordpress\/ -->\n<title>La Principessa Carolina: una vita dedicata all&#039;influenza culturale di Monaco<\/title>\n<meta name=\"description\" content=\"Nel corso degli anni, la Principessa di Hannover \u00e8 diventata, in modo del tutto naturale, ambasciatrice delle arti e della cultura nel Principato. Dalla\" \/>\n<meta name=\"robots\" content=\"index, follow, max-snippet:-1, max-image-preview:large, max-video-preview:-1\" \/>\n<link rel=\"canonical\" href=\"https:\/\/www.monaco-tribune.com\/it\/2025\/01\/la-principessa-carolina-una-vita-dedicata-allinfluenza-culturale-di-monaco\/\" \/>\n<meta property=\"og:locale\" content=\"it_IT\" \/>\n<meta property=\"og:type\" content=\"article\" \/>\n<meta property=\"og:title\" content=\"La Principessa Carolina: una vita dedicata all&#039;influenza culturale di Monaco - Monaco Tribune\" \/>\n<meta property=\"og:description\" content=\"Nel corso degli anni, la Principessa di Hannover \u00e8 diventata, in modo del tutto naturale, ambasciatrice delle arti e della cultura nel Principato. Dalla\" \/>\n<meta property=\"og:url\" content=\"https:\/\/www.monaco-tribune.com\/it\/2025\/01\/la-principessa-carolina-una-vita-dedicata-allinfluenza-culturale-di-monaco\/\" \/>\n<meta property=\"og:site_name\" content=\"Monaco Tribune\" \/>\n<meta property=\"article:publisher\" content=\"https:\/\/www.facebook.com\/MonacoTribune\" \/>\n<meta property=\"article:published_time\" content=\"2025-01-06T14:10:28+00:00\" \/>\n<meta property=\"article:modified_time\" content=\"2025-01-06T14:10:38+00:00\" \/>\n<meta property=\"og:image\" content=\"https:\/\/www.monaco-tribune.com\/wp-content\/uploads\/2024\/12\/princesse-caroline.jpg\" \/>\n\t<meta property=\"og:image:width\" content=\"1200\" \/>\n\t<meta property=\"og:image:height\" content=\"800\" \/>\n\t<meta property=\"og:image:type\" content=\"image\/jpeg\" \/>\n<meta name=\"author\" content=\"Estelle Imbert\" \/>\n<meta name=\"twitter:card\" content=\"summary_large_image\" \/>\n<meta name=\"twitter:creator\" content=\"@MonacoTribune\" \/>\n<meta name=\"twitter:site\" content=\"@MonacoTribune\" \/>\n<script type=\"application\/ld+json\" class=\"yoast-schema-graph\">{\"@context\":\"https:\\\/\\\/schema.org\",\"@graph\":[{\"@type\":\"NewsArticle\",\"@id\":\"https:\\\/\\\/www.monaco-tribune.com\\\/it\\\/2025\\\/01\\\/la-principessa-carolina-una-vita-dedicata-allinfluenza-culturale-di-monaco\\\/#article\",\"isPartOf\":{\"@id\":\"https:\\\/\\\/www.monaco-tribune.com\\\/it\\\/2025\\\/01\\\/la-principessa-carolina-una-vita-dedicata-allinfluenza-culturale-di-monaco\\\/\"},\"author\":{\"name\":\"Estelle Imbert\",\"@id\":\"https:\\\/\\\/www.monaco-tribune.com\\\/it\\\/#\\\/schema\\\/person\\\/55ce91a070ff78e15ec1817376669bf4\"},\"headline\":\"La Principessa Carolina: una vita dedicata all&#8217;influenza culturale di Monaco\",\"datePublished\":\"2025-01-06T14:10:28+00:00\",\"dateModified\":\"2025-01-06T14:10:38+00:00\",\"mainEntityOfPage\":{\"@id\":\"https:\\\/\\\/www.monaco-tribune.com\\\/it\\\/2025\\\/01\\\/la-principessa-carolina-una-vita-dedicata-allinfluenza-culturale-di-monaco\\\/\"},\"wordCount\":1333,\"publisher\":{\"@id\":\"https:\\\/\\\/www.monaco-tribune.com\\\/it\\\/#organization\"},\"image\":{\"@id\":\"https:\\\/\\\/www.monaco-tribune.com\\\/it\\\/2025\\\/01\\\/la-principessa-carolina-una-vita-dedicata-allinfluenza-culturale-di-monaco\\\/#primaryimage\"},\"thumbnailUrl\":\"https:\\\/\\\/www.monaco-tribune.com\\\/wp-content\\\/uploads\\\/2024\\\/12\\\/princesse-caroline.jpg\",\"keywords\":[\"Principessa Carolina\"],\"articleSection\":[\"Famiglia Principesca\",\"La nostra scelta\",\"Notizie\"],\"inLanguage\":\"it-IT\",\"copyrightYear\":\"2025\",\"copyrightHolder\":{\"@id\":\"https:\\\/\\\/www.monaco-tribune.com\\\/#organization\"}},{\"@type\":\"WebPage\",\"@id\":\"https:\\\/\\\/www.monaco-tribune.com\\\/it\\\/2025\\\/01\\\/la-principessa-carolina-una-vita-dedicata-allinfluenza-culturale-di-monaco\\\/\",\"url\":\"https:\\\/\\\/www.monaco-tribune.com\\\/it\\\/2025\\\/01\\\/la-principessa-carolina-una-vita-dedicata-allinfluenza-culturale-di-monaco\\\/\",\"name\":\"La Principessa Carolina: una vita dedicata all'influenza culturale di Monaco\",\"isPartOf\":{\"@id\":\"https:\\\/\\\/www.monaco-tribune.com\\\/it\\\/#website\"},\"primaryImageOfPage\":{\"@id\":\"https:\\\/\\\/www.monaco-tribune.com\\\/it\\\/2025\\\/01\\\/la-principessa-carolina-una-vita-dedicata-allinfluenza-culturale-di-monaco\\\/#primaryimage\"},\"image\":{\"@id\":\"https:\\\/\\\/www.monaco-tribune.com\\\/it\\\/2025\\\/01\\\/la-principessa-carolina-una-vita-dedicata-allinfluenza-culturale-di-monaco\\\/#primaryimage\"},\"thumbnailUrl\":\"https:\\\/\\\/www.monaco-tribune.com\\\/wp-content\\\/uploads\\\/2024\\\/12\\\/princesse-caroline.jpg\",\"datePublished\":\"2025-01-06T14:10:28+00:00\",\"dateModified\":\"2025-01-06T14:10:38+00:00\",\"description\":\"Nel corso degli anni, la Principessa di Hannover \u00e8 diventata, in modo del tutto naturale, ambasciatrice delle arti e della cultura nel Principato. Dalla\",\"breadcrumb\":{\"@id\":\"https:\\\/\\\/www.monaco-tribune.com\\\/it\\\/2025\\\/01\\\/la-principessa-carolina-una-vita-dedicata-allinfluenza-culturale-di-monaco\\\/#breadcrumb\"},\"inLanguage\":\"it-IT\",\"potentialAction\":[{\"@type\":\"ReadAction\",\"target\":[\"https:\\\/\\\/www.monaco-tribune.com\\\/it\\\/2025\\\/01\\\/la-principessa-carolina-una-vita-dedicata-allinfluenza-culturale-di-monaco\\\/\"]}]},{\"@type\":\"ImageObject\",\"inLanguage\":\"it-IT\",\"@id\":\"https:\\\/\\\/www.monaco-tribune.com\\\/it\\\/2025\\\/01\\\/la-principessa-carolina-una-vita-dedicata-allinfluenza-culturale-di-monaco\\\/#primaryimage\",\"url\":\"https:\\\/\\\/www.monaco-tribune.com\\\/wp-content\\\/uploads\\\/2024\\\/12\\\/princesse-caroline.jpg\",\"contentUrl\":\"https:\\\/\\\/www.monaco-tribune.com\\\/wp-content\\\/uploads\\\/2024\\\/12\\\/princesse-caroline.jpg\",\"width\":1200,\"height\":800,\"caption\":\"\u00a9Michael Alesi \\\/ Palazzo del Principe\"},{\"@type\":\"BreadcrumbList\",\"@id\":\"https:\\\/\\\/www.monaco-tribune.com\\\/it\\\/2025\\\/01\\\/la-principessa-carolina-una-vita-dedicata-allinfluenza-culturale-di-monaco\\\/#breadcrumb\",\"itemListElement\":[{\"@type\":\"ListItem\",\"position\":1,\"name\":\"Accueil\",\"item\":\"https:\\\/\\\/www.monaco-tribune.com\\\/it\\\/\"},{\"@type\":\"ListItem\",\"position\":2,\"name\":\"La Principessa Carolina: una vita dedicata all&#8217;influenza culturale di Monaco\"}]},{\"@type\":\"WebSite\",\"@id\":\"https:\\\/\\\/www.monaco-tribune.com\\\/it\\\/#website\",\"url\":\"https:\\\/\\\/www.monaco-tribune.com\\\/it\\\/\",\"name\":\"Monaco Tribune\",\"description\":\"Monaco : actualit\u00e9s \u00e9conomiques, politiques, culturelles et sportives de Monaco et de la French Riviera.\",\"publisher\":{\"@id\":\"https:\\\/\\\/www.monaco-tribune.com\\\/it\\\/#organization\"},\"potentialAction\":[{\"@type\":\"SearchAction\",\"target\":{\"@type\":\"EntryPoint\",\"urlTemplate\":\"https:\\\/\\\/www.monaco-tribune.com\\\/it\\\/?s={search_term_string}\"},\"query-input\":{\"@type\":\"PropertyValueSpecification\",\"valueRequired\":true,\"valueName\":\"search_term_string\"}}],\"inLanguage\":\"it-IT\"},{\"@type\":\"Organization\",\"@id\":\"https:\\\/\\\/www.monaco-tribune.com\\\/it\\\/#organization\",\"name\":\"Monaco Tribune\",\"url\":\"https:\\\/\\\/www.monaco-tribune.com\\\/it\\\/\",\"logo\":{\"@type\":\"ImageObject\",\"inLanguage\":\"it-IT\",\"@id\":\"https:\\\/\\\/www.monaco-tribune.com\\\/it\\\/#\\\/schema\\\/logo\\\/image\\\/\",\"url\":\"https:\\\/\\\/www.monaco-tribune.com\\\/wp-content\\\/uploads\\\/2022\\\/11\\\/logo-monaco-tribune.png\",\"contentUrl\":\"https:\\\/\\\/www.monaco-tribune.com\\\/wp-content\\\/uploads\\\/2022\\\/11\\\/logo-monaco-tribune.png\",\"width\":1548,\"height\":600,\"caption\":\"Monaco Tribune\"},\"image\":{\"@id\":\"https:\\\/\\\/www.monaco-tribune.com\\\/it\\\/#\\\/schema\\\/logo\\\/image\\\/\"},\"sameAs\":[\"https:\\\/\\\/www.facebook.com\\\/MonacoTribune\",\"https:\\\/\\\/x.com\\\/MonacoTribune\",\"https:\\\/\\\/www.instagram.com\\\/monacotribune\\\/\",\"https:\\\/\\\/www.linkedin.com\\\/company\\\/monaco-tribune\",\"https:\\\/\\\/www.youtube.com\\\/channel\\\/UCHle1MnG6hw1y4lWKijVbMA\"]},{\"@type\":\"Person\",\"@id\":\"https:\\\/\\\/www.monaco-tribune.com\\\/it\\\/#\\\/schema\\\/person\\\/55ce91a070ff78e15ec1817376669bf4\",\"name\":\"Estelle Imbert\",\"image\":{\"@type\":\"ImageObject\",\"inLanguage\":\"it-IT\",\"@id\":\"https:\\\/\\\/secure.gravatar.com\\\/avatar\\\/d2e1a3840b1138a669d04f6292bbd810f7f730844d7a28a8e8c4c6da40e79852?s=96&d=mm&r=g\",\"url\":\"https:\\\/\\\/secure.gravatar.com\\\/avatar\\\/d2e1a3840b1138a669d04f6292bbd810f7f730844d7a28a8e8c4c6da40e79852?s=96&d=mm&r=g\",\"contentUrl\":\"https:\\\/\\\/secure.gravatar.com\\\/avatar\\\/d2e1a3840b1138a669d04f6292bbd810f7f730844d7a28a8e8c4c6da40e79852?s=96&d=mm&r=g\",\"caption\":\"Estelle Imbert\"},\"url\":\"https:\\\/\\\/www.monaco-tribune.com\\\/it\\\/author\\\/estelleimbert\\\/\"}]}<\/script>\n<!-- \/ Yoast SEO Premium plugin. -->","yoast_head_json":{"title":"La Principessa Carolina: una vita dedicata all'influenza culturale di Monaco","description":"Nel corso degli anni, la Principessa di Hannover \u00e8 diventata, in modo del tutto naturale, ambasciatrice delle arti e della cultura nel Principato. Dalla","robots":{"index":"index","follow":"follow","max-snippet":"max-snippet:-1","max-image-preview":"max-image-preview:large","max-video-preview":"max-video-preview:-1"},"canonical":"https:\/\/www.monaco-tribune.com\/it\/2025\/01\/la-principessa-carolina-una-vita-dedicata-allinfluenza-culturale-di-monaco\/","og_locale":"it_IT","og_type":"article","og_title":"La Principessa Carolina: una vita dedicata all'influenza culturale di Monaco - Monaco Tribune","og_description":"Nel corso degli anni, la Principessa di Hannover \u00e8 diventata, in modo del tutto naturale, ambasciatrice delle arti e della cultura nel Principato. Dalla","og_url":"https:\/\/www.monaco-tribune.com\/it\/2025\/01\/la-principessa-carolina-una-vita-dedicata-allinfluenza-culturale-di-monaco\/","og_site_name":"Monaco Tribune","article_publisher":"https:\/\/www.facebook.com\/MonacoTribune","article_published_time":"2025-01-06T14:10:28+00:00","article_modified_time":"2025-01-06T14:10:38+00:00","og_image":[{"width":1200,"height":800,"url":"https:\/\/www.monaco-tribune.com\/wp-content\/uploads\/2024\/12\/princesse-caroline.jpg","type":"image\/jpeg"}],"author":"Estelle Imbert","twitter_card":"summary_large_image","twitter_creator":"@MonacoTribune","twitter_site":"@MonacoTribune","schema":{"@context":"https:\/\/schema.org","@graph":[{"@type":"NewsArticle","@id":"https:\/\/www.monaco-tribune.com\/it\/2025\/01\/la-principessa-carolina-una-vita-dedicata-allinfluenza-culturale-di-monaco\/#article","isPartOf":{"@id":"https:\/\/www.monaco-tribune.com\/it\/2025\/01\/la-principessa-carolina-una-vita-dedicata-allinfluenza-culturale-di-monaco\/"},"author":{"name":"Estelle Imbert","@id":"https:\/\/www.monaco-tribune.com\/it\/#\/schema\/person\/55ce91a070ff78e15ec1817376669bf4"},"headline":"La Principessa Carolina: una vita dedicata all&#8217;influenza culturale di Monaco","datePublished":"2025-01-06T14:10:28+00:00","dateModified":"2025-01-06T14:10:38+00:00","mainEntityOfPage":{"@id":"https:\/\/www.monaco-tribune.com\/it\/2025\/01\/la-principessa-carolina-una-vita-dedicata-allinfluenza-culturale-di-monaco\/"},"wordCount":1333,"publisher":{"@id":"https:\/\/www.monaco-tribune.com\/it\/#organization"},"image":{"@id":"https:\/\/www.monaco-tribune.com\/it\/2025\/01\/la-principessa-carolina-una-vita-dedicata-allinfluenza-culturale-di-monaco\/#primaryimage"},"thumbnailUrl":"https:\/\/www.monaco-tribune.com\/wp-content\/uploads\/2024\/12\/princesse-caroline.jpg","keywords":["Principessa Carolina"],"articleSection":["Famiglia Principesca","La nostra scelta","Notizie"],"inLanguage":"it-IT","copyrightYear":"2025","copyrightHolder":{"@id":"https:\/\/www.monaco-tribune.com\/#organization"}},{"@type":"WebPage","@id":"https:\/\/www.monaco-tribune.com\/it\/2025\/01\/la-principessa-carolina-una-vita-dedicata-allinfluenza-culturale-di-monaco\/","url":"https:\/\/www.monaco-tribune.com\/it\/2025\/01\/la-principessa-carolina-una-vita-dedicata-allinfluenza-culturale-di-monaco\/","name":"La Principessa Carolina: una vita dedicata all'influenza culturale di Monaco","isPartOf":{"@id":"https:\/\/www.monaco-tribune.com\/it\/#website"},"primaryImageOfPage":{"@id":"https:\/\/www.monaco-tribune.com\/it\/2025\/01\/la-principessa-carolina-una-vita-dedicata-allinfluenza-culturale-di-monaco\/#primaryimage"},"image":{"@id":"https:\/\/www.monaco-tribune.com\/it\/2025\/01\/la-principessa-carolina-una-vita-dedicata-allinfluenza-culturale-di-monaco\/#primaryimage"},"thumbnailUrl":"https:\/\/www.monaco-tribune.com\/wp-content\/uploads\/2024\/12\/princesse-caroline.jpg","datePublished":"2025-01-06T14:10:28+00:00","dateModified":"2025-01-06T14:10:38+00:00","description":"Nel corso degli anni, la Principessa di Hannover \u00e8 diventata, in modo del tutto naturale, ambasciatrice delle arti e della cultura nel Principato. Dalla","breadcrumb":{"@id":"https:\/\/www.monaco-tribune.com\/it\/2025\/01\/la-principessa-carolina-una-vita-dedicata-allinfluenza-culturale-di-monaco\/#breadcrumb"},"inLanguage":"it-IT","potentialAction":[{"@type":"ReadAction","target":["https:\/\/www.monaco-tribune.com\/it\/2025\/01\/la-principessa-carolina-una-vita-dedicata-allinfluenza-culturale-di-monaco\/"]}]},{"@type":"ImageObject","inLanguage":"it-IT","@id":"https:\/\/www.monaco-tribune.com\/it\/2025\/01\/la-principessa-carolina-una-vita-dedicata-allinfluenza-culturale-di-monaco\/#primaryimage","url":"https:\/\/www.monaco-tribune.com\/wp-content\/uploads\/2024\/12\/princesse-caroline.jpg","contentUrl":"https:\/\/www.monaco-tribune.com\/wp-content\/uploads\/2024\/12\/princesse-caroline.jpg","width":1200,"height":800,"caption":"\u00a9Michael Alesi \/ Palazzo del Principe"},{"@type":"BreadcrumbList","@id":"https:\/\/www.monaco-tribune.com\/it\/2025\/01\/la-principessa-carolina-una-vita-dedicata-allinfluenza-culturale-di-monaco\/#breadcrumb","itemListElement":[{"@type":"ListItem","position":1,"name":"Accueil","item":"https:\/\/www.monaco-tribune.com\/it\/"},{"@type":"ListItem","position":2,"name":"La Principessa Carolina: una vita dedicata all&#8217;influenza culturale di Monaco"}]},{"@type":"WebSite","@id":"https:\/\/www.monaco-tribune.com\/it\/#website","url":"https:\/\/www.monaco-tribune.com\/it\/","name":"Monaco Tribune","description":"Monaco : actualit\u00e9s \u00e9conomiques, politiques, culturelles et sportives de Monaco et de la French Riviera.","publisher":{"@id":"https:\/\/www.monaco-tribune.com\/it\/#organization"},"potentialAction":[{"@type":"SearchAction","target":{"@type":"EntryPoint","urlTemplate":"https:\/\/www.monaco-tribune.com\/it\/?s={search_term_string}"},"query-input":{"@type":"PropertyValueSpecification","valueRequired":true,"valueName":"search_term_string"}}],"inLanguage":"it-IT"},{"@type":"Organization","@id":"https:\/\/www.monaco-tribune.com\/it\/#organization","name":"Monaco Tribune","url":"https:\/\/www.monaco-tribune.com\/it\/","logo":{"@type":"ImageObject","inLanguage":"it-IT","@id":"https:\/\/www.monaco-tribune.com\/it\/#\/schema\/logo\/image\/","url":"https:\/\/www.monaco-tribune.com\/wp-content\/uploads\/2022\/11\/logo-monaco-tribune.png","contentUrl":"https:\/\/www.monaco-tribune.com\/wp-content\/uploads\/2022\/11\/logo-monaco-tribune.png","width":1548,"height":600,"caption":"Monaco Tribune"},"image":{"@id":"https:\/\/www.monaco-tribune.com\/it\/#\/schema\/logo\/image\/"},"sameAs":["https:\/\/www.facebook.com\/MonacoTribune","https:\/\/x.com\/MonacoTribune","https:\/\/www.instagram.com\/monacotribune\/","https:\/\/www.linkedin.com\/company\/monaco-tribune","https:\/\/www.youtube.com\/channel\/UCHle1MnG6hw1y4lWKijVbMA"]},{"@type":"Person","@id":"https:\/\/www.monaco-tribune.com\/it\/#\/schema\/person\/55ce91a070ff78e15ec1817376669bf4","name":"Estelle Imbert","image":{"@type":"ImageObject","inLanguage":"it-IT","@id":"https:\/\/secure.gravatar.com\/avatar\/d2e1a3840b1138a669d04f6292bbd810f7f730844d7a28a8e8c4c6da40e79852?s=96&d=mm&r=g","url":"https:\/\/secure.gravatar.com\/avatar\/d2e1a3840b1138a669d04f6292bbd810f7f730844d7a28a8e8c4c6da40e79852?s=96&d=mm&r=g","contentUrl":"https:\/\/secure.gravatar.com\/avatar\/d2e1a3840b1138a669d04f6292bbd810f7f730844d7a28a8e8c4c6da40e79852?s=96&d=mm&r=g","caption":"Estelle Imbert"},"url":"https:\/\/www.monaco-tribune.com\/it\/author\/estelleimbert\/"}]}},"_links":{"self":[{"href":"https:\/\/www.monaco-tribune.com\/it\/wp-json\/wp\/v2\/posts\/270073","targetHints":{"allow":["GET"]}}],"collection":[{"href":"https:\/\/www.monaco-tribune.com\/it\/wp-json\/wp\/v2\/posts"}],"about":[{"href":"https:\/\/www.monaco-tribune.com\/it\/wp-json\/wp\/v2\/types\/post"}],"author":[{"embeddable":true,"href":"https:\/\/www.monaco-tribune.com\/it\/wp-json\/wp\/v2\/users\/80"}],"replies":[{"embeddable":true,"href":"https:\/\/www.monaco-tribune.com\/it\/wp-json\/wp\/v2\/comments?post=270073"}],"version-history":[{"count":2,"href":"https:\/\/www.monaco-tribune.com\/it\/wp-json\/wp\/v2\/posts\/270073\/revisions"}],"predecessor-version":[{"id":270078,"href":"https:\/\/www.monaco-tribune.com\/it\/wp-json\/wp\/v2\/posts\/270073\/revisions\/270078"}],"wp:featuredmedia":[{"embeddable":true,"href":"https:\/\/www.monaco-tribune.com\/it\/wp-json\/wp\/v2\/media\/269509"}],"wp:attachment":[{"href":"https:\/\/www.monaco-tribune.com\/it\/wp-json\/wp\/v2\/media?parent=270073"}],"wp:term":[{"taxonomy":"category","embeddable":true,"href":"https:\/\/www.monaco-tribune.com\/it\/wp-json\/wp\/v2\/categories?post=270073"},{"taxonomy":"post_tag","embeddable":true,"href":"https:\/\/www.monaco-tribune.com\/it\/wp-json\/wp\/v2\/tags?post=270073"},{"taxonomy":"sectag","embeddable":true,"href":"https:\/\/www.monaco-tribune.com\/it\/wp-json\/wp\/v2\/post_sectags?post=270073"},{"taxonomy":"format","embeddable":true,"href":"https:\/\/www.monaco-tribune.com\/it\/wp-json\/wp\/v2\/post_format?post=270073"}],"curies":[{"name":"wp","href":"https:\/\/api.w.org\/{rel}","templated":true}]}}