{"id":27018,"date":"2020-05-04T11:10:26","date_gmt":"2020-05-04T09:10:26","guid":{"rendered":"https:\/\/www.monaco-tribune.com\/2020\/05\/le-istituzioni-culturali-monegasche-si-adattano-alla-pandemia\/"},"modified":"2020-05-04T11:19:07","modified_gmt":"2020-05-04T09:19:07","slug":"le-istituzioni-culturali-monegasche-si-adattano-alla-pandemia","status":"publish","type":"post","link":"https:\/\/www.monaco-tribune.com\/it\/2020\/05\/le-istituzioni-culturali-monegasche-si-adattano-alla-pandemia\/","title":{"rendered":"Le istituzioni culturali monegasche si adattano alla pandemia"},"content":{"rendered":"<p><strong>Di fronte alla pandemia del Covid-19 cos\u00ec come alla quarantena avviata il 16 marzo scorso, le istituzioni culturali monegasche, come ogni luogo pubblico, hanno dovuto adattarsi. Come riorganizzarsi in cos\u00ec poco tempo dovendo far fronte a numerosi ostacoli? Istituendo nuove forme di condivisione al fine di continuare a diffondere e far vivere arte e cultura sotto tutte le loro forme.<\/strong><\/p>\n<p>Pertanto, se non avete ancora avuto l\u2019occasione di scoprire i musei monegaschi, di applaudire un balletto, un opera o di assistere ad una rappresentazione dell\u2019Orchestra filarmonica, potete realizzare questi desideri da casa vostra.<\/p>\n<p><strong>Museo di Antropologia di Monaco<\/strong><\/p>\n<p>Se non \u00e8 ancora prevista la possibilit\u00e0 di visitare virtualmente le collezioni del museo, quest\u2019ultimo ha, tuttavia, gi\u00e0 istituito diverse risorse sui social network. Grandi e piccoli sono invitati a trovarvi letture pedagogiche come quelle riguardo \u201cFortezze medievali e moderne di citt\u00e0 mediterranee\u201d, presentazione mirata di pezzi e collezioni faro, quiz per arricchire le proprie conoscenze ma anche pagine da colorare e giochi per condurre i pi\u00f9 piccoli alla scoperta del passato<\/p>\n<p><a href=\"https:\/\/www.facebook.com\/mapmonaco\/\">@mapmonaco<\/a><\/p>\n<p><iframe style=\"border: none; overflow: hidden;\" src=\"https:\/\/www.facebook.com\/plugins\/post.php?href=https%3A%2F%2Fwww.facebook.com%2Fmedia%2Fset%2F%3Fset%3Da.2823184007908926%26type%3D3&amp;width=500\" width=\"500\" height=\"650\" frameborder=\"0\" scrolling=\"no\"><\/iframe><\/p>\n<p><strong>Museo dei francobolli e delle monete<\/strong><\/p>\n<p>Situato nel cuore di Fontvieille, questo museo aperto nel gennaio 1996, rappresenta la vetrina di collezioni filateliche e numismatiche del Principe di Monaco, conosciute in tutto il mondo. Durante la quarantena, gli appassionati e i curiosi possono contemplare rari francobolli e ritrovamenti numismatici rinvenuti sul territorio del Principato, optando per <a href=\"http:\/\/www.mtm-monaco.mc\/index.php?route=information\/information&amp;information_id=10\">la visita virtuale<\/a> organizzata sul sito del museo. Ognuno avr\u00e0 del tempo per contemplare la propria scelta, spostandosi liberamente tra le stanze e senza alcun fastidio. Un assaggio eccellente prima di una seconda visita sul posto quando sar\u00e0 di nuovo il momento giusto<\/p>\n<p><strong>Nuovo Museo Nazionale di Monaco<\/strong><br \/>\nCon una collezione permanente di pi\u00f9 di 10.000 opere realizzate tra il 19\u00b0 e 21\u00b0 secolo, Villa Sauber cos\u00ec come Villa Paloma che costituiscono il Nuovo Museo di Monaco, accolgono anche \u2013 in maniera ricorrente- diverse esposizioni. Prima della quarantena, \u201cVariazioni- gli arrendi luminosi\u201d di Eug\u00e8ne Frey iniziata nel febbraio, permetteva di apprendere la sua tecnica scenografica inserita nella linea dei teatri d\u2019ombra e sviluppata sulla scena dell\u2019Opera di Monte-Carlo fino agli anni \u201930. Anche se l\u2019esposizione \u00e8 stata prolungata fino al 30 agosto prossimo, l\u2019NMNM permette, a coloro che lo desiderano, di sperimentare questa tecnica da casa. Sulla sua pagina Facebook, l\u2019NMNM in particolare ha istituito, ogni sabato, diversi workshop da realizzare a casa (allestire il proprio teatro d\u2019ombre, provare lo stop motion, \u2026). Sempre su questo social, \u00e8 possibile anche apprendere di pi\u00f9 riguardo Eug\u00e8ne Frey sia attraverso storie e aneddoti che mediante diverse risorse culturali a cui ci rimanda l\u2019NMNM.<\/p>\n<p><a href=\"https:\/\/www.facebook.com\/nmnmonaco\/\">@nmnmonaco<\/a><\/p>\n<p><iframe style=\"border: none; overflow: hidden;\" src=\"https:\/\/www.facebook.com\/plugins\/post.php?href=https%3A%2F%2Fwww.facebook.com%2Fnmnmonaco%2Fposts%2F2916441218438313&amp;width=500\" width=\"500\" height=\"789\" frameborder=\"0\" scrolling=\"no\"><\/iframe><\/p>\n<p><strong>Museo Oceanografico di Monaco<\/strong><\/p>\n<p>Far visita alle tartarughe marine? Vedere 200 specie di invertebrati e centinaia di coralli che vivono nell\u2019acquario del museo? La visita non avverr\u00e0 davanti ad un vetro ma davanti al vostro schermo, poich\u00e9 il museo ha allestito un tour virtuale che offre un\u2019ottima panoramica anche se l\u2019esperienza \u00e8 meno coinvolgente e sorprendente. Pensando sempre ai visitatori pi\u00f9 giovani, il museo mette a disposizione sul sito un angolo per bambini composto da schede pedagogiche complete e tematiche (corallo, tartarughe\u2026), cos\u00ec come <a href=\"https:\/\/musee.oceano.org\/2020\/03\/25\/cahier-coloriage\/\">un quaderno da colorare<\/a> per i pi\u00f9 piccoli. Una gamma di giochi e attivit\u00e0 regolarmente ampliata.<\/p>\n<p><a href=\"https:\/\/www.facebook.com\/oceanoMonaco\/\">@oceanomonaco<\/a><\/p>\n<p><iframe style=\"border: none; overflow: hidden;\" src=\"https:\/\/www.facebook.com\/plugins\/video.php?href=https%3A%2F%2Fwww.facebook.com%2FoceanoMonaco%2Fvideos%2F959219884534755%2F&amp;show_text=0&amp;width=560\" width=\"560\" height=\"315\" frameborder=\"0\" scrolling=\"no\" allowfullscreen=\"allowfullscreen\"><\/iframe><\/p>\n<p><strong>La grotta dell\u2019Osservatorio e il Giardino Esotico<\/strong><\/p>\n<p>Quasi due mesi di quarantena e voglia di essere di nuovo liberi. Non potendo approfittare degli spazi fioriti, il sito del Giardino esotico invita a percorrere virtualmente decine di variet\u00e0 di succulente, cactus e vegetali che lo costituiscono. Sempre sullo stesso sito, \u00e8 anche possibile lasciarsi trasportare nelle profondit\u00e0 della Grotta dell\u2019Osservatorio per ammirare stalattiti, stalagmiti e altre grotte delle meraviglie.<\/p>\n<p><a href=\"https:\/\/www.facebook.com\/JardinExotiqueDeMonaco\/\">@JardinExotiqueDeMonaco<\/a><\/p>\n<p><iframe style=\"border: none; overflow: hidden;\" src=\"https:\/\/www.facebook.com\/plugins\/post.php?href=https%3A%2F%2Fwww.facebook.com%2FJardinExotiqueDeMonaco%2Fposts%2F2664743366968761&amp;width=500\" width=\"500\" height=\"707\" frameborder=\"0\" scrolling=\"no\"><\/iframe><\/p>\n<p><strong>Orchestra filarmonica di Monte-Carlo<\/strong><\/p>\n<p>Anche se la musica addolcisce gli animi, \u00e8 certo che essa contribuisce a rallegrare le cose in tempo di quarantena. Pertanto, ogni giorno, i membri dell\u2019orchestra filarmonica si ritrovano attraverso gli schermi interposti per interpretare insieme, diverse opere del loro repertorio. Un vero appuntamento da non perdere sulla loro pagina Facebook. Per i ritardatari, le vecchie performance cosi come quelle dell\u2019Orchestra dei Carabinieri del Principe sono state pubblicate online sul sito dell\u2019Orchestra.<\/p>\n<p><a href=\"https:\/\/www.facebook.com\/OrchestrePhilharmoniqueMonteCarlo\/\">@OrchestrePhilharmoniqueMonteCarlo<\/a><\/p>\n<p><iframe style=\"border: none; overflow: hidden;\" src=\"https:\/\/www.facebook.com\/plugins\/video.php?href=https%3A%2F%2Fwww.facebook.com%2FOrchestrePhilharmoniqueMonteCarlo%2Fvideos%2F232466024514797%2F&amp;show_text=0&amp;width=560\" width=\"560\" height=\"315\" frameborder=\"0\" scrolling=\"no\" allowfullscreen=\"allowfullscreen\"><\/iframe><\/p>\n<p><strong>Opera di Monte-Carlo<\/strong><\/p>\n<p>Il periodo di quarantena sar\u00e0 propizio per la riscoperta dell\u2019opera? Desiderosa di rimanere in attivit\u00e0 e di mantenere un legame con il suo pubblico, l\u2019Opera di Monte-Carlo ha messo a disposizione dal 23 marzo, alcune rappresentazioni appartenenti alle ultime stagioni. Nel programma Falstaff di Giuseppe Verdi e Lucia di Lammermoor di Gaetano Donizetti si rivelano gradualmente sotto forma di episodi, avvincenti come una serie tv.<\/p>\n<p><a href=\"https:\/\/www.facebook.com\/operademontecarlo\/\">@operademontecarlo<\/a><\/p>\n<p><iframe style=\"border: none; overflow: hidden;\" src=\"https:\/\/www.facebook.com\/plugins\/post.php?href=https%3A%2F%2Fwww.facebook.com%2Foperademontecarlo%2Fposts%2F2932392973517407&amp;width=500\" width=\"500\" height=\"617\" frameborder=\"0\" scrolling=\"no\"><\/iframe><\/p>\n<p><strong>I Balletti di Montecarlo<\/strong><\/p>\n<p>Dopo il canto e la musica, abbiamo la danza. Anche i Balletti di Monte-Carlo hanno trovato il mezzo con il quale condividere il loro repertorio con gli amanti degli chass\u00e9s e altri jet\u00e9s. Trasmesse sul sito web di France 3 (PACA) e sul canale Monaco Info, le opere possono essere viste con piacere.<\/p>\n<p><a href=\"https:\/\/www.facebook.com\/balletsdemontecarlo2014\/\">@balletsdemontecarlo2014<\/a><\/p>\n<p><iframe style=\"border: none; overflow: hidden;\" src=\"https:\/\/www.facebook.com\/plugins\/video.php?href=https%3A%2F%2Fwww.facebook.com%2Fballetsdemontecarlo2014%2Fvideos%2F2592632270995293%2F&amp;show_text=0&amp;width=560\" width=\"560\" height=\"315\" frameborder=\"0\" scrolling=\"no\" allowfullscreen=\"allowfullscreen\"><\/iframe><\/p>\n<p>La cultura a Monaco durante la quarantena? Continua a vivere e a condividere se stessa senza intaccare le misure di lotta contro l\u2019epidemia del coronavirus. Queste nuove offerte virtuali, dei veri valori aggiunti per le istituzioni che le attuano, potrebbero essere permanenti anche quando sar\u00e0 revocata la quarantena?<\/p>\n<p>Se nulla \u00e8 deciso, questa possibilit\u00e0 meriterebbe di essere esplorata perch\u00e9 rende accessibile la cultura a tutti e senza restrizioni, creando un legame ineguagliabile sia con un pubblico gi\u00e0 consolidato che con nuovi \u201cvisitatori\u201d pronti a scoprire di pi\u00f9. Non potrebbe anche essere visto come un modo per abbattere le barriere per coloro che non hanno familiarit\u00e0 di alcuni settori o sono intimiditi da quest\u2019ultimi? In questo modo, l\u2019Opera o anche la danza si democratizzano. Meno elitari poich\u00e9 accessibili (e in pi\u00f9 gratuiti), offrono a chi lo desidera, la possibilit\u00e0 di imparare i loro codici. Dopo tutto, non si tratta della vocazione delle istituzioni culturali, di rendere la conoscenza accessibile a tutti?<\/p>\n","protected":false},"excerpt":{"rendered":"<p>Di fronte alla pandemia del Covid-19 cos\u00ec come alla quarantena avviata il 16 marzo scorso, le istituzioni culturali monegasche, come [&hellip;]<\/p>\n","protected":false},"author":31,"featured_media":26765,"comment_status":"closed","ping_status":"open","sticky":false,"template":"","format":"standard","meta":{"_acf_changed":false,"footnotes":""},"categories":[1738,1752],"tags":[2886],"post_sectags":[],"post_format":[2486],"class_list":["post-27018","post","type-post","status-publish","format-standard","has-post-thumbnail","hentry","category-notizie","category-societa","tag-covid-19-it","format-servizio"],"acf":[],"yoast_head":"<!-- This site is optimized with the Yoast SEO Premium plugin v26.8 (Yoast SEO v27.5) - https:\/\/yoast.com\/product\/yoast-seo-premium-wordpress\/ -->\n<title>Le istituzioni culturali monegasche si adattano alla pandemia<\/title>\n<meta name=\"description\" content=\"Di fronte alla pandemia del Covid-19 cos\u00ec come alla quarantena avviata il 16 marzo scorso, le istituzioni culturali monegasche, come ogni luogo pubblico,\" \/>\n<meta name=\"robots\" content=\"index, follow, max-snippet:-1, max-image-preview:large, max-video-preview:-1\" \/>\n<link rel=\"canonical\" href=\"https:\/\/www.monaco-tribune.com\/it\/2020\/05\/le-istituzioni-culturali-monegasche-si-adattano-alla-pandemia\/\" \/>\n<meta property=\"og:locale\" content=\"it_IT\" \/>\n<meta property=\"og:type\" content=\"article\" \/>\n<meta property=\"og:title\" content=\"Le istituzioni culturali monegasche si adattano alla pandemia - Monaco Tribune\" \/>\n<meta property=\"og:description\" content=\"Di fronte alla pandemia del Covid-19 cos\u00ec come alla quarantena avviata il 16 marzo scorso, le istituzioni culturali monegasche, come ogni luogo pubblico,\" \/>\n<meta property=\"og:url\" content=\"https:\/\/www.monaco-tribune.com\/it\/2020\/05\/le-istituzioni-culturali-monegasche-si-adattano-alla-pandemia\/\" \/>\n<meta property=\"og:site_name\" content=\"Monaco Tribune\" \/>\n<meta property=\"article:publisher\" content=\"https:\/\/www.facebook.com\/MonacoTribune\" \/>\n<meta property=\"article:published_time\" content=\"2020-05-04T09:10:26+00:00\" \/>\n<meta property=\"article:modified_time\" content=\"2020-05-04T09:19:07+00:00\" \/>\n<meta property=\"og:image\" content=\"https:\/\/www.monaco-tribune.com\/wp-content\/uploads\/2020\/04\/caroline-hernandez-yl1wEVqEY8k-unsplash.jpg\" \/>\n\t<meta property=\"og:image:width\" content=\"1920\" \/>\n\t<meta property=\"og:image:height\" content=\"1278\" \/>\n\t<meta property=\"og:image:type\" content=\"image\/jpeg\" \/>\n<meta name=\"author\" content=\"Jessica Rollero\" \/>\n<meta name=\"twitter:card\" content=\"summary_large_image\" \/>\n<meta name=\"twitter:creator\" content=\"@MonacoTribune\" \/>\n<meta name=\"twitter:site\" content=\"@MonacoTribune\" \/>\n<script type=\"application\/ld+json\" class=\"yoast-schema-graph\">{\"@context\":\"https:\\\/\\\/schema.org\",\"@graph\":[{\"@type\":\"NewsArticle\",\"@id\":\"https:\\\/\\\/www.monaco-tribune.com\\\/it\\\/2020\\\/05\\\/le-istituzioni-culturali-monegasche-si-adattano-alla-pandemia\\\/#article\",\"isPartOf\":{\"@id\":\"https:\\\/\\\/www.monaco-tribune.com\\\/it\\\/2020\\\/05\\\/le-istituzioni-culturali-monegasche-si-adattano-alla-pandemia\\\/\"},\"author\":{\"name\":\"Jessica Rollero\",\"@id\":\"https:\\\/\\\/www.monaco-tribune.com\\\/it\\\/#\\\/schema\\\/person\\\/f3fb6c9a54379932b480c54b19592619\"},\"headline\":\"Le istituzioni culturali monegasche si adattano alla pandemia\",\"datePublished\":\"2020-05-04T09:10:26+00:00\",\"dateModified\":\"2020-05-04T09:19:07+00:00\",\"mainEntityOfPage\":{\"@id\":\"https:\\\/\\\/www.monaco-tribune.com\\\/it\\\/2020\\\/05\\\/le-istituzioni-culturali-monegasche-si-adattano-alla-pandemia\\\/\"},\"wordCount\":979,\"publisher\":{\"@id\":\"https:\\\/\\\/www.monaco-tribune.com\\\/it\\\/#organization\"},\"image\":{\"@id\":\"https:\\\/\\\/www.monaco-tribune.com\\\/it\\\/2020\\\/05\\\/le-istituzioni-culturali-monegasche-si-adattano-alla-pandemia\\\/#primaryimage\"},\"thumbnailUrl\":\"https:\\\/\\\/www.monaco-tribune.com\\\/wp-content\\\/uploads\\\/2020\\\/04\\\/caroline-hernandez-yl1wEVqEY8k-unsplash.jpg\",\"keywords\":[\"Covid-19\"],\"articleSection\":[\"Notizie\",\"Societ\u00e0\"],\"inLanguage\":\"it-IT\",\"copyrightYear\":\"2020\",\"copyrightHolder\":{\"@id\":\"https:\\\/\\\/www.monaco-tribune.com\\\/#organization\"}},{\"@type\":\"WebPage\",\"@id\":\"https:\\\/\\\/www.monaco-tribune.com\\\/it\\\/2020\\\/05\\\/le-istituzioni-culturali-monegasche-si-adattano-alla-pandemia\\\/\",\"url\":\"https:\\\/\\\/www.monaco-tribune.com\\\/it\\\/2020\\\/05\\\/le-istituzioni-culturali-monegasche-si-adattano-alla-pandemia\\\/\",\"name\":\"Le istituzioni culturali monegasche si adattano alla pandemia\",\"isPartOf\":{\"@id\":\"https:\\\/\\\/www.monaco-tribune.com\\\/it\\\/#website\"},\"primaryImageOfPage\":{\"@id\":\"https:\\\/\\\/www.monaco-tribune.com\\\/it\\\/2020\\\/05\\\/le-istituzioni-culturali-monegasche-si-adattano-alla-pandemia\\\/#primaryimage\"},\"image\":{\"@id\":\"https:\\\/\\\/www.monaco-tribune.com\\\/it\\\/2020\\\/05\\\/le-istituzioni-culturali-monegasche-si-adattano-alla-pandemia\\\/#primaryimage\"},\"thumbnailUrl\":\"https:\\\/\\\/www.monaco-tribune.com\\\/wp-content\\\/uploads\\\/2020\\\/04\\\/caroline-hernandez-yl1wEVqEY8k-unsplash.jpg\",\"datePublished\":\"2020-05-04T09:10:26+00:00\",\"dateModified\":\"2020-05-04T09:19:07+00:00\",\"description\":\"Di fronte alla pandemia del Covid-19 cos\u00ec come alla quarantena avviata il 16 marzo scorso, le istituzioni culturali monegasche, come ogni luogo pubblico,\",\"breadcrumb\":{\"@id\":\"https:\\\/\\\/www.monaco-tribune.com\\\/it\\\/2020\\\/05\\\/le-istituzioni-culturali-monegasche-si-adattano-alla-pandemia\\\/#breadcrumb\"},\"inLanguage\":\"it-IT\",\"potentialAction\":[{\"@type\":\"ReadAction\",\"target\":[\"https:\\\/\\\/www.monaco-tribune.com\\\/it\\\/2020\\\/05\\\/le-istituzioni-culturali-monegasche-si-adattano-alla-pandemia\\\/\"]}]},{\"@type\":\"ImageObject\",\"inLanguage\":\"it-IT\",\"@id\":\"https:\\\/\\\/www.monaco-tribune.com\\\/it\\\/2020\\\/05\\\/le-istituzioni-culturali-monegasche-si-adattano-alla-pandemia\\\/#primaryimage\",\"url\":\"https:\\\/\\\/www.monaco-tribune.com\\\/wp-content\\\/uploads\\\/2020\\\/04\\\/caroline-hernandez-yl1wEVqEY8k-unsplash.jpg\",\"contentUrl\":\"https:\\\/\\\/www.monaco-tribune.com\\\/wp-content\\\/uploads\\\/2020\\\/04\\\/caroline-hernandez-yl1wEVqEY8k-unsplash.jpg\",\"width\":1920,\"height\":1278,\"caption\":\"Caroline Hernandez \\\/ Unsplash\"},{\"@type\":\"BreadcrumbList\",\"@id\":\"https:\\\/\\\/www.monaco-tribune.com\\\/it\\\/2020\\\/05\\\/le-istituzioni-culturali-monegasche-si-adattano-alla-pandemia\\\/#breadcrumb\",\"itemListElement\":[{\"@type\":\"ListItem\",\"position\":1,\"name\":\"Accueil\",\"item\":\"https:\\\/\\\/www.monaco-tribune.com\\\/it\\\/\"},{\"@type\":\"ListItem\",\"position\":2,\"name\":\"Le istituzioni culturali monegasche si adattano alla pandemia\"}]},{\"@type\":\"WebSite\",\"@id\":\"https:\\\/\\\/www.monaco-tribune.com\\\/it\\\/#website\",\"url\":\"https:\\\/\\\/www.monaco-tribune.com\\\/it\\\/\",\"name\":\"Monaco Tribune\",\"description\":\"Monaco : actualit\u00e9s \u00e9conomiques, politiques, culturelles et sportives de Monaco et de la French Riviera.\",\"publisher\":{\"@id\":\"https:\\\/\\\/www.monaco-tribune.com\\\/it\\\/#organization\"},\"potentialAction\":[{\"@type\":\"SearchAction\",\"target\":{\"@type\":\"EntryPoint\",\"urlTemplate\":\"https:\\\/\\\/www.monaco-tribune.com\\\/it\\\/?s={search_term_string}\"},\"query-input\":{\"@type\":\"PropertyValueSpecification\",\"valueRequired\":true,\"valueName\":\"search_term_string\"}}],\"inLanguage\":\"it-IT\"},{\"@type\":\"Organization\",\"@id\":\"https:\\\/\\\/www.monaco-tribune.com\\\/it\\\/#organization\",\"name\":\"Monaco Tribune\",\"url\":\"https:\\\/\\\/www.monaco-tribune.com\\\/it\\\/\",\"logo\":{\"@type\":\"ImageObject\",\"inLanguage\":\"it-IT\",\"@id\":\"https:\\\/\\\/www.monaco-tribune.com\\\/it\\\/#\\\/schema\\\/logo\\\/image\\\/\",\"url\":\"https:\\\/\\\/www.monaco-tribune.com\\\/wp-content\\\/uploads\\\/2022\\\/11\\\/logo-monaco-tribune.png\",\"contentUrl\":\"https:\\\/\\\/www.monaco-tribune.com\\\/wp-content\\\/uploads\\\/2022\\\/11\\\/logo-monaco-tribune.png\",\"width\":1548,\"height\":600,\"caption\":\"Monaco Tribune\"},\"image\":{\"@id\":\"https:\\\/\\\/www.monaco-tribune.com\\\/it\\\/#\\\/schema\\\/logo\\\/image\\\/\"},\"sameAs\":[\"https:\\\/\\\/www.facebook.com\\\/MonacoTribune\",\"https:\\\/\\\/x.com\\\/MonacoTribune\",\"https:\\\/\\\/www.instagram.com\\\/monacotribune\\\/\",\"https:\\\/\\\/www.linkedin.com\\\/company\\\/monaco-tribune\",\"https:\\\/\\\/www.youtube.com\\\/channel\\\/UCHle1MnG6hw1y4lWKijVbMA\"]},{\"@type\":\"Person\",\"@id\":\"https:\\\/\\\/www.monaco-tribune.com\\\/it\\\/#\\\/schema\\\/person\\\/f3fb6c9a54379932b480c54b19592619\",\"name\":\"Jessica Rollero\",\"image\":{\"@type\":\"ImageObject\",\"inLanguage\":\"it-IT\",\"@id\":\"https:\\\/\\\/secure.gravatar.com\\\/avatar\\\/802ccec9d99e687e94362a448b286a124a417b91c755bf9ece7060d33952195d?s=96&d=mm&r=g\",\"url\":\"https:\\\/\\\/secure.gravatar.com\\\/avatar\\\/802ccec9d99e687e94362a448b286a124a417b91c755bf9ece7060d33952195d?s=96&d=mm&r=g\",\"contentUrl\":\"https:\\\/\\\/secure.gravatar.com\\\/avatar\\\/802ccec9d99e687e94362a448b286a124a417b91c755bf9ece7060d33952195d?s=96&d=mm&r=g\",\"caption\":\"Jessica Rollero\"},\"url\":\"https:\\\/\\\/www.monaco-tribune.com\\\/it\\\/author\\\/jessica-rollero\\\/\"}]}<\/script>\n<!-- \/ Yoast SEO Premium plugin. -->","yoast_head_json":{"title":"Le istituzioni culturali monegasche si adattano alla pandemia","description":"Di fronte alla pandemia del Covid-19 cos\u00ec come alla quarantena avviata il 16 marzo scorso, le istituzioni culturali monegasche, come ogni luogo pubblico,","robots":{"index":"index","follow":"follow","max-snippet":"max-snippet:-1","max-image-preview":"max-image-preview:large","max-video-preview":"max-video-preview:-1"},"canonical":"https:\/\/www.monaco-tribune.com\/it\/2020\/05\/le-istituzioni-culturali-monegasche-si-adattano-alla-pandemia\/","og_locale":"it_IT","og_type":"article","og_title":"Le istituzioni culturali monegasche si adattano alla pandemia - Monaco Tribune","og_description":"Di fronte alla pandemia del Covid-19 cos\u00ec come alla quarantena avviata il 16 marzo scorso, le istituzioni culturali monegasche, come ogni luogo pubblico,","og_url":"https:\/\/www.monaco-tribune.com\/it\/2020\/05\/le-istituzioni-culturali-monegasche-si-adattano-alla-pandemia\/","og_site_name":"Monaco Tribune","article_publisher":"https:\/\/www.facebook.com\/MonacoTribune","article_published_time":"2020-05-04T09:10:26+00:00","article_modified_time":"2020-05-04T09:19:07+00:00","og_image":[{"width":1920,"height":1278,"url":"https:\/\/www.monaco-tribune.com\/wp-content\/uploads\/2020\/04\/caroline-hernandez-yl1wEVqEY8k-unsplash.jpg","type":"image\/jpeg"}],"author":"Jessica Rollero","twitter_card":"summary_large_image","twitter_creator":"@MonacoTribune","twitter_site":"@MonacoTribune","schema":{"@context":"https:\/\/schema.org","@graph":[{"@type":"NewsArticle","@id":"https:\/\/www.monaco-tribune.com\/it\/2020\/05\/le-istituzioni-culturali-monegasche-si-adattano-alla-pandemia\/#article","isPartOf":{"@id":"https:\/\/www.monaco-tribune.com\/it\/2020\/05\/le-istituzioni-culturali-monegasche-si-adattano-alla-pandemia\/"},"author":{"name":"Jessica Rollero","@id":"https:\/\/www.monaco-tribune.com\/it\/#\/schema\/person\/f3fb6c9a54379932b480c54b19592619"},"headline":"Le istituzioni culturali monegasche si adattano alla pandemia","datePublished":"2020-05-04T09:10:26+00:00","dateModified":"2020-05-04T09:19:07+00:00","mainEntityOfPage":{"@id":"https:\/\/www.monaco-tribune.com\/it\/2020\/05\/le-istituzioni-culturali-monegasche-si-adattano-alla-pandemia\/"},"wordCount":979,"publisher":{"@id":"https:\/\/www.monaco-tribune.com\/it\/#organization"},"image":{"@id":"https:\/\/www.monaco-tribune.com\/it\/2020\/05\/le-istituzioni-culturali-monegasche-si-adattano-alla-pandemia\/#primaryimage"},"thumbnailUrl":"https:\/\/www.monaco-tribune.com\/wp-content\/uploads\/2020\/04\/caroline-hernandez-yl1wEVqEY8k-unsplash.jpg","keywords":["Covid-19"],"articleSection":["Notizie","Societ\u00e0"],"inLanguage":"it-IT","copyrightYear":"2020","copyrightHolder":{"@id":"https:\/\/www.monaco-tribune.com\/#organization"}},{"@type":"WebPage","@id":"https:\/\/www.monaco-tribune.com\/it\/2020\/05\/le-istituzioni-culturali-monegasche-si-adattano-alla-pandemia\/","url":"https:\/\/www.monaco-tribune.com\/it\/2020\/05\/le-istituzioni-culturali-monegasche-si-adattano-alla-pandemia\/","name":"Le istituzioni culturali monegasche si adattano alla pandemia","isPartOf":{"@id":"https:\/\/www.monaco-tribune.com\/it\/#website"},"primaryImageOfPage":{"@id":"https:\/\/www.monaco-tribune.com\/it\/2020\/05\/le-istituzioni-culturali-monegasche-si-adattano-alla-pandemia\/#primaryimage"},"image":{"@id":"https:\/\/www.monaco-tribune.com\/it\/2020\/05\/le-istituzioni-culturali-monegasche-si-adattano-alla-pandemia\/#primaryimage"},"thumbnailUrl":"https:\/\/www.monaco-tribune.com\/wp-content\/uploads\/2020\/04\/caroline-hernandez-yl1wEVqEY8k-unsplash.jpg","datePublished":"2020-05-04T09:10:26+00:00","dateModified":"2020-05-04T09:19:07+00:00","description":"Di fronte alla pandemia del Covid-19 cos\u00ec come alla quarantena avviata il 16 marzo scorso, le istituzioni culturali monegasche, come ogni luogo pubblico,","breadcrumb":{"@id":"https:\/\/www.monaco-tribune.com\/it\/2020\/05\/le-istituzioni-culturali-monegasche-si-adattano-alla-pandemia\/#breadcrumb"},"inLanguage":"it-IT","potentialAction":[{"@type":"ReadAction","target":["https:\/\/www.monaco-tribune.com\/it\/2020\/05\/le-istituzioni-culturali-monegasche-si-adattano-alla-pandemia\/"]}]},{"@type":"ImageObject","inLanguage":"it-IT","@id":"https:\/\/www.monaco-tribune.com\/it\/2020\/05\/le-istituzioni-culturali-monegasche-si-adattano-alla-pandemia\/#primaryimage","url":"https:\/\/www.monaco-tribune.com\/wp-content\/uploads\/2020\/04\/caroline-hernandez-yl1wEVqEY8k-unsplash.jpg","contentUrl":"https:\/\/www.monaco-tribune.com\/wp-content\/uploads\/2020\/04\/caroline-hernandez-yl1wEVqEY8k-unsplash.jpg","width":1920,"height":1278,"caption":"Caroline Hernandez \/ Unsplash"},{"@type":"BreadcrumbList","@id":"https:\/\/www.monaco-tribune.com\/it\/2020\/05\/le-istituzioni-culturali-monegasche-si-adattano-alla-pandemia\/#breadcrumb","itemListElement":[{"@type":"ListItem","position":1,"name":"Accueil","item":"https:\/\/www.monaco-tribune.com\/it\/"},{"@type":"ListItem","position":2,"name":"Le istituzioni culturali monegasche si adattano alla pandemia"}]},{"@type":"WebSite","@id":"https:\/\/www.monaco-tribune.com\/it\/#website","url":"https:\/\/www.monaco-tribune.com\/it\/","name":"Monaco Tribune","description":"Monaco : actualit\u00e9s \u00e9conomiques, politiques, culturelles et sportives de Monaco et de la French Riviera.","publisher":{"@id":"https:\/\/www.monaco-tribune.com\/it\/#organization"},"potentialAction":[{"@type":"SearchAction","target":{"@type":"EntryPoint","urlTemplate":"https:\/\/www.monaco-tribune.com\/it\/?s={search_term_string}"},"query-input":{"@type":"PropertyValueSpecification","valueRequired":true,"valueName":"search_term_string"}}],"inLanguage":"it-IT"},{"@type":"Organization","@id":"https:\/\/www.monaco-tribune.com\/it\/#organization","name":"Monaco Tribune","url":"https:\/\/www.monaco-tribune.com\/it\/","logo":{"@type":"ImageObject","inLanguage":"it-IT","@id":"https:\/\/www.monaco-tribune.com\/it\/#\/schema\/logo\/image\/","url":"https:\/\/www.monaco-tribune.com\/wp-content\/uploads\/2022\/11\/logo-monaco-tribune.png","contentUrl":"https:\/\/www.monaco-tribune.com\/wp-content\/uploads\/2022\/11\/logo-monaco-tribune.png","width":1548,"height":600,"caption":"Monaco Tribune"},"image":{"@id":"https:\/\/www.monaco-tribune.com\/it\/#\/schema\/logo\/image\/"},"sameAs":["https:\/\/www.facebook.com\/MonacoTribune","https:\/\/x.com\/MonacoTribune","https:\/\/www.instagram.com\/monacotribune\/","https:\/\/www.linkedin.com\/company\/monaco-tribune","https:\/\/www.youtube.com\/channel\/UCHle1MnG6hw1y4lWKijVbMA"]},{"@type":"Person","@id":"https:\/\/www.monaco-tribune.com\/it\/#\/schema\/person\/f3fb6c9a54379932b480c54b19592619","name":"Jessica Rollero","image":{"@type":"ImageObject","inLanguage":"it-IT","@id":"https:\/\/secure.gravatar.com\/avatar\/802ccec9d99e687e94362a448b286a124a417b91c755bf9ece7060d33952195d?s=96&d=mm&r=g","url":"https:\/\/secure.gravatar.com\/avatar\/802ccec9d99e687e94362a448b286a124a417b91c755bf9ece7060d33952195d?s=96&d=mm&r=g","contentUrl":"https:\/\/secure.gravatar.com\/avatar\/802ccec9d99e687e94362a448b286a124a417b91c755bf9ece7060d33952195d?s=96&d=mm&r=g","caption":"Jessica Rollero"},"url":"https:\/\/www.monaco-tribune.com\/it\/author\/jessica-rollero\/"}]}},"_links":{"self":[{"href":"https:\/\/www.monaco-tribune.com\/it\/wp-json\/wp\/v2\/posts\/27018","targetHints":{"allow":["GET"]}}],"collection":[{"href":"https:\/\/www.monaco-tribune.com\/it\/wp-json\/wp\/v2\/posts"}],"about":[{"href":"https:\/\/www.monaco-tribune.com\/it\/wp-json\/wp\/v2\/types\/post"}],"author":[{"embeddable":true,"href":"https:\/\/www.monaco-tribune.com\/it\/wp-json\/wp\/v2\/users\/31"}],"replies":[{"embeddable":true,"href":"https:\/\/www.monaco-tribune.com\/it\/wp-json\/wp\/v2\/comments?post=27018"}],"version-history":[{"count":0,"href":"https:\/\/www.monaco-tribune.com\/it\/wp-json\/wp\/v2\/posts\/27018\/revisions"}],"wp:featuredmedia":[{"embeddable":true,"href":"https:\/\/www.monaco-tribune.com\/it\/wp-json\/wp\/v2\/media\/26765"}],"wp:attachment":[{"href":"https:\/\/www.monaco-tribune.com\/it\/wp-json\/wp\/v2\/media?parent=27018"}],"wp:term":[{"taxonomy":"category","embeddable":true,"href":"https:\/\/www.monaco-tribune.com\/it\/wp-json\/wp\/v2\/categories?post=27018"},{"taxonomy":"post_tag","embeddable":true,"href":"https:\/\/www.monaco-tribune.com\/it\/wp-json\/wp\/v2\/tags?post=27018"},{"taxonomy":"sectag","embeddable":true,"href":"https:\/\/www.monaco-tribune.com\/it\/wp-json\/wp\/v2\/post_sectags?post=27018"},{"taxonomy":"format","embeddable":true,"href":"https:\/\/www.monaco-tribune.com\/it\/wp-json\/wp\/v2\/post_format?post=27018"}],"curies":[{"name":"wp","href":"https:\/\/api.w.org\/{rel}","templated":true}]}}