{"id":270459,"date":"2025-01-08T19:21:37","date_gmt":"2025-01-08T17:21:37","guid":{"rendered":"https:\/\/www.monaco-tribune.com\/2025\/01\/the-prince-of-venice-il-secondo-ristorante-di-emanuele-filiberto-di-savoia-apre-a-monaco\/"},"modified":"2025-01-08T19:21:41","modified_gmt":"2025-01-08T17:21:41","slug":"the-prince-of-venice-il-secondo-ristorante-di-emanuele-filiberto-di-savoia-apre-a-monaco","status":"publish","type":"post","link":"https:\/\/www.monaco-tribune.com\/it\/2025\/01\/the-prince-of-venice-il-secondo-ristorante-di-emanuele-filiberto-di-savoia-apre-a-monaco\/","title":{"rendered":"&#8220;The Prince of Venice&#8221;, il secondo ristorante di Emanuele Filiberto di Savoia apre a Monaco"},"content":{"rendered":"\n<p><strong>Ecco tutto quello che c&#8217;\u00e8 da sapere sul nuovo ristorante del principe Emanuele Filiberto.<\/strong><\/p>\n\n<p>Gi\u00e0 proprietario di un food truck e di un ristorante italiano chiamato &#8220;The Prince of Venice&#8221; a Los Angeles dal 2020, Emanuele Filiberto di Savoia prosegue la sua avventura culinaria a Monaco.<\/p>\n\n<p>\u00c8 sul suo profilo Instagram che il principe ha annunciato l&#8217;apertura del nuovo locale monegasco. &#8220;Pinsa o pasta? Se non riuscite a scegliere dovrete provarle entrambe. Prossima apertura a Monaco. Saty tuned, presto asporto e consegne a domicilio!&#8221; scrive il marito di Clotilde Courau sotto al suo post.<\/p>\n<blockquote class=\"instagram-media\" data-instgrm-permalink=\"https:\/\/www.instagram.com\/p\/DEcwfjlo5Mb\/?utm_source=ig_embed&amp;utm_campaign=loading\" data-instgrm-version=\"14\" style=\"background:#FFF;border:0;border-radius:3px;margin: 1px;max-width:540px;min-width:326px;padding:0;width:99.375%;width:-webkit-calc(100% - 2px);width:calc(100% - 2px)\">\n<div style=\"padding:16px\"> <a href=\"https:\/\/www.instagram.com\/p\/DEcwfjlo5Mb\/?utm_source=ig_embed&amp;utm_campaign=loading\" style=\"background:#FFFFFF;line-height:0;padding:0 0;text-align:center;text-decoration:none;width:100%\" target=\"_blank\"> <\/p>\n<div style=\"display: flex;flex-direction: row;align-items: center\">\n<div style=\"background-color: #F4F4F4;border-radius: 50%;flex-grow: 0;height: 40px;margin-right: 14px;width: 40px\"><\/div>\n<div style=\"display: flex;flex-direction: column;flex-grow: 1;justify-content: center\">\n<div style=\"background-color: #F4F4F4;border-radius: 4px;flex-grow: 0;height: 14px;margin-bottom: 6px;width: 100px\"><\/div>\n<div style=\"background-color: #F4F4F4;border-radius: 4px;flex-grow: 0;height: 14px;width: 60px\"><\/div>\n<\/div>\n<\/div>\n<div style=\"padding: 19% 0\"><\/div>\n<div style=\"display:block;height:50px;margin:0 auto 12px;width:50px\"><\/div>\n<div style=\"padding-top: 8px\">\n<div style=\"color:#3897f0;font-family:Arial,sans-serif;font-size:14px;font-style:normal;font-weight:550;line-height:18px\">Voir cette publication sur Instagram<\/div>\n<\/div>\n<div style=\"padding: 12.5% 0\"><\/div>\n<div style=\"display: flex;flex-direction: row;margin-bottom: 14px;align-items: center\">\n<div>\n<div style=\"background-color: #F4F4F4;border-radius: 50%;height: 12.5px;width: 12.5px\"><\/div>\n<div style=\"background-color: #F4F4F4;height: 12.5px;width: 12.5px;flex-grow: 0;margin-right: 14px;margin-left: 2px\"><\/div>\n<div style=\"background-color: #F4F4F4;border-radius: 50%;height: 12.5px;width: 12.5px\"><\/div>\n<\/div>\n<div style=\"margin-left: 8px\">\n<div style=\"background-color: #F4F4F4;border-radius: 50%;flex-grow: 0;height: 20px;width: 20px\"><\/div>\n<div style=\"width: 0;height: 0;border-top: 2px solid transparent;border-left: 6px solid #f4f4f4;border-bottom: 2px solid transparent\"><\/div>\n<\/div>\n<div style=\"margin-left: auto\">\n<div style=\"width: 0px;border-top: 8px solid #F4F4F4;border-right: 8px solid transparent\"><\/div>\n<div style=\"background-color: #F4F4F4;flex-grow: 0;height: 12px;width: 16px\"><\/div>\n<div style=\"width: 0;height: 0;border-top: 8px solid #F4F4F4;border-left: 8px solid transparent\"><\/div>\n<\/div>\n<\/div>\n<div style=\"display: flex;flex-direction: column;flex-grow: 1;justify-content: center;margin-bottom: 24px\">\n<div style=\"background-color: #F4F4F4;border-radius: 4px;flex-grow: 0;height: 14px;margin-bottom: 6px;width: 224px\"><\/div>\n<div style=\"background-color: #F4F4F4;border-radius: 4px;flex-grow: 0;height: 14px;width: 144px\"><\/div>\n<\/div>\n<p><\/a><\/p>\n<p style=\"color:#c9c8cd;font-family:Arial,sans-serif;font-size:14px;line-height:17px;margin-bottom:0;margin-top:8px;overflow:hidden;padding:8px 0 7px;text-align:center\"><a href=\"https:\/\/www.instagram.com\/p\/DEcwfjlo5Mb\/?utm_source=ig_embed&amp;utm_campaign=loading\" style=\"color:#c9c8cd;font-family:Arial,sans-serif;font-size:14px;font-style:normal;font-weight:normal;line-height:17px;text-decoration:none\" target=\"_blank\">Une publication partag\u00e9e par Prince of Venice Monaco (@princeofvenicemonaco)<\/a><\/p>\n<\/div>\n<\/blockquote>\n\n<p>Il ristorante proporr\u00e0 pizze romane, arancini, dessert e chiaramente piatti di pasta. Anche se la data di apertura non \u00e8 ancora stata svelata, l&#8217;indirizzo non \u00e8 pi\u00f9 un segreto. Monegaschi e residenti potranno gustare le specialit\u00e0 italiane del Duca di Savoia al numero 39 del Boulevard du Jardin Exotique. Un progetto che promette di deliziare anche i palati pi\u00f9 fini!<\/p>\n\n<p class=\"related\"><a href=\"https:\/\/www.monaco-tribune.com\/it\/2024\/01\/le-migliori-cantine-a-monaco-ecco-quali-sono\/\">Le migliori cantine a Monaco? Ecco quali sono<\/a><\/p>\n","protected":false},"excerpt":{"rendered":"<p>Ecco tutto quello che c&#8217;\u00e8 da sapere sul nuovo ristorante del principe Emanuele Filiberto. Gi\u00e0 proprietario di un food truck [&hellip;]<\/p>\n","protected":false},"author":47,"featured_media":270326,"comment_status":"closed","ping_status":"closed","sticky":false,"template":"","format":"standard","meta":{"_acf_changed":false,"footnotes":""},"categories":[1740,1738],"tags":[2872],"post_sectags":[],"post_format":[2478],"class_list":["post-270459","post","type-post","status-publish","format-standard","has-post-thumbnail","hentry","category-cosa-fare","category-notizie","tag-gastronomia","format-notizia"],"acf":[],"yoast_head":"<!-- This site is optimized with the Yoast SEO Premium plugin v26.8 (Yoast SEO v27.5) - https:\/\/yoast.com\/product\/yoast-seo-premium-wordpress\/ -->\n<title>&quot;The Prince of Venice&quot;, il secondo ristorante di Emanuele Filiberto di Savoia apre a Monaco<\/title>\n<meta name=\"description\" content=\"Ecco tutto quello che c&#039;\u00e8 da sapere sul nuovo ristorante del principe Emanuele Filiberto. Gi\u00e0 proprietario di un food truck e di un ristorante italiano\" \/>\n<meta name=\"robots\" content=\"index, follow, max-snippet:-1, max-image-preview:large, max-video-preview:-1\" \/>\n<link rel=\"canonical\" href=\"https:\/\/www.monaco-tribune.com\/it\/2025\/01\/the-prince-of-venice-il-secondo-ristorante-di-emanuele-filiberto-di-savoia-apre-a-monaco\/\" \/>\n<meta property=\"og:locale\" content=\"it_IT\" \/>\n<meta property=\"og:type\" content=\"article\" \/>\n<meta property=\"og:title\" content=\"&quot;The Prince of Venice&quot;, il secondo ristorante di Emanuele Filiberto di Savoia apre a Monaco - Monaco Tribune\" \/>\n<meta property=\"og:description\" content=\"Ecco tutto quello che c&#039;\u00e8 da sapere sul nuovo ristorante del principe Emanuele Filiberto. Gi\u00e0 proprietario di un food truck e di un ristorante italiano\" \/>\n<meta property=\"og:url\" content=\"https:\/\/www.monaco-tribune.com\/it\/2025\/01\/the-prince-of-venice-il-secondo-ristorante-di-emanuele-filiberto-di-savoia-apre-a-monaco\/\" \/>\n<meta property=\"og:site_name\" content=\"Monaco Tribune\" \/>\n<meta property=\"article:publisher\" content=\"https:\/\/www.facebook.com\/MonacoTribune\" \/>\n<meta property=\"article:published_time\" content=\"2025-01-08T17:21:37+00:00\" \/>\n<meta property=\"article:modified_time\" content=\"2025-01-08T17:21:41+00:00\" \/>\n<meta property=\"og:image\" content=\"https:\/\/www.monaco-tribune.com\/wp-content\/uploads\/2025\/01\/prince-of-venice.jpg\" \/>\n\t<meta property=\"og:image:width\" content=\"1200\" \/>\n\t<meta property=\"og:image:height\" content=\"676\" \/>\n\t<meta property=\"og:image:type\" content=\"image\/jpeg\" \/>\n<meta name=\"author\" content=\"Agathe Ch\u00e9reau\" \/>\n<meta name=\"twitter:card\" content=\"summary_large_image\" \/>\n<meta name=\"twitter:creator\" content=\"@MonacoTribune\" \/>\n<meta name=\"twitter:site\" content=\"@MonacoTribune\" \/>\n<script type=\"application\/ld+json\" class=\"yoast-schema-graph\">{\"@context\":\"https:\\\/\\\/schema.org\",\"@graph\":[{\"@type\":\"NewsArticle\",\"@id\":\"https:\\\/\\\/www.monaco-tribune.com\\\/it\\\/2025\\\/01\\\/the-prince-of-venice-il-secondo-ristorante-di-emanuele-filiberto-di-savoia-apre-a-monaco\\\/#article\",\"isPartOf\":{\"@id\":\"https:\\\/\\\/www.monaco-tribune.com\\\/it\\\/2025\\\/01\\\/the-prince-of-venice-il-secondo-ristorante-di-emanuele-filiberto-di-savoia-apre-a-monaco\\\/\"},\"author\":{\"name\":\"Agathe Ch\u00e9reau\",\"@id\":\"https:\\\/\\\/www.monaco-tribune.com\\\/it\\\/#\\\/schema\\\/person\\\/fba2f8d5a098d473c92e84cc43a8f730\"},\"headline\":\"&#8220;The Prince of Venice&#8221;, il secondo ristorante di Emanuele Filiberto di Savoia apre a Monaco\",\"datePublished\":\"2025-01-08T17:21:37+00:00\",\"dateModified\":\"2025-01-08T17:21:41+00:00\",\"mainEntityOfPage\":{\"@id\":\"https:\\\/\\\/www.monaco-tribune.com\\\/it\\\/2025\\\/01\\\/the-prince-of-venice-il-secondo-ristorante-di-emanuele-filiberto-di-savoia-apre-a-monaco\\\/\"},\"wordCount\":189,\"publisher\":{\"@id\":\"https:\\\/\\\/www.monaco-tribune.com\\\/it\\\/#organization\"},\"image\":{\"@id\":\"https:\\\/\\\/www.monaco-tribune.com\\\/it\\\/2025\\\/01\\\/the-prince-of-venice-il-secondo-ristorante-di-emanuele-filiberto-di-savoia-apre-a-monaco\\\/#primaryimage\"},\"thumbnailUrl\":\"https:\\\/\\\/www.monaco-tribune.com\\\/wp-content\\\/uploads\\\/2025\\\/01\\\/prince-of-venice.jpg\",\"keywords\":[\"Gastronomia\"],\"articleSection\":[\"Cosa fare\",\"Notizie\"],\"inLanguage\":\"it-IT\",\"copyrightYear\":\"2025\",\"copyrightHolder\":{\"@id\":\"https:\\\/\\\/www.monaco-tribune.com\\\/#organization\"}},{\"@type\":\"WebPage\",\"@id\":\"https:\\\/\\\/www.monaco-tribune.com\\\/it\\\/2025\\\/01\\\/the-prince-of-venice-il-secondo-ristorante-di-emanuele-filiberto-di-savoia-apre-a-monaco\\\/\",\"url\":\"https:\\\/\\\/www.monaco-tribune.com\\\/it\\\/2025\\\/01\\\/the-prince-of-venice-il-secondo-ristorante-di-emanuele-filiberto-di-savoia-apre-a-monaco\\\/\",\"name\":\"\\\"The Prince of Venice\\\", il secondo ristorante di Emanuele Filiberto di Savoia apre a Monaco\",\"isPartOf\":{\"@id\":\"https:\\\/\\\/www.monaco-tribune.com\\\/it\\\/#website\"},\"primaryImageOfPage\":{\"@id\":\"https:\\\/\\\/www.monaco-tribune.com\\\/it\\\/2025\\\/01\\\/the-prince-of-venice-il-secondo-ristorante-di-emanuele-filiberto-di-savoia-apre-a-monaco\\\/#primaryimage\"},\"image\":{\"@id\":\"https:\\\/\\\/www.monaco-tribune.com\\\/it\\\/2025\\\/01\\\/the-prince-of-venice-il-secondo-ristorante-di-emanuele-filiberto-di-savoia-apre-a-monaco\\\/#primaryimage\"},\"thumbnailUrl\":\"https:\\\/\\\/www.monaco-tribune.com\\\/wp-content\\\/uploads\\\/2025\\\/01\\\/prince-of-venice.jpg\",\"datePublished\":\"2025-01-08T17:21:37+00:00\",\"dateModified\":\"2025-01-08T17:21:41+00:00\",\"description\":\"Ecco tutto quello che c'\u00e8 da sapere sul nuovo ristorante del principe Emanuele Filiberto. Gi\u00e0 proprietario di un food truck e di un ristorante italiano\",\"breadcrumb\":{\"@id\":\"https:\\\/\\\/www.monaco-tribune.com\\\/it\\\/2025\\\/01\\\/the-prince-of-venice-il-secondo-ristorante-di-emanuele-filiberto-di-savoia-apre-a-monaco\\\/#breadcrumb\"},\"inLanguage\":\"it-IT\",\"potentialAction\":[{\"@type\":\"ReadAction\",\"target\":[\"https:\\\/\\\/www.monaco-tribune.com\\\/it\\\/2025\\\/01\\\/the-prince-of-venice-il-secondo-ristorante-di-emanuele-filiberto-di-savoia-apre-a-monaco\\\/\"]}]},{\"@type\":\"ImageObject\",\"inLanguage\":\"it-IT\",\"@id\":\"https:\\\/\\\/www.monaco-tribune.com\\\/it\\\/2025\\\/01\\\/the-prince-of-venice-il-secondo-ristorante-di-emanuele-filiberto-di-savoia-apre-a-monaco\\\/#primaryimage\",\"url\":\"https:\\\/\\\/www.monaco-tribune.com\\\/wp-content\\\/uploads\\\/2025\\\/01\\\/prince-of-venice.jpg\",\"contentUrl\":\"https:\\\/\\\/www.monaco-tribune.com\\\/wp-content\\\/uploads\\\/2025\\\/01\\\/prince-of-venice.jpg\",\"width\":1200,\"height\":676,\"caption\":\"Emanuele Filiberto di Savoia non \u00e8 solo un principe, ma anche un ristoratore, produttore, presentatore, ecc. \u00a9 Prince of Venice\"},{\"@type\":\"BreadcrumbList\",\"@id\":\"https:\\\/\\\/www.monaco-tribune.com\\\/it\\\/2025\\\/01\\\/the-prince-of-venice-il-secondo-ristorante-di-emanuele-filiberto-di-savoia-apre-a-monaco\\\/#breadcrumb\",\"itemListElement\":[{\"@type\":\"ListItem\",\"position\":1,\"name\":\"Accueil\",\"item\":\"https:\\\/\\\/www.monaco-tribune.com\\\/it\\\/\"},{\"@type\":\"ListItem\",\"position\":2,\"name\":\"&#8220;The Prince of Venice&#8221;, il secondo ristorante di Emanuele Filiberto di Savoia apre a Monaco\"}]},{\"@type\":\"WebSite\",\"@id\":\"https:\\\/\\\/www.monaco-tribune.com\\\/it\\\/#website\",\"url\":\"https:\\\/\\\/www.monaco-tribune.com\\\/it\\\/\",\"name\":\"Monaco Tribune\",\"description\":\"Monaco : actualit\u00e9s \u00e9conomiques, politiques, culturelles et sportives de Monaco et de la French Riviera.\",\"publisher\":{\"@id\":\"https:\\\/\\\/www.monaco-tribune.com\\\/it\\\/#organization\"},\"potentialAction\":[{\"@type\":\"SearchAction\",\"target\":{\"@type\":\"EntryPoint\",\"urlTemplate\":\"https:\\\/\\\/www.monaco-tribune.com\\\/it\\\/?s={search_term_string}\"},\"query-input\":{\"@type\":\"PropertyValueSpecification\",\"valueRequired\":true,\"valueName\":\"search_term_string\"}}],\"inLanguage\":\"it-IT\"},{\"@type\":\"Organization\",\"@id\":\"https:\\\/\\\/www.monaco-tribune.com\\\/it\\\/#organization\",\"name\":\"Monaco Tribune\",\"url\":\"https:\\\/\\\/www.monaco-tribune.com\\\/it\\\/\",\"logo\":{\"@type\":\"ImageObject\",\"inLanguage\":\"it-IT\",\"@id\":\"https:\\\/\\\/www.monaco-tribune.com\\\/it\\\/#\\\/schema\\\/logo\\\/image\\\/\",\"url\":\"https:\\\/\\\/www.monaco-tribune.com\\\/wp-content\\\/uploads\\\/2022\\\/11\\\/logo-monaco-tribune.png\",\"contentUrl\":\"https:\\\/\\\/www.monaco-tribune.com\\\/wp-content\\\/uploads\\\/2022\\\/11\\\/logo-monaco-tribune.png\",\"width\":1548,\"height\":600,\"caption\":\"Monaco Tribune\"},\"image\":{\"@id\":\"https:\\\/\\\/www.monaco-tribune.com\\\/it\\\/#\\\/schema\\\/logo\\\/image\\\/\"},\"sameAs\":[\"https:\\\/\\\/www.facebook.com\\\/MonacoTribune\",\"https:\\\/\\\/x.com\\\/MonacoTribune\",\"https:\\\/\\\/www.instagram.com\\\/monacotribune\\\/\",\"https:\\\/\\\/www.linkedin.com\\\/company\\\/monaco-tribune\",\"https:\\\/\\\/www.youtube.com\\\/channel\\\/UCHle1MnG6hw1y4lWKijVbMA\"]},{\"@type\":\"Person\",\"@id\":\"https:\\\/\\\/www.monaco-tribune.com\\\/it\\\/#\\\/schema\\\/person\\\/fba2f8d5a098d473c92e84cc43a8f730\",\"name\":\"Agathe Ch\u00e9reau\",\"image\":{\"@type\":\"ImageObject\",\"inLanguage\":\"it-IT\",\"@id\":\"https:\\\/\\\/secure.gravatar.com\\\/avatar\\\/884b20ed9d4430c24d77a3ad560b1c21da67bd6992531a1971822779f9988ea5?s=96&d=mm&r=g\",\"url\":\"https:\\\/\\\/secure.gravatar.com\\\/avatar\\\/884b20ed9d4430c24d77a3ad560b1c21da67bd6992531a1971822779f9988ea5?s=96&d=mm&r=g\",\"contentUrl\":\"https:\\\/\\\/secure.gravatar.com\\\/avatar\\\/884b20ed9d4430c24d77a3ad560b1c21da67bd6992531a1971822779f9988ea5?s=96&d=mm&r=g\",\"caption\":\"Agathe Ch\u00e9reau\"},\"url\":\"https:\\\/\\\/www.monaco-tribune.com\\\/it\\\/author\\\/agathechereau\\\/\"}]}<\/script>\n<!-- \/ Yoast SEO Premium plugin. -->","yoast_head_json":{"title":"\"The Prince of Venice\", il secondo ristorante di Emanuele Filiberto di Savoia apre a Monaco","description":"Ecco tutto quello che c'\u00e8 da sapere sul nuovo ristorante del principe Emanuele Filiberto. Gi\u00e0 proprietario di un food truck e di un ristorante italiano","robots":{"index":"index","follow":"follow","max-snippet":"max-snippet:-1","max-image-preview":"max-image-preview:large","max-video-preview":"max-video-preview:-1"},"canonical":"https:\/\/www.monaco-tribune.com\/it\/2025\/01\/the-prince-of-venice-il-secondo-ristorante-di-emanuele-filiberto-di-savoia-apre-a-monaco\/","og_locale":"it_IT","og_type":"article","og_title":"\"The Prince of Venice\", il secondo ristorante di Emanuele Filiberto di Savoia apre a Monaco - Monaco Tribune","og_description":"Ecco tutto quello che c'\u00e8 da sapere sul nuovo ristorante del principe Emanuele Filiberto. Gi\u00e0 proprietario di un food truck e di un ristorante italiano","og_url":"https:\/\/www.monaco-tribune.com\/it\/2025\/01\/the-prince-of-venice-il-secondo-ristorante-di-emanuele-filiberto-di-savoia-apre-a-monaco\/","og_site_name":"Monaco Tribune","article_publisher":"https:\/\/www.facebook.com\/MonacoTribune","article_published_time":"2025-01-08T17:21:37+00:00","article_modified_time":"2025-01-08T17:21:41+00:00","og_image":[{"width":1200,"height":676,"url":"https:\/\/www.monaco-tribune.com\/wp-content\/uploads\/2025\/01\/prince-of-venice.jpg","type":"image\/jpeg"}],"author":"Agathe Ch\u00e9reau","twitter_card":"summary_large_image","twitter_creator":"@MonacoTribune","twitter_site":"@MonacoTribune","schema":{"@context":"https:\/\/schema.org","@graph":[{"@type":"NewsArticle","@id":"https:\/\/www.monaco-tribune.com\/it\/2025\/01\/the-prince-of-venice-il-secondo-ristorante-di-emanuele-filiberto-di-savoia-apre-a-monaco\/#article","isPartOf":{"@id":"https:\/\/www.monaco-tribune.com\/it\/2025\/01\/the-prince-of-venice-il-secondo-ristorante-di-emanuele-filiberto-di-savoia-apre-a-monaco\/"},"author":{"name":"Agathe Ch\u00e9reau","@id":"https:\/\/www.monaco-tribune.com\/it\/#\/schema\/person\/fba2f8d5a098d473c92e84cc43a8f730"},"headline":"&#8220;The Prince of Venice&#8221;, il secondo ristorante di Emanuele Filiberto di Savoia apre a Monaco","datePublished":"2025-01-08T17:21:37+00:00","dateModified":"2025-01-08T17:21:41+00:00","mainEntityOfPage":{"@id":"https:\/\/www.monaco-tribune.com\/it\/2025\/01\/the-prince-of-venice-il-secondo-ristorante-di-emanuele-filiberto-di-savoia-apre-a-monaco\/"},"wordCount":189,"publisher":{"@id":"https:\/\/www.monaco-tribune.com\/it\/#organization"},"image":{"@id":"https:\/\/www.monaco-tribune.com\/it\/2025\/01\/the-prince-of-venice-il-secondo-ristorante-di-emanuele-filiberto-di-savoia-apre-a-monaco\/#primaryimage"},"thumbnailUrl":"https:\/\/www.monaco-tribune.com\/wp-content\/uploads\/2025\/01\/prince-of-venice.jpg","keywords":["Gastronomia"],"articleSection":["Cosa fare","Notizie"],"inLanguage":"it-IT","copyrightYear":"2025","copyrightHolder":{"@id":"https:\/\/www.monaco-tribune.com\/#organization"}},{"@type":"WebPage","@id":"https:\/\/www.monaco-tribune.com\/it\/2025\/01\/the-prince-of-venice-il-secondo-ristorante-di-emanuele-filiberto-di-savoia-apre-a-monaco\/","url":"https:\/\/www.monaco-tribune.com\/it\/2025\/01\/the-prince-of-venice-il-secondo-ristorante-di-emanuele-filiberto-di-savoia-apre-a-monaco\/","name":"\"The Prince of Venice\", il secondo ristorante di Emanuele Filiberto di Savoia apre a Monaco","isPartOf":{"@id":"https:\/\/www.monaco-tribune.com\/it\/#website"},"primaryImageOfPage":{"@id":"https:\/\/www.monaco-tribune.com\/it\/2025\/01\/the-prince-of-venice-il-secondo-ristorante-di-emanuele-filiberto-di-savoia-apre-a-monaco\/#primaryimage"},"image":{"@id":"https:\/\/www.monaco-tribune.com\/it\/2025\/01\/the-prince-of-venice-il-secondo-ristorante-di-emanuele-filiberto-di-savoia-apre-a-monaco\/#primaryimage"},"thumbnailUrl":"https:\/\/www.monaco-tribune.com\/wp-content\/uploads\/2025\/01\/prince-of-venice.jpg","datePublished":"2025-01-08T17:21:37+00:00","dateModified":"2025-01-08T17:21:41+00:00","description":"Ecco tutto quello che c'\u00e8 da sapere sul nuovo ristorante del principe Emanuele Filiberto. Gi\u00e0 proprietario di un food truck e di un ristorante italiano","breadcrumb":{"@id":"https:\/\/www.monaco-tribune.com\/it\/2025\/01\/the-prince-of-venice-il-secondo-ristorante-di-emanuele-filiberto-di-savoia-apre-a-monaco\/#breadcrumb"},"inLanguage":"it-IT","potentialAction":[{"@type":"ReadAction","target":["https:\/\/www.monaco-tribune.com\/it\/2025\/01\/the-prince-of-venice-il-secondo-ristorante-di-emanuele-filiberto-di-savoia-apre-a-monaco\/"]}]},{"@type":"ImageObject","inLanguage":"it-IT","@id":"https:\/\/www.monaco-tribune.com\/it\/2025\/01\/the-prince-of-venice-il-secondo-ristorante-di-emanuele-filiberto-di-savoia-apre-a-monaco\/#primaryimage","url":"https:\/\/www.monaco-tribune.com\/wp-content\/uploads\/2025\/01\/prince-of-venice.jpg","contentUrl":"https:\/\/www.monaco-tribune.com\/wp-content\/uploads\/2025\/01\/prince-of-venice.jpg","width":1200,"height":676,"caption":"Emanuele Filiberto di Savoia non \u00e8 solo un principe, ma anche un ristoratore, produttore, presentatore, ecc. \u00a9 Prince of Venice"},{"@type":"BreadcrumbList","@id":"https:\/\/www.monaco-tribune.com\/it\/2025\/01\/the-prince-of-venice-il-secondo-ristorante-di-emanuele-filiberto-di-savoia-apre-a-monaco\/#breadcrumb","itemListElement":[{"@type":"ListItem","position":1,"name":"Accueil","item":"https:\/\/www.monaco-tribune.com\/it\/"},{"@type":"ListItem","position":2,"name":"&#8220;The Prince of Venice&#8221;, il secondo ristorante di Emanuele Filiberto di Savoia apre a Monaco"}]},{"@type":"WebSite","@id":"https:\/\/www.monaco-tribune.com\/it\/#website","url":"https:\/\/www.monaco-tribune.com\/it\/","name":"Monaco Tribune","description":"Monaco : actualit\u00e9s \u00e9conomiques, politiques, culturelles et sportives de Monaco et de la French Riviera.","publisher":{"@id":"https:\/\/www.monaco-tribune.com\/it\/#organization"},"potentialAction":[{"@type":"SearchAction","target":{"@type":"EntryPoint","urlTemplate":"https:\/\/www.monaco-tribune.com\/it\/?s={search_term_string}"},"query-input":{"@type":"PropertyValueSpecification","valueRequired":true,"valueName":"search_term_string"}}],"inLanguage":"it-IT"},{"@type":"Organization","@id":"https:\/\/www.monaco-tribune.com\/it\/#organization","name":"Monaco Tribune","url":"https:\/\/www.monaco-tribune.com\/it\/","logo":{"@type":"ImageObject","inLanguage":"it-IT","@id":"https:\/\/www.monaco-tribune.com\/it\/#\/schema\/logo\/image\/","url":"https:\/\/www.monaco-tribune.com\/wp-content\/uploads\/2022\/11\/logo-monaco-tribune.png","contentUrl":"https:\/\/www.monaco-tribune.com\/wp-content\/uploads\/2022\/11\/logo-monaco-tribune.png","width":1548,"height":600,"caption":"Monaco Tribune"},"image":{"@id":"https:\/\/www.monaco-tribune.com\/it\/#\/schema\/logo\/image\/"},"sameAs":["https:\/\/www.facebook.com\/MonacoTribune","https:\/\/x.com\/MonacoTribune","https:\/\/www.instagram.com\/monacotribune\/","https:\/\/www.linkedin.com\/company\/monaco-tribune","https:\/\/www.youtube.com\/channel\/UCHle1MnG6hw1y4lWKijVbMA"]},{"@type":"Person","@id":"https:\/\/www.monaco-tribune.com\/it\/#\/schema\/person\/fba2f8d5a098d473c92e84cc43a8f730","name":"Agathe Ch\u00e9reau","image":{"@type":"ImageObject","inLanguage":"it-IT","@id":"https:\/\/secure.gravatar.com\/avatar\/884b20ed9d4430c24d77a3ad560b1c21da67bd6992531a1971822779f9988ea5?s=96&d=mm&r=g","url":"https:\/\/secure.gravatar.com\/avatar\/884b20ed9d4430c24d77a3ad560b1c21da67bd6992531a1971822779f9988ea5?s=96&d=mm&r=g","contentUrl":"https:\/\/secure.gravatar.com\/avatar\/884b20ed9d4430c24d77a3ad560b1c21da67bd6992531a1971822779f9988ea5?s=96&d=mm&r=g","caption":"Agathe Ch\u00e9reau"},"url":"https:\/\/www.monaco-tribune.com\/it\/author\/agathechereau\/"}]}},"_links":{"self":[{"href":"https:\/\/www.monaco-tribune.com\/it\/wp-json\/wp\/v2\/posts\/270459","targetHints":{"allow":["GET"]}}],"collection":[{"href":"https:\/\/www.monaco-tribune.com\/it\/wp-json\/wp\/v2\/posts"}],"about":[{"href":"https:\/\/www.monaco-tribune.com\/it\/wp-json\/wp\/v2\/types\/post"}],"author":[{"embeddable":true,"href":"https:\/\/www.monaco-tribune.com\/it\/wp-json\/wp\/v2\/users\/47"}],"replies":[{"embeddable":true,"href":"https:\/\/www.monaco-tribune.com\/it\/wp-json\/wp\/v2\/comments?post=270459"}],"version-history":[{"count":2,"href":"https:\/\/www.monaco-tribune.com\/it\/wp-json\/wp\/v2\/posts\/270459\/revisions"}],"predecessor-version":[{"id":270462,"href":"https:\/\/www.monaco-tribune.com\/it\/wp-json\/wp\/v2\/posts\/270459\/revisions\/270462"}],"wp:featuredmedia":[{"embeddable":true,"href":"https:\/\/www.monaco-tribune.com\/it\/wp-json\/wp\/v2\/media\/270326"}],"wp:attachment":[{"href":"https:\/\/www.monaco-tribune.com\/it\/wp-json\/wp\/v2\/media?parent=270459"}],"wp:term":[{"taxonomy":"category","embeddable":true,"href":"https:\/\/www.monaco-tribune.com\/it\/wp-json\/wp\/v2\/categories?post=270459"},{"taxonomy":"post_tag","embeddable":true,"href":"https:\/\/www.monaco-tribune.com\/it\/wp-json\/wp\/v2\/tags?post=270459"},{"taxonomy":"sectag","embeddable":true,"href":"https:\/\/www.monaco-tribune.com\/it\/wp-json\/wp\/v2\/post_sectags?post=270459"},{"taxonomy":"format","embeddable":true,"href":"https:\/\/www.monaco-tribune.com\/it\/wp-json\/wp\/v2\/post_format?post=270459"}],"curies":[{"name":"wp","href":"https:\/\/api.w.org\/{rel}","templated":true}]}}