{"id":270980,"date":"2025-01-10T13:46:27","date_gmt":"2025-01-10T11:46:27","guid":{"rendered":"https:\/\/www.monaco-tribune.com\/2025\/01\/una-foto-del-dietro-le-quinte-del-matrimonio-della-principessa-charlene-sulla-copertina-del-libro-di-julian-lennon\/"},"modified":"2025-01-10T13:47:20","modified_gmt":"2025-01-10T11:47:20","slug":"una-foto-del-dietro-le-quinte-del-matrimonio-della-principessa-charlene-sulla-copertina-del-libro-di-julian-lennon","status":"publish","type":"post","link":"https:\/\/www.monaco-tribune.com\/it\/2025\/01\/una-foto-del-dietro-le-quinte-del-matrimonio-della-principessa-charlene-sulla-copertina-del-libro-di-julian-lennon\/","title":{"rendered":"Una foto del dietro le quinte del matrimonio della Principessa Charl\u00e8ne sulla copertina del libro di Julian Lennon"},"content":{"rendered":"\n<p><strong>Il libro fotografico appena uscito di Julian Lennon si intitola &#8220;Life&#8217;s Fragile Moments&#8221;. Raccoglie oltre vent&#8217;anni di immagini di moda, paesaggi e ritratti, ma \u00e8 stata la Principessa Charl\u00e8ne a essere scelta per la copertina.<\/strong><\/p>\n\n\n\n<p>Forbes ha definito la scelta intrigante e gli ha dedicato <a href=\"https:\/\/www.forbes.com\/sites\/nadjasayej\/2025\/01\/07\/why-julian-lennon-put-princess-charlene-of-monaco-on-his-book-cover\/\">un articolo<\/a> pubblicato di recente.<\/p>\n\n\n\n<p>Per essere pi\u00f9 precisi, la foto ritrae Charlene Lynette Wittstock circa 10 minuti prima del suo matrimonio con il Principe Alberto II il 1\u00b0 luglio 2011. L&#8217;amico Julian Lennon era insieme a lei e l&#8217;ha fotografata mentre si preparava.<\/p>\n\n\n\n<p>Nell&#8217;articolo, il residente monegasco ricorda che la Principessa ebbe un momento di esitazione prima del matrimonio. \u201cEra seduta a guardarsi allo specchio, un po&#8217; intontita. Si gir\u00f2 verso di me e disse: &#8216;Jules, non so se posso farlo&#8217;. Le chiesi di cosa stesse parlando. Mi rispose: \u201cNon ce la faccio, non sono sicura di poter fare le foto, ci sono troppe distrazioni\u201d. Lui per tutta risposta le disse: \u201cSar\u00f2 invisibile, come una mosca su un muro\u201d.<\/p>\n\n\n\n<p>Quel giorno scatt\u00f2 centinaia di foto, ma quella di Charl\u00e8ne che si guarda allo specchio prima del matrimonio gli \u00e8 piaciuta cos\u00ec tanto che ha deciso di utilizzarla per la copertina di <a href=\"https:\/\/www.teneues.com\/en\/book\/lifes-fragile-moments\"><em>Life&#8217;s Fragile Moments<\/em><\/a>.<\/p>\n\n\n\n<p>Il fotografo ha poi spiegato a Forbes: \u201cL&#8217;ho scattata in un certo modo e ho pensato: \u2018Oh mio Dio, ci siamo, questa \u00e8 la Principessa Grace, questi sono gli anni \u201950\u201d. Cos\u00ec ho scattato tutte le foto in bianco e nero\u201d, per ricreare la stessa sensazione che si provava sfogliando la rivista Time o Life dell&#8217;epoca.<\/p>\n\n\n\n<p>La stessa foto \u00e8 stata utilizzata anche nella home page della sua recente retrospettiva fotografica, <a href=\"https:\/\/lestanzedellafotografia.it\/en\/exhibitions\/archive\/julian-lennon-whispers-stanze\"><em>Whispers<\/em><\/a>, a Venezia.<\/p>\n\n\n\n<p>Ha poi raccontato che il titolo del libro, <em>Life&#8217;s Fragile Moments<\/em>, trae ispirazione dalla sua esperienza di vita. \u201cSono quei brevi istanti della vita, della vita delle persone, delle cose e dei paesaggi che ci circondano e che cambiano in un batter d&#8217;occhio\u201d.<\/p>\n\n\n\n<p>Come l&#8217;istante in cui una nuotatrice olimpica sudafricana \u00e8 diventata Principessa di Monaco.<\/p>\n\n\n\n<p class=\"related\"><a href=\"https:\/\/www.monaco-tribune.com\/it\/2024\/08\/non-so-se-ci-siamo-innamorati-in-quel-momento-il-principe-alberto-ii-riflette-sul-suo-incontro-con-la-principessa-charlene\/\">\u201cNon so se ci siamo innamorati in quel momento\u201d: il Principe Alberto II riflette sul suo incontro con la Principessa Charl\u00e8ne<\/a><\/p>\n\n\n\n<p><\/p>\n","protected":false},"excerpt":{"rendered":"<p>Il libro fotografico appena uscito di Julian Lennon si intitola &#8220;Life&#8217;s Fragile Moments&#8221;. Raccoglie oltre vent&#8217;anni di immagini di moda, [&hellip;]<\/p>\n","protected":false},"author":58,"featured_media":270781,"comment_status":"closed","ping_status":"closed","sticky":false,"template":"","format":"standard","meta":{"_acf_changed":false,"footnotes":""},"categories":[1742,1738],"tags":[2944],"post_sectags":[],"post_format":[2478],"class_list":["post-270980","post","type-post","status-publish","format-standard","has-post-thumbnail","hentry","category-famiglia-principesca","category-notizie","tag-principessa-charlene","format-notizia"],"acf":[],"yoast_head":"<!-- This site is optimized with the Yoast SEO Premium plugin v26.8 (Yoast SEO v27.4) - https:\/\/yoast.com\/product\/yoast-seo-premium-wordpress\/ -->\n<title>Una foto del dietro le quinte del matrimonio della Principessa Charl\u00e8ne sulla copertina del libro di Julian Lennon<\/title>\n<meta name=\"description\" content=\"Il libro fotografico appena uscito di Julian Lennon si intitola &quot;Life&#039;s Fragile Moments&quot;. Raccoglie oltre vent&#039;anni di immagini di moda, paesaggi e\" \/>\n<meta name=\"robots\" content=\"index, follow, max-snippet:-1, max-image-preview:large, max-video-preview:-1\" \/>\n<link rel=\"canonical\" href=\"https:\/\/www.monaco-tribune.com\/it\/2025\/01\/una-foto-del-dietro-le-quinte-del-matrimonio-della-principessa-charlene-sulla-copertina-del-libro-di-julian-lennon\/\" \/>\n<meta property=\"og:locale\" content=\"it_IT\" \/>\n<meta property=\"og:type\" content=\"article\" \/>\n<meta property=\"og:title\" content=\"Una foto del dietro le quinte del matrimonio della Principessa Charl\u00e8ne sulla copertina del libro di Julian Lennon - Monaco Tribune\" \/>\n<meta property=\"og:description\" content=\"Il libro fotografico appena uscito di Julian Lennon si intitola &quot;Life&#039;s Fragile Moments&quot;. Raccoglie oltre vent&#039;anni di immagini di moda, paesaggi e\" \/>\n<meta property=\"og:url\" content=\"https:\/\/www.monaco-tribune.com\/it\/2025\/01\/una-foto-del-dietro-le-quinte-del-matrimonio-della-principessa-charlene-sulla-copertina-del-libro-di-julian-lennon\/\" \/>\n<meta property=\"og:site_name\" content=\"Monaco Tribune\" \/>\n<meta property=\"article:publisher\" content=\"https:\/\/www.facebook.com\/MonacoTribune\" \/>\n<meta property=\"article:published_time\" content=\"2025-01-10T11:46:27+00:00\" \/>\n<meta property=\"article:modified_time\" content=\"2025-01-10T11:47:20+00:00\" \/>\n<meta property=\"og:image\" content=\"https:\/\/www.monaco-tribune.com\/wp-content\/uploads\/2025\/01\/princesse-charlene.png\" \/>\n\t<meta property=\"og:image:width\" content=\"896\" \/>\n\t<meta property=\"og:image:height\" content=\"659\" \/>\n\t<meta property=\"og:image:type\" content=\"image\/png\" \/>\n<meta name=\"author\" content=\"Sheila McCarron\" \/>\n<meta name=\"twitter:card\" content=\"summary_large_image\" \/>\n<meta name=\"twitter:creator\" content=\"@MonacoTribune\" \/>\n<meta name=\"twitter:site\" content=\"@MonacoTribune\" \/>\n<script type=\"application\/ld+json\" class=\"yoast-schema-graph\">{\"@context\":\"https:\\\/\\\/schema.org\",\"@graph\":[{\"@type\":\"NewsArticle\",\"@id\":\"https:\\\/\\\/www.monaco-tribune.com\\\/it\\\/2025\\\/01\\\/una-foto-del-dietro-le-quinte-del-matrimonio-della-principessa-charlene-sulla-copertina-del-libro-di-julian-lennon\\\/#article\",\"isPartOf\":{\"@id\":\"https:\\\/\\\/www.monaco-tribune.com\\\/it\\\/2025\\\/01\\\/una-foto-del-dietro-le-quinte-del-matrimonio-della-principessa-charlene-sulla-copertina-del-libro-di-julian-lennon\\\/\"},\"author\":{\"name\":\"Sheila McCarron\",\"@id\":\"https:\\\/\\\/www.monaco-tribune.com\\\/it\\\/#\\\/schema\\\/person\\\/32feb886c450d7fde06b78f534e6ef63\"},\"headline\":\"Una foto del dietro le quinte del matrimonio della Principessa Charl\u00e8ne sulla copertina del libro di Julian Lennon\",\"datePublished\":\"2025-01-10T11:46:27+00:00\",\"dateModified\":\"2025-01-10T11:47:20+00:00\",\"mainEntityOfPage\":{\"@id\":\"https:\\\/\\\/www.monaco-tribune.com\\\/it\\\/2025\\\/01\\\/una-foto-del-dietro-le-quinte-del-matrimonio-della-principessa-charlene-sulla-copertina-del-libro-di-julian-lennon\\\/\"},\"wordCount\":375,\"publisher\":{\"@id\":\"https:\\\/\\\/www.monaco-tribune.com\\\/it\\\/#organization\"},\"image\":{\"@id\":\"https:\\\/\\\/www.monaco-tribune.com\\\/it\\\/2025\\\/01\\\/una-foto-del-dietro-le-quinte-del-matrimonio-della-principessa-charlene-sulla-copertina-del-libro-di-julian-lennon\\\/#primaryimage\"},\"thumbnailUrl\":\"https:\\\/\\\/www.monaco-tribune.com\\\/wp-content\\\/uploads\\\/2025\\\/01\\\/princesse-charlene.png\",\"keywords\":[\"Principessa Charl\u00e8ne\"],\"articleSection\":[\"Famiglia Principesca\",\"Notizie\"],\"inLanguage\":\"it-IT\",\"copyrightYear\":\"2025\",\"copyrightHolder\":{\"@id\":\"https:\\\/\\\/www.monaco-tribune.com\\\/#organization\"}},{\"@type\":\"WebPage\",\"@id\":\"https:\\\/\\\/www.monaco-tribune.com\\\/it\\\/2025\\\/01\\\/una-foto-del-dietro-le-quinte-del-matrimonio-della-principessa-charlene-sulla-copertina-del-libro-di-julian-lennon\\\/\",\"url\":\"https:\\\/\\\/www.monaco-tribune.com\\\/it\\\/2025\\\/01\\\/una-foto-del-dietro-le-quinte-del-matrimonio-della-principessa-charlene-sulla-copertina-del-libro-di-julian-lennon\\\/\",\"name\":\"Una foto del dietro le quinte del matrimonio della Principessa Charl\u00e8ne sulla copertina del libro di Julian Lennon\",\"isPartOf\":{\"@id\":\"https:\\\/\\\/www.monaco-tribune.com\\\/it\\\/#website\"},\"primaryImageOfPage\":{\"@id\":\"https:\\\/\\\/www.monaco-tribune.com\\\/it\\\/2025\\\/01\\\/una-foto-del-dietro-le-quinte-del-matrimonio-della-principessa-charlene-sulla-copertina-del-libro-di-julian-lennon\\\/#primaryimage\"},\"image\":{\"@id\":\"https:\\\/\\\/www.monaco-tribune.com\\\/it\\\/2025\\\/01\\\/una-foto-del-dietro-le-quinte-del-matrimonio-della-principessa-charlene-sulla-copertina-del-libro-di-julian-lennon\\\/#primaryimage\"},\"thumbnailUrl\":\"https:\\\/\\\/www.monaco-tribune.com\\\/wp-content\\\/uploads\\\/2025\\\/01\\\/princesse-charlene.png\",\"datePublished\":\"2025-01-10T11:46:27+00:00\",\"dateModified\":\"2025-01-10T11:47:20+00:00\",\"description\":\"Il libro fotografico appena uscito di Julian Lennon si intitola \\\"Life's Fragile Moments\\\". Raccoglie oltre vent'anni di immagini di moda, paesaggi e\",\"breadcrumb\":{\"@id\":\"https:\\\/\\\/www.monaco-tribune.com\\\/it\\\/2025\\\/01\\\/una-foto-del-dietro-le-quinte-del-matrimonio-della-principessa-charlene-sulla-copertina-del-libro-di-julian-lennon\\\/#breadcrumb\"},\"inLanguage\":\"it-IT\",\"potentialAction\":[{\"@type\":\"ReadAction\",\"target\":[\"https:\\\/\\\/www.monaco-tribune.com\\\/it\\\/2025\\\/01\\\/una-foto-del-dietro-le-quinte-del-matrimonio-della-principessa-charlene-sulla-copertina-del-libro-di-julian-lennon\\\/\"]}]},{\"@type\":\"ImageObject\",\"inLanguage\":\"it-IT\",\"@id\":\"https:\\\/\\\/www.monaco-tribune.com\\\/it\\\/2025\\\/01\\\/una-foto-del-dietro-le-quinte-del-matrimonio-della-principessa-charlene-sulla-copertina-del-libro-di-julian-lennon\\\/#primaryimage\",\"url\":\"https:\\\/\\\/www.monaco-tribune.com\\\/wp-content\\\/uploads\\\/2025\\\/01\\\/princesse-charlene.png\",\"contentUrl\":\"https:\\\/\\\/www.monaco-tribune.com\\\/wp-content\\\/uploads\\\/2025\\\/01\\\/princesse-charlene.png\",\"width\":896,\"height\":659,\"caption\":\"La Principessa Charl\u00e8ne pochi minuti prima del matrimonio \u00a9 Julian Lennon\"},{\"@type\":\"BreadcrumbList\",\"@id\":\"https:\\\/\\\/www.monaco-tribune.com\\\/it\\\/2025\\\/01\\\/una-foto-del-dietro-le-quinte-del-matrimonio-della-principessa-charlene-sulla-copertina-del-libro-di-julian-lennon\\\/#breadcrumb\",\"itemListElement\":[{\"@type\":\"ListItem\",\"position\":1,\"name\":\"Accueil\",\"item\":\"https:\\\/\\\/www.monaco-tribune.com\\\/it\\\/\"},{\"@type\":\"ListItem\",\"position\":2,\"name\":\"Una foto del dietro le quinte del matrimonio della Principessa Charl\u00e8ne sulla copertina del libro di Julian Lennon\"}]},{\"@type\":\"WebSite\",\"@id\":\"https:\\\/\\\/www.monaco-tribune.com\\\/it\\\/#website\",\"url\":\"https:\\\/\\\/www.monaco-tribune.com\\\/it\\\/\",\"name\":\"Monaco Tribune\",\"description\":\"Monaco : actualit\u00e9s \u00e9conomiques, politiques, culturelles et sportives de Monaco et de la French Riviera.\",\"publisher\":{\"@id\":\"https:\\\/\\\/www.monaco-tribune.com\\\/it\\\/#organization\"},\"potentialAction\":[{\"@type\":\"SearchAction\",\"target\":{\"@type\":\"EntryPoint\",\"urlTemplate\":\"https:\\\/\\\/www.monaco-tribune.com\\\/it\\\/?s={search_term_string}\"},\"query-input\":{\"@type\":\"PropertyValueSpecification\",\"valueRequired\":true,\"valueName\":\"search_term_string\"}}],\"inLanguage\":\"it-IT\"},{\"@type\":\"Organization\",\"@id\":\"https:\\\/\\\/www.monaco-tribune.com\\\/it\\\/#organization\",\"name\":\"Monaco Tribune\",\"url\":\"https:\\\/\\\/www.monaco-tribune.com\\\/it\\\/\",\"logo\":{\"@type\":\"ImageObject\",\"inLanguage\":\"it-IT\",\"@id\":\"https:\\\/\\\/www.monaco-tribune.com\\\/it\\\/#\\\/schema\\\/logo\\\/image\\\/\",\"url\":\"https:\\\/\\\/www.monaco-tribune.com\\\/wp-content\\\/uploads\\\/2022\\\/11\\\/logo-monaco-tribune.png\",\"contentUrl\":\"https:\\\/\\\/www.monaco-tribune.com\\\/wp-content\\\/uploads\\\/2022\\\/11\\\/logo-monaco-tribune.png\",\"width\":1548,\"height\":600,\"caption\":\"Monaco Tribune\"},\"image\":{\"@id\":\"https:\\\/\\\/www.monaco-tribune.com\\\/it\\\/#\\\/schema\\\/logo\\\/image\\\/\"},\"sameAs\":[\"https:\\\/\\\/www.facebook.com\\\/MonacoTribune\",\"https:\\\/\\\/x.com\\\/MonacoTribune\",\"https:\\\/\\\/www.instagram.com\\\/monacotribune\\\/\",\"https:\\\/\\\/www.linkedin.com\\\/company\\\/monaco-tribune\",\"https:\\\/\\\/www.youtube.com\\\/channel\\\/UCHle1MnG6hw1y4lWKijVbMA\"]},{\"@type\":\"Person\",\"@id\":\"https:\\\/\\\/www.monaco-tribune.com\\\/it\\\/#\\\/schema\\\/person\\\/32feb886c450d7fde06b78f534e6ef63\",\"name\":\"Sheila McCarron\",\"image\":{\"@type\":\"ImageObject\",\"inLanguage\":\"it-IT\",\"@id\":\"https:\\\/\\\/secure.gravatar.com\\\/avatar\\\/55e1808f0591b023e69542a7fa221b400a080e77405078791b6a5b467afc7e14?s=96&d=mm&r=g\",\"url\":\"https:\\\/\\\/secure.gravatar.com\\\/avatar\\\/55e1808f0591b023e69542a7fa221b400a080e77405078791b6a5b467afc7e14?s=96&d=mm&r=g\",\"contentUrl\":\"https:\\\/\\\/secure.gravatar.com\\\/avatar\\\/55e1808f0591b023e69542a7fa221b400a080e77405078791b6a5b467afc7e14?s=96&d=mm&r=g\",\"caption\":\"Sheila McCarron\"},\"url\":\"https:\\\/\\\/www.monaco-tribune.com\\\/it\\\/author\\\/sheilamccarron\\\/\"}]}<\/script>\n<!-- \/ Yoast SEO Premium plugin. -->","yoast_head_json":{"title":"Una foto del dietro le quinte del matrimonio della Principessa Charl\u00e8ne sulla copertina del libro di Julian Lennon","description":"Il libro fotografico appena uscito di Julian Lennon si intitola \"Life's Fragile Moments\". Raccoglie oltre vent'anni di immagini di moda, paesaggi e","robots":{"index":"index","follow":"follow","max-snippet":"max-snippet:-1","max-image-preview":"max-image-preview:large","max-video-preview":"max-video-preview:-1"},"canonical":"https:\/\/www.monaco-tribune.com\/it\/2025\/01\/una-foto-del-dietro-le-quinte-del-matrimonio-della-principessa-charlene-sulla-copertina-del-libro-di-julian-lennon\/","og_locale":"it_IT","og_type":"article","og_title":"Una foto del dietro le quinte del matrimonio della Principessa Charl\u00e8ne sulla copertina del libro di Julian Lennon - Monaco Tribune","og_description":"Il libro fotografico appena uscito di Julian Lennon si intitola \"Life's Fragile Moments\". Raccoglie oltre vent'anni di immagini di moda, paesaggi e","og_url":"https:\/\/www.monaco-tribune.com\/it\/2025\/01\/una-foto-del-dietro-le-quinte-del-matrimonio-della-principessa-charlene-sulla-copertina-del-libro-di-julian-lennon\/","og_site_name":"Monaco Tribune","article_publisher":"https:\/\/www.facebook.com\/MonacoTribune","article_published_time":"2025-01-10T11:46:27+00:00","article_modified_time":"2025-01-10T11:47:20+00:00","og_image":[{"width":896,"height":659,"url":"https:\/\/www.monaco-tribune.com\/wp-content\/uploads\/2025\/01\/princesse-charlene.png","type":"image\/png"}],"author":"Sheila McCarron","twitter_card":"summary_large_image","twitter_creator":"@MonacoTribune","twitter_site":"@MonacoTribune","schema":{"@context":"https:\/\/schema.org","@graph":[{"@type":"NewsArticle","@id":"https:\/\/www.monaco-tribune.com\/it\/2025\/01\/una-foto-del-dietro-le-quinte-del-matrimonio-della-principessa-charlene-sulla-copertina-del-libro-di-julian-lennon\/#article","isPartOf":{"@id":"https:\/\/www.monaco-tribune.com\/it\/2025\/01\/una-foto-del-dietro-le-quinte-del-matrimonio-della-principessa-charlene-sulla-copertina-del-libro-di-julian-lennon\/"},"author":{"name":"Sheila McCarron","@id":"https:\/\/www.monaco-tribune.com\/it\/#\/schema\/person\/32feb886c450d7fde06b78f534e6ef63"},"headline":"Una foto del dietro le quinte del matrimonio della Principessa Charl\u00e8ne sulla copertina del libro di Julian Lennon","datePublished":"2025-01-10T11:46:27+00:00","dateModified":"2025-01-10T11:47:20+00:00","mainEntityOfPage":{"@id":"https:\/\/www.monaco-tribune.com\/it\/2025\/01\/una-foto-del-dietro-le-quinte-del-matrimonio-della-principessa-charlene-sulla-copertina-del-libro-di-julian-lennon\/"},"wordCount":375,"publisher":{"@id":"https:\/\/www.monaco-tribune.com\/it\/#organization"},"image":{"@id":"https:\/\/www.monaco-tribune.com\/it\/2025\/01\/una-foto-del-dietro-le-quinte-del-matrimonio-della-principessa-charlene-sulla-copertina-del-libro-di-julian-lennon\/#primaryimage"},"thumbnailUrl":"https:\/\/www.monaco-tribune.com\/wp-content\/uploads\/2025\/01\/princesse-charlene.png","keywords":["Principessa Charl\u00e8ne"],"articleSection":["Famiglia Principesca","Notizie"],"inLanguage":"it-IT","copyrightYear":"2025","copyrightHolder":{"@id":"https:\/\/www.monaco-tribune.com\/#organization"}},{"@type":"WebPage","@id":"https:\/\/www.monaco-tribune.com\/it\/2025\/01\/una-foto-del-dietro-le-quinte-del-matrimonio-della-principessa-charlene-sulla-copertina-del-libro-di-julian-lennon\/","url":"https:\/\/www.monaco-tribune.com\/it\/2025\/01\/una-foto-del-dietro-le-quinte-del-matrimonio-della-principessa-charlene-sulla-copertina-del-libro-di-julian-lennon\/","name":"Una foto del dietro le quinte del matrimonio della Principessa Charl\u00e8ne sulla copertina del libro di Julian Lennon","isPartOf":{"@id":"https:\/\/www.monaco-tribune.com\/it\/#website"},"primaryImageOfPage":{"@id":"https:\/\/www.monaco-tribune.com\/it\/2025\/01\/una-foto-del-dietro-le-quinte-del-matrimonio-della-principessa-charlene-sulla-copertina-del-libro-di-julian-lennon\/#primaryimage"},"image":{"@id":"https:\/\/www.monaco-tribune.com\/it\/2025\/01\/una-foto-del-dietro-le-quinte-del-matrimonio-della-principessa-charlene-sulla-copertina-del-libro-di-julian-lennon\/#primaryimage"},"thumbnailUrl":"https:\/\/www.monaco-tribune.com\/wp-content\/uploads\/2025\/01\/princesse-charlene.png","datePublished":"2025-01-10T11:46:27+00:00","dateModified":"2025-01-10T11:47:20+00:00","description":"Il libro fotografico appena uscito di Julian Lennon si intitola \"Life's Fragile Moments\". Raccoglie oltre vent'anni di immagini di moda, paesaggi e","breadcrumb":{"@id":"https:\/\/www.monaco-tribune.com\/it\/2025\/01\/una-foto-del-dietro-le-quinte-del-matrimonio-della-principessa-charlene-sulla-copertina-del-libro-di-julian-lennon\/#breadcrumb"},"inLanguage":"it-IT","potentialAction":[{"@type":"ReadAction","target":["https:\/\/www.monaco-tribune.com\/it\/2025\/01\/una-foto-del-dietro-le-quinte-del-matrimonio-della-principessa-charlene-sulla-copertina-del-libro-di-julian-lennon\/"]}]},{"@type":"ImageObject","inLanguage":"it-IT","@id":"https:\/\/www.monaco-tribune.com\/it\/2025\/01\/una-foto-del-dietro-le-quinte-del-matrimonio-della-principessa-charlene-sulla-copertina-del-libro-di-julian-lennon\/#primaryimage","url":"https:\/\/www.monaco-tribune.com\/wp-content\/uploads\/2025\/01\/princesse-charlene.png","contentUrl":"https:\/\/www.monaco-tribune.com\/wp-content\/uploads\/2025\/01\/princesse-charlene.png","width":896,"height":659,"caption":"La Principessa Charl\u00e8ne pochi minuti prima del matrimonio \u00a9 Julian Lennon"},{"@type":"BreadcrumbList","@id":"https:\/\/www.monaco-tribune.com\/it\/2025\/01\/una-foto-del-dietro-le-quinte-del-matrimonio-della-principessa-charlene-sulla-copertina-del-libro-di-julian-lennon\/#breadcrumb","itemListElement":[{"@type":"ListItem","position":1,"name":"Accueil","item":"https:\/\/www.monaco-tribune.com\/it\/"},{"@type":"ListItem","position":2,"name":"Una foto del dietro le quinte del matrimonio della Principessa Charl\u00e8ne sulla copertina del libro di Julian Lennon"}]},{"@type":"WebSite","@id":"https:\/\/www.monaco-tribune.com\/it\/#website","url":"https:\/\/www.monaco-tribune.com\/it\/","name":"Monaco Tribune","description":"Monaco : actualit\u00e9s \u00e9conomiques, politiques, culturelles et sportives de Monaco et de la French Riviera.","publisher":{"@id":"https:\/\/www.monaco-tribune.com\/it\/#organization"},"potentialAction":[{"@type":"SearchAction","target":{"@type":"EntryPoint","urlTemplate":"https:\/\/www.monaco-tribune.com\/it\/?s={search_term_string}"},"query-input":{"@type":"PropertyValueSpecification","valueRequired":true,"valueName":"search_term_string"}}],"inLanguage":"it-IT"},{"@type":"Organization","@id":"https:\/\/www.monaco-tribune.com\/it\/#organization","name":"Monaco Tribune","url":"https:\/\/www.monaco-tribune.com\/it\/","logo":{"@type":"ImageObject","inLanguage":"it-IT","@id":"https:\/\/www.monaco-tribune.com\/it\/#\/schema\/logo\/image\/","url":"https:\/\/www.monaco-tribune.com\/wp-content\/uploads\/2022\/11\/logo-monaco-tribune.png","contentUrl":"https:\/\/www.monaco-tribune.com\/wp-content\/uploads\/2022\/11\/logo-monaco-tribune.png","width":1548,"height":600,"caption":"Monaco Tribune"},"image":{"@id":"https:\/\/www.monaco-tribune.com\/it\/#\/schema\/logo\/image\/"},"sameAs":["https:\/\/www.facebook.com\/MonacoTribune","https:\/\/x.com\/MonacoTribune","https:\/\/www.instagram.com\/monacotribune\/","https:\/\/www.linkedin.com\/company\/monaco-tribune","https:\/\/www.youtube.com\/channel\/UCHle1MnG6hw1y4lWKijVbMA"]},{"@type":"Person","@id":"https:\/\/www.monaco-tribune.com\/it\/#\/schema\/person\/32feb886c450d7fde06b78f534e6ef63","name":"Sheila McCarron","image":{"@type":"ImageObject","inLanguage":"it-IT","@id":"https:\/\/secure.gravatar.com\/avatar\/55e1808f0591b023e69542a7fa221b400a080e77405078791b6a5b467afc7e14?s=96&d=mm&r=g","url":"https:\/\/secure.gravatar.com\/avatar\/55e1808f0591b023e69542a7fa221b400a080e77405078791b6a5b467afc7e14?s=96&d=mm&r=g","contentUrl":"https:\/\/secure.gravatar.com\/avatar\/55e1808f0591b023e69542a7fa221b400a080e77405078791b6a5b467afc7e14?s=96&d=mm&r=g","caption":"Sheila McCarron"},"url":"https:\/\/www.monaco-tribune.com\/it\/author\/sheilamccarron\/"}]}},"_links":{"self":[{"href":"https:\/\/www.monaco-tribune.com\/it\/wp-json\/wp\/v2\/posts\/270980","targetHints":{"allow":["GET"]}}],"collection":[{"href":"https:\/\/www.monaco-tribune.com\/it\/wp-json\/wp\/v2\/posts"}],"about":[{"href":"https:\/\/www.monaco-tribune.com\/it\/wp-json\/wp\/v2\/types\/post"}],"author":[{"embeddable":true,"href":"https:\/\/www.monaco-tribune.com\/it\/wp-json\/wp\/v2\/users\/58"}],"replies":[{"embeddable":true,"href":"https:\/\/www.monaco-tribune.com\/it\/wp-json\/wp\/v2\/comments?post=270980"}],"version-history":[{"count":2,"href":"https:\/\/www.monaco-tribune.com\/it\/wp-json\/wp\/v2\/posts\/270980\/revisions"}],"predecessor-version":[{"id":270984,"href":"https:\/\/www.monaco-tribune.com\/it\/wp-json\/wp\/v2\/posts\/270980\/revisions\/270984"}],"wp:featuredmedia":[{"embeddable":true,"href":"https:\/\/www.monaco-tribune.com\/it\/wp-json\/wp\/v2\/media\/270781"}],"wp:attachment":[{"href":"https:\/\/www.monaco-tribune.com\/it\/wp-json\/wp\/v2\/media?parent=270980"}],"wp:term":[{"taxonomy":"category","embeddable":true,"href":"https:\/\/www.monaco-tribune.com\/it\/wp-json\/wp\/v2\/categories?post=270980"},{"taxonomy":"post_tag","embeddable":true,"href":"https:\/\/www.monaco-tribune.com\/it\/wp-json\/wp\/v2\/tags?post=270980"},{"taxonomy":"sectag","embeddable":true,"href":"https:\/\/www.monaco-tribune.com\/it\/wp-json\/wp\/v2\/post_sectags?post=270980"},{"taxonomy":"format","embeddable":true,"href":"https:\/\/www.monaco-tribune.com\/it\/wp-json\/wp\/v2\/post_format?post=270980"}],"curies":[{"name":"wp","href":"https:\/\/api.w.org\/{rel}","templated":true}]}}