{"id":271408,"date":"2025-01-13T18:56:27","date_gmt":"2025-01-13T16:56:27","guid":{"rendered":"https:\/\/www.monaco-tribune.com\/2025\/01\/jardin-exotique-mediateca-auditorium-i-grandi-progetti-per-il-2025-presentati-dal-sindaco-georges-marsan\/"},"modified":"2025-01-13T18:56:31","modified_gmt":"2025-01-13T16:56:31","slug":"jardin-exotique-mediateca-auditorium-i-grandi-progetti-per-il-2025-presentati-dal-sindaco-georges-marsan","status":"publish","type":"post","link":"https:\/\/www.monaco-tribune.com\/it\/2025\/01\/jardin-exotique-mediateca-auditorium-i-grandi-progetti-per-il-2025-presentati-dal-sindaco-georges-marsan\/","title":{"rendered":"Jardin Exotique, mediateca, auditorium&#8230; I grandi progetti per il 2025 presentati dal sindaco Georges Marsan"},"content":{"rendered":"\n<p><strong>In un&#8217;intervista concessa al magazine del Comune di Monaco, il Sindaco Georges Marsan ha condiviso le importanti novit\u00e0 per il 2025. Ecco i punti salienti.<\/strong><\/p>\n\n<h2 class=\"wp-block-heading\" id=\"h-nouvelle-mediatheque-caroline\">Nuova M\u00e9diath\u00e8que Caroline<\/h2>\n\n<p>Dal 1\u00b0 gennaio 2025, l&#8217;iscrizione alla mediateca \u00e8 diventata gratuita. La nuova M\u00e9diath\u00e8que Caroline, in omaggio alla Principessa Carolina, aprir\u00e0 al pubblico alla fine del 2025. Questa struttura moderna e completamente attrezzata metter\u00e0 a disposizione 2.000 m\u00b2 di spazio, di cui 1.200 m\u00b2 aperti al pubblico, oltre a un auditorium modulabile destinato a conferenze e proiezioni.<\/p>\n\n<h2 class=\"wp-block-heading\" id=\"h-renovation-du-marche-de-la-condamine\">Ristrutturazione del mercato della Condamine<\/h2>\n\n<p>I risultati di un sondaggio condotto tra i clienti e i commercianti hanno confermato la necessit\u00e0 di rimodernare il mercato pur mantenendo il suo carattere tradizionale: \u201cI lavori dovrebbero quindi iniziare nel 2026 per concludersi nel 2027. Durante i cantieri, il Mercato continuer\u00e0 a funzionare all&#8217;aperto in un&#8217;area molto accogliente. Fruibilit\u00e0 sar\u00e0 infatti la parola d&#8217;ordine dell&#8217;intero progetto\u201d, ha spiegato il Sindaco.<\/p>\n\n<h2 class=\"wp-block-heading\" id=\"h-jardin-exotique-une-reouverture-embellie\">Il Jardin Exotique rinnovato<\/h2>\n\n<p>\u201cCome nel caso del mercato, le ragioni di carattere tecnico sono il motivo principale dei lavori in corso\u201d, ha precisato Georges Marsan. Dopo un&#8217;importante fase di messa in sicurezza e ristrutturazione, il Jardin Exotique riaprir\u00e0 le sue porte nell&#8217;estate del 2025, pronto a stupire ancora una volta i visitatori.<\/p>\n\n<p>I lavori hanno permesso di restaurare e modernizzare il sito, pur rispettandone l&#8217;identit\u00e0. In particolare, la parte superiore del giardino \u00e8 stata completamente riqualificata per consentire di organizzare splendidi eventi privati, come i matrimoni.<\/p>\n\n<p>Tra le novit\u00e0 sono previste un&#8217;area pensata per la convivialit\u00e0, con un bar moderno che accoglier\u00e0 gli ospiti. L&#8217;ambizioso progetto \u00e8 stato cofinanziato dal Governo di Monaco e dal Comune.<\/p>\n\n<h2 class=\"wp-block-heading\" id=\"h-une-nouvelle-salle-de-spectacle\">Un nuovo auditorium<\/h2>\n\n<p>Da settembre 2025, vicino alla M\u00e9diath\u00e8que Caroline sorger\u00e0 un auditorium ultramoderno che arricchir\u00e0 l&#8217;offerta culturale di Monaco. Progettata per soddisfare un&#8217;ampia variet\u00e0 di esigenze, la sala sar\u00e0 dotata delle pi\u00f9 recenti tecnologie audiovisive e potr\u00e0 essere allestita per concerti, conferenze, congressi ed eventi privati.<\/p>\n\n<p>Particolare attenzione \u00e8 stata dedicata all&#8217;accoglienza degli artisti, con la creazione di uno studio di registrazione interno per i musicisti locali e internazionali.<\/p>\n\n<p>L&#8217;auditorium sar\u00e0 anche un luogo strategico per eventi culturali, come i festeggiamenti della F\u00eate Nationale. A breve sar\u00e0 nominato un direttore che supervisioner\u00e0 la programmazione e valorizzer\u00e0 l&#8217;offerta.<\/p>\n\n<h2 class=\"wp-block-heading\" id=\"h-une-nouvelle-creche\">Un nuovo asilo nido<\/h2>\n\n<p>Il Comune conferma il suo impegno nei confronti delle famiglie investendo nella ristrutturazione delle strutture per la prima infanzia. Dopo <a href=\"https:\/\/www.monaco-tribune.com\/2024\/10\/les-travaux-de-la-creche-collective-de-monte-carlo-avancent-a-grands-pas\/\">gli indispensabili lavori di ammodernamento<\/a>, lo storico asilo nido di Monte-Carlo sar\u00e0 riaperto a met\u00e0 gennaio 2025. Contemporaneamente, nel complesso Ida sorger\u00e0 un nuovo asilo nido, direttamente integrato in un&#8217;attivit\u00e0 statale.<\/p>\n\n<h2 class=\"wp-block-heading\" id=\"h-espace-lamartine-reouverture-au-printemps\">Espace Lamartine: riapertura prevista in primavera<\/h2>\n\n<p>A causa delle forti intemperie dell&#8217;autunno 2024, l&#8217;Espace Lamartine ha subito ingenti danni ed \u00e8 stato chiuso temporaneamente. Il Comune ha reagito prontamente per trasferire le attivit\u00e0, in particolare nella Mediateca e nella Maison des Associations. \u201cI lavori dovrebbero essere completati entro la prossima primavera\u201d, ha dichiarato il Sindaco.<\/p>\n\n<p class=\"related\"><a href=\"https:\/\/www.monaco-tribune.com\/it\/2024\/01\/camille-svara-vicesindaco-sono-lieta-di-poter-rendere-questo-servizio-al-principato\/\">Camille Svara, vicesindaco: \u201cSono lieta di poter rendere questo servizio al Principato\u201d<\/a><\/p>\n","protected":false},"excerpt":{"rendered":"<p>In un&#8217;intervista concessa al magazine del Comune di Monaco, il Sindaco Georges Marsan ha condiviso le importanti novit\u00e0 per il [&hellip;]<\/p>\n","protected":false},"author":80,"featured_media":270966,"comment_status":"closed","ping_status":"closed","sticky":false,"template":"","format":"standard","meta":{"_acf_changed":false,"footnotes":""},"categories":[1826,1738,1752],"tags":[5170],"post_sectags":[4036],"post_format":[2478],"class_list":["post-271408","post","type-post","status-publish","format-standard","has-post-thumbnail","hentry","category-la-nostra-scelta","category-notizie","category-societa","tag-comune-di-monaco","sectag-georges-marsan-it","format-notizia"],"acf":[],"yoast_head":"<!-- This site is optimized with the Yoast SEO Premium plugin v27.5 (Yoast SEO v27.5) - https:\/\/yoast.com\/product\/yoast-seo-premium-wordpress\/ -->\n<title>Jardin Exotique, mediateca, auditorium... I grandi progetti per il 2025 presentati dal sindaco Georges Marsan<\/title>\n<meta name=\"description\" content=\"In un&#039;intervista concessa al magazine del Comune di Monaco, il Sindaco Georges Marsan ha condiviso le importanti novit\u00e0 per il 2025. Ecco i punti\" \/>\n<meta name=\"robots\" content=\"index, follow, max-snippet:-1, max-image-preview:large, max-video-preview:-1\" \/>\n<link rel=\"canonical\" href=\"https:\/\/www.monaco-tribune.com\/it\/2025\/01\/jardin-exotique-mediateca-auditorium-i-grandi-progetti-per-il-2025-presentati-dal-sindaco-georges-marsan\/\" \/>\n<meta property=\"og:locale\" content=\"it_IT\" \/>\n<meta property=\"og:type\" content=\"article\" \/>\n<meta property=\"og:title\" content=\"Jardin Exotique, mediateca, auditorium... I grandi progetti per il 2025 presentati dal sindaco Georges Marsan - Monaco Tribune\" \/>\n<meta property=\"og:description\" content=\"In un&#039;intervista concessa al magazine del Comune di Monaco, il Sindaco Georges Marsan ha condiviso le importanti novit\u00e0 per il 2025. Ecco i punti\" \/>\n<meta property=\"og:url\" content=\"https:\/\/www.monaco-tribune.com\/it\/2025\/01\/jardin-exotique-mediateca-auditorium-i-grandi-progetti-per-il-2025-presentati-dal-sindaco-georges-marsan\/\" \/>\n<meta property=\"og:site_name\" content=\"Monaco Tribune\" \/>\n<meta property=\"article:publisher\" content=\"https:\/\/www.facebook.com\/MonacoTribune\" \/>\n<meta property=\"article:published_time\" content=\"2025-01-13T16:56:27+00:00\" \/>\n<meta property=\"article:modified_time\" content=\"2025-01-13T16:56:31+00:00\" \/>\n<meta property=\"og:image\" content=\"https:\/\/www.monaco-tribune.com\/wp-content\/uploads\/2025\/01\/maire-de-monaco.jpg\" \/>\n\t<meta property=\"og:image:width\" content=\"1200\" \/>\n\t<meta property=\"og:image:height\" content=\"800\" \/>\n\t<meta property=\"og:image:type\" content=\"image\/jpeg\" \/>\n<meta name=\"author\" content=\"Estelle Imbert\" \/>\n<meta name=\"twitter:card\" content=\"summary_large_image\" \/>\n<meta name=\"twitter:creator\" content=\"@MonacoTribune\" \/>\n<meta name=\"twitter:site\" content=\"@MonacoTribune\" \/>\n<script type=\"application\/ld+json\" class=\"yoast-schema-graph\">{\"@context\":\"https:\\\/\\\/schema.org\",\"@graph\":[{\"@type\":\"NewsArticle\",\"@id\":\"https:\\\/\\\/www.monaco-tribune.com\\\/it\\\/2025\\\/01\\\/jardin-exotique-mediateca-auditorium-i-grandi-progetti-per-il-2025-presentati-dal-sindaco-georges-marsan\\\/#article\",\"isPartOf\":{\"@id\":\"https:\\\/\\\/www.monaco-tribune.com\\\/it\\\/2025\\\/01\\\/jardin-exotique-mediateca-auditorium-i-grandi-progetti-per-il-2025-presentati-dal-sindaco-georges-marsan\\\/\"},\"author\":{\"name\":\"Estelle Imbert\",\"@id\":\"https:\\\/\\\/www.monaco-tribune.com\\\/it\\\/#\\\/schema\\\/person\\\/55ce91a070ff78e15ec1817376669bf4\"},\"headline\":\"Jardin Exotique, mediateca, auditorium&#8230; I grandi progetti per il 2025 presentati dal sindaco Georges Marsan\",\"datePublished\":\"2025-01-13T16:56:27+00:00\",\"dateModified\":\"2025-01-13T16:56:31+00:00\",\"mainEntityOfPage\":{\"@id\":\"https:\\\/\\\/www.monaco-tribune.com\\\/it\\\/2025\\\/01\\\/jardin-exotique-mediateca-auditorium-i-grandi-progetti-per-il-2025-presentati-dal-sindaco-georges-marsan\\\/\"},\"wordCount\":511,\"publisher\":{\"@id\":\"https:\\\/\\\/www.monaco-tribune.com\\\/it\\\/#organization\"},\"image\":{\"@id\":\"https:\\\/\\\/www.monaco-tribune.com\\\/it\\\/2025\\\/01\\\/jardin-exotique-mediateca-auditorium-i-grandi-progetti-per-il-2025-presentati-dal-sindaco-georges-marsan\\\/#primaryimage\"},\"thumbnailUrl\":\"https:\\\/\\\/www.monaco-tribune.com\\\/wp-content\\\/uploads\\\/2025\\\/01\\\/maire-de-monaco.jpg\",\"keywords\":[\"Comune di Monaco\"],\"articleSection\":[\"La nostra scelta\",\"Notizie\",\"Societ\u00e0\"],\"inLanguage\":\"it-IT\",\"copyrightYear\":\"2025\",\"copyrightHolder\":{\"@id\":\"https:\\\/\\\/www.monaco-tribune.com\\\/#organization\"}},{\"@type\":\"WebPage\",\"@id\":\"https:\\\/\\\/www.monaco-tribune.com\\\/it\\\/2025\\\/01\\\/jardin-exotique-mediateca-auditorium-i-grandi-progetti-per-il-2025-presentati-dal-sindaco-georges-marsan\\\/\",\"url\":\"https:\\\/\\\/www.monaco-tribune.com\\\/it\\\/2025\\\/01\\\/jardin-exotique-mediateca-auditorium-i-grandi-progetti-per-il-2025-presentati-dal-sindaco-georges-marsan\\\/\",\"name\":\"Jardin Exotique, mediateca, auditorium... I grandi progetti per il 2025 presentati dal sindaco Georges Marsan\",\"isPartOf\":{\"@id\":\"https:\\\/\\\/www.monaco-tribune.com\\\/it\\\/#website\"},\"primaryImageOfPage\":{\"@id\":\"https:\\\/\\\/www.monaco-tribune.com\\\/it\\\/2025\\\/01\\\/jardin-exotique-mediateca-auditorium-i-grandi-progetti-per-il-2025-presentati-dal-sindaco-georges-marsan\\\/#primaryimage\"},\"image\":{\"@id\":\"https:\\\/\\\/www.monaco-tribune.com\\\/it\\\/2025\\\/01\\\/jardin-exotique-mediateca-auditorium-i-grandi-progetti-per-il-2025-presentati-dal-sindaco-georges-marsan\\\/#primaryimage\"},\"thumbnailUrl\":\"https:\\\/\\\/www.monaco-tribune.com\\\/wp-content\\\/uploads\\\/2025\\\/01\\\/maire-de-monaco.jpg\",\"datePublished\":\"2025-01-13T16:56:27+00:00\",\"dateModified\":\"2025-01-13T16:56:31+00:00\",\"description\":\"In un'intervista concessa al magazine del Comune di Monaco, il Sindaco Georges Marsan ha condiviso le importanti novit\u00e0 per il 2025. Ecco i punti\",\"breadcrumb\":{\"@id\":\"https:\\\/\\\/www.monaco-tribune.com\\\/it\\\/2025\\\/01\\\/jardin-exotique-mediateca-auditorium-i-grandi-progetti-per-il-2025-presentati-dal-sindaco-georges-marsan\\\/#breadcrumb\"},\"inLanguage\":\"it-IT\",\"potentialAction\":[{\"@type\":\"ReadAction\",\"target\":[\"https:\\\/\\\/www.monaco-tribune.com\\\/it\\\/2025\\\/01\\\/jardin-exotique-mediateca-auditorium-i-grandi-progetti-per-il-2025-presentati-dal-sindaco-georges-marsan\\\/\"]}]},{\"@type\":\"ImageObject\",\"inLanguage\":\"it-IT\",\"@id\":\"https:\\\/\\\/www.monaco-tribune.com\\\/it\\\/2025\\\/01\\\/jardin-exotique-mediateca-auditorium-i-grandi-progetti-per-il-2025-presentati-dal-sindaco-georges-marsan\\\/#primaryimage\",\"url\":\"https:\\\/\\\/www.monaco-tribune.com\\\/wp-content\\\/uploads\\\/2025\\\/01\\\/maire-de-monaco.jpg\",\"contentUrl\":\"https:\\\/\\\/www.monaco-tribune.com\\\/wp-content\\\/uploads\\\/2025\\\/01\\\/maire-de-monaco.jpg\",\"width\":1200,\"height\":800,\"caption\":\"Nell'ultima edizione del giornale locale, Vivre ma ville, il sindaco Georges Marsan ha presentato i principali cambiamenti per il 2025 \u00a9Comune diMonaco\"},{\"@type\":\"BreadcrumbList\",\"@id\":\"https:\\\/\\\/www.monaco-tribune.com\\\/it\\\/2025\\\/01\\\/jardin-exotique-mediateca-auditorium-i-grandi-progetti-per-il-2025-presentati-dal-sindaco-georges-marsan\\\/#breadcrumb\",\"itemListElement\":[{\"@type\":\"ListItem\",\"position\":1,\"name\":\"Accueil\",\"item\":\"https:\\\/\\\/www.monaco-tribune.com\\\/it\\\/\"},{\"@type\":\"ListItem\",\"position\":2,\"name\":\"Jardin Exotique, mediateca, auditorium&#8230; I grandi progetti per il 2025 presentati dal sindaco Georges Marsan\"}]},{\"@type\":\"WebSite\",\"@id\":\"https:\\\/\\\/www.monaco-tribune.com\\\/it\\\/#website\",\"url\":\"https:\\\/\\\/www.monaco-tribune.com\\\/it\\\/\",\"name\":\"Monaco Tribune\",\"description\":\"Monaco : actualit\u00e9s \u00e9conomiques, politiques, culturelles et sportives de Monaco et de la French Riviera.\",\"publisher\":{\"@id\":\"https:\\\/\\\/www.monaco-tribune.com\\\/it\\\/#organization\"},\"potentialAction\":[{\"@type\":\"SearchAction\",\"target\":{\"@type\":\"EntryPoint\",\"urlTemplate\":\"https:\\\/\\\/www.monaco-tribune.com\\\/it\\\/?s={search_term_string}\"},\"query-input\":{\"@type\":\"PropertyValueSpecification\",\"valueRequired\":true,\"valueName\":\"search_term_string\"}}],\"inLanguage\":\"it-IT\"},{\"@type\":\"Organization\",\"@id\":\"https:\\\/\\\/www.monaco-tribune.com\\\/it\\\/#organization\",\"name\":\"Monaco Tribune\",\"url\":\"https:\\\/\\\/www.monaco-tribune.com\\\/it\\\/\",\"logo\":{\"@type\":\"ImageObject\",\"inLanguage\":\"it-IT\",\"@id\":\"https:\\\/\\\/www.monaco-tribune.com\\\/it\\\/#\\\/schema\\\/logo\\\/image\\\/\",\"url\":\"https:\\\/\\\/www.monaco-tribune.com\\\/wp-content\\\/uploads\\\/2022\\\/11\\\/logo-monaco-tribune.png\",\"contentUrl\":\"https:\\\/\\\/www.monaco-tribune.com\\\/wp-content\\\/uploads\\\/2022\\\/11\\\/logo-monaco-tribune.png\",\"width\":1548,\"height\":600,\"caption\":\"Monaco Tribune\"},\"image\":{\"@id\":\"https:\\\/\\\/www.monaco-tribune.com\\\/it\\\/#\\\/schema\\\/logo\\\/image\\\/\"},\"sameAs\":[\"https:\\\/\\\/www.facebook.com\\\/MonacoTribune\",\"https:\\\/\\\/x.com\\\/MonacoTribune\",\"https:\\\/\\\/www.instagram.com\\\/monacotribune\\\/\",\"https:\\\/\\\/www.linkedin.com\\\/company\\\/monaco-tribune\",\"https:\\\/\\\/www.youtube.com\\\/channel\\\/UCHle1MnG6hw1y4lWKijVbMA\"]},{\"@type\":\"Person\",\"@id\":\"https:\\\/\\\/www.monaco-tribune.com\\\/it\\\/#\\\/schema\\\/person\\\/55ce91a070ff78e15ec1817376669bf4\",\"name\":\"Estelle Imbert\",\"image\":{\"@type\":\"ImageObject\",\"inLanguage\":\"it-IT\",\"@id\":\"https:\\\/\\\/secure.gravatar.com\\\/avatar\\\/d2e1a3840b1138a669d04f6292bbd810f7f730844d7a28a8e8c4c6da40e79852?s=96&d=mm&r=g\",\"url\":\"https:\\\/\\\/secure.gravatar.com\\\/avatar\\\/d2e1a3840b1138a669d04f6292bbd810f7f730844d7a28a8e8c4c6da40e79852?s=96&d=mm&r=g\",\"contentUrl\":\"https:\\\/\\\/secure.gravatar.com\\\/avatar\\\/d2e1a3840b1138a669d04f6292bbd810f7f730844d7a28a8e8c4c6da40e79852?s=96&d=mm&r=g\",\"caption\":\"Estelle Imbert\"},\"url\":\"https:\\\/\\\/www.monaco-tribune.com\\\/it\\\/author\\\/estelleimbert\\\/\"}]}<\/script>\n<!-- \/ Yoast SEO Premium plugin. -->","yoast_head_json":{"title":"Jardin Exotique, mediateca, auditorium... I grandi progetti per il 2025 presentati dal sindaco Georges Marsan","description":"In un'intervista concessa al magazine del Comune di Monaco, il Sindaco Georges Marsan ha condiviso le importanti novit\u00e0 per il 2025. Ecco i punti","robots":{"index":"index","follow":"follow","max-snippet":"max-snippet:-1","max-image-preview":"max-image-preview:large","max-video-preview":"max-video-preview:-1"},"canonical":"https:\/\/www.monaco-tribune.com\/it\/2025\/01\/jardin-exotique-mediateca-auditorium-i-grandi-progetti-per-il-2025-presentati-dal-sindaco-georges-marsan\/","og_locale":"it_IT","og_type":"article","og_title":"Jardin Exotique, mediateca, auditorium... I grandi progetti per il 2025 presentati dal sindaco Georges Marsan - Monaco Tribune","og_description":"In un'intervista concessa al magazine del Comune di Monaco, il Sindaco Georges Marsan ha condiviso le importanti novit\u00e0 per il 2025. Ecco i punti","og_url":"https:\/\/www.monaco-tribune.com\/it\/2025\/01\/jardin-exotique-mediateca-auditorium-i-grandi-progetti-per-il-2025-presentati-dal-sindaco-georges-marsan\/","og_site_name":"Monaco Tribune","article_publisher":"https:\/\/www.facebook.com\/MonacoTribune","article_published_time":"2025-01-13T16:56:27+00:00","article_modified_time":"2025-01-13T16:56:31+00:00","og_image":[{"width":1200,"height":800,"url":"https:\/\/www.monaco-tribune.com\/wp-content\/uploads\/2025\/01\/maire-de-monaco.jpg","type":"image\/jpeg"}],"author":"Estelle Imbert","twitter_card":"summary_large_image","twitter_creator":"@MonacoTribune","twitter_site":"@MonacoTribune","schema":{"@context":"https:\/\/schema.org","@graph":[{"@type":"NewsArticle","@id":"https:\/\/www.monaco-tribune.com\/it\/2025\/01\/jardin-exotique-mediateca-auditorium-i-grandi-progetti-per-il-2025-presentati-dal-sindaco-georges-marsan\/#article","isPartOf":{"@id":"https:\/\/www.monaco-tribune.com\/it\/2025\/01\/jardin-exotique-mediateca-auditorium-i-grandi-progetti-per-il-2025-presentati-dal-sindaco-georges-marsan\/"},"author":{"name":"Estelle Imbert","@id":"https:\/\/www.monaco-tribune.com\/it\/#\/schema\/person\/55ce91a070ff78e15ec1817376669bf4"},"headline":"Jardin Exotique, mediateca, auditorium&#8230; I grandi progetti per il 2025 presentati dal sindaco Georges Marsan","datePublished":"2025-01-13T16:56:27+00:00","dateModified":"2025-01-13T16:56:31+00:00","mainEntityOfPage":{"@id":"https:\/\/www.monaco-tribune.com\/it\/2025\/01\/jardin-exotique-mediateca-auditorium-i-grandi-progetti-per-il-2025-presentati-dal-sindaco-georges-marsan\/"},"wordCount":511,"publisher":{"@id":"https:\/\/www.monaco-tribune.com\/it\/#organization"},"image":{"@id":"https:\/\/www.monaco-tribune.com\/it\/2025\/01\/jardin-exotique-mediateca-auditorium-i-grandi-progetti-per-il-2025-presentati-dal-sindaco-georges-marsan\/#primaryimage"},"thumbnailUrl":"https:\/\/www.monaco-tribune.com\/wp-content\/uploads\/2025\/01\/maire-de-monaco.jpg","keywords":["Comune di Monaco"],"articleSection":["La nostra scelta","Notizie","Societ\u00e0"],"inLanguage":"it-IT","copyrightYear":"2025","copyrightHolder":{"@id":"https:\/\/www.monaco-tribune.com\/#organization"}},{"@type":"WebPage","@id":"https:\/\/www.monaco-tribune.com\/it\/2025\/01\/jardin-exotique-mediateca-auditorium-i-grandi-progetti-per-il-2025-presentati-dal-sindaco-georges-marsan\/","url":"https:\/\/www.monaco-tribune.com\/it\/2025\/01\/jardin-exotique-mediateca-auditorium-i-grandi-progetti-per-il-2025-presentati-dal-sindaco-georges-marsan\/","name":"Jardin Exotique, mediateca, auditorium... I grandi progetti per il 2025 presentati dal sindaco Georges Marsan","isPartOf":{"@id":"https:\/\/www.monaco-tribune.com\/it\/#website"},"primaryImageOfPage":{"@id":"https:\/\/www.monaco-tribune.com\/it\/2025\/01\/jardin-exotique-mediateca-auditorium-i-grandi-progetti-per-il-2025-presentati-dal-sindaco-georges-marsan\/#primaryimage"},"image":{"@id":"https:\/\/www.monaco-tribune.com\/it\/2025\/01\/jardin-exotique-mediateca-auditorium-i-grandi-progetti-per-il-2025-presentati-dal-sindaco-georges-marsan\/#primaryimage"},"thumbnailUrl":"https:\/\/www.monaco-tribune.com\/wp-content\/uploads\/2025\/01\/maire-de-monaco.jpg","datePublished":"2025-01-13T16:56:27+00:00","dateModified":"2025-01-13T16:56:31+00:00","description":"In un'intervista concessa al magazine del Comune di Monaco, il Sindaco Georges Marsan ha condiviso le importanti novit\u00e0 per il 2025. Ecco i punti","breadcrumb":{"@id":"https:\/\/www.monaco-tribune.com\/it\/2025\/01\/jardin-exotique-mediateca-auditorium-i-grandi-progetti-per-il-2025-presentati-dal-sindaco-georges-marsan\/#breadcrumb"},"inLanguage":"it-IT","potentialAction":[{"@type":"ReadAction","target":["https:\/\/www.monaco-tribune.com\/it\/2025\/01\/jardin-exotique-mediateca-auditorium-i-grandi-progetti-per-il-2025-presentati-dal-sindaco-georges-marsan\/"]}]},{"@type":"ImageObject","inLanguage":"it-IT","@id":"https:\/\/www.monaco-tribune.com\/it\/2025\/01\/jardin-exotique-mediateca-auditorium-i-grandi-progetti-per-il-2025-presentati-dal-sindaco-georges-marsan\/#primaryimage","url":"https:\/\/www.monaco-tribune.com\/wp-content\/uploads\/2025\/01\/maire-de-monaco.jpg","contentUrl":"https:\/\/www.monaco-tribune.com\/wp-content\/uploads\/2025\/01\/maire-de-monaco.jpg","width":1200,"height":800,"caption":"Nell'ultima edizione del giornale locale, Vivre ma ville, il sindaco Georges Marsan ha presentato i principali cambiamenti per il 2025 \u00a9Comune diMonaco"},{"@type":"BreadcrumbList","@id":"https:\/\/www.monaco-tribune.com\/it\/2025\/01\/jardin-exotique-mediateca-auditorium-i-grandi-progetti-per-il-2025-presentati-dal-sindaco-georges-marsan\/#breadcrumb","itemListElement":[{"@type":"ListItem","position":1,"name":"Accueil","item":"https:\/\/www.monaco-tribune.com\/it\/"},{"@type":"ListItem","position":2,"name":"Jardin Exotique, mediateca, auditorium&#8230; I grandi progetti per il 2025 presentati dal sindaco Georges Marsan"}]},{"@type":"WebSite","@id":"https:\/\/www.monaco-tribune.com\/it\/#website","url":"https:\/\/www.monaco-tribune.com\/it\/","name":"Monaco Tribune","description":"Monaco : actualit\u00e9s \u00e9conomiques, politiques, culturelles et sportives de Monaco et de la French Riviera.","publisher":{"@id":"https:\/\/www.monaco-tribune.com\/it\/#organization"},"potentialAction":[{"@type":"SearchAction","target":{"@type":"EntryPoint","urlTemplate":"https:\/\/www.monaco-tribune.com\/it\/?s={search_term_string}"},"query-input":{"@type":"PropertyValueSpecification","valueRequired":true,"valueName":"search_term_string"}}],"inLanguage":"it-IT"},{"@type":"Organization","@id":"https:\/\/www.monaco-tribune.com\/it\/#organization","name":"Monaco Tribune","url":"https:\/\/www.monaco-tribune.com\/it\/","logo":{"@type":"ImageObject","inLanguage":"it-IT","@id":"https:\/\/www.monaco-tribune.com\/it\/#\/schema\/logo\/image\/","url":"https:\/\/www.monaco-tribune.com\/wp-content\/uploads\/2022\/11\/logo-monaco-tribune.png","contentUrl":"https:\/\/www.monaco-tribune.com\/wp-content\/uploads\/2022\/11\/logo-monaco-tribune.png","width":1548,"height":600,"caption":"Monaco Tribune"},"image":{"@id":"https:\/\/www.monaco-tribune.com\/it\/#\/schema\/logo\/image\/"},"sameAs":["https:\/\/www.facebook.com\/MonacoTribune","https:\/\/x.com\/MonacoTribune","https:\/\/www.instagram.com\/monacotribune\/","https:\/\/www.linkedin.com\/company\/monaco-tribune","https:\/\/www.youtube.com\/channel\/UCHle1MnG6hw1y4lWKijVbMA"]},{"@type":"Person","@id":"https:\/\/www.monaco-tribune.com\/it\/#\/schema\/person\/55ce91a070ff78e15ec1817376669bf4","name":"Estelle Imbert","image":{"@type":"ImageObject","inLanguage":"it-IT","@id":"https:\/\/secure.gravatar.com\/avatar\/d2e1a3840b1138a669d04f6292bbd810f7f730844d7a28a8e8c4c6da40e79852?s=96&d=mm&r=g","url":"https:\/\/secure.gravatar.com\/avatar\/d2e1a3840b1138a669d04f6292bbd810f7f730844d7a28a8e8c4c6da40e79852?s=96&d=mm&r=g","contentUrl":"https:\/\/secure.gravatar.com\/avatar\/d2e1a3840b1138a669d04f6292bbd810f7f730844d7a28a8e8c4c6da40e79852?s=96&d=mm&r=g","caption":"Estelle Imbert"},"url":"https:\/\/www.monaco-tribune.com\/it\/author\/estelleimbert\/"}]}},"_links":{"self":[{"href":"https:\/\/www.monaco-tribune.com\/it\/wp-json\/wp\/v2\/posts\/271408","targetHints":{"allow":["GET"]}}],"collection":[{"href":"https:\/\/www.monaco-tribune.com\/it\/wp-json\/wp\/v2\/posts"}],"about":[{"href":"https:\/\/www.monaco-tribune.com\/it\/wp-json\/wp\/v2\/types\/post"}],"author":[{"embeddable":true,"href":"https:\/\/www.monaco-tribune.com\/it\/wp-json\/wp\/v2\/users\/80"}],"replies":[{"embeddable":true,"href":"https:\/\/www.monaco-tribune.com\/it\/wp-json\/wp\/v2\/comments?post=271408"}],"version-history":[{"count":2,"href":"https:\/\/www.monaco-tribune.com\/it\/wp-json\/wp\/v2\/posts\/271408\/revisions"}],"predecessor-version":[{"id":271411,"href":"https:\/\/www.monaco-tribune.com\/it\/wp-json\/wp\/v2\/posts\/271408\/revisions\/271411"}],"wp:featuredmedia":[{"embeddable":true,"href":"https:\/\/www.monaco-tribune.com\/it\/wp-json\/wp\/v2\/media\/270966"}],"wp:attachment":[{"href":"https:\/\/www.monaco-tribune.com\/it\/wp-json\/wp\/v2\/media?parent=271408"}],"wp:term":[{"taxonomy":"category","embeddable":true,"href":"https:\/\/www.monaco-tribune.com\/it\/wp-json\/wp\/v2\/categories?post=271408"},{"taxonomy":"post_tag","embeddable":true,"href":"https:\/\/www.monaco-tribune.com\/it\/wp-json\/wp\/v2\/tags?post=271408"},{"taxonomy":"sectag","embeddable":true,"href":"https:\/\/www.monaco-tribune.com\/it\/wp-json\/wp\/v2\/post_sectags?post=271408"},{"taxonomy":"format","embeddable":true,"href":"https:\/\/www.monaco-tribune.com\/it\/wp-json\/wp\/v2\/post_format?post=271408"}],"curies":[{"name":"wp","href":"https:\/\/api.w.org\/{rel}","templated":true}]}}