{"id":272228,"date":"2025-01-17T18:40:06","date_gmt":"2025-01-17T16:40:06","guid":{"rendered":"https:\/\/www.monaco-tribune.com\/2025\/01\/il-ministro-di-stato-di-monaco-didier-guillaume-e-deceduto-alleta-di-65-anni\/"},"modified":"2025-01-17T18:40:12","modified_gmt":"2025-01-17T16:40:12","slug":"il-ministro-di-stato-di-monaco-didier-guillaume-e-deceduto-alleta-di-65-anni","status":"publish","type":"post","link":"https:\/\/www.monaco-tribune.com\/it\/2025\/01\/il-ministro-di-stato-di-monaco-didier-guillaume-e-deceduto-alleta-di-65-anni\/","title":{"rendered":"Il Ministro di Stato di Monaco Didier Guillaume \u00e8 deceduto all&#8217;et\u00e0 di 65 anni"},"content":{"rendered":"\n<p><strong>Venerd\u00ec 17 gennaio, il Palazzo del Principe ha rilasciato un comunicato ufficiale per annunciare la morte di Didier Guillaume, Ministro di Stato del Principato di Monaco.<\/strong><\/p>\n\n<p><a href=\"https:\/\/www.monaco-tribune.com\/it\/2025\/01\/il-ministro-di-stato-di-monaco-didier-guillaume-e-deceduto-alleta-di-65-anni\/\">Una settimana dopo il comunicato in cui il Governo di Monaco ha annunciato il suo ricovero in ospedale<\/a>, Didier Guillaume \u00e8 deceduto in seguito a un improvviso malore mentre era ricoverato.<\/p>\n\n<p>Il Principe Alberto II ha inviato le sue pi\u00f9 sincere condoglianze alla moglie, B\u00e9atrice Frecenon-Guillaume, con la quale Didier Guillaume si era sposato al Municipio di Monaco il 21 dicembre dello scorso anno, nonch\u00e9 ai figli, al fratello e a tutti i suoi familiari e amici.<\/p>\n\n<p>In carica dal 2 settembre 2024, Didier Guillaume si \u00e8 distinto per il suo impegno al servizio del Principato, contribuendo con determinazione a progressi significativi su questioni cruciali per Monaco, sia a livello nazionale che internazionale.<\/p>\n<div class=\"wp-block-image\">\n<figure class=\"aligncenter size-large\"><img loading=\"lazy\" decoding=\"async\" width=\"1024\" height=\"683\" src=\"https:\/\/www.monaco-tribune.com\/wp-content\/uploads\/2025\/01\/guillaume-didier-1024x683.jpg\" alt=\"Guillaume Didier\" class=\"wp-image-272199\" srcset=\"https:\/\/www.monaco-tribune.com\/wp-content\/uploads\/2025\/01\/guillaume-didier-1024x683.jpg 1024w, https:\/\/www.monaco-tribune.com\/wp-content\/uploads\/2025\/01\/guillaume-didier-450x300.jpg 450w, https:\/\/www.monaco-tribune.com\/wp-content\/uploads\/2025\/01\/guillaume-didier.jpg 1200w\" sizes=\"auto, (max-width: 1024px) 100vw, 1024px\" \/><figcaption class=\"wp-element-caption\"><em>\u00a9 Direzione della Comunicazione<\/em><\/figcaption><\/figure>\n<\/div>\n<h2 class=\"wp-block-heading\" id=\"h-ses-immenses-qualites-humaines\"><em>&#8220;Le sue straordinarie qualit\u00e0 umane&#8221;<\/em><\/h2>\n\n<p>In un comunicato, il Governo del Principe ha dichiarato: \u201cAbbiamo appreso con profondo dolore della morte di Didier Guillaume, Ministro di Stato, avvenuta oggi. I membri del Governo e tutto il personale amministrativo desiderano esprimere le loro sincere e sentite condoglianze alla moglie e alla famiglia.<\/p>\n\n<p>Tutti ricorderanno la sua eccezionale attitudine al lavoro, la sua passione per la politica a favore delle donne e degli uomini, nonch\u00e9 il suo spirito di unit\u00e0 e di mobilitazione. Oltre a essere un uomo di Stato al servizio del Principe Sovrano, le sue straordinarie qualit\u00e0 umane lo hanno fatto rapidamente apprezzare dal popolo monegasco. Ha svolto la sua missione con determinazione e ha sostenuto le direttive definite dal Principe Alberto II per il nostro Paese. Il Governo si assicurer\u00e0 di continuare su questa strada&#8221;.<\/p>\n\n<p>Isabelle Berro-Amade\u00ef, Consigliere di Governo-Ministro per le Relazioni Esterne e la Cooperazione, ha assunto la carica di Ministro di Stato ad interim, pur continuando a dirigere il suo dipartimento.<\/p>\n\n<p>I dettagli sui funerale saranno resi noti nei prossimi giorni..<\/p>\n\n<p><\/p>\n","protected":false},"excerpt":{"rendered":"<p>Venerd\u00ec 17 gennaio, il Palazzo del Principe ha rilasciato un comunicato ufficiale per annunciare la morte di Didier Guillaume, Ministro [&hellip;]<\/p>\n","protected":false},"author":80,"featured_media":272175,"comment_status":"closed","ping_status":"closed","sticky":false,"template":"","format":"standard","meta":{"_acf_changed":false,"footnotes":""},"categories":[1826,1738,1752],"tags":[5393],"post_sectags":[],"post_format":[2478],"class_list":["post-272228","post","type-post","status-publish","format-standard","has-post-thumbnail","hentry","category-la-nostra-scelta","category-notizie","category-societa","tag-ministro","format-notizia"],"acf":[],"yoast_head":"<!-- This site is optimized with the Yoast SEO Premium plugin v26.8 (Yoast SEO v27.5) - https:\/\/yoast.com\/product\/yoast-seo-premium-wordpress\/ -->\n<title>Il Ministro di Stato di Monaco Didier Guillaume \u00e8 deceduto all&#039;et\u00e0 di 65 anni<\/title>\n<meta name=\"description\" content=\"Venerd\u00ec 17 gennaio, il Palazzo del Principe ha rilasciato un comunicato ufficiale per annunciare la morte di Didier Guillaume, Ministro di Stato del\" \/>\n<meta name=\"robots\" content=\"index, follow, max-snippet:-1, max-image-preview:large, max-video-preview:-1\" \/>\n<link rel=\"canonical\" href=\"https:\/\/www.monaco-tribune.com\/it\/2025\/01\/il-ministro-di-stato-di-monaco-didier-guillaume-e-deceduto-alleta-di-65-anni\/\" \/>\n<meta property=\"og:locale\" content=\"it_IT\" \/>\n<meta property=\"og:type\" content=\"article\" \/>\n<meta property=\"og:title\" content=\"Il Ministro di Stato di Monaco Didier Guillaume \u00e8 deceduto all&#039;et\u00e0 di 65 anni - Monaco Tribune\" \/>\n<meta property=\"og:description\" content=\"Venerd\u00ec 17 gennaio, il Palazzo del Principe ha rilasciato un comunicato ufficiale per annunciare la morte di Didier Guillaume, Ministro di Stato del\" \/>\n<meta property=\"og:url\" content=\"https:\/\/www.monaco-tribune.com\/it\/2025\/01\/il-ministro-di-stato-di-monaco-didier-guillaume-e-deceduto-alleta-di-65-anni\/\" \/>\n<meta property=\"og:site_name\" content=\"Monaco Tribune\" \/>\n<meta property=\"article:publisher\" content=\"https:\/\/www.facebook.com\/MonacoTribune\" \/>\n<meta property=\"article:published_time\" content=\"2025-01-17T16:40:06+00:00\" \/>\n<meta property=\"article:modified_time\" content=\"2025-01-17T16:40:12+00:00\" \/>\n<meta property=\"og:image\" content=\"https:\/\/www.monaco-tribune.com\/wp-content\/uploads\/2025\/01\/didier-guillaume-gouvernement-monaco-ministre-detat.jpg\" \/>\n\t<meta property=\"og:image:width\" content=\"1200\" \/>\n\t<meta property=\"og:image:height\" content=\"800\" \/>\n\t<meta property=\"og:image:type\" content=\"image\/jpeg\" \/>\n<meta name=\"author\" content=\"Estelle Imbert\" \/>\n<meta name=\"twitter:card\" content=\"summary_large_image\" \/>\n<meta name=\"twitter:creator\" content=\"@MonacoTribune\" \/>\n<meta name=\"twitter:site\" content=\"@MonacoTribune\" \/>\n<script type=\"application\/ld+json\" class=\"yoast-schema-graph\">{\"@context\":\"https:\\\/\\\/schema.org\",\"@graph\":[{\"@type\":\"NewsArticle\",\"@id\":\"https:\\\/\\\/www.monaco-tribune.com\\\/it\\\/2025\\\/01\\\/il-ministro-di-stato-di-monaco-didier-guillaume-e-deceduto-alleta-di-65-anni\\\/#article\",\"isPartOf\":{\"@id\":\"https:\\\/\\\/www.monaco-tribune.com\\\/it\\\/2025\\\/01\\\/il-ministro-di-stato-di-monaco-didier-guillaume-e-deceduto-alleta-di-65-anni\\\/\"},\"author\":{\"name\":\"Estelle Imbert\",\"@id\":\"https:\\\/\\\/www.monaco-tribune.com\\\/it\\\/#\\\/schema\\\/person\\\/55ce91a070ff78e15ec1817376669bf4\"},\"headline\":\"Il Ministro di Stato di Monaco Didier Guillaume \u00e8 deceduto all&#8217;et\u00e0 di 65 anni\",\"datePublished\":\"2025-01-17T16:40:06+00:00\",\"dateModified\":\"2025-01-17T16:40:12+00:00\",\"mainEntityOfPage\":{\"@id\":\"https:\\\/\\\/www.monaco-tribune.com\\\/it\\\/2025\\\/01\\\/il-ministro-di-stato-di-monaco-didier-guillaume-e-deceduto-alleta-di-65-anni\\\/\"},\"wordCount\":325,\"publisher\":{\"@id\":\"https:\\\/\\\/www.monaco-tribune.com\\\/it\\\/#organization\"},\"image\":{\"@id\":\"https:\\\/\\\/www.monaco-tribune.com\\\/it\\\/2025\\\/01\\\/il-ministro-di-stato-di-monaco-didier-guillaume-e-deceduto-alleta-di-65-anni\\\/#primaryimage\"},\"thumbnailUrl\":\"https:\\\/\\\/www.monaco-tribune.com\\\/wp-content\\\/uploads\\\/2025\\\/01\\\/didier-guillaume-gouvernement-monaco-ministre-detat.jpg\",\"keywords\":[\"Ministro\"],\"articleSection\":[\"La nostra scelta\",\"Notizie\",\"Societ\u00e0\"],\"inLanguage\":\"it-IT\",\"copyrightYear\":\"2025\",\"copyrightHolder\":{\"@id\":\"https:\\\/\\\/www.monaco-tribune.com\\\/#organization\"}},{\"@type\":\"WebPage\",\"@id\":\"https:\\\/\\\/www.monaco-tribune.com\\\/it\\\/2025\\\/01\\\/il-ministro-di-stato-di-monaco-didier-guillaume-e-deceduto-alleta-di-65-anni\\\/\",\"url\":\"https:\\\/\\\/www.monaco-tribune.com\\\/it\\\/2025\\\/01\\\/il-ministro-di-stato-di-monaco-didier-guillaume-e-deceduto-alleta-di-65-anni\\\/\",\"name\":\"Il Ministro di Stato di Monaco Didier Guillaume \u00e8 deceduto all'et\u00e0 di 65 anni\",\"isPartOf\":{\"@id\":\"https:\\\/\\\/www.monaco-tribune.com\\\/it\\\/#website\"},\"primaryImageOfPage\":{\"@id\":\"https:\\\/\\\/www.monaco-tribune.com\\\/it\\\/2025\\\/01\\\/il-ministro-di-stato-di-monaco-didier-guillaume-e-deceduto-alleta-di-65-anni\\\/#primaryimage\"},\"image\":{\"@id\":\"https:\\\/\\\/www.monaco-tribune.com\\\/it\\\/2025\\\/01\\\/il-ministro-di-stato-di-monaco-didier-guillaume-e-deceduto-alleta-di-65-anni\\\/#primaryimage\"},\"thumbnailUrl\":\"https:\\\/\\\/www.monaco-tribune.com\\\/wp-content\\\/uploads\\\/2025\\\/01\\\/didier-guillaume-gouvernement-monaco-ministre-detat.jpg\",\"datePublished\":\"2025-01-17T16:40:06+00:00\",\"dateModified\":\"2025-01-17T16:40:12+00:00\",\"description\":\"Venerd\u00ec 17 gennaio, il Palazzo del Principe ha rilasciato un comunicato ufficiale per annunciare la morte di Didier Guillaume, Ministro di Stato del\",\"breadcrumb\":{\"@id\":\"https:\\\/\\\/www.monaco-tribune.com\\\/it\\\/2025\\\/01\\\/il-ministro-di-stato-di-monaco-didier-guillaume-e-deceduto-alleta-di-65-anni\\\/#breadcrumb\"},\"inLanguage\":\"it-IT\",\"potentialAction\":[{\"@type\":\"ReadAction\",\"target\":[\"https:\\\/\\\/www.monaco-tribune.com\\\/it\\\/2025\\\/01\\\/il-ministro-di-stato-di-monaco-didier-guillaume-e-deceduto-alleta-di-65-anni\\\/\"]}]},{\"@type\":\"ImageObject\",\"inLanguage\":\"it-IT\",\"@id\":\"https:\\\/\\\/www.monaco-tribune.com\\\/it\\\/2025\\\/01\\\/il-ministro-di-stato-di-monaco-didier-guillaume-e-deceduto-alleta-di-65-anni\\\/#primaryimage\",\"url\":\"https:\\\/\\\/www.monaco-tribune.com\\\/wp-content\\\/uploads\\\/2025\\\/01\\\/didier-guillaume-gouvernement-monaco-ministre-detat.jpg\",\"contentUrl\":\"https:\\\/\\\/www.monaco-tribune.com\\\/wp-content\\\/uploads\\\/2025\\\/01\\\/didier-guillaume-gouvernement-monaco-ministre-detat.jpg\",\"width\":1200,\"height\":800,\"caption\":\"Il Principe Alberto II ha reso omaggio all'impegno di Didier Guillaume nei confronti del Principato fin dal suo insediamento il 2 settembre 2024 \u00a9 Didier Guillaume \\\/ Facebook\"},{\"@type\":\"BreadcrumbList\",\"@id\":\"https:\\\/\\\/www.monaco-tribune.com\\\/it\\\/2025\\\/01\\\/il-ministro-di-stato-di-monaco-didier-guillaume-e-deceduto-alleta-di-65-anni\\\/#breadcrumb\",\"itemListElement\":[{\"@type\":\"ListItem\",\"position\":1,\"name\":\"Accueil\",\"item\":\"https:\\\/\\\/www.monaco-tribune.com\\\/it\\\/\"},{\"@type\":\"ListItem\",\"position\":2,\"name\":\"Il Ministro di Stato di Monaco Didier Guillaume \u00e8 deceduto all&#8217;et\u00e0 di 65 anni\"}]},{\"@type\":\"WebSite\",\"@id\":\"https:\\\/\\\/www.monaco-tribune.com\\\/it\\\/#website\",\"url\":\"https:\\\/\\\/www.monaco-tribune.com\\\/it\\\/\",\"name\":\"Monaco Tribune\",\"description\":\"Monaco : actualit\u00e9s \u00e9conomiques, politiques, culturelles et sportives de Monaco et de la French Riviera.\",\"publisher\":{\"@id\":\"https:\\\/\\\/www.monaco-tribune.com\\\/it\\\/#organization\"},\"potentialAction\":[{\"@type\":\"SearchAction\",\"target\":{\"@type\":\"EntryPoint\",\"urlTemplate\":\"https:\\\/\\\/www.monaco-tribune.com\\\/it\\\/?s={search_term_string}\"},\"query-input\":{\"@type\":\"PropertyValueSpecification\",\"valueRequired\":true,\"valueName\":\"search_term_string\"}}],\"inLanguage\":\"it-IT\"},{\"@type\":\"Organization\",\"@id\":\"https:\\\/\\\/www.monaco-tribune.com\\\/it\\\/#organization\",\"name\":\"Monaco Tribune\",\"url\":\"https:\\\/\\\/www.monaco-tribune.com\\\/it\\\/\",\"logo\":{\"@type\":\"ImageObject\",\"inLanguage\":\"it-IT\",\"@id\":\"https:\\\/\\\/www.monaco-tribune.com\\\/it\\\/#\\\/schema\\\/logo\\\/image\\\/\",\"url\":\"https:\\\/\\\/www.monaco-tribune.com\\\/wp-content\\\/uploads\\\/2022\\\/11\\\/logo-monaco-tribune.png\",\"contentUrl\":\"https:\\\/\\\/www.monaco-tribune.com\\\/wp-content\\\/uploads\\\/2022\\\/11\\\/logo-monaco-tribune.png\",\"width\":1548,\"height\":600,\"caption\":\"Monaco Tribune\"},\"image\":{\"@id\":\"https:\\\/\\\/www.monaco-tribune.com\\\/it\\\/#\\\/schema\\\/logo\\\/image\\\/\"},\"sameAs\":[\"https:\\\/\\\/www.facebook.com\\\/MonacoTribune\",\"https:\\\/\\\/x.com\\\/MonacoTribune\",\"https:\\\/\\\/www.instagram.com\\\/monacotribune\\\/\",\"https:\\\/\\\/www.linkedin.com\\\/company\\\/monaco-tribune\",\"https:\\\/\\\/www.youtube.com\\\/channel\\\/UCHle1MnG6hw1y4lWKijVbMA\"]},{\"@type\":\"Person\",\"@id\":\"https:\\\/\\\/www.monaco-tribune.com\\\/it\\\/#\\\/schema\\\/person\\\/55ce91a070ff78e15ec1817376669bf4\",\"name\":\"Estelle Imbert\",\"image\":{\"@type\":\"ImageObject\",\"inLanguage\":\"it-IT\",\"@id\":\"https:\\\/\\\/secure.gravatar.com\\\/avatar\\\/d2e1a3840b1138a669d04f6292bbd810f7f730844d7a28a8e8c4c6da40e79852?s=96&d=mm&r=g\",\"url\":\"https:\\\/\\\/secure.gravatar.com\\\/avatar\\\/d2e1a3840b1138a669d04f6292bbd810f7f730844d7a28a8e8c4c6da40e79852?s=96&d=mm&r=g\",\"contentUrl\":\"https:\\\/\\\/secure.gravatar.com\\\/avatar\\\/d2e1a3840b1138a669d04f6292bbd810f7f730844d7a28a8e8c4c6da40e79852?s=96&d=mm&r=g\",\"caption\":\"Estelle Imbert\"},\"url\":\"https:\\\/\\\/www.monaco-tribune.com\\\/it\\\/author\\\/estelleimbert\\\/\"}]}<\/script>\n<!-- \/ Yoast SEO Premium plugin. -->","yoast_head_json":{"title":"Il Ministro di Stato di Monaco Didier Guillaume \u00e8 deceduto all'et\u00e0 di 65 anni","description":"Venerd\u00ec 17 gennaio, il Palazzo del Principe ha rilasciato un comunicato ufficiale per annunciare la morte di Didier Guillaume, Ministro di Stato del","robots":{"index":"index","follow":"follow","max-snippet":"max-snippet:-1","max-image-preview":"max-image-preview:large","max-video-preview":"max-video-preview:-1"},"canonical":"https:\/\/www.monaco-tribune.com\/it\/2025\/01\/il-ministro-di-stato-di-monaco-didier-guillaume-e-deceduto-alleta-di-65-anni\/","og_locale":"it_IT","og_type":"article","og_title":"Il Ministro di Stato di Monaco Didier Guillaume \u00e8 deceduto all'et\u00e0 di 65 anni - Monaco Tribune","og_description":"Venerd\u00ec 17 gennaio, il Palazzo del Principe ha rilasciato un comunicato ufficiale per annunciare la morte di Didier Guillaume, Ministro di Stato del","og_url":"https:\/\/www.monaco-tribune.com\/it\/2025\/01\/il-ministro-di-stato-di-monaco-didier-guillaume-e-deceduto-alleta-di-65-anni\/","og_site_name":"Monaco Tribune","article_publisher":"https:\/\/www.facebook.com\/MonacoTribune","article_published_time":"2025-01-17T16:40:06+00:00","article_modified_time":"2025-01-17T16:40:12+00:00","og_image":[{"width":1200,"height":800,"url":"https:\/\/www.monaco-tribune.com\/wp-content\/uploads\/2025\/01\/didier-guillaume-gouvernement-monaco-ministre-detat.jpg","type":"image\/jpeg"}],"author":"Estelle Imbert","twitter_card":"summary_large_image","twitter_creator":"@MonacoTribune","twitter_site":"@MonacoTribune","schema":{"@context":"https:\/\/schema.org","@graph":[{"@type":"NewsArticle","@id":"https:\/\/www.monaco-tribune.com\/it\/2025\/01\/il-ministro-di-stato-di-monaco-didier-guillaume-e-deceduto-alleta-di-65-anni\/#article","isPartOf":{"@id":"https:\/\/www.monaco-tribune.com\/it\/2025\/01\/il-ministro-di-stato-di-monaco-didier-guillaume-e-deceduto-alleta-di-65-anni\/"},"author":{"name":"Estelle Imbert","@id":"https:\/\/www.monaco-tribune.com\/it\/#\/schema\/person\/55ce91a070ff78e15ec1817376669bf4"},"headline":"Il Ministro di Stato di Monaco Didier Guillaume \u00e8 deceduto all&#8217;et\u00e0 di 65 anni","datePublished":"2025-01-17T16:40:06+00:00","dateModified":"2025-01-17T16:40:12+00:00","mainEntityOfPage":{"@id":"https:\/\/www.monaco-tribune.com\/it\/2025\/01\/il-ministro-di-stato-di-monaco-didier-guillaume-e-deceduto-alleta-di-65-anni\/"},"wordCount":325,"publisher":{"@id":"https:\/\/www.monaco-tribune.com\/it\/#organization"},"image":{"@id":"https:\/\/www.monaco-tribune.com\/it\/2025\/01\/il-ministro-di-stato-di-monaco-didier-guillaume-e-deceduto-alleta-di-65-anni\/#primaryimage"},"thumbnailUrl":"https:\/\/www.monaco-tribune.com\/wp-content\/uploads\/2025\/01\/didier-guillaume-gouvernement-monaco-ministre-detat.jpg","keywords":["Ministro"],"articleSection":["La nostra scelta","Notizie","Societ\u00e0"],"inLanguage":"it-IT","copyrightYear":"2025","copyrightHolder":{"@id":"https:\/\/www.monaco-tribune.com\/#organization"}},{"@type":"WebPage","@id":"https:\/\/www.monaco-tribune.com\/it\/2025\/01\/il-ministro-di-stato-di-monaco-didier-guillaume-e-deceduto-alleta-di-65-anni\/","url":"https:\/\/www.monaco-tribune.com\/it\/2025\/01\/il-ministro-di-stato-di-monaco-didier-guillaume-e-deceduto-alleta-di-65-anni\/","name":"Il Ministro di Stato di Monaco Didier Guillaume \u00e8 deceduto all'et\u00e0 di 65 anni","isPartOf":{"@id":"https:\/\/www.monaco-tribune.com\/it\/#website"},"primaryImageOfPage":{"@id":"https:\/\/www.monaco-tribune.com\/it\/2025\/01\/il-ministro-di-stato-di-monaco-didier-guillaume-e-deceduto-alleta-di-65-anni\/#primaryimage"},"image":{"@id":"https:\/\/www.monaco-tribune.com\/it\/2025\/01\/il-ministro-di-stato-di-monaco-didier-guillaume-e-deceduto-alleta-di-65-anni\/#primaryimage"},"thumbnailUrl":"https:\/\/www.monaco-tribune.com\/wp-content\/uploads\/2025\/01\/didier-guillaume-gouvernement-monaco-ministre-detat.jpg","datePublished":"2025-01-17T16:40:06+00:00","dateModified":"2025-01-17T16:40:12+00:00","description":"Venerd\u00ec 17 gennaio, il Palazzo del Principe ha rilasciato un comunicato ufficiale per annunciare la morte di Didier Guillaume, Ministro di Stato del","breadcrumb":{"@id":"https:\/\/www.monaco-tribune.com\/it\/2025\/01\/il-ministro-di-stato-di-monaco-didier-guillaume-e-deceduto-alleta-di-65-anni\/#breadcrumb"},"inLanguage":"it-IT","potentialAction":[{"@type":"ReadAction","target":["https:\/\/www.monaco-tribune.com\/it\/2025\/01\/il-ministro-di-stato-di-monaco-didier-guillaume-e-deceduto-alleta-di-65-anni\/"]}]},{"@type":"ImageObject","inLanguage":"it-IT","@id":"https:\/\/www.monaco-tribune.com\/it\/2025\/01\/il-ministro-di-stato-di-monaco-didier-guillaume-e-deceduto-alleta-di-65-anni\/#primaryimage","url":"https:\/\/www.monaco-tribune.com\/wp-content\/uploads\/2025\/01\/didier-guillaume-gouvernement-monaco-ministre-detat.jpg","contentUrl":"https:\/\/www.monaco-tribune.com\/wp-content\/uploads\/2025\/01\/didier-guillaume-gouvernement-monaco-ministre-detat.jpg","width":1200,"height":800,"caption":"Il Principe Alberto II ha reso omaggio all'impegno di Didier Guillaume nei confronti del Principato fin dal suo insediamento il 2 settembre 2024 \u00a9 Didier Guillaume \/ Facebook"},{"@type":"BreadcrumbList","@id":"https:\/\/www.monaco-tribune.com\/it\/2025\/01\/il-ministro-di-stato-di-monaco-didier-guillaume-e-deceduto-alleta-di-65-anni\/#breadcrumb","itemListElement":[{"@type":"ListItem","position":1,"name":"Accueil","item":"https:\/\/www.monaco-tribune.com\/it\/"},{"@type":"ListItem","position":2,"name":"Il Ministro di Stato di Monaco Didier Guillaume \u00e8 deceduto all&#8217;et\u00e0 di 65 anni"}]},{"@type":"WebSite","@id":"https:\/\/www.monaco-tribune.com\/it\/#website","url":"https:\/\/www.monaco-tribune.com\/it\/","name":"Monaco Tribune","description":"Monaco : actualit\u00e9s \u00e9conomiques, politiques, culturelles et sportives de Monaco et de la French Riviera.","publisher":{"@id":"https:\/\/www.monaco-tribune.com\/it\/#organization"},"potentialAction":[{"@type":"SearchAction","target":{"@type":"EntryPoint","urlTemplate":"https:\/\/www.monaco-tribune.com\/it\/?s={search_term_string}"},"query-input":{"@type":"PropertyValueSpecification","valueRequired":true,"valueName":"search_term_string"}}],"inLanguage":"it-IT"},{"@type":"Organization","@id":"https:\/\/www.monaco-tribune.com\/it\/#organization","name":"Monaco Tribune","url":"https:\/\/www.monaco-tribune.com\/it\/","logo":{"@type":"ImageObject","inLanguage":"it-IT","@id":"https:\/\/www.monaco-tribune.com\/it\/#\/schema\/logo\/image\/","url":"https:\/\/www.monaco-tribune.com\/wp-content\/uploads\/2022\/11\/logo-monaco-tribune.png","contentUrl":"https:\/\/www.monaco-tribune.com\/wp-content\/uploads\/2022\/11\/logo-monaco-tribune.png","width":1548,"height":600,"caption":"Monaco Tribune"},"image":{"@id":"https:\/\/www.monaco-tribune.com\/it\/#\/schema\/logo\/image\/"},"sameAs":["https:\/\/www.facebook.com\/MonacoTribune","https:\/\/x.com\/MonacoTribune","https:\/\/www.instagram.com\/monacotribune\/","https:\/\/www.linkedin.com\/company\/monaco-tribune","https:\/\/www.youtube.com\/channel\/UCHle1MnG6hw1y4lWKijVbMA"]},{"@type":"Person","@id":"https:\/\/www.monaco-tribune.com\/it\/#\/schema\/person\/55ce91a070ff78e15ec1817376669bf4","name":"Estelle Imbert","image":{"@type":"ImageObject","inLanguage":"it-IT","@id":"https:\/\/secure.gravatar.com\/avatar\/d2e1a3840b1138a669d04f6292bbd810f7f730844d7a28a8e8c4c6da40e79852?s=96&d=mm&r=g","url":"https:\/\/secure.gravatar.com\/avatar\/d2e1a3840b1138a669d04f6292bbd810f7f730844d7a28a8e8c4c6da40e79852?s=96&d=mm&r=g","contentUrl":"https:\/\/secure.gravatar.com\/avatar\/d2e1a3840b1138a669d04f6292bbd810f7f730844d7a28a8e8c4c6da40e79852?s=96&d=mm&r=g","caption":"Estelle Imbert"},"url":"https:\/\/www.monaco-tribune.com\/it\/author\/estelleimbert\/"}]}},"_links":{"self":[{"href":"https:\/\/www.monaco-tribune.com\/it\/wp-json\/wp\/v2\/posts\/272228","targetHints":{"allow":["GET"]}}],"collection":[{"href":"https:\/\/www.monaco-tribune.com\/it\/wp-json\/wp\/v2\/posts"}],"about":[{"href":"https:\/\/www.monaco-tribune.com\/it\/wp-json\/wp\/v2\/types\/post"}],"author":[{"embeddable":true,"href":"https:\/\/www.monaco-tribune.com\/it\/wp-json\/wp\/v2\/users\/80"}],"replies":[{"embeddable":true,"href":"https:\/\/www.monaco-tribune.com\/it\/wp-json\/wp\/v2\/comments?post=272228"}],"version-history":[{"count":2,"href":"https:\/\/www.monaco-tribune.com\/it\/wp-json\/wp\/v2\/posts\/272228\/revisions"}],"predecessor-version":[{"id":272231,"href":"https:\/\/www.monaco-tribune.com\/it\/wp-json\/wp\/v2\/posts\/272228\/revisions\/272231"}],"wp:featuredmedia":[{"embeddable":true,"href":"https:\/\/www.monaco-tribune.com\/it\/wp-json\/wp\/v2\/media\/272175"}],"wp:attachment":[{"href":"https:\/\/www.monaco-tribune.com\/it\/wp-json\/wp\/v2\/media?parent=272228"}],"wp:term":[{"taxonomy":"category","embeddable":true,"href":"https:\/\/www.monaco-tribune.com\/it\/wp-json\/wp\/v2\/categories?post=272228"},{"taxonomy":"post_tag","embeddable":true,"href":"https:\/\/www.monaco-tribune.com\/it\/wp-json\/wp\/v2\/tags?post=272228"},{"taxonomy":"sectag","embeddable":true,"href":"https:\/\/www.monaco-tribune.com\/it\/wp-json\/wp\/v2\/post_sectags?post=272228"},{"taxonomy":"format","embeddable":true,"href":"https:\/\/www.monaco-tribune.com\/it\/wp-json\/wp\/v2\/post_format?post=272228"}],"curies":[{"name":"wp","href":"https:\/\/api.w.org\/{rel}","templated":true}]}}