{"id":272997,"date":"2025-01-22T19:10:12","date_gmt":"2025-01-22T17:10:12","guid":{"rendered":"https:\/\/www.monaco-tribune.com\/2025\/01\/il-principe-alberto-ii-e-charles-leclerc-allinaugurazione-di-un-ristorante-britannico-nel-quartiere-piu-caro-del-mondo\/"},"modified":"2025-01-22T19:10:17","modified_gmt":"2025-01-22T17:10:17","slug":"il-principe-alberto-ii-e-charles-leclerc-allinaugurazione-di-un-ristorante-britannico-nel-quartiere-piu-caro-del-mondo","status":"publish","type":"post","link":"https:\/\/www.monaco-tribune.com\/it\/2025\/01\/il-principe-alberto-ii-e-charles-leclerc-allinaugurazione-di-un-ristorante-britannico-nel-quartiere-piu-caro-del-mondo\/","title":{"rendered":"Il Principe Alberto II e Charles Leclerc all&#8217;inaugurazione di un ristorante britannico nel quartiere pi\u00f9 caro del mondo"},"content":{"rendered":"\n<p><strong>Inaugurato il 4 dicembre dalla Famiglia Principesca, Mareterra, un nuovo eco-quartiere di sei ettari costruito sul Mediterraneo, accoglie piano piano i suoi nuovi abitanti e i suoi nuovi negozi.<\/strong><\/p>\n\n<p>Mercoled\u00ec 15 gennaio, alla presenza del Principe Alberto II, \u00e8 stato inaugurato Marlow, il nuovissimo ristorante della Soci\u00e9t\u00e9 des Bains de Mer (SBM). Il locale si trova a Mareterra, il quartiere in cui il prezzo al metro quadro supera i 100.000 euro, probabilmente il pi\u00f9 caro al mondo.<\/p>\n\n<p class=\"related\"><a href=\"https:\/\/www.monaco-tribune.com\/it\/2024\/12\/monaco-si-espande-la-famiglia-principesca-inaugura-leco-quartiere-mareterra\/\">Monaco si espande: la Famiglia Principesca inaugura l\u2019eco-quartiere Mareterra<\/a><\/p>\n\n<h2 class=\"wp-block-heading\" id=\"h-charles-leclerc-parmi-les-invites\">Charles Leclerc tra gli invitati<\/h2>\n\n<p>L&#8217;inaugurazione \u00e8 stata piuttosto riservata con il Principe Alberto II, St\u00e9phane Valeri, CEO della SBM, e Albert Manzone, Amministratore Delegato della SBM, oltre a ospiti ufficiali e istituzionali del Principato di Monaco. All&#8217;evento hanno partecipato Georges Marsan, sindaco di Monaco, il pilota di Formula 1 Charles Leclerc e la sua compagna Alexandra Saint Mleux.<\/p>\n<div class=\"wp-block-image\">\n<figure class=\"aligncenter size-full\"><img loading=\"lazy\" decoding=\"async\" width=\"800\" height=\"800\" src=\"https:\/\/www.monaco-tribune.com\/wp-content\/uploads\/2025\/01\/2-inauguration-marlow-15.01.2025-monte-carlo-sbm-a.duprat-24-1.jpg\" alt=\"Charles Leclerc inauguration Marlow\" class=\"wp-image-272750\" srcset=\"https:\/\/www.monaco-tribune.com\/wp-content\/uploads\/2025\/01\/2-inauguration-marlow-15.01.2025-monte-carlo-sbm-a.duprat-24-1.jpg 800w, https:\/\/www.monaco-tribune.com\/wp-content\/uploads\/2025\/01\/2-inauguration-marlow-15.01.2025-monte-carlo-sbm-a.duprat-24-1-300x300.jpg 300w\" sizes=\"auto, (max-width: 800px) 100vw, 800px\" \/><figcaption class=\"wp-element-caption\"><em>Charles Leclerc con St\u00e9phane Valeri e Alexandra Saint Mleux \u00a9 Monte-Carlo SBM<\/em><\/figcaption><\/figure>\n<\/div>\n<h2 class=\"wp-block-heading\" id=\"h-un-concept-all-day-dining\">Un \u201cconcept all day dining\u201d<\/h2>\n\n<p>Situato nel cuore di Mareterra, in Place Princesse Gabriella, il ristorante Marlow ha aperto al pubblico il 16 gennaio. Gestito da Bryan Gaillard, il concept \u00e8 quello di un &#8220;all day dining&#8221;, in cui si pu\u00f2 mangiare dal giorno alla sera e godere dell&#8217;atmosfera chic e rilassata di un club inglese.<\/p>\n\n<p>Progettato dall&#8217;interior designer franco-messicano Hugo Toro, il ristorante rende omaggio all&#8217;eleganza d&#8217;oltremanica, e serve specialit\u00e0 inglesi e cocktail dalle 8:30 a mezzanotte.<\/p>\n\n<p class=\"related\"><a href=\"https:\/\/www.monaco-tribune.com\/it\/2025\/01\/monte-carlo-beach-cantine-dellhotel-de-paris-marlow-le-grandi-novita-della-sbm-nel-2025\/\">Monte-Carlo Beach, Cantine dell\u2019H\u00f4tel de Paris, Marlow\u2026 Le grandi novit\u00e0 della SBM nel 2025<\/a><\/p>\n\n<blockquote class=\"instagram-media\" data-instgrm-permalink=\"https:\/\/www.instagram.com\/reel\/DE7r2kmIMwV\/?utm_source=ig_embed&#038;utm_campaign=loading\" data-instgrm-version=\"14\" style=\" background:#FFF; border:0; border-radius:3px; box-shadow:0 0 1px 0 rgba(0,0,0,0.5),0 1px 10px 0 rgba(0,0,0,0.15); margin: 1px; max-width:540px; min-width:326px; padding:0; width:99.375%; width:-webkit-calc(100% - 2px); width:calc(100% - 2px);\"><div style=\"padding:16px;\"> <a href=\"https:\/\/www.instagram.com\/reel\/DE7r2kmIMwV\/?utm_source=ig_embed&#038;utm_campaign=loading\" style=\" background:#FFFFFF; line-height:0; padding:0 0; text-align:center; text-decoration:none; width:100%;\" target=\"_blank\"> <div style=\" display: flex; flex-direction: row; align-items: center;\"> <div style=\"background-color: #F4F4F4; border-radius: 50%; flex-grow: 0; height: 40px; margin-right: 14px; width: 40px;\"><\/div> <div style=\"display: flex; flex-direction: column; flex-grow: 1; justify-content: center;\"> <div style=\" background-color: #F4F4F4; border-radius: 4px; flex-grow: 0; height: 14px; margin-bottom: 6px; width: 100px;\"><\/div> <div style=\" background-color: #F4F4F4; border-radius: 4px; flex-grow: 0; height: 14px; width: 60px;\"><\/div><\/div><\/div><div style=\"padding: 19% 0;\"><\/div> <div style=\"display:block; height:50px; margin:0 auto 12px; width:50px;\"><svg width=\"50px\" height=\"50px\" viewbox=\"0 0 60 60\" version=\"1.1\" xmlns=\"https:\/\/www.w3.org\/2000\/svg\" xmlns:xlink=\"https:\/\/www.w3.org\/1999\/xlink\"><g stroke=\"none\" stroke-width=\"1\" fill=\"none\" fill-rule=\"evenodd\"><g transform=\"translate(-511.000000, -20.000000)\" fill=\"#000000\"><g><path d=\"M556.869,30.41 C554.814,30.41 553.148,32.076 553.148,34.131 C553.148,36.186 554.814,37.852 556.869,37.852 C558.924,37.852 560.59,36.186 560.59,34.131 C560.59,32.076 558.924,30.41 556.869,30.41 M541,60.657 C535.114,60.657 530.342,55.887 530.342,50 C530.342,44.114 535.114,39.342 541,39.342 C546.887,39.342 551.658,44.114 551.658,50 C551.658,55.887 546.887,60.657 541,60.657 M541,33.886 C532.1,33.886 524.886,41.1 524.886,50 C524.886,58.899 532.1,66.113 541,66.113 C549.9,66.113 557.115,58.899 557.115,50 C557.115,41.1 549.9,33.886 541,33.886 M565.378,62.101 C565.244,65.022 564.756,66.606 564.346,67.663 C563.803,69.06 563.154,70.057 562.106,71.106 C561.058,72.155 560.06,72.803 558.662,73.347 C557.607,73.757 556.021,74.244 553.102,74.378 C549.944,74.521 548.997,74.552 541,74.552 C533.003,74.552 532.056,74.521 528.898,74.378 C525.979,74.244 524.393,73.757 523.338,73.347 C521.94,72.803 520.942,72.155 519.894,71.106 C518.846,70.057 518.197,69.06 517.654,67.663 C517.244,66.606 516.755,65.022 516.623,62.101 C516.479,58.943 516.448,57.996 516.448,50 C516.448,42.003 516.479,41.056 516.623,37.899 C516.755,34.978 517.244,33.391 517.654,32.338 C518.197,30.938 518.846,29.942 519.894,28.894 C520.942,27.846 521.94,27.196 523.338,26.654 C524.393,26.244 525.979,25.756 528.898,25.623 C532.057,25.479 533.004,25.448 541,25.448 C548.997,25.448 549.943,25.479 553.102,25.623 C556.021,25.756 557.607,26.244 558.662,26.654 C560.06,27.196 561.058,27.846 562.106,28.894 C563.154,29.942 563.803,30.938 564.346,32.338 C564.756,33.391 565.244,34.978 565.378,37.899 C565.522,41.056 565.552,42.003 565.552,50 C565.552,57.996 565.522,58.943 565.378,62.101 M570.82,37.631 C570.674,34.438 570.167,32.258 569.425,30.349 C568.659,28.377 567.633,26.702 565.965,25.035 C564.297,23.368 562.623,22.342 560.652,21.575 C558.743,20.834 556.562,20.326 553.369,20.18 C550.169,20.033 549.148,20 541,20 C532.853,20 531.831,20.033 528.631,20.18 C525.438,20.326 523.257,20.834 521.349,21.575 C519.376,22.342 517.703,23.368 516.035,25.035 C514.368,26.702 513.342,28.377 512.574,30.349 C511.834,32.258 511.326,34.438 511.181,37.631 C511.035,40.831 511,41.851 511,50 C511,58.147 511.035,59.17 511.181,62.369 C511.326,65.562 511.834,67.743 512.574,69.651 C513.342,71.625 514.368,73.296 516.035,74.965 C517.703,76.634 519.376,77.658 521.349,78.425 C523.257,79.167 525.438,79.673 528.631,79.82 C531.831,79.965 532.853,80.001 541,80.001 C549.148,80.001 550.169,79.965 553.369,79.82 C556.562,79.673 558.743,79.167 560.652,78.425 C562.623,77.658 564.297,76.634 565.965,74.965 C567.633,73.296 568.659,71.625 569.425,69.651 C570.167,67.743 570.674,65.562 570.82,62.369 C570.966,59.17 571,58.147 571,50 C571,41.851 570.966,40.831 570.82,37.631\"><\/path><\/g><\/g><\/g><\/svg><\/div><div style=\"padding-top: 8px;\"> <div style=\" color:#3897f0; font-family:Arial,sans-serif; font-size:14px; font-style:normal; font-weight:550; line-height:18px;\">View this post on Instagram<\/div><\/div><div style=\"padding: 12.5% 0;\"><\/div> <div style=\"display: flex; flex-direction: row; margin-bottom: 14px; align-items: center;\"><div> <div style=\"background-color: #F4F4F4; border-radius: 50%; height: 12.5px; width: 12.5px; transform: translateX(0px) translateY(7px);\"><\/div> <div style=\"background-color: #F4F4F4; height: 12.5px; transform: rotate(-45deg) translateX(3px) translateY(1px); width: 12.5px; flex-grow: 0; margin-right: 14px; margin-left: 2px;\"><\/div> <div style=\"background-color: #F4F4F4; border-radius: 50%; height: 12.5px; width: 12.5px; transform: translateX(9px) translateY(-18px);\"><\/div><\/div><div style=\"margin-left: 8px;\"> <div style=\" background-color: #F4F4F4; border-radius: 50%; flex-grow: 0; height: 20px; width: 20px;\"><\/div> <div style=\" width: 0; height: 0; border-top: 2px solid transparent; border-left: 6px solid #f4f4f4; border-bottom: 2px solid transparent; transform: translateX(16px) translateY(-4px) rotate(30deg)\"><\/div><\/div><div style=\"margin-left: auto;\"> <div style=\" width: 0px; border-top: 8px solid #F4F4F4; border-right: 8px solid transparent; transform: translateY(16px);\"><\/div> <div style=\" background-color: #F4F4F4; flex-grow: 0; height: 12px; width: 16px; transform: translateY(-4px);\"><\/div> <div style=\" width: 0; height: 0; border-top: 8px solid #F4F4F4; border-left: 8px solid transparent; transform: translateY(-4px) translateX(8px);\"><\/div><\/div><\/div> <div style=\"display: flex; flex-direction: column; flex-grow: 1; justify-content: center; margin-bottom: 24px;\"> <div style=\" background-color: #F4F4F4; border-radius: 4px; flex-grow: 0; height: 14px; margin-bottom: 6px; width: 224px;\"><\/div> <div style=\" background-color: #F4F4F4; border-radius: 4px; flex-grow: 0; height: 14px; width: 144px;\"><\/div><\/div><\/a><p style=\" color:#c9c8cd; font-family:Arial,sans-serif; font-size:14px; line-height:17px; margin-bottom:0; margin-top:8px; overflow:hidden; padding:8px 0 7px; text-align:center; text-overflow:ellipsis; white-space:nowrap;\"><a href=\"https:\/\/www.instagram.com\/reel\/DE7r2kmIMwV\/?utm_source=ig_embed&#038;utm_campaign=loading\" style=\" color:#c9c8cd; font-family:Arial,sans-serif; font-size:14px; font-style:normal; font-weight:normal; line-height:17px; text-decoration:none;\" target=\"_blank\">A post shared by Monte-Carlo Soci\u00e9t\u00e9 des Bains de Mer (@montecarlosbm)<\/a><\/p><\/div><\/blockquote>\r\n<script async=\"\" src=\"\/\/www.instagram.com\/embed.js\"><\/script>\r\n\n<p>\u201cMarlow si aggiunge alla collezione di bar e ristoranti della Monte-Carlo Soci\u00e9t\u00e9 des Bains de Mer, che conta gi\u00e0 una trentina di locali a Monaco. Questo nuovo concept \u00e8 stato creato per attirare la clientela prevalentemente anglofona del nuovo quartiere monegasco, ma anche, naturalmente, i residenti e i visitatori del Principato\u201d, ha dichiarato Albert Manzone, direttore generale della Monte-Carlo Soci\u00e9t\u00e9 des Bains de Mer, in occasione dell&#8217;apertura del ristorante.<\/p>\n","protected":false},"excerpt":{"rendered":"<p>Inaugurato il 4 dicembre dalla Famiglia Principesca, Mareterra, un nuovo eco-quartiere di sei ettari costruito sul Mediterraneo, accoglie piano piano [&hellip;]<\/p>\n","protected":false},"author":81,"featured_media":272741,"comment_status":"closed","ping_status":"closed","sticky":false,"template":"","format":"standard","meta":{"_acf_changed":false,"footnotes":""},"categories":[1742,1738],"tags":[5230],"post_sectags":[],"post_format":[2478],"class_list":["post-272997","post","type-post","status-publish","format-standard","has-post-thumbnail","hentry","category-famiglia-principesca","category-notizie","tag-principe-alberto-ii-it","format-notizia"],"acf":[],"yoast_head":"<!-- This site is optimized with the Yoast SEO Premium plugin v26.8 (Yoast SEO v27.4) - https:\/\/yoast.com\/product\/yoast-seo-premium-wordpress\/ -->\n<title>Il Principe Alberto II e Charles Leclerc all&#039;inaugurazione di un ristorante britannico nel quartiere pi\u00f9 caro del mondo<\/title>\n<meta name=\"description\" content=\"Inaugurato il 4 dicembre dalla Famiglia Principesca, Mareterra, un nuovo eco-quartiere di sei ettari costruito sul Mediterraneo, accoglie piano piano i\" \/>\n<meta name=\"robots\" content=\"index, follow, max-snippet:-1, max-image-preview:large, max-video-preview:-1\" \/>\n<link rel=\"canonical\" href=\"https:\/\/www.monaco-tribune.com\/it\/2025\/01\/il-principe-alberto-ii-e-charles-leclerc-allinaugurazione-di-un-ristorante-britannico-nel-quartiere-piu-caro-del-mondo\/\" \/>\n<meta property=\"og:locale\" content=\"it_IT\" \/>\n<meta property=\"og:type\" content=\"article\" \/>\n<meta property=\"og:title\" content=\"Il Principe Alberto II e Charles Leclerc all&#039;inaugurazione di un ristorante britannico nel quartiere pi\u00f9 caro del mondo - Monaco Tribune\" \/>\n<meta property=\"og:description\" content=\"Inaugurato il 4 dicembre dalla Famiglia Principesca, Mareterra, un nuovo eco-quartiere di sei ettari costruito sul Mediterraneo, accoglie piano piano i\" \/>\n<meta property=\"og:url\" content=\"https:\/\/www.monaco-tribune.com\/it\/2025\/01\/il-principe-alberto-ii-e-charles-leclerc-allinaugurazione-di-un-ristorante-britannico-nel-quartiere-piu-caro-del-mondo\/\" \/>\n<meta property=\"og:site_name\" content=\"Monaco Tribune\" \/>\n<meta property=\"article:publisher\" content=\"https:\/\/www.facebook.com\/MonacoTribune\" \/>\n<meta property=\"article:published_time\" content=\"2025-01-22T17:10:12+00:00\" \/>\n<meta property=\"article:modified_time\" content=\"2025-01-22T17:10:17+00:00\" \/>\n<meta property=\"og:image\" content=\"https:\/\/www.monaco-tribune.com\/wp-content\/uploads\/2025\/01\/1-inauguration-marlow-15.01.2025-monte-carlo-sbm-a.duprat-37.jpg\" \/>\n\t<meta property=\"og:image:width\" content=\"800\" \/>\n\t<meta property=\"og:image:height\" content=\"600\" \/>\n\t<meta property=\"og:image:type\" content=\"image\/jpeg\" \/>\n<meta name=\"author\" content=\"Lo\u00efc Savaresse\" \/>\n<meta name=\"twitter:card\" content=\"summary_large_image\" \/>\n<meta name=\"twitter:creator\" content=\"@MonacoTribune\" \/>\n<meta name=\"twitter:site\" content=\"@MonacoTribune\" \/>\n<script type=\"application\/ld+json\" class=\"yoast-schema-graph\">{\"@context\":\"https:\\\/\\\/schema.org\",\"@graph\":[{\"@type\":\"NewsArticle\",\"@id\":\"https:\\\/\\\/www.monaco-tribune.com\\\/it\\\/2025\\\/01\\\/il-principe-alberto-ii-e-charles-leclerc-allinaugurazione-di-un-ristorante-britannico-nel-quartiere-piu-caro-del-mondo\\\/#article\",\"isPartOf\":{\"@id\":\"https:\\\/\\\/www.monaco-tribune.com\\\/it\\\/2025\\\/01\\\/il-principe-alberto-ii-e-charles-leclerc-allinaugurazione-di-un-ristorante-britannico-nel-quartiere-piu-caro-del-mondo\\\/\"},\"author\":{\"name\":\"Lo\u00efc Savaresse\",\"@id\":\"https:\\\/\\\/www.monaco-tribune.com\\\/it\\\/#\\\/schema\\\/person\\\/038be413d70c68969e8c6013f2520a39\"},\"headline\":\"Il Principe Alberto II e Charles Leclerc all&#8217;inaugurazione di un ristorante britannico nel quartiere pi\u00f9 caro del mondo\",\"datePublished\":\"2025-01-22T17:10:12+00:00\",\"dateModified\":\"2025-01-22T17:10:17+00:00\",\"mainEntityOfPage\":{\"@id\":\"https:\\\/\\\/www.monaco-tribune.com\\\/it\\\/2025\\\/01\\\/il-principe-alberto-ii-e-charles-leclerc-allinaugurazione-di-un-ristorante-britannico-nel-quartiere-piu-caro-del-mondo\\\/\"},\"wordCount\":357,\"publisher\":{\"@id\":\"https:\\\/\\\/www.monaco-tribune.com\\\/it\\\/#organization\"},\"image\":{\"@id\":\"https:\\\/\\\/www.monaco-tribune.com\\\/it\\\/2025\\\/01\\\/il-principe-alberto-ii-e-charles-leclerc-allinaugurazione-di-un-ristorante-britannico-nel-quartiere-piu-caro-del-mondo\\\/#primaryimage\"},\"thumbnailUrl\":\"https:\\\/\\\/www.monaco-tribune.com\\\/wp-content\\\/uploads\\\/2025\\\/01\\\/1-inauguration-marlow-15.01.2025-monte-carlo-sbm-a.duprat-37.jpg\",\"keywords\":[\"Principe Alberto II\"],\"articleSection\":[\"Famiglia Principesca\",\"Notizie\"],\"inLanguage\":\"it-IT\",\"copyrightYear\":\"2025\",\"copyrightHolder\":{\"@id\":\"https:\\\/\\\/www.monaco-tribune.com\\\/#organization\"}},{\"@type\":\"WebPage\",\"@id\":\"https:\\\/\\\/www.monaco-tribune.com\\\/it\\\/2025\\\/01\\\/il-principe-alberto-ii-e-charles-leclerc-allinaugurazione-di-un-ristorante-britannico-nel-quartiere-piu-caro-del-mondo\\\/\",\"url\":\"https:\\\/\\\/www.monaco-tribune.com\\\/it\\\/2025\\\/01\\\/il-principe-alberto-ii-e-charles-leclerc-allinaugurazione-di-un-ristorante-britannico-nel-quartiere-piu-caro-del-mondo\\\/\",\"name\":\"Il Principe Alberto II e Charles Leclerc all'inaugurazione di un ristorante britannico nel quartiere pi\u00f9 caro del mondo\",\"isPartOf\":{\"@id\":\"https:\\\/\\\/www.monaco-tribune.com\\\/it\\\/#website\"},\"primaryImageOfPage\":{\"@id\":\"https:\\\/\\\/www.monaco-tribune.com\\\/it\\\/2025\\\/01\\\/il-principe-alberto-ii-e-charles-leclerc-allinaugurazione-di-un-ristorante-britannico-nel-quartiere-piu-caro-del-mondo\\\/#primaryimage\"},\"image\":{\"@id\":\"https:\\\/\\\/www.monaco-tribune.com\\\/it\\\/2025\\\/01\\\/il-principe-alberto-ii-e-charles-leclerc-allinaugurazione-di-un-ristorante-britannico-nel-quartiere-piu-caro-del-mondo\\\/#primaryimage\"},\"thumbnailUrl\":\"https:\\\/\\\/www.monaco-tribune.com\\\/wp-content\\\/uploads\\\/2025\\\/01\\\/1-inauguration-marlow-15.01.2025-monte-carlo-sbm-a.duprat-37.jpg\",\"datePublished\":\"2025-01-22T17:10:12+00:00\",\"dateModified\":\"2025-01-22T17:10:17+00:00\",\"description\":\"Inaugurato il 4 dicembre dalla Famiglia Principesca, Mareterra, un nuovo eco-quartiere di sei ettari costruito sul Mediterraneo, accoglie piano piano i\",\"breadcrumb\":{\"@id\":\"https:\\\/\\\/www.monaco-tribune.com\\\/it\\\/2025\\\/01\\\/il-principe-alberto-ii-e-charles-leclerc-allinaugurazione-di-un-ristorante-britannico-nel-quartiere-piu-caro-del-mondo\\\/#breadcrumb\"},\"inLanguage\":\"it-IT\",\"potentialAction\":[{\"@type\":\"ReadAction\",\"target\":[\"https:\\\/\\\/www.monaco-tribune.com\\\/it\\\/2025\\\/01\\\/il-principe-alberto-ii-e-charles-leclerc-allinaugurazione-di-un-ristorante-britannico-nel-quartiere-piu-caro-del-mondo\\\/\"]}]},{\"@type\":\"ImageObject\",\"inLanguage\":\"it-IT\",\"@id\":\"https:\\\/\\\/www.monaco-tribune.com\\\/it\\\/2025\\\/01\\\/il-principe-alberto-ii-e-charles-leclerc-allinaugurazione-di-un-ristorante-britannico-nel-quartiere-piu-caro-del-mondo\\\/#primaryimage\",\"url\":\"https:\\\/\\\/www.monaco-tribune.com\\\/wp-content\\\/uploads\\\/2025\\\/01\\\/1-inauguration-marlow-15.01.2025-monte-carlo-sbm-a.duprat-37.jpg\",\"contentUrl\":\"https:\\\/\\\/www.monaco-tribune.com\\\/wp-content\\\/uploads\\\/2025\\\/01\\\/1-inauguration-marlow-15.01.2025-monte-carlo-sbm-a.duprat-37.jpg\",\"width\":800,\"height\":600,\"caption\":\"\u00a9\u00a0Monte-Carlo SBM\"},{\"@type\":\"BreadcrumbList\",\"@id\":\"https:\\\/\\\/www.monaco-tribune.com\\\/it\\\/2025\\\/01\\\/il-principe-alberto-ii-e-charles-leclerc-allinaugurazione-di-un-ristorante-britannico-nel-quartiere-piu-caro-del-mondo\\\/#breadcrumb\",\"itemListElement\":[{\"@type\":\"ListItem\",\"position\":1,\"name\":\"Accueil\",\"item\":\"https:\\\/\\\/www.monaco-tribune.com\\\/it\\\/\"},{\"@type\":\"ListItem\",\"position\":2,\"name\":\"Il Principe Alberto II e Charles Leclerc all&#8217;inaugurazione di un ristorante britannico nel quartiere pi\u00f9 caro del mondo\"}]},{\"@type\":\"WebSite\",\"@id\":\"https:\\\/\\\/www.monaco-tribune.com\\\/it\\\/#website\",\"url\":\"https:\\\/\\\/www.monaco-tribune.com\\\/it\\\/\",\"name\":\"Monaco Tribune\",\"description\":\"Monaco : actualit\u00e9s \u00e9conomiques, politiques, culturelles et sportives de Monaco et de la French Riviera.\",\"publisher\":{\"@id\":\"https:\\\/\\\/www.monaco-tribune.com\\\/it\\\/#organization\"},\"potentialAction\":[{\"@type\":\"SearchAction\",\"target\":{\"@type\":\"EntryPoint\",\"urlTemplate\":\"https:\\\/\\\/www.monaco-tribune.com\\\/it\\\/?s={search_term_string}\"},\"query-input\":{\"@type\":\"PropertyValueSpecification\",\"valueRequired\":true,\"valueName\":\"search_term_string\"}}],\"inLanguage\":\"it-IT\"},{\"@type\":\"Organization\",\"@id\":\"https:\\\/\\\/www.monaco-tribune.com\\\/it\\\/#organization\",\"name\":\"Monaco Tribune\",\"url\":\"https:\\\/\\\/www.monaco-tribune.com\\\/it\\\/\",\"logo\":{\"@type\":\"ImageObject\",\"inLanguage\":\"it-IT\",\"@id\":\"https:\\\/\\\/www.monaco-tribune.com\\\/it\\\/#\\\/schema\\\/logo\\\/image\\\/\",\"url\":\"https:\\\/\\\/www.monaco-tribune.com\\\/wp-content\\\/uploads\\\/2022\\\/11\\\/logo-monaco-tribune.png\",\"contentUrl\":\"https:\\\/\\\/www.monaco-tribune.com\\\/wp-content\\\/uploads\\\/2022\\\/11\\\/logo-monaco-tribune.png\",\"width\":1548,\"height\":600,\"caption\":\"Monaco Tribune\"},\"image\":{\"@id\":\"https:\\\/\\\/www.monaco-tribune.com\\\/it\\\/#\\\/schema\\\/logo\\\/image\\\/\"},\"sameAs\":[\"https:\\\/\\\/www.facebook.com\\\/MonacoTribune\",\"https:\\\/\\\/x.com\\\/MonacoTribune\",\"https:\\\/\\\/www.instagram.com\\\/monacotribune\\\/\",\"https:\\\/\\\/www.linkedin.com\\\/company\\\/monaco-tribune\",\"https:\\\/\\\/www.youtube.com\\\/channel\\\/UCHle1MnG6hw1y4lWKijVbMA\"]},{\"@type\":\"Person\",\"@id\":\"https:\\\/\\\/www.monaco-tribune.com\\\/it\\\/#\\\/schema\\\/person\\\/038be413d70c68969e8c6013f2520a39\",\"name\":\"Lo\u00efc Savaresse\",\"image\":{\"@type\":\"ImageObject\",\"inLanguage\":\"it-IT\",\"@id\":\"https:\\\/\\\/secure.gravatar.com\\\/avatar\\\/f6455af3179531c6fa982f7fbf5b31fba068c938a5ce7786e5fb7d84a2393df0?s=96&d=mm&r=g\",\"url\":\"https:\\\/\\\/secure.gravatar.com\\\/avatar\\\/f6455af3179531c6fa982f7fbf5b31fba068c938a5ce7786e5fb7d84a2393df0?s=96&d=mm&r=g\",\"contentUrl\":\"https:\\\/\\\/secure.gravatar.com\\\/avatar\\\/f6455af3179531c6fa982f7fbf5b31fba068c938a5ce7786e5fb7d84a2393df0?s=96&d=mm&r=g\",\"caption\":\"Lo\u00efc Savaresse\"},\"url\":\"https:\\\/\\\/www.monaco-tribune.com\\\/it\\\/author\\\/loicsavaresse\\\/\"}]}<\/script>\n<!-- \/ Yoast SEO Premium plugin. -->","yoast_head_json":{"title":"Il Principe Alberto II e Charles Leclerc all'inaugurazione di un ristorante britannico nel quartiere pi\u00f9 caro del mondo","description":"Inaugurato il 4 dicembre dalla Famiglia Principesca, Mareterra, un nuovo eco-quartiere di sei ettari costruito sul Mediterraneo, accoglie piano piano i","robots":{"index":"index","follow":"follow","max-snippet":"max-snippet:-1","max-image-preview":"max-image-preview:large","max-video-preview":"max-video-preview:-1"},"canonical":"https:\/\/www.monaco-tribune.com\/it\/2025\/01\/il-principe-alberto-ii-e-charles-leclerc-allinaugurazione-di-un-ristorante-britannico-nel-quartiere-piu-caro-del-mondo\/","og_locale":"it_IT","og_type":"article","og_title":"Il Principe Alberto II e Charles Leclerc all'inaugurazione di un ristorante britannico nel quartiere pi\u00f9 caro del mondo - Monaco Tribune","og_description":"Inaugurato il 4 dicembre dalla Famiglia Principesca, Mareterra, un nuovo eco-quartiere di sei ettari costruito sul Mediterraneo, accoglie piano piano i","og_url":"https:\/\/www.monaco-tribune.com\/it\/2025\/01\/il-principe-alberto-ii-e-charles-leclerc-allinaugurazione-di-un-ristorante-britannico-nel-quartiere-piu-caro-del-mondo\/","og_site_name":"Monaco Tribune","article_publisher":"https:\/\/www.facebook.com\/MonacoTribune","article_published_time":"2025-01-22T17:10:12+00:00","article_modified_time":"2025-01-22T17:10:17+00:00","og_image":[{"width":800,"height":600,"url":"https:\/\/www.monaco-tribune.com\/wp-content\/uploads\/2025\/01\/1-inauguration-marlow-15.01.2025-monte-carlo-sbm-a.duprat-37.jpg","type":"image\/jpeg"}],"author":"Lo\u00efc Savaresse","twitter_card":"summary_large_image","twitter_creator":"@MonacoTribune","twitter_site":"@MonacoTribune","schema":{"@context":"https:\/\/schema.org","@graph":[{"@type":"NewsArticle","@id":"https:\/\/www.monaco-tribune.com\/it\/2025\/01\/il-principe-alberto-ii-e-charles-leclerc-allinaugurazione-di-un-ristorante-britannico-nel-quartiere-piu-caro-del-mondo\/#article","isPartOf":{"@id":"https:\/\/www.monaco-tribune.com\/it\/2025\/01\/il-principe-alberto-ii-e-charles-leclerc-allinaugurazione-di-un-ristorante-britannico-nel-quartiere-piu-caro-del-mondo\/"},"author":{"name":"Lo\u00efc Savaresse","@id":"https:\/\/www.monaco-tribune.com\/it\/#\/schema\/person\/038be413d70c68969e8c6013f2520a39"},"headline":"Il Principe Alberto II e Charles Leclerc all&#8217;inaugurazione di un ristorante britannico nel quartiere pi\u00f9 caro del mondo","datePublished":"2025-01-22T17:10:12+00:00","dateModified":"2025-01-22T17:10:17+00:00","mainEntityOfPage":{"@id":"https:\/\/www.monaco-tribune.com\/it\/2025\/01\/il-principe-alberto-ii-e-charles-leclerc-allinaugurazione-di-un-ristorante-britannico-nel-quartiere-piu-caro-del-mondo\/"},"wordCount":357,"publisher":{"@id":"https:\/\/www.monaco-tribune.com\/it\/#organization"},"image":{"@id":"https:\/\/www.monaco-tribune.com\/it\/2025\/01\/il-principe-alberto-ii-e-charles-leclerc-allinaugurazione-di-un-ristorante-britannico-nel-quartiere-piu-caro-del-mondo\/#primaryimage"},"thumbnailUrl":"https:\/\/www.monaco-tribune.com\/wp-content\/uploads\/2025\/01\/1-inauguration-marlow-15.01.2025-monte-carlo-sbm-a.duprat-37.jpg","keywords":["Principe Alberto II"],"articleSection":["Famiglia Principesca","Notizie"],"inLanguage":"it-IT","copyrightYear":"2025","copyrightHolder":{"@id":"https:\/\/www.monaco-tribune.com\/#organization"}},{"@type":"WebPage","@id":"https:\/\/www.monaco-tribune.com\/it\/2025\/01\/il-principe-alberto-ii-e-charles-leclerc-allinaugurazione-di-un-ristorante-britannico-nel-quartiere-piu-caro-del-mondo\/","url":"https:\/\/www.monaco-tribune.com\/it\/2025\/01\/il-principe-alberto-ii-e-charles-leclerc-allinaugurazione-di-un-ristorante-britannico-nel-quartiere-piu-caro-del-mondo\/","name":"Il Principe Alberto II e Charles Leclerc all'inaugurazione di un ristorante britannico nel quartiere pi\u00f9 caro del mondo","isPartOf":{"@id":"https:\/\/www.monaco-tribune.com\/it\/#website"},"primaryImageOfPage":{"@id":"https:\/\/www.monaco-tribune.com\/it\/2025\/01\/il-principe-alberto-ii-e-charles-leclerc-allinaugurazione-di-un-ristorante-britannico-nel-quartiere-piu-caro-del-mondo\/#primaryimage"},"image":{"@id":"https:\/\/www.monaco-tribune.com\/it\/2025\/01\/il-principe-alberto-ii-e-charles-leclerc-allinaugurazione-di-un-ristorante-britannico-nel-quartiere-piu-caro-del-mondo\/#primaryimage"},"thumbnailUrl":"https:\/\/www.monaco-tribune.com\/wp-content\/uploads\/2025\/01\/1-inauguration-marlow-15.01.2025-monte-carlo-sbm-a.duprat-37.jpg","datePublished":"2025-01-22T17:10:12+00:00","dateModified":"2025-01-22T17:10:17+00:00","description":"Inaugurato il 4 dicembre dalla Famiglia Principesca, Mareterra, un nuovo eco-quartiere di sei ettari costruito sul Mediterraneo, accoglie piano piano i","breadcrumb":{"@id":"https:\/\/www.monaco-tribune.com\/it\/2025\/01\/il-principe-alberto-ii-e-charles-leclerc-allinaugurazione-di-un-ristorante-britannico-nel-quartiere-piu-caro-del-mondo\/#breadcrumb"},"inLanguage":"it-IT","potentialAction":[{"@type":"ReadAction","target":["https:\/\/www.monaco-tribune.com\/it\/2025\/01\/il-principe-alberto-ii-e-charles-leclerc-allinaugurazione-di-un-ristorante-britannico-nel-quartiere-piu-caro-del-mondo\/"]}]},{"@type":"ImageObject","inLanguage":"it-IT","@id":"https:\/\/www.monaco-tribune.com\/it\/2025\/01\/il-principe-alberto-ii-e-charles-leclerc-allinaugurazione-di-un-ristorante-britannico-nel-quartiere-piu-caro-del-mondo\/#primaryimage","url":"https:\/\/www.monaco-tribune.com\/wp-content\/uploads\/2025\/01\/1-inauguration-marlow-15.01.2025-monte-carlo-sbm-a.duprat-37.jpg","contentUrl":"https:\/\/www.monaco-tribune.com\/wp-content\/uploads\/2025\/01\/1-inauguration-marlow-15.01.2025-monte-carlo-sbm-a.duprat-37.jpg","width":800,"height":600,"caption":"\u00a9\u00a0Monte-Carlo SBM"},{"@type":"BreadcrumbList","@id":"https:\/\/www.monaco-tribune.com\/it\/2025\/01\/il-principe-alberto-ii-e-charles-leclerc-allinaugurazione-di-un-ristorante-britannico-nel-quartiere-piu-caro-del-mondo\/#breadcrumb","itemListElement":[{"@type":"ListItem","position":1,"name":"Accueil","item":"https:\/\/www.monaco-tribune.com\/it\/"},{"@type":"ListItem","position":2,"name":"Il Principe Alberto II e Charles Leclerc all&#8217;inaugurazione di un ristorante britannico nel quartiere pi\u00f9 caro del mondo"}]},{"@type":"WebSite","@id":"https:\/\/www.monaco-tribune.com\/it\/#website","url":"https:\/\/www.monaco-tribune.com\/it\/","name":"Monaco Tribune","description":"Monaco : actualit\u00e9s \u00e9conomiques, politiques, culturelles et sportives de Monaco et de la French Riviera.","publisher":{"@id":"https:\/\/www.monaco-tribune.com\/it\/#organization"},"potentialAction":[{"@type":"SearchAction","target":{"@type":"EntryPoint","urlTemplate":"https:\/\/www.monaco-tribune.com\/it\/?s={search_term_string}"},"query-input":{"@type":"PropertyValueSpecification","valueRequired":true,"valueName":"search_term_string"}}],"inLanguage":"it-IT"},{"@type":"Organization","@id":"https:\/\/www.monaco-tribune.com\/it\/#organization","name":"Monaco Tribune","url":"https:\/\/www.monaco-tribune.com\/it\/","logo":{"@type":"ImageObject","inLanguage":"it-IT","@id":"https:\/\/www.monaco-tribune.com\/it\/#\/schema\/logo\/image\/","url":"https:\/\/www.monaco-tribune.com\/wp-content\/uploads\/2022\/11\/logo-monaco-tribune.png","contentUrl":"https:\/\/www.monaco-tribune.com\/wp-content\/uploads\/2022\/11\/logo-monaco-tribune.png","width":1548,"height":600,"caption":"Monaco Tribune"},"image":{"@id":"https:\/\/www.monaco-tribune.com\/it\/#\/schema\/logo\/image\/"},"sameAs":["https:\/\/www.facebook.com\/MonacoTribune","https:\/\/x.com\/MonacoTribune","https:\/\/www.instagram.com\/monacotribune\/","https:\/\/www.linkedin.com\/company\/monaco-tribune","https:\/\/www.youtube.com\/channel\/UCHle1MnG6hw1y4lWKijVbMA"]},{"@type":"Person","@id":"https:\/\/www.monaco-tribune.com\/it\/#\/schema\/person\/038be413d70c68969e8c6013f2520a39","name":"Lo\u00efc Savaresse","image":{"@type":"ImageObject","inLanguage":"it-IT","@id":"https:\/\/secure.gravatar.com\/avatar\/f6455af3179531c6fa982f7fbf5b31fba068c938a5ce7786e5fb7d84a2393df0?s=96&d=mm&r=g","url":"https:\/\/secure.gravatar.com\/avatar\/f6455af3179531c6fa982f7fbf5b31fba068c938a5ce7786e5fb7d84a2393df0?s=96&d=mm&r=g","contentUrl":"https:\/\/secure.gravatar.com\/avatar\/f6455af3179531c6fa982f7fbf5b31fba068c938a5ce7786e5fb7d84a2393df0?s=96&d=mm&r=g","caption":"Lo\u00efc Savaresse"},"url":"https:\/\/www.monaco-tribune.com\/it\/author\/loicsavaresse\/"}]}},"_links":{"self":[{"href":"https:\/\/www.monaco-tribune.com\/it\/wp-json\/wp\/v2\/posts\/272997","targetHints":{"allow":["GET"]}}],"collection":[{"href":"https:\/\/www.monaco-tribune.com\/it\/wp-json\/wp\/v2\/posts"}],"about":[{"href":"https:\/\/www.monaco-tribune.com\/it\/wp-json\/wp\/v2\/types\/post"}],"author":[{"embeddable":true,"href":"https:\/\/www.monaco-tribune.com\/it\/wp-json\/wp\/v2\/users\/81"}],"replies":[{"embeddable":true,"href":"https:\/\/www.monaco-tribune.com\/it\/wp-json\/wp\/v2\/comments?post=272997"}],"version-history":[{"count":2,"href":"https:\/\/www.monaco-tribune.com\/it\/wp-json\/wp\/v2\/posts\/272997\/revisions"}],"predecessor-version":[{"id":273000,"href":"https:\/\/www.monaco-tribune.com\/it\/wp-json\/wp\/v2\/posts\/272997\/revisions\/273000"}],"wp:featuredmedia":[{"embeddable":true,"href":"https:\/\/www.monaco-tribune.com\/it\/wp-json\/wp\/v2\/media\/272741"}],"wp:attachment":[{"href":"https:\/\/www.monaco-tribune.com\/it\/wp-json\/wp\/v2\/media?parent=272997"}],"wp:term":[{"taxonomy":"category","embeddable":true,"href":"https:\/\/www.monaco-tribune.com\/it\/wp-json\/wp\/v2\/categories?post=272997"},{"taxonomy":"post_tag","embeddable":true,"href":"https:\/\/www.monaco-tribune.com\/it\/wp-json\/wp\/v2\/tags?post=272997"},{"taxonomy":"sectag","embeddable":true,"href":"https:\/\/www.monaco-tribune.com\/it\/wp-json\/wp\/v2\/post_sectags?post=272997"},{"taxonomy":"format","embeddable":true,"href":"https:\/\/www.monaco-tribune.com\/it\/wp-json\/wp\/v2\/post_format?post=272997"}],"curies":[{"name":"wp","href":"https:\/\/api.w.org\/{rel}","templated":true}]}}