{"id":273515,"date":"2025-01-24T13:55:40","date_gmt":"2025-01-24T11:55:40","guid":{"rendered":"https:\/\/www.monaco-tribune.com\/2025\/01\/il-principe-alberto-ii-e-la-principessa-stephanie-al-gala-princiere-del-festival-internazionale-del-circo-di-monte-carlo\/"},"modified":"2025-01-24T17:58:54","modified_gmt":"2025-01-24T15:58:54","slug":"il-principe-alberto-ii-e-la-principessa-stephanie-al-gala-princiere-del-festival-internazionale-del-circo-di-monte-carlo","status":"publish","type":"post","link":"https:\/\/www.monaco-tribune.com\/it\/2025\/01\/il-principe-alberto-ii-e-la-principessa-stephanie-al-gala-princiere-del-festival-internazionale-del-circo-di-monte-carlo\/","title":{"rendered":"Il Principe Alberto II e la Principessa St\u00e9phanie al Gala Princi\u00e8re del Festival Internazionale del Circo di Monte-Carlo"},"content":{"rendered":"\n<p><strong>Marted\u00ec 21 gennaio, la Famiglia Principesca ha preso parte alla tradizionale serata di gala del Festival Internazionale del Circo di Monte-Carlo, giunto alla sua 47\u00aa edizione.<\/strong><\/p>\n\n<p>Il Principe Alberto II, la Principessa St\u00e9phanie, Camille Gottlieb, Louis Ducruet e Marie Ducruet hanno consegnato i &#8220;Clown&#8221; agli artisti vincitori. Ecco una panoramica di questa serata ricca di emozioni.<\/p>\n\n<p>Il Principe Alberto II e la Principessa St\u00e9phanie hanno premiato gli artisti con &#8220;Clown&#8221; d&#8217;oro, d&#8217;argento e di bronzo.<\/p>\n<div class=\"wp-block-image\">\n<figure class=\"aligncenter size-large\"><img loading=\"lazy\" decoding=\"async\" width=\"1024\" height=\"683\" src=\"https:\/\/www.monaco-tribune.com\/wp-content\/uploads\/2025\/01\/474877263_1151640496962882_6732581851934895935_n-1024x683.jpg\" alt=\"Prince Albert et Princesse St&#xE9;phanie cirque\" class=\"wp-image-273128\" srcset=\"https:\/\/www.monaco-tribune.com\/wp-content\/uploads\/2025\/01\/474877263_1151640496962882_6732581851934895935_n-1024x683.jpg 1024w, https:\/\/www.monaco-tribune.com\/wp-content\/uploads\/2025\/01\/474877263_1151640496962882_6732581851934895935_n-450x300.jpg 450w, https:\/\/www.monaco-tribune.com\/wp-content\/uploads\/2025\/01\/474877263_1151640496962882_6732581851934895935_n.jpg 2048w\" sizes=\"auto, (max-width: 1024px) 100vw, 1024px\" \/><figcaption class=\"wp-element-caption\"><em>La compagnia messicana Flying Caballeros ha vinto un Clown d&#8217;oro \u00a9 Direzione della Comunicazione<\/em><\/figcaption><\/figure>\n<\/div><div class=\"wp-block-image\">\n<figure class=\"aligncenter size-large\"><img loading=\"lazy\" decoding=\"async\" width=\"1024\" height=\"683\" src=\"https:\/\/www.monaco-tribune.com\/wp-content\/uploads\/2025\/01\/474558973_1151640430296222_2701978885302971820_n-1024x683.jpg\" alt=\"Cirque Prince Albert et Princesse St&#xE9;phanie\" class=\"wp-image-273087\" srcset=\"https:\/\/www.monaco-tribune.com\/wp-content\/uploads\/2025\/01\/474558973_1151640430296222_2701978885302971820_n-1024x683.jpg 1024w, https:\/\/www.monaco-tribune.com\/wp-content\/uploads\/2025\/01\/474558973_1151640430296222_2701978885302971820_n-450x300.jpg 450w, https:\/\/www.monaco-tribune.com\/wp-content\/uploads\/2025\/01\/474558973_1151640430296222_2701978885302971820_n.jpg 2048w\" sizes=\"auto, (max-width: 1024px) 100vw, 1024px\" \/><figcaption class=\"wp-element-caption\"><em>Clown d&#8217;oro anche per la Compagnia Acrobatica Nazionale della Cina \u00a9 Direzione della Comunicazione<\/em><\/figcaption><\/figure>\n<\/div><div class=\"wp-block-image\">\n<figure class=\"aligncenter size-large\"><img loading=\"lazy\" decoding=\"async\" width=\"1024\" height=\"683\" src=\"https:\/\/www.monaco-tribune.com\/wp-content\/uploads\/2025\/01\/474492689_1151640550296210_1755119448373731708_n-1024x683.jpg\" alt=\"Princesse St&#xE9;phanie Cirque \" class=\"wp-image-273079\" srcset=\"https:\/\/www.monaco-tribune.com\/wp-content\/uploads\/2025\/01\/474492689_1151640550296210_1755119448373731708_n-1024x683.jpg 1024w, https:\/\/www.monaco-tribune.com\/wp-content\/uploads\/2025\/01\/474492689_1151640550296210_1755119448373731708_n-450x300.jpg 450w, https:\/\/www.monaco-tribune.com\/wp-content\/uploads\/2025\/01\/474492689_1151640550296210_1755119448373731708_n.jpg 2048w\" sizes=\"auto, (max-width: 1024px) 100vw, 1024px\" \/><figcaption class=\"wp-element-caption\"><em>I clown cileni Pastelito de Chile e Junior hanno vinto un clown d&#8217;argento \u00a9<\/em> <em>Direzione della Comunicazione<\/em><\/figcaption><\/figure>\n<\/div>\n<p class=\"related\"><a href=\"https:\/\/www.monaco-tribune.com\/it\/2024\/05\/il-principe-alberto-ii-e-i-suoi-figli-alla-consegna-dei-premi-del-chokolashow\/\">Il Principe Alberto II e i suoi figli alla consegna dei premi del Chokolashow<\/a><\/p>\n\n<p>Per gli artisti pi\u00f9 giovani, il sistema di premiazione \u00e8 lo stesso. Sono stati Camille Gottlieb e Louis Ducruet a consegnare i premi agli artisti del Festival New Generation, che ora si esibiscono contemporaneamente ai nomi pi\u00f9 importanti. <\/p>\n<div class=\"wp-block-image\">\n<figure class=\"aligncenter size-large\"><img loading=\"lazy\" decoding=\"async\" width=\"1024\" height=\"683\" src=\"https:\/\/www.monaco-tribune.com\/wp-content\/uploads\/2025\/01\/473680347_1151640503629548_6775676923942244778_n-1024x683.jpg\" alt=\"Camille Gottlieb cirque\" class=\"wp-image-273103\" srcset=\"https:\/\/www.monaco-tribune.com\/wp-content\/uploads\/2025\/01\/473680347_1151640503629548_6775676923942244778_n-1024x683.jpg 1024w, https:\/\/www.monaco-tribune.com\/wp-content\/uploads\/2025\/01\/473680347_1151640503629548_6775676923942244778_n-450x300.jpg 450w, https:\/\/www.monaco-tribune.com\/wp-content\/uploads\/2025\/01\/473680347_1151640503629548_6775676923942244778_n.jpg 2048w\" sizes=\"auto, (max-width: 1024px) 100vw, 1024px\" \/><figcaption class=\"wp-element-caption\"><em>Camille Gottlieb con Dmitro Onyshchenko e il suo Junior d&#8217;Argent \u00a9 Direzione della Comunicazione<\/em><\/figcaption><\/figure>\n<\/div><div class=\"wp-block-image\">\n<figure class=\"aligncenter size-large\"><img loading=\"lazy\" decoding=\"async\" width=\"1024\" height=\"683\" src=\"https:\/\/www.monaco-tribune.com\/wp-content\/uploads\/2025\/01\/474049215_1151640553629543_6219356532565489929_n-1-1024x683.jpg\" alt=\"Louis Ducruet cirque \" class=\"wp-image-273107\" srcset=\"https:\/\/www.monaco-tribune.com\/wp-content\/uploads\/2025\/01\/474049215_1151640553629543_6219356532565489929_n-1-1024x683.jpg 1024w, https:\/\/www.monaco-tribune.com\/wp-content\/uploads\/2025\/01\/474049215_1151640553629543_6219356532565489929_n-1-450x300.jpg 450w, https:\/\/www.monaco-tribune.com\/wp-content\/uploads\/2025\/01\/474049215_1151640553629543_6219356532565489929_n-1.jpg 2048w\" sizes=\"auto, (max-width: 1024px) 100vw, 1024px\" \/><figcaption class=\"wp-element-caption\"><em>Louis Ducruet e la compagnia Bud-X Roses che si \u00e8 aggiudicata il Junior d&#8217;Or \u00a9 Direzione della Comunicazione<\/em><\/figcaption><\/figure>\n<\/div><div class=\"wp-block-image\">\n<figure class=\"aligncenter size-large\"><img loading=\"lazy\" decoding=\"async\" width=\"1024\" height=\"683\" src=\"https:\/\/www.monaco-tribune.com\/wp-content\/uploads\/2025\/01\/bestimage_00692096_000057-1024x683.webp\" alt=\"Louis Ducruet cirque \" class=\"wp-image-273116\" srcset=\"https:\/\/www.monaco-tribune.com\/wp-content\/uploads\/2025\/01\/bestimage_00692096_000057-1024x683.webp 1024w, https:\/\/www.monaco-tribune.com\/wp-content\/uploads\/2025\/01\/bestimage_00692096_000057-450x300.webp 450w, https:\/\/www.monaco-tribune.com\/wp-content\/uploads\/2025\/01\/bestimage_00692096_000057.webp 1716w\" sizes=\"auto, (max-width: 1024px) 100vw, 1024px\" \/><figcaption class=\"wp-element-caption\"><em>Louis Ducruet con il Trio Balkanski e il loro Junior d&#8217;Argent \u00a9 Olivier Huitel &#8211; Crystal Pictures<\/em><\/figcaption><\/figure>\n<\/div>\n<p>La cerimonia si \u00e8 conclusa in allegria sotto una pioggia di coriandoli. La 47\u00aa edizione del Festival Internazionale del Circo di Monte-Carlo proseguir\u00e0 fino a domenica: gli artisti vi aspettano numerosi.<\/p>\n<div class=\"wp-block-image\">\n<figure class=\"aligncenter size-large\"><img loading=\"lazy\" decoding=\"async\" width=\"1024\" height=\"683\" src=\"https:\/\/www.monaco-tribune.com\/wp-content\/uploads\/2025\/01\/474000063_1151640606962871_1611854711027546998_n-1024x683.jpg\" alt=\"\" class=\"wp-image-273136\" srcset=\"https:\/\/www.monaco-tribune.com\/wp-content\/uploads\/2025\/01\/474000063_1151640606962871_1611854711027546998_n-1024x683.jpg 1024w, https:\/\/www.monaco-tribune.com\/wp-content\/uploads\/2025\/01\/474000063_1151640606962871_1611854711027546998_n-450x300.jpg 450w, https:\/\/www.monaco-tribune.com\/wp-content\/uploads\/2025\/01\/474000063_1151640606962871_1611854711027546998_n.jpg 2048w\" sizes=\"auto, (max-width: 1024px) 100vw, 1024px\" \/><figcaption class=\"wp-element-caption\"><em>\u00a9 Direzione della Comunicazione<\/em><\/figcaption><\/figure>\n<\/div>","protected":false},"excerpt":{"rendered":"<p>Marted\u00ec 21 gennaio, la Famiglia Principesca ha preso parte alla tradizionale serata di gala del Festival Internazionale del Circo di [&hellip;]<\/p>\n","protected":false},"author":81,"featured_media":273070,"comment_status":"closed","ping_status":"closed","sticky":false,"template":"","format":"standard","meta":{"_acf_changed":false,"footnotes":""},"categories":[1742,1738],"tags":[5375],"post_sectags":[],"post_format":[2474],"class_list":["post-273515","post","type-post","status-publish","format-standard","has-post-thumbnail","hentry","category-famiglia-principesca","category-notizie","tag-famiglia-principesca-it","format-foto"],"acf":[],"yoast_head":"<!-- This site is optimized with the Yoast SEO Premium plugin v26.8 (Yoast SEO v27.4) - https:\/\/yoast.com\/product\/yoast-seo-premium-wordpress\/ -->\n<title>Il Principe Alberto II e la Principessa St\u00e9phanie al Gala Princi\u00e8re del Festival Internazionale del Circo di Monte-Carlo<\/title>\n<meta name=\"description\" content=\"Marted\u00ec 21 gennaio, la Famiglia Principesca ha preso parte alla tradizionale serata di gala del Festival Internazionale del Circo di Monte-Carlo, giunto\" \/>\n<meta name=\"robots\" content=\"index, follow, max-snippet:-1, max-image-preview:large, max-video-preview:-1\" \/>\n<link rel=\"canonical\" href=\"https:\/\/www.monaco-tribune.com\/it\/2025\/01\/il-principe-alberto-ii-e-la-principessa-stephanie-al-gala-princiere-del-festival-internazionale-del-circo-di-monte-carlo\/\" \/>\n<meta property=\"og:locale\" content=\"it_IT\" \/>\n<meta property=\"og:type\" content=\"article\" \/>\n<meta property=\"og:title\" content=\"Il Principe Alberto II e la Principessa St\u00e9phanie al Gala Princi\u00e8re del Festival Internazionale del Circo di Monte-Carlo - Monaco Tribune\" \/>\n<meta property=\"og:description\" content=\"Marted\u00ec 21 gennaio, la Famiglia Principesca ha preso parte alla tradizionale serata di gala del Festival Internazionale del Circo di Monte-Carlo, giunto\" \/>\n<meta property=\"og:url\" content=\"https:\/\/www.monaco-tribune.com\/it\/2025\/01\/il-principe-alberto-ii-e-la-principessa-stephanie-al-gala-princiere-del-festival-internazionale-del-circo-di-monte-carlo\/\" \/>\n<meta property=\"og:site_name\" content=\"Monaco Tribune\" \/>\n<meta property=\"article:publisher\" content=\"https:\/\/www.facebook.com\/MonacoTribune\" \/>\n<meta property=\"article:published_time\" content=\"2025-01-24T11:55:40+00:00\" \/>\n<meta property=\"article:modified_time\" content=\"2025-01-24T15:58:54+00:00\" \/>\n<meta property=\"og:image\" content=\"https:\/\/www.monaco-tribune.com\/wp-content\/uploads\/2025\/01\/473675791_1151640616962870_7380306446891744503_n.jpg\" \/>\n\t<meta property=\"og:image:width\" content=\"2048\" \/>\n\t<meta property=\"og:image:height\" content=\"1365\" \/>\n\t<meta property=\"og:image:type\" content=\"image\/jpeg\" \/>\n<meta name=\"author\" content=\"Lo\u00efc Savaresse\" \/>\n<meta name=\"twitter:card\" content=\"summary_large_image\" \/>\n<meta name=\"twitter:creator\" content=\"@MonacoTribune\" \/>\n<meta name=\"twitter:site\" content=\"@MonacoTribune\" \/>\n<script type=\"application\/ld+json\" class=\"yoast-schema-graph\">{\"@context\":\"https:\\\/\\\/schema.org\",\"@graph\":[{\"@type\":\"NewsArticle\",\"@id\":\"https:\\\/\\\/www.monaco-tribune.com\\\/it\\\/2025\\\/01\\\/il-principe-alberto-ii-e-la-principessa-stephanie-al-gala-princiere-del-festival-internazionale-del-circo-di-monte-carlo\\\/#article\",\"isPartOf\":{\"@id\":\"https:\\\/\\\/www.monaco-tribune.com\\\/it\\\/2025\\\/01\\\/il-principe-alberto-ii-e-la-principessa-stephanie-al-gala-princiere-del-festival-internazionale-del-circo-di-monte-carlo\\\/\"},\"author\":{\"name\":\"Lo\u00efc Savaresse\",\"@id\":\"https:\\\/\\\/www.monaco-tribune.com\\\/it\\\/#\\\/schema\\\/person\\\/038be413d70c68969e8c6013f2520a39\"},\"headline\":\"Il Principe Alberto II e la Principessa St\u00e9phanie al Gala Princi\u00e8re del Festival Internazionale del Circo di Monte-Carlo\",\"datePublished\":\"2025-01-24T11:55:40+00:00\",\"dateModified\":\"2025-01-24T15:58:54+00:00\",\"mainEntityOfPage\":{\"@id\":\"https:\\\/\\\/www.monaco-tribune.com\\\/it\\\/2025\\\/01\\\/il-principe-alberto-ii-e-la-principessa-stephanie-al-gala-princiere-del-festival-internazionale-del-circo-di-monte-carlo\\\/\"},\"wordCount\":273,\"publisher\":{\"@id\":\"https:\\\/\\\/www.monaco-tribune.com\\\/it\\\/#organization\"},\"image\":{\"@id\":\"https:\\\/\\\/www.monaco-tribune.com\\\/it\\\/2025\\\/01\\\/il-principe-alberto-ii-e-la-principessa-stephanie-al-gala-princiere-del-festival-internazionale-del-circo-di-monte-carlo\\\/#primaryimage\"},\"thumbnailUrl\":\"https:\\\/\\\/www.monaco-tribune.com\\\/wp-content\\\/uploads\\\/2025\\\/01\\\/473675791_1151640616962870_7380306446891744503_n.jpg\",\"keywords\":[\"Famiglia Principesca\"],\"articleSection\":[\"Famiglia Principesca\",\"Notizie\"],\"inLanguage\":\"it-IT\",\"copyrightYear\":\"2025\",\"copyrightHolder\":{\"@id\":\"https:\\\/\\\/www.monaco-tribune.com\\\/#organization\"}},{\"@type\":\"WebPage\",\"@id\":\"https:\\\/\\\/www.monaco-tribune.com\\\/it\\\/2025\\\/01\\\/il-principe-alberto-ii-e-la-principessa-stephanie-al-gala-princiere-del-festival-internazionale-del-circo-di-monte-carlo\\\/\",\"url\":\"https:\\\/\\\/www.monaco-tribune.com\\\/it\\\/2025\\\/01\\\/il-principe-alberto-ii-e-la-principessa-stephanie-al-gala-princiere-del-festival-internazionale-del-circo-di-monte-carlo\\\/\",\"name\":\"Il Principe Alberto II e la Principessa St\u00e9phanie al Gala Princi\u00e8re del Festival Internazionale del Circo di Monte-Carlo\",\"isPartOf\":{\"@id\":\"https:\\\/\\\/www.monaco-tribune.com\\\/it\\\/#website\"},\"primaryImageOfPage\":{\"@id\":\"https:\\\/\\\/www.monaco-tribune.com\\\/it\\\/2025\\\/01\\\/il-principe-alberto-ii-e-la-principessa-stephanie-al-gala-princiere-del-festival-internazionale-del-circo-di-monte-carlo\\\/#primaryimage\"},\"image\":{\"@id\":\"https:\\\/\\\/www.monaco-tribune.com\\\/it\\\/2025\\\/01\\\/il-principe-alberto-ii-e-la-principessa-stephanie-al-gala-princiere-del-festival-internazionale-del-circo-di-monte-carlo\\\/#primaryimage\"},\"thumbnailUrl\":\"https:\\\/\\\/www.monaco-tribune.com\\\/wp-content\\\/uploads\\\/2025\\\/01\\\/473675791_1151640616962870_7380306446891744503_n.jpg\",\"datePublished\":\"2025-01-24T11:55:40+00:00\",\"dateModified\":\"2025-01-24T15:58:54+00:00\",\"description\":\"Marted\u00ec 21 gennaio, la Famiglia Principesca ha preso parte alla tradizionale serata di gala del Festival Internazionale del Circo di Monte-Carlo, giunto\",\"breadcrumb\":{\"@id\":\"https:\\\/\\\/www.monaco-tribune.com\\\/it\\\/2025\\\/01\\\/il-principe-alberto-ii-e-la-principessa-stephanie-al-gala-princiere-del-festival-internazionale-del-circo-di-monte-carlo\\\/#breadcrumb\"},\"inLanguage\":\"it-IT\",\"potentialAction\":[{\"@type\":\"ReadAction\",\"target\":[\"https:\\\/\\\/www.monaco-tribune.com\\\/it\\\/2025\\\/01\\\/il-principe-alberto-ii-e-la-principessa-stephanie-al-gala-princiere-del-festival-internazionale-del-circo-di-monte-carlo\\\/\"]}]},{\"@type\":\"ImageObject\",\"inLanguage\":\"it-IT\",\"@id\":\"https:\\\/\\\/www.monaco-tribune.com\\\/it\\\/2025\\\/01\\\/il-principe-alberto-ii-e-la-principessa-stephanie-al-gala-princiere-del-festival-internazionale-del-circo-di-monte-carlo\\\/#primaryimage\",\"url\":\"https:\\\/\\\/www.monaco-tribune.com\\\/wp-content\\\/uploads\\\/2025\\\/01\\\/473675791_1151640616962870_7380306446891744503_n.jpg\",\"contentUrl\":\"https:\\\/\\\/www.monaco-tribune.com\\\/wp-content\\\/uploads\\\/2025\\\/01\\\/473675791_1151640616962870_7380306446891744503_n.jpg\",\"width\":2048,\"height\":1365,\"caption\":\"\u00a9 Direzione della Comunicazione\"},{\"@type\":\"BreadcrumbList\",\"@id\":\"https:\\\/\\\/www.monaco-tribune.com\\\/it\\\/2025\\\/01\\\/il-principe-alberto-ii-e-la-principessa-stephanie-al-gala-princiere-del-festival-internazionale-del-circo-di-monte-carlo\\\/#breadcrumb\",\"itemListElement\":[{\"@type\":\"ListItem\",\"position\":1,\"name\":\"Accueil\",\"item\":\"https:\\\/\\\/www.monaco-tribune.com\\\/it\\\/\"},{\"@type\":\"ListItem\",\"position\":2,\"name\":\"Il Principe Alberto II e la Principessa St\u00e9phanie al Gala Princi\u00e8re del Festival Internazionale del Circo di Monte-Carlo\"}]},{\"@type\":\"WebSite\",\"@id\":\"https:\\\/\\\/www.monaco-tribune.com\\\/it\\\/#website\",\"url\":\"https:\\\/\\\/www.monaco-tribune.com\\\/it\\\/\",\"name\":\"Monaco Tribune\",\"description\":\"Monaco : actualit\u00e9s \u00e9conomiques, politiques, culturelles et sportives de Monaco et de la French Riviera.\",\"publisher\":{\"@id\":\"https:\\\/\\\/www.monaco-tribune.com\\\/it\\\/#organization\"},\"potentialAction\":[{\"@type\":\"SearchAction\",\"target\":{\"@type\":\"EntryPoint\",\"urlTemplate\":\"https:\\\/\\\/www.monaco-tribune.com\\\/it\\\/?s={search_term_string}\"},\"query-input\":{\"@type\":\"PropertyValueSpecification\",\"valueRequired\":true,\"valueName\":\"search_term_string\"}}],\"inLanguage\":\"it-IT\"},{\"@type\":\"Organization\",\"@id\":\"https:\\\/\\\/www.monaco-tribune.com\\\/it\\\/#organization\",\"name\":\"Monaco Tribune\",\"url\":\"https:\\\/\\\/www.monaco-tribune.com\\\/it\\\/\",\"logo\":{\"@type\":\"ImageObject\",\"inLanguage\":\"it-IT\",\"@id\":\"https:\\\/\\\/www.monaco-tribune.com\\\/it\\\/#\\\/schema\\\/logo\\\/image\\\/\",\"url\":\"https:\\\/\\\/www.monaco-tribune.com\\\/wp-content\\\/uploads\\\/2022\\\/11\\\/logo-monaco-tribune.png\",\"contentUrl\":\"https:\\\/\\\/www.monaco-tribune.com\\\/wp-content\\\/uploads\\\/2022\\\/11\\\/logo-monaco-tribune.png\",\"width\":1548,\"height\":600,\"caption\":\"Monaco Tribune\"},\"image\":{\"@id\":\"https:\\\/\\\/www.monaco-tribune.com\\\/it\\\/#\\\/schema\\\/logo\\\/image\\\/\"},\"sameAs\":[\"https:\\\/\\\/www.facebook.com\\\/MonacoTribune\",\"https:\\\/\\\/x.com\\\/MonacoTribune\",\"https:\\\/\\\/www.instagram.com\\\/monacotribune\\\/\",\"https:\\\/\\\/www.linkedin.com\\\/company\\\/monaco-tribune\",\"https:\\\/\\\/www.youtube.com\\\/channel\\\/UCHle1MnG6hw1y4lWKijVbMA\"]},{\"@type\":\"Person\",\"@id\":\"https:\\\/\\\/www.monaco-tribune.com\\\/it\\\/#\\\/schema\\\/person\\\/038be413d70c68969e8c6013f2520a39\",\"name\":\"Lo\u00efc Savaresse\",\"image\":{\"@type\":\"ImageObject\",\"inLanguage\":\"it-IT\",\"@id\":\"https:\\\/\\\/secure.gravatar.com\\\/avatar\\\/f6455af3179531c6fa982f7fbf5b31fba068c938a5ce7786e5fb7d84a2393df0?s=96&d=mm&r=g\",\"url\":\"https:\\\/\\\/secure.gravatar.com\\\/avatar\\\/f6455af3179531c6fa982f7fbf5b31fba068c938a5ce7786e5fb7d84a2393df0?s=96&d=mm&r=g\",\"contentUrl\":\"https:\\\/\\\/secure.gravatar.com\\\/avatar\\\/f6455af3179531c6fa982f7fbf5b31fba068c938a5ce7786e5fb7d84a2393df0?s=96&d=mm&r=g\",\"caption\":\"Lo\u00efc Savaresse\"},\"url\":\"https:\\\/\\\/www.monaco-tribune.com\\\/it\\\/author\\\/loicsavaresse\\\/\"}]}<\/script>\n<!-- \/ Yoast SEO Premium plugin. -->","yoast_head_json":{"title":"Il Principe Alberto II e la Principessa St\u00e9phanie al Gala Princi\u00e8re del Festival Internazionale del Circo di Monte-Carlo","description":"Marted\u00ec 21 gennaio, la Famiglia Principesca ha preso parte alla tradizionale serata di gala del Festival Internazionale del Circo di Monte-Carlo, giunto","robots":{"index":"index","follow":"follow","max-snippet":"max-snippet:-1","max-image-preview":"max-image-preview:large","max-video-preview":"max-video-preview:-1"},"canonical":"https:\/\/www.monaco-tribune.com\/it\/2025\/01\/il-principe-alberto-ii-e-la-principessa-stephanie-al-gala-princiere-del-festival-internazionale-del-circo-di-monte-carlo\/","og_locale":"it_IT","og_type":"article","og_title":"Il Principe Alberto II e la Principessa St\u00e9phanie al Gala Princi\u00e8re del Festival Internazionale del Circo di Monte-Carlo - Monaco Tribune","og_description":"Marted\u00ec 21 gennaio, la Famiglia Principesca ha preso parte alla tradizionale serata di gala del Festival Internazionale del Circo di Monte-Carlo, giunto","og_url":"https:\/\/www.monaco-tribune.com\/it\/2025\/01\/il-principe-alberto-ii-e-la-principessa-stephanie-al-gala-princiere-del-festival-internazionale-del-circo-di-monte-carlo\/","og_site_name":"Monaco Tribune","article_publisher":"https:\/\/www.facebook.com\/MonacoTribune","article_published_time":"2025-01-24T11:55:40+00:00","article_modified_time":"2025-01-24T15:58:54+00:00","og_image":[{"width":2048,"height":1365,"url":"https:\/\/www.monaco-tribune.com\/wp-content\/uploads\/2025\/01\/473675791_1151640616962870_7380306446891744503_n.jpg","type":"image\/jpeg"}],"author":"Lo\u00efc Savaresse","twitter_card":"summary_large_image","twitter_creator":"@MonacoTribune","twitter_site":"@MonacoTribune","schema":{"@context":"https:\/\/schema.org","@graph":[{"@type":"NewsArticle","@id":"https:\/\/www.monaco-tribune.com\/it\/2025\/01\/il-principe-alberto-ii-e-la-principessa-stephanie-al-gala-princiere-del-festival-internazionale-del-circo-di-monte-carlo\/#article","isPartOf":{"@id":"https:\/\/www.monaco-tribune.com\/it\/2025\/01\/il-principe-alberto-ii-e-la-principessa-stephanie-al-gala-princiere-del-festival-internazionale-del-circo-di-monte-carlo\/"},"author":{"name":"Lo\u00efc Savaresse","@id":"https:\/\/www.monaco-tribune.com\/it\/#\/schema\/person\/038be413d70c68969e8c6013f2520a39"},"headline":"Il Principe Alberto II e la Principessa St\u00e9phanie al Gala Princi\u00e8re del Festival Internazionale del Circo di Monte-Carlo","datePublished":"2025-01-24T11:55:40+00:00","dateModified":"2025-01-24T15:58:54+00:00","mainEntityOfPage":{"@id":"https:\/\/www.monaco-tribune.com\/it\/2025\/01\/il-principe-alberto-ii-e-la-principessa-stephanie-al-gala-princiere-del-festival-internazionale-del-circo-di-monte-carlo\/"},"wordCount":273,"publisher":{"@id":"https:\/\/www.monaco-tribune.com\/it\/#organization"},"image":{"@id":"https:\/\/www.monaco-tribune.com\/it\/2025\/01\/il-principe-alberto-ii-e-la-principessa-stephanie-al-gala-princiere-del-festival-internazionale-del-circo-di-monte-carlo\/#primaryimage"},"thumbnailUrl":"https:\/\/www.monaco-tribune.com\/wp-content\/uploads\/2025\/01\/473675791_1151640616962870_7380306446891744503_n.jpg","keywords":["Famiglia Principesca"],"articleSection":["Famiglia Principesca","Notizie"],"inLanguage":"it-IT","copyrightYear":"2025","copyrightHolder":{"@id":"https:\/\/www.monaco-tribune.com\/#organization"}},{"@type":"WebPage","@id":"https:\/\/www.monaco-tribune.com\/it\/2025\/01\/il-principe-alberto-ii-e-la-principessa-stephanie-al-gala-princiere-del-festival-internazionale-del-circo-di-monte-carlo\/","url":"https:\/\/www.monaco-tribune.com\/it\/2025\/01\/il-principe-alberto-ii-e-la-principessa-stephanie-al-gala-princiere-del-festival-internazionale-del-circo-di-monte-carlo\/","name":"Il Principe Alberto II e la Principessa St\u00e9phanie al Gala Princi\u00e8re del Festival Internazionale del Circo di Monte-Carlo","isPartOf":{"@id":"https:\/\/www.monaco-tribune.com\/it\/#website"},"primaryImageOfPage":{"@id":"https:\/\/www.monaco-tribune.com\/it\/2025\/01\/il-principe-alberto-ii-e-la-principessa-stephanie-al-gala-princiere-del-festival-internazionale-del-circo-di-monte-carlo\/#primaryimage"},"image":{"@id":"https:\/\/www.monaco-tribune.com\/it\/2025\/01\/il-principe-alberto-ii-e-la-principessa-stephanie-al-gala-princiere-del-festival-internazionale-del-circo-di-monte-carlo\/#primaryimage"},"thumbnailUrl":"https:\/\/www.monaco-tribune.com\/wp-content\/uploads\/2025\/01\/473675791_1151640616962870_7380306446891744503_n.jpg","datePublished":"2025-01-24T11:55:40+00:00","dateModified":"2025-01-24T15:58:54+00:00","description":"Marted\u00ec 21 gennaio, la Famiglia Principesca ha preso parte alla tradizionale serata di gala del Festival Internazionale del Circo di Monte-Carlo, giunto","breadcrumb":{"@id":"https:\/\/www.monaco-tribune.com\/it\/2025\/01\/il-principe-alberto-ii-e-la-principessa-stephanie-al-gala-princiere-del-festival-internazionale-del-circo-di-monte-carlo\/#breadcrumb"},"inLanguage":"it-IT","potentialAction":[{"@type":"ReadAction","target":["https:\/\/www.monaco-tribune.com\/it\/2025\/01\/il-principe-alberto-ii-e-la-principessa-stephanie-al-gala-princiere-del-festival-internazionale-del-circo-di-monte-carlo\/"]}]},{"@type":"ImageObject","inLanguage":"it-IT","@id":"https:\/\/www.monaco-tribune.com\/it\/2025\/01\/il-principe-alberto-ii-e-la-principessa-stephanie-al-gala-princiere-del-festival-internazionale-del-circo-di-monte-carlo\/#primaryimage","url":"https:\/\/www.monaco-tribune.com\/wp-content\/uploads\/2025\/01\/473675791_1151640616962870_7380306446891744503_n.jpg","contentUrl":"https:\/\/www.monaco-tribune.com\/wp-content\/uploads\/2025\/01\/473675791_1151640616962870_7380306446891744503_n.jpg","width":2048,"height":1365,"caption":"\u00a9 Direzione della Comunicazione"},{"@type":"BreadcrumbList","@id":"https:\/\/www.monaco-tribune.com\/it\/2025\/01\/il-principe-alberto-ii-e-la-principessa-stephanie-al-gala-princiere-del-festival-internazionale-del-circo-di-monte-carlo\/#breadcrumb","itemListElement":[{"@type":"ListItem","position":1,"name":"Accueil","item":"https:\/\/www.monaco-tribune.com\/it\/"},{"@type":"ListItem","position":2,"name":"Il Principe Alberto II e la Principessa St\u00e9phanie al Gala Princi\u00e8re del Festival Internazionale del Circo di Monte-Carlo"}]},{"@type":"WebSite","@id":"https:\/\/www.monaco-tribune.com\/it\/#website","url":"https:\/\/www.monaco-tribune.com\/it\/","name":"Monaco Tribune","description":"Monaco : actualit\u00e9s \u00e9conomiques, politiques, culturelles et sportives de Monaco et de la French Riviera.","publisher":{"@id":"https:\/\/www.monaco-tribune.com\/it\/#organization"},"potentialAction":[{"@type":"SearchAction","target":{"@type":"EntryPoint","urlTemplate":"https:\/\/www.monaco-tribune.com\/it\/?s={search_term_string}"},"query-input":{"@type":"PropertyValueSpecification","valueRequired":true,"valueName":"search_term_string"}}],"inLanguage":"it-IT"},{"@type":"Organization","@id":"https:\/\/www.monaco-tribune.com\/it\/#organization","name":"Monaco Tribune","url":"https:\/\/www.monaco-tribune.com\/it\/","logo":{"@type":"ImageObject","inLanguage":"it-IT","@id":"https:\/\/www.monaco-tribune.com\/it\/#\/schema\/logo\/image\/","url":"https:\/\/www.monaco-tribune.com\/wp-content\/uploads\/2022\/11\/logo-monaco-tribune.png","contentUrl":"https:\/\/www.monaco-tribune.com\/wp-content\/uploads\/2022\/11\/logo-monaco-tribune.png","width":1548,"height":600,"caption":"Monaco Tribune"},"image":{"@id":"https:\/\/www.monaco-tribune.com\/it\/#\/schema\/logo\/image\/"},"sameAs":["https:\/\/www.facebook.com\/MonacoTribune","https:\/\/x.com\/MonacoTribune","https:\/\/www.instagram.com\/monacotribune\/","https:\/\/www.linkedin.com\/company\/monaco-tribune","https:\/\/www.youtube.com\/channel\/UCHle1MnG6hw1y4lWKijVbMA"]},{"@type":"Person","@id":"https:\/\/www.monaco-tribune.com\/it\/#\/schema\/person\/038be413d70c68969e8c6013f2520a39","name":"Lo\u00efc Savaresse","image":{"@type":"ImageObject","inLanguage":"it-IT","@id":"https:\/\/secure.gravatar.com\/avatar\/f6455af3179531c6fa982f7fbf5b31fba068c938a5ce7786e5fb7d84a2393df0?s=96&d=mm&r=g","url":"https:\/\/secure.gravatar.com\/avatar\/f6455af3179531c6fa982f7fbf5b31fba068c938a5ce7786e5fb7d84a2393df0?s=96&d=mm&r=g","contentUrl":"https:\/\/secure.gravatar.com\/avatar\/f6455af3179531c6fa982f7fbf5b31fba068c938a5ce7786e5fb7d84a2393df0?s=96&d=mm&r=g","caption":"Lo\u00efc Savaresse"},"url":"https:\/\/www.monaco-tribune.com\/it\/author\/loicsavaresse\/"}]}},"_links":{"self":[{"href":"https:\/\/www.monaco-tribune.com\/it\/wp-json\/wp\/v2\/posts\/273515","targetHints":{"allow":["GET"]}}],"collection":[{"href":"https:\/\/www.monaco-tribune.com\/it\/wp-json\/wp\/v2\/posts"}],"about":[{"href":"https:\/\/www.monaco-tribune.com\/it\/wp-json\/wp\/v2\/types\/post"}],"author":[{"embeddable":true,"href":"https:\/\/www.monaco-tribune.com\/it\/wp-json\/wp\/v2\/users\/81"}],"replies":[{"embeddable":true,"href":"https:\/\/www.monaco-tribune.com\/it\/wp-json\/wp\/v2\/comments?post=273515"}],"version-history":[{"count":2,"href":"https:\/\/www.monaco-tribune.com\/it\/wp-json\/wp\/v2\/posts\/273515\/revisions"}],"predecessor-version":[{"id":273518,"href":"https:\/\/www.monaco-tribune.com\/it\/wp-json\/wp\/v2\/posts\/273515\/revisions\/273518"}],"wp:featuredmedia":[{"embeddable":true,"href":"https:\/\/www.monaco-tribune.com\/it\/wp-json\/wp\/v2\/media\/273070"}],"wp:attachment":[{"href":"https:\/\/www.monaco-tribune.com\/it\/wp-json\/wp\/v2\/media?parent=273515"}],"wp:term":[{"taxonomy":"category","embeddable":true,"href":"https:\/\/www.monaco-tribune.com\/it\/wp-json\/wp\/v2\/categories?post=273515"},{"taxonomy":"post_tag","embeddable":true,"href":"https:\/\/www.monaco-tribune.com\/it\/wp-json\/wp\/v2\/tags?post=273515"},{"taxonomy":"sectag","embeddable":true,"href":"https:\/\/www.monaco-tribune.com\/it\/wp-json\/wp\/v2\/post_sectags?post=273515"},{"taxonomy":"format","embeddable":true,"href":"https:\/\/www.monaco-tribune.com\/it\/wp-json\/wp\/v2\/post_format?post=273515"}],"curies":[{"name":"wp","href":"https:\/\/api.w.org\/{rel}","templated":true}]}}