{"id":273676,"date":"2025-01-24T19:09:59","date_gmt":"2025-01-24T17:09:59","guid":{"rendered":"https:\/\/www.monaco-tribune.com\/2025\/01\/foto-il-principe-alberto-ii-ed-emmanuel-macron-ai-funerali-di-didier-guillaume\/"},"modified":"2025-01-24T19:11:23","modified_gmt":"2025-01-24T17:11:23","slug":"foto-il-principe-alberto-ii-ed-emmanuel-macron-ai-funerali-di-didier-guillaume","status":"publish","type":"post","link":"https:\/\/www.monaco-tribune.com\/it\/2025\/01\/foto-il-principe-alberto-ii-ed-emmanuel-macron-ai-funerali-di-didier-guillaume\/","title":{"rendered":"Il Principe Alberto II ed Emmanuel Macron ai funerali di Didier Guillaume"},"content":{"rendered":"\n<p><strong>Gioved\u00ec 23 gennaio, la Cattedrale di Monaco ha ospitato i funerali nazionali di Didier Guillaume, Ministro di Stato del Principato.<\/strong><\/p>\n\n<p>Alla cerimonia hanno partecipato il Principe Alberto II, la Principessa Charl\u00e8ne e la Principessa Carolina, nonch\u00e9 il Presidente della Repubblica francese, Emmanuel Macron, oltre a numerose personalit\u00e0, amici e familiari del defunto.<\/p>\n<div class=\"wp-block-image\">\n<figure class=\"aligncenter size-large\"><img loading=\"lazy\" decoding=\"async\" width=\"1024\" height=\"683\" src=\"https:\/\/www.monaco-tribune.com\/wp-content\/uploads\/2025\/01\/funerailles-1-1024x683.jpg\" alt=\"\" class=\"wp-image-273249\" srcset=\"https:\/\/www.monaco-tribune.com\/wp-content\/uploads\/2025\/01\/funerailles-1-1024x683.jpg 1024w, https:\/\/www.monaco-tribune.com\/wp-content\/uploads\/2025\/01\/funerailles-1-450x300.jpg 450w, https:\/\/www.monaco-tribune.com\/wp-content\/uploads\/2025\/01\/funerailles-1.jpg 1200w\" sizes=\"auto, (max-width: 1024px) 100vw, 1024px\" \/><figcaption class=\"wp-element-caption\"><em>\u00a9 Eric Mathon \/ Micha\u00ebl Alesi \/ Fr\u00e9d\u00e9ric Nebinger \/ Axel Bastello \/ Palazzo del Principe<\/em><\/figcaption><\/figure>\n<\/div>\n<p>Didier Guillaume <a href=\"https:\/\/www.monaco-tribune.com\/2025\/01\/le-ministre-detat-didier-guillaume-hospitalise-plusieurs-semaines\/\">era ricoverato in ospedale dal 10 gennaio<\/a> e si \u00e8 spento &#8220;in seguito a un malore improvviso sopraggiunto durante la degenza&#8221;, aveva annunciato il Palazzo del Principe.<\/p>\n\n<p>Aveva assunto le funzioni di Ministro di Stato a Monaco a settembre 2024.<\/p>\n<div class=\"wp-block-image\">\n<figure class=\"aligncenter size-large\"><img loading=\"lazy\" decoding=\"async\" width=\"1024\" height=\"683\" src=\"https:\/\/www.monaco-tribune.com\/wp-content\/uploads\/2025\/01\/prince-albert-ii-obseques-d.g-1024x683.jpg\" alt=\"Prince Albert II obse&#x300;ques D.G\" class=\"wp-image-273543\" srcset=\"https:\/\/www.monaco-tribune.com\/wp-content\/uploads\/2025\/01\/prince-albert-ii-obseques-d.g-1024x683.jpg 1024w, https:\/\/www.monaco-tribune.com\/wp-content\/uploads\/2025\/01\/prince-albert-ii-obseques-d.g-450x300.jpg 450w, https:\/\/www.monaco-tribune.com\/wp-content\/uploads\/2025\/01\/prince-albert-ii-obseques-d.g.jpg 1200w\" sizes=\"auto, (max-width: 1024px) 100vw, 1024px\" \/><figcaption class=\"wp-element-caption\"><em>\u00a9 Eric Mathon \/ Micha\u00ebl Alesi \/ Fr\u00e9d\u00e9ric Nebinger \/ Axel Bastello \/ Palazzo del Principe<\/em><\/figcaption><\/figure>\n<\/div>\n<p>Alla vigilia del suo funerale, il Principe Alberto II ha conferito al suo Ministro di Stato <a href=\"https:\/\/www.monaco-tribune.com\/2025\/01\/le-beau-geste-du-prince-albert-ii-au-regrette-didier-guillaume\/\">la pi\u00f9 alta onorificenza del Paese<\/a>.<\/p>\n<div class=\"wp-block-image\">\n<figure class=\"aligncenter size-large\"><img loading=\"lazy\" decoding=\"async\" width=\"1024\" height=\"683\" src=\"https:\/\/www.monaco-tribune.com\/wp-content\/uploads\/2025\/01\/obseques-d.g-1-1024x683.jpg\" alt=\"Obse&#x300;ques D.G\" class=\"wp-image-273560\" srcset=\"https:\/\/www.monaco-tribune.com\/wp-content\/uploads\/2025\/01\/obseques-d.g-1-1024x683.jpg 1024w, https:\/\/www.monaco-tribune.com\/wp-content\/uploads\/2025\/01\/obseques-d.g-1-450x300.jpg 450w, https:\/\/www.monaco-tribune.com\/wp-content\/uploads\/2025\/01\/obseques-d.g-1.jpg 1200w\" sizes=\"auto, (max-width: 1024px) 100vw, 1024px\" \/><\/figure>\n<\/div>\n<p>La cerimonia \u00e8 stata celebrata da Monsignor Dominique-Marie David, Arcivescovo di Monaco.<\/p>\n<div class=\"wp-block-image\">\n<figure class=\"aligncenter size-large\"><img loading=\"lazy\" decoding=\"async\" width=\"1024\" height=\"683\" src=\"https:\/\/www.monaco-tribune.com\/wp-content\/uploads\/2025\/01\/obseques-didier-guillaume-1-1024x683.jpg\" alt=\"Obse&#x300;ques Didier Guillaume\" class=\"wp-image-273253\" srcset=\"https:\/\/www.monaco-tribune.com\/wp-content\/uploads\/2025\/01\/obseques-didier-guillaume-1-1024x683.jpg 1024w, https:\/\/www.monaco-tribune.com\/wp-content\/uploads\/2025\/01\/obseques-didier-guillaume-1-450x300.jpg 450w, https:\/\/www.monaco-tribune.com\/wp-content\/uploads\/2025\/01\/obseques-didier-guillaume-1.jpg 1200w\" sizes=\"auto, (max-width: 1024px) 100vw, 1024px\" \/><\/figure>\n<\/div>\n<p><\/p>\n<div class=\"wp-block-image\">\n<figure class=\"aligncenter size-large\"><img loading=\"lazy\" decoding=\"async\" width=\"1024\" height=\"683\" src=\"https:\/\/www.monaco-tribune.com\/wp-content\/uploads\/2025\/01\/e.macron-funerailles-1024x683.jpg\" alt=\"E.Macron fune&#x301;railles\" class=\"wp-image-273528\" srcset=\"https:\/\/www.monaco-tribune.com\/wp-content\/uploads\/2025\/01\/e.macron-funerailles-1024x683.jpg 1024w, https:\/\/www.monaco-tribune.com\/wp-content\/uploads\/2025\/01\/e.macron-funerailles-450x300.jpg 450w, https:\/\/www.monaco-tribune.com\/wp-content\/uploads\/2025\/01\/e.macron-funerailles.jpg 1200w\" sizes=\"auto, (max-width: 1024px) 100vw, 1024px\" \/><\/figure>\n<\/div>\n<p>Nel suo discorso, il Presidente Emmanuel Macron ha sottolineato l&#8217;autenticit\u00e0 e la risolutezza di Didier Guillaume, elogiandolo come un uomo di cuore profondamente radicato nei suoi valori.<\/p>\n<div class=\"wp-block-image\">\n<figure class=\"aligncenter size-large\"><img loading=\"lazy\" decoding=\"async\" width=\"1024\" height=\"683\" src=\"https:\/\/www.monaco-tribune.com\/wp-content\/uploads\/2025\/01\/obseques-d.g-1024x683.jpg\" alt=\"Obse&#x300;ques D.G\" class=\"wp-image-273244\" srcset=\"https:\/\/www.monaco-tribune.com\/wp-content\/uploads\/2025\/01\/obseques-d.g-1024x683.jpg 1024w, https:\/\/www.monaco-tribune.com\/wp-content\/uploads\/2025\/01\/obseques-d.g-450x300.jpg 450w, https:\/\/www.monaco-tribune.com\/wp-content\/uploads\/2025\/01\/obseques-d.g.jpg 1200w\" sizes=\"auto, (max-width: 1024px) 100vw, 1024px\" \/><\/figure>\n<\/div>\n<p class=\"related\"><a href=\"https:\/\/www.monaco-tribune.com\/it\/2025\/01\/il-ministro-di-stato-di-monaco-didier-guillaume-e-deceduto-alleta-di-65-anni\/\">Il Ministro di Stato di Monaco Didier Guillaume \u00e8 deceduto all\u2019et\u00e0 di 65 anni<\/a><\/p>\n<div class=\"wp-block-image\">\n<figure class=\"aligncenter size-large\"><img loading=\"lazy\" decoding=\"async\" width=\"1024\" height=\"683\" src=\"https:\/\/www.monaco-tribune.com\/wp-content\/uploads\/2025\/01\/obseques-didier-guillaume-1024x683.jpg\" alt=\"Obse&#x300;ques Didier Guillaume\" class=\"wp-image-273239\" srcset=\"https:\/\/www.monaco-tribune.com\/wp-content\/uploads\/2025\/01\/obseques-didier-guillaume-1024x683.jpg 1024w, https:\/\/www.monaco-tribune.com\/wp-content\/uploads\/2025\/01\/obseques-didier-guillaume-450x300.jpg 450w, https:\/\/www.monaco-tribune.com\/wp-content\/uploads\/2025\/01\/obseques-didier-guillaume.jpg 1200w\" sizes=\"auto, (max-width: 1024px) 100vw, 1024px\" \/><\/figure>\n<\/div>\n<p>Erano presenti cinquecento persone, tra cui tutto il Governo del Principe.<\/p>\n<div class=\"wp-block-image\">\n<figure class=\"aligncenter size-large\"><img loading=\"lazy\" decoding=\"async\" width=\"1024\" height=\"683\" src=\"https:\/\/www.monaco-tribune.com\/wp-content\/uploads\/2025\/01\/obseques-1024x683.jpg\" alt=\"Obse&#x300;ques didier guillaume\" class=\"wp-image-273235\" srcset=\"https:\/\/www.monaco-tribune.com\/wp-content\/uploads\/2025\/01\/obseques-1024x683.jpg 1024w, https:\/\/www.monaco-tribune.com\/wp-content\/uploads\/2025\/01\/obseques-450x300.jpg 450w, https:\/\/www.monaco-tribune.com\/wp-content\/uploads\/2025\/01\/obseques.jpg 1200w\" sizes=\"auto, (max-width: 1024px) 100vw, 1024px\" \/><\/figure>\n<\/div>\n<p><\/p>\n<div class=\"wp-block-image\">\n<figure class=\"aligncenter size-large\"><img loading=\"lazy\" decoding=\"async\" width=\"1024\" height=\"683\" src=\"https:\/\/www.monaco-tribune.com\/wp-content\/uploads\/2025\/01\/le-prince-albert-ii-et-e.-macron-1024x683.jpg\" alt=\"Le Prince Albert II et E. Macron\" class=\"wp-image-273570\" srcset=\"https:\/\/www.monaco-tribune.com\/wp-content\/uploads\/2025\/01\/le-prince-albert-ii-et-e.-macron-1024x683.jpg 1024w, https:\/\/www.monaco-tribune.com\/wp-content\/uploads\/2025\/01\/le-prince-albert-ii-et-e.-macron-450x300.jpg 450w, https:\/\/www.monaco-tribune.com\/wp-content\/uploads\/2025\/01\/le-prince-albert-ii-et-e.-macron.jpg 1200w\" sizes=\"auto, (max-width: 1024px) 100vw, 1024px\" \/><\/figure>\n<\/div>\n<p><\/p>\n<div class=\"wp-block-image\">\n<figure class=\"aligncenter size-large\"><img loading=\"lazy\" decoding=\"async\" width=\"1024\" height=\"683\" src=\"https:\/\/www.monaco-tribune.com\/wp-content\/uploads\/2025\/01\/obseques-2-1024x683.jpg\" alt=\"Obse&#x300;ques Didier Guillaume\" class=\"wp-image-273539\" srcset=\"https:\/\/www.monaco-tribune.com\/wp-content\/uploads\/2025\/01\/obseques-2-1024x683.jpg 1024w, https:\/\/www.monaco-tribune.com\/wp-content\/uploads\/2025\/01\/obseques-2-450x300.jpg 450w, https:\/\/www.monaco-tribune.com\/wp-content\/uploads\/2025\/01\/obseques-2.jpg 1200w\" sizes=\"auto, (max-width: 1024px) 100vw, 1024px\" \/><\/figure>\n<\/div>\n<p>All&#8217;esterno, le bandiere hanno sventolato a mezz&#8217;asta e nel Principato \u00e8 stato osservato un minuto di silenzio in occasione della giornata di lutto nazionale dichiarata per rendergli omaggio.<\/p>\n<div class=\"wp-block-image\">\n<figure class=\"aligncenter size-large\"><img loading=\"lazy\" decoding=\"async\" width=\"1024\" height=\"683\" src=\"https:\/\/www.monaco-tribune.com\/wp-content\/uploads\/2025\/01\/funerailles-1024x683.jpg\" alt=\"Fune&#x301;railles Didier Guillaume\" class=\"wp-image-273231\" srcset=\"https:\/\/www.monaco-tribune.com\/wp-content\/uploads\/2025\/01\/funerailles-1024x683.jpg 1024w, https:\/\/www.monaco-tribune.com\/wp-content\/uploads\/2025\/01\/funerailles-450x300.jpg 450w, https:\/\/www.monaco-tribune.com\/wp-content\/uploads\/2025\/01\/funerailles.jpg 1200w\" sizes=\"auto, (max-width: 1024px) 100vw, 1024px\" \/><\/figure>\n<\/div>\n<p>Prima della cerimonia, era stata allestita una camera ardente nella Chapelle de la Mis\u00e9ricorde per permettere ai monegaschi di dargli l&#8217;ultimo saluto.<\/p>\n<div class=\"wp-block-image\">\n<figure class=\"aligncenter size-large\"><img loading=\"lazy\" decoding=\"async\" width=\"1024\" height=\"683\" src=\"https:\/\/www.monaco-tribune.com\/wp-content\/uploads\/2025\/01\/obseques-1-1024x683.jpg\" alt=\"Obse&#x300;ques Didier Guillaume\" class=\"wp-image-273534\" srcset=\"https:\/\/www.monaco-tribune.com\/wp-content\/uploads\/2025\/01\/obseques-1-1024x683.jpg 1024w, https:\/\/www.monaco-tribune.com\/wp-content\/uploads\/2025\/01\/obseques-1-450x300.jpg 450w, https:\/\/www.monaco-tribune.com\/wp-content\/uploads\/2025\/01\/obseques-1.jpg 1200w\" sizes=\"auto, (max-width: 1024px) 100vw, 1024px\" \/><figcaption class=\"wp-element-caption\"><em>\u00a9 Eric Mathon \/ Micha\u00ebl Alesi \/ Fr\u00e9d\u00e9ric Nebinger \/ Axel Bastello \/ Palazzo del Principe<\/em><\/figcaption><\/figure>\n<\/div>\n<p class=\"related\"><a href=\"https:\/\/www.monaco-tribune.com\/it\/2025\/01\/monaco-in-lutto-gli-omaggi-previsti-per-didier-guillaume\/\">Monaco in lutto: gli omaggi previsti per Didier Guillaume<\/a><\/p>\n","protected":false},"excerpt":{"rendered":"<p>Gioved\u00ec 23 gennaio, la Cattedrale di Monaco ha ospitato i funerali nazionali di Didier Guillaume, Ministro di Stato del Principato. [&hellip;]<\/p>\n","protected":false},"author":80,"featured_media":273227,"comment_status":"closed","ping_status":"closed","sticky":false,"template":"","format":"standard","meta":{"_acf_changed":false,"footnotes":""},"categories":[1742,1826,1738],"tags":[2986],"post_sectags":[],"post_format":[2474],"class_list":["post-273676","post","type-post","status-publish","format-standard","has-post-thumbnail","hentry","category-famiglia-principesca","category-la-nostra-scelta","category-notizie","tag-principe-alberto-ii","format-foto"],"acf":[],"yoast_head":"<!-- This site is optimized with the Yoast SEO Premium plugin v26.8 (Yoast SEO v27.4) - https:\/\/yoast.com\/product\/yoast-seo-premium-wordpress\/ -->\n<title>Il Principe Alberto II ed Emmanuel Macron ai funerali di Didier Guillaume<\/title>\n<meta name=\"description\" content=\"Gioved\u00ec 23 gennaio, la Cattedrale di Monaco ha ospitato i funerali nazionali di Didier Guillaume, Ministro di Stato del Principato. Alla cerimonia hanno\" \/>\n<meta name=\"robots\" content=\"index, follow, max-snippet:-1, max-image-preview:large, max-video-preview:-1\" \/>\n<link rel=\"canonical\" href=\"https:\/\/www.monaco-tribune.com\/it\/2025\/01\/foto-il-principe-alberto-ii-ed-emmanuel-macron-ai-funerali-di-didier-guillaume\/\" \/>\n<meta property=\"og:locale\" content=\"it_IT\" \/>\n<meta property=\"og:type\" content=\"article\" \/>\n<meta property=\"og:title\" content=\"Il Principe Alberto II ed Emmanuel Macron ai funerali di Didier Guillaume - Monaco Tribune\" \/>\n<meta property=\"og:description\" content=\"Gioved\u00ec 23 gennaio, la Cattedrale di Monaco ha ospitato i funerali nazionali di Didier Guillaume, Ministro di Stato del Principato. Alla cerimonia hanno\" \/>\n<meta property=\"og:url\" content=\"https:\/\/www.monaco-tribune.com\/it\/2025\/01\/foto-il-principe-alberto-ii-ed-emmanuel-macron-ai-funerali-di-didier-guillaume\/\" \/>\n<meta property=\"og:site_name\" content=\"Monaco Tribune\" \/>\n<meta property=\"article:publisher\" content=\"https:\/\/www.facebook.com\/MonacoTribune\" \/>\n<meta property=\"article:published_time\" content=\"2025-01-24T17:09:59+00:00\" \/>\n<meta property=\"article:modified_time\" content=\"2025-01-24T17:11:23+00:00\" \/>\n<meta property=\"og:image\" content=\"https:\/\/www.monaco-tribune.com\/wp-content\/uploads\/2025\/01\/prince-albert-ii-funerailles-d.g.jpg\" \/>\n\t<meta property=\"og:image:width\" content=\"1200\" \/>\n\t<meta property=\"og:image:height\" content=\"800\" \/>\n\t<meta property=\"og:image:type\" content=\"image\/jpeg\" \/>\n<meta name=\"author\" content=\"Estelle Imbert\" \/>\n<meta name=\"twitter:card\" content=\"summary_large_image\" \/>\n<meta name=\"twitter:creator\" content=\"@MonacoTribune\" \/>\n<meta name=\"twitter:site\" content=\"@MonacoTribune\" \/>\n<script type=\"application\/ld+json\" class=\"yoast-schema-graph\">{\"@context\":\"https:\\\/\\\/schema.org\",\"@graph\":[{\"@type\":\"NewsArticle\",\"@id\":\"https:\\\/\\\/www.monaco-tribune.com\\\/it\\\/2025\\\/01\\\/foto-il-principe-alberto-ii-ed-emmanuel-macron-ai-funerali-di-didier-guillaume\\\/#article\",\"isPartOf\":{\"@id\":\"https:\\\/\\\/www.monaco-tribune.com\\\/it\\\/2025\\\/01\\\/foto-il-principe-alberto-ii-ed-emmanuel-macron-ai-funerali-di-didier-guillaume\\\/\"},\"author\":{\"name\":\"Estelle Imbert\",\"@id\":\"https:\\\/\\\/www.monaco-tribune.com\\\/it\\\/#\\\/schema\\\/person\\\/55ce91a070ff78e15ec1817376669bf4\"},\"headline\":\"Il Principe Alberto II ed Emmanuel Macron ai funerali di Didier Guillaume\",\"datePublished\":\"2025-01-24T17:09:59+00:00\",\"dateModified\":\"2025-01-24T17:11:23+00:00\",\"mainEntityOfPage\":{\"@id\":\"https:\\\/\\\/www.monaco-tribune.com\\\/it\\\/2025\\\/01\\\/foto-il-principe-alberto-ii-ed-emmanuel-macron-ai-funerali-di-didier-guillaume\\\/\"},\"wordCount\":292,\"publisher\":{\"@id\":\"https:\\\/\\\/www.monaco-tribune.com\\\/it\\\/#organization\"},\"image\":{\"@id\":\"https:\\\/\\\/www.monaco-tribune.com\\\/it\\\/2025\\\/01\\\/foto-il-principe-alberto-ii-ed-emmanuel-macron-ai-funerali-di-didier-guillaume\\\/#primaryimage\"},\"thumbnailUrl\":\"https:\\\/\\\/www.monaco-tribune.com\\\/wp-content\\\/uploads\\\/2025\\\/01\\\/prince-albert-ii-funerailles-d.g.jpg\",\"keywords\":[\"Principe Alberto II\"],\"articleSection\":[\"Famiglia Principesca\",\"La nostra scelta\",\"Notizie\"],\"inLanguage\":\"it-IT\",\"copyrightYear\":\"2025\",\"copyrightHolder\":{\"@id\":\"https:\\\/\\\/www.monaco-tribune.com\\\/#organization\"}},{\"@type\":\"WebPage\",\"@id\":\"https:\\\/\\\/www.monaco-tribune.com\\\/it\\\/2025\\\/01\\\/foto-il-principe-alberto-ii-ed-emmanuel-macron-ai-funerali-di-didier-guillaume\\\/\",\"url\":\"https:\\\/\\\/www.monaco-tribune.com\\\/it\\\/2025\\\/01\\\/foto-il-principe-alberto-ii-ed-emmanuel-macron-ai-funerali-di-didier-guillaume\\\/\",\"name\":\"Il Principe Alberto II ed Emmanuel Macron ai funerali di Didier Guillaume\",\"isPartOf\":{\"@id\":\"https:\\\/\\\/www.monaco-tribune.com\\\/it\\\/#website\"},\"primaryImageOfPage\":{\"@id\":\"https:\\\/\\\/www.monaco-tribune.com\\\/it\\\/2025\\\/01\\\/foto-il-principe-alberto-ii-ed-emmanuel-macron-ai-funerali-di-didier-guillaume\\\/#primaryimage\"},\"image\":{\"@id\":\"https:\\\/\\\/www.monaco-tribune.com\\\/it\\\/2025\\\/01\\\/foto-il-principe-alberto-ii-ed-emmanuel-macron-ai-funerali-di-didier-guillaume\\\/#primaryimage\"},\"thumbnailUrl\":\"https:\\\/\\\/www.monaco-tribune.com\\\/wp-content\\\/uploads\\\/2025\\\/01\\\/prince-albert-ii-funerailles-d.g.jpg\",\"datePublished\":\"2025-01-24T17:09:59+00:00\",\"dateModified\":\"2025-01-24T17:11:23+00:00\",\"description\":\"Gioved\u00ec 23 gennaio, la Cattedrale di Monaco ha ospitato i funerali nazionali di Didier Guillaume, Ministro di Stato del Principato. Alla cerimonia hanno\",\"breadcrumb\":{\"@id\":\"https:\\\/\\\/www.monaco-tribune.com\\\/it\\\/2025\\\/01\\\/foto-il-principe-alberto-ii-ed-emmanuel-macron-ai-funerali-di-didier-guillaume\\\/#breadcrumb\"},\"inLanguage\":\"it-IT\",\"potentialAction\":[{\"@type\":\"ReadAction\",\"target\":[\"https:\\\/\\\/www.monaco-tribune.com\\\/it\\\/2025\\\/01\\\/foto-il-principe-alberto-ii-ed-emmanuel-macron-ai-funerali-di-didier-guillaume\\\/\"]}]},{\"@type\":\"ImageObject\",\"inLanguage\":\"it-IT\",\"@id\":\"https:\\\/\\\/www.monaco-tribune.com\\\/it\\\/2025\\\/01\\\/foto-il-principe-alberto-ii-ed-emmanuel-macron-ai-funerali-di-didier-guillaume\\\/#primaryimage\",\"url\":\"https:\\\/\\\/www.monaco-tribune.com\\\/wp-content\\\/uploads\\\/2025\\\/01\\\/prince-albert-ii-funerailles-d.g.jpg\",\"contentUrl\":\"https:\\\/\\\/www.monaco-tribune.com\\\/wp-content\\\/uploads\\\/2025\\\/01\\\/prince-albert-ii-funerailles-d.g.jpg\",\"width\":1200,\"height\":800,\"caption\":\"La cerimonia funebre di Didier Guillaume \u00e8 iniziata gioved\u00ec alle 11:00 nella Cattedrale di Monaco \u00a9 Eric Mathon \\\/ Micha\u00ebl Alesi \\\/ Fr\u00e9d\u00e9ric Nebinger \\\/ Axel Bastello \\\/ Palazzo del Principe\"},{\"@type\":\"BreadcrumbList\",\"@id\":\"https:\\\/\\\/www.monaco-tribune.com\\\/it\\\/2025\\\/01\\\/foto-il-principe-alberto-ii-ed-emmanuel-macron-ai-funerali-di-didier-guillaume\\\/#breadcrumb\",\"itemListElement\":[{\"@type\":\"ListItem\",\"position\":1,\"name\":\"Accueil\",\"item\":\"https:\\\/\\\/www.monaco-tribune.com\\\/it\\\/\"},{\"@type\":\"ListItem\",\"position\":2,\"name\":\"Il Principe Alberto II ed Emmanuel Macron ai funerali di Didier Guillaume\"}]},{\"@type\":\"WebSite\",\"@id\":\"https:\\\/\\\/www.monaco-tribune.com\\\/it\\\/#website\",\"url\":\"https:\\\/\\\/www.monaco-tribune.com\\\/it\\\/\",\"name\":\"Monaco Tribune\",\"description\":\"Monaco : actualit\u00e9s \u00e9conomiques, politiques, culturelles et sportives de Monaco et de la French Riviera.\",\"publisher\":{\"@id\":\"https:\\\/\\\/www.monaco-tribune.com\\\/it\\\/#organization\"},\"potentialAction\":[{\"@type\":\"SearchAction\",\"target\":{\"@type\":\"EntryPoint\",\"urlTemplate\":\"https:\\\/\\\/www.monaco-tribune.com\\\/it\\\/?s={search_term_string}\"},\"query-input\":{\"@type\":\"PropertyValueSpecification\",\"valueRequired\":true,\"valueName\":\"search_term_string\"}}],\"inLanguage\":\"it-IT\"},{\"@type\":\"Organization\",\"@id\":\"https:\\\/\\\/www.monaco-tribune.com\\\/it\\\/#organization\",\"name\":\"Monaco Tribune\",\"url\":\"https:\\\/\\\/www.monaco-tribune.com\\\/it\\\/\",\"logo\":{\"@type\":\"ImageObject\",\"inLanguage\":\"it-IT\",\"@id\":\"https:\\\/\\\/www.monaco-tribune.com\\\/it\\\/#\\\/schema\\\/logo\\\/image\\\/\",\"url\":\"https:\\\/\\\/www.monaco-tribune.com\\\/wp-content\\\/uploads\\\/2022\\\/11\\\/logo-monaco-tribune.png\",\"contentUrl\":\"https:\\\/\\\/www.monaco-tribune.com\\\/wp-content\\\/uploads\\\/2022\\\/11\\\/logo-monaco-tribune.png\",\"width\":1548,\"height\":600,\"caption\":\"Monaco Tribune\"},\"image\":{\"@id\":\"https:\\\/\\\/www.monaco-tribune.com\\\/it\\\/#\\\/schema\\\/logo\\\/image\\\/\"},\"sameAs\":[\"https:\\\/\\\/www.facebook.com\\\/MonacoTribune\",\"https:\\\/\\\/x.com\\\/MonacoTribune\",\"https:\\\/\\\/www.instagram.com\\\/monacotribune\\\/\",\"https:\\\/\\\/www.linkedin.com\\\/company\\\/monaco-tribune\",\"https:\\\/\\\/www.youtube.com\\\/channel\\\/UCHle1MnG6hw1y4lWKijVbMA\"]},{\"@type\":\"Person\",\"@id\":\"https:\\\/\\\/www.monaco-tribune.com\\\/it\\\/#\\\/schema\\\/person\\\/55ce91a070ff78e15ec1817376669bf4\",\"name\":\"Estelle Imbert\",\"image\":{\"@type\":\"ImageObject\",\"inLanguage\":\"it-IT\",\"@id\":\"https:\\\/\\\/secure.gravatar.com\\\/avatar\\\/d2e1a3840b1138a669d04f6292bbd810f7f730844d7a28a8e8c4c6da40e79852?s=96&d=mm&r=g\",\"url\":\"https:\\\/\\\/secure.gravatar.com\\\/avatar\\\/d2e1a3840b1138a669d04f6292bbd810f7f730844d7a28a8e8c4c6da40e79852?s=96&d=mm&r=g\",\"contentUrl\":\"https:\\\/\\\/secure.gravatar.com\\\/avatar\\\/d2e1a3840b1138a669d04f6292bbd810f7f730844d7a28a8e8c4c6da40e79852?s=96&d=mm&r=g\",\"caption\":\"Estelle Imbert\"},\"url\":\"https:\\\/\\\/www.monaco-tribune.com\\\/it\\\/author\\\/estelleimbert\\\/\"}]}<\/script>\n<!-- \/ Yoast SEO Premium plugin. -->","yoast_head_json":{"title":"Il Principe Alberto II ed Emmanuel Macron ai funerali di Didier Guillaume","description":"Gioved\u00ec 23 gennaio, la Cattedrale di Monaco ha ospitato i funerali nazionali di Didier Guillaume, Ministro di Stato del Principato. Alla cerimonia hanno","robots":{"index":"index","follow":"follow","max-snippet":"max-snippet:-1","max-image-preview":"max-image-preview:large","max-video-preview":"max-video-preview:-1"},"canonical":"https:\/\/www.monaco-tribune.com\/it\/2025\/01\/foto-il-principe-alberto-ii-ed-emmanuel-macron-ai-funerali-di-didier-guillaume\/","og_locale":"it_IT","og_type":"article","og_title":"Il Principe Alberto II ed Emmanuel Macron ai funerali di Didier Guillaume - Monaco Tribune","og_description":"Gioved\u00ec 23 gennaio, la Cattedrale di Monaco ha ospitato i funerali nazionali di Didier Guillaume, Ministro di Stato del Principato. Alla cerimonia hanno","og_url":"https:\/\/www.monaco-tribune.com\/it\/2025\/01\/foto-il-principe-alberto-ii-ed-emmanuel-macron-ai-funerali-di-didier-guillaume\/","og_site_name":"Monaco Tribune","article_publisher":"https:\/\/www.facebook.com\/MonacoTribune","article_published_time":"2025-01-24T17:09:59+00:00","article_modified_time":"2025-01-24T17:11:23+00:00","og_image":[{"width":1200,"height":800,"url":"https:\/\/www.monaco-tribune.com\/wp-content\/uploads\/2025\/01\/prince-albert-ii-funerailles-d.g.jpg","type":"image\/jpeg"}],"author":"Estelle Imbert","twitter_card":"summary_large_image","twitter_creator":"@MonacoTribune","twitter_site":"@MonacoTribune","schema":{"@context":"https:\/\/schema.org","@graph":[{"@type":"NewsArticle","@id":"https:\/\/www.monaco-tribune.com\/it\/2025\/01\/foto-il-principe-alberto-ii-ed-emmanuel-macron-ai-funerali-di-didier-guillaume\/#article","isPartOf":{"@id":"https:\/\/www.monaco-tribune.com\/it\/2025\/01\/foto-il-principe-alberto-ii-ed-emmanuel-macron-ai-funerali-di-didier-guillaume\/"},"author":{"name":"Estelle Imbert","@id":"https:\/\/www.monaco-tribune.com\/it\/#\/schema\/person\/55ce91a070ff78e15ec1817376669bf4"},"headline":"Il Principe Alberto II ed Emmanuel Macron ai funerali di Didier Guillaume","datePublished":"2025-01-24T17:09:59+00:00","dateModified":"2025-01-24T17:11:23+00:00","mainEntityOfPage":{"@id":"https:\/\/www.monaco-tribune.com\/it\/2025\/01\/foto-il-principe-alberto-ii-ed-emmanuel-macron-ai-funerali-di-didier-guillaume\/"},"wordCount":292,"publisher":{"@id":"https:\/\/www.monaco-tribune.com\/it\/#organization"},"image":{"@id":"https:\/\/www.monaco-tribune.com\/it\/2025\/01\/foto-il-principe-alberto-ii-ed-emmanuel-macron-ai-funerali-di-didier-guillaume\/#primaryimage"},"thumbnailUrl":"https:\/\/www.monaco-tribune.com\/wp-content\/uploads\/2025\/01\/prince-albert-ii-funerailles-d.g.jpg","keywords":["Principe Alberto II"],"articleSection":["Famiglia Principesca","La nostra scelta","Notizie"],"inLanguage":"it-IT","copyrightYear":"2025","copyrightHolder":{"@id":"https:\/\/www.monaco-tribune.com\/#organization"}},{"@type":"WebPage","@id":"https:\/\/www.monaco-tribune.com\/it\/2025\/01\/foto-il-principe-alberto-ii-ed-emmanuel-macron-ai-funerali-di-didier-guillaume\/","url":"https:\/\/www.monaco-tribune.com\/it\/2025\/01\/foto-il-principe-alberto-ii-ed-emmanuel-macron-ai-funerali-di-didier-guillaume\/","name":"Il Principe Alberto II ed Emmanuel Macron ai funerali di Didier Guillaume","isPartOf":{"@id":"https:\/\/www.monaco-tribune.com\/it\/#website"},"primaryImageOfPage":{"@id":"https:\/\/www.monaco-tribune.com\/it\/2025\/01\/foto-il-principe-alberto-ii-ed-emmanuel-macron-ai-funerali-di-didier-guillaume\/#primaryimage"},"image":{"@id":"https:\/\/www.monaco-tribune.com\/it\/2025\/01\/foto-il-principe-alberto-ii-ed-emmanuel-macron-ai-funerali-di-didier-guillaume\/#primaryimage"},"thumbnailUrl":"https:\/\/www.monaco-tribune.com\/wp-content\/uploads\/2025\/01\/prince-albert-ii-funerailles-d.g.jpg","datePublished":"2025-01-24T17:09:59+00:00","dateModified":"2025-01-24T17:11:23+00:00","description":"Gioved\u00ec 23 gennaio, la Cattedrale di Monaco ha ospitato i funerali nazionali di Didier Guillaume, Ministro di Stato del Principato. Alla cerimonia hanno","breadcrumb":{"@id":"https:\/\/www.monaco-tribune.com\/it\/2025\/01\/foto-il-principe-alberto-ii-ed-emmanuel-macron-ai-funerali-di-didier-guillaume\/#breadcrumb"},"inLanguage":"it-IT","potentialAction":[{"@type":"ReadAction","target":["https:\/\/www.monaco-tribune.com\/it\/2025\/01\/foto-il-principe-alberto-ii-ed-emmanuel-macron-ai-funerali-di-didier-guillaume\/"]}]},{"@type":"ImageObject","inLanguage":"it-IT","@id":"https:\/\/www.monaco-tribune.com\/it\/2025\/01\/foto-il-principe-alberto-ii-ed-emmanuel-macron-ai-funerali-di-didier-guillaume\/#primaryimage","url":"https:\/\/www.monaco-tribune.com\/wp-content\/uploads\/2025\/01\/prince-albert-ii-funerailles-d.g.jpg","contentUrl":"https:\/\/www.monaco-tribune.com\/wp-content\/uploads\/2025\/01\/prince-albert-ii-funerailles-d.g.jpg","width":1200,"height":800,"caption":"La cerimonia funebre di Didier Guillaume \u00e8 iniziata gioved\u00ec alle 11:00 nella Cattedrale di Monaco \u00a9 Eric Mathon \/ Micha\u00ebl Alesi \/ Fr\u00e9d\u00e9ric Nebinger \/ Axel Bastello \/ Palazzo del Principe"},{"@type":"BreadcrumbList","@id":"https:\/\/www.monaco-tribune.com\/it\/2025\/01\/foto-il-principe-alberto-ii-ed-emmanuel-macron-ai-funerali-di-didier-guillaume\/#breadcrumb","itemListElement":[{"@type":"ListItem","position":1,"name":"Accueil","item":"https:\/\/www.monaco-tribune.com\/it\/"},{"@type":"ListItem","position":2,"name":"Il Principe Alberto II ed Emmanuel Macron ai funerali di Didier Guillaume"}]},{"@type":"WebSite","@id":"https:\/\/www.monaco-tribune.com\/it\/#website","url":"https:\/\/www.monaco-tribune.com\/it\/","name":"Monaco Tribune","description":"Monaco : actualit\u00e9s \u00e9conomiques, politiques, culturelles et sportives de Monaco et de la French Riviera.","publisher":{"@id":"https:\/\/www.monaco-tribune.com\/it\/#organization"},"potentialAction":[{"@type":"SearchAction","target":{"@type":"EntryPoint","urlTemplate":"https:\/\/www.monaco-tribune.com\/it\/?s={search_term_string}"},"query-input":{"@type":"PropertyValueSpecification","valueRequired":true,"valueName":"search_term_string"}}],"inLanguage":"it-IT"},{"@type":"Organization","@id":"https:\/\/www.monaco-tribune.com\/it\/#organization","name":"Monaco Tribune","url":"https:\/\/www.monaco-tribune.com\/it\/","logo":{"@type":"ImageObject","inLanguage":"it-IT","@id":"https:\/\/www.monaco-tribune.com\/it\/#\/schema\/logo\/image\/","url":"https:\/\/www.monaco-tribune.com\/wp-content\/uploads\/2022\/11\/logo-monaco-tribune.png","contentUrl":"https:\/\/www.monaco-tribune.com\/wp-content\/uploads\/2022\/11\/logo-monaco-tribune.png","width":1548,"height":600,"caption":"Monaco Tribune"},"image":{"@id":"https:\/\/www.monaco-tribune.com\/it\/#\/schema\/logo\/image\/"},"sameAs":["https:\/\/www.facebook.com\/MonacoTribune","https:\/\/x.com\/MonacoTribune","https:\/\/www.instagram.com\/monacotribune\/","https:\/\/www.linkedin.com\/company\/monaco-tribune","https:\/\/www.youtube.com\/channel\/UCHle1MnG6hw1y4lWKijVbMA"]},{"@type":"Person","@id":"https:\/\/www.monaco-tribune.com\/it\/#\/schema\/person\/55ce91a070ff78e15ec1817376669bf4","name":"Estelle Imbert","image":{"@type":"ImageObject","inLanguage":"it-IT","@id":"https:\/\/secure.gravatar.com\/avatar\/d2e1a3840b1138a669d04f6292bbd810f7f730844d7a28a8e8c4c6da40e79852?s=96&d=mm&r=g","url":"https:\/\/secure.gravatar.com\/avatar\/d2e1a3840b1138a669d04f6292bbd810f7f730844d7a28a8e8c4c6da40e79852?s=96&d=mm&r=g","contentUrl":"https:\/\/secure.gravatar.com\/avatar\/d2e1a3840b1138a669d04f6292bbd810f7f730844d7a28a8e8c4c6da40e79852?s=96&d=mm&r=g","caption":"Estelle Imbert"},"url":"https:\/\/www.monaco-tribune.com\/it\/author\/estelleimbert\/"}]}},"_links":{"self":[{"href":"https:\/\/www.monaco-tribune.com\/it\/wp-json\/wp\/v2\/posts\/273676","targetHints":{"allow":["GET"]}}],"collection":[{"href":"https:\/\/www.monaco-tribune.com\/it\/wp-json\/wp\/v2\/posts"}],"about":[{"href":"https:\/\/www.monaco-tribune.com\/it\/wp-json\/wp\/v2\/types\/post"}],"author":[{"embeddable":true,"href":"https:\/\/www.monaco-tribune.com\/it\/wp-json\/wp\/v2\/users\/80"}],"replies":[{"embeddable":true,"href":"https:\/\/www.monaco-tribune.com\/it\/wp-json\/wp\/v2\/comments?post=273676"}],"version-history":[{"count":2,"href":"https:\/\/www.monaco-tribune.com\/it\/wp-json\/wp\/v2\/posts\/273676\/revisions"}],"predecessor-version":[{"id":273680,"href":"https:\/\/www.monaco-tribune.com\/it\/wp-json\/wp\/v2\/posts\/273676\/revisions\/273680"}],"wp:featuredmedia":[{"embeddable":true,"href":"https:\/\/www.monaco-tribune.com\/it\/wp-json\/wp\/v2\/media\/273227"}],"wp:attachment":[{"href":"https:\/\/www.monaco-tribune.com\/it\/wp-json\/wp\/v2\/media?parent=273676"}],"wp:term":[{"taxonomy":"category","embeddable":true,"href":"https:\/\/www.monaco-tribune.com\/it\/wp-json\/wp\/v2\/categories?post=273676"},{"taxonomy":"post_tag","embeddable":true,"href":"https:\/\/www.monaco-tribune.com\/it\/wp-json\/wp\/v2\/tags?post=273676"},{"taxonomy":"sectag","embeddable":true,"href":"https:\/\/www.monaco-tribune.com\/it\/wp-json\/wp\/v2\/post_sectags?post=273676"},{"taxonomy":"format","embeddable":true,"href":"https:\/\/www.monaco-tribune.com\/it\/wp-json\/wp\/v2\/post_format?post=273676"}],"curies":[{"name":"wp","href":"https:\/\/api.w.org\/{rel}","templated":true}]}}