{"id":274909,"date":"2025-01-29T19:24:26","date_gmt":"2025-01-29T17:24:26","guid":{"rendered":"https:\/\/www.monaco-tribune.com\/2025\/01\/furti-criminalita-droga-il-bilancio-della-surete-publique-del-2024-e-i-nuovi-progetti-per-il-2025\/"},"modified":"2025-01-29T19:24:33","modified_gmt":"2025-01-29T17:24:33","slug":"furti-criminalita-droga-il-bilancio-della-surete-publique-del-2024-e-i-nuovi-progetti-per-il-2025","status":"publish","type":"post","link":"https:\/\/www.monaco-tribune.com\/it\/2025\/01\/furti-criminalita-droga-il-bilancio-della-surete-publique-del-2024-e-i-nuovi-progetti-per-il-2025\/","title":{"rendered":"Furti, criminalit\u00e0, droga&#8230; Il bilancio della S\u00fbret\u00e9 Publique del 2024 e i nuovi progetti per il 2025"},"content":{"rendered":"\n<p><strong>In occasione della cerimonia di inaugurazione del nuovo anno della DSP (Direction de la S\u00fbret\u00e9 Publique), marted\u00ec 28 gennaio, il direttore \u00c9ric Arella ha fatto il punto sul 2024 e ha definito gli obiettivi per il nuovo anno.<\/strong><\/p>\n\n<p>Davanti al Principe Alberto II, \u00c9ric Arella ha iniziato il suo discorso rendendo omaggio a Didier Guillaume, l&#8217;ex Ministro di Stato <a href=\"https:\/\/www.monaco-tribune.com\/it\/2025\/01\/il-ministro-di-stato-di-monaco-didier-guillaume-e-deceduto-alleta-di-65-anni\/\">scomparso improvvisamente il 17 gennaio 2025<\/a>: \u201cInnanzitutto, vorrei rivolgere un pensiero speciale al nostro caro Ministro di Stato, Didier Guillaume, scomparso troppo presto. La sua eredit\u00e0 vivr\u00e0 a lungo nel Principato di Monaco.&#8221;<\/p>\n\n<p>Ha poi ringraziato il Principe Alberto II per la fiducia che gli ha dimostrato da quando ha assunto l&#8217;incarico: &#8220;La ringrazio ancora una volta per la fiducia che ha dimostrato nei miei confronti nominandomi per questo alto incarico&#8221;.<\/p>\n\n<h2 class=\"wp-block-heading\" id=\"h-une-delinquance-moderee-et-globalement-bien-maitrisee\">Criminalit\u00e0 moderata e nel complesso ben controllata<\/h2>\n\n<p>Le statistiche del 2024 mostrano un leggero aumento della criminalit\u00e0 generale del 4,10% (888 reati rispetto agli 853 del 2023). \u00c9ric Arella ci ha tenuto a sottolineare che i numeri restano modesti: &#8220;In definitiva, si tratta di un livello di criminalit\u00e0 moderato e complessivamente ben controllato, in linea con la tendenza dell&#8217;ultimo decennio, che continua a evidenziare l&#8217;elevato livello di sicurezza a Monaco&#8221;.<\/p>\n\n<p>Alcuni reati, tuttavia, hanno registrato un aumento significativo: i furti con scasso (17 nel 2024 rispetto agli 11 del 2023), i furti semplici (125 contro 78) e i reati legati alla droga (166 contro 132). Per quanto riguarda il riciclaggio, sono stati registrati 23 reati rispetto ai 14 dell&#8217;anno precedente.<\/p>\n\n<p>Dall&#8217;altra parte, ha richiamato l&#8217;attenzione sul basso numero di reati penali: &#8220;fortunatamente sono stati molto pochi, solo quattro in tutto. Nel 2024 abbiamo avuto due casi di tentato omicidio e due rapine a mano armata, che si sono risolti rapidamente&#8221;.<\/p>\n\n<h2 class=\"wp-block-heading\" id=\"h-les-chiffres-cles-de-2024\">I dati chiave del 2024<\/h2>\n\n<ul class=\"wp-block-list\">\n<li>Delinquenza generale: un aumento del 4,10% con 888 reati registrati contro gli 853 del 2023. <\/li>\n\n\n\n<li>Furti con scasso: aumento da 11 a 17 casi. <\/li>\n\n\n\n<li>Furti semplici: aumento significativo, da 78 a 125 casi.<\/li>\n\n\n\n<li>Riciclaggio: aumento da 14 a 23 reati.<\/li>\n\n\n\n<li>Reati di droga: aumento significativo da 132 a 166 casi.<\/li>\n<\/ul>\n\n<p>Ci sono stati comunque alcuni sviluppi positivi:<\/p>\n\n<ul class=\"wp-block-list\">\n<li>Incidenti mortali: nessun decesso nel 2024 contro sei nel 2023.<\/li>\n\n\n\n<li>Interventi della polizia: aumento considerevole con 12.234 interventi nel 2024 contro 9.444 nel 2023.<\/li>\n\n\n\n<li>Tasso di risoluzione dei casi: stabile e soddisfacente, quasi il 49%, cio\u00e8 un caso su due risolto.<\/li>\n<\/ul>\n\n<h2 class=\"wp-block-heading\"><strong>Criminalit\u00e0 stradale: una priorit\u00e0 per il 2025<\/strong><\/h2>\n\n<p>\u00c9ric Arella ha insistito su una problematica persistente e preoccupante: la criminalit\u00e0 stradale. Anche se l&#8217;anno scorso non \u00e8 stato registrato nessun incidente mortale (rispetto ai 6 del 2023), gli incidenti sono aumentati del 6%, con 161 casi nel 2024 rispetto ai 151 del 2023: &#8220;Il Principato \u00e8 colpito principalmente da una criminalit\u00e0 di passaggio. Invece, diversi segnali che riguardano la criminalit\u00e0 stradale sono diventati allarmanti e richiederanno presto nuove disposizioni.<\/p>\n\n<p>Nel 2024, la situazione \u00e8 diventata pi\u00f9 grave, l&#8217;abbiamo visto con i due brutti incidenti di met\u00e0 dicembre, ma per fortuna ci sono stati pochi feriti.<\/p>\n\n<p>Le cause degli incidenti? Eccesso di velocit\u00e0 associato a un notevole consumo di alcool, a volte aggravato da un consumo di stupefacenti, situazione che si \u00e8 verificata sempre pi\u00f9 spesso nel 2024. \u00c8 un filo conduttore su cui insister\u00f2 sicuramente&#8221;.<\/p>\n\n<p>Entro il 2025 sar\u00e0 messo in atto un piano per migliorare la sicurezza stradale che prevede la creazione di nuovi reati, l&#8217;aggravamento di quelli esistenti e la possibilit\u00e0 per la polizia di agire di propria iniziativa, cosa che attualmente non \u00e8 prevista.<\/p>\n\n<p class=\"related\"><a href=\"https:\/\/www.monaco-tribune.com\/it\/2024\/07\/sanzioni-stradali-presto-piu-severe-a-monaco\/\">Sanzioni stradali presto pi\u00f9 severe a Monaco?<\/a><\/p>\n\n<h2 class=\"wp-block-heading\" id=\"h-des-moyens-humains-et-materiels\">Risorse umane e materiali<\/h2>\n\n<p>Il Direttore ci ha tenuto a ricordare i punti di forza della DSP: &#8220;Con otto divisioni e tre hub, la DSP dispone di un organico di 620 persone, di cui circa un centinaio di donne. Questo consente di svolgere un forte ruolo di prevenzione, come testimonia la presenza della polizia sul territorio di gran lunga superiore a quella che si registra altrove&#8221;.<\/p>\n\n<p>\u00c9ric Arella ha inoltre sottolineato le eccezionali risorse materiali della S\u00fbret\u00e9 Publique, in particolare una rete di videosorveglianza con quasi 1.300 telecamere, unita alla qualit\u00e0 delle immagini e alla padronanza dei software di analisi. Ha poi evidenziato &#8220;le eccellenti condizioni di lavoro di cui gode la S\u00fbret\u00e9 Publique, grazie a questo nuovo edificio, inaugurato quasi esattamente un anno fa&#8221;.<\/p>\n<div class=\"wp-block-image\">\n<figure class=\"aligncenter size-large\"><img loading=\"lazy\" decoding=\"async\" width=\"1024\" height=\"683\" src=\"https:\/\/www.monaco-tribune.com\/wp-content\/uploads\/2025\/01\/voeux-de-la-surete-publique-1024x683.jpg\" alt=\"voeux de la su&#x302;rete&#x301; publique\" class=\"wp-image-274475\" srcset=\"https:\/\/www.monaco-tribune.com\/wp-content\/uploads\/2025\/01\/voeux-de-la-surete-publique-1024x683.jpg 1024w, https:\/\/www.monaco-tribune.com\/wp-content\/uploads\/2025\/01\/voeux-de-la-surete-publique-450x300.jpg 450w, https:\/\/www.monaco-tribune.com\/wp-content\/uploads\/2025\/01\/voeux-de-la-surete-publique.jpg 1200w\" sizes=\"auto, (max-width: 1024px) 100vw, 1024px\" \/><figcaption class=\"wp-element-caption\"><em>Il Principe Alberto II e \u00c9ric Arella \u00a9 Monaco Tribune<\/em><\/figcaption><\/figure>\n<\/div>\n<h2 class=\"wp-block-heading\" id=\"h-perspectives-pour-2025\"><strong>Progetti per il 2025<\/strong><\/h2>\n\n<p>Per affrontare queste sfide al meglio, \u00c9ric Arella ha condiviso gli sforzi intrapresi per modernizzare le risorse della S\u00fbret\u00e9 Publique. La riforma dello strumento di statistica, avviata nel 2024, mira a perfezionare l&#8217;analisi dei dati e ad adottare gli standard europei in materia di salvataggio degli stessi.<\/p>\n\n<p>Questo nuovo approccio permetter\u00e0 di reagire pi\u00f9 rapidamente di fronte a una criminalit\u00e0 sempre pi\u00f9 organizzata e mutevole: &#8220;Fin dal mio insediamento, e con il pieno accordo del Ministro dell&#8217;Interno, ho deciso di attuare un progetto lanciato la scorsa primavera per modernizzare la S\u00fbret\u00e9 Publique, che ha deciso di optare per una riforma totale dello strumento statistico utilizzato per tracciare la criminalit\u00e0, con due obiettivi: avvicinarsi il pi\u00f9 possibile alla natura sempre pi\u00f9 organizzata, violenta e proteiforme della criminalit\u00e0 e adeguarsi agli standard dei principali Paesi europei in termini di salvataggio e dei dati statistici. La differenza star\u00e0 soprattutto nella velocit\u00e0 e nella qualit\u00e0 dello strumento utilizzato per le statistiche&#8221;.<\/p>\n\n<p>Ha inoltre esposto le cinque priorit\u00e0 per il 2025:<\/p>\n\n<ul class=\"wp-block-list\">\n<li>Mantenere uno stretto legame tra la S\u00fbret\u00e9 Publique e la popolazione.<\/li>\n\n\n\n<li>Proporre un piano di rafforzamento della sicurezza stradale.<\/li>\n\n\n\n<li>Aumentare le misure di prevenzione negli istituti scolastici, tramite un sistema di riservisti.<\/li>\n\n\n\n<li>Migliorare le condizioni dei residenti riducendo i tempi di ottenimento e rinnovo dei permessi di soggiorno.<\/li>\n\n\n\n<li>Rendere pi\u00f9 attraente la professione della polizia monegasca.<\/li>\n<\/ul>\n\n<p>Ha inoltre delineato un piano ambizioso per il 2030, che include la proposta di legge sul <a href=\"https:\/\/www.monaco-tribune.com\/2023\/12\/la-reconnaissance-faciale-bientot-a-monaco\/\">riconoscimento facciale<\/a>: &#8220;Dobbiamo fare in modo che la sicurezza pubblica diventi pi\u00f9 proattiva e aumenti la sua capacit\u00e0 di prendere iniziative a beneficio dei nostri dipartimenti di intelligence e della polizia giudiziaria&#8221;.<\/p>\n<div class=\"wp-block-image\">\n<figure class=\"aligncenter size-large\"><img loading=\"lazy\" decoding=\"async\" width=\"1024\" height=\"683\" src=\"https:\/\/www.monaco-tribune.com\/wp-content\/uploads\/2025\/01\/surete-publique-1024x683.jpg\" alt=\"Surete&#x301; publique voeux 2025\" class=\"wp-image-274542\" srcset=\"https:\/\/www.monaco-tribune.com\/wp-content\/uploads\/2025\/01\/surete-publique-1024x683.jpg 1024w, https:\/\/www.monaco-tribune.com\/wp-content\/uploads\/2025\/01\/surete-publique-450x300.jpg 450w, https:\/\/www.monaco-tribune.com\/wp-content\/uploads\/2025\/01\/surete-publique.jpg 1200w\" sizes=\"auto, (max-width: 1024px) 100vw, 1024px\" \/><figcaption class=\"wp-element-caption\"><em> La S\u00fbret\u00e9 Publique conta 620 dipendenti, di cui 100 donne \u00a9 Direzione della Comunicazione &#8211; Manuel Vitali<\/em><\/figcaption><\/figure>\n<\/div>\n<h2 class=\"wp-block-heading\" id=\"h-un-appel-a-la-vigilance-collective\">Un appello alla vigilanza collettiva<\/h2>\n\n<p>In conclusione, \u00c9ric Arella ha sottolineato che la sicurezza \u00e8 una questione di responsabilit\u00e0 collettiva, citando i casi di furto di veicoli facilitati da comportamenti imprudenti. Ha invitato i cittadini a rimanere vigili: &#8220;Grazie a questa cerimonia ho l&#8217;opportunit\u00e0 di sensibilizzare il pubblico ricordandogli che la sicurezza \u00e8 un affare di tutti e dipende dalla vigilanza di tutti. Questa vigilanza deve essere ancora maggiore oggi che in passato, in un momento in cui le reti criminali utilizzano tutti i mezzi disponibili, in particolare quelli digitali, per identificare, colpire e truffare le loro vittime&#8221;.<\/p>\n\n<p class=\"related\"><a href=\"https:\/\/www.monaco-tribune.com\/it\/2023\/09\/app-elles-lapp-per-combattere-la-violenza-sulle-donne-e-ora-disponibile-a-monaco\/\">App-Elles: l\u2019app per combattere la violenza sulle donne \u00e8 ora disponibile a Monaco<\/a><\/p>\n","protected":false},"excerpt":{"rendered":"<p>In occasione della cerimonia di inaugurazione del nuovo anno della DSP (Direction de la S\u00fbret\u00e9 Publique), marted\u00ec 28 gennaio, il [&hellip;]<\/p>\n","protected":false},"author":80,"featured_media":274686,"comment_status":"closed","ping_status":"closed","sticky":false,"template":"","format":"standard","meta":{"_acf_changed":false,"footnotes":""},"categories":[1826,1738,1752],"tags":[3125],"post_sectags":[],"post_format":[2486],"class_list":["post-274909","post","type-post","status-publish","format-standard","has-post-thumbnail","hentry","category-la-nostra-scelta","category-notizie","category-societa","tag-sicurezza","format-servizio"],"acf":[],"yoast_head":"<!-- This site is optimized with the Yoast SEO Premium plugin v26.8 (Yoast SEO v27.4) - https:\/\/yoast.com\/product\/yoast-seo-premium-wordpress\/ -->\n<title>Furti, criminalit\u00e0, droga... Il bilancio della S\u00fbret\u00e9 Publique del 2024 e i nuovi progetti per il 2025<\/title>\n<meta name=\"description\" content=\"In occasione della cerimonia di inaugurazione del nuovo anno della DSP (Direction de la S\u00fbret\u00e9 Publique), marted\u00ec 28 gennaio, il direttore \u00c9ric Arella ha\" \/>\n<meta name=\"robots\" content=\"index, follow, max-snippet:-1, max-image-preview:large, max-video-preview:-1\" \/>\n<link rel=\"canonical\" href=\"https:\/\/www.monaco-tribune.com\/it\/2025\/01\/furti-criminalita-droga-il-bilancio-della-surete-publique-del-2024-e-i-nuovi-progetti-per-il-2025\/\" \/>\n<meta property=\"og:locale\" content=\"it_IT\" \/>\n<meta property=\"og:type\" content=\"article\" \/>\n<meta property=\"og:title\" content=\"Furti, criminalit\u00e0, droga... Il bilancio della S\u00fbret\u00e9 Publique del 2024 e i nuovi progetti per il 2025 - Monaco Tribune\" \/>\n<meta property=\"og:description\" content=\"In occasione della cerimonia di inaugurazione del nuovo anno della DSP (Direction de la S\u00fbret\u00e9 Publique), marted\u00ec 28 gennaio, il direttore \u00c9ric Arella ha\" \/>\n<meta property=\"og:url\" content=\"https:\/\/www.monaco-tribune.com\/it\/2025\/01\/furti-criminalita-droga-il-bilancio-della-surete-publique-del-2024-e-i-nuovi-progetti-per-il-2025\/\" \/>\n<meta property=\"og:site_name\" content=\"Monaco Tribune\" \/>\n<meta property=\"article:publisher\" content=\"https:\/\/www.facebook.com\/MonacoTribune\" \/>\n<meta property=\"article:published_time\" content=\"2025-01-29T17:24:26+00:00\" \/>\n<meta property=\"article:modified_time\" content=\"2025-01-29T17:24:33+00:00\" \/>\n<meta property=\"og:image\" content=\"https:\/\/www.monaco-tribune.com\/wp-content\/uploads\/2025\/01\/eric-arella.jpg\" \/>\n\t<meta property=\"og:image:width\" content=\"1200\" \/>\n\t<meta property=\"og:image:height\" content=\"800\" \/>\n\t<meta property=\"og:image:type\" content=\"image\/jpeg\" \/>\n<meta name=\"author\" content=\"Estelle Imbert\" \/>\n<meta name=\"twitter:card\" content=\"summary_large_image\" \/>\n<meta name=\"twitter:creator\" content=\"@MonacoTribune\" \/>\n<meta name=\"twitter:site\" content=\"@MonacoTribune\" \/>\n<script type=\"application\/ld+json\" class=\"yoast-schema-graph\">{\"@context\":\"https:\\\/\\\/schema.org\",\"@graph\":[{\"@type\":\"NewsArticle\",\"@id\":\"https:\\\/\\\/www.monaco-tribune.com\\\/it\\\/2025\\\/01\\\/furti-criminalita-droga-il-bilancio-della-surete-publique-del-2024-e-i-nuovi-progetti-per-il-2025\\\/#article\",\"isPartOf\":{\"@id\":\"https:\\\/\\\/www.monaco-tribune.com\\\/it\\\/2025\\\/01\\\/furti-criminalita-droga-il-bilancio-della-surete-publique-del-2024-e-i-nuovi-progetti-per-il-2025\\\/\"},\"author\":{\"name\":\"Estelle Imbert\",\"@id\":\"https:\\\/\\\/www.monaco-tribune.com\\\/it\\\/#\\\/schema\\\/person\\\/55ce91a070ff78e15ec1817376669bf4\"},\"headline\":\"Furti, criminalit\u00e0, droga&#8230; Il bilancio della S\u00fbret\u00e9 Publique del 2024 e i nuovi progetti per il 2025\",\"datePublished\":\"2025-01-29T17:24:26+00:00\",\"dateModified\":\"2025-01-29T17:24:33+00:00\",\"mainEntityOfPage\":{\"@id\":\"https:\\\/\\\/www.monaco-tribune.com\\\/it\\\/2025\\\/01\\\/furti-criminalita-droga-il-bilancio-della-surete-publique-del-2024-e-i-nuovi-progetti-per-il-2025\\\/\"},\"wordCount\":1090,\"publisher\":{\"@id\":\"https:\\\/\\\/www.monaco-tribune.com\\\/it\\\/#organization\"},\"image\":{\"@id\":\"https:\\\/\\\/www.monaco-tribune.com\\\/it\\\/2025\\\/01\\\/furti-criminalita-droga-il-bilancio-della-surete-publique-del-2024-e-i-nuovi-progetti-per-il-2025\\\/#primaryimage\"},\"thumbnailUrl\":\"https:\\\/\\\/www.monaco-tribune.com\\\/wp-content\\\/uploads\\\/2025\\\/01\\\/eric-arella.jpg\",\"keywords\":[\"Sicurezza\"],\"articleSection\":[\"La nostra scelta\",\"Notizie\",\"Societ\u00e0\"],\"inLanguage\":\"it-IT\",\"copyrightYear\":\"2025\",\"copyrightHolder\":{\"@id\":\"https:\\\/\\\/www.monaco-tribune.com\\\/#organization\"}},{\"@type\":\"WebPage\",\"@id\":\"https:\\\/\\\/www.monaco-tribune.com\\\/it\\\/2025\\\/01\\\/furti-criminalita-droga-il-bilancio-della-surete-publique-del-2024-e-i-nuovi-progetti-per-il-2025\\\/\",\"url\":\"https:\\\/\\\/www.monaco-tribune.com\\\/it\\\/2025\\\/01\\\/furti-criminalita-droga-il-bilancio-della-surete-publique-del-2024-e-i-nuovi-progetti-per-il-2025\\\/\",\"name\":\"Furti, criminalit\u00e0, droga... Il bilancio della S\u00fbret\u00e9 Publique del 2024 e i nuovi progetti per il 2025\",\"isPartOf\":{\"@id\":\"https:\\\/\\\/www.monaco-tribune.com\\\/it\\\/#website\"},\"primaryImageOfPage\":{\"@id\":\"https:\\\/\\\/www.monaco-tribune.com\\\/it\\\/2025\\\/01\\\/furti-criminalita-droga-il-bilancio-della-surete-publique-del-2024-e-i-nuovi-progetti-per-il-2025\\\/#primaryimage\"},\"image\":{\"@id\":\"https:\\\/\\\/www.monaco-tribune.com\\\/it\\\/2025\\\/01\\\/furti-criminalita-droga-il-bilancio-della-surete-publique-del-2024-e-i-nuovi-progetti-per-il-2025\\\/#primaryimage\"},\"thumbnailUrl\":\"https:\\\/\\\/www.monaco-tribune.com\\\/wp-content\\\/uploads\\\/2025\\\/01\\\/eric-arella.jpg\",\"datePublished\":\"2025-01-29T17:24:26+00:00\",\"dateModified\":\"2025-01-29T17:24:33+00:00\",\"description\":\"In occasione della cerimonia di inaugurazione del nuovo anno della DSP (Direction de la S\u00fbret\u00e9 Publique), marted\u00ec 28 gennaio, il direttore \u00c9ric Arella ha\",\"breadcrumb\":{\"@id\":\"https:\\\/\\\/www.monaco-tribune.com\\\/it\\\/2025\\\/01\\\/furti-criminalita-droga-il-bilancio-della-surete-publique-del-2024-e-i-nuovi-progetti-per-il-2025\\\/#breadcrumb\"},\"inLanguage\":\"it-IT\",\"potentialAction\":[{\"@type\":\"ReadAction\",\"target\":[\"https:\\\/\\\/www.monaco-tribune.com\\\/it\\\/2025\\\/01\\\/furti-criminalita-droga-il-bilancio-della-surete-publique-del-2024-e-i-nuovi-progetti-per-il-2025\\\/\"]}]},{\"@type\":\"ImageObject\",\"inLanguage\":\"it-IT\",\"@id\":\"https:\\\/\\\/www.monaco-tribune.com\\\/it\\\/2025\\\/01\\\/furti-criminalita-droga-il-bilancio-della-surete-publique-del-2024-e-i-nuovi-progetti-per-il-2025\\\/#primaryimage\",\"url\":\"https:\\\/\\\/www.monaco-tribune.com\\\/wp-content\\\/uploads\\\/2025\\\/01\\\/eric-arella.jpg\",\"contentUrl\":\"https:\\\/\\\/www.monaco-tribune.com\\\/wp-content\\\/uploads\\\/2025\\\/01\\\/eric-arella.jpg\",\"width\":1200,\"height\":800,\"caption\":\"\u00a9\u00a0 Direzione della Comunicazione - Manuel Vitali\"},{\"@type\":\"BreadcrumbList\",\"@id\":\"https:\\\/\\\/www.monaco-tribune.com\\\/it\\\/2025\\\/01\\\/furti-criminalita-droga-il-bilancio-della-surete-publique-del-2024-e-i-nuovi-progetti-per-il-2025\\\/#breadcrumb\",\"itemListElement\":[{\"@type\":\"ListItem\",\"position\":1,\"name\":\"Accueil\",\"item\":\"https:\\\/\\\/www.monaco-tribune.com\\\/it\\\/\"},{\"@type\":\"ListItem\",\"position\":2,\"name\":\"Furti, criminalit\u00e0, droga&#8230; Il bilancio della S\u00fbret\u00e9 Publique del 2024 e i nuovi progetti per il 2025\"}]},{\"@type\":\"WebSite\",\"@id\":\"https:\\\/\\\/www.monaco-tribune.com\\\/it\\\/#website\",\"url\":\"https:\\\/\\\/www.monaco-tribune.com\\\/it\\\/\",\"name\":\"Monaco Tribune\",\"description\":\"Monaco : actualit\u00e9s \u00e9conomiques, politiques, culturelles et sportives de Monaco et de la French Riviera.\",\"publisher\":{\"@id\":\"https:\\\/\\\/www.monaco-tribune.com\\\/it\\\/#organization\"},\"potentialAction\":[{\"@type\":\"SearchAction\",\"target\":{\"@type\":\"EntryPoint\",\"urlTemplate\":\"https:\\\/\\\/www.monaco-tribune.com\\\/it\\\/?s={search_term_string}\"},\"query-input\":{\"@type\":\"PropertyValueSpecification\",\"valueRequired\":true,\"valueName\":\"search_term_string\"}}],\"inLanguage\":\"it-IT\"},{\"@type\":\"Organization\",\"@id\":\"https:\\\/\\\/www.monaco-tribune.com\\\/it\\\/#organization\",\"name\":\"Monaco Tribune\",\"url\":\"https:\\\/\\\/www.monaco-tribune.com\\\/it\\\/\",\"logo\":{\"@type\":\"ImageObject\",\"inLanguage\":\"it-IT\",\"@id\":\"https:\\\/\\\/www.monaco-tribune.com\\\/it\\\/#\\\/schema\\\/logo\\\/image\\\/\",\"url\":\"https:\\\/\\\/www.monaco-tribune.com\\\/wp-content\\\/uploads\\\/2022\\\/11\\\/logo-monaco-tribune.png\",\"contentUrl\":\"https:\\\/\\\/www.monaco-tribune.com\\\/wp-content\\\/uploads\\\/2022\\\/11\\\/logo-monaco-tribune.png\",\"width\":1548,\"height\":600,\"caption\":\"Monaco Tribune\"},\"image\":{\"@id\":\"https:\\\/\\\/www.monaco-tribune.com\\\/it\\\/#\\\/schema\\\/logo\\\/image\\\/\"},\"sameAs\":[\"https:\\\/\\\/www.facebook.com\\\/MonacoTribune\",\"https:\\\/\\\/x.com\\\/MonacoTribune\",\"https:\\\/\\\/www.instagram.com\\\/monacotribune\\\/\",\"https:\\\/\\\/www.linkedin.com\\\/company\\\/monaco-tribune\",\"https:\\\/\\\/www.youtube.com\\\/channel\\\/UCHle1MnG6hw1y4lWKijVbMA\"]},{\"@type\":\"Person\",\"@id\":\"https:\\\/\\\/www.monaco-tribune.com\\\/it\\\/#\\\/schema\\\/person\\\/55ce91a070ff78e15ec1817376669bf4\",\"name\":\"Estelle Imbert\",\"image\":{\"@type\":\"ImageObject\",\"inLanguage\":\"it-IT\",\"@id\":\"https:\\\/\\\/secure.gravatar.com\\\/avatar\\\/d2e1a3840b1138a669d04f6292bbd810f7f730844d7a28a8e8c4c6da40e79852?s=96&d=mm&r=g\",\"url\":\"https:\\\/\\\/secure.gravatar.com\\\/avatar\\\/d2e1a3840b1138a669d04f6292bbd810f7f730844d7a28a8e8c4c6da40e79852?s=96&d=mm&r=g\",\"contentUrl\":\"https:\\\/\\\/secure.gravatar.com\\\/avatar\\\/d2e1a3840b1138a669d04f6292bbd810f7f730844d7a28a8e8c4c6da40e79852?s=96&d=mm&r=g\",\"caption\":\"Estelle Imbert\"},\"url\":\"https:\\\/\\\/www.monaco-tribune.com\\\/it\\\/author\\\/estelleimbert\\\/\"}]}<\/script>\n<!-- \/ Yoast SEO Premium plugin. -->","yoast_head_json":{"title":"Furti, criminalit\u00e0, droga... Il bilancio della S\u00fbret\u00e9 Publique del 2024 e i nuovi progetti per il 2025","description":"In occasione della cerimonia di inaugurazione del nuovo anno della DSP (Direction de la S\u00fbret\u00e9 Publique), marted\u00ec 28 gennaio, il direttore \u00c9ric Arella ha","robots":{"index":"index","follow":"follow","max-snippet":"max-snippet:-1","max-image-preview":"max-image-preview:large","max-video-preview":"max-video-preview:-1"},"canonical":"https:\/\/www.monaco-tribune.com\/it\/2025\/01\/furti-criminalita-droga-il-bilancio-della-surete-publique-del-2024-e-i-nuovi-progetti-per-il-2025\/","og_locale":"it_IT","og_type":"article","og_title":"Furti, criminalit\u00e0, droga... Il bilancio della S\u00fbret\u00e9 Publique del 2024 e i nuovi progetti per il 2025 - Monaco Tribune","og_description":"In occasione della cerimonia di inaugurazione del nuovo anno della DSP (Direction de la S\u00fbret\u00e9 Publique), marted\u00ec 28 gennaio, il direttore \u00c9ric Arella ha","og_url":"https:\/\/www.monaco-tribune.com\/it\/2025\/01\/furti-criminalita-droga-il-bilancio-della-surete-publique-del-2024-e-i-nuovi-progetti-per-il-2025\/","og_site_name":"Monaco Tribune","article_publisher":"https:\/\/www.facebook.com\/MonacoTribune","article_published_time":"2025-01-29T17:24:26+00:00","article_modified_time":"2025-01-29T17:24:33+00:00","og_image":[{"width":1200,"height":800,"url":"https:\/\/www.monaco-tribune.com\/wp-content\/uploads\/2025\/01\/eric-arella.jpg","type":"image\/jpeg"}],"author":"Estelle Imbert","twitter_card":"summary_large_image","twitter_creator":"@MonacoTribune","twitter_site":"@MonacoTribune","schema":{"@context":"https:\/\/schema.org","@graph":[{"@type":"NewsArticle","@id":"https:\/\/www.monaco-tribune.com\/it\/2025\/01\/furti-criminalita-droga-il-bilancio-della-surete-publique-del-2024-e-i-nuovi-progetti-per-il-2025\/#article","isPartOf":{"@id":"https:\/\/www.monaco-tribune.com\/it\/2025\/01\/furti-criminalita-droga-il-bilancio-della-surete-publique-del-2024-e-i-nuovi-progetti-per-il-2025\/"},"author":{"name":"Estelle Imbert","@id":"https:\/\/www.monaco-tribune.com\/it\/#\/schema\/person\/55ce91a070ff78e15ec1817376669bf4"},"headline":"Furti, criminalit\u00e0, droga&#8230; Il bilancio della S\u00fbret\u00e9 Publique del 2024 e i nuovi progetti per il 2025","datePublished":"2025-01-29T17:24:26+00:00","dateModified":"2025-01-29T17:24:33+00:00","mainEntityOfPage":{"@id":"https:\/\/www.monaco-tribune.com\/it\/2025\/01\/furti-criminalita-droga-il-bilancio-della-surete-publique-del-2024-e-i-nuovi-progetti-per-il-2025\/"},"wordCount":1090,"publisher":{"@id":"https:\/\/www.monaco-tribune.com\/it\/#organization"},"image":{"@id":"https:\/\/www.monaco-tribune.com\/it\/2025\/01\/furti-criminalita-droga-il-bilancio-della-surete-publique-del-2024-e-i-nuovi-progetti-per-il-2025\/#primaryimage"},"thumbnailUrl":"https:\/\/www.monaco-tribune.com\/wp-content\/uploads\/2025\/01\/eric-arella.jpg","keywords":["Sicurezza"],"articleSection":["La nostra scelta","Notizie","Societ\u00e0"],"inLanguage":"it-IT","copyrightYear":"2025","copyrightHolder":{"@id":"https:\/\/www.monaco-tribune.com\/#organization"}},{"@type":"WebPage","@id":"https:\/\/www.monaco-tribune.com\/it\/2025\/01\/furti-criminalita-droga-il-bilancio-della-surete-publique-del-2024-e-i-nuovi-progetti-per-il-2025\/","url":"https:\/\/www.monaco-tribune.com\/it\/2025\/01\/furti-criminalita-droga-il-bilancio-della-surete-publique-del-2024-e-i-nuovi-progetti-per-il-2025\/","name":"Furti, criminalit\u00e0, droga... Il bilancio della S\u00fbret\u00e9 Publique del 2024 e i nuovi progetti per il 2025","isPartOf":{"@id":"https:\/\/www.monaco-tribune.com\/it\/#website"},"primaryImageOfPage":{"@id":"https:\/\/www.monaco-tribune.com\/it\/2025\/01\/furti-criminalita-droga-il-bilancio-della-surete-publique-del-2024-e-i-nuovi-progetti-per-il-2025\/#primaryimage"},"image":{"@id":"https:\/\/www.monaco-tribune.com\/it\/2025\/01\/furti-criminalita-droga-il-bilancio-della-surete-publique-del-2024-e-i-nuovi-progetti-per-il-2025\/#primaryimage"},"thumbnailUrl":"https:\/\/www.monaco-tribune.com\/wp-content\/uploads\/2025\/01\/eric-arella.jpg","datePublished":"2025-01-29T17:24:26+00:00","dateModified":"2025-01-29T17:24:33+00:00","description":"In occasione della cerimonia di inaugurazione del nuovo anno della DSP (Direction de la S\u00fbret\u00e9 Publique), marted\u00ec 28 gennaio, il direttore \u00c9ric Arella ha","breadcrumb":{"@id":"https:\/\/www.monaco-tribune.com\/it\/2025\/01\/furti-criminalita-droga-il-bilancio-della-surete-publique-del-2024-e-i-nuovi-progetti-per-il-2025\/#breadcrumb"},"inLanguage":"it-IT","potentialAction":[{"@type":"ReadAction","target":["https:\/\/www.monaco-tribune.com\/it\/2025\/01\/furti-criminalita-droga-il-bilancio-della-surete-publique-del-2024-e-i-nuovi-progetti-per-il-2025\/"]}]},{"@type":"ImageObject","inLanguage":"it-IT","@id":"https:\/\/www.monaco-tribune.com\/it\/2025\/01\/furti-criminalita-droga-il-bilancio-della-surete-publique-del-2024-e-i-nuovi-progetti-per-il-2025\/#primaryimage","url":"https:\/\/www.monaco-tribune.com\/wp-content\/uploads\/2025\/01\/eric-arella.jpg","contentUrl":"https:\/\/www.monaco-tribune.com\/wp-content\/uploads\/2025\/01\/eric-arella.jpg","width":1200,"height":800,"caption":"\u00a9\u00a0 Direzione della Comunicazione - Manuel Vitali"},{"@type":"BreadcrumbList","@id":"https:\/\/www.monaco-tribune.com\/it\/2025\/01\/furti-criminalita-droga-il-bilancio-della-surete-publique-del-2024-e-i-nuovi-progetti-per-il-2025\/#breadcrumb","itemListElement":[{"@type":"ListItem","position":1,"name":"Accueil","item":"https:\/\/www.monaco-tribune.com\/it\/"},{"@type":"ListItem","position":2,"name":"Furti, criminalit\u00e0, droga&#8230; Il bilancio della S\u00fbret\u00e9 Publique del 2024 e i nuovi progetti per il 2025"}]},{"@type":"WebSite","@id":"https:\/\/www.monaco-tribune.com\/it\/#website","url":"https:\/\/www.monaco-tribune.com\/it\/","name":"Monaco Tribune","description":"Monaco : actualit\u00e9s \u00e9conomiques, politiques, culturelles et sportives de Monaco et de la French Riviera.","publisher":{"@id":"https:\/\/www.monaco-tribune.com\/it\/#organization"},"potentialAction":[{"@type":"SearchAction","target":{"@type":"EntryPoint","urlTemplate":"https:\/\/www.monaco-tribune.com\/it\/?s={search_term_string}"},"query-input":{"@type":"PropertyValueSpecification","valueRequired":true,"valueName":"search_term_string"}}],"inLanguage":"it-IT"},{"@type":"Organization","@id":"https:\/\/www.monaco-tribune.com\/it\/#organization","name":"Monaco Tribune","url":"https:\/\/www.monaco-tribune.com\/it\/","logo":{"@type":"ImageObject","inLanguage":"it-IT","@id":"https:\/\/www.monaco-tribune.com\/it\/#\/schema\/logo\/image\/","url":"https:\/\/www.monaco-tribune.com\/wp-content\/uploads\/2022\/11\/logo-monaco-tribune.png","contentUrl":"https:\/\/www.monaco-tribune.com\/wp-content\/uploads\/2022\/11\/logo-monaco-tribune.png","width":1548,"height":600,"caption":"Monaco Tribune"},"image":{"@id":"https:\/\/www.monaco-tribune.com\/it\/#\/schema\/logo\/image\/"},"sameAs":["https:\/\/www.facebook.com\/MonacoTribune","https:\/\/x.com\/MonacoTribune","https:\/\/www.instagram.com\/monacotribune\/","https:\/\/www.linkedin.com\/company\/monaco-tribune","https:\/\/www.youtube.com\/channel\/UCHle1MnG6hw1y4lWKijVbMA"]},{"@type":"Person","@id":"https:\/\/www.monaco-tribune.com\/it\/#\/schema\/person\/55ce91a070ff78e15ec1817376669bf4","name":"Estelle Imbert","image":{"@type":"ImageObject","inLanguage":"it-IT","@id":"https:\/\/secure.gravatar.com\/avatar\/d2e1a3840b1138a669d04f6292bbd810f7f730844d7a28a8e8c4c6da40e79852?s=96&d=mm&r=g","url":"https:\/\/secure.gravatar.com\/avatar\/d2e1a3840b1138a669d04f6292bbd810f7f730844d7a28a8e8c4c6da40e79852?s=96&d=mm&r=g","contentUrl":"https:\/\/secure.gravatar.com\/avatar\/d2e1a3840b1138a669d04f6292bbd810f7f730844d7a28a8e8c4c6da40e79852?s=96&d=mm&r=g","caption":"Estelle Imbert"},"url":"https:\/\/www.monaco-tribune.com\/it\/author\/estelleimbert\/"}]}},"_links":{"self":[{"href":"https:\/\/www.monaco-tribune.com\/it\/wp-json\/wp\/v2\/posts\/274909","targetHints":{"allow":["GET"]}}],"collection":[{"href":"https:\/\/www.monaco-tribune.com\/it\/wp-json\/wp\/v2\/posts"}],"about":[{"href":"https:\/\/www.monaco-tribune.com\/it\/wp-json\/wp\/v2\/types\/post"}],"author":[{"embeddable":true,"href":"https:\/\/www.monaco-tribune.com\/it\/wp-json\/wp\/v2\/users\/80"}],"replies":[{"embeddable":true,"href":"https:\/\/www.monaco-tribune.com\/it\/wp-json\/wp\/v2\/comments?post=274909"}],"version-history":[{"count":2,"href":"https:\/\/www.monaco-tribune.com\/it\/wp-json\/wp\/v2\/posts\/274909\/revisions"}],"predecessor-version":[{"id":274912,"href":"https:\/\/www.monaco-tribune.com\/it\/wp-json\/wp\/v2\/posts\/274909\/revisions\/274912"}],"wp:featuredmedia":[{"embeddable":true,"href":"https:\/\/www.monaco-tribune.com\/it\/wp-json\/wp\/v2\/media\/274686"}],"wp:attachment":[{"href":"https:\/\/www.monaco-tribune.com\/it\/wp-json\/wp\/v2\/media?parent=274909"}],"wp:term":[{"taxonomy":"category","embeddable":true,"href":"https:\/\/www.monaco-tribune.com\/it\/wp-json\/wp\/v2\/categories?post=274909"},{"taxonomy":"post_tag","embeddable":true,"href":"https:\/\/www.monaco-tribune.com\/it\/wp-json\/wp\/v2\/tags?post=274909"},{"taxonomy":"sectag","embeddable":true,"href":"https:\/\/www.monaco-tribune.com\/it\/wp-json\/wp\/v2\/post_sectags?post=274909"},{"taxonomy":"format","embeddable":true,"href":"https:\/\/www.monaco-tribune.com\/it\/wp-json\/wp\/v2\/post_format?post=274909"}],"curies":[{"name":"wp","href":"https:\/\/api.w.org\/{rel}","templated":true}]}}