{"id":275523,"date":"2025-01-31T18:13:40","date_gmt":"2025-01-31T16:13:40","guid":{"rendered":"https:\/\/www.monaco-tribune.com\/2025\/01\/il-nuovo-grand-tour-dentro-lhotel-piu-elegante-di-roma-e-il-suo-cafe-ginori\/"},"modified":"2025-01-31T18:33:16","modified_gmt":"2025-01-31T16:33:16","slug":"il-nuovo-grand-tour-dentro-lhotel-piu-elegante-di-roma-e-il-suo-cafe-ginori","status":"publish","type":"post","link":"https:\/\/www.monaco-tribune.com\/it\/2025\/01\/il-nuovo-grand-tour-dentro-lhotel-piu-elegante-di-roma-e-il-suo-cafe-ginori\/","title":{"rendered":"Il nuovo Grand Tour: dentro l&#8217;hotel pi\u00f9 elegante di Roma e il suo Caf\u00e9 Ginori"},"content":{"rendered":"\n<p><strong>In una citt\u00e0 che trasuda storia da ogni angolo, l&#8217;Hotel de la Ville incarna lo spirito del Grand Tour per il viaggiatore moderno.<\/strong><\/p>\n\n\n\n<p>Arroccato in cima a Piazza di Spagna come un gioiello della corona architettonica di Roma, questo palazzo del XVIII secolo \u00e8 stato trasformato in un capolavoro del lusso contemporaneo e ora ospita la novit\u00e0 pi\u00f9 chiacchierata della citt\u00e0: Il Caf\u00e9 Ginori, dove l&#8217;arte italiana incontra l&#8217;eccellenza culinaria.<\/p>\n\n\n\n<h2 class=\"wp-block-heading\" id=\"h-un-edificio-dell-aristocrazia-con-una-storia-da-raccontare\">Un edificio dell&#8217;aristocrazia con una storia da raccontare<\/h2>\n\n\n\n<p>Situato in quello che sembrerebbe essere l&#8217;indirizzo pi\u00f9 invidiabile di Roma, Via Sistina, l&#8217;Hotel de la Ville \u00e8 una testimonianza dell&#8217;amore sempiterno della citt\u00e0 per lo stile e la raffinatezza. Il palazzo del XVIII secolo, che ha riaperto nel 2019 dopo un&#8217;ambiziosa ristrutturazione, non potrebbe trovarsi in una posizione migliore: una passeggiata di soli tre minuti lungo Piazza di Spagna vi porter\u00e0 nel cuore del centro storico di Roma, mentre i tranquilli giardini di Villa Borghese si trovano proprio dietro l&#8217;hotel.<\/p>\n\n\n\n<figure class=\"wp-block-gallery has-nested-images columns-1 is-cropped wp-block-gallery-1 is-layout-flex wp-block-gallery-is-layout-flex\"><div class=\"wp-block-image\">\n<figure class=\"aligncenter size-large\"><img loading=\"lazy\" decoding=\"async\" width=\"1024\" height=\"683\" data-id=\"275271\" src=\"https:\/\/www.monaco-tribune.com\/wp-content\/uploads\/2025\/01\/hotel_de_la_ville__courtyard-1024x683.jpg\" alt=\"\" class=\"wp-image-275271\" srcset=\"https:\/\/www.monaco-tribune.com\/wp-content\/uploads\/2025\/01\/hotel_de_la_ville__courtyard-1024x683.jpg 1024w, https:\/\/www.monaco-tribune.com\/wp-content\/uploads\/2025\/01\/hotel_de_la_ville__courtyard-450x300.jpg 450w, https:\/\/www.monaco-tribune.com\/wp-content\/uploads\/2025\/01\/hotel_de_la_ville__courtyard.jpg 1200w\" sizes=\"auto, (max-width: 1024px) 100vw, 1024px\" \/><figcaption class=\"wp-element-caption\">Cortile \u00a9 Rocco Forte Hotels<\/figcaption><\/figure>\n<\/div>\n\n\n<figure class=\"wp-block-image size-large\"><img loading=\"lazy\" decoding=\"async\" width=\"1024\" height=\"683\" data-id=\"275275\" src=\"https:\/\/www.monaco-tribune.com\/wp-content\/uploads\/2025\/01\/hotel_de_la_ville__julep_print_room-1024x683.jpg\" alt=\"\" class=\"wp-image-275275\" srcset=\"https:\/\/www.monaco-tribune.com\/wp-content\/uploads\/2025\/01\/hotel_de_la_ville__julep_print_room-1024x683.jpg 1024w, https:\/\/www.monaco-tribune.com\/wp-content\/uploads\/2025\/01\/hotel_de_la_ville__julep_print_room-450x300.jpg 450w, https:\/\/www.monaco-tribune.com\/wp-content\/uploads\/2025\/01\/hotel_de_la_ville__julep_print_room.jpg 1200w\" sizes=\"auto, (max-width: 1024px) 100vw, 1024px\" \/><figcaption class=\"wp-element-caption\">Sala stampa Julep \u00a9 Rocco Forte Hotels<\/figcaption><\/figure>\n<\/figure>\n\n\n\n<h2 class=\"wp-block-heading\" id=\"h-le-stanze-una-combinazione-di-storia-e-stile-contemporaneo\">Le stanze: una combinazione di storia e stile contemporaneo<\/h2>\n\n\n\n<p>All&#8217;interno, l&#8217;architetto italiano Tommaso Ziffer e Olga Polizzi, Director of Design dell&#8217;azienda, hanno creato qualcosa di veramente unico. Le 104 camere e suite, con una vivace piazza nel cuore dell&#8217;hotel, uniscono alla perfezione passato e presente, dove motivi neoclassici e antichi danzano a braccetto con il comfort contemporaneo. Il design rende omaggio all&#8217;epoca del famoso Grand Tour, quando aristocratici e nobili europei venivano a Roma come parte del loro rito educativo di passaggio. Le camere pi\u00f9 ambite sono senza dubbio le tre affascinanti suite all&#8217;ultimo piano &#8211; Canova, Roma e De La Ville &#8211; che offrono ciascuna una splendida vista sui tetti in terracotta della Citt\u00e0 Eterna.<\/p>\n\n\n<div class=\"wp-block-image\">\n<figure class=\"aligncenter size-large\"><img loading=\"lazy\" decoding=\"async\" width=\"1024\" height=\"683\" src=\"https:\/\/www.monaco-tribune.com\/wp-content\/uploads\/2025\/01\/hotel_de_la_ville__junior_suite__bedroom__controcampo-1024x683.jpg\" alt=\"Hotel_de_la_Ville__Junior_Suite__Bedroom__Controcampo\" class=\"wp-image-275279\" srcset=\"https:\/\/www.monaco-tribune.com\/wp-content\/uploads\/2025\/01\/hotel_de_la_ville__junior_suite__bedroom__controcampo-1024x683.jpg 1024w, https:\/\/www.monaco-tribune.com\/wp-content\/uploads\/2025\/01\/hotel_de_la_ville__junior_suite__bedroom__controcampo-450x300.jpg 450w, https:\/\/www.monaco-tribune.com\/wp-content\/uploads\/2025\/01\/hotel_de_la_ville__junior_suite__bedroom__controcampo.jpg 1200w\" sizes=\"auto, (max-width: 1024px) 100vw, 1024px\" \/><figcaption class=\"wp-element-caption\">Junior Suite Controcampo \u00a9 Rocco Forte Hotels<\/figcaption><\/figure>\n<\/div>\n\n<div class=\"wp-block-image\">\n<figure class=\"aligncenter size-large\"><img loading=\"lazy\" decoding=\"async\" width=\"1024\" height=\"683\" src=\"https:\/\/www.monaco-tribune.com\/wp-content\/uploads\/2025\/01\/hotel_de_la_ville__roma_suite__sitting_room-1024x683.jpg\" alt=\"\" class=\"wp-image-275287\" srcset=\"https:\/\/www.monaco-tribune.com\/wp-content\/uploads\/2025\/01\/hotel_de_la_ville__roma_suite__sitting_room-1024x683.jpg 1024w, https:\/\/www.monaco-tribune.com\/wp-content\/uploads\/2025\/01\/hotel_de_la_ville__roma_suite__sitting_room-450x300.jpg 450w, https:\/\/www.monaco-tribune.com\/wp-content\/uploads\/2025\/01\/hotel_de_la_ville__roma_suite__sitting_room.jpg 1200w\" sizes=\"auto, (max-width: 1024px) 100vw, 1024px\" \/><figcaption class=\"wp-element-caption\">Zona giorno Suite Roma \u00a9 Rocco Forte Hotels<\/figcaption><\/figure>\n<\/div>\n\n\n<h2 class=\"wp-block-heading\" id=\"h-un-viaggio-culinario-tra-porcellana-e-gusti-raffinati\">Un viaggio culinario tra porcellana e gusti raffinati <\/h2>\n\n\n\n<p>L&#8217;inaugurazione, a dicembre 2024, del Caf\u00e9 Ginori segna un nuovo capitolo nella scena gastronomica di Roma. Non si tratta del ristorante di un albergo come tanti, ma della sofisticata fusione tra arte culinaria e artigianato storico italiano. Il ristorante, che dispone anche di un negozio sapientemente curato in cui trovare le squisite porcellane di Ginori 1735, \u00e8 un piacere per gli occhi e per il palato.<\/p>\n\n\n\n<figure class=\"wp-block-gallery has-nested-images columns-default is-cropped wp-block-gallery-2 is-layout-flex wp-block-gallery-is-layout-flex\">\n<figure class=\"wp-block-image size-large\"><img loading=\"lazy\" decoding=\"async\" width=\"683\" height=\"1024\" data-id=\"275299\" src=\"https:\/\/www.monaco-tribune.com\/wp-content\/uploads\/2025\/01\/rfh_cafe-ginori-at-hotel-de-la-ville_chef-pierangelini-caesar-salad-with-crispy-chicken-seasonal-truffles_h4a0229-683x1024.jpg\" alt=\"\" class=\"wp-image-275299\" srcset=\"https:\/\/www.monaco-tribune.com\/wp-content\/uploads\/2025\/01\/rfh_cafe-ginori-at-hotel-de-la-ville_chef-pierangelini-caesar-salad-with-crispy-chicken-seasonal-truffles_h4a0229-683x1024.jpg 683w, https:\/\/www.monaco-tribune.com\/wp-content\/uploads\/2025\/01\/rfh_cafe-ginori-at-hotel-de-la-ville_chef-pierangelini-caesar-salad-with-crispy-chicken-seasonal-truffles_h4a0229-200x300.jpg 200w, https:\/\/www.monaco-tribune.com\/wp-content\/uploads\/2025\/01\/rfh_cafe-ginori-at-hotel-de-la-ville_chef-pierangelini-caesar-salad-with-crispy-chicken-seasonal-truffles_h4a0229.jpg 1200w\" sizes=\"auto, (max-width: 683px) 100vw, 683px\" \/><figcaption class=\"wp-element-caption\">\u00a9 Rocco Forte Hotels<\/figcaption><\/figure>\n\n\n\n<figure class=\"wp-block-image size-large\"><img loading=\"lazy\" decoding=\"async\" width=\"683\" height=\"1024\" data-id=\"275295\" src=\"https:\/\/www.monaco-tribune.com\/wp-content\/uploads\/2025\/01\/rfh_cafe-ginori-at-hotel-de-la-ville_chef-pierangelini-cacio-e-pepe-with-lobster_h4a0314-683x1024.jpg\" alt=\"\" class=\"wp-image-275295\" srcset=\"https:\/\/www.monaco-tribune.com\/wp-content\/uploads\/2025\/01\/rfh_cafe-ginori-at-hotel-de-la-ville_chef-pierangelini-cacio-e-pepe-with-lobster_h4a0314-683x1024.jpg 683w, https:\/\/www.monaco-tribune.com\/wp-content\/uploads\/2025\/01\/rfh_cafe-ginori-at-hotel-de-la-ville_chef-pierangelini-cacio-e-pepe-with-lobster_h4a0314-200x300.jpg 200w, https:\/\/www.monaco-tribune.com\/wp-content\/uploads\/2025\/01\/rfh_cafe-ginori-at-hotel-de-la-ville_chef-pierangelini-cacio-e-pepe-with-lobster_h4a0314.jpg 1200w\" sizes=\"auto, (max-width: 683px) 100vw, 683px\" \/><figcaption class=\"wp-element-caption\">Cacio e pepe con aragosta \u00a9 Rocco Forte Hotels<\/figcaption><\/figure>\n<\/figure>\n\n\n\n<p>Alla guida di questa impresa culinaria c&#8217;\u00e8 il leggendario Fulvio Pierangelini, Creative Director of Food dei Rocco Forte Hotels. Il suo percorso lavorativo, da manovale a portiere di notte, istruttore di vela e infine chef pi\u00f9 famoso d&#8217;Italia, \u00e8 affascinante tanto quanto i suoi men\u00f9 innovativi. Ha persino lavorato a Mougins, in Costa Azzurra, sotto la guida di Roger Verg\u00e9, uno dei pi\u00f9 grandi chef del XX secolo.<\/p>\n\n\n<div class=\"wp-block-image\">\n<figure class=\"aligncenter size-large\"><img loading=\"lazy\" decoding=\"async\" width=\"1024\" height=\"683\" src=\"https:\/\/www.monaco-tribune.com\/wp-content\/uploads\/2025\/01\/fulvio_pierangelini_adl_may_22-1024x683.jpg\" alt=\"Fulvio_Pierangelini_AdL_May_22\" class=\"wp-image-275259\" srcset=\"https:\/\/www.monaco-tribune.com\/wp-content\/uploads\/2025\/01\/fulvio_pierangelini_adl_may_22-1024x683.jpg 1024w, https:\/\/www.monaco-tribune.com\/wp-content\/uploads\/2025\/01\/fulvio_pierangelini_adl_may_22-450x300.jpg 450w, https:\/\/www.monaco-tribune.com\/wp-content\/uploads\/2025\/01\/fulvio_pierangelini_adl_may_22.jpg 1200w\" sizes=\"auto, (max-width: 1024px) 100vw, 1024px\" \/><figcaption class=\"wp-element-caption\">Fulvio Pierangelini \u00a9 Rocco Forte Hotels<\/figcaption><\/figure>\n<\/div>\n\n\n<p>Nel corso della giornata, il nuovo &#8220;Caf\u00e9&#8221; offre tre esperienze culinarie distinte, con piatti iconici come gli Scampi con mango di Sciacca caramellato e la Cacio e pepe con aragosta che evidenziano il talento di Pierangelini nel reinterpretare i classici con un tocco contemporaneo.<\/p>\n\n\n\n<p>Anche l&#8217;arredamento racconta una storia, con i motivi iconici di Ginori 1735 che ricorrono in tutto lo spazio. Dalla carta da parati &#8220;Oriente Italiano&#8221; ai tessuti ricamati che ornano cuscini e sedie, ogni dettaglio contribuisce a creare un&#8217;atmosfera sofisticata e accogliente.<\/p>\n\n\n\n<figure class=\"wp-block-gallery aligncenter has-nested-images columns-1 is-cropped wp-block-gallery-3 is-layout-flex wp-block-gallery-is-layout-flex\">\n<figure class=\"wp-block-image size-large\"><img loading=\"lazy\" decoding=\"async\" width=\"1024\" height=\"683\" data-id=\"275291\" src=\"https:\/\/www.monaco-tribune.com\/wp-content\/uploads\/2025\/01\/rfh-hotel-de-la-ville-cafe-ginori-53752-jg-dec-24-1024x683.jpg\" alt=\"\" class=\"wp-image-275291\" srcset=\"https:\/\/www.monaco-tribune.com\/wp-content\/uploads\/2025\/01\/rfh-hotel-de-la-ville-cafe-ginori-53752-jg-dec-24-1024x683.jpg 1024w, https:\/\/www.monaco-tribune.com\/wp-content\/uploads\/2025\/01\/rfh-hotel-de-la-ville-cafe-ginori-53752-jg-dec-24-450x300.jpg 450w, https:\/\/www.monaco-tribune.com\/wp-content\/uploads\/2025\/01\/rfh-hotel-de-la-ville-cafe-ginori-53752-jg-dec-24.jpg 1200w\" sizes=\"auto, (max-width: 1024px) 100vw, 1024px\" \/><figcaption class=\"wp-element-caption\">\u00a9 Rocco Forte Hotels<\/figcaption><\/figure>\n\n\n\n<figure class=\"wp-block-image size-large\"><img loading=\"lazy\" decoding=\"async\" width=\"1024\" height=\"683\" data-id=\"275263\" src=\"https:\/\/www.monaco-tribune.com\/wp-content\/uploads\/2025\/01\/hotel-de-la-ville-and-ginori-1735-1024x683.jpg\" alt=\"\" class=\"wp-image-275263\" srcset=\"https:\/\/www.monaco-tribune.com\/wp-content\/uploads\/2025\/01\/hotel-de-la-ville-and-ginori-1735-1024x683.jpg 1024w, https:\/\/www.monaco-tribune.com\/wp-content\/uploads\/2025\/01\/hotel-de-la-ville-and-ginori-1735-450x300.jpg 450w, https:\/\/www.monaco-tribune.com\/wp-content\/uploads\/2025\/01\/hotel-de-la-ville-and-ginori-1735.jpg 1200w\" sizes=\"auto, (max-width: 1024px) 100vw, 1024px\" \/><figcaption class=\"wp-element-caption\">\u00a9 Rocco Forte Hotels<\/figcaption><\/figure>\n<\/figure>\n\n\n\n<p>Ma l&#8217;eccellenza culinaria va oltre il nuovo bar. Ogni punto di ristoro offre un&#8217;esperienza unica. Il ristorante Mosaico propone classici italiani reinventati che risultano tanto familiari quanto rivoluzionari. Il Julep Bar \u00e8 noto per la sua mixologia d&#8217;avanguardia, mentre la Terrazza Cielo regala uno degli aperitivi al tramonto pi\u00f9 romantici di Roma.<\/p>\n\n\n\n<h2 class=\"wp-block-heading\" id=\"h-un-rifugio-di-serenita-l-esperienza-della-irene-forte-spa\">Un rifugio di serenit\u00e0: l&#8217;esperienza della Irene Forte Spa<\/h2>\n\n\n\n<p>L&#8217;Irene Forte Spa, ispirata alla Sicilia, \u00e8 un&#8217;oasi di pace di 550 metri quadrati che offre un&#8217;esperienza che va oltre i tipici trattamenti termali. Con cinque sale per trattamenti individuali e una suite doppia appositamente progettata per i rituali di fango Rasul, il complesso termale comprende un&#8217;area termale completa che non ha niente da invidiare alle antiche terme di Roma, sia per il lusso che per le dimensioni. L&#8217;offerta benessere si integra perfettamente con l&#8217;ambiente sofisticato dell&#8217;hotel, garantendo un rifugio tranquillo dopo una giornata trascorsa a esplorare le vivaci strade di Roma.<\/p>\n\n\n<div class=\"wp-block-image\">\n<figure class=\"aligncenter size-large\"><img loading=\"lazy\" decoding=\"async\" width=\"1024\" height=\"683\" src=\"https:\/\/www.monaco-tribune.com\/wp-content\/uploads\/2025\/01\/hotel_de_la_ville__mosaico-1024x683.jpg\" alt=\"\" class=\"wp-image-275283\" srcset=\"https:\/\/www.monaco-tribune.com\/wp-content\/uploads\/2025\/01\/hotel_de_la_ville__mosaico-1024x683.jpg 1024w, https:\/\/www.monaco-tribune.com\/wp-content\/uploads\/2025\/01\/hotel_de_la_ville__mosaico-450x300.jpg 450w, https:\/\/www.monaco-tribune.com\/wp-content\/uploads\/2025\/01\/hotel_de_la_ville__mosaico.jpg 1200w\" sizes=\"auto, (max-width: 1024px) 100vw, 1024px\" \/><figcaption class=\"wp-element-caption\">Ristorante Mosaico \u00a9 Rocco Forte Hotels<\/figcaption><\/figure>\n<\/div>\n\n\n<h2 class=\"wp-block-heading\" id=\"h-un-hotel-rocco-forte\">Un Hotel Rocco Forte<\/h2>\n\n\n\n<p>Parte della prestigiosa catena Rocco Forte Hotels, l&#8217;Hotel de la Ville rappresenta l&#8217;impegno del gruppo nel creare propriet\u00e0 uniche che catturano l&#8217;essenza dei luoghi in cui si trovano, mantenendo standard di lusso e servizi eccezionali. L&#8217;hotel incarna la visione di Rocco Forte dell&#8217;ospitalit\u00e0 di lusso moderna, che rende omaggio alla storia senza tralasciare la ricercatezza contemporanea.<\/p>\n\n\n\n<p>L&#8217;aggiunta del Caf\u00e9 Ginori \u00e8 forse la perfetta incarnazione di questa filosofia, che unisce tre secoli di eccellenza artistica di Ginori con l&#8217;approccio al lusso contemporaneo di Rocco Forte. Una combinazione che sembra senza tempo e moderna insieme, proprio come Roma.<\/p>\n\n\n\n<hr class=\"wp-block-separator has-alpha-channel-opacity\"\/>\n\n\n\n<h2 class=\"wp-block-heading\" id=\"h-info-utili\">Info utili<\/h2>\n\n\n\n<p>I prezzi delle camere dell&#8217;Hotel de la Ville Roma partono da 1.200 \u20ac a notte, con trattamento di pernottamento e prima colazione. Con easyJet potete volare da Nizza a Roma a partire da 40 \u20ac andata e ritorno, mentre con ITA Airways a partire da 120 \u20ac.<\/p>\n\n\n\n<p>Per prenotare, visitate il sito <a href=\"https:\/\/www.roccofortehotels.com\/it\/hotels-and-resorts\/hotel-de-la-ville\/\">Rocco Forte Hotels<\/a><\/p>\n","protected":false},"excerpt":{"rendered":"<p>In una citt\u00e0 che trasuda storia da ogni angolo, l&#8217;Hotel de la Ville incarna lo spirito del Grand Tour per [&hellip;]<\/p>\n","protected":false},"author":78,"featured_media":275269,"comment_status":"closed","ping_status":"closed","sticky":false,"template":"","format":"standard","meta":{"_acf_changed":false,"footnotes":""},"categories":[1740,1826,1738],"tags":[2954],"post_sectags":[],"post_format":[2472],"class_list":["post-275523","post","type-post","status-publish","format-standard","has-post-thumbnail","hentry","category-cosa-fare","category-la-nostra-scelta","category-notizie","tag-turismo","format-critica"],"acf":[],"yoast_head":"<!-- This site is optimized with the Yoast SEO Premium plugin v26.8 (Yoast SEO v27.4) - https:\/\/yoast.com\/product\/yoast-seo-premium-wordpress\/ -->\n<title>Il nuovo Grand Tour: dentro l&#039;hotel pi\u00f9 elegante di Roma e il suo Caf\u00e9 Ginori<\/title>\n<meta name=\"description\" content=\"In una citt\u00e0 che trasuda storia da ogni angolo, l&#039;Hotel de la Ville incarna lo spirito del Grand Tour per il viaggiatore moderno. Arroccato in cima a\" \/>\n<meta name=\"robots\" content=\"index, follow, max-snippet:-1, max-image-preview:large, max-video-preview:-1\" \/>\n<link rel=\"canonical\" href=\"https:\/\/www.monaco-tribune.com\/it\/2025\/01\/il-nuovo-grand-tour-dentro-lhotel-piu-elegante-di-roma-e-il-suo-cafe-ginori\/\" \/>\n<meta property=\"og:locale\" content=\"it_IT\" \/>\n<meta property=\"og:type\" content=\"article\" \/>\n<meta property=\"og:title\" content=\"Il nuovo Grand Tour: dentro l&#039;hotel pi\u00f9 elegante di Roma e il suo Caf\u00e9 Ginori - Monaco Tribune\" \/>\n<meta property=\"og:description\" content=\"In una citt\u00e0 che trasuda storia da ogni angolo, l&#039;Hotel de la Ville incarna lo spirito del Grand Tour per il viaggiatore moderno. Arroccato in cima a\" \/>\n<meta property=\"og:url\" content=\"https:\/\/www.monaco-tribune.com\/it\/2025\/01\/il-nuovo-grand-tour-dentro-lhotel-piu-elegante-di-roma-e-il-suo-cafe-ginori\/\" \/>\n<meta property=\"og:site_name\" content=\"Monaco Tribune\" \/>\n<meta property=\"article:publisher\" content=\"https:\/\/www.facebook.com\/MonacoTribune\" \/>\n<meta property=\"article:published_time\" content=\"2025-01-31T16:13:40+00:00\" \/>\n<meta property=\"article:modified_time\" content=\"2025-01-31T16:33:16+00:00\" \/>\n<meta property=\"og:image\" content=\"https:\/\/www.monaco-tribune.com\/wp-content\/uploads\/2025\/01\/hotel-de-la-ville-rome.jpg\" \/>\n\t<meta property=\"og:image:width\" content=\"1200\" \/>\n\t<meta property=\"og:image:height\" content=\"801\" \/>\n\t<meta property=\"og:image:type\" content=\"image\/jpeg\" \/>\n<meta name=\"author\" content=\"Mark Linden\" \/>\n<meta name=\"twitter:card\" content=\"summary_large_image\" \/>\n<meta name=\"twitter:creator\" content=\"@MonacoTribune\" \/>\n<meta name=\"twitter:site\" content=\"@MonacoTribune\" \/>\n<script type=\"application\/ld+json\" class=\"yoast-schema-graph\">{\"@context\":\"https:\\\/\\\/schema.org\",\"@graph\":[{\"@type\":\"NewsArticle\",\"@id\":\"https:\\\/\\\/www.monaco-tribune.com\\\/it\\\/2025\\\/01\\\/il-nuovo-grand-tour-dentro-lhotel-piu-elegante-di-roma-e-il-suo-cafe-ginori\\\/#article\",\"isPartOf\":{\"@id\":\"https:\\\/\\\/www.monaco-tribune.com\\\/it\\\/2025\\\/01\\\/il-nuovo-grand-tour-dentro-lhotel-piu-elegante-di-roma-e-il-suo-cafe-ginori\\\/\"},\"author\":{\"name\":\"Mark Linden\",\"@id\":\"https:\\\/\\\/www.monaco-tribune.com\\\/it\\\/#\\\/schema\\\/person\\\/3796f08c04a1ae0bf5db7629e63acc06\"},\"headline\":\"Il nuovo Grand Tour: dentro l&#8217;hotel pi\u00f9 elegante di Roma e il suo Caf\u00e9 Ginori\",\"datePublished\":\"2025-01-31T16:13:40+00:00\",\"dateModified\":\"2025-01-31T16:33:16+00:00\",\"mainEntityOfPage\":{\"@id\":\"https:\\\/\\\/www.monaco-tribune.com\\\/it\\\/2025\\\/01\\\/il-nuovo-grand-tour-dentro-lhotel-piu-elegante-di-roma-e-il-suo-cafe-ginori\\\/\"},\"wordCount\":898,\"publisher\":{\"@id\":\"https:\\\/\\\/www.monaco-tribune.com\\\/it\\\/#organization\"},\"image\":{\"@id\":\"https:\\\/\\\/www.monaco-tribune.com\\\/it\\\/2025\\\/01\\\/il-nuovo-grand-tour-dentro-lhotel-piu-elegante-di-roma-e-il-suo-cafe-ginori\\\/#primaryimage\"},\"thumbnailUrl\":\"https:\\\/\\\/www.monaco-tribune.com\\\/wp-content\\\/uploads\\\/2025\\\/01\\\/hotel-de-la-ville-rome.jpg\",\"keywords\":[\"Turismo\"],\"articleSection\":[\"Cosa fare\",\"La nostra scelta\",\"Notizie\"],\"inLanguage\":\"it-IT\",\"copyrightYear\":\"2025\",\"copyrightHolder\":{\"@id\":\"https:\\\/\\\/www.monaco-tribune.com\\\/#organization\"}},{\"@type\":\"WebPage\",\"@id\":\"https:\\\/\\\/www.monaco-tribune.com\\\/it\\\/2025\\\/01\\\/il-nuovo-grand-tour-dentro-lhotel-piu-elegante-di-roma-e-il-suo-cafe-ginori\\\/\",\"url\":\"https:\\\/\\\/www.monaco-tribune.com\\\/it\\\/2025\\\/01\\\/il-nuovo-grand-tour-dentro-lhotel-piu-elegante-di-roma-e-il-suo-cafe-ginori\\\/\",\"name\":\"Il nuovo Grand Tour: dentro l'hotel pi\u00f9 elegante di Roma e il suo Caf\u00e9 Ginori\",\"isPartOf\":{\"@id\":\"https:\\\/\\\/www.monaco-tribune.com\\\/it\\\/#website\"},\"primaryImageOfPage\":{\"@id\":\"https:\\\/\\\/www.monaco-tribune.com\\\/it\\\/2025\\\/01\\\/il-nuovo-grand-tour-dentro-lhotel-piu-elegante-di-roma-e-il-suo-cafe-ginori\\\/#primaryimage\"},\"image\":{\"@id\":\"https:\\\/\\\/www.monaco-tribune.com\\\/it\\\/2025\\\/01\\\/il-nuovo-grand-tour-dentro-lhotel-piu-elegante-di-roma-e-il-suo-cafe-ginori\\\/#primaryimage\"},\"thumbnailUrl\":\"https:\\\/\\\/www.monaco-tribune.com\\\/wp-content\\\/uploads\\\/2025\\\/01\\\/hotel-de-la-ville-rome.jpg\",\"datePublished\":\"2025-01-31T16:13:40+00:00\",\"dateModified\":\"2025-01-31T16:33:16+00:00\",\"description\":\"In una citt\u00e0 che trasuda storia da ogni angolo, l'Hotel de la Ville incarna lo spirito del Grand Tour per il viaggiatore moderno. Arroccato in cima a\",\"breadcrumb\":{\"@id\":\"https:\\\/\\\/www.monaco-tribune.com\\\/it\\\/2025\\\/01\\\/il-nuovo-grand-tour-dentro-lhotel-piu-elegante-di-roma-e-il-suo-cafe-ginori\\\/#breadcrumb\"},\"inLanguage\":\"it-IT\",\"potentialAction\":[{\"@type\":\"ReadAction\",\"target\":[\"https:\\\/\\\/www.monaco-tribune.com\\\/it\\\/2025\\\/01\\\/il-nuovo-grand-tour-dentro-lhotel-piu-elegante-di-roma-e-il-suo-cafe-ginori\\\/\"]}]},{\"@type\":\"ImageObject\",\"inLanguage\":\"it-IT\",\"@id\":\"https:\\\/\\\/www.monaco-tribune.com\\\/it\\\/2025\\\/01\\\/il-nuovo-grand-tour-dentro-lhotel-piu-elegante-di-roma-e-il-suo-cafe-ginori\\\/#primaryimage\",\"url\":\"https:\\\/\\\/www.monaco-tribune.com\\\/wp-content\\\/uploads\\\/2025\\\/01\\\/hotel-de-la-ville-rome.jpg\",\"contentUrl\":\"https:\\\/\\\/www.monaco-tribune.com\\\/wp-content\\\/uploads\\\/2025\\\/01\\\/hotel-de-la-ville-rome.jpg\",\"width\":1200,\"height\":801,\"caption\":\"L'hotel offre una splendia vista sui tetti in terracotta della Citt\u00e0 Eterna \u00a9 Rocco Forte Hotels\"},{\"@type\":\"BreadcrumbList\",\"@id\":\"https:\\\/\\\/www.monaco-tribune.com\\\/it\\\/2025\\\/01\\\/il-nuovo-grand-tour-dentro-lhotel-piu-elegante-di-roma-e-il-suo-cafe-ginori\\\/#breadcrumb\",\"itemListElement\":[{\"@type\":\"ListItem\",\"position\":1,\"name\":\"Accueil\",\"item\":\"https:\\\/\\\/www.monaco-tribune.com\\\/it\\\/\"},{\"@type\":\"ListItem\",\"position\":2,\"name\":\"Il nuovo Grand Tour: dentro l&rsquo;hotel pi\u00f9 elegante di Roma e il suo Caf\u00e9 Ginori\"}]},{\"@type\":\"WebSite\",\"@id\":\"https:\\\/\\\/www.monaco-tribune.com\\\/it\\\/#website\",\"url\":\"https:\\\/\\\/www.monaco-tribune.com\\\/it\\\/\",\"name\":\"Monaco Tribune\",\"description\":\"Monaco : actualit\u00e9s \u00e9conomiques, politiques, culturelles et sportives de Monaco et de la French Riviera.\",\"publisher\":{\"@id\":\"https:\\\/\\\/www.monaco-tribune.com\\\/it\\\/#organization\"},\"potentialAction\":[{\"@type\":\"SearchAction\",\"target\":{\"@type\":\"EntryPoint\",\"urlTemplate\":\"https:\\\/\\\/www.monaco-tribune.com\\\/it\\\/?s={search_term_string}\"},\"query-input\":{\"@type\":\"PropertyValueSpecification\",\"valueRequired\":true,\"valueName\":\"search_term_string\"}}],\"inLanguage\":\"it-IT\"},{\"@type\":\"Organization\",\"@id\":\"https:\\\/\\\/www.monaco-tribune.com\\\/it\\\/#organization\",\"name\":\"Monaco Tribune\",\"url\":\"https:\\\/\\\/www.monaco-tribune.com\\\/it\\\/\",\"logo\":{\"@type\":\"ImageObject\",\"inLanguage\":\"it-IT\",\"@id\":\"https:\\\/\\\/www.monaco-tribune.com\\\/it\\\/#\\\/schema\\\/logo\\\/image\\\/\",\"url\":\"https:\\\/\\\/www.monaco-tribune.com\\\/wp-content\\\/uploads\\\/2022\\\/11\\\/logo-monaco-tribune.png\",\"contentUrl\":\"https:\\\/\\\/www.monaco-tribune.com\\\/wp-content\\\/uploads\\\/2022\\\/11\\\/logo-monaco-tribune.png\",\"width\":1548,\"height\":600,\"caption\":\"Monaco Tribune\"},\"image\":{\"@id\":\"https:\\\/\\\/www.monaco-tribune.com\\\/it\\\/#\\\/schema\\\/logo\\\/image\\\/\"},\"sameAs\":[\"https:\\\/\\\/www.facebook.com\\\/MonacoTribune\",\"https:\\\/\\\/x.com\\\/MonacoTribune\",\"https:\\\/\\\/www.instagram.com\\\/monacotribune\\\/\",\"https:\\\/\\\/www.linkedin.com\\\/company\\\/monaco-tribune\",\"https:\\\/\\\/www.youtube.com\\\/channel\\\/UCHle1MnG6hw1y4lWKijVbMA\"]},{\"@type\":\"Person\",\"@id\":\"https:\\\/\\\/www.monaco-tribune.com\\\/it\\\/#\\\/schema\\\/person\\\/3796f08c04a1ae0bf5db7629e63acc06\",\"name\":\"Mark Linden\",\"image\":{\"@type\":\"ImageObject\",\"inLanguage\":\"it-IT\",\"@id\":\"https:\\\/\\\/secure.gravatar.com\\\/avatar\\\/d0130c037315ebbab849176573fa4be49bb085b56b56eef40dfdebd8b0dab200?s=96&d=mm&r=g\",\"url\":\"https:\\\/\\\/secure.gravatar.com\\\/avatar\\\/d0130c037315ebbab849176573fa4be49bb085b56b56eef40dfdebd8b0dab200?s=96&d=mm&r=g\",\"contentUrl\":\"https:\\\/\\\/secure.gravatar.com\\\/avatar\\\/d0130c037315ebbab849176573fa4be49bb085b56b56eef40dfdebd8b0dab200?s=96&d=mm&r=g\",\"caption\":\"Mark Linden\"},\"url\":\"https:\\\/\\\/www.monaco-tribune.com\\\/it\\\/author\\\/nielslinden\\\/\"}]}<\/script>\n<!-- \/ Yoast SEO Premium plugin. -->","yoast_head_json":{"title":"Il nuovo Grand Tour: dentro l'hotel pi\u00f9 elegante di Roma e il suo Caf\u00e9 Ginori","description":"In una citt\u00e0 che trasuda storia da ogni angolo, l'Hotel de la Ville incarna lo spirito del Grand Tour per il viaggiatore moderno. Arroccato in cima a","robots":{"index":"index","follow":"follow","max-snippet":"max-snippet:-1","max-image-preview":"max-image-preview:large","max-video-preview":"max-video-preview:-1"},"canonical":"https:\/\/www.monaco-tribune.com\/it\/2025\/01\/il-nuovo-grand-tour-dentro-lhotel-piu-elegante-di-roma-e-il-suo-cafe-ginori\/","og_locale":"it_IT","og_type":"article","og_title":"Il nuovo Grand Tour: dentro l'hotel pi\u00f9 elegante di Roma e il suo Caf\u00e9 Ginori - Monaco Tribune","og_description":"In una citt\u00e0 che trasuda storia da ogni angolo, l'Hotel de la Ville incarna lo spirito del Grand Tour per il viaggiatore moderno. Arroccato in cima a","og_url":"https:\/\/www.monaco-tribune.com\/it\/2025\/01\/il-nuovo-grand-tour-dentro-lhotel-piu-elegante-di-roma-e-il-suo-cafe-ginori\/","og_site_name":"Monaco Tribune","article_publisher":"https:\/\/www.facebook.com\/MonacoTribune","article_published_time":"2025-01-31T16:13:40+00:00","article_modified_time":"2025-01-31T16:33:16+00:00","og_image":[{"width":1200,"height":801,"url":"https:\/\/www.monaco-tribune.com\/wp-content\/uploads\/2025\/01\/hotel-de-la-ville-rome.jpg","type":"image\/jpeg"}],"author":"Mark Linden","twitter_card":"summary_large_image","twitter_creator":"@MonacoTribune","twitter_site":"@MonacoTribune","schema":{"@context":"https:\/\/schema.org","@graph":[{"@type":"NewsArticle","@id":"https:\/\/www.monaco-tribune.com\/it\/2025\/01\/il-nuovo-grand-tour-dentro-lhotel-piu-elegante-di-roma-e-il-suo-cafe-ginori\/#article","isPartOf":{"@id":"https:\/\/www.monaco-tribune.com\/it\/2025\/01\/il-nuovo-grand-tour-dentro-lhotel-piu-elegante-di-roma-e-il-suo-cafe-ginori\/"},"author":{"name":"Mark Linden","@id":"https:\/\/www.monaco-tribune.com\/it\/#\/schema\/person\/3796f08c04a1ae0bf5db7629e63acc06"},"headline":"Il nuovo Grand Tour: dentro l&#8217;hotel pi\u00f9 elegante di Roma e il suo Caf\u00e9 Ginori","datePublished":"2025-01-31T16:13:40+00:00","dateModified":"2025-01-31T16:33:16+00:00","mainEntityOfPage":{"@id":"https:\/\/www.monaco-tribune.com\/it\/2025\/01\/il-nuovo-grand-tour-dentro-lhotel-piu-elegante-di-roma-e-il-suo-cafe-ginori\/"},"wordCount":898,"publisher":{"@id":"https:\/\/www.monaco-tribune.com\/it\/#organization"},"image":{"@id":"https:\/\/www.monaco-tribune.com\/it\/2025\/01\/il-nuovo-grand-tour-dentro-lhotel-piu-elegante-di-roma-e-il-suo-cafe-ginori\/#primaryimage"},"thumbnailUrl":"https:\/\/www.monaco-tribune.com\/wp-content\/uploads\/2025\/01\/hotel-de-la-ville-rome.jpg","keywords":["Turismo"],"articleSection":["Cosa fare","La nostra scelta","Notizie"],"inLanguage":"it-IT","copyrightYear":"2025","copyrightHolder":{"@id":"https:\/\/www.monaco-tribune.com\/#organization"}},{"@type":"WebPage","@id":"https:\/\/www.monaco-tribune.com\/it\/2025\/01\/il-nuovo-grand-tour-dentro-lhotel-piu-elegante-di-roma-e-il-suo-cafe-ginori\/","url":"https:\/\/www.monaco-tribune.com\/it\/2025\/01\/il-nuovo-grand-tour-dentro-lhotel-piu-elegante-di-roma-e-il-suo-cafe-ginori\/","name":"Il nuovo Grand Tour: dentro l'hotel pi\u00f9 elegante di Roma e il suo Caf\u00e9 Ginori","isPartOf":{"@id":"https:\/\/www.monaco-tribune.com\/it\/#website"},"primaryImageOfPage":{"@id":"https:\/\/www.monaco-tribune.com\/it\/2025\/01\/il-nuovo-grand-tour-dentro-lhotel-piu-elegante-di-roma-e-il-suo-cafe-ginori\/#primaryimage"},"image":{"@id":"https:\/\/www.monaco-tribune.com\/it\/2025\/01\/il-nuovo-grand-tour-dentro-lhotel-piu-elegante-di-roma-e-il-suo-cafe-ginori\/#primaryimage"},"thumbnailUrl":"https:\/\/www.monaco-tribune.com\/wp-content\/uploads\/2025\/01\/hotel-de-la-ville-rome.jpg","datePublished":"2025-01-31T16:13:40+00:00","dateModified":"2025-01-31T16:33:16+00:00","description":"In una citt\u00e0 che trasuda storia da ogni angolo, l'Hotel de la Ville incarna lo spirito del Grand Tour per il viaggiatore moderno. Arroccato in cima a","breadcrumb":{"@id":"https:\/\/www.monaco-tribune.com\/it\/2025\/01\/il-nuovo-grand-tour-dentro-lhotel-piu-elegante-di-roma-e-il-suo-cafe-ginori\/#breadcrumb"},"inLanguage":"it-IT","potentialAction":[{"@type":"ReadAction","target":["https:\/\/www.monaco-tribune.com\/it\/2025\/01\/il-nuovo-grand-tour-dentro-lhotel-piu-elegante-di-roma-e-il-suo-cafe-ginori\/"]}]},{"@type":"ImageObject","inLanguage":"it-IT","@id":"https:\/\/www.monaco-tribune.com\/it\/2025\/01\/il-nuovo-grand-tour-dentro-lhotel-piu-elegante-di-roma-e-il-suo-cafe-ginori\/#primaryimage","url":"https:\/\/www.monaco-tribune.com\/wp-content\/uploads\/2025\/01\/hotel-de-la-ville-rome.jpg","contentUrl":"https:\/\/www.monaco-tribune.com\/wp-content\/uploads\/2025\/01\/hotel-de-la-ville-rome.jpg","width":1200,"height":801,"caption":"L'hotel offre una splendia vista sui tetti in terracotta della Citt\u00e0 Eterna \u00a9 Rocco Forte Hotels"},{"@type":"BreadcrumbList","@id":"https:\/\/www.monaco-tribune.com\/it\/2025\/01\/il-nuovo-grand-tour-dentro-lhotel-piu-elegante-di-roma-e-il-suo-cafe-ginori\/#breadcrumb","itemListElement":[{"@type":"ListItem","position":1,"name":"Accueil","item":"https:\/\/www.monaco-tribune.com\/it\/"},{"@type":"ListItem","position":2,"name":"Il nuovo Grand Tour: dentro l&rsquo;hotel pi\u00f9 elegante di Roma e il suo Caf\u00e9 Ginori"}]},{"@type":"WebSite","@id":"https:\/\/www.monaco-tribune.com\/it\/#website","url":"https:\/\/www.monaco-tribune.com\/it\/","name":"Monaco Tribune","description":"Monaco : actualit\u00e9s \u00e9conomiques, politiques, culturelles et sportives de Monaco et de la French Riviera.","publisher":{"@id":"https:\/\/www.monaco-tribune.com\/it\/#organization"},"potentialAction":[{"@type":"SearchAction","target":{"@type":"EntryPoint","urlTemplate":"https:\/\/www.monaco-tribune.com\/it\/?s={search_term_string}"},"query-input":{"@type":"PropertyValueSpecification","valueRequired":true,"valueName":"search_term_string"}}],"inLanguage":"it-IT"},{"@type":"Organization","@id":"https:\/\/www.monaco-tribune.com\/it\/#organization","name":"Monaco Tribune","url":"https:\/\/www.monaco-tribune.com\/it\/","logo":{"@type":"ImageObject","inLanguage":"it-IT","@id":"https:\/\/www.monaco-tribune.com\/it\/#\/schema\/logo\/image\/","url":"https:\/\/www.monaco-tribune.com\/wp-content\/uploads\/2022\/11\/logo-monaco-tribune.png","contentUrl":"https:\/\/www.monaco-tribune.com\/wp-content\/uploads\/2022\/11\/logo-monaco-tribune.png","width":1548,"height":600,"caption":"Monaco Tribune"},"image":{"@id":"https:\/\/www.monaco-tribune.com\/it\/#\/schema\/logo\/image\/"},"sameAs":["https:\/\/www.facebook.com\/MonacoTribune","https:\/\/x.com\/MonacoTribune","https:\/\/www.instagram.com\/monacotribune\/","https:\/\/www.linkedin.com\/company\/monaco-tribune","https:\/\/www.youtube.com\/channel\/UCHle1MnG6hw1y4lWKijVbMA"]},{"@type":"Person","@id":"https:\/\/www.monaco-tribune.com\/it\/#\/schema\/person\/3796f08c04a1ae0bf5db7629e63acc06","name":"Mark Linden","image":{"@type":"ImageObject","inLanguage":"it-IT","@id":"https:\/\/secure.gravatar.com\/avatar\/d0130c037315ebbab849176573fa4be49bb085b56b56eef40dfdebd8b0dab200?s=96&d=mm&r=g","url":"https:\/\/secure.gravatar.com\/avatar\/d0130c037315ebbab849176573fa4be49bb085b56b56eef40dfdebd8b0dab200?s=96&d=mm&r=g","contentUrl":"https:\/\/secure.gravatar.com\/avatar\/d0130c037315ebbab849176573fa4be49bb085b56b56eef40dfdebd8b0dab200?s=96&d=mm&r=g","caption":"Mark Linden"},"url":"https:\/\/www.monaco-tribune.com\/it\/author\/nielslinden\/"}]}},"_links":{"self":[{"href":"https:\/\/www.monaco-tribune.com\/it\/wp-json\/wp\/v2\/posts\/275523","targetHints":{"allow":["GET"]}}],"collection":[{"href":"https:\/\/www.monaco-tribune.com\/it\/wp-json\/wp\/v2\/posts"}],"about":[{"href":"https:\/\/www.monaco-tribune.com\/it\/wp-json\/wp\/v2\/types\/post"}],"author":[{"embeddable":true,"href":"https:\/\/www.monaco-tribune.com\/it\/wp-json\/wp\/v2\/users\/78"}],"replies":[{"embeddable":true,"href":"https:\/\/www.monaco-tribune.com\/it\/wp-json\/wp\/v2\/comments?post=275523"}],"version-history":[{"count":2,"href":"https:\/\/www.monaco-tribune.com\/it\/wp-json\/wp\/v2\/posts\/275523\/revisions"}],"predecessor-version":[{"id":275527,"href":"https:\/\/www.monaco-tribune.com\/it\/wp-json\/wp\/v2\/posts\/275523\/revisions\/275527"}],"wp:featuredmedia":[{"embeddable":true,"href":"https:\/\/www.monaco-tribune.com\/it\/wp-json\/wp\/v2\/media\/275269"}],"wp:attachment":[{"href":"https:\/\/www.monaco-tribune.com\/it\/wp-json\/wp\/v2\/media?parent=275523"}],"wp:term":[{"taxonomy":"category","embeddable":true,"href":"https:\/\/www.monaco-tribune.com\/it\/wp-json\/wp\/v2\/categories?post=275523"},{"taxonomy":"post_tag","embeddable":true,"href":"https:\/\/www.monaco-tribune.com\/it\/wp-json\/wp\/v2\/tags?post=275523"},{"taxonomy":"sectag","embeddable":true,"href":"https:\/\/www.monaco-tribune.com\/it\/wp-json\/wp\/v2\/post_sectags?post=275523"},{"taxonomy":"format","embeddable":true,"href":"https:\/\/www.monaco-tribune.com\/it\/wp-json\/wp\/v2\/post_format?post=275523"}],"curies":[{"name":"wp","href":"https:\/\/api.w.org\/{rel}","templated":true}]}}