{"id":27734,"date":"2020-05-14T12:04:24","date_gmt":"2020-05-14T10:04:24","guid":{"rendered":"https:\/\/www.monaco-tribune.com\/2020\/05\/il-mediterraneo-quando-il-rumore-mette-in-pericolo-la-fauna-marina\/"},"modified":"2020-05-14T12:09:39","modified_gmt":"2020-05-14T10:09:39","slug":"il-mediterraneo-quando-il-rumore-mette-in-pericolo-la-fauna-marina","status":"publish","type":"post","link":"https:\/\/www.monaco-tribune.com\/it\/2020\/05\/il-mediterraneo-quando-il-rumore-mette-in-pericolo-la-fauna-marina\/","title":{"rendered":"Il Mediterraneo: quando il rumore mette in pericolo la fauna marina"},"content":{"rendered":"<p><strong>I rumori di natura umana costituiscono un pericolo per la fauna marina e per la salvaguardia delle specie minacciate, in particolare dei cetacei. I ricercatori cercano di saperne di pi\u00f9 riguardo l\u2019inquinamento sonoro e gli effetti sulla fauna al fine di proporre delle soluzioni e migliorare la legislazione.<\/strong><\/p>\n<p>Barche, turbine eoliche, studi sismici, trivellazioni, utilizzo di esplosivi, sonar\u2026Sono numerosi i suoni che si propagano sotto l\u2019acqua e arrivano molto lontano. Le fonti pi\u00f9 comuni, come il traffico marittimo, si percepiscono di continuo.<\/p>\n<p>Questo inquinamento invisibile e soprattutto quasi impercettibile per l\u2019uomo ha fatto credere per molto tempo che non rappresentasse una minaccia per la fauna. Ma l\u2019arenamento di 12 mesoplodonti sulle coste greche il 12 maggio 1996 mette in discussione questa convinzione. <a href=\"https:\/\/archimer.ifremer.fr\/doc\/2007\/rapport-2390.pdf\">Gli scienziati individuano il colpevol<\/a>e: un\u2019esercitazione della marina della NATO con un potente sonar, condotta il giorno prima nel Mediterraneo. Questo arenamento conduce i ricercatori a focalizzare la loro attenzione sui cetacei, vale a dire circa 80 specie.<\/p>\n<p><strong>Impatti sulla fauna marina<\/strong><\/p>\n<p>Nei cetacei, le reazioni ai rumori differiscono a seconda della specie, dell\u2019esemplare, dell\u2019et\u00e0, del sesso e del suo stato. Essi provocano disturbi di comportamento, l\u2019evasione o l\u2019abbandono di alcuni habitat, lesioni e danni all&#8217;udito o ad altri tessuti, una riduzione delle capacit\u00e0 riproduttive e un aumento della suscettibilit\u00e0 alle malattie. Questo stress indotto dall\u2019inquinamento acustico pu\u00f2 anche portare alla morte diretta di alcuni animali causando, in particolare, incidenti subacquei. Per esempio, i mesoplodonti, che sono molto sensibili ai rumori emessi dai sonar militari o cercatori di mine, fuggono in superficie senza alcuna pausa di decompressione morendo per un\u2019embolia letale.<\/p>\n<p><strong>Ma i cetacei non sono i soli ad essere colpiti\u2026<\/strong><\/p>\n<p>Da una decina d\u2019anni, sono stati riscontrati effetti anche sugli invertebrati, dai gamberetti, ai polpi, alle meduse. Seppur privi del senso uditivo, mantengono il loro equilibrio con organi sensibili alla pressione dell\u2019acqua. Cos\u00ec come per i cetacei e i pesci, l\u2019impatto \u00e8, quindi, potenzialmente mortale. Il rombo delle navi implica altre conseguenze: disturba le comunicazioni degli animali.<br \/>\nPer gli scienziati, una delle sfide ora \u00e8 quella di stabilire uno stato di salute completo della fauna sottomarina esposta a questo tipo di inquinamento.<\/p>\n<p><strong>Gestione, salvaguardia e legislazione<\/strong><\/p>\n<p>Numerose ricerche condotte mirano a elaborare una \u201ccarta d\u2019identit\u00e0 sonora\u201d delle specie al fine di stabilire una diagnosi, a tracciare in tempo reale disturbi acustici legati al traffico marittimo al fine di aumentare la protezione e lo stato di salvaguardia delle specie marine mediterranee. Quindi, grazie al <a href=\"http:\/\/www.quietmed-project.eu\/\">progetto quietMed<\/a> sono state realizzate una mappa di previsione del rumore e dei suoi effetti, nonch\u00e9 una boa acustica intelligente in grado di captare e identificare in tempo reale alcune specie. Questo strumento pu\u00f2 anche avvisare le navi affinch\u00e9 cambino rotta ed evitino uno scontro con un animale.<\/p>\n<p><a href=\"https:\/\/accobams.org\/fr\/actions_de_conservations\/bruit_origine_anthropique\/\">L\u2019ACCOBAMS<\/a> sta portando avanti numerose iniziative per l\u2019implementazione di un programma di monitoraggio del rumore sottomarino a livello del bacino, la proposta di risoluzioni volte a bilanciare le attivit\u00e0 dell\u2019uomo in mare e la salvaguardia dei cetacei o ancora la realizzazione di una \u201cGuida sulle misure di attenuazione del rumore sottomarino\u201d per aiutare le industrie ad attuare misure di attenuazione del rumore.<\/p>\n<p><iframe src=\"https:\/\/www.youtube.com\/embed\/tUueY9Rurxg\" width=\"560\" height=\"315\" frameborder=\"0\" allowfullscreen=\"allowfullscreen\"><\/iframe><\/p>\n","protected":false},"excerpt":{"rendered":"<p>I rumori di natura umana costituiscono un pericolo per la fauna marina e per la salvaguardia delle specie minacciate, in [&hellip;]<\/p>\n","protected":false},"author":21,"featured_media":25807,"comment_status":"closed","ping_status":"open","sticky":false,"template":"","format":"standard","meta":{"_acf_changed":false,"footnotes":""},"categories":[1839,1738],"tags":[4219],"post_sectags":[],"post_format":[2469],"class_list":["post-27734","post","type-post","status-publish","format-standard","has-post-thumbnail","hentry","category-green","category-notizie","tag-iniziative","format-analisi"],"acf":[],"yoast_head":"<!-- This site is optimized with the Yoast SEO Premium plugin v26.8 (Yoast SEO v27.5) - https:\/\/yoast.com\/product\/yoast-seo-premium-wordpress\/ -->\n<title>Il Mediterraneo: quando il rumore mette in pericolo la fauna marina<\/title>\n<meta name=\"description\" content=\"I rumori di natura umana costituiscono un pericolo per la fauna marina e per la salvaguardia delle specie minacciate, in particolare dei cetacei. I\" \/>\n<meta name=\"robots\" content=\"index, follow, max-snippet:-1, max-image-preview:large, max-video-preview:-1\" \/>\n<link rel=\"canonical\" href=\"https:\/\/www.monaco-tribune.com\/it\/2020\/05\/il-mediterraneo-quando-il-rumore-mette-in-pericolo-la-fauna-marina\/\" \/>\n<meta property=\"og:locale\" content=\"it_IT\" \/>\n<meta property=\"og:type\" content=\"article\" \/>\n<meta property=\"og:title\" content=\"Il Mediterraneo: quando il rumore mette in pericolo la fauna marina - Monaco Tribune\" \/>\n<meta property=\"og:description\" content=\"I rumori di natura umana costituiscono un pericolo per la fauna marina e per la salvaguardia delle specie minacciate, in particolare dei cetacei. I\" \/>\n<meta property=\"og:url\" content=\"https:\/\/www.monaco-tribune.com\/it\/2020\/05\/il-mediterraneo-quando-il-rumore-mette-in-pericolo-la-fauna-marina\/\" \/>\n<meta property=\"og:site_name\" content=\"Monaco Tribune\" \/>\n<meta property=\"article:publisher\" content=\"https:\/\/www.facebook.com\/MonacoTribune\" \/>\n<meta property=\"article:published_time\" content=\"2020-05-14T10:04:24+00:00\" \/>\n<meta property=\"article:modified_time\" content=\"2020-05-14T10:09:39+00:00\" \/>\n<meta property=\"og:image\" content=\"https:\/\/www.monaco-tribune.com\/wp-content\/uploads\/2020\/04\/bruits-sous-marins.jpg\" \/>\n\t<meta property=\"og:image:width\" content=\"1920\" \/>\n\t<meta property=\"og:image:height\" content=\"787\" \/>\n\t<meta property=\"og:image:type\" content=\"image\/jpeg\" \/>\n<meta name=\"author\" content=\"Monaco Tribune\" \/>\n<meta name=\"twitter:card\" content=\"summary_large_image\" \/>\n<meta name=\"twitter:creator\" content=\"@MonacoTribune\" \/>\n<meta name=\"twitter:site\" content=\"@MonacoTribune\" \/>\n<script type=\"application\/ld+json\" class=\"yoast-schema-graph\">{\"@context\":\"https:\\\/\\\/schema.org\",\"@graph\":[{\"@type\":\"NewsArticle\",\"@id\":\"https:\\\/\\\/www.monaco-tribune.com\\\/it\\\/2020\\\/05\\\/il-mediterraneo-quando-il-rumore-mette-in-pericolo-la-fauna-marina\\\/#article\",\"isPartOf\":{\"@id\":\"https:\\\/\\\/www.monaco-tribune.com\\\/it\\\/2020\\\/05\\\/il-mediterraneo-quando-il-rumore-mette-in-pericolo-la-fauna-marina\\\/\"},\"author\":{\"name\":\"Monaco Tribune\",\"@id\":\"https:\\\/\\\/www.monaco-tribune.com\\\/it\\\/#\\\/schema\\\/person\\\/8f6ed8c063276e2397589eda5b7a2f2d\"},\"headline\":\"Il Mediterraneo: quando il rumore mette in pericolo la fauna marina\",\"datePublished\":\"2020-05-14T10:04:24+00:00\",\"dateModified\":\"2020-05-14T10:09:39+00:00\",\"mainEntityOfPage\":{\"@id\":\"https:\\\/\\\/www.monaco-tribune.com\\\/it\\\/2020\\\/05\\\/il-mediterraneo-quando-il-rumore-mette-in-pericolo-la-fauna-marina\\\/\"},\"wordCount\":541,\"publisher\":{\"@id\":\"https:\\\/\\\/www.monaco-tribune.com\\\/it\\\/#organization\"},\"image\":{\"@id\":\"https:\\\/\\\/www.monaco-tribune.com\\\/it\\\/2020\\\/05\\\/il-mediterraneo-quando-il-rumore-mette-in-pericolo-la-fauna-marina\\\/#primaryimage\"},\"thumbnailUrl\":\"https:\\\/\\\/www.monaco-tribune.com\\\/wp-content\\\/uploads\\\/2020\\\/04\\\/bruits-sous-marins.jpg\",\"keywords\":[\"Iniziative\"],\"articleSection\":[\"Green\",\"Notizie\"],\"inLanguage\":\"it-IT\",\"copyrightYear\":\"2020\",\"copyrightHolder\":{\"@id\":\"https:\\\/\\\/www.monaco-tribune.com\\\/#organization\"}},{\"@type\":\"WebPage\",\"@id\":\"https:\\\/\\\/www.monaco-tribune.com\\\/it\\\/2020\\\/05\\\/il-mediterraneo-quando-il-rumore-mette-in-pericolo-la-fauna-marina\\\/\",\"url\":\"https:\\\/\\\/www.monaco-tribune.com\\\/it\\\/2020\\\/05\\\/il-mediterraneo-quando-il-rumore-mette-in-pericolo-la-fauna-marina\\\/\",\"name\":\"Il Mediterraneo: quando il rumore mette in pericolo la fauna marina\",\"isPartOf\":{\"@id\":\"https:\\\/\\\/www.monaco-tribune.com\\\/it\\\/#website\"},\"primaryImageOfPage\":{\"@id\":\"https:\\\/\\\/www.monaco-tribune.com\\\/it\\\/2020\\\/05\\\/il-mediterraneo-quando-il-rumore-mette-in-pericolo-la-fauna-marina\\\/#primaryimage\"},\"image\":{\"@id\":\"https:\\\/\\\/www.monaco-tribune.com\\\/it\\\/2020\\\/05\\\/il-mediterraneo-quando-il-rumore-mette-in-pericolo-la-fauna-marina\\\/#primaryimage\"},\"thumbnailUrl\":\"https:\\\/\\\/www.monaco-tribune.com\\\/wp-content\\\/uploads\\\/2020\\\/04\\\/bruits-sous-marins.jpg\",\"datePublished\":\"2020-05-14T10:04:24+00:00\",\"dateModified\":\"2020-05-14T10:09:39+00:00\",\"description\":\"I rumori di natura umana costituiscono un pericolo per la fauna marina e per la salvaguardia delle specie minacciate, in particolare dei cetacei. I\",\"breadcrumb\":{\"@id\":\"https:\\\/\\\/www.monaco-tribune.com\\\/it\\\/2020\\\/05\\\/il-mediterraneo-quando-il-rumore-mette-in-pericolo-la-fauna-marina\\\/#breadcrumb\"},\"inLanguage\":\"it-IT\",\"potentialAction\":[{\"@type\":\"ReadAction\",\"target\":[\"https:\\\/\\\/www.monaco-tribune.com\\\/it\\\/2020\\\/05\\\/il-mediterraneo-quando-il-rumore-mette-in-pericolo-la-fauna-marina\\\/\"]}]},{\"@type\":\"ImageObject\",\"inLanguage\":\"it-IT\",\"@id\":\"https:\\\/\\\/www.monaco-tribune.com\\\/it\\\/2020\\\/05\\\/il-mediterraneo-quando-il-rumore-mette-in-pericolo-la-fauna-marina\\\/#primaryimage\",\"url\":\"https:\\\/\\\/www.monaco-tribune.com\\\/wp-content\\\/uploads\\\/2020\\\/04\\\/bruits-sous-marins.jpg\",\"contentUrl\":\"https:\\\/\\\/www.monaco-tribune.com\\\/wp-content\\\/uploads\\\/2020\\\/04\\\/bruits-sous-marins.jpg\",\"width\":1920,\"height\":787,\"caption\":\"Pixabay\"},{\"@type\":\"BreadcrumbList\",\"@id\":\"https:\\\/\\\/www.monaco-tribune.com\\\/it\\\/2020\\\/05\\\/il-mediterraneo-quando-il-rumore-mette-in-pericolo-la-fauna-marina\\\/#breadcrumb\",\"itemListElement\":[{\"@type\":\"ListItem\",\"position\":1,\"name\":\"Accueil\",\"item\":\"https:\\\/\\\/www.monaco-tribune.com\\\/it\\\/\"},{\"@type\":\"ListItem\",\"position\":2,\"name\":\"Il Mediterraneo: quando il rumore mette in pericolo la fauna marina\"}]},{\"@type\":\"WebSite\",\"@id\":\"https:\\\/\\\/www.monaco-tribune.com\\\/it\\\/#website\",\"url\":\"https:\\\/\\\/www.monaco-tribune.com\\\/it\\\/\",\"name\":\"Monaco Tribune\",\"description\":\"Monaco : actualit\u00e9s \u00e9conomiques, politiques, culturelles et sportives de Monaco et de la French Riviera.\",\"publisher\":{\"@id\":\"https:\\\/\\\/www.monaco-tribune.com\\\/it\\\/#organization\"},\"potentialAction\":[{\"@type\":\"SearchAction\",\"target\":{\"@type\":\"EntryPoint\",\"urlTemplate\":\"https:\\\/\\\/www.monaco-tribune.com\\\/it\\\/?s={search_term_string}\"},\"query-input\":{\"@type\":\"PropertyValueSpecification\",\"valueRequired\":true,\"valueName\":\"search_term_string\"}}],\"inLanguage\":\"it-IT\"},{\"@type\":\"Organization\",\"@id\":\"https:\\\/\\\/www.monaco-tribune.com\\\/it\\\/#organization\",\"name\":\"Monaco Tribune\",\"url\":\"https:\\\/\\\/www.monaco-tribune.com\\\/it\\\/\",\"logo\":{\"@type\":\"ImageObject\",\"inLanguage\":\"it-IT\",\"@id\":\"https:\\\/\\\/www.monaco-tribune.com\\\/it\\\/#\\\/schema\\\/logo\\\/image\\\/\",\"url\":\"https:\\\/\\\/www.monaco-tribune.com\\\/wp-content\\\/uploads\\\/2022\\\/11\\\/logo-monaco-tribune.png\",\"contentUrl\":\"https:\\\/\\\/www.monaco-tribune.com\\\/wp-content\\\/uploads\\\/2022\\\/11\\\/logo-monaco-tribune.png\",\"width\":1548,\"height\":600,\"caption\":\"Monaco Tribune\"},\"image\":{\"@id\":\"https:\\\/\\\/www.monaco-tribune.com\\\/it\\\/#\\\/schema\\\/logo\\\/image\\\/\"},\"sameAs\":[\"https:\\\/\\\/www.facebook.com\\\/MonacoTribune\",\"https:\\\/\\\/x.com\\\/MonacoTribune\",\"https:\\\/\\\/www.instagram.com\\\/monacotribune\\\/\",\"https:\\\/\\\/www.linkedin.com\\\/company\\\/monaco-tribune\",\"https:\\\/\\\/www.youtube.com\\\/channel\\\/UCHle1MnG6hw1y4lWKijVbMA\"]},{\"@type\":\"Person\",\"@id\":\"https:\\\/\\\/www.monaco-tribune.com\\\/it\\\/#\\\/schema\\\/person\\\/8f6ed8c063276e2397589eda5b7a2f2d\",\"name\":\"Monaco Tribune\",\"image\":{\"@type\":\"ImageObject\",\"inLanguage\":\"it-IT\",\"@id\":\"https:\\\/\\\/secure.gravatar.com\\\/avatar\\\/3010e6c5d6c8056ec1c25228fe68ea089879e5ae0de884e0247744ee988aaf6a?s=96&d=mm&r=g\",\"url\":\"https:\\\/\\\/secure.gravatar.com\\\/avatar\\\/3010e6c5d6c8056ec1c25228fe68ea089879e5ae0de884e0247744ee988aaf6a?s=96&d=mm&r=g\",\"contentUrl\":\"https:\\\/\\\/secure.gravatar.com\\\/avatar\\\/3010e6c5d6c8056ec1c25228fe68ea089879e5ae0de884e0247744ee988aaf6a?s=96&d=mm&r=g\",\"caption\":\"Monaco Tribune\"},\"url\":\"https:\\\/\\\/www.monaco-tribune.com\\\/it\\\/author\\\/monaco-tribune\\\/\"}]}<\/script>\n<!-- \/ Yoast SEO Premium plugin. -->","yoast_head_json":{"title":"Il Mediterraneo: quando il rumore mette in pericolo la fauna marina","description":"I rumori di natura umana costituiscono un pericolo per la fauna marina e per la salvaguardia delle specie minacciate, in particolare dei cetacei. I","robots":{"index":"index","follow":"follow","max-snippet":"max-snippet:-1","max-image-preview":"max-image-preview:large","max-video-preview":"max-video-preview:-1"},"canonical":"https:\/\/www.monaco-tribune.com\/it\/2020\/05\/il-mediterraneo-quando-il-rumore-mette-in-pericolo-la-fauna-marina\/","og_locale":"it_IT","og_type":"article","og_title":"Il Mediterraneo: quando il rumore mette in pericolo la fauna marina - Monaco Tribune","og_description":"I rumori di natura umana costituiscono un pericolo per la fauna marina e per la salvaguardia delle specie minacciate, in particolare dei cetacei. I","og_url":"https:\/\/www.monaco-tribune.com\/it\/2020\/05\/il-mediterraneo-quando-il-rumore-mette-in-pericolo-la-fauna-marina\/","og_site_name":"Monaco Tribune","article_publisher":"https:\/\/www.facebook.com\/MonacoTribune","article_published_time":"2020-05-14T10:04:24+00:00","article_modified_time":"2020-05-14T10:09:39+00:00","og_image":[{"width":1920,"height":787,"url":"https:\/\/www.monaco-tribune.com\/wp-content\/uploads\/2020\/04\/bruits-sous-marins.jpg","type":"image\/jpeg"}],"author":"Monaco Tribune","twitter_card":"summary_large_image","twitter_creator":"@MonacoTribune","twitter_site":"@MonacoTribune","schema":{"@context":"https:\/\/schema.org","@graph":[{"@type":"NewsArticle","@id":"https:\/\/www.monaco-tribune.com\/it\/2020\/05\/il-mediterraneo-quando-il-rumore-mette-in-pericolo-la-fauna-marina\/#article","isPartOf":{"@id":"https:\/\/www.monaco-tribune.com\/it\/2020\/05\/il-mediterraneo-quando-il-rumore-mette-in-pericolo-la-fauna-marina\/"},"author":{"name":"Monaco Tribune","@id":"https:\/\/www.monaco-tribune.com\/it\/#\/schema\/person\/8f6ed8c063276e2397589eda5b7a2f2d"},"headline":"Il Mediterraneo: quando il rumore mette in pericolo la fauna marina","datePublished":"2020-05-14T10:04:24+00:00","dateModified":"2020-05-14T10:09:39+00:00","mainEntityOfPage":{"@id":"https:\/\/www.monaco-tribune.com\/it\/2020\/05\/il-mediterraneo-quando-il-rumore-mette-in-pericolo-la-fauna-marina\/"},"wordCount":541,"publisher":{"@id":"https:\/\/www.monaco-tribune.com\/it\/#organization"},"image":{"@id":"https:\/\/www.monaco-tribune.com\/it\/2020\/05\/il-mediterraneo-quando-il-rumore-mette-in-pericolo-la-fauna-marina\/#primaryimage"},"thumbnailUrl":"https:\/\/www.monaco-tribune.com\/wp-content\/uploads\/2020\/04\/bruits-sous-marins.jpg","keywords":["Iniziative"],"articleSection":["Green","Notizie"],"inLanguage":"it-IT","copyrightYear":"2020","copyrightHolder":{"@id":"https:\/\/www.monaco-tribune.com\/#organization"}},{"@type":"WebPage","@id":"https:\/\/www.monaco-tribune.com\/it\/2020\/05\/il-mediterraneo-quando-il-rumore-mette-in-pericolo-la-fauna-marina\/","url":"https:\/\/www.monaco-tribune.com\/it\/2020\/05\/il-mediterraneo-quando-il-rumore-mette-in-pericolo-la-fauna-marina\/","name":"Il Mediterraneo: quando il rumore mette in pericolo la fauna marina","isPartOf":{"@id":"https:\/\/www.monaco-tribune.com\/it\/#website"},"primaryImageOfPage":{"@id":"https:\/\/www.monaco-tribune.com\/it\/2020\/05\/il-mediterraneo-quando-il-rumore-mette-in-pericolo-la-fauna-marina\/#primaryimage"},"image":{"@id":"https:\/\/www.monaco-tribune.com\/it\/2020\/05\/il-mediterraneo-quando-il-rumore-mette-in-pericolo-la-fauna-marina\/#primaryimage"},"thumbnailUrl":"https:\/\/www.monaco-tribune.com\/wp-content\/uploads\/2020\/04\/bruits-sous-marins.jpg","datePublished":"2020-05-14T10:04:24+00:00","dateModified":"2020-05-14T10:09:39+00:00","description":"I rumori di natura umana costituiscono un pericolo per la fauna marina e per la salvaguardia delle specie minacciate, in particolare dei cetacei. I","breadcrumb":{"@id":"https:\/\/www.monaco-tribune.com\/it\/2020\/05\/il-mediterraneo-quando-il-rumore-mette-in-pericolo-la-fauna-marina\/#breadcrumb"},"inLanguage":"it-IT","potentialAction":[{"@type":"ReadAction","target":["https:\/\/www.monaco-tribune.com\/it\/2020\/05\/il-mediterraneo-quando-il-rumore-mette-in-pericolo-la-fauna-marina\/"]}]},{"@type":"ImageObject","inLanguage":"it-IT","@id":"https:\/\/www.monaco-tribune.com\/it\/2020\/05\/il-mediterraneo-quando-il-rumore-mette-in-pericolo-la-fauna-marina\/#primaryimage","url":"https:\/\/www.monaco-tribune.com\/wp-content\/uploads\/2020\/04\/bruits-sous-marins.jpg","contentUrl":"https:\/\/www.monaco-tribune.com\/wp-content\/uploads\/2020\/04\/bruits-sous-marins.jpg","width":1920,"height":787,"caption":"Pixabay"},{"@type":"BreadcrumbList","@id":"https:\/\/www.monaco-tribune.com\/it\/2020\/05\/il-mediterraneo-quando-il-rumore-mette-in-pericolo-la-fauna-marina\/#breadcrumb","itemListElement":[{"@type":"ListItem","position":1,"name":"Accueil","item":"https:\/\/www.monaco-tribune.com\/it\/"},{"@type":"ListItem","position":2,"name":"Il Mediterraneo: quando il rumore mette in pericolo la fauna marina"}]},{"@type":"WebSite","@id":"https:\/\/www.monaco-tribune.com\/it\/#website","url":"https:\/\/www.monaco-tribune.com\/it\/","name":"Monaco Tribune","description":"Monaco : actualit\u00e9s \u00e9conomiques, politiques, culturelles et sportives de Monaco et de la French Riviera.","publisher":{"@id":"https:\/\/www.monaco-tribune.com\/it\/#organization"},"potentialAction":[{"@type":"SearchAction","target":{"@type":"EntryPoint","urlTemplate":"https:\/\/www.monaco-tribune.com\/it\/?s={search_term_string}"},"query-input":{"@type":"PropertyValueSpecification","valueRequired":true,"valueName":"search_term_string"}}],"inLanguage":"it-IT"},{"@type":"Organization","@id":"https:\/\/www.monaco-tribune.com\/it\/#organization","name":"Monaco Tribune","url":"https:\/\/www.monaco-tribune.com\/it\/","logo":{"@type":"ImageObject","inLanguage":"it-IT","@id":"https:\/\/www.monaco-tribune.com\/it\/#\/schema\/logo\/image\/","url":"https:\/\/www.monaco-tribune.com\/wp-content\/uploads\/2022\/11\/logo-monaco-tribune.png","contentUrl":"https:\/\/www.monaco-tribune.com\/wp-content\/uploads\/2022\/11\/logo-monaco-tribune.png","width":1548,"height":600,"caption":"Monaco Tribune"},"image":{"@id":"https:\/\/www.monaco-tribune.com\/it\/#\/schema\/logo\/image\/"},"sameAs":["https:\/\/www.facebook.com\/MonacoTribune","https:\/\/x.com\/MonacoTribune","https:\/\/www.instagram.com\/monacotribune\/","https:\/\/www.linkedin.com\/company\/monaco-tribune","https:\/\/www.youtube.com\/channel\/UCHle1MnG6hw1y4lWKijVbMA"]},{"@type":"Person","@id":"https:\/\/www.monaco-tribune.com\/it\/#\/schema\/person\/8f6ed8c063276e2397589eda5b7a2f2d","name":"Monaco Tribune","image":{"@type":"ImageObject","inLanguage":"it-IT","@id":"https:\/\/secure.gravatar.com\/avatar\/3010e6c5d6c8056ec1c25228fe68ea089879e5ae0de884e0247744ee988aaf6a?s=96&d=mm&r=g","url":"https:\/\/secure.gravatar.com\/avatar\/3010e6c5d6c8056ec1c25228fe68ea089879e5ae0de884e0247744ee988aaf6a?s=96&d=mm&r=g","contentUrl":"https:\/\/secure.gravatar.com\/avatar\/3010e6c5d6c8056ec1c25228fe68ea089879e5ae0de884e0247744ee988aaf6a?s=96&d=mm&r=g","caption":"Monaco Tribune"},"url":"https:\/\/www.monaco-tribune.com\/it\/author\/monaco-tribune\/"}]}},"_links":{"self":[{"href":"https:\/\/www.monaco-tribune.com\/it\/wp-json\/wp\/v2\/posts\/27734","targetHints":{"allow":["GET"]}}],"collection":[{"href":"https:\/\/www.monaco-tribune.com\/it\/wp-json\/wp\/v2\/posts"}],"about":[{"href":"https:\/\/www.monaco-tribune.com\/it\/wp-json\/wp\/v2\/types\/post"}],"author":[{"embeddable":true,"href":"https:\/\/www.monaco-tribune.com\/it\/wp-json\/wp\/v2\/users\/21"}],"replies":[{"embeddable":true,"href":"https:\/\/www.monaco-tribune.com\/it\/wp-json\/wp\/v2\/comments?post=27734"}],"version-history":[{"count":0,"href":"https:\/\/www.monaco-tribune.com\/it\/wp-json\/wp\/v2\/posts\/27734\/revisions"}],"wp:featuredmedia":[{"embeddable":true,"href":"https:\/\/www.monaco-tribune.com\/it\/wp-json\/wp\/v2\/media\/25807"}],"wp:attachment":[{"href":"https:\/\/www.monaco-tribune.com\/it\/wp-json\/wp\/v2\/media?parent=27734"}],"wp:term":[{"taxonomy":"category","embeddable":true,"href":"https:\/\/www.monaco-tribune.com\/it\/wp-json\/wp\/v2\/categories?post=27734"},{"taxonomy":"post_tag","embeddable":true,"href":"https:\/\/www.monaco-tribune.com\/it\/wp-json\/wp\/v2\/tags?post=27734"},{"taxonomy":"sectag","embeddable":true,"href":"https:\/\/www.monaco-tribune.com\/it\/wp-json\/wp\/v2\/post_sectags?post=27734"},{"taxonomy":"format","embeddable":true,"href":"https:\/\/www.monaco-tribune.com\/it\/wp-json\/wp\/v2\/post_format?post=27734"}],"curies":[{"name":"wp","href":"https:\/\/api.w.org\/{rel}","templated":true}]}}