{"id":27965,"date":"2020-05-18T20:55:23","date_gmt":"2020-05-18T18:55:23","guid":{"rendered":"https:\/\/www.monaco-tribune.com\/2020\/05\/formula-1-quali-piloti-hanno-segnato-la-storia-del-gran-premio-di-monaco\/"},"modified":"2020-05-19T11:32:19","modified_gmt":"2020-05-19T09:32:19","slug":"formula-1-quali-piloti-hanno-segnato-la-storia-del-gran-premio-di-monaco","status":"publish","type":"post","link":"https:\/\/www.monaco-tribune.com\/it\/2020\/05\/formula-1-quali-piloti-hanno-segnato-la-storia-del-gran-premio-di-monaco\/","title":{"rendered":"Formula 1: Quali piloti hanno segnato la storia del Gran Premio di Monaco?"},"content":{"rendered":"<p><strong>Mentre il 78\u00b0 Gran Premio di Monaco avrebbe dovuto svolgersi dal 21 al 24 maggio sul leggendario circuito monegasco, diamo uno sguardo ai piloti che hanno lasciato il segno nel GP di Formula 1 pi\u00f9 impegnativo al mondo. Da Ayrton Senna, a Lewis Hamilton, Alain Prost e Michael Schumacher, molti dei migliori piloti hanno lasciato il segno nel Principato di Monaco.<\/strong><\/p>\n<h3 style=\"text-align: center;\"><strong>Ayrton Senna <\/strong><\/h3>\n<p>Come non citarlo. La leggenda parla per lui, cos\u00ec come anche le sue vittorie. Rendetevi conto. Sei volte vincitore a Monaco (1987, 1989, 1990, 1991, 1992, 1993), Ayrton Senna ha saputo domare a meraviglia il circuito del Gran Premio di Monaco, considerato come il pi\u00f9 impegnativo al mondo. E\u2019 proprio nel Principato che il Brasiliano si \u00e8 rivelato agli occhi di tutto il mondo, durante la sua prima stagione in Formula 1, nel 1984. Al volante della sua Toleman-Hart, Ayrton Senna ha conquistato il primo podio della sua carriera, al termine del Gran Premio segnato da nubifragi che hanno colpito Monaco, e che hanno costretto gli organizzatori ad interrompere la gara a qualche giro dall\u2019arrivo, mentre il Brasiliano stava raggiungendo a tutta velocit\u00e0 un certo Alain Prost, vincitore del Gran Premio di quest\u2019anno. Nasce cos\u00ec la loro rivalit\u00e0, una delle pi\u00f9 belle della storia dell\u2019automobilismo. Morto tragicamente in pista in un incidente al Gran Premio di San Marino nel 1994, l\u2019uomo, considerato uno dei migliori piloti della Formula 1 della storia, ha inciso per sempre il suo nome nel record di successi del Gran Premio di Monaco.<\/p>\n<blockquote class=\"twitter-tweet\" data-width=\"500\" data-dnt=\"true\">\n<p lang=\"en\" dir=\"ltr\">On May 18, 1985, exactly 35 years ago, Ayrton Senna secured his third pole in Formula One, this time at the legendary Monaco track. Take a look back at the Brazilian&#39;s first pole position in the Principality. <a href=\"https:\/\/t.co\/4Acw2zcG8b\">https:\/\/t.co\/4Acw2zcG8b<\/a> <a href=\"https:\/\/twitter.com\/hashtag\/SennaSempre?src=hash&amp;ref_src=twsrc%5Etfw\">#SennaSempre<\/a><\/p>\n<p>&mdash; Ayrton Senna (@ayrtonsenna) <a href=\"https:\/\/twitter.com\/ayrtonsenna\/status\/1262369002434723843?ref_src=twsrc%5Etfw\">May 18, 2020<\/a><\/p><\/blockquote>\n<p><script async src=\"https:\/\/platform.twitter.com\/widgets.js\" charset=\"utf-8\"><\/script><\/p>\n<h3 style=\"text-align: center;\"><strong>Alain Prost<\/strong><\/h3>\n<p>Soprannominato \u201cIl Professore\u201d per il suo approccio intellettuale alla gara, ha lasciato il segno sulla Rocca. Per circa 10 anni, Ayrton Senna e Alain Prost hanno monopolizzato tutti i Gran Premi di Monaco, regalando al pubblico monegasco e al mondo intero gare in pista spettacolari e indimenticabili. Quattro volte vincitore (1984,1985,1986,1988), il Francese ha sempre amato le vie sinuose e ripide del Principato, un Gran Premio che considera \u201cveramente magico\u201d e \u201cunico\u201d nel calendario di una stagione della Formula 1.<\/p>\n<blockquote class=\"twitter-tweet\" data-width=\"500\" data-dnt=\"true\">\n<p lang=\"en\" dir=\"ltr\">I will always remember this day! 24 years ago I can\u2019t believe. <a href=\"https:\/\/t.co\/r4kpPNPAsD\">pic.twitter.com\/r4kpPNPAsD<\/a><\/p>\n<p>&mdash; Alain Prost (@Prost_official) <a href=\"https:\/\/twitter.com\/Prost_official\/status\/991251293627969536?ref_src=twsrc%5Etfw\">May 1, 2018<\/a><\/p><\/blockquote>\n<p><script async src=\"https:\/\/platform.twitter.com\/widgets.js\" charset=\"utf-8\"><\/script><\/p>\n<h3 style=\"text-align: center;\"><strong>Graham Hill<\/strong><\/h3>\n<p>\u00c8 un\u2019altra epoca. Una Formula 1 diversa, meno contemporanea, molto pi\u00f9 impegnativa e pericolosa. Al volante della sua BRM e poi della sua Lotus, il britannico si \u00e8 avvicinato alle vette della Formula 1 negli anni \u201960 e ha vinto ben cinque medaglie nel Principato (1963, 1964, 1965, 1968, 1969). Recordman per il numero di vittorie nel Principato di Monaco per molti anni, Graham Hill \u00e8 stato raggiunto, da allora, da Michael Schumacher (vedi sotto) e superato da Ayrton Senna (vedi sopra). Figura emblematica della storia della Formula 1, il nativo di Londra \u00e8 il solo pilota ad aver ottenuto la \u201cTriple Crown\u201d, ovvero ad aver vinto le tre prove pi\u00f9 prestigiose del calendario internazionale sul circuito automobilistico: la 500 miglia di Indianapolis, la 24 Ore le Mans e il Gran Premio di Monaco.<\/p>\n<p>t le Grand Prix de Monaco.<\/p>\n<blockquote class=\"twitter-tweet\" data-width=\"500\" data-dnt=\"true\">\n<p lang=\"en\" dir=\"ltr\">On this day, Graham Hill won the <a href=\"https:\/\/twitter.com\/hashtag\/MonacoGP?src=hash&amp;ref_src=twsrc%5Etfw\">#MonacoGP<\/a> for a fifth time with victory in 1969.<\/p>\n<p>Only Ayrton Senna (6) has won the iconic race more times than him. <a href=\"https:\/\/twitter.com\/hashtag\/F1?src=hash&amp;ref_src=twsrc%5Etfw\">#F1<\/a> <a href=\"https:\/\/t.co\/iKgYGdvlDH\">pic.twitter.com\/iKgYGdvlDH<\/a><\/p>\n<p>&mdash; PlanetF1 (@Planet_F1) <a href=\"https:\/\/twitter.com\/Planet_F1\/status\/1262360232669392896?ref_src=twsrc%5Etfw\">May 18, 2020<\/a><\/p><\/blockquote>\n<p><script async src=\"https:\/\/platform.twitter.com\/widgets.js\" charset=\"utf-8\"><\/script><\/p>\n<h3 style=\"text-align: center;\"><strong>Michael Schumacher<\/strong><\/h3>\n<p>Parte della sua leggenda \u00e8 stata scritta qui. Amante del Principato, \u201cSchumi\u201d \u00e8 stato cinque volte vincitore del Gran Premio di Monaco (1994,1995,1997,2001). Successi rovinati da un\u2019azione antisportiva, all\u2019edizione del 2006. Dichiarato colpevole di aver commesso un errore in modo intenzionale durante le prove di qualificazione, il tedesco aveva fermato la sua vettura nella curva della Rascasse per impedire ai suoi principali rivali, tra cui Fernando Alonso, vincitore del Gran Premio di quell\u2019anno, di concludere il loro giro e di privarlo di una pole position assicurata. Ma dopo pi\u00f9 di 7 ore di consultazione, i responsabili del circuito hanno riconosciuto Michael Schumacher colpevole di aver \u201cfermato deliberatamente la sua vettura sulla pista quando deteneva il miglior tempo\u201d. Un errore che ha lasciato il segno sul paddock in quel momento. Oggi, per\u00f2, sono soprattutto i suoi cinque successi a fine anni \u201990- secondo migliore dietro Ayrton Senna e a parit\u00e0 con Graham Hill (vedi sopra) \u2013 sul suolo monegasco che rimarranno impressi per sempre nella memoria.<\/p>\n<p>https:\/\/twitter.com\/1990sF1\/status\/1262396284058718216?s=20<\/p>\n<h3 style=\"text-align: center;\"><strong>Lewis Hamilton<\/strong><\/h3>\n<p>Nella Formula 1 recente, \u00e8 con Nico Rosberg (vedi sotto) il maestro indiscusso dei circuiti. Al volante della sua McLaren, con la quale ha vinto il primo dei suoi sei titoli di campione del mondo, o della sua invincibile Mercedes, con la quale domina il mondo della Formula 1 da quasi dieci stagioni, Lewis Hamilton ha partecipato a ben tre Gran Premi di Monaco (2008, 2016, 2019). Detentore del titolo, il britannico ha dovuto tuttavia aspettare otto anni prima di vincere di nuovo il Gran Premio, tra la sua prima vittoria nel principato e la sua prima vittoria al volante della Mercedes. A 35 anni, e se decide di prolungare la sua carriera ancora di qualche stagione, il recordman per il numero di pole position potrebbe aggiungere qualche altro Gran Premio di Monaco alla sua immensa lista di vittorie. E unirsi ad Ayrton Senna e le sue sei vittorie in cima alla piramide dei maestri della Rocca?<\/p>\n<blockquote class=\"twitter-tweet\" data-width=\"500\" data-dnt=\"true\">\n<p lang=\"en\" dir=\"ltr\">Who else can&#39;t wait for the season to start again? \ud83d\ude4f\ud83c\udffe <a href=\"https:\/\/t.co\/JbBqAoOQea\">https:\/\/t.co\/JbBqAoOQea<\/a><\/p>\n<p>&mdash; Lewis Hamilton (@LewisHamilton) <a href=\"https:\/\/twitter.com\/LewisHamilton\/status\/1247147805581418496?ref_src=twsrc%5Etfw\">April 6, 2020<\/a><\/p><\/blockquote>\n<p><script async src=\"https:\/\/platform.twitter.com\/widgets.js\" charset=\"utf-8\"><\/script><\/p>\n<h3 style=\"text-align: center;\"><strong>Nico Rosberg<\/strong><\/h3>\n<p>Se Lewis Hamilton non ha pi\u00f9 vinto i Gran Premi di Monaco (vedi sotto), \u00e8 anche perch\u00e9 Nico Rosberg ha fatto del Principato il suo terreno di gioco preferito per tre anni consecutivi. Vincitore del Gran Premio nel 2013, 2014 e 2015, il residente monegasco si sente come a casa sua sul circuito urbano del Principato e non ha mai nascosto che \u201cil Gran Premio di Monaco occupa un posto importante nel suo cuore\u201d. \u201cConosco ogni curva a memoria, da quando andavo a scuola qui\u201d. Considerato l\u2019eroe locale dell\u2019evento, il tedesco ha anche avuto il privilegio di accompagnare S.A.S. il Principe Alberto II sul leggendario circuito di 3,3 km al volante di una Mercedes-Benz 300 SL Gullwing del 1955.<\/p>\n<blockquote class=\"twitter-tweet\" data-width=\"500\" data-dnt=\"true\">\n<p lang=\"fr\" dir=\"ltr\">Rencontre entre S.A.S. Le Prince Albert II de Monaco &amp; @nico_rosberg \u00e0 bord de la <a href=\"https:\/\/twitter.com\/Jaguar?ref_src=twsrc%5Etfw\">@Jaguar<\/a> I-Pace. <a href=\"https:\/\/twitter.com\/hashtag\/MonacoEPrix?src=hash&amp;ref_src=twsrc%5Etfw\">#MonacoEPrix<\/a> <a href=\"https:\/\/t.co\/cVsylLeweZ\">pic.twitter.com\/cVsylLeweZ<\/a><\/p>\n<p>&mdash; Automobile Club de Monaco (@ACM_Media) <a href=\"https:\/\/twitter.com\/ACM_Media\/status\/1127120923184832513?ref_src=twsrc%5Etfw\">May 11, 2019<\/a><\/p><\/blockquote>\n<p><script async src=\"https:\/\/platform.twitter.com\/widgets.js\" charset=\"utf-8\"><\/script><\/p>\n<h3 style=\"text-align: center;\"><strong>Olivier Panis<\/strong><\/h3>\n<p>Memorabile, indimenticabile, quasi inspiegabile. Mancano i superlativi di questo Gran Premio 1996, vinto da un certo Olivier Panis, ultimo vincitore francese nel Principato. Al volante della sua Liger dalla quattordicesima posizione di un Gran Premio bagnato e segnato da innumerevoli ritiri (solo Panis, Coulthard e Hebert hanno oltrepassato la bandiera a scacchi, il totale pi\u00f9 basso di piloti al traguardo della storia), il pilota di Grenoble ha registrato la miglior rimonta di tutti i tempi a Monaco, abbastanza da potersi inserire nella cerchia ristretta dei piloti che si sono fatti un nome nel Principato.<\/p>\n<blockquote class=\"twitter-tweet\" data-width=\"500\" data-dnt=\"true\">\n<p lang=\"fr\" dir=\"ltr\">\ud83d\udc4f Bravo \u00e0 tous ceux qui ont trouv\u00e9 Olivier Panis ! Le Lyonnais (pass\u00e9 par Ligier, Prost, BAR et Toyota) reste le dernier Fran\u00e7ais \u00e0 s&#39;\u00eatre impos\u00e9 en F1 (Monaco, 1996) \ud83c\udfc6<\/p>\n<p>Qui prendra la rel\u00e8ve ? \ud83c\uddeb\ud83c\uddf7<a href=\"https:\/\/twitter.com\/hashtag\/F1?src=hash&amp;ref_src=twsrc%5Etfw\">#F1<\/a> <a href=\"https:\/\/t.co\/B04QDVlhLc\">https:\/\/t.co\/B04QDVlhLc<\/a><\/p>\n<p>&mdash; Turn One #JapaneseGP \ud83c\uddef\ud83c\uddf5 (@Turn_OneF1) <a href=\"https:\/\/twitter.com\/Turn_OneF1\/status\/1257611389419610113?ref_src=twsrc%5Etfw\">May 5, 2020<\/a><\/p><\/blockquote>\n<p><script async src=\"https:\/\/platform.twitter.com\/widgets.js\" charset=\"utf-8\"><\/script><\/p>\n","protected":false},"excerpt":{"rendered":"<p>Mentre il 78\u00b0 Gran Premio di Monaco avrebbe dovuto svolgersi dal 21 al 24 maggio sul leggendario circuito monegasco, diamo [&hellip;]<\/p>\n","protected":false},"author":24,"featured_media":27654,"comment_status":"closed","ping_status":"open","sticky":false,"template":"","format":"standard","meta":{"_acf_changed":false,"footnotes":""},"categories":[1738,1743],"tags":[3949],"post_sectags":[],"post_format":[2486],"class_list":["post-27965","post","type-post","status-publish","format-standard","has-post-thumbnail","hentry","category-notizie","category-sport-it","tag-gran-premio-di-monaco","format-servizio"],"acf":[],"yoast_head":"<!-- This site is optimized with the Yoast SEO Premium plugin v26.8 (Yoast SEO v27.5) - https:\/\/yoast.com\/product\/yoast-seo-premium-wordpress\/ -->\n<title>Formula 1: Quali piloti hanno segnato la storia del Gran Premio di Monaco?<\/title>\n<meta name=\"description\" content=\"Mentre il 78\u00b0 Gran Premio di Monaco avrebbe dovuto svolgersi dal 21 al 24 maggio sul leggendario circuito monegasco, diamo uno sguardo ai piloti che hanno\" \/>\n<meta name=\"robots\" content=\"index, follow, max-snippet:-1, max-image-preview:large, max-video-preview:-1\" \/>\n<link rel=\"canonical\" href=\"https:\/\/www.monaco-tribune.com\/it\/2020\/05\/formula-1-quali-piloti-hanno-segnato-la-storia-del-gran-premio-di-monaco\/\" \/>\n<meta property=\"og:locale\" content=\"it_IT\" \/>\n<meta property=\"og:type\" content=\"article\" \/>\n<meta property=\"og:title\" content=\"Formula 1: Quali piloti hanno segnato la storia del Gran Premio di Monaco? - Monaco Tribune\" \/>\n<meta property=\"og:description\" content=\"Mentre il 78\u00b0 Gran Premio di Monaco avrebbe dovuto svolgersi dal 21 al 24 maggio sul leggendario circuito monegasco, diamo uno sguardo ai piloti che hanno\" \/>\n<meta property=\"og:url\" content=\"https:\/\/www.monaco-tribune.com\/it\/2020\/05\/formula-1-quali-piloti-hanno-segnato-la-storia-del-gran-premio-di-monaco\/\" \/>\n<meta property=\"og:site_name\" content=\"Monaco Tribune\" \/>\n<meta property=\"article:publisher\" content=\"https:\/\/www.facebook.com\/MonacoTribune\" \/>\n<meta property=\"article:published_time\" content=\"2020-05-18T18:55:23+00:00\" \/>\n<meta property=\"article:modified_time\" content=\"2020-05-19T09:32:19+00:00\" \/>\n<meta property=\"og:image\" content=\"https:\/\/www.monaco-tribune.com\/wp-content\/uploads\/2020\/05\/ils-ont-marque\u0301-lhistoire-du-gp-de-monaco.jpg\" \/>\n\t<meta property=\"og:image:width\" content=\"1920\" \/>\n\t<meta property=\"og:image:height\" content=\"1200\" \/>\n\t<meta property=\"og:image:type\" content=\"image\/jpeg\" \/>\n<meta name=\"author\" content=\"Romain Boisaubert\" \/>\n<meta name=\"twitter:card\" content=\"summary_large_image\" \/>\n<meta name=\"twitter:creator\" content=\"@MonacoTribune\" \/>\n<meta name=\"twitter:site\" content=\"@MonacoTribune\" \/>\n<script type=\"application\/ld+json\" class=\"yoast-schema-graph\">{\"@context\":\"https:\\\/\\\/schema.org\",\"@graph\":[{\"@type\":\"NewsArticle\",\"@id\":\"https:\\\/\\\/www.monaco-tribune.com\\\/it\\\/2020\\\/05\\\/formula-1-quali-piloti-hanno-segnato-la-storia-del-gran-premio-di-monaco\\\/#article\",\"isPartOf\":{\"@id\":\"https:\\\/\\\/www.monaco-tribune.com\\\/it\\\/2020\\\/05\\\/formula-1-quali-piloti-hanno-segnato-la-storia-del-gran-premio-di-monaco\\\/\"},\"author\":{\"name\":\"Romain Boisaubert\",\"@id\":\"https:\\\/\\\/www.monaco-tribune.com\\\/it\\\/#\\\/schema\\\/person\\\/330a3732947cf8cb41b2533a0eadd62e\"},\"headline\":\"Formula 1: Quali piloti hanno segnato la storia del Gran Premio di Monaco?\",\"datePublished\":\"2020-05-18T18:55:23+00:00\",\"dateModified\":\"2020-05-19T09:32:19+00:00\",\"mainEntityOfPage\":{\"@id\":\"https:\\\/\\\/www.monaco-tribune.com\\\/it\\\/2020\\\/05\\\/formula-1-quali-piloti-hanno-segnato-la-storia-del-gran-premio-di-monaco\\\/\"},\"wordCount\":1033,\"publisher\":{\"@id\":\"https:\\\/\\\/www.monaco-tribune.com\\\/it\\\/#organization\"},\"image\":{\"@id\":\"https:\\\/\\\/www.monaco-tribune.com\\\/it\\\/2020\\\/05\\\/formula-1-quali-piloti-hanno-segnato-la-storia-del-gran-premio-di-monaco\\\/#primaryimage\"},\"thumbnailUrl\":\"https:\\\/\\\/www.monaco-tribune.com\\\/wp-content\\\/uploads\\\/2020\\\/05\\\/ils-ont-marque\u0301-lhistoire-du-gp-de-monaco.jpg\",\"keywords\":[\"Gran Premio di Monaco\"],\"articleSection\":[\"Notizie\",\"Sport\"],\"inLanguage\":\"it-IT\",\"copyrightYear\":\"2020\",\"copyrightHolder\":{\"@id\":\"https:\\\/\\\/www.monaco-tribune.com\\\/#organization\"}},{\"@type\":\"WebPage\",\"@id\":\"https:\\\/\\\/www.monaco-tribune.com\\\/it\\\/2020\\\/05\\\/formula-1-quali-piloti-hanno-segnato-la-storia-del-gran-premio-di-monaco\\\/\",\"url\":\"https:\\\/\\\/www.monaco-tribune.com\\\/it\\\/2020\\\/05\\\/formula-1-quali-piloti-hanno-segnato-la-storia-del-gran-premio-di-monaco\\\/\",\"name\":\"Formula 1: Quali piloti hanno segnato la storia del Gran Premio di Monaco?\",\"isPartOf\":{\"@id\":\"https:\\\/\\\/www.monaco-tribune.com\\\/it\\\/#website\"},\"primaryImageOfPage\":{\"@id\":\"https:\\\/\\\/www.monaco-tribune.com\\\/it\\\/2020\\\/05\\\/formula-1-quali-piloti-hanno-segnato-la-storia-del-gran-premio-di-monaco\\\/#primaryimage\"},\"image\":{\"@id\":\"https:\\\/\\\/www.monaco-tribune.com\\\/it\\\/2020\\\/05\\\/formula-1-quali-piloti-hanno-segnato-la-storia-del-gran-premio-di-monaco\\\/#primaryimage\"},\"thumbnailUrl\":\"https:\\\/\\\/www.monaco-tribune.com\\\/wp-content\\\/uploads\\\/2020\\\/05\\\/ils-ont-marque\u0301-lhistoire-du-gp-de-monaco.jpg\",\"datePublished\":\"2020-05-18T18:55:23+00:00\",\"dateModified\":\"2020-05-19T09:32:19+00:00\",\"description\":\"Mentre il 78\u00b0 Gran Premio di Monaco avrebbe dovuto svolgersi dal 21 al 24 maggio sul leggendario circuito monegasco, diamo uno sguardo ai piloti che hanno\",\"breadcrumb\":{\"@id\":\"https:\\\/\\\/www.monaco-tribune.com\\\/it\\\/2020\\\/05\\\/formula-1-quali-piloti-hanno-segnato-la-storia-del-gran-premio-di-monaco\\\/#breadcrumb\"},\"inLanguage\":\"it-IT\",\"potentialAction\":[{\"@type\":\"ReadAction\",\"target\":[\"https:\\\/\\\/www.monaco-tribune.com\\\/it\\\/2020\\\/05\\\/formula-1-quali-piloti-hanno-segnato-la-storia-del-gran-premio-di-monaco\\\/\"]}]},{\"@type\":\"ImageObject\",\"inLanguage\":\"it-IT\",\"@id\":\"https:\\\/\\\/www.monaco-tribune.com\\\/it\\\/2020\\\/05\\\/formula-1-quali-piloti-hanno-segnato-la-storia-del-gran-premio-di-monaco\\\/#primaryimage\",\"url\":\"https:\\\/\\\/www.monaco-tribune.com\\\/wp-content\\\/uploads\\\/2020\\\/05\\\/ils-ont-marque\u0301-lhistoire-du-gp-de-monaco.jpg\",\"contentUrl\":\"https:\\\/\\\/www.monaco-tribune.com\\\/wp-content\\\/uploads\\\/2020\\\/05\\\/ils-ont-marque\u0301-lhistoire-du-gp-de-monaco.jpg\",\"width\":1920,\"height\":1200,\"caption\":\"Formula 1: Quali piloti hanno segnato la storia del Gran Premio di Monaco?\"},{\"@type\":\"BreadcrumbList\",\"@id\":\"https:\\\/\\\/www.monaco-tribune.com\\\/it\\\/2020\\\/05\\\/formula-1-quali-piloti-hanno-segnato-la-storia-del-gran-premio-di-monaco\\\/#breadcrumb\",\"itemListElement\":[{\"@type\":\"ListItem\",\"position\":1,\"name\":\"Accueil\",\"item\":\"https:\\\/\\\/www.monaco-tribune.com\\\/it\\\/\"},{\"@type\":\"ListItem\",\"position\":2,\"name\":\"Formula 1: Quali piloti hanno segnato la storia del Gran Premio di Monaco?\"}]},{\"@type\":\"WebSite\",\"@id\":\"https:\\\/\\\/www.monaco-tribune.com\\\/it\\\/#website\",\"url\":\"https:\\\/\\\/www.monaco-tribune.com\\\/it\\\/\",\"name\":\"Monaco Tribune\",\"description\":\"Monaco : actualit\u00e9s \u00e9conomiques, politiques, culturelles et sportives de Monaco et de la French Riviera.\",\"publisher\":{\"@id\":\"https:\\\/\\\/www.monaco-tribune.com\\\/it\\\/#organization\"},\"potentialAction\":[{\"@type\":\"SearchAction\",\"target\":{\"@type\":\"EntryPoint\",\"urlTemplate\":\"https:\\\/\\\/www.monaco-tribune.com\\\/it\\\/?s={search_term_string}\"},\"query-input\":{\"@type\":\"PropertyValueSpecification\",\"valueRequired\":true,\"valueName\":\"search_term_string\"}}],\"inLanguage\":\"it-IT\"},{\"@type\":\"Organization\",\"@id\":\"https:\\\/\\\/www.monaco-tribune.com\\\/it\\\/#organization\",\"name\":\"Monaco Tribune\",\"url\":\"https:\\\/\\\/www.monaco-tribune.com\\\/it\\\/\",\"logo\":{\"@type\":\"ImageObject\",\"inLanguage\":\"it-IT\",\"@id\":\"https:\\\/\\\/www.monaco-tribune.com\\\/it\\\/#\\\/schema\\\/logo\\\/image\\\/\",\"url\":\"https:\\\/\\\/www.monaco-tribune.com\\\/wp-content\\\/uploads\\\/2022\\\/11\\\/logo-monaco-tribune.png\",\"contentUrl\":\"https:\\\/\\\/www.monaco-tribune.com\\\/wp-content\\\/uploads\\\/2022\\\/11\\\/logo-monaco-tribune.png\",\"width\":1548,\"height\":600,\"caption\":\"Monaco Tribune\"},\"image\":{\"@id\":\"https:\\\/\\\/www.monaco-tribune.com\\\/it\\\/#\\\/schema\\\/logo\\\/image\\\/\"},\"sameAs\":[\"https:\\\/\\\/www.facebook.com\\\/MonacoTribune\",\"https:\\\/\\\/x.com\\\/MonacoTribune\",\"https:\\\/\\\/www.instagram.com\\\/monacotribune\\\/\",\"https:\\\/\\\/www.linkedin.com\\\/company\\\/monaco-tribune\",\"https:\\\/\\\/www.youtube.com\\\/channel\\\/UCHle1MnG6hw1y4lWKijVbMA\"]},{\"@type\":\"Person\",\"@id\":\"https:\\\/\\\/www.monaco-tribune.com\\\/it\\\/#\\\/schema\\\/person\\\/330a3732947cf8cb41b2533a0eadd62e\",\"name\":\"Romain Boisaubert\",\"image\":{\"@type\":\"ImageObject\",\"inLanguage\":\"it-IT\",\"@id\":\"https:\\\/\\\/secure.gravatar.com\\\/avatar\\\/f8b90d41f1eabd1cbe4cf59e09d8db41a697d51919bf2dfe727589a24a4a4d54?s=96&d=mm&r=g\",\"url\":\"https:\\\/\\\/secure.gravatar.com\\\/avatar\\\/f8b90d41f1eabd1cbe4cf59e09d8db41a697d51919bf2dfe727589a24a4a4d54?s=96&d=mm&r=g\",\"contentUrl\":\"https:\\\/\\\/secure.gravatar.com\\\/avatar\\\/f8b90d41f1eabd1cbe4cf59e09d8db41a697d51919bf2dfe727589a24a4a4d54?s=96&d=mm&r=g\",\"caption\":\"Romain Boisaubert\"},\"description\":\"Test bio\",\"url\":\"https:\\\/\\\/www.monaco-tribune.com\\\/it\\\/author\\\/romain-boisaubert\\\/\"}]}<\/script>\n<!-- \/ Yoast SEO Premium plugin. -->","yoast_head_json":{"title":"Formula 1: Quali piloti hanno segnato la storia del Gran Premio di Monaco?","description":"Mentre il 78\u00b0 Gran Premio di Monaco avrebbe dovuto svolgersi dal 21 al 24 maggio sul leggendario circuito monegasco, diamo uno sguardo ai piloti che hanno","robots":{"index":"index","follow":"follow","max-snippet":"max-snippet:-1","max-image-preview":"max-image-preview:large","max-video-preview":"max-video-preview:-1"},"canonical":"https:\/\/www.monaco-tribune.com\/it\/2020\/05\/formula-1-quali-piloti-hanno-segnato-la-storia-del-gran-premio-di-monaco\/","og_locale":"it_IT","og_type":"article","og_title":"Formula 1: Quali piloti hanno segnato la storia del Gran Premio di Monaco? - Monaco Tribune","og_description":"Mentre il 78\u00b0 Gran Premio di Monaco avrebbe dovuto svolgersi dal 21 al 24 maggio sul leggendario circuito monegasco, diamo uno sguardo ai piloti che hanno","og_url":"https:\/\/www.monaco-tribune.com\/it\/2020\/05\/formula-1-quali-piloti-hanno-segnato-la-storia-del-gran-premio-di-monaco\/","og_site_name":"Monaco Tribune","article_publisher":"https:\/\/www.facebook.com\/MonacoTribune","article_published_time":"2020-05-18T18:55:23+00:00","article_modified_time":"2020-05-19T09:32:19+00:00","og_image":[{"width":1920,"height":1200,"url":"https:\/\/www.monaco-tribune.com\/wp-content\/uploads\/2020\/05\/ils-ont-marque\u0301-lhistoire-du-gp-de-monaco.jpg","type":"image\/jpeg"}],"author":"Romain Boisaubert","twitter_card":"summary_large_image","twitter_creator":"@MonacoTribune","twitter_site":"@MonacoTribune","schema":{"@context":"https:\/\/schema.org","@graph":[{"@type":"NewsArticle","@id":"https:\/\/www.monaco-tribune.com\/it\/2020\/05\/formula-1-quali-piloti-hanno-segnato-la-storia-del-gran-premio-di-monaco\/#article","isPartOf":{"@id":"https:\/\/www.monaco-tribune.com\/it\/2020\/05\/formula-1-quali-piloti-hanno-segnato-la-storia-del-gran-premio-di-monaco\/"},"author":{"name":"Romain Boisaubert","@id":"https:\/\/www.monaco-tribune.com\/it\/#\/schema\/person\/330a3732947cf8cb41b2533a0eadd62e"},"headline":"Formula 1: Quali piloti hanno segnato la storia del Gran Premio di Monaco?","datePublished":"2020-05-18T18:55:23+00:00","dateModified":"2020-05-19T09:32:19+00:00","mainEntityOfPage":{"@id":"https:\/\/www.monaco-tribune.com\/it\/2020\/05\/formula-1-quali-piloti-hanno-segnato-la-storia-del-gran-premio-di-monaco\/"},"wordCount":1033,"publisher":{"@id":"https:\/\/www.monaco-tribune.com\/it\/#organization"},"image":{"@id":"https:\/\/www.monaco-tribune.com\/it\/2020\/05\/formula-1-quali-piloti-hanno-segnato-la-storia-del-gran-premio-di-monaco\/#primaryimage"},"thumbnailUrl":"https:\/\/www.monaco-tribune.com\/wp-content\/uploads\/2020\/05\/ils-ont-marque\u0301-lhistoire-du-gp-de-monaco.jpg","keywords":["Gran Premio di Monaco"],"articleSection":["Notizie","Sport"],"inLanguage":"it-IT","copyrightYear":"2020","copyrightHolder":{"@id":"https:\/\/www.monaco-tribune.com\/#organization"}},{"@type":"WebPage","@id":"https:\/\/www.monaco-tribune.com\/it\/2020\/05\/formula-1-quali-piloti-hanno-segnato-la-storia-del-gran-premio-di-monaco\/","url":"https:\/\/www.monaco-tribune.com\/it\/2020\/05\/formula-1-quali-piloti-hanno-segnato-la-storia-del-gran-premio-di-monaco\/","name":"Formula 1: Quali piloti hanno segnato la storia del Gran Premio di Monaco?","isPartOf":{"@id":"https:\/\/www.monaco-tribune.com\/it\/#website"},"primaryImageOfPage":{"@id":"https:\/\/www.monaco-tribune.com\/it\/2020\/05\/formula-1-quali-piloti-hanno-segnato-la-storia-del-gran-premio-di-monaco\/#primaryimage"},"image":{"@id":"https:\/\/www.monaco-tribune.com\/it\/2020\/05\/formula-1-quali-piloti-hanno-segnato-la-storia-del-gran-premio-di-monaco\/#primaryimage"},"thumbnailUrl":"https:\/\/www.monaco-tribune.com\/wp-content\/uploads\/2020\/05\/ils-ont-marque\u0301-lhistoire-du-gp-de-monaco.jpg","datePublished":"2020-05-18T18:55:23+00:00","dateModified":"2020-05-19T09:32:19+00:00","description":"Mentre il 78\u00b0 Gran Premio di Monaco avrebbe dovuto svolgersi dal 21 al 24 maggio sul leggendario circuito monegasco, diamo uno sguardo ai piloti che hanno","breadcrumb":{"@id":"https:\/\/www.monaco-tribune.com\/it\/2020\/05\/formula-1-quali-piloti-hanno-segnato-la-storia-del-gran-premio-di-monaco\/#breadcrumb"},"inLanguage":"it-IT","potentialAction":[{"@type":"ReadAction","target":["https:\/\/www.monaco-tribune.com\/it\/2020\/05\/formula-1-quali-piloti-hanno-segnato-la-storia-del-gran-premio-di-monaco\/"]}]},{"@type":"ImageObject","inLanguage":"it-IT","@id":"https:\/\/www.monaco-tribune.com\/it\/2020\/05\/formula-1-quali-piloti-hanno-segnato-la-storia-del-gran-premio-di-monaco\/#primaryimage","url":"https:\/\/www.monaco-tribune.com\/wp-content\/uploads\/2020\/05\/ils-ont-marque\u0301-lhistoire-du-gp-de-monaco.jpg","contentUrl":"https:\/\/www.monaco-tribune.com\/wp-content\/uploads\/2020\/05\/ils-ont-marque\u0301-lhistoire-du-gp-de-monaco.jpg","width":1920,"height":1200,"caption":"Formula 1: Quali piloti hanno segnato la storia del Gran Premio di Monaco?"},{"@type":"BreadcrumbList","@id":"https:\/\/www.monaco-tribune.com\/it\/2020\/05\/formula-1-quali-piloti-hanno-segnato-la-storia-del-gran-premio-di-monaco\/#breadcrumb","itemListElement":[{"@type":"ListItem","position":1,"name":"Accueil","item":"https:\/\/www.monaco-tribune.com\/it\/"},{"@type":"ListItem","position":2,"name":"Formula 1: Quali piloti hanno segnato la storia del Gran Premio di Monaco?"}]},{"@type":"WebSite","@id":"https:\/\/www.monaco-tribune.com\/it\/#website","url":"https:\/\/www.monaco-tribune.com\/it\/","name":"Monaco Tribune","description":"Monaco : actualit\u00e9s \u00e9conomiques, politiques, culturelles et sportives de Monaco et de la French Riviera.","publisher":{"@id":"https:\/\/www.monaco-tribune.com\/it\/#organization"},"potentialAction":[{"@type":"SearchAction","target":{"@type":"EntryPoint","urlTemplate":"https:\/\/www.monaco-tribune.com\/it\/?s={search_term_string}"},"query-input":{"@type":"PropertyValueSpecification","valueRequired":true,"valueName":"search_term_string"}}],"inLanguage":"it-IT"},{"@type":"Organization","@id":"https:\/\/www.monaco-tribune.com\/it\/#organization","name":"Monaco Tribune","url":"https:\/\/www.monaco-tribune.com\/it\/","logo":{"@type":"ImageObject","inLanguage":"it-IT","@id":"https:\/\/www.monaco-tribune.com\/it\/#\/schema\/logo\/image\/","url":"https:\/\/www.monaco-tribune.com\/wp-content\/uploads\/2022\/11\/logo-monaco-tribune.png","contentUrl":"https:\/\/www.monaco-tribune.com\/wp-content\/uploads\/2022\/11\/logo-monaco-tribune.png","width":1548,"height":600,"caption":"Monaco Tribune"},"image":{"@id":"https:\/\/www.monaco-tribune.com\/it\/#\/schema\/logo\/image\/"},"sameAs":["https:\/\/www.facebook.com\/MonacoTribune","https:\/\/x.com\/MonacoTribune","https:\/\/www.instagram.com\/monacotribune\/","https:\/\/www.linkedin.com\/company\/monaco-tribune","https:\/\/www.youtube.com\/channel\/UCHle1MnG6hw1y4lWKijVbMA"]},{"@type":"Person","@id":"https:\/\/www.monaco-tribune.com\/it\/#\/schema\/person\/330a3732947cf8cb41b2533a0eadd62e","name":"Romain Boisaubert","image":{"@type":"ImageObject","inLanguage":"it-IT","@id":"https:\/\/secure.gravatar.com\/avatar\/f8b90d41f1eabd1cbe4cf59e09d8db41a697d51919bf2dfe727589a24a4a4d54?s=96&d=mm&r=g","url":"https:\/\/secure.gravatar.com\/avatar\/f8b90d41f1eabd1cbe4cf59e09d8db41a697d51919bf2dfe727589a24a4a4d54?s=96&d=mm&r=g","contentUrl":"https:\/\/secure.gravatar.com\/avatar\/f8b90d41f1eabd1cbe4cf59e09d8db41a697d51919bf2dfe727589a24a4a4d54?s=96&d=mm&r=g","caption":"Romain Boisaubert"},"description":"Test bio","url":"https:\/\/www.monaco-tribune.com\/it\/author\/romain-boisaubert\/"}]}},"_links":{"self":[{"href":"https:\/\/www.monaco-tribune.com\/it\/wp-json\/wp\/v2\/posts\/27965","targetHints":{"allow":["GET"]}}],"collection":[{"href":"https:\/\/www.monaco-tribune.com\/it\/wp-json\/wp\/v2\/posts"}],"about":[{"href":"https:\/\/www.monaco-tribune.com\/it\/wp-json\/wp\/v2\/types\/post"}],"author":[{"embeddable":true,"href":"https:\/\/www.monaco-tribune.com\/it\/wp-json\/wp\/v2\/users\/24"}],"replies":[{"embeddable":true,"href":"https:\/\/www.monaco-tribune.com\/it\/wp-json\/wp\/v2\/comments?post=27965"}],"version-history":[{"count":0,"href":"https:\/\/www.monaco-tribune.com\/it\/wp-json\/wp\/v2\/posts\/27965\/revisions"}],"wp:featuredmedia":[{"embeddable":true,"href":"https:\/\/www.monaco-tribune.com\/it\/wp-json\/wp\/v2\/media\/27654"}],"wp:attachment":[{"href":"https:\/\/www.monaco-tribune.com\/it\/wp-json\/wp\/v2\/media?parent=27965"}],"wp:term":[{"taxonomy":"category","embeddable":true,"href":"https:\/\/www.monaco-tribune.com\/it\/wp-json\/wp\/v2\/categories?post=27965"},{"taxonomy":"post_tag","embeddable":true,"href":"https:\/\/www.monaco-tribune.com\/it\/wp-json\/wp\/v2\/tags?post=27965"},{"taxonomy":"sectag","embeddable":true,"href":"https:\/\/www.monaco-tribune.com\/it\/wp-json\/wp\/v2\/post_sectags?post=27965"},{"taxonomy":"format","embeddable":true,"href":"https:\/\/www.monaco-tribune.com\/it\/wp-json\/wp\/v2\/post_format?post=27965"}],"curies":[{"name":"wp","href":"https:\/\/api.w.org\/{rel}","templated":true}]}}