{"id":280211,"date":"2025-03-04T15:32:21","date_gmt":"2025-03-04T13:32:21","guid":{"rendered":"https:\/\/www.monaco-tribune.com\/2025\/03\/marzo-a-monaco-spettacoli-mostre-e-attivita-da-non-perdere\/"},"modified":"2025-03-05T15:10:02","modified_gmt":"2025-03-05T13:10:02","slug":"marzo-a-monaco-spettacoli-mostre-e-attivita-da-non-perdere","status":"publish","type":"post","link":"https:\/\/www.monaco-tribune.com\/it\/2025\/03\/marzo-a-monaco-spettacoli-mostre-e-attivita-da-non-perdere\/","title":{"rendered":"Marzo a Monaco: spettacoli, mostre e attivit\u00e0 da non perdere"},"content":{"rendered":"\n<p><strong>Le belle giornate cominciano a fare ritorno sulla Costa Azzurra e con loro anche tanti eventi interessanti. Cosa prevede marzo? Risate, cultura e derby!<\/strong><\/p>\n\n<p>Tra spettacoli, mostre e grandi incontri sportivi, il Principato promette un mese di marzo vivace Scoprite la nostra selezione di eventi per godervi appieno l&#8217;inizio della primavera a Monaco e dintorni.<\/p>\n\n<h2 class=\"wp-block-heading\" id=\"h-a-ne-pas-manquer\"><strong>Da non perdere<\/strong><\/h2>\n\n<p>Nel Principato, il mese di marzo \u00e8 caratterizzato dalla manifestazione Printemps des Arts. Concerti, proiezioni e orchestre riempiranno gli spazi culturali di Monaco e sono gratuiti per i minori di 25 anni!<\/p>\n\n<p class=\"related\"><a href=\"https:\/\/www.monaco-tribune.com\/it\/2025\/02\/perche-monaco-non-partecipa-alleurovision-2025\/\">Perch\u00e9 Monaco non partecipa all\u2019Eurovision 2025?<\/a><\/p>\n\n<p>La rassegna <em>Les S\u00e9rinissimes de l\u2019Humour<\/em> vi d\u00e0 appuntamento al Grimaldi Forum! Dal <strong>12 al 15 marzo<\/strong>, Philippe Lelouche, Michel Boujenah e Bun Hay Mean vi aspettano trascorrere serate di risate e allegria.<\/p>\n\n<p>Ricordiamo anche il Comedy Clud des S\u00e9r\u00e9nissimes, una serata di stand-up comedy esplosiva con giovani talenti promettenti, che si terr\u00e0 il <strong>14 marzo<\/strong>. <a href=\"https:\/\/www.grimaldiforum.com\/fr\/agenda-manifestations-monaco\/les-serenissimes-de-l-humour-le-comedy-des-serenissimes\">La biglietteria \u00e8 gi\u00e0 aperta!<\/a><\/p>\n\n<h2 class=\"wp-block-heading\" id=\"h-pour-les-enfants\"><strong>Per i bambini<\/strong><\/h2>\n\n<p>Il Museo dell&#8217;Illusione ha appena aperto a Nizza! <a href=\"https:\/\/www.monaco-tribune.com\/it\/2025\/02\/provato-per-voi-illusion-nice-un-museo-interattivo-e-divertente\/\">L&#8217;abbiamo provato per voi<\/a> e l&#8217;esperienza \u00e8 stata piuttosto&#8230; sconvolgente. Il luogo perfetto per intrattenere grandi e piccini.<\/p>\n<div class=\"wp-block-image\">\n<figure class=\"aligncenter size-large\"><img loading=\"lazy\" decoding=\"async\" width=\"1024\" height=\"683\" src=\"https:\/\/www.monaco-tribune.com\/wp-content\/uploads\/2025\/03\/musee-de-l-illusion-1024x683.jpg\" alt=\"Eventi Monaco Marzo 2025\" class=\"wp-image-280080\" srcset=\"https:\/\/www.monaco-tribune.com\/wp-content\/uploads\/2025\/03\/musee-de-l-illusion-1024x683.jpg 1024w, https:\/\/www.monaco-tribune.com\/wp-content\/uploads\/2025\/03\/musee-de-l-illusion-450x300.jpg 450w, https:\/\/www.monaco-tribune.com\/wp-content\/uploads\/2025\/03\/musee-de-l-illusion.jpg 1200w\" sizes=\"auto, (max-width: 1024px) 100vw, 1024px\" \/><figcaption class=\"wp-element-caption\"><em>Scoprite la stanza sottosopra \u00a9 Monaco Tribune<\/em><\/figcaption><\/figure>\n<\/div>\n<p>Il 29 marzo, il Museo Oceanografico di Monaco inaugura la sua nuova esposizione &#8220;<a href=\"https:\/\/www.monaco-tribune.com\/2025\/02\/mediterranee-2050-une-exposition-immersive-au-coeur-de-ce-joyau-menace\/\">M\u00c9DITERRAN\u00c9E 2050<\/a>&#8220;. Una mostra immersiva, concepita per svegliare le coscienze e spingere all&#8217;azione, che accompagna grandi e piccini in un&#8217;odissea spazio-temporale attraverso il Mediterraneo.<\/p>\n\n<h2 class=\"wp-block-heading\" id=\"h-a-tester\">.<\/h2>\n\n<p>.<\/p>\n\n<p class=\"related\">.<\/p>\n\n<h2 class=\"wp-block-heading\" id=\"h-insolite\"><strong>Un&#8217;esperienza insolita<\/strong><\/h2>\n\n<p>Il Casin\u00f2 Caf\u00e9 de Paris verr\u00e0 investito da una ventata irlandese. Per festeggiare il giorno di San Patrizio, <strong>dal 14 al 17 marzo<\/strong>\u00a0propone una ruota della fortuna vincente al 100%! Sono previsti diversi eventi con DJ e anche una distribuzione di monete di cioccolato da un calderone magico!<\/p>\n\n<h2 class=\"wp-block-heading\" id=\"h-sports\">Sport<\/h2>\n\n<p>Sul versante sport, il rugby sar\u00e0 il protagonista. Il <strong>15 marzo<\/strong>, al <a href=\"https:\/\/www.mairie.mc\/actualite\/retransmission-du-tournoi-des-6-nations-au-marche-de-la-condamine-le-samedi-15-mars-2025-de-14h30-a-23h30\">Mercato della Condamine<\/a> sar\u00e0 allestito uno schermo gigante che trasmetter\u00e0 per tutto il giorno il torneo Six Nations!<\/p>\n<div class=\"wp-block-image\">\n<figure class=\"aligncenter size-large\"><img decoding=\"async\" src=\"https:\/\/www.monaco-tribune.com\/wp-content\/uploads\/2025\/03\/affiche-vi-nations-724x1024.jpeg\" alt=\"Eventi Monaco Marzo 2025\" class=\"wp-image-280076\"\/><figcaption class=\"wp-element-caption\"><em>L&#8217;evento \u00e8 organizzato dal Comune di Monaco in collaborazione con la sezione rugby dell&#8217;Association Sportive de Monaco \u00a9 Comune di Monaco<\/em><\/figcaption><\/figure>\n<\/div>\n<p>Per quanto riguarda il basket, l&#8217;<strong>8 marzo<\/strong>, in occasione della Giornata internazionale dei diritti delle donne, le ragazze della Monaco Basket Association giocheranno un match di gala nello splendido palazzetto Gaston-M\u00e9decin: una partita decisiva dal punto di vista sportivo ma anche un evento dai forti risvolti sociali.<\/p>\n\n<p class=\"related\"><a href=\"https:\/\/www.monaco-tribune.com\/it\/2024\/11\/aleksej-fedoricsev-lanima-dellas-monaco-basket\/\">Aleksej Fedoricsev: l\u2019anima dell\u2019AS Monaco Basket<\/a><\/p>\n\n<p>Per il Roca Team maschile, e sempre al Gaston-M\u00e9decin, il <strong>9 e il 22 marzo<\/strong> si svolgeranno due partite decisive del Betclic Elite contro il Paris Basket e l&#8217;ASVEL. In Eurolega, i Roca Boys ospiteranno i turchi del Fenerbahce il <strong>20 marzo<\/strong>.<\/p>\n<div class=\"wp-block-image\">\n<figure class=\"aligncenter size-large\"><img loading=\"lazy\" decoding=\"async\" width=\"1024\" height=\"576\" src=\"https:\/\/www.monaco-tribune.com\/wp-content\/uploads\/2024\/10\/ligue-1-la-serie-dinvincibilite-sarrete-pour-las-monaco-a-nice-1024x576.jpg\" alt=\"\" class=\"wp-image-256941\" srcset=\"https:\/\/www.monaco-tribune.com\/wp-content\/uploads\/2024\/10\/ligue-1-la-serie-dinvincibilite-sarrete-pour-las-monaco-a-nice-1024x576.jpg 1024w, https:\/\/www.monaco-tribune.com\/wp-content\/uploads\/2024\/10\/ligue-1-la-serie-dinvincibilite-sarrete-pour-las-monaco-a-nice-533x300.jpg 533w, https:\/\/www.monaco-tribune.com\/wp-content\/uploads\/2024\/10\/ligue-1-la-serie-dinvincibilite-sarrete-pour-las-monaco-a-nice.jpg 1200w\" sizes=\"auto, (max-width: 1024px) 100vw, 1024px\" \/><figcaption class=\"wp-element-caption\"><em>Nella partita di andata, il Nizza ha inflitto la prima sconfitta della stagione all&#8217;AS Monaco \u00a9 AS Monaco<\/em><\/figcaption><\/figure>\n<\/div>\n<h2 class=\"wp-block-heading\" id=\"h-decouverte-du-mois\"><strong>Scoperta del mese<\/strong><\/h2>\n\n<p>Un comedy club dal sapore belga! Lo <a href=\"https:\/\/www.marriott.com\/en-us\/hotels\/mcmmd-le-meridien-beach-plaza\/dining\/\">SMAKELIJK! Comedy Club<\/a> al M\u00e9ridien Beach Plaza ospiter\u00e0 3 comici considerati veri punti di riferimento della comicit\u00e0 belga di domani.<\/p>\n<div class=\"wp-block-image\">\n<figure class=\"aligncenter size-large\"><img loading=\"lazy\" decoding=\"async\" width=\"1024\" height=\"576\" src=\"https:\/\/www.monaco-tribune.com\/wp-content\/uploads\/2025\/03\/cedou_3-1024x576.jpg\" alt=\"Eventi Monaco Marzo 2025\" class=\"wp-image-280133\" srcset=\"https:\/\/www.monaco-tribune.com\/wp-content\/uploads\/2025\/03\/cedou_3-1024x576.jpg 1024w, https:\/\/www.monaco-tribune.com\/wp-content\/uploads\/2025\/03\/cedou_3-533x300.jpg 533w\" sizes=\"auto, (max-width: 1024px) 100vw, 1024px\" \/><figcaption class=\"wp-element-caption\"><em>Sarah L\u00e9l\u00e9, Pierre-Emmanuel alias P.E. e Sacha Ferra saranno nel Principato il weekend del 7-8 marzo \u00a9 SMAKELIJK! COMEDY CLUB<\/em><\/figcaption><\/figure>\n<\/div>\n<h2 class=\"wp-block-heading\" id=\"h-pratique\"><strong>Da sapere<\/strong><\/h2>\n\n<p>I preparativi per il Gran Premio sono in pieno svolgimento. Dopo i lavori di manutenzione del circuito a febbraio, \u00e8 il turno del montaggio di tribune e infrastrutture a partire da <strong>luned\u00ec 3 marzo<\/strong>. Il Principato si trasforma ogni giorno di pi\u00f9 per accogliere la gara a maggio.<\/p>\n\n<p>Il Governo di Monaco vi porta alla <a href=\"https:\/\/www.facebook.com\/MonacoTribune\/posts\/pfbid0KdAzECngne68Lna2FBc3PA8H8DZ4BCYMB9Mn95rc1JKsRSxGAAMHX3kQQLkEh4kEl?__cft__[0]=AZWAXiNcK_4MyoDMcudtmYCCziwWwlNw9hZ9qP30NY-XitpNSsr96mwnIJLNEU6RNhCE2B4YuP5Jjm9PoTa1gtUjVU8Rb3VsXCy1Il8gvfyOOPxhcwxfTUlX8xAuMqi0_IkiKGE7oi85i0WEd58uuafA3MAmxvhrMGUSbKUW5xG5YM6sC4By3n4Fej6C9mcM96I&amp;__tn__=%2CO%2CP-R\">scoperta di Mareterra<\/a>. Partecipate a un tour a piedi guidato per scoprire i retroscena del nuovo quartiere sostenibile di Monaco.<\/p>\n<div class=\"wp-block-image\">\n<figure class=\"aligncenter size-large\"><img loading=\"lazy\" decoding=\"async\" width=\"1024\" height=\"684\" src=\"https:\/\/www.monaco-tribune.com\/wp-content\/uploads\/2025\/02\/mareterra-1024x684.jpg\" alt=\"Mareterra Monaco\" class=\"wp-image-279302\" srcset=\"https:\/\/www.monaco-tribune.com\/wp-content\/uploads\/2025\/02\/mareterra-1024x684.jpg 1024w, https:\/\/www.monaco-tribune.com\/wp-content\/uploads\/2025\/02\/mareterra-449x300.jpg 449w, https:\/\/www.monaco-tribune.com\/wp-content\/uploads\/2025\/02\/mareterra.jpg 1616w\" sizes=\"auto, (max-width: 1024px) 100vw, 1024px\" \/><figcaption class=\"wp-element-caption\"><em>Il nuovo ecoquartiere Mareterra \u00e8 diventato una delle attrazioni del Principato e il Governo ha organizzato una visita guidata gratuita \u00a9 Monaco Tribune<\/em><\/figcaption><\/figure>\n<\/div>\n<p>Un&#8217;occasione per discutere dei metodi di lavoro, delle sfide affrontate e dei dietro le quinte di questo entusiasmante progetto. Appuntamento alle 14:00 in Place Princesse Gabriella, davanti all&#8217;opera &#8220;Quatre Lances&#8221;, mercoled\u00ec <strong>5, 12 e 19 marzo.<\/strong><\/p>\n\n<p>\u00a0<\/p>\n\n<p>\u00a0<\/p>\n","protected":false},"excerpt":{"rendered":"<p>Le belle giornate cominciano a fare ritorno sulla Costa Azzurra e con loro anche tanti eventi interessanti. Cosa prevede marzo? [&hellip;]<\/p>\n","protected":false},"author":81,"featured_media":280073,"comment_status":"closed","ping_status":"closed","sticky":false,"template":"","format":"standard","meta":{"_acf_changed":false,"footnotes":""},"categories":[1740,1826,1738],"tags":[2890],"post_sectags":[],"post_format":[2471],"class_list":["post-280211","post","type-post","status-publish","format-standard","has-post-thumbnail","hentry","category-cosa-fare","category-la-nostra-scelta","category-notizie","tag-eventi","format-evento"],"acf":[],"yoast_head":"<!-- This site is optimized with the Yoast SEO Premium plugin v26.8 (Yoast SEO v27.4) - https:\/\/yoast.com\/product\/yoast-seo-premium-wordpress\/ -->\n<title>Marzo a Monaco: spettacoli, mostre e attivit\u00e0 da non perdere<\/title>\n<meta name=\"description\" content=\"Le belle giornate cominciano a fare ritorno sulla Costa Azzurra e con loro anche tanti eventi interessanti. Cosa prevede marzo? Risate, cultura e derby!\" \/>\n<meta name=\"robots\" content=\"index, follow, max-snippet:-1, max-image-preview:large, max-video-preview:-1\" \/>\n<link rel=\"canonical\" href=\"https:\/\/www.monaco-tribune.com\/it\/2025\/03\/marzo-a-monaco-spettacoli-mostre-e-attivita-da-non-perdere\/\" \/>\n<meta property=\"og:locale\" content=\"it_IT\" \/>\n<meta property=\"og:type\" content=\"article\" \/>\n<meta property=\"og:title\" content=\"Marzo a Monaco: spettacoli, mostre e attivit\u00e0 da non perdere - Monaco Tribune\" \/>\n<meta property=\"og:description\" content=\"Le belle giornate cominciano a fare ritorno sulla Costa Azzurra e con loro anche tanti eventi interessanti. Cosa prevede marzo? Risate, cultura e derby!\" \/>\n<meta property=\"og:url\" content=\"https:\/\/www.monaco-tribune.com\/it\/2025\/03\/marzo-a-monaco-spettacoli-mostre-e-attivita-da-non-perdere\/\" \/>\n<meta property=\"og:site_name\" content=\"Monaco Tribune\" \/>\n<meta property=\"article:publisher\" content=\"https:\/\/www.facebook.com\/MonacoTribune\" \/>\n<meta property=\"article:published_time\" content=\"2025-03-04T13:32:21+00:00\" \/>\n<meta property=\"article:modified_time\" content=\"2025-03-05T13:10:02+00:00\" \/>\n<meta property=\"og:image\" content=\"https:\/\/www.monaco-tribune.com\/wp-content\/uploads\/2025\/03\/480320980_989001813327958_1014815129680314616_n.jpg\" \/>\n\t<meta property=\"og:image:width\" content=\"1920\" \/>\n\t<meta property=\"og:image:height\" content=\"1080\" \/>\n\t<meta property=\"og:image:type\" content=\"image\/jpeg\" \/>\n<meta name=\"author\" content=\"Lo\u00efc Savaresse\" \/>\n<meta name=\"twitter:card\" content=\"summary_large_image\" \/>\n<meta name=\"twitter:creator\" content=\"@MonacoTribune\" \/>\n<meta name=\"twitter:site\" content=\"@MonacoTribune\" \/>\n<script type=\"application\/ld+json\" class=\"yoast-schema-graph\">{\"@context\":\"https:\\\/\\\/schema.org\",\"@graph\":[{\"@type\":\"NewsArticle\",\"@id\":\"https:\\\/\\\/www.monaco-tribune.com\\\/it\\\/2025\\\/03\\\/marzo-a-monaco-spettacoli-mostre-e-attivita-da-non-perdere\\\/#article\",\"isPartOf\":{\"@id\":\"https:\\\/\\\/www.monaco-tribune.com\\\/it\\\/2025\\\/03\\\/marzo-a-monaco-spettacoli-mostre-e-attivita-da-non-perdere\\\/\"},\"author\":{\"name\":\"Lo\u00efc Savaresse\",\"@id\":\"https:\\\/\\\/www.monaco-tribune.com\\\/it\\\/#\\\/schema\\\/person\\\/038be413d70c68969e8c6013f2520a39\"},\"headline\":\"Marzo a Monaco: spettacoli, mostre e attivit\u00e0 da non perdere\",\"datePublished\":\"2025-03-04T13:32:21+00:00\",\"dateModified\":\"2025-03-05T13:10:02+00:00\",\"mainEntityOfPage\":{\"@id\":\"https:\\\/\\\/www.monaco-tribune.com\\\/it\\\/2025\\\/03\\\/marzo-a-monaco-spettacoli-mostre-e-attivita-da-non-perdere\\\/\"},\"wordCount\":638,\"publisher\":{\"@id\":\"https:\\\/\\\/www.monaco-tribune.com\\\/it\\\/#organization\"},\"image\":{\"@id\":\"https:\\\/\\\/www.monaco-tribune.com\\\/it\\\/2025\\\/03\\\/marzo-a-monaco-spettacoli-mostre-e-attivita-da-non-perdere\\\/#primaryimage\"},\"thumbnailUrl\":\"https:\\\/\\\/www.monaco-tribune.com\\\/wp-content\\\/uploads\\\/2025\\\/03\\\/480320980_989001813327958_1014815129680314616_n.jpg\",\"keywords\":[\"Eventi\"],\"articleSection\":[\"Cosa fare\",\"La nostra scelta\",\"Notizie\"],\"inLanguage\":\"it-IT\",\"copyrightYear\":\"2025\",\"copyrightHolder\":{\"@id\":\"https:\\\/\\\/www.monaco-tribune.com\\\/#organization\"}},{\"@type\":\"WebPage\",\"@id\":\"https:\\\/\\\/www.monaco-tribune.com\\\/it\\\/2025\\\/03\\\/marzo-a-monaco-spettacoli-mostre-e-attivita-da-non-perdere\\\/\",\"url\":\"https:\\\/\\\/www.monaco-tribune.com\\\/it\\\/2025\\\/03\\\/marzo-a-monaco-spettacoli-mostre-e-attivita-da-non-perdere\\\/\",\"name\":\"Marzo a Monaco: spettacoli, mostre e attivit\u00e0 da non perdere\",\"isPartOf\":{\"@id\":\"https:\\\/\\\/www.monaco-tribune.com\\\/it\\\/#website\"},\"primaryImageOfPage\":{\"@id\":\"https:\\\/\\\/www.monaco-tribune.com\\\/it\\\/2025\\\/03\\\/marzo-a-monaco-spettacoli-mostre-e-attivita-da-non-perdere\\\/#primaryimage\"},\"image\":{\"@id\":\"https:\\\/\\\/www.monaco-tribune.com\\\/it\\\/2025\\\/03\\\/marzo-a-monaco-spettacoli-mostre-e-attivita-da-non-perdere\\\/#primaryimage\"},\"thumbnailUrl\":\"https:\\\/\\\/www.monaco-tribune.com\\\/wp-content\\\/uploads\\\/2025\\\/03\\\/480320980_989001813327958_1014815129680314616_n.jpg\",\"datePublished\":\"2025-03-04T13:32:21+00:00\",\"dateModified\":\"2025-03-05T13:10:02+00:00\",\"description\":\"Le belle giornate cominciano a fare ritorno sulla Costa Azzurra e con loro anche tanti eventi interessanti. Cosa prevede marzo? Risate, cultura e derby!\",\"breadcrumb\":{\"@id\":\"https:\\\/\\\/www.monaco-tribune.com\\\/it\\\/2025\\\/03\\\/marzo-a-monaco-spettacoli-mostre-e-attivita-da-non-perdere\\\/#breadcrumb\"},\"inLanguage\":\"it-IT\",\"potentialAction\":[{\"@type\":\"ReadAction\",\"target\":[\"https:\\\/\\\/www.monaco-tribune.com\\\/it\\\/2025\\\/03\\\/marzo-a-monaco-spettacoli-mostre-e-attivita-da-non-perdere\\\/\"]}]},{\"@type\":\"ImageObject\",\"inLanguage\":\"it-IT\",\"@id\":\"https:\\\/\\\/www.monaco-tribune.com\\\/it\\\/2025\\\/03\\\/marzo-a-monaco-spettacoli-mostre-e-attivita-da-non-perdere\\\/#primaryimage\",\"url\":\"https:\\\/\\\/www.monaco-tribune.com\\\/wp-content\\\/uploads\\\/2025\\\/03\\\/480320980_989001813327958_1014815129680314616_n.jpg\",\"contentUrl\":\"https:\\\/\\\/www.monaco-tribune.com\\\/wp-content\\\/uploads\\\/2025\\\/03\\\/480320980_989001813327958_1014815129680314616_n.jpg\",\"width\":1920,\"height\":1080,\"caption\":\"La mostra ha aperto al pubblico il 29 marzo, data in cui il museo fu inaugurato nel 1910 dal Principe Alberto I \u00a9 Museo Oceanografico di Monaco\"},{\"@type\":\"BreadcrumbList\",\"@id\":\"https:\\\/\\\/www.monaco-tribune.com\\\/it\\\/2025\\\/03\\\/marzo-a-monaco-spettacoli-mostre-e-attivita-da-non-perdere\\\/#breadcrumb\",\"itemListElement\":[{\"@type\":\"ListItem\",\"position\":1,\"name\":\"Accueil\",\"item\":\"https:\\\/\\\/www.monaco-tribune.com\\\/it\\\/\"},{\"@type\":\"ListItem\",\"position\":2,\"name\":\"Marzo a Monaco: spettacoli, mostre e attivit\u00e0 da non perdere\"}]},{\"@type\":\"WebSite\",\"@id\":\"https:\\\/\\\/www.monaco-tribune.com\\\/it\\\/#website\",\"url\":\"https:\\\/\\\/www.monaco-tribune.com\\\/it\\\/\",\"name\":\"Monaco Tribune\",\"description\":\"Monaco : actualit\u00e9s \u00e9conomiques, politiques, culturelles et sportives de Monaco et de la French Riviera.\",\"publisher\":{\"@id\":\"https:\\\/\\\/www.monaco-tribune.com\\\/it\\\/#organization\"},\"potentialAction\":[{\"@type\":\"SearchAction\",\"target\":{\"@type\":\"EntryPoint\",\"urlTemplate\":\"https:\\\/\\\/www.monaco-tribune.com\\\/it\\\/?s={search_term_string}\"},\"query-input\":{\"@type\":\"PropertyValueSpecification\",\"valueRequired\":true,\"valueName\":\"search_term_string\"}}],\"inLanguage\":\"it-IT\"},{\"@type\":\"Organization\",\"@id\":\"https:\\\/\\\/www.monaco-tribune.com\\\/it\\\/#organization\",\"name\":\"Monaco Tribune\",\"url\":\"https:\\\/\\\/www.monaco-tribune.com\\\/it\\\/\",\"logo\":{\"@type\":\"ImageObject\",\"inLanguage\":\"it-IT\",\"@id\":\"https:\\\/\\\/www.monaco-tribune.com\\\/it\\\/#\\\/schema\\\/logo\\\/image\\\/\",\"url\":\"https:\\\/\\\/www.monaco-tribune.com\\\/wp-content\\\/uploads\\\/2022\\\/11\\\/logo-monaco-tribune.png\",\"contentUrl\":\"https:\\\/\\\/www.monaco-tribune.com\\\/wp-content\\\/uploads\\\/2022\\\/11\\\/logo-monaco-tribune.png\",\"width\":1548,\"height\":600,\"caption\":\"Monaco Tribune\"},\"image\":{\"@id\":\"https:\\\/\\\/www.monaco-tribune.com\\\/it\\\/#\\\/schema\\\/logo\\\/image\\\/\"},\"sameAs\":[\"https:\\\/\\\/www.facebook.com\\\/MonacoTribune\",\"https:\\\/\\\/x.com\\\/MonacoTribune\",\"https:\\\/\\\/www.instagram.com\\\/monacotribune\\\/\",\"https:\\\/\\\/www.linkedin.com\\\/company\\\/monaco-tribune\",\"https:\\\/\\\/www.youtube.com\\\/channel\\\/UCHle1MnG6hw1y4lWKijVbMA\"]},{\"@type\":\"Person\",\"@id\":\"https:\\\/\\\/www.monaco-tribune.com\\\/it\\\/#\\\/schema\\\/person\\\/038be413d70c68969e8c6013f2520a39\",\"name\":\"Lo\u00efc Savaresse\",\"image\":{\"@type\":\"ImageObject\",\"inLanguage\":\"it-IT\",\"@id\":\"https:\\\/\\\/secure.gravatar.com\\\/avatar\\\/f6455af3179531c6fa982f7fbf5b31fba068c938a5ce7786e5fb7d84a2393df0?s=96&d=mm&r=g\",\"url\":\"https:\\\/\\\/secure.gravatar.com\\\/avatar\\\/f6455af3179531c6fa982f7fbf5b31fba068c938a5ce7786e5fb7d84a2393df0?s=96&d=mm&r=g\",\"contentUrl\":\"https:\\\/\\\/secure.gravatar.com\\\/avatar\\\/f6455af3179531c6fa982f7fbf5b31fba068c938a5ce7786e5fb7d84a2393df0?s=96&d=mm&r=g\",\"caption\":\"Lo\u00efc Savaresse\"},\"url\":\"https:\\\/\\\/www.monaco-tribune.com\\\/it\\\/author\\\/loicsavaresse\\\/\"}]}<\/script>\n<!-- \/ Yoast SEO Premium plugin. -->","yoast_head_json":{"title":"Marzo a Monaco: spettacoli, mostre e attivit\u00e0 da non perdere","description":"Le belle giornate cominciano a fare ritorno sulla Costa Azzurra e con loro anche tanti eventi interessanti. Cosa prevede marzo? Risate, cultura e derby!","robots":{"index":"index","follow":"follow","max-snippet":"max-snippet:-1","max-image-preview":"max-image-preview:large","max-video-preview":"max-video-preview:-1"},"canonical":"https:\/\/www.monaco-tribune.com\/it\/2025\/03\/marzo-a-monaco-spettacoli-mostre-e-attivita-da-non-perdere\/","og_locale":"it_IT","og_type":"article","og_title":"Marzo a Monaco: spettacoli, mostre e attivit\u00e0 da non perdere - Monaco Tribune","og_description":"Le belle giornate cominciano a fare ritorno sulla Costa Azzurra e con loro anche tanti eventi interessanti. Cosa prevede marzo? Risate, cultura e derby!","og_url":"https:\/\/www.monaco-tribune.com\/it\/2025\/03\/marzo-a-monaco-spettacoli-mostre-e-attivita-da-non-perdere\/","og_site_name":"Monaco Tribune","article_publisher":"https:\/\/www.facebook.com\/MonacoTribune","article_published_time":"2025-03-04T13:32:21+00:00","article_modified_time":"2025-03-05T13:10:02+00:00","og_image":[{"width":1920,"height":1080,"url":"https:\/\/www.monaco-tribune.com\/wp-content\/uploads\/2025\/03\/480320980_989001813327958_1014815129680314616_n.jpg","type":"image\/jpeg"}],"author":"Lo\u00efc Savaresse","twitter_card":"summary_large_image","twitter_creator":"@MonacoTribune","twitter_site":"@MonacoTribune","schema":{"@context":"https:\/\/schema.org","@graph":[{"@type":"NewsArticle","@id":"https:\/\/www.monaco-tribune.com\/it\/2025\/03\/marzo-a-monaco-spettacoli-mostre-e-attivita-da-non-perdere\/#article","isPartOf":{"@id":"https:\/\/www.monaco-tribune.com\/it\/2025\/03\/marzo-a-monaco-spettacoli-mostre-e-attivita-da-non-perdere\/"},"author":{"name":"Lo\u00efc Savaresse","@id":"https:\/\/www.monaco-tribune.com\/it\/#\/schema\/person\/038be413d70c68969e8c6013f2520a39"},"headline":"Marzo a Monaco: spettacoli, mostre e attivit\u00e0 da non perdere","datePublished":"2025-03-04T13:32:21+00:00","dateModified":"2025-03-05T13:10:02+00:00","mainEntityOfPage":{"@id":"https:\/\/www.monaco-tribune.com\/it\/2025\/03\/marzo-a-monaco-spettacoli-mostre-e-attivita-da-non-perdere\/"},"wordCount":638,"publisher":{"@id":"https:\/\/www.monaco-tribune.com\/it\/#organization"},"image":{"@id":"https:\/\/www.monaco-tribune.com\/it\/2025\/03\/marzo-a-monaco-spettacoli-mostre-e-attivita-da-non-perdere\/#primaryimage"},"thumbnailUrl":"https:\/\/www.monaco-tribune.com\/wp-content\/uploads\/2025\/03\/480320980_989001813327958_1014815129680314616_n.jpg","keywords":["Eventi"],"articleSection":["Cosa fare","La nostra scelta","Notizie"],"inLanguage":"it-IT","copyrightYear":"2025","copyrightHolder":{"@id":"https:\/\/www.monaco-tribune.com\/#organization"}},{"@type":"WebPage","@id":"https:\/\/www.monaco-tribune.com\/it\/2025\/03\/marzo-a-monaco-spettacoli-mostre-e-attivita-da-non-perdere\/","url":"https:\/\/www.monaco-tribune.com\/it\/2025\/03\/marzo-a-monaco-spettacoli-mostre-e-attivita-da-non-perdere\/","name":"Marzo a Monaco: spettacoli, mostre e attivit\u00e0 da non perdere","isPartOf":{"@id":"https:\/\/www.monaco-tribune.com\/it\/#website"},"primaryImageOfPage":{"@id":"https:\/\/www.monaco-tribune.com\/it\/2025\/03\/marzo-a-monaco-spettacoli-mostre-e-attivita-da-non-perdere\/#primaryimage"},"image":{"@id":"https:\/\/www.monaco-tribune.com\/it\/2025\/03\/marzo-a-monaco-spettacoli-mostre-e-attivita-da-non-perdere\/#primaryimage"},"thumbnailUrl":"https:\/\/www.monaco-tribune.com\/wp-content\/uploads\/2025\/03\/480320980_989001813327958_1014815129680314616_n.jpg","datePublished":"2025-03-04T13:32:21+00:00","dateModified":"2025-03-05T13:10:02+00:00","description":"Le belle giornate cominciano a fare ritorno sulla Costa Azzurra e con loro anche tanti eventi interessanti. Cosa prevede marzo? Risate, cultura e derby!","breadcrumb":{"@id":"https:\/\/www.monaco-tribune.com\/it\/2025\/03\/marzo-a-monaco-spettacoli-mostre-e-attivita-da-non-perdere\/#breadcrumb"},"inLanguage":"it-IT","potentialAction":[{"@type":"ReadAction","target":["https:\/\/www.monaco-tribune.com\/it\/2025\/03\/marzo-a-monaco-spettacoli-mostre-e-attivita-da-non-perdere\/"]}]},{"@type":"ImageObject","inLanguage":"it-IT","@id":"https:\/\/www.monaco-tribune.com\/it\/2025\/03\/marzo-a-monaco-spettacoli-mostre-e-attivita-da-non-perdere\/#primaryimage","url":"https:\/\/www.monaco-tribune.com\/wp-content\/uploads\/2025\/03\/480320980_989001813327958_1014815129680314616_n.jpg","contentUrl":"https:\/\/www.monaco-tribune.com\/wp-content\/uploads\/2025\/03\/480320980_989001813327958_1014815129680314616_n.jpg","width":1920,"height":1080,"caption":"La mostra ha aperto al pubblico il 29 marzo, data in cui il museo fu inaugurato nel 1910 dal Principe Alberto I \u00a9 Museo Oceanografico di Monaco"},{"@type":"BreadcrumbList","@id":"https:\/\/www.monaco-tribune.com\/it\/2025\/03\/marzo-a-monaco-spettacoli-mostre-e-attivita-da-non-perdere\/#breadcrumb","itemListElement":[{"@type":"ListItem","position":1,"name":"Accueil","item":"https:\/\/www.monaco-tribune.com\/it\/"},{"@type":"ListItem","position":2,"name":"Marzo a Monaco: spettacoli, mostre e attivit\u00e0 da non perdere"}]},{"@type":"WebSite","@id":"https:\/\/www.monaco-tribune.com\/it\/#website","url":"https:\/\/www.monaco-tribune.com\/it\/","name":"Monaco Tribune","description":"Monaco : actualit\u00e9s \u00e9conomiques, politiques, culturelles et sportives de Monaco et de la French Riviera.","publisher":{"@id":"https:\/\/www.monaco-tribune.com\/it\/#organization"},"potentialAction":[{"@type":"SearchAction","target":{"@type":"EntryPoint","urlTemplate":"https:\/\/www.monaco-tribune.com\/it\/?s={search_term_string}"},"query-input":{"@type":"PropertyValueSpecification","valueRequired":true,"valueName":"search_term_string"}}],"inLanguage":"it-IT"},{"@type":"Organization","@id":"https:\/\/www.monaco-tribune.com\/it\/#organization","name":"Monaco Tribune","url":"https:\/\/www.monaco-tribune.com\/it\/","logo":{"@type":"ImageObject","inLanguage":"it-IT","@id":"https:\/\/www.monaco-tribune.com\/it\/#\/schema\/logo\/image\/","url":"https:\/\/www.monaco-tribune.com\/wp-content\/uploads\/2022\/11\/logo-monaco-tribune.png","contentUrl":"https:\/\/www.monaco-tribune.com\/wp-content\/uploads\/2022\/11\/logo-monaco-tribune.png","width":1548,"height":600,"caption":"Monaco Tribune"},"image":{"@id":"https:\/\/www.monaco-tribune.com\/it\/#\/schema\/logo\/image\/"},"sameAs":["https:\/\/www.facebook.com\/MonacoTribune","https:\/\/x.com\/MonacoTribune","https:\/\/www.instagram.com\/monacotribune\/","https:\/\/www.linkedin.com\/company\/monaco-tribune","https:\/\/www.youtube.com\/channel\/UCHle1MnG6hw1y4lWKijVbMA"]},{"@type":"Person","@id":"https:\/\/www.monaco-tribune.com\/it\/#\/schema\/person\/038be413d70c68969e8c6013f2520a39","name":"Lo\u00efc Savaresse","image":{"@type":"ImageObject","inLanguage":"it-IT","@id":"https:\/\/secure.gravatar.com\/avatar\/f6455af3179531c6fa982f7fbf5b31fba068c938a5ce7786e5fb7d84a2393df0?s=96&d=mm&r=g","url":"https:\/\/secure.gravatar.com\/avatar\/f6455af3179531c6fa982f7fbf5b31fba068c938a5ce7786e5fb7d84a2393df0?s=96&d=mm&r=g","contentUrl":"https:\/\/secure.gravatar.com\/avatar\/f6455af3179531c6fa982f7fbf5b31fba068c938a5ce7786e5fb7d84a2393df0?s=96&d=mm&r=g","caption":"Lo\u00efc Savaresse"},"url":"https:\/\/www.monaco-tribune.com\/it\/author\/loicsavaresse\/"}]}},"_links":{"self":[{"href":"https:\/\/www.monaco-tribune.com\/it\/wp-json\/wp\/v2\/posts\/280211","targetHints":{"allow":["GET"]}}],"collection":[{"href":"https:\/\/www.monaco-tribune.com\/it\/wp-json\/wp\/v2\/posts"}],"about":[{"href":"https:\/\/www.monaco-tribune.com\/it\/wp-json\/wp\/v2\/types\/post"}],"author":[{"embeddable":true,"href":"https:\/\/www.monaco-tribune.com\/it\/wp-json\/wp\/v2\/users\/81"}],"replies":[{"embeddable":true,"href":"https:\/\/www.monaco-tribune.com\/it\/wp-json\/wp\/v2\/comments?post=280211"}],"version-history":[{"count":2,"href":"https:\/\/www.monaco-tribune.com\/it\/wp-json\/wp\/v2\/posts\/280211\/revisions"}],"predecessor-version":[{"id":280340,"href":"https:\/\/www.monaco-tribune.com\/it\/wp-json\/wp\/v2\/posts\/280211\/revisions\/280340"}],"wp:featuredmedia":[{"embeddable":true,"href":"https:\/\/www.monaco-tribune.com\/it\/wp-json\/wp\/v2\/media\/280073"}],"wp:attachment":[{"href":"https:\/\/www.monaco-tribune.com\/it\/wp-json\/wp\/v2\/media?parent=280211"}],"wp:term":[{"taxonomy":"category","embeddable":true,"href":"https:\/\/www.monaco-tribune.com\/it\/wp-json\/wp\/v2\/categories?post=280211"},{"taxonomy":"post_tag","embeddable":true,"href":"https:\/\/www.monaco-tribune.com\/it\/wp-json\/wp\/v2\/tags?post=280211"},{"taxonomy":"sectag","embeddable":true,"href":"https:\/\/www.monaco-tribune.com\/it\/wp-json\/wp\/v2\/post_sectags?post=280211"},{"taxonomy":"format","embeddable":true,"href":"https:\/\/www.monaco-tribune.com\/it\/wp-json\/wp\/v2\/post_format?post=280211"}],"curies":[{"name":"wp","href":"https:\/\/api.w.org\/{rel}","templated":true}]}}