{"id":280412,"date":"2025-03-05T19:42:50","date_gmt":"2025-03-05T17:42:50","guid":{"rendered":"https:\/\/www.monaco-tribune.com\/2025\/03\/un-concept-unico-al-mondo-che-e-lorgoglio-di-monaco-i-5-punti-chiave-della-ristrutturazione-della-ristrutturazione-del-mercato-della-condamine\/"},"modified":"2025-03-05T19:47:33","modified_gmt":"2025-03-05T17:47:33","slug":"un-concept-unico-al-mondo-che-e-lorgoglio-di-monaco-i-5-punti-chiave-della-ristrutturazione-del-mercato-della-condamine","status":"publish","type":"post","link":"https:\/\/www.monaco-tribune.com\/it\/2025\/03\/un-concept-unico-al-mondo-che-e-lorgoglio-di-monaco-i-5-punti-chiave-della-ristrutturazione-del-mercato-della-condamine\/","title":{"rendered":"&#8220;Un concept unico al mondo che \u00e8 l&#8217;orgoglio di Monaco&#8221;: i 5 punti chiave della ristrutturazione del Mercato della Condamine"},"content":{"rendered":"\n<p><strong>Cuore pulsante di Monaco, il Mercato della Condamine si prepara a un&#8217;importante trasformazione volta a modernizzare e a preservare l&#8217;anima di questo luogo unico. Frequentato da monegaschi, residenti e lavoratori, questo spazio emblematico sar\u00e0 oggetto di una tanto attesa ristrutturazione nel 2027.<\/strong><\/p>\n\n<p>\u00c8 \u201cil progetto di tutti\u201d. Durante la conferenza stampa tenutasi marted\u00ec 4 marzo presso il Comune di Monaco, Georges Marsan, accompagnato dai suoi vice e dai suoi collaboratori, ha presentato un importante progetto per la citt\u00e0: la ristrutturazione del Mercato della Condamine.<\/p>\n\n<p>\u201cIl mercato coperto non \u00e8 solo un luogo dove si viene a fare la spesa o a pranzare. \u00c8 un luogo d&#8217;incontro che riunisce tutte le classi sociali, un luogo di scambio e di condivisione. Semplice, popolare, adatto alle famiglie, un luogo dove le persone vanno spontaneamente a condividere momenti di vita. Sapete quanto il Mercato sia sempre stato un argomento importante per me. Mi impegner\u00f2 al massimo per realizzare il miglior progetto possibile per i monegaschi\u201d, ha dichiarato il Sindaco.<\/p>\n\n<figure class=\"wp-block-gallery has-nested-images columns-default is-cropped wp-block-gallery-1 is-layout-flex wp-block-gallery-is-layout-flex\"><div class=\"wp-block-image\">\n<figure class=\"aligncenter size-large\"><img loading=\"lazy\" decoding=\"async\" width=\"683\" height=\"456\" data-id=\"280361\" src=\"https:\/\/www.monaco-tribune.com\/wp-content\/uploads\/2025\/03\/conference-marche-4-2.jpg\" alt=\"\" class=\"wp-image-280361\" srcset=\"https:\/\/www.monaco-tribune.com\/wp-content\/uploads\/2025\/03\/conference-marche-4-2.jpg 683w, https:\/\/www.monaco-tribune.com\/wp-content\/uploads\/2025\/03\/conference-marche-4-2-449x300.jpg 449w\" sizes=\"auto, (max-width: 683px) 100vw, 683px\" \/><figcaption class=\"wp-element-caption\">\u00a9 Comune di Monaco<\/figcaption><\/figure>\n<\/div><\/figure>\n\n<p>L&#8217;obiettivo \u00e8 quindi quello di realizzare importanti lavori finalizzati all&#8217;adeguamento agli standard tecnici, di sicurezza ed estetici, senza demolire l&#8217;edificio esistente, ma anzi migliorandolo e reinventandolo preservandone l&#8217;anima. Questa ristrutturazione \u00e8 considerata il Progetto, con la p maiuscola, del mandato, con un budget stimato tra i 10 e i 12 milioni di euro, interamente autofinanziato dal Comune.<\/p>\n\n<p class=\"related\"><a href=\"https:\/\/www.monaco-tribune.com\/it\/2024\/10\/il-mercato-della-condamina-sara-ristrutturato-per-un-anno-a-partire-dal-2026\/\">Il mercato della Condamine sar\u00e0 ristrutturato per un anno a partire dal 2026<\/a><\/p>\n\n<h2 class=\"wp-block-heading\" id=\"h-1-une-consultation-populaire-pour-un-projet-sur-mesure\">1. Una consulenza popolare per un progetto su misura<\/h2>\n\n<p>Prima di iniziare i lavori, il Comune ha condotto un&#8217;ampia indagine tra gli utenti del mercato per comprendere meglio le loro aspettative ed esigenze. Un questionario di 17 domande \u00e8 stato distribuito direttamente sul posto ed era disponibile anche sull&#8217;applicazione <em>Your Monaco<\/em>.<\/p>\n\n<p>Sono state raccolte pi\u00f9 di 1.000 risposte e i risultati hanno rivelato aspettative ben precise, come l&#8217;aumento della capacit\u00e0 di accoglienza, un miglior comfort termico e acustico e il miglioramento dei servizi igienici. I partecipanti hanno espresso il desiderio che il mercato mantenga il suo spirito conviviale e familiare, pur integrando elementi moderni, con pi\u00f9 eventi e pi\u00f9 prodotti biologici e locali.<\/p>\n\n<p>Di fondamentale importanza \u00e8 stato anche includere il punto di vista dei negozianti per definire soluzioni concrete. Il progetto \u00e8 quindi il frutto della collaborazione tra il Comune, i residenti e i negozianti, con l&#8217;obiettivo di soddisfare le esigenze di tutta la popolazione.<\/p>\n\n<h2 class=\"wp-block-heading\" id=\"h-2-des-ameliorations-concretes-et-un-confort-accru\">2. Miglioramenti nella struttura e maggiore comfort<\/h2>\n\n<p>Una delle priorit\u00e0 del progetto \u00e8 migliorare il comfort termico e acustico del mercato coperto. Il tetto sar\u00e0 rinnovato per garantire una regolazione termica ottimale, assicurando temperature gradevoli tutto l&#8217;anno. Il sistema di ventilazione e riscaldamento sar\u00e0 modernizzato, gli odori di cottura saranno trattati per garantire un ambiente piacevole e la creazione di nuovi servizi igienici separati, adatti alle PMR, migliorer\u00e0 l&#8217;esperienza dei visitatori.<\/p>\n\n<p>La capacit\u00e0 di accoglienza sar\u00e0 notevolmente aumentata grazie alla creazione di due soppalchi e alla rimozione delle isole centrali, che miglioreranno la circolazione. In totale, il mercato avr\u00e0 300 posti a sedere, rispetto ai 160 attuali, comprese le aree modulari e familiari.<\/p>\n\n<figure class=\"wp-block-gallery has-nested-images columns-default is-cropped wp-block-gallery-2 is-layout-flex wp-block-gallery-is-layout-flex\"><div class=\"wp-block-image\">\n<figure class=\"aligncenter size-large\"><img loading=\"lazy\" decoding=\"async\" width=\"1024\" height=\"576\" data-id=\"280373\" src=\"https:\/\/www.monaco-tribune.com\/wp-content\/uploads\/2025\/03\/marchecondamine_side-copyright-jerome-hein-the-a-group-1024x576.jpg\" alt=\"\" class=\"wp-image-280373\" srcset=\"https:\/\/www.monaco-tribune.com\/wp-content\/uploads\/2025\/03\/marchecondamine_side-copyright-jerome-hein-the-a-group-1024x576.jpg 1024w, https:\/\/www.monaco-tribune.com\/wp-content\/uploads\/2025\/03\/marchecondamine_side-copyright-jerome-hein-the-a-group-533x300.jpg 533w, https:\/\/www.monaco-tribune.com\/wp-content\/uploads\/2025\/03\/marchecondamine_side-copyright-jerome-hein-the-a-group.jpg 1200w\" sizes=\"auto, (max-width: 1024px) 100vw, 1024px\" \/><figcaption class=\"wp-element-caption\">\u00a9 Jerome Hein &#8211; The A Group<\/figcaption><\/figure>\n<\/div><\/figure>\n\n<p>Il design degli interni metter\u00e0 al centro la convivialit\u00e0, utilizzando materiali nobili come il legno e la ceramica, ampie vetrate per sfruttare al massimo la luce naturale e un&#8217;illuminazione studiata per creare un&#8217;atmosfera accogliente. Saranno inoltre installati due schermi giganti e una sala di controllo per trasmettere eventi e intrattenimento.<\/p>\n\n<p>Per quanto riguarda i problemi di accesso al parcheggio, il Sindaco ha dichiarato che al momento non \u00e8 previsto un ampliamento, ma piuttosto un progetto governativo di pi\u00f9 ampio respiro per migliorare la situazione a lungo termine.<\/p>\n\n<figure class=\"wp-block-gallery has-nested-images columns-default is-cropped wp-block-gallery-3 is-layout-flex wp-block-gallery-is-layout-flex\"><div class=\"wp-block-image\">\n<figure class=\"aligncenter size-large\"><img loading=\"lazy\" decoding=\"async\" width=\"800\" height=\"800\" data-id=\"280369\" src=\"https:\/\/www.monaco-tribune.com\/wp-content\/uploads\/2025\/03\/marchecondamine_bar-copyright-jerome-hein-the-a-group-1.jpg\" alt=\"\" class=\"wp-image-280369\" srcset=\"https:\/\/www.monaco-tribune.com\/wp-content\/uploads\/2025\/03\/marchecondamine_bar-copyright-jerome-hein-the-a-group-1.jpg 800w, https:\/\/www.monaco-tribune.com\/wp-content\/uploads\/2025\/03\/marchecondamine_bar-copyright-jerome-hein-the-a-group-1-300x300.jpg 300w\" sizes=\"auto, (max-width: 800px) 100vw, 800px\" \/><figcaption class=\"wp-element-caption\">\u00a9 Jerome Hein &#8211; The A Group<\/figcaption><\/figure>\n<\/div><\/figure>\n\n<h2 class=\"wp-block-heading\" id=\"h-4-un-projet-durable-et-respectueux-de-l-environnement\">4. Un progetto sostenibile e rispettoso dell&#8217;ambiente<\/h2>\n\n<p>La ristrutturazione del Mercato della Condamine rientra in un approccio sostenibile e responsabile. Il progetto prevede l&#8217;istallazione di pannelli solari, di un moderno tetto a vetri e l&#8217;utilizzo di materiali rispettosi dell&#8217;ambiente per garantire il pi\u00f9 basso consumo energetico.<\/p>\n\n<p>La direzione dei lavori \u00e8 stata affidata all&#8217;architetto J\u00e9r\u00f4me Hein e si inserisce in un approccio certificato BD2M (B\u00e2timents Durables M\u00e9diterran\u00e9ens de\u00a0Monaco), con l&#8217;obiettivo di ottenere la certificazione Argent. Il risultato sperato \u00e8 s\u00ec la trasformazione del mercato, ma senza snaturare l&#8217;identit\u00e0 monegasca, dando vita a un luogo moderno, funzionale ed ecosostenibile.<\/p>\n\n<h2 class=\"wp-block-heading\" id=\"h-5-une-fermeture-de-plus-d-un-an-mais-avec-une-activite-maintenue\">5. Una chiusura di oltre un anno, ma con il proseguimento delle attivit\u00e0<\/h2>\n\n<p>I lavori di ristrutturazione inizieranno a gennaio 2026 e dureranno circa 13 mesi. Per permettere la realizzazione del progetto senza per\u00f2 sconvolgere completamente l&#8217;attivit\u00e0 economica del mercato, la parte interna sar\u00e0 chiusa temporaneamente. Di conseguenza, i circa venti commercianti saranno spostati sulla piazza del mercato e verranno adottate misure provvisorie per assicurare un servizio continuativo, con circa 150-200 posti a sedere per accogliere la clientela nelle migliori condizioni.<\/p>\n\n<p>Il Sindaco assicura che entro il mese di giugno tutti i commercianti verranno incontrati per discutere delle modalit\u00e0 e delle soluzioni che saranno attuate durante questo periodo di transizione. Durante questi 13 mesi, i chioschi di Place d&#8217;Armes non subiranno cambiamenti, ma l&#8217;area giochi per bambini sar\u00e0 temporaneamente rimossa.<\/p>\n\n<p class=\"related\"><a href=\"https:\/\/www.monaco-tribune.com\/it\/2025\/02\/foto-il-principe-alberto-ii-e-la-principessa-charlene-in-visita-al-centro-per-la-prima-infanzia-di-monte-carlo\/\">Foto. Il Principe Alberto II e la Principessa Charl\u00e8ne in visita al centro per la prima infanzia di Monte-Carlo<\/a><\/p>\n","protected":false},"excerpt":{"rendered":"<p>Cuore pulsante di Monaco, il Mercato della Condamine si prepara a un&#8217;importante trasformazione volta a modernizzare e a preservare l&#8217;anima [&hellip;]<\/p>\n","protected":false},"author":77,"featured_media":280380,"comment_status":"closed","ping_status":"closed","sticky":false,"template":"","format":"standard","meta":{"_acf_changed":false,"footnotes":""},"categories":[1826,1738,1752],"tags":[5170],"post_sectags":[4374],"post_format":[2486],"class_list":["post-280412","post","type-post","status-publish","format-standard","has-post-thumbnail","hentry","category-la-nostra-scelta","category-notizie","category-societa","tag-comune-di-monaco","sectag-marche-de-la-condamine-it","format-servizio"],"acf":[],"yoast_head":"<!-- This site is optimized with the Yoast SEO Premium plugin v26.8 (Yoast SEO v27.4) - https:\/\/yoast.com\/product\/yoast-seo-premium-wordpress\/ -->\n<title>&quot;Un concept unico al mondo che \u00e8 l&#039;orgoglio di Monaco&quot;: i 5 punti chiave della ristrutturazione del Mercato della Condamine<\/title>\n<meta name=\"description\" content=\"Cuore pulsante di Monaco, il Mercato della Condamine si prepara a un&#039;importante trasformazione volta a modernizzare e a preservare l&#039;anima di questo luogo\" \/>\n<meta name=\"robots\" content=\"index, follow, max-snippet:-1, max-image-preview:large, max-video-preview:-1\" \/>\n<link rel=\"canonical\" href=\"https:\/\/www.monaco-tribune.com\/it\/2025\/03\/un-concept-unico-al-mondo-che-e-lorgoglio-di-monaco-i-5-punti-chiave-della-ristrutturazione-del-mercato-della-condamine\/\" \/>\n<meta property=\"og:locale\" content=\"it_IT\" \/>\n<meta property=\"og:type\" content=\"article\" \/>\n<meta property=\"og:title\" content=\"&quot;Un concept unico al mondo che \u00e8 l&#039;orgoglio di Monaco&quot;: i 5 punti chiave della ristrutturazione del Mercato della Condamine - Monaco Tribune\" \/>\n<meta property=\"og:description\" content=\"Cuore pulsante di Monaco, il Mercato della Condamine si prepara a un&#039;importante trasformazione volta a modernizzare e a preservare l&#039;anima di questo luogo\" \/>\n<meta property=\"og:url\" content=\"https:\/\/www.monaco-tribune.com\/it\/2025\/03\/un-concept-unico-al-mondo-che-e-lorgoglio-di-monaco-i-5-punti-chiave-della-ristrutturazione-del-mercato-della-condamine\/\" \/>\n<meta property=\"og:site_name\" content=\"Monaco Tribune\" \/>\n<meta property=\"article:publisher\" content=\"https:\/\/www.facebook.com\/MonacoTribune\" \/>\n<meta property=\"article:published_time\" content=\"2025-03-05T17:42:50+00:00\" \/>\n<meta property=\"article:modified_time\" content=\"2025-03-05T17:47:33+00:00\" \/>\n<meta property=\"og:image\" content=\"https:\/\/www.monaco-tribune.com\/wp-content\/uploads\/2025\/03\/marchecondamine_drone-copyright-jerome-hein-the-a-group.jpg\" \/>\n\t<meta property=\"og:image:width\" content=\"1200\" \/>\n\t<meta property=\"og:image:height\" content=\"675\" \/>\n\t<meta property=\"og:image:type\" content=\"image\/jpeg\" \/>\n<meta name=\"author\" content=\"Ana\u00efs Riu\" \/>\n<meta name=\"twitter:card\" content=\"summary_large_image\" \/>\n<meta name=\"twitter:creator\" content=\"@MonacoTribune\" \/>\n<meta name=\"twitter:site\" content=\"@MonacoTribune\" \/>\n<script type=\"application\/ld+json\" class=\"yoast-schema-graph\">{\"@context\":\"https:\\\/\\\/schema.org\",\"@graph\":[{\"@type\":\"NewsArticle\",\"@id\":\"https:\\\/\\\/www.monaco-tribune.com\\\/it\\\/2025\\\/03\\\/un-concept-unico-al-mondo-che-e-lorgoglio-di-monaco-i-5-punti-chiave-della-ristrutturazione-del-mercato-della-condamine\\\/#article\",\"isPartOf\":{\"@id\":\"https:\\\/\\\/www.monaco-tribune.com\\\/it\\\/2025\\\/03\\\/un-concept-unico-al-mondo-che-e-lorgoglio-di-monaco-i-5-punti-chiave-della-ristrutturazione-del-mercato-della-condamine\\\/\"},\"author\":{\"name\":\"Ana\u00efs Riu\",\"@id\":\"https:\\\/\\\/www.monaco-tribune.com\\\/it\\\/#\\\/schema\\\/person\\\/6db631c784f2f0eff54c3ca4d1da2d49\"},\"headline\":\"&#8220;Un concept unico al mondo che \u00e8 l&#8217;orgoglio di Monaco&#8221;: i 5 punti chiave della ristrutturazione del Mercato della Condamine\",\"datePublished\":\"2025-03-05T17:42:50+00:00\",\"dateModified\":\"2025-03-05T17:47:33+00:00\",\"mainEntityOfPage\":{\"@id\":\"https:\\\/\\\/www.monaco-tribune.com\\\/it\\\/2025\\\/03\\\/un-concept-unico-al-mondo-che-e-lorgoglio-di-monaco-i-5-punti-chiave-della-ristrutturazione-del-mercato-della-condamine\\\/\"},\"wordCount\":877,\"publisher\":{\"@id\":\"https:\\\/\\\/www.monaco-tribune.com\\\/it\\\/#organization\"},\"image\":{\"@id\":\"https:\\\/\\\/www.monaco-tribune.com\\\/it\\\/2025\\\/03\\\/un-concept-unico-al-mondo-che-e-lorgoglio-di-monaco-i-5-punti-chiave-della-ristrutturazione-del-mercato-della-condamine\\\/#primaryimage\"},\"thumbnailUrl\":\"https:\\\/\\\/www.monaco-tribune.com\\\/wp-content\\\/uploads\\\/2025\\\/03\\\/marchecondamine_drone-copyright-jerome-hein-the-a-group.jpg\",\"keywords\":[\"Comune di Monaco\"],\"articleSection\":[\"La nostra scelta\",\"Notizie\",\"Societ\u00e0\"],\"inLanguage\":\"it-IT\",\"copyrightYear\":\"2025\",\"copyrightHolder\":{\"@id\":\"https:\\\/\\\/www.monaco-tribune.com\\\/#organization\"}},{\"@type\":\"WebPage\",\"@id\":\"https:\\\/\\\/www.monaco-tribune.com\\\/it\\\/2025\\\/03\\\/un-concept-unico-al-mondo-che-e-lorgoglio-di-monaco-i-5-punti-chiave-della-ristrutturazione-del-mercato-della-condamine\\\/\",\"url\":\"https:\\\/\\\/www.monaco-tribune.com\\\/it\\\/2025\\\/03\\\/un-concept-unico-al-mondo-che-e-lorgoglio-di-monaco-i-5-punti-chiave-della-ristrutturazione-del-mercato-della-condamine\\\/\",\"name\":\"\\\"Un concept unico al mondo che \u00e8 l'orgoglio di Monaco\\\": i 5 punti chiave della ristrutturazione del Mercato della Condamine\",\"isPartOf\":{\"@id\":\"https:\\\/\\\/www.monaco-tribune.com\\\/it\\\/#website\"},\"primaryImageOfPage\":{\"@id\":\"https:\\\/\\\/www.monaco-tribune.com\\\/it\\\/2025\\\/03\\\/un-concept-unico-al-mondo-che-e-lorgoglio-di-monaco-i-5-punti-chiave-della-ristrutturazione-del-mercato-della-condamine\\\/#primaryimage\"},\"image\":{\"@id\":\"https:\\\/\\\/www.monaco-tribune.com\\\/it\\\/2025\\\/03\\\/un-concept-unico-al-mondo-che-e-lorgoglio-di-monaco-i-5-punti-chiave-della-ristrutturazione-del-mercato-della-condamine\\\/#primaryimage\"},\"thumbnailUrl\":\"https:\\\/\\\/www.monaco-tribune.com\\\/wp-content\\\/uploads\\\/2025\\\/03\\\/marchecondamine_drone-copyright-jerome-hein-the-a-group.jpg\",\"datePublished\":\"2025-03-05T17:42:50+00:00\",\"dateModified\":\"2025-03-05T17:47:33+00:00\",\"description\":\"Cuore pulsante di Monaco, il Mercato della Condamine si prepara a un'importante trasformazione volta a modernizzare e a preservare l'anima di questo luogo\",\"breadcrumb\":{\"@id\":\"https:\\\/\\\/www.monaco-tribune.com\\\/it\\\/2025\\\/03\\\/un-concept-unico-al-mondo-che-e-lorgoglio-di-monaco-i-5-punti-chiave-della-ristrutturazione-del-mercato-della-condamine\\\/#breadcrumb\"},\"inLanguage\":\"it-IT\",\"potentialAction\":[{\"@type\":\"ReadAction\",\"target\":[\"https:\\\/\\\/www.monaco-tribune.com\\\/it\\\/2025\\\/03\\\/un-concept-unico-al-mondo-che-e-lorgoglio-di-monaco-i-5-punti-chiave-della-ristrutturazione-del-mercato-della-condamine\\\/\"]}]},{\"@type\":\"ImageObject\",\"inLanguage\":\"it-IT\",\"@id\":\"https:\\\/\\\/www.monaco-tribune.com\\\/it\\\/2025\\\/03\\\/un-concept-unico-al-mondo-che-e-lorgoglio-di-monaco-i-5-punti-chiave-della-ristrutturazione-del-mercato-della-condamine\\\/#primaryimage\",\"url\":\"https:\\\/\\\/www.monaco-tribune.com\\\/wp-content\\\/uploads\\\/2025\\\/03\\\/marchecondamine_drone-copyright-jerome-hein-the-a-group.jpg\",\"contentUrl\":\"https:\\\/\\\/www.monaco-tribune.com\\\/wp-content\\\/uploads\\\/2025\\\/03\\\/marchecondamine_drone-copyright-jerome-hein-the-a-group.jpg\",\"width\":1200,\"height\":675,\"caption\":\"Ai piedi della Rocca, tra Place d'Armes e Rue Terrazzani, il Mercato della Condamine \u00e8 sempre stato uno dei luoghi preferiti dai residenti monegaschi. Dopo due ristrutturazioni nel 1992 e nel 2012, all'inizio del 2027 inizier\u00e0 un nuovo capitolo \u00a9 Jerome Hein - The A Group\"},{\"@type\":\"BreadcrumbList\",\"@id\":\"https:\\\/\\\/www.monaco-tribune.com\\\/it\\\/2025\\\/03\\\/un-concept-unico-al-mondo-che-e-lorgoglio-di-monaco-i-5-punti-chiave-della-ristrutturazione-del-mercato-della-condamine\\\/#breadcrumb\",\"itemListElement\":[{\"@type\":\"ListItem\",\"position\":1,\"name\":\"Accueil\",\"item\":\"https:\\\/\\\/www.monaco-tribune.com\\\/it\\\/\"},{\"@type\":\"ListItem\",\"position\":2,\"name\":\"\u00ab\u00a0Un concept unico al mondo che \u00e8 l&rsquo;orgoglio di Monaco\u00a0\u00bb: i 5 punti chiave della ristrutturazione del Mercato della Condamine\"}]},{\"@type\":\"WebSite\",\"@id\":\"https:\\\/\\\/www.monaco-tribune.com\\\/it\\\/#website\",\"url\":\"https:\\\/\\\/www.monaco-tribune.com\\\/it\\\/\",\"name\":\"Monaco Tribune\",\"description\":\"Monaco : actualit\u00e9s \u00e9conomiques, politiques, culturelles et sportives de Monaco et de la French Riviera.\",\"publisher\":{\"@id\":\"https:\\\/\\\/www.monaco-tribune.com\\\/it\\\/#organization\"},\"potentialAction\":[{\"@type\":\"SearchAction\",\"target\":{\"@type\":\"EntryPoint\",\"urlTemplate\":\"https:\\\/\\\/www.monaco-tribune.com\\\/it\\\/?s={search_term_string}\"},\"query-input\":{\"@type\":\"PropertyValueSpecification\",\"valueRequired\":true,\"valueName\":\"search_term_string\"}}],\"inLanguage\":\"it-IT\"},{\"@type\":\"Organization\",\"@id\":\"https:\\\/\\\/www.monaco-tribune.com\\\/it\\\/#organization\",\"name\":\"Monaco Tribune\",\"url\":\"https:\\\/\\\/www.monaco-tribune.com\\\/it\\\/\",\"logo\":{\"@type\":\"ImageObject\",\"inLanguage\":\"it-IT\",\"@id\":\"https:\\\/\\\/www.monaco-tribune.com\\\/it\\\/#\\\/schema\\\/logo\\\/image\\\/\",\"url\":\"https:\\\/\\\/www.monaco-tribune.com\\\/wp-content\\\/uploads\\\/2022\\\/11\\\/logo-monaco-tribune.png\",\"contentUrl\":\"https:\\\/\\\/www.monaco-tribune.com\\\/wp-content\\\/uploads\\\/2022\\\/11\\\/logo-monaco-tribune.png\",\"width\":1548,\"height\":600,\"caption\":\"Monaco Tribune\"},\"image\":{\"@id\":\"https:\\\/\\\/www.monaco-tribune.com\\\/it\\\/#\\\/schema\\\/logo\\\/image\\\/\"},\"sameAs\":[\"https:\\\/\\\/www.facebook.com\\\/MonacoTribune\",\"https:\\\/\\\/x.com\\\/MonacoTribune\",\"https:\\\/\\\/www.instagram.com\\\/monacotribune\\\/\",\"https:\\\/\\\/www.linkedin.com\\\/company\\\/monaco-tribune\",\"https:\\\/\\\/www.youtube.com\\\/channel\\\/UCHle1MnG6hw1y4lWKijVbMA\"]},{\"@type\":\"Person\",\"@id\":\"https:\\\/\\\/www.monaco-tribune.com\\\/it\\\/#\\\/schema\\\/person\\\/6db631c784f2f0eff54c3ca4d1da2d49\",\"name\":\"Ana\u00efs Riu\",\"image\":{\"@type\":\"ImageObject\",\"inLanguage\":\"it-IT\",\"@id\":\"https:\\\/\\\/secure.gravatar.com\\\/avatar\\\/9137eff67ff750f1997c171f45e5829ca4c8fa34729a8f8cd9dc85be7e50df7f?s=96&d=mm&r=g\",\"url\":\"https:\\\/\\\/secure.gravatar.com\\\/avatar\\\/9137eff67ff750f1997c171f45e5829ca4c8fa34729a8f8cd9dc85be7e50df7f?s=96&d=mm&r=g\",\"contentUrl\":\"https:\\\/\\\/secure.gravatar.com\\\/avatar\\\/9137eff67ff750f1997c171f45e5829ca4c8fa34729a8f8cd9dc85be7e50df7f?s=96&d=mm&r=g\",\"caption\":\"Ana\u00efs Riu\"},\"url\":\"https:\\\/\\\/www.monaco-tribune.com\\\/it\\\/author\\\/anaisriu\\\/\"}]}<\/script>\n<!-- \/ Yoast SEO Premium plugin. -->","yoast_head_json":{"title":"\"Un concept unico al mondo che \u00e8 l'orgoglio di Monaco\": i 5 punti chiave della ristrutturazione del Mercato della Condamine","description":"Cuore pulsante di Monaco, il Mercato della Condamine si prepara a un'importante trasformazione volta a modernizzare e a preservare l'anima di questo luogo","robots":{"index":"index","follow":"follow","max-snippet":"max-snippet:-1","max-image-preview":"max-image-preview:large","max-video-preview":"max-video-preview:-1"},"canonical":"https:\/\/www.monaco-tribune.com\/it\/2025\/03\/un-concept-unico-al-mondo-che-e-lorgoglio-di-monaco-i-5-punti-chiave-della-ristrutturazione-del-mercato-della-condamine\/","og_locale":"it_IT","og_type":"article","og_title":"\"Un concept unico al mondo che \u00e8 l'orgoglio di Monaco\": i 5 punti chiave della ristrutturazione del Mercato della Condamine - Monaco Tribune","og_description":"Cuore pulsante di Monaco, il Mercato della Condamine si prepara a un'importante trasformazione volta a modernizzare e a preservare l'anima di questo luogo","og_url":"https:\/\/www.monaco-tribune.com\/it\/2025\/03\/un-concept-unico-al-mondo-che-e-lorgoglio-di-monaco-i-5-punti-chiave-della-ristrutturazione-del-mercato-della-condamine\/","og_site_name":"Monaco Tribune","article_publisher":"https:\/\/www.facebook.com\/MonacoTribune","article_published_time":"2025-03-05T17:42:50+00:00","article_modified_time":"2025-03-05T17:47:33+00:00","og_image":[{"width":1200,"height":675,"url":"https:\/\/www.monaco-tribune.com\/wp-content\/uploads\/2025\/03\/marchecondamine_drone-copyright-jerome-hein-the-a-group.jpg","type":"image\/jpeg"}],"author":"Ana\u00efs Riu","twitter_card":"summary_large_image","twitter_creator":"@MonacoTribune","twitter_site":"@MonacoTribune","schema":{"@context":"https:\/\/schema.org","@graph":[{"@type":"NewsArticle","@id":"https:\/\/www.monaco-tribune.com\/it\/2025\/03\/un-concept-unico-al-mondo-che-e-lorgoglio-di-monaco-i-5-punti-chiave-della-ristrutturazione-del-mercato-della-condamine\/#article","isPartOf":{"@id":"https:\/\/www.monaco-tribune.com\/it\/2025\/03\/un-concept-unico-al-mondo-che-e-lorgoglio-di-monaco-i-5-punti-chiave-della-ristrutturazione-del-mercato-della-condamine\/"},"author":{"name":"Ana\u00efs Riu","@id":"https:\/\/www.monaco-tribune.com\/it\/#\/schema\/person\/6db631c784f2f0eff54c3ca4d1da2d49"},"headline":"&#8220;Un concept unico al mondo che \u00e8 l&#8217;orgoglio di Monaco&#8221;: i 5 punti chiave della ristrutturazione del Mercato della Condamine","datePublished":"2025-03-05T17:42:50+00:00","dateModified":"2025-03-05T17:47:33+00:00","mainEntityOfPage":{"@id":"https:\/\/www.monaco-tribune.com\/it\/2025\/03\/un-concept-unico-al-mondo-che-e-lorgoglio-di-monaco-i-5-punti-chiave-della-ristrutturazione-del-mercato-della-condamine\/"},"wordCount":877,"publisher":{"@id":"https:\/\/www.monaco-tribune.com\/it\/#organization"},"image":{"@id":"https:\/\/www.monaco-tribune.com\/it\/2025\/03\/un-concept-unico-al-mondo-che-e-lorgoglio-di-monaco-i-5-punti-chiave-della-ristrutturazione-del-mercato-della-condamine\/#primaryimage"},"thumbnailUrl":"https:\/\/www.monaco-tribune.com\/wp-content\/uploads\/2025\/03\/marchecondamine_drone-copyright-jerome-hein-the-a-group.jpg","keywords":["Comune di Monaco"],"articleSection":["La nostra scelta","Notizie","Societ\u00e0"],"inLanguage":"it-IT","copyrightYear":"2025","copyrightHolder":{"@id":"https:\/\/www.monaco-tribune.com\/#organization"}},{"@type":"WebPage","@id":"https:\/\/www.monaco-tribune.com\/it\/2025\/03\/un-concept-unico-al-mondo-che-e-lorgoglio-di-monaco-i-5-punti-chiave-della-ristrutturazione-del-mercato-della-condamine\/","url":"https:\/\/www.monaco-tribune.com\/it\/2025\/03\/un-concept-unico-al-mondo-che-e-lorgoglio-di-monaco-i-5-punti-chiave-della-ristrutturazione-del-mercato-della-condamine\/","name":"\"Un concept unico al mondo che \u00e8 l'orgoglio di Monaco\": i 5 punti chiave della ristrutturazione del Mercato della Condamine","isPartOf":{"@id":"https:\/\/www.monaco-tribune.com\/it\/#website"},"primaryImageOfPage":{"@id":"https:\/\/www.monaco-tribune.com\/it\/2025\/03\/un-concept-unico-al-mondo-che-e-lorgoglio-di-monaco-i-5-punti-chiave-della-ristrutturazione-del-mercato-della-condamine\/#primaryimage"},"image":{"@id":"https:\/\/www.monaco-tribune.com\/it\/2025\/03\/un-concept-unico-al-mondo-che-e-lorgoglio-di-monaco-i-5-punti-chiave-della-ristrutturazione-del-mercato-della-condamine\/#primaryimage"},"thumbnailUrl":"https:\/\/www.monaco-tribune.com\/wp-content\/uploads\/2025\/03\/marchecondamine_drone-copyright-jerome-hein-the-a-group.jpg","datePublished":"2025-03-05T17:42:50+00:00","dateModified":"2025-03-05T17:47:33+00:00","description":"Cuore pulsante di Monaco, il Mercato della Condamine si prepara a un'importante trasformazione volta a modernizzare e a preservare l'anima di questo luogo","breadcrumb":{"@id":"https:\/\/www.monaco-tribune.com\/it\/2025\/03\/un-concept-unico-al-mondo-che-e-lorgoglio-di-monaco-i-5-punti-chiave-della-ristrutturazione-del-mercato-della-condamine\/#breadcrumb"},"inLanguage":"it-IT","potentialAction":[{"@type":"ReadAction","target":["https:\/\/www.monaco-tribune.com\/it\/2025\/03\/un-concept-unico-al-mondo-che-e-lorgoglio-di-monaco-i-5-punti-chiave-della-ristrutturazione-del-mercato-della-condamine\/"]}]},{"@type":"ImageObject","inLanguage":"it-IT","@id":"https:\/\/www.monaco-tribune.com\/it\/2025\/03\/un-concept-unico-al-mondo-che-e-lorgoglio-di-monaco-i-5-punti-chiave-della-ristrutturazione-del-mercato-della-condamine\/#primaryimage","url":"https:\/\/www.monaco-tribune.com\/wp-content\/uploads\/2025\/03\/marchecondamine_drone-copyright-jerome-hein-the-a-group.jpg","contentUrl":"https:\/\/www.monaco-tribune.com\/wp-content\/uploads\/2025\/03\/marchecondamine_drone-copyright-jerome-hein-the-a-group.jpg","width":1200,"height":675,"caption":"Ai piedi della Rocca, tra Place d'Armes e Rue Terrazzani, il Mercato della Condamine \u00e8 sempre stato uno dei luoghi preferiti dai residenti monegaschi. Dopo due ristrutturazioni nel 1992 e nel 2012, all'inizio del 2027 inizier\u00e0 un nuovo capitolo \u00a9 Jerome Hein - The A Group"},{"@type":"BreadcrumbList","@id":"https:\/\/www.monaco-tribune.com\/it\/2025\/03\/un-concept-unico-al-mondo-che-e-lorgoglio-di-monaco-i-5-punti-chiave-della-ristrutturazione-del-mercato-della-condamine\/#breadcrumb","itemListElement":[{"@type":"ListItem","position":1,"name":"Accueil","item":"https:\/\/www.monaco-tribune.com\/it\/"},{"@type":"ListItem","position":2,"name":"\u00ab\u00a0Un concept unico al mondo che \u00e8 l&rsquo;orgoglio di Monaco\u00a0\u00bb: i 5 punti chiave della ristrutturazione del Mercato della Condamine"}]},{"@type":"WebSite","@id":"https:\/\/www.monaco-tribune.com\/it\/#website","url":"https:\/\/www.monaco-tribune.com\/it\/","name":"Monaco Tribune","description":"Monaco : actualit\u00e9s \u00e9conomiques, politiques, culturelles et sportives de Monaco et de la French Riviera.","publisher":{"@id":"https:\/\/www.monaco-tribune.com\/it\/#organization"},"potentialAction":[{"@type":"SearchAction","target":{"@type":"EntryPoint","urlTemplate":"https:\/\/www.monaco-tribune.com\/it\/?s={search_term_string}"},"query-input":{"@type":"PropertyValueSpecification","valueRequired":true,"valueName":"search_term_string"}}],"inLanguage":"it-IT"},{"@type":"Organization","@id":"https:\/\/www.monaco-tribune.com\/it\/#organization","name":"Monaco Tribune","url":"https:\/\/www.monaco-tribune.com\/it\/","logo":{"@type":"ImageObject","inLanguage":"it-IT","@id":"https:\/\/www.monaco-tribune.com\/it\/#\/schema\/logo\/image\/","url":"https:\/\/www.monaco-tribune.com\/wp-content\/uploads\/2022\/11\/logo-monaco-tribune.png","contentUrl":"https:\/\/www.monaco-tribune.com\/wp-content\/uploads\/2022\/11\/logo-monaco-tribune.png","width":1548,"height":600,"caption":"Monaco Tribune"},"image":{"@id":"https:\/\/www.monaco-tribune.com\/it\/#\/schema\/logo\/image\/"},"sameAs":["https:\/\/www.facebook.com\/MonacoTribune","https:\/\/x.com\/MonacoTribune","https:\/\/www.instagram.com\/monacotribune\/","https:\/\/www.linkedin.com\/company\/monaco-tribune","https:\/\/www.youtube.com\/channel\/UCHle1MnG6hw1y4lWKijVbMA"]},{"@type":"Person","@id":"https:\/\/www.monaco-tribune.com\/it\/#\/schema\/person\/6db631c784f2f0eff54c3ca4d1da2d49","name":"Ana\u00efs Riu","image":{"@type":"ImageObject","inLanguage":"it-IT","@id":"https:\/\/secure.gravatar.com\/avatar\/9137eff67ff750f1997c171f45e5829ca4c8fa34729a8f8cd9dc85be7e50df7f?s=96&d=mm&r=g","url":"https:\/\/secure.gravatar.com\/avatar\/9137eff67ff750f1997c171f45e5829ca4c8fa34729a8f8cd9dc85be7e50df7f?s=96&d=mm&r=g","contentUrl":"https:\/\/secure.gravatar.com\/avatar\/9137eff67ff750f1997c171f45e5829ca4c8fa34729a8f8cd9dc85be7e50df7f?s=96&d=mm&r=g","caption":"Ana\u00efs Riu"},"url":"https:\/\/www.monaco-tribune.com\/it\/author\/anaisriu\/"}]}},"_links":{"self":[{"href":"https:\/\/www.monaco-tribune.com\/it\/wp-json\/wp\/v2\/posts\/280412","targetHints":{"allow":["GET"]}}],"collection":[{"href":"https:\/\/www.monaco-tribune.com\/it\/wp-json\/wp\/v2\/posts"}],"about":[{"href":"https:\/\/www.monaco-tribune.com\/it\/wp-json\/wp\/v2\/types\/post"}],"author":[{"embeddable":true,"href":"https:\/\/www.monaco-tribune.com\/it\/wp-json\/wp\/v2\/users\/77"}],"replies":[{"embeddable":true,"href":"https:\/\/www.monaco-tribune.com\/it\/wp-json\/wp\/v2\/comments?post=280412"}],"version-history":[{"count":2,"href":"https:\/\/www.monaco-tribune.com\/it\/wp-json\/wp\/v2\/posts\/280412\/revisions"}],"predecessor-version":[{"id":280417,"href":"https:\/\/www.monaco-tribune.com\/it\/wp-json\/wp\/v2\/posts\/280412\/revisions\/280417"}],"wp:featuredmedia":[{"embeddable":true,"href":"https:\/\/www.monaco-tribune.com\/it\/wp-json\/wp\/v2\/media\/280380"}],"wp:attachment":[{"href":"https:\/\/www.monaco-tribune.com\/it\/wp-json\/wp\/v2\/media?parent=280412"}],"wp:term":[{"taxonomy":"category","embeddable":true,"href":"https:\/\/www.monaco-tribune.com\/it\/wp-json\/wp\/v2\/categories?post=280412"},{"taxonomy":"post_tag","embeddable":true,"href":"https:\/\/www.monaco-tribune.com\/it\/wp-json\/wp\/v2\/tags?post=280412"},{"taxonomy":"sectag","embeddable":true,"href":"https:\/\/www.monaco-tribune.com\/it\/wp-json\/wp\/v2\/post_sectags?post=280412"},{"taxonomy":"format","embeddable":true,"href":"https:\/\/www.monaco-tribune.com\/it\/wp-json\/wp\/v2\/post_format?post=280412"}],"curies":[{"name":"wp","href":"https:\/\/api.w.org\/{rel}","templated":true}]}}