{"id":282057,"date":"2025-03-17T16:35:26","date_gmt":"2025-03-17T14:35:26","guid":{"rendered":"https:\/\/www.monaco-tribune.com\/2025\/03\/le-essenze-del-benessere-un-viaggio-nelluniverso-dellaromaterapia\/"},"modified":"2025-03-17T16:44:32","modified_gmt":"2025-03-17T14:44:32","slug":"le-essenze-del-benessere-un-viaggio-nelluniverso-dellaromaterapia","status":"publish","type":"post","link":"https:\/\/www.monaco-tribune.com\/it\/2025\/03\/le-essenze-del-benessere-un-viaggio-nelluniverso-dellaromaterapia\/","title":{"rendered":"Le essenze del benessere: un viaggio nell&#8217;universo dell&#8217;aromaterapia"},"content":{"rendered":"\n<p><strong>Al crocevia tra scienza e natura, l&#8217;aromaterapia \u00e8 una terapia completa che punta a risolvere i disturbi quotidiani con un approccio olistico al benessere.<\/strong><\/p>\n\n\n\n<p>Nella nuova serie dedicata alle terapie alternative, Monaco Tribune incontra i professionisti che ridefiniscono il nostro rapporto con il benessere. Il primo \u00e8 Peter Pinville, aromaterapeuta e naturopata, che ci svela i segreti degli oli essenziali e il loro potenziale terapeutico spesso trascurato.<\/p>\n\n\n\n<h2 class=\"wp-block-heading\" id=\"h-una-scienza-antica-con-solide-fondamenta\">Una scienza antica con solide fondamenta<\/h2>\n\n\n\n<p>&#8220;L&#8217;aromaterapia non \u00e8 altro che lo studio degli oli essenziali&#8221;, spiega il nostro esperto, la cui carriera \u00e8 iniziata prima con lo studio dei farmaci per poi passare alle medicine naturali. Ci\u00f2 che distingue questa pratica da altre terapie alternative \u00e8 il suo duplice approccio: &#8220;Racchiude i due aspetti del trattamento, da un lato c&#8217;\u00e8 la fisica con tutto il controllo biochimico del prodotto, dall&#8217;altro tutta la valenza energetica della pianta&#8221;.<\/p>\n\n\n<div class=\"wp-block-image\">\n<figure class=\"aligncenter size-large\"><img loading=\"lazy\" decoding=\"async\" width=\"1024\" height=\"1024\" src=\"https:\/\/www.monaco-tribune.com\/wp-content\/uploads\/2025\/03\/peter-pinville-1024x1024.jpg\" alt=\"Peter Pinville\" class=\"wp-image-281912\" srcset=\"https:\/\/www.monaco-tribune.com\/wp-content\/uploads\/2025\/03\/peter-pinville-1024x1024.jpg 1024w, https:\/\/www.monaco-tribune.com\/wp-content\/uploads\/2025\/03\/peter-pinville-300x300.jpg 300w, https:\/\/www.monaco-tribune.com\/wp-content\/uploads\/2025\/03\/peter-pinville.jpg 1200w\" sizes=\"auto, (max-width: 1024px) 100vw, 1024px\" \/><figcaption class=\"wp-element-caption\"><em>Peter Pinville \u00e8 naturopata specializzato in aromaterapia, massofisioterapista e operatore reiki<\/em><\/figcaption><\/figure>\n<\/div>\n\n\n<p>Questo lato scientifico \u00e8 particolarmente importante per comprendere l&#8217;efficacia dell&#8217;aromaterapia. &#8220;C&#8217;\u00e8 veramente un controllo biochimico. Per ogni olio essenziale, utilizziamo uno spettrofotometro che ci fornisce la lettura del DNA dell&#8217;olio, con la percentuale esatta di ogni molecola&#8221;, spiega.<\/p>\n\n\n\n<p>La storia di come \u00e8 nata l&#8217;aromaterapia moderna \u00e8 molto interessante e vale la pena raccontarla: &#8220;Uno dei casi pi\u00f9 noti \u00e8 quello di Ren\u00e9-Maurice Gattefoss\u00e9, un chimico di Lione che si bruci\u00f2 le braccia in un incidente nel suo laboratorio&#8221;, racconta Peter Pinville. &#8220;Proprio accanto a lui c&#8217;era un recipiente di olio essenziale di lavanda, cos\u00ec vi immerse le braccia. Quello che osserv\u00f2 fu un effetto ignifugo, un&#8217;ottima cicatrizzazione e un incredibile sollievo dal bruciore&#8230; In quel momento cap\u00ec che era qualcosa di miracoloso e svilupp\u00f2 quella che oggi chiamiamo aromaterapia moderna&#8221;.<\/p>\n\n\n\n<blockquote class=\"wp-block-quote is-layout-flow wp-block-quote-is-layout-flow\">\n<p><em>Per quasi ogni patologia o problematica, esistono uno o pi\u00f9 oli essenziali in grado di fornire una soluzione<\/em><\/p>\n<\/blockquote>\n\n\n\n<h2 class=\"wp-block-heading\" id=\"h-una-varieta-di-benefici-vasta-come-la-natura-stessa\">Una variet\u00e0 di benefici vasta come la natura stessa<\/h2>\n\n\n\n<p>Secondo il nostro specialista, le applicazioni terapeutiche degli oli essenziali sono pressoch\u00e9 illimitate: &#8220;Ci sono piante che calmano il sistema nervoso centrale, piante antinfiammatorie, piante per la digestione&#8230; Per quasi ogni patologia o problematica, esistono uno o pi\u00f9 oli essenziali in grado di fornire una soluzione&#8221;.<\/p>\n\n\n<div class=\"wp-block-image\">\n<figure class=\"aligncenter size-full\"><img loading=\"lazy\" decoding=\"async\" width=\"612\" height=\"408\" src=\"https:\/\/www.monaco-tribune.com\/wp-content\/uploads\/2025\/03\/huiles-essentielles.jpg\" alt=\"\" class=\"wp-image-281908\" srcset=\"https:\/\/www.monaco-tribune.com\/wp-content\/uploads\/2025\/03\/huiles-essentielles.jpg 612w, https:\/\/www.monaco-tribune.com\/wp-content\/uploads\/2025\/03\/huiles-essentielles-450x300.jpg 450w\" sizes=\"auto, (max-width: 612px) 100vw, 612px\" \/><figcaption class=\"wp-element-caption\"><em>Le applicazioni terapeutiche degli oli essenziali sembrano pressoch\u00e9 illimitate<\/em><\/figcaption><\/figure>\n<\/div>\n\n\n<p>Tra i disturbi pi\u00f9 frequentemente trattati, cita innanzitutto &#8220;lo stress, l&#8217;ansia e i disturbi del sonno&#8221;, i veri mali della societ\u00e0 moderna. Ma l&#8217;aromaterapia offre ottimi risultati anche per &#8220;tutte le patologie della pelle come la psoriasi o l&#8217;eczema, cos\u00ec come i dolori infiammatori: gomito del tennista, fratture, distorsioni&#8230;&#8221;.<\/p>\n\n\n\n<blockquote class=\"wp-block-quote is-layout-flow wp-block-quote-is-layout-flow\">\n<p><em>La gamma di usi \u00e8 molto ampia, il limite \u00e8 solo l&#8217;immaginazione<\/em><\/p>\n<\/blockquote>\n\n\n\n<h2 class=\"wp-block-heading\" id=\"h-l-aromaterapia-nella-vita-di-tutti-i-giorni\">L&#8217;aromaterapia nella vita di tutti i giorni<\/h2>\n\n\n\n<p>Ci sono diversi modi in cui possiamo integrare gli oli essenziali nella nostra routine quotidiana. &#8220;Possiamo farlo semplicemente attraverso l&#8217;olfatto, direttamente dalla bottiglia o in un diffusore. Possono essere applicati per via topica per dolori e disturbi, come profumo, aggiunti in cucina, in un bagno per rilassarsi o anche nei cosmetici&#8221;, spiega Peter Pinville. &#8220;La gamma di usi \u00e8 molto ampia, il limite \u00e8 solo l&#8217;immaginazione&#8221;.<\/p>\n\n\n\n<p>Nonostante questa versatilit\u00e0, bisogna comunque adottare alcune precauzioni essenziali. &#8220;\u00c8 necessario fare attenzione alle persone che soffrono di epilessia o asma, ai bambini e alle donne in gravidanza, naturalmente. Dopodich\u00e9, si valuta caso per caso&#8221;, mette in guardia. &#8220;I principi attivi sono altamente concentrati, quindi se il prodotto viene utilizzato in modo non corretto si possono commettere facilmente errori &#8220;.<\/p>\n\n\n\n<h2 class=\"wp-block-heading\" id=\"h-una-terapia-complementare-in-rapida-ascesa\">Una terapia complementare in rapida ascesa<\/h2>\n\n\n\n<p>L&#8217;aromaterapia non vuole sostituire la medicina convenzionale, ma essere un&#8217;efficacie integrazione. &#8220;\u00c8 proprio questo il suo scopo&#8221;, sottolinea il nostro esperto. &#8220;Per esempio, chi segue un trattamento antinfiammatorio pu\u00f2 integrarlo con un&#8217;applicazione locale di oli essenziali, o rafforzare l&#8217;efficacia di una crema prescritta&#8221;.<\/p>\n\n\n\n<p>Negli ultimi anni, questo approccio complementare sembra essere sempre pi\u00f9 diffuso. &#8220;C&#8217;\u00e8 una crescente consapevolezza del fatto che ci si possa curare anche con rimedi naturali e che non sia sempre necessario affidarsi alla medicina allopatica per i disturbi quotidiani&#8221;<strong data-start=\"84\" data-end=\"275\">,<\/strong> osserva, sottolineando una tendenza positiva emersa dopo la crisi sanitaria.<\/p>\n\n\n<div class=\"wp-block-image\">\n<figure class=\"aligncenter size-large\"><img loading=\"lazy\" decoding=\"async\" width=\"1024\" height=\"552\" src=\"https:\/\/www.monaco-tribune.com\/wp-content\/uploads\/2025\/03\/cabinet-aromatherapeute-1024x552.jpg\" alt=\"\" class=\"wp-image-281904\" srcset=\"https:\/\/www.monaco-tribune.com\/wp-content\/uploads\/2025\/03\/cabinet-aromatherapeute-1024x552.jpg 1024w, https:\/\/www.monaco-tribune.com\/wp-content\/uploads\/2025\/03\/cabinet-aromatherapeute-556x300.jpg 556w, https:\/\/www.monaco-tribune.com\/wp-content\/uploads\/2025\/03\/cabinet-aromatherapeute.jpg 1200w\" sizes=\"auto, (max-width: 1024px) 100vw, 1024px\" \/><figcaption class=\"wp-element-caption\"><em>L&#8217;aromaterapia pu\u00f2 essere un valido complemento della medicina convenzionale<\/em><\/figcaption><\/figure>\n<\/div>\n\n\n<h2 class=\"wp-block-heading\" id=\"h-accessibilita-e-prospettive-future\">Accessibilit\u00e0 e prospettive future<\/h2>\n\n\n\n<p>Contrariamente a quanto si possa pensare, l&#8217;aromaterapia \u00e8 una terapia relativamente economica. &#8220;Per la stragrande maggioranza degli oli, la spesa si aggira tra i 5 e i 10 euro a flacone. Ma visto che si usano a gocce, la bottiglietta durer\u00e0 diversi anni&#8221;, afferma Peter Pinville. E per gli oli pi\u00f9 costosi, come il gelsomino o la rosa, &#8220;ce ne sar\u00e0 sicuramente un altro con un&#8217;azione molto simile, molto pi\u00f9 conveniente&#8221;.<\/p>\n\n\n\n<p>Per quanto riguarda il futuro di questa pratica, l&#8217;aromaterapeuta si mostra decisamente ottimista: &#8220;Credo che avr\u00e0 un ruolo sempre pi\u00f9 importante, perch\u00e9 il suo approccio scientifico aiuter\u00e0 a convincere gli scettici, mentre il lato energetico affasciner\u00e0 chi \u00e8 pi\u00f9 sensibile a questo aspetto. Si tratta di un prodotto naturale al 100%, altamente efficace, con principi attivi ultra-concentrati e una tracciabilit\u00e0 precisa&#8221;<\/p>\n\n\n\n<p>A chi desidera scoprire questo mondo, Peter Pinville consiglia di &#8220;consultare un professionista esperto in materia&#8221; e offre consulenze naturopatiche e workshop introduttivi sia all&#8217;aromaterapia che alla cosmesi naturale.<\/p>\n\n\n\n<hr class=\"wp-block-separator has-alpha-channel-opacity\"\/>\n\n\n\n<p><em>Per maggiori informazioni sulle consulenze e i workshop offerti da Peter Pinville: <a href=\"https:\/\/www.instagram.com\/aroma.pinville\/\">Aroma.Pinville<\/a><\/em><\/p>\n","protected":false},"excerpt":{"rendered":"<p>Al crocevia tra scienza e natura, l&#8217;aromaterapia \u00e8 una terapia completa che punta a risolvere i disturbi quotidiani con un [&hellip;]<\/p>\n","protected":false},"author":78,"featured_media":281902,"comment_status":"closed","ping_status":"closed","sticky":false,"template":"","format":"standard","meta":{"_acf_changed":false,"footnotes":""},"categories":[1740,1826,1738],"tags":[5463],"post_sectags":[],"post_format":[2476],"class_list":["post-282057","post","type-post","status-publish","format-standard","has-post-thumbnail","hentry","category-cosa-fare","category-la-nostra-scelta","category-notizie","tag-benessere","format-intervista"],"acf":[],"yoast_head":"<!-- This site is optimized with the Yoast SEO Premium plugin v26.8 (Yoast SEO v27.4) - https:\/\/yoast.com\/product\/yoast-seo-premium-wordpress\/ -->\n<title>Le essenze del benessere: un viaggio nell&#039;universo dell&#039;aromaterapia<\/title>\n<meta name=\"description\" content=\"Al crocevia tra scienza e natura, l&#039;aromaterapia \u00e8 una terapia completa che punta a risolvere i disturbi quotidiani con un approccio olistico al\" \/>\n<meta name=\"robots\" content=\"index, follow, max-snippet:-1, max-image-preview:large, max-video-preview:-1\" \/>\n<link rel=\"canonical\" href=\"https:\/\/www.monaco-tribune.com\/it\/2025\/03\/le-essenze-del-benessere-un-viaggio-nelluniverso-dellaromaterapia\/\" \/>\n<meta property=\"og:locale\" content=\"it_IT\" \/>\n<meta property=\"og:type\" content=\"article\" \/>\n<meta property=\"og:title\" content=\"Le essenze del benessere: un viaggio nell&#039;universo dell&#039;aromaterapia - Monaco Tribune\" \/>\n<meta property=\"og:description\" content=\"Al crocevia tra scienza e natura, l&#039;aromaterapia \u00e8 una terapia completa che punta a risolvere i disturbi quotidiani con un approccio olistico al\" \/>\n<meta property=\"og:url\" content=\"https:\/\/www.monaco-tribune.com\/it\/2025\/03\/le-essenze-del-benessere-un-viaggio-nelluniverso-dellaromaterapia\/\" \/>\n<meta property=\"og:site_name\" content=\"Monaco Tribune\" \/>\n<meta property=\"article:publisher\" content=\"https:\/\/www.facebook.com\/MonacoTribune\" \/>\n<meta property=\"article:published_time\" content=\"2025-03-17T14:35:26+00:00\" \/>\n<meta property=\"article:modified_time\" content=\"2025-03-17T14:44:32+00:00\" \/>\n<meta property=\"og:image\" content=\"https:\/\/www.monaco-tribune.com\/wp-content\/uploads\/2025\/03\/atelier-aromatherapie.jpg\" \/>\n\t<meta property=\"og:image:width\" content=\"1200\" \/>\n\t<meta property=\"og:image:height\" content=\"800\" \/>\n\t<meta property=\"og:image:type\" content=\"image\/jpeg\" \/>\n<meta name=\"author\" content=\"Mark Linden\" \/>\n<meta name=\"twitter:card\" content=\"summary_large_image\" \/>\n<meta name=\"twitter:creator\" content=\"@MonacoTribune\" \/>\n<meta name=\"twitter:site\" content=\"@MonacoTribune\" \/>\n<script type=\"application\/ld+json\" class=\"yoast-schema-graph\">{\"@context\":\"https:\\\/\\\/schema.org\",\"@graph\":[{\"@type\":\"NewsArticle\",\"@id\":\"https:\\\/\\\/www.monaco-tribune.com\\\/it\\\/2025\\\/03\\\/le-essenze-del-benessere-un-viaggio-nelluniverso-dellaromaterapia\\\/#article\",\"isPartOf\":{\"@id\":\"https:\\\/\\\/www.monaco-tribune.com\\\/it\\\/2025\\\/03\\\/le-essenze-del-benessere-un-viaggio-nelluniverso-dellaromaterapia\\\/\"},\"author\":{\"name\":\"Mark Linden\",\"@id\":\"https:\\\/\\\/www.monaco-tribune.com\\\/it\\\/#\\\/schema\\\/person\\\/3796f08c04a1ae0bf5db7629e63acc06\"},\"headline\":\"Le essenze del benessere: un viaggio nell&#8217;universo dell&#8217;aromaterapia\",\"datePublished\":\"2025-03-17T14:35:26+00:00\",\"dateModified\":\"2025-03-17T14:44:32+00:00\",\"mainEntityOfPage\":{\"@id\":\"https:\\\/\\\/www.monaco-tribune.com\\\/it\\\/2025\\\/03\\\/le-essenze-del-benessere-un-viaggio-nelluniverso-dellaromaterapia\\\/\"},\"wordCount\":863,\"publisher\":{\"@id\":\"https:\\\/\\\/www.monaco-tribune.com\\\/it\\\/#organization\"},\"image\":{\"@id\":\"https:\\\/\\\/www.monaco-tribune.com\\\/it\\\/2025\\\/03\\\/le-essenze-del-benessere-un-viaggio-nelluniverso-dellaromaterapia\\\/#primaryimage\"},\"thumbnailUrl\":\"https:\\\/\\\/www.monaco-tribune.com\\\/wp-content\\\/uploads\\\/2025\\\/03\\\/atelier-aromatherapie.jpg\",\"keywords\":[\"Benessere\"],\"articleSection\":[\"Cosa fare\",\"La nostra scelta\",\"Notizie\"],\"inLanguage\":\"it-IT\",\"copyrightYear\":\"2025\",\"copyrightHolder\":{\"@id\":\"https:\\\/\\\/www.monaco-tribune.com\\\/#organization\"}},{\"@type\":\"WebPage\",\"@id\":\"https:\\\/\\\/www.monaco-tribune.com\\\/it\\\/2025\\\/03\\\/le-essenze-del-benessere-un-viaggio-nelluniverso-dellaromaterapia\\\/\",\"url\":\"https:\\\/\\\/www.monaco-tribune.com\\\/it\\\/2025\\\/03\\\/le-essenze-del-benessere-un-viaggio-nelluniverso-dellaromaterapia\\\/\",\"name\":\"Le essenze del benessere: un viaggio nell'universo dell'aromaterapia\",\"isPartOf\":{\"@id\":\"https:\\\/\\\/www.monaco-tribune.com\\\/it\\\/#website\"},\"primaryImageOfPage\":{\"@id\":\"https:\\\/\\\/www.monaco-tribune.com\\\/it\\\/2025\\\/03\\\/le-essenze-del-benessere-un-viaggio-nelluniverso-dellaromaterapia\\\/#primaryimage\"},\"image\":{\"@id\":\"https:\\\/\\\/www.monaco-tribune.com\\\/it\\\/2025\\\/03\\\/le-essenze-del-benessere-un-viaggio-nelluniverso-dellaromaterapia\\\/#primaryimage\"},\"thumbnailUrl\":\"https:\\\/\\\/www.monaco-tribune.com\\\/wp-content\\\/uploads\\\/2025\\\/03\\\/atelier-aromatherapie.jpg\",\"datePublished\":\"2025-03-17T14:35:26+00:00\",\"dateModified\":\"2025-03-17T14:44:32+00:00\",\"description\":\"Al crocevia tra scienza e natura, l'aromaterapia \u00e8 una terapia completa che punta a risolvere i disturbi quotidiani con un approccio olistico al\",\"breadcrumb\":{\"@id\":\"https:\\\/\\\/www.monaco-tribune.com\\\/it\\\/2025\\\/03\\\/le-essenze-del-benessere-un-viaggio-nelluniverso-dellaromaterapia\\\/#breadcrumb\"},\"inLanguage\":\"it-IT\",\"potentialAction\":[{\"@type\":\"ReadAction\",\"target\":[\"https:\\\/\\\/www.monaco-tribune.com\\\/it\\\/2025\\\/03\\\/le-essenze-del-benessere-un-viaggio-nelluniverso-dellaromaterapia\\\/\"]}]},{\"@type\":\"ImageObject\",\"inLanguage\":\"it-IT\",\"@id\":\"https:\\\/\\\/www.monaco-tribune.com\\\/it\\\/2025\\\/03\\\/le-essenze-del-benessere-un-viaggio-nelluniverso-dellaromaterapia\\\/#primaryimage\",\"url\":\"https:\\\/\\\/www.monaco-tribune.com\\\/wp-content\\\/uploads\\\/2025\\\/03\\\/atelier-aromatherapie.jpg\",\"contentUrl\":\"https:\\\/\\\/www.monaco-tribune.com\\\/wp-content\\\/uploads\\\/2025\\\/03\\\/atelier-aromatherapie.jpg\",\"width\":1200,\"height\":800,\"caption\":\"Peter Pinville offre seminari introduttivi all'aromaterapia e alla cosmesi naturale \u00a9 Peter Pinville\"},{\"@type\":\"BreadcrumbList\",\"@id\":\"https:\\\/\\\/www.monaco-tribune.com\\\/it\\\/2025\\\/03\\\/le-essenze-del-benessere-un-viaggio-nelluniverso-dellaromaterapia\\\/#breadcrumb\",\"itemListElement\":[{\"@type\":\"ListItem\",\"position\":1,\"name\":\"Accueil\",\"item\":\"https:\\\/\\\/www.monaco-tribune.com\\\/it\\\/\"},{\"@type\":\"ListItem\",\"position\":2,\"name\":\"Le essenze del benessere: un viaggio nell&#8217;universo dell&#8217;aromaterapia\"}]},{\"@type\":\"WebSite\",\"@id\":\"https:\\\/\\\/www.monaco-tribune.com\\\/it\\\/#website\",\"url\":\"https:\\\/\\\/www.monaco-tribune.com\\\/it\\\/\",\"name\":\"Monaco Tribune\",\"description\":\"Monaco : actualit\u00e9s \u00e9conomiques, politiques, culturelles et sportives de Monaco et de la French Riviera.\",\"publisher\":{\"@id\":\"https:\\\/\\\/www.monaco-tribune.com\\\/it\\\/#organization\"},\"potentialAction\":[{\"@type\":\"SearchAction\",\"target\":{\"@type\":\"EntryPoint\",\"urlTemplate\":\"https:\\\/\\\/www.monaco-tribune.com\\\/it\\\/?s={search_term_string}\"},\"query-input\":{\"@type\":\"PropertyValueSpecification\",\"valueRequired\":true,\"valueName\":\"search_term_string\"}}],\"inLanguage\":\"it-IT\"},{\"@type\":\"Organization\",\"@id\":\"https:\\\/\\\/www.monaco-tribune.com\\\/it\\\/#organization\",\"name\":\"Monaco Tribune\",\"url\":\"https:\\\/\\\/www.monaco-tribune.com\\\/it\\\/\",\"logo\":{\"@type\":\"ImageObject\",\"inLanguage\":\"it-IT\",\"@id\":\"https:\\\/\\\/www.monaco-tribune.com\\\/it\\\/#\\\/schema\\\/logo\\\/image\\\/\",\"url\":\"https:\\\/\\\/www.monaco-tribune.com\\\/wp-content\\\/uploads\\\/2022\\\/11\\\/logo-monaco-tribune.png\",\"contentUrl\":\"https:\\\/\\\/www.monaco-tribune.com\\\/wp-content\\\/uploads\\\/2022\\\/11\\\/logo-monaco-tribune.png\",\"width\":1548,\"height\":600,\"caption\":\"Monaco Tribune\"},\"image\":{\"@id\":\"https:\\\/\\\/www.monaco-tribune.com\\\/it\\\/#\\\/schema\\\/logo\\\/image\\\/\"},\"sameAs\":[\"https:\\\/\\\/www.facebook.com\\\/MonacoTribune\",\"https:\\\/\\\/x.com\\\/MonacoTribune\",\"https:\\\/\\\/www.instagram.com\\\/monacotribune\\\/\",\"https:\\\/\\\/www.linkedin.com\\\/company\\\/monaco-tribune\",\"https:\\\/\\\/www.youtube.com\\\/channel\\\/UCHle1MnG6hw1y4lWKijVbMA\"]},{\"@type\":\"Person\",\"@id\":\"https:\\\/\\\/www.monaco-tribune.com\\\/it\\\/#\\\/schema\\\/person\\\/3796f08c04a1ae0bf5db7629e63acc06\",\"name\":\"Mark Linden\",\"image\":{\"@type\":\"ImageObject\",\"inLanguage\":\"it-IT\",\"@id\":\"https:\\\/\\\/secure.gravatar.com\\\/avatar\\\/d0130c037315ebbab849176573fa4be49bb085b56b56eef40dfdebd8b0dab200?s=96&d=mm&r=g\",\"url\":\"https:\\\/\\\/secure.gravatar.com\\\/avatar\\\/d0130c037315ebbab849176573fa4be49bb085b56b56eef40dfdebd8b0dab200?s=96&d=mm&r=g\",\"contentUrl\":\"https:\\\/\\\/secure.gravatar.com\\\/avatar\\\/d0130c037315ebbab849176573fa4be49bb085b56b56eef40dfdebd8b0dab200?s=96&d=mm&r=g\",\"caption\":\"Mark Linden\"},\"url\":\"https:\\\/\\\/www.monaco-tribune.com\\\/it\\\/author\\\/nielslinden\\\/\"}]}<\/script>\n<!-- \/ Yoast SEO Premium plugin. -->","yoast_head_json":{"title":"Le essenze del benessere: un viaggio nell'universo dell'aromaterapia","description":"Al crocevia tra scienza e natura, l'aromaterapia \u00e8 una terapia completa che punta a risolvere i disturbi quotidiani con un approccio olistico al","robots":{"index":"index","follow":"follow","max-snippet":"max-snippet:-1","max-image-preview":"max-image-preview:large","max-video-preview":"max-video-preview:-1"},"canonical":"https:\/\/www.monaco-tribune.com\/it\/2025\/03\/le-essenze-del-benessere-un-viaggio-nelluniverso-dellaromaterapia\/","og_locale":"it_IT","og_type":"article","og_title":"Le essenze del benessere: un viaggio nell'universo dell'aromaterapia - Monaco Tribune","og_description":"Al crocevia tra scienza e natura, l'aromaterapia \u00e8 una terapia completa che punta a risolvere i disturbi quotidiani con un approccio olistico al","og_url":"https:\/\/www.monaco-tribune.com\/it\/2025\/03\/le-essenze-del-benessere-un-viaggio-nelluniverso-dellaromaterapia\/","og_site_name":"Monaco Tribune","article_publisher":"https:\/\/www.facebook.com\/MonacoTribune","article_published_time":"2025-03-17T14:35:26+00:00","article_modified_time":"2025-03-17T14:44:32+00:00","og_image":[{"width":1200,"height":800,"url":"https:\/\/www.monaco-tribune.com\/wp-content\/uploads\/2025\/03\/atelier-aromatherapie.jpg","type":"image\/jpeg"}],"author":"Mark Linden","twitter_card":"summary_large_image","twitter_creator":"@MonacoTribune","twitter_site":"@MonacoTribune","schema":{"@context":"https:\/\/schema.org","@graph":[{"@type":"NewsArticle","@id":"https:\/\/www.monaco-tribune.com\/it\/2025\/03\/le-essenze-del-benessere-un-viaggio-nelluniverso-dellaromaterapia\/#article","isPartOf":{"@id":"https:\/\/www.monaco-tribune.com\/it\/2025\/03\/le-essenze-del-benessere-un-viaggio-nelluniverso-dellaromaterapia\/"},"author":{"name":"Mark Linden","@id":"https:\/\/www.monaco-tribune.com\/it\/#\/schema\/person\/3796f08c04a1ae0bf5db7629e63acc06"},"headline":"Le essenze del benessere: un viaggio nell&#8217;universo dell&#8217;aromaterapia","datePublished":"2025-03-17T14:35:26+00:00","dateModified":"2025-03-17T14:44:32+00:00","mainEntityOfPage":{"@id":"https:\/\/www.monaco-tribune.com\/it\/2025\/03\/le-essenze-del-benessere-un-viaggio-nelluniverso-dellaromaterapia\/"},"wordCount":863,"publisher":{"@id":"https:\/\/www.monaco-tribune.com\/it\/#organization"},"image":{"@id":"https:\/\/www.monaco-tribune.com\/it\/2025\/03\/le-essenze-del-benessere-un-viaggio-nelluniverso-dellaromaterapia\/#primaryimage"},"thumbnailUrl":"https:\/\/www.monaco-tribune.com\/wp-content\/uploads\/2025\/03\/atelier-aromatherapie.jpg","keywords":["Benessere"],"articleSection":["Cosa fare","La nostra scelta","Notizie"],"inLanguage":"it-IT","copyrightYear":"2025","copyrightHolder":{"@id":"https:\/\/www.monaco-tribune.com\/#organization"}},{"@type":"WebPage","@id":"https:\/\/www.monaco-tribune.com\/it\/2025\/03\/le-essenze-del-benessere-un-viaggio-nelluniverso-dellaromaterapia\/","url":"https:\/\/www.monaco-tribune.com\/it\/2025\/03\/le-essenze-del-benessere-un-viaggio-nelluniverso-dellaromaterapia\/","name":"Le essenze del benessere: un viaggio nell'universo dell'aromaterapia","isPartOf":{"@id":"https:\/\/www.monaco-tribune.com\/it\/#website"},"primaryImageOfPage":{"@id":"https:\/\/www.monaco-tribune.com\/it\/2025\/03\/le-essenze-del-benessere-un-viaggio-nelluniverso-dellaromaterapia\/#primaryimage"},"image":{"@id":"https:\/\/www.monaco-tribune.com\/it\/2025\/03\/le-essenze-del-benessere-un-viaggio-nelluniverso-dellaromaterapia\/#primaryimage"},"thumbnailUrl":"https:\/\/www.monaco-tribune.com\/wp-content\/uploads\/2025\/03\/atelier-aromatherapie.jpg","datePublished":"2025-03-17T14:35:26+00:00","dateModified":"2025-03-17T14:44:32+00:00","description":"Al crocevia tra scienza e natura, l'aromaterapia \u00e8 una terapia completa che punta a risolvere i disturbi quotidiani con un approccio olistico al","breadcrumb":{"@id":"https:\/\/www.monaco-tribune.com\/it\/2025\/03\/le-essenze-del-benessere-un-viaggio-nelluniverso-dellaromaterapia\/#breadcrumb"},"inLanguage":"it-IT","potentialAction":[{"@type":"ReadAction","target":["https:\/\/www.monaco-tribune.com\/it\/2025\/03\/le-essenze-del-benessere-un-viaggio-nelluniverso-dellaromaterapia\/"]}]},{"@type":"ImageObject","inLanguage":"it-IT","@id":"https:\/\/www.monaco-tribune.com\/it\/2025\/03\/le-essenze-del-benessere-un-viaggio-nelluniverso-dellaromaterapia\/#primaryimage","url":"https:\/\/www.monaco-tribune.com\/wp-content\/uploads\/2025\/03\/atelier-aromatherapie.jpg","contentUrl":"https:\/\/www.monaco-tribune.com\/wp-content\/uploads\/2025\/03\/atelier-aromatherapie.jpg","width":1200,"height":800,"caption":"Peter Pinville offre seminari introduttivi all'aromaterapia e alla cosmesi naturale \u00a9 Peter Pinville"},{"@type":"BreadcrumbList","@id":"https:\/\/www.monaco-tribune.com\/it\/2025\/03\/le-essenze-del-benessere-un-viaggio-nelluniverso-dellaromaterapia\/#breadcrumb","itemListElement":[{"@type":"ListItem","position":1,"name":"Accueil","item":"https:\/\/www.monaco-tribune.com\/it\/"},{"@type":"ListItem","position":2,"name":"Le essenze del benessere: un viaggio nell&#8217;universo dell&#8217;aromaterapia"}]},{"@type":"WebSite","@id":"https:\/\/www.monaco-tribune.com\/it\/#website","url":"https:\/\/www.monaco-tribune.com\/it\/","name":"Monaco Tribune","description":"Monaco : actualit\u00e9s \u00e9conomiques, politiques, culturelles et sportives de Monaco et de la French Riviera.","publisher":{"@id":"https:\/\/www.monaco-tribune.com\/it\/#organization"},"potentialAction":[{"@type":"SearchAction","target":{"@type":"EntryPoint","urlTemplate":"https:\/\/www.monaco-tribune.com\/it\/?s={search_term_string}"},"query-input":{"@type":"PropertyValueSpecification","valueRequired":true,"valueName":"search_term_string"}}],"inLanguage":"it-IT"},{"@type":"Organization","@id":"https:\/\/www.monaco-tribune.com\/it\/#organization","name":"Monaco Tribune","url":"https:\/\/www.monaco-tribune.com\/it\/","logo":{"@type":"ImageObject","inLanguage":"it-IT","@id":"https:\/\/www.monaco-tribune.com\/it\/#\/schema\/logo\/image\/","url":"https:\/\/www.monaco-tribune.com\/wp-content\/uploads\/2022\/11\/logo-monaco-tribune.png","contentUrl":"https:\/\/www.monaco-tribune.com\/wp-content\/uploads\/2022\/11\/logo-monaco-tribune.png","width":1548,"height":600,"caption":"Monaco Tribune"},"image":{"@id":"https:\/\/www.monaco-tribune.com\/it\/#\/schema\/logo\/image\/"},"sameAs":["https:\/\/www.facebook.com\/MonacoTribune","https:\/\/x.com\/MonacoTribune","https:\/\/www.instagram.com\/monacotribune\/","https:\/\/www.linkedin.com\/company\/monaco-tribune","https:\/\/www.youtube.com\/channel\/UCHle1MnG6hw1y4lWKijVbMA"]},{"@type":"Person","@id":"https:\/\/www.monaco-tribune.com\/it\/#\/schema\/person\/3796f08c04a1ae0bf5db7629e63acc06","name":"Mark Linden","image":{"@type":"ImageObject","inLanguage":"it-IT","@id":"https:\/\/secure.gravatar.com\/avatar\/d0130c037315ebbab849176573fa4be49bb085b56b56eef40dfdebd8b0dab200?s=96&d=mm&r=g","url":"https:\/\/secure.gravatar.com\/avatar\/d0130c037315ebbab849176573fa4be49bb085b56b56eef40dfdebd8b0dab200?s=96&d=mm&r=g","contentUrl":"https:\/\/secure.gravatar.com\/avatar\/d0130c037315ebbab849176573fa4be49bb085b56b56eef40dfdebd8b0dab200?s=96&d=mm&r=g","caption":"Mark Linden"},"url":"https:\/\/www.monaco-tribune.com\/it\/author\/nielslinden\/"}]}},"_links":{"self":[{"href":"https:\/\/www.monaco-tribune.com\/it\/wp-json\/wp\/v2\/posts\/282057","targetHints":{"allow":["GET"]}}],"collection":[{"href":"https:\/\/www.monaco-tribune.com\/it\/wp-json\/wp\/v2\/posts"}],"about":[{"href":"https:\/\/www.monaco-tribune.com\/it\/wp-json\/wp\/v2\/types\/post"}],"author":[{"embeddable":true,"href":"https:\/\/www.monaco-tribune.com\/it\/wp-json\/wp\/v2\/users\/78"}],"replies":[{"embeddable":true,"href":"https:\/\/www.monaco-tribune.com\/it\/wp-json\/wp\/v2\/comments?post=282057"}],"version-history":[{"count":2,"href":"https:\/\/www.monaco-tribune.com\/it\/wp-json\/wp\/v2\/posts\/282057\/revisions"}],"predecessor-version":[{"id":282067,"href":"https:\/\/www.monaco-tribune.com\/it\/wp-json\/wp\/v2\/posts\/282057\/revisions\/282067"}],"wp:featuredmedia":[{"embeddable":true,"href":"https:\/\/www.monaco-tribune.com\/it\/wp-json\/wp\/v2\/media\/281902"}],"wp:attachment":[{"href":"https:\/\/www.monaco-tribune.com\/it\/wp-json\/wp\/v2\/media?parent=282057"}],"wp:term":[{"taxonomy":"category","embeddable":true,"href":"https:\/\/www.monaco-tribune.com\/it\/wp-json\/wp\/v2\/categories?post=282057"},{"taxonomy":"post_tag","embeddable":true,"href":"https:\/\/www.monaco-tribune.com\/it\/wp-json\/wp\/v2\/tags?post=282057"},{"taxonomy":"sectag","embeddable":true,"href":"https:\/\/www.monaco-tribune.com\/it\/wp-json\/wp\/v2\/post_sectags?post=282057"},{"taxonomy":"format","embeddable":true,"href":"https:\/\/www.monaco-tribune.com\/it\/wp-json\/wp\/v2\/post_format?post=282057"}],"curies":[{"name":"wp","href":"https:\/\/api.w.org\/{rel}","templated":true}]}}