{"id":28247,"date":"2020-05-26T10:37:40","date_gmt":"2020-05-26T08:37:40","guid":{"rendered":"https:\/\/www.monaco-tribune.com\/2020\/05\/video-il-pilota-monegasco-charles-leclerc-diventa-attore-per-un-giorno\/"},"modified":"2020-05-28T09:07:58","modified_gmt":"2020-05-28T07:07:58","slug":"video-il-pilota-monegasco-charles-leclerc-diventa-attore-per-un-giorno","status":"publish","type":"post","link":"https:\/\/www.monaco-tribune.com\/it\/2020\/05\/video-il-pilota-monegasco-charles-leclerc-diventa-attore-per-un-giorno\/","title":{"rendered":"VIDEO. Il pilota monegasco Charles Leclerc diventa attore per un giorno"},"content":{"rendered":"<p><strong>Il pilota della Ferrari Charles Leclerc ha sfrecciato sulle stradine deserte del Principato di Monaco, domenica 24 maggio, per le riprese di un cortometraggio di Claude Lelouch.<\/strong><\/p>\n<p>Nel giorno in cui si sarebbe dovuto correre per davvero a Montecarlo per il Gp Monaco di Formula 1, il pilota della\u00a0Ferrari si \u00e8 potuto consolare correndo con una\u00a0<em>SF90 stradale<strong>.\u00a0<\/strong><\/em><\/p>\n<p>Il tutto rientra all\u2019interno delle riprese per il film <em>\u201cLe Grand Rendez Vous\u201d\u00a0<\/em>di Claude Lelouch in cui Leclerc \u00e8 comparso come attore per un giorno per un remake dello storico cortometraggio del 1976. Quell&#8217;anno Claude Lelouch aveva lanciato un&#8217;auto a tutta velocit\u00e0 per le strade di Parigi per la realizzazione del cortometraggio &#8220;<em>C&#8217;\u00e9tait un rendez-vous<\/em>&#8220;.<\/p>\n<p>&#8220;\u00c8 la storia del film, la storia di un uomo innamorato che \u00e8 in ritardo per un appuntamento. Quando sei innamorato, corri dei rischi&#8221;, ha detto Claude Lelouch a BFMTV.<\/p>\n<p>&#8220;Nel 1976 non siamo riusciti a bloccare Parigi (&#8230;) Questo film del 1976 \u00e8 sia il film di cui vado pi\u00f9 fiero che quello di cui mi vergogno di pi\u00f9, perch\u00e9 stavo facendo tutto ci\u00f2 che non si dovrebbe fare al volante di un&#8217;auto.&#8221;<\/p>\n<blockquote class=\"twitter-tweet\" data-width=\"500\" data-dnt=\"true\">\n<p lang=\"art\" dir=\"ltr\">\ud83d\ude0d <a href=\"https:\/\/t.co\/VQPj8kl05E\">https:\/\/t.co\/VQPj8kl05E<\/a><\/p>\n<p>&mdash; Charles Leclerc (@Charles_Leclerc) <a href=\"https:\/\/twitter.com\/Charles_Leclerc\/status\/1264566879101882373?ref_src=twsrc%5Etfw\">May 24, 2020<\/a><\/p><\/blockquote>\n<p><script async src=\"https:\/\/platform.twitter.com\/widgets.js\" charset=\"utf-8\"><\/script><\/p>\n<p>Quando le riprese sono finite il Principe Alberto, tifoso numero 1 del ferrarista, lo ha aspettato per una foto. I due si sono salutati con il gomito, come prevede il nuovo protocollo.<\/p>\n<p><iframe style=\"border: none; overflow: hidden;\" src=\"https:\/\/www.facebook.com\/plugins\/post.php?href=https%3A%2F%2Fwww.facebook.com%2Fmedia%2Fset%2F%3Fset%3Da.3428060960539752%26type%3D3&amp;width=500\" width=\"500\" height=\"770\" frameborder=\"0\" scrolling=\"no\"><\/iframe><\/p>\n<p>Il cortometraggio di 5-6 minuti sar\u00e0 trasmesso su Canal+ il 13 giugno.<\/p>\n<p><strong>Tre Gp Monaco nel 2021<\/strong><\/p>\n<p>All&#8217;inizio di questo mese, l&#8217;Automobile Club de Monaco ha annunciato che il <em>Grand Prix de Monaco Historique<\/em> sar\u00e0 ben organizzato nella primavera del 2021, un anno dopo il suo rinvio a causa di Covid-19. Cos\u00ec ci saranno tre Gp Monaco nel 2021: Il 12\u00b0 <em>Grand Prix de Monaco Historique<\/em> (23-25 aprile), il 4\u00b0 <em>Monaco ePrix<\/em> (8 maggio) e il 78\u00b0 <em>Gp di Formula 1<\/em> (20-23 maggio).<\/p>\n","protected":false},"excerpt":{"rendered":"<p>Il pilota della Ferrari Charles Leclerc ha sfrecciato sulle stradine deserte del Principato di Monaco, domenica 24 maggio, per le [&hellip;]<\/p>\n","protected":false},"author":26,"featured_media":28208,"comment_status":"closed","ping_status":"open","sticky":false,"template":"","format":"standard","meta":{"_acf_changed":false,"footnotes":""},"categories":[1738],"tags":[],"post_sectags":[],"post_format":[],"class_list":["post-28247","post","type-post","status-publish","format-standard","has-post-thumbnail","hentry","category-notizie"],"acf":[],"yoast_head":"<!-- This site is optimized with the Yoast SEO Premium plugin v26.8 (Yoast SEO v27.5) - https:\/\/yoast.com\/product\/yoast-seo-premium-wordpress\/ -->\n<title>VIDEO. Il pilota monegasco Charles Leclerc diventa attore per un giorno<\/title>\n<meta name=\"description\" content=\"Il pilota della Ferrari Charles Leclerc ha sfrecciato sulle stradine deserte del Principato di Monaco, domenica 24 maggio, per le riprese di un\" \/>\n<meta name=\"robots\" content=\"index, follow, max-snippet:-1, max-image-preview:large, max-video-preview:-1\" \/>\n<link rel=\"canonical\" href=\"https:\/\/www.monaco-tribune.com\/it\/2020\/05\/video-il-pilota-monegasco-charles-leclerc-diventa-attore-per-un-giorno\/\" \/>\n<meta property=\"og:locale\" content=\"it_IT\" \/>\n<meta property=\"og:type\" content=\"article\" \/>\n<meta property=\"og:title\" content=\"VIDEO. Il pilota monegasco Charles Leclerc diventa attore per un giorno - Monaco Tribune\" \/>\n<meta property=\"og:description\" content=\"Il pilota della Ferrari Charles Leclerc ha sfrecciato sulle stradine deserte del Principato di Monaco, domenica 24 maggio, per le riprese di un\" \/>\n<meta property=\"og:url\" content=\"https:\/\/www.monaco-tribune.com\/it\/2020\/05\/video-il-pilota-monegasco-charles-leclerc-diventa-attore-per-un-giorno\/\" \/>\n<meta property=\"og:site_name\" content=\"Monaco Tribune\" \/>\n<meta property=\"article:publisher\" content=\"https:\/\/www.facebook.com\/MonacoTribune\" \/>\n<meta property=\"article:published_time\" content=\"2020-05-26T08:37:40+00:00\" \/>\n<meta property=\"article:modified_time\" content=\"2020-05-28T07:07:58+00:00\" \/>\n<meta property=\"og:image\" content=\"https:\/\/www.monaco-tribune.com\/wp-content\/uploads\/2020\/05\/200035-car-ferrari-sf90-stradale-claude-lelouc-charles-leclerc-monaco-2020.jpg\" \/>\n\t<meta property=\"og:image:width\" content=\"1959\" \/>\n\t<meta property=\"og:image:height\" content=\"1102\" \/>\n\t<meta property=\"og:image:type\" content=\"image\/jpeg\" \/>\n<meta name=\"author\" content=\"Amy Cartledge\" \/>\n<meta name=\"twitter:card\" content=\"summary_large_image\" \/>\n<meta name=\"twitter:creator\" content=\"@MonacoTribune\" \/>\n<meta name=\"twitter:site\" content=\"@MonacoTribune\" \/>\n<script type=\"application\/ld+json\" class=\"yoast-schema-graph\">{\"@context\":\"https:\\\/\\\/schema.org\",\"@graph\":[{\"@type\":\"NewsArticle\",\"@id\":\"https:\\\/\\\/www.monaco-tribune.com\\\/it\\\/2020\\\/05\\\/video-il-pilota-monegasco-charles-leclerc-diventa-attore-per-un-giorno\\\/#article\",\"isPartOf\":{\"@id\":\"https:\\\/\\\/www.monaco-tribune.com\\\/it\\\/2020\\\/05\\\/video-il-pilota-monegasco-charles-leclerc-diventa-attore-per-un-giorno\\\/\"},\"author\":{\"name\":\"Amy Cartledge\",\"@id\":\"https:\\\/\\\/www.monaco-tribune.com\\\/it\\\/#\\\/schema\\\/person\\\/0dc76d3f32e52ffacdcc2a53b81750df\"},\"headline\":\"VIDEO. Il pilota monegasco Charles Leclerc diventa attore per un giorno\",\"datePublished\":\"2020-05-26T08:37:40+00:00\",\"dateModified\":\"2020-05-28T07:07:58+00:00\",\"mainEntityOfPage\":{\"@id\":\"https:\\\/\\\/www.monaco-tribune.com\\\/it\\\/2020\\\/05\\\/video-il-pilota-monegasco-charles-leclerc-diventa-attore-per-un-giorno\\\/\"},\"wordCount\":308,\"publisher\":{\"@id\":\"https:\\\/\\\/www.monaco-tribune.com\\\/it\\\/#organization\"},\"image\":{\"@id\":\"https:\\\/\\\/www.monaco-tribune.com\\\/it\\\/2020\\\/05\\\/video-il-pilota-monegasco-charles-leclerc-diventa-attore-per-un-giorno\\\/#primaryimage\"},\"thumbnailUrl\":\"https:\\\/\\\/www.monaco-tribune.com\\\/wp-content\\\/uploads\\\/2020\\\/05\\\/200035-car-ferrari-sf90-stradale-claude-lelouc-charles-leclerc-monaco-2020.jpg\",\"articleSection\":[\"Notizie\"],\"inLanguage\":\"it-IT\",\"copyrightYear\":\"2020\",\"copyrightHolder\":{\"@id\":\"https:\\\/\\\/www.monaco-tribune.com\\\/#organization\"}},{\"@type\":\"WebPage\",\"@id\":\"https:\\\/\\\/www.monaco-tribune.com\\\/it\\\/2020\\\/05\\\/video-il-pilota-monegasco-charles-leclerc-diventa-attore-per-un-giorno\\\/\",\"url\":\"https:\\\/\\\/www.monaco-tribune.com\\\/it\\\/2020\\\/05\\\/video-il-pilota-monegasco-charles-leclerc-diventa-attore-per-un-giorno\\\/\",\"name\":\"VIDEO. Il pilota monegasco Charles Leclerc diventa attore per un giorno\",\"isPartOf\":{\"@id\":\"https:\\\/\\\/www.monaco-tribune.com\\\/it\\\/#website\"},\"primaryImageOfPage\":{\"@id\":\"https:\\\/\\\/www.monaco-tribune.com\\\/it\\\/2020\\\/05\\\/video-il-pilota-monegasco-charles-leclerc-diventa-attore-per-un-giorno\\\/#primaryimage\"},\"image\":{\"@id\":\"https:\\\/\\\/www.monaco-tribune.com\\\/it\\\/2020\\\/05\\\/video-il-pilota-monegasco-charles-leclerc-diventa-attore-per-un-giorno\\\/#primaryimage\"},\"thumbnailUrl\":\"https:\\\/\\\/www.monaco-tribune.com\\\/wp-content\\\/uploads\\\/2020\\\/05\\\/200035-car-ferrari-sf90-stradale-claude-lelouc-charles-leclerc-monaco-2020.jpg\",\"datePublished\":\"2020-05-26T08:37:40+00:00\",\"dateModified\":\"2020-05-28T07:07:58+00:00\",\"description\":\"Il pilota della Ferrari Charles Leclerc ha sfrecciato sulle stradine deserte del Principato di Monaco, domenica 24 maggio, per le riprese di un\",\"breadcrumb\":{\"@id\":\"https:\\\/\\\/www.monaco-tribune.com\\\/it\\\/2020\\\/05\\\/video-il-pilota-monegasco-charles-leclerc-diventa-attore-per-un-giorno\\\/#breadcrumb\"},\"inLanguage\":\"it-IT\",\"potentialAction\":[{\"@type\":\"ReadAction\",\"target\":[\"https:\\\/\\\/www.monaco-tribune.com\\\/it\\\/2020\\\/05\\\/video-il-pilota-monegasco-charles-leclerc-diventa-attore-per-un-giorno\\\/\"]}]},{\"@type\":\"ImageObject\",\"inLanguage\":\"it-IT\",\"@id\":\"https:\\\/\\\/www.monaco-tribune.com\\\/it\\\/2020\\\/05\\\/video-il-pilota-monegasco-charles-leclerc-diventa-attore-per-un-giorno\\\/#primaryimage\",\"url\":\"https:\\\/\\\/www.monaco-tribune.com\\\/wp-content\\\/uploads\\\/2020\\\/05\\\/200035-car-ferrari-sf90-stradale-claude-lelouc-charles-leclerc-monaco-2020.jpg\",\"contentUrl\":\"https:\\\/\\\/www.monaco-tribune.com\\\/wp-content\\\/uploads\\\/2020\\\/05\\\/200035-car-ferrari-sf90-stradale-claude-lelouc-charles-leclerc-monaco-2020.jpg\",\"width\":1959,\"height\":1102,\"caption\":\"Ferrari\"},{\"@type\":\"BreadcrumbList\",\"@id\":\"https:\\\/\\\/www.monaco-tribune.com\\\/it\\\/2020\\\/05\\\/video-il-pilota-monegasco-charles-leclerc-diventa-attore-per-un-giorno\\\/#breadcrumb\",\"itemListElement\":[{\"@type\":\"ListItem\",\"position\":1,\"name\":\"Accueil\",\"item\":\"https:\\\/\\\/www.monaco-tribune.com\\\/it\\\/\"},{\"@type\":\"ListItem\",\"position\":2,\"name\":\"VIDEO. Il pilota monegasco Charles Leclerc diventa attore per un giorno\"}]},{\"@type\":\"WebSite\",\"@id\":\"https:\\\/\\\/www.monaco-tribune.com\\\/it\\\/#website\",\"url\":\"https:\\\/\\\/www.monaco-tribune.com\\\/it\\\/\",\"name\":\"Monaco Tribune\",\"description\":\"Monaco : actualit\u00e9s \u00e9conomiques, politiques, culturelles et sportives de Monaco et de la French Riviera.\",\"publisher\":{\"@id\":\"https:\\\/\\\/www.monaco-tribune.com\\\/it\\\/#organization\"},\"potentialAction\":[{\"@type\":\"SearchAction\",\"target\":{\"@type\":\"EntryPoint\",\"urlTemplate\":\"https:\\\/\\\/www.monaco-tribune.com\\\/it\\\/?s={search_term_string}\"},\"query-input\":{\"@type\":\"PropertyValueSpecification\",\"valueRequired\":true,\"valueName\":\"search_term_string\"}}],\"inLanguage\":\"it-IT\"},{\"@type\":\"Organization\",\"@id\":\"https:\\\/\\\/www.monaco-tribune.com\\\/it\\\/#organization\",\"name\":\"Monaco Tribune\",\"url\":\"https:\\\/\\\/www.monaco-tribune.com\\\/it\\\/\",\"logo\":{\"@type\":\"ImageObject\",\"inLanguage\":\"it-IT\",\"@id\":\"https:\\\/\\\/www.monaco-tribune.com\\\/it\\\/#\\\/schema\\\/logo\\\/image\\\/\",\"url\":\"https:\\\/\\\/www.monaco-tribune.com\\\/wp-content\\\/uploads\\\/2022\\\/11\\\/logo-monaco-tribune.png\",\"contentUrl\":\"https:\\\/\\\/www.monaco-tribune.com\\\/wp-content\\\/uploads\\\/2022\\\/11\\\/logo-monaco-tribune.png\",\"width\":1548,\"height\":600,\"caption\":\"Monaco Tribune\"},\"image\":{\"@id\":\"https:\\\/\\\/www.monaco-tribune.com\\\/it\\\/#\\\/schema\\\/logo\\\/image\\\/\"},\"sameAs\":[\"https:\\\/\\\/www.facebook.com\\\/MonacoTribune\",\"https:\\\/\\\/x.com\\\/MonacoTribune\",\"https:\\\/\\\/www.instagram.com\\\/monacotribune\\\/\",\"https:\\\/\\\/www.linkedin.com\\\/company\\\/monaco-tribune\",\"https:\\\/\\\/www.youtube.com\\\/channel\\\/UCHle1MnG6hw1y4lWKijVbMA\"]},{\"@type\":\"Person\",\"@id\":\"https:\\\/\\\/www.monaco-tribune.com\\\/it\\\/#\\\/schema\\\/person\\\/0dc76d3f32e52ffacdcc2a53b81750df\",\"name\":\"Amy Cartledge\",\"image\":{\"@type\":\"ImageObject\",\"inLanguage\":\"it-IT\",\"@id\":\"https:\\\/\\\/secure.gravatar.com\\\/avatar\\\/9a09fffd41bf12133660511cc56cee16139846eca5e17fb39941aeadce044ab5?s=96&d=mm&r=g\",\"url\":\"https:\\\/\\\/secure.gravatar.com\\\/avatar\\\/9a09fffd41bf12133660511cc56cee16139846eca5e17fb39941aeadce044ab5?s=96&d=mm&r=g\",\"contentUrl\":\"https:\\\/\\\/secure.gravatar.com\\\/avatar\\\/9a09fffd41bf12133660511cc56cee16139846eca5e17fb39941aeadce044ab5?s=96&d=mm&r=g\",\"caption\":\"Amy Cartledge\"},\"url\":\"https:\\\/\\\/www.monaco-tribune.com\\\/it\\\/author\\\/amy-cartledge\\\/\"}]}<\/script>\n<!-- \/ Yoast SEO Premium plugin. -->","yoast_head_json":{"title":"VIDEO. Il pilota monegasco Charles Leclerc diventa attore per un giorno","description":"Il pilota della Ferrari Charles Leclerc ha sfrecciato sulle stradine deserte del Principato di Monaco, domenica 24 maggio, per le riprese di un","robots":{"index":"index","follow":"follow","max-snippet":"max-snippet:-1","max-image-preview":"max-image-preview:large","max-video-preview":"max-video-preview:-1"},"canonical":"https:\/\/www.monaco-tribune.com\/it\/2020\/05\/video-il-pilota-monegasco-charles-leclerc-diventa-attore-per-un-giorno\/","og_locale":"it_IT","og_type":"article","og_title":"VIDEO. Il pilota monegasco Charles Leclerc diventa attore per un giorno - Monaco Tribune","og_description":"Il pilota della Ferrari Charles Leclerc ha sfrecciato sulle stradine deserte del Principato di Monaco, domenica 24 maggio, per le riprese di un","og_url":"https:\/\/www.monaco-tribune.com\/it\/2020\/05\/video-il-pilota-monegasco-charles-leclerc-diventa-attore-per-un-giorno\/","og_site_name":"Monaco Tribune","article_publisher":"https:\/\/www.facebook.com\/MonacoTribune","article_published_time":"2020-05-26T08:37:40+00:00","article_modified_time":"2020-05-28T07:07:58+00:00","og_image":[{"width":1959,"height":1102,"url":"https:\/\/www.monaco-tribune.com\/wp-content\/uploads\/2020\/05\/200035-car-ferrari-sf90-stradale-claude-lelouc-charles-leclerc-monaco-2020.jpg","type":"image\/jpeg"}],"author":"Amy Cartledge","twitter_card":"summary_large_image","twitter_creator":"@MonacoTribune","twitter_site":"@MonacoTribune","schema":{"@context":"https:\/\/schema.org","@graph":[{"@type":"NewsArticle","@id":"https:\/\/www.monaco-tribune.com\/it\/2020\/05\/video-il-pilota-monegasco-charles-leclerc-diventa-attore-per-un-giorno\/#article","isPartOf":{"@id":"https:\/\/www.monaco-tribune.com\/it\/2020\/05\/video-il-pilota-monegasco-charles-leclerc-diventa-attore-per-un-giorno\/"},"author":{"name":"Amy Cartledge","@id":"https:\/\/www.monaco-tribune.com\/it\/#\/schema\/person\/0dc76d3f32e52ffacdcc2a53b81750df"},"headline":"VIDEO. Il pilota monegasco Charles Leclerc diventa attore per un giorno","datePublished":"2020-05-26T08:37:40+00:00","dateModified":"2020-05-28T07:07:58+00:00","mainEntityOfPage":{"@id":"https:\/\/www.monaco-tribune.com\/it\/2020\/05\/video-il-pilota-monegasco-charles-leclerc-diventa-attore-per-un-giorno\/"},"wordCount":308,"publisher":{"@id":"https:\/\/www.monaco-tribune.com\/it\/#organization"},"image":{"@id":"https:\/\/www.monaco-tribune.com\/it\/2020\/05\/video-il-pilota-monegasco-charles-leclerc-diventa-attore-per-un-giorno\/#primaryimage"},"thumbnailUrl":"https:\/\/www.monaco-tribune.com\/wp-content\/uploads\/2020\/05\/200035-car-ferrari-sf90-stradale-claude-lelouc-charles-leclerc-monaco-2020.jpg","articleSection":["Notizie"],"inLanguage":"it-IT","copyrightYear":"2020","copyrightHolder":{"@id":"https:\/\/www.monaco-tribune.com\/#organization"}},{"@type":"WebPage","@id":"https:\/\/www.monaco-tribune.com\/it\/2020\/05\/video-il-pilota-monegasco-charles-leclerc-diventa-attore-per-un-giorno\/","url":"https:\/\/www.monaco-tribune.com\/it\/2020\/05\/video-il-pilota-monegasco-charles-leclerc-diventa-attore-per-un-giorno\/","name":"VIDEO. Il pilota monegasco Charles Leclerc diventa attore per un giorno","isPartOf":{"@id":"https:\/\/www.monaco-tribune.com\/it\/#website"},"primaryImageOfPage":{"@id":"https:\/\/www.monaco-tribune.com\/it\/2020\/05\/video-il-pilota-monegasco-charles-leclerc-diventa-attore-per-un-giorno\/#primaryimage"},"image":{"@id":"https:\/\/www.monaco-tribune.com\/it\/2020\/05\/video-il-pilota-monegasco-charles-leclerc-diventa-attore-per-un-giorno\/#primaryimage"},"thumbnailUrl":"https:\/\/www.monaco-tribune.com\/wp-content\/uploads\/2020\/05\/200035-car-ferrari-sf90-stradale-claude-lelouc-charles-leclerc-monaco-2020.jpg","datePublished":"2020-05-26T08:37:40+00:00","dateModified":"2020-05-28T07:07:58+00:00","description":"Il pilota della Ferrari Charles Leclerc ha sfrecciato sulle stradine deserte del Principato di Monaco, domenica 24 maggio, per le riprese di un","breadcrumb":{"@id":"https:\/\/www.monaco-tribune.com\/it\/2020\/05\/video-il-pilota-monegasco-charles-leclerc-diventa-attore-per-un-giorno\/#breadcrumb"},"inLanguage":"it-IT","potentialAction":[{"@type":"ReadAction","target":["https:\/\/www.monaco-tribune.com\/it\/2020\/05\/video-il-pilota-monegasco-charles-leclerc-diventa-attore-per-un-giorno\/"]}]},{"@type":"ImageObject","inLanguage":"it-IT","@id":"https:\/\/www.monaco-tribune.com\/it\/2020\/05\/video-il-pilota-monegasco-charles-leclerc-diventa-attore-per-un-giorno\/#primaryimage","url":"https:\/\/www.monaco-tribune.com\/wp-content\/uploads\/2020\/05\/200035-car-ferrari-sf90-stradale-claude-lelouc-charles-leclerc-monaco-2020.jpg","contentUrl":"https:\/\/www.monaco-tribune.com\/wp-content\/uploads\/2020\/05\/200035-car-ferrari-sf90-stradale-claude-lelouc-charles-leclerc-monaco-2020.jpg","width":1959,"height":1102,"caption":"Ferrari"},{"@type":"BreadcrumbList","@id":"https:\/\/www.monaco-tribune.com\/it\/2020\/05\/video-il-pilota-monegasco-charles-leclerc-diventa-attore-per-un-giorno\/#breadcrumb","itemListElement":[{"@type":"ListItem","position":1,"name":"Accueil","item":"https:\/\/www.monaco-tribune.com\/it\/"},{"@type":"ListItem","position":2,"name":"VIDEO. Il pilota monegasco Charles Leclerc diventa attore per un giorno"}]},{"@type":"WebSite","@id":"https:\/\/www.monaco-tribune.com\/it\/#website","url":"https:\/\/www.monaco-tribune.com\/it\/","name":"Monaco Tribune","description":"Monaco : actualit\u00e9s \u00e9conomiques, politiques, culturelles et sportives de Monaco et de la French Riviera.","publisher":{"@id":"https:\/\/www.monaco-tribune.com\/it\/#organization"},"potentialAction":[{"@type":"SearchAction","target":{"@type":"EntryPoint","urlTemplate":"https:\/\/www.monaco-tribune.com\/it\/?s={search_term_string}"},"query-input":{"@type":"PropertyValueSpecification","valueRequired":true,"valueName":"search_term_string"}}],"inLanguage":"it-IT"},{"@type":"Organization","@id":"https:\/\/www.monaco-tribune.com\/it\/#organization","name":"Monaco Tribune","url":"https:\/\/www.monaco-tribune.com\/it\/","logo":{"@type":"ImageObject","inLanguage":"it-IT","@id":"https:\/\/www.monaco-tribune.com\/it\/#\/schema\/logo\/image\/","url":"https:\/\/www.monaco-tribune.com\/wp-content\/uploads\/2022\/11\/logo-monaco-tribune.png","contentUrl":"https:\/\/www.monaco-tribune.com\/wp-content\/uploads\/2022\/11\/logo-monaco-tribune.png","width":1548,"height":600,"caption":"Monaco Tribune"},"image":{"@id":"https:\/\/www.monaco-tribune.com\/it\/#\/schema\/logo\/image\/"},"sameAs":["https:\/\/www.facebook.com\/MonacoTribune","https:\/\/x.com\/MonacoTribune","https:\/\/www.instagram.com\/monacotribune\/","https:\/\/www.linkedin.com\/company\/monaco-tribune","https:\/\/www.youtube.com\/channel\/UCHle1MnG6hw1y4lWKijVbMA"]},{"@type":"Person","@id":"https:\/\/www.monaco-tribune.com\/it\/#\/schema\/person\/0dc76d3f32e52ffacdcc2a53b81750df","name":"Amy Cartledge","image":{"@type":"ImageObject","inLanguage":"it-IT","@id":"https:\/\/secure.gravatar.com\/avatar\/9a09fffd41bf12133660511cc56cee16139846eca5e17fb39941aeadce044ab5?s=96&d=mm&r=g","url":"https:\/\/secure.gravatar.com\/avatar\/9a09fffd41bf12133660511cc56cee16139846eca5e17fb39941aeadce044ab5?s=96&d=mm&r=g","contentUrl":"https:\/\/secure.gravatar.com\/avatar\/9a09fffd41bf12133660511cc56cee16139846eca5e17fb39941aeadce044ab5?s=96&d=mm&r=g","caption":"Amy Cartledge"},"url":"https:\/\/www.monaco-tribune.com\/it\/author\/amy-cartledge\/"}]}},"_links":{"self":[{"href":"https:\/\/www.monaco-tribune.com\/it\/wp-json\/wp\/v2\/posts\/28247","targetHints":{"allow":["GET"]}}],"collection":[{"href":"https:\/\/www.monaco-tribune.com\/it\/wp-json\/wp\/v2\/posts"}],"about":[{"href":"https:\/\/www.monaco-tribune.com\/it\/wp-json\/wp\/v2\/types\/post"}],"author":[{"embeddable":true,"href":"https:\/\/www.monaco-tribune.com\/it\/wp-json\/wp\/v2\/users\/26"}],"replies":[{"embeddable":true,"href":"https:\/\/www.monaco-tribune.com\/it\/wp-json\/wp\/v2\/comments?post=28247"}],"version-history":[{"count":0,"href":"https:\/\/www.monaco-tribune.com\/it\/wp-json\/wp\/v2\/posts\/28247\/revisions"}],"wp:featuredmedia":[{"embeddable":true,"href":"https:\/\/www.monaco-tribune.com\/it\/wp-json\/wp\/v2\/media\/28208"}],"wp:attachment":[{"href":"https:\/\/www.monaco-tribune.com\/it\/wp-json\/wp\/v2\/media?parent=28247"}],"wp:term":[{"taxonomy":"category","embeddable":true,"href":"https:\/\/www.monaco-tribune.com\/it\/wp-json\/wp\/v2\/categories?post=28247"},{"taxonomy":"post_tag","embeddable":true,"href":"https:\/\/www.monaco-tribune.com\/it\/wp-json\/wp\/v2\/tags?post=28247"},{"taxonomy":"sectag","embeddable":true,"href":"https:\/\/www.monaco-tribune.com\/it\/wp-json\/wp\/v2\/post_sectags?post=28247"},{"taxonomy":"format","embeddable":true,"href":"https:\/\/www.monaco-tribune.com\/it\/wp-json\/wp\/v2\/post_format?post=28247"}],"curies":[{"name":"wp","href":"https:\/\/api.w.org\/{rel}","templated":true}]}}