{"id":283154,"date":"2025-03-24T19:17:52","date_gmt":"2025-03-24T17:17:52","guid":{"rendered":"https:\/\/www.monaco-tribune.com\/2025\/03\/la-principessa-charlene-in-sella-a-una-bici-per-lanciare-il-primo-road-safety-day\/"},"modified":"2025-03-24T19:18:01","modified_gmt":"2025-03-24T17:18:01","slug":"la-principessa-charlene-in-sella-a-una-bici-per-lanciare-il-primo-road-safety-day","status":"publish","type":"post","link":"https:\/\/www.monaco-tribune.com\/it\/2025\/03\/la-principessa-charlene-in-sella-a-una-bici-per-lanciare-il-primo-road-safety-day\/","title":{"rendered":"La Principessa Charl\u00e8ne in sella a una bici per lanciare il primo Road Safety Day"},"content":{"rendered":"\n<p><strong>Il Principe Alberto II e la Principessa Charl\u00e8ne hanno dato il buon esempio durante questa giornata dedicata alla sicurezza stradale e alla mobilit\u00e0 dolce sull&#8217;Esplanade du Larvotto.<\/strong><\/p>\n\n<p>Domenica 23 marzo, l&#8217;Esplanade de la Plage du Larvotto si \u00e8 trasformata in un vero e proprio tempio del ciclismo e della sicurezza stradale. Sotto un sole splendente, tantissimi monegaschi e visitatori hanno partecipato con la loro famiglia <a href=\"https:\/\/www.monaco-tribune.com\/2025\/03\/a-vos-velos-pour-le-premier-road-safety-day-de-monaco\/\">alla prima edizione del Road Safety Day<\/a>, organizzata dalla Fondazione Principessa Charl\u00e8ne. \u00c8 stata una giornata di sport e sensibilizzazione.<\/p>\n\n<h2 class=\"wp-block-heading\" id=\"h-une-presence-princiere-engagee\">Il supporto della Coppia Principesca<\/h2>\n\n<p>Al termine della mattinata, il Principe Alberto II e la Principessa Charl\u00e8ne hanno onorato tutti con la loro presenza. La Principessa Charl\u00e8ne, impegnata in questa causa che le sta particolarmente a cuore, non ha esitato a mettersi in sella a una bicicletta per partecipare in prima persona a questa giornata dedicata alla sicurezza stradale.<\/p>\n\n<p>Questo gesto simbolico \u00e8 la prova del coinvolgimento personale della Principessa, che estende cos\u00ec il campo d&#8217;azione della sua Fondazione, gi\u00e0 nota per le sue iniziative contro l&#8217;annegamento attraverso i programmi &#8220;Learn to Swim&#8221; e &#8220;Water Safety&#8221;.<\/p>\n\n<figure class=\"wp-block-gallery has-nested-images columns-1 is-cropped wp-block-gallery-1 is-layout-flex wp-block-gallery-is-layout-flex\"><div class=\"wp-block-image\">\n<figure class=\"aligncenter size-large\"><img loading=\"lazy\" decoding=\"async\" width=\"1024\" height=\"682\" data-id=\"282979\" src=\"https:\/\/www.monaco-tribune.com\/wp-content\/uploads\/2025\/03\/charlene-albert-gareth-monaco-1024x682.jpg\" alt=\"\" class=\"wp-image-282979\" srcset=\"https:\/\/www.monaco-tribune.com\/wp-content\/uploads\/2025\/03\/charlene-albert-gareth-monaco-1024x682.jpg 1024w, https:\/\/www.monaco-tribune.com\/wp-content\/uploads\/2025\/03\/charlene-albert-gareth-monaco-451x300.jpg 451w, https:\/\/www.monaco-tribune.com\/wp-content\/uploads\/2025\/03\/charlene-albert-gareth-monaco.jpg 1200w\" sizes=\"auto, (max-width: 1024px) 100vw, 1024px\" \/><\/figure>\n<\/div>\n\n\n<figure class=\"wp-block-image size-large\"><img loading=\"lazy\" decoding=\"async\" width=\"1024\" height=\"684\" data-id=\"282987\" src=\"https:\/\/www.monaco-tribune.com\/wp-content\/uploads\/2025\/03\/prince-albert-and-princess-charlene-monaco-1024x684.jpg\" alt=\"\" class=\"wp-image-282987\" srcset=\"https:\/\/www.monaco-tribune.com\/wp-content\/uploads\/2025\/03\/prince-albert-and-princess-charlene-monaco-1024x684.jpg 1024w, https:\/\/www.monaco-tribune.com\/wp-content\/uploads\/2025\/03\/prince-albert-and-princess-charlene-monaco-449x300.jpg 449w, https:\/\/www.monaco-tribune.com\/wp-content\/uploads\/2025\/03\/prince-albert-and-princess-charlene-monaco.jpg 1200w\" sizes=\"auto, (max-width: 1024px) 100vw, 1024px\" \/><\/figure>\n\n\n\n<figure class=\"wp-block-image size-large\"><img loading=\"lazy\" decoding=\"async\" width=\"1024\" height=\"685\" data-id=\"282991\" src=\"https:\/\/www.monaco-tribune.com\/wp-content\/uploads\/2025\/03\/princesse-charlene-beking-1024x685.jpg\" alt=\"\" class=\"wp-image-282991\" srcset=\"https:\/\/www.monaco-tribune.com\/wp-content\/uploads\/2025\/03\/princesse-charlene-beking-1024x685.jpg 1024w, https:\/\/www.monaco-tribune.com\/wp-content\/uploads\/2025\/03\/princesse-charlene-beking-448x300.jpg 448w, https:\/\/www.monaco-tribune.com\/wp-content\/uploads\/2025\/03\/princesse-charlene-beking.jpg 1200w\" sizes=\"auto, (max-width: 1024px) 100vw, 1024px\" \/><\/figure>\n\n\n\n<figure class=\"wp-block-image size-large\"><img loading=\"lazy\" decoding=\"async\" width=\"1024\" height=\"684\" data-id=\"282995\" src=\"https:\/\/www.monaco-tribune.com\/wp-content\/uploads\/2025\/03\/princesse-charlene-de-monaco-1024x684.jpg\" alt=\"\" class=\"wp-image-282995\" srcset=\"https:\/\/www.monaco-tribune.com\/wp-content\/uploads\/2025\/03\/princesse-charlene-de-monaco-1024x684.jpg 1024w, https:\/\/www.monaco-tribune.com\/wp-content\/uploads\/2025\/03\/princesse-charlene-de-monaco-449x300.jpg 449w, https:\/\/www.monaco-tribune.com\/wp-content\/uploads\/2025\/03\/princesse-charlene-de-monaco.jpg 1200w\" sizes=\"auto, (max-width: 1024px) 100vw, 1024px\" \/><\/figure>\n\n\n\n<figure class=\"wp-block-image size-large\"><img loading=\"lazy\" decoding=\"async\" width=\"1024\" height=\"685\" data-id=\"283003\" src=\"https:\/\/www.monaco-tribune.com\/wp-content\/uploads\/2025\/03\/princesse-charlene-of-monaco-1024x685.jpg\" alt=\"\" class=\"wp-image-283003\" srcset=\"https:\/\/www.monaco-tribune.com\/wp-content\/uploads\/2025\/03\/princesse-charlene-of-monaco-1024x685.jpg 1024w, https:\/\/www.monaco-tribune.com\/wp-content\/uploads\/2025\/03\/princesse-charlene-of-monaco-448x300.jpg 448w, https:\/\/www.monaco-tribune.com\/wp-content\/uploads\/2025\/03\/princesse-charlene-of-monaco.jpg 1200w\" sizes=\"auto, (max-width: 1024px) 100vw, 1024px\" \/><\/figure>\n\n\n\n<figure class=\"wp-block-image size-large\"><img loading=\"lazy\" decoding=\"async\" width=\"1024\" height=\"684\" data-id=\"283015\" src=\"https:\/\/www.monaco-tribune.com\/wp-content\/uploads\/2025\/03\/princesse-charlene-road-safety-day-1024x684.jpg\" alt=\"\" class=\"wp-image-283015\" srcset=\"https:\/\/www.monaco-tribune.com\/wp-content\/uploads\/2025\/03\/princesse-charlene-road-safety-day-1024x684.jpg 1024w, https:\/\/www.monaco-tribune.com\/wp-content\/uploads\/2025\/03\/princesse-charlene-road-safety-day-449x300.jpg 449w, https:\/\/www.monaco-tribune.com\/wp-content\/uploads\/2025\/03\/princesse-charlene-road-safety-day.jpg 1200w\" sizes=\"auto, (max-width: 1024px) 100vw, 1024px\" \/><\/figure>\n<\/figure>\n\n<p class=\"has-text-align-center\"><em>Foto \u2013 Micha\u00ebl Alesi \/ Palazzo del Principe di Monaco<\/em><\/p>\n\n<h2 class=\"wp-block-heading\" id=\"h-un-village-d-animations-pour-petits-et-grands\">Attivit\u00e0 per tutte le et\u00e0<\/h2>\n\n<p>Un programma ricco e vario, interamente gratuito, ha intrattenuto i partecipanti dalle 10:00 alle 17:00. Gli stand di sensibilizzazione, progettati in collaborazione con la Croce Rossa monegasca, i Vigili del Fuoco di Monaco, la Pubblica Sicurezza, BEKING e Monabike, hanno proposto laboratori interattivi e dimostrazioni pratiche.<\/p>\n\n<p>I pi\u00f9 piccoli hanno apprezzato particolarmente il circuito di sicurezza stradale, appositamente progettato per aiutarli a migliorare i riflessi e le abilit\u00e0 ciclistiche in condizioni di traffico reale. I pi\u00f9 avventurosi hanno potuto mettere alla prova le loro abilit\u00e0 sulla pump track allestita per l&#8217;occasione, uno spazio per imparare e migliorare divertendosi.<\/p>\n\n<figure class=\"wp-block-gallery has-nested-images columns-1 is-cropped wp-block-gallery-2 is-layout-flex wp-block-gallery-is-layout-flex\">\n<figure class=\"wp-block-image size-large\"><img loading=\"lazy\" decoding=\"async\" width=\"1024\" height=\"682\" data-id=\"282983\" src=\"https:\/\/www.monaco-tribune.com\/wp-content\/uploads\/2025\/03\/croix-rouge-monaco-1024x682.jpg\" alt=\"\" class=\"wp-image-282983\" srcset=\"https:\/\/www.monaco-tribune.com\/wp-content\/uploads\/2025\/03\/croix-rouge-monaco-1024x682.jpg 1024w, https:\/\/www.monaco-tribune.com\/wp-content\/uploads\/2025\/03\/croix-rouge-monaco-451x300.jpg 451w, https:\/\/www.monaco-tribune.com\/wp-content\/uploads\/2025\/03\/croix-rouge-monaco.jpg 1200w\" sizes=\"auto, (max-width: 1024px) 100vw, 1024px\" \/><\/figure>\n\n\n\n<figure class=\"wp-block-image size-large\"><img loading=\"lazy\" decoding=\"async\" width=\"1024\" height=\"682\" data-id=\"283019\" src=\"https:\/\/www.monaco-tribune.com\/wp-content\/uploads\/2025\/03\/road-safety-day-monaco-1024x682.jpg\" alt=\"\" class=\"wp-image-283019\" srcset=\"https:\/\/www.monaco-tribune.com\/wp-content\/uploads\/2025\/03\/road-safety-day-monaco-1024x682.jpg 1024w, https:\/\/www.monaco-tribune.com\/wp-content\/uploads\/2025\/03\/road-safety-day-monaco-451x300.jpg 451w, https:\/\/www.monaco-tribune.com\/wp-content\/uploads\/2025\/03\/road-safety-day-monaco.jpg 1200w\" sizes=\"auto, (max-width: 1024px) 100vw, 1024px\" \/><\/figure>\n\n\n\n<figure class=\"wp-block-image size-large\"><img loading=\"lazy\" decoding=\"async\" width=\"1024\" height=\"682\" data-id=\"282999\" src=\"https:\/\/www.monaco-tribune.com\/wp-content\/uploads\/2025\/03\/princesse-charlene-monaco-velo-1024x682.jpg\" alt=\"\" class=\"wp-image-282999\" srcset=\"https:\/\/www.monaco-tribune.com\/wp-content\/uploads\/2025\/03\/princesse-charlene-monaco-velo-1024x682.jpg 1024w, https:\/\/www.monaco-tribune.com\/wp-content\/uploads\/2025\/03\/princesse-charlene-monaco-velo-451x300.jpg 451w, https:\/\/www.monaco-tribune.com\/wp-content\/uploads\/2025\/03\/princesse-charlene-monaco-velo.jpg 1200w\" sizes=\"auto, (max-width: 1024px) 100vw, 1024px\" \/><\/figure>\n\n\n<div class=\"wp-block-image\">\n<figure class=\"aligncenter size-large\"><img loading=\"lazy\" decoding=\"async\" width=\"1024\" height=\"682\" data-id=\"283007\" src=\"https:\/\/www.monaco-tribune.com\/wp-content\/uploads\/2025\/03\/princesse-charlene-monaco-2-1024x682.jpg\" alt=\"\" class=\"wp-image-283007\" srcset=\"https:\/\/www.monaco-tribune.com\/wp-content\/uploads\/2025\/03\/princesse-charlene-monaco-2-1024x682.jpg 1024w, https:\/\/www.monaco-tribune.com\/wp-content\/uploads\/2025\/03\/princesse-charlene-monaco-2-451x300.jpg 451w, https:\/\/www.monaco-tribune.com\/wp-content\/uploads\/2025\/03\/princesse-charlene-monaco-2.jpg 1200w\" sizes=\"auto, (max-width: 1024px) 100vw, 1024px\" \/><\/figure>\n<\/div><\/figure>\n\n<p class=\"has-text-align-center\"><em>Foto \u2013 Micha\u00ebl Alesi \/ Palazzo del Principe di Monaco<\/em><\/p>\n\n<h2 class=\"wp-block-heading\" id=\"h-le-challenge-monabike-huit-heures-de-mobilite-douce\">La Challenge Monabike: otto ore di mobilit\u00e0 dolce<\/h2>\n\n<p>Il momento clou della giornata \u00e8 stato senza dubbio la Challenge Monabike. Alle 9:45, sei squadre composte da celebrit\u00e0 e rappresentanti delle istituzioni monegasche sono partite per una staffetta in bicicletta attraverso il Principato. Per otto ore, questi ciclisti impegnati nella causa hanno percorso le strade di Monaco, accumulando chilometri per sensibilizzare l&#8217;opinione pubblica sull&#8217;importanza di una mobilit\u00e0 pi\u00f9 responsabile e sicura.<\/p>\n\n<p>&#8220;Ogni chilometro percorso oggi \u00e8 un passo avanti verso un Principato pi\u00f9 sostenibile e pi\u00f9 sicuro per tutti i fruitori della strada&#8221;, sottolinea il comunicato stampa della Fondazione.<\/p>\n\n<p>Grazie a questo impegno collettivo, il Road Safety Day potrebbe diventare un appuntamento imperdibile nel Principato per promuovere una mobilit\u00e0 pi\u00f9 sicura e sostenibile. Un&#8217;iniziativa che si inserisce alla perfezione nella politica di transizione energetica e di <a href=\"https:\/\/www.monaco-tribune.com\/it\/2024\/02\/treni-autobus-parcheggi-trasporto-su-richiesta-ecco-i-principali-progetti-di-mobilita-del-principato-di-monaco\/\">mobilit\u00e0 dolce<\/a> del Governo del Principe.<\/p>\n","protected":false},"excerpt":{"rendered":"<p>Il Principe Alberto II e la Principessa Charl\u00e8ne hanno dato il buon esempio durante questa giornata dedicata alla sicurezza stradale [&hellip;]<\/p>\n","protected":false},"author":78,"featured_media":283013,"comment_status":"closed","ping_status":"closed","sticky":false,"template":"","format":"standard","meta":{"_acf_changed":false,"footnotes":""},"categories":[1742,1826,1738],"tags":[2944],"post_sectags":[],"post_format":[2474],"class_list":["post-283154","post","type-post","status-publish","format-standard","has-post-thumbnail","hentry","category-famiglia-principesca","category-la-nostra-scelta","category-notizie","tag-principessa-charlene","format-foto"],"acf":[],"yoast_head":"<!-- This site is optimized with the Yoast SEO Premium plugin v26.8 (Yoast SEO v27.4) - https:\/\/yoast.com\/product\/yoast-seo-premium-wordpress\/ -->\n<title>La Principessa Charl\u00e8ne in sella a una bici per lanciare il primo Road Safety Day<\/title>\n<meta name=\"description\" content=\"Il Principe Alberto II e la Principessa Charl\u00e8ne hanno dato il buon esempio durante questa giornata dedicata alla sicurezza stradale e alla mobilit\u00e0 dolce\" \/>\n<meta name=\"robots\" content=\"index, follow, max-snippet:-1, max-image-preview:large, max-video-preview:-1\" \/>\n<link rel=\"canonical\" href=\"https:\/\/www.monaco-tribune.com\/it\/2025\/03\/la-principessa-charlene-in-sella-a-una-bici-per-lanciare-il-primo-road-safety-day\/\" \/>\n<meta property=\"og:locale\" content=\"it_IT\" \/>\n<meta property=\"og:type\" content=\"article\" \/>\n<meta property=\"og:title\" content=\"La Principessa Charl\u00e8ne in sella a una bici per lanciare il primo Road Safety Day - Monaco Tribune\" \/>\n<meta property=\"og:description\" content=\"Il Principe Alberto II e la Principessa Charl\u00e8ne hanno dato il buon esempio durante questa giornata dedicata alla sicurezza stradale e alla mobilit\u00e0 dolce\" \/>\n<meta property=\"og:url\" content=\"https:\/\/www.monaco-tribune.com\/it\/2025\/03\/la-principessa-charlene-in-sella-a-una-bici-per-lanciare-il-primo-road-safety-day\/\" \/>\n<meta property=\"og:site_name\" content=\"Monaco Tribune\" \/>\n<meta property=\"article:publisher\" content=\"https:\/\/www.facebook.com\/MonacoTribune\" \/>\n<meta property=\"article:published_time\" content=\"2025-03-24T17:17:52+00:00\" \/>\n<meta property=\"article:modified_time\" content=\"2025-03-24T17:18:01+00:00\" \/>\n<meta property=\"og:image\" content=\"https:\/\/www.monaco-tribune.com\/wp-content\/uploads\/2025\/03\/princesse-charlene-on-bike.jpg\" \/>\n\t<meta property=\"og:image:width\" content=\"1200\" \/>\n\t<meta property=\"og:image:height\" content=\"803\" \/>\n\t<meta property=\"og:image:type\" content=\"image\/jpeg\" \/>\n<meta name=\"author\" content=\"Mark Linden\" \/>\n<meta name=\"twitter:card\" content=\"summary_large_image\" \/>\n<meta name=\"twitter:creator\" content=\"@MonacoTribune\" \/>\n<meta name=\"twitter:site\" content=\"@MonacoTribune\" \/>\n<script type=\"application\/ld+json\" class=\"yoast-schema-graph\">{\"@context\":\"https:\\\/\\\/schema.org\",\"@graph\":[{\"@type\":\"NewsArticle\",\"@id\":\"https:\\\/\\\/www.monaco-tribune.com\\\/it\\\/2025\\\/03\\\/la-principessa-charlene-in-sella-a-una-bici-per-lanciare-il-primo-road-safety-day\\\/#article\",\"isPartOf\":{\"@id\":\"https:\\\/\\\/www.monaco-tribune.com\\\/it\\\/2025\\\/03\\\/la-principessa-charlene-in-sella-a-una-bici-per-lanciare-il-primo-road-safety-day\\\/\"},\"author\":{\"name\":\"Mark Linden\",\"@id\":\"https:\\\/\\\/www.monaco-tribune.com\\\/it\\\/#\\\/schema\\\/person\\\/3796f08c04a1ae0bf5db7629e63acc06\"},\"headline\":\"La Principessa Charl\u00e8ne in sella a una bici per lanciare il primo Road Safety Day\",\"datePublished\":\"2025-03-24T17:17:52+00:00\",\"dateModified\":\"2025-03-24T17:18:01+00:00\",\"mainEntityOfPage\":{\"@id\":\"https:\\\/\\\/www.monaco-tribune.com\\\/it\\\/2025\\\/03\\\/la-principessa-charlene-in-sella-a-una-bici-per-lanciare-il-primo-road-safety-day\\\/\"},\"wordCount\":462,\"publisher\":{\"@id\":\"https:\\\/\\\/www.monaco-tribune.com\\\/it\\\/#organization\"},\"image\":{\"@id\":\"https:\\\/\\\/www.monaco-tribune.com\\\/it\\\/2025\\\/03\\\/la-principessa-charlene-in-sella-a-una-bici-per-lanciare-il-primo-road-safety-day\\\/#primaryimage\"},\"thumbnailUrl\":\"https:\\\/\\\/www.monaco-tribune.com\\\/wp-content\\\/uploads\\\/2025\\\/03\\\/princesse-charlene-on-bike.jpg\",\"keywords\":[\"Principessa Charl\u00e8ne\"],\"articleSection\":[\"Famiglia Principesca\",\"La nostra scelta\",\"Notizie\"],\"inLanguage\":\"it-IT\",\"copyrightYear\":\"2025\",\"copyrightHolder\":{\"@id\":\"https:\\\/\\\/www.monaco-tribune.com\\\/#organization\"}},{\"@type\":\"WebPage\",\"@id\":\"https:\\\/\\\/www.monaco-tribune.com\\\/it\\\/2025\\\/03\\\/la-principessa-charlene-in-sella-a-una-bici-per-lanciare-il-primo-road-safety-day\\\/\",\"url\":\"https:\\\/\\\/www.monaco-tribune.com\\\/it\\\/2025\\\/03\\\/la-principessa-charlene-in-sella-a-una-bici-per-lanciare-il-primo-road-safety-day\\\/\",\"name\":\"La Principessa Charl\u00e8ne in sella a una bici per lanciare il primo Road Safety Day\",\"isPartOf\":{\"@id\":\"https:\\\/\\\/www.monaco-tribune.com\\\/it\\\/#website\"},\"primaryImageOfPage\":{\"@id\":\"https:\\\/\\\/www.monaco-tribune.com\\\/it\\\/2025\\\/03\\\/la-principessa-charlene-in-sella-a-una-bici-per-lanciare-il-primo-road-safety-day\\\/#primaryimage\"},\"image\":{\"@id\":\"https:\\\/\\\/www.monaco-tribune.com\\\/it\\\/2025\\\/03\\\/la-principessa-charlene-in-sella-a-una-bici-per-lanciare-il-primo-road-safety-day\\\/#primaryimage\"},\"thumbnailUrl\":\"https:\\\/\\\/www.monaco-tribune.com\\\/wp-content\\\/uploads\\\/2025\\\/03\\\/princesse-charlene-on-bike.jpg\",\"datePublished\":\"2025-03-24T17:17:52+00:00\",\"dateModified\":\"2025-03-24T17:18:01+00:00\",\"description\":\"Il Principe Alberto II e la Principessa Charl\u00e8ne hanno dato il buon esempio durante questa giornata dedicata alla sicurezza stradale e alla mobilit\u00e0 dolce\",\"breadcrumb\":{\"@id\":\"https:\\\/\\\/www.monaco-tribune.com\\\/it\\\/2025\\\/03\\\/la-principessa-charlene-in-sella-a-una-bici-per-lanciare-il-primo-road-safety-day\\\/#breadcrumb\"},\"inLanguage\":\"it-IT\",\"potentialAction\":[{\"@type\":\"ReadAction\",\"target\":[\"https:\\\/\\\/www.monaco-tribune.com\\\/it\\\/2025\\\/03\\\/la-principessa-charlene-in-sella-a-una-bici-per-lanciare-il-primo-road-safety-day\\\/\"]}]},{\"@type\":\"ImageObject\",\"inLanguage\":\"it-IT\",\"@id\":\"https:\\\/\\\/www.monaco-tribune.com\\\/it\\\/2025\\\/03\\\/la-principessa-charlene-in-sella-a-una-bici-per-lanciare-il-primo-road-safety-day\\\/#primaryimage\",\"url\":\"https:\\\/\\\/www.monaco-tribune.com\\\/wp-content\\\/uploads\\\/2025\\\/03\\\/princesse-charlene-on-bike.jpg\",\"contentUrl\":\"https:\\\/\\\/www.monaco-tribune.com\\\/wp-content\\\/uploads\\\/2025\\\/03\\\/princesse-charlene-on-bike.jpg\",\"width\":1200,\"height\":803,\"caption\":\"La Principessa Charl\u00e8ne ha partecipato all'evento sportivo e di sensibilizzazione Road Safety Day \u00a9 Micha\u00ebl Alesi \\\/ Palazzo del Principe di Monaco\"},{\"@type\":\"BreadcrumbList\",\"@id\":\"https:\\\/\\\/www.monaco-tribune.com\\\/it\\\/2025\\\/03\\\/la-principessa-charlene-in-sella-a-una-bici-per-lanciare-il-primo-road-safety-day\\\/#breadcrumb\",\"itemListElement\":[{\"@type\":\"ListItem\",\"position\":1,\"name\":\"Accueil\",\"item\":\"https:\\\/\\\/www.monaco-tribune.com\\\/it\\\/\"},{\"@type\":\"ListItem\",\"position\":2,\"name\":\"La Principessa Charl\u00e8ne in sella a una bici per lanciare il primo Road Safety Day\"}]},{\"@type\":\"WebSite\",\"@id\":\"https:\\\/\\\/www.monaco-tribune.com\\\/it\\\/#website\",\"url\":\"https:\\\/\\\/www.monaco-tribune.com\\\/it\\\/\",\"name\":\"Monaco Tribune\",\"description\":\"Monaco : actualit\u00e9s \u00e9conomiques, politiques, culturelles et sportives de Monaco et de la French Riviera.\",\"publisher\":{\"@id\":\"https:\\\/\\\/www.monaco-tribune.com\\\/it\\\/#organization\"},\"potentialAction\":[{\"@type\":\"SearchAction\",\"target\":{\"@type\":\"EntryPoint\",\"urlTemplate\":\"https:\\\/\\\/www.monaco-tribune.com\\\/it\\\/?s={search_term_string}\"},\"query-input\":{\"@type\":\"PropertyValueSpecification\",\"valueRequired\":true,\"valueName\":\"search_term_string\"}}],\"inLanguage\":\"it-IT\"},{\"@type\":\"Organization\",\"@id\":\"https:\\\/\\\/www.monaco-tribune.com\\\/it\\\/#organization\",\"name\":\"Monaco Tribune\",\"url\":\"https:\\\/\\\/www.monaco-tribune.com\\\/it\\\/\",\"logo\":{\"@type\":\"ImageObject\",\"inLanguage\":\"it-IT\",\"@id\":\"https:\\\/\\\/www.monaco-tribune.com\\\/it\\\/#\\\/schema\\\/logo\\\/image\\\/\",\"url\":\"https:\\\/\\\/www.monaco-tribune.com\\\/wp-content\\\/uploads\\\/2022\\\/11\\\/logo-monaco-tribune.png\",\"contentUrl\":\"https:\\\/\\\/www.monaco-tribune.com\\\/wp-content\\\/uploads\\\/2022\\\/11\\\/logo-monaco-tribune.png\",\"width\":1548,\"height\":600,\"caption\":\"Monaco Tribune\"},\"image\":{\"@id\":\"https:\\\/\\\/www.monaco-tribune.com\\\/it\\\/#\\\/schema\\\/logo\\\/image\\\/\"},\"sameAs\":[\"https:\\\/\\\/www.facebook.com\\\/MonacoTribune\",\"https:\\\/\\\/x.com\\\/MonacoTribune\",\"https:\\\/\\\/www.instagram.com\\\/monacotribune\\\/\",\"https:\\\/\\\/www.linkedin.com\\\/company\\\/monaco-tribune\",\"https:\\\/\\\/www.youtube.com\\\/channel\\\/UCHle1MnG6hw1y4lWKijVbMA\"]},{\"@type\":\"Person\",\"@id\":\"https:\\\/\\\/www.monaco-tribune.com\\\/it\\\/#\\\/schema\\\/person\\\/3796f08c04a1ae0bf5db7629e63acc06\",\"name\":\"Mark Linden\",\"image\":{\"@type\":\"ImageObject\",\"inLanguage\":\"it-IT\",\"@id\":\"https:\\\/\\\/secure.gravatar.com\\\/avatar\\\/d0130c037315ebbab849176573fa4be49bb085b56b56eef40dfdebd8b0dab200?s=96&d=mm&r=g\",\"url\":\"https:\\\/\\\/secure.gravatar.com\\\/avatar\\\/d0130c037315ebbab849176573fa4be49bb085b56b56eef40dfdebd8b0dab200?s=96&d=mm&r=g\",\"contentUrl\":\"https:\\\/\\\/secure.gravatar.com\\\/avatar\\\/d0130c037315ebbab849176573fa4be49bb085b56b56eef40dfdebd8b0dab200?s=96&d=mm&r=g\",\"caption\":\"Mark Linden\"},\"url\":\"https:\\\/\\\/www.monaco-tribune.com\\\/it\\\/author\\\/nielslinden\\\/\"}]}<\/script>\n<!-- \/ Yoast SEO Premium plugin. -->","yoast_head_json":{"title":"La Principessa Charl\u00e8ne in sella a una bici per lanciare il primo Road Safety Day","description":"Il Principe Alberto II e la Principessa Charl\u00e8ne hanno dato il buon esempio durante questa giornata dedicata alla sicurezza stradale e alla mobilit\u00e0 dolce","robots":{"index":"index","follow":"follow","max-snippet":"max-snippet:-1","max-image-preview":"max-image-preview:large","max-video-preview":"max-video-preview:-1"},"canonical":"https:\/\/www.monaco-tribune.com\/it\/2025\/03\/la-principessa-charlene-in-sella-a-una-bici-per-lanciare-il-primo-road-safety-day\/","og_locale":"it_IT","og_type":"article","og_title":"La Principessa Charl\u00e8ne in sella a una bici per lanciare il primo Road Safety Day - Monaco Tribune","og_description":"Il Principe Alberto II e la Principessa Charl\u00e8ne hanno dato il buon esempio durante questa giornata dedicata alla sicurezza stradale e alla mobilit\u00e0 dolce","og_url":"https:\/\/www.monaco-tribune.com\/it\/2025\/03\/la-principessa-charlene-in-sella-a-una-bici-per-lanciare-il-primo-road-safety-day\/","og_site_name":"Monaco Tribune","article_publisher":"https:\/\/www.facebook.com\/MonacoTribune","article_published_time":"2025-03-24T17:17:52+00:00","article_modified_time":"2025-03-24T17:18:01+00:00","og_image":[{"width":1200,"height":803,"url":"https:\/\/www.monaco-tribune.com\/wp-content\/uploads\/2025\/03\/princesse-charlene-on-bike.jpg","type":"image\/jpeg"}],"author":"Mark Linden","twitter_card":"summary_large_image","twitter_creator":"@MonacoTribune","twitter_site":"@MonacoTribune","schema":{"@context":"https:\/\/schema.org","@graph":[{"@type":"NewsArticle","@id":"https:\/\/www.monaco-tribune.com\/it\/2025\/03\/la-principessa-charlene-in-sella-a-una-bici-per-lanciare-il-primo-road-safety-day\/#article","isPartOf":{"@id":"https:\/\/www.monaco-tribune.com\/it\/2025\/03\/la-principessa-charlene-in-sella-a-una-bici-per-lanciare-il-primo-road-safety-day\/"},"author":{"name":"Mark Linden","@id":"https:\/\/www.monaco-tribune.com\/it\/#\/schema\/person\/3796f08c04a1ae0bf5db7629e63acc06"},"headline":"La Principessa Charl\u00e8ne in sella a una bici per lanciare il primo Road Safety Day","datePublished":"2025-03-24T17:17:52+00:00","dateModified":"2025-03-24T17:18:01+00:00","mainEntityOfPage":{"@id":"https:\/\/www.monaco-tribune.com\/it\/2025\/03\/la-principessa-charlene-in-sella-a-una-bici-per-lanciare-il-primo-road-safety-day\/"},"wordCount":462,"publisher":{"@id":"https:\/\/www.monaco-tribune.com\/it\/#organization"},"image":{"@id":"https:\/\/www.monaco-tribune.com\/it\/2025\/03\/la-principessa-charlene-in-sella-a-una-bici-per-lanciare-il-primo-road-safety-day\/#primaryimage"},"thumbnailUrl":"https:\/\/www.monaco-tribune.com\/wp-content\/uploads\/2025\/03\/princesse-charlene-on-bike.jpg","keywords":["Principessa Charl\u00e8ne"],"articleSection":["Famiglia Principesca","La nostra scelta","Notizie"],"inLanguage":"it-IT","copyrightYear":"2025","copyrightHolder":{"@id":"https:\/\/www.monaco-tribune.com\/#organization"}},{"@type":"WebPage","@id":"https:\/\/www.monaco-tribune.com\/it\/2025\/03\/la-principessa-charlene-in-sella-a-una-bici-per-lanciare-il-primo-road-safety-day\/","url":"https:\/\/www.monaco-tribune.com\/it\/2025\/03\/la-principessa-charlene-in-sella-a-una-bici-per-lanciare-il-primo-road-safety-day\/","name":"La Principessa Charl\u00e8ne in sella a una bici per lanciare il primo Road Safety Day","isPartOf":{"@id":"https:\/\/www.monaco-tribune.com\/it\/#website"},"primaryImageOfPage":{"@id":"https:\/\/www.monaco-tribune.com\/it\/2025\/03\/la-principessa-charlene-in-sella-a-una-bici-per-lanciare-il-primo-road-safety-day\/#primaryimage"},"image":{"@id":"https:\/\/www.monaco-tribune.com\/it\/2025\/03\/la-principessa-charlene-in-sella-a-una-bici-per-lanciare-il-primo-road-safety-day\/#primaryimage"},"thumbnailUrl":"https:\/\/www.monaco-tribune.com\/wp-content\/uploads\/2025\/03\/princesse-charlene-on-bike.jpg","datePublished":"2025-03-24T17:17:52+00:00","dateModified":"2025-03-24T17:18:01+00:00","description":"Il Principe Alberto II e la Principessa Charl\u00e8ne hanno dato il buon esempio durante questa giornata dedicata alla sicurezza stradale e alla mobilit\u00e0 dolce","breadcrumb":{"@id":"https:\/\/www.monaco-tribune.com\/it\/2025\/03\/la-principessa-charlene-in-sella-a-una-bici-per-lanciare-il-primo-road-safety-day\/#breadcrumb"},"inLanguage":"it-IT","potentialAction":[{"@type":"ReadAction","target":["https:\/\/www.monaco-tribune.com\/it\/2025\/03\/la-principessa-charlene-in-sella-a-una-bici-per-lanciare-il-primo-road-safety-day\/"]}]},{"@type":"ImageObject","inLanguage":"it-IT","@id":"https:\/\/www.monaco-tribune.com\/it\/2025\/03\/la-principessa-charlene-in-sella-a-una-bici-per-lanciare-il-primo-road-safety-day\/#primaryimage","url":"https:\/\/www.monaco-tribune.com\/wp-content\/uploads\/2025\/03\/princesse-charlene-on-bike.jpg","contentUrl":"https:\/\/www.monaco-tribune.com\/wp-content\/uploads\/2025\/03\/princesse-charlene-on-bike.jpg","width":1200,"height":803,"caption":"La Principessa Charl\u00e8ne ha partecipato all'evento sportivo e di sensibilizzazione Road Safety Day \u00a9 Micha\u00ebl Alesi \/ Palazzo del Principe di Monaco"},{"@type":"BreadcrumbList","@id":"https:\/\/www.monaco-tribune.com\/it\/2025\/03\/la-principessa-charlene-in-sella-a-una-bici-per-lanciare-il-primo-road-safety-day\/#breadcrumb","itemListElement":[{"@type":"ListItem","position":1,"name":"Accueil","item":"https:\/\/www.monaco-tribune.com\/it\/"},{"@type":"ListItem","position":2,"name":"La Principessa Charl\u00e8ne in sella a una bici per lanciare il primo Road Safety Day"}]},{"@type":"WebSite","@id":"https:\/\/www.monaco-tribune.com\/it\/#website","url":"https:\/\/www.monaco-tribune.com\/it\/","name":"Monaco Tribune","description":"Monaco : actualit\u00e9s \u00e9conomiques, politiques, culturelles et sportives de Monaco et de la French Riviera.","publisher":{"@id":"https:\/\/www.monaco-tribune.com\/it\/#organization"},"potentialAction":[{"@type":"SearchAction","target":{"@type":"EntryPoint","urlTemplate":"https:\/\/www.monaco-tribune.com\/it\/?s={search_term_string}"},"query-input":{"@type":"PropertyValueSpecification","valueRequired":true,"valueName":"search_term_string"}}],"inLanguage":"it-IT"},{"@type":"Organization","@id":"https:\/\/www.monaco-tribune.com\/it\/#organization","name":"Monaco Tribune","url":"https:\/\/www.monaco-tribune.com\/it\/","logo":{"@type":"ImageObject","inLanguage":"it-IT","@id":"https:\/\/www.monaco-tribune.com\/it\/#\/schema\/logo\/image\/","url":"https:\/\/www.monaco-tribune.com\/wp-content\/uploads\/2022\/11\/logo-monaco-tribune.png","contentUrl":"https:\/\/www.monaco-tribune.com\/wp-content\/uploads\/2022\/11\/logo-monaco-tribune.png","width":1548,"height":600,"caption":"Monaco Tribune"},"image":{"@id":"https:\/\/www.monaco-tribune.com\/it\/#\/schema\/logo\/image\/"},"sameAs":["https:\/\/www.facebook.com\/MonacoTribune","https:\/\/x.com\/MonacoTribune","https:\/\/www.instagram.com\/monacotribune\/","https:\/\/www.linkedin.com\/company\/monaco-tribune","https:\/\/www.youtube.com\/channel\/UCHle1MnG6hw1y4lWKijVbMA"]},{"@type":"Person","@id":"https:\/\/www.monaco-tribune.com\/it\/#\/schema\/person\/3796f08c04a1ae0bf5db7629e63acc06","name":"Mark Linden","image":{"@type":"ImageObject","inLanguage":"it-IT","@id":"https:\/\/secure.gravatar.com\/avatar\/d0130c037315ebbab849176573fa4be49bb085b56b56eef40dfdebd8b0dab200?s=96&d=mm&r=g","url":"https:\/\/secure.gravatar.com\/avatar\/d0130c037315ebbab849176573fa4be49bb085b56b56eef40dfdebd8b0dab200?s=96&d=mm&r=g","contentUrl":"https:\/\/secure.gravatar.com\/avatar\/d0130c037315ebbab849176573fa4be49bb085b56b56eef40dfdebd8b0dab200?s=96&d=mm&r=g","caption":"Mark Linden"},"url":"https:\/\/www.monaco-tribune.com\/it\/author\/nielslinden\/"}]}},"_links":{"self":[{"href":"https:\/\/www.monaco-tribune.com\/it\/wp-json\/wp\/v2\/posts\/283154","targetHints":{"allow":["GET"]}}],"collection":[{"href":"https:\/\/www.monaco-tribune.com\/it\/wp-json\/wp\/v2\/posts"}],"about":[{"href":"https:\/\/www.monaco-tribune.com\/it\/wp-json\/wp\/v2\/types\/post"}],"author":[{"embeddable":true,"href":"https:\/\/www.monaco-tribune.com\/it\/wp-json\/wp\/v2\/users\/78"}],"replies":[{"embeddable":true,"href":"https:\/\/www.monaco-tribune.com\/it\/wp-json\/wp\/v2\/comments?post=283154"}],"version-history":[{"count":2,"href":"https:\/\/www.monaco-tribune.com\/it\/wp-json\/wp\/v2\/posts\/283154\/revisions"}],"predecessor-version":[{"id":283157,"href":"https:\/\/www.monaco-tribune.com\/it\/wp-json\/wp\/v2\/posts\/283154\/revisions\/283157"}],"wp:featuredmedia":[{"embeddable":true,"href":"https:\/\/www.monaco-tribune.com\/it\/wp-json\/wp\/v2\/media\/283013"}],"wp:attachment":[{"href":"https:\/\/www.monaco-tribune.com\/it\/wp-json\/wp\/v2\/media?parent=283154"}],"wp:term":[{"taxonomy":"category","embeddable":true,"href":"https:\/\/www.monaco-tribune.com\/it\/wp-json\/wp\/v2\/categories?post=283154"},{"taxonomy":"post_tag","embeddable":true,"href":"https:\/\/www.monaco-tribune.com\/it\/wp-json\/wp\/v2\/tags?post=283154"},{"taxonomy":"sectag","embeddable":true,"href":"https:\/\/www.monaco-tribune.com\/it\/wp-json\/wp\/v2\/post_sectags?post=283154"},{"taxonomy":"format","embeddable":true,"href":"https:\/\/www.monaco-tribune.com\/it\/wp-json\/wp\/v2\/post_format?post=283154"}],"curies":[{"name":"wp","href":"https:\/\/api.w.org\/{rel}","templated":true}]}}