{"id":284866,"date":"2025-04-03T17:57:09","date_gmt":"2025-04-03T15:57:09","guid":{"rendered":"https:\/\/www.monaco-tribune.com\/2025\/04\/stefano-pessina-limpero-farmaceutico-del-magnate-monegasco-resiste-alla-prova-del-tempo\/"},"modified":"2025-04-03T17:57:22","modified_gmt":"2025-04-03T15:57:22","slug":"stefano-pessina-limpero-farmaceutico-del-magnate-monegasco-resiste-alla-prova-del-tempo","status":"publish","type":"post","link":"https:\/\/www.monaco-tribune.com\/it\/2025\/04\/stefano-pessina-limpero-farmaceutico-del-magnate-monegasco-resiste-alla-prova-del-tempo\/","title":{"rendered":"Stefano Pessina: l&#8217;impero farmaceutico del magnate monegasco resiste alla prova del tempo"},"content":{"rendered":"\n<p><strong>Dalla sua residenza di Monaco, dove si \u00e8 stabilito con la moglie e imprenditrice Ornella Barra pi\u00f9 di trent&#8217;anni fa, Stefano Pessina, 83 anni, dirige uno dei pi\u00f9 grandi imperi farmaceutici del mondo. Presidente esecutivo di Walgreens Boots Alliance (WBA), l&#8217;italiano di origine monegasca sta attraversando uno dei periodi pi\u00f9 impegnativi della sua carriera straordinaria, visto che il suo gruppo si trova ad affrontare sfide senza precedenti.<\/strong><\/p>\n\n<p>A cosa pensa Stefano Pessina quando chiude gli occhi? L&#8217;uomo d&#8217;affari, fondatore, direttore esecutivo e principale azionista di Walgreens Boots Alliance (WBA), uno dei pi\u00f9 grandi imperi farmaceutici del mondo, nonch\u00e9 residente monegasco da trent\u2019anni, \u00e8 noto per osservare lunghi periodi di silenzio in uno stato meditativo.<\/p>\n\n<p>Cosa pensa il miliardario italiano mentre contempla dalla sua dimora monegasca la sua carriera, il suo lavoro e la sua vita? Quale visione si cela dietro gli occhi socchiusi di questo genio dell\u2019imprenditoria mentre passa il testimone alla nuova generazione?<\/p>\n\n<p>&#8220;La globalizzazione come l&#8217;abbiamo conosciuta \u00e8 finita&#8221;, ha dichiarato un anno fa a <a href=\"https:\/\/www.lastampa.it\/economia\/2024\/02\/14\/news\/pessina_la_globalizzazione_e_finita_ma_non_investiamo_piu_in_italia-14069445\/\">La Stampa<\/a>. Una dichiarazione a dir poco scioccante, o quantomeno inaspettata, da parte di un dirigente che, tra fusioni, acquisizioni e un&#8217;incessante espansione geografica, non ha mai smesso di far crescere il gruppo di famiglia, che ha preso in mano negli anni \u201870. Ma i tempi sono cambiati.<\/p>\n\n<p>Promuovendo un &#8220;ritorno a una visione regionale&#8221; dell&#8217;azienda, all&#8217;inizio di questo 2025 Stefano Pessina si \u00e8 trovato faccia a faccia con le sfide senza precedenti che il suo gruppo farmaceutico sta affrontando: ribasso del prezzo delle azioni, calo della redditivit\u00e0, chiusura di punti vendita\u2026<\/p>\n\n<h2 class=\"wp-block-heading\" id=\"h-l-ambition-chevillee-au-corps\">L&#8217;ambizione al primo posto<\/h2>\n\n<p>Nulla sembrava far presagire che Pessina si ritrovasse un giorno a capo di un impero globale della salute e della bellezza. Nato il 4 giugno 1941 a Pescara, citt\u00e0 costiera dell&#8217;Abruzzo, Stefano Pessina ha iniziato la sua carriera studiando ingegneria nucleare. Dopo la laurea al Politecnico di Milano, il giovane Pessina ha intrapreso una carriera accademica, prima di iniziare a lavorare per la societ\u00e0 di ricerche di mercato ACNielsen.<\/p>\n\n<p>A met\u00e0 degli anni &#8217;70, mentre l&#8217;Italia attraversava gli &#8220;anni di piombo&#8221;, Pessina prende una decisione che cambia per sempre la sua vita: rilevare l&#8217;azienda di distribuzione farmaceutica di famiglia.<\/p>\n\n<p>L&#8217;attivit\u00e0, con sede a Napoli, non navigava nelle migliori acque. Nulla, per\u00f2, che potesse scoraggiare l\u2019imprenditore in erba: &#8220;Riorganizzai l&#8217;azienda e acquisii diversi distributori farmaceutici italiani, per poi creare il pi\u00f9 grande distributore della penisola&#8221;, ricordava ai nostri colleghi di <a href=\"https:\/\/monaco-hebdo.com\/economie\/stefano-pessina-l%E2%80%99homme-au-service-des-hommes\/\">Monaco Hebdo<\/a> nei primi anni 2010. Era nata Alleanza Farmaceutica, che attraverso una serie di acquisizioni a cascata sarebbe poi diventata Alleanza Salute Italia, leader indiscusso della distribuzione farmaceutica nel Paese.<\/p>\n\n<p>Ma a met\u00e0 anni \u201980, un incontro cambia tutto. Stefano conosce Ornella Barra, un&#8217;imprenditrice di Chiavari che gestisce un ingrosso di prodotti farmaceutici. <\/p>\n\n<p>Per i due imprenditori \u00e8 un colpo di fulmine. In amore, prima di tutto \u2013 visto che la loro storia continua ancora oggi, quarant&#8217;anni dopo \u2013 e anche nel lavoro. Le due aziende, infatti, si uniscono: Stefano si dedica alla crescita esterna del gruppo, mentre Ornella si occupa della crescita interna.<\/p>\n\n<p>&#8220;A Stefano piace far crescere l&#8217;azienda trovando acquisizioni interessanti. Una volta fatto, io mi occupo di creare una cultura comune per far s\u00ec che la fusione sia un successo&#8221;, <a href=\"https:\/\/lobservateurdemonaco.com\/personnalites\/success-story\/ornella-barrapharmacienne-avant-tout\/\">spiegava<\/a> nel 2014 colei che allora era stata classificata dalla rivista Forbes come la 21\u00aa imprenditrice pi\u00f9 potente del mondo. &#8220;Con Stefano&#8221;, continua, &#8220;condividiamo gli stessi valori (ma) ovviamente non siamo d&#8217;accordo su tutto (&#8230;) Dobbiamo rispettare il posto e il ruolo dell&#8217;altro all\u2019interno dell\u2019azienda&#8221;.<\/p>\n\n<h2 class=\"wp-block-heading\" id=\"h-la-naissance-d-un-geant-mondial\">La nascita di un gigante globale<\/h2>\n\n<p>E che azienda&#8230; Da semplice distributore regionale e poi nazionale, all&#8217;inizio degli anni \u201990, il gruppo gestito dalla coppia italiana diventa leader europeo con il nuovo nome di Alliance Sant\u00e9. Francia, Spagna, Portogallo, Marocco&#8230; nessun mercato sembra resistere all\u2019appetito di Stefano Pessina.<\/p>\n\n<p>La sua strategia di espansione aggressiva prosegue fino al 1997, quando il gruppo franco-italiano si fonde con l&#8217;azienda britannica Unichem: un accordo strategico che serve ad aprire le porte della distribuzione al dettaglio, visto che Unichem possiede 500 farmacie nel Regno Unito. Quotata alla Borsa di Londra, Alliance-Unichem diventa leader della distribuzione al dettaglio, con 1.200 punti vendita.<\/p>\n\n<p>Un altro cambiamento avviene nel 2006, quando Alliance-Unichem si fonde con il gruppo britannico Boots Group PLC, che da solo gestisce 1.600 farmacie. Nasce cos\u00ec Alliance Boots. Pochi mesi dopo, Stefano Pessina unisce le forze con il fondo americano KKR per far uscire il gruppo dalla borsa, acquistando il tutto per la modica cifra di 12,2 miliardi di sterline, la pi\u00f9 grande acquisizione mai realizzata fino a quel momento.<\/p>\n\n<p>Nel 2012-2013, Alliance Boots registra un fatturato di 22,4 miliardi di sterline, conta 108.000 dipendenti ed \u00e8 attiva in 25 Paesi. Un gigante, certo, ma ancora niente a che vedere con il colosso che stava per diventare. <\/p>\n\n<p>Nel 2012, infatti viene annunciata la fusione tra Alliance Boots e il gruppo americano Walgreens, il primo <em>drugstore<\/em> degli Stati Uniti. Lo storico accordo \u00e8 stato finalizzato nel 2014, dando vita a un vero e proprio colosso globale: la nuova realt\u00e0 conta pi\u00f9 di 330.000 dipendenti in 12.500 punti vendita e registra un fatturato, nel 2023, di circa 140 miliardi di dollari.<\/p>\n\n<p>Sinergie, espansione e complementarit\u00e0 geografica, potere d&#8217;acquisto decuplicato, ampliamento della gamma di prodotti, in particolare nel settore beauty&#8230; L&#8217;affare \u00e8 enorme, proprio come l&#8217;ambizione della coppia Pessina-Barra. Poco dopo la fusione, il prezzo delle azioni di Walgreens Boots Alliance (WBA) sale a 96 dollari.<\/p>\n\n<h2 class=\"wp-block-heading\" id=\"h-nbsp-mon-bureau-c-est-le-monde-mais-la-maison-c-est-monaco-nbsp\"><em>&#8220;Il mio ufficio \u00e8 il mondo, ma la mia casa \u00e8 Monaco&#8221;<\/em><\/h2>\n\n<p>\u00c8 dal Principato di Monaco che, dal 1992, la coppia gestisce il suo immenso impero. Come molti altri prima di loro, Stefano Pessina e Ornella Barra hanno scelto Monaco per motivi fiscali&#8230; ma non solo. Vero centro nevralgico delle loro attivit\u00e0 europee, il Principato ha il vantaggio di essere a due passi da casa, l&#8217;Italia.<\/p>\n\n<p>&#8220;Monaco \u00e8 al centro. \u00c8 piacevole, c\u2019\u00e8 il sole&#8221;, ha dichiarato Ornella a <a href=\"https:\/\/lobservateurdemonaco.com\/personnalites\/success-story\/ornella-barrapharmacienne-avant-tout\/\"><em>L&#8217;Observateur de Monaco<\/em><\/a> nel 2014. Naturalizzati monegaschi nel 2012, i due imprenditori hanno sempre scelto il Grimaldi Forum per le convention internazionali del loro gruppo, attirando a Monaco migliaia di farmacisti e professionisti del settore.<\/p>\n\n<p>&#8220;Il mio ufficio \u00e8 il mondo&#8221;, spiega Ornella, &#8220;ma la mia casa \u00e8 Monaco&#8221;. Questo per\u00f2 non vuol dire che la coppia sia appassionata di eventi mondani, che secondo loro dovrebbero solo &#8220;servire ad aiutare gli altri&#8221;. I due imprenditori preferiscono dedicare tempo ed energie ai loro impegni professionali e filantropici, come testimonia il loro coinvolgimento con l&#8217;Organizzazione Europea per la ricerca e la cura del cancro (EORTC), che Alliance Boots sostiene dall&#8217;inizio degli anni 2010.<\/p>\n<div class=\"wp-block-image\">\n<figure class=\"aligncenter size-large\"><img loading=\"lazy\" decoding=\"async\" width=\"1024\" height=\"902\" src=\"https:\/\/www.monaco-tribune.com\/wp-content\/uploads\/2025\/03\/stefano-pessina-1-1024x902.jpg\" alt=\"\" class=\"wp-image-284082\" srcset=\"https:\/\/www.monaco-tribune.com\/wp-content\/uploads\/2025\/03\/stefano-pessina-1-1024x902.jpg 1024w, https:\/\/www.monaco-tribune.com\/wp-content\/uploads\/2025\/03\/stefano-pessina-1-341x300.jpg 341w, https:\/\/www.monaco-tribune.com\/wp-content\/uploads\/2025\/03\/stefano-pessina-1.jpg 1200w\" sizes=\"auto, (max-width: 1024px) 100vw, 1024px\" \/><figcaption class=\"wp-element-caption\"><em>Il Principe Alberto II e Stefano Pessina (a destra) nel 2014 @ Palazzo del Principe di Monaco<\/em><\/figcaption><\/figure>\n<\/div>\n<p>Sotto l&#8217;impulso dei suoi fondatori, il gruppo farmaceutico ha anche iniziato ad adottare un approccio green, privilegiando ingredienti di origine vegetale nei prodotti che commercializza. &#8220;Una grande azienda non pu\u00f2 restare insensibile nei confronti del mondo e delle persone che la circondano&#8221;, afferma Ornella, che sente &#8220;il dovere di aiutare, di fare qualcosa&#8221;.<\/p>\n\n<h2 class=\"wp-block-heading\" id=\"h-de-nouveaux-et-exigeants-defis\">Nuove sfide impegnative<\/h2>\n\n<p>Ma dopo decenni di crescita esterna e di operazioni finanziarie straordinarie, non \u00e8 forse giunto il momento per Stefano Pessina di cambiare strategia? Da diversi mesi WBA sta attraversando un periodo a dir poco difficile.<\/p>\n\n<p>Nel 2023, il prezzo delle azioni del gruppo ha perso quasi un terzo del valore, riflettendo la portata delle sfide che si ritrova ad affrontare. Come diretta conseguenza di questa sottoperformance, la valutazione della partecipazione di Pessina in WBA \u00e8 crollata da 3,7 miliardi di dollari a 1,3 miliardi in dodici mesi. Anche il patrimonio personale dell&#8217;imprenditore \u00e8 stato rivisto da Bloomberg attestandosi a &#8220;soli&#8221; 6,4 miliardi di dollari, in calo rispetto ai 15,4 miliardi del 2015.<\/p>\n\n<p>Ma tutto ci\u00f2 non impedisce all\u2019imprenditore di posizionarsi al terzo posto tra gli italiani pi\u00f9 ricchi, subito dopo Giovanni Ferrero e Giorgio Armani. Non \u00e8 ancora il momento per l&#8217;<em>imprenditore seriale <\/em>di &#8220;<a href=\"https:\/\/www.thetimes.com\/business-money\/companies\/article\/boots-owners-king-dealmaker-plays-his-latest-card-at-83-xhx7rg9nj\">fermarsi e giocare a golf\u201d.<\/a><\/p>\n\n<p>Il mondo, tuttavia, \u00e8 cambiato e con lui anche il vento; il successo di Amazon e di altri <em>pure players<\/em>\u00a0non ha aiutato. Dopo aver lavorato per anni alla crescita del gruppo, Pessina si sta ora concentrando sul suo smantellamento. Nel 2021, l&#8217;azienda ha venduto le sue attivit\u00e0 di vendita all&#8217;ingrosso e di distribuzione a un concorrente statunitense; nell&#8217;ottobre 2024, WBA ha annunciato l&#8217;intenzione di chiudere pi\u00f9 di mille punti vendita negli Stati Uniti; la vendita di Boots, che era stata presa in considerazione per un po&#8217; di tempo, \u00e8 stata infine abbandonata nel 2022; il nuovo amministratore delegato di WBA, Tim Wentworth, nominato nel 2023, ha avviato un piano di riduzione dei costi da un miliardo di dollari, <a href=\"https:\/\/www.thetimes.com\/business-money\/companies\/article\/boots-owner-turns-into-a-headache-for-veteran-dealmaker-d39zzz8wf\">ritenendo<\/a> che &#8220;l&#8217;attuale modello farmaceutico non sia pi\u00f9 sostenibile&#8221;.<\/p>\n<div class=\"wp-block-image\">\n<figure class=\"aligncenter size-large\"><img loading=\"lazy\" decoding=\"async\" width=\"1024\" height=\"683\" src=\"https:\/\/www.monaco-tribune.com\/wp-content\/uploads\/2025\/03\/ornella-barra-1024x683.jpg\" alt=\"\" class=\"wp-image-284086\" srcset=\"https:\/\/www.monaco-tribune.com\/wp-content\/uploads\/2025\/03\/ornella-barra-1024x683.jpg 1024w, https:\/\/www.monaco-tribune.com\/wp-content\/uploads\/2025\/03\/ornella-barra-450x300.jpg 450w, https:\/\/www.monaco-tribune.com\/wp-content\/uploads\/2025\/03\/ornella-barra.jpg 1200w\" sizes=\"auto, (max-width: 1024px) 100vw, 1024px\" \/><figcaption class=\"wp-element-caption\"><em>L&#8217;associazione Femmes Leaders Mondiales Monaco ha eletto Ornella Barra Donna dell&#8217;anno 2025 @ Direzione della Comunicazione \/ Manuel Vitali<\/em><\/figcaption><\/figure>\n<\/div>\n<h2 class=\"wp-block-heading\" id=\"h-la-vision-d-un-monde-de-mondialise-nbsp\">La visione di un mondo de-globalizzato?<\/h2>\n\n<p>Rivedendo la strategia che ha funzionato cos\u00ec bene fino ad oggi, Stefano Pessina ritiene ormai che WBA debba &#8220;riprendere le (sue) attivit\u00e0 in modo che sia pi\u00f9 in linea con le (sue) radici e le (sue) tradizioni&#8221;. In breve, occorre consolidare ci\u00f2 che gi\u00e0 esiste, piuttosto che espandersi all&#8217;infinito. Il dirigente si fa promotore di una nuova &#8220;prospettiva regionale&#8221;, privilegiando aree geografiche &#8220;conosciute e affidabili&#8221;.<\/p>\n\n<p>&#8220;Questa \u00e8 la tendenza&#8221;, dice il residente monegasco a La Stampa, &#8220;il mondo \u00e8 cambiato di nuovo e noi ci stiamo adattando (&#8230;) Abbiamo un potenziale di farmacie enorme che possiamo sfruttare al meglio. Lavoreremo sull&#8217;innovazione, che \u00e8 la componente fondamentale del nostro lavoro&#8221;.<\/p>\n\n<p>Qualunque cosa accada, il futuro dell&#8217;impero pazientemente costruito da Stefano e Ornella non assomiglier\u00e0 al passato. E dalla loro base monegasca, la coppia continua a lasciare il segno nel mondo degli affari, dove nessuno oserebbe abbassare la guardia di fronte a un Pessina ingrigito dagli anni, s\u00ec, ma ancora pieno di energie.<\/p>\n\n<p>Descritto da Sir Nigel Rudd, ex presidente di Alliance Boots, come un negoziatore &#8220;<a href=\"https:\/\/www.ft.com\/content\/40d456b8-021b-11ea-be59-e49b2a136b8d\">spietato<\/a>&#8220;, Pessina \u00e8 uno degli &#8220;uomini d&#8217;affari (\u2026) con pi\u00f9 talento che abbia mai incontrato&#8221;. &#8220;Non scommetterei mai contro Stefano&#8221;, conclude colui che \u00e8 stato anche un suo ex competitor, e nemmeno noi.<\/p>\n\n<p class=\"related\"><a href=\"https:\/\/www.monaco-tribune.com\/it\/2025\/03\/ornella-barra-pessina-nominata-donna-dellanno-2025-da-leaders-mondiales-monaco\/\">Ornella Barra Pessina nominata \u201cDonna dell\u2019anno 2025\u201d da Leaders Mondiales Monaco<\/a><\/p>\n","protected":false},"excerpt":{"rendered":"<p>Dalla sua residenza di Monaco, dove si \u00e8 stabilito con la moglie e imprenditrice Ornella Barra pi\u00f9 di trent&#8217;anni fa, [&hellip;]<\/p>\n","protected":false},"author":78,"featured_media":284078,"comment_status":"closed","ping_status":"closed","sticky":false,"template":"","format":"standard","meta":{"_acf_changed":false,"footnotes":""},"categories":[1739,1826,1738],"tags":[4934],"post_sectags":[],"post_format":[2480],"class_list":["post-284866","post","type-post","status-publish","format-standard","has-post-thumbnail","hentry","category-business-it","category-la-nostra-scelta","category-notizie","tag-personalita","format-profilo"],"acf":[],"yoast_head":"<!-- This site is optimized with the Yoast SEO Premium plugin v26.8 (Yoast SEO v27.4) - https:\/\/yoast.com\/product\/yoast-seo-premium-wordpress\/ -->\n<title>Stefano Pessina: l&#039;impero farmaceutico del magnate monegasco resiste alla prova del tempo<\/title>\n<meta name=\"description\" content=\"Dalla sua residenza di Monaco, dove si \u00e8 stabilito con la moglie e imprenditrice Ornella Barra pi\u00f9 di trent&#039;anni fa, Stefano Pessina, 83 anni, dirige uno\" \/>\n<meta name=\"robots\" content=\"index, follow, max-snippet:-1, max-image-preview:large, max-video-preview:-1\" \/>\n<link rel=\"canonical\" href=\"https:\/\/www.monaco-tribune.com\/it\/2025\/04\/stefano-pessina-limpero-farmaceutico-del-magnate-monegasco-resiste-alla-prova-del-tempo\/\" \/>\n<meta property=\"og:locale\" content=\"it_IT\" \/>\n<meta property=\"og:type\" content=\"article\" \/>\n<meta property=\"og:title\" content=\"Stefano Pessina: l&#039;impero farmaceutico del magnate monegasco resiste alla prova del tempo - Monaco Tribune\" \/>\n<meta property=\"og:description\" content=\"Dalla sua residenza di Monaco, dove si \u00e8 stabilito con la moglie e imprenditrice Ornella Barra pi\u00f9 di trent&#039;anni fa, Stefano Pessina, 83 anni, dirige uno\" \/>\n<meta property=\"og:url\" content=\"https:\/\/www.monaco-tribune.com\/it\/2025\/04\/stefano-pessina-limpero-farmaceutico-del-magnate-monegasco-resiste-alla-prova-del-tempo\/\" \/>\n<meta property=\"og:site_name\" content=\"Monaco Tribune\" \/>\n<meta property=\"article:publisher\" content=\"https:\/\/www.facebook.com\/MonacoTribune\" \/>\n<meta property=\"article:published_time\" content=\"2025-04-03T15:57:09+00:00\" \/>\n<meta property=\"article:modified_time\" content=\"2025-04-03T15:57:22+00:00\" \/>\n<meta property=\"og:image\" content=\"https:\/\/www.monaco-tribune.com\/wp-content\/uploads\/2025\/03\/stefano-pessina.jpg\" \/>\n\t<meta property=\"og:image:width\" content=\"1200\" \/>\n\t<meta property=\"og:image:height\" content=\"600\" \/>\n\t<meta property=\"og:image:type\" content=\"image\/jpeg\" \/>\n<meta name=\"author\" content=\"Mark Linden\" \/>\n<meta name=\"twitter:card\" content=\"summary_large_image\" \/>\n<meta name=\"twitter:creator\" content=\"@MonacoTribune\" \/>\n<meta name=\"twitter:site\" content=\"@MonacoTribune\" \/>\n<script type=\"application\/ld+json\" class=\"yoast-schema-graph\">{\"@context\":\"https:\\\/\\\/schema.org\",\"@graph\":[{\"@type\":\"NewsArticle\",\"@id\":\"https:\\\/\\\/www.monaco-tribune.com\\\/it\\\/2025\\\/04\\\/stefano-pessina-limpero-farmaceutico-del-magnate-monegasco-resiste-alla-prova-del-tempo\\\/#article\",\"isPartOf\":{\"@id\":\"https:\\\/\\\/www.monaco-tribune.com\\\/it\\\/2025\\\/04\\\/stefano-pessina-limpero-farmaceutico-del-magnate-monegasco-resiste-alla-prova-del-tempo\\\/\"},\"author\":{\"name\":\"Mark Linden\",\"@id\":\"https:\\\/\\\/www.monaco-tribune.com\\\/it\\\/#\\\/schema\\\/person\\\/3796f08c04a1ae0bf5db7629e63acc06\"},\"headline\":\"Stefano Pessina: l&#8217;impero farmaceutico del magnate monegasco resiste alla prova del tempo\",\"datePublished\":\"2025-04-03T15:57:09+00:00\",\"dateModified\":\"2025-04-03T15:57:22+00:00\",\"mainEntityOfPage\":{\"@id\":\"https:\\\/\\\/www.monaco-tribune.com\\\/it\\\/2025\\\/04\\\/stefano-pessina-limpero-farmaceutico-del-magnate-monegasco-resiste-alla-prova-del-tempo\\\/\"},\"wordCount\":1668,\"publisher\":{\"@id\":\"https:\\\/\\\/www.monaco-tribune.com\\\/it\\\/#organization\"},\"image\":{\"@id\":\"https:\\\/\\\/www.monaco-tribune.com\\\/it\\\/2025\\\/04\\\/stefano-pessina-limpero-farmaceutico-del-magnate-monegasco-resiste-alla-prova-del-tempo\\\/#primaryimage\"},\"thumbnailUrl\":\"https:\\\/\\\/www.monaco-tribune.com\\\/wp-content\\\/uploads\\\/2025\\\/03\\\/stefano-pessina.jpg\",\"keywords\":[\"Personalit\u00e0\"],\"articleSection\":[\"Business\",\"La nostra scelta\",\"Notizie\"],\"inLanguage\":\"it-IT\",\"copyrightYear\":\"2025\",\"copyrightHolder\":{\"@id\":\"https:\\\/\\\/www.monaco-tribune.com\\\/#organization\"}},{\"@type\":\"WebPage\",\"@id\":\"https:\\\/\\\/www.monaco-tribune.com\\\/it\\\/2025\\\/04\\\/stefano-pessina-limpero-farmaceutico-del-magnate-monegasco-resiste-alla-prova-del-tempo\\\/\",\"url\":\"https:\\\/\\\/www.monaco-tribune.com\\\/it\\\/2025\\\/04\\\/stefano-pessina-limpero-farmaceutico-del-magnate-monegasco-resiste-alla-prova-del-tempo\\\/\",\"name\":\"Stefano Pessina: l'impero farmaceutico del magnate monegasco resiste alla prova del tempo\",\"isPartOf\":{\"@id\":\"https:\\\/\\\/www.monaco-tribune.com\\\/it\\\/#website\"},\"primaryImageOfPage\":{\"@id\":\"https:\\\/\\\/www.monaco-tribune.com\\\/it\\\/2025\\\/04\\\/stefano-pessina-limpero-farmaceutico-del-magnate-monegasco-resiste-alla-prova-del-tempo\\\/#primaryimage\"},\"image\":{\"@id\":\"https:\\\/\\\/www.monaco-tribune.com\\\/it\\\/2025\\\/04\\\/stefano-pessina-limpero-farmaceutico-del-magnate-monegasco-resiste-alla-prova-del-tempo\\\/#primaryimage\"},\"thumbnailUrl\":\"https:\\\/\\\/www.monaco-tribune.com\\\/wp-content\\\/uploads\\\/2025\\\/03\\\/stefano-pessina.jpg\",\"datePublished\":\"2025-04-03T15:57:09+00:00\",\"dateModified\":\"2025-04-03T15:57:22+00:00\",\"description\":\"Dalla sua residenza di Monaco, dove si \u00e8 stabilito con la moglie e imprenditrice Ornella Barra pi\u00f9 di trent'anni fa, Stefano Pessina, 83 anni, dirige uno\",\"breadcrumb\":{\"@id\":\"https:\\\/\\\/www.monaco-tribune.com\\\/it\\\/2025\\\/04\\\/stefano-pessina-limpero-farmaceutico-del-magnate-monegasco-resiste-alla-prova-del-tempo\\\/#breadcrumb\"},\"inLanguage\":\"it-IT\",\"potentialAction\":[{\"@type\":\"ReadAction\",\"target\":[\"https:\\\/\\\/www.monaco-tribune.com\\\/it\\\/2025\\\/04\\\/stefano-pessina-limpero-farmaceutico-del-magnate-monegasco-resiste-alla-prova-del-tempo\\\/\"]}]},{\"@type\":\"ImageObject\",\"inLanguage\":\"it-IT\",\"@id\":\"https:\\\/\\\/www.monaco-tribune.com\\\/it\\\/2025\\\/04\\\/stefano-pessina-limpero-farmaceutico-del-magnate-monegasco-resiste-alla-prova-del-tempo\\\/#primaryimage\",\"url\":\"https:\\\/\\\/www.monaco-tribune.com\\\/wp-content\\\/uploads\\\/2025\\\/03\\\/stefano-pessina.jpg\",\"contentUrl\":\"https:\\\/\\\/www.monaco-tribune.com\\\/wp-content\\\/uploads\\\/2025\\\/03\\\/stefano-pessina.jpg\",\"width\":1200,\"height\":600,\"caption\":\"Stefano Pessina \u00a9 Wallgreens Boots Aliance\"},{\"@type\":\"BreadcrumbList\",\"@id\":\"https:\\\/\\\/www.monaco-tribune.com\\\/it\\\/2025\\\/04\\\/stefano-pessina-limpero-farmaceutico-del-magnate-monegasco-resiste-alla-prova-del-tempo\\\/#breadcrumb\",\"itemListElement\":[{\"@type\":\"ListItem\",\"position\":1,\"name\":\"Accueil\",\"item\":\"https:\\\/\\\/www.monaco-tribune.com\\\/it\\\/\"},{\"@type\":\"ListItem\",\"position\":2,\"name\":\"Stefano Pessina: l&#8217;impero farmaceutico del magnate monegasco resiste alla prova del tempo\"}]},{\"@type\":\"WebSite\",\"@id\":\"https:\\\/\\\/www.monaco-tribune.com\\\/it\\\/#website\",\"url\":\"https:\\\/\\\/www.monaco-tribune.com\\\/it\\\/\",\"name\":\"Monaco Tribune\",\"description\":\"Monaco : actualit\u00e9s \u00e9conomiques, politiques, culturelles et sportives de Monaco et de la French Riviera.\",\"publisher\":{\"@id\":\"https:\\\/\\\/www.monaco-tribune.com\\\/it\\\/#organization\"},\"potentialAction\":[{\"@type\":\"SearchAction\",\"target\":{\"@type\":\"EntryPoint\",\"urlTemplate\":\"https:\\\/\\\/www.monaco-tribune.com\\\/it\\\/?s={search_term_string}\"},\"query-input\":{\"@type\":\"PropertyValueSpecification\",\"valueRequired\":true,\"valueName\":\"search_term_string\"}}],\"inLanguage\":\"it-IT\"},{\"@type\":\"Organization\",\"@id\":\"https:\\\/\\\/www.monaco-tribune.com\\\/it\\\/#organization\",\"name\":\"Monaco Tribune\",\"url\":\"https:\\\/\\\/www.monaco-tribune.com\\\/it\\\/\",\"logo\":{\"@type\":\"ImageObject\",\"inLanguage\":\"it-IT\",\"@id\":\"https:\\\/\\\/www.monaco-tribune.com\\\/it\\\/#\\\/schema\\\/logo\\\/image\\\/\",\"url\":\"https:\\\/\\\/www.monaco-tribune.com\\\/wp-content\\\/uploads\\\/2022\\\/11\\\/logo-monaco-tribune.png\",\"contentUrl\":\"https:\\\/\\\/www.monaco-tribune.com\\\/wp-content\\\/uploads\\\/2022\\\/11\\\/logo-monaco-tribune.png\",\"width\":1548,\"height\":600,\"caption\":\"Monaco Tribune\"},\"image\":{\"@id\":\"https:\\\/\\\/www.monaco-tribune.com\\\/it\\\/#\\\/schema\\\/logo\\\/image\\\/\"},\"sameAs\":[\"https:\\\/\\\/www.facebook.com\\\/MonacoTribune\",\"https:\\\/\\\/x.com\\\/MonacoTribune\",\"https:\\\/\\\/www.instagram.com\\\/monacotribune\\\/\",\"https:\\\/\\\/www.linkedin.com\\\/company\\\/monaco-tribune\",\"https:\\\/\\\/www.youtube.com\\\/channel\\\/UCHle1MnG6hw1y4lWKijVbMA\"]},{\"@type\":\"Person\",\"@id\":\"https:\\\/\\\/www.monaco-tribune.com\\\/it\\\/#\\\/schema\\\/person\\\/3796f08c04a1ae0bf5db7629e63acc06\",\"name\":\"Mark Linden\",\"image\":{\"@type\":\"ImageObject\",\"inLanguage\":\"it-IT\",\"@id\":\"https:\\\/\\\/secure.gravatar.com\\\/avatar\\\/d0130c037315ebbab849176573fa4be49bb085b56b56eef40dfdebd8b0dab200?s=96&d=mm&r=g\",\"url\":\"https:\\\/\\\/secure.gravatar.com\\\/avatar\\\/d0130c037315ebbab849176573fa4be49bb085b56b56eef40dfdebd8b0dab200?s=96&d=mm&r=g\",\"contentUrl\":\"https:\\\/\\\/secure.gravatar.com\\\/avatar\\\/d0130c037315ebbab849176573fa4be49bb085b56b56eef40dfdebd8b0dab200?s=96&d=mm&r=g\",\"caption\":\"Mark Linden\"},\"url\":\"https:\\\/\\\/www.monaco-tribune.com\\\/it\\\/author\\\/nielslinden\\\/\"}]}<\/script>\n<!-- \/ Yoast SEO Premium plugin. -->","yoast_head_json":{"title":"Stefano Pessina: l'impero farmaceutico del magnate monegasco resiste alla prova del tempo","description":"Dalla sua residenza di Monaco, dove si \u00e8 stabilito con la moglie e imprenditrice Ornella Barra pi\u00f9 di trent'anni fa, Stefano Pessina, 83 anni, dirige uno","robots":{"index":"index","follow":"follow","max-snippet":"max-snippet:-1","max-image-preview":"max-image-preview:large","max-video-preview":"max-video-preview:-1"},"canonical":"https:\/\/www.monaco-tribune.com\/it\/2025\/04\/stefano-pessina-limpero-farmaceutico-del-magnate-monegasco-resiste-alla-prova-del-tempo\/","og_locale":"it_IT","og_type":"article","og_title":"Stefano Pessina: l'impero farmaceutico del magnate monegasco resiste alla prova del tempo - Monaco Tribune","og_description":"Dalla sua residenza di Monaco, dove si \u00e8 stabilito con la moglie e imprenditrice Ornella Barra pi\u00f9 di trent'anni fa, Stefano Pessina, 83 anni, dirige uno","og_url":"https:\/\/www.monaco-tribune.com\/it\/2025\/04\/stefano-pessina-limpero-farmaceutico-del-magnate-monegasco-resiste-alla-prova-del-tempo\/","og_site_name":"Monaco Tribune","article_publisher":"https:\/\/www.facebook.com\/MonacoTribune","article_published_time":"2025-04-03T15:57:09+00:00","article_modified_time":"2025-04-03T15:57:22+00:00","og_image":[{"width":1200,"height":600,"url":"https:\/\/www.monaco-tribune.com\/wp-content\/uploads\/2025\/03\/stefano-pessina.jpg","type":"image\/jpeg"}],"author":"Mark Linden","twitter_card":"summary_large_image","twitter_creator":"@MonacoTribune","twitter_site":"@MonacoTribune","schema":{"@context":"https:\/\/schema.org","@graph":[{"@type":"NewsArticle","@id":"https:\/\/www.monaco-tribune.com\/it\/2025\/04\/stefano-pessina-limpero-farmaceutico-del-magnate-monegasco-resiste-alla-prova-del-tempo\/#article","isPartOf":{"@id":"https:\/\/www.monaco-tribune.com\/it\/2025\/04\/stefano-pessina-limpero-farmaceutico-del-magnate-monegasco-resiste-alla-prova-del-tempo\/"},"author":{"name":"Mark Linden","@id":"https:\/\/www.monaco-tribune.com\/it\/#\/schema\/person\/3796f08c04a1ae0bf5db7629e63acc06"},"headline":"Stefano Pessina: l&#8217;impero farmaceutico del magnate monegasco resiste alla prova del tempo","datePublished":"2025-04-03T15:57:09+00:00","dateModified":"2025-04-03T15:57:22+00:00","mainEntityOfPage":{"@id":"https:\/\/www.monaco-tribune.com\/it\/2025\/04\/stefano-pessina-limpero-farmaceutico-del-magnate-monegasco-resiste-alla-prova-del-tempo\/"},"wordCount":1668,"publisher":{"@id":"https:\/\/www.monaco-tribune.com\/it\/#organization"},"image":{"@id":"https:\/\/www.monaco-tribune.com\/it\/2025\/04\/stefano-pessina-limpero-farmaceutico-del-magnate-monegasco-resiste-alla-prova-del-tempo\/#primaryimage"},"thumbnailUrl":"https:\/\/www.monaco-tribune.com\/wp-content\/uploads\/2025\/03\/stefano-pessina.jpg","keywords":["Personalit\u00e0"],"articleSection":["Business","La nostra scelta","Notizie"],"inLanguage":"it-IT","copyrightYear":"2025","copyrightHolder":{"@id":"https:\/\/www.monaco-tribune.com\/#organization"}},{"@type":"WebPage","@id":"https:\/\/www.monaco-tribune.com\/it\/2025\/04\/stefano-pessina-limpero-farmaceutico-del-magnate-monegasco-resiste-alla-prova-del-tempo\/","url":"https:\/\/www.monaco-tribune.com\/it\/2025\/04\/stefano-pessina-limpero-farmaceutico-del-magnate-monegasco-resiste-alla-prova-del-tempo\/","name":"Stefano Pessina: l'impero farmaceutico del magnate monegasco resiste alla prova del tempo","isPartOf":{"@id":"https:\/\/www.monaco-tribune.com\/it\/#website"},"primaryImageOfPage":{"@id":"https:\/\/www.monaco-tribune.com\/it\/2025\/04\/stefano-pessina-limpero-farmaceutico-del-magnate-monegasco-resiste-alla-prova-del-tempo\/#primaryimage"},"image":{"@id":"https:\/\/www.monaco-tribune.com\/it\/2025\/04\/stefano-pessina-limpero-farmaceutico-del-magnate-monegasco-resiste-alla-prova-del-tempo\/#primaryimage"},"thumbnailUrl":"https:\/\/www.monaco-tribune.com\/wp-content\/uploads\/2025\/03\/stefano-pessina.jpg","datePublished":"2025-04-03T15:57:09+00:00","dateModified":"2025-04-03T15:57:22+00:00","description":"Dalla sua residenza di Monaco, dove si \u00e8 stabilito con la moglie e imprenditrice Ornella Barra pi\u00f9 di trent'anni fa, Stefano Pessina, 83 anni, dirige uno","breadcrumb":{"@id":"https:\/\/www.monaco-tribune.com\/it\/2025\/04\/stefano-pessina-limpero-farmaceutico-del-magnate-monegasco-resiste-alla-prova-del-tempo\/#breadcrumb"},"inLanguage":"it-IT","potentialAction":[{"@type":"ReadAction","target":["https:\/\/www.monaco-tribune.com\/it\/2025\/04\/stefano-pessina-limpero-farmaceutico-del-magnate-monegasco-resiste-alla-prova-del-tempo\/"]}]},{"@type":"ImageObject","inLanguage":"it-IT","@id":"https:\/\/www.monaco-tribune.com\/it\/2025\/04\/stefano-pessina-limpero-farmaceutico-del-magnate-monegasco-resiste-alla-prova-del-tempo\/#primaryimage","url":"https:\/\/www.monaco-tribune.com\/wp-content\/uploads\/2025\/03\/stefano-pessina.jpg","contentUrl":"https:\/\/www.monaco-tribune.com\/wp-content\/uploads\/2025\/03\/stefano-pessina.jpg","width":1200,"height":600,"caption":"Stefano Pessina \u00a9 Wallgreens Boots Aliance"},{"@type":"BreadcrumbList","@id":"https:\/\/www.monaco-tribune.com\/it\/2025\/04\/stefano-pessina-limpero-farmaceutico-del-magnate-monegasco-resiste-alla-prova-del-tempo\/#breadcrumb","itemListElement":[{"@type":"ListItem","position":1,"name":"Accueil","item":"https:\/\/www.monaco-tribune.com\/it\/"},{"@type":"ListItem","position":2,"name":"Stefano Pessina: l&#8217;impero farmaceutico del magnate monegasco resiste alla prova del tempo"}]},{"@type":"WebSite","@id":"https:\/\/www.monaco-tribune.com\/it\/#website","url":"https:\/\/www.monaco-tribune.com\/it\/","name":"Monaco Tribune","description":"Monaco : actualit\u00e9s \u00e9conomiques, politiques, culturelles et sportives de Monaco et de la French Riviera.","publisher":{"@id":"https:\/\/www.monaco-tribune.com\/it\/#organization"},"potentialAction":[{"@type":"SearchAction","target":{"@type":"EntryPoint","urlTemplate":"https:\/\/www.monaco-tribune.com\/it\/?s={search_term_string}"},"query-input":{"@type":"PropertyValueSpecification","valueRequired":true,"valueName":"search_term_string"}}],"inLanguage":"it-IT"},{"@type":"Organization","@id":"https:\/\/www.monaco-tribune.com\/it\/#organization","name":"Monaco Tribune","url":"https:\/\/www.monaco-tribune.com\/it\/","logo":{"@type":"ImageObject","inLanguage":"it-IT","@id":"https:\/\/www.monaco-tribune.com\/it\/#\/schema\/logo\/image\/","url":"https:\/\/www.monaco-tribune.com\/wp-content\/uploads\/2022\/11\/logo-monaco-tribune.png","contentUrl":"https:\/\/www.monaco-tribune.com\/wp-content\/uploads\/2022\/11\/logo-monaco-tribune.png","width":1548,"height":600,"caption":"Monaco Tribune"},"image":{"@id":"https:\/\/www.monaco-tribune.com\/it\/#\/schema\/logo\/image\/"},"sameAs":["https:\/\/www.facebook.com\/MonacoTribune","https:\/\/x.com\/MonacoTribune","https:\/\/www.instagram.com\/monacotribune\/","https:\/\/www.linkedin.com\/company\/monaco-tribune","https:\/\/www.youtube.com\/channel\/UCHle1MnG6hw1y4lWKijVbMA"]},{"@type":"Person","@id":"https:\/\/www.monaco-tribune.com\/it\/#\/schema\/person\/3796f08c04a1ae0bf5db7629e63acc06","name":"Mark Linden","image":{"@type":"ImageObject","inLanguage":"it-IT","@id":"https:\/\/secure.gravatar.com\/avatar\/d0130c037315ebbab849176573fa4be49bb085b56b56eef40dfdebd8b0dab200?s=96&d=mm&r=g","url":"https:\/\/secure.gravatar.com\/avatar\/d0130c037315ebbab849176573fa4be49bb085b56b56eef40dfdebd8b0dab200?s=96&d=mm&r=g","contentUrl":"https:\/\/secure.gravatar.com\/avatar\/d0130c037315ebbab849176573fa4be49bb085b56b56eef40dfdebd8b0dab200?s=96&d=mm&r=g","caption":"Mark Linden"},"url":"https:\/\/www.monaco-tribune.com\/it\/author\/nielslinden\/"}]}},"_links":{"self":[{"href":"https:\/\/www.monaco-tribune.com\/it\/wp-json\/wp\/v2\/posts\/284866","targetHints":{"allow":["GET"]}}],"collection":[{"href":"https:\/\/www.monaco-tribune.com\/it\/wp-json\/wp\/v2\/posts"}],"about":[{"href":"https:\/\/www.monaco-tribune.com\/it\/wp-json\/wp\/v2\/types\/post"}],"author":[{"embeddable":true,"href":"https:\/\/www.monaco-tribune.com\/it\/wp-json\/wp\/v2\/users\/78"}],"replies":[{"embeddable":true,"href":"https:\/\/www.monaco-tribune.com\/it\/wp-json\/wp\/v2\/comments?post=284866"}],"version-history":[{"count":2,"href":"https:\/\/www.monaco-tribune.com\/it\/wp-json\/wp\/v2\/posts\/284866\/revisions"}],"predecessor-version":[{"id":284869,"href":"https:\/\/www.monaco-tribune.com\/it\/wp-json\/wp\/v2\/posts\/284866\/revisions\/284869"}],"wp:featuredmedia":[{"embeddable":true,"href":"https:\/\/www.monaco-tribune.com\/it\/wp-json\/wp\/v2\/media\/284078"}],"wp:attachment":[{"href":"https:\/\/www.monaco-tribune.com\/it\/wp-json\/wp\/v2\/media?parent=284866"}],"wp:term":[{"taxonomy":"category","embeddable":true,"href":"https:\/\/www.monaco-tribune.com\/it\/wp-json\/wp\/v2\/categories?post=284866"},{"taxonomy":"post_tag","embeddable":true,"href":"https:\/\/www.monaco-tribune.com\/it\/wp-json\/wp\/v2\/tags?post=284866"},{"taxonomy":"sectag","embeddable":true,"href":"https:\/\/www.monaco-tribune.com\/it\/wp-json\/wp\/v2\/post_sectags?post=284866"},{"taxonomy":"format","embeddable":true,"href":"https:\/\/www.monaco-tribune.com\/it\/wp-json\/wp\/v2\/post_format?post=284866"}],"curies":[{"name":"wp","href":"https:\/\/api.w.org\/{rel}","templated":true}]}}