{"id":284870,"date":"2025-04-03T19:16:46","date_gmt":"2025-04-03T17:16:46","guid":{"rendered":"https:\/\/www.monaco-tribune.com\/2025\/04\/oltre-le-parole-scopriamo-il-mondo-della-comunicazione-animale-con-shaina-lebeau\/"},"modified":"2025-04-03T19:16:50","modified_gmt":"2025-04-03T17:16:50","slug":"oltre-le-parole-scopriamo-il-mondo-della-comunicazione-animale-con-shaina-lebeau","status":"publish","type":"post","link":"https:\/\/www.monaco-tribune.com\/it\/2025\/04\/oltre-le-parole-scopriamo-il-mondo-della-comunicazione-animale-con-shaina-lebeau\/","title":{"rendered":"Oltre le parole: scopriamo il mondo della comunicazione animale con Sha\u00efna Lebeau"},"content":{"rendered":"\n<p><strong>In un mondo in cui il benessere degli animali sta diventando sempre pi\u00f9 importante, la comunicazione animale \u00e8 una pratica affascinante che si fa strada per stabilire un dialogo autentico tra uomini e animali.<\/strong><\/p>\n\n<p>Nella nostra nuova serie dedicata alle terapie alternative, Monaco Tribune incontra i professionisti che stanno ridefinendo il nostro rapporto con il benessere. Dopo <a href=\"https:\/\/www.monaco-tribune.com\/it\/2025\/03\/le-essenze-del-benessere-un-viaggio-nelluniverso-dellaromaterapia\/\">aver esplorato gli oli essenziali con Peter Pinville<\/a>, aromaterapeuta e naturopata, continuiamo con questa seconda puntata alla scoperta del mondo, ancora poco conosciuto, della comunicazione animale, un approccio che sta rivoluzionando il rapporto con i nostri amici a quattro zampe.<\/p>\n\n<h2 class=\"wp-block-heading\" id=\"h-l-art-d-ecouter-au-dela-des-apparences\">L&#8217;arte di ascoltare oltre le apparenze<\/h2>\n\n<p><p data-pm-slice=\"1 1 []\">&#8220;La comunicazione animale, prima di tutto, \u00e8 ascoltare. Ascoltare ci\u00f2 che l&#8217;animale ha bisogno di esprimere.&#8221; Queste parole di Sha\u00efna Lebeau, comunicatrice animale e autrice, risuonano come un mantra. Accompagnata dal suo partner e collaboratore Florent Richet, ci apre le porte di una pratica spesso fraintesa.<\/p><\/p>\n\n<blockquote class=\"wp-block-quote is-layout-flow wp-block-quote-is-layout-flow\">\n<p><em>\u00c8 il giorno pi\u00f9 bello della loro vita<\/em><\/p>\n<\/blockquote>\n\n<p>Contrariamente ai preconcetti, non si tratta di un approccio esoterico, ma di uno scambio basato sulla telepatia e sulla trasmissione di pensieri attraverso le onde cerebrali. &#8220;Gli animali hanno sempre onde cerebrali tra 7 e 13 Hz, sia quando dormono sia quando giocano. Negli esseri umani, questa frequenza corrisponde a uno stato di leggero rilassamento,&#8221; spiega Sha\u00efna. \u00c8 in questo stato che si stabilisce la connessione.<\/p>\n\n<h2 class=\"wp-block-heading\" id=\"h-un-code-ethique-rigoureux\">Un codice etico rigoroso<\/h2>\n\n<p>\u00a0<br\/><br\/>Prima di ogni seduta, Sha\u00efna Lebeau applica un codice etico rigoroso che ha sviluppato personalmente. Ai proprietari vengono poste quattro domande fondamentali, l&#8217;ultima delle quali \u00e8 particolarmente rivelatrice: &#8220;Siete pronti a realizzare tutto ci\u00f2 che l&#8217;animale proporr\u00e0, non solo per lui, ma anche per voi?&#8221;<\/p>\n\n<p>&#8220;Se non ricevo un s\u00ec deciso a tutte e quattro le domande, preferisco non fare la seduta per rispetto verso l&#8217;animale,&#8221; precisa. Un impegno reciproco \u00e8 essenziale, poich\u00e9, contrariamente a quanto si potrebbe pensare, &#8220;l&#8217;animale sar\u00e0 sempre d&#8217;accordo, \u00e8 sempre entusiasta di esprimersi. Gli animali non aspettano altro, \u00e8 il giorno pi\u00f9 bello della loro vita.&#8221;<\/p>\n<div class=\"wp-block-image\">\n<figure class=\"aligncenter size-large\"><img loading=\"lazy\" decoding=\"async\" width=\"1024\" height=\"683\" src=\"https:\/\/www.monaco-tribune.com\/wp-content\/uploads\/2025\/04\/shaina-lebeau-1024x683.png\" alt=\"\" class=\"wp-image-284587\" srcset=\"https:\/\/www.monaco-tribune.com\/wp-content\/uploads\/2025\/04\/shaina-lebeau-1024x683.png 1024w, https:\/\/www.monaco-tribune.com\/wp-content\/uploads\/2025\/04\/shaina-lebeau-450x300.png 450w, https:\/\/www.monaco-tribune.com\/wp-content\/uploads\/2025\/04\/shaina-lebeau.png 1200w\" sizes=\"auto, (max-width: 1024px) 100vw, 1024px\" \/><figcaption class=\"wp-element-caption\"><em>Florent Richet e Sha\u00efna Lebeau \u00a9 Sha\u00efna Lebeau<\/em><\/figcaption><\/figure>\n<\/div>\n<h2 class=\"wp-block-heading\" id=\"h-une-seance-en-quatre-temps\">Una seduta in quattro fasi<\/h2>\n\n<p>Una seduta completa di comunicazione animale dura tra le due e le tre ore e si articola in quattro fasi distinte. Per circa un&#8217;ora e mezza, l&#8217;animale si esprime liberamente. Successivamente, tutto ci\u00f2 che ha condiviso viene tradotto agli umani della casa. La terza parte \u00e8 una sorta di &#8220;riunione di famiglia&#8221; in cui tutti possono porre domande. Infine, viene fornito un resoconto scritto con le proposte dell&#8217;animale.<\/p>\n\n<p><p data-pm-slice=\"1 1 []\">&#8220;L&#8217;animale parler\u00e0 del suo argomento preferito: gli esseri umani con cui vive. Parler\u00e0 di s\u00e9, ma molto poco,&#8221; sottolinea Sha\u00efna. Questa rivelazione sorprende spesso i proprietari, che scoprono quanto il loro compagno li conosca nel profondo.<\/p><\/p>\n\n<blockquote class=\"wp-block-quote is-layout-flow wp-block-quote-is-layout-flow\">\n<p><em>Perch\u00e9 \u00e8 stato qui tutto questo tempo?<\/em><\/p>\n<\/blockquote>\n\n<h2 class=\"wp-block-heading\" id=\"h-des-demandes-variees-mais-profondes\">Richieste varie ma profonde<\/h2>\n\n<p><p data-pm-slice=\"1 1 []\">I motivi per cui i proprietari si rivolgono alla comunicazione animale sono diversi. &#8220;Ci chiamano spesso per problemi comportamentali difficili o inappropriati, come la tendenza a scappare, gli scatti di rabbia o i conflitti tra animali,&#8221; spiega Florent. Tuttavia, queste preoccupazioni cos\u00ec umane differiscono spesso da ci\u00f2 che l&#8217;animale vuole veramente esprimere.<\/p><\/p>\n\n<p>Sha\u00efna aggiunge: &#8220;Ricevo molte richieste per gli ultimi istanti di vita, quando gli umani non vogliono lasciar andare il loro animale malato. \u00c8 molto difficile. Si rendono conto di quanto il loro amico a quattro zampe sia stato importante per loro e non riescono a lasciarlo andare, si dicono: Ma allora perch\u00e9 \u00e8 stato qui tutto questo tempo? Non posso lasciarlo andare, \u00e8 il mio compagno di vita&#8221;.<\/p>\n\n<blockquote class=\"wp-block-quote is-layout-flow wp-block-quote-is-layout-flow\">\n<p><em>Come fa a saperlo? Non era con noi<\/em><\/p>\n<\/blockquote>\n\n<p><p data-pm-slice=\"1 1 []\">Alcuni proprietari sostengono che il loro animale &#8220;stia bene, sia affettuoso e felice, e non sia aggressivo&#8221; e che quindi &#8220;non abbia nulla da dire&#8221;. Tuttavia, anche dietro un comportamento apparentemente normale, &#8220;c&#8217;\u00e8 sempre qualcosa di profondo,&#8221; assicura Florent.<\/p><\/p>\n\n<h2 class=\"wp-block-heading\" id=\"h-des-revelations-surprenantes\">Rivelazione sorprendenti<\/h2>\n\n<p>Gli animali percepiscono aspetti della nostra vita che spesso ignoriamo. Sha\u00efna racconta di un cane che, durante una consultazione, ha rivelato le difficolt\u00e0 della sua proprietaria nel rapporto con il padre, andato via quando lei era bambina, e come questo influenzasse le sue relazioni attuali.<\/p>\n\n<p>Come spiegare questa incredibile percezione? Florent spiega: &#8220;L&#8217;animale ha accesso ai nostri pensieri, parole, emozioni. Ci conosce profondamente, ha accesso al nostro inconscio, semplicemente perch\u00e9 non \u00e8 influenzato da due cose: l&#8217;aspetto mentale, che ci fa porre troppe domande, e l&#8217;ego, che pu\u00f2 essere sovradimensionato o sottodimensionato e condiziona le nostre reazioni in base alle esperienze di vita.&#8221;<\/p>\n\n<p><p data-pm-slice=\"1 1 []\">Ma cosa ancora pi\u00f9 sorprendente, Sha\u00efna spiega che &#8220;gli animali sono sempre con noi, sia che siamo l\u00ec fisicamente o meno. Captano i nostri pensieri, stati d&#8217;animo ed emozioni, tutto quello che facciamo. Sono qui per accompagnarci.&#8221; A questo proposito racconta l&#8217;aneddoto di un gatto che sapeva che la sua proprietaria aveva rivisto un ex, nonostante lei lo negasse. &#8220;Come fa a saperlo? Non era con noi&#8221; ha detto stupita la proprietaria.<\/p><\/p>\n<div class=\"wp-block-image\">\n<figure class=\"aligncenter size-full\"><img loading=\"lazy\" decoding=\"async\" width=\"800\" height=\"533\" src=\"https:\/\/www.monaco-tribune.com\/wp-content\/uploads\/2025\/04\/laurent-richet-1.png\" alt=\"\" class=\"wp-image-284595\" srcset=\"https:\/\/www.monaco-tribune.com\/wp-content\/uploads\/2025\/04\/laurent-richet-1.png 800w, https:\/\/www.monaco-tribune.com\/wp-content\/uploads\/2025\/04\/laurent-richet-1-450x300.png 450w\" sizes=\"auto, (max-width: 800px) 100vw, 800px\" \/><figcaption class=\"wp-element-caption\"><em>Florent Trichet \u00a9 Sha\u00efna Lebeau<\/em><\/figcaption><\/figure>\n<\/div>\n<h2 class=\"wp-block-heading\" id=\"h-un-chemin-vers-le-bien-etre-partage\">Un cammino verso il benessere condiviso<\/h2>\n\n<p>I messaggi trasmessi dagli animali sono sempre mossi da un&#8217;intenzione positiva. &#8220;L&#8217;animale \u00e8 senza filtri, esprime ci\u00f2 che sente in modo benevolo, senza giudicare, ma ci\u00f2 che sente \u00e8 buono. Quindi lo dice, lo esprime&#8221; spiega Florent. Questa sincerit\u00e0 rappresenta &#8220;un dono prezioso per l&#8217;umano&#8221; che, se seguito, porta a &#8220;un benessere condiviso, per entrambi.&#8221;<\/p>\n\n<h2 class=\"wp-block-heading\" id=\"h-de-la-decouverte-a-la-vocation\">Dalla scoperta alla vocazione<\/h2>\n\n<p>I percorsi di Sha\u00efna e Florent illustrano due modi diversi di arrivare alla comunicazione animale. Sha\u00efna ha scoperto questa capacit\u00e0 da bambina, quando ha realizzato che gli altri non sentivano gli animali come lei. Un evento traumatico l&#8217;ha portata a chiudersi nel suo mondo, in questa connessione privilegiata: &#8220;A otto anni ho deciso di non parlare pi\u00f9 fino all&#8217;adolescenza. Sono rimasta in contatto con gli animali, ma meno con gli umani.&#8221;<\/p>\n\n<p><p data-pm-slice=\"1 1 []\">Florent, invece, \u00e8 uno scettico convertito. &#8220;Non ero completamente interessato alla comunicazione animale, non credevo fosse possibile.&#8221; Tutto \u00e8 cambiato durante un corso con Sha\u00efna. &#8220;Ho ascoltato il mio cane e mi ha detto cose incredibili, verit\u00e0 che non avevo mai realizzato.&#8221;<\/p><\/p>\n\n<h2 class=\"wp-block-heading\" id=\"h-une-pratique-complementaire-a-la-medecine-veterinaire\">Una pratica complementare alla medicina veterinaria<\/h2>\n\n<p>Sempre pi\u00f9 veterinari si avvicinano a questa pratica seguendo corsi di formazione. &#8220;Ci sono sempre pi\u00f9 veterinari che si iscrivono ai nostri corsi,&#8221; racconta Sha\u00efna. Florent aggiunge: &#8220;Una mente razionale non \u00e8 necessariamente chiusa nelle sue convinzioni, ma cerca di comprendere.&#8221;<\/p>\n\n<p><p data-pm-slice=\"1 1 []\">Questa complementariet\u00e0 tra approccio scientifico e intuitivo apre nuove prospettive per il benessere animale. &#8220;Siamo al lato opposto dell&#8217;aspetto scientifico perch\u00e9 noi non analizziamo, noi sentiamo. E queste due cose sono complementari,&#8221; sottolinea Sha\u00efna.<\/p><\/p>\n\n<p>Per chi vuole migliorare il legame con il proprio amico a quattro zampe, Sha\u00efna consiglia di &#8220;parlare di pi\u00f9 con il proprio animale&#8221; e di prendersi il tempo di accarezzarlo, chiudendo gli occhi per sentirlo. Florent aggiunge l&#8217;importanza di &#8220;essere presenti&#8221; con il proprio animale, anche solo per cinque minuti, con piena consapevolezza e senza pensare ad altro.<\/p>\n\n<h2 class=\"wp-block-heading\" id=\"h-l-avenir-de-la-communication-animale\">Il futuro della comunicazione animale<\/h2>\n\n<p>Visto l&#8217;interesse crescente verso questa pratica, Sha\u00efna e Florent auspicano a un riconoscimento scientifico della comunicazione animale per evitare strane derive. &#8220;Il nostro obiettivo \u00e8 ottenere un riconoscimento. Per questo chiediamo una legittimazione scientifica,&#8221; afferma Florent.<\/p>\n\n<p><p data-pm-slice=\"1 1 []\">Per Sha\u00efna il futuro \u00e8 scritto nella leggenda dei nativi americani del colibr\u00ec, ormai simbolo della sua scuola: &#8220;Un colibr\u00ec tenta di spegnere un incendio trasportando gocce d&#8217;acqua con il becco tra il lago e le fiamme. Quando un armadillo gli dice che non ce la far\u00e0 mai a spegnere l&#8217;incendio da solo, risponde: &#8216;Lo so, ma faccio la mia parte&#8217;.&#8221;<\/p><\/p>\n\n<p>\u00c8 questa filosofia a guidare il loro insegnamento: &#8220;Tutti quelli che vengono a un nostro corso sono dei colibr\u00ec. Ognuno di loro, con le proprie possibilit\u00e0, far\u00e0 la sua parte per far s\u00ec che gli animali abbiano il posto che meritano in casa&#8221;.<\/p>\n\n<hr class=\"wp-block-separator has-alpha-channel-opacity\"\/>\n\n<p><em>Per saperne di pi\u00f9 sulla comunicazione animale o per scoprire i corsi di formazione offerti da Sha\u00efna Lebeau e Florent Richet, potete <a href=\"https:\/\/www.souffledor.fr\/ecopsychologie\/2677-les-animaux-ces-messagers-au-grand-coeur-9782840587095.html\">leggere il loro libro<\/a> o <a href=\"https:\/\/shaina-lebeau.com\/\">visitare il loro sito web<\/a>.<\/em><\/p>\n","protected":false},"excerpt":{"rendered":"<p>In un mondo in cui il benessere degli animali sta diventando sempre pi\u00f9 importante, la comunicazione animale \u00e8 una pratica [&hellip;]<\/p>\n","protected":false},"author":78,"featured_media":284593,"comment_status":"closed","ping_status":"closed","sticky":false,"template":"","format":"standard","meta":{"_acf_changed":false,"footnotes":""},"categories":[1826,1738,1752],"tags":[5463],"post_sectags":[],"post_format":[2476],"class_list":["post-284870","post","type-post","status-publish","format-standard","has-post-thumbnail","hentry","category-la-nostra-scelta","category-notizie","category-societa","tag-benessere","format-intervista"],"acf":[],"yoast_head":"<!-- This site is optimized with the Yoast SEO Premium plugin v26.8 (Yoast SEO v27.5) - https:\/\/yoast.com\/product\/yoast-seo-premium-wordpress\/ -->\n<title>Oltre le parole: scopriamo il mondo della comunicazione animale con Sha\u00efna Lebeau<\/title>\n<meta name=\"description\" content=\"In un mondo in cui il benessere degli animali sta diventando sempre pi\u00f9 importante, la comunicazione animale \u00e8 una pratica affascinante che si fa strada\" \/>\n<meta name=\"robots\" content=\"index, follow, max-snippet:-1, max-image-preview:large, max-video-preview:-1\" \/>\n<link rel=\"canonical\" href=\"https:\/\/www.monaco-tribune.com\/it\/2025\/04\/oltre-le-parole-scopriamo-il-mondo-della-comunicazione-animale-con-shaina-lebeau\/\" \/>\n<meta property=\"og:locale\" content=\"it_IT\" \/>\n<meta property=\"og:type\" content=\"article\" \/>\n<meta property=\"og:title\" content=\"Oltre le parole: scopriamo il mondo della comunicazione animale con Sha\u00efna Lebeau - Monaco Tribune\" \/>\n<meta property=\"og:description\" content=\"In un mondo in cui il benessere degli animali sta diventando sempre pi\u00f9 importante, la comunicazione animale \u00e8 una pratica affascinante che si fa strada\" \/>\n<meta property=\"og:url\" content=\"https:\/\/www.monaco-tribune.com\/it\/2025\/04\/oltre-le-parole-scopriamo-il-mondo-della-comunicazione-animale-con-shaina-lebeau\/\" \/>\n<meta property=\"og:site_name\" content=\"Monaco Tribune\" \/>\n<meta property=\"article:publisher\" content=\"https:\/\/www.facebook.com\/MonacoTribune\" \/>\n<meta property=\"article:published_time\" content=\"2025-04-03T17:16:46+00:00\" \/>\n<meta property=\"article:modified_time\" content=\"2025-04-03T17:16:50+00:00\" \/>\n<meta property=\"og:image\" content=\"https:\/\/www.monaco-tribune.com\/wp-content\/uploads\/2025\/04\/communication-animale.png\" \/>\n\t<meta property=\"og:image:width\" content=\"1079\" \/>\n\t<meta property=\"og:image:height\" content=\"707\" \/>\n\t<meta property=\"og:image:type\" content=\"image\/png\" \/>\n<meta name=\"author\" content=\"Mark Linden\" \/>\n<meta name=\"twitter:card\" content=\"summary_large_image\" \/>\n<meta name=\"twitter:creator\" content=\"@MonacoTribune\" \/>\n<meta name=\"twitter:site\" content=\"@MonacoTribune\" \/>\n<script type=\"application\/ld+json\" class=\"yoast-schema-graph\">{\"@context\":\"https:\\\/\\\/schema.org\",\"@graph\":[{\"@type\":\"NewsArticle\",\"@id\":\"https:\\\/\\\/www.monaco-tribune.com\\\/it\\\/2025\\\/04\\\/oltre-le-parole-scopriamo-il-mondo-della-comunicazione-animale-con-shaina-lebeau\\\/#article\",\"isPartOf\":{\"@id\":\"https:\\\/\\\/www.monaco-tribune.com\\\/it\\\/2025\\\/04\\\/oltre-le-parole-scopriamo-il-mondo-della-comunicazione-animale-con-shaina-lebeau\\\/\"},\"author\":{\"name\":\"Mark Linden\",\"@id\":\"https:\\\/\\\/www.monaco-tribune.com\\\/it\\\/#\\\/schema\\\/person\\\/3796f08c04a1ae0bf5db7629e63acc06\"},\"headline\":\"Oltre le parole: scopriamo il mondo della comunicazione animale con Sha\u00efna Lebeau\",\"datePublished\":\"2025-04-03T17:16:46+00:00\",\"dateModified\":\"2025-04-03T17:16:50+00:00\",\"mainEntityOfPage\":{\"@id\":\"https:\\\/\\\/www.monaco-tribune.com\\\/it\\\/2025\\\/04\\\/oltre-le-parole-scopriamo-il-mondo-della-comunicazione-animale-con-shaina-lebeau\\\/\"},\"wordCount\":1332,\"publisher\":{\"@id\":\"https:\\\/\\\/www.monaco-tribune.com\\\/it\\\/#organization\"},\"image\":{\"@id\":\"https:\\\/\\\/www.monaco-tribune.com\\\/it\\\/2025\\\/04\\\/oltre-le-parole-scopriamo-il-mondo-della-comunicazione-animale-con-shaina-lebeau\\\/#primaryimage\"},\"thumbnailUrl\":\"https:\\\/\\\/www.monaco-tribune.com\\\/wp-content\\\/uploads\\\/2025\\\/04\\\/communication-animale.png\",\"keywords\":[\"Benessere\"],\"articleSection\":[\"La nostra scelta\",\"Notizie\",\"Societ\u00e0\"],\"inLanguage\":\"it-IT\",\"copyrightYear\":\"2025\",\"copyrightHolder\":{\"@id\":\"https:\\\/\\\/www.monaco-tribune.com\\\/#organization\"}},{\"@type\":\"WebPage\",\"@id\":\"https:\\\/\\\/www.monaco-tribune.com\\\/it\\\/2025\\\/04\\\/oltre-le-parole-scopriamo-il-mondo-della-comunicazione-animale-con-shaina-lebeau\\\/\",\"url\":\"https:\\\/\\\/www.monaco-tribune.com\\\/it\\\/2025\\\/04\\\/oltre-le-parole-scopriamo-il-mondo-della-comunicazione-animale-con-shaina-lebeau\\\/\",\"name\":\"Oltre le parole: scopriamo il mondo della comunicazione animale con Sha\u00efna Lebeau\",\"isPartOf\":{\"@id\":\"https:\\\/\\\/www.monaco-tribune.com\\\/it\\\/#website\"},\"primaryImageOfPage\":{\"@id\":\"https:\\\/\\\/www.monaco-tribune.com\\\/it\\\/2025\\\/04\\\/oltre-le-parole-scopriamo-il-mondo-della-comunicazione-animale-con-shaina-lebeau\\\/#primaryimage\"},\"image\":{\"@id\":\"https:\\\/\\\/www.monaco-tribune.com\\\/it\\\/2025\\\/04\\\/oltre-le-parole-scopriamo-il-mondo-della-comunicazione-animale-con-shaina-lebeau\\\/#primaryimage\"},\"thumbnailUrl\":\"https:\\\/\\\/www.monaco-tribune.com\\\/wp-content\\\/uploads\\\/2025\\\/04\\\/communication-animale.png\",\"datePublished\":\"2025-04-03T17:16:46+00:00\",\"dateModified\":\"2025-04-03T17:16:50+00:00\",\"description\":\"In un mondo in cui il benessere degli animali sta diventando sempre pi\u00f9 importante, la comunicazione animale \u00e8 una pratica affascinante che si fa strada\",\"breadcrumb\":{\"@id\":\"https:\\\/\\\/www.monaco-tribune.com\\\/it\\\/2025\\\/04\\\/oltre-le-parole-scopriamo-il-mondo-della-comunicazione-animale-con-shaina-lebeau\\\/#breadcrumb\"},\"inLanguage\":\"it-IT\",\"potentialAction\":[{\"@type\":\"ReadAction\",\"target\":[\"https:\\\/\\\/www.monaco-tribune.com\\\/it\\\/2025\\\/04\\\/oltre-le-parole-scopriamo-il-mondo-della-comunicazione-animale-con-shaina-lebeau\\\/\"]}]},{\"@type\":\"ImageObject\",\"inLanguage\":\"it-IT\",\"@id\":\"https:\\\/\\\/www.monaco-tribune.com\\\/it\\\/2025\\\/04\\\/oltre-le-parole-scopriamo-il-mondo-della-comunicazione-animale-con-shaina-lebeau\\\/#primaryimage\",\"url\":\"https:\\\/\\\/www.monaco-tribune.com\\\/wp-content\\\/uploads\\\/2025\\\/04\\\/communication-animale.png\",\"contentUrl\":\"https:\\\/\\\/www.monaco-tribune.com\\\/wp-content\\\/uploads\\\/2025\\\/04\\\/communication-animale.png\",\"width\":1079,\"height\":707,\"caption\":\"Sha\u00efna Lebeau\"},{\"@type\":\"BreadcrumbList\",\"@id\":\"https:\\\/\\\/www.monaco-tribune.com\\\/it\\\/2025\\\/04\\\/oltre-le-parole-scopriamo-il-mondo-della-comunicazione-animale-con-shaina-lebeau\\\/#breadcrumb\",\"itemListElement\":[{\"@type\":\"ListItem\",\"position\":1,\"name\":\"Accueil\",\"item\":\"https:\\\/\\\/www.monaco-tribune.com\\\/it\\\/\"},{\"@type\":\"ListItem\",\"position\":2,\"name\":\"Oltre le parole: scopriamo il mondo della comunicazione animale con Sha\u00efna Lebeau\"}]},{\"@type\":\"WebSite\",\"@id\":\"https:\\\/\\\/www.monaco-tribune.com\\\/it\\\/#website\",\"url\":\"https:\\\/\\\/www.monaco-tribune.com\\\/it\\\/\",\"name\":\"Monaco Tribune\",\"description\":\"Monaco : actualit\u00e9s \u00e9conomiques, politiques, culturelles et sportives de Monaco et de la French Riviera.\",\"publisher\":{\"@id\":\"https:\\\/\\\/www.monaco-tribune.com\\\/it\\\/#organization\"},\"potentialAction\":[{\"@type\":\"SearchAction\",\"target\":{\"@type\":\"EntryPoint\",\"urlTemplate\":\"https:\\\/\\\/www.monaco-tribune.com\\\/it\\\/?s={search_term_string}\"},\"query-input\":{\"@type\":\"PropertyValueSpecification\",\"valueRequired\":true,\"valueName\":\"search_term_string\"}}],\"inLanguage\":\"it-IT\"},{\"@type\":\"Organization\",\"@id\":\"https:\\\/\\\/www.monaco-tribune.com\\\/it\\\/#organization\",\"name\":\"Monaco Tribune\",\"url\":\"https:\\\/\\\/www.monaco-tribune.com\\\/it\\\/\",\"logo\":{\"@type\":\"ImageObject\",\"inLanguage\":\"it-IT\",\"@id\":\"https:\\\/\\\/www.monaco-tribune.com\\\/it\\\/#\\\/schema\\\/logo\\\/image\\\/\",\"url\":\"https:\\\/\\\/www.monaco-tribune.com\\\/wp-content\\\/uploads\\\/2022\\\/11\\\/logo-monaco-tribune.png\",\"contentUrl\":\"https:\\\/\\\/www.monaco-tribune.com\\\/wp-content\\\/uploads\\\/2022\\\/11\\\/logo-monaco-tribune.png\",\"width\":1548,\"height\":600,\"caption\":\"Monaco Tribune\"},\"image\":{\"@id\":\"https:\\\/\\\/www.monaco-tribune.com\\\/it\\\/#\\\/schema\\\/logo\\\/image\\\/\"},\"sameAs\":[\"https:\\\/\\\/www.facebook.com\\\/MonacoTribune\",\"https:\\\/\\\/x.com\\\/MonacoTribune\",\"https:\\\/\\\/www.instagram.com\\\/monacotribune\\\/\",\"https:\\\/\\\/www.linkedin.com\\\/company\\\/monaco-tribune\",\"https:\\\/\\\/www.youtube.com\\\/channel\\\/UCHle1MnG6hw1y4lWKijVbMA\"]},{\"@type\":\"Person\",\"@id\":\"https:\\\/\\\/www.monaco-tribune.com\\\/it\\\/#\\\/schema\\\/person\\\/3796f08c04a1ae0bf5db7629e63acc06\",\"name\":\"Mark Linden\",\"image\":{\"@type\":\"ImageObject\",\"inLanguage\":\"it-IT\",\"@id\":\"https:\\\/\\\/secure.gravatar.com\\\/avatar\\\/d0130c037315ebbab849176573fa4be49bb085b56b56eef40dfdebd8b0dab200?s=96&d=mm&r=g\",\"url\":\"https:\\\/\\\/secure.gravatar.com\\\/avatar\\\/d0130c037315ebbab849176573fa4be49bb085b56b56eef40dfdebd8b0dab200?s=96&d=mm&r=g\",\"contentUrl\":\"https:\\\/\\\/secure.gravatar.com\\\/avatar\\\/d0130c037315ebbab849176573fa4be49bb085b56b56eef40dfdebd8b0dab200?s=96&d=mm&r=g\",\"caption\":\"Mark Linden\"},\"url\":\"https:\\\/\\\/www.monaco-tribune.com\\\/it\\\/author\\\/nielslinden\\\/\"}]}<\/script>\n<!-- \/ Yoast SEO Premium plugin. -->","yoast_head_json":{"title":"Oltre le parole: scopriamo il mondo della comunicazione animale con Sha\u00efna Lebeau","description":"In un mondo in cui il benessere degli animali sta diventando sempre pi\u00f9 importante, la comunicazione animale \u00e8 una pratica affascinante che si fa strada","robots":{"index":"index","follow":"follow","max-snippet":"max-snippet:-1","max-image-preview":"max-image-preview:large","max-video-preview":"max-video-preview:-1"},"canonical":"https:\/\/www.monaco-tribune.com\/it\/2025\/04\/oltre-le-parole-scopriamo-il-mondo-della-comunicazione-animale-con-shaina-lebeau\/","og_locale":"it_IT","og_type":"article","og_title":"Oltre le parole: scopriamo il mondo della comunicazione animale con Sha\u00efna Lebeau - Monaco Tribune","og_description":"In un mondo in cui il benessere degli animali sta diventando sempre pi\u00f9 importante, la comunicazione animale \u00e8 una pratica affascinante che si fa strada","og_url":"https:\/\/www.monaco-tribune.com\/it\/2025\/04\/oltre-le-parole-scopriamo-il-mondo-della-comunicazione-animale-con-shaina-lebeau\/","og_site_name":"Monaco Tribune","article_publisher":"https:\/\/www.facebook.com\/MonacoTribune","article_published_time":"2025-04-03T17:16:46+00:00","article_modified_time":"2025-04-03T17:16:50+00:00","og_image":[{"width":1079,"height":707,"url":"https:\/\/www.monaco-tribune.com\/wp-content\/uploads\/2025\/04\/communication-animale.png","type":"image\/png"}],"author":"Mark Linden","twitter_card":"summary_large_image","twitter_creator":"@MonacoTribune","twitter_site":"@MonacoTribune","schema":{"@context":"https:\/\/schema.org","@graph":[{"@type":"NewsArticle","@id":"https:\/\/www.monaco-tribune.com\/it\/2025\/04\/oltre-le-parole-scopriamo-il-mondo-della-comunicazione-animale-con-shaina-lebeau\/#article","isPartOf":{"@id":"https:\/\/www.monaco-tribune.com\/it\/2025\/04\/oltre-le-parole-scopriamo-il-mondo-della-comunicazione-animale-con-shaina-lebeau\/"},"author":{"name":"Mark Linden","@id":"https:\/\/www.monaco-tribune.com\/it\/#\/schema\/person\/3796f08c04a1ae0bf5db7629e63acc06"},"headline":"Oltre le parole: scopriamo il mondo della comunicazione animale con Sha\u00efna Lebeau","datePublished":"2025-04-03T17:16:46+00:00","dateModified":"2025-04-03T17:16:50+00:00","mainEntityOfPage":{"@id":"https:\/\/www.monaco-tribune.com\/it\/2025\/04\/oltre-le-parole-scopriamo-il-mondo-della-comunicazione-animale-con-shaina-lebeau\/"},"wordCount":1332,"publisher":{"@id":"https:\/\/www.monaco-tribune.com\/it\/#organization"},"image":{"@id":"https:\/\/www.monaco-tribune.com\/it\/2025\/04\/oltre-le-parole-scopriamo-il-mondo-della-comunicazione-animale-con-shaina-lebeau\/#primaryimage"},"thumbnailUrl":"https:\/\/www.monaco-tribune.com\/wp-content\/uploads\/2025\/04\/communication-animale.png","keywords":["Benessere"],"articleSection":["La nostra scelta","Notizie","Societ\u00e0"],"inLanguage":"it-IT","copyrightYear":"2025","copyrightHolder":{"@id":"https:\/\/www.monaco-tribune.com\/#organization"}},{"@type":"WebPage","@id":"https:\/\/www.monaco-tribune.com\/it\/2025\/04\/oltre-le-parole-scopriamo-il-mondo-della-comunicazione-animale-con-shaina-lebeau\/","url":"https:\/\/www.monaco-tribune.com\/it\/2025\/04\/oltre-le-parole-scopriamo-il-mondo-della-comunicazione-animale-con-shaina-lebeau\/","name":"Oltre le parole: scopriamo il mondo della comunicazione animale con Sha\u00efna Lebeau","isPartOf":{"@id":"https:\/\/www.monaco-tribune.com\/it\/#website"},"primaryImageOfPage":{"@id":"https:\/\/www.monaco-tribune.com\/it\/2025\/04\/oltre-le-parole-scopriamo-il-mondo-della-comunicazione-animale-con-shaina-lebeau\/#primaryimage"},"image":{"@id":"https:\/\/www.monaco-tribune.com\/it\/2025\/04\/oltre-le-parole-scopriamo-il-mondo-della-comunicazione-animale-con-shaina-lebeau\/#primaryimage"},"thumbnailUrl":"https:\/\/www.monaco-tribune.com\/wp-content\/uploads\/2025\/04\/communication-animale.png","datePublished":"2025-04-03T17:16:46+00:00","dateModified":"2025-04-03T17:16:50+00:00","description":"In un mondo in cui il benessere degli animali sta diventando sempre pi\u00f9 importante, la comunicazione animale \u00e8 una pratica affascinante che si fa strada","breadcrumb":{"@id":"https:\/\/www.monaco-tribune.com\/it\/2025\/04\/oltre-le-parole-scopriamo-il-mondo-della-comunicazione-animale-con-shaina-lebeau\/#breadcrumb"},"inLanguage":"it-IT","potentialAction":[{"@type":"ReadAction","target":["https:\/\/www.monaco-tribune.com\/it\/2025\/04\/oltre-le-parole-scopriamo-il-mondo-della-comunicazione-animale-con-shaina-lebeau\/"]}]},{"@type":"ImageObject","inLanguage":"it-IT","@id":"https:\/\/www.monaco-tribune.com\/it\/2025\/04\/oltre-le-parole-scopriamo-il-mondo-della-comunicazione-animale-con-shaina-lebeau\/#primaryimage","url":"https:\/\/www.monaco-tribune.com\/wp-content\/uploads\/2025\/04\/communication-animale.png","contentUrl":"https:\/\/www.monaco-tribune.com\/wp-content\/uploads\/2025\/04\/communication-animale.png","width":1079,"height":707,"caption":"Sha\u00efna Lebeau"},{"@type":"BreadcrumbList","@id":"https:\/\/www.monaco-tribune.com\/it\/2025\/04\/oltre-le-parole-scopriamo-il-mondo-della-comunicazione-animale-con-shaina-lebeau\/#breadcrumb","itemListElement":[{"@type":"ListItem","position":1,"name":"Accueil","item":"https:\/\/www.monaco-tribune.com\/it\/"},{"@type":"ListItem","position":2,"name":"Oltre le parole: scopriamo il mondo della comunicazione animale con Sha\u00efna Lebeau"}]},{"@type":"WebSite","@id":"https:\/\/www.monaco-tribune.com\/it\/#website","url":"https:\/\/www.monaco-tribune.com\/it\/","name":"Monaco Tribune","description":"Monaco : actualit\u00e9s \u00e9conomiques, politiques, culturelles et sportives de Monaco et de la French Riviera.","publisher":{"@id":"https:\/\/www.monaco-tribune.com\/it\/#organization"},"potentialAction":[{"@type":"SearchAction","target":{"@type":"EntryPoint","urlTemplate":"https:\/\/www.monaco-tribune.com\/it\/?s={search_term_string}"},"query-input":{"@type":"PropertyValueSpecification","valueRequired":true,"valueName":"search_term_string"}}],"inLanguage":"it-IT"},{"@type":"Organization","@id":"https:\/\/www.monaco-tribune.com\/it\/#organization","name":"Monaco Tribune","url":"https:\/\/www.monaco-tribune.com\/it\/","logo":{"@type":"ImageObject","inLanguage":"it-IT","@id":"https:\/\/www.monaco-tribune.com\/it\/#\/schema\/logo\/image\/","url":"https:\/\/www.monaco-tribune.com\/wp-content\/uploads\/2022\/11\/logo-monaco-tribune.png","contentUrl":"https:\/\/www.monaco-tribune.com\/wp-content\/uploads\/2022\/11\/logo-monaco-tribune.png","width":1548,"height":600,"caption":"Monaco Tribune"},"image":{"@id":"https:\/\/www.monaco-tribune.com\/it\/#\/schema\/logo\/image\/"},"sameAs":["https:\/\/www.facebook.com\/MonacoTribune","https:\/\/x.com\/MonacoTribune","https:\/\/www.instagram.com\/monacotribune\/","https:\/\/www.linkedin.com\/company\/monaco-tribune","https:\/\/www.youtube.com\/channel\/UCHle1MnG6hw1y4lWKijVbMA"]},{"@type":"Person","@id":"https:\/\/www.monaco-tribune.com\/it\/#\/schema\/person\/3796f08c04a1ae0bf5db7629e63acc06","name":"Mark Linden","image":{"@type":"ImageObject","inLanguage":"it-IT","@id":"https:\/\/secure.gravatar.com\/avatar\/d0130c037315ebbab849176573fa4be49bb085b56b56eef40dfdebd8b0dab200?s=96&d=mm&r=g","url":"https:\/\/secure.gravatar.com\/avatar\/d0130c037315ebbab849176573fa4be49bb085b56b56eef40dfdebd8b0dab200?s=96&d=mm&r=g","contentUrl":"https:\/\/secure.gravatar.com\/avatar\/d0130c037315ebbab849176573fa4be49bb085b56b56eef40dfdebd8b0dab200?s=96&d=mm&r=g","caption":"Mark Linden"},"url":"https:\/\/www.monaco-tribune.com\/it\/author\/nielslinden\/"}]}},"_links":{"self":[{"href":"https:\/\/www.monaco-tribune.com\/it\/wp-json\/wp\/v2\/posts\/284870","targetHints":{"allow":["GET"]}}],"collection":[{"href":"https:\/\/www.monaco-tribune.com\/it\/wp-json\/wp\/v2\/posts"}],"about":[{"href":"https:\/\/www.monaco-tribune.com\/it\/wp-json\/wp\/v2\/types\/post"}],"author":[{"embeddable":true,"href":"https:\/\/www.monaco-tribune.com\/it\/wp-json\/wp\/v2\/users\/78"}],"replies":[{"embeddable":true,"href":"https:\/\/www.monaco-tribune.com\/it\/wp-json\/wp\/v2\/comments?post=284870"}],"version-history":[{"count":2,"href":"https:\/\/www.monaco-tribune.com\/it\/wp-json\/wp\/v2\/posts\/284870\/revisions"}],"predecessor-version":[{"id":284873,"href":"https:\/\/www.monaco-tribune.com\/it\/wp-json\/wp\/v2\/posts\/284870\/revisions\/284873"}],"wp:featuredmedia":[{"embeddable":true,"href":"https:\/\/www.monaco-tribune.com\/it\/wp-json\/wp\/v2\/media\/284593"}],"wp:attachment":[{"href":"https:\/\/www.monaco-tribune.com\/it\/wp-json\/wp\/v2\/media?parent=284870"}],"wp:term":[{"taxonomy":"category","embeddable":true,"href":"https:\/\/www.monaco-tribune.com\/it\/wp-json\/wp\/v2\/categories?post=284870"},{"taxonomy":"post_tag","embeddable":true,"href":"https:\/\/www.monaco-tribune.com\/it\/wp-json\/wp\/v2\/tags?post=284870"},{"taxonomy":"sectag","embeddable":true,"href":"https:\/\/www.monaco-tribune.com\/it\/wp-json\/wp\/v2\/post_sectags?post=284870"},{"taxonomy":"format","embeddable":true,"href":"https:\/\/www.monaco-tribune.com\/it\/wp-json\/wp\/v2\/post_format?post=284870"}],"curies":[{"name":"wp","href":"https:\/\/api.w.org\/{rel}","templated":true}]}}