{"id":28552,"date":"2020-05-28T16:02:08","date_gmt":"2020-05-28T14:02:08","guid":{"rendered":"https:\/\/www.monaco-tribune.com\/2020\/05\/federica-nardini-spinetta-mcfw-dovremmo-azzerarci-e-ripensare-a-come-fare-moda\/"},"modified":"2020-11-22T22:24:42","modified_gmt":"2020-11-22T21:24:42","slug":"federica-nardini-spinetta-mcfw-dovremmo-azzerarci-e-ripensare-a-come-fare-moda","status":"publish","type":"post","link":"https:\/\/www.monaco-tribune.com\/it\/2020\/05\/federica-nardini-spinetta-mcfw-dovremmo-azzerarci-e-ripensare-a-come-fare-moda\/","title":{"rendered":"Federica Nardini Spinetta (MCFW): &#8220;Dovremmo azzerarci e ripensare a come fare moda&#8221;"},"content":{"rendered":"<p><strong>Qualche mese fa, il Principato di Monaco era in attesa dell\u2019incontro annuale con le ultime collezioni di moda, provenienti da tutto il mondo, durante la Settimana della Moda di Monte Carlo (MCFW). Ma con tutto quello che stava succedendo nel mondo, la sua fondatrice, Federica Nardoni Spinetta, era comunque determinata a dare un nuovo aspetto al suo appuntamento modaiolo. Invece di sfarzose passerelle, modelle di corsa verso il backstage e VIP seduti in prima fila, ha sfruttato i social media e ha organizzato dei dibattiti con gli esperti del nuovo capitolo della moda, e l\u2019importanza di un domani sostenibile.<\/strong><\/p>\n<p>Qualche giorno dopo la fine della <a href=\"https:\/\/www.monaco-tribune.com\/en\/2020\/05\/monte-carlo-fashion-week-goes-digital\/\">MCFW,<\/a> abbiamo incontrato Federica per parlare del mondo della moda.<\/p>\n<p><strong>Federica, lei \u00e8 un\u2019autorit\u00e0 qui a Monaco. Ci parli per favore del suo background.<\/strong><\/p>\n<p>Sono Italiana e sono cresciuta a Milano. Mi sono laureata in Economia e Finanza all\u2019Universit\u00e0 Bocconi e poi ho iniziato la mia carriera lavorando per KPMG. Sono venuta per la prima volta a Monaco quando lavoravo per una societ\u00e0 petrolifera e ho deciso di vivere in questo meraviglioso Paese. Qui ho fondato la mia famiglia e il mio brand, Beach &amp; Cashmere Monaco.<\/p>\n<p>Vivere in un paese per me significa avere parte attiva nella sua vita economica, e dunque nel 2008, sono entrata a far parte del Consiglio del MEB (<a href=\"https:\/\/www.meb.mc\/\">Monaco Economic Board<\/a>) e sono diventata membro delle Donne Imprenditrici di Monaco (<a href=\"http:\/\/www.afce-monaco.org\/\">AFCEM<\/a>). Nel 2009, assieme a tre brand monegaschi: Banana Moon, Elizabeth Wessel e Beach &amp; Cashmere Monaco, abbiamo creato la <a href=\"https:\/\/www.chambremonegasquemode.com\/\">Camera Monegasca della Moda<\/a>, che \u00e8 il Fashion Council del Principato di Monaco.<\/p>\n<p><strong>Com\u2019\u00e8 nata l\u2019idea della Monte Carlo Fashion Week?<\/strong><\/p>\n<p>Appena dopo la fondazione della Camera Monegasca della Moda (CMM) nel 2009 abbiamo iniziato a federare brand di moda monegaschi e a organizzare sfilate di moda a Monaco e all\u2019estero. Il CMM ha un doppio scopo: da un lato rappresenta e diffonde i valori degli stilisti locali e promuove a livello internazionale la creativit\u00e0 Made in Monaco, e dall\u2019altro, proietta il Principato come un mercato chiave per la moda mondiale.<\/p>\n<p>Quindi abbiamo deciso di lanciare la Monte Carlo Fashion Week (MCFW), sotto l\u2019Alto Patrocinio di Sua Altezza Serenissima la Principessa Charlene di Monaco, e col supporto del Governo, del Consiglio Nazionale, del Municipio e dell\u2019Ufficio del Turismo di Monaco.<\/p>\n<p>La MCFW \u00e8 quindi divenuta un ricco calendario di sfilate e presentazioni di moda internazionali. Per esempio, ben 16 brand hanno partecipato alla nostra prima edizione nel 2013, e <a href=\"https:\/\/www.monaco-tribune.com\/en\/2019\/03\/some-early-information-on-the-2019-monte-carlo-fashion-week\/\">lo scorso anno<\/a>, abbiamo dato il benvenuto a 40 brand da 15 Paesi nel corso di un evento di cinque giorni.<\/p>\n<p><strong>In questa stagione Primavera\/Estate, molte settimane della moda internazionali sono state svolte online. Com\u2019\u00e8 andata la MCFW quest\u2019anno? E l\u2019edizione digitale ha avuto lo stesso successo di quelle \u201coffline\u201d?<\/strong><\/p>\n<p>E\u2019 stata una settimana straordinaria che ci ha permesso di viaggiare virtualmente in tutto il mondo: dagli Stati Uniti a Dubai, dalla Tailandia all\u2019Italia a Monaco attraverso il \u201c<a href=\"https:\/\/www.monaco-tribune.com\/en\/2020\/05\/high-level-speaker-roster-at-this-years-digital-monte-carlo-fashion-week\/\">2020 MCFW A Conversation with Series<\/a>\u201d \u2013 una serie di dibattiti interattivi digitali in diretta con i protagonisti della moda internazionale.<\/p>\n<p>Il nostro concorso sulla sostenibilit\u00e0 includeva brand da 17 Paesi, dall\u2019Europa all\u2019Asia, all\u2019Africa e le Americhe. Ognuno di questi ha incapsulato la sua essenza e la sua visione innovativa in un video girato durante il lockdown o nei giorni post lockdown, e che \u00e8 stato pubblicato sui social della MCFW. Alcuni oratori chiave sono stati <a href=\"https:\/\/www.monaco-tribune.com\/en\/2020\/03\/monaco-at-paris-fashion-week-pauline-ducruets-latest-collection-hits-runway\/\">Pauline Ducret<\/a>, figlia di Sua Altezza Serenissima la Principessa St\u00e9phanie di Monaco, e fondatrice del brand unisex Alter, intervistata da Sara Maino, direttrice di Vogue Talents e Vicedirettrice di Vogue Italia. Tommy Hilfiger e Dee Ocleppo Hilfiger si sono connessi in diretta dagli Stati Uniti e sono stati intervistati da Victoria Silvstedt. E io stessa ho organizzato altri dibattiti con figure chiave di stilisti, artisti e modelle contemporanei.<\/p>\n<p>Il nostro premio di sostenibilit\u00e0 \u00e8 stato vinto dal brand messicano Desserto per la loro pelle vegana prodotta dai cactus, e per tutta la lista dei nostri premi prestigiosi si pu\u00f2 vedere qui. qui<\/p>\n<p>Possiamo confermare che questa edizione digitale ha avuto molto successo. Sicuramente \u00e8 stata diversa dalle altre edizioni \u201coffline\u201d, ma \u00e8 stata molto interessante e con un messaggio profondo.<\/p>\n<blockquote class=\"instagram-media\" style=\"background: #FFF; border: 0; border-radius: 3px; box-shadow: 0 0 1px 0 rgba(0,0,0,0.5),0 1px 10px 0 rgba(0,0,0,0.15); margin: 1px; max-width: 540px; min-width: 326px; padding: 0; width: calc(100% - 2px);\" data-instgrm-permalink=\"https:\/\/www.instagram.com\/p\/CAiyIsxjQuo\/?utm_source=ig_embed&amp;utm_campaign=loading\" data-instgrm-version=\"12\">\n<div style=\"padding: 16px;\">\n<p>&nbsp;<\/p>\n<div style=\"display: flex; flex-direction: row; align-items: center;\">\n<div style=\"background-color: #f4f4f4; border-radius: 50%; flex-grow: 0; height: 40px; margin-right: 14px; width: 40px;\"><\/div>\n<div style=\"display: flex; flex-direction: column; flex-grow: 1; justify-content: center;\">\n<div style=\"background-color: #f4f4f4; border-radius: 4px; flex-grow: 0; height: 14px; margin-bottom: 6px; width: 100px;\"><\/div>\n<div style=\"background-color: #f4f4f4; border-radius: 4px; flex-grow: 0; height: 14px; width: 60px;\"><\/div>\n<\/div>\n<\/div>\n<div style=\"padding: 19% 0;\"><\/div>\n<div style=\"display: block; height: 50px; margin: 0 auto 12px; width: 50px;\"><\/div>\n<div style=\"padding-top: 8px;\">\n<div style=\"color: #3897f0; font-family: Arial,sans-serif; font-size: 14px; font-style: normal; font-weight: 550; line-height: 18px;\">View this post on Instagram<\/div>\n<\/div>\n<div style=\"padding: 12.5% 0;\"><\/div>\n<div style=\"display: flex; flex-direction: row; margin-bottom: 14px; align-items: center;\">\n<div>\n<div style=\"background-color: #f4f4f4; border-radius: 50%; height: 12.5px; width: 12.5px; transform: translateX(0px) translateY(7px);\"><\/div>\n<div style=\"background-color: #f4f4f4; height: 12.5px; transform: rotate(-45deg) translateX(3px) translateY(1px); width: 12.5px; flex-grow: 0; margin-right: 14px; margin-left: 2px;\"><\/div>\n<div style=\"background-color: #f4f4f4; border-radius: 50%; height: 12.5px; width: 12.5px; transform: translateX(9px) translateY(-18px);\"><\/div>\n<\/div>\n<div style=\"margin-left: 8px;\">\n<div style=\"background-color: #f4f4f4; border-radius: 50%; flex-grow: 0; height: 20px; width: 20px;\"><\/div>\n<div style=\"width: 0; height: 0; border-top: 2px solid transparent; border-left: 6px solid #f4f4f4; border-bottom: 2px solid transparent; transform: translateX(16px) translateY(-4px) rotate(30deg);\"><\/div>\n<\/div>\n<div style=\"margin-left: auto;\">\n<div style=\"width: 0px; border-top: 8px solid #F4F4F4; border-right: 8px solid transparent; transform: translateY(16px);\"><\/div>\n<div style=\"background-color: #f4f4f4; flex-grow: 0; height: 12px; width: 16px; transform: translateY(-4px);\"><\/div>\n<div style=\"width: 0; height: 0; border-top: 8px solid #F4F4F4; border-left: 8px solid transparent; transform: translateY(-4px) translateX(8px);\"><\/div>\n<\/div>\n<\/div>\n<div style=\"display: flex; flex-direction: column; flex-grow: 1; justify-content: center; margin-bottom: 24px;\">\n<div style=\"background-color: #f4f4f4; border-radius: 4px; flex-grow: 0; height: 14px; margin-bottom: 6px; width: 224px;\"><\/div>\n<div style=\"background-color: #f4f4f4; border-radius: 4px; flex-grow: 0; height: 14px; width: 144px;\"><\/div>\n<\/div>\n<p>&nbsp;<\/p>\n<p style=\"color: #c9c8cd; font-family: Arial,sans-serif; font-size: 14px; line-height: 17px; margin-bottom: 0; margin-top: 8px; overflow: hidden; padding: 8px 0 7px; text-align: center; text-overflow: ellipsis; white-space: nowrap;\"><a style=\"color: #c9c8cd; font-family: Arial,sans-serif; font-size: 14px; font-style: normal; font-weight: normal; line-height: 17px; text-decoration: none;\" href=\"https:\/\/www.instagram.com\/p\/CAiyIsxjQuo\/?utm_source=ig_embed&amp;utm_campaign=loading\" target=\"_blank\" rel=\"noopener noreferrer\">A post shared by Federica Nardoni Spinetta (@federicanardonispinetta)<\/a> on <time style=\"font-family: Arial,sans-serif; font-size: 14px; line-height: 17px;\" datetime=\"2020-05-23T20:22:12+00:00\">May 23, 2020 at 1:22pm PDT<\/time><\/p>\n<\/div>\n<\/blockquote>\n<p><script async src=\"\/\/www.instagram.com\/embed.js\"><\/script><\/p>\n<p><strong>Il suo stesso brand, Beach &amp; Cashmere, porta con s\u00e9 un messaggio ambientale. Come mai \u00e8 stata cos\u00ec incline a fondare un brand di questo tipo?<\/strong><\/p>\n<p>Ho sempre amato la moda. Fin da quando ero una bambina, disegnavo schizzi e me li facevo fare. Ero anche solita dipingere sui vestiti. Questa passione costante mi ha ispirato a creare e lanciare il mio brand: Beach &amp; Cashmere Monaco.<\/p>\n<p>Da anni ormai, creo e produco collezioni sostenibili. La prima \u00e8 stata \u201cSave the Ocean\u201d, seguita dalle collezioni \u201cNo Waste\u201d e \u201cSave the Nature\u201d. La mia ultima collezione \u201cUnder Full Sails\u201d, che ho appena lanciato attraverso l\u2019Edizione Digitale della MCFW 2020, \u00e8 stata realizzata interamente con vele riciclate in collaborazione con la Classe Smeralda dello Yacht Club di Monaco.<\/p>\n<blockquote class=\"instagram-media\" style=\"background: #FFF; border: 0; border-radius: 3px; box-shadow: 0 0 1px 0 rgba(0,0,0,0.5),0 1px 10px 0 rgba(0,0,0,0.15); margin: 1px; max-width: 540px; min-width: 326px; padding: 0; width: calc(100% - 2px);\" data-instgrm-permalink=\"https:\/\/www.instagram.com\/p\/CAgZbI5Dev0\/?utm_source=ig_embed&amp;utm_campaign=loading\" data-instgrm-version=\"12\">\n<div style=\"padding: 16px;\">\n<p>&nbsp;<\/p>\n<div style=\"display: flex; flex-direction: row; align-items: center;\">\n<div style=\"background-color: #f4f4f4; border-radius: 50%; flex-grow: 0; height: 40px; margin-right: 14px; width: 40px;\"><\/div>\n<div style=\"display: flex; flex-direction: column; flex-grow: 1; justify-content: center;\">\n<div style=\"background-color: #f4f4f4; border-radius: 4px; flex-grow: 0; height: 14px; margin-bottom: 6px; width: 100px;\"><\/div>\n<div style=\"background-color: #f4f4f4; border-radius: 4px; flex-grow: 0; height: 14px; width: 60px;\"><\/div>\n<\/div>\n<\/div>\n<div style=\"padding: 19% 0;\"><\/div>\n<div style=\"display: block; height: 50px; margin: 0 auto 12px; width: 50px;\"><\/div>\n<div style=\"padding-top: 8px;\">\n<div style=\"color: #3897f0; font-family: Arial,sans-serif; font-size: 14px; font-style: normal; font-weight: 550; line-height: 18px;\">View this post on Instagram<\/div>\n<\/div>\n<div style=\"padding: 12.5% 0;\"><\/div>\n<div style=\"display: flex; flex-direction: row; margin-bottom: 14px; align-items: center;\">\n<div>\n<div style=\"background-color: #f4f4f4; border-radius: 50%; height: 12.5px; width: 12.5px; transform: translateX(0px) translateY(7px);\"><\/div>\n<div style=\"background-color: #f4f4f4; height: 12.5px; transform: rotate(-45deg) translateX(3px) translateY(1px); width: 12.5px; flex-grow: 0; margin-right: 14px; margin-left: 2px;\"><\/div>\n<div style=\"background-color: #f4f4f4; border-radius: 50%; height: 12.5px; width: 12.5px; transform: translateX(9px) translateY(-18px);\"><\/div>\n<\/div>\n<div style=\"margin-left: 8px;\">\n<div style=\"background-color: #f4f4f4; border-radius: 50%; flex-grow: 0; height: 20px; width: 20px;\"><\/div>\n<div style=\"width: 0; height: 0; border-top: 2px solid transparent; border-left: 6px solid #f4f4f4; border-bottom: 2px solid transparent; transform: translateX(16px) translateY(-4px) rotate(30deg);\"><\/div>\n<\/div>\n<div style=\"margin-left: auto;\">\n<div style=\"width: 0px; border-top: 8px solid #F4F4F4; border-right: 8px solid transparent; transform: translateY(16px);\"><\/div>\n<div style=\"background-color: #f4f4f4; flex-grow: 0; height: 12px; width: 16px; transform: translateY(-4px);\"><\/div>\n<div style=\"width: 0; height: 0; border-top: 8px solid #F4F4F4; border-left: 8px solid transparent; transform: translateY(-4px) translateX(8px);\"><\/div>\n<\/div>\n<\/div>\n<div style=\"display: flex; flex-direction: column; flex-grow: 1; justify-content: center; margin-bottom: 24px;\">\n<div style=\"background-color: #f4f4f4; border-radius: 4px; flex-grow: 0; height: 14px; margin-bottom: 6px; width: 224px;\"><\/div>\n<div style=\"background-color: #f4f4f4; border-radius: 4px; flex-grow: 0; height: 14px; width: 144px;\"><\/div>\n<\/div>\n<p>&nbsp;<\/p>\n<p style=\"color: #c9c8cd; font-family: Arial,sans-serif; font-size: 14px; line-height: 17px; margin-bottom: 0; margin-top: 8px; overflow: hidden; padding: 8px 0 7px; text-align: center; text-overflow: ellipsis; white-space: nowrap;\"><a style=\"color: #c9c8cd; font-family: Arial,sans-serif; font-size: 14px; font-style: normal; font-weight: normal; line-height: 17px; text-decoration: none;\" href=\"https:\/\/www.instagram.com\/p\/CAgZbI5Dev0\/?utm_source=ig_embed&amp;utm_campaign=loading\" target=\"_blank\" rel=\"noopener noreferrer\">A post shared by Federica Nardoni Spinetta (@federicanardonispinetta)<\/a> on <time style=\"font-family: Arial,sans-serif; font-size: 14px; line-height: 17px;\" datetime=\"2020-05-22T22:03:20+00:00\">May 22, 2020 at 3:03pm PDT<\/time><\/p>\n<\/div>\n<\/blockquote>\n<p><script async src=\"\/\/www.instagram.com\/embed.js\"><\/script><\/p>\n<p><strong>Visto che \u00e8 un\u2019attiva sostenitrice della <a href=\"https:\/\/www.monaco-tribune.com\/en\/2020\/04\/how-easy-is-it-to-make-your-wardrobe-eco-friendly\/\">moda sostenibile<\/a>, crede che i brand di alta moda e di lusso riusciranno ad adattare il loro processo di produzione?<\/strong><\/p>\n<p>Lo dobbiamo al nostro pianeta e a noi stessi di agire in maniera pi\u00f9 eco-sostenibile. Sono convinta che i brand riusciranno a impiegare questa strategia nel prossimo futuro.<br \/>\nUno dei gli obiettivi principali della Settimana della Moda di Monte Carlo \u00e8 concentrarsi sulla moda etica e sostenibile e aiutare ad accrescere la consapevolezza riguardo l\u2019importanza della protezione del nostro pianeta, della sua gente e delle sue creature, secondo le istruzioni di Sua Altezza Serenissima Principe Alberto II di Monaco.<\/p>\n<p>Ad esempio, nel 2016, la Camera Monegasca della Moda ha lanciato il Premio per la Moda Etica e Sostenibile per onorare i brand che hanno un ruolo attivo nell\u2019incoraggiare i cambiamenti positivi, nel supportare la sostenibilit\u00e0 e nel promuovere un mondo pi\u00f9 pulito, attraverso la produzione di abiti di alta qualit\u00e0 ed eco-sostenibili.<\/p>\n<p><strong>Per concludere, come vede il futuro della moda dopo il Covid-19?<\/strong><\/p>\n<p>La ruota della moda non si fermer\u00e0 di certo, ma dovremmo azzerarci e ripensare a come fare moda. Con ci\u00f2 intendo produrre meglio, meno e forse pi\u00f9 lentamente e, cosa pi\u00f9 importante, in modo pi\u00f9 sostenibile. S\u00ec, tutti insieme possiamo essere pi\u00f9 sostenibili!<\/p>\n<p>Il mio messaggio \u00e8 non arrendersi mai; cresceremo pi\u00f9 forti e pi\u00f9 verdi! <a href=\"https:\/\/www.instagram.com\/explore\/tags\/sustainabletogether\/\">#sustainabletogether<\/a><\/p>\n<p>Intervista a cura di Victor Gee<\/p>\n","protected":false},"excerpt":{"rendered":"<p>Qualche mese fa, il Principato di Monaco era in attesa dell\u2019incontro annuale con le ultime collezioni di moda, provenienti da [&hellip;]<\/p>\n","protected":false},"author":21,"featured_media":28531,"comment_status":"closed","ping_status":"open","sticky":false,"template":"","format":"standard","meta":{"_acf_changed":false,"footnotes":""},"categories":[1740],"tags":[],"post_sectags":[],"post_format":[],"class_list":["post-28552","post","type-post","status-publish","format-standard","has-post-thumbnail","hentry","category-cosa-fare"],"acf":[],"yoast_head":"<!-- This site is optimized with the Yoast SEO Premium plugin v26.8 (Yoast SEO v27.4) - https:\/\/yoast.com\/product\/yoast-seo-premium-wordpress\/ -->\n<title>Federica Nardini Spinetta (MCFW): &quot;Dovremmo azzerarci e ripensare a come fare moda&quot;<\/title>\n<meta name=\"description\" content=\"Qualche mese fa, il Principato di Monaco era in attesa dell\u2019incontro annuale con le ultime collezioni di moda, provenienti da tutto il mondo, durante la\" \/>\n<meta name=\"robots\" content=\"index, follow, max-snippet:-1, max-image-preview:large, max-video-preview:-1\" \/>\n<link rel=\"canonical\" href=\"https:\/\/www.monaco-tribune.com\/it\/2020\/05\/federica-nardini-spinetta-mcfw-dovremmo-azzerarci-e-ripensare-a-come-fare-moda\/\" \/>\n<meta property=\"og:locale\" content=\"it_IT\" \/>\n<meta property=\"og:type\" content=\"article\" \/>\n<meta property=\"og:title\" content=\"Federica Nardini Spinetta (MCFW): &quot;Dovremmo azzerarci e ripensare a come fare moda&quot; - Monaco Tribune\" \/>\n<meta property=\"og:description\" content=\"Qualche mese fa, il Principato di Monaco era in attesa dell\u2019incontro annuale con le ultime collezioni di moda, provenienti da tutto il mondo, durante la\" \/>\n<meta property=\"og:url\" content=\"https:\/\/www.monaco-tribune.com\/it\/2020\/05\/federica-nardini-spinetta-mcfw-dovremmo-azzerarci-e-ripensare-a-come-fare-moda\/\" \/>\n<meta property=\"og:site_name\" content=\"Monaco Tribune\" \/>\n<meta property=\"article:publisher\" content=\"https:\/\/www.facebook.com\/MonacoTribune\" \/>\n<meta property=\"article:published_time\" content=\"2020-05-28T14:02:08+00:00\" \/>\n<meta property=\"article:modified_time\" content=\"2020-11-22T21:24:42+00:00\" \/>\n<meta property=\"og:image\" content=\"https:\/\/www.monaco-tribune.com\/wp-content\/uploads\/2020\/05\/federica-nardoni-spinetta.jpg\" \/>\n\t<meta property=\"og:image:width\" content=\"2560\" \/>\n\t<meta property=\"og:image:height\" content=\"1647\" \/>\n\t<meta property=\"og:image:type\" content=\"image\/jpeg\" \/>\n<meta name=\"author\" content=\"Monaco Tribune\" \/>\n<meta name=\"twitter:card\" content=\"summary_large_image\" \/>\n<meta name=\"twitter:creator\" content=\"@MonacoTribune\" \/>\n<meta name=\"twitter:site\" content=\"@MonacoTribune\" \/>\n<script type=\"application\/ld+json\" class=\"yoast-schema-graph\">{\"@context\":\"https:\\\/\\\/schema.org\",\"@graph\":[{\"@type\":\"NewsArticle\",\"@id\":\"https:\\\/\\\/www.monaco-tribune.com\\\/it\\\/2020\\\/05\\\/federica-nardini-spinetta-mcfw-dovremmo-azzerarci-e-ripensare-a-come-fare-moda\\\/#article\",\"isPartOf\":{\"@id\":\"https:\\\/\\\/www.monaco-tribune.com\\\/it\\\/2020\\\/05\\\/federica-nardini-spinetta-mcfw-dovremmo-azzerarci-e-ripensare-a-come-fare-moda\\\/\"},\"author\":{\"name\":\"Monaco Tribune\",\"@id\":\"https:\\\/\\\/www.monaco-tribune.com\\\/it\\\/#\\\/schema\\\/person\\\/8f6ed8c063276e2397589eda5b7a2f2d\"},\"headline\":\"Federica Nardini Spinetta (MCFW): &#8220;Dovremmo azzerarci e ripensare a come fare moda&#8221;\",\"datePublished\":\"2020-05-28T14:02:08+00:00\",\"dateModified\":\"2020-11-22T21:24:42+00:00\",\"mainEntityOfPage\":{\"@id\":\"https:\\\/\\\/www.monaco-tribune.com\\\/it\\\/2020\\\/05\\\/federica-nardini-spinetta-mcfw-dovremmo-azzerarci-e-ripensare-a-come-fare-moda\\\/\"},\"wordCount\":1100,\"publisher\":{\"@id\":\"https:\\\/\\\/www.monaco-tribune.com\\\/it\\\/#organization\"},\"image\":{\"@id\":\"https:\\\/\\\/www.monaco-tribune.com\\\/it\\\/2020\\\/05\\\/federica-nardini-spinetta-mcfw-dovremmo-azzerarci-e-ripensare-a-come-fare-moda\\\/#primaryimage\"},\"thumbnailUrl\":\"https:\\\/\\\/www.monaco-tribune.com\\\/wp-content\\\/uploads\\\/2020\\\/05\\\/federica-nardoni-spinetta.jpg\",\"articleSection\":[\"Cosa fare\"],\"inLanguage\":\"it-IT\",\"copyrightYear\":\"2020\",\"copyrightHolder\":{\"@id\":\"https:\\\/\\\/www.monaco-tribune.com\\\/#organization\"}},{\"@type\":\"WebPage\",\"@id\":\"https:\\\/\\\/www.monaco-tribune.com\\\/it\\\/2020\\\/05\\\/federica-nardini-spinetta-mcfw-dovremmo-azzerarci-e-ripensare-a-come-fare-moda\\\/\",\"url\":\"https:\\\/\\\/www.monaco-tribune.com\\\/it\\\/2020\\\/05\\\/federica-nardini-spinetta-mcfw-dovremmo-azzerarci-e-ripensare-a-come-fare-moda\\\/\",\"name\":\"Federica Nardini Spinetta (MCFW): \\\"Dovremmo azzerarci e ripensare a come fare moda\\\"\",\"isPartOf\":{\"@id\":\"https:\\\/\\\/www.monaco-tribune.com\\\/it\\\/#website\"},\"primaryImageOfPage\":{\"@id\":\"https:\\\/\\\/www.monaco-tribune.com\\\/it\\\/2020\\\/05\\\/federica-nardini-spinetta-mcfw-dovremmo-azzerarci-e-ripensare-a-come-fare-moda\\\/#primaryimage\"},\"image\":{\"@id\":\"https:\\\/\\\/www.monaco-tribune.com\\\/it\\\/2020\\\/05\\\/federica-nardini-spinetta-mcfw-dovremmo-azzerarci-e-ripensare-a-come-fare-moda\\\/#primaryimage\"},\"thumbnailUrl\":\"https:\\\/\\\/www.monaco-tribune.com\\\/wp-content\\\/uploads\\\/2020\\\/05\\\/federica-nardoni-spinetta.jpg\",\"datePublished\":\"2020-05-28T14:02:08+00:00\",\"dateModified\":\"2020-11-22T21:24:42+00:00\",\"description\":\"Qualche mese fa, il Principato di Monaco era in attesa dell\u2019incontro annuale con le ultime collezioni di moda, provenienti da tutto il mondo, durante la\",\"breadcrumb\":{\"@id\":\"https:\\\/\\\/www.monaco-tribune.com\\\/it\\\/2020\\\/05\\\/federica-nardini-spinetta-mcfw-dovremmo-azzerarci-e-ripensare-a-come-fare-moda\\\/#breadcrumb\"},\"inLanguage\":\"it-IT\",\"potentialAction\":[{\"@type\":\"ReadAction\",\"target\":[\"https:\\\/\\\/www.monaco-tribune.com\\\/it\\\/2020\\\/05\\\/federica-nardini-spinetta-mcfw-dovremmo-azzerarci-e-ripensare-a-come-fare-moda\\\/\"]}]},{\"@type\":\"ImageObject\",\"inLanguage\":\"it-IT\",\"@id\":\"https:\\\/\\\/www.monaco-tribune.com\\\/it\\\/2020\\\/05\\\/federica-nardini-spinetta-mcfw-dovremmo-azzerarci-e-ripensare-a-come-fare-moda\\\/#primaryimage\",\"url\":\"https:\\\/\\\/www.monaco-tribune.com\\\/wp-content\\\/uploads\\\/2020\\\/05\\\/federica-nardoni-spinetta.jpg\",\"contentUrl\":\"https:\\\/\\\/www.monaco-tribune.com\\\/wp-content\\\/uploads\\\/2020\\\/05\\\/federica-nardoni-spinetta.jpg\",\"width\":2560,\"height\":1647,\"caption\":\"Federica Nardoni Spinetta\"},{\"@type\":\"BreadcrumbList\",\"@id\":\"https:\\\/\\\/www.monaco-tribune.com\\\/it\\\/2020\\\/05\\\/federica-nardini-spinetta-mcfw-dovremmo-azzerarci-e-ripensare-a-come-fare-moda\\\/#breadcrumb\",\"itemListElement\":[{\"@type\":\"ListItem\",\"position\":1,\"name\":\"Accueil\",\"item\":\"https:\\\/\\\/www.monaco-tribune.com\\\/it\\\/\"},{\"@type\":\"ListItem\",\"position\":2,\"name\":\"Federica Nardini Spinetta (MCFW): \u00ab\u00a0Dovremmo azzerarci e ripensare a come fare moda\u00a0\u00bb\"}]},{\"@type\":\"WebSite\",\"@id\":\"https:\\\/\\\/www.monaco-tribune.com\\\/it\\\/#website\",\"url\":\"https:\\\/\\\/www.monaco-tribune.com\\\/it\\\/\",\"name\":\"Monaco Tribune\",\"description\":\"Monaco : actualit\u00e9s \u00e9conomiques, politiques, culturelles et sportives de Monaco et de la French Riviera.\",\"publisher\":{\"@id\":\"https:\\\/\\\/www.monaco-tribune.com\\\/it\\\/#organization\"},\"potentialAction\":[{\"@type\":\"SearchAction\",\"target\":{\"@type\":\"EntryPoint\",\"urlTemplate\":\"https:\\\/\\\/www.monaco-tribune.com\\\/it\\\/?s={search_term_string}\"},\"query-input\":{\"@type\":\"PropertyValueSpecification\",\"valueRequired\":true,\"valueName\":\"search_term_string\"}}],\"inLanguage\":\"it-IT\"},{\"@type\":\"Organization\",\"@id\":\"https:\\\/\\\/www.monaco-tribune.com\\\/it\\\/#organization\",\"name\":\"Monaco Tribune\",\"url\":\"https:\\\/\\\/www.monaco-tribune.com\\\/it\\\/\",\"logo\":{\"@type\":\"ImageObject\",\"inLanguage\":\"it-IT\",\"@id\":\"https:\\\/\\\/www.monaco-tribune.com\\\/it\\\/#\\\/schema\\\/logo\\\/image\\\/\",\"url\":\"https:\\\/\\\/www.monaco-tribune.com\\\/wp-content\\\/uploads\\\/2022\\\/11\\\/logo-monaco-tribune.png\",\"contentUrl\":\"https:\\\/\\\/www.monaco-tribune.com\\\/wp-content\\\/uploads\\\/2022\\\/11\\\/logo-monaco-tribune.png\",\"width\":1548,\"height\":600,\"caption\":\"Monaco Tribune\"},\"image\":{\"@id\":\"https:\\\/\\\/www.monaco-tribune.com\\\/it\\\/#\\\/schema\\\/logo\\\/image\\\/\"},\"sameAs\":[\"https:\\\/\\\/www.facebook.com\\\/MonacoTribune\",\"https:\\\/\\\/x.com\\\/MonacoTribune\",\"https:\\\/\\\/www.instagram.com\\\/monacotribune\\\/\",\"https:\\\/\\\/www.linkedin.com\\\/company\\\/monaco-tribune\",\"https:\\\/\\\/www.youtube.com\\\/channel\\\/UCHle1MnG6hw1y4lWKijVbMA\"]},{\"@type\":\"Person\",\"@id\":\"https:\\\/\\\/www.monaco-tribune.com\\\/it\\\/#\\\/schema\\\/person\\\/8f6ed8c063276e2397589eda5b7a2f2d\",\"name\":\"Monaco Tribune\",\"image\":{\"@type\":\"ImageObject\",\"inLanguage\":\"it-IT\",\"@id\":\"https:\\\/\\\/secure.gravatar.com\\\/avatar\\\/3010e6c5d6c8056ec1c25228fe68ea089879e5ae0de884e0247744ee988aaf6a?s=96&d=mm&r=g\",\"url\":\"https:\\\/\\\/secure.gravatar.com\\\/avatar\\\/3010e6c5d6c8056ec1c25228fe68ea089879e5ae0de884e0247744ee988aaf6a?s=96&d=mm&r=g\",\"contentUrl\":\"https:\\\/\\\/secure.gravatar.com\\\/avatar\\\/3010e6c5d6c8056ec1c25228fe68ea089879e5ae0de884e0247744ee988aaf6a?s=96&d=mm&r=g\",\"caption\":\"Monaco Tribune\"},\"url\":\"https:\\\/\\\/www.monaco-tribune.com\\\/it\\\/author\\\/monaco-tribune\\\/\"}]}<\/script>\n<!-- \/ Yoast SEO Premium plugin. -->","yoast_head_json":{"title":"Federica Nardini Spinetta (MCFW): \"Dovremmo azzerarci e ripensare a come fare moda\"","description":"Qualche mese fa, il Principato di Monaco era in attesa dell\u2019incontro annuale con le ultime collezioni di moda, provenienti da tutto il mondo, durante la","robots":{"index":"index","follow":"follow","max-snippet":"max-snippet:-1","max-image-preview":"max-image-preview:large","max-video-preview":"max-video-preview:-1"},"canonical":"https:\/\/www.monaco-tribune.com\/it\/2020\/05\/federica-nardini-spinetta-mcfw-dovremmo-azzerarci-e-ripensare-a-come-fare-moda\/","og_locale":"it_IT","og_type":"article","og_title":"Federica Nardini Spinetta (MCFW): \"Dovremmo azzerarci e ripensare a come fare moda\" - Monaco Tribune","og_description":"Qualche mese fa, il Principato di Monaco era in attesa dell\u2019incontro annuale con le ultime collezioni di moda, provenienti da tutto il mondo, durante la","og_url":"https:\/\/www.monaco-tribune.com\/it\/2020\/05\/federica-nardini-spinetta-mcfw-dovremmo-azzerarci-e-ripensare-a-come-fare-moda\/","og_site_name":"Monaco Tribune","article_publisher":"https:\/\/www.facebook.com\/MonacoTribune","article_published_time":"2020-05-28T14:02:08+00:00","article_modified_time":"2020-11-22T21:24:42+00:00","og_image":[{"width":2560,"height":1647,"url":"https:\/\/www.monaco-tribune.com\/wp-content\/uploads\/2020\/05\/federica-nardoni-spinetta.jpg","type":"image\/jpeg"}],"author":"Monaco Tribune","twitter_card":"summary_large_image","twitter_creator":"@MonacoTribune","twitter_site":"@MonacoTribune","schema":{"@context":"https:\/\/schema.org","@graph":[{"@type":"NewsArticle","@id":"https:\/\/www.monaco-tribune.com\/it\/2020\/05\/federica-nardini-spinetta-mcfw-dovremmo-azzerarci-e-ripensare-a-come-fare-moda\/#article","isPartOf":{"@id":"https:\/\/www.monaco-tribune.com\/it\/2020\/05\/federica-nardini-spinetta-mcfw-dovremmo-azzerarci-e-ripensare-a-come-fare-moda\/"},"author":{"name":"Monaco Tribune","@id":"https:\/\/www.monaco-tribune.com\/it\/#\/schema\/person\/8f6ed8c063276e2397589eda5b7a2f2d"},"headline":"Federica Nardini Spinetta (MCFW): &#8220;Dovremmo azzerarci e ripensare a come fare moda&#8221;","datePublished":"2020-05-28T14:02:08+00:00","dateModified":"2020-11-22T21:24:42+00:00","mainEntityOfPage":{"@id":"https:\/\/www.monaco-tribune.com\/it\/2020\/05\/federica-nardini-spinetta-mcfw-dovremmo-azzerarci-e-ripensare-a-come-fare-moda\/"},"wordCount":1100,"publisher":{"@id":"https:\/\/www.monaco-tribune.com\/it\/#organization"},"image":{"@id":"https:\/\/www.monaco-tribune.com\/it\/2020\/05\/federica-nardini-spinetta-mcfw-dovremmo-azzerarci-e-ripensare-a-come-fare-moda\/#primaryimage"},"thumbnailUrl":"https:\/\/www.monaco-tribune.com\/wp-content\/uploads\/2020\/05\/federica-nardoni-spinetta.jpg","articleSection":["Cosa fare"],"inLanguage":"it-IT","copyrightYear":"2020","copyrightHolder":{"@id":"https:\/\/www.monaco-tribune.com\/#organization"}},{"@type":"WebPage","@id":"https:\/\/www.monaco-tribune.com\/it\/2020\/05\/federica-nardini-spinetta-mcfw-dovremmo-azzerarci-e-ripensare-a-come-fare-moda\/","url":"https:\/\/www.monaco-tribune.com\/it\/2020\/05\/federica-nardini-spinetta-mcfw-dovremmo-azzerarci-e-ripensare-a-come-fare-moda\/","name":"Federica Nardini Spinetta (MCFW): \"Dovremmo azzerarci e ripensare a come fare moda\"","isPartOf":{"@id":"https:\/\/www.monaco-tribune.com\/it\/#website"},"primaryImageOfPage":{"@id":"https:\/\/www.monaco-tribune.com\/it\/2020\/05\/federica-nardini-spinetta-mcfw-dovremmo-azzerarci-e-ripensare-a-come-fare-moda\/#primaryimage"},"image":{"@id":"https:\/\/www.monaco-tribune.com\/it\/2020\/05\/federica-nardini-spinetta-mcfw-dovremmo-azzerarci-e-ripensare-a-come-fare-moda\/#primaryimage"},"thumbnailUrl":"https:\/\/www.monaco-tribune.com\/wp-content\/uploads\/2020\/05\/federica-nardoni-spinetta.jpg","datePublished":"2020-05-28T14:02:08+00:00","dateModified":"2020-11-22T21:24:42+00:00","description":"Qualche mese fa, il Principato di Monaco era in attesa dell\u2019incontro annuale con le ultime collezioni di moda, provenienti da tutto il mondo, durante la","breadcrumb":{"@id":"https:\/\/www.monaco-tribune.com\/it\/2020\/05\/federica-nardini-spinetta-mcfw-dovremmo-azzerarci-e-ripensare-a-come-fare-moda\/#breadcrumb"},"inLanguage":"it-IT","potentialAction":[{"@type":"ReadAction","target":["https:\/\/www.monaco-tribune.com\/it\/2020\/05\/federica-nardini-spinetta-mcfw-dovremmo-azzerarci-e-ripensare-a-come-fare-moda\/"]}]},{"@type":"ImageObject","inLanguage":"it-IT","@id":"https:\/\/www.monaco-tribune.com\/it\/2020\/05\/federica-nardini-spinetta-mcfw-dovremmo-azzerarci-e-ripensare-a-come-fare-moda\/#primaryimage","url":"https:\/\/www.monaco-tribune.com\/wp-content\/uploads\/2020\/05\/federica-nardoni-spinetta.jpg","contentUrl":"https:\/\/www.monaco-tribune.com\/wp-content\/uploads\/2020\/05\/federica-nardoni-spinetta.jpg","width":2560,"height":1647,"caption":"Federica Nardoni Spinetta"},{"@type":"BreadcrumbList","@id":"https:\/\/www.monaco-tribune.com\/it\/2020\/05\/federica-nardini-spinetta-mcfw-dovremmo-azzerarci-e-ripensare-a-come-fare-moda\/#breadcrumb","itemListElement":[{"@type":"ListItem","position":1,"name":"Accueil","item":"https:\/\/www.monaco-tribune.com\/it\/"},{"@type":"ListItem","position":2,"name":"Federica Nardini Spinetta (MCFW): \u00ab\u00a0Dovremmo azzerarci e ripensare a come fare moda\u00a0\u00bb"}]},{"@type":"WebSite","@id":"https:\/\/www.monaco-tribune.com\/it\/#website","url":"https:\/\/www.monaco-tribune.com\/it\/","name":"Monaco Tribune","description":"Monaco : actualit\u00e9s \u00e9conomiques, politiques, culturelles et sportives de Monaco et de la French Riviera.","publisher":{"@id":"https:\/\/www.monaco-tribune.com\/it\/#organization"},"potentialAction":[{"@type":"SearchAction","target":{"@type":"EntryPoint","urlTemplate":"https:\/\/www.monaco-tribune.com\/it\/?s={search_term_string}"},"query-input":{"@type":"PropertyValueSpecification","valueRequired":true,"valueName":"search_term_string"}}],"inLanguage":"it-IT"},{"@type":"Organization","@id":"https:\/\/www.monaco-tribune.com\/it\/#organization","name":"Monaco Tribune","url":"https:\/\/www.monaco-tribune.com\/it\/","logo":{"@type":"ImageObject","inLanguage":"it-IT","@id":"https:\/\/www.monaco-tribune.com\/it\/#\/schema\/logo\/image\/","url":"https:\/\/www.monaco-tribune.com\/wp-content\/uploads\/2022\/11\/logo-monaco-tribune.png","contentUrl":"https:\/\/www.monaco-tribune.com\/wp-content\/uploads\/2022\/11\/logo-monaco-tribune.png","width":1548,"height":600,"caption":"Monaco Tribune"},"image":{"@id":"https:\/\/www.monaco-tribune.com\/it\/#\/schema\/logo\/image\/"},"sameAs":["https:\/\/www.facebook.com\/MonacoTribune","https:\/\/x.com\/MonacoTribune","https:\/\/www.instagram.com\/monacotribune\/","https:\/\/www.linkedin.com\/company\/monaco-tribune","https:\/\/www.youtube.com\/channel\/UCHle1MnG6hw1y4lWKijVbMA"]},{"@type":"Person","@id":"https:\/\/www.monaco-tribune.com\/it\/#\/schema\/person\/8f6ed8c063276e2397589eda5b7a2f2d","name":"Monaco Tribune","image":{"@type":"ImageObject","inLanguage":"it-IT","@id":"https:\/\/secure.gravatar.com\/avatar\/3010e6c5d6c8056ec1c25228fe68ea089879e5ae0de884e0247744ee988aaf6a?s=96&d=mm&r=g","url":"https:\/\/secure.gravatar.com\/avatar\/3010e6c5d6c8056ec1c25228fe68ea089879e5ae0de884e0247744ee988aaf6a?s=96&d=mm&r=g","contentUrl":"https:\/\/secure.gravatar.com\/avatar\/3010e6c5d6c8056ec1c25228fe68ea089879e5ae0de884e0247744ee988aaf6a?s=96&d=mm&r=g","caption":"Monaco Tribune"},"url":"https:\/\/www.monaco-tribune.com\/it\/author\/monaco-tribune\/"}]}},"_links":{"self":[{"href":"https:\/\/www.monaco-tribune.com\/it\/wp-json\/wp\/v2\/posts\/28552","targetHints":{"allow":["GET"]}}],"collection":[{"href":"https:\/\/www.monaco-tribune.com\/it\/wp-json\/wp\/v2\/posts"}],"about":[{"href":"https:\/\/www.monaco-tribune.com\/it\/wp-json\/wp\/v2\/types\/post"}],"author":[{"embeddable":true,"href":"https:\/\/www.monaco-tribune.com\/it\/wp-json\/wp\/v2\/users\/21"}],"replies":[{"embeddable":true,"href":"https:\/\/www.monaco-tribune.com\/it\/wp-json\/wp\/v2\/comments?post=28552"}],"version-history":[{"count":0,"href":"https:\/\/www.monaco-tribune.com\/it\/wp-json\/wp\/v2\/posts\/28552\/revisions"}],"wp:featuredmedia":[{"embeddable":true,"href":"https:\/\/www.monaco-tribune.com\/it\/wp-json\/wp\/v2\/media\/28531"}],"wp:attachment":[{"href":"https:\/\/www.monaco-tribune.com\/it\/wp-json\/wp\/v2\/media?parent=28552"}],"wp:term":[{"taxonomy":"category","embeddable":true,"href":"https:\/\/www.monaco-tribune.com\/it\/wp-json\/wp\/v2\/categories?post=28552"},{"taxonomy":"post_tag","embeddable":true,"href":"https:\/\/www.monaco-tribune.com\/it\/wp-json\/wp\/v2\/tags?post=28552"},{"taxonomy":"sectag","embeddable":true,"href":"https:\/\/www.monaco-tribune.com\/it\/wp-json\/wp\/v2\/post_sectags?post=28552"},{"taxonomy":"format","embeddable":true,"href":"https:\/\/www.monaco-tribune.com\/it\/wp-json\/wp\/v2\/post_format?post=28552"}],"curies":[{"name":"wp","href":"https:\/\/api.w.org\/{rel}","templated":true}]}}