{"id":285969,"date":"2025-04-10T11:45:35","date_gmt":"2025-04-10T09:45:35","guid":{"rendered":"https:\/\/www.monaco-tribune.com\/2025\/04\/anna-lunhu-la-visionaria-che-ridefinisce-il-benessere-di-lusso-e-la-longevita\/"},"modified":"2025-04-16T12:25:03","modified_gmt":"2025-04-16T10:25:03","slug":"anna-lunhu-la-visionaria-che-ridefinisce-il-benessere-di-lusso-e-la-longevita","status":"publish","type":"post","link":"https:\/\/www.monaco-tribune.com\/it\/2025\/04\/anna-lunhu-la-visionaria-che-ridefinisce-il-benessere-di-lusso-e-la-longevita\/","title":{"rendered":"Anna Lunhu: La visionaria che ridefinisce il benessere di lusso e la longevit\u00e0"},"content":{"rendered":"\n<p><strong>All&#8217;intersezione tra innovazione scientifica ed eleganza senza tempo, Anna Lunhu Wardenaar ha stabilito una presenza distinta che eleva la bellezza oltre l&#8217;estetica verso una filosofia completa di longevit\u00e0 e benessere olistico.<\/strong><\/p>\n\n<p>A Monte-Carlo, dove il lusso non \u00e8 una semplice aspirazione ma uno standard, Anna Lunhu Wardenaar si distingue come una presenza significativa. Dal suo arrivo sulla Costa Azzurra nel 2010, affascinata dalla sua eleganza senza tempo e ispirata da figure iconiche come la Principessa Grace e Brigitte Bardot, Anna ha trasformato la sua iniziale passione in un approccio rivoluzionario alla bellezza e al benessere.<\/p>\n\n<h2 class=\"wp-block-heading\" id=\"h-the-evolution-of-a-wellness-pioneer\">L&#8217;evoluzione di una pioniera del benessere<\/h2>\n\n<p>Fondatrice di Glam Monte Carlo e Glam MediSpa, con sedi a Monaco, Beausoleil e Cannes, Anna ha creato pi\u00f9 che esclusive destinazioni di bellezza: \u00e8 stata pioniera di una filosofia globale che fonde eccellenza estetica e innovazione scientifica. I suoi stabilimenti sono diventati santuari in cui i trattamenti tradizionali di lusso convergono con la tecnologia medica d&#8217;avanguardia, creando un&#8217;esperienza che trascende i paradigmi di bellezza convenzionali.<\/p>\n\n<p>&#8220;Penso sia pi\u00f9 bello per donne e uomini non nascondere la propria et\u00e0 e fingere di essere qualcun altro, perch\u00e9 \u00e8 falso,&#8221; spiega Anna con convinzione. &#8220;\u00c8 cos\u00ec bello dire &#8216;ho questa et\u00e0&#8217;, mostrare che ci si sente bene nella propria pelle, ed essere al meglio di s\u00e9 alla propria et\u00e0, sentirsi e apparire al meglio.&#8221;<\/p>\n<div class=\"wp-block-image\">\n<figure class=\"aligncenter size-large\"><img loading=\"lazy\" decoding=\"async\" width=\"679\" height=\"1024\" src=\"https:\/\/www.monaco-tribune.com\/wp-content\/uploads\/2025\/04\/anna-lunhu-glam-monte-carlo-679x1024.jpeg\" alt=\"\" class=\"wp-image-287260\" srcset=\"https:\/\/www.monaco-tribune.com\/wp-content\/uploads\/2025\/04\/anna-lunhu-glam-monte-carlo-679x1024.jpeg 679w, https:\/\/www.monaco-tribune.com\/wp-content\/uploads\/2025\/04\/anna-lunhu-glam-monte-carlo-199x300.jpeg 199w, https:\/\/www.monaco-tribune.com\/wp-content\/uploads\/2025\/04\/anna-lunhu-glam-monte-carlo.jpeg 1200w\" sizes=\"auto, (max-width: 679px) 100vw, 679px\" \/><figcaption class=\"wp-element-caption\">\u201cSeguo il mio sogno\u201d \u00a9 Anna Lunhu Wardenaar<\/figcaption><\/figure>\n<\/div>\n<h2 class=\"wp-block-heading\" id=\"h-a-global-voice-for-transformative-wellness\">Una voce globale per il benessere trasformativo<\/h2>\n\n<p>Viaggiando molto per parlare a conferenze aziendali internazionali, Anna si \u00e8 affermata come voce autorevole nel panorama in evoluzione della longevit\u00e0, della cura di s\u00e9 e del benessere di lusso. Le sue intuizioni sul futuro della bellezza e sull&#8217;importanza di un invecchiamento proattivo risuonano con il pubblico di tutti i continenti, mentre le sue collaborazioni strategiche continuano a colmare il divario tra l&#8217;innovazione scientifica e le esperienze di lusso quotidiane.<\/p>\n\n<p>\u201cSono molto appassionata, sto seguendo il mio sogno\u201d, dice Anna. Attraverso le sue presentazioni coinvolgenti e la sua leadership di pensiero, articola una visione in cui il benessere e la bellezza sono componenti inseparabili di uno stile di vita olistico.<\/p>\n\n<h2 class=\"wp-block-heading\" id=\"h-a-personal-transformation-becomes-a-professional-mission\">Una trasformazione personale diventa una missione professionale<\/h2>\n\n<p>Il percorso di Anna nel regno del benessere olistico \u00e8 stato catalizzato da un&#8217;esperienza personale. Dopo aver lottato contro l&#8217;infertilit\u00e0 e dopo che i medici tradizionali le avevano detto che non avrebbe potuto concepire naturalmente, 16 anni dopo la nascita del suo primo figlio, Anna ha incontrato un endocrinologo che ha identificato carenze nutrizionali fondamentali come causa principale.<\/p>\n\n<p>&#8220;Ho cambiato le mie abitudini di vita e la mia alimentazione, ho intrapreso una disintossicazione e ho assunto le vitamine e i minerali di cui avevo bisogno,&#8221; rivela. &#8220;Due mesi dopo sono rimasta incinta naturalmente.&#8221;<\/p>\n\n<p>Questa esperienza trasformativa \u00e8 diventata la pietra miliare della filosofia \u201cinside-out\u201d che contraddistingue Glam: un approccio globale che affronta la bellezza non solo come un problema di superficie, ma come espressione di salute ed equilibrio interni. Una prospettiva che ha posizionato Anna all&#8217;avanguardia del movimento \u201cBetter Ageing\u201d, che enfatizza un miglioramento naturale e aggraziato piuttosto che un intervento artificiale.<\/p>\n\n<blockquote class=\"instagram-media\" data-instgrm-permalink=\"https:\/\/www.instagram.com\/p\/C7vlS7nq5mt\/?utm_source=ig_embed&#038;utm_campaign=loading\" data-instgrm-version=\"14\" style=\" background:#FFF; border:0; border-radius:3px; box-shadow:0 0 1px 0 rgba(0,0,0,0.5),0 1px 10px 0 rgba(0,0,0,0.15); margin: 1px; max-width:540px; min-width:326px; padding:0; width:99.375%; width:-webkit-calc(100% - 2px); width:calc(100% - 2px);\"><div style=\"padding:16px;\"> <a href=\"https:\/\/www.instagram.com\/p\/C7vlS7nq5mt\/?utm_source=ig_embed&#038;utm_campaign=loading\" style=\" background:#FFFFFF; line-height:0; padding:0 0; text-align:center; text-decoration:none; width:100%;\" target=\"_blank\"> <div style=\" display: flex; flex-direction: row; align-items: center;\"> <div style=\"background-color: #F4F4F4; border-radius: 50%; flex-grow: 0; height: 40px; margin-right: 14px; width: 40px;\"><\/div> <div style=\"display: flex; flex-direction: column; flex-grow: 1; justify-content: center;\"> <div style=\" background-color: #F4F4F4; border-radius: 4px; flex-grow: 0; height: 14px; margin-bottom: 6px; width: 100px;\"><\/div> <div style=\" background-color: #F4F4F4; border-radius: 4px; flex-grow: 0; height: 14px; width: 60px;\"><\/div><\/div><\/div><div style=\"padding: 19% 0;\"><\/div> <div style=\"display:block; height:50px; margin:0 auto 12px; width:50px;\"><svg width=\"50px\" height=\"50px\" viewbox=\"0 0 60 60\" version=\"1.1\" xmlns=\"https:\/\/www.w3.org\/2000\/svg\" xmlns:xlink=\"https:\/\/www.w3.org\/1999\/xlink\"><g stroke=\"none\" stroke-width=\"1\" fill=\"none\" fill-rule=\"evenodd\"><g transform=\"translate(-511.000000, -20.000000)\" fill=\"#000000\"><g><path d=\"M556.869,30.41 C554.814,30.41 553.148,32.076 553.148,34.131 C553.148,36.186 554.814,37.852 556.869,37.852 C558.924,37.852 560.59,36.186 560.59,34.131 C560.59,32.076 558.924,30.41 556.869,30.41 M541,60.657 C535.114,60.657 530.342,55.887 530.342,50 C530.342,44.114 535.114,39.342 541,39.342 C546.887,39.342 551.658,44.114 551.658,50 C551.658,55.887 546.887,60.657 541,60.657 M541,33.886 C532.1,33.886 524.886,41.1 524.886,50 C524.886,58.899 532.1,66.113 541,66.113 C549.9,66.113 557.115,58.899 557.115,50 C557.115,41.1 549.9,33.886 541,33.886 M565.378,62.101 C565.244,65.022 564.756,66.606 564.346,67.663 C563.803,69.06 563.154,70.057 562.106,71.106 C561.058,72.155 560.06,72.803 558.662,73.347 C557.607,73.757 556.021,74.244 553.102,74.378 C549.944,74.521 548.997,74.552 541,74.552 C533.003,74.552 532.056,74.521 528.898,74.378 C525.979,74.244 524.393,73.757 523.338,73.347 C521.94,72.803 520.942,72.155 519.894,71.106 C518.846,70.057 518.197,69.06 517.654,67.663 C517.244,66.606 516.755,65.022 516.623,62.101 C516.479,58.943 516.448,57.996 516.448,50 C516.448,42.003 516.479,41.056 516.623,37.899 C516.755,34.978 517.244,33.391 517.654,32.338 C518.197,30.938 518.846,29.942 519.894,28.894 C520.942,27.846 521.94,27.196 523.338,26.654 C524.393,26.244 525.979,25.756 528.898,25.623 C532.057,25.479 533.004,25.448 541,25.448 C548.997,25.448 549.943,25.479 553.102,25.623 C556.021,25.756 557.607,26.244 558.662,26.654 C560.06,27.196 561.058,27.846 562.106,28.894 C563.154,29.942 563.803,30.938 564.346,32.338 C564.756,33.391 565.244,34.978 565.378,37.899 C565.522,41.056 565.552,42.003 565.552,50 C565.552,57.996 565.522,58.943 565.378,62.101 M570.82,37.631 C570.674,34.438 570.167,32.258 569.425,30.349 C568.659,28.377 567.633,26.702 565.965,25.035 C564.297,23.368 562.623,22.342 560.652,21.575 C558.743,20.834 556.562,20.326 553.369,20.18 C550.169,20.033 549.148,20 541,20 C532.853,20 531.831,20.033 528.631,20.18 C525.438,20.326 523.257,20.834 521.349,21.575 C519.376,22.342 517.703,23.368 516.035,25.035 C514.368,26.702 513.342,28.377 512.574,30.349 C511.834,32.258 511.326,34.438 511.181,37.631 C511.035,40.831 511,41.851 511,50 C511,58.147 511.035,59.17 511.181,62.369 C511.326,65.562 511.834,67.743 512.574,69.651 C513.342,71.625 514.368,73.296 516.035,74.965 C517.703,76.634 519.376,77.658 521.349,78.425 C523.257,79.167 525.438,79.673 528.631,79.82 C531.831,79.965 532.853,80.001 541,80.001 C549.148,80.001 550.169,79.965 553.369,79.82 C556.562,79.673 558.743,79.167 560.652,78.425 C562.623,77.658 564.297,76.634 565.965,74.965 C567.633,73.296 568.659,71.625 569.425,69.651 C570.167,67.743 570.674,65.562 570.82,62.369 C570.966,59.17 571,58.147 571,50 C571,41.851 570.966,40.831 570.82,37.631\"><\/path><\/g><\/g><\/g><\/svg><\/div><div style=\"padding-top: 8px;\"> <div style=\" color:#3897f0; font-family:Arial,sans-serif; font-size:14px; font-style:normal; font-weight:550; line-height:18px;\">View this post on Instagram<\/div><\/div><div style=\"padding: 12.5% 0;\"><\/div> <div style=\"display: flex; flex-direction: row; margin-bottom: 14px; align-items: center;\"><div> <div style=\"background-color: #F4F4F4; border-radius: 50%; height: 12.5px; width: 12.5px; transform: translateX(0px) translateY(7px);\"><\/div> <div style=\"background-color: #F4F4F4; height: 12.5px; transform: rotate(-45deg) translateX(3px) translateY(1px); width: 12.5px; flex-grow: 0; margin-right: 14px; margin-left: 2px;\"><\/div> <div style=\"background-color: #F4F4F4; border-radius: 50%; height: 12.5px; width: 12.5px; transform: translateX(9px) translateY(-18px);\"><\/div><\/div><div style=\"margin-left: 8px;\"> <div style=\" background-color: #F4F4F4; border-radius: 50%; flex-grow: 0; height: 20px; width: 20px;\"><\/div> <div style=\" width: 0; height: 0; border-top: 2px solid transparent; border-left: 6px solid #f4f4f4; border-bottom: 2px solid transparent; transform: translateX(16px) translateY(-4px) rotate(30deg)\"><\/div><\/div><div style=\"margin-left: auto;\"> <div style=\" width: 0px; border-top: 8px solid #F4F4F4; border-right: 8px solid transparent; transform: translateY(16px);\"><\/div> <div style=\" background-color: #F4F4F4; flex-grow: 0; height: 12px; width: 16px; transform: translateY(-4px);\"><\/div> <div style=\" width: 0; height: 0; border-top: 8px solid #F4F4F4; border-left: 8px solid transparent; transform: translateY(-4px) translateX(8px);\"><\/div><\/div><\/div> <div style=\"display: flex; flex-direction: column; flex-grow: 1; justify-content: center; margin-bottom: 24px;\"> <div style=\" background-color: #F4F4F4; border-radius: 4px; flex-grow: 0; height: 14px; margin-bottom: 6px; width: 224px;\"><\/div> <div style=\" background-color: #F4F4F4; border-radius: 4px; flex-grow: 0; height: 14px; width: 144px;\"><\/div><\/div><\/a><p style=\" color:#c9c8cd; font-family:Arial,sans-serif; font-size:14px; line-height:17px; margin-bottom:0; margin-top:8px; overflow:hidden; padding:8px 0 7px; text-align:center; text-overflow:ellipsis; white-space:nowrap;\"><a href=\"https:\/\/www.instagram.com\/p\/C7vlS7nq5mt\/?utm_source=ig_embed&#038;utm_campaign=loading\" style=\" color:#c9c8cd; font-family:Arial,sans-serif; font-size:14px; font-style:normal; font-weight:normal; line-height:17px; text-decoration:none;\" target=\"_blank\">A post shared by Monaco_Longevity (@monaco_longevity)<\/a><\/p><\/div><\/blockquote><br\/><script async=\"\" src=\"\/\/www.instagram.com\/embed.js\"><\/script><br\/>\n\n<h2 class=\"wp-block-heading\" id=\"h-beyond-traditional-beauty-the-medispa-revolution\">Oltre la bellezza tradizionale: La rivoluzione Medispa<\/h2>\n\n<p>Ci\u00f2 che distingue gli stabilimenti di Anna \u00e8 l&#8217;integrazione senza precedenti di competenze mediche e trattamenti di lusso. Alla Glam MediSpa, i clienti beneficiano di un team di collaborazione che comprende dermatologi, estetisti, chirurghi plastici, nutrizionisti e specialisti in endocrinologia e biohacking.<\/p>\n\n<p>&#8220;Ci sono alcune cose che i normali trattamenti di bellezza non possono affrontare,&#8221; osserva Anna. &#8220;La bellezza spesso viene dall&#8217;interno. Se qualcuno ha problemi con la pelle o il peso, per esempio, \u00e8 spesso legato a problemi ormonali o di salute, ma pu\u00f2 anche essere una mancanza di vitamine, minerali o nutrizione.&#8221;<\/p>\n\n<p>Questo approccio olistico consente una valutazione completa attraverso analisi del sangue, della saliva e delle urine \u2014 un livello di precisione diagnostica raramente trovato al di fuori degli ambienti ospedalieri. Sulla base di queste analisi, gli esperti sviluppano piani di trattamento personalizzati che possono includere disintossicazione, gestione del peso o potenziamento dell&#8217;energia.<\/p>\n<div class=\"wp-block-image\">\n<figure class=\"aligncenter size-large\"><img loading=\"lazy\" decoding=\"async\" width=\"675\" height=\"1024\" src=\"https:\/\/www.monaco-tribune.com\/wp-content\/uploads\/2025\/04\/anna-lunhu-montecarlo-675x1024.jpeg\" alt=\"\" class=\"wp-image-287264\" srcset=\"https:\/\/www.monaco-tribune.com\/wp-content\/uploads\/2025\/04\/anna-lunhu-montecarlo-675x1024.jpeg 675w, https:\/\/www.monaco-tribune.com\/wp-content\/uploads\/2025\/04\/anna-lunhu-montecarlo-198x300.jpeg 198w, https:\/\/www.monaco-tribune.com\/wp-content\/uploads\/2025\/04\/anna-lunhu-montecarlo.jpeg 1200w\" sizes=\"auto, (max-width: 675px) 100vw, 675px\" \/><figcaption class=\"wp-element-caption\">Anna offre una visione alternativa che onora la bellezza naturale \u00a9 Anna Lunhu Wardenaar<\/figcaption><\/figure>\n<\/div>\n<h2 class=\"wp-block-heading\" id=\"h-the-future-of-longevity\">Il Futuro della longevit\u00e0<\/h2>\n\n<p>Come Direttrice Esecutiva e Portavoce della prossima Associazione Monegasca della Longevit\u00e0, Anna mira a far progredire la comprensione e la pratica dell&#8217;invecchiamento sano su scala pi\u00f9 ampia. L&#8217;associazione si concentrer\u00e0 su programmi educativi che forniscono informazioni sulla medicina preventiva e pratiche di invecchiamento sano, riunendo esperti internazionali e iniziative di sensibilizzazione della comunit\u00e0.<\/p>\n\n<p>&#8220;Il mio scopo \u00e8 trovare i migliori terapisti per garantire la qualit\u00e0 dei trattamenti ai nostri clienti,&#8221; afferma Anna, &#8220;e forse posso aiutarli ad apparire pi\u00f9 belli, pi\u00f9 glamour, aiutandoli ad essere la migliore versione di s\u00e9 che possono essere.&#8221;<\/p>\n\n<p>In un mondo sempre pi\u00f9 dominato da soluzioni artificiali, Anna offre una visione alternativa, che onora la bellezza naturale e al contempo sfrutta i progressi scientifici per migliorare le capacit\u00e0 intrinseche del corpo. Il suo approccio non rappresenta solo un modello di business, ma una filosofia che ridefinisce il nostro rapporto con l&#8217;invecchiamento, la bellezza e il benessere.<\/p>\n\n<p>&#8220;La longevit\u00e0 non riguarda solo l&#8217;estensione della durata della vita, ma il miglioramento della qualit\u00e0 della vita, attraverso la vitalit\u00e0 fisica, il benessere mentale, il supporto medico e la resilienza emotiva,&#8221; sottolinea.<\/p>\n\n<p>Nel lussuoso paesaggio di Monaco, dove l&#8217;eccellenza \u00e8 il punto di riferimento, Anna Lunhu si \u00e8 affermata come qualcosa di pi\u00f9 di un&#8217;imprenditrice: \u00e8 una visionaria il cui lavoro sta trasformando il modo in cui comprendiamo, sperimentiamo ed esprimiamo la bellezza nella sua forma pi\u00f9 autentica.<\/p>\n\n<hr class=\"wp-block-separator has-alpha-channel-opacity\"\/>\n\n<p>Per collaborazioni, conferenze o informazioni, gli interessati sono invitati a contattare direttamente Anna Lunhu Wardenaar.<\/p>\n\n<p><a href=\"https:\/\/www.monacolongevity.com\" target=\"_blank\" rel=\"noreferrer noopener\">www.monacolongevity.com<\/a>\u00a0<\/p>\n\n<p><a href=\"https:\/\/www.instagram.com\/monaco_longevity\/\">@monaco_longevity<\/a><br\/><a href=\"https:\/\/www.instagram.com\/glam.medispa\/\">@glam_medispa<\/a>\u00a0<br\/><a href=\"https:\/\/www.instagram.com\/glam_monte_carlo\/\">@glam_monte_carlo<\/a><\/p>\n","protected":false},"excerpt":{"rendered":"<p>All&#8217;intersezione tra innovazione scientifica ed eleganza senza tempo, Anna Lunhu Wardenaar ha stabilito una presenza distinta che eleva la bellezza [&hellip;]<\/p>\n","protected":false},"author":51,"featured_media":287256,"comment_status":"closed","ping_status":"closed","sticky":false,"template":"","format":"standard","meta":{"_acf_changed":false,"footnotes":""},"categories":[1739,1738],"tags":[4934],"post_sectags":[],"post_format":[2480],"class_list":["post-285969","post","type-post","status-publish","format-standard","has-post-thumbnail","hentry","category-business-it","category-notizie","tag-personalita","format-profilo"],"acf":[],"yoast_head":"<!-- This site is optimized with the Yoast SEO Premium plugin v26.8 (Yoast SEO v27.4) - https:\/\/yoast.com\/product\/yoast-seo-premium-wordpress\/ -->\n<title>Anna Lunhu: La visionaria che ridefinisce il benessere di lusso e la longevit\u00e0<\/title>\n<meta name=\"description\" content=\"All&#039;intersezione tra innovazione scientifica ed eleganza senza tempo, Anna Lunhu Wardenaar ha stabilito una presenza distinta che eleva la bellezza oltre\" \/>\n<meta name=\"robots\" content=\"index, follow, max-snippet:-1, max-image-preview:large, max-video-preview:-1\" \/>\n<link rel=\"canonical\" href=\"https:\/\/www.monaco-tribune.com\/it\/2025\/04\/anna-lunhu-la-visionaria-che-ridefinisce-il-benessere-di-lusso-e-la-longevita\/\" \/>\n<meta property=\"og:locale\" content=\"it_IT\" \/>\n<meta property=\"og:type\" content=\"article\" \/>\n<meta property=\"og:title\" content=\"Anna Lunhu: La visionaria che ridefinisce il benessere di lusso e la longevit\u00e0 - Monaco Tribune\" \/>\n<meta property=\"og:description\" content=\"All&#039;intersezione tra innovazione scientifica ed eleganza senza tempo, Anna Lunhu Wardenaar ha stabilito una presenza distinta che eleva la bellezza oltre\" \/>\n<meta property=\"og:url\" content=\"https:\/\/www.monaco-tribune.com\/it\/2025\/04\/anna-lunhu-la-visionaria-che-ridefinisce-il-benessere-di-lusso-e-la-longevita\/\" \/>\n<meta property=\"og:site_name\" content=\"Monaco Tribune\" \/>\n<meta property=\"article:publisher\" content=\"https:\/\/www.facebook.com\/MonacoTribune\" \/>\n<meta property=\"article:published_time\" content=\"2025-04-10T09:45:35+00:00\" \/>\n<meta property=\"article:modified_time\" content=\"2025-04-16T10:25:03+00:00\" \/>\n<meta property=\"og:image\" content=\"https:\/\/www.monaco-tribune.com\/wp-content\/uploads\/2025\/04\/anna-lunhu-monaco.jpeg\" \/>\n\t<meta property=\"og:image:width\" content=\"1200\" \/>\n\t<meta property=\"og:image:height\" content=\"733\" \/>\n\t<meta property=\"og:image:type\" content=\"image\/jpeg\" \/>\n<meta name=\"author\" content=\"Actualit\u00e9 partenaires \/ Partner news\" \/>\n<meta name=\"twitter:card\" content=\"summary_large_image\" \/>\n<meta name=\"twitter:creator\" content=\"@MonacoTribune\" \/>\n<meta name=\"twitter:site\" content=\"@MonacoTribune\" \/>\n<script type=\"application\/ld+json\" class=\"yoast-schema-graph\">{\"@context\":\"https:\\\/\\\/schema.org\",\"@graph\":[{\"@type\":\"NewsArticle\",\"@id\":\"https:\\\/\\\/www.monaco-tribune.com\\\/it\\\/2025\\\/04\\\/anna-lunhu-la-visionaria-che-ridefinisce-il-benessere-di-lusso-e-la-longevita\\\/#article\",\"isPartOf\":{\"@id\":\"https:\\\/\\\/www.monaco-tribune.com\\\/it\\\/2025\\\/04\\\/anna-lunhu-la-visionaria-che-ridefinisce-il-benessere-di-lusso-e-la-longevita\\\/\"},\"author\":{\"name\":\"Actualit\u00e9 partenaires \\\/ Partner news\",\"@id\":\"https:\\\/\\\/www.monaco-tribune.com\\\/it\\\/#\\\/schema\\\/person\\\/3ca095676705d1327a735ccbc80495e1\"},\"headline\":\"Anna Lunhu: La visionaria che ridefinisce il benessere di lusso e la longevit\u00e0\",\"datePublished\":\"2025-04-10T09:45:35+00:00\",\"dateModified\":\"2025-04-16T10:25:03+00:00\",\"mainEntityOfPage\":{\"@id\":\"https:\\\/\\\/www.monaco-tribune.com\\\/it\\\/2025\\\/04\\\/anna-lunhu-la-visionaria-che-ridefinisce-il-benessere-di-lusso-e-la-longevita\\\/\"},\"wordCount\":959,\"publisher\":{\"@id\":\"https:\\\/\\\/www.monaco-tribune.com\\\/it\\\/#organization\"},\"image\":{\"@id\":\"https:\\\/\\\/www.monaco-tribune.com\\\/it\\\/2025\\\/04\\\/anna-lunhu-la-visionaria-che-ridefinisce-il-benessere-di-lusso-e-la-longevita\\\/#primaryimage\"},\"thumbnailUrl\":\"https:\\\/\\\/www.monaco-tribune.com\\\/wp-content\\\/uploads\\\/2025\\\/04\\\/anna-lunhu-monaco.jpeg\",\"keywords\":[\"Personalit\u00e0\"],\"articleSection\":[\"Business\",\"Notizie\"],\"inLanguage\":\"it-IT\",\"copyrightYear\":\"2025\",\"copyrightHolder\":{\"@id\":\"https:\\\/\\\/www.monaco-tribune.com\\\/#organization\"}},{\"@type\":\"WebPage\",\"@id\":\"https:\\\/\\\/www.monaco-tribune.com\\\/it\\\/2025\\\/04\\\/anna-lunhu-la-visionaria-che-ridefinisce-il-benessere-di-lusso-e-la-longevita\\\/\",\"url\":\"https:\\\/\\\/www.monaco-tribune.com\\\/it\\\/2025\\\/04\\\/anna-lunhu-la-visionaria-che-ridefinisce-il-benessere-di-lusso-e-la-longevita\\\/\",\"name\":\"Anna Lunhu: La visionaria che ridefinisce il benessere di lusso e la longevit\u00e0\",\"isPartOf\":{\"@id\":\"https:\\\/\\\/www.monaco-tribune.com\\\/it\\\/#website\"},\"primaryImageOfPage\":{\"@id\":\"https:\\\/\\\/www.monaco-tribune.com\\\/it\\\/2025\\\/04\\\/anna-lunhu-la-visionaria-che-ridefinisce-il-benessere-di-lusso-e-la-longevita\\\/#primaryimage\"},\"image\":{\"@id\":\"https:\\\/\\\/www.monaco-tribune.com\\\/it\\\/2025\\\/04\\\/anna-lunhu-la-visionaria-che-ridefinisce-il-benessere-di-lusso-e-la-longevita\\\/#primaryimage\"},\"thumbnailUrl\":\"https:\\\/\\\/www.monaco-tribune.com\\\/wp-content\\\/uploads\\\/2025\\\/04\\\/anna-lunhu-monaco.jpeg\",\"datePublished\":\"2025-04-10T09:45:35+00:00\",\"dateModified\":\"2025-04-16T10:25:03+00:00\",\"description\":\"All'intersezione tra innovazione scientifica ed eleganza senza tempo, Anna Lunhu Wardenaar ha stabilito una presenza distinta che eleva la bellezza oltre\",\"breadcrumb\":{\"@id\":\"https:\\\/\\\/www.monaco-tribune.com\\\/it\\\/2025\\\/04\\\/anna-lunhu-la-visionaria-che-ridefinisce-il-benessere-di-lusso-e-la-longevita\\\/#breadcrumb\"},\"inLanguage\":\"it-IT\",\"potentialAction\":[{\"@type\":\"ReadAction\",\"target\":[\"https:\\\/\\\/www.monaco-tribune.com\\\/it\\\/2025\\\/04\\\/anna-lunhu-la-visionaria-che-ridefinisce-il-benessere-di-lusso-e-la-longevita\\\/\"]}]},{\"@type\":\"ImageObject\",\"inLanguage\":\"it-IT\",\"@id\":\"https:\\\/\\\/www.monaco-tribune.com\\\/it\\\/2025\\\/04\\\/anna-lunhu-la-visionaria-che-ridefinisce-il-benessere-di-lusso-e-la-longevita\\\/#primaryimage\",\"url\":\"https:\\\/\\\/www.monaco-tribune.com\\\/wp-content\\\/uploads\\\/2025\\\/04\\\/anna-lunhu-monaco.jpeg\",\"contentUrl\":\"https:\\\/\\\/www.monaco-tribune.com\\\/wp-content\\\/uploads\\\/2025\\\/04\\\/anna-lunhu-monaco.jpeg\",\"width\":1200,\"height\":733,\"caption\":\"Anna Lunhu Wardenaar est la fondatrice de Glam Monte Carlo et de Glam MediSpa \u00a9 Anna Lunhu Wardenaar\"},{\"@type\":\"BreadcrumbList\",\"@id\":\"https:\\\/\\\/www.monaco-tribune.com\\\/it\\\/2025\\\/04\\\/anna-lunhu-la-visionaria-che-ridefinisce-il-benessere-di-lusso-e-la-longevita\\\/#breadcrumb\",\"itemListElement\":[{\"@type\":\"ListItem\",\"position\":1,\"name\":\"Accueil\",\"item\":\"https:\\\/\\\/www.monaco-tribune.com\\\/it\\\/\"},{\"@type\":\"ListItem\",\"position\":2,\"name\":\"Anna Lunhu: La visionaria che ridefinisce il benessere di lusso e la longevit\u00e0\"}]},{\"@type\":\"WebSite\",\"@id\":\"https:\\\/\\\/www.monaco-tribune.com\\\/it\\\/#website\",\"url\":\"https:\\\/\\\/www.monaco-tribune.com\\\/it\\\/\",\"name\":\"Monaco Tribune\",\"description\":\"Monaco : actualit\u00e9s \u00e9conomiques, politiques, culturelles et sportives de Monaco et de la French Riviera.\",\"publisher\":{\"@id\":\"https:\\\/\\\/www.monaco-tribune.com\\\/it\\\/#organization\"},\"potentialAction\":[{\"@type\":\"SearchAction\",\"target\":{\"@type\":\"EntryPoint\",\"urlTemplate\":\"https:\\\/\\\/www.monaco-tribune.com\\\/it\\\/?s={search_term_string}\"},\"query-input\":{\"@type\":\"PropertyValueSpecification\",\"valueRequired\":true,\"valueName\":\"search_term_string\"}}],\"inLanguage\":\"it-IT\"},{\"@type\":\"Organization\",\"@id\":\"https:\\\/\\\/www.monaco-tribune.com\\\/it\\\/#organization\",\"name\":\"Monaco Tribune\",\"url\":\"https:\\\/\\\/www.monaco-tribune.com\\\/it\\\/\",\"logo\":{\"@type\":\"ImageObject\",\"inLanguage\":\"it-IT\",\"@id\":\"https:\\\/\\\/www.monaco-tribune.com\\\/it\\\/#\\\/schema\\\/logo\\\/image\\\/\",\"url\":\"https:\\\/\\\/www.monaco-tribune.com\\\/wp-content\\\/uploads\\\/2022\\\/11\\\/logo-monaco-tribune.png\",\"contentUrl\":\"https:\\\/\\\/www.monaco-tribune.com\\\/wp-content\\\/uploads\\\/2022\\\/11\\\/logo-monaco-tribune.png\",\"width\":1548,\"height\":600,\"caption\":\"Monaco Tribune\"},\"image\":{\"@id\":\"https:\\\/\\\/www.monaco-tribune.com\\\/it\\\/#\\\/schema\\\/logo\\\/image\\\/\"},\"sameAs\":[\"https:\\\/\\\/www.facebook.com\\\/MonacoTribune\",\"https:\\\/\\\/x.com\\\/MonacoTribune\",\"https:\\\/\\\/www.instagram.com\\\/monacotribune\\\/\",\"https:\\\/\\\/www.linkedin.com\\\/company\\\/monaco-tribune\",\"https:\\\/\\\/www.youtube.com\\\/channel\\\/UCHle1MnG6hw1y4lWKijVbMA\"]},{\"@type\":\"Person\",\"@id\":\"https:\\\/\\\/www.monaco-tribune.com\\\/it\\\/#\\\/schema\\\/person\\\/3ca095676705d1327a735ccbc80495e1\",\"name\":\"Actualit\u00e9 partenaires \\\/ Partner news\",\"image\":{\"@type\":\"ImageObject\",\"inLanguage\":\"it-IT\",\"@id\":\"https:\\\/\\\/secure.gravatar.com\\\/avatar\\\/7a521d12829ff9828efa85c30429e0dec2373e385ef93099a42b964bceb29f66?s=96&d=mm&r=g\",\"url\":\"https:\\\/\\\/secure.gravatar.com\\\/avatar\\\/7a521d12829ff9828efa85c30429e0dec2373e385ef93099a42b964bceb29f66?s=96&d=mm&r=g\",\"contentUrl\":\"https:\\\/\\\/secure.gravatar.com\\\/avatar\\\/7a521d12829ff9828efa85c30429e0dec2373e385ef93099a42b964bceb29f66?s=96&d=mm&r=g\",\"caption\":\"Actualit\u00e9 partenaires \\\/ Partner news\"},\"url\":\"https:\\\/\\\/www.monaco-tribune.com\\\/it\\\/author\\\/contenusponsorise\\\/\"}]}<\/script>\n<!-- \/ Yoast SEO Premium plugin. -->","yoast_head_json":{"title":"Anna Lunhu: La visionaria che ridefinisce il benessere di lusso e la longevit\u00e0","description":"All'intersezione tra innovazione scientifica ed eleganza senza tempo, Anna Lunhu Wardenaar ha stabilito una presenza distinta che eleva la bellezza oltre","robots":{"index":"index","follow":"follow","max-snippet":"max-snippet:-1","max-image-preview":"max-image-preview:large","max-video-preview":"max-video-preview:-1"},"canonical":"https:\/\/www.monaco-tribune.com\/it\/2025\/04\/anna-lunhu-la-visionaria-che-ridefinisce-il-benessere-di-lusso-e-la-longevita\/","og_locale":"it_IT","og_type":"article","og_title":"Anna Lunhu: La visionaria che ridefinisce il benessere di lusso e la longevit\u00e0 - Monaco Tribune","og_description":"All'intersezione tra innovazione scientifica ed eleganza senza tempo, Anna Lunhu Wardenaar ha stabilito una presenza distinta che eleva la bellezza oltre","og_url":"https:\/\/www.monaco-tribune.com\/it\/2025\/04\/anna-lunhu-la-visionaria-che-ridefinisce-il-benessere-di-lusso-e-la-longevita\/","og_site_name":"Monaco Tribune","article_publisher":"https:\/\/www.facebook.com\/MonacoTribune","article_published_time":"2025-04-10T09:45:35+00:00","article_modified_time":"2025-04-16T10:25:03+00:00","og_image":[{"width":1200,"height":733,"url":"https:\/\/www.monaco-tribune.com\/wp-content\/uploads\/2025\/04\/anna-lunhu-monaco.jpeg","type":"image\/jpeg"}],"author":"Actualit\u00e9 partenaires \/ Partner news","twitter_card":"summary_large_image","twitter_creator":"@MonacoTribune","twitter_site":"@MonacoTribune","schema":{"@context":"https:\/\/schema.org","@graph":[{"@type":"NewsArticle","@id":"https:\/\/www.monaco-tribune.com\/it\/2025\/04\/anna-lunhu-la-visionaria-che-ridefinisce-il-benessere-di-lusso-e-la-longevita\/#article","isPartOf":{"@id":"https:\/\/www.monaco-tribune.com\/it\/2025\/04\/anna-lunhu-la-visionaria-che-ridefinisce-il-benessere-di-lusso-e-la-longevita\/"},"author":{"name":"Actualit\u00e9 partenaires \/ Partner news","@id":"https:\/\/www.monaco-tribune.com\/it\/#\/schema\/person\/3ca095676705d1327a735ccbc80495e1"},"headline":"Anna Lunhu: La visionaria che ridefinisce il benessere di lusso e la longevit\u00e0","datePublished":"2025-04-10T09:45:35+00:00","dateModified":"2025-04-16T10:25:03+00:00","mainEntityOfPage":{"@id":"https:\/\/www.monaco-tribune.com\/it\/2025\/04\/anna-lunhu-la-visionaria-che-ridefinisce-il-benessere-di-lusso-e-la-longevita\/"},"wordCount":959,"publisher":{"@id":"https:\/\/www.monaco-tribune.com\/it\/#organization"},"image":{"@id":"https:\/\/www.monaco-tribune.com\/it\/2025\/04\/anna-lunhu-la-visionaria-che-ridefinisce-il-benessere-di-lusso-e-la-longevita\/#primaryimage"},"thumbnailUrl":"https:\/\/www.monaco-tribune.com\/wp-content\/uploads\/2025\/04\/anna-lunhu-monaco.jpeg","keywords":["Personalit\u00e0"],"articleSection":["Business","Notizie"],"inLanguage":"it-IT","copyrightYear":"2025","copyrightHolder":{"@id":"https:\/\/www.monaco-tribune.com\/#organization"}},{"@type":"WebPage","@id":"https:\/\/www.monaco-tribune.com\/it\/2025\/04\/anna-lunhu-la-visionaria-che-ridefinisce-il-benessere-di-lusso-e-la-longevita\/","url":"https:\/\/www.monaco-tribune.com\/it\/2025\/04\/anna-lunhu-la-visionaria-che-ridefinisce-il-benessere-di-lusso-e-la-longevita\/","name":"Anna Lunhu: La visionaria che ridefinisce il benessere di lusso e la longevit\u00e0","isPartOf":{"@id":"https:\/\/www.monaco-tribune.com\/it\/#website"},"primaryImageOfPage":{"@id":"https:\/\/www.monaco-tribune.com\/it\/2025\/04\/anna-lunhu-la-visionaria-che-ridefinisce-il-benessere-di-lusso-e-la-longevita\/#primaryimage"},"image":{"@id":"https:\/\/www.monaco-tribune.com\/it\/2025\/04\/anna-lunhu-la-visionaria-che-ridefinisce-il-benessere-di-lusso-e-la-longevita\/#primaryimage"},"thumbnailUrl":"https:\/\/www.monaco-tribune.com\/wp-content\/uploads\/2025\/04\/anna-lunhu-monaco.jpeg","datePublished":"2025-04-10T09:45:35+00:00","dateModified":"2025-04-16T10:25:03+00:00","description":"All'intersezione tra innovazione scientifica ed eleganza senza tempo, Anna Lunhu Wardenaar ha stabilito una presenza distinta che eleva la bellezza oltre","breadcrumb":{"@id":"https:\/\/www.monaco-tribune.com\/it\/2025\/04\/anna-lunhu-la-visionaria-che-ridefinisce-il-benessere-di-lusso-e-la-longevita\/#breadcrumb"},"inLanguage":"it-IT","potentialAction":[{"@type":"ReadAction","target":["https:\/\/www.monaco-tribune.com\/it\/2025\/04\/anna-lunhu-la-visionaria-che-ridefinisce-il-benessere-di-lusso-e-la-longevita\/"]}]},{"@type":"ImageObject","inLanguage":"it-IT","@id":"https:\/\/www.monaco-tribune.com\/it\/2025\/04\/anna-lunhu-la-visionaria-che-ridefinisce-il-benessere-di-lusso-e-la-longevita\/#primaryimage","url":"https:\/\/www.monaco-tribune.com\/wp-content\/uploads\/2025\/04\/anna-lunhu-monaco.jpeg","contentUrl":"https:\/\/www.monaco-tribune.com\/wp-content\/uploads\/2025\/04\/anna-lunhu-monaco.jpeg","width":1200,"height":733,"caption":"Anna Lunhu Wardenaar est la fondatrice de Glam Monte Carlo et de Glam MediSpa \u00a9 Anna Lunhu Wardenaar"},{"@type":"BreadcrumbList","@id":"https:\/\/www.monaco-tribune.com\/it\/2025\/04\/anna-lunhu-la-visionaria-che-ridefinisce-il-benessere-di-lusso-e-la-longevita\/#breadcrumb","itemListElement":[{"@type":"ListItem","position":1,"name":"Accueil","item":"https:\/\/www.monaco-tribune.com\/it\/"},{"@type":"ListItem","position":2,"name":"Anna Lunhu: La visionaria che ridefinisce il benessere di lusso e la longevit\u00e0"}]},{"@type":"WebSite","@id":"https:\/\/www.monaco-tribune.com\/it\/#website","url":"https:\/\/www.monaco-tribune.com\/it\/","name":"Monaco Tribune","description":"Monaco : actualit\u00e9s \u00e9conomiques, politiques, culturelles et sportives de Monaco et de la French Riviera.","publisher":{"@id":"https:\/\/www.monaco-tribune.com\/it\/#organization"},"potentialAction":[{"@type":"SearchAction","target":{"@type":"EntryPoint","urlTemplate":"https:\/\/www.monaco-tribune.com\/it\/?s={search_term_string}"},"query-input":{"@type":"PropertyValueSpecification","valueRequired":true,"valueName":"search_term_string"}}],"inLanguage":"it-IT"},{"@type":"Organization","@id":"https:\/\/www.monaco-tribune.com\/it\/#organization","name":"Monaco Tribune","url":"https:\/\/www.monaco-tribune.com\/it\/","logo":{"@type":"ImageObject","inLanguage":"it-IT","@id":"https:\/\/www.monaco-tribune.com\/it\/#\/schema\/logo\/image\/","url":"https:\/\/www.monaco-tribune.com\/wp-content\/uploads\/2022\/11\/logo-monaco-tribune.png","contentUrl":"https:\/\/www.monaco-tribune.com\/wp-content\/uploads\/2022\/11\/logo-monaco-tribune.png","width":1548,"height":600,"caption":"Monaco Tribune"},"image":{"@id":"https:\/\/www.monaco-tribune.com\/it\/#\/schema\/logo\/image\/"},"sameAs":["https:\/\/www.facebook.com\/MonacoTribune","https:\/\/x.com\/MonacoTribune","https:\/\/www.instagram.com\/monacotribune\/","https:\/\/www.linkedin.com\/company\/monaco-tribune","https:\/\/www.youtube.com\/channel\/UCHle1MnG6hw1y4lWKijVbMA"]},{"@type":"Person","@id":"https:\/\/www.monaco-tribune.com\/it\/#\/schema\/person\/3ca095676705d1327a735ccbc80495e1","name":"Actualit\u00e9 partenaires \/ Partner news","image":{"@type":"ImageObject","inLanguage":"it-IT","@id":"https:\/\/secure.gravatar.com\/avatar\/7a521d12829ff9828efa85c30429e0dec2373e385ef93099a42b964bceb29f66?s=96&d=mm&r=g","url":"https:\/\/secure.gravatar.com\/avatar\/7a521d12829ff9828efa85c30429e0dec2373e385ef93099a42b964bceb29f66?s=96&d=mm&r=g","contentUrl":"https:\/\/secure.gravatar.com\/avatar\/7a521d12829ff9828efa85c30429e0dec2373e385ef93099a42b964bceb29f66?s=96&d=mm&r=g","caption":"Actualit\u00e9 partenaires \/ Partner news"},"url":"https:\/\/www.monaco-tribune.com\/it\/author\/contenusponsorise\/"}]}},"_links":{"self":[{"href":"https:\/\/www.monaco-tribune.com\/it\/wp-json\/wp\/v2\/posts\/285969","targetHints":{"allow":["GET"]}}],"collection":[{"href":"https:\/\/www.monaco-tribune.com\/it\/wp-json\/wp\/v2\/posts"}],"about":[{"href":"https:\/\/www.monaco-tribune.com\/it\/wp-json\/wp\/v2\/types\/post"}],"author":[{"embeddable":true,"href":"https:\/\/www.monaco-tribune.com\/it\/wp-json\/wp\/v2\/users\/51"}],"replies":[{"embeddable":true,"href":"https:\/\/www.monaco-tribune.com\/it\/wp-json\/wp\/v2\/comments?post=285969"}],"version-history":[{"count":2,"href":"https:\/\/www.monaco-tribune.com\/it\/wp-json\/wp\/v2\/posts\/285969\/revisions"}],"predecessor-version":[{"id":287275,"href":"https:\/\/www.monaco-tribune.com\/it\/wp-json\/wp\/v2\/posts\/285969\/revisions\/287275"}],"wp:featuredmedia":[{"embeddable":true,"href":"https:\/\/www.monaco-tribune.com\/it\/wp-json\/wp\/v2\/media\/287256"}],"wp:attachment":[{"href":"https:\/\/www.monaco-tribune.com\/it\/wp-json\/wp\/v2\/media?parent=285969"}],"wp:term":[{"taxonomy":"category","embeddable":true,"href":"https:\/\/www.monaco-tribune.com\/it\/wp-json\/wp\/v2\/categories?post=285969"},{"taxonomy":"post_tag","embeddable":true,"href":"https:\/\/www.monaco-tribune.com\/it\/wp-json\/wp\/v2\/tags?post=285969"},{"taxonomy":"sectag","embeddable":true,"href":"https:\/\/www.monaco-tribune.com\/it\/wp-json\/wp\/v2\/post_sectags?post=285969"},{"taxonomy":"format","embeddable":true,"href":"https:\/\/www.monaco-tribune.com\/it\/wp-json\/wp\/v2\/post_format?post=285969"}],"curies":[{"name":"wp","href":"https:\/\/api.w.org\/{rel}","templated":true}]}}