{"id":286692,"date":"2025-04-14T12:33:10","date_gmt":"2025-04-14T10:33:10","guid":{"rendered":"https:\/\/www.monaco-tribune.com\/2025\/04\/ligue-1-las-monaco-stende-lom-senza-esitazioni-porta-a-casa-un-clean-sheet-e-si-riprende-il-secondo-posto-in-classifica\/"},"modified":"2025-04-14T12:33:22","modified_gmt":"2025-04-14T10:33:22","slug":"ligue-1-las-monaco-stende-lom-senza-esitazioni-porta-a-casa-un-clean-sheet-e-si-riprende-il-secondo-posto-in-classifica","status":"publish","type":"post","link":"https:\/\/www.monaco-tribune.com\/it\/2025\/04\/ligue-1-las-monaco-stende-lom-senza-esitazioni-porta-a-casa-un-clean-sheet-e-si-riprende-il-secondo-posto-in-classifica\/","title":{"rendered":"Ligue 1: l\u2019AS Monaco stende l\u2019OM senza esitazioni, porta a casa un clean sheet e si riprende il secondo posto in classifica"},"content":{"rendered":"\n<p><strong>Tra gli applausi calorosi del Principe Alberto II e del presidente Dmitri Rybolovlev, entrambi presenti in tribuna, l\u2019AS Monaco si \u00e8 imposta con autorit\u00e0 sull\u2019Olympique Marsiglia, rivale diretto di questa stagione, nella sfida giocata sabato sera allo Stadio Louis-II. Con questa vittoria convincente, i biancorossi tornano al secondo posto alle spalle del PSG.<\/strong><\/p>\n\n<p>La partita si \u00e8 aperta con un momento di grande emozione: un minuto di applausi in memoria di Albert Vannucci, ex terzino destro dell\u2019AS Monaco scomparso domenica scorsa all\u2019et\u00e0 di 77 anni. Campione di Francia nel 1978 e protagonista della promozione in prima divisione nel 1977, ha collezionato 85 presenze con la maglia del Principato. In suo onore, giocatori e staff hanno indossato il lutto al braccio.<\/p>\n\n<blockquote class=\"twitter-tweet\"><p lang=\"fr\" dir=\"ltr\">Coup d\u2019envoi au Stade Louis-II pour l\u2019ultime choc entre l\u2019<a href=\"https:\/\/twitter.com\/AS_Monaco?ref_src=twsrc%5Etfw\">@AS_Monaco<\/a> et l\u2019<a href=\"https:\/\/twitter.com\/OM_Officiel?ref_src=twsrc%5Etfw\">@OM_Officiel<\/a> avec un stade quasi plein et une ambiance d\u00e9j\u00e0 de folie ! <a href=\"https:\/\/twitter.com\/hashtag\/ASMOM?src=hash&#038;ref_src=twsrc%5Etfw\">#ASMOM<\/a> <a href=\"https:\/\/t.co\/aibMbndZ8E\">pic.twitter.com\/aibMbndZ8E<\/a><\/p>\u2014 Monaco Tribune (@MonacoTribune) <a href=\"https:\/\/twitter.com\/MonacoTribune\/status\/1911074604069568657?ref_src=twsrc%5Etfw\">April 12, 2025<\/a><\/blockquote> <script async=\"\" src=\"https:\/\/platform.twitter.com\/widgets.js\" charset=\"utf-8\"><\/script><br\/>\n\n<figure class=\"wp-block-gallery has-nested-images columns-default is-cropped wp-block-gallery-1 is-layout-flex wp-block-gallery-is-layout-flex\"><div class=\"wp-block-image\">\n<figure class=\"aligncenter size-large\"><img loading=\"lazy\" decoding=\"async\" width=\"1024\" height=\"683\" data-id=\"286549\" src=\"https:\/\/www.monaco-tribune.com\/wp-content\/uploads\/2025\/04\/490461920_1220991130027818_4511104093937907840_n-3-1024x683.jpg\" alt=\"\" class=\"wp-image-286549\" srcset=\"https:\/\/www.monaco-tribune.com\/wp-content\/uploads\/2025\/04\/490461920_1220991130027818_4511104093937907840_n-3-1024x683.jpg 1024w, https:\/\/www.monaco-tribune.com\/wp-content\/uploads\/2025\/04\/490461920_1220991130027818_4511104093937907840_n-3-450x300.jpg 450w, https:\/\/www.monaco-tribune.com\/wp-content\/uploads\/2025\/04\/490461920_1220991130027818_4511104093937907840_n-3.jpg 1200w\" sizes=\"auto, (max-width: 1024px) 100vw, 1024px\" \/><\/figure>\n<\/div><\/figure>\n\n<h2 class=\"wp-block-heading\" id=\"h-minamino-debloque-le-compteur\">Minamino rompe il ghiaccio<\/h2>\n\n<p>In un Louis-II quasi al completo e infuocato, \u00e8 stato il Marsiglia a prendere il comando nei primi minuti. Gli ospiti hanno subito alzato il pressing, mettendo in difficolt\u00e0 l\u2019AS Monaco. Al 13\u2019, Luis Henrique si \u00e8 reso pericoloso con la prima vera occasione del match che ha per\u00f2 sfiorato il palo esterno della porta difesa da K\u00f6hn.<\/p>\n\n<p>Dopo la sofferenza iniziale, i padroni di casa hanno lentamente ripreso in mano il gioco. Takumi Minamino ha mancato il bersaglio al 23\u2019, ma si \u00e8 rifatto poco dopo la mezz\u2019ora. Su un\u2019azione confusa in area marsigliese, Denis Zakaria ha servito il giapponese, che con un destro preciso ha sbloccato la partita (1-0, 34\u2019). \u00c8 il suo quinto gol in campionato quest\u2019anno.<\/p>\n\n<blockquote class=\"twitter-tweet\" data-media-max-width=\"560\"><p lang=\"und\" dir=\"ltr\">\u270a\ud83d\ude24<br\/><br\/>44&#8242; | 1\u20e3-0\u20e3 <a href=\"https:\/\/twitter.com\/hashtag\/ASMOM?src=hash&#038;ref_src=twsrc%5Etfw\">#ASMOM<\/a> <a href=\"https:\/\/t.co\/AuzlmmqDzn\">pic.twitter.com\/AuzlmmqDzn<\/a><\/p>\u2014 AS Monaco \ud83c\uddf2\ud83c\udde8 (@AS_Monaco) <a href=\"https:\/\/twitter.com\/AS_Monaco\/status\/1911083399407693957?ref_src=twsrc%5Etfw\">April 12, 2025<\/a><\/blockquote> <script async=\"\" src=\"https:\/\/platform.twitter.com\/widgets.js\" charset=\"utf-8\"><\/script><br\/>\n\n<figure class=\"wp-block-gallery has-nested-images columns-default is-cropped wp-block-gallery-2 is-layout-flex wp-block-gallery-is-layout-flex\"><div class=\"wp-block-image\">\n<figure class=\"aligncenter size-large\"><img loading=\"lazy\" decoding=\"async\" width=\"1024\" height=\"683\" data-id=\"286523\" src=\"https:\/\/www.monaco-tribune.com\/wp-content\/uploads\/2025\/04\/490654145_1220992520027679_582408749188423414_n-2-1024x683.jpg\" alt=\"\" class=\"wp-image-286523\" srcset=\"https:\/\/www.monaco-tribune.com\/wp-content\/uploads\/2025\/04\/490654145_1220992520027679_582408749188423414_n-2-1024x683.jpg 1024w, https:\/\/www.monaco-tribune.com\/wp-content\/uploads\/2025\/04\/490654145_1220992520027679_582408749188423414_n-2-450x300.jpg 450w, https:\/\/www.monaco-tribune.com\/wp-content\/uploads\/2025\/04\/490654145_1220992520027679_582408749188423414_n-2.jpg 1200w\" sizes=\"auto, (max-width: 1024px) 100vw, 1024px\" \/><\/figure>\n<\/div>\n\n<div class=\"wp-block-image\">\n<figure class=\"aligncenter size-large\"><img loading=\"lazy\" decoding=\"async\" width=\"1024\" height=\"576\" data-id=\"286537\" src=\"https:\/\/www.monaco-tribune.com\/wp-content\/uploads\/2025\/04\/zakaria-minamino-2-1024x576.jpg\" alt=\"\" class=\"wp-image-286537\" srcset=\"https:\/\/www.monaco-tribune.com\/wp-content\/uploads\/2025\/04\/zakaria-minamino-2-1024x576.jpg 1024w, https:\/\/www.monaco-tribune.com\/wp-content\/uploads\/2025\/04\/zakaria-minamino-2-534x300.jpg 534w, https:\/\/www.monaco-tribune.com\/wp-content\/uploads\/2025\/04\/zakaria-minamino-2.jpg 1366w\" sizes=\"auto, (max-width: 1024px) 100vw, 1024px\" \/><figcaption class=\"wp-element-caption\">\u00a9 Direzione della Comunicazione &#8211; St\u00e9phane Danna<\/figcaption><\/figure>\n<\/div><\/figure>\n\n<h2 class=\"wp-block-heading\" id=\"h-l-asm-assomme-les-visiteurs-apres-la-pause\">L\u2019ASM colpisce ancora dopo l\u2019intervallo<\/h2>\n\n<p>Rientrati dagli spogliatoi con lo stesso spirito, i monegaschi hanno raddoppiato nel giro di pochi minuti. Dopo due situazioni pericolose nate da calci d\u2019angolo, con Singo e Embolo a impegnare Rulli (48\u2019, 49\u2019), \u00e8 stato proprio l\u2019attaccante svizzero a firmare il 2-0. Lanciato alla perfezione da Vanderson alle spalle della difesa dell\u2019OM, Breel Embolo ha beffato il portiere con un incredibile pallonetto (58\u2019).<\/p>\n\n<figure class=\"wp-block-gallery has-nested-images columns-default is-cropped wp-block-gallery-3 is-layout-flex wp-block-gallery-is-layout-flex\"><div class=\"wp-block-image\">\n<figure class=\"aligncenter size-large\"><img loading=\"lazy\" decoding=\"async\" width=\"1024\" height=\"683\" data-id=\"286469\" src=\"https:\/\/www.monaco-tribune.com\/wp-content\/uploads\/2025\/04\/490582002_1220993006694297_6457128400694613309_n-1-1024x683.jpg\" alt=\"\" class=\"wp-image-286469\" srcset=\"https:\/\/www.monaco-tribune.com\/wp-content\/uploads\/2025\/04\/490582002_1220993006694297_6457128400694613309_n-1-1024x683.jpg 1024w, https:\/\/www.monaco-tribune.com\/wp-content\/uploads\/2025\/04\/490582002_1220993006694297_6457128400694613309_n-1-450x300.jpg 450w, https:\/\/www.monaco-tribune.com\/wp-content\/uploads\/2025\/04\/490582002_1220993006694297_6457128400694613309_n-1.jpg 1200w\" sizes=\"auto, (max-width: 1024px) 100vw, 1024px\" \/><figcaption class=\"wp-element-caption\">\u00a9 Direzione della Comunicazione &#8211; St\u00e9phane Danna<\/figcaption><\/figure>\n<\/div>\n\n<div class=\"wp-block-image\">\n<figure class=\"aligncenter size-large\"><img loading=\"lazy\" decoding=\"async\" width=\"1024\" height=\"574\" data-id=\"286475\" src=\"https:\/\/www.monaco-tribune.com\/wp-content\/uploads\/2025\/04\/denis-zakaria-celebration-1-1024x574.jpg\" alt=\"\" class=\"wp-image-286475\" srcset=\"https:\/\/www.monaco-tribune.com\/wp-content\/uploads\/2025\/04\/denis-zakaria-celebration-1-1024x574.jpg 1024w, https:\/\/www.monaco-tribune.com\/wp-content\/uploads\/2025\/04\/denis-zakaria-celebration-1-535x300.jpg 535w, https:\/\/www.monaco-tribune.com\/wp-content\/uploads\/2025\/04\/denis-zakaria-celebration-1.jpg 1160w\" sizes=\"auto, (max-width: 1024px) 100vw, 1024px\" \/><figcaption class=\"wp-element-caption\">\u00a9 AS Monaco<\/figcaption><\/figure>\n<\/div>\n\n<div class=\"wp-block-image\">\n<figure class=\"aligncenter size-large\"><img loading=\"lazy\" decoding=\"async\" width=\"1024\" height=\"683\" data-id=\"286474\" src=\"https:\/\/www.monaco-tribune.com\/wp-content\/uploads\/2025\/04\/490749752_1220993453360919_6690118144680304852_n-1-1024x683.jpg\" alt=\"\" class=\"wp-image-286474\" srcset=\"https:\/\/www.monaco-tribune.com\/wp-content\/uploads\/2025\/04\/490749752_1220993453360919_6690118144680304852_n-1-1024x683.jpg 1024w, https:\/\/www.monaco-tribune.com\/wp-content\/uploads\/2025\/04\/490749752_1220993453360919_6690118144680304852_n-1-450x300.jpg 450w, https:\/\/www.monaco-tribune.com\/wp-content\/uploads\/2025\/04\/490749752_1220993453360919_6690118144680304852_n-1.jpg 1200w\" sizes=\"auto, (max-width: 1024px) 100vw, 1024px\" \/><figcaption class=\"wp-element-caption\">\u00a9 Direzione della Comunicazione &#8211; St\u00e9phane Danna<\/figcaption><\/figure>\n<\/div><\/figure>\n\n<h2 class=\"wp-block-heading\">Zakaria chiude i conti<\/h2>\n\n<p>L\u2019OM ha provato a reagire con un paio di buone occasioni: una bella conclusione di Amine Gouiri, deviata magistralmente da K\u00f6hn (67\u2019), e un tiro insidioso di Lamine Camara (77\u2019). Ma non \u00e8 bastato. A spegnere definitivamente ogni speranza ci ha pensato Denis Zakaria, che all\u201982\u2019 ha trasformato un rigore con freddezza (3-0). Il portiere biancorosso \u00e8 stato ancora decisivo nel finale, opponendosi a un\u2019ultima incursione di Balogun.<\/p>\n\n<blockquote class=\"twitter-tweet\"><p lang=\"fr\" dir=\"ltr\">Et 1, et 2, et 3-0 ! Denis Zakaria remporte son duel face au gardien marseillais !! <a href=\"https:\/\/twitter.com\/hashtag\/ASMOM?src=hash&#038;ref_src=twsrc%5Etfw\">#ASMOM<\/a> <a href=\"https:\/\/t.co\/kSVcejASc7\">pic.twitter.com\/kSVcejASc7<\/a><\/p>\u2014 Monaco Tribune (@MonacoTribune) <a href=\"https:\/\/twitter.com\/MonacoTribune\/status\/1911098386838651119?ref_src=twsrc%5Etfw\">April 12, 2025<\/a><\/blockquote> <script async=\"\" src=\"https:\/\/platform.twitter.com\/widgets.js\" charset=\"utf-8\"><\/script><br\/>\n\n<figure class=\"wp-block-gallery has-nested-images columns-default is-cropped wp-block-gallery-4 is-layout-flex wp-block-gallery-is-layout-flex\"><div class=\"wp-block-image\">\n<figure class=\"aligncenter size-large\"><img loading=\"lazy\" decoding=\"async\" width=\"1024\" height=\"683\" data-id=\"286425\" src=\"https:\/\/www.monaco-tribune.com\/wp-content\/uploads\/2025\/04\/490596454_1220993270027604_2329592613290273865_n-1024x683.jpg\" alt=\"\" class=\"wp-image-286425\" srcset=\"https:\/\/www.monaco-tribune.com\/wp-content\/uploads\/2025\/04\/490596454_1220993270027604_2329592613290273865_n-1024x683.jpg 1024w, https:\/\/www.monaco-tribune.com\/wp-content\/uploads\/2025\/04\/490596454_1220993270027604_2329592613290273865_n-450x300.jpg 450w, https:\/\/www.monaco-tribune.com\/wp-content\/uploads\/2025\/04\/490596454_1220993270027604_2329592613290273865_n.jpg 1200w\" sizes=\"auto, (max-width: 1024px) 100vw, 1024px\" \/><\/figure>\n<\/div>\n\n<div class=\"wp-block-image\">\n<figure class=\"aligncenter size-large\"><img loading=\"lazy\" decoding=\"async\" width=\"1024\" height=\"683\" data-id=\"286420\" src=\"https:\/\/www.monaco-tribune.com\/wp-content\/uploads\/2025\/04\/490458041_1220993260027605_8660131960373640340_n-1024x683.jpg\" alt=\"\" class=\"wp-image-286420\" srcset=\"https:\/\/www.monaco-tribune.com\/wp-content\/uploads\/2025\/04\/490458041_1220993260027605_8660131960373640340_n-1024x683.jpg 1024w, https:\/\/www.monaco-tribune.com\/wp-content\/uploads\/2025\/04\/490458041_1220993260027605_8660131960373640340_n-450x300.jpg 450w, https:\/\/www.monaco-tribune.com\/wp-content\/uploads\/2025\/04\/490458041_1220993260027605_8660131960373640340_n.jpg 1200w\" sizes=\"auto, (max-width: 1024px) 100vw, 1024px\" \/><figcaption class=\"wp-element-caption\">\u00a9 Direzione della Comunicazione &#8211; St\u00e9phane Danna<\/figcaption><\/figure>\n<\/div><\/figure>\n\n<h2 class=\"wp-block-heading\">Una vittoria dal sapore europeo<\/h2>\n\n<p>Dalla tribuna d\u2019onore, il Sovrano e il presidente del club non hanno nascosto la loro gioia al fischio finale. Con questa vittoria netta, l\u2019AS Monaco sorpassa il Marsiglia in classifica e si riprende la seconda posizione in Ligue 1, dietro al PSG.<\/p>\n\n<figure class=\"wp-block-gallery aligncenter has-nested-images columns-default is-cropped wp-block-gallery-5 is-layout-flex wp-block-gallery-is-layout-flex\"><div class=\"wp-block-image\">\n<figure class=\"aligncenter size-large\"><img loading=\"lazy\" decoding=\"async\" width=\"1024\" height=\"574\" data-id=\"286557\" src=\"https:\/\/www.monaco-tribune.com\/wp-content\/uploads\/2025\/04\/prince-albert-ii-president-rybolovlev-joie-3-1024x574.jpg\" alt=\"\" class=\"wp-image-286557\" srcset=\"https:\/\/www.monaco-tribune.com\/wp-content\/uploads\/2025\/04\/prince-albert-ii-president-rybolovlev-joie-3-1024x574.jpg 1024w, https:\/\/www.monaco-tribune.com\/wp-content\/uploads\/2025\/04\/prince-albert-ii-president-rybolovlev-joie-3-535x300.jpg 535w, https:\/\/www.monaco-tribune.com\/wp-content\/uploads\/2025\/04\/prince-albert-ii-president-rybolovlev-joie-3.jpg 1160w\" sizes=\"auto, (max-width: 1024px) 100vw, 1024px\" \/><\/figure>\n<\/div>\n\n<div class=\"wp-block-image\">\n<figure class=\"aligncenter size-large\"><img loading=\"lazy\" decoding=\"async\" width=\"1024\" height=\"574\" data-id=\"286558\" src=\"https:\/\/www.monaco-tribune.com\/wp-content\/uploads\/2025\/04\/prince-albert-ii-president-rybolovlev-joie-1024x574.jpg\" alt=\"\" class=\"wp-image-286558\" srcset=\"https:\/\/www.monaco-tribune.com\/wp-content\/uploads\/2025\/04\/prince-albert-ii-president-rybolovlev-joie-1024x574.jpg 1024w, https:\/\/www.monaco-tribune.com\/wp-content\/uploads\/2025\/04\/prince-albert-ii-president-rybolovlev-joie-535x300.jpg 535w, https:\/\/www.monaco-tribune.com\/wp-content\/uploads\/2025\/04\/prince-albert-ii-president-rybolovlev-joie.jpg 1160w\" sizes=\"auto, (max-width: 1024px) 100vw, 1024px\" \/><figcaption class=\"wp-element-caption\">\u00a9 AS Monaco<\/figcaption><\/figure>\n<\/div><\/figure>\n\n<p>Dopo <a href=\"https:\/\/www.monaco-tribune.com\/2024\/12\/ligue-1-las-monaco-se-fait-surprendre-dans-les-derniers-instants-et-sincline-face-a-marseille\/\">la sconfitta dell\u2019andata al V\u00e9lodrome<\/a> (2-1), la squadra di Adi H\u00fctter si prende una rivincita pesante che la avvicina notevolmente alla qualificazione alla prossima Champions League. Con questo incontro i biancorossi hanno confermato di essere in ottima forma nelle partite casalinghe, con la sesta vittoria consecutiva al Louis-II. Un risultato che lascia ben sperare per il rush finale di stagione.<\/p>\n\n<blockquote class=\"twitter-tweet\" data-media-max-width=\"560\"><p lang=\"fr\" dir=\"ltr\">Adi H\u00fctter en conf\u00e9rence de presse : \u00ab C\u2019est une grosse victoire pour nous ce soir. F\u00e9licitations \u00e0 l\u2019\u00e9quipe et surtout \u00e0 Philipp K\u00f6hn qui a fait de tr\u00e8s bons arr\u00eats dans des situations difficiles.<br\/><br\/>Le r\u00e9sultat est peut-\u00eatre m\u00eame un peu trop \u00e9lev\u00e9 car je ne suis pas du tout\u2026 <a href=\"https:\/\/t.co\/5YDDgwehWg\">pic.twitter.com\/5YDDgwehWg<\/a><\/p>\u2014 Monaco Tribune (@MonacoTribune) <a href=\"https:\/\/twitter.com\/MonacoTribune\/status\/1911121160550445565?ref_src=twsrc%5Etfw\">April 12, 2025<\/a><\/blockquote> <script async=\"\" src=\"https:\/\/platform.twitter.com\/widgets.js\" charset=\"utf-8\"><\/script><br\/>\n\n<p class=\"related\"><a href=\"https:\/\/www.monaco-tribune.com\/it\/2025\/03\/as-monaco-secondo-club-al-mondo-per-stabilita\/\">AS Monaco: secondo club al mondo per stabilit\u00e0<\/a><\/p>\n","protected":false},"excerpt":{"rendered":"<p>Tra gli applausi calorosi del Principe Alberto II e del presidente Dmitri Rybolovlev, entrambi presenti in tribuna, l\u2019AS Monaco si [&hellip;]<\/p>\n","protected":false},"author":77,"featured_media":286572,"comment_status":"closed","ping_status":"closed","sticky":false,"template":"","format":"standard","meta":{"_acf_changed":false,"footnotes":""},"categories":[1826,1738,1743],"tags":[2846],"post_sectags":[3240],"post_format":[2486],"class_list":["post-286692","post","type-post","status-publish","format-standard","has-post-thumbnail","hentry","category-la-nostra-scelta","category-notizie","category-sport-it","tag-as-monaco-it-2","sectag-calcio-it","format-servizio"],"acf":[],"yoast_head":"<!-- This site is optimized with the Yoast SEO Premium plugin v26.8 (Yoast SEO v27.4) - https:\/\/yoast.com\/product\/yoast-seo-premium-wordpress\/ -->\n<title>Ligue 1: l\u2019AS Monaco stende l\u2019OM senza esitazioni, porta a casa un clean sheet e si riprende il secondo posto in classifica<\/title>\n<meta name=\"description\" content=\"Tra gli applausi calorosi del Principe Alberto II e del presidente Dmitri Rybolovlev, entrambi presenti in tribuna, l\u2019AS Monaco si \u00e8 imposta con autorit\u00e0\" \/>\n<meta name=\"robots\" content=\"index, follow, max-snippet:-1, max-image-preview:large, max-video-preview:-1\" \/>\n<link rel=\"canonical\" href=\"https:\/\/www.monaco-tribune.com\/it\/2025\/04\/ligue-1-las-monaco-stende-lom-senza-esitazioni-porta-a-casa-un-clean-sheet-e-si-riprende-il-secondo-posto-in-classifica\/\" \/>\n<meta property=\"og:locale\" content=\"it_IT\" \/>\n<meta property=\"og:type\" content=\"article\" \/>\n<meta property=\"og:title\" content=\"Ligue 1: l\u2019AS Monaco stende l\u2019OM senza esitazioni, porta a casa un clean sheet e si riprende il secondo posto in classifica - Monaco Tribune\" \/>\n<meta property=\"og:description\" content=\"Tra gli applausi calorosi del Principe Alberto II e del presidente Dmitri Rybolovlev, entrambi presenti in tribuna, l\u2019AS Monaco si \u00e8 imposta con autorit\u00e0\" \/>\n<meta property=\"og:url\" content=\"https:\/\/www.monaco-tribune.com\/it\/2025\/04\/ligue-1-las-monaco-stende-lom-senza-esitazioni-porta-a-casa-un-clean-sheet-e-si-riprende-il-secondo-posto-in-classifica\/\" \/>\n<meta property=\"og:site_name\" content=\"Monaco Tribune\" \/>\n<meta property=\"article:publisher\" content=\"https:\/\/www.facebook.com\/MonacoTribune\" \/>\n<meta property=\"article:published_time\" content=\"2025-04-14T10:33:10+00:00\" \/>\n<meta property=\"article:modified_time\" content=\"2025-04-14T10:33:22+00:00\" \/>\n<meta property=\"og:image\" content=\"https:\/\/www.monaco-tribune.com\/wp-content\/uploads\/2025\/04\/victoire-2-3.jpg\" \/>\n\t<meta property=\"og:image:width\" content=\"1160\" \/>\n\t<meta property=\"og:image:height\" content=\"650\" \/>\n\t<meta property=\"og:image:type\" content=\"image\/jpeg\" \/>\n<meta name=\"author\" content=\"Ana\u00efs Riu\" \/>\n<meta name=\"twitter:card\" content=\"summary_large_image\" \/>\n<meta name=\"twitter:creator\" content=\"@MonacoTribune\" \/>\n<meta name=\"twitter:site\" content=\"@MonacoTribune\" \/>\n<script type=\"application\/ld+json\" class=\"yoast-schema-graph\">{\"@context\":\"https:\\\/\\\/schema.org\",\"@graph\":[{\"@type\":\"NewsArticle\",\"@id\":\"https:\\\/\\\/www.monaco-tribune.com\\\/it\\\/2025\\\/04\\\/ligue-1-las-monaco-stende-lom-senza-esitazioni-porta-a-casa-un-clean-sheet-e-si-riprende-il-secondo-posto-in-classifica\\\/#article\",\"isPartOf\":{\"@id\":\"https:\\\/\\\/www.monaco-tribune.com\\\/it\\\/2025\\\/04\\\/ligue-1-las-monaco-stende-lom-senza-esitazioni-porta-a-casa-un-clean-sheet-e-si-riprende-il-secondo-posto-in-classifica\\\/\"},\"author\":{\"name\":\"Ana\u00efs Riu\",\"@id\":\"https:\\\/\\\/www.monaco-tribune.com\\\/it\\\/#\\\/schema\\\/person\\\/6db631c784f2f0eff54c3ca4d1da2d49\"},\"headline\":\"Ligue 1: l\u2019AS Monaco stende l\u2019OM senza esitazioni, porta a casa un clean sheet e si riprende il secondo posto in classifica\",\"datePublished\":\"2025-04-14T10:33:10+00:00\",\"dateModified\":\"2025-04-14T10:33:22+00:00\",\"mainEntityOfPage\":{\"@id\":\"https:\\\/\\\/www.monaco-tribune.com\\\/it\\\/2025\\\/04\\\/ligue-1-las-monaco-stende-lom-senza-esitazioni-porta-a-casa-un-clean-sheet-e-si-riprende-il-secondo-posto-in-classifica\\\/\"},\"wordCount\":694,\"publisher\":{\"@id\":\"https:\\\/\\\/www.monaco-tribune.com\\\/it\\\/#organization\"},\"image\":{\"@id\":\"https:\\\/\\\/www.monaco-tribune.com\\\/it\\\/2025\\\/04\\\/ligue-1-las-monaco-stende-lom-senza-esitazioni-porta-a-casa-un-clean-sheet-e-si-riprende-il-secondo-posto-in-classifica\\\/#primaryimage\"},\"thumbnailUrl\":\"https:\\\/\\\/www.monaco-tribune.com\\\/wp-content\\\/uploads\\\/2025\\\/04\\\/victoire-2-3.jpg\",\"keywords\":[\"AS Monaco\"],\"articleSection\":[\"La nostra scelta\",\"Notizie\",\"Sport\"],\"inLanguage\":\"it-IT\",\"copyrightYear\":\"2025\",\"copyrightHolder\":{\"@id\":\"https:\\\/\\\/www.monaco-tribune.com\\\/#organization\"}},{\"@type\":\"WebPage\",\"@id\":\"https:\\\/\\\/www.monaco-tribune.com\\\/it\\\/2025\\\/04\\\/ligue-1-las-monaco-stende-lom-senza-esitazioni-porta-a-casa-un-clean-sheet-e-si-riprende-il-secondo-posto-in-classifica\\\/\",\"url\":\"https:\\\/\\\/www.monaco-tribune.com\\\/it\\\/2025\\\/04\\\/ligue-1-las-monaco-stende-lom-senza-esitazioni-porta-a-casa-un-clean-sheet-e-si-riprende-il-secondo-posto-in-classifica\\\/\",\"name\":\"Ligue 1: l\u2019AS Monaco stende l\u2019OM senza esitazioni, porta a casa un clean sheet e si riprende il secondo posto in classifica\",\"isPartOf\":{\"@id\":\"https:\\\/\\\/www.monaco-tribune.com\\\/it\\\/#website\"},\"primaryImageOfPage\":{\"@id\":\"https:\\\/\\\/www.monaco-tribune.com\\\/it\\\/2025\\\/04\\\/ligue-1-las-monaco-stende-lom-senza-esitazioni-porta-a-casa-un-clean-sheet-e-si-riprende-il-secondo-posto-in-classifica\\\/#primaryimage\"},\"image\":{\"@id\":\"https:\\\/\\\/www.monaco-tribune.com\\\/it\\\/2025\\\/04\\\/ligue-1-las-monaco-stende-lom-senza-esitazioni-porta-a-casa-un-clean-sheet-e-si-riprende-il-secondo-posto-in-classifica\\\/#primaryimage\"},\"thumbnailUrl\":\"https:\\\/\\\/www.monaco-tribune.com\\\/wp-content\\\/uploads\\\/2025\\\/04\\\/victoire-2-3.jpg\",\"datePublished\":\"2025-04-14T10:33:10+00:00\",\"dateModified\":\"2025-04-14T10:33:22+00:00\",\"description\":\"Tra gli applausi calorosi del Principe Alberto II e del presidente Dmitri Rybolovlev, entrambi presenti in tribuna, l\u2019AS Monaco si \u00e8 imposta con autorit\u00e0\",\"breadcrumb\":{\"@id\":\"https:\\\/\\\/www.monaco-tribune.com\\\/it\\\/2025\\\/04\\\/ligue-1-las-monaco-stende-lom-senza-esitazioni-porta-a-casa-un-clean-sheet-e-si-riprende-il-secondo-posto-in-classifica\\\/#breadcrumb\"},\"inLanguage\":\"it-IT\",\"potentialAction\":[{\"@type\":\"ReadAction\",\"target\":[\"https:\\\/\\\/www.monaco-tribune.com\\\/it\\\/2025\\\/04\\\/ligue-1-las-monaco-stende-lom-senza-esitazioni-porta-a-casa-un-clean-sheet-e-si-riprende-il-secondo-posto-in-classifica\\\/\"]}]},{\"@type\":\"ImageObject\",\"inLanguage\":\"it-IT\",\"@id\":\"https:\\\/\\\/www.monaco-tribune.com\\\/it\\\/2025\\\/04\\\/ligue-1-las-monaco-stende-lom-senza-esitazioni-porta-a-casa-un-clean-sheet-e-si-riprende-il-secondo-posto-in-classifica\\\/#primaryimage\",\"url\":\"https:\\\/\\\/www.monaco-tribune.com\\\/wp-content\\\/uploads\\\/2025\\\/04\\\/victoire-2-3.jpg\",\"contentUrl\":\"https:\\\/\\\/www.monaco-tribune.com\\\/wp-content\\\/uploads\\\/2025\\\/04\\\/victoire-2-3.jpg\",\"width\":1160,\"height\":650,\"caption\":\"Esplosione di gioia davanti ai 13.500 spettatori presenti sugli spalti \u00a9 AS Monaco\"},{\"@type\":\"BreadcrumbList\",\"@id\":\"https:\\\/\\\/www.monaco-tribune.com\\\/it\\\/2025\\\/04\\\/ligue-1-las-monaco-stende-lom-senza-esitazioni-porta-a-casa-un-clean-sheet-e-si-riprende-il-secondo-posto-in-classifica\\\/#breadcrumb\",\"itemListElement\":[{\"@type\":\"ListItem\",\"position\":1,\"name\":\"Accueil\",\"item\":\"https:\\\/\\\/www.monaco-tribune.com\\\/it\\\/\"},{\"@type\":\"ListItem\",\"position\":2,\"name\":\"Ligue 1: l\u2019AS Monaco stende l\u2019OM senza esitazioni, porta a casa un clean sheet e si riprende il secondo posto in classifica\"}]},{\"@type\":\"WebSite\",\"@id\":\"https:\\\/\\\/www.monaco-tribune.com\\\/it\\\/#website\",\"url\":\"https:\\\/\\\/www.monaco-tribune.com\\\/it\\\/\",\"name\":\"Monaco Tribune\",\"description\":\"Monaco : actualit\u00e9s \u00e9conomiques, politiques, culturelles et sportives de Monaco et de la French Riviera.\",\"publisher\":{\"@id\":\"https:\\\/\\\/www.monaco-tribune.com\\\/it\\\/#organization\"},\"potentialAction\":[{\"@type\":\"SearchAction\",\"target\":{\"@type\":\"EntryPoint\",\"urlTemplate\":\"https:\\\/\\\/www.monaco-tribune.com\\\/it\\\/?s={search_term_string}\"},\"query-input\":{\"@type\":\"PropertyValueSpecification\",\"valueRequired\":true,\"valueName\":\"search_term_string\"}}],\"inLanguage\":\"it-IT\"},{\"@type\":\"Organization\",\"@id\":\"https:\\\/\\\/www.monaco-tribune.com\\\/it\\\/#organization\",\"name\":\"Monaco Tribune\",\"url\":\"https:\\\/\\\/www.monaco-tribune.com\\\/it\\\/\",\"logo\":{\"@type\":\"ImageObject\",\"inLanguage\":\"it-IT\",\"@id\":\"https:\\\/\\\/www.monaco-tribune.com\\\/it\\\/#\\\/schema\\\/logo\\\/image\\\/\",\"url\":\"https:\\\/\\\/www.monaco-tribune.com\\\/wp-content\\\/uploads\\\/2022\\\/11\\\/logo-monaco-tribune.png\",\"contentUrl\":\"https:\\\/\\\/www.monaco-tribune.com\\\/wp-content\\\/uploads\\\/2022\\\/11\\\/logo-monaco-tribune.png\",\"width\":1548,\"height\":600,\"caption\":\"Monaco Tribune\"},\"image\":{\"@id\":\"https:\\\/\\\/www.monaco-tribune.com\\\/it\\\/#\\\/schema\\\/logo\\\/image\\\/\"},\"sameAs\":[\"https:\\\/\\\/www.facebook.com\\\/MonacoTribune\",\"https:\\\/\\\/x.com\\\/MonacoTribune\",\"https:\\\/\\\/www.instagram.com\\\/monacotribune\\\/\",\"https:\\\/\\\/www.linkedin.com\\\/company\\\/monaco-tribune\",\"https:\\\/\\\/www.youtube.com\\\/channel\\\/UCHle1MnG6hw1y4lWKijVbMA\"]},{\"@type\":\"Person\",\"@id\":\"https:\\\/\\\/www.monaco-tribune.com\\\/it\\\/#\\\/schema\\\/person\\\/6db631c784f2f0eff54c3ca4d1da2d49\",\"name\":\"Ana\u00efs Riu\",\"image\":{\"@type\":\"ImageObject\",\"inLanguage\":\"it-IT\",\"@id\":\"https:\\\/\\\/secure.gravatar.com\\\/avatar\\\/9137eff67ff750f1997c171f45e5829ca4c8fa34729a8f8cd9dc85be7e50df7f?s=96&d=mm&r=g\",\"url\":\"https:\\\/\\\/secure.gravatar.com\\\/avatar\\\/9137eff67ff750f1997c171f45e5829ca4c8fa34729a8f8cd9dc85be7e50df7f?s=96&d=mm&r=g\",\"contentUrl\":\"https:\\\/\\\/secure.gravatar.com\\\/avatar\\\/9137eff67ff750f1997c171f45e5829ca4c8fa34729a8f8cd9dc85be7e50df7f?s=96&d=mm&r=g\",\"caption\":\"Ana\u00efs Riu\"},\"url\":\"https:\\\/\\\/www.monaco-tribune.com\\\/it\\\/author\\\/anaisriu\\\/\"}]}<\/script>\n<!-- \/ Yoast SEO Premium plugin. -->","yoast_head_json":{"title":"Ligue 1: l\u2019AS Monaco stende l\u2019OM senza esitazioni, porta a casa un clean sheet e si riprende il secondo posto in classifica","description":"Tra gli applausi calorosi del Principe Alberto II e del presidente Dmitri Rybolovlev, entrambi presenti in tribuna, l\u2019AS Monaco si \u00e8 imposta con autorit\u00e0","robots":{"index":"index","follow":"follow","max-snippet":"max-snippet:-1","max-image-preview":"max-image-preview:large","max-video-preview":"max-video-preview:-1"},"canonical":"https:\/\/www.monaco-tribune.com\/it\/2025\/04\/ligue-1-las-monaco-stende-lom-senza-esitazioni-porta-a-casa-un-clean-sheet-e-si-riprende-il-secondo-posto-in-classifica\/","og_locale":"it_IT","og_type":"article","og_title":"Ligue 1: l\u2019AS Monaco stende l\u2019OM senza esitazioni, porta a casa un clean sheet e si riprende il secondo posto in classifica - Monaco Tribune","og_description":"Tra gli applausi calorosi del Principe Alberto II e del presidente Dmitri Rybolovlev, entrambi presenti in tribuna, l\u2019AS Monaco si \u00e8 imposta con autorit\u00e0","og_url":"https:\/\/www.monaco-tribune.com\/it\/2025\/04\/ligue-1-las-monaco-stende-lom-senza-esitazioni-porta-a-casa-un-clean-sheet-e-si-riprende-il-secondo-posto-in-classifica\/","og_site_name":"Monaco Tribune","article_publisher":"https:\/\/www.facebook.com\/MonacoTribune","article_published_time":"2025-04-14T10:33:10+00:00","article_modified_time":"2025-04-14T10:33:22+00:00","og_image":[{"width":1160,"height":650,"url":"https:\/\/www.monaco-tribune.com\/wp-content\/uploads\/2025\/04\/victoire-2-3.jpg","type":"image\/jpeg"}],"author":"Ana\u00efs Riu","twitter_card":"summary_large_image","twitter_creator":"@MonacoTribune","twitter_site":"@MonacoTribune","schema":{"@context":"https:\/\/schema.org","@graph":[{"@type":"NewsArticle","@id":"https:\/\/www.monaco-tribune.com\/it\/2025\/04\/ligue-1-las-monaco-stende-lom-senza-esitazioni-porta-a-casa-un-clean-sheet-e-si-riprende-il-secondo-posto-in-classifica\/#article","isPartOf":{"@id":"https:\/\/www.monaco-tribune.com\/it\/2025\/04\/ligue-1-las-monaco-stende-lom-senza-esitazioni-porta-a-casa-un-clean-sheet-e-si-riprende-il-secondo-posto-in-classifica\/"},"author":{"name":"Ana\u00efs Riu","@id":"https:\/\/www.monaco-tribune.com\/it\/#\/schema\/person\/6db631c784f2f0eff54c3ca4d1da2d49"},"headline":"Ligue 1: l\u2019AS Monaco stende l\u2019OM senza esitazioni, porta a casa un clean sheet e si riprende il secondo posto in classifica","datePublished":"2025-04-14T10:33:10+00:00","dateModified":"2025-04-14T10:33:22+00:00","mainEntityOfPage":{"@id":"https:\/\/www.monaco-tribune.com\/it\/2025\/04\/ligue-1-las-monaco-stende-lom-senza-esitazioni-porta-a-casa-un-clean-sheet-e-si-riprende-il-secondo-posto-in-classifica\/"},"wordCount":694,"publisher":{"@id":"https:\/\/www.monaco-tribune.com\/it\/#organization"},"image":{"@id":"https:\/\/www.monaco-tribune.com\/it\/2025\/04\/ligue-1-las-monaco-stende-lom-senza-esitazioni-porta-a-casa-un-clean-sheet-e-si-riprende-il-secondo-posto-in-classifica\/#primaryimage"},"thumbnailUrl":"https:\/\/www.monaco-tribune.com\/wp-content\/uploads\/2025\/04\/victoire-2-3.jpg","keywords":["AS Monaco"],"articleSection":["La nostra scelta","Notizie","Sport"],"inLanguage":"it-IT","copyrightYear":"2025","copyrightHolder":{"@id":"https:\/\/www.monaco-tribune.com\/#organization"}},{"@type":"WebPage","@id":"https:\/\/www.monaco-tribune.com\/it\/2025\/04\/ligue-1-las-monaco-stende-lom-senza-esitazioni-porta-a-casa-un-clean-sheet-e-si-riprende-il-secondo-posto-in-classifica\/","url":"https:\/\/www.monaco-tribune.com\/it\/2025\/04\/ligue-1-las-monaco-stende-lom-senza-esitazioni-porta-a-casa-un-clean-sheet-e-si-riprende-il-secondo-posto-in-classifica\/","name":"Ligue 1: l\u2019AS Monaco stende l\u2019OM senza esitazioni, porta a casa un clean sheet e si riprende il secondo posto in classifica","isPartOf":{"@id":"https:\/\/www.monaco-tribune.com\/it\/#website"},"primaryImageOfPage":{"@id":"https:\/\/www.monaco-tribune.com\/it\/2025\/04\/ligue-1-las-monaco-stende-lom-senza-esitazioni-porta-a-casa-un-clean-sheet-e-si-riprende-il-secondo-posto-in-classifica\/#primaryimage"},"image":{"@id":"https:\/\/www.monaco-tribune.com\/it\/2025\/04\/ligue-1-las-monaco-stende-lom-senza-esitazioni-porta-a-casa-un-clean-sheet-e-si-riprende-il-secondo-posto-in-classifica\/#primaryimage"},"thumbnailUrl":"https:\/\/www.monaco-tribune.com\/wp-content\/uploads\/2025\/04\/victoire-2-3.jpg","datePublished":"2025-04-14T10:33:10+00:00","dateModified":"2025-04-14T10:33:22+00:00","description":"Tra gli applausi calorosi del Principe Alberto II e del presidente Dmitri Rybolovlev, entrambi presenti in tribuna, l\u2019AS Monaco si \u00e8 imposta con autorit\u00e0","breadcrumb":{"@id":"https:\/\/www.monaco-tribune.com\/it\/2025\/04\/ligue-1-las-monaco-stende-lom-senza-esitazioni-porta-a-casa-un-clean-sheet-e-si-riprende-il-secondo-posto-in-classifica\/#breadcrumb"},"inLanguage":"it-IT","potentialAction":[{"@type":"ReadAction","target":["https:\/\/www.monaco-tribune.com\/it\/2025\/04\/ligue-1-las-monaco-stende-lom-senza-esitazioni-porta-a-casa-un-clean-sheet-e-si-riprende-il-secondo-posto-in-classifica\/"]}]},{"@type":"ImageObject","inLanguage":"it-IT","@id":"https:\/\/www.monaco-tribune.com\/it\/2025\/04\/ligue-1-las-monaco-stende-lom-senza-esitazioni-porta-a-casa-un-clean-sheet-e-si-riprende-il-secondo-posto-in-classifica\/#primaryimage","url":"https:\/\/www.monaco-tribune.com\/wp-content\/uploads\/2025\/04\/victoire-2-3.jpg","contentUrl":"https:\/\/www.monaco-tribune.com\/wp-content\/uploads\/2025\/04\/victoire-2-3.jpg","width":1160,"height":650,"caption":"Esplosione di gioia davanti ai 13.500 spettatori presenti sugli spalti \u00a9 AS Monaco"},{"@type":"BreadcrumbList","@id":"https:\/\/www.monaco-tribune.com\/it\/2025\/04\/ligue-1-las-monaco-stende-lom-senza-esitazioni-porta-a-casa-un-clean-sheet-e-si-riprende-il-secondo-posto-in-classifica\/#breadcrumb","itemListElement":[{"@type":"ListItem","position":1,"name":"Accueil","item":"https:\/\/www.monaco-tribune.com\/it\/"},{"@type":"ListItem","position":2,"name":"Ligue 1: l\u2019AS Monaco stende l\u2019OM senza esitazioni, porta a casa un clean sheet e si riprende il secondo posto in classifica"}]},{"@type":"WebSite","@id":"https:\/\/www.monaco-tribune.com\/it\/#website","url":"https:\/\/www.monaco-tribune.com\/it\/","name":"Monaco Tribune","description":"Monaco : actualit\u00e9s \u00e9conomiques, politiques, culturelles et sportives de Monaco et de la French Riviera.","publisher":{"@id":"https:\/\/www.monaco-tribune.com\/it\/#organization"},"potentialAction":[{"@type":"SearchAction","target":{"@type":"EntryPoint","urlTemplate":"https:\/\/www.monaco-tribune.com\/it\/?s={search_term_string}"},"query-input":{"@type":"PropertyValueSpecification","valueRequired":true,"valueName":"search_term_string"}}],"inLanguage":"it-IT"},{"@type":"Organization","@id":"https:\/\/www.monaco-tribune.com\/it\/#organization","name":"Monaco Tribune","url":"https:\/\/www.monaco-tribune.com\/it\/","logo":{"@type":"ImageObject","inLanguage":"it-IT","@id":"https:\/\/www.monaco-tribune.com\/it\/#\/schema\/logo\/image\/","url":"https:\/\/www.monaco-tribune.com\/wp-content\/uploads\/2022\/11\/logo-monaco-tribune.png","contentUrl":"https:\/\/www.monaco-tribune.com\/wp-content\/uploads\/2022\/11\/logo-monaco-tribune.png","width":1548,"height":600,"caption":"Monaco Tribune"},"image":{"@id":"https:\/\/www.monaco-tribune.com\/it\/#\/schema\/logo\/image\/"},"sameAs":["https:\/\/www.facebook.com\/MonacoTribune","https:\/\/x.com\/MonacoTribune","https:\/\/www.instagram.com\/monacotribune\/","https:\/\/www.linkedin.com\/company\/monaco-tribune","https:\/\/www.youtube.com\/channel\/UCHle1MnG6hw1y4lWKijVbMA"]},{"@type":"Person","@id":"https:\/\/www.monaco-tribune.com\/it\/#\/schema\/person\/6db631c784f2f0eff54c3ca4d1da2d49","name":"Ana\u00efs Riu","image":{"@type":"ImageObject","inLanguage":"it-IT","@id":"https:\/\/secure.gravatar.com\/avatar\/9137eff67ff750f1997c171f45e5829ca4c8fa34729a8f8cd9dc85be7e50df7f?s=96&d=mm&r=g","url":"https:\/\/secure.gravatar.com\/avatar\/9137eff67ff750f1997c171f45e5829ca4c8fa34729a8f8cd9dc85be7e50df7f?s=96&d=mm&r=g","contentUrl":"https:\/\/secure.gravatar.com\/avatar\/9137eff67ff750f1997c171f45e5829ca4c8fa34729a8f8cd9dc85be7e50df7f?s=96&d=mm&r=g","caption":"Ana\u00efs Riu"},"url":"https:\/\/www.monaco-tribune.com\/it\/author\/anaisriu\/"}]}},"_links":{"self":[{"href":"https:\/\/www.monaco-tribune.com\/it\/wp-json\/wp\/v2\/posts\/286692","targetHints":{"allow":["GET"]}}],"collection":[{"href":"https:\/\/www.monaco-tribune.com\/it\/wp-json\/wp\/v2\/posts"}],"about":[{"href":"https:\/\/www.monaco-tribune.com\/it\/wp-json\/wp\/v2\/types\/post"}],"author":[{"embeddable":true,"href":"https:\/\/www.monaco-tribune.com\/it\/wp-json\/wp\/v2\/users\/77"}],"replies":[{"embeddable":true,"href":"https:\/\/www.monaco-tribune.com\/it\/wp-json\/wp\/v2\/comments?post=286692"}],"version-history":[{"count":2,"href":"https:\/\/www.monaco-tribune.com\/it\/wp-json\/wp\/v2\/posts\/286692\/revisions"}],"predecessor-version":[{"id":286695,"href":"https:\/\/www.monaco-tribune.com\/it\/wp-json\/wp\/v2\/posts\/286692\/revisions\/286695"}],"wp:featuredmedia":[{"embeddable":true,"href":"https:\/\/www.monaco-tribune.com\/it\/wp-json\/wp\/v2\/media\/286572"}],"wp:attachment":[{"href":"https:\/\/www.monaco-tribune.com\/it\/wp-json\/wp\/v2\/media?parent=286692"}],"wp:term":[{"taxonomy":"category","embeddable":true,"href":"https:\/\/www.monaco-tribune.com\/it\/wp-json\/wp\/v2\/categories?post=286692"},{"taxonomy":"post_tag","embeddable":true,"href":"https:\/\/www.monaco-tribune.com\/it\/wp-json\/wp\/v2\/tags?post=286692"},{"taxonomy":"sectag","embeddable":true,"href":"https:\/\/www.monaco-tribune.com\/it\/wp-json\/wp\/v2\/post_sectags?post=286692"},{"taxonomy":"format","embeddable":true,"href":"https:\/\/www.monaco-tribune.com\/it\/wp-json\/wp\/v2\/post_format?post=286692"}],"curies":[{"name":"wp","href":"https:\/\/api.w.org\/{rel}","templated":true}]}}