{"id":287301,"date":"2025-04-16T16:10:14","date_gmt":"2025-04-16T14:10:14","guid":{"rendered":"https:\/\/www.monaco-tribune.com\/2025\/04\/pasqua-a-monaco-eventi-cioccolato-e-appuntamenti-da-non-perdere\/"},"modified":"2025-04-16T16:10:24","modified_gmt":"2025-04-16T14:10:24","slug":"pasqua-a-monaco-eventi-cioccolato-e-appuntamenti-da-non-perdere","status":"publish","type":"post","link":"https:\/\/www.monaco-tribune.com\/it\/2025\/04\/pasqua-a-monaco-eventi-cioccolato-e-appuntamenti-da-non-perdere\/","title":{"rendered":"Pasqua a Monaco: eventi, cioccolato e appuntamenti da non perdere"},"content":{"rendered":"\n<p><strong><a href=\"https:\/\/www.monaco-tribune.com\/2025\/03\/paques-en-principaute-un-printemps-enchante-pour-petits-et-grands\/\">La magia della Pasqua si prepara a invadere ogni angolo del Principato<\/a>: tra attivit\u00e0 per famiglie, men\u00f9 speciali, dolci golosi e celebrazioni religiose, ecco tutto quello che vi aspetta durante il weekend pasquale.<\/strong><\/p>\n\n<h3 class=\"wp-block-heading\" id=\"h-la-bibliotheque-princesse-caroline\"><strong>Biblioteca Principessa Carolina<\/strong><\/h3>\n\n<ul class=\"wp-block-list\">\n<li><strong>Pixel Art<\/strong> \u2013 <em>Marted\u00ec 8 aprile, ore 14.00 &#8211; 16.00<\/em><br\/>Un laboratorio gratuito per giovani artisti dai 6 ai 13 anni: un\u2019occasione per scoprire quest\u2019arte digitale e colorata.<br\/><em>Prenotazione obbligatoria su<\/em> <a href=\"http:\/\/mediatheque.mc\/\">mediatheque.mc<\/a> o al +377 93 15 22 72<\/li>\n\n\n\n<li><strong data-start=\"1017\" data-end=\"1092\">Kamishibai, il teatro giapponese <\/strong><em>\u2013 Gioved\u00ec 10 aprile, ore 15.00 &#8211; 16.00<\/em><br data-start=\"1092\" data-end=\"1095\"\/>Un momento magico, dai 4 anni in su, dove le storie prendono vita attraverso un teatro illustrato di carta. <em>Ingresso libero e gratuito<\/em><\/li>\n\n\n\n<li><strong data-start=\"1235\" data-end=\"1294\">Lettura speciale di Pasqua \u2013 <\/strong><em>Luned\u00ec 14 aprile, ore 15.00 &#8211; 16.00<\/em><br data-start=\"1294\" data-end=\"1297\"\/>Per bambini dai 4 anni: un\u2019ora di racconti ispirati alle tradizioni pasquali.<br data-start=\"1374\" data-end=\"1377\"\/><em>Ingresso libero e gratuito<\/em><\/li>\n<\/ul>\n\n<h3 class=\"wp-block-heading\" id=\"h-atelier-de-poterie-au-parc-princesse-antoinette\"><strong>Laboratorio di ceramica al Parco Principessa Antoinette<\/strong><\/h3>\n\n<p><em>Mercoled\u00ec 16 aprile, ore 10.30 &#8211; 12.00 e 14.00 &#8211; 15.30<\/em><br data-start=\"1532\" data-end=\"1535\"\/>La sala A F\u00e0brica ospita i bambini dai 7 ai 10 anni per creare oggetti in argilla a tema pasquale: svuotatasche, portapenne&#8230; spazio alla creativit\u00e0!<br data-start=\"1673\" data-end=\"1676\"\/><em>Gratuito, su prenotazione al +377 93 15 26 05<\/em><\/p>\n\n<h3 class=\"wp-block-heading\" id=\"h-grande-chasse-aux-plantes-au-jardin-exotique\"><strong>Grande caccia alle piante al Giardino Esotico<\/strong><\/h3>\n\n<p><em>Sabato 19 aprile, ore 9.30 &#8211; 12.30<\/em><br\/>L\u2019attivit\u00e0 di primavera pi\u00f9 amata: i bambini dai 3 ai 12 anni andranno alla ricerca di piantine nascoste tra le aiuole del Centro Botanico.<br\/>Alla fine, ognuno ricever\u00e0 un sacchetto con ovetti di cioccolato!<br\/><em>Gratuito \u2013 Prenotazione obbligatoria al +377 93 15 29 80 o via email a jardin-exotique@mairie.mc<\/em><\/p>\n\n<h3 class=\"wp-block-heading\" id=\"h-paques-au-parc-princesse-antoinette\"><strong>Pasqua al Parco Principessa Antoinette<\/strong><\/h3>\n\n<p><em>Domenica 20 aprile, ore 14.00 &#8211; 17.30 <\/em>il parco ospiter\u00e0 una festa a cielo aperto per bambini e famiglie:<\/p>\n\n<ul class=\"wp-block-list\">\n<li>Gonfiabili<\/li>\n\n\n\n<li>Truccabimbi e laboratori creativi<\/li>\n\n\n\n<li>Giochi in legno e sculture di palloncini<\/li>\n\n\n\n<li>Mascotte, photobooth e animali della fattoria!<\/li>\n<\/ul>\n\n<p><em>Ingresso libero e gratuito &#8211; Info: +377 93 15 06 03<\/em><\/p>\n\n<p class=\"related\"><a href=\"https:\/\/www.monaco-tribune.com\/it\/2025\/03\/box98-monaco-si-prepara-ad-accogliere-un-centro-divertimenti-rivoluzionario\/\">Box98: Monaco si prepara ad accogliere un centro divertimenti rivoluzionario<\/a><\/p>\n<div class=\"wp-block-image\">\n<figure class=\"aligncenter size-large\"><img loading=\"lazy\" decoding=\"async\" width=\"1024\" height=\"511\" src=\"https:\/\/www.monaco-tribune.com\/wp-content\/uploads\/2025\/04\/sbm_11zon-1024x511.png\" alt=\"SBM\" class=\"wp-image-286975\" srcset=\"https:\/\/www.monaco-tribune.com\/wp-content\/uploads\/2025\/04\/sbm_11zon-1024x511.png 1024w, https:\/\/www.monaco-tribune.com\/wp-content\/uploads\/2025\/04\/sbm_11zon-600x300.png 600w, https:\/\/www.monaco-tribune.com\/wp-content\/uploads\/2025\/04\/sbm_11zon.png 1400w\" sizes=\"auto, (max-width: 1024px) 100vw, 1024px\" \/><figcaption class=\"wp-element-caption\"><em>\u00a9 SBM<\/em><\/figcaption><\/figure>\n<\/div>\n<p>Come ogni anno, la Soci\u00e9t\u00e9 des Bains de Mer celebra la Pasqua con brunch, men\u00f9 d\u2019autore e animazioni per i pi\u00f9 piccoli, in location sempre eleganti e raffinate.<\/p>\n\n<h3 class=\"wp-block-heading\">H\u00f4tel de Paris Monte-Carlo<\/h3>\n\n<ul class=\"wp-block-list\">\n<li><strong>Le Grill<\/strong> propone un pranzo pasquale firmato dallo chef Dominique Lory domenica 20 e luned\u00ec 21 aprile. Costo: 275\u202f\u20ac\/persona \u2013 Men\u00f9 bambini: 60\u202f\u20ac, gratuito per i minori di 2 anni.<\/li>\n\n\n\n<li><strong>Salle Empire <\/strong>offre un pranzo a buffet con musica dal vivo e caccia alle uova per i pi\u00f9 piccoli, domenica 20 aprile. Costo: 340\u202f\u20ac\/persona \u2013 50% di sconto per i bambini sotto i 12 anni.<\/li>\n\n\n\n<li><strong data-start=\"3139\" data-end=\"3170\">Le Louis XV \u2013 Alain Ducasse:<\/strong> lo chef Emmanuel Pilon propone un men\u00f9 d\u2019eccezione all\u2019insegna della naturalit\u00e0, domenica 20 aprile. Costo tra 290\u202f\u20ac e 420\u202f\u20ac, a seconda del men\u00f9 scelto.<\/li>\n<\/ul>\n\n<h3 class=\"wp-block-heading\">H\u00f4tel Hermitage Monte-Carlo<\/h3>\n\n<ul class=\"wp-block-list\">\n<li><strong data-start=\"3366\" data-end=\"3388\">Salle Belle \u00c9poque: <\/strong>pranzo di Pasqua domenica 20 aprile con champagne a volont\u00e0 e caccia alle uova per i pi\u00f9 piccoli. Costo: 240\u202f\u20ac\/adulti \u2013 120\u202f\u20ac\/bambini.<\/li>\n\n\n\n<li><strong>Pavyllon Monte-Carlo<\/strong>: un brunch in stile parigino al bancone, ideato dallo chef Yannick All\u00e9no, domenica 20 aprile. Costo: 175\u202f\u20ac\/persona con una coppa di champagne inclusa.<\/li>\n<\/ul>\n\n<h3 class=\"wp-block-heading\">Monte-Carlo Bay Hotel &amp; Resort<\/h3>\n\n<ul class=\"wp-block-list\">\n<li><strong>Espace<\/strong> <strong>Calypso<\/strong>: un brunch pasquale domenica 20 aprile con champagne Taittinger illimitato, musica dal vivo e una caccia alle uova a tema pirati per i bambini.<br\/>Costo: 205\u202f\u20ac\/adulti \u2013 100\u202f\u20ac (bambini 6-12 anni) \u2013 50\u202f\u20ac (bambini sotto i 6 anni)<\/li>\n<\/ul>\n\n<h3 class=\"wp-block-heading\">Thermes Marins Monte-Carlo<\/h3>\n\n<ul class=\"wp-block-list\">\n<li><strong>Ristorante L\u2019Hirondelle<\/strong>: il 20 e 21 aprile, godetevi un pranzo di Pasqua sano e raffinato ideato dallo chef Jean-Laurent Basile.<br\/>Costo: 110\u202f\u20ac\/persona<\/li>\n<\/ul>\n\n<h3 class=\"wp-block-heading\">Casino de Monte-Carlo<\/h3>\n\n<ul class=\"wp-block-list\">\n<li><strong data-start=\"4189\" data-end=\"4222\">Le Salon Rose<\/strong> e<strong data-start=\"4189\" data-end=\"4222\"> Le Train Bleu:<\/strong> i due locali leggendari propongono piatti speciali alla carta in un\u2019atmosfera elegante e festiva.<\/li>\n<\/ul>\n\n<h3 class=\"wp-block-heading\">Caf\u00e9 de Paris Monte-Carlo<\/h3>\n\n<p>Da sabato 19 a luned\u00ec 21 aprile, il ristorante propone una selezione alla carta con specialit\u00e0 come la spalla d\u2019agnello tagliata in sala.<\/p>\n\n<p>Infine, il bistrot chic di Beno\u00eet Witz, <strong>La Table d\u2019\u00c9lise<\/strong>, propone un men\u00f9 speciale per la domenica di Pasqua: formule fisse, con piatto principale e antipasto o dessert, oppure men\u00f9 <em>\u00e0 la carte<\/em>. Per un tocco in pi\u00f9, il sommelier propone abbinamenti con grandi vini di Bordeaux della selezione \u201cCarte sur Table\u201d, a prezzi accessibili.<br data-start=\"4801\" data-end=\"4804\"\/>Prenotazioni: +377 93 30 20 70<\/p>\n\n<h2 class=\"wp-block-heading\" id=\"h-trois-chocolateries-a-re-decouvrir\">Tre cioccolaterie da (ri)scoprire<\/h2>\n<div class=\"wp-block-image\">\n<figure class=\"aligncenter size-large\"><img loading=\"lazy\" decoding=\"async\" width=\"1024\" height=\"534\" src=\"https:\/\/www.monaco-tribune.com\/wp-content\/uploads\/2023\/02\/chocolaterie-du-palais-compressed-1024x534.jpg\" alt=\"\" class=\"wp-image-163648\" srcset=\"https:\/\/www.monaco-tribune.com\/wp-content\/uploads\/2023\/02\/chocolaterie-du-palais-compressed-1024x534.jpg 1024w, https:\/\/www.monaco-tribune.com\/wp-content\/uploads\/2023\/02\/chocolaterie-du-palais-compressed-576x300.jpg 576w, https:\/\/www.monaco-tribune.com\/wp-content\/uploads\/2023\/02\/chocolaterie-du-palais-compressed.jpg 2000w\" sizes=\"auto, (max-width: 1024px) 100vw, 1024px\" \/><figcaption class=\"wp-element-caption\"><em>\u00a9 Monaco Tribune<\/em><\/figcaption><\/figure>\n<\/div>\n<h3 class=\"wp-block-heading\" id=\"h-laderach\"><strong>L\u00e4derach <\/strong><\/h3>\n\n<p>Nel cuore del Principato, questa boutique svizzera offre cioccolato artigianale di alta qualit\u00e0: tavolette, frutta ricoperta, pralinati e i celebri <em>FrischSchoggi <\/em>(cioccolato spezzato a mano).<\/p>\n\n<h3 class=\"wp-block-heading\" id=\"h-la-chocolaterie-de-monaco\"><strong>La Chocolaterie de Monaco <\/strong><\/h3>\n\n<p>Istituzione monegasca dal 1920, la Chocolaterie de Monaco propone creazioni raffinate realizzate con passione: uova, coniglietti, praline e cofanetti eleganti. Un indirizzo perfetto per i vostri regali di Pasqua, acquistabili in negozio o online.<\/p>\n\n<h3 class=\"wp-block-heading\" id=\"h-jeff-de-bruges\"><strong>Jeff de Bruges  <\/strong><\/h3>\n\n<p>All&#8217;interno del centro commerciale di Fontvieille, troverete una vasta scelta di cioccolatini pregiati, confetti e dolciumi. Per la Pasqua non mancheranno uova ripiene, coniglietti e tante simpatiche delizie.<\/p>\n\n<p class=\"related\"><a href=\"https:\/\/www.monaco-tribune.com\/it\/2025\/04\/cosa-fare-a-monaco-ad-aprile-2025\/\">Cosa fare a Monaco ad aprile 2025?<\/a><\/p>\n\n<h2 class=\"wp-block-heading\" id=\"h-horaires-des-messes-et-offices-de-paques\">Orari delle celebrazioni religiose di Pasqua<\/h2>\n<div class=\"wp-block-image\">\n<figure class=\"aligncenter size-large\"><img loading=\"lazy\" decoding=\"async\" width=\"1024\" height=\"683\" src=\"https:\/\/www.monaco-tribune.com\/wp-content\/uploads\/2024\/08\/cathedrale-monaco-1024x683.jpg\" alt=\"\" class=\"wp-image-245509\" srcset=\"https:\/\/www.monaco-tribune.com\/wp-content\/uploads\/2024\/08\/cathedrale-monaco-1024x683.jpg 1024w, https:\/\/www.monaco-tribune.com\/wp-content\/uploads\/2024\/08\/cathedrale-monaco-450x300.jpg 450w, https:\/\/www.monaco-tribune.com\/wp-content\/uploads\/2024\/08\/cathedrale-monaco.jpg 1200w\" sizes=\"auto, (max-width: 1024px) 100vw, 1024px\" \/><figcaption class=\"wp-element-caption\"><em> \u00a9 Monaco Tribune<\/em><\/figcaption><\/figure>\n<\/div>\n<p><strong>Venerd\u00ec Santo \u2013 18 aprile<\/strong><br\/>Cattedrale: 15.00 Passione, 20.30 Processione del Cristo Morto<br\/>Saint-Nicolas: 17.00 Via Crucis, 18.30 Passione<br\/>Saint-Charles: 15.00 Via Crucis, 18.30 Liturgia della Passione<br\/>Sainte-D\u00e9vote: 17.00 Via Crucis, 19.00 Passione<br\/>Saint-Martin: 15.00 Via Crucis<br\/>Sacr\u00e9-C\u0153ur: 18.30 Passione<br\/>Carmes: 11.00 Via Crucis, 18.30 Passione<br\/>\u00c9glise de l\u2019H\u00f4pital: 15.00 Via Crucis e Passione<\/p>\n\n<p><strong>Sabato Santo \u2013 19 aprile<\/strong><br\/>Cattedrale: 21.00 Veglia pasquale<br\/>Saint-Nicolas: 9.30 Ufficio delle Tenebre, 20.30 Veglia<br\/>Saint-Charles: 20.30 Veglia<br\/>Sainte-D\u00e9vote: 21.00 Veglia<br\/>Sacr\u00e9-C\u0153ur: 21.00 Grande Veglia pasquale<br\/>Carmes: 18.00 Veglia di preghiera<\/p>\n\n<p><strong>Domenica di Pasqua \u2013 20 aprile<\/strong><br\/>Cattedrale: 8.30 Messa, 10.30 Messa solenne<br\/>Saint-Nicolas: 10.30 e 18.00 Messa<br\/>Saint-Charles: 8.30 (in portoghese), 10.00, 12.30, 18.30 Messa<br\/>Sainte-D\u00e9vote: 9.00, 10.30, 11.45 (in italiano), 18.00, 19.30 Messa<br\/>Saint-Martin: 9.15 Messa<br\/>Sacr\u00e9-C\u0153ur: 8.15, 10.30 Messa cantata<br\/>Carmes: 9.00, 10.00, 11.00, 12.00, 18.00 Messa<br\/>\u00c9glise de l\u2019H\u00f4pital: 9.30 Messa<br\/>Centro Rainier III: 10.45 Messa<br\/>Residenza A Qui\u00e9tudine: 16.00 Messa<\/p>\n\n<p class=\"related\"><a href=\"https:\/\/www.monaco-tribune.com\/it\/2025\/03\/will-smith-santana-scorpions-quali-leggende-animeranno-il-monte-carlo-summer-festival-2025\/\">Will Smith, Santana, Scorpions\u2026 Quali leggende animeranno il Monte-Carlo Summer Festival 2025?<\/a><\/p>\n\n<p><\/p>\n","protected":false},"excerpt":{"rendered":"<p>La magia della Pasqua si prepara a invadere ogni angolo del Principato: tra attivit\u00e0 per famiglie, men\u00f9 speciali, dolci golosi [&hellip;]<\/p>\n","protected":false},"author":80,"featured_media":286951,"comment_status":"closed","ping_status":"closed","sticky":false,"template":"","format":"standard","meta":{"_acf_changed":false,"footnotes":""},"categories":[1740,1738],"tags":[2890],"post_sectags":[3716],"post_format":[2477],"class_list":["post-287301","post","type-post","status-publish","format-standard","has-post-thumbnail","hentry","category-cosa-fare","category-notizie","tag-eventi","sectag-pasqua","format-info-pratiche"],"acf":[],"yoast_head":"<!-- This site is optimized with the Yoast SEO Premium plugin v26.8 (Yoast SEO v27.4) - https:\/\/yoast.com\/product\/yoast-seo-premium-wordpress\/ -->\n<title>Pasqua a Monaco: eventi, cioccolato e appuntamenti da non perdere<\/title>\n<meta name=\"description\" content=\"La magia della Pasqua si prepara a invadere ogni angolo del Principato: tra attivit\u00e0 per famiglie, men\u00f9 speciali, dolci golosi e celebrazioni religiose,\" \/>\n<meta name=\"robots\" content=\"index, follow, max-snippet:-1, max-image-preview:large, max-video-preview:-1\" \/>\n<link rel=\"canonical\" href=\"https:\/\/www.monaco-tribune.com\/it\/2025\/04\/pasqua-a-monaco-eventi-cioccolato-e-appuntamenti-da-non-perdere\/\" \/>\n<meta property=\"og:locale\" content=\"it_IT\" \/>\n<meta property=\"og:type\" content=\"article\" \/>\n<meta property=\"og:title\" content=\"Pasqua a Monaco: eventi, cioccolato e appuntamenti da non perdere - Monaco Tribune\" \/>\n<meta property=\"og:description\" content=\"La magia della Pasqua si prepara a invadere ogni angolo del Principato: tra attivit\u00e0 per famiglie, men\u00f9 speciali, dolci golosi e celebrazioni religiose,\" \/>\n<meta property=\"og:url\" content=\"https:\/\/www.monaco-tribune.com\/it\/2025\/04\/pasqua-a-monaco-eventi-cioccolato-e-appuntamenti-da-non-perdere\/\" \/>\n<meta property=\"og:site_name\" content=\"Monaco Tribune\" \/>\n<meta property=\"article:publisher\" content=\"https:\/\/www.facebook.com\/MonacoTribune\" \/>\n<meta property=\"article:published_time\" content=\"2025-04-16T14:10:14+00:00\" \/>\n<meta property=\"article:modified_time\" content=\"2025-04-16T14:10:24+00:00\" \/>\n<meta property=\"og:image\" content=\"https:\/\/www.monaco-tribune.com\/wp-content\/uploads\/2025\/04\/oeufs-de-paques-unsplash-compressed-e1681203651880.jpg\" \/>\n\t<meta property=\"og:image:width\" content=\"1200\" \/>\n\t<meta property=\"og:image:height\" content=\"666\" \/>\n\t<meta property=\"og:image:type\" content=\"image\/jpeg\" \/>\n<meta name=\"author\" content=\"Estelle Imbert\" \/>\n<meta name=\"twitter:card\" content=\"summary_large_image\" \/>\n<meta name=\"twitter:creator\" content=\"@MonacoTribune\" \/>\n<meta name=\"twitter:site\" content=\"@MonacoTribune\" \/>\n<script type=\"application\/ld+json\" class=\"yoast-schema-graph\">{\"@context\":\"https:\\\/\\\/schema.org\",\"@graph\":[{\"@type\":\"NewsArticle\",\"@id\":\"https:\\\/\\\/www.monaco-tribune.com\\\/it\\\/2025\\\/04\\\/pasqua-a-monaco-eventi-cioccolato-e-appuntamenti-da-non-perdere\\\/#article\",\"isPartOf\":{\"@id\":\"https:\\\/\\\/www.monaco-tribune.com\\\/it\\\/2025\\\/04\\\/pasqua-a-monaco-eventi-cioccolato-e-appuntamenti-da-non-perdere\\\/\"},\"author\":{\"name\":\"Estelle Imbert\",\"@id\":\"https:\\\/\\\/www.monaco-tribune.com\\\/it\\\/#\\\/schema\\\/person\\\/55ce91a070ff78e15ec1817376669bf4\"},\"headline\":\"Pasqua a Monaco: eventi, cioccolato e appuntamenti da non perdere\",\"datePublished\":\"2025-04-16T14:10:14+00:00\",\"dateModified\":\"2025-04-16T14:10:24+00:00\",\"mainEntityOfPage\":{\"@id\":\"https:\\\/\\\/www.monaco-tribune.com\\\/it\\\/2025\\\/04\\\/pasqua-a-monaco-eventi-cioccolato-e-appuntamenti-da-non-perdere\\\/\"},\"wordCount\":848,\"publisher\":{\"@id\":\"https:\\\/\\\/www.monaco-tribune.com\\\/it\\\/#organization\"},\"image\":{\"@id\":\"https:\\\/\\\/www.monaco-tribune.com\\\/it\\\/2025\\\/04\\\/pasqua-a-monaco-eventi-cioccolato-e-appuntamenti-da-non-perdere\\\/#primaryimage\"},\"thumbnailUrl\":\"https:\\\/\\\/www.monaco-tribune.com\\\/wp-content\\\/uploads\\\/2025\\\/04\\\/oeufs-de-paques-unsplash-compressed-e1681203651880.jpg\",\"keywords\":[\"Eventi\"],\"articleSection\":[\"Cosa fare\",\"Notizie\"],\"inLanguage\":\"it-IT\",\"copyrightYear\":\"2025\",\"copyrightHolder\":{\"@id\":\"https:\\\/\\\/www.monaco-tribune.com\\\/#organization\"}},{\"@type\":\"WebPage\",\"@id\":\"https:\\\/\\\/www.monaco-tribune.com\\\/it\\\/2025\\\/04\\\/pasqua-a-monaco-eventi-cioccolato-e-appuntamenti-da-non-perdere\\\/\",\"url\":\"https:\\\/\\\/www.monaco-tribune.com\\\/it\\\/2025\\\/04\\\/pasqua-a-monaco-eventi-cioccolato-e-appuntamenti-da-non-perdere\\\/\",\"name\":\"Pasqua a Monaco: eventi, cioccolato e appuntamenti da non perdere\",\"isPartOf\":{\"@id\":\"https:\\\/\\\/www.monaco-tribune.com\\\/it\\\/#website\"},\"primaryImageOfPage\":{\"@id\":\"https:\\\/\\\/www.monaco-tribune.com\\\/it\\\/2025\\\/04\\\/pasqua-a-monaco-eventi-cioccolato-e-appuntamenti-da-non-perdere\\\/#primaryimage\"},\"image\":{\"@id\":\"https:\\\/\\\/www.monaco-tribune.com\\\/it\\\/2025\\\/04\\\/pasqua-a-monaco-eventi-cioccolato-e-appuntamenti-da-non-perdere\\\/#primaryimage\"},\"thumbnailUrl\":\"https:\\\/\\\/www.monaco-tribune.com\\\/wp-content\\\/uploads\\\/2025\\\/04\\\/oeufs-de-paques-unsplash-compressed-e1681203651880.jpg\",\"datePublished\":\"2025-04-16T14:10:14+00:00\",\"dateModified\":\"2025-04-16T14:10:24+00:00\",\"description\":\"La magia della Pasqua si prepara a invadere ogni angolo del Principato: tra attivit\u00e0 per famiglie, men\u00f9 speciali, dolci golosi e celebrazioni religiose,\",\"breadcrumb\":{\"@id\":\"https:\\\/\\\/www.monaco-tribune.com\\\/it\\\/2025\\\/04\\\/pasqua-a-monaco-eventi-cioccolato-e-appuntamenti-da-non-perdere\\\/#breadcrumb\"},\"inLanguage\":\"it-IT\",\"potentialAction\":[{\"@type\":\"ReadAction\",\"target\":[\"https:\\\/\\\/www.monaco-tribune.com\\\/it\\\/2025\\\/04\\\/pasqua-a-monaco-eventi-cioccolato-e-appuntamenti-da-non-perdere\\\/\"]}]},{\"@type\":\"ImageObject\",\"inLanguage\":\"it-IT\",\"@id\":\"https:\\\/\\\/www.monaco-tribune.com\\\/it\\\/2025\\\/04\\\/pasqua-a-monaco-eventi-cioccolato-e-appuntamenti-da-non-perdere\\\/#primaryimage\",\"url\":\"https:\\\/\\\/www.monaco-tribune.com\\\/wp-content\\\/uploads\\\/2025\\\/04\\\/oeufs-de-paques-unsplash-compressed-e1681203651880.jpg\",\"contentUrl\":\"https:\\\/\\\/www.monaco-tribune.com\\\/wp-content\\\/uploads\\\/2025\\\/04\\\/oeufs-de-paques-unsplash-compressed-e1681203651880.jpg\",\"width\":1200,\"height\":666,\"caption\":\"\u00a9 Unsplash\"},{\"@type\":\"BreadcrumbList\",\"@id\":\"https:\\\/\\\/www.monaco-tribune.com\\\/it\\\/2025\\\/04\\\/pasqua-a-monaco-eventi-cioccolato-e-appuntamenti-da-non-perdere\\\/#breadcrumb\",\"itemListElement\":[{\"@type\":\"ListItem\",\"position\":1,\"name\":\"Accueil\",\"item\":\"https:\\\/\\\/www.monaco-tribune.com\\\/it\\\/\"},{\"@type\":\"ListItem\",\"position\":2,\"name\":\"Pasqua a Monaco: eventi, cioccolato e appuntamenti da non perdere\"}]},{\"@type\":\"WebSite\",\"@id\":\"https:\\\/\\\/www.monaco-tribune.com\\\/it\\\/#website\",\"url\":\"https:\\\/\\\/www.monaco-tribune.com\\\/it\\\/\",\"name\":\"Monaco Tribune\",\"description\":\"Monaco : actualit\u00e9s \u00e9conomiques, politiques, culturelles et sportives de Monaco et de la French Riviera.\",\"publisher\":{\"@id\":\"https:\\\/\\\/www.monaco-tribune.com\\\/it\\\/#organization\"},\"potentialAction\":[{\"@type\":\"SearchAction\",\"target\":{\"@type\":\"EntryPoint\",\"urlTemplate\":\"https:\\\/\\\/www.monaco-tribune.com\\\/it\\\/?s={search_term_string}\"},\"query-input\":{\"@type\":\"PropertyValueSpecification\",\"valueRequired\":true,\"valueName\":\"search_term_string\"}}],\"inLanguage\":\"it-IT\"},{\"@type\":\"Organization\",\"@id\":\"https:\\\/\\\/www.monaco-tribune.com\\\/it\\\/#organization\",\"name\":\"Monaco Tribune\",\"url\":\"https:\\\/\\\/www.monaco-tribune.com\\\/it\\\/\",\"logo\":{\"@type\":\"ImageObject\",\"inLanguage\":\"it-IT\",\"@id\":\"https:\\\/\\\/www.monaco-tribune.com\\\/it\\\/#\\\/schema\\\/logo\\\/image\\\/\",\"url\":\"https:\\\/\\\/www.monaco-tribune.com\\\/wp-content\\\/uploads\\\/2022\\\/11\\\/logo-monaco-tribune.png\",\"contentUrl\":\"https:\\\/\\\/www.monaco-tribune.com\\\/wp-content\\\/uploads\\\/2022\\\/11\\\/logo-monaco-tribune.png\",\"width\":1548,\"height\":600,\"caption\":\"Monaco Tribune\"},\"image\":{\"@id\":\"https:\\\/\\\/www.monaco-tribune.com\\\/it\\\/#\\\/schema\\\/logo\\\/image\\\/\"},\"sameAs\":[\"https:\\\/\\\/www.facebook.com\\\/MonacoTribune\",\"https:\\\/\\\/x.com\\\/MonacoTribune\",\"https:\\\/\\\/www.instagram.com\\\/monacotribune\\\/\",\"https:\\\/\\\/www.linkedin.com\\\/company\\\/monaco-tribune\",\"https:\\\/\\\/www.youtube.com\\\/channel\\\/UCHle1MnG6hw1y4lWKijVbMA\"]},{\"@type\":\"Person\",\"@id\":\"https:\\\/\\\/www.monaco-tribune.com\\\/it\\\/#\\\/schema\\\/person\\\/55ce91a070ff78e15ec1817376669bf4\",\"name\":\"Estelle Imbert\",\"image\":{\"@type\":\"ImageObject\",\"inLanguage\":\"it-IT\",\"@id\":\"https:\\\/\\\/secure.gravatar.com\\\/avatar\\\/d2e1a3840b1138a669d04f6292bbd810f7f730844d7a28a8e8c4c6da40e79852?s=96&d=mm&r=g\",\"url\":\"https:\\\/\\\/secure.gravatar.com\\\/avatar\\\/d2e1a3840b1138a669d04f6292bbd810f7f730844d7a28a8e8c4c6da40e79852?s=96&d=mm&r=g\",\"contentUrl\":\"https:\\\/\\\/secure.gravatar.com\\\/avatar\\\/d2e1a3840b1138a669d04f6292bbd810f7f730844d7a28a8e8c4c6da40e79852?s=96&d=mm&r=g\",\"caption\":\"Estelle Imbert\"},\"url\":\"https:\\\/\\\/www.monaco-tribune.com\\\/it\\\/author\\\/estelleimbert\\\/\"}]}<\/script>\n<!-- \/ Yoast SEO Premium plugin. -->","yoast_head_json":{"title":"Pasqua a Monaco: eventi, cioccolato e appuntamenti da non perdere","description":"La magia della Pasqua si prepara a invadere ogni angolo del Principato: tra attivit\u00e0 per famiglie, men\u00f9 speciali, dolci golosi e celebrazioni religiose,","robots":{"index":"index","follow":"follow","max-snippet":"max-snippet:-1","max-image-preview":"max-image-preview:large","max-video-preview":"max-video-preview:-1"},"canonical":"https:\/\/www.monaco-tribune.com\/it\/2025\/04\/pasqua-a-monaco-eventi-cioccolato-e-appuntamenti-da-non-perdere\/","og_locale":"it_IT","og_type":"article","og_title":"Pasqua a Monaco: eventi, cioccolato e appuntamenti da non perdere - Monaco Tribune","og_description":"La magia della Pasqua si prepara a invadere ogni angolo del Principato: tra attivit\u00e0 per famiglie, men\u00f9 speciali, dolci golosi e celebrazioni religiose,","og_url":"https:\/\/www.monaco-tribune.com\/it\/2025\/04\/pasqua-a-monaco-eventi-cioccolato-e-appuntamenti-da-non-perdere\/","og_site_name":"Monaco Tribune","article_publisher":"https:\/\/www.facebook.com\/MonacoTribune","article_published_time":"2025-04-16T14:10:14+00:00","article_modified_time":"2025-04-16T14:10:24+00:00","og_image":[{"width":1200,"height":666,"url":"https:\/\/www.monaco-tribune.com\/wp-content\/uploads\/2025\/04\/oeufs-de-paques-unsplash-compressed-e1681203651880.jpg","type":"image\/jpeg"}],"author":"Estelle Imbert","twitter_card":"summary_large_image","twitter_creator":"@MonacoTribune","twitter_site":"@MonacoTribune","schema":{"@context":"https:\/\/schema.org","@graph":[{"@type":"NewsArticle","@id":"https:\/\/www.monaco-tribune.com\/it\/2025\/04\/pasqua-a-monaco-eventi-cioccolato-e-appuntamenti-da-non-perdere\/#article","isPartOf":{"@id":"https:\/\/www.monaco-tribune.com\/it\/2025\/04\/pasqua-a-monaco-eventi-cioccolato-e-appuntamenti-da-non-perdere\/"},"author":{"name":"Estelle Imbert","@id":"https:\/\/www.monaco-tribune.com\/it\/#\/schema\/person\/55ce91a070ff78e15ec1817376669bf4"},"headline":"Pasqua a Monaco: eventi, cioccolato e appuntamenti da non perdere","datePublished":"2025-04-16T14:10:14+00:00","dateModified":"2025-04-16T14:10:24+00:00","mainEntityOfPage":{"@id":"https:\/\/www.monaco-tribune.com\/it\/2025\/04\/pasqua-a-monaco-eventi-cioccolato-e-appuntamenti-da-non-perdere\/"},"wordCount":848,"publisher":{"@id":"https:\/\/www.monaco-tribune.com\/it\/#organization"},"image":{"@id":"https:\/\/www.monaco-tribune.com\/it\/2025\/04\/pasqua-a-monaco-eventi-cioccolato-e-appuntamenti-da-non-perdere\/#primaryimage"},"thumbnailUrl":"https:\/\/www.monaco-tribune.com\/wp-content\/uploads\/2025\/04\/oeufs-de-paques-unsplash-compressed-e1681203651880.jpg","keywords":["Eventi"],"articleSection":["Cosa fare","Notizie"],"inLanguage":"it-IT","copyrightYear":"2025","copyrightHolder":{"@id":"https:\/\/www.monaco-tribune.com\/#organization"}},{"@type":"WebPage","@id":"https:\/\/www.monaco-tribune.com\/it\/2025\/04\/pasqua-a-monaco-eventi-cioccolato-e-appuntamenti-da-non-perdere\/","url":"https:\/\/www.monaco-tribune.com\/it\/2025\/04\/pasqua-a-monaco-eventi-cioccolato-e-appuntamenti-da-non-perdere\/","name":"Pasqua a Monaco: eventi, cioccolato e appuntamenti da non perdere","isPartOf":{"@id":"https:\/\/www.monaco-tribune.com\/it\/#website"},"primaryImageOfPage":{"@id":"https:\/\/www.monaco-tribune.com\/it\/2025\/04\/pasqua-a-monaco-eventi-cioccolato-e-appuntamenti-da-non-perdere\/#primaryimage"},"image":{"@id":"https:\/\/www.monaco-tribune.com\/it\/2025\/04\/pasqua-a-monaco-eventi-cioccolato-e-appuntamenti-da-non-perdere\/#primaryimage"},"thumbnailUrl":"https:\/\/www.monaco-tribune.com\/wp-content\/uploads\/2025\/04\/oeufs-de-paques-unsplash-compressed-e1681203651880.jpg","datePublished":"2025-04-16T14:10:14+00:00","dateModified":"2025-04-16T14:10:24+00:00","description":"La magia della Pasqua si prepara a invadere ogni angolo del Principato: tra attivit\u00e0 per famiglie, men\u00f9 speciali, dolci golosi e celebrazioni religiose,","breadcrumb":{"@id":"https:\/\/www.monaco-tribune.com\/it\/2025\/04\/pasqua-a-monaco-eventi-cioccolato-e-appuntamenti-da-non-perdere\/#breadcrumb"},"inLanguage":"it-IT","potentialAction":[{"@type":"ReadAction","target":["https:\/\/www.monaco-tribune.com\/it\/2025\/04\/pasqua-a-monaco-eventi-cioccolato-e-appuntamenti-da-non-perdere\/"]}]},{"@type":"ImageObject","inLanguage":"it-IT","@id":"https:\/\/www.monaco-tribune.com\/it\/2025\/04\/pasqua-a-monaco-eventi-cioccolato-e-appuntamenti-da-non-perdere\/#primaryimage","url":"https:\/\/www.monaco-tribune.com\/wp-content\/uploads\/2025\/04\/oeufs-de-paques-unsplash-compressed-e1681203651880.jpg","contentUrl":"https:\/\/www.monaco-tribune.com\/wp-content\/uploads\/2025\/04\/oeufs-de-paques-unsplash-compressed-e1681203651880.jpg","width":1200,"height":666,"caption":"\u00a9 Unsplash"},{"@type":"BreadcrumbList","@id":"https:\/\/www.monaco-tribune.com\/it\/2025\/04\/pasqua-a-monaco-eventi-cioccolato-e-appuntamenti-da-non-perdere\/#breadcrumb","itemListElement":[{"@type":"ListItem","position":1,"name":"Accueil","item":"https:\/\/www.monaco-tribune.com\/it\/"},{"@type":"ListItem","position":2,"name":"Pasqua a Monaco: eventi, cioccolato e appuntamenti da non perdere"}]},{"@type":"WebSite","@id":"https:\/\/www.monaco-tribune.com\/it\/#website","url":"https:\/\/www.monaco-tribune.com\/it\/","name":"Monaco Tribune","description":"Monaco : actualit\u00e9s \u00e9conomiques, politiques, culturelles et sportives de Monaco et de la French Riviera.","publisher":{"@id":"https:\/\/www.monaco-tribune.com\/it\/#organization"},"potentialAction":[{"@type":"SearchAction","target":{"@type":"EntryPoint","urlTemplate":"https:\/\/www.monaco-tribune.com\/it\/?s={search_term_string}"},"query-input":{"@type":"PropertyValueSpecification","valueRequired":true,"valueName":"search_term_string"}}],"inLanguage":"it-IT"},{"@type":"Organization","@id":"https:\/\/www.monaco-tribune.com\/it\/#organization","name":"Monaco Tribune","url":"https:\/\/www.monaco-tribune.com\/it\/","logo":{"@type":"ImageObject","inLanguage":"it-IT","@id":"https:\/\/www.monaco-tribune.com\/it\/#\/schema\/logo\/image\/","url":"https:\/\/www.monaco-tribune.com\/wp-content\/uploads\/2022\/11\/logo-monaco-tribune.png","contentUrl":"https:\/\/www.monaco-tribune.com\/wp-content\/uploads\/2022\/11\/logo-monaco-tribune.png","width":1548,"height":600,"caption":"Monaco Tribune"},"image":{"@id":"https:\/\/www.monaco-tribune.com\/it\/#\/schema\/logo\/image\/"},"sameAs":["https:\/\/www.facebook.com\/MonacoTribune","https:\/\/x.com\/MonacoTribune","https:\/\/www.instagram.com\/monacotribune\/","https:\/\/www.linkedin.com\/company\/monaco-tribune","https:\/\/www.youtube.com\/channel\/UCHle1MnG6hw1y4lWKijVbMA"]},{"@type":"Person","@id":"https:\/\/www.monaco-tribune.com\/it\/#\/schema\/person\/55ce91a070ff78e15ec1817376669bf4","name":"Estelle Imbert","image":{"@type":"ImageObject","inLanguage":"it-IT","@id":"https:\/\/secure.gravatar.com\/avatar\/d2e1a3840b1138a669d04f6292bbd810f7f730844d7a28a8e8c4c6da40e79852?s=96&d=mm&r=g","url":"https:\/\/secure.gravatar.com\/avatar\/d2e1a3840b1138a669d04f6292bbd810f7f730844d7a28a8e8c4c6da40e79852?s=96&d=mm&r=g","contentUrl":"https:\/\/secure.gravatar.com\/avatar\/d2e1a3840b1138a669d04f6292bbd810f7f730844d7a28a8e8c4c6da40e79852?s=96&d=mm&r=g","caption":"Estelle Imbert"},"url":"https:\/\/www.monaco-tribune.com\/it\/author\/estelleimbert\/"}]}},"_links":{"self":[{"href":"https:\/\/www.monaco-tribune.com\/it\/wp-json\/wp\/v2\/posts\/287301","targetHints":{"allow":["GET"]}}],"collection":[{"href":"https:\/\/www.monaco-tribune.com\/it\/wp-json\/wp\/v2\/posts"}],"about":[{"href":"https:\/\/www.monaco-tribune.com\/it\/wp-json\/wp\/v2\/types\/post"}],"author":[{"embeddable":true,"href":"https:\/\/www.monaco-tribune.com\/it\/wp-json\/wp\/v2\/users\/80"}],"replies":[{"embeddable":true,"href":"https:\/\/www.monaco-tribune.com\/it\/wp-json\/wp\/v2\/comments?post=287301"}],"version-history":[{"count":2,"href":"https:\/\/www.monaco-tribune.com\/it\/wp-json\/wp\/v2\/posts\/287301\/revisions"}],"predecessor-version":[{"id":287304,"href":"https:\/\/www.monaco-tribune.com\/it\/wp-json\/wp\/v2\/posts\/287301\/revisions\/287304"}],"wp:featuredmedia":[{"embeddable":true,"href":"https:\/\/www.monaco-tribune.com\/it\/wp-json\/wp\/v2\/media\/286951"}],"wp:attachment":[{"href":"https:\/\/www.monaco-tribune.com\/it\/wp-json\/wp\/v2\/media?parent=287301"}],"wp:term":[{"taxonomy":"category","embeddable":true,"href":"https:\/\/www.monaco-tribune.com\/it\/wp-json\/wp\/v2\/categories?post=287301"},{"taxonomy":"post_tag","embeddable":true,"href":"https:\/\/www.monaco-tribune.com\/it\/wp-json\/wp\/v2\/tags?post=287301"},{"taxonomy":"sectag","embeddable":true,"href":"https:\/\/www.monaco-tribune.com\/it\/wp-json\/wp\/v2\/post_sectags?post=287301"},{"taxonomy":"format","embeddable":true,"href":"https:\/\/www.monaco-tribune.com\/it\/wp-json\/wp\/v2\/post_format?post=287301"}],"curies":[{"name":"wp","href":"https:\/\/api.w.org\/{rel}","templated":true}]}}