{"id":287675,"date":"2025-04-18T16:07:16","date_gmt":"2025-04-18T14:07:16","guid":{"rendered":"https:\/\/www.monaco-tribune.com\/2025\/04\/cedric-grolet-arriva-a-monaco-una-nuova-pasticceria-allhotel-de-paris\/"},"modified":"2025-04-18T16:10:39","modified_gmt":"2025-04-18T14:10:39","slug":"cedric-grolet-arriva-a-monaco-una-nuova-pasticceria-allhotel-de-paris","status":"publish","type":"post","link":"https:\/\/www.monaco-tribune.com\/it\/2025\/04\/cedric-grolet-arriva-a-monaco-una-nuova-pasticceria-allhotel-de-paris\/","title":{"rendered":"C\u00e9dric Grolet arriva a Monaco: una nuova pasticceria all\u2019H\u00f4tel de Paris"},"content":{"rendered":"\n<p><strong>Il leggendario <em>palace<\/em> monegasco accoglie il pasticcere pi\u00f9 celebre al mondo per una collaborazione che promette di conquistare anche i palati pi\u00f9 esigenti.<\/strong><\/p>\n\n\n\n<p>Non \u00e8 pi\u00f9 un segreto: dall\u2019estate 2025, C\u00e9dric Grolet sar\u00e0 lo <em>Chef P\u00e2tissier Ex\u00e9cutif dell\u2019H\u00f4tel<\/em> de Paris Monte-Carlo. Eletto \u201cMiglior Chef Pasticcere del Mondo\u201d nella prestigiosa classifica <em>50 Best<\/em> nel 2018, questo talento della pasticceria contemporanea porter\u00e0 il suo universo creativo nella quotidianit\u00e0 del Principato con l\u2019apertura di un nuovo indirizzo: C\u00e9dric Grolet Monte-Carlo.<\/p>\n\n\n\n<h2 class=\"wp-block-heading\" id=\"h-un-esperienza-golosa-dal-mattino-alla-sera\">Un\u2019esperienza golosa, dal mattino alla sera<\/h2>\n\n\n\n<p>Nel patio dell\u2019H\u00f4tel de Paris, la nuova sala da t\u00e8 sar\u00e0 un ambiente intimo e accogliente, pensato per offrire una proposta completa lungo tutta la giornata. Dalla colazione, con creazioni sia dolci, a base di frutta, che salate, al pranzo informale, fino a un tea time d\u2019eccezione, dove le protagoniste saranno le sue iconiche creazioni: Fleur Citron, Mangue, Fleur Vanille, Diamant Framboise, Cacahu\u00e8te\u2026 e naturalmente nuove proposte esclusive pensate appositamente per Monaco.<\/p>\n\n\n\n<figure class=\"wp-block-gallery has-nested-images columns-default is-cropped wp-block-gallery-1 is-layout-flex wp-block-gallery-is-layout-flex\">\n<figure class=\"wp-block-image size-large\"><img loading=\"lazy\" decoding=\"async\" width=\"683\" height=\"1024\" data-id=\"287626\" src=\"https:\/\/www.monaco-tribune.com\/wp-content\/uploads\/2025\/04\/croissant-2-@calvin-courjon-683x1024.jpg\" alt=\"\" class=\"wp-image-287626\" srcset=\"https:\/\/www.monaco-tribune.com\/wp-content\/uploads\/2025\/04\/croissant-2-@calvin-courjon-683x1024.jpg 683w, https:\/\/www.monaco-tribune.com\/wp-content\/uploads\/2025\/04\/croissant-2-@calvin-courjon-200x300.jpg 200w, https:\/\/www.monaco-tribune.com\/wp-content\/uploads\/2025\/04\/croissant-2-@calvin-courjon.jpg 1200w\" sizes=\"auto, (max-width: 683px) 100vw, 683px\" \/><figcaption class=\"wp-element-caption\">\u00a9 Mai\u0308a Cha\u0308<\/figcaption><\/figure>\n\n\n\n<figure class=\"wp-block-image size-large\"><img loading=\"lazy\" decoding=\"async\" width=\"683\" height=\"1024\" data-id=\"287630\" src=\"https:\/\/www.monaco-tribune.com\/wp-content\/uploads\/2025\/04\/fleur-vaniile-@maiacha-683x1024.jpg\" alt=\"\" class=\"wp-image-287630\" srcset=\"https:\/\/www.monaco-tribune.com\/wp-content\/uploads\/2025\/04\/fleur-vaniile-@maiacha-683x1024.jpg 683w, https:\/\/www.monaco-tribune.com\/wp-content\/uploads\/2025\/04\/fleur-vaniile-@maiacha-200x300.jpg 200w, https:\/\/www.monaco-tribune.com\/wp-content\/uploads\/2025\/04\/fleur-vaniile-@maiacha.jpg 1200w\" sizes=\"auto, (max-width: 683px) 100vw, 683px\" \/><figcaption class=\"wp-element-caption\">\u00a9 Mai\u0308a Cha\u0308<\/figcaption><\/figure>\n<\/figure>\n\n\n\n<h2 class=\"wp-block-heading\" id=\"h-un-omaggio-al-principe\">Un omaggio al Principe<\/h2>\n\n\n\n<p>Per celebrare il suo arrivo nel Principato, C\u00e9dric Grolet realizzer\u00e0 un dolce esclusivo dedicato al Principe Alberto II, che sar\u00e0 svelato in occasione dell\u2019apertura estiva della sala da t\u00e8 e del negozio adiacente.<\/p>\n\n\n\n<p>&#8220;Il Principato incarna un\u2019idea di qualit\u00e0 e rigore che ritrovo nel mio lavoro quotidiano&#8221;, confida C\u00e9dric Grolet, per il quale questa collaborazione rappresenta &#8220;la ricompensa di venticinque anni di impegno&#8221;.<\/p>\n\n\n\n<p>Questa unione tra il Resort pi\u00f9 stellato al mondo e il pasticcere da 11 milioni di follower su Instagram rafforza la posizione di Monte-Carlo come destinazione di riferimento per<em> l&#8217;Art de Vivre<\/em> e l\u2019alta gastronomia. Un nuovo passo per lo chef che, dopo Parigi, Londra, Saint-Tropez e Singapore, continua a espandere il suo universo artistico fatto di frutti trompe-l\u2019\u0153il e creazioni floreali che hanno rivoluzionato l\u2019arte dolciaria contemporanea.<\/p>\n","protected":false},"excerpt":{"rendered":"<p>Il leggendario palace monegasco accoglie il pasticcere pi\u00f9 celebre al mondo per una collaborazione che promette di conquistare anche i [&hellip;]<\/p>\n","protected":false},"author":21,"featured_media":287624,"comment_status":"closed","ping_status":"closed","sticky":false,"template":"","format":"standard","meta":{"_acf_changed":false,"footnotes":""},"categories":[1740,1738],"tags":[5412],"post_sectags":[],"post_format":[2478],"class_list":["post-287675","post","type-post","status-publish","format-standard","has-post-thumbnail","hentry","category-cosa-fare","category-notizie","tag-ristorazione","format-notizia"],"acf":[],"yoast_head":"<!-- This site is optimized with the Yoast SEO Premium plugin v26.8 (Yoast SEO v27.4) - https:\/\/yoast.com\/product\/yoast-seo-premium-wordpress\/ -->\n<title>C\u00e9dric Grolet arriva a Monaco: una nuova pasticceria all\u2019H\u00f4tel de Paris<\/title>\n<meta name=\"description\" content=\"Il leggendario palace monegasco accoglie il pasticcere pi\u00f9 celebre al mondo per una collaborazione che promette di conquistare anche i palati pi\u00f9\" \/>\n<meta name=\"robots\" content=\"index, follow, max-snippet:-1, max-image-preview:large, max-video-preview:-1\" \/>\n<link rel=\"canonical\" href=\"https:\/\/www.monaco-tribune.com\/it\/2025\/04\/cedric-grolet-arriva-a-monaco-una-nuova-pasticceria-allhotel-de-paris\/\" \/>\n<meta property=\"og:locale\" content=\"it_IT\" \/>\n<meta property=\"og:type\" content=\"article\" \/>\n<meta property=\"og:title\" content=\"C\u00e9dric Grolet arriva a Monaco: una nuova pasticceria all\u2019H\u00f4tel de Paris - Monaco Tribune\" \/>\n<meta property=\"og:description\" content=\"Il leggendario palace monegasco accoglie il pasticcere pi\u00f9 celebre al mondo per una collaborazione che promette di conquistare anche i palati pi\u00f9\" \/>\n<meta property=\"og:url\" content=\"https:\/\/www.monaco-tribune.com\/it\/2025\/04\/cedric-grolet-arriva-a-monaco-una-nuova-pasticceria-allhotel-de-paris\/\" \/>\n<meta property=\"og:site_name\" content=\"Monaco Tribune\" \/>\n<meta property=\"article:publisher\" content=\"https:\/\/www.facebook.com\/MonacoTribune\" \/>\n<meta property=\"article:published_time\" content=\"2025-04-18T14:07:16+00:00\" \/>\n<meta property=\"article:modified_time\" content=\"2025-04-18T14:10:39+00:00\" \/>\n<meta property=\"og:image\" content=\"https:\/\/www.monaco-tribune.com\/wp-content\/uploads\/2025\/04\/cedric-grolet-monte-carlo-cmaiachajpg-3.jpg\" \/>\n\t<meta property=\"og:image:width\" content=\"1200\" \/>\n\t<meta property=\"og:image:height\" content=\"800\" \/>\n\t<meta property=\"og:image:type\" content=\"image\/jpeg\" \/>\n<meta name=\"author\" content=\"Monaco Tribune\" \/>\n<meta name=\"twitter:card\" content=\"summary_large_image\" \/>\n<meta name=\"twitter:creator\" content=\"@MonacoTribune\" \/>\n<meta name=\"twitter:site\" content=\"@MonacoTribune\" \/>\n<script type=\"application\/ld+json\" class=\"yoast-schema-graph\">{\"@context\":\"https:\\\/\\\/schema.org\",\"@graph\":[{\"@type\":\"NewsArticle\",\"@id\":\"https:\\\/\\\/www.monaco-tribune.com\\\/it\\\/2025\\\/04\\\/cedric-grolet-arriva-a-monaco-una-nuova-pasticceria-allhotel-de-paris\\\/#article\",\"isPartOf\":{\"@id\":\"https:\\\/\\\/www.monaco-tribune.com\\\/it\\\/2025\\\/04\\\/cedric-grolet-arriva-a-monaco-una-nuova-pasticceria-allhotel-de-paris\\\/\"},\"author\":{\"name\":\"Monaco Tribune\",\"@id\":\"https:\\\/\\\/www.monaco-tribune.com\\\/it\\\/#\\\/schema\\\/person\\\/8f6ed8c063276e2397589eda5b7a2f2d\"},\"headline\":\"C\u00e9dric Grolet arriva a Monaco: una nuova pasticceria all\u2019H\u00f4tel de Paris\",\"datePublished\":\"2025-04-18T14:07:16+00:00\",\"dateModified\":\"2025-04-18T14:10:39+00:00\",\"mainEntityOfPage\":{\"@id\":\"https:\\\/\\\/www.monaco-tribune.com\\\/it\\\/2025\\\/04\\\/cedric-grolet-arriva-a-monaco-una-nuova-pasticceria-allhotel-de-paris\\\/\"},\"wordCount\":326,\"publisher\":{\"@id\":\"https:\\\/\\\/www.monaco-tribune.com\\\/it\\\/#organization\"},\"image\":{\"@id\":\"https:\\\/\\\/www.monaco-tribune.com\\\/it\\\/2025\\\/04\\\/cedric-grolet-arriva-a-monaco-una-nuova-pasticceria-allhotel-de-paris\\\/#primaryimage\"},\"thumbnailUrl\":\"https:\\\/\\\/www.monaco-tribune.com\\\/wp-content\\\/uploads\\\/2025\\\/04\\\/cedric-grolet-monte-carlo-cmaiachajpg-3.jpg\",\"keywords\":[\"Ristorazione\"],\"articleSection\":[\"Cosa fare\",\"Notizie\"],\"inLanguage\":\"it-IT\",\"copyrightYear\":\"2025\",\"copyrightHolder\":{\"@id\":\"https:\\\/\\\/www.monaco-tribune.com\\\/#organization\"}},{\"@type\":\"WebPage\",\"@id\":\"https:\\\/\\\/www.monaco-tribune.com\\\/it\\\/2025\\\/04\\\/cedric-grolet-arriva-a-monaco-una-nuova-pasticceria-allhotel-de-paris\\\/\",\"url\":\"https:\\\/\\\/www.monaco-tribune.com\\\/it\\\/2025\\\/04\\\/cedric-grolet-arriva-a-monaco-una-nuova-pasticceria-allhotel-de-paris\\\/\",\"name\":\"C\u00e9dric Grolet arriva a Monaco: una nuova pasticceria all\u2019H\u00f4tel de Paris\",\"isPartOf\":{\"@id\":\"https:\\\/\\\/www.monaco-tribune.com\\\/it\\\/#website\"},\"primaryImageOfPage\":{\"@id\":\"https:\\\/\\\/www.monaco-tribune.com\\\/it\\\/2025\\\/04\\\/cedric-grolet-arriva-a-monaco-una-nuova-pasticceria-allhotel-de-paris\\\/#primaryimage\"},\"image\":{\"@id\":\"https:\\\/\\\/www.monaco-tribune.com\\\/it\\\/2025\\\/04\\\/cedric-grolet-arriva-a-monaco-una-nuova-pasticceria-allhotel-de-paris\\\/#primaryimage\"},\"thumbnailUrl\":\"https:\\\/\\\/www.monaco-tribune.com\\\/wp-content\\\/uploads\\\/2025\\\/04\\\/cedric-grolet-monte-carlo-cmaiachajpg-3.jpg\",\"datePublished\":\"2025-04-18T14:07:16+00:00\",\"dateModified\":\"2025-04-18T14:10:39+00:00\",\"description\":\"Il leggendario palace monegasco accoglie il pasticcere pi\u00f9 celebre al mondo per una collaborazione che promette di conquistare anche i palati pi\u00f9\",\"breadcrumb\":{\"@id\":\"https:\\\/\\\/www.monaco-tribune.com\\\/it\\\/2025\\\/04\\\/cedric-grolet-arriva-a-monaco-una-nuova-pasticceria-allhotel-de-paris\\\/#breadcrumb\"},\"inLanguage\":\"it-IT\",\"potentialAction\":[{\"@type\":\"ReadAction\",\"target\":[\"https:\\\/\\\/www.monaco-tribune.com\\\/it\\\/2025\\\/04\\\/cedric-grolet-arriva-a-monaco-una-nuova-pasticceria-allhotel-de-paris\\\/\"]}]},{\"@type\":\"ImageObject\",\"inLanguage\":\"it-IT\",\"@id\":\"https:\\\/\\\/www.monaco-tribune.com\\\/it\\\/2025\\\/04\\\/cedric-grolet-arriva-a-monaco-una-nuova-pasticceria-allhotel-de-paris\\\/#primaryimage\",\"url\":\"https:\\\/\\\/www.monaco-tribune.com\\\/wp-content\\\/uploads\\\/2025\\\/04\\\/cedric-grolet-monte-carlo-cmaiachajpg-3.jpg\",\"contentUrl\":\"https:\\\/\\\/www.monaco-tribune.com\\\/wp-content\\\/uploads\\\/2025\\\/04\\\/cedric-grolet-monte-carlo-cmaiachajpg-3.jpg\",\"width\":1200,\"height\":800,\"caption\":\"C\u00e9dric Grolet \u00a9 Mai\u0308a Cha\u0308\"},{\"@type\":\"BreadcrumbList\",\"@id\":\"https:\\\/\\\/www.monaco-tribune.com\\\/it\\\/2025\\\/04\\\/cedric-grolet-arriva-a-monaco-una-nuova-pasticceria-allhotel-de-paris\\\/#breadcrumb\",\"itemListElement\":[{\"@type\":\"ListItem\",\"position\":1,\"name\":\"Accueil\",\"item\":\"https:\\\/\\\/www.monaco-tribune.com\\\/it\\\/\"},{\"@type\":\"ListItem\",\"position\":2,\"name\":\"C\u00e9dric Grolet arriva a Monaco: una nuova pasticceria all\u2019H\u00f4tel de Paris\"}]},{\"@type\":\"WebSite\",\"@id\":\"https:\\\/\\\/www.monaco-tribune.com\\\/it\\\/#website\",\"url\":\"https:\\\/\\\/www.monaco-tribune.com\\\/it\\\/\",\"name\":\"Monaco Tribune\",\"description\":\"Monaco : actualit\u00e9s \u00e9conomiques, politiques, culturelles et sportives de Monaco et de la French Riviera.\",\"publisher\":{\"@id\":\"https:\\\/\\\/www.monaco-tribune.com\\\/it\\\/#organization\"},\"potentialAction\":[{\"@type\":\"SearchAction\",\"target\":{\"@type\":\"EntryPoint\",\"urlTemplate\":\"https:\\\/\\\/www.monaco-tribune.com\\\/it\\\/?s={search_term_string}\"},\"query-input\":{\"@type\":\"PropertyValueSpecification\",\"valueRequired\":true,\"valueName\":\"search_term_string\"}}],\"inLanguage\":\"it-IT\"},{\"@type\":\"Organization\",\"@id\":\"https:\\\/\\\/www.monaco-tribune.com\\\/it\\\/#organization\",\"name\":\"Monaco Tribune\",\"url\":\"https:\\\/\\\/www.monaco-tribune.com\\\/it\\\/\",\"logo\":{\"@type\":\"ImageObject\",\"inLanguage\":\"it-IT\",\"@id\":\"https:\\\/\\\/www.monaco-tribune.com\\\/it\\\/#\\\/schema\\\/logo\\\/image\\\/\",\"url\":\"https:\\\/\\\/www.monaco-tribune.com\\\/wp-content\\\/uploads\\\/2022\\\/11\\\/logo-monaco-tribune.png\",\"contentUrl\":\"https:\\\/\\\/www.monaco-tribune.com\\\/wp-content\\\/uploads\\\/2022\\\/11\\\/logo-monaco-tribune.png\",\"width\":1548,\"height\":600,\"caption\":\"Monaco Tribune\"},\"image\":{\"@id\":\"https:\\\/\\\/www.monaco-tribune.com\\\/it\\\/#\\\/schema\\\/logo\\\/image\\\/\"},\"sameAs\":[\"https:\\\/\\\/www.facebook.com\\\/MonacoTribune\",\"https:\\\/\\\/x.com\\\/MonacoTribune\",\"https:\\\/\\\/www.instagram.com\\\/monacotribune\\\/\",\"https:\\\/\\\/www.linkedin.com\\\/company\\\/monaco-tribune\",\"https:\\\/\\\/www.youtube.com\\\/channel\\\/UCHle1MnG6hw1y4lWKijVbMA\"]},{\"@type\":\"Person\",\"@id\":\"https:\\\/\\\/www.monaco-tribune.com\\\/it\\\/#\\\/schema\\\/person\\\/8f6ed8c063276e2397589eda5b7a2f2d\",\"name\":\"Monaco Tribune\",\"image\":{\"@type\":\"ImageObject\",\"inLanguage\":\"it-IT\",\"@id\":\"https:\\\/\\\/secure.gravatar.com\\\/avatar\\\/3010e6c5d6c8056ec1c25228fe68ea089879e5ae0de884e0247744ee988aaf6a?s=96&d=mm&r=g\",\"url\":\"https:\\\/\\\/secure.gravatar.com\\\/avatar\\\/3010e6c5d6c8056ec1c25228fe68ea089879e5ae0de884e0247744ee988aaf6a?s=96&d=mm&r=g\",\"contentUrl\":\"https:\\\/\\\/secure.gravatar.com\\\/avatar\\\/3010e6c5d6c8056ec1c25228fe68ea089879e5ae0de884e0247744ee988aaf6a?s=96&d=mm&r=g\",\"caption\":\"Monaco Tribune\"},\"url\":\"https:\\\/\\\/www.monaco-tribune.com\\\/it\\\/author\\\/monaco-tribune\\\/\"}]}<\/script>\n<!-- \/ Yoast SEO Premium plugin. -->","yoast_head_json":{"title":"C\u00e9dric Grolet arriva a Monaco: una nuova pasticceria all\u2019H\u00f4tel de Paris","description":"Il leggendario palace monegasco accoglie il pasticcere pi\u00f9 celebre al mondo per una collaborazione che promette di conquistare anche i palati pi\u00f9","robots":{"index":"index","follow":"follow","max-snippet":"max-snippet:-1","max-image-preview":"max-image-preview:large","max-video-preview":"max-video-preview:-1"},"canonical":"https:\/\/www.monaco-tribune.com\/it\/2025\/04\/cedric-grolet-arriva-a-monaco-una-nuova-pasticceria-allhotel-de-paris\/","og_locale":"it_IT","og_type":"article","og_title":"C\u00e9dric Grolet arriva a Monaco: una nuova pasticceria all\u2019H\u00f4tel de Paris - Monaco Tribune","og_description":"Il leggendario palace monegasco accoglie il pasticcere pi\u00f9 celebre al mondo per una collaborazione che promette di conquistare anche i palati pi\u00f9","og_url":"https:\/\/www.monaco-tribune.com\/it\/2025\/04\/cedric-grolet-arriva-a-monaco-una-nuova-pasticceria-allhotel-de-paris\/","og_site_name":"Monaco Tribune","article_publisher":"https:\/\/www.facebook.com\/MonacoTribune","article_published_time":"2025-04-18T14:07:16+00:00","article_modified_time":"2025-04-18T14:10:39+00:00","og_image":[{"width":1200,"height":800,"url":"https:\/\/www.monaco-tribune.com\/wp-content\/uploads\/2025\/04\/cedric-grolet-monte-carlo-cmaiachajpg-3.jpg","type":"image\/jpeg"}],"author":"Monaco Tribune","twitter_card":"summary_large_image","twitter_creator":"@MonacoTribune","twitter_site":"@MonacoTribune","schema":{"@context":"https:\/\/schema.org","@graph":[{"@type":"NewsArticle","@id":"https:\/\/www.monaco-tribune.com\/it\/2025\/04\/cedric-grolet-arriva-a-monaco-una-nuova-pasticceria-allhotel-de-paris\/#article","isPartOf":{"@id":"https:\/\/www.monaco-tribune.com\/it\/2025\/04\/cedric-grolet-arriva-a-monaco-una-nuova-pasticceria-allhotel-de-paris\/"},"author":{"name":"Monaco Tribune","@id":"https:\/\/www.monaco-tribune.com\/it\/#\/schema\/person\/8f6ed8c063276e2397589eda5b7a2f2d"},"headline":"C\u00e9dric Grolet arriva a Monaco: una nuova pasticceria all\u2019H\u00f4tel de Paris","datePublished":"2025-04-18T14:07:16+00:00","dateModified":"2025-04-18T14:10:39+00:00","mainEntityOfPage":{"@id":"https:\/\/www.monaco-tribune.com\/it\/2025\/04\/cedric-grolet-arriva-a-monaco-una-nuova-pasticceria-allhotel-de-paris\/"},"wordCount":326,"publisher":{"@id":"https:\/\/www.monaco-tribune.com\/it\/#organization"},"image":{"@id":"https:\/\/www.monaco-tribune.com\/it\/2025\/04\/cedric-grolet-arriva-a-monaco-una-nuova-pasticceria-allhotel-de-paris\/#primaryimage"},"thumbnailUrl":"https:\/\/www.monaco-tribune.com\/wp-content\/uploads\/2025\/04\/cedric-grolet-monte-carlo-cmaiachajpg-3.jpg","keywords":["Ristorazione"],"articleSection":["Cosa fare","Notizie"],"inLanguage":"it-IT","copyrightYear":"2025","copyrightHolder":{"@id":"https:\/\/www.monaco-tribune.com\/#organization"}},{"@type":"WebPage","@id":"https:\/\/www.monaco-tribune.com\/it\/2025\/04\/cedric-grolet-arriva-a-monaco-una-nuova-pasticceria-allhotel-de-paris\/","url":"https:\/\/www.monaco-tribune.com\/it\/2025\/04\/cedric-grolet-arriva-a-monaco-una-nuova-pasticceria-allhotel-de-paris\/","name":"C\u00e9dric Grolet arriva a Monaco: una nuova pasticceria all\u2019H\u00f4tel de Paris","isPartOf":{"@id":"https:\/\/www.monaco-tribune.com\/it\/#website"},"primaryImageOfPage":{"@id":"https:\/\/www.monaco-tribune.com\/it\/2025\/04\/cedric-grolet-arriva-a-monaco-una-nuova-pasticceria-allhotel-de-paris\/#primaryimage"},"image":{"@id":"https:\/\/www.monaco-tribune.com\/it\/2025\/04\/cedric-grolet-arriva-a-monaco-una-nuova-pasticceria-allhotel-de-paris\/#primaryimage"},"thumbnailUrl":"https:\/\/www.monaco-tribune.com\/wp-content\/uploads\/2025\/04\/cedric-grolet-monte-carlo-cmaiachajpg-3.jpg","datePublished":"2025-04-18T14:07:16+00:00","dateModified":"2025-04-18T14:10:39+00:00","description":"Il leggendario palace monegasco accoglie il pasticcere pi\u00f9 celebre al mondo per una collaborazione che promette di conquistare anche i palati pi\u00f9","breadcrumb":{"@id":"https:\/\/www.monaco-tribune.com\/it\/2025\/04\/cedric-grolet-arriva-a-monaco-una-nuova-pasticceria-allhotel-de-paris\/#breadcrumb"},"inLanguage":"it-IT","potentialAction":[{"@type":"ReadAction","target":["https:\/\/www.monaco-tribune.com\/it\/2025\/04\/cedric-grolet-arriva-a-monaco-una-nuova-pasticceria-allhotel-de-paris\/"]}]},{"@type":"ImageObject","inLanguage":"it-IT","@id":"https:\/\/www.monaco-tribune.com\/it\/2025\/04\/cedric-grolet-arriva-a-monaco-una-nuova-pasticceria-allhotel-de-paris\/#primaryimage","url":"https:\/\/www.monaco-tribune.com\/wp-content\/uploads\/2025\/04\/cedric-grolet-monte-carlo-cmaiachajpg-3.jpg","contentUrl":"https:\/\/www.monaco-tribune.com\/wp-content\/uploads\/2025\/04\/cedric-grolet-monte-carlo-cmaiachajpg-3.jpg","width":1200,"height":800,"caption":"C\u00e9dric Grolet \u00a9 Mai\u0308a Cha\u0308"},{"@type":"BreadcrumbList","@id":"https:\/\/www.monaco-tribune.com\/it\/2025\/04\/cedric-grolet-arriva-a-monaco-una-nuova-pasticceria-allhotel-de-paris\/#breadcrumb","itemListElement":[{"@type":"ListItem","position":1,"name":"Accueil","item":"https:\/\/www.monaco-tribune.com\/it\/"},{"@type":"ListItem","position":2,"name":"C\u00e9dric Grolet arriva a Monaco: una nuova pasticceria all\u2019H\u00f4tel de Paris"}]},{"@type":"WebSite","@id":"https:\/\/www.monaco-tribune.com\/it\/#website","url":"https:\/\/www.monaco-tribune.com\/it\/","name":"Monaco Tribune","description":"Monaco : actualit\u00e9s \u00e9conomiques, politiques, culturelles et sportives de Monaco et de la French Riviera.","publisher":{"@id":"https:\/\/www.monaco-tribune.com\/it\/#organization"},"potentialAction":[{"@type":"SearchAction","target":{"@type":"EntryPoint","urlTemplate":"https:\/\/www.monaco-tribune.com\/it\/?s={search_term_string}"},"query-input":{"@type":"PropertyValueSpecification","valueRequired":true,"valueName":"search_term_string"}}],"inLanguage":"it-IT"},{"@type":"Organization","@id":"https:\/\/www.monaco-tribune.com\/it\/#organization","name":"Monaco Tribune","url":"https:\/\/www.monaco-tribune.com\/it\/","logo":{"@type":"ImageObject","inLanguage":"it-IT","@id":"https:\/\/www.monaco-tribune.com\/it\/#\/schema\/logo\/image\/","url":"https:\/\/www.monaco-tribune.com\/wp-content\/uploads\/2022\/11\/logo-monaco-tribune.png","contentUrl":"https:\/\/www.monaco-tribune.com\/wp-content\/uploads\/2022\/11\/logo-monaco-tribune.png","width":1548,"height":600,"caption":"Monaco Tribune"},"image":{"@id":"https:\/\/www.monaco-tribune.com\/it\/#\/schema\/logo\/image\/"},"sameAs":["https:\/\/www.facebook.com\/MonacoTribune","https:\/\/x.com\/MonacoTribune","https:\/\/www.instagram.com\/monacotribune\/","https:\/\/www.linkedin.com\/company\/monaco-tribune","https:\/\/www.youtube.com\/channel\/UCHle1MnG6hw1y4lWKijVbMA"]},{"@type":"Person","@id":"https:\/\/www.monaco-tribune.com\/it\/#\/schema\/person\/8f6ed8c063276e2397589eda5b7a2f2d","name":"Monaco Tribune","image":{"@type":"ImageObject","inLanguage":"it-IT","@id":"https:\/\/secure.gravatar.com\/avatar\/3010e6c5d6c8056ec1c25228fe68ea089879e5ae0de884e0247744ee988aaf6a?s=96&d=mm&r=g","url":"https:\/\/secure.gravatar.com\/avatar\/3010e6c5d6c8056ec1c25228fe68ea089879e5ae0de884e0247744ee988aaf6a?s=96&d=mm&r=g","contentUrl":"https:\/\/secure.gravatar.com\/avatar\/3010e6c5d6c8056ec1c25228fe68ea089879e5ae0de884e0247744ee988aaf6a?s=96&d=mm&r=g","caption":"Monaco Tribune"},"url":"https:\/\/www.monaco-tribune.com\/it\/author\/monaco-tribune\/"}]}},"_links":{"self":[{"href":"https:\/\/www.monaco-tribune.com\/it\/wp-json\/wp\/v2\/posts\/287675","targetHints":{"allow":["GET"]}}],"collection":[{"href":"https:\/\/www.monaco-tribune.com\/it\/wp-json\/wp\/v2\/posts"}],"about":[{"href":"https:\/\/www.monaco-tribune.com\/it\/wp-json\/wp\/v2\/types\/post"}],"author":[{"embeddable":true,"href":"https:\/\/www.monaco-tribune.com\/it\/wp-json\/wp\/v2\/users\/21"}],"replies":[{"embeddable":true,"href":"https:\/\/www.monaco-tribune.com\/it\/wp-json\/wp\/v2\/comments?post=287675"}],"version-history":[{"count":2,"href":"https:\/\/www.monaco-tribune.com\/it\/wp-json\/wp\/v2\/posts\/287675\/revisions"}],"predecessor-version":[{"id":287680,"href":"https:\/\/www.monaco-tribune.com\/it\/wp-json\/wp\/v2\/posts\/287675\/revisions\/287680"}],"wp:featuredmedia":[{"embeddable":true,"href":"https:\/\/www.monaco-tribune.com\/it\/wp-json\/wp\/v2\/media\/287624"}],"wp:attachment":[{"href":"https:\/\/www.monaco-tribune.com\/it\/wp-json\/wp\/v2\/media?parent=287675"}],"wp:term":[{"taxonomy":"category","embeddable":true,"href":"https:\/\/www.monaco-tribune.com\/it\/wp-json\/wp\/v2\/categories?post=287675"},{"taxonomy":"post_tag","embeddable":true,"href":"https:\/\/www.monaco-tribune.com\/it\/wp-json\/wp\/v2\/tags?post=287675"},{"taxonomy":"sectag","embeddable":true,"href":"https:\/\/www.monaco-tribune.com\/it\/wp-json\/wp\/v2\/post_sectags?post=287675"},{"taxonomy":"format","embeddable":true,"href":"https:\/\/www.monaco-tribune.com\/it\/wp-json\/wp\/v2\/post_format?post=287675"}],"curies":[{"name":"wp","href":"https:\/\/api.w.org\/{rel}","templated":true}]}}