{"id":288140,"date":"2025-04-23T10:55:35","date_gmt":"2025-04-23T08:55:35","guid":{"rendered":"https:\/\/www.monaco-tribune.com\/2025\/04\/monaco-in-lutto-il-principe-proclama-un-lutto-nazionale-di-tre-giorni-per-la-morte-del-papa\/"},"modified":"2025-04-24T08:59:40","modified_gmt":"2025-04-24T06:59:40","slug":"monaco-in-lutto-il-principe-proclama-un-lutto-nazionale-di-tre-giorni-per-la-morte-del-papa","status":"publish","type":"post","link":"https:\/\/www.monaco-tribune.com\/it\/2025\/04\/monaco-in-lutto-il-principe-proclama-un-lutto-nazionale-di-tre-giorni-per-la-morte-del-papa\/","title":{"rendered":"A Monaco il Principe Alberto II proclama un lutto nazionale di tre giorni per la morte del papa"},"content":{"rendered":"\n<p>In seguito alla scomparsa del Sovrano Pontefice, il Principato osserver\u00e0 il lutto nazionale fino al momento delle esequie, evidenziando il profondo rispetto verso questa figura spirituale di calibro mondiale.<\/p>\n\n<p>Tramite decreto principesco, il Principe Albero II ha proclamato un periodo di lutto nazionale di tre giorni, che verr\u00e0 osservato nel Principato da gioved\u00ec 24 a sabato 26 aprile, giorno dei funerali di Sua Santit\u00e0 Papa Francesco. La decisione testimonia il <a href=\"https:\/\/www.monaco-tribune.com\/it\/2020\/03\/il-principato-di-monaco-una-storia-cattolica\/\">profondo legame di Monaco con la Santa Sede<\/a> e la commozione provata dalla popolazione monegasca in seguito alla scomparsa del pontefice.<\/p>\n\n<p>Il lutto nazionale \u00e8 accompagnato da diverse misure simboliche significative. In tutti gli edifici pubblici le bandiere sono a mezz&#8217;asta da luned\u00ec 21 aprile, e cos\u00ec resteranno fino al momento delle esequie. Questi stessi edifici non verranno illuminati durante i tre giorni di lutto. <\/p>\n\n<p class=\"related\"><a href=\"https:\/\/www.monaco-tribune.com\/it\/2025\/04\/un-grandissimo-servitore-dellumanita-monaco-in-lutto-per-il-decesso-di-papa-francesco\/\">\u201cUn grandissimo servitore dell\u2019umanit\u00e0\u201d: Monaco in lutto per il decesso di Papa Francesco<\/a><\/p>\n\n<h2 class=\"wp-block-heading\" id=\"h-une-minute-de-silence-et-la-vie-qui-continue\">Un minuto di silenzio e la vita che va avanti<\/h2>\n\n<p>Venerd\u00ec 25 aprile alle 11 esatte, nel Principato suoner\u00e0 una sirena per invitare tutti i residenti e i visitatori a osservare un minuto di silenzio in omaggio al papa defunto. Questo momento di raccoglimento collettivo permetter\u00e0 a ognuno di esprimere cordoglio e rispetto.<\/p>\n\n<p>Nonostante il periodo di lutto, il Principe ha stabilito che i servizi pubblici (istituti scolastici compresi), nonch\u00e9 il settore privato del Principato, proseguiranno normalmente le loro attivit\u00e0, coniugando cos\u00ec il rispetto per il Sovrano Pontefice e la necessit\u00e0 di proseguire con la vita quotidiana.<\/p>\n\n<h2 class=\"wp-block-heading\" id=\"h-la-famille-princiere-unie-dans-le-recueillement\">La Famiglia Principesca unita nel raccoglimento<\/h2>\n\n<p>Marted\u00ec 22 aprile, a fine giornata, il Principe Alberto II e la Principessa Charl\u00e8ne, accompagnati dalla Principessa di Hannover, hanno assistito a una messa pontificale celebrata in omaggio a Sua Santit\u00e0 Papa Francesco nella Cattedrale di Monaco.<\/p>\n\n<p>La cerimonia, officiata da Monsignor Dominique-Marie David, ha riunito le pi\u00f9 alte cariche monegasche e numerosi fedeli in un momento di profondo raccoglimento. L&#8217;atmosfera carica di commozione ha testimoniato il legame speciale che unisce il Principato alla Santa Sede, nonch\u00e9 il notevole impatto spirituale del pontificato di Papa Francesco.<\/p>\n\n<figure class=\"wp-block-gallery has-nested-images columns-1 is-cropped wp-block-gallery-1 is-layout-flex wp-block-gallery-is-layout-flex\">\n<figure class=\"wp-block-image size-large\"><img loading=\"lazy\" decoding=\"async\" width=\"1024\" height=\"683\" data-id=\"288098\" src=\"https:\/\/www.monaco-tribune.com\/wp-content\/uploads\/2025\/04\/prince-albert-messe-pape-francois-1024x683.jpg\" alt=\"\" class=\"wp-image-288098\" srcset=\"https:\/\/www.monaco-tribune.com\/wp-content\/uploads\/2025\/04\/prince-albert-messe-pape-francois-1024x683.jpg 1024w, https:\/\/www.monaco-tribune.com\/wp-content\/uploads\/2025\/04\/prince-albert-messe-pape-francois-450x300.jpg 450w, https:\/\/www.monaco-tribune.com\/wp-content\/uploads\/2025\/04\/prince-albert-messe-pape-francois.jpg 1200w\" sizes=\"auto, (max-width: 1024px) 100vw, 1024px\" \/><\/figure>\n\n\n\n<figure class=\"wp-block-image size-large\"><img loading=\"lazy\" decoding=\"async\" width=\"1024\" height=\"683\" data-id=\"288094\" src=\"https:\/\/www.monaco-tribune.com\/wp-content\/uploads\/2025\/04\/monseigneur-dominique-marie-david-1024x683.jpg\" alt=\"\" class=\"wp-image-288094\" srcset=\"https:\/\/www.monaco-tribune.com\/wp-content\/uploads\/2025\/04\/monseigneur-dominique-marie-david-1024x683.jpg 1024w, https:\/\/www.monaco-tribune.com\/wp-content\/uploads\/2025\/04\/monseigneur-dominique-marie-david-450x300.jpg 450w, https:\/\/www.monaco-tribune.com\/wp-content\/uploads\/2025\/04\/monseigneur-dominique-marie-david.jpg 1200w\" sizes=\"auto, (max-width: 1024px) 100vw, 1024px\" \/><\/figure>\n\n\n\n<figure class=\"wp-block-image size-large\"><img loading=\"lazy\" decoding=\"async\" width=\"1024\" height=\"683\" data-id=\"288090\" src=\"https:\/\/www.monaco-tribune.com\/wp-content\/uploads\/2025\/04\/messe-pape-monaco-1024x683.jpg\" alt=\"\" class=\"wp-image-288090\" srcset=\"https:\/\/www.monaco-tribune.com\/wp-content\/uploads\/2025\/04\/messe-pape-monaco-1024x683.jpg 1024w, https:\/\/www.monaco-tribune.com\/wp-content\/uploads\/2025\/04\/messe-pape-monaco-450x300.jpg 450w, https:\/\/www.monaco-tribune.com\/wp-content\/uploads\/2025\/04\/messe-pape-monaco.jpg 1200w\" sizes=\"auto, (max-width: 1024px) 100vw, 1024px\" \/><\/figure>\n\n\n<div class=\"wp-block-image\">\n<figure class=\"aligncenter size-large\"><img loading=\"lazy\" decoding=\"async\" width=\"1024\" height=\"683\" data-id=\"288086\" src=\"https:\/\/www.monaco-tribune.com\/wp-content\/uploads\/2025\/04\/messe-pape-francois-monaco-1024x683.jpg\" alt=\"\" class=\"wp-image-288086\" srcset=\"https:\/\/www.monaco-tribune.com\/wp-content\/uploads\/2025\/04\/messe-pape-francois-monaco-1024x683.jpg 1024w, https:\/\/www.monaco-tribune.com\/wp-content\/uploads\/2025\/04\/messe-pape-francois-monaco-450x300.jpg 450w, https:\/\/www.monaco-tribune.com\/wp-content\/uploads\/2025\/04\/messe-pape-francois-monaco.jpg 1200w\" sizes=\"auto, (max-width: 1024px) 100vw, 1024px\" \/><figcaption class=\"wp-element-caption\">\u00a9 Eric Mathon \/ Palazzo del Principe<\/figcaption><\/figure>\n<\/div><\/figure>\n\n<p>In un comunicato, il Principe Alberto II ha rinnovato la sua profonda commozione per il decesso del pontefice, sottolineando che la sua scomparsa addolora non soltanto la popolazione monegasca, ma i fedeli di tutto il mondo. La dichiarazione evidenzia la dimensione universale della perdita e la natura eccezionale del pontificato appena concluso.<\/p>\n","protected":false},"excerpt":{"rendered":"<p>In seguito alla scomparsa del Sovrano Pontefice, il Principato osserver\u00e0 il lutto nazionale fino al momento delle esequie, evidenziando il [&hellip;]<\/p>\n","protected":false},"author":21,"featured_media":288104,"comment_status":"closed","ping_status":"closed","sticky":false,"template":"","format":"standard","meta":{"_acf_changed":false,"footnotes":""},"categories":[1826,1738,1752],"tags":[3261],"post_sectags":[],"post_format":[2478],"class_list":["post-288140","post","type-post","status-publish","format-standard","has-post-thumbnail","hentry","category-la-nostra-scelta","category-notizie","category-societa","tag-vita-locale","format-notizia"],"acf":[],"yoast_head":"<!-- This site is optimized with the Yoast SEO Premium plugin v26.8 (Yoast SEO v27.4) - https:\/\/yoast.com\/product\/yoast-seo-premium-wordpress\/ -->\n<title>A Monaco il Principe Alberto II proclama un lutto nazionale di tre giorni per la morte del papa<\/title>\n<meta name=\"description\" content=\"In seguito alla scomparsa del Sovrano Pontefice, il Principato osserver\u00e0 il lutto nazionale fino al momento delle esequie, evidenziando il profondo\" \/>\n<meta name=\"robots\" content=\"index, follow, max-snippet:-1, max-image-preview:large, max-video-preview:-1\" \/>\n<link rel=\"canonical\" href=\"https:\/\/www.monaco-tribune.com\/it\/2025\/04\/monaco-in-lutto-il-principe-proclama-un-lutto-nazionale-di-tre-giorni-per-la-morte-del-papa\/\" \/>\n<meta property=\"og:locale\" content=\"it_IT\" \/>\n<meta property=\"og:type\" content=\"article\" \/>\n<meta property=\"og:title\" content=\"A Monaco il Principe Alberto II proclama un lutto nazionale di tre giorni per la morte del papa - Monaco Tribune\" \/>\n<meta property=\"og:description\" content=\"In seguito alla scomparsa del Sovrano Pontefice, il Principato osserver\u00e0 il lutto nazionale fino al momento delle esequie, evidenziando il profondo\" \/>\n<meta property=\"og:url\" content=\"https:\/\/www.monaco-tribune.com\/it\/2025\/04\/monaco-in-lutto-il-principe-proclama-un-lutto-nazionale-di-tre-giorni-per-la-morte-del-papa\/\" \/>\n<meta property=\"og:site_name\" content=\"Monaco Tribune\" \/>\n<meta property=\"article:publisher\" content=\"https:\/\/www.facebook.com\/MonacoTribune\" \/>\n<meta property=\"article:published_time\" content=\"2025-04-23T08:55:35+00:00\" \/>\n<meta property=\"article:modified_time\" content=\"2025-04-24T06:59:40+00:00\" \/>\n<meta property=\"og:image\" content=\"https:\/\/www.monaco-tribune.com\/wp-content\/uploads\/2025\/04\/princesse-caroline-princesse-charlene-prince-albert-monaco.jpg\" \/>\n\t<meta property=\"og:image:width\" content=\"1200\" \/>\n\t<meta property=\"og:image:height\" content=\"800\" \/>\n\t<meta property=\"og:image:type\" content=\"image\/jpeg\" \/>\n<meta name=\"author\" content=\"Monaco Tribune\" \/>\n<meta name=\"twitter:card\" content=\"summary_large_image\" \/>\n<meta name=\"twitter:creator\" content=\"@MonacoTribune\" \/>\n<meta name=\"twitter:site\" content=\"@MonacoTribune\" \/>\n<script type=\"application\/ld+json\" class=\"yoast-schema-graph\">{\"@context\":\"https:\\\/\\\/schema.org\",\"@graph\":[{\"@type\":\"NewsArticle\",\"@id\":\"https:\\\/\\\/www.monaco-tribune.com\\\/it\\\/2025\\\/04\\\/monaco-in-lutto-il-principe-proclama-un-lutto-nazionale-di-tre-giorni-per-la-morte-del-papa\\\/#article\",\"isPartOf\":{\"@id\":\"https:\\\/\\\/www.monaco-tribune.com\\\/it\\\/2025\\\/04\\\/monaco-in-lutto-il-principe-proclama-un-lutto-nazionale-di-tre-giorni-per-la-morte-del-papa\\\/\"},\"author\":{\"name\":\"Monaco Tribune\",\"@id\":\"https:\\\/\\\/www.monaco-tribune.com\\\/it\\\/#\\\/schema\\\/person\\\/8f6ed8c063276e2397589eda5b7a2f2d\"},\"headline\":\"A Monaco il Principe Alberto II proclama un lutto nazionale di tre giorni per la morte del papa\",\"datePublished\":\"2025-04-23T08:55:35+00:00\",\"dateModified\":\"2025-04-24T06:59:40+00:00\",\"mainEntityOfPage\":{\"@id\":\"https:\\\/\\\/www.monaco-tribune.com\\\/it\\\/2025\\\/04\\\/monaco-in-lutto-il-principe-proclama-un-lutto-nazionale-di-tre-giorni-per-la-morte-del-papa\\\/\"},\"wordCount\":409,\"publisher\":{\"@id\":\"https:\\\/\\\/www.monaco-tribune.com\\\/it\\\/#organization\"},\"image\":{\"@id\":\"https:\\\/\\\/www.monaco-tribune.com\\\/it\\\/2025\\\/04\\\/monaco-in-lutto-il-principe-proclama-un-lutto-nazionale-di-tre-giorni-per-la-morte-del-papa\\\/#primaryimage\"},\"thumbnailUrl\":\"https:\\\/\\\/www.monaco-tribune.com\\\/wp-content\\\/uploads\\\/2025\\\/04\\\/princesse-caroline-princesse-charlene-prince-albert-monaco.jpg\",\"keywords\":[\"Vita locale\"],\"articleSection\":[\"La nostra scelta\",\"Notizie\",\"Societ\u00e0\"],\"inLanguage\":\"it-IT\",\"copyrightYear\":\"2025\",\"copyrightHolder\":{\"@id\":\"https:\\\/\\\/www.monaco-tribune.com\\\/#organization\"}},{\"@type\":\"WebPage\",\"@id\":\"https:\\\/\\\/www.monaco-tribune.com\\\/it\\\/2025\\\/04\\\/monaco-in-lutto-il-principe-proclama-un-lutto-nazionale-di-tre-giorni-per-la-morte-del-papa\\\/\",\"url\":\"https:\\\/\\\/www.monaco-tribune.com\\\/it\\\/2025\\\/04\\\/monaco-in-lutto-il-principe-proclama-un-lutto-nazionale-di-tre-giorni-per-la-morte-del-papa\\\/\",\"name\":\"A Monaco il Principe Alberto II proclama un lutto nazionale di tre giorni per la morte del papa\",\"isPartOf\":{\"@id\":\"https:\\\/\\\/www.monaco-tribune.com\\\/it\\\/#website\"},\"primaryImageOfPage\":{\"@id\":\"https:\\\/\\\/www.monaco-tribune.com\\\/it\\\/2025\\\/04\\\/monaco-in-lutto-il-principe-proclama-un-lutto-nazionale-di-tre-giorni-per-la-morte-del-papa\\\/#primaryimage\"},\"image\":{\"@id\":\"https:\\\/\\\/www.monaco-tribune.com\\\/it\\\/2025\\\/04\\\/monaco-in-lutto-il-principe-proclama-un-lutto-nazionale-di-tre-giorni-per-la-morte-del-papa\\\/#primaryimage\"},\"thumbnailUrl\":\"https:\\\/\\\/www.monaco-tribune.com\\\/wp-content\\\/uploads\\\/2025\\\/04\\\/princesse-caroline-princesse-charlene-prince-albert-monaco.jpg\",\"datePublished\":\"2025-04-23T08:55:35+00:00\",\"dateModified\":\"2025-04-24T06:59:40+00:00\",\"description\":\"In seguito alla scomparsa del Sovrano Pontefice, il Principato osserver\u00e0 il lutto nazionale fino al momento delle esequie, evidenziando il profondo\",\"breadcrumb\":{\"@id\":\"https:\\\/\\\/www.monaco-tribune.com\\\/it\\\/2025\\\/04\\\/monaco-in-lutto-il-principe-proclama-un-lutto-nazionale-di-tre-giorni-per-la-morte-del-papa\\\/#breadcrumb\"},\"inLanguage\":\"it-IT\",\"potentialAction\":[{\"@type\":\"ReadAction\",\"target\":[\"https:\\\/\\\/www.monaco-tribune.com\\\/it\\\/2025\\\/04\\\/monaco-in-lutto-il-principe-proclama-un-lutto-nazionale-di-tre-giorni-per-la-morte-del-papa\\\/\"]}]},{\"@type\":\"ImageObject\",\"inLanguage\":\"it-IT\",\"@id\":\"https:\\\/\\\/www.monaco-tribune.com\\\/it\\\/2025\\\/04\\\/monaco-in-lutto-il-principe-proclama-un-lutto-nazionale-di-tre-giorni-per-la-morte-del-papa\\\/#primaryimage\",\"url\":\"https:\\\/\\\/www.monaco-tribune.com\\\/wp-content\\\/uploads\\\/2025\\\/04\\\/princesse-caroline-princesse-charlene-prince-albert-monaco.jpg\",\"contentUrl\":\"https:\\\/\\\/www.monaco-tribune.com\\\/wp-content\\\/uploads\\\/2025\\\/04\\\/princesse-caroline-princesse-charlene-prince-albert-monaco.jpg\",\"width\":1200,\"height\":800,\"caption\":\"La messa pontificale celebrata in omaggio a Sua Santit\u00e0 Papa Francesco \u00a9 Eric Mathon \\\/ Palazzo del Principe\"},{\"@type\":\"BreadcrumbList\",\"@id\":\"https:\\\/\\\/www.monaco-tribune.com\\\/it\\\/2025\\\/04\\\/monaco-in-lutto-il-principe-proclama-un-lutto-nazionale-di-tre-giorni-per-la-morte-del-papa\\\/#breadcrumb\",\"itemListElement\":[{\"@type\":\"ListItem\",\"position\":1,\"name\":\"Accueil\",\"item\":\"https:\\\/\\\/www.monaco-tribune.com\\\/it\\\/\"},{\"@type\":\"ListItem\",\"position\":2,\"name\":\"A Monaco il Principe Alberto II proclama un lutto nazionale di tre giorni per la morte del papa\"}]},{\"@type\":\"WebSite\",\"@id\":\"https:\\\/\\\/www.monaco-tribune.com\\\/it\\\/#website\",\"url\":\"https:\\\/\\\/www.monaco-tribune.com\\\/it\\\/\",\"name\":\"Monaco Tribune\",\"description\":\"Monaco : actualit\u00e9s \u00e9conomiques, politiques, culturelles et sportives de Monaco et de la French Riviera.\",\"publisher\":{\"@id\":\"https:\\\/\\\/www.monaco-tribune.com\\\/it\\\/#organization\"},\"potentialAction\":[{\"@type\":\"SearchAction\",\"target\":{\"@type\":\"EntryPoint\",\"urlTemplate\":\"https:\\\/\\\/www.monaco-tribune.com\\\/it\\\/?s={search_term_string}\"},\"query-input\":{\"@type\":\"PropertyValueSpecification\",\"valueRequired\":true,\"valueName\":\"search_term_string\"}}],\"inLanguage\":\"it-IT\"},{\"@type\":\"Organization\",\"@id\":\"https:\\\/\\\/www.monaco-tribune.com\\\/it\\\/#organization\",\"name\":\"Monaco Tribune\",\"url\":\"https:\\\/\\\/www.monaco-tribune.com\\\/it\\\/\",\"logo\":{\"@type\":\"ImageObject\",\"inLanguage\":\"it-IT\",\"@id\":\"https:\\\/\\\/www.monaco-tribune.com\\\/it\\\/#\\\/schema\\\/logo\\\/image\\\/\",\"url\":\"https:\\\/\\\/www.monaco-tribune.com\\\/wp-content\\\/uploads\\\/2022\\\/11\\\/logo-monaco-tribune.png\",\"contentUrl\":\"https:\\\/\\\/www.monaco-tribune.com\\\/wp-content\\\/uploads\\\/2022\\\/11\\\/logo-monaco-tribune.png\",\"width\":1548,\"height\":600,\"caption\":\"Monaco Tribune\"},\"image\":{\"@id\":\"https:\\\/\\\/www.monaco-tribune.com\\\/it\\\/#\\\/schema\\\/logo\\\/image\\\/\"},\"sameAs\":[\"https:\\\/\\\/www.facebook.com\\\/MonacoTribune\",\"https:\\\/\\\/x.com\\\/MonacoTribune\",\"https:\\\/\\\/www.instagram.com\\\/monacotribune\\\/\",\"https:\\\/\\\/www.linkedin.com\\\/company\\\/monaco-tribune\",\"https:\\\/\\\/www.youtube.com\\\/channel\\\/UCHle1MnG6hw1y4lWKijVbMA\"]},{\"@type\":\"Person\",\"@id\":\"https:\\\/\\\/www.monaco-tribune.com\\\/it\\\/#\\\/schema\\\/person\\\/8f6ed8c063276e2397589eda5b7a2f2d\",\"name\":\"Monaco Tribune\",\"image\":{\"@type\":\"ImageObject\",\"inLanguage\":\"it-IT\",\"@id\":\"https:\\\/\\\/secure.gravatar.com\\\/avatar\\\/3010e6c5d6c8056ec1c25228fe68ea089879e5ae0de884e0247744ee988aaf6a?s=96&d=mm&r=g\",\"url\":\"https:\\\/\\\/secure.gravatar.com\\\/avatar\\\/3010e6c5d6c8056ec1c25228fe68ea089879e5ae0de884e0247744ee988aaf6a?s=96&d=mm&r=g\",\"contentUrl\":\"https:\\\/\\\/secure.gravatar.com\\\/avatar\\\/3010e6c5d6c8056ec1c25228fe68ea089879e5ae0de884e0247744ee988aaf6a?s=96&d=mm&r=g\",\"caption\":\"Monaco Tribune\"},\"url\":\"https:\\\/\\\/www.monaco-tribune.com\\\/it\\\/author\\\/monaco-tribune\\\/\"}]}<\/script>\n<!-- \/ Yoast SEO Premium plugin. -->","yoast_head_json":{"title":"A Monaco il Principe Alberto II proclama un lutto nazionale di tre giorni per la morte del papa","description":"In seguito alla scomparsa del Sovrano Pontefice, il Principato osserver\u00e0 il lutto nazionale fino al momento delle esequie, evidenziando il profondo","robots":{"index":"index","follow":"follow","max-snippet":"max-snippet:-1","max-image-preview":"max-image-preview:large","max-video-preview":"max-video-preview:-1"},"canonical":"https:\/\/www.monaco-tribune.com\/it\/2025\/04\/monaco-in-lutto-il-principe-proclama-un-lutto-nazionale-di-tre-giorni-per-la-morte-del-papa\/","og_locale":"it_IT","og_type":"article","og_title":"A Monaco il Principe Alberto II proclama un lutto nazionale di tre giorni per la morte del papa - Monaco Tribune","og_description":"In seguito alla scomparsa del Sovrano Pontefice, il Principato osserver\u00e0 il lutto nazionale fino al momento delle esequie, evidenziando il profondo","og_url":"https:\/\/www.monaco-tribune.com\/it\/2025\/04\/monaco-in-lutto-il-principe-proclama-un-lutto-nazionale-di-tre-giorni-per-la-morte-del-papa\/","og_site_name":"Monaco Tribune","article_publisher":"https:\/\/www.facebook.com\/MonacoTribune","article_published_time":"2025-04-23T08:55:35+00:00","article_modified_time":"2025-04-24T06:59:40+00:00","og_image":[{"width":1200,"height":800,"url":"https:\/\/www.monaco-tribune.com\/wp-content\/uploads\/2025\/04\/princesse-caroline-princesse-charlene-prince-albert-monaco.jpg","type":"image\/jpeg"}],"author":"Monaco Tribune","twitter_card":"summary_large_image","twitter_creator":"@MonacoTribune","twitter_site":"@MonacoTribune","schema":{"@context":"https:\/\/schema.org","@graph":[{"@type":"NewsArticle","@id":"https:\/\/www.monaco-tribune.com\/it\/2025\/04\/monaco-in-lutto-il-principe-proclama-un-lutto-nazionale-di-tre-giorni-per-la-morte-del-papa\/#article","isPartOf":{"@id":"https:\/\/www.monaco-tribune.com\/it\/2025\/04\/monaco-in-lutto-il-principe-proclama-un-lutto-nazionale-di-tre-giorni-per-la-morte-del-papa\/"},"author":{"name":"Monaco Tribune","@id":"https:\/\/www.monaco-tribune.com\/it\/#\/schema\/person\/8f6ed8c063276e2397589eda5b7a2f2d"},"headline":"A Monaco il Principe Alberto II proclama un lutto nazionale di tre giorni per la morte del papa","datePublished":"2025-04-23T08:55:35+00:00","dateModified":"2025-04-24T06:59:40+00:00","mainEntityOfPage":{"@id":"https:\/\/www.monaco-tribune.com\/it\/2025\/04\/monaco-in-lutto-il-principe-proclama-un-lutto-nazionale-di-tre-giorni-per-la-morte-del-papa\/"},"wordCount":409,"publisher":{"@id":"https:\/\/www.monaco-tribune.com\/it\/#organization"},"image":{"@id":"https:\/\/www.monaco-tribune.com\/it\/2025\/04\/monaco-in-lutto-il-principe-proclama-un-lutto-nazionale-di-tre-giorni-per-la-morte-del-papa\/#primaryimage"},"thumbnailUrl":"https:\/\/www.monaco-tribune.com\/wp-content\/uploads\/2025\/04\/princesse-caroline-princesse-charlene-prince-albert-monaco.jpg","keywords":["Vita locale"],"articleSection":["La nostra scelta","Notizie","Societ\u00e0"],"inLanguage":"it-IT","copyrightYear":"2025","copyrightHolder":{"@id":"https:\/\/www.monaco-tribune.com\/#organization"}},{"@type":"WebPage","@id":"https:\/\/www.monaco-tribune.com\/it\/2025\/04\/monaco-in-lutto-il-principe-proclama-un-lutto-nazionale-di-tre-giorni-per-la-morte-del-papa\/","url":"https:\/\/www.monaco-tribune.com\/it\/2025\/04\/monaco-in-lutto-il-principe-proclama-un-lutto-nazionale-di-tre-giorni-per-la-morte-del-papa\/","name":"A Monaco il Principe Alberto II proclama un lutto nazionale di tre giorni per la morte del papa","isPartOf":{"@id":"https:\/\/www.monaco-tribune.com\/it\/#website"},"primaryImageOfPage":{"@id":"https:\/\/www.monaco-tribune.com\/it\/2025\/04\/monaco-in-lutto-il-principe-proclama-un-lutto-nazionale-di-tre-giorni-per-la-morte-del-papa\/#primaryimage"},"image":{"@id":"https:\/\/www.monaco-tribune.com\/it\/2025\/04\/monaco-in-lutto-il-principe-proclama-un-lutto-nazionale-di-tre-giorni-per-la-morte-del-papa\/#primaryimage"},"thumbnailUrl":"https:\/\/www.monaco-tribune.com\/wp-content\/uploads\/2025\/04\/princesse-caroline-princesse-charlene-prince-albert-monaco.jpg","datePublished":"2025-04-23T08:55:35+00:00","dateModified":"2025-04-24T06:59:40+00:00","description":"In seguito alla scomparsa del Sovrano Pontefice, il Principato osserver\u00e0 il lutto nazionale fino al momento delle esequie, evidenziando il profondo","breadcrumb":{"@id":"https:\/\/www.monaco-tribune.com\/it\/2025\/04\/monaco-in-lutto-il-principe-proclama-un-lutto-nazionale-di-tre-giorni-per-la-morte-del-papa\/#breadcrumb"},"inLanguage":"it-IT","potentialAction":[{"@type":"ReadAction","target":["https:\/\/www.monaco-tribune.com\/it\/2025\/04\/monaco-in-lutto-il-principe-proclama-un-lutto-nazionale-di-tre-giorni-per-la-morte-del-papa\/"]}]},{"@type":"ImageObject","inLanguage":"it-IT","@id":"https:\/\/www.monaco-tribune.com\/it\/2025\/04\/monaco-in-lutto-il-principe-proclama-un-lutto-nazionale-di-tre-giorni-per-la-morte-del-papa\/#primaryimage","url":"https:\/\/www.monaco-tribune.com\/wp-content\/uploads\/2025\/04\/princesse-caroline-princesse-charlene-prince-albert-monaco.jpg","contentUrl":"https:\/\/www.monaco-tribune.com\/wp-content\/uploads\/2025\/04\/princesse-caroline-princesse-charlene-prince-albert-monaco.jpg","width":1200,"height":800,"caption":"La messa pontificale celebrata in omaggio a Sua Santit\u00e0 Papa Francesco \u00a9 Eric Mathon \/ Palazzo del Principe"},{"@type":"BreadcrumbList","@id":"https:\/\/www.monaco-tribune.com\/it\/2025\/04\/monaco-in-lutto-il-principe-proclama-un-lutto-nazionale-di-tre-giorni-per-la-morte-del-papa\/#breadcrumb","itemListElement":[{"@type":"ListItem","position":1,"name":"Accueil","item":"https:\/\/www.monaco-tribune.com\/it\/"},{"@type":"ListItem","position":2,"name":"A Monaco il Principe Alberto II proclama un lutto nazionale di tre giorni per la morte del papa"}]},{"@type":"WebSite","@id":"https:\/\/www.monaco-tribune.com\/it\/#website","url":"https:\/\/www.monaco-tribune.com\/it\/","name":"Monaco Tribune","description":"Monaco : actualit\u00e9s \u00e9conomiques, politiques, culturelles et sportives de Monaco et de la French Riviera.","publisher":{"@id":"https:\/\/www.monaco-tribune.com\/it\/#organization"},"potentialAction":[{"@type":"SearchAction","target":{"@type":"EntryPoint","urlTemplate":"https:\/\/www.monaco-tribune.com\/it\/?s={search_term_string}"},"query-input":{"@type":"PropertyValueSpecification","valueRequired":true,"valueName":"search_term_string"}}],"inLanguage":"it-IT"},{"@type":"Organization","@id":"https:\/\/www.monaco-tribune.com\/it\/#organization","name":"Monaco Tribune","url":"https:\/\/www.monaco-tribune.com\/it\/","logo":{"@type":"ImageObject","inLanguage":"it-IT","@id":"https:\/\/www.monaco-tribune.com\/it\/#\/schema\/logo\/image\/","url":"https:\/\/www.monaco-tribune.com\/wp-content\/uploads\/2022\/11\/logo-monaco-tribune.png","contentUrl":"https:\/\/www.monaco-tribune.com\/wp-content\/uploads\/2022\/11\/logo-monaco-tribune.png","width":1548,"height":600,"caption":"Monaco Tribune"},"image":{"@id":"https:\/\/www.monaco-tribune.com\/it\/#\/schema\/logo\/image\/"},"sameAs":["https:\/\/www.facebook.com\/MonacoTribune","https:\/\/x.com\/MonacoTribune","https:\/\/www.instagram.com\/monacotribune\/","https:\/\/www.linkedin.com\/company\/monaco-tribune","https:\/\/www.youtube.com\/channel\/UCHle1MnG6hw1y4lWKijVbMA"]},{"@type":"Person","@id":"https:\/\/www.monaco-tribune.com\/it\/#\/schema\/person\/8f6ed8c063276e2397589eda5b7a2f2d","name":"Monaco Tribune","image":{"@type":"ImageObject","inLanguage":"it-IT","@id":"https:\/\/secure.gravatar.com\/avatar\/3010e6c5d6c8056ec1c25228fe68ea089879e5ae0de884e0247744ee988aaf6a?s=96&d=mm&r=g","url":"https:\/\/secure.gravatar.com\/avatar\/3010e6c5d6c8056ec1c25228fe68ea089879e5ae0de884e0247744ee988aaf6a?s=96&d=mm&r=g","contentUrl":"https:\/\/secure.gravatar.com\/avatar\/3010e6c5d6c8056ec1c25228fe68ea089879e5ae0de884e0247744ee988aaf6a?s=96&d=mm&r=g","caption":"Monaco Tribune"},"url":"https:\/\/www.monaco-tribune.com\/it\/author\/monaco-tribune\/"}]}},"_links":{"self":[{"href":"https:\/\/www.monaco-tribune.com\/it\/wp-json\/wp\/v2\/posts\/288140","targetHints":{"allow":["GET"]}}],"collection":[{"href":"https:\/\/www.monaco-tribune.com\/it\/wp-json\/wp\/v2\/posts"}],"about":[{"href":"https:\/\/www.monaco-tribune.com\/it\/wp-json\/wp\/v2\/types\/post"}],"author":[{"embeddable":true,"href":"https:\/\/www.monaco-tribune.com\/it\/wp-json\/wp\/v2\/users\/21"}],"replies":[{"embeddable":true,"href":"https:\/\/www.monaco-tribune.com\/it\/wp-json\/wp\/v2\/comments?post=288140"}],"version-history":[{"count":2,"href":"https:\/\/www.monaco-tribune.com\/it\/wp-json\/wp\/v2\/posts\/288140\/revisions"}],"predecessor-version":[{"id":288143,"href":"https:\/\/www.monaco-tribune.com\/it\/wp-json\/wp\/v2\/posts\/288140\/revisions\/288143"}],"wp:featuredmedia":[{"embeddable":true,"href":"https:\/\/www.monaco-tribune.com\/it\/wp-json\/wp\/v2\/media\/288104"}],"wp:attachment":[{"href":"https:\/\/www.monaco-tribune.com\/it\/wp-json\/wp\/v2\/media?parent=288140"}],"wp:term":[{"taxonomy":"category","embeddable":true,"href":"https:\/\/www.monaco-tribune.com\/it\/wp-json\/wp\/v2\/categories?post=288140"},{"taxonomy":"post_tag","embeddable":true,"href":"https:\/\/www.monaco-tribune.com\/it\/wp-json\/wp\/v2\/tags?post=288140"},{"taxonomy":"sectag","embeddable":true,"href":"https:\/\/www.monaco-tribune.com\/it\/wp-json\/wp\/v2\/post_sectags?post=288140"},{"taxonomy":"format","embeddable":true,"href":"https:\/\/www.monaco-tribune.com\/it\/wp-json\/wp\/v2\/post_format?post=288140"}],"curies":[{"name":"wp","href":"https:\/\/api.w.org\/{rel}","templated":true}]}}