{"id":288273,"date":"2025-04-24T11:01:06","date_gmt":"2025-04-24T09:01:06","guid":{"rendered":"https:\/\/www.monaco-tribune.com\/2025\/04\/la-silenziosa-apocalisse-dei-coralli-l84-delle-barriere-mondiali-sono-in-pericolo\/"},"modified":"2025-04-24T11:01:27","modified_gmt":"2025-04-24T09:01:27","slug":"la-silenziosa-apocalisse-dei-coralli-l84-delle-barriere-mondiali-sono-in-pericolo","status":"publish","type":"post","link":"https:\/\/www.monaco-tribune.com\/it\/2025\/04\/la-silenziosa-apocalisse-dei-coralli-l84-delle-barriere-mondiali-sono-in-pericolo\/","title":{"rendered":"La silenziosa apocalisse dei coralli: l&#8217;84% delle barriere mondiali \u00e8 in pericolo"},"content":{"rendered":"\n<p><strong>Un fenomeno di portata senza precedenti minaccia gli ecosistemi marini pi\u00f9 ricchi del nostro pianeta, nel momento in cui l&#8217;episodio pi\u00f9 intenso mai registrato di sbiancamento dei coralli continua a distruggere gli oceani.<\/strong><\/p>\n\n<p>La situazione \u00e8 allarmante: secondo gli ultimi dati pubblicati dall&#8217;Iniziativa Internazionale per la Barriera Corallina (ICRI), l&#8217;84% delle barriere mondiali \u00e8 stato colpito da uno stress termico che ha raggiunto il livello di sbiancamento tra gennaio 2023 e marzo 2025. Questo fenomeno di intensit\u00e0 eccezionale riguarda 82 Paesi, territori e sistemi economici che dipendono dalle barriere.<\/p>\n\n<p>Di fronte a questa catastrofe ecologica, la comunit\u00e0 scientifica \u00e8 stata costretta ad aggiungere tre nuovi livelli di allerta per lo sbiancamento (dal livello 3 al 5), per descrivere l&#8217;ampiezza inedita dei danni. Il livello 5, il pi\u00f9 critico, indica un rischio di mortalit\u00e0 superiore all&#8217;80% per tutti i coralli di una barriera.<\/p>\n\n<h2 class=\"wp-block-heading\" id=\"h-les-causes-d-un-desastre-annonce\">Le cause di un disastro annunciato<\/h2>\n\n<p>&#8220;Questo episodio \u00e8 eccezionale in termini di durata (l&#8217;inizio risale a gennaio 2023), di ampiezza geografica e di intensit\u00e0 termica: le barriere sono colpite contemporaneamente nei tre principali bacini oceanici tropicali: l&#8217;oceano Atlantico, l&#8217;oceano Indiano e l&#8217;oceano Pacifico&#8221;, ci spiega il dottor Didier Zoccola, biologo marino e fondatore del Conservatorio Mondiale dei Coralli.<\/p>\n\n<p>Lo specialista monegasco sottolinea i fattori aggravanti: &#8220;Il fattore principale \u00e8 l&#8217;anormale riscaldamento della superficie degli oceani, amplificato quest&#8217;anno dal fenomeno climatico El Ni\u00f1o, che provoca un aumento temporaneo delle temperature di svariati gradi nel Pacifico tropicale, con conseguenze globali&#8221;.<\/p>\n\n<p class=\"related\"><a href=\"https:\/\/www.monaco-tribune.com\/it\/2024\/10\/miracolo-250-piccoli-coralli-rossi-sono-nati-a-monaco-grazie-alla-collaborazione-con-la-maison-chanel\/\">Miracolo! 250 coralli rossi nati a Monaco grazie alla collaborazione con la Maison Chanel<\/a><\/p>\n\n<h2 class=\"wp-block-heading\" id=\"h-un-enjeu-ecologique-et-economique-majeur\">Un&#8217;enorme sfida ecologica ed economica <\/h2>\n\n<p>Questi ecosistemi marini, spesso descritti come &#8220;foreste tropicali di mare&#8221;, non sono soltanto un&#8217;incredibile spettacolo da ammirare: costituiscono infatti l&#8217;habitat di circa un terzo di tutte le specie marine note, e forniscono risorse vitali a circa un miliardo di persone nel mondo. <\/p>\n\n<p>Le barriere coralline rappresentano inoltre una fonte economica considerevole, che genera circa 10.000 miliardi di dollari in termini di vantaggi legati alla pesca, al turismo e alla protezione delle coste.<\/p>\n\n<h2 class=\"wp-block-heading\" id=\"h-une-lueur-d-espoir\">Un barlume di speranza<\/h2>\n\n<p>Nonostante la gravit\u00e0 della situazione, gli esperti stimano che la combinazione di misure di conservazione locali e rapida riduzione delle emissioni potrebbe ancora permettere ai coralli di sopravvivere nel XXI secolo. La comunit\u00e0 scientifica invita a incrementare di sette volte gli investimenti per la protezione dei coralli e a limitare il riscaldamento mondiale a 1,5 \u00b0C per preservare questi ecosistemi vitali. <\/p>\n\n<p class=\"related\"><a href=\"https:\/\/www.monaco-tribune.com\/it\/2021\/01\/video-monaco-costruisce-unarca-di-noe-per-i-coralli\/\">Monaco costruisce un\u2019Arca di No\u00e8 per i coralli<\/a><\/p>\n\n<p>&#8220;A questo stadio, non possiamo prevedere alcun rallentamento del fenomeno&#8221;, avvisa il dottor Zoccola, ricordando l&#8217;urgente necessit\u00e0 di agire per salvare le &#8220;foreste tropicali di mare&#8221;.<\/p>\n","protected":false},"excerpt":{"rendered":"<p>Un fenomeno di portata senza precedenti minaccia gli ecosistemi marini pi\u00f9 ricchi del nostro pianeta, nel momento in cui l&#8217;episodio [&hellip;]<\/p>\n","protected":false},"author":78,"featured_media":288148,"comment_status":"closed","ping_status":"closed","sticky":false,"template":"","format":"standard","meta":{"_acf_changed":false,"footnotes":""},"categories":[1839,1738],"tags":[4219],"post_sectags":[],"post_format":[2478],"class_list":["post-288273","post","type-post","status-publish","format-standard","has-post-thumbnail","hentry","category-green","category-notizie","tag-iniziative","format-notizia"],"acf":[],"yoast_head":"<!-- This site is optimized with the Yoast SEO Premium plugin v26.8 (Yoast SEO v27.5) - https:\/\/yoast.com\/product\/yoast-seo-premium-wordpress\/ -->\n<title>La silenziosa apocalisse dei coralli: l&#039;84% delle barriere mondiali \u00e8 in pericolo<\/title>\n<meta name=\"description\" content=\"Un fenomeno di portata senza precedenti minaccia gli ecosistemi marini pi\u00f9 ricchi del nostro pianeta, nel momento in cui l&#039;episodio pi\u00f9 intenso mai\" \/>\n<meta name=\"robots\" content=\"index, follow, max-snippet:-1, max-image-preview:large, max-video-preview:-1\" \/>\n<link rel=\"canonical\" href=\"https:\/\/www.monaco-tribune.com\/it\/2025\/04\/la-silenziosa-apocalisse-dei-coralli-l84-delle-barriere-mondiali-sono-in-pericolo\/\" \/>\n<meta property=\"og:locale\" content=\"it_IT\" \/>\n<meta property=\"og:type\" content=\"article\" \/>\n<meta property=\"og:title\" content=\"La silenziosa apocalisse dei coralli: l&#039;84% delle barriere mondiali \u00e8 in pericolo - Monaco Tribune\" \/>\n<meta property=\"og:description\" content=\"Un fenomeno di portata senza precedenti minaccia gli ecosistemi marini pi\u00f9 ricchi del nostro pianeta, nel momento in cui l&#039;episodio pi\u00f9 intenso mai\" \/>\n<meta property=\"og:url\" content=\"https:\/\/www.monaco-tribune.com\/it\/2025\/04\/la-silenziosa-apocalisse-dei-coralli-l84-delle-barriere-mondiali-sono-in-pericolo\/\" \/>\n<meta property=\"og:site_name\" content=\"Monaco Tribune\" \/>\n<meta property=\"article:publisher\" content=\"https:\/\/www.facebook.com\/MonacoTribune\" \/>\n<meta property=\"article:published_time\" content=\"2025-04-24T09:01:06+00:00\" \/>\n<meta property=\"article:modified_time\" content=\"2025-04-24T09:01:27+00:00\" \/>\n<meta property=\"og:image\" content=\"https:\/\/www.monaco-tribune.com\/wp-content\/uploads\/2025\/04\/coral-bleeching-1.jpg\" \/>\n\t<meta property=\"og:image:width\" content=\"1200\" \/>\n\t<meta property=\"og:image:height\" content=\"821\" \/>\n\t<meta property=\"og:image:type\" content=\"image\/jpeg\" \/>\n<meta name=\"author\" content=\"Mark Linden\" \/>\n<meta name=\"twitter:card\" content=\"summary_large_image\" \/>\n<meta name=\"twitter:creator\" content=\"@MonacoTribune\" \/>\n<meta name=\"twitter:site\" content=\"@MonacoTribune\" \/>\n<script type=\"application\/ld+json\" class=\"yoast-schema-graph\">{\"@context\":\"https:\\\/\\\/schema.org\",\"@graph\":[{\"@type\":\"NewsArticle\",\"@id\":\"https:\\\/\\\/www.monaco-tribune.com\\\/it\\\/2025\\\/04\\\/la-silenziosa-apocalisse-dei-coralli-l84-delle-barriere-mondiali-sono-in-pericolo\\\/#article\",\"isPartOf\":{\"@id\":\"https:\\\/\\\/www.monaco-tribune.com\\\/it\\\/2025\\\/04\\\/la-silenziosa-apocalisse-dei-coralli-l84-delle-barriere-mondiali-sono-in-pericolo\\\/\"},\"author\":{\"name\":\"Mark Linden\",\"@id\":\"https:\\\/\\\/www.monaco-tribune.com\\\/it\\\/#\\\/schema\\\/person\\\/3796f08c04a1ae0bf5db7629e63acc06\"},\"headline\":\"La silenziosa apocalisse dei coralli: l&#8217;84% delle barriere mondiali \u00e8 in pericolo\",\"datePublished\":\"2025-04-24T09:01:06+00:00\",\"dateModified\":\"2025-04-24T09:01:27+00:00\",\"mainEntityOfPage\":{\"@id\":\"https:\\\/\\\/www.monaco-tribune.com\\\/it\\\/2025\\\/04\\\/la-silenziosa-apocalisse-dei-coralli-l84-delle-barriere-mondiali-sono-in-pericolo\\\/\"},\"wordCount\":442,\"publisher\":{\"@id\":\"https:\\\/\\\/www.monaco-tribune.com\\\/it\\\/#organization\"},\"image\":{\"@id\":\"https:\\\/\\\/www.monaco-tribune.com\\\/it\\\/2025\\\/04\\\/la-silenziosa-apocalisse-dei-coralli-l84-delle-barriere-mondiali-sono-in-pericolo\\\/#primaryimage\"},\"thumbnailUrl\":\"https:\\\/\\\/www.monaco-tribune.com\\\/wp-content\\\/uploads\\\/2025\\\/04\\\/coral-bleeching-1.jpg\",\"keywords\":[\"Iniziative\"],\"articleSection\":[\"Green\",\"Notizie\"],\"inLanguage\":\"it-IT\",\"copyrightYear\":\"2025\",\"copyrightHolder\":{\"@id\":\"https:\\\/\\\/www.monaco-tribune.com\\\/#organization\"}},{\"@type\":\"WebPage\",\"@id\":\"https:\\\/\\\/www.monaco-tribune.com\\\/it\\\/2025\\\/04\\\/la-silenziosa-apocalisse-dei-coralli-l84-delle-barriere-mondiali-sono-in-pericolo\\\/\",\"url\":\"https:\\\/\\\/www.monaco-tribune.com\\\/it\\\/2025\\\/04\\\/la-silenziosa-apocalisse-dei-coralli-l84-delle-barriere-mondiali-sono-in-pericolo\\\/\",\"name\":\"La silenziosa apocalisse dei coralli: l'84% delle barriere mondiali \u00e8 in pericolo\",\"isPartOf\":{\"@id\":\"https:\\\/\\\/www.monaco-tribune.com\\\/it\\\/#website\"},\"primaryImageOfPage\":{\"@id\":\"https:\\\/\\\/www.monaco-tribune.com\\\/it\\\/2025\\\/04\\\/la-silenziosa-apocalisse-dei-coralli-l84-delle-barriere-mondiali-sono-in-pericolo\\\/#primaryimage\"},\"image\":{\"@id\":\"https:\\\/\\\/www.monaco-tribune.com\\\/it\\\/2025\\\/04\\\/la-silenziosa-apocalisse-dei-coralli-l84-delle-barriere-mondiali-sono-in-pericolo\\\/#primaryimage\"},\"thumbnailUrl\":\"https:\\\/\\\/www.monaco-tribune.com\\\/wp-content\\\/uploads\\\/2025\\\/04\\\/coral-bleeching-1.jpg\",\"datePublished\":\"2025-04-24T09:01:06+00:00\",\"dateModified\":\"2025-04-24T09:01:27+00:00\",\"description\":\"Un fenomeno di portata senza precedenti minaccia gli ecosistemi marini pi\u00f9 ricchi del nostro pianeta, nel momento in cui l'episodio pi\u00f9 intenso mai\",\"breadcrumb\":{\"@id\":\"https:\\\/\\\/www.monaco-tribune.com\\\/it\\\/2025\\\/04\\\/la-silenziosa-apocalisse-dei-coralli-l84-delle-barriere-mondiali-sono-in-pericolo\\\/#breadcrumb\"},\"inLanguage\":\"it-IT\",\"potentialAction\":[{\"@type\":\"ReadAction\",\"target\":[\"https:\\\/\\\/www.monaco-tribune.com\\\/it\\\/2025\\\/04\\\/la-silenziosa-apocalisse-dei-coralli-l84-delle-barriere-mondiali-sono-in-pericolo\\\/\"]}]},{\"@type\":\"ImageObject\",\"inLanguage\":\"it-IT\",\"@id\":\"https:\\\/\\\/www.monaco-tribune.com\\\/it\\\/2025\\\/04\\\/la-silenziosa-apocalisse-dei-coralli-l84-delle-barriere-mondiali-sono-in-pericolo\\\/#primaryimage\",\"url\":\"https:\\\/\\\/www.monaco-tribune.com\\\/wp-content\\\/uploads\\\/2025\\\/04\\\/coral-bleeching-1.jpg\",\"contentUrl\":\"https:\\\/\\\/www.monaco-tribune.com\\\/wp-content\\\/uploads\\\/2025\\\/04\\\/coral-bleeching-1.jpg\",\"width\":1200,\"height\":821,\"caption\":\"Una situazione disastrosa per i coralli \\\/ Foto da Unsplash\"},{\"@type\":\"BreadcrumbList\",\"@id\":\"https:\\\/\\\/www.monaco-tribune.com\\\/it\\\/2025\\\/04\\\/la-silenziosa-apocalisse-dei-coralli-l84-delle-barriere-mondiali-sono-in-pericolo\\\/#breadcrumb\",\"itemListElement\":[{\"@type\":\"ListItem\",\"position\":1,\"name\":\"Accueil\",\"item\":\"https:\\\/\\\/www.monaco-tribune.com\\\/it\\\/\"},{\"@type\":\"ListItem\",\"position\":2,\"name\":\"La silenziosa apocalisse dei coralli: l&#8217;84% delle barriere mondiali \u00e8 in pericolo\"}]},{\"@type\":\"WebSite\",\"@id\":\"https:\\\/\\\/www.monaco-tribune.com\\\/it\\\/#website\",\"url\":\"https:\\\/\\\/www.monaco-tribune.com\\\/it\\\/\",\"name\":\"Monaco Tribune\",\"description\":\"Monaco : actualit\u00e9s \u00e9conomiques, politiques, culturelles et sportives de Monaco et de la French Riviera.\",\"publisher\":{\"@id\":\"https:\\\/\\\/www.monaco-tribune.com\\\/it\\\/#organization\"},\"potentialAction\":[{\"@type\":\"SearchAction\",\"target\":{\"@type\":\"EntryPoint\",\"urlTemplate\":\"https:\\\/\\\/www.monaco-tribune.com\\\/it\\\/?s={search_term_string}\"},\"query-input\":{\"@type\":\"PropertyValueSpecification\",\"valueRequired\":true,\"valueName\":\"search_term_string\"}}],\"inLanguage\":\"it-IT\"},{\"@type\":\"Organization\",\"@id\":\"https:\\\/\\\/www.monaco-tribune.com\\\/it\\\/#organization\",\"name\":\"Monaco Tribune\",\"url\":\"https:\\\/\\\/www.monaco-tribune.com\\\/it\\\/\",\"logo\":{\"@type\":\"ImageObject\",\"inLanguage\":\"it-IT\",\"@id\":\"https:\\\/\\\/www.monaco-tribune.com\\\/it\\\/#\\\/schema\\\/logo\\\/image\\\/\",\"url\":\"https:\\\/\\\/www.monaco-tribune.com\\\/wp-content\\\/uploads\\\/2022\\\/11\\\/logo-monaco-tribune.png\",\"contentUrl\":\"https:\\\/\\\/www.monaco-tribune.com\\\/wp-content\\\/uploads\\\/2022\\\/11\\\/logo-monaco-tribune.png\",\"width\":1548,\"height\":600,\"caption\":\"Monaco Tribune\"},\"image\":{\"@id\":\"https:\\\/\\\/www.monaco-tribune.com\\\/it\\\/#\\\/schema\\\/logo\\\/image\\\/\"},\"sameAs\":[\"https:\\\/\\\/www.facebook.com\\\/MonacoTribune\",\"https:\\\/\\\/x.com\\\/MonacoTribune\",\"https:\\\/\\\/www.instagram.com\\\/monacotribune\\\/\",\"https:\\\/\\\/www.linkedin.com\\\/company\\\/monaco-tribune\",\"https:\\\/\\\/www.youtube.com\\\/channel\\\/UCHle1MnG6hw1y4lWKijVbMA\"]},{\"@type\":\"Person\",\"@id\":\"https:\\\/\\\/www.monaco-tribune.com\\\/it\\\/#\\\/schema\\\/person\\\/3796f08c04a1ae0bf5db7629e63acc06\",\"name\":\"Mark Linden\",\"image\":{\"@type\":\"ImageObject\",\"inLanguage\":\"it-IT\",\"@id\":\"https:\\\/\\\/secure.gravatar.com\\\/avatar\\\/d0130c037315ebbab849176573fa4be49bb085b56b56eef40dfdebd8b0dab200?s=96&d=mm&r=g\",\"url\":\"https:\\\/\\\/secure.gravatar.com\\\/avatar\\\/d0130c037315ebbab849176573fa4be49bb085b56b56eef40dfdebd8b0dab200?s=96&d=mm&r=g\",\"contentUrl\":\"https:\\\/\\\/secure.gravatar.com\\\/avatar\\\/d0130c037315ebbab849176573fa4be49bb085b56b56eef40dfdebd8b0dab200?s=96&d=mm&r=g\",\"caption\":\"Mark Linden\"},\"url\":\"https:\\\/\\\/www.monaco-tribune.com\\\/it\\\/author\\\/nielslinden\\\/\"}]}<\/script>\n<!-- \/ Yoast SEO Premium plugin. -->","yoast_head_json":{"title":"La silenziosa apocalisse dei coralli: l'84% delle barriere mondiali \u00e8 in pericolo","description":"Un fenomeno di portata senza precedenti minaccia gli ecosistemi marini pi\u00f9 ricchi del nostro pianeta, nel momento in cui l'episodio pi\u00f9 intenso mai","robots":{"index":"index","follow":"follow","max-snippet":"max-snippet:-1","max-image-preview":"max-image-preview:large","max-video-preview":"max-video-preview:-1"},"canonical":"https:\/\/www.monaco-tribune.com\/it\/2025\/04\/la-silenziosa-apocalisse-dei-coralli-l84-delle-barriere-mondiali-sono-in-pericolo\/","og_locale":"it_IT","og_type":"article","og_title":"La silenziosa apocalisse dei coralli: l'84% delle barriere mondiali \u00e8 in pericolo - Monaco Tribune","og_description":"Un fenomeno di portata senza precedenti minaccia gli ecosistemi marini pi\u00f9 ricchi del nostro pianeta, nel momento in cui l'episodio pi\u00f9 intenso mai","og_url":"https:\/\/www.monaco-tribune.com\/it\/2025\/04\/la-silenziosa-apocalisse-dei-coralli-l84-delle-barriere-mondiali-sono-in-pericolo\/","og_site_name":"Monaco Tribune","article_publisher":"https:\/\/www.facebook.com\/MonacoTribune","article_published_time":"2025-04-24T09:01:06+00:00","article_modified_time":"2025-04-24T09:01:27+00:00","og_image":[{"width":1200,"height":821,"url":"https:\/\/www.monaco-tribune.com\/wp-content\/uploads\/2025\/04\/coral-bleeching-1.jpg","type":"image\/jpeg"}],"author":"Mark Linden","twitter_card":"summary_large_image","twitter_creator":"@MonacoTribune","twitter_site":"@MonacoTribune","schema":{"@context":"https:\/\/schema.org","@graph":[{"@type":"NewsArticle","@id":"https:\/\/www.monaco-tribune.com\/it\/2025\/04\/la-silenziosa-apocalisse-dei-coralli-l84-delle-barriere-mondiali-sono-in-pericolo\/#article","isPartOf":{"@id":"https:\/\/www.monaco-tribune.com\/it\/2025\/04\/la-silenziosa-apocalisse-dei-coralli-l84-delle-barriere-mondiali-sono-in-pericolo\/"},"author":{"name":"Mark Linden","@id":"https:\/\/www.monaco-tribune.com\/it\/#\/schema\/person\/3796f08c04a1ae0bf5db7629e63acc06"},"headline":"La silenziosa apocalisse dei coralli: l&#8217;84% delle barriere mondiali \u00e8 in pericolo","datePublished":"2025-04-24T09:01:06+00:00","dateModified":"2025-04-24T09:01:27+00:00","mainEntityOfPage":{"@id":"https:\/\/www.monaco-tribune.com\/it\/2025\/04\/la-silenziosa-apocalisse-dei-coralli-l84-delle-barriere-mondiali-sono-in-pericolo\/"},"wordCount":442,"publisher":{"@id":"https:\/\/www.monaco-tribune.com\/it\/#organization"},"image":{"@id":"https:\/\/www.monaco-tribune.com\/it\/2025\/04\/la-silenziosa-apocalisse-dei-coralli-l84-delle-barriere-mondiali-sono-in-pericolo\/#primaryimage"},"thumbnailUrl":"https:\/\/www.monaco-tribune.com\/wp-content\/uploads\/2025\/04\/coral-bleeching-1.jpg","keywords":["Iniziative"],"articleSection":["Green","Notizie"],"inLanguage":"it-IT","copyrightYear":"2025","copyrightHolder":{"@id":"https:\/\/www.monaco-tribune.com\/#organization"}},{"@type":"WebPage","@id":"https:\/\/www.monaco-tribune.com\/it\/2025\/04\/la-silenziosa-apocalisse-dei-coralli-l84-delle-barriere-mondiali-sono-in-pericolo\/","url":"https:\/\/www.monaco-tribune.com\/it\/2025\/04\/la-silenziosa-apocalisse-dei-coralli-l84-delle-barriere-mondiali-sono-in-pericolo\/","name":"La silenziosa apocalisse dei coralli: l'84% delle barriere mondiali \u00e8 in pericolo","isPartOf":{"@id":"https:\/\/www.monaco-tribune.com\/it\/#website"},"primaryImageOfPage":{"@id":"https:\/\/www.monaco-tribune.com\/it\/2025\/04\/la-silenziosa-apocalisse-dei-coralli-l84-delle-barriere-mondiali-sono-in-pericolo\/#primaryimage"},"image":{"@id":"https:\/\/www.monaco-tribune.com\/it\/2025\/04\/la-silenziosa-apocalisse-dei-coralli-l84-delle-barriere-mondiali-sono-in-pericolo\/#primaryimage"},"thumbnailUrl":"https:\/\/www.monaco-tribune.com\/wp-content\/uploads\/2025\/04\/coral-bleeching-1.jpg","datePublished":"2025-04-24T09:01:06+00:00","dateModified":"2025-04-24T09:01:27+00:00","description":"Un fenomeno di portata senza precedenti minaccia gli ecosistemi marini pi\u00f9 ricchi del nostro pianeta, nel momento in cui l'episodio pi\u00f9 intenso mai","breadcrumb":{"@id":"https:\/\/www.monaco-tribune.com\/it\/2025\/04\/la-silenziosa-apocalisse-dei-coralli-l84-delle-barriere-mondiali-sono-in-pericolo\/#breadcrumb"},"inLanguage":"it-IT","potentialAction":[{"@type":"ReadAction","target":["https:\/\/www.monaco-tribune.com\/it\/2025\/04\/la-silenziosa-apocalisse-dei-coralli-l84-delle-barriere-mondiali-sono-in-pericolo\/"]}]},{"@type":"ImageObject","inLanguage":"it-IT","@id":"https:\/\/www.monaco-tribune.com\/it\/2025\/04\/la-silenziosa-apocalisse-dei-coralli-l84-delle-barriere-mondiali-sono-in-pericolo\/#primaryimage","url":"https:\/\/www.monaco-tribune.com\/wp-content\/uploads\/2025\/04\/coral-bleeching-1.jpg","contentUrl":"https:\/\/www.monaco-tribune.com\/wp-content\/uploads\/2025\/04\/coral-bleeching-1.jpg","width":1200,"height":821,"caption":"Una situazione disastrosa per i coralli \/ Foto da Unsplash"},{"@type":"BreadcrumbList","@id":"https:\/\/www.monaco-tribune.com\/it\/2025\/04\/la-silenziosa-apocalisse-dei-coralli-l84-delle-barriere-mondiali-sono-in-pericolo\/#breadcrumb","itemListElement":[{"@type":"ListItem","position":1,"name":"Accueil","item":"https:\/\/www.monaco-tribune.com\/it\/"},{"@type":"ListItem","position":2,"name":"La silenziosa apocalisse dei coralli: l&#8217;84% delle barriere mondiali \u00e8 in pericolo"}]},{"@type":"WebSite","@id":"https:\/\/www.monaco-tribune.com\/it\/#website","url":"https:\/\/www.monaco-tribune.com\/it\/","name":"Monaco Tribune","description":"Monaco : actualit\u00e9s \u00e9conomiques, politiques, culturelles et sportives de Monaco et de la French Riviera.","publisher":{"@id":"https:\/\/www.monaco-tribune.com\/it\/#organization"},"potentialAction":[{"@type":"SearchAction","target":{"@type":"EntryPoint","urlTemplate":"https:\/\/www.monaco-tribune.com\/it\/?s={search_term_string}"},"query-input":{"@type":"PropertyValueSpecification","valueRequired":true,"valueName":"search_term_string"}}],"inLanguage":"it-IT"},{"@type":"Organization","@id":"https:\/\/www.monaco-tribune.com\/it\/#organization","name":"Monaco Tribune","url":"https:\/\/www.monaco-tribune.com\/it\/","logo":{"@type":"ImageObject","inLanguage":"it-IT","@id":"https:\/\/www.monaco-tribune.com\/it\/#\/schema\/logo\/image\/","url":"https:\/\/www.monaco-tribune.com\/wp-content\/uploads\/2022\/11\/logo-monaco-tribune.png","contentUrl":"https:\/\/www.monaco-tribune.com\/wp-content\/uploads\/2022\/11\/logo-monaco-tribune.png","width":1548,"height":600,"caption":"Monaco Tribune"},"image":{"@id":"https:\/\/www.monaco-tribune.com\/it\/#\/schema\/logo\/image\/"},"sameAs":["https:\/\/www.facebook.com\/MonacoTribune","https:\/\/x.com\/MonacoTribune","https:\/\/www.instagram.com\/monacotribune\/","https:\/\/www.linkedin.com\/company\/monaco-tribune","https:\/\/www.youtube.com\/channel\/UCHle1MnG6hw1y4lWKijVbMA"]},{"@type":"Person","@id":"https:\/\/www.monaco-tribune.com\/it\/#\/schema\/person\/3796f08c04a1ae0bf5db7629e63acc06","name":"Mark Linden","image":{"@type":"ImageObject","inLanguage":"it-IT","@id":"https:\/\/secure.gravatar.com\/avatar\/d0130c037315ebbab849176573fa4be49bb085b56b56eef40dfdebd8b0dab200?s=96&d=mm&r=g","url":"https:\/\/secure.gravatar.com\/avatar\/d0130c037315ebbab849176573fa4be49bb085b56b56eef40dfdebd8b0dab200?s=96&d=mm&r=g","contentUrl":"https:\/\/secure.gravatar.com\/avatar\/d0130c037315ebbab849176573fa4be49bb085b56b56eef40dfdebd8b0dab200?s=96&d=mm&r=g","caption":"Mark Linden"},"url":"https:\/\/www.monaco-tribune.com\/it\/author\/nielslinden\/"}]}},"_links":{"self":[{"href":"https:\/\/www.monaco-tribune.com\/it\/wp-json\/wp\/v2\/posts\/288273","targetHints":{"allow":["GET"]}}],"collection":[{"href":"https:\/\/www.monaco-tribune.com\/it\/wp-json\/wp\/v2\/posts"}],"about":[{"href":"https:\/\/www.monaco-tribune.com\/it\/wp-json\/wp\/v2\/types\/post"}],"author":[{"embeddable":true,"href":"https:\/\/www.monaco-tribune.com\/it\/wp-json\/wp\/v2\/users\/78"}],"replies":[{"embeddable":true,"href":"https:\/\/www.monaco-tribune.com\/it\/wp-json\/wp\/v2\/comments?post=288273"}],"version-history":[{"count":2,"href":"https:\/\/www.monaco-tribune.com\/it\/wp-json\/wp\/v2\/posts\/288273\/revisions"}],"predecessor-version":[{"id":288276,"href":"https:\/\/www.monaco-tribune.com\/it\/wp-json\/wp\/v2\/posts\/288273\/revisions\/288276"}],"wp:featuredmedia":[{"embeddable":true,"href":"https:\/\/www.monaco-tribune.com\/it\/wp-json\/wp\/v2\/media\/288148"}],"wp:attachment":[{"href":"https:\/\/www.monaco-tribune.com\/it\/wp-json\/wp\/v2\/media?parent=288273"}],"wp:term":[{"taxonomy":"category","embeddable":true,"href":"https:\/\/www.monaco-tribune.com\/it\/wp-json\/wp\/v2\/categories?post=288273"},{"taxonomy":"post_tag","embeddable":true,"href":"https:\/\/www.monaco-tribune.com\/it\/wp-json\/wp\/v2\/tags?post=288273"},{"taxonomy":"sectag","embeddable":true,"href":"https:\/\/www.monaco-tribune.com\/it\/wp-json\/wp\/v2\/post_sectags?post=288273"},{"taxonomy":"format","embeddable":true,"href":"https:\/\/www.monaco-tribune.com\/it\/wp-json\/wp\/v2\/post_format?post=288273"}],"curies":[{"name":"wp","href":"https:\/\/api.w.org\/{rel}","templated":true}]}}