{"id":289054,"date":"2025-04-28T12:50:20","date_gmt":"2025-04-28T10:50:20","guid":{"rendered":"https:\/\/www.monaco-tribune.com\/2025\/04\/il-principe-alberto-ii-e-la-principessa-charlene-incoronano-i-campioni-del-13-torneo-di-santa-devota\/"},"modified":"2025-04-28T12:50:21","modified_gmt":"2025-04-28T10:50:21","slug":"il-principe-alberto-ii-e-la-principessa-charlene-incoronano-i-campioni-del-13-torneo-di-santa-devota","status":"publish","type":"post","link":"https:\/\/www.monaco-tribune.com\/it\/2025\/04\/il-principe-alberto-ii-e-la-principessa-charlene-incoronano-i-campioni-del-13-torneo-di-santa-devota\/","title":{"rendered":"Il Principe Alberto II e la Principessa Charl\u00e8ne incoronano i campioni del 13\u00b0 Torneo di Santa Devota"},"content":{"rendered":"\n<p><strong>Il prestigioso torneo internazionale di rugby a 7 si \u00e8 concluso lo scorso sabato presso lo Stadio Louis II con una finale elettrizzante, sotto lo sguardo vigile della Coppia Principesca presente per celebrare lo spirito sportivo e i valori del rugby.<\/strong><\/p>\n\n<p>Lo scorso sabato 26 aprile la 13\u00b0 edizione del Torneo di Santa Devota \u00e8 giunta all&#8217;epilogo con la vittoria schiacciante (2-0) del Montpellier H\u00e9rault Rugby contro il club inglese Cobham FC. Il Principe Alberto II e la Principessa Charl\u00e8ne hanno onorato la finale della loro presenza, dando un tocco principesco a questo appuntamento diventato ormai imprescindibile nel calendario sportivo dei giovani rugbisti.<\/p>\n\n<p>Tendai Mtawarira, soprannominato &#8220;The Beast&#8221; \u2013 leggenda sudafricana e campione del mondo nel 2019 con gli Springboks \u2013 ha assistito alla cerimonia di consegna dei premi come padrino di questa edizione, consolidando il prestigio internazionale dell&#8217;evento.<\/p>\n\n<figure class=\"wp-block-gallery has-nested-images columns-1 is-cropped wp-block-gallery-1 is-layout-flex wp-block-gallery-is-layout-flex\">\n<figure class=\"wp-block-image size-large\"><img loading=\"lazy\" decoding=\"async\" width=\"1024\" height=\"682\" data-id=\"288873\" src=\"https:\/\/www.monaco-tribune.com\/wp-content\/uploads\/2025\/04\/princesse-charlene-of-monaco-and-prince-albert-of-monaco-1024x682.jpg\" alt=\"\" class=\"wp-image-288873\" srcset=\"https:\/\/www.monaco-tribune.com\/wp-content\/uploads\/2025\/04\/princesse-charlene-of-monaco-and-prince-albert-of-monaco-1024x682.jpg 1024w, https:\/\/www.monaco-tribune.com\/wp-content\/uploads\/2025\/04\/princesse-charlene-of-monaco-and-prince-albert-of-monaco-451x300.jpg 451w, https:\/\/www.monaco-tribune.com\/wp-content\/uploads\/2025\/04\/princesse-charlene-of-monaco-and-prince-albert-of-monaco.jpg 1200w\" sizes=\"auto, (max-width: 1024px) 100vw, 1024px\" \/><\/figure>\n\n\n\n<figure class=\"wp-block-image size-large\"><img loading=\"lazy\" decoding=\"async\" width=\"1024\" height=\"682\" data-id=\"288877\" src=\"https:\/\/www.monaco-tribune.com\/wp-content\/uploads\/2025\/04\/prince-et-princesse-monaco-1024x682.jpg\" alt=\"\" class=\"wp-image-288877\" srcset=\"https:\/\/www.monaco-tribune.com\/wp-content\/uploads\/2025\/04\/prince-et-princesse-monaco-1024x682.jpg 1024w, https:\/\/www.monaco-tribune.com\/wp-content\/uploads\/2025\/04\/prince-et-princesse-monaco-451x300.jpg 451w, https:\/\/www.monaco-tribune.com\/wp-content\/uploads\/2025\/04\/prince-et-princesse-monaco.jpg 1200w\" sizes=\"auto, (max-width: 1024px) 100vw, 1024px\" \/><\/figure>\n\n\n\n<figure class=\"wp-block-image size-large\"><img loading=\"lazy\" decoding=\"async\" width=\"1024\" height=\"683\" data-id=\"288881\" src=\"https:\/\/www.monaco-tribune.com\/wp-content\/uploads\/2025\/04\/princesse-charlene-of-monaco-1-1024x683.jpg\" alt=\"\" class=\"wp-image-288881\" srcset=\"https:\/\/www.monaco-tribune.com\/wp-content\/uploads\/2025\/04\/princesse-charlene-of-monaco-1-1024x683.jpg 1024w, https:\/\/www.monaco-tribune.com\/wp-content\/uploads\/2025\/04\/princesse-charlene-of-monaco-1-450x300.jpg 450w, https:\/\/www.monaco-tribune.com\/wp-content\/uploads\/2025\/04\/princesse-charlene-of-monaco-1.jpg 1200w\" sizes=\"auto, (max-width: 1024px) 100vw, 1024px\" \/><\/figure>\n\n\n\n<figure class=\"wp-block-image size-large\"><img loading=\"lazy\" decoding=\"async\" width=\"1024\" height=\"683\" data-id=\"288885\" src=\"https:\/\/www.monaco-tribune.com\/wp-content\/uploads\/2025\/04\/rugby-monaco-tournoi-sainte-devote-1024x683.jpg\" alt=\"\" class=\"wp-image-288885\" srcset=\"https:\/\/www.monaco-tribune.com\/wp-content\/uploads\/2025\/04\/rugby-monaco-tournoi-sainte-devote-1024x683.jpg 1024w, https:\/\/www.monaco-tribune.com\/wp-content\/uploads\/2025\/04\/rugby-monaco-tournoi-sainte-devote-450x300.jpg 450w, https:\/\/www.monaco-tribune.com\/wp-content\/uploads\/2025\/04\/rugby-monaco-tournoi-sainte-devote.jpg 1200w\" sizes=\"auto, (max-width: 1024px) 100vw, 1024px\" \/><\/figure>\n\n\n\n<figure class=\"wp-block-image size-large\"><img loading=\"lazy\" decoding=\"async\" width=\"1024\" height=\"681\" data-id=\"288889\" src=\"https:\/\/www.monaco-tribune.com\/wp-content\/uploads\/2025\/04\/rugby-monaco-1024x681.jpg\" alt=\"\" class=\"wp-image-288889\" srcset=\"https:\/\/www.monaco-tribune.com\/wp-content\/uploads\/2025\/04\/rugby-monaco-1024x681.jpg 1024w, https:\/\/www.monaco-tribune.com\/wp-content\/uploads\/2025\/04\/rugby-monaco-451x300.jpg 451w, https:\/\/www.monaco-tribune.com\/wp-content\/uploads\/2025\/04\/rugby-monaco.jpg 1200w\" sizes=\"auto, (max-width: 1024px) 100vw, 1024px\" \/><\/figure>\n\n\n\n<figure class=\"wp-block-image size-large\"><img loading=\"lazy\" decoding=\"async\" width=\"1024\" height=\"683\" data-id=\"288893\" src=\"https:\/\/www.monaco-tribune.com\/wp-content\/uploads\/2025\/04\/tournoi-sainte-devote-2025-1024x683.jpg\" alt=\"\" class=\"wp-image-288893\" srcset=\"https:\/\/www.monaco-tribune.com\/wp-content\/uploads\/2025\/04\/tournoi-sainte-devote-2025-1024x683.jpg 1024w, https:\/\/www.monaco-tribune.com\/wp-content\/uploads\/2025\/04\/tournoi-sainte-devote-2025-450x300.jpg 450w, https:\/\/www.monaco-tribune.com\/wp-content\/uploads\/2025\/04\/tournoi-sainte-devote-2025.jpg 1200w\" sizes=\"auto, (max-width: 1024px) 100vw, 1024px\" \/><\/figure>\n\n\n<div class=\"wp-block-image\">\n<figure class=\"aligncenter size-large\"><img loading=\"lazy\" decoding=\"async\" width=\"1024\" height=\"683\" data-id=\"288897\" src=\"https:\/\/www.monaco-tribune.com\/wp-content\/uploads\/2025\/04\/tournoi-sainte-devote-monaco-1-1024x683.jpg\" alt=\"\" class=\"wp-image-288897\" srcset=\"https:\/\/www.monaco-tribune.com\/wp-content\/uploads\/2025\/04\/tournoi-sainte-devote-monaco-1-1024x683.jpg 1024w, https:\/\/www.monaco-tribune.com\/wp-content\/uploads\/2025\/04\/tournoi-sainte-devote-monaco-1-450x300.jpg 450w, https:\/\/www.monaco-tribune.com\/wp-content\/uploads\/2025\/04\/tournoi-sainte-devote-monaco-1.jpg 1200w\" sizes=\"auto, (max-width: 1024px) 100vw, 1024px\" \/><figcaption class=\"wp-element-caption\">\u00a9 Eric Mathon \/ Palazzo del Principe<\/figcaption><\/figure>\n<\/div><\/figure>\n\n<h2 class=\"wp-block-heading\" id=\"h-monaco-remporte-le-trophee-sainte-devote\">Monaco porta a casa il trofeo di Santa Devota<\/h2>\n\n<p>Momento cardine della competizione: la consegna da parte della Principessa Charl\u00e8ne, in qualit\u00e0 di <a href=\"https:\/\/www.monaco-tribune.com\/it\/2024\/11\/la-principessa-charlene-nominata-presidente-della-federazione-monegasca-di-rugby\/\">presidente della Federazione Monegasca di Rugby<\/a>, del trofeo di Santa Devota alla squadra nazionale di Monaco, ricompensando cos\u00ec i vincitori della tradizionale partita tra il Monaco e il Rugby Club Lucciana. Questo incontro simbolico, che si disputa dal 2011, sottolinea di anno in anno il legame tra il Principato e la Corsica, unite dalla storia della santa patrona.<\/p>\n\n<h2 class=\"wp-block-heading\" id=\"h-un-festival-international-de-jeunes-talents\">Un festival internazionale di giovani talenti<\/h2>\n\n<p>Il torneo ha radunato 24 squadre da 21 nazioni diverse, dando vita a uno spettacolo sportivo di portata mondiale. Al di l\u00e0 della competizione, l&#8217;evento ha incarnato perfettamente i valori del rugby: disciplina, tolleranza e rispetto.<\/p>\n\n<p>Il giovane Xavier Papp, rugbista della squadra svizzera Rugby Vaudois, si \u00e8 particolarmente distinto e ha per questo ricevuto il trofeo di miglior giocatore, che ricompensa il suo esemplare talento e spirito sportivo.<\/p>\n\n<p>Inaugurata lo scorso venerd\u00ec con una cerimonia di apertura presieduta dalla Principessa Charl\u00e8ne, questa 13\u00b0 edizione ha anche proposto diverse attivit\u00e0 inclusive come il &#8220;Rugby per tutti&#8221;, che ha permesso ai bambini del Principato in et\u00e0 scolastica e ai giovani adulti con disabilit\u00e0 di avvicinarsi al pallone ovale.<\/p>\n\n<p>I campi, intitolati al Principe Ereditario Jacques e alla Principessa Gabriella, hanno ospitato una due-giorni di incontri appassionanti, gratuiti e aperti al pubblico, che hanno reso il torneo \u2013 organizzato in collaborazione con la Fondation Princesse Charl\u00e8ne de Monaco \u2013 un vero e proprio successo popolare che ha celebrato il rugby in tutti i suoi aspetti.<\/p>\n","protected":false},"excerpt":{"rendered":"<p>Il prestigioso torneo internazionale di rugby a 7 si \u00e8 concluso lo scorso sabato presso lo Stadio Louis II con [&hellip;]<\/p>\n","protected":false},"author":21,"featured_media":288871,"comment_status":"closed","ping_status":"closed","sticky":false,"template":"","format":"standard","meta":{"_acf_changed":false,"footnotes":""},"categories":[1742,1826,1738],"tags":[2944],"post_sectags":[],"post_format":[2474],"class_list":["post-289054","post","type-post","status-publish","format-standard","has-post-thumbnail","hentry","category-famiglia-principesca","category-la-nostra-scelta","category-notizie","tag-principessa-charlene","format-foto"],"acf":[],"yoast_head":"<!-- This site is optimized with the Yoast SEO Premium plugin v26.8 (Yoast SEO v27.4) - https:\/\/yoast.com\/product\/yoast-seo-premium-wordpress\/ -->\n<title>Il Principe Alberto II e la Principessa Charl\u00e8ne incoronano i campioni del 13\u00b0 Torneo di Santa Devota<\/title>\n<meta name=\"description\" content=\"Il prestigioso torneo internazionale di rugby a 7 si \u00e8 concluso lo scorso sabato presso lo Stadio Louis II con una finale elettrizzante, sotto lo sguardo\" \/>\n<meta name=\"robots\" content=\"index, follow, max-snippet:-1, max-image-preview:large, max-video-preview:-1\" \/>\n<link rel=\"canonical\" href=\"https:\/\/www.monaco-tribune.com\/it\/2025\/04\/il-principe-alberto-ii-e-la-principessa-charlene-incoronano-i-campioni-del-13-torneo-di-santa-devota\/\" \/>\n<meta property=\"og:locale\" content=\"it_IT\" \/>\n<meta property=\"og:type\" content=\"article\" \/>\n<meta property=\"og:title\" content=\"Il Principe Alberto II e la Principessa Charl\u00e8ne incoronano i campioni del 13\u00b0 Torneo di Santa Devota - Monaco Tribune\" \/>\n<meta property=\"og:description\" content=\"Il prestigioso torneo internazionale di rugby a 7 si \u00e8 concluso lo scorso sabato presso lo Stadio Louis II con una finale elettrizzante, sotto lo sguardo\" \/>\n<meta property=\"og:url\" content=\"https:\/\/www.monaco-tribune.com\/it\/2025\/04\/il-principe-alberto-ii-e-la-principessa-charlene-incoronano-i-campioni-del-13-torneo-di-santa-devota\/\" \/>\n<meta property=\"og:site_name\" content=\"Monaco Tribune\" \/>\n<meta property=\"article:publisher\" content=\"https:\/\/www.facebook.com\/MonacoTribune\" \/>\n<meta property=\"article:published_time\" content=\"2025-04-28T10:50:20+00:00\" \/>\n<meta property=\"article:modified_time\" content=\"2025-04-28T10:50:21+00:00\" \/>\n<meta property=\"og:image\" content=\"https:\/\/www.monaco-tribune.com\/wp-content\/uploads\/2025\/04\/prince-et-princesse-de-monaco.jpg\" \/>\n\t<meta property=\"og:image:width\" content=\"1200\" \/>\n\t<meta property=\"og:image:height\" content=\"798\" \/>\n\t<meta property=\"og:image:type\" content=\"image\/jpeg\" \/>\n<meta name=\"author\" content=\"Monaco Tribune\" \/>\n<meta name=\"twitter:card\" content=\"summary_large_image\" \/>\n<meta name=\"twitter:creator\" content=\"@MonacoTribune\" \/>\n<meta name=\"twitter:site\" content=\"@MonacoTribune\" \/>\n<script type=\"application\/ld+json\" class=\"yoast-schema-graph\">{\"@context\":\"https:\\\/\\\/schema.org\",\"@graph\":[{\"@type\":\"NewsArticle\",\"@id\":\"https:\\\/\\\/www.monaco-tribune.com\\\/it\\\/2025\\\/04\\\/il-principe-alberto-ii-e-la-principessa-charlene-incoronano-i-campioni-del-13-torneo-di-santa-devota\\\/#article\",\"isPartOf\":{\"@id\":\"https:\\\/\\\/www.monaco-tribune.com\\\/it\\\/2025\\\/04\\\/il-principe-alberto-ii-e-la-principessa-charlene-incoronano-i-campioni-del-13-torneo-di-santa-devota\\\/\"},\"author\":{\"name\":\"Monaco Tribune\",\"@id\":\"https:\\\/\\\/www.monaco-tribune.com\\\/it\\\/#\\\/schema\\\/person\\\/8f6ed8c063276e2397589eda5b7a2f2d\"},\"headline\":\"Il Principe Alberto II e la Principessa Charl\u00e8ne incoronano i campioni del 13\u00b0 Torneo di Santa Devota\",\"datePublished\":\"2025-04-28T10:50:20+00:00\",\"dateModified\":\"2025-04-28T10:50:21+00:00\",\"mainEntityOfPage\":{\"@id\":\"https:\\\/\\\/www.monaco-tribune.com\\\/it\\\/2025\\\/04\\\/il-principe-alberto-ii-e-la-principessa-charlene-incoronano-i-campioni-del-13-torneo-di-santa-devota\\\/\"},\"wordCount\":414,\"publisher\":{\"@id\":\"https:\\\/\\\/www.monaco-tribune.com\\\/it\\\/#organization\"},\"image\":{\"@id\":\"https:\\\/\\\/www.monaco-tribune.com\\\/it\\\/2025\\\/04\\\/il-principe-alberto-ii-e-la-principessa-charlene-incoronano-i-campioni-del-13-torneo-di-santa-devota\\\/#primaryimage\"},\"thumbnailUrl\":\"https:\\\/\\\/www.monaco-tribune.com\\\/wp-content\\\/uploads\\\/2025\\\/04\\\/prince-et-princesse-de-monaco.jpg\",\"keywords\":[\"Principessa Charl\u00e8ne\"],\"articleSection\":[\"Famiglia Principesca\",\"La nostra scelta\",\"Notizie\"],\"inLanguage\":\"it-IT\",\"copyrightYear\":\"2025\",\"copyrightHolder\":{\"@id\":\"https:\\\/\\\/www.monaco-tribune.com\\\/#organization\"}},{\"@type\":\"WebPage\",\"@id\":\"https:\\\/\\\/www.monaco-tribune.com\\\/it\\\/2025\\\/04\\\/il-principe-alberto-ii-e-la-principessa-charlene-incoronano-i-campioni-del-13-torneo-di-santa-devota\\\/\",\"url\":\"https:\\\/\\\/www.monaco-tribune.com\\\/it\\\/2025\\\/04\\\/il-principe-alberto-ii-e-la-principessa-charlene-incoronano-i-campioni-del-13-torneo-di-santa-devota\\\/\",\"name\":\"Il Principe Alberto II e la Principessa Charl\u00e8ne incoronano i campioni del 13\u00b0 Torneo di Santa Devota\",\"isPartOf\":{\"@id\":\"https:\\\/\\\/www.monaco-tribune.com\\\/it\\\/#website\"},\"primaryImageOfPage\":{\"@id\":\"https:\\\/\\\/www.monaco-tribune.com\\\/it\\\/2025\\\/04\\\/il-principe-alberto-ii-e-la-principessa-charlene-incoronano-i-campioni-del-13-torneo-di-santa-devota\\\/#primaryimage\"},\"image\":{\"@id\":\"https:\\\/\\\/www.monaco-tribune.com\\\/it\\\/2025\\\/04\\\/il-principe-alberto-ii-e-la-principessa-charlene-incoronano-i-campioni-del-13-torneo-di-santa-devota\\\/#primaryimage\"},\"thumbnailUrl\":\"https:\\\/\\\/www.monaco-tribune.com\\\/wp-content\\\/uploads\\\/2025\\\/04\\\/prince-et-princesse-de-monaco.jpg\",\"datePublished\":\"2025-04-28T10:50:20+00:00\",\"dateModified\":\"2025-04-28T10:50:21+00:00\",\"description\":\"Il prestigioso torneo internazionale di rugby a 7 si \u00e8 concluso lo scorso sabato presso lo Stadio Louis II con una finale elettrizzante, sotto lo sguardo\",\"breadcrumb\":{\"@id\":\"https:\\\/\\\/www.monaco-tribune.com\\\/it\\\/2025\\\/04\\\/il-principe-alberto-ii-e-la-principessa-charlene-incoronano-i-campioni-del-13-torneo-di-santa-devota\\\/#breadcrumb\"},\"inLanguage\":\"it-IT\",\"potentialAction\":[{\"@type\":\"ReadAction\",\"target\":[\"https:\\\/\\\/www.monaco-tribune.com\\\/it\\\/2025\\\/04\\\/il-principe-alberto-ii-e-la-principessa-charlene-incoronano-i-campioni-del-13-torneo-di-santa-devota\\\/\"]}]},{\"@type\":\"ImageObject\",\"inLanguage\":\"it-IT\",\"@id\":\"https:\\\/\\\/www.monaco-tribune.com\\\/it\\\/2025\\\/04\\\/il-principe-alberto-ii-e-la-principessa-charlene-incoronano-i-campioni-del-13-torneo-di-santa-devota\\\/#primaryimage\",\"url\":\"https:\\\/\\\/www.monaco-tribune.com\\\/wp-content\\\/uploads\\\/2025\\\/04\\\/prince-et-princesse-de-monaco.jpg\",\"contentUrl\":\"https:\\\/\\\/www.monaco-tribune.com\\\/wp-content\\\/uploads\\\/2025\\\/04\\\/prince-et-princesse-de-monaco.jpg\",\"width\":1200,\"height\":798,\"caption\":\"Finale della 13\u00b0 edizione del Torneo di Santa Devota \u00a9 Eric Mathon \\\/ Palazzo del Principe\"},{\"@type\":\"BreadcrumbList\",\"@id\":\"https:\\\/\\\/www.monaco-tribune.com\\\/it\\\/2025\\\/04\\\/il-principe-alberto-ii-e-la-principessa-charlene-incoronano-i-campioni-del-13-torneo-di-santa-devota\\\/#breadcrumb\",\"itemListElement\":[{\"@type\":\"ListItem\",\"position\":1,\"name\":\"Accueil\",\"item\":\"https:\\\/\\\/www.monaco-tribune.com\\\/it\\\/\"},{\"@type\":\"ListItem\",\"position\":2,\"name\":\"Il Principe Alberto II e la Principessa Charl\u00e8ne incoronano i campioni del 13\u00b0 Torneo di Santa Devota\"}]},{\"@type\":\"WebSite\",\"@id\":\"https:\\\/\\\/www.monaco-tribune.com\\\/it\\\/#website\",\"url\":\"https:\\\/\\\/www.monaco-tribune.com\\\/it\\\/\",\"name\":\"Monaco Tribune\",\"description\":\"Monaco : actualit\u00e9s \u00e9conomiques, politiques, culturelles et sportives de Monaco et de la French Riviera.\",\"publisher\":{\"@id\":\"https:\\\/\\\/www.monaco-tribune.com\\\/it\\\/#organization\"},\"potentialAction\":[{\"@type\":\"SearchAction\",\"target\":{\"@type\":\"EntryPoint\",\"urlTemplate\":\"https:\\\/\\\/www.monaco-tribune.com\\\/it\\\/?s={search_term_string}\"},\"query-input\":{\"@type\":\"PropertyValueSpecification\",\"valueRequired\":true,\"valueName\":\"search_term_string\"}}],\"inLanguage\":\"it-IT\"},{\"@type\":\"Organization\",\"@id\":\"https:\\\/\\\/www.monaco-tribune.com\\\/it\\\/#organization\",\"name\":\"Monaco Tribune\",\"url\":\"https:\\\/\\\/www.monaco-tribune.com\\\/it\\\/\",\"logo\":{\"@type\":\"ImageObject\",\"inLanguage\":\"it-IT\",\"@id\":\"https:\\\/\\\/www.monaco-tribune.com\\\/it\\\/#\\\/schema\\\/logo\\\/image\\\/\",\"url\":\"https:\\\/\\\/www.monaco-tribune.com\\\/wp-content\\\/uploads\\\/2022\\\/11\\\/logo-monaco-tribune.png\",\"contentUrl\":\"https:\\\/\\\/www.monaco-tribune.com\\\/wp-content\\\/uploads\\\/2022\\\/11\\\/logo-monaco-tribune.png\",\"width\":1548,\"height\":600,\"caption\":\"Monaco Tribune\"},\"image\":{\"@id\":\"https:\\\/\\\/www.monaco-tribune.com\\\/it\\\/#\\\/schema\\\/logo\\\/image\\\/\"},\"sameAs\":[\"https:\\\/\\\/www.facebook.com\\\/MonacoTribune\",\"https:\\\/\\\/x.com\\\/MonacoTribune\",\"https:\\\/\\\/www.instagram.com\\\/monacotribune\\\/\",\"https:\\\/\\\/www.linkedin.com\\\/company\\\/monaco-tribune\",\"https:\\\/\\\/www.youtube.com\\\/channel\\\/UCHle1MnG6hw1y4lWKijVbMA\"]},{\"@type\":\"Person\",\"@id\":\"https:\\\/\\\/www.monaco-tribune.com\\\/it\\\/#\\\/schema\\\/person\\\/8f6ed8c063276e2397589eda5b7a2f2d\",\"name\":\"Monaco Tribune\",\"image\":{\"@type\":\"ImageObject\",\"inLanguage\":\"it-IT\",\"@id\":\"https:\\\/\\\/secure.gravatar.com\\\/avatar\\\/3010e6c5d6c8056ec1c25228fe68ea089879e5ae0de884e0247744ee988aaf6a?s=96&d=mm&r=g\",\"url\":\"https:\\\/\\\/secure.gravatar.com\\\/avatar\\\/3010e6c5d6c8056ec1c25228fe68ea089879e5ae0de884e0247744ee988aaf6a?s=96&d=mm&r=g\",\"contentUrl\":\"https:\\\/\\\/secure.gravatar.com\\\/avatar\\\/3010e6c5d6c8056ec1c25228fe68ea089879e5ae0de884e0247744ee988aaf6a?s=96&d=mm&r=g\",\"caption\":\"Monaco Tribune\"},\"url\":\"https:\\\/\\\/www.monaco-tribune.com\\\/it\\\/author\\\/monaco-tribune\\\/\"}]}<\/script>\n<!-- \/ Yoast SEO Premium plugin. -->","yoast_head_json":{"title":"Il Principe Alberto II e la Principessa Charl\u00e8ne incoronano i campioni del 13\u00b0 Torneo di Santa Devota","description":"Il prestigioso torneo internazionale di rugby a 7 si \u00e8 concluso lo scorso sabato presso lo Stadio Louis II con una finale elettrizzante, sotto lo sguardo","robots":{"index":"index","follow":"follow","max-snippet":"max-snippet:-1","max-image-preview":"max-image-preview:large","max-video-preview":"max-video-preview:-1"},"canonical":"https:\/\/www.monaco-tribune.com\/it\/2025\/04\/il-principe-alberto-ii-e-la-principessa-charlene-incoronano-i-campioni-del-13-torneo-di-santa-devota\/","og_locale":"it_IT","og_type":"article","og_title":"Il Principe Alberto II e la Principessa Charl\u00e8ne incoronano i campioni del 13\u00b0 Torneo di Santa Devota - Monaco Tribune","og_description":"Il prestigioso torneo internazionale di rugby a 7 si \u00e8 concluso lo scorso sabato presso lo Stadio Louis II con una finale elettrizzante, sotto lo sguardo","og_url":"https:\/\/www.monaco-tribune.com\/it\/2025\/04\/il-principe-alberto-ii-e-la-principessa-charlene-incoronano-i-campioni-del-13-torneo-di-santa-devota\/","og_site_name":"Monaco Tribune","article_publisher":"https:\/\/www.facebook.com\/MonacoTribune","article_published_time":"2025-04-28T10:50:20+00:00","article_modified_time":"2025-04-28T10:50:21+00:00","og_image":[{"width":1200,"height":798,"url":"https:\/\/www.monaco-tribune.com\/wp-content\/uploads\/2025\/04\/prince-et-princesse-de-monaco.jpg","type":"image\/jpeg"}],"author":"Monaco Tribune","twitter_card":"summary_large_image","twitter_creator":"@MonacoTribune","twitter_site":"@MonacoTribune","schema":{"@context":"https:\/\/schema.org","@graph":[{"@type":"NewsArticle","@id":"https:\/\/www.monaco-tribune.com\/it\/2025\/04\/il-principe-alberto-ii-e-la-principessa-charlene-incoronano-i-campioni-del-13-torneo-di-santa-devota\/#article","isPartOf":{"@id":"https:\/\/www.monaco-tribune.com\/it\/2025\/04\/il-principe-alberto-ii-e-la-principessa-charlene-incoronano-i-campioni-del-13-torneo-di-santa-devota\/"},"author":{"name":"Monaco Tribune","@id":"https:\/\/www.monaco-tribune.com\/it\/#\/schema\/person\/8f6ed8c063276e2397589eda5b7a2f2d"},"headline":"Il Principe Alberto II e la Principessa Charl\u00e8ne incoronano i campioni del 13\u00b0 Torneo di Santa Devota","datePublished":"2025-04-28T10:50:20+00:00","dateModified":"2025-04-28T10:50:21+00:00","mainEntityOfPage":{"@id":"https:\/\/www.monaco-tribune.com\/it\/2025\/04\/il-principe-alberto-ii-e-la-principessa-charlene-incoronano-i-campioni-del-13-torneo-di-santa-devota\/"},"wordCount":414,"publisher":{"@id":"https:\/\/www.monaco-tribune.com\/it\/#organization"},"image":{"@id":"https:\/\/www.monaco-tribune.com\/it\/2025\/04\/il-principe-alberto-ii-e-la-principessa-charlene-incoronano-i-campioni-del-13-torneo-di-santa-devota\/#primaryimage"},"thumbnailUrl":"https:\/\/www.monaco-tribune.com\/wp-content\/uploads\/2025\/04\/prince-et-princesse-de-monaco.jpg","keywords":["Principessa Charl\u00e8ne"],"articleSection":["Famiglia Principesca","La nostra scelta","Notizie"],"inLanguage":"it-IT","copyrightYear":"2025","copyrightHolder":{"@id":"https:\/\/www.monaco-tribune.com\/#organization"}},{"@type":"WebPage","@id":"https:\/\/www.monaco-tribune.com\/it\/2025\/04\/il-principe-alberto-ii-e-la-principessa-charlene-incoronano-i-campioni-del-13-torneo-di-santa-devota\/","url":"https:\/\/www.monaco-tribune.com\/it\/2025\/04\/il-principe-alberto-ii-e-la-principessa-charlene-incoronano-i-campioni-del-13-torneo-di-santa-devota\/","name":"Il Principe Alberto II e la Principessa Charl\u00e8ne incoronano i campioni del 13\u00b0 Torneo di Santa Devota","isPartOf":{"@id":"https:\/\/www.monaco-tribune.com\/it\/#website"},"primaryImageOfPage":{"@id":"https:\/\/www.monaco-tribune.com\/it\/2025\/04\/il-principe-alberto-ii-e-la-principessa-charlene-incoronano-i-campioni-del-13-torneo-di-santa-devota\/#primaryimage"},"image":{"@id":"https:\/\/www.monaco-tribune.com\/it\/2025\/04\/il-principe-alberto-ii-e-la-principessa-charlene-incoronano-i-campioni-del-13-torneo-di-santa-devota\/#primaryimage"},"thumbnailUrl":"https:\/\/www.monaco-tribune.com\/wp-content\/uploads\/2025\/04\/prince-et-princesse-de-monaco.jpg","datePublished":"2025-04-28T10:50:20+00:00","dateModified":"2025-04-28T10:50:21+00:00","description":"Il prestigioso torneo internazionale di rugby a 7 si \u00e8 concluso lo scorso sabato presso lo Stadio Louis II con una finale elettrizzante, sotto lo sguardo","breadcrumb":{"@id":"https:\/\/www.monaco-tribune.com\/it\/2025\/04\/il-principe-alberto-ii-e-la-principessa-charlene-incoronano-i-campioni-del-13-torneo-di-santa-devota\/#breadcrumb"},"inLanguage":"it-IT","potentialAction":[{"@type":"ReadAction","target":["https:\/\/www.monaco-tribune.com\/it\/2025\/04\/il-principe-alberto-ii-e-la-principessa-charlene-incoronano-i-campioni-del-13-torneo-di-santa-devota\/"]}]},{"@type":"ImageObject","inLanguage":"it-IT","@id":"https:\/\/www.monaco-tribune.com\/it\/2025\/04\/il-principe-alberto-ii-e-la-principessa-charlene-incoronano-i-campioni-del-13-torneo-di-santa-devota\/#primaryimage","url":"https:\/\/www.monaco-tribune.com\/wp-content\/uploads\/2025\/04\/prince-et-princesse-de-monaco.jpg","contentUrl":"https:\/\/www.monaco-tribune.com\/wp-content\/uploads\/2025\/04\/prince-et-princesse-de-monaco.jpg","width":1200,"height":798,"caption":"Finale della 13\u00b0 edizione del Torneo di Santa Devota \u00a9 Eric Mathon \/ Palazzo del Principe"},{"@type":"BreadcrumbList","@id":"https:\/\/www.monaco-tribune.com\/it\/2025\/04\/il-principe-alberto-ii-e-la-principessa-charlene-incoronano-i-campioni-del-13-torneo-di-santa-devota\/#breadcrumb","itemListElement":[{"@type":"ListItem","position":1,"name":"Accueil","item":"https:\/\/www.monaco-tribune.com\/it\/"},{"@type":"ListItem","position":2,"name":"Il Principe Alberto II e la Principessa Charl\u00e8ne incoronano i campioni del 13\u00b0 Torneo di Santa Devota"}]},{"@type":"WebSite","@id":"https:\/\/www.monaco-tribune.com\/it\/#website","url":"https:\/\/www.monaco-tribune.com\/it\/","name":"Monaco Tribune","description":"Monaco : actualit\u00e9s \u00e9conomiques, politiques, culturelles et sportives de Monaco et de la French Riviera.","publisher":{"@id":"https:\/\/www.monaco-tribune.com\/it\/#organization"},"potentialAction":[{"@type":"SearchAction","target":{"@type":"EntryPoint","urlTemplate":"https:\/\/www.monaco-tribune.com\/it\/?s={search_term_string}"},"query-input":{"@type":"PropertyValueSpecification","valueRequired":true,"valueName":"search_term_string"}}],"inLanguage":"it-IT"},{"@type":"Organization","@id":"https:\/\/www.monaco-tribune.com\/it\/#organization","name":"Monaco Tribune","url":"https:\/\/www.monaco-tribune.com\/it\/","logo":{"@type":"ImageObject","inLanguage":"it-IT","@id":"https:\/\/www.monaco-tribune.com\/it\/#\/schema\/logo\/image\/","url":"https:\/\/www.monaco-tribune.com\/wp-content\/uploads\/2022\/11\/logo-monaco-tribune.png","contentUrl":"https:\/\/www.monaco-tribune.com\/wp-content\/uploads\/2022\/11\/logo-monaco-tribune.png","width":1548,"height":600,"caption":"Monaco Tribune"},"image":{"@id":"https:\/\/www.monaco-tribune.com\/it\/#\/schema\/logo\/image\/"},"sameAs":["https:\/\/www.facebook.com\/MonacoTribune","https:\/\/x.com\/MonacoTribune","https:\/\/www.instagram.com\/monacotribune\/","https:\/\/www.linkedin.com\/company\/monaco-tribune","https:\/\/www.youtube.com\/channel\/UCHle1MnG6hw1y4lWKijVbMA"]},{"@type":"Person","@id":"https:\/\/www.monaco-tribune.com\/it\/#\/schema\/person\/8f6ed8c063276e2397589eda5b7a2f2d","name":"Monaco Tribune","image":{"@type":"ImageObject","inLanguage":"it-IT","@id":"https:\/\/secure.gravatar.com\/avatar\/3010e6c5d6c8056ec1c25228fe68ea089879e5ae0de884e0247744ee988aaf6a?s=96&d=mm&r=g","url":"https:\/\/secure.gravatar.com\/avatar\/3010e6c5d6c8056ec1c25228fe68ea089879e5ae0de884e0247744ee988aaf6a?s=96&d=mm&r=g","contentUrl":"https:\/\/secure.gravatar.com\/avatar\/3010e6c5d6c8056ec1c25228fe68ea089879e5ae0de884e0247744ee988aaf6a?s=96&d=mm&r=g","caption":"Monaco Tribune"},"url":"https:\/\/www.monaco-tribune.com\/it\/author\/monaco-tribune\/"}]}},"_links":{"self":[{"href":"https:\/\/www.monaco-tribune.com\/it\/wp-json\/wp\/v2\/posts\/289054","targetHints":{"allow":["GET"]}}],"collection":[{"href":"https:\/\/www.monaco-tribune.com\/it\/wp-json\/wp\/v2\/posts"}],"about":[{"href":"https:\/\/www.monaco-tribune.com\/it\/wp-json\/wp\/v2\/types\/post"}],"author":[{"embeddable":true,"href":"https:\/\/www.monaco-tribune.com\/it\/wp-json\/wp\/v2\/users\/21"}],"replies":[{"embeddable":true,"href":"https:\/\/www.monaco-tribune.com\/it\/wp-json\/wp\/v2\/comments?post=289054"}],"version-history":[{"count":1,"href":"https:\/\/www.monaco-tribune.com\/it\/wp-json\/wp\/v2\/posts\/289054\/revisions"}],"predecessor-version":[{"id":289055,"href":"https:\/\/www.monaco-tribune.com\/it\/wp-json\/wp\/v2\/posts\/289054\/revisions\/289055"}],"wp:featuredmedia":[{"embeddable":true,"href":"https:\/\/www.monaco-tribune.com\/it\/wp-json\/wp\/v2\/media\/288871"}],"wp:attachment":[{"href":"https:\/\/www.monaco-tribune.com\/it\/wp-json\/wp\/v2\/media?parent=289054"}],"wp:term":[{"taxonomy":"category","embeddable":true,"href":"https:\/\/www.monaco-tribune.com\/it\/wp-json\/wp\/v2\/categories?post=289054"},{"taxonomy":"post_tag","embeddable":true,"href":"https:\/\/www.monaco-tribune.com\/it\/wp-json\/wp\/v2\/tags?post=289054"},{"taxonomy":"sectag","embeddable":true,"href":"https:\/\/www.monaco-tribune.com\/it\/wp-json\/wp\/v2\/post_sectags?post=289054"},{"taxonomy":"format","embeddable":true,"href":"https:\/\/www.monaco-tribune.com\/it\/wp-json\/wp\/v2\/post_format?post=289054"}],"curies":[{"name":"wp","href":"https:\/\/api.w.org\/{rel}","templated":true}]}}