{"id":289384,"date":"2025-04-29T12:14:42","date_gmt":"2025-04-29T10:14:42","guid":{"rendered":"https:\/\/www.monaco-tribune.com\/2025\/04\/charlotte-casiraghi-porta-avanti-il-tradizionale-legame-principesco-con-le-forze-dellordine\/"},"modified":"2025-04-29T12:14:43","modified_gmt":"2025-04-29T10:14:43","slug":"charlotte-casiraghi-porta-avanti-il-tradizionale-legame-principesco-con-le-forze-dellordine","status":"publish","type":"post","link":"https:\/\/www.monaco-tribune.com\/it\/2025\/04\/charlotte-casiraghi-porta-avanti-il-tradizionale-legame-principesco-con-le-forze-dellordine\/","title":{"rendered":"Charlotte Casiraghi porta avanti il tradizionale legame principesco con le forze dell&#8217;ordine"},"content":{"rendered":"\n<p><strong>Fra tradizione e devozione, Charlotte Casiraghi ha illuminato con la sua presenza l&#8217;annuale cerimonia in onore di San Giorgio.<\/strong><\/p>\n\n<p>Lo scorso mercoled\u00ec 23 aprile 2025 la chiesa di Santa Devota ha ospitato la tradizionale messa di San Giorgio, celebrata in onore del santo patrono della S\u00fbret\u00e9 publique. Charlotte Casiraghi, figlia della Principessa Carolina e madrina delle forze dell&#8217;ordine monegasche dal 1997, ha onorato l&#8217;evento della sua presenza, portando cos\u00ec avanti un legame che unisce da generazioni la Famiglia Principesca alle istituzioni del Principato.<\/p>\n\n<p>La cerimonia, carica di solennit\u00e0, si \u00e8 svolta in presenza delle pi\u00f9 alte cariche monegasche e di vari rappresentanti delle istituzioni francesi, a sottolineare l&#8217;importanza attribuita a questa annuale celebrazione del calendario ufficiale di Monaco.<\/p>\n\n<figure class=\"wp-block-gallery has-nested-images columns-1 is-cropped wp-block-gallery-1 is-layout-flex wp-block-gallery-is-layout-flex\">\n<figure class=\"wp-block-image size-large\"><img loading=\"lazy\" decoding=\"async\" width=\"1024\" height=\"683\" data-id=\"288263\" src=\"https:\/\/www.monaco-tribune.com\/wp-content\/uploads\/2025\/04\/eric-arella-monaco-1024x683.jpg\" alt=\"\" class=\"wp-image-288263\" srcset=\"https:\/\/www.monaco-tribune.com\/wp-content\/uploads\/2025\/04\/eric-arella-monaco-1024x683.jpg 1024w, https:\/\/www.monaco-tribune.com\/wp-content\/uploads\/2025\/04\/eric-arella-monaco-450x300.jpg 450w, https:\/\/www.monaco-tribune.com\/wp-content\/uploads\/2025\/04\/eric-arella-monaco.jpg 1200w\" sizes=\"auto, (max-width: 1024px) 100vw, 1024px\" \/><\/figure>\n\n\n\n<figure class=\"wp-block-image size-large\"><img loading=\"lazy\" decoding=\"async\" width=\"1024\" height=\"683\" data-id=\"288267\" src=\"https:\/\/www.monaco-tribune.com\/wp-content\/uploads\/2025\/04\/messe-monaco-1024x683.jpg\" alt=\"\" class=\"wp-image-288267\" srcset=\"https:\/\/www.monaco-tribune.com\/wp-content\/uploads\/2025\/04\/messe-monaco-1024x683.jpg 1024w, https:\/\/www.monaco-tribune.com\/wp-content\/uploads\/2025\/04\/messe-monaco-450x300.jpg 450w, https:\/\/www.monaco-tribune.com\/wp-content\/uploads\/2025\/04\/messe-monaco.jpg 1200w\" sizes=\"auto, (max-width: 1024px) 100vw, 1024px\" \/><\/figure>\n\n\n\n<figure class=\"wp-block-image size-large\"><img loading=\"lazy\" decoding=\"async\" width=\"1024\" height=\"683\" data-id=\"288256\" src=\"https:\/\/www.monaco-tribune.com\/wp-content\/uploads\/2025\/04\/saint-patron-de-la-surete-publique-monaco-1024x683.jpg\" alt=\"\" class=\"wp-image-288256\" srcset=\"https:\/\/www.monaco-tribune.com\/wp-content\/uploads\/2025\/04\/saint-patron-de-la-surete-publique-monaco-1024x683.jpg 1024w, https:\/\/www.monaco-tribune.com\/wp-content\/uploads\/2025\/04\/saint-patron-de-la-surete-publique-monaco-450x300.jpg 450w, https:\/\/www.monaco-tribune.com\/wp-content\/uploads\/2025\/04\/saint-patron-de-la-surete-publique-monaco.jpg 1200w\" sizes=\"auto, (max-width: 1024px) 100vw, 1024px\" \/><\/figure>\n\n\n\n<figure class=\"wp-block-image size-large\"><img loading=\"lazy\" decoding=\"async\" width=\"1024\" height=\"683\" data-id=\"288252\" src=\"https:\/\/www.monaco-tribune.com\/wp-content\/uploads\/2025\/04\/saint-patron-de-la-surete-publique-monaco-messe-1024x683.jpg\" alt=\"\" class=\"wp-image-288252\" srcset=\"https:\/\/www.monaco-tribune.com\/wp-content\/uploads\/2025\/04\/saint-patron-de-la-surete-publique-monaco-messe-1024x683.jpg 1024w, https:\/\/www.monaco-tribune.com\/wp-content\/uploads\/2025\/04\/saint-patron-de-la-surete-publique-monaco-messe-450x300.jpg 450w, https:\/\/www.monaco-tribune.com\/wp-content\/uploads\/2025\/04\/saint-patron-de-la-surete-publique-monaco-messe.jpg 1200w\" sizes=\"auto, (max-width: 1024px) 100vw, 1024px\" \/><\/figure>\n\n\n\n<figure class=\"wp-block-image size-large\"><img loading=\"lazy\" decoding=\"async\" width=\"1024\" height=\"683\" data-id=\"288248\" src=\"https:\/\/www.monaco-tribune.com\/wp-content\/uploads\/2025\/04\/messe-en-lhonneur-de-saint-georges-1024x683.jpg\" alt=\"\" class=\"wp-image-288248\" srcset=\"https:\/\/www.monaco-tribune.com\/wp-content\/uploads\/2025\/04\/messe-en-lhonneur-de-saint-georges-1024x683.jpg 1024w, https:\/\/www.monaco-tribune.com\/wp-content\/uploads\/2025\/04\/messe-en-lhonneur-de-saint-georges-450x300.jpg 450w, https:\/\/www.monaco-tribune.com\/wp-content\/uploads\/2025\/04\/messe-en-lhonneur-de-saint-georges.jpg 1200w\" sizes=\"auto, (max-width: 1024px) 100vw, 1024px\" \/><\/figure>\n\n\n<div class=\"wp-block-image\">\n<figure class=\"aligncenter size-large\"><img loading=\"lazy\" decoding=\"async\" width=\"1024\" height=\"683\" data-id=\"288244\" src=\"https:\/\/www.monaco-tribune.com\/wp-content\/uploads\/2025\/04\/messe-en-lhonneur-de-saint-georges-monaco-1024x683.jpg\" alt=\"\" class=\"wp-image-288244\" srcset=\"https:\/\/www.monaco-tribune.com\/wp-content\/uploads\/2025\/04\/messe-en-lhonneur-de-saint-georges-monaco-1024x683.jpg 1024w, https:\/\/www.monaco-tribune.com\/wp-content\/uploads\/2025\/04\/messe-en-lhonneur-de-saint-georges-monaco-450x300.jpg 450w, https:\/\/www.monaco-tribune.com\/wp-content\/uploads\/2025\/04\/messe-en-lhonneur-de-saint-georges-monaco.jpg 1200w\" sizes=\"auto, (max-width: 1024px) 100vw, 1024px\" \/><figcaption class=\"wp-element-caption\">\u00a9 Direzione della comunicazione \/ Manuel Vitali<\/figcaption><\/figure>\n<\/div><\/figure>\n\n<h2 class=\"wp-block-heading\" id=\"h-une-ceremonie-entre-tradition-et-spiritualite\">Una cerimonia fra tradizione e spiritualit\u00e0<\/h2>\n\n<p>La funzione religiosa \u00e8 stata inaugurata dall&#8217;intervento di \u00c9ric Arella, responsabile in carica della Direction de la S\u00fbret\u00e9 Publique, per poi essere concelebrata da Sua Eccellenza Monsignor Dominique-Marie David, arcivescovo di Monaco, e dall&#8217;abate Julien Gollino, cappellano della pubblica sicurezza.<\/p>\n\n<p>La fine della messa \u00e8 stata segnata da un momento particolarmente toccante, quando un funzionario di polizia ha recitato la Preghiera del Poliziotto, testo composto nel 2022 per celebrare il 120\u00b0 anniversario della creazione della S\u00fbret\u00e9 Publique.<\/p>\n\n<p class=\"related\"><a href=\"https:\/\/www.monaco-tribune.com\/it\/2025\/01\/furti-criminalita-droga-il-bilancio-della-surete-publique-del-2024-e-i-nuovi-progetti-per-il-2025\/\">Furti, criminalit\u00e0, droga\u2026 Il bilancio della S\u00fbret\u00e9 Publique del 2024 e i nuovi progetti per il 2025<\/a><\/p>\n\n<p>Celebrata ogni 23 aprile, la Festa di San Giorgio rappresenta una data emblematica per le forze dell&#8217;ordine monegasche. Figura leggendaria che incarna coraggio e protezione, San Giorgio simboleggia i valori fondamentali perpetuati dalla polizia non solo a Monaco, ma in molti altri Paesi del mondo.<\/p>\n","protected":false},"excerpt":{"rendered":"<p>Fra tradizione e devozione, Charlotte Casiraghi ha illuminato con la sua presenza l&#8217;annuale cerimonia in onore di San Giorgio. Lo [&hellip;]<\/p>\n","protected":false},"author":21,"featured_media":288242,"comment_status":"closed","ping_status":"closed","sticky":false,"template":"","format":"standard","meta":{"_acf_changed":false,"footnotes":""},"categories":[1742,1738],"tags":[2999],"post_sectags":[],"post_format":[2474],"class_list":["post-289384","post","type-post","status-publish","format-standard","has-post-thumbnail","hentry","category-famiglia-principesca","category-notizie","tag-patrimonio","format-foto"],"acf":[],"yoast_head":"<!-- This site is optimized with the Yoast SEO Premium plugin v26.8 (Yoast SEO v27.5) - https:\/\/yoast.com\/product\/yoast-seo-premium-wordpress\/ -->\n<title>Charlotte Casiraghi porta avanti il tradizionale legame principesco con le forze dell&#039;ordine<\/title>\n<meta name=\"description\" content=\"Fra tradizione e devozione, Charlotte Casiraghi ha illuminato con la sua presenza l&#039;annuale cerimonia in onore di San Giorgio. Lo scorso mercoled\u00ec 23\" \/>\n<meta name=\"robots\" content=\"index, follow, max-snippet:-1, max-image-preview:large, max-video-preview:-1\" \/>\n<link rel=\"canonical\" href=\"https:\/\/www.monaco-tribune.com\/it\/2025\/04\/charlotte-casiraghi-porta-avanti-il-tradizionale-legame-principesco-con-le-forze-dellordine\/\" \/>\n<meta property=\"og:locale\" content=\"it_IT\" \/>\n<meta property=\"og:type\" content=\"article\" \/>\n<meta property=\"og:title\" content=\"Charlotte Casiraghi porta avanti il tradizionale legame principesco con le forze dell&#039;ordine - Monaco Tribune\" \/>\n<meta property=\"og:description\" content=\"Fra tradizione e devozione, Charlotte Casiraghi ha illuminato con la sua presenza l&#039;annuale cerimonia in onore di San Giorgio. Lo scorso mercoled\u00ec 23\" \/>\n<meta property=\"og:url\" content=\"https:\/\/www.monaco-tribune.com\/it\/2025\/04\/charlotte-casiraghi-porta-avanti-il-tradizionale-legame-principesco-con-le-forze-dellordine\/\" \/>\n<meta property=\"og:site_name\" content=\"Monaco Tribune\" \/>\n<meta property=\"article:publisher\" content=\"https:\/\/www.facebook.com\/MonacoTribune\" \/>\n<meta property=\"article:published_time\" content=\"2025-04-29T10:14:42+00:00\" \/>\n<meta property=\"article:modified_time\" content=\"2025-04-29T10:14:43+00:00\" \/>\n<meta property=\"og:image\" content=\"https:\/\/www.monaco-tribune.com\/wp-content\/uploads\/2025\/04\/charlotte-casiraghi.jpg\" \/>\n\t<meta property=\"og:image:width\" content=\"1200\" \/>\n\t<meta property=\"og:image:height\" content=\"800\" \/>\n\t<meta property=\"og:image:type\" content=\"image\/jpeg\" \/>\n<meta name=\"author\" content=\"Monaco Tribune\" \/>\n<meta name=\"twitter:card\" content=\"summary_large_image\" \/>\n<meta name=\"twitter:creator\" content=\"@MonacoTribune\" \/>\n<meta name=\"twitter:site\" content=\"@MonacoTribune\" \/>\n<script type=\"application\/ld+json\" class=\"yoast-schema-graph\">{\"@context\":\"https:\\\/\\\/schema.org\",\"@graph\":[{\"@type\":\"NewsArticle\",\"@id\":\"https:\\\/\\\/www.monaco-tribune.com\\\/it\\\/2025\\\/04\\\/charlotte-casiraghi-porta-avanti-il-tradizionale-legame-principesco-con-le-forze-dellordine\\\/#article\",\"isPartOf\":{\"@id\":\"https:\\\/\\\/www.monaco-tribune.com\\\/it\\\/2025\\\/04\\\/charlotte-casiraghi-porta-avanti-il-tradizionale-legame-principesco-con-le-forze-dellordine\\\/\"},\"author\":{\"name\":\"Monaco Tribune\",\"@id\":\"https:\\\/\\\/www.monaco-tribune.com\\\/it\\\/#\\\/schema\\\/person\\\/8f6ed8c063276e2397589eda5b7a2f2d\"},\"headline\":\"Charlotte Casiraghi porta avanti il tradizionale legame principesco con le forze dell&#8217;ordine\",\"datePublished\":\"2025-04-29T10:14:42+00:00\",\"dateModified\":\"2025-04-29T10:14:43+00:00\",\"mainEntityOfPage\":{\"@id\":\"https:\\\/\\\/www.monaco-tribune.com\\\/it\\\/2025\\\/04\\\/charlotte-casiraghi-porta-avanti-il-tradizionale-legame-principesco-con-le-forze-dellordine\\\/\"},\"wordCount\":281,\"publisher\":{\"@id\":\"https:\\\/\\\/www.monaco-tribune.com\\\/it\\\/#organization\"},\"image\":{\"@id\":\"https:\\\/\\\/www.monaco-tribune.com\\\/it\\\/2025\\\/04\\\/charlotte-casiraghi-porta-avanti-il-tradizionale-legame-principesco-con-le-forze-dellordine\\\/#primaryimage\"},\"thumbnailUrl\":\"https:\\\/\\\/www.monaco-tribune.com\\\/wp-content\\\/uploads\\\/2025\\\/04\\\/charlotte-casiraghi.jpg\",\"keywords\":[\"Patrimonio\"],\"articleSection\":[\"Famiglia Principesca\",\"Notizie\"],\"inLanguage\":\"it-IT\",\"copyrightYear\":\"2025\",\"copyrightHolder\":{\"@id\":\"https:\\\/\\\/www.monaco-tribune.com\\\/#organization\"}},{\"@type\":\"WebPage\",\"@id\":\"https:\\\/\\\/www.monaco-tribune.com\\\/it\\\/2025\\\/04\\\/charlotte-casiraghi-porta-avanti-il-tradizionale-legame-principesco-con-le-forze-dellordine\\\/\",\"url\":\"https:\\\/\\\/www.monaco-tribune.com\\\/it\\\/2025\\\/04\\\/charlotte-casiraghi-porta-avanti-il-tradizionale-legame-principesco-con-le-forze-dellordine\\\/\",\"name\":\"Charlotte Casiraghi porta avanti il tradizionale legame principesco con le forze dell'ordine\",\"isPartOf\":{\"@id\":\"https:\\\/\\\/www.monaco-tribune.com\\\/it\\\/#website\"},\"primaryImageOfPage\":{\"@id\":\"https:\\\/\\\/www.monaco-tribune.com\\\/it\\\/2025\\\/04\\\/charlotte-casiraghi-porta-avanti-il-tradizionale-legame-principesco-con-le-forze-dellordine\\\/#primaryimage\"},\"image\":{\"@id\":\"https:\\\/\\\/www.monaco-tribune.com\\\/it\\\/2025\\\/04\\\/charlotte-casiraghi-porta-avanti-il-tradizionale-legame-principesco-con-le-forze-dellordine\\\/#primaryimage\"},\"thumbnailUrl\":\"https:\\\/\\\/www.monaco-tribune.com\\\/wp-content\\\/uploads\\\/2025\\\/04\\\/charlotte-casiraghi.jpg\",\"datePublished\":\"2025-04-29T10:14:42+00:00\",\"dateModified\":\"2025-04-29T10:14:43+00:00\",\"description\":\"Fra tradizione e devozione, Charlotte Casiraghi ha illuminato con la sua presenza l'annuale cerimonia in onore di San Giorgio. Lo scorso mercoled\u00ec 23\",\"breadcrumb\":{\"@id\":\"https:\\\/\\\/www.monaco-tribune.com\\\/it\\\/2025\\\/04\\\/charlotte-casiraghi-porta-avanti-il-tradizionale-legame-principesco-con-le-forze-dellordine\\\/#breadcrumb\"},\"inLanguage\":\"it-IT\",\"potentialAction\":[{\"@type\":\"ReadAction\",\"target\":[\"https:\\\/\\\/www.monaco-tribune.com\\\/it\\\/2025\\\/04\\\/charlotte-casiraghi-porta-avanti-il-tradizionale-legame-principesco-con-le-forze-dellordine\\\/\"]}]},{\"@type\":\"ImageObject\",\"inLanguage\":\"it-IT\",\"@id\":\"https:\\\/\\\/www.monaco-tribune.com\\\/it\\\/2025\\\/04\\\/charlotte-casiraghi-porta-avanti-il-tradizionale-legame-principesco-con-le-forze-dellordine\\\/#primaryimage\",\"url\":\"https:\\\/\\\/www.monaco-tribune.com\\\/wp-content\\\/uploads\\\/2025\\\/04\\\/charlotte-casiraghi.jpg\",\"contentUrl\":\"https:\\\/\\\/www.monaco-tribune.com\\\/wp-content\\\/uploads\\\/2025\\\/04\\\/charlotte-casiraghi.jpg\",\"width\":1200,\"height\":800,\"caption\":\"Charlotte Casiraghi \u00e8 la madrina della S\u00fbret\u00e9 publique di Monaco \u00a9 Direzione della comunicazione \\\/ Manuel Vitali\"},{\"@type\":\"BreadcrumbList\",\"@id\":\"https:\\\/\\\/www.monaco-tribune.com\\\/it\\\/2025\\\/04\\\/charlotte-casiraghi-porta-avanti-il-tradizionale-legame-principesco-con-le-forze-dellordine\\\/#breadcrumb\",\"itemListElement\":[{\"@type\":\"ListItem\",\"position\":1,\"name\":\"Accueil\",\"item\":\"https:\\\/\\\/www.monaco-tribune.com\\\/it\\\/\"},{\"@type\":\"ListItem\",\"position\":2,\"name\":\"Charlotte Casiraghi porta avanti il tradizionale legame principesco con le forze dell&#8217;ordine\"}]},{\"@type\":\"WebSite\",\"@id\":\"https:\\\/\\\/www.monaco-tribune.com\\\/it\\\/#website\",\"url\":\"https:\\\/\\\/www.monaco-tribune.com\\\/it\\\/\",\"name\":\"Monaco Tribune\",\"description\":\"Monaco : actualit\u00e9s \u00e9conomiques, politiques, culturelles et sportives de Monaco et de la French Riviera.\",\"publisher\":{\"@id\":\"https:\\\/\\\/www.monaco-tribune.com\\\/it\\\/#organization\"},\"potentialAction\":[{\"@type\":\"SearchAction\",\"target\":{\"@type\":\"EntryPoint\",\"urlTemplate\":\"https:\\\/\\\/www.monaco-tribune.com\\\/it\\\/?s={search_term_string}\"},\"query-input\":{\"@type\":\"PropertyValueSpecification\",\"valueRequired\":true,\"valueName\":\"search_term_string\"}}],\"inLanguage\":\"it-IT\"},{\"@type\":\"Organization\",\"@id\":\"https:\\\/\\\/www.monaco-tribune.com\\\/it\\\/#organization\",\"name\":\"Monaco Tribune\",\"url\":\"https:\\\/\\\/www.monaco-tribune.com\\\/it\\\/\",\"logo\":{\"@type\":\"ImageObject\",\"inLanguage\":\"it-IT\",\"@id\":\"https:\\\/\\\/www.monaco-tribune.com\\\/it\\\/#\\\/schema\\\/logo\\\/image\\\/\",\"url\":\"https:\\\/\\\/www.monaco-tribune.com\\\/wp-content\\\/uploads\\\/2022\\\/11\\\/logo-monaco-tribune.png\",\"contentUrl\":\"https:\\\/\\\/www.monaco-tribune.com\\\/wp-content\\\/uploads\\\/2022\\\/11\\\/logo-monaco-tribune.png\",\"width\":1548,\"height\":600,\"caption\":\"Monaco Tribune\"},\"image\":{\"@id\":\"https:\\\/\\\/www.monaco-tribune.com\\\/it\\\/#\\\/schema\\\/logo\\\/image\\\/\"},\"sameAs\":[\"https:\\\/\\\/www.facebook.com\\\/MonacoTribune\",\"https:\\\/\\\/x.com\\\/MonacoTribune\",\"https:\\\/\\\/www.instagram.com\\\/monacotribune\\\/\",\"https:\\\/\\\/www.linkedin.com\\\/company\\\/monaco-tribune\",\"https:\\\/\\\/www.youtube.com\\\/channel\\\/UCHle1MnG6hw1y4lWKijVbMA\"]},{\"@type\":\"Person\",\"@id\":\"https:\\\/\\\/www.monaco-tribune.com\\\/it\\\/#\\\/schema\\\/person\\\/8f6ed8c063276e2397589eda5b7a2f2d\",\"name\":\"Monaco Tribune\",\"image\":{\"@type\":\"ImageObject\",\"inLanguage\":\"it-IT\",\"@id\":\"https:\\\/\\\/secure.gravatar.com\\\/avatar\\\/3010e6c5d6c8056ec1c25228fe68ea089879e5ae0de884e0247744ee988aaf6a?s=96&d=mm&r=g\",\"url\":\"https:\\\/\\\/secure.gravatar.com\\\/avatar\\\/3010e6c5d6c8056ec1c25228fe68ea089879e5ae0de884e0247744ee988aaf6a?s=96&d=mm&r=g\",\"contentUrl\":\"https:\\\/\\\/secure.gravatar.com\\\/avatar\\\/3010e6c5d6c8056ec1c25228fe68ea089879e5ae0de884e0247744ee988aaf6a?s=96&d=mm&r=g\",\"caption\":\"Monaco Tribune\"},\"url\":\"https:\\\/\\\/www.monaco-tribune.com\\\/it\\\/author\\\/monaco-tribune\\\/\"}]}<\/script>\n<!-- \/ Yoast SEO Premium plugin. -->","yoast_head_json":{"title":"Charlotte Casiraghi porta avanti il tradizionale legame principesco con le forze dell'ordine","description":"Fra tradizione e devozione, Charlotte Casiraghi ha illuminato con la sua presenza l'annuale cerimonia in onore di San Giorgio. Lo scorso mercoled\u00ec 23","robots":{"index":"index","follow":"follow","max-snippet":"max-snippet:-1","max-image-preview":"max-image-preview:large","max-video-preview":"max-video-preview:-1"},"canonical":"https:\/\/www.monaco-tribune.com\/it\/2025\/04\/charlotte-casiraghi-porta-avanti-il-tradizionale-legame-principesco-con-le-forze-dellordine\/","og_locale":"it_IT","og_type":"article","og_title":"Charlotte Casiraghi porta avanti il tradizionale legame principesco con le forze dell'ordine - Monaco Tribune","og_description":"Fra tradizione e devozione, Charlotte Casiraghi ha illuminato con la sua presenza l'annuale cerimonia in onore di San Giorgio. Lo scorso mercoled\u00ec 23","og_url":"https:\/\/www.monaco-tribune.com\/it\/2025\/04\/charlotte-casiraghi-porta-avanti-il-tradizionale-legame-principesco-con-le-forze-dellordine\/","og_site_name":"Monaco Tribune","article_publisher":"https:\/\/www.facebook.com\/MonacoTribune","article_published_time":"2025-04-29T10:14:42+00:00","article_modified_time":"2025-04-29T10:14:43+00:00","og_image":[{"width":1200,"height":800,"url":"https:\/\/www.monaco-tribune.com\/wp-content\/uploads\/2025\/04\/charlotte-casiraghi.jpg","type":"image\/jpeg"}],"author":"Monaco Tribune","twitter_card":"summary_large_image","twitter_creator":"@MonacoTribune","twitter_site":"@MonacoTribune","schema":{"@context":"https:\/\/schema.org","@graph":[{"@type":"NewsArticle","@id":"https:\/\/www.monaco-tribune.com\/it\/2025\/04\/charlotte-casiraghi-porta-avanti-il-tradizionale-legame-principesco-con-le-forze-dellordine\/#article","isPartOf":{"@id":"https:\/\/www.monaco-tribune.com\/it\/2025\/04\/charlotte-casiraghi-porta-avanti-il-tradizionale-legame-principesco-con-le-forze-dellordine\/"},"author":{"name":"Monaco Tribune","@id":"https:\/\/www.monaco-tribune.com\/it\/#\/schema\/person\/8f6ed8c063276e2397589eda5b7a2f2d"},"headline":"Charlotte Casiraghi porta avanti il tradizionale legame principesco con le forze dell&#8217;ordine","datePublished":"2025-04-29T10:14:42+00:00","dateModified":"2025-04-29T10:14:43+00:00","mainEntityOfPage":{"@id":"https:\/\/www.monaco-tribune.com\/it\/2025\/04\/charlotte-casiraghi-porta-avanti-il-tradizionale-legame-principesco-con-le-forze-dellordine\/"},"wordCount":281,"publisher":{"@id":"https:\/\/www.monaco-tribune.com\/it\/#organization"},"image":{"@id":"https:\/\/www.monaco-tribune.com\/it\/2025\/04\/charlotte-casiraghi-porta-avanti-il-tradizionale-legame-principesco-con-le-forze-dellordine\/#primaryimage"},"thumbnailUrl":"https:\/\/www.monaco-tribune.com\/wp-content\/uploads\/2025\/04\/charlotte-casiraghi.jpg","keywords":["Patrimonio"],"articleSection":["Famiglia Principesca","Notizie"],"inLanguage":"it-IT","copyrightYear":"2025","copyrightHolder":{"@id":"https:\/\/www.monaco-tribune.com\/#organization"}},{"@type":"WebPage","@id":"https:\/\/www.monaco-tribune.com\/it\/2025\/04\/charlotte-casiraghi-porta-avanti-il-tradizionale-legame-principesco-con-le-forze-dellordine\/","url":"https:\/\/www.monaco-tribune.com\/it\/2025\/04\/charlotte-casiraghi-porta-avanti-il-tradizionale-legame-principesco-con-le-forze-dellordine\/","name":"Charlotte Casiraghi porta avanti il tradizionale legame principesco con le forze dell'ordine","isPartOf":{"@id":"https:\/\/www.monaco-tribune.com\/it\/#website"},"primaryImageOfPage":{"@id":"https:\/\/www.monaco-tribune.com\/it\/2025\/04\/charlotte-casiraghi-porta-avanti-il-tradizionale-legame-principesco-con-le-forze-dellordine\/#primaryimage"},"image":{"@id":"https:\/\/www.monaco-tribune.com\/it\/2025\/04\/charlotte-casiraghi-porta-avanti-il-tradizionale-legame-principesco-con-le-forze-dellordine\/#primaryimage"},"thumbnailUrl":"https:\/\/www.monaco-tribune.com\/wp-content\/uploads\/2025\/04\/charlotte-casiraghi.jpg","datePublished":"2025-04-29T10:14:42+00:00","dateModified":"2025-04-29T10:14:43+00:00","description":"Fra tradizione e devozione, Charlotte Casiraghi ha illuminato con la sua presenza l'annuale cerimonia in onore di San Giorgio. Lo scorso mercoled\u00ec 23","breadcrumb":{"@id":"https:\/\/www.monaco-tribune.com\/it\/2025\/04\/charlotte-casiraghi-porta-avanti-il-tradizionale-legame-principesco-con-le-forze-dellordine\/#breadcrumb"},"inLanguage":"it-IT","potentialAction":[{"@type":"ReadAction","target":["https:\/\/www.monaco-tribune.com\/it\/2025\/04\/charlotte-casiraghi-porta-avanti-il-tradizionale-legame-principesco-con-le-forze-dellordine\/"]}]},{"@type":"ImageObject","inLanguage":"it-IT","@id":"https:\/\/www.monaco-tribune.com\/it\/2025\/04\/charlotte-casiraghi-porta-avanti-il-tradizionale-legame-principesco-con-le-forze-dellordine\/#primaryimage","url":"https:\/\/www.monaco-tribune.com\/wp-content\/uploads\/2025\/04\/charlotte-casiraghi.jpg","contentUrl":"https:\/\/www.monaco-tribune.com\/wp-content\/uploads\/2025\/04\/charlotte-casiraghi.jpg","width":1200,"height":800,"caption":"Charlotte Casiraghi \u00e8 la madrina della S\u00fbret\u00e9 publique di Monaco \u00a9 Direzione della comunicazione \/ Manuel Vitali"},{"@type":"BreadcrumbList","@id":"https:\/\/www.monaco-tribune.com\/it\/2025\/04\/charlotte-casiraghi-porta-avanti-il-tradizionale-legame-principesco-con-le-forze-dellordine\/#breadcrumb","itemListElement":[{"@type":"ListItem","position":1,"name":"Accueil","item":"https:\/\/www.monaco-tribune.com\/it\/"},{"@type":"ListItem","position":2,"name":"Charlotte Casiraghi porta avanti il tradizionale legame principesco con le forze dell&#8217;ordine"}]},{"@type":"WebSite","@id":"https:\/\/www.monaco-tribune.com\/it\/#website","url":"https:\/\/www.monaco-tribune.com\/it\/","name":"Monaco Tribune","description":"Monaco : actualit\u00e9s \u00e9conomiques, politiques, culturelles et sportives de Monaco et de la French Riviera.","publisher":{"@id":"https:\/\/www.monaco-tribune.com\/it\/#organization"},"potentialAction":[{"@type":"SearchAction","target":{"@type":"EntryPoint","urlTemplate":"https:\/\/www.monaco-tribune.com\/it\/?s={search_term_string}"},"query-input":{"@type":"PropertyValueSpecification","valueRequired":true,"valueName":"search_term_string"}}],"inLanguage":"it-IT"},{"@type":"Organization","@id":"https:\/\/www.monaco-tribune.com\/it\/#organization","name":"Monaco Tribune","url":"https:\/\/www.monaco-tribune.com\/it\/","logo":{"@type":"ImageObject","inLanguage":"it-IT","@id":"https:\/\/www.monaco-tribune.com\/it\/#\/schema\/logo\/image\/","url":"https:\/\/www.monaco-tribune.com\/wp-content\/uploads\/2022\/11\/logo-monaco-tribune.png","contentUrl":"https:\/\/www.monaco-tribune.com\/wp-content\/uploads\/2022\/11\/logo-monaco-tribune.png","width":1548,"height":600,"caption":"Monaco Tribune"},"image":{"@id":"https:\/\/www.monaco-tribune.com\/it\/#\/schema\/logo\/image\/"},"sameAs":["https:\/\/www.facebook.com\/MonacoTribune","https:\/\/x.com\/MonacoTribune","https:\/\/www.instagram.com\/monacotribune\/","https:\/\/www.linkedin.com\/company\/monaco-tribune","https:\/\/www.youtube.com\/channel\/UCHle1MnG6hw1y4lWKijVbMA"]},{"@type":"Person","@id":"https:\/\/www.monaco-tribune.com\/it\/#\/schema\/person\/8f6ed8c063276e2397589eda5b7a2f2d","name":"Monaco Tribune","image":{"@type":"ImageObject","inLanguage":"it-IT","@id":"https:\/\/secure.gravatar.com\/avatar\/3010e6c5d6c8056ec1c25228fe68ea089879e5ae0de884e0247744ee988aaf6a?s=96&d=mm&r=g","url":"https:\/\/secure.gravatar.com\/avatar\/3010e6c5d6c8056ec1c25228fe68ea089879e5ae0de884e0247744ee988aaf6a?s=96&d=mm&r=g","contentUrl":"https:\/\/secure.gravatar.com\/avatar\/3010e6c5d6c8056ec1c25228fe68ea089879e5ae0de884e0247744ee988aaf6a?s=96&d=mm&r=g","caption":"Monaco Tribune"},"url":"https:\/\/www.monaco-tribune.com\/it\/author\/monaco-tribune\/"}]}},"_links":{"self":[{"href":"https:\/\/www.monaco-tribune.com\/it\/wp-json\/wp\/v2\/posts\/289384","targetHints":{"allow":["GET"]}}],"collection":[{"href":"https:\/\/www.monaco-tribune.com\/it\/wp-json\/wp\/v2\/posts"}],"about":[{"href":"https:\/\/www.monaco-tribune.com\/it\/wp-json\/wp\/v2\/types\/post"}],"author":[{"embeddable":true,"href":"https:\/\/www.monaco-tribune.com\/it\/wp-json\/wp\/v2\/users\/21"}],"replies":[{"embeddable":true,"href":"https:\/\/www.monaco-tribune.com\/it\/wp-json\/wp\/v2\/comments?post=289384"}],"version-history":[{"count":1,"href":"https:\/\/www.monaco-tribune.com\/it\/wp-json\/wp\/v2\/posts\/289384\/revisions"}],"predecessor-version":[{"id":289385,"href":"https:\/\/www.monaco-tribune.com\/it\/wp-json\/wp\/v2\/posts\/289384\/revisions\/289385"}],"wp:featuredmedia":[{"embeddable":true,"href":"https:\/\/www.monaco-tribune.com\/it\/wp-json\/wp\/v2\/media\/288242"}],"wp:attachment":[{"href":"https:\/\/www.monaco-tribune.com\/it\/wp-json\/wp\/v2\/media?parent=289384"}],"wp:term":[{"taxonomy":"category","embeddable":true,"href":"https:\/\/www.monaco-tribune.com\/it\/wp-json\/wp\/v2\/categories?post=289384"},{"taxonomy":"post_tag","embeddable":true,"href":"https:\/\/www.monaco-tribune.com\/it\/wp-json\/wp\/v2\/tags?post=289384"},{"taxonomy":"sectag","embeddable":true,"href":"https:\/\/www.monaco-tribune.com\/it\/wp-json\/wp\/v2\/post_sectags?post=289384"},{"taxonomy":"format","embeddable":true,"href":"https:\/\/www.monaco-tribune.com\/it\/wp-json\/wp\/v2\/post_format?post=289384"}],"curies":[{"name":"wp","href":"https:\/\/api.w.org\/{rel}","templated":true}]}}