{"id":291337,"date":"2025-05-09T11:58:55","date_gmt":"2025-05-09T09:58:55","guid":{"rendered":"https:\/\/www.monaco-tribune.com\/2025\/05\/i-vincitori-del-premio-di-fotografia-naturalistica-2025\/"},"modified":"2025-05-09T11:59:03","modified_gmt":"2025-05-09T09:59:03","slug":"i-vincitori-del-premio-di-fotografia-naturalistica-2025","status":"publish","type":"post","link":"https:\/\/www.monaco-tribune.com\/it\/2025\/05\/i-vincitori-del-premio-di-fotografia-naturalistica-2025\/","title":{"rendered":"I vincitori del Premio di Fotografia Naturalistica 2025"},"content":{"rendered":"\n<p><strong>La quinta edizione del concorso monegasco celebra il lavoro di Angel Fitor e sensibilizza il pubblico sui temi ambientali attraverso scatti straordinari.<\/strong><\/p>\n\n<p>Il Premio di Fotografia Naturalistica 2025, organizzato dalla <a href=\"https:\/\/www.monaco-tribune.com\/2025\/01\/premier-investissement-pour-le-reocean-fund-de-la-fondation-prince-albert-ii-de-monaco\/\">Fondazione Principe Alberto II<\/a> di Monaco, ha appena svelato i nomi dei vincitori. Quest\u2019anno il riconoscimento pi\u00f9 importante va al fotografo spagnolo <strong>Angel Fitor<\/strong> per la sua immagine mozzafiato \u201c<em>Unseen Unsung Heroes<\/em>\u201d, che ritrae vermi marini intenti a espellere sabbia dai loro cunicoli.<\/p>\n\n<p>Uno scatto frutto di due mesi di lavoro e venti immersioni da cinque ore ciascuna, che \u00e8 stato premiato anche nella categoria \u201cMondi marini\u201d. \u201cQuesta fotografia racconta l\u2019azione silenziosa di creature umili che, tuttavia, hanno un impatto decisivo sull\u2019intero ecosistema marino mediterraneo, da cui anche noi dipendiamo\u201d, spiega Angel Fitor.<\/p>\n\n<p>Il fotografo e biologo marino si \u00e8 aggiudicato anche una seconda categoria con \u201c<em>Training Day<\/em>\u201d, una tenera immagine di un piccolo di tartaruga caretta caretta in un centro di recupero in Spagna. Altri due suoi scatti sono stati selezionati nella categoria \u201cMondi marini\u201d: \u201c<em>Night Stalker<\/em>\u201d e \u201c<em>Beauty Languages<\/em>\u201d.<\/p>\n\n<figure class=\"wp-block-image size-full\"><img decoding=\"async\" src=\"https:\/\/www.monaco-tribune.com\/wp-content\/uploads\/2025\/05\/image-13_cm_1winner_&#xA9;angel-fitor.jpg\" alt=\"Training day &#xA9; Angel Fitor\" class=\"wp-image-291050\"\/><figcaption class=\"wp-element-caption\"><em>Training day \u00a9 Angel Fitor<\/em><\/figcaption><\/figure>\n\n<p>Angel Fitor non \u00e8 nuovo ai grandi riconoscimenti internazionali: in passato \u00e8 stato premiato anche da World Press Photo, Wildlife Photographer of the Year, American Photography e Sony World Photography.<\/p>\n\n<p class=\"related\"><a href=\"https:\/\/www.monaco-tribune.com\/it\/2025\/04\/ecoslowasting-una-piattaforma-anti-spreco-per-dare-una-seconda-vita-ai-prodotti-invenduti\/\">Ecoslowasting: una piattaforma anti-spreco per dare una seconda vita ai prodotti invenduti<\/a><\/p>\n\n<h2 class=\"wp-block-heading\" id=\"h-sept-prix-photo-pour-celebrer-la-biodiversite\"><strong>Sette premi per celebrare la biodiversit\u00e0<\/strong><\/h2>\n\n<p>Il concorso, giunto al suo quinto anno, \u00e8 articolato in cinque categorie principali pi\u00f9 due speciali, ciascuna con un vincitore. Ecco le opere premiate, oltre le due di Fitor gi\u00e0 menzionate:<\/p>\n\n<figure class=\"wp-block-image size-large\"><img decoding=\"async\" src=\"https:\/\/www.monaco-tribune.com\/wp-content\/uploads\/2025\/05\/image-2_polar_1winner_&#xA9;galice-hoarau-grande-768x1024.jpeg\" alt=\"Meraviglie polari: vinto da Galice Hoarau con Jellyfish and Iceberg &#xA9; Galice Hoarau\" class=\"wp-image-291054\"\/><figcaption class=\"wp-element-caption\"><em data-start=\"1956\" data-end=\"1975\">Meraviglie polari<\/em>: <em>vinto da Galice Hoarau con<\/em> <em data-start=\"2001\" data-end=\"2024\">Jellyfish and Iceberg \u00a9 Galice Hoarau<\/em><\/figcaption><\/figure>\n\n<figure class=\"wp-block-image size-large\"><img decoding=\"async\" src=\"https:\/\/www.monaco-tribune.com\/wp-content\/uploads\/2025\/05\/image-5_forests_1winner_&#xA9;iacopo-nerozzi-grande-1024x683.jpeg\" alt=\"Nel cuore della foresta: vinto da Iacopo Nerozzi per Clash of Kings &#xA9; Iacopo Nerozzi\" class=\"wp-image-291066\"\/><figcaption class=\"wp-element-caption\"><em>Nel cuore della foresta: vinto da Iacopo Nerozzi per Clash of Kings \u00a9 Iacopo Nerozzi<\/em><\/figcaption><\/figure>\n\n<figure class=\"wp-block-image size-large\"><img decoding=\"async\" src=\"https:\/\/www.monaco-tribune.com\/wp-content\/uploads\/2025\/05\/image-10_hvn_1winner_&#xA9;amy-jones-grande-1024x682.jpeg\" alt=\"Umanit&#xE0; versus Natura: vinto da Amy Jones con Breeding Machine &#xA9; Amy Jones\" class=\"wp-image-291079\"\/><figcaption class=\"wp-element-caption\"><em data-start=\"2105\" data-end=\"2128\">Umanit\u00e0 versus Natura<\/em>: <em>vinto da Amy Jones con<\/em> <em data-start=\"2153\" data-end=\"2171\">Breeding Machine \u00a9 Amy Jones<\/em><\/figcaption><\/figure>\n\n<p>A questi si aggiungono due riconoscimenti speciali: il Premio del Pubblico, assegnato a <strong>Fernando Faciole<\/strong> per <em data-start=\"2284\" data-end=\"2308\">After the Flames, Hope<\/em>, e il Premio degli Studenti, vinto da <strong>Bambang Wirawan<\/strong> con <em data-start=\"2367\" data-end=\"2381\">Forest Guard<\/em>.<\/p>\n\n<figure class=\"wp-block-image size-large\"><img decoding=\"async\" src=\"https:\/\/www.monaco-tribune.com\/wp-content\/uploads\/2025\/05\/image-17_student_winner_&#xA9;bambang-wirawan-grande-1024x682.jpeg\" alt=\"Prix des Lyc&#xE9;ens pour Forest Guard de Bambang Wirawan\" class=\"wp-image-291083\"\/><figcaption class=\"wp-element-caption\"><em>\u00a9 Bambang Wirawan <\/em><\/figcaption><\/figure>\n\n<figure class=\"wp-block-image size-large\"><img decoding=\"async\" src=\"https:\/\/www.monaco-tribune.com\/wp-content\/uploads\/2025\/05\/image-16_public_winner_&#xA9;fernando-faciole_3-moyenne.jpeg\" alt=\"Photo-fernando-faciole\" class=\"wp-image-291087\"\/><figcaption class=\"wp-element-caption\"><em>\u00a9 Fernando Faciole <\/em><\/figcaption><\/figure>\n\n<h2 class=\"wp-block-heading\" id=\"h-un-jury-prestigieux-preside-par-ami-vitale\"><strong>Una giuria d\u2019eccezione presieduta da Ami Vitale<\/strong><\/h2>\n\n<p>Per l\u2019edizione 2025, la giuria \u00e8 stata guidata dalla fotografa del <em data-start=\"2543\" data-end=\"2564\">National Geographic<\/em> Ami Vitale. \u201cLa fotografia \u00e8 uno strumento fondamentale per mettere in luce il legame profondo tra il benessere individuale e la salute dell\u2019ambiente\u201d, ha sottolineato la documentarista. \u201cSpero che queste immagini e le storie che raccontano possano spingere sempre pi\u00f9 persone a passare dall\u2019osservazione all\u2019azione concreta per difendere il nostro pianeta.\u201d Al suo fianco, una squadra di esperti del settore: Emanuele Biggi, Aaron Gekoski, Tom Gilks, Ralph Pace, Audun Rikardsen e Jaime Rojo. La direzione del concorso \u00e8 stata affidata a Sergio Pitamitz, fotografo naturalista per <em data-start=\"3148\" data-end=\"3181\">National Geographic Expeditions<\/em>.<\/p>\n\n<p class=\"related\"><a href=\"https:\/\/www.monaco-tribune.com\/it\/2024\/05\/tutto-quello-che-ce-da-sapere-sul-museo-oceanografico-di-monaco\/\">Tutto quello che c\u2019\u00e8 da sapere sul Museo Oceanografico di Monaco<\/a><\/p>\n\n<h2 class=\"wp-block-heading\" id=\"h-une-exposition-itinerante-pour-sensibiliser-le-public\"><strong>Una mostra itinerante per sensibilizzare il pubblico<\/strong><\/h2>\n\n<p>Le 36 fotografie selezionate, incluse le 7 immagini premiate, saranno esposte sulla Promenade du Larvotto a Monaco dal 3 giugno al 31 luglio 2025, per poi partire per un tour internazionale. Le opere verranno anche raccolte in una pubblicazione edita da Skira Paris.<\/p>\n\n<p>Come ha ricordato Olivier Wenden, vicepresidente della Fondazione Principe Alberto II di Monaco, questo premio permette di \u201cdare voce al mondo vivente e parlare direttamente al cuore delle persone\u201d. Attraverso queste immagini, la Fondazione porta avanti il suo impegno nella sensibilizzazione ambientale con l\u2019iniziativa \u201c<a href=\"https:\/\/www.monaco-tribune.com\/2024\/05\/le-green-shift-festival-revient-pour-une-deuxieme-edition\/\">Green Shift<\/a>\u201d.<\/p>\n\n<p>Per chi volesse partecipare, il bando per l\u2019edizione 2026 sar\u00e0 aperto <strong>dal 2 settembre al 2 novembre 2025<\/strong>, basta registrarsi sul <a href=\"http:\/\/www.fpa2photoaward.org\/\">sito ufficiale<\/a>.<\/p>\n\n<p><\/p>\n","protected":false},"excerpt":{"rendered":"<p>La quinta edizione del concorso monegasco celebra il lavoro di Angel Fitor e sensibilizza il pubblico sui temi ambientali attraverso [&hellip;]<\/p>\n","protected":false},"author":82,"featured_media":291047,"comment_status":"closed","ping_status":"closed","sticky":false,"template":"","format":"standard","meta":{"_acf_changed":false,"footnotes":""},"categories":[1839,1826,1738],"tags":[5073],"post_sectags":[5144],"post_format":[2474],"class_list":["post-291337","post","type-post","status-publish","format-standard","has-post-thumbnail","hentry","category-green","category-la-nostra-scelta","category-notizie","tag-fotografia","sectag-mostra","format-foto"],"acf":[],"yoast_head":"<!-- This site is optimized with the Yoast SEO Premium plugin v26.8 (Yoast SEO v27.4) - https:\/\/yoast.com\/product\/yoast-seo-premium-wordpress\/ -->\n<title>I vincitori del Premio di Fotografia Naturalistica 2025<\/title>\n<meta name=\"description\" content=\"La quinta edizione del concorso monegasco celebra il lavoro di Angel Fitor e sensibilizza il pubblico sui temi ambientali attraverso scatti straordinari.\" \/>\n<meta name=\"robots\" content=\"index, follow, max-snippet:-1, max-image-preview:large, max-video-preview:-1\" \/>\n<link rel=\"canonical\" href=\"https:\/\/www.monaco-tribune.com\/it\/2025\/05\/i-vincitori-del-premio-di-fotografia-naturalistica-2025\/\" \/>\n<meta property=\"og:locale\" content=\"it_IT\" \/>\n<meta property=\"og:type\" content=\"article\" \/>\n<meta property=\"og:title\" content=\"I vincitori del Premio di Fotografia Naturalistica 2025 - Monaco Tribune\" \/>\n<meta property=\"og:description\" content=\"La quinta edizione del concorso monegasco celebra il lavoro di Angel Fitor e sensibilizza il pubblico sui temi ambientali attraverso scatti straordinari.\" \/>\n<meta property=\"og:url\" content=\"https:\/\/www.monaco-tribune.com\/it\/2025\/05\/i-vincitori-del-premio-di-fotografia-naturalistica-2025\/\" \/>\n<meta property=\"og:site_name\" content=\"Monaco Tribune\" \/>\n<meta property=\"article:publisher\" content=\"https:\/\/www.facebook.com\/MonacoTribune\" \/>\n<meta property=\"article:published_time\" content=\"2025-05-09T09:58:55+00:00\" \/>\n<meta property=\"article:modified_time\" content=\"2025-05-09T09:59:03+00:00\" \/>\n<meta property=\"og:image\" content=\"https:\/\/www.monaco-tribune.com\/wp-content\/uploads\/2025\/05\/image-1_ocean_1winner-overall-winner_\u00a9angel-fitor.jpg\" \/>\n\t<meta property=\"og:image:width\" content=\"800\" \/>\n\t<meta property=\"og:image:height\" content=\"534\" \/>\n\t<meta property=\"og:image:type\" content=\"image\/jpeg\" \/>\n<meta name=\"author\" content=\"Benjamin Godart\" \/>\n<meta name=\"twitter:card\" content=\"summary_large_image\" \/>\n<meta name=\"twitter:creator\" content=\"@MonacoTribune\" \/>\n<meta name=\"twitter:site\" content=\"@MonacoTribune\" \/>\n<script type=\"application\/ld+json\" class=\"yoast-schema-graph\">{\"@context\":\"https:\\\/\\\/schema.org\",\"@graph\":[{\"@type\":\"NewsArticle\",\"@id\":\"https:\\\/\\\/www.monaco-tribune.com\\\/it\\\/2025\\\/05\\\/i-vincitori-del-premio-di-fotografia-naturalistica-2025\\\/#article\",\"isPartOf\":{\"@id\":\"https:\\\/\\\/www.monaco-tribune.com\\\/it\\\/2025\\\/05\\\/i-vincitori-del-premio-di-fotografia-naturalistica-2025\\\/\"},\"author\":{\"name\":\"Benjamin Godart\",\"@id\":\"https:\\\/\\\/www.monaco-tribune.com\\\/it\\\/#\\\/schema\\\/person\\\/d201bd3b5aa6a9405a343cb582876e6b\"},\"headline\":\"I vincitori del Premio di Fotografia Naturalistica 2025\",\"datePublished\":\"2025-05-09T09:58:55+00:00\",\"dateModified\":\"2025-05-09T09:59:03+00:00\",\"mainEntityOfPage\":{\"@id\":\"https:\\\/\\\/www.monaco-tribune.com\\\/it\\\/2025\\\/05\\\/i-vincitori-del-premio-di-fotografia-naturalistica-2025\\\/\"},\"wordCount\":565,\"publisher\":{\"@id\":\"https:\\\/\\\/www.monaco-tribune.com\\\/it\\\/#organization\"},\"image\":{\"@id\":\"https:\\\/\\\/www.monaco-tribune.com\\\/it\\\/2025\\\/05\\\/i-vincitori-del-premio-di-fotografia-naturalistica-2025\\\/#primaryimage\"},\"thumbnailUrl\":\"https:\\\/\\\/www.monaco-tribune.com\\\/wp-content\\\/uploads\\\/2025\\\/05\\\/image-1_ocean_1winner-overall-winner_\u00a9angel-fitor.jpg\",\"keywords\":[\"Fotografia\"],\"articleSection\":[\"Green\",\"La nostra scelta\",\"Notizie\"],\"inLanguage\":\"it-IT\",\"copyrightYear\":\"2025\",\"copyrightHolder\":{\"@id\":\"https:\\\/\\\/www.monaco-tribune.com\\\/#organization\"}},{\"@type\":\"WebPage\",\"@id\":\"https:\\\/\\\/www.monaco-tribune.com\\\/it\\\/2025\\\/05\\\/i-vincitori-del-premio-di-fotografia-naturalistica-2025\\\/\",\"url\":\"https:\\\/\\\/www.monaco-tribune.com\\\/it\\\/2025\\\/05\\\/i-vincitori-del-premio-di-fotografia-naturalistica-2025\\\/\",\"name\":\"I vincitori del Premio di Fotografia Naturalistica 2025\",\"isPartOf\":{\"@id\":\"https:\\\/\\\/www.monaco-tribune.com\\\/it\\\/#website\"},\"primaryImageOfPage\":{\"@id\":\"https:\\\/\\\/www.monaco-tribune.com\\\/it\\\/2025\\\/05\\\/i-vincitori-del-premio-di-fotografia-naturalistica-2025\\\/#primaryimage\"},\"image\":{\"@id\":\"https:\\\/\\\/www.monaco-tribune.com\\\/it\\\/2025\\\/05\\\/i-vincitori-del-premio-di-fotografia-naturalistica-2025\\\/#primaryimage\"},\"thumbnailUrl\":\"https:\\\/\\\/www.monaco-tribune.com\\\/wp-content\\\/uploads\\\/2025\\\/05\\\/image-1_ocean_1winner-overall-winner_\u00a9angel-fitor.jpg\",\"datePublished\":\"2025-05-09T09:58:55+00:00\",\"dateModified\":\"2025-05-09T09:59:03+00:00\",\"description\":\"La quinta edizione del concorso monegasco celebra il lavoro di Angel Fitor e sensibilizza il pubblico sui temi ambientali attraverso scatti straordinari.\",\"breadcrumb\":{\"@id\":\"https:\\\/\\\/www.monaco-tribune.com\\\/it\\\/2025\\\/05\\\/i-vincitori-del-premio-di-fotografia-naturalistica-2025\\\/#breadcrumb\"},\"inLanguage\":\"it-IT\",\"potentialAction\":[{\"@type\":\"ReadAction\",\"target\":[\"https:\\\/\\\/www.monaco-tribune.com\\\/it\\\/2025\\\/05\\\/i-vincitori-del-premio-di-fotografia-naturalistica-2025\\\/\"]}]},{\"@type\":\"ImageObject\",\"inLanguage\":\"it-IT\",\"@id\":\"https:\\\/\\\/www.monaco-tribune.com\\\/it\\\/2025\\\/05\\\/i-vincitori-del-premio-di-fotografia-naturalistica-2025\\\/#primaryimage\",\"url\":\"https:\\\/\\\/www.monaco-tribune.com\\\/wp-content\\\/uploads\\\/2025\\\/05\\\/image-1_ocean_1winner-overall-winner_\u00a9angel-fitor.jpg\",\"contentUrl\":\"https:\\\/\\\/www.monaco-tribune.com\\\/wp-content\\\/uploads\\\/2025\\\/05\\\/image-1_ocean_1winner-overall-winner_\u00a9angel-fitor.jpg\",\"width\":800,\"height\":534,\"caption\":\"I vermi policheti svolgono un ruolo cruciale nel mantenere la circolazione dell'ossigeno negli strati superiori dei sedimenti marini, un'azione essenziale che consente a un intero ecosistema di prosperare sotto il substrato. \u00a9 Angel Fitor - vincitore del Premio di Fotografia Naturalistica 2025\"},{\"@type\":\"BreadcrumbList\",\"@id\":\"https:\\\/\\\/www.monaco-tribune.com\\\/it\\\/2025\\\/05\\\/i-vincitori-del-premio-di-fotografia-naturalistica-2025\\\/#breadcrumb\",\"itemListElement\":[{\"@type\":\"ListItem\",\"position\":1,\"name\":\"Accueil\",\"item\":\"https:\\\/\\\/www.monaco-tribune.com\\\/it\\\/\"},{\"@type\":\"ListItem\",\"position\":2,\"name\":\"I vincitori del Premio di Fotografia Naturalistica 2025\"}]},{\"@type\":\"WebSite\",\"@id\":\"https:\\\/\\\/www.monaco-tribune.com\\\/it\\\/#website\",\"url\":\"https:\\\/\\\/www.monaco-tribune.com\\\/it\\\/\",\"name\":\"Monaco Tribune\",\"description\":\"Monaco : actualit\u00e9s \u00e9conomiques, politiques, culturelles et sportives de Monaco et de la French Riviera.\",\"publisher\":{\"@id\":\"https:\\\/\\\/www.monaco-tribune.com\\\/it\\\/#organization\"},\"potentialAction\":[{\"@type\":\"SearchAction\",\"target\":{\"@type\":\"EntryPoint\",\"urlTemplate\":\"https:\\\/\\\/www.monaco-tribune.com\\\/it\\\/?s={search_term_string}\"},\"query-input\":{\"@type\":\"PropertyValueSpecification\",\"valueRequired\":true,\"valueName\":\"search_term_string\"}}],\"inLanguage\":\"it-IT\"},{\"@type\":\"Organization\",\"@id\":\"https:\\\/\\\/www.monaco-tribune.com\\\/it\\\/#organization\",\"name\":\"Monaco Tribune\",\"url\":\"https:\\\/\\\/www.monaco-tribune.com\\\/it\\\/\",\"logo\":{\"@type\":\"ImageObject\",\"inLanguage\":\"it-IT\",\"@id\":\"https:\\\/\\\/www.monaco-tribune.com\\\/it\\\/#\\\/schema\\\/logo\\\/image\\\/\",\"url\":\"https:\\\/\\\/www.monaco-tribune.com\\\/wp-content\\\/uploads\\\/2022\\\/11\\\/logo-monaco-tribune.png\",\"contentUrl\":\"https:\\\/\\\/www.monaco-tribune.com\\\/wp-content\\\/uploads\\\/2022\\\/11\\\/logo-monaco-tribune.png\",\"width\":1548,\"height\":600,\"caption\":\"Monaco Tribune\"},\"image\":{\"@id\":\"https:\\\/\\\/www.monaco-tribune.com\\\/it\\\/#\\\/schema\\\/logo\\\/image\\\/\"},\"sameAs\":[\"https:\\\/\\\/www.facebook.com\\\/MonacoTribune\",\"https:\\\/\\\/x.com\\\/MonacoTribune\",\"https:\\\/\\\/www.instagram.com\\\/monacotribune\\\/\",\"https:\\\/\\\/www.linkedin.com\\\/company\\\/monaco-tribune\",\"https:\\\/\\\/www.youtube.com\\\/channel\\\/UCHle1MnG6hw1y4lWKijVbMA\"]},{\"@type\":\"Person\",\"@id\":\"https:\\\/\\\/www.monaco-tribune.com\\\/it\\\/#\\\/schema\\\/person\\\/d201bd3b5aa6a9405a343cb582876e6b\",\"name\":\"Benjamin Godart\",\"image\":{\"@type\":\"ImageObject\",\"inLanguage\":\"it-IT\",\"@id\":\"https:\\\/\\\/secure.gravatar.com\\\/avatar\\\/497d42825162d88d88f4d1527d8d9791abdd62e977b6ae137f2a93f8450f5286?s=96&d=mm&r=g\",\"url\":\"https:\\\/\\\/secure.gravatar.com\\\/avatar\\\/497d42825162d88d88f4d1527d8d9791abdd62e977b6ae137f2a93f8450f5286?s=96&d=mm&r=g\",\"contentUrl\":\"https:\\\/\\\/secure.gravatar.com\\\/avatar\\\/497d42825162d88d88f4d1527d8d9791abdd62e977b6ae137f2a93f8450f5286?s=96&d=mm&r=g\",\"caption\":\"Benjamin Godart\"},\"url\":\"https:\\\/\\\/www.monaco-tribune.com\\\/it\\\/author\\\/benjamingodart\\\/\"}]}<\/script>\n<!-- \/ Yoast SEO Premium plugin. -->","yoast_head_json":{"title":"I vincitori del Premio di Fotografia Naturalistica 2025","description":"La quinta edizione del concorso monegasco celebra il lavoro di Angel Fitor e sensibilizza il pubblico sui temi ambientali attraverso scatti straordinari.","robots":{"index":"index","follow":"follow","max-snippet":"max-snippet:-1","max-image-preview":"max-image-preview:large","max-video-preview":"max-video-preview:-1"},"canonical":"https:\/\/www.monaco-tribune.com\/it\/2025\/05\/i-vincitori-del-premio-di-fotografia-naturalistica-2025\/","og_locale":"it_IT","og_type":"article","og_title":"I vincitori del Premio di Fotografia Naturalistica 2025 - Monaco Tribune","og_description":"La quinta edizione del concorso monegasco celebra il lavoro di Angel Fitor e sensibilizza il pubblico sui temi ambientali attraverso scatti straordinari.","og_url":"https:\/\/www.monaco-tribune.com\/it\/2025\/05\/i-vincitori-del-premio-di-fotografia-naturalistica-2025\/","og_site_name":"Monaco Tribune","article_publisher":"https:\/\/www.facebook.com\/MonacoTribune","article_published_time":"2025-05-09T09:58:55+00:00","article_modified_time":"2025-05-09T09:59:03+00:00","og_image":[{"width":800,"height":534,"url":"https:\/\/www.monaco-tribune.com\/wp-content\/uploads\/2025\/05\/image-1_ocean_1winner-overall-winner_\u00a9angel-fitor.jpg","type":"image\/jpeg"}],"author":"Benjamin Godart","twitter_card":"summary_large_image","twitter_creator":"@MonacoTribune","twitter_site":"@MonacoTribune","schema":{"@context":"https:\/\/schema.org","@graph":[{"@type":"NewsArticle","@id":"https:\/\/www.monaco-tribune.com\/it\/2025\/05\/i-vincitori-del-premio-di-fotografia-naturalistica-2025\/#article","isPartOf":{"@id":"https:\/\/www.monaco-tribune.com\/it\/2025\/05\/i-vincitori-del-premio-di-fotografia-naturalistica-2025\/"},"author":{"name":"Benjamin Godart","@id":"https:\/\/www.monaco-tribune.com\/it\/#\/schema\/person\/d201bd3b5aa6a9405a343cb582876e6b"},"headline":"I vincitori del Premio di Fotografia Naturalistica 2025","datePublished":"2025-05-09T09:58:55+00:00","dateModified":"2025-05-09T09:59:03+00:00","mainEntityOfPage":{"@id":"https:\/\/www.monaco-tribune.com\/it\/2025\/05\/i-vincitori-del-premio-di-fotografia-naturalistica-2025\/"},"wordCount":565,"publisher":{"@id":"https:\/\/www.monaco-tribune.com\/it\/#organization"},"image":{"@id":"https:\/\/www.monaco-tribune.com\/it\/2025\/05\/i-vincitori-del-premio-di-fotografia-naturalistica-2025\/#primaryimage"},"thumbnailUrl":"https:\/\/www.monaco-tribune.com\/wp-content\/uploads\/2025\/05\/image-1_ocean_1winner-overall-winner_\u00a9angel-fitor.jpg","keywords":["Fotografia"],"articleSection":["Green","La nostra scelta","Notizie"],"inLanguage":"it-IT","copyrightYear":"2025","copyrightHolder":{"@id":"https:\/\/www.monaco-tribune.com\/#organization"}},{"@type":"WebPage","@id":"https:\/\/www.monaco-tribune.com\/it\/2025\/05\/i-vincitori-del-premio-di-fotografia-naturalistica-2025\/","url":"https:\/\/www.monaco-tribune.com\/it\/2025\/05\/i-vincitori-del-premio-di-fotografia-naturalistica-2025\/","name":"I vincitori del Premio di Fotografia Naturalistica 2025","isPartOf":{"@id":"https:\/\/www.monaco-tribune.com\/it\/#website"},"primaryImageOfPage":{"@id":"https:\/\/www.monaco-tribune.com\/it\/2025\/05\/i-vincitori-del-premio-di-fotografia-naturalistica-2025\/#primaryimage"},"image":{"@id":"https:\/\/www.monaco-tribune.com\/it\/2025\/05\/i-vincitori-del-premio-di-fotografia-naturalistica-2025\/#primaryimage"},"thumbnailUrl":"https:\/\/www.monaco-tribune.com\/wp-content\/uploads\/2025\/05\/image-1_ocean_1winner-overall-winner_\u00a9angel-fitor.jpg","datePublished":"2025-05-09T09:58:55+00:00","dateModified":"2025-05-09T09:59:03+00:00","description":"La quinta edizione del concorso monegasco celebra il lavoro di Angel Fitor e sensibilizza il pubblico sui temi ambientali attraverso scatti straordinari.","breadcrumb":{"@id":"https:\/\/www.monaco-tribune.com\/it\/2025\/05\/i-vincitori-del-premio-di-fotografia-naturalistica-2025\/#breadcrumb"},"inLanguage":"it-IT","potentialAction":[{"@type":"ReadAction","target":["https:\/\/www.monaco-tribune.com\/it\/2025\/05\/i-vincitori-del-premio-di-fotografia-naturalistica-2025\/"]}]},{"@type":"ImageObject","inLanguage":"it-IT","@id":"https:\/\/www.monaco-tribune.com\/it\/2025\/05\/i-vincitori-del-premio-di-fotografia-naturalistica-2025\/#primaryimage","url":"https:\/\/www.monaco-tribune.com\/wp-content\/uploads\/2025\/05\/image-1_ocean_1winner-overall-winner_\u00a9angel-fitor.jpg","contentUrl":"https:\/\/www.monaco-tribune.com\/wp-content\/uploads\/2025\/05\/image-1_ocean_1winner-overall-winner_\u00a9angel-fitor.jpg","width":800,"height":534,"caption":"I vermi policheti svolgono un ruolo cruciale nel mantenere la circolazione dell'ossigeno negli strati superiori dei sedimenti marini, un'azione essenziale che consente a un intero ecosistema di prosperare sotto il substrato. \u00a9 Angel Fitor - vincitore del Premio di Fotografia Naturalistica 2025"},{"@type":"BreadcrumbList","@id":"https:\/\/www.monaco-tribune.com\/it\/2025\/05\/i-vincitori-del-premio-di-fotografia-naturalistica-2025\/#breadcrumb","itemListElement":[{"@type":"ListItem","position":1,"name":"Accueil","item":"https:\/\/www.monaco-tribune.com\/it\/"},{"@type":"ListItem","position":2,"name":"I vincitori del Premio di Fotografia Naturalistica 2025"}]},{"@type":"WebSite","@id":"https:\/\/www.monaco-tribune.com\/it\/#website","url":"https:\/\/www.monaco-tribune.com\/it\/","name":"Monaco Tribune","description":"Monaco : actualit\u00e9s \u00e9conomiques, politiques, culturelles et sportives de Monaco et de la French Riviera.","publisher":{"@id":"https:\/\/www.monaco-tribune.com\/it\/#organization"},"potentialAction":[{"@type":"SearchAction","target":{"@type":"EntryPoint","urlTemplate":"https:\/\/www.monaco-tribune.com\/it\/?s={search_term_string}"},"query-input":{"@type":"PropertyValueSpecification","valueRequired":true,"valueName":"search_term_string"}}],"inLanguage":"it-IT"},{"@type":"Organization","@id":"https:\/\/www.monaco-tribune.com\/it\/#organization","name":"Monaco Tribune","url":"https:\/\/www.monaco-tribune.com\/it\/","logo":{"@type":"ImageObject","inLanguage":"it-IT","@id":"https:\/\/www.monaco-tribune.com\/it\/#\/schema\/logo\/image\/","url":"https:\/\/www.monaco-tribune.com\/wp-content\/uploads\/2022\/11\/logo-monaco-tribune.png","contentUrl":"https:\/\/www.monaco-tribune.com\/wp-content\/uploads\/2022\/11\/logo-monaco-tribune.png","width":1548,"height":600,"caption":"Monaco Tribune"},"image":{"@id":"https:\/\/www.monaco-tribune.com\/it\/#\/schema\/logo\/image\/"},"sameAs":["https:\/\/www.facebook.com\/MonacoTribune","https:\/\/x.com\/MonacoTribune","https:\/\/www.instagram.com\/monacotribune\/","https:\/\/www.linkedin.com\/company\/monaco-tribune","https:\/\/www.youtube.com\/channel\/UCHle1MnG6hw1y4lWKijVbMA"]},{"@type":"Person","@id":"https:\/\/www.monaco-tribune.com\/it\/#\/schema\/person\/d201bd3b5aa6a9405a343cb582876e6b","name":"Benjamin Godart","image":{"@type":"ImageObject","inLanguage":"it-IT","@id":"https:\/\/secure.gravatar.com\/avatar\/497d42825162d88d88f4d1527d8d9791abdd62e977b6ae137f2a93f8450f5286?s=96&d=mm&r=g","url":"https:\/\/secure.gravatar.com\/avatar\/497d42825162d88d88f4d1527d8d9791abdd62e977b6ae137f2a93f8450f5286?s=96&d=mm&r=g","contentUrl":"https:\/\/secure.gravatar.com\/avatar\/497d42825162d88d88f4d1527d8d9791abdd62e977b6ae137f2a93f8450f5286?s=96&d=mm&r=g","caption":"Benjamin Godart"},"url":"https:\/\/www.monaco-tribune.com\/it\/author\/benjamingodart\/"}]}},"_links":{"self":[{"href":"https:\/\/www.monaco-tribune.com\/it\/wp-json\/wp\/v2\/posts\/291337","targetHints":{"allow":["GET"]}}],"collection":[{"href":"https:\/\/www.monaco-tribune.com\/it\/wp-json\/wp\/v2\/posts"}],"about":[{"href":"https:\/\/www.monaco-tribune.com\/it\/wp-json\/wp\/v2\/types\/post"}],"author":[{"embeddable":true,"href":"https:\/\/www.monaco-tribune.com\/it\/wp-json\/wp\/v2\/users\/82"}],"replies":[{"embeddable":true,"href":"https:\/\/www.monaco-tribune.com\/it\/wp-json\/wp\/v2\/comments?post=291337"}],"version-history":[{"count":2,"href":"https:\/\/www.monaco-tribune.com\/it\/wp-json\/wp\/v2\/posts\/291337\/revisions"}],"predecessor-version":[{"id":291340,"href":"https:\/\/www.monaco-tribune.com\/it\/wp-json\/wp\/v2\/posts\/291337\/revisions\/291340"}],"wp:featuredmedia":[{"embeddable":true,"href":"https:\/\/www.monaco-tribune.com\/it\/wp-json\/wp\/v2\/media\/291047"}],"wp:attachment":[{"href":"https:\/\/www.monaco-tribune.com\/it\/wp-json\/wp\/v2\/media?parent=291337"}],"wp:term":[{"taxonomy":"category","embeddable":true,"href":"https:\/\/www.monaco-tribune.com\/it\/wp-json\/wp\/v2\/categories?post=291337"},{"taxonomy":"post_tag","embeddable":true,"href":"https:\/\/www.monaco-tribune.com\/it\/wp-json\/wp\/v2\/tags?post=291337"},{"taxonomy":"sectag","embeddable":true,"href":"https:\/\/www.monaco-tribune.com\/it\/wp-json\/wp\/v2\/post_sectags?post=291337"},{"taxonomy":"format","embeddable":true,"href":"https:\/\/www.monaco-tribune.com\/it\/wp-json\/wp\/v2\/post_format?post=291337"}],"curies":[{"name":"wp","href":"https:\/\/api.w.org\/{rel}","templated":true}]}}