{"id":292589,"date":"2025-05-15T19:42:40","date_gmt":"2025-05-15T17:42:40","guid":{"rendered":"https:\/\/www.monaco-tribune.com\/2025\/05\/la-magia-del-calcio-conquista-400-studenti-durante-la-munegu-cup-2025\/"},"modified":"2025-05-15T19:42:47","modified_gmt":"2025-05-15T17:42:47","slug":"la-magia-del-calcio-conquista-400-studenti-durante-la-munegu-cup-2025","status":"publish","type":"post","link":"https:\/\/www.monaco-tribune.com\/it\/2025\/05\/la-magia-del-calcio-conquista-400-studenti-durante-la-munegu-cup-2025\/","title":{"rendered":"La magia del calcio conquista 400 studenti durante la Munegu Cup 2025"},"content":{"rendered":"\n<p><strong>Quasi 400 alunni delle scuole del Principato hanno vissuto una giornata indimenticabile marted\u00ec 13 maggio allo Stadio Louis-II, in occasione della terza edizione della Munegu Cup. Il torneo di calcio, ideato dal presidente dell\u2019AS Monaco Dmitri Rybolovlev, \u00e8 organizzato dal club monegasco in collaborazione con il Dipartimento dell\u2019Istruzione Nazionale.<\/strong><\/p>\n\n<p>Il sole brillava non solo in cielo, ma anche negli occhi dei 389 alunni provenienti dai sette istituti del Principato. Suddivisi in quaranta squadre, gli studenti, tra gli 8 e i 9 anni, delle classi di CE2 (terza elementare) delle scuole di R\u00e9voires, di Fontvieille, della Condamine, di Saint-Charles, dell\u2019istituto Fran\u00e7ois d\u2019Assise-Nicolas Barr\u00e9 (FANB), del Cours Saint-Maur e della International School of Monaco (ISM), hanno invaso con entusiasmo il campo solitamente riservato alle star dell\u2019AS Monaco.<\/p>\n<div class=\"wp-block-image\">\n<figure class=\"aligncenter size-large\"><img loading=\"lazy\" decoding=\"async\" width=\"1024\" height=\"683\" src=\"https:\/\/www.monaco-tribune.com\/wp-content\/uploads\/2025\/05\/munegu-cup-5-1024x683.jpg\" alt=\"munegu cup 2025 AS Monaco\" class=\"wp-image-292220\" srcset=\"https:\/\/www.monaco-tribune.com\/wp-content\/uploads\/2025\/05\/munegu-cup-5-1024x683.jpg 1024w, https:\/\/www.monaco-tribune.com\/wp-content\/uploads\/2025\/05\/munegu-cup-5-450x300.jpg 450w, https:\/\/www.monaco-tribune.com\/wp-content\/uploads\/2025\/05\/munegu-cup-5.jpg 1680w\" sizes=\"auto, (max-width: 1024px) 100vw, 1024px\" \/><figcaption class=\"wp-element-caption\"><em>Le condizioni erano ideali per giocare a calcio \u00a9 AS Monaco<\/em><\/figcaption><\/figure>\n<\/div>\n<p>\u201c\u00c8 stressante ma siamo felici. Giochiamo contro altre squadre, altre classi. Cerchiamo di vincere, cerchiamo di divertirci\u201d, ci raccontano Alberto, Tom e Anthon, alunni della scuola di R\u00e9voires, con gli occhi che brillano davanti all\u2019immensit\u00e0 del Louis-II.<\/p>\n\n<p>L\u2019emozione di questi piccoli sportivi era assolutamente palpabile. Am\u00e9lie, Chlo\u00e9, Annabelle, F\u00e9licia, Stella e Constance, studentesse del FANB, ci hanno confidato: \u201cFa un po\u2019 strano perch\u00e9 non abbiamo mai giocato in uno stadio cos\u00ec. Siamo emozionate e poi, quando giochiamo, \u00e8 difficile\u201d.<\/p>\n<div class=\"wp-block-image\">\n<figure class=\"aligncenter size-large\"><img loading=\"lazy\" decoding=\"async\" width=\"1024\" height=\"683\" src=\"https:\/\/www.monaco-tribune.com\/wp-content\/uploads\/2025\/05\/munegu-7-1024x683.jpg\" alt=\"munegu cup 2025 AS Monaco\" class=\"wp-image-292224\" srcset=\"https:\/\/www.monaco-tribune.com\/wp-content\/uploads\/2025\/05\/munegu-7-1024x683.jpg 1024w, https:\/\/www.monaco-tribune.com\/wp-content\/uploads\/2025\/05\/munegu-7-450x300.jpg 450w, https:\/\/www.monaco-tribune.com\/wp-content\/uploads\/2025\/05\/munegu-7.jpg 1680w\" sizes=\"auto, (max-width: 1024px) 100vw, 1024px\" \/><figcaption class=\"wp-element-caption\"><em>Una giornata all\u2019insegna della gioia e del buon umore \u00a9 AS Monaco<\/em><\/figcaption><\/figure>\n<\/div>\n<h2 class=\"wp-block-heading\" id=\"h-un-evenement-porteur-de-valeurs-educatives\">Un evento che trasmette valori educativi<\/h2>\n\n<p>Questo evento, nato da un\u2019idea del Presidente Dmitri Rybolovlev, va ben oltre la semplice competizione sportiva. Secondo Lionel Weber, insegnante della International School of Monaco, la preparazione \u00e8 stata resa pi\u00f9 semplice dall\u2019AS Monaco: \u201cCi hanno inviato dei video che abbiamo mostrato agli alunni. \u00c8 stato sicuramente molto pi\u00f9 efficace delle spiegazioni di un insegnante, perch\u00e9 si tratta di giocatori di alto livello che i bambini conoscono\u201d.<\/p>\n<div class=\"wp-block-image\">\n<figure class=\"aligncenter size-large\"><img loading=\"lazy\" decoding=\"async\" width=\"1024\" height=\"683\" src=\"https:\/\/www.monaco-tribune.com\/wp-content\/uploads\/2025\/05\/munegu-cup-4-1024x683.jpg\" alt=\"munegu cup 2025 AS Monaco\" class=\"wp-image-292216\" srcset=\"https:\/\/www.monaco-tribune.com\/wp-content\/uploads\/2025\/05\/munegu-cup-4-1024x683.jpg 1024w, https:\/\/www.monaco-tribune.com\/wp-content\/uploads\/2025\/05\/munegu-cup-4-450x300.jpg 450w, https:\/\/www.monaco-tribune.com\/wp-content\/uploads\/2025\/05\/munegu-cup-4.jpg 1680w\" sizes=\"auto, (max-width: 1024px) 100vw, 1024px\" \/><figcaption class=\"wp-element-caption\"><em>Durante tutta la giornata, i giocatori hanno potuto contare sul sostegno dei compagni a bordo campo pronti a fare il tifo \u00a9 AS Monaco<\/em><\/figcaption><\/figure>\n<\/div>\n<p>Christine Sabbatini, insegnante di educazione fisica della scuola di Fontvieille, ha preparato i suoi alunni prima di lanciarli nell\u2019arena: \u201cCerco di abbinare la preparazione al torneo con il mini calcio e il mini handball, a seconda della disponibilit\u00e0. L\u2019obiettivo principale \u00e8 lavorare sul concetto di passaggio e di tiro con i piedi, che non \u00e8 naturale come quello con le mani\u201d.<\/p>\n\n<p>\u201cDa tre anni, la Munegu Cup \u00e8 un appuntamento ben consolidato nel calendario scolastico\u201d, ha dichiarato R\u00e9my Garoscio, Vice Direttore dell\u2019Istruzione Nazionale, della Giovent\u00f9 e dello Sport. \u201cQuesta competizione va ben oltre la gara sportiva: \u00e8 un vero progetto educativo, portatore di valori forti come la solidariet\u00e0, la perseveranza, l\u2019umilt\u00e0, indipendentemente dal risultato\u201d. Garoscio ha voluto \u201cringraziare l\u2019AS Monaco, e in particolare il suo Presidente, per questa iniziativa. Grazie alla stretta collaborazione tra la nostra Direzione e il Club, i nostri alunni hanno la fortuna di vivere un\u2019esperienza eccezionale in un contesto al tempo stesso prestigioso e stimolante, condividendo una mattinata ricca di emozioni, impegno e sorrisi\u201d.<\/p>\n\n<h2 class=\"wp-block-heading\" id=\"h-une-journee-rythmee-par-la-joie-et-l-emotion\">Una giornata scandita da gioia ed emozione<\/h2>\n\n<p>I dettagli hanno fatto la differenza. Tra questi, la presenza di Bouba, la mascotte del club, la voce dello speaker dell\u2019AS Monaco, Laurent Nieloux, la proiezione sui maxi-schermi del filmato con i momenti salienti della stagione 2024\/2025 durante la pausa pranzo e infine la consegna di regali a tutti i partecipanti, ovvero una divisa completa dell\u2019AS Monaco, uno speciale cahier de vacances (quaderno per le vacanze) e una medaglia ricordo.<\/p>\n<div class=\"wp-block-image\">\n<figure class=\"aligncenter size-large\"><img loading=\"lazy\" decoding=\"async\" width=\"1024\" height=\"683\" src=\"https:\/\/www.monaco-tribune.com\/wp-content\/uploads\/2025\/05\/munegu-cup-6-1024x683.jpg\" alt=\"munegu cup 2025 AS Monaco\" class=\"wp-image-292232\" srcset=\"https:\/\/www.monaco-tribune.com\/wp-content\/uploads\/2025\/05\/munegu-cup-6-1024x683.jpg 1024w, https:\/\/www.monaco-tribune.com\/wp-content\/uploads\/2025\/05\/munegu-cup-6-450x300.jpg 450w, https:\/\/www.monaco-tribune.com\/wp-content\/uploads\/2025\/05\/munegu-cup-6.jpg 1680w\" sizes=\"auto, (max-width: 1024px) 100vw, 1024px\" \/><figcaption class=\"wp-element-caption\"><em>Tra una partita e l\u2019altra, i bambini si sono divertiti anche con il bersaglio gigante e il calcio balilla umano \u00a9 AS Monaco<\/em><\/figcaption><\/figure>\n<\/div>\n<p>\u201cIl legame che unisce l\u2019AS Monaco ai tifosi del Principato \u00e8 molto importante per il club\u201d, ha dichiarato il Presidente dell\u2019AS Monaco, Dmitri Rybolovlev, per poi aggiungere: \u201cCon questo torneo vogliamo promuovere i sani valori della pratica sportiva, dell\u2019impegno e della solidariet\u00e0, che sono anche i valori dell\u2019AS Monaco. Siamo felici del sostegno del Dipartimento dell&#8217;Istruzione Nazionale, della Giovent\u00f9 e dello Sport, cos\u00ec come degli insegnanti e collaboratori delle scuole del Principato\u201d. Ha poi concluso congratulandosi \u201ccon gli alunni che oggi hanno dato il massimo\u201d e augurando loro \u201cdi coltivare anno dopo anno la passione per lo sport\u201d.<\/p>\n\n<p>Il capitano Denis Zakaria, visibilmente commosso dall\u2019entusiasmo dei bambini, ha condiviso un ricordo personale: \u201cLa prima volta che ho messo piede su un campo professionistico \u00e8 stato a Ginevra, la mia citt\u00e0, ed \u00e8 stato un momento indimenticabile. So che per loro \u00e8 una cosa speciale\u201d.<\/p>\n\n<p>Thiago Scuro, Direttore Generale dell\u2019AS Monaco, ha sottolineato l\u2019importanza dell\u2019iniziativa: \u201cAvvicinarsi ai ragazzi del posto \u00e8 una priorit\u00e0 per l\u2019AS Monaco, e il loro entusiasmo di oggi \u00e8 la ricompensa pi\u00f9 bella. La Munegu Cup si inserisce in questa dinamica, insieme ad altre iniziative come la \u00dcNSEME Cup o il Kids Tour, tutte promosse e sostenute dal nostro Presidente\u201d.<\/p>\n\n<h2 class=\"wp-block-heading\" id=\"h-saint-charles-remporte-le-trophee-au-terme-d-une-finale-palpitante\">Saint-Charles conquista il trofeo al termine di una finale combattuta<\/h2>\n\n<p>Dopo una fase a gironi intensa e partite a eliminazione diretta mozzafiato, la squadra Saint-Charles 4 ha vinto per 3-1 contro il R\u00e9voires 5 in una finale ad alta tensione, sotto gli occhi di Dmitri Rybolovlev, Yvette Lambin-Berti (Segretario di Stato), St\u00e9phane Morandi (membro del Consiglio di Amministrazione dell\u2019AS Monaco) e R\u00e9my Garoscio (Vice Direttore dell\u2019Istruzione Nazionale, della Giovent\u00f9 e dello Sport).<\/p>\n<div class=\"wp-block-image\">\n<figure class=\"aligncenter size-large\"><img loading=\"lazy\" decoding=\"async\" width=\"1024\" height=\"578\" src=\"https:\/\/www.monaco-tribune.com\/wp-content\/uploads\/2025\/05\/stade-louis-as-monaco-1024x578.jpg\" alt=\"\" class=\"wp-image-292393\" srcset=\"https:\/\/www.monaco-tribune.com\/wp-content\/uploads\/2025\/05\/stade-louis-as-monaco-1024x578.jpg 1024w, https:\/\/www.monaco-tribune.com\/wp-content\/uploads\/2025\/05\/stade-louis-as-monaco-532x300.jpg 532w, https:\/\/www.monaco-tribune.com\/wp-content\/uploads\/2025\/05\/stade-louis-as-monaco.jpg 1883w\" sizes=\"auto, (max-width: 1024px) 100vw, 1024px\" \/><figcaption class=\"wp-element-caption\"><em>Dmitri Rybolovlev, Yvette Lambin-Berti, St\u00e9phane Morandi e R\u00e9my Garoscio \u00a9 AS Monaco<\/em><\/figcaption><\/figure>\n<\/div>\n<p>La squadra vincitrice ha ricevuto il trofeo direttamente dalle mani del Presidente dell\u2019AS Monaco, accompagnato dal capitano Denis Zakaria. Un momento di grande orgoglio per la scuola Saint-Charles, che succede cos\u00ec all\u2019istituto FANB, vincitore dell\u2019edizione precedente.<\/p>\n\n<p class=\"related\"><a href=\"https:\/\/www.monaco-tribune.com\/it\/2025\/04\/generation-daghe-las-monaco-ispira-la-nuova-generazione-con-un-open-training-carico-di-emozioni\/\">G\u00e9n\u00e9ration Daghe: l\u2019AS Monaco ispira la nuova generazione con un Open Training carico di emozioni<\/a><\/p>\n<div class=\"wp-block-image\">\n<figure class=\"aligncenter size-large\"><img loading=\"lazy\" decoding=\"async\" width=\"1024\" height=\"683\" src=\"https:\/\/www.monaco-tribune.com\/wp-content\/uploads\/2025\/05\/munegu-cup-2-1024x683.jpg\" alt=\"munegu cup 2025 AS Monaco\" class=\"wp-image-292208\" srcset=\"https:\/\/www.monaco-tribune.com\/wp-content\/uploads\/2025\/05\/munegu-cup-2-1024x683.jpg 1024w, https:\/\/www.monaco-tribune.com\/wp-content\/uploads\/2025\/05\/munegu-cup-2-450x300.jpg 450w, https:\/\/www.monaco-tribune.com\/wp-content\/uploads\/2025\/05\/munegu-cup-2.jpg 1680w\" sizes=\"auto, (max-width: 1024px) 100vw, 1024px\" \/><figcaption class=\"wp-element-caption\"><em>Il capitano dell\u2019AS Monaco, Denis Zakaria, si \u00e8 trattenuto a lungo con i bambini per firmare autografi e scattare foto ricordo \u00a9 AS Monaco<\/em><\/figcaption><\/figure>\n<\/div>\n<p>Ma al di l\u00e0 del risultato sportivo, sono soprattutto la gioia condivisa e la consapevolezza di aver vissuto un momento speciale a restare impressi nella memoria di questi giovani studenti monegaschi. Questa terza edizione \u00e8 la conferma di quanto l&#8217;iniziativa sia ormai radicata nel calendario scolastico del Principato, e di quanto l\u2019AS Monaco sia costantemente impegnata al fianco delle nuove generazioni.<\/p>\n<blockquote class=\"instagram-media\" data-instgrm-permalink=\"https:\/\/www.instagram.com\/reel\/DJq68vSI5QR\/?utm_source=ig_embed&amp;utm_campaign=loading\" data-instgrm-version=\"14\" style=\" background:#FFF; border:0; border-radius:3px; box-shadow:0 0 1px 0 rgba(0,0,0,0.5),0 1px 10px 0 rgba(0,0,0,0.15); margin: 1px; max-width:540px; min-width:326px; padding:0; width:99.375%; width:-webkit-calc(100% - 2px); width:calc(100% - 2px);\">\n<div style=\"padding:16px;\"> <a href=\"https:\/\/www.instagram.com\/reel\/DJq68vSI5QR\/?utm_source=ig_embed&amp;utm_campaign=loading\" style=\" background:#FFFFFF; line-height:0; padding:0 0; text-align:center; text-decoration:none; width:100%;\" target=\"_blank\"> <\/p>\n<div style=\" display: flex; flex-direction: row; align-items: center;\">\n<div style=\"background-color: #F4F4F4; border-radius: 50%; flex-grow: 0; height: 40px; margin-right: 14px; width: 40px;\"><\/div>\n<div style=\"display: flex; flex-direction: column; flex-grow: 1; justify-content: center;\">\n<div style=\" background-color: #F4F4F4; border-radius: 4px; flex-grow: 0; height: 14px; margin-bottom: 6px; width: 100px;\"><\/div>\n<div style=\" background-color: #F4F4F4; border-radius: 4px; flex-grow: 0; height: 14px; width: 60px;\"><\/div>\n<\/div>\n<\/div>\n<div style=\"padding: 19% 0;\"><\/div>\n<div style=\"display:block; height:50px; margin:0 auto 12px; width:50px;\"><svg width=\"50px\" height=\"50px\" viewBox=\"0 0 60 60\" version=\"1.1\" xmlns=\"https:\/\/www.w3.org\/2000\/svg\" xmlns:xlink=\"https:\/\/www.w3.org\/1999\/xlink\"><g stroke=\"none\" stroke-width=\"1\" fill=\"none\" fill-rule=\"evenodd\"><g transform=\"translate(-511.000000, -20.000000)\" fill=\"#000000\"><g><path d=\"M556.869,30.41 C554.814,30.41 553.148,32.076 553.148,34.131 C553.148,36.186 554.814,37.852 556.869,37.852 C558.924,37.852 560.59,36.186 560.59,34.131 C560.59,32.076 558.924,30.41 556.869,30.41 M541,60.657 C535.114,60.657 530.342,55.887 530.342,50 C530.342,44.114 535.114,39.342 541,39.342 C546.887,39.342 551.658,44.114 551.658,50 C551.658,55.887 546.887,60.657 541,60.657 M541,33.886 C532.1,33.886 524.886,41.1 524.886,50 C524.886,58.899 532.1,66.113 541,66.113 C549.9,66.113 557.115,58.899 557.115,50 C557.115,41.1 549.9,33.886 541,33.886 M565.378,62.101 C565.244,65.022 564.756,66.606 564.346,67.663 C563.803,69.06 563.154,70.057 562.106,71.106 C561.058,72.155 560.06,72.803 558.662,73.347 C557.607,73.757 556.021,74.244 553.102,74.378 C549.944,74.521 548.997,74.552 541,74.552 C533.003,74.552 532.056,74.521 528.898,74.378 C525.979,74.244 524.393,73.757 523.338,73.347 C521.94,72.803 520.942,72.155 519.894,71.106 C518.846,70.057 518.197,69.06 517.654,67.663 C517.244,66.606 516.755,65.022 516.623,62.101 C516.479,58.943 516.448,57.996 516.448,50 C516.448,42.003 516.479,41.056 516.623,37.899 C516.755,34.978 517.244,33.391 517.654,32.338 C518.197,30.938 518.846,29.942 519.894,28.894 C520.942,27.846 521.94,27.196 523.338,26.654 C524.393,26.244 525.979,25.756 528.898,25.623 C532.057,25.479 533.004,25.448 541,25.448 C548.997,25.448 549.943,25.479 553.102,25.623 C556.021,25.756 557.607,26.244 558.662,26.654 C560.06,27.196 561.058,27.846 562.106,28.894 C563.154,29.942 563.803,30.938 564.346,32.338 C564.756,33.391 565.244,34.978 565.378,37.899 C565.522,41.056 565.552,42.003 565.552,50 C565.552,57.996 565.522,58.943 565.378,62.101 M570.82,37.631 C570.674,34.438 570.167,32.258 569.425,30.349 C568.659,28.377 567.633,26.702 565.965,25.035 C564.297,23.368 562.623,22.342 560.652,21.575 C558.743,20.834 556.562,20.326 553.369,20.18 C550.169,20.033 549.148,20 541,20 C532.853,20 531.831,20.033 528.631,20.18 C525.438,20.326 523.257,20.834 521.349,21.575 C519.376,22.342 517.703,23.368 516.035,25.035 C514.368,26.702 513.342,28.377 512.574,30.349 C511.834,32.258 511.326,34.438 511.181,37.631 C511.035,40.831 511,41.851 511,50 C511,58.147 511.035,59.17 511.181,62.369 C511.326,65.562 511.834,67.743 512.574,69.651 C513.342,71.625 514.368,73.296 516.035,74.965 C517.703,76.634 519.376,77.658 521.349,78.425 C523.257,79.167 525.438,79.673 528.631,79.82 C531.831,79.965 532.853,80.001 541,80.001 C549.148,80.001 550.169,79.965 553.369,79.82 C556.562,79.673 558.743,79.167 560.652,78.425 C562.623,77.658 564.297,76.634 565.965,74.965 C567.633,73.296 568.659,71.625 569.425,69.651 C570.167,67.743 570.674,65.562 570.82,62.369 C570.966,59.17 571,58.147 571,50 C571,41.851 570.966,40.831 570.82,37.631\"><\/path><\/g><\/g><\/g><\/svg><\/div>\n<div style=\"padding-top: 8px;\">\n<div style=\" color:#3897f0; font-family:Arial,sans-serif; font-size:14px; font-style:normal; font-weight:550; line-height:18px;\">Voir cette publication sur Instagram<\/div>\n<\/div>\n<div style=\"padding: 12.5% 0;\"><\/div>\n<div style=\"display: flex; flex-direction: row; margin-bottom: 14px; align-items: center;\">\n<div>\n<div style=\"background-color: #F4F4F4; border-radius: 50%; height: 12.5px; width: 12.5px; transform: translateX(0px) translateY(7px);\"><\/div>\n<div style=\"background-color: #F4F4F4; height: 12.5px; transform: rotate(-45deg) translateX(3px) translateY(1px); width: 12.5px; flex-grow: 0; margin-right: 14px; margin-left: 2px;\"><\/div>\n<div style=\"background-color: #F4F4F4; border-radius: 50%; height: 12.5px; width: 12.5px; transform: translateX(9px) translateY(-18px);\"><\/div>\n<\/div>\n<div style=\"margin-left: 8px;\">\n<div style=\" background-color: #F4F4F4; border-radius: 50%; flex-grow: 0; height: 20px; width: 20px;\"><\/div>\n<div style=\" width: 0; height: 0; border-top: 2px solid transparent; border-left: 6px solid #f4f4f4; border-bottom: 2px solid transparent; transform: translateX(16px) translateY(-4px) rotate(30deg)\"><\/div>\n<\/div>\n<div style=\"margin-left: auto;\">\n<div style=\" width: 0px; border-top: 8px solid #F4F4F4; border-right: 8px solid transparent; transform: translateY(16px);\"><\/div>\n<div style=\" background-color: #F4F4F4; flex-grow: 0; height: 12px; width: 16px; transform: translateY(-4px);\"><\/div>\n<div style=\" width: 0; height: 0; border-top: 8px solid #F4F4F4; border-left: 8px solid transparent; transform: translateY(-4px) translateX(8px);\"><\/div>\n<\/div>\n<\/div>\n<div style=\"display: flex; flex-direction: column; flex-grow: 1; justify-content: center; margin-bottom: 24px;\">\n<div style=\" background-color: #F4F4F4; border-radius: 4px; flex-grow: 0; height: 14px; margin-bottom: 6px; width: 224px;\"><\/div>\n<div style=\" background-color: #F4F4F4; border-radius: 4px; flex-grow: 0; height: 14px; width: 144px;\"><\/div>\n<\/div>\n<p><\/a><\/p>\n<p style=\" color:#c9c8cd; font-family:Arial,sans-serif; font-size:14px; line-height:17px; margin-bottom:0; margin-top:8px; overflow:hidden; padding:8px 0 7px; text-align:center; text-overflow:ellipsis; white-space:nowrap;\"><a href=\"https:\/\/www.instagram.com\/reel\/DJq68vSI5QR\/?utm_source=ig_embed&amp;utm_campaign=loading\" style=\" color:#c9c8cd; font-family:Arial,sans-serif; font-size:14px; font-style:normal; font-weight:normal; line-height:17px; text-decoration:none;\" target=\"_blank\">Une publication partag\u00e9e par Monaco Tribune (@monacotribune)<\/a><\/p>\n<\/div>\n<\/blockquote>\n<p><script async src=\"\/\/www.instagram.com\/embed.js\"><\/script><\/p>\n","protected":false},"excerpt":{"rendered":"<p>Quasi 400 alunni delle scuole del Principato hanno vissuto una giornata indimenticabile marted\u00ec 13 maggio allo Stadio Louis-II, in occasione [&hellip;]<\/p>\n","protected":false},"author":81,"featured_media":292214,"comment_status":"closed","ping_status":"closed","sticky":false,"template":"","format":"standard","meta":{"_acf_changed":false,"footnotes":""},"categories":[1826,1738,1743],"tags":[2050],"post_sectags":[],"post_format":[2481],"class_list":["post-292589","post","type-post","status-publish","format-standard","has-post-thumbnail","hentry","category-la-nostra-scelta","category-notizie","category-sport-it","tag-as-monaco-it","format-reportage-it"],"acf":[],"yoast_head":"<!-- This site is optimized with the Yoast SEO Premium plugin v26.8 (Yoast SEO v27.4) - https:\/\/yoast.com\/product\/yoast-seo-premium-wordpress\/ -->\n<title>La magia del calcio conquista 400 studenti durante la Munegu Cup 2025<\/title>\n<meta name=\"description\" content=\"Quasi 400 alunni delle scuole del Principato hanno vissuto una giornata indimenticabile marted\u00ec 13 maggio allo Stadio Louis-II, in occasione della terza\" \/>\n<meta name=\"robots\" content=\"index, follow, max-snippet:-1, max-image-preview:large, max-video-preview:-1\" \/>\n<link rel=\"canonical\" href=\"https:\/\/www.monaco-tribune.com\/it\/2025\/05\/la-magia-del-calcio-conquista-400-studenti-durante-la-munegu-cup-2025\/\" \/>\n<meta property=\"og:locale\" content=\"it_IT\" \/>\n<meta property=\"og:type\" content=\"article\" \/>\n<meta property=\"og:title\" content=\"La magia del calcio conquista 400 studenti durante la Munegu Cup 2025 - Monaco Tribune\" \/>\n<meta property=\"og:description\" content=\"Quasi 400 alunni delle scuole del Principato hanno vissuto una giornata indimenticabile marted\u00ec 13 maggio allo Stadio Louis-II, in occasione della terza\" \/>\n<meta property=\"og:url\" content=\"https:\/\/www.monaco-tribune.com\/it\/2025\/05\/la-magia-del-calcio-conquista-400-studenti-durante-la-munegu-cup-2025\/\" \/>\n<meta property=\"og:site_name\" content=\"Monaco Tribune\" \/>\n<meta property=\"article:publisher\" content=\"https:\/\/www.facebook.com\/MonacoTribune\" \/>\n<meta property=\"article:published_time\" content=\"2025-05-15T17:42:40+00:00\" \/>\n<meta property=\"article:modified_time\" content=\"2025-05-15T17:42:47+00:00\" \/>\n<meta property=\"og:image\" content=\"https:\/\/www.monaco-tribune.com\/wp-content\/uploads\/2025\/05\/media_44429825_44182450_compressed.jpg\" \/>\n\t<meta property=\"og:image:width\" content=\"1680\" \/>\n\t<meta property=\"og:image:height\" content=\"1119\" \/>\n\t<meta property=\"og:image:type\" content=\"image\/jpeg\" \/>\n<meta name=\"author\" content=\"Lo\u00efc Savaresse\" \/>\n<meta name=\"twitter:card\" content=\"summary_large_image\" \/>\n<meta name=\"twitter:creator\" content=\"@MonacoTribune\" \/>\n<meta name=\"twitter:site\" content=\"@MonacoTribune\" \/>\n<script type=\"application\/ld+json\" class=\"yoast-schema-graph\">{\"@context\":\"https:\\\/\\\/schema.org\",\"@graph\":[{\"@type\":\"NewsArticle\",\"@id\":\"https:\\\/\\\/www.monaco-tribune.com\\\/it\\\/2025\\\/05\\\/la-magia-del-calcio-conquista-400-studenti-durante-la-munegu-cup-2025\\\/#article\",\"isPartOf\":{\"@id\":\"https:\\\/\\\/www.monaco-tribune.com\\\/it\\\/2025\\\/05\\\/la-magia-del-calcio-conquista-400-studenti-durante-la-munegu-cup-2025\\\/\"},\"author\":{\"name\":\"Lo\u00efc Savaresse\",\"@id\":\"https:\\\/\\\/www.monaco-tribune.com\\\/it\\\/#\\\/schema\\\/person\\\/038be413d70c68969e8c6013f2520a39\"},\"headline\":\"La magia del calcio conquista 400 studenti durante la Munegu Cup 2025\",\"datePublished\":\"2025-05-15T17:42:40+00:00\",\"dateModified\":\"2025-05-15T17:42:47+00:00\",\"mainEntityOfPage\":{\"@id\":\"https:\\\/\\\/www.monaco-tribune.com\\\/it\\\/2025\\\/05\\\/la-magia-del-calcio-conquista-400-studenti-durante-la-munegu-cup-2025\\\/\"},\"wordCount\":1058,\"publisher\":{\"@id\":\"https:\\\/\\\/www.monaco-tribune.com\\\/it\\\/#organization\"},\"image\":{\"@id\":\"https:\\\/\\\/www.monaco-tribune.com\\\/it\\\/2025\\\/05\\\/la-magia-del-calcio-conquista-400-studenti-durante-la-munegu-cup-2025\\\/#primaryimage\"},\"thumbnailUrl\":\"https:\\\/\\\/www.monaco-tribune.com\\\/wp-content\\\/uploads\\\/2025\\\/05\\\/media_44429825_44182450_compressed.jpg\",\"keywords\":[\"AS Monaco\"],\"articleSection\":[\"La nostra scelta\",\"Notizie\",\"Sport\"],\"inLanguage\":\"it-IT\",\"copyrightYear\":\"2025\",\"copyrightHolder\":{\"@id\":\"https:\\\/\\\/www.monaco-tribune.com\\\/#organization\"}},{\"@type\":\"WebPage\",\"@id\":\"https:\\\/\\\/www.monaco-tribune.com\\\/it\\\/2025\\\/05\\\/la-magia-del-calcio-conquista-400-studenti-durante-la-munegu-cup-2025\\\/\",\"url\":\"https:\\\/\\\/www.monaco-tribune.com\\\/it\\\/2025\\\/05\\\/la-magia-del-calcio-conquista-400-studenti-durante-la-munegu-cup-2025\\\/\",\"name\":\"La magia del calcio conquista 400 studenti durante la Munegu Cup 2025\",\"isPartOf\":{\"@id\":\"https:\\\/\\\/www.monaco-tribune.com\\\/it\\\/#website\"},\"primaryImageOfPage\":{\"@id\":\"https:\\\/\\\/www.monaco-tribune.com\\\/it\\\/2025\\\/05\\\/la-magia-del-calcio-conquista-400-studenti-durante-la-munegu-cup-2025\\\/#primaryimage\"},\"image\":{\"@id\":\"https:\\\/\\\/www.monaco-tribune.com\\\/it\\\/2025\\\/05\\\/la-magia-del-calcio-conquista-400-studenti-durante-la-munegu-cup-2025\\\/#primaryimage\"},\"thumbnailUrl\":\"https:\\\/\\\/www.monaco-tribune.com\\\/wp-content\\\/uploads\\\/2025\\\/05\\\/media_44429825_44182450_compressed.jpg\",\"datePublished\":\"2025-05-15T17:42:40+00:00\",\"dateModified\":\"2025-05-15T17:42:47+00:00\",\"description\":\"Quasi 400 alunni delle scuole del Principato hanno vissuto una giornata indimenticabile marted\u00ec 13 maggio allo Stadio Louis-II, in occasione della terza\",\"breadcrumb\":{\"@id\":\"https:\\\/\\\/www.monaco-tribune.com\\\/it\\\/2025\\\/05\\\/la-magia-del-calcio-conquista-400-studenti-durante-la-munegu-cup-2025\\\/#breadcrumb\"},\"inLanguage\":\"it-IT\",\"potentialAction\":[{\"@type\":\"ReadAction\",\"target\":[\"https:\\\/\\\/www.monaco-tribune.com\\\/it\\\/2025\\\/05\\\/la-magia-del-calcio-conquista-400-studenti-durante-la-munegu-cup-2025\\\/\"]}]},{\"@type\":\"ImageObject\",\"inLanguage\":\"it-IT\",\"@id\":\"https:\\\/\\\/www.monaco-tribune.com\\\/it\\\/2025\\\/05\\\/la-magia-del-calcio-conquista-400-studenti-durante-la-munegu-cup-2025\\\/#primaryimage\",\"url\":\"https:\\\/\\\/www.monaco-tribune.com\\\/wp-content\\\/uploads\\\/2025\\\/05\\\/media_44429825_44182450_compressed.jpg\",\"contentUrl\":\"https:\\\/\\\/www.monaco-tribune.com\\\/wp-content\\\/uploads\\\/2025\\\/05\\\/media_44429825_44182450_compressed.jpg\",\"width\":1680,\"height\":1119,\"caption\":\"Il trofeo del presidente dell'AS Monaco \u00e8 stato consegnato alla squadra della scuola Saint Charles da Dmitri Rybolovlev e Denis Zakaria \u00a9 AS Monaco\"},{\"@type\":\"BreadcrumbList\",\"@id\":\"https:\\\/\\\/www.monaco-tribune.com\\\/it\\\/2025\\\/05\\\/la-magia-del-calcio-conquista-400-studenti-durante-la-munegu-cup-2025\\\/#breadcrumb\",\"itemListElement\":[{\"@type\":\"ListItem\",\"position\":1,\"name\":\"Accueil\",\"item\":\"https:\\\/\\\/www.monaco-tribune.com\\\/it\\\/\"},{\"@type\":\"ListItem\",\"position\":2,\"name\":\"La magia del calcio conquista 400 studenti durante la Munegu Cup 2025\"}]},{\"@type\":\"WebSite\",\"@id\":\"https:\\\/\\\/www.monaco-tribune.com\\\/it\\\/#website\",\"url\":\"https:\\\/\\\/www.monaco-tribune.com\\\/it\\\/\",\"name\":\"Monaco Tribune\",\"description\":\"Monaco : actualit\u00e9s \u00e9conomiques, politiques, culturelles et sportives de Monaco et de la French Riviera.\",\"publisher\":{\"@id\":\"https:\\\/\\\/www.monaco-tribune.com\\\/it\\\/#organization\"},\"potentialAction\":[{\"@type\":\"SearchAction\",\"target\":{\"@type\":\"EntryPoint\",\"urlTemplate\":\"https:\\\/\\\/www.monaco-tribune.com\\\/it\\\/?s={search_term_string}\"},\"query-input\":{\"@type\":\"PropertyValueSpecification\",\"valueRequired\":true,\"valueName\":\"search_term_string\"}}],\"inLanguage\":\"it-IT\"},{\"@type\":\"Organization\",\"@id\":\"https:\\\/\\\/www.monaco-tribune.com\\\/it\\\/#organization\",\"name\":\"Monaco Tribune\",\"url\":\"https:\\\/\\\/www.monaco-tribune.com\\\/it\\\/\",\"logo\":{\"@type\":\"ImageObject\",\"inLanguage\":\"it-IT\",\"@id\":\"https:\\\/\\\/www.monaco-tribune.com\\\/it\\\/#\\\/schema\\\/logo\\\/image\\\/\",\"url\":\"https:\\\/\\\/www.monaco-tribune.com\\\/wp-content\\\/uploads\\\/2022\\\/11\\\/logo-monaco-tribune.png\",\"contentUrl\":\"https:\\\/\\\/www.monaco-tribune.com\\\/wp-content\\\/uploads\\\/2022\\\/11\\\/logo-monaco-tribune.png\",\"width\":1548,\"height\":600,\"caption\":\"Monaco Tribune\"},\"image\":{\"@id\":\"https:\\\/\\\/www.monaco-tribune.com\\\/it\\\/#\\\/schema\\\/logo\\\/image\\\/\"},\"sameAs\":[\"https:\\\/\\\/www.facebook.com\\\/MonacoTribune\",\"https:\\\/\\\/x.com\\\/MonacoTribune\",\"https:\\\/\\\/www.instagram.com\\\/monacotribune\\\/\",\"https:\\\/\\\/www.linkedin.com\\\/company\\\/monaco-tribune\",\"https:\\\/\\\/www.youtube.com\\\/channel\\\/UCHle1MnG6hw1y4lWKijVbMA\"]},{\"@type\":\"Person\",\"@id\":\"https:\\\/\\\/www.monaco-tribune.com\\\/it\\\/#\\\/schema\\\/person\\\/038be413d70c68969e8c6013f2520a39\",\"name\":\"Lo\u00efc Savaresse\",\"image\":{\"@type\":\"ImageObject\",\"inLanguage\":\"it-IT\",\"@id\":\"https:\\\/\\\/secure.gravatar.com\\\/avatar\\\/f6455af3179531c6fa982f7fbf5b31fba068c938a5ce7786e5fb7d84a2393df0?s=96&d=mm&r=g\",\"url\":\"https:\\\/\\\/secure.gravatar.com\\\/avatar\\\/f6455af3179531c6fa982f7fbf5b31fba068c938a5ce7786e5fb7d84a2393df0?s=96&d=mm&r=g\",\"contentUrl\":\"https:\\\/\\\/secure.gravatar.com\\\/avatar\\\/f6455af3179531c6fa982f7fbf5b31fba068c938a5ce7786e5fb7d84a2393df0?s=96&d=mm&r=g\",\"caption\":\"Lo\u00efc Savaresse\"},\"url\":\"https:\\\/\\\/www.monaco-tribune.com\\\/it\\\/author\\\/loicsavaresse\\\/\"}]}<\/script>\n<!-- \/ Yoast SEO Premium plugin. -->","yoast_head_json":{"title":"La magia del calcio conquista 400 studenti durante la Munegu Cup 2025","description":"Quasi 400 alunni delle scuole del Principato hanno vissuto una giornata indimenticabile marted\u00ec 13 maggio allo Stadio Louis-II, in occasione della terza","robots":{"index":"index","follow":"follow","max-snippet":"max-snippet:-1","max-image-preview":"max-image-preview:large","max-video-preview":"max-video-preview:-1"},"canonical":"https:\/\/www.monaco-tribune.com\/it\/2025\/05\/la-magia-del-calcio-conquista-400-studenti-durante-la-munegu-cup-2025\/","og_locale":"it_IT","og_type":"article","og_title":"La magia del calcio conquista 400 studenti durante la Munegu Cup 2025 - Monaco Tribune","og_description":"Quasi 400 alunni delle scuole del Principato hanno vissuto una giornata indimenticabile marted\u00ec 13 maggio allo Stadio Louis-II, in occasione della terza","og_url":"https:\/\/www.monaco-tribune.com\/it\/2025\/05\/la-magia-del-calcio-conquista-400-studenti-durante-la-munegu-cup-2025\/","og_site_name":"Monaco Tribune","article_publisher":"https:\/\/www.facebook.com\/MonacoTribune","article_published_time":"2025-05-15T17:42:40+00:00","article_modified_time":"2025-05-15T17:42:47+00:00","og_image":[{"width":1680,"height":1119,"url":"https:\/\/www.monaco-tribune.com\/wp-content\/uploads\/2025\/05\/media_44429825_44182450_compressed.jpg","type":"image\/jpeg"}],"author":"Lo\u00efc Savaresse","twitter_card":"summary_large_image","twitter_creator":"@MonacoTribune","twitter_site":"@MonacoTribune","schema":{"@context":"https:\/\/schema.org","@graph":[{"@type":"NewsArticle","@id":"https:\/\/www.monaco-tribune.com\/it\/2025\/05\/la-magia-del-calcio-conquista-400-studenti-durante-la-munegu-cup-2025\/#article","isPartOf":{"@id":"https:\/\/www.monaco-tribune.com\/it\/2025\/05\/la-magia-del-calcio-conquista-400-studenti-durante-la-munegu-cup-2025\/"},"author":{"name":"Lo\u00efc Savaresse","@id":"https:\/\/www.monaco-tribune.com\/it\/#\/schema\/person\/038be413d70c68969e8c6013f2520a39"},"headline":"La magia del calcio conquista 400 studenti durante la Munegu Cup 2025","datePublished":"2025-05-15T17:42:40+00:00","dateModified":"2025-05-15T17:42:47+00:00","mainEntityOfPage":{"@id":"https:\/\/www.monaco-tribune.com\/it\/2025\/05\/la-magia-del-calcio-conquista-400-studenti-durante-la-munegu-cup-2025\/"},"wordCount":1058,"publisher":{"@id":"https:\/\/www.monaco-tribune.com\/it\/#organization"},"image":{"@id":"https:\/\/www.monaco-tribune.com\/it\/2025\/05\/la-magia-del-calcio-conquista-400-studenti-durante-la-munegu-cup-2025\/#primaryimage"},"thumbnailUrl":"https:\/\/www.monaco-tribune.com\/wp-content\/uploads\/2025\/05\/media_44429825_44182450_compressed.jpg","keywords":["AS Monaco"],"articleSection":["La nostra scelta","Notizie","Sport"],"inLanguage":"it-IT","copyrightYear":"2025","copyrightHolder":{"@id":"https:\/\/www.monaco-tribune.com\/#organization"}},{"@type":"WebPage","@id":"https:\/\/www.monaco-tribune.com\/it\/2025\/05\/la-magia-del-calcio-conquista-400-studenti-durante-la-munegu-cup-2025\/","url":"https:\/\/www.monaco-tribune.com\/it\/2025\/05\/la-magia-del-calcio-conquista-400-studenti-durante-la-munegu-cup-2025\/","name":"La magia del calcio conquista 400 studenti durante la Munegu Cup 2025","isPartOf":{"@id":"https:\/\/www.monaco-tribune.com\/it\/#website"},"primaryImageOfPage":{"@id":"https:\/\/www.monaco-tribune.com\/it\/2025\/05\/la-magia-del-calcio-conquista-400-studenti-durante-la-munegu-cup-2025\/#primaryimage"},"image":{"@id":"https:\/\/www.monaco-tribune.com\/it\/2025\/05\/la-magia-del-calcio-conquista-400-studenti-durante-la-munegu-cup-2025\/#primaryimage"},"thumbnailUrl":"https:\/\/www.monaco-tribune.com\/wp-content\/uploads\/2025\/05\/media_44429825_44182450_compressed.jpg","datePublished":"2025-05-15T17:42:40+00:00","dateModified":"2025-05-15T17:42:47+00:00","description":"Quasi 400 alunni delle scuole del Principato hanno vissuto una giornata indimenticabile marted\u00ec 13 maggio allo Stadio Louis-II, in occasione della terza","breadcrumb":{"@id":"https:\/\/www.monaco-tribune.com\/it\/2025\/05\/la-magia-del-calcio-conquista-400-studenti-durante-la-munegu-cup-2025\/#breadcrumb"},"inLanguage":"it-IT","potentialAction":[{"@type":"ReadAction","target":["https:\/\/www.monaco-tribune.com\/it\/2025\/05\/la-magia-del-calcio-conquista-400-studenti-durante-la-munegu-cup-2025\/"]}]},{"@type":"ImageObject","inLanguage":"it-IT","@id":"https:\/\/www.monaco-tribune.com\/it\/2025\/05\/la-magia-del-calcio-conquista-400-studenti-durante-la-munegu-cup-2025\/#primaryimage","url":"https:\/\/www.monaco-tribune.com\/wp-content\/uploads\/2025\/05\/media_44429825_44182450_compressed.jpg","contentUrl":"https:\/\/www.monaco-tribune.com\/wp-content\/uploads\/2025\/05\/media_44429825_44182450_compressed.jpg","width":1680,"height":1119,"caption":"Il trofeo del presidente dell'AS Monaco \u00e8 stato consegnato alla squadra della scuola Saint Charles da Dmitri Rybolovlev e Denis Zakaria \u00a9 AS Monaco"},{"@type":"BreadcrumbList","@id":"https:\/\/www.monaco-tribune.com\/it\/2025\/05\/la-magia-del-calcio-conquista-400-studenti-durante-la-munegu-cup-2025\/#breadcrumb","itemListElement":[{"@type":"ListItem","position":1,"name":"Accueil","item":"https:\/\/www.monaco-tribune.com\/it\/"},{"@type":"ListItem","position":2,"name":"La magia del calcio conquista 400 studenti durante la Munegu Cup 2025"}]},{"@type":"WebSite","@id":"https:\/\/www.monaco-tribune.com\/it\/#website","url":"https:\/\/www.monaco-tribune.com\/it\/","name":"Monaco Tribune","description":"Monaco : actualit\u00e9s \u00e9conomiques, politiques, culturelles et sportives de Monaco et de la French Riviera.","publisher":{"@id":"https:\/\/www.monaco-tribune.com\/it\/#organization"},"potentialAction":[{"@type":"SearchAction","target":{"@type":"EntryPoint","urlTemplate":"https:\/\/www.monaco-tribune.com\/it\/?s={search_term_string}"},"query-input":{"@type":"PropertyValueSpecification","valueRequired":true,"valueName":"search_term_string"}}],"inLanguage":"it-IT"},{"@type":"Organization","@id":"https:\/\/www.monaco-tribune.com\/it\/#organization","name":"Monaco Tribune","url":"https:\/\/www.monaco-tribune.com\/it\/","logo":{"@type":"ImageObject","inLanguage":"it-IT","@id":"https:\/\/www.monaco-tribune.com\/it\/#\/schema\/logo\/image\/","url":"https:\/\/www.monaco-tribune.com\/wp-content\/uploads\/2022\/11\/logo-monaco-tribune.png","contentUrl":"https:\/\/www.monaco-tribune.com\/wp-content\/uploads\/2022\/11\/logo-monaco-tribune.png","width":1548,"height":600,"caption":"Monaco Tribune"},"image":{"@id":"https:\/\/www.monaco-tribune.com\/it\/#\/schema\/logo\/image\/"},"sameAs":["https:\/\/www.facebook.com\/MonacoTribune","https:\/\/x.com\/MonacoTribune","https:\/\/www.instagram.com\/monacotribune\/","https:\/\/www.linkedin.com\/company\/monaco-tribune","https:\/\/www.youtube.com\/channel\/UCHle1MnG6hw1y4lWKijVbMA"]},{"@type":"Person","@id":"https:\/\/www.monaco-tribune.com\/it\/#\/schema\/person\/038be413d70c68969e8c6013f2520a39","name":"Lo\u00efc Savaresse","image":{"@type":"ImageObject","inLanguage":"it-IT","@id":"https:\/\/secure.gravatar.com\/avatar\/f6455af3179531c6fa982f7fbf5b31fba068c938a5ce7786e5fb7d84a2393df0?s=96&d=mm&r=g","url":"https:\/\/secure.gravatar.com\/avatar\/f6455af3179531c6fa982f7fbf5b31fba068c938a5ce7786e5fb7d84a2393df0?s=96&d=mm&r=g","contentUrl":"https:\/\/secure.gravatar.com\/avatar\/f6455af3179531c6fa982f7fbf5b31fba068c938a5ce7786e5fb7d84a2393df0?s=96&d=mm&r=g","caption":"Lo\u00efc Savaresse"},"url":"https:\/\/www.monaco-tribune.com\/it\/author\/loicsavaresse\/"}]}},"_links":{"self":[{"href":"https:\/\/www.monaco-tribune.com\/it\/wp-json\/wp\/v2\/posts\/292589","targetHints":{"allow":["GET"]}}],"collection":[{"href":"https:\/\/www.monaco-tribune.com\/it\/wp-json\/wp\/v2\/posts"}],"about":[{"href":"https:\/\/www.monaco-tribune.com\/it\/wp-json\/wp\/v2\/types\/post"}],"author":[{"embeddable":true,"href":"https:\/\/www.monaco-tribune.com\/it\/wp-json\/wp\/v2\/users\/81"}],"replies":[{"embeddable":true,"href":"https:\/\/www.monaco-tribune.com\/it\/wp-json\/wp\/v2\/comments?post=292589"}],"version-history":[{"count":2,"href":"https:\/\/www.monaco-tribune.com\/it\/wp-json\/wp\/v2\/posts\/292589\/revisions"}],"predecessor-version":[{"id":292592,"href":"https:\/\/www.monaco-tribune.com\/it\/wp-json\/wp\/v2\/posts\/292589\/revisions\/292592"}],"wp:featuredmedia":[{"embeddable":true,"href":"https:\/\/www.monaco-tribune.com\/it\/wp-json\/wp\/v2\/media\/292214"}],"wp:attachment":[{"href":"https:\/\/www.monaco-tribune.com\/it\/wp-json\/wp\/v2\/media?parent=292589"}],"wp:term":[{"taxonomy":"category","embeddable":true,"href":"https:\/\/www.monaco-tribune.com\/it\/wp-json\/wp\/v2\/categories?post=292589"},{"taxonomy":"post_tag","embeddable":true,"href":"https:\/\/www.monaco-tribune.com\/it\/wp-json\/wp\/v2\/tags?post=292589"},{"taxonomy":"sectag","embeddable":true,"href":"https:\/\/www.monaco-tribune.com\/it\/wp-json\/wp\/v2\/post_sectags?post=292589"},{"taxonomy":"format","embeddable":true,"href":"https:\/\/www.monaco-tribune.com\/it\/wp-json\/wp\/v2\/post_format?post=292589"}],"curies":[{"name":"wp","href":"https:\/\/api.w.org\/{rel}","templated":true}]}}