{"id":292870,"date":"2025-05-16T17:45:26","date_gmt":"2025-05-16T15:45:26","guid":{"rendered":"https:\/\/www.monaco-tribune.com\/2025\/05\/patente-monegasca-in-italia-le-autorita-italiane-fanno-chiarezza\/"},"modified":"2025-05-16T17:45:30","modified_gmt":"2025-05-16T15:45:30","slug":"patente-monegasca-in-italia-le-autorita-italiane-fanno-chiarezza","status":"publish","type":"post","link":"https:\/\/www.monaco-tribune.com\/it\/2025\/05\/patente-monegasca-in-italia-le-autorita-italiane-fanno-chiarezza\/","title":{"rendered":"Patente monegasca in Italia: le autorit\u00e0 italiane fanno chiarezza"},"content":{"rendered":"\n<p><strong>L\u2019Italia conferma ufficialmente che le patenti di guida monegasche sono valide sul proprio territorio senza bisogno di una patente internazionale, mettendo fine ai dubbi ricorrenti per i residenti del Principato.<\/strong><\/p>\n\n<p>La Commissione mista di cooperazione amministrativa italo-monegasca si \u00e8 riunita il 12 maggio a Monaco sotto la co-presidenza di Isabelle Berro-Amade\u00ef, Consigliere di Governo-Ministro per le Relazioni Estere e la Cooperazione con funzioni di Ministro di Stato, e di Giorgio Silli, Sottosegretario di Stato al Ministero degli Affari Esteri italiano.<\/p>\n\n<h2 class=\"wp-block-heading\" id=\"h-une-clarification-attendue-sur-les-permis-de-conduire\">Un chiarimento tanto atteso sulla validit\u00e0 della patente<\/h2>\n\n<p>Buone notizie per gli automobilisti monegaschi in viaggio in Italia: la parte italiana ha confermato ufficialmente che, in base alla Convenzione di Vienna dell\u20198 novembre 1968 sulla circolazione stradale, le autorit\u00e0 italiane riconoscono pienamente la validit\u00e0 delle patenti di guida rilasciate dal Principato. <strong>Non \u00e8 quindi necessario essere in possesso di una patente internazionale aggiuntiva per guidare sul territorio italiano.<\/strong><\/p>\n\n<p>Questa conferma mette fine a una serie di incertezze nate da alcuni episodi segnalati da residenti monegaschi fermati dalla polizia italiana, come riportato <a href=\"https:\/\/www.monaco-tribune.com\/it\/2025\/01\/la-patente-monegasca-e-valida-allestero\/\">in un nostro precedente articolo<\/a>. Diversi residenti avevano infatti raccontato sui social episodi in cui agenti italiani avevano messo in discussione la validit\u00e0 della loro patente monegasca.<\/p>\n\n<h2 class=\"wp-block-heading\" id=\"h-transport-de-marchandises\">Trasporto merci<\/h2>\n\n<p>Nel corso dell\u2019incontro si \u00e8 parlato anche delle autorizzazioni concesse alle imprese monegasche per il trasporto di merci in Italia. Gli scambi proseguiranno nell\u2019ambito della Commissione mista prevista dall\u2019accordo bilaterale del 2012 sulla regolamentazione del trasporto internazionale.<\/p>\n\n<h2 class=\"wp-block-heading\" id=\"h-sante-et-collaboration-economique\">Sanit\u00e0 e cooperazione economica<\/h2>\n\n<p>Sul fronte sanitario, le due delegazioni hanno discusso l\u2019ampliamento delle possibilit\u00e0 di accesso alle cure mediche nel Principato per i residenti italiani della Liguria.<\/p>\n\n<p>Anche lo sviluppo economico \u00e8 stato al centro delle discussioni, con un focus sugli investimenti monegaschi in Italia e quelli italiani a Monaco. \u00c8 in programma un forum economico congiunto per approfondire questi temi di interesse reciproco.<\/p>\n\n<p>La prossima sessione della Commissione mista di cooperazione amministrativa italo-monegasca si terr\u00e0 a Roma, in data ancora da definire.<\/p>\n","protected":false},"excerpt":{"rendered":"<p>L\u2019Italia conferma ufficialmente che le patenti di guida monegasche sono valide sul proprio territorio senza bisogno di una patente internazionale, [&hellip;]<\/p>\n","protected":false},"author":21,"featured_media":215682,"comment_status":"closed","ping_status":"closed","sticky":false,"template":"","format":"standard","meta":{"_acf_changed":false,"footnotes":""},"categories":[1738,1752],"tags":[2859],"post_sectags":[],"post_format":[2478],"class_list":["post-292870","post","type-post","status-publish","format-standard","has-post-thumbnail","hentry","category-notizie","category-societa","tag-trasporto","format-notizia"],"acf":[],"yoast_head":"<!-- This site is optimized with the Yoast SEO Premium plugin v26.8 (Yoast SEO v27.4) - https:\/\/yoast.com\/product\/yoast-seo-premium-wordpress\/ -->\n<title>Patente monegasca in Italia: le autorit\u00e0 italiane fanno chiarezza<\/title>\n<meta name=\"description\" content=\"L\u2019Italia conferma ufficialmente che le patenti di guida monegasche sono valide sul proprio territorio senza bisogno di una patente internazionale,\" \/>\n<meta name=\"robots\" content=\"index, follow, max-snippet:-1, max-image-preview:large, max-video-preview:-1\" \/>\n<link rel=\"canonical\" href=\"https:\/\/www.monaco-tribune.com\/it\/2025\/05\/patente-monegasca-in-italia-le-autorita-italiane-fanno-chiarezza\/\" \/>\n<meta property=\"og:locale\" content=\"it_IT\" \/>\n<meta property=\"og:type\" content=\"article\" \/>\n<meta property=\"og:title\" content=\"Patente monegasca in Italia: le autorit\u00e0 italiane fanno chiarezza - Monaco Tribune\" \/>\n<meta property=\"og:description\" content=\"L\u2019Italia conferma ufficialmente che le patenti di guida monegasche sono valide sul proprio territorio senza bisogno di una patente internazionale,\" \/>\n<meta property=\"og:url\" content=\"https:\/\/www.monaco-tribune.com\/it\/2025\/05\/patente-monegasca-in-italia-le-autorita-italiane-fanno-chiarezza\/\" \/>\n<meta property=\"og:site_name\" content=\"Monaco Tribune\" \/>\n<meta property=\"article:publisher\" content=\"https:\/\/www.facebook.com\/MonacoTribune\" \/>\n<meta property=\"article:published_time\" content=\"2025-05-16T15:45:26+00:00\" \/>\n<meta property=\"article:modified_time\" content=\"2025-05-16T15:45:30+00:00\" \/>\n<meta property=\"og:image\" content=\"https:\/\/www.monaco-tribune.com\/wp-content\/uploads\/2024\/02\/permis-monaco.jpg\" \/>\n\t<meta property=\"og:image:width\" content=\"1200\" \/>\n\t<meta property=\"og:image:height\" content=\"800\" \/>\n\t<meta property=\"og:image:type\" content=\"image\/jpeg\" \/>\n<meta name=\"author\" content=\"Monaco Tribune\" \/>\n<meta name=\"twitter:card\" content=\"summary_large_image\" \/>\n<meta name=\"twitter:creator\" content=\"@MonacoTribune\" \/>\n<meta name=\"twitter:site\" content=\"@MonacoTribune\" \/>\n<script type=\"application\/ld+json\" class=\"yoast-schema-graph\">{\"@context\":\"https:\\\/\\\/schema.org\",\"@graph\":[{\"@type\":\"NewsArticle\",\"@id\":\"https:\\\/\\\/www.monaco-tribune.com\\\/it\\\/2025\\\/05\\\/patente-monegasca-in-italia-le-autorita-italiane-fanno-chiarezza\\\/#article\",\"isPartOf\":{\"@id\":\"https:\\\/\\\/www.monaco-tribune.com\\\/it\\\/2025\\\/05\\\/patente-monegasca-in-italia-le-autorita-italiane-fanno-chiarezza\\\/\"},\"author\":{\"name\":\"Monaco Tribune\",\"@id\":\"https:\\\/\\\/www.monaco-tribune.com\\\/it\\\/#\\\/schema\\\/person\\\/8f6ed8c063276e2397589eda5b7a2f2d\"},\"headline\":\"Patente monegasca in Italia: le autorit\u00e0 italiane fanno chiarezza\",\"datePublished\":\"2025-05-16T15:45:26+00:00\",\"dateModified\":\"2025-05-16T15:45:30+00:00\",\"mainEntityOfPage\":{\"@id\":\"https:\\\/\\\/www.monaco-tribune.com\\\/it\\\/2025\\\/05\\\/patente-monegasca-in-italia-le-autorita-italiane-fanno-chiarezza\\\/\"},\"wordCount\":327,\"publisher\":{\"@id\":\"https:\\\/\\\/www.monaco-tribune.com\\\/it\\\/#organization\"},\"image\":{\"@id\":\"https:\\\/\\\/www.monaco-tribune.com\\\/it\\\/2025\\\/05\\\/patente-monegasca-in-italia-le-autorita-italiane-fanno-chiarezza\\\/#primaryimage\"},\"thumbnailUrl\":\"https:\\\/\\\/www.monaco-tribune.com\\\/wp-content\\\/uploads\\\/2024\\\/02\\\/permis-monaco.jpg\",\"keywords\":[\"Trasporto\"],\"articleSection\":[\"Notizie\",\"Societ\u00e0\"],\"inLanguage\":\"it-IT\",\"copyrightYear\":\"2025\",\"copyrightHolder\":{\"@id\":\"https:\\\/\\\/www.monaco-tribune.com\\\/#organization\"}},{\"@type\":\"WebPage\",\"@id\":\"https:\\\/\\\/www.monaco-tribune.com\\\/it\\\/2025\\\/05\\\/patente-monegasca-in-italia-le-autorita-italiane-fanno-chiarezza\\\/\",\"url\":\"https:\\\/\\\/www.monaco-tribune.com\\\/it\\\/2025\\\/05\\\/patente-monegasca-in-italia-le-autorita-italiane-fanno-chiarezza\\\/\",\"name\":\"Patente monegasca in Italia: le autorit\u00e0 italiane fanno chiarezza\",\"isPartOf\":{\"@id\":\"https:\\\/\\\/www.monaco-tribune.com\\\/it\\\/#website\"},\"primaryImageOfPage\":{\"@id\":\"https:\\\/\\\/www.monaco-tribune.com\\\/it\\\/2025\\\/05\\\/patente-monegasca-in-italia-le-autorita-italiane-fanno-chiarezza\\\/#primaryimage\"},\"image\":{\"@id\":\"https:\\\/\\\/www.monaco-tribune.com\\\/it\\\/2025\\\/05\\\/patente-monegasca-in-italia-le-autorita-italiane-fanno-chiarezza\\\/#primaryimage\"},\"thumbnailUrl\":\"https:\\\/\\\/www.monaco-tribune.com\\\/wp-content\\\/uploads\\\/2024\\\/02\\\/permis-monaco.jpg\",\"datePublished\":\"2025-05-16T15:45:26+00:00\",\"dateModified\":\"2025-05-16T15:45:30+00:00\",\"description\":\"L\u2019Italia conferma ufficialmente che le patenti di guida monegasche sono valide sul proprio territorio senza bisogno di una patente internazionale,\",\"breadcrumb\":{\"@id\":\"https:\\\/\\\/www.monaco-tribune.com\\\/it\\\/2025\\\/05\\\/patente-monegasca-in-italia-le-autorita-italiane-fanno-chiarezza\\\/#breadcrumb\"},\"inLanguage\":\"it-IT\",\"potentialAction\":[{\"@type\":\"ReadAction\",\"target\":[\"https:\\\/\\\/www.monaco-tribune.com\\\/it\\\/2025\\\/05\\\/patente-monegasca-in-italia-le-autorita-italiane-fanno-chiarezza\\\/\"]}]},{\"@type\":\"ImageObject\",\"inLanguage\":\"it-IT\",\"@id\":\"https:\\\/\\\/www.monaco-tribune.com\\\/it\\\/2025\\\/05\\\/patente-monegasca-in-italia-le-autorita-italiane-fanno-chiarezza\\\/#primaryimage\",\"url\":\"https:\\\/\\\/www.monaco-tribune.com\\\/wp-content\\\/uploads\\\/2024\\\/02\\\/permis-monaco.jpg\",\"contentUrl\":\"https:\\\/\\\/www.monaco-tribune.com\\\/wp-content\\\/uploads\\\/2024\\\/02\\\/permis-monaco.jpg\",\"width\":1200,\"height\":800,\"caption\":\"Patente monegasca \u00a9 - Monaco Tribune\"},{\"@type\":\"BreadcrumbList\",\"@id\":\"https:\\\/\\\/www.monaco-tribune.com\\\/it\\\/2025\\\/05\\\/patente-monegasca-in-italia-le-autorita-italiane-fanno-chiarezza\\\/#breadcrumb\",\"itemListElement\":[{\"@type\":\"ListItem\",\"position\":1,\"name\":\"Accueil\",\"item\":\"https:\\\/\\\/www.monaco-tribune.com\\\/it\\\/\"},{\"@type\":\"ListItem\",\"position\":2,\"name\":\"Patente monegasca in Italia: le autorit\u00e0 italiane fanno chiarezza\"}]},{\"@type\":\"WebSite\",\"@id\":\"https:\\\/\\\/www.monaco-tribune.com\\\/it\\\/#website\",\"url\":\"https:\\\/\\\/www.monaco-tribune.com\\\/it\\\/\",\"name\":\"Monaco Tribune\",\"description\":\"Monaco : actualit\u00e9s \u00e9conomiques, politiques, culturelles et sportives de Monaco et de la French Riviera.\",\"publisher\":{\"@id\":\"https:\\\/\\\/www.monaco-tribune.com\\\/it\\\/#organization\"},\"potentialAction\":[{\"@type\":\"SearchAction\",\"target\":{\"@type\":\"EntryPoint\",\"urlTemplate\":\"https:\\\/\\\/www.monaco-tribune.com\\\/it\\\/?s={search_term_string}\"},\"query-input\":{\"@type\":\"PropertyValueSpecification\",\"valueRequired\":true,\"valueName\":\"search_term_string\"}}],\"inLanguage\":\"it-IT\"},{\"@type\":\"Organization\",\"@id\":\"https:\\\/\\\/www.monaco-tribune.com\\\/it\\\/#organization\",\"name\":\"Monaco Tribune\",\"url\":\"https:\\\/\\\/www.monaco-tribune.com\\\/it\\\/\",\"logo\":{\"@type\":\"ImageObject\",\"inLanguage\":\"it-IT\",\"@id\":\"https:\\\/\\\/www.monaco-tribune.com\\\/it\\\/#\\\/schema\\\/logo\\\/image\\\/\",\"url\":\"https:\\\/\\\/www.monaco-tribune.com\\\/wp-content\\\/uploads\\\/2022\\\/11\\\/logo-monaco-tribune.png\",\"contentUrl\":\"https:\\\/\\\/www.monaco-tribune.com\\\/wp-content\\\/uploads\\\/2022\\\/11\\\/logo-monaco-tribune.png\",\"width\":1548,\"height\":600,\"caption\":\"Monaco Tribune\"},\"image\":{\"@id\":\"https:\\\/\\\/www.monaco-tribune.com\\\/it\\\/#\\\/schema\\\/logo\\\/image\\\/\"},\"sameAs\":[\"https:\\\/\\\/www.facebook.com\\\/MonacoTribune\",\"https:\\\/\\\/x.com\\\/MonacoTribune\",\"https:\\\/\\\/www.instagram.com\\\/monacotribune\\\/\",\"https:\\\/\\\/www.linkedin.com\\\/company\\\/monaco-tribune\",\"https:\\\/\\\/www.youtube.com\\\/channel\\\/UCHle1MnG6hw1y4lWKijVbMA\"]},{\"@type\":\"Person\",\"@id\":\"https:\\\/\\\/www.monaco-tribune.com\\\/it\\\/#\\\/schema\\\/person\\\/8f6ed8c063276e2397589eda5b7a2f2d\",\"name\":\"Monaco Tribune\",\"image\":{\"@type\":\"ImageObject\",\"inLanguage\":\"it-IT\",\"@id\":\"https:\\\/\\\/secure.gravatar.com\\\/avatar\\\/3010e6c5d6c8056ec1c25228fe68ea089879e5ae0de884e0247744ee988aaf6a?s=96&d=mm&r=g\",\"url\":\"https:\\\/\\\/secure.gravatar.com\\\/avatar\\\/3010e6c5d6c8056ec1c25228fe68ea089879e5ae0de884e0247744ee988aaf6a?s=96&d=mm&r=g\",\"contentUrl\":\"https:\\\/\\\/secure.gravatar.com\\\/avatar\\\/3010e6c5d6c8056ec1c25228fe68ea089879e5ae0de884e0247744ee988aaf6a?s=96&d=mm&r=g\",\"caption\":\"Monaco Tribune\"},\"url\":\"https:\\\/\\\/www.monaco-tribune.com\\\/it\\\/author\\\/monaco-tribune\\\/\"}]}<\/script>\n<!-- \/ Yoast SEO Premium plugin. -->","yoast_head_json":{"title":"Patente monegasca in Italia: le autorit\u00e0 italiane fanno chiarezza","description":"L\u2019Italia conferma ufficialmente che le patenti di guida monegasche sono valide sul proprio territorio senza bisogno di una patente internazionale,","robots":{"index":"index","follow":"follow","max-snippet":"max-snippet:-1","max-image-preview":"max-image-preview:large","max-video-preview":"max-video-preview:-1"},"canonical":"https:\/\/www.monaco-tribune.com\/it\/2025\/05\/patente-monegasca-in-italia-le-autorita-italiane-fanno-chiarezza\/","og_locale":"it_IT","og_type":"article","og_title":"Patente monegasca in Italia: le autorit\u00e0 italiane fanno chiarezza - Monaco Tribune","og_description":"L\u2019Italia conferma ufficialmente che le patenti di guida monegasche sono valide sul proprio territorio senza bisogno di una patente internazionale,","og_url":"https:\/\/www.monaco-tribune.com\/it\/2025\/05\/patente-monegasca-in-italia-le-autorita-italiane-fanno-chiarezza\/","og_site_name":"Monaco Tribune","article_publisher":"https:\/\/www.facebook.com\/MonacoTribune","article_published_time":"2025-05-16T15:45:26+00:00","article_modified_time":"2025-05-16T15:45:30+00:00","og_image":[{"width":1200,"height":800,"url":"https:\/\/www.monaco-tribune.com\/wp-content\/uploads\/2024\/02\/permis-monaco.jpg","type":"image\/jpeg"}],"author":"Monaco Tribune","twitter_card":"summary_large_image","twitter_creator":"@MonacoTribune","twitter_site":"@MonacoTribune","schema":{"@context":"https:\/\/schema.org","@graph":[{"@type":"NewsArticle","@id":"https:\/\/www.monaco-tribune.com\/it\/2025\/05\/patente-monegasca-in-italia-le-autorita-italiane-fanno-chiarezza\/#article","isPartOf":{"@id":"https:\/\/www.monaco-tribune.com\/it\/2025\/05\/patente-monegasca-in-italia-le-autorita-italiane-fanno-chiarezza\/"},"author":{"name":"Monaco Tribune","@id":"https:\/\/www.monaco-tribune.com\/it\/#\/schema\/person\/8f6ed8c063276e2397589eda5b7a2f2d"},"headline":"Patente monegasca in Italia: le autorit\u00e0 italiane fanno chiarezza","datePublished":"2025-05-16T15:45:26+00:00","dateModified":"2025-05-16T15:45:30+00:00","mainEntityOfPage":{"@id":"https:\/\/www.monaco-tribune.com\/it\/2025\/05\/patente-monegasca-in-italia-le-autorita-italiane-fanno-chiarezza\/"},"wordCount":327,"publisher":{"@id":"https:\/\/www.monaco-tribune.com\/it\/#organization"},"image":{"@id":"https:\/\/www.monaco-tribune.com\/it\/2025\/05\/patente-monegasca-in-italia-le-autorita-italiane-fanno-chiarezza\/#primaryimage"},"thumbnailUrl":"https:\/\/www.monaco-tribune.com\/wp-content\/uploads\/2024\/02\/permis-monaco.jpg","keywords":["Trasporto"],"articleSection":["Notizie","Societ\u00e0"],"inLanguage":"it-IT","copyrightYear":"2025","copyrightHolder":{"@id":"https:\/\/www.monaco-tribune.com\/#organization"}},{"@type":"WebPage","@id":"https:\/\/www.monaco-tribune.com\/it\/2025\/05\/patente-monegasca-in-italia-le-autorita-italiane-fanno-chiarezza\/","url":"https:\/\/www.monaco-tribune.com\/it\/2025\/05\/patente-monegasca-in-italia-le-autorita-italiane-fanno-chiarezza\/","name":"Patente monegasca in Italia: le autorit\u00e0 italiane fanno chiarezza","isPartOf":{"@id":"https:\/\/www.monaco-tribune.com\/it\/#website"},"primaryImageOfPage":{"@id":"https:\/\/www.monaco-tribune.com\/it\/2025\/05\/patente-monegasca-in-italia-le-autorita-italiane-fanno-chiarezza\/#primaryimage"},"image":{"@id":"https:\/\/www.monaco-tribune.com\/it\/2025\/05\/patente-monegasca-in-italia-le-autorita-italiane-fanno-chiarezza\/#primaryimage"},"thumbnailUrl":"https:\/\/www.monaco-tribune.com\/wp-content\/uploads\/2024\/02\/permis-monaco.jpg","datePublished":"2025-05-16T15:45:26+00:00","dateModified":"2025-05-16T15:45:30+00:00","description":"L\u2019Italia conferma ufficialmente che le patenti di guida monegasche sono valide sul proprio territorio senza bisogno di una patente internazionale,","breadcrumb":{"@id":"https:\/\/www.monaco-tribune.com\/it\/2025\/05\/patente-monegasca-in-italia-le-autorita-italiane-fanno-chiarezza\/#breadcrumb"},"inLanguage":"it-IT","potentialAction":[{"@type":"ReadAction","target":["https:\/\/www.monaco-tribune.com\/it\/2025\/05\/patente-monegasca-in-italia-le-autorita-italiane-fanno-chiarezza\/"]}]},{"@type":"ImageObject","inLanguage":"it-IT","@id":"https:\/\/www.monaco-tribune.com\/it\/2025\/05\/patente-monegasca-in-italia-le-autorita-italiane-fanno-chiarezza\/#primaryimage","url":"https:\/\/www.monaco-tribune.com\/wp-content\/uploads\/2024\/02\/permis-monaco.jpg","contentUrl":"https:\/\/www.monaco-tribune.com\/wp-content\/uploads\/2024\/02\/permis-monaco.jpg","width":1200,"height":800,"caption":"Patente monegasca \u00a9 - Monaco Tribune"},{"@type":"BreadcrumbList","@id":"https:\/\/www.monaco-tribune.com\/it\/2025\/05\/patente-monegasca-in-italia-le-autorita-italiane-fanno-chiarezza\/#breadcrumb","itemListElement":[{"@type":"ListItem","position":1,"name":"Accueil","item":"https:\/\/www.monaco-tribune.com\/it\/"},{"@type":"ListItem","position":2,"name":"Patente monegasca in Italia: le autorit\u00e0 italiane fanno chiarezza"}]},{"@type":"WebSite","@id":"https:\/\/www.monaco-tribune.com\/it\/#website","url":"https:\/\/www.monaco-tribune.com\/it\/","name":"Monaco Tribune","description":"Monaco : actualit\u00e9s \u00e9conomiques, politiques, culturelles et sportives de Monaco et de la French Riviera.","publisher":{"@id":"https:\/\/www.monaco-tribune.com\/it\/#organization"},"potentialAction":[{"@type":"SearchAction","target":{"@type":"EntryPoint","urlTemplate":"https:\/\/www.monaco-tribune.com\/it\/?s={search_term_string}"},"query-input":{"@type":"PropertyValueSpecification","valueRequired":true,"valueName":"search_term_string"}}],"inLanguage":"it-IT"},{"@type":"Organization","@id":"https:\/\/www.monaco-tribune.com\/it\/#organization","name":"Monaco Tribune","url":"https:\/\/www.monaco-tribune.com\/it\/","logo":{"@type":"ImageObject","inLanguage":"it-IT","@id":"https:\/\/www.monaco-tribune.com\/it\/#\/schema\/logo\/image\/","url":"https:\/\/www.monaco-tribune.com\/wp-content\/uploads\/2022\/11\/logo-monaco-tribune.png","contentUrl":"https:\/\/www.monaco-tribune.com\/wp-content\/uploads\/2022\/11\/logo-monaco-tribune.png","width":1548,"height":600,"caption":"Monaco Tribune"},"image":{"@id":"https:\/\/www.monaco-tribune.com\/it\/#\/schema\/logo\/image\/"},"sameAs":["https:\/\/www.facebook.com\/MonacoTribune","https:\/\/x.com\/MonacoTribune","https:\/\/www.instagram.com\/monacotribune\/","https:\/\/www.linkedin.com\/company\/monaco-tribune","https:\/\/www.youtube.com\/channel\/UCHle1MnG6hw1y4lWKijVbMA"]},{"@type":"Person","@id":"https:\/\/www.monaco-tribune.com\/it\/#\/schema\/person\/8f6ed8c063276e2397589eda5b7a2f2d","name":"Monaco Tribune","image":{"@type":"ImageObject","inLanguage":"it-IT","@id":"https:\/\/secure.gravatar.com\/avatar\/3010e6c5d6c8056ec1c25228fe68ea089879e5ae0de884e0247744ee988aaf6a?s=96&d=mm&r=g","url":"https:\/\/secure.gravatar.com\/avatar\/3010e6c5d6c8056ec1c25228fe68ea089879e5ae0de884e0247744ee988aaf6a?s=96&d=mm&r=g","contentUrl":"https:\/\/secure.gravatar.com\/avatar\/3010e6c5d6c8056ec1c25228fe68ea089879e5ae0de884e0247744ee988aaf6a?s=96&d=mm&r=g","caption":"Monaco Tribune"},"url":"https:\/\/www.monaco-tribune.com\/it\/author\/monaco-tribune\/"}]}},"_links":{"self":[{"href":"https:\/\/www.monaco-tribune.com\/it\/wp-json\/wp\/v2\/posts\/292870","targetHints":{"allow":["GET"]}}],"collection":[{"href":"https:\/\/www.monaco-tribune.com\/it\/wp-json\/wp\/v2\/posts"}],"about":[{"href":"https:\/\/www.monaco-tribune.com\/it\/wp-json\/wp\/v2\/types\/post"}],"author":[{"embeddable":true,"href":"https:\/\/www.monaco-tribune.com\/it\/wp-json\/wp\/v2\/users\/21"}],"replies":[{"embeddable":true,"href":"https:\/\/www.monaco-tribune.com\/it\/wp-json\/wp\/v2\/comments?post=292870"}],"version-history":[{"count":2,"href":"https:\/\/www.monaco-tribune.com\/it\/wp-json\/wp\/v2\/posts\/292870\/revisions"}],"predecessor-version":[{"id":292873,"href":"https:\/\/www.monaco-tribune.com\/it\/wp-json\/wp\/v2\/posts\/292870\/revisions\/292873"}],"wp:featuredmedia":[{"embeddable":true,"href":"https:\/\/www.monaco-tribune.com\/it\/wp-json\/wp\/v2\/media\/215682"}],"wp:attachment":[{"href":"https:\/\/www.monaco-tribune.com\/it\/wp-json\/wp\/v2\/media?parent=292870"}],"wp:term":[{"taxonomy":"category","embeddable":true,"href":"https:\/\/www.monaco-tribune.com\/it\/wp-json\/wp\/v2\/categories?post=292870"},{"taxonomy":"post_tag","embeddable":true,"href":"https:\/\/www.monaco-tribune.com\/it\/wp-json\/wp\/v2\/tags?post=292870"},{"taxonomy":"sectag","embeddable":true,"href":"https:\/\/www.monaco-tribune.com\/it\/wp-json\/wp\/v2\/post_sectags?post=292870"},{"taxonomy":"format","embeddable":true,"href":"https:\/\/www.monaco-tribune.com\/it\/wp-json\/wp\/v2\/post_format?post=292870"}],"curies":[{"name":"wp","href":"https:\/\/api.w.org\/{rel}","templated":true}]}}