{"id":294082,"date":"2025-05-23T12:31:53","date_gmt":"2025-05-23T10:31:53","guid":{"rendered":"https:\/\/www.monaco-tribune.com\/2025\/05\/come-vivono-i-monegaschi-il-gran-premio-di-monaco\/"},"modified":"2025-05-23T12:32:52","modified_gmt":"2025-05-23T10:32:52","slug":"come-vivono-i-monegaschi-il-gran-premio-di-monaco","status":"publish","type":"post","link":"https:\/\/www.monaco-tribune.com\/it\/2025\/05\/come-vivono-i-monegaschi-il-gran-premio-di-monaco\/","title":{"rendered":"Come vivono i monegaschi il Gran Premio di Monaco?"},"content":{"rendered":"\n<p><strong>Durante il weekend del Grand Prix, la popolazione del Principato si moltiplica e Monaco si mobilita per accogliere come si deve le migliaia di visitatori. Nel pieno di questa effervescenza, i residenti e i pendolari devono, ogni anno, fare uno sforzo in pi\u00f9 per adattarsi e affrontare una quotidianit\u00e0 un po\u2019 stravolta.<\/strong><\/p>\n\n\n\n<p>\u201cChe impatto ha il Gran Premio di Monaco sulla vostra vita quotidiana?\u201d \u00c8 la domanda che abbiamo posto ai nostri follower sulla nostra <a href=\"https:\/\/www.facebook.com\/MonacoTribune\">pagina Facebook<\/a>. Atmosfera festosa, strade chiuse, evento imperdibile, impossibilit\u00e0 di spostarsi\u2026 Le opinioni sono varie.<\/p>\n\n\n\n<h2 class=\"wp-block-heading\" id=\"h-un-evento-imperdibile\">Un evento imperdibile:<\/h2>\n\n\n\n<p>Punto di riferimento del calendario degli eventi del Principato, il Grand Prix \u00e8 uno dei pochi al mondo a offrire un\u2019immersione quasi totale. Per Martine, \u201c\u00e8 proprio il fascino di Monaco: spettatori da tutto il mondo, i motori che ruggiscono tra i palazzi, le serate\u2026\u201d. Molto pi\u00f9 di una corsa, per lei \u00e8 un vero e proprio simbolo.<\/p>\n\n\n<div class=\"wp-block-image\">\n<figure class=\"aligncenter size-large\"><img loading=\"lazy\" decoding=\"async\" width=\"1024\" height=\"768\" src=\"https:\/\/www.monaco-tribune.com\/wp-content\/uploads\/2024\/05\/grand-prix-de-monaco-charles-leclerc-1-1-1024x768.jpg\" alt=\"grand-prix-de-monaco-charles-leclerc-1-1\" class=\"wp-image-235095\" srcset=\"https:\/\/www.monaco-tribune.com\/wp-content\/uploads\/2024\/05\/grand-prix-de-monaco-charles-leclerc-1-1-1024x768.jpg 1024w, https:\/\/www.monaco-tribune.com\/wp-content\/uploads\/2024\/05\/grand-prix-de-monaco-charles-leclerc-1-1-400x300.jpg 400w, https:\/\/www.monaco-tribune.com\/wp-content\/uploads\/2024\/05\/grand-prix-de-monaco-charles-leclerc-1-1.jpg 1200w\" sizes=\"auto, (max-width: 1024px) 100vw, 1024px\" \/><figcaption class=\"wp-element-caption\"><em>I fan arrivano in massa con la speranza di incontrare i loro piloti preferiti \u00a9 DR<\/em><\/figcaption><\/figure>\n<\/div>\n\n\n<p>Jeannine, pensionata, \u00e8 \u201cmolto contenta del rinnovo da parte della FIA\u201d. Infatti, il Gran Premio di Monaco \u00e8 confermato almeno fino al 2031.<\/p>\n\n\n\n<blockquote class=\"wp-embedded-content\" data-secret=\"lWqiNdWh3Y\"><a href=\"https:\/\/www.monaco-tribune.com\/it\/2024\/11\/formula-1-liconico-grand-prix-di-monaco-resta-in-calendario-fino-al-2031\/\">Formula 1: l&#8217;iconico Grand Prix di Monaco resta in calendario fino al 2031<\/a><\/blockquote><iframe class=\"wp-embedded-content\" sandbox=\"allow-scripts\" security=\"restricted\" style=\"position: absolute; visibility: hidden;\" title=\"&#8220;Formula 1: l&#8217;iconico Grand Prix di Monaco resta in calendario fino al 2031&#8221; &#8212; Monaco Tribune\" src=\"https:\/\/www.monaco-tribune.com\/it\/2024\/11\/formula-1-liconico-grand-prix-di-monaco-resta-in-calendario-fino-al-2031\/embed\/#?secret=FG159TWiAR#?secret=lWqiNdWh3Y\" data-secret=\"lWqiNdWh3Y\" width=\"500\" height=\"282\" frameborder=\"0\" marginwidth=\"0\" marginheight=\"0\" scrolling=\"no\"><\/iframe>\n\n\n\n<p>Altri sottolineano anche i benefici: per V\u00e9ronique \u201c\u00e8 fantastico dal punto di vista degli eventi\u201d e secondo Evelyne il Grand Prix porta ricchezza a Monaco e i locali ne traggono vantaggio. Dav \u00e8 d\u2019accordo: \u201cquesto evento permette ai monegaschi di vivere come vivono\u201d.<\/p>\n\n\n\n<p>Sul versante sportivo, Djodje rimpiange, con un pizzico di nostalgia, i tempi in cui \u201cle gare erano combattute\u201d. Gli dispiace che i sorpassi siano diventati rari, ma l\u2019introduzione del doppio pit stop obbligatorio di quest\u2019anno potrebbe ridare un po\u2019 di brio alla corsa. Staremo a vedere\u2026<\/p>\n\n\n\n<p class=\"related\"><a href=\"https:\/\/www.monaco-tribune.com\/it\/2025\/02\/due-pit-stop-obbligatori-al-gran-premio-di-monaco-leclerc-movimentera-la-domenica\/\">Due pit stop obbligatori al Gran Premio di Monaco. Leclerc: \u201cMovimenter\u00e0 la domenica!\u201d<\/a><\/p>\n\n\n\n<p>Il Gran Premio di Monaco ha anche una forte componente affettiva. Molti abitanti ci sono particolarmente affezionati, come Cyril per esempio: \u201cCi si abitua, ormai amiamo il nostro GP\u201d, anche se aggiunge con un tocco di ironia che dopo pi\u00f9 di 50 edizioni, i residenti dovrebbero avere diritto a un bonus o almeno a dei biglietti gratis!<\/p>\n\n\n\n<h2 class=\"wp-block-heading\" id=\"h-difficolta-non-trascurabili\">Difficolt\u00e0 non trascurabili<\/h2>\n\n\n\n<p>Alcuni residenti, per\u00f2, sono un po\u2019 meno entusiasti: pu\u00f2 essere infatti un periodo complicato da gestire. Chayenne parla addirittura di un \u201cincubo\u201d, citando problemi di traffico, comportamenti incivili insoliti, rumori e sporcizia per le strade. Un disagio condiviso da altri utenti, anche se l\u2019intensit\u00e0 varia a seconda dei quartieri o delle proprie abitudini.<\/p>\n\n\n<div class=\"wp-block-image\">\n<figure class=\"aligncenter size-large\"><img loading=\"lazy\" decoding=\"async\" width=\"1024\" height=\"639\" src=\"https:\/\/www.monaco-tribune.com\/wp-content\/uploads\/2025\/02\/port-hercule-monaco-1024x639.jpg\" alt=\"port-hercule-monaco\" class=\"wp-image-278121\" srcset=\"https:\/\/www.monaco-tribune.com\/wp-content\/uploads\/2025\/02\/port-hercule-monaco-1024x639.jpg 1024w, https:\/\/www.monaco-tribune.com\/wp-content\/uploads\/2025\/02\/port-hercule-monaco-481x300.jpg 481w, https:\/\/www.monaco-tribune.com\/wp-content\/uploads\/2025\/02\/port-hercule-monaco.jpg 1200w\" sizes=\"auto, (max-width: 1024px) 100vw, 1024px\" \/><figcaption class=\"wp-element-caption\"><em>Il Port Hercule si trasforma in una vera discoteca a cielo aperto durante le 4 serate del Grand Prix \u00a9 Unsplash<\/em><\/figcaption><\/figure>\n<\/div>\n\n\n<p>Tra i problemi pi\u00f9 menzionati ci sono la difficolt\u00e0 di circolazione e di parcheggio. V\u00e9ronique nota che, per chi lavora, \u00e8 \u201cquasi impossibile parcheggiare con il motorino\u201d, e Djodje lamenta le difficolt\u00e0 negli spostamenti, in particolare con la chiusura al traffico di rue Grimaldi durante il weekend. Cyril, da parte sua, preferisce sorvolare sull\u2019argomento.<\/p>\n\n\n\n<p>Per cercare di risolvere i problemi di mobilit\u00e0, il Governo del Principe ogni anno studia varie soluzioni! Quest\u2019anno, ad esempio, \u00e8 stato introdotto un forfait giornaliero da 10\u20ac al Parking des Salines con un sistema di navette gratuite verso il centro citt\u00e0, per facilitare gli spostamenti.<\/p>\n\n\n\n<p class=\"related\"><a href=\"https:\/\/www.monaco-tribune.com\/it\/2025\/05\/gran-premio-di-monaco-2025-come-raggiungere-il-circuito-e-come-muoversi-in-citta\/\">Gran Premio di Monaco 2025: come raggiungere il circuito e come muoversi in citt\u00e0<\/a><\/p>\n\n\n\n<p>Ma non tutti vivono questo periodo allo stesso modo. Isabelle, residente a Fontvieille, lo considera addirittura un momento di tregua: \u201c\u00c8 il periodo pi\u00f9 tranquillo dell\u2019anno! C\u2019\u00e8 poca gente al Carrefour, per noi \u00e8 come essere in vacanza.\u201d<\/p>\n\n\n\n<p>Il Grand Prix non lascia nessuno indifferente. C\u2019\u00e8 chi lo adora e chi lo sopporta a fatica, ma una cosa \u00e8 certa: \u00e8 un momento unico dell\u2019anno. Tra orgoglio, spirito di adattamento e, ogni tanto, un po\u2019 di esasperazione, i monegaschi continuano ogni anno a farci i conti\u2026 e, perch\u00e9 no, anche a goderselo.<\/p>\n\n\n\n<p><\/p>\n","protected":false},"excerpt":{"rendered":"<p>Durante il weekend del Grand Prix, la popolazione del Principato si moltiplica e Monaco si mobilita per accogliere come si [&hellip;]<\/p>\n","protected":false},"author":81,"featured_media":233853,"comment_status":"closed","ping_status":"closed","sticky":false,"template":"","format":"standard","meta":{"_acf_changed":false,"footnotes":""},"categories":[1740,1826,2433,1738],"tags":[3949],"post_sectags":[],"post_format":[2482],"class_list":["post-294082","post","type-post","status-publish","format-standard","has-post-thumbnail","hentry","category-cosa-fare","category-la-nostra-scelta","category-le-vostre-opinioni","category-notizie","tag-gran-premio-di-monaco","format-sondaggio"],"acf":[],"yoast_head":"<!-- This site is optimized with the Yoast SEO Premium plugin v26.8 (Yoast SEO v27.4) - https:\/\/yoast.com\/product\/yoast-seo-premium-wordpress\/ -->\n<title>Come vivono i monegaschi il Gran Premio di Monaco?<\/title>\n<meta name=\"description\" content=\"Durante il weekend del Grand Prix, la popolazione del Principato si moltiplica e Monaco si mobilita per accogliere come si deve le migliaia di visitatori.\" \/>\n<meta name=\"robots\" content=\"index, follow, max-snippet:-1, max-image-preview:large, max-video-preview:-1\" \/>\n<link rel=\"canonical\" href=\"https:\/\/www.monaco-tribune.com\/it\/2025\/05\/come-vivono-i-monegaschi-il-gran-premio-di-monaco\/\" \/>\n<meta property=\"og:locale\" content=\"it_IT\" \/>\n<meta property=\"og:type\" content=\"article\" \/>\n<meta property=\"og:title\" content=\"Come vivono i monegaschi il Gran Premio di Monaco? - Monaco Tribune\" \/>\n<meta property=\"og:description\" content=\"Durante il weekend del Grand Prix, la popolazione del Principato si moltiplica e Monaco si mobilita per accogliere come si deve le migliaia di visitatori.\" \/>\n<meta property=\"og:url\" content=\"https:\/\/www.monaco-tribune.com\/it\/2025\/05\/come-vivono-i-monegaschi-il-gran-premio-di-monaco\/\" \/>\n<meta property=\"og:site_name\" content=\"Monaco Tribune\" \/>\n<meta property=\"article:publisher\" content=\"https:\/\/www.facebook.com\/MonacoTribune\" \/>\n<meta property=\"article:published_time\" content=\"2025-05-23T10:31:53+00:00\" \/>\n<meta property=\"article:modified_time\" content=\"2025-05-23T10:32:52+00:00\" \/>\n<meta property=\"og:image\" content=\"https:\/\/www.monaco-tribune.com\/wp-content\/uploads\/2024\/05\/le-grand-prix-de-formule-1-de-monaco-2024-demarre-ce-jeudi-23-mai-et-se-termine-le-dimanche-26-mai-1.jpg\" \/>\n\t<meta property=\"og:image:width\" content=\"799\" \/>\n\t<meta property=\"og:image:height\" content=\"533\" \/>\n\t<meta property=\"og:image:type\" content=\"image\/jpeg\" \/>\n<meta name=\"author\" content=\"Lo\u00efc Savaresse\" \/>\n<meta name=\"twitter:card\" content=\"summary_large_image\" \/>\n<meta name=\"twitter:creator\" content=\"@MonacoTribune\" \/>\n<meta name=\"twitter:site\" content=\"@MonacoTribune\" \/>\n<script type=\"application\/ld+json\" class=\"yoast-schema-graph\">{\"@context\":\"https:\\\/\\\/schema.org\",\"@graph\":[{\"@type\":\"NewsArticle\",\"@id\":\"https:\\\/\\\/www.monaco-tribune.com\\\/it\\\/2025\\\/05\\\/come-vivono-i-monegaschi-il-gran-premio-di-monaco\\\/#article\",\"isPartOf\":{\"@id\":\"https:\\\/\\\/www.monaco-tribune.com\\\/it\\\/2025\\\/05\\\/come-vivono-i-monegaschi-il-gran-premio-di-monaco\\\/\"},\"author\":{\"name\":\"Lo\u00efc Savaresse\",\"@id\":\"https:\\\/\\\/www.monaco-tribune.com\\\/it\\\/#\\\/schema\\\/person\\\/038be413d70c68969e8c6013f2520a39\"},\"headline\":\"Come vivono i monegaschi il Gran Premio di Monaco?\",\"datePublished\":\"2025-05-23T10:31:53+00:00\",\"dateModified\":\"2025-05-23T10:32:52+00:00\",\"mainEntityOfPage\":{\"@id\":\"https:\\\/\\\/www.monaco-tribune.com\\\/it\\\/2025\\\/05\\\/come-vivono-i-monegaschi-il-gran-premio-di-monaco\\\/\"},\"wordCount\":638,\"publisher\":{\"@id\":\"https:\\\/\\\/www.monaco-tribune.com\\\/it\\\/#organization\"},\"image\":{\"@id\":\"https:\\\/\\\/www.monaco-tribune.com\\\/it\\\/2025\\\/05\\\/come-vivono-i-monegaschi-il-gran-premio-di-monaco\\\/#primaryimage\"},\"thumbnailUrl\":\"https:\\\/\\\/www.monaco-tribune.com\\\/wp-content\\\/uploads\\\/2024\\\/05\\\/le-grand-prix-de-formule-1-de-monaco-2024-demarre-ce-jeudi-23-mai-et-se-termine-le-dimanche-26-mai-1.jpg\",\"keywords\":[\"Gran Premio di Monaco\"],\"articleSection\":[\"Cosa fare\",\"La nostra scelta\",\"Le vostre opinioni\",\"Notizie\"],\"inLanguage\":\"it-IT\",\"copyrightYear\":\"2025\",\"copyrightHolder\":{\"@id\":\"https:\\\/\\\/www.monaco-tribune.com\\\/#organization\"}},{\"@type\":\"WebPage\",\"@id\":\"https:\\\/\\\/www.monaco-tribune.com\\\/it\\\/2025\\\/05\\\/come-vivono-i-monegaschi-il-gran-premio-di-monaco\\\/\",\"url\":\"https:\\\/\\\/www.monaco-tribune.com\\\/it\\\/2025\\\/05\\\/come-vivono-i-monegaschi-il-gran-premio-di-monaco\\\/\",\"name\":\"Come vivono i monegaschi il Gran Premio di Monaco?\",\"isPartOf\":{\"@id\":\"https:\\\/\\\/www.monaco-tribune.com\\\/it\\\/#website\"},\"primaryImageOfPage\":{\"@id\":\"https:\\\/\\\/www.monaco-tribune.com\\\/it\\\/2025\\\/05\\\/come-vivono-i-monegaschi-il-gran-premio-di-monaco\\\/#primaryimage\"},\"image\":{\"@id\":\"https:\\\/\\\/www.monaco-tribune.com\\\/it\\\/2025\\\/05\\\/come-vivono-i-monegaschi-il-gran-premio-di-monaco\\\/#primaryimage\"},\"thumbnailUrl\":\"https:\\\/\\\/www.monaco-tribune.com\\\/wp-content\\\/uploads\\\/2024\\\/05\\\/le-grand-prix-de-formule-1-de-monaco-2024-demarre-ce-jeudi-23-mai-et-se-termine-le-dimanche-26-mai-1.jpg\",\"datePublished\":\"2025-05-23T10:31:53+00:00\",\"dateModified\":\"2025-05-23T10:32:52+00:00\",\"description\":\"Durante il weekend del Grand Prix, la popolazione del Principato si moltiplica e Monaco si mobilita per accogliere come si deve le migliaia di visitatori.\",\"breadcrumb\":{\"@id\":\"https:\\\/\\\/www.monaco-tribune.com\\\/it\\\/2025\\\/05\\\/come-vivono-i-monegaschi-il-gran-premio-di-monaco\\\/#breadcrumb\"},\"inLanguage\":\"it-IT\",\"potentialAction\":[{\"@type\":\"ReadAction\",\"target\":[\"https:\\\/\\\/www.monaco-tribune.com\\\/it\\\/2025\\\/05\\\/come-vivono-i-monegaschi-il-gran-premio-di-monaco\\\/\"]}]},{\"@type\":\"ImageObject\",\"inLanguage\":\"it-IT\",\"@id\":\"https:\\\/\\\/www.monaco-tribune.com\\\/it\\\/2025\\\/05\\\/come-vivono-i-monegaschi-il-gran-premio-di-monaco\\\/#primaryimage\",\"url\":\"https:\\\/\\\/www.monaco-tribune.com\\\/wp-content\\\/uploads\\\/2024\\\/05\\\/le-grand-prix-de-formule-1-de-monaco-2024-demarre-ce-jeudi-23-mai-et-se-termine-le-dimanche-26-mai-1.jpg\",\"contentUrl\":\"https:\\\/\\\/www.monaco-tribune.com\\\/wp-content\\\/uploads\\\/2024\\\/05\\\/le-grand-prix-de-formule-1-de-monaco-2024-demarre-ce-jeudi-23-mai-et-se-termine-le-dimanche-26-mai-1.jpg\",\"width\":799,\"height\":533,\"caption\":\"Il Principato si trasforma per 4 giorni \u00a9 Automobile Club de Monaco\"},{\"@type\":\"BreadcrumbList\",\"@id\":\"https:\\\/\\\/www.monaco-tribune.com\\\/it\\\/2025\\\/05\\\/come-vivono-i-monegaschi-il-gran-premio-di-monaco\\\/#breadcrumb\",\"itemListElement\":[{\"@type\":\"ListItem\",\"position\":1,\"name\":\"Accueil\",\"item\":\"https:\\\/\\\/www.monaco-tribune.com\\\/it\\\/\"},{\"@type\":\"ListItem\",\"position\":2,\"name\":\"Come vivono i monegaschi il Gran Premio di Monaco?\"}]},{\"@type\":\"WebSite\",\"@id\":\"https:\\\/\\\/www.monaco-tribune.com\\\/it\\\/#website\",\"url\":\"https:\\\/\\\/www.monaco-tribune.com\\\/it\\\/\",\"name\":\"Monaco Tribune\",\"description\":\"Monaco : actualit\u00e9s \u00e9conomiques, politiques, culturelles et sportives de Monaco et de la French Riviera.\",\"publisher\":{\"@id\":\"https:\\\/\\\/www.monaco-tribune.com\\\/it\\\/#organization\"},\"potentialAction\":[{\"@type\":\"SearchAction\",\"target\":{\"@type\":\"EntryPoint\",\"urlTemplate\":\"https:\\\/\\\/www.monaco-tribune.com\\\/it\\\/?s={search_term_string}\"},\"query-input\":{\"@type\":\"PropertyValueSpecification\",\"valueRequired\":true,\"valueName\":\"search_term_string\"}}],\"inLanguage\":\"it-IT\"},{\"@type\":\"Organization\",\"@id\":\"https:\\\/\\\/www.monaco-tribune.com\\\/it\\\/#organization\",\"name\":\"Monaco Tribune\",\"url\":\"https:\\\/\\\/www.monaco-tribune.com\\\/it\\\/\",\"logo\":{\"@type\":\"ImageObject\",\"inLanguage\":\"it-IT\",\"@id\":\"https:\\\/\\\/www.monaco-tribune.com\\\/it\\\/#\\\/schema\\\/logo\\\/image\\\/\",\"url\":\"https:\\\/\\\/www.monaco-tribune.com\\\/wp-content\\\/uploads\\\/2022\\\/11\\\/logo-monaco-tribune.png\",\"contentUrl\":\"https:\\\/\\\/www.monaco-tribune.com\\\/wp-content\\\/uploads\\\/2022\\\/11\\\/logo-monaco-tribune.png\",\"width\":1548,\"height\":600,\"caption\":\"Monaco Tribune\"},\"image\":{\"@id\":\"https:\\\/\\\/www.monaco-tribune.com\\\/it\\\/#\\\/schema\\\/logo\\\/image\\\/\"},\"sameAs\":[\"https:\\\/\\\/www.facebook.com\\\/MonacoTribune\",\"https:\\\/\\\/x.com\\\/MonacoTribune\",\"https:\\\/\\\/www.instagram.com\\\/monacotribune\\\/\",\"https:\\\/\\\/www.linkedin.com\\\/company\\\/monaco-tribune\",\"https:\\\/\\\/www.youtube.com\\\/channel\\\/UCHle1MnG6hw1y4lWKijVbMA\"]},{\"@type\":\"Person\",\"@id\":\"https:\\\/\\\/www.monaco-tribune.com\\\/it\\\/#\\\/schema\\\/person\\\/038be413d70c68969e8c6013f2520a39\",\"name\":\"Lo\u00efc Savaresse\",\"image\":{\"@type\":\"ImageObject\",\"inLanguage\":\"it-IT\",\"@id\":\"https:\\\/\\\/secure.gravatar.com\\\/avatar\\\/f6455af3179531c6fa982f7fbf5b31fba068c938a5ce7786e5fb7d84a2393df0?s=96&d=mm&r=g\",\"url\":\"https:\\\/\\\/secure.gravatar.com\\\/avatar\\\/f6455af3179531c6fa982f7fbf5b31fba068c938a5ce7786e5fb7d84a2393df0?s=96&d=mm&r=g\",\"contentUrl\":\"https:\\\/\\\/secure.gravatar.com\\\/avatar\\\/f6455af3179531c6fa982f7fbf5b31fba068c938a5ce7786e5fb7d84a2393df0?s=96&d=mm&r=g\",\"caption\":\"Lo\u00efc Savaresse\"},\"url\":\"https:\\\/\\\/www.monaco-tribune.com\\\/it\\\/author\\\/loicsavaresse\\\/\"}]}<\/script>\n<!-- \/ Yoast SEO Premium plugin. -->","yoast_head_json":{"title":"Come vivono i monegaschi il Gran Premio di Monaco?","description":"Durante il weekend del Grand Prix, la popolazione del Principato si moltiplica e Monaco si mobilita per accogliere come si deve le migliaia di visitatori.","robots":{"index":"index","follow":"follow","max-snippet":"max-snippet:-1","max-image-preview":"max-image-preview:large","max-video-preview":"max-video-preview:-1"},"canonical":"https:\/\/www.monaco-tribune.com\/it\/2025\/05\/come-vivono-i-monegaschi-il-gran-premio-di-monaco\/","og_locale":"it_IT","og_type":"article","og_title":"Come vivono i monegaschi il Gran Premio di Monaco? - Monaco Tribune","og_description":"Durante il weekend del Grand Prix, la popolazione del Principato si moltiplica e Monaco si mobilita per accogliere come si deve le migliaia di visitatori.","og_url":"https:\/\/www.monaco-tribune.com\/it\/2025\/05\/come-vivono-i-monegaschi-il-gran-premio-di-monaco\/","og_site_name":"Monaco Tribune","article_publisher":"https:\/\/www.facebook.com\/MonacoTribune","article_published_time":"2025-05-23T10:31:53+00:00","article_modified_time":"2025-05-23T10:32:52+00:00","og_image":[{"width":799,"height":533,"url":"https:\/\/www.monaco-tribune.com\/wp-content\/uploads\/2024\/05\/le-grand-prix-de-formule-1-de-monaco-2024-demarre-ce-jeudi-23-mai-et-se-termine-le-dimanche-26-mai-1.jpg","type":"image\/jpeg"}],"author":"Lo\u00efc Savaresse","twitter_card":"summary_large_image","twitter_creator":"@MonacoTribune","twitter_site":"@MonacoTribune","schema":{"@context":"https:\/\/schema.org","@graph":[{"@type":"NewsArticle","@id":"https:\/\/www.monaco-tribune.com\/it\/2025\/05\/come-vivono-i-monegaschi-il-gran-premio-di-monaco\/#article","isPartOf":{"@id":"https:\/\/www.monaco-tribune.com\/it\/2025\/05\/come-vivono-i-monegaschi-il-gran-premio-di-monaco\/"},"author":{"name":"Lo\u00efc Savaresse","@id":"https:\/\/www.monaco-tribune.com\/it\/#\/schema\/person\/038be413d70c68969e8c6013f2520a39"},"headline":"Come vivono i monegaschi il Gran Premio di Monaco?","datePublished":"2025-05-23T10:31:53+00:00","dateModified":"2025-05-23T10:32:52+00:00","mainEntityOfPage":{"@id":"https:\/\/www.monaco-tribune.com\/it\/2025\/05\/come-vivono-i-monegaschi-il-gran-premio-di-monaco\/"},"wordCount":638,"publisher":{"@id":"https:\/\/www.monaco-tribune.com\/it\/#organization"},"image":{"@id":"https:\/\/www.monaco-tribune.com\/it\/2025\/05\/come-vivono-i-monegaschi-il-gran-premio-di-monaco\/#primaryimage"},"thumbnailUrl":"https:\/\/www.monaco-tribune.com\/wp-content\/uploads\/2024\/05\/le-grand-prix-de-formule-1-de-monaco-2024-demarre-ce-jeudi-23-mai-et-se-termine-le-dimanche-26-mai-1.jpg","keywords":["Gran Premio di Monaco"],"articleSection":["Cosa fare","La nostra scelta","Le vostre opinioni","Notizie"],"inLanguage":"it-IT","copyrightYear":"2025","copyrightHolder":{"@id":"https:\/\/www.monaco-tribune.com\/#organization"}},{"@type":"WebPage","@id":"https:\/\/www.monaco-tribune.com\/it\/2025\/05\/come-vivono-i-monegaschi-il-gran-premio-di-monaco\/","url":"https:\/\/www.monaco-tribune.com\/it\/2025\/05\/come-vivono-i-monegaschi-il-gran-premio-di-monaco\/","name":"Come vivono i monegaschi il Gran Premio di Monaco?","isPartOf":{"@id":"https:\/\/www.monaco-tribune.com\/it\/#website"},"primaryImageOfPage":{"@id":"https:\/\/www.monaco-tribune.com\/it\/2025\/05\/come-vivono-i-monegaschi-il-gran-premio-di-monaco\/#primaryimage"},"image":{"@id":"https:\/\/www.monaco-tribune.com\/it\/2025\/05\/come-vivono-i-monegaschi-il-gran-premio-di-monaco\/#primaryimage"},"thumbnailUrl":"https:\/\/www.monaco-tribune.com\/wp-content\/uploads\/2024\/05\/le-grand-prix-de-formule-1-de-monaco-2024-demarre-ce-jeudi-23-mai-et-se-termine-le-dimanche-26-mai-1.jpg","datePublished":"2025-05-23T10:31:53+00:00","dateModified":"2025-05-23T10:32:52+00:00","description":"Durante il weekend del Grand Prix, la popolazione del Principato si moltiplica e Monaco si mobilita per accogliere come si deve le migliaia di visitatori.","breadcrumb":{"@id":"https:\/\/www.monaco-tribune.com\/it\/2025\/05\/come-vivono-i-monegaschi-il-gran-premio-di-monaco\/#breadcrumb"},"inLanguage":"it-IT","potentialAction":[{"@type":"ReadAction","target":["https:\/\/www.monaco-tribune.com\/it\/2025\/05\/come-vivono-i-monegaschi-il-gran-premio-di-monaco\/"]}]},{"@type":"ImageObject","inLanguage":"it-IT","@id":"https:\/\/www.monaco-tribune.com\/it\/2025\/05\/come-vivono-i-monegaschi-il-gran-premio-di-monaco\/#primaryimage","url":"https:\/\/www.monaco-tribune.com\/wp-content\/uploads\/2024\/05\/le-grand-prix-de-formule-1-de-monaco-2024-demarre-ce-jeudi-23-mai-et-se-termine-le-dimanche-26-mai-1.jpg","contentUrl":"https:\/\/www.monaco-tribune.com\/wp-content\/uploads\/2024\/05\/le-grand-prix-de-formule-1-de-monaco-2024-demarre-ce-jeudi-23-mai-et-se-termine-le-dimanche-26-mai-1.jpg","width":799,"height":533,"caption":"Il Principato si trasforma per 4 giorni \u00a9 Automobile Club de Monaco"},{"@type":"BreadcrumbList","@id":"https:\/\/www.monaco-tribune.com\/it\/2025\/05\/come-vivono-i-monegaschi-il-gran-premio-di-monaco\/#breadcrumb","itemListElement":[{"@type":"ListItem","position":1,"name":"Accueil","item":"https:\/\/www.monaco-tribune.com\/it\/"},{"@type":"ListItem","position":2,"name":"Come vivono i monegaschi il Gran Premio di Monaco?"}]},{"@type":"WebSite","@id":"https:\/\/www.monaco-tribune.com\/it\/#website","url":"https:\/\/www.monaco-tribune.com\/it\/","name":"Monaco Tribune","description":"Monaco : actualit\u00e9s \u00e9conomiques, politiques, culturelles et sportives de Monaco et de la French Riviera.","publisher":{"@id":"https:\/\/www.monaco-tribune.com\/it\/#organization"},"potentialAction":[{"@type":"SearchAction","target":{"@type":"EntryPoint","urlTemplate":"https:\/\/www.monaco-tribune.com\/it\/?s={search_term_string}"},"query-input":{"@type":"PropertyValueSpecification","valueRequired":true,"valueName":"search_term_string"}}],"inLanguage":"it-IT"},{"@type":"Organization","@id":"https:\/\/www.monaco-tribune.com\/it\/#organization","name":"Monaco Tribune","url":"https:\/\/www.monaco-tribune.com\/it\/","logo":{"@type":"ImageObject","inLanguage":"it-IT","@id":"https:\/\/www.monaco-tribune.com\/it\/#\/schema\/logo\/image\/","url":"https:\/\/www.monaco-tribune.com\/wp-content\/uploads\/2022\/11\/logo-monaco-tribune.png","contentUrl":"https:\/\/www.monaco-tribune.com\/wp-content\/uploads\/2022\/11\/logo-monaco-tribune.png","width":1548,"height":600,"caption":"Monaco Tribune"},"image":{"@id":"https:\/\/www.monaco-tribune.com\/it\/#\/schema\/logo\/image\/"},"sameAs":["https:\/\/www.facebook.com\/MonacoTribune","https:\/\/x.com\/MonacoTribune","https:\/\/www.instagram.com\/monacotribune\/","https:\/\/www.linkedin.com\/company\/monaco-tribune","https:\/\/www.youtube.com\/channel\/UCHle1MnG6hw1y4lWKijVbMA"]},{"@type":"Person","@id":"https:\/\/www.monaco-tribune.com\/it\/#\/schema\/person\/038be413d70c68969e8c6013f2520a39","name":"Lo\u00efc Savaresse","image":{"@type":"ImageObject","inLanguage":"it-IT","@id":"https:\/\/secure.gravatar.com\/avatar\/f6455af3179531c6fa982f7fbf5b31fba068c938a5ce7786e5fb7d84a2393df0?s=96&d=mm&r=g","url":"https:\/\/secure.gravatar.com\/avatar\/f6455af3179531c6fa982f7fbf5b31fba068c938a5ce7786e5fb7d84a2393df0?s=96&d=mm&r=g","contentUrl":"https:\/\/secure.gravatar.com\/avatar\/f6455af3179531c6fa982f7fbf5b31fba068c938a5ce7786e5fb7d84a2393df0?s=96&d=mm&r=g","caption":"Lo\u00efc Savaresse"},"url":"https:\/\/www.monaco-tribune.com\/it\/author\/loicsavaresse\/"}]}},"_links":{"self":[{"href":"https:\/\/www.monaco-tribune.com\/it\/wp-json\/wp\/v2\/posts\/294082","targetHints":{"allow":["GET"]}}],"collection":[{"href":"https:\/\/www.monaco-tribune.com\/it\/wp-json\/wp\/v2\/posts"}],"about":[{"href":"https:\/\/www.monaco-tribune.com\/it\/wp-json\/wp\/v2\/types\/post"}],"author":[{"embeddable":true,"href":"https:\/\/www.monaco-tribune.com\/it\/wp-json\/wp\/v2\/users\/81"}],"replies":[{"embeddable":true,"href":"https:\/\/www.monaco-tribune.com\/it\/wp-json\/wp\/v2\/comments?post=294082"}],"version-history":[{"count":2,"href":"https:\/\/www.monaco-tribune.com\/it\/wp-json\/wp\/v2\/posts\/294082\/revisions"}],"predecessor-version":[{"id":294086,"href":"https:\/\/www.monaco-tribune.com\/it\/wp-json\/wp\/v2\/posts\/294082\/revisions\/294086"}],"wp:featuredmedia":[{"embeddable":true,"href":"https:\/\/www.monaco-tribune.com\/it\/wp-json\/wp\/v2\/media\/233853"}],"wp:attachment":[{"href":"https:\/\/www.monaco-tribune.com\/it\/wp-json\/wp\/v2\/media?parent=294082"}],"wp:term":[{"taxonomy":"category","embeddable":true,"href":"https:\/\/www.monaco-tribune.com\/it\/wp-json\/wp\/v2\/categories?post=294082"},{"taxonomy":"post_tag","embeddable":true,"href":"https:\/\/www.monaco-tribune.com\/it\/wp-json\/wp\/v2\/tags?post=294082"},{"taxonomy":"sectag","embeddable":true,"href":"https:\/\/www.monaco-tribune.com\/it\/wp-json\/wp\/v2\/post_sectags?post=294082"},{"taxonomy":"format","embeddable":true,"href":"https:\/\/www.monaco-tribune.com\/it\/wp-json\/wp\/v2\/post_format?post=294082"}],"curies":[{"name":"wp","href":"https:\/\/api.w.org\/{rel}","templated":true}]}}